{"id":37114,"date":"2025-04-01T13:52:12","date_gmt":"2025-04-01T13:52:12","guid":{"rendered":"https:\/\/www.public.sn\/?p=37114"},"modified":"2025-04-01T13:52:16","modified_gmt":"2025-04-01T13:52:16","slug":"can-u17-le-senegal-defie-la-gambie-pour-son-entree-en-lice","status":"publish","type":"post","link":"https:\/\/www.public.sn\/index.php\/2025\/04\/01\/can-u17-le-senegal-defie-la-gambie-pour-son-entree-en-lice\/","title":{"rendered":"CAN U17 : Le S\u00e9n\u00e9gal d\u00e9fie la Gambie pour son entr\u00e9e en lice"},"content":{"rendered":"\n<p>L&rsquo;\u00e9quipe nationale du S\u00e9n\u00e9gal des moins de 17 ans entame ce mardi sa campagne dans la Coupe d&rsquo;Afrique des Nations U17 en affrontant la Gambie au stade El Abdi d&rsquo;El Jadida, au Maroc. Coup d&rsquo;envoi pr\u00e9vu \u00e0 14h00 GMT pour ce duel ouest-africain qui s&rsquo;annonce disput\u00e9.<\/p><div class=\"publi-paragraphe1\" style=\"margin-top: 10px;margin-bottom: 10px;margin-left: auto;margin-right: auto;text-align: center;\" id=\"publi-2156503041\"><div class=\"publi-adlabel\">Publicit\u00e9<\/div><script async src=\"\/\/pagead2.googlesyndication.com\/pagead\/js\/adsbygoogle.js?client=ca-pub-4089586018074219\" crossorigin=\"anonymous\"><\/script><ins class=\"adsbygoogle\" style=\"display:block;\" data-ad-client=\"ca-pub-4089586018074219\" \ndata-ad-slot=\"2087940154\" \ndata-ad-format=\"auto\"><\/ins>\n<script> \n(adsbygoogle = window.adsbygoogle || []).push({}); \n<\/script>\n<\/div>\n\n\n\n<h3 class=\"wp-block-heading\">Un derby sous haute tension<\/h3>\n\n\n\n<p>Champion d&rsquo;Afrique en titre, le S\u00e9n\u00e9gal aborde cette rencontre avec l&rsquo;objectif de d\u00e9fendre son sacre et de bien d\u00e9marrer son tournoi. Face aux Lionceaux, la Gambie ne compte pas faire de la figuration et esp\u00e8re jouer les trouble-f\u00eates. Ce derby s&rsquo;inscrit dans une rivalit\u00e9 r\u00e9gionale historique, promettant un match intense et ind\u00e9cis.<\/p>\n\n\n\n<h3 class=\"wp-block-heading\">Des Lionceaux en mission<\/h3>\n\n\n\n<p>Les jeunes Lions de la T\u00e9ranga, dirig\u00e9s par leur s\u00e9lectionneur, misent sur un effectif talentueux et bien pr\u00e9par\u00e9. Avec une pr\u00e9paration rigoureuse et un effectif en pleine confiance, ils veulent confirmer leur statut de favoris dans cette comp\u00e9tition. La s\u00e9lection gambienne, quant \u00e0 elle, mise sur sa solidit\u00e9 d\u00e9fensive et sa rapidit\u00e9 en contre-attaque pour contrer l&rsquo;armada offensive s\u00e9n\u00e9galaise.<\/p>\n\n\n\n<h3 class=\"wp-block-heading\">Un enjeu majeur pour la suite du tournoi<\/h3>\n\n\n\n<p>Une victoire lors de cette premi\u00e8re rencontre permettrait aux Lionceaux de se positionner id\u00e9alement pour la suite de la phase de groupes et d&rsquo;envoyer un message fort \u00e0 la concurrence. Les supporters s\u00e9n\u00e9galais attendent avec impatience de voir leur \u00e9quipe entrer en action et esp\u00e8rent un succ\u00e8s convaincant.<\/p>\n\n\n\n<p>Le match s&rsquo;annonce palpitant, et tous les regards seront tourn\u00e9s vers El Jadida pour voir si le S\u00e9n\u00e9gal parviendra \u00e0 prendre un bon d\u00e9part dans cette CAN U17.<\/p>\n<div class=\"publi-apres-le-contenu\" style=\"margin-top: 10px;margin-bottom: 10px;margin-left: auto;margin-right: auto;text-align: center;\" id=\"publi-3759916065\"><div class=\"publi-adlabel\">Publicit\u00e9<\/div><script async src=\"\/\/pagead2.googlesyndication.com\/pagead\/js\/adsbygoogle.js?client=ca-pub-4089586018074219\" crossorigin=\"anonymous\"><\/script><ins class=\"adsbygoogle\" style=\"display:block;\" data-ad-client=\"ca-pub-4089586018074219\" \ndata-ad-slot=\"2087940154\" \ndata-ad-format=\"auto\"><\/ins>\n<script> \n(adsbygoogle = window.adsbygoogle || []).push({}); \n<\/script>\n<\/div>","protected":false},"excerpt":{"rendered":"<p>L&rsquo;\u00e9quipe nationale du S\u00e9n\u00e9gal des moins de 17 ans entame ce mardi sa campagne dans la Coupe d&rsquo;Afrique des Nations U17 en affrontant la Gambie au stade El Abdi d&rsquo;El Jadida, au Maroc. Coup d&rsquo;envoi pr\u00e9vu \u00e0 14h00 GMT pour ce duel ouest-africain qui s&rsquo;annonce disput\u00e9. Un derby sous haute tension Champion d&rsquo;Afrique en titre, le S\u00e9n\u00e9gal aborde cette rencontre avec l&rsquo;objectif de d\u00e9fendre son sacre et de bien d\u00e9marrer son tournoi. Face aux Lionceaux, la Gambie ne compte pas faire de la figuration et esp\u00e8re jouer les trouble-f\u00eates. Ce derby s&rsquo;inscrit dans une rivalit\u00e9 r\u00e9gionale historique, promettant un match intense et ind\u00e9cis. Des Lionceaux en mission Les jeunes Lions de la T\u00e9ranga, dirig\u00e9s par leur s\u00e9lectionneur, misent sur un effectif talentueux et bien pr\u00e9par\u00e9. Avec une pr\u00e9paration rigoureuse et un effectif en pleine confiance, ils veulent confirmer leur statut de favoris dans cette comp\u00e9tition. La s\u00e9lection gambienne, quant \u00e0 elle, mise sur sa solidit\u00e9 d\u00e9fensive et sa rapidit\u00e9 en contre-attaque pour contrer l&rsquo;armada offensive s\u00e9n\u00e9galaise. Un enjeu majeur pour la suite du tournoi Une victoire lors de cette premi\u00e8re rencontre permettrait aux Lionceaux de se positionner id\u00e9alement pour la suite de la phase de groupes et d&rsquo;envoyer un message fort \u00e0 la concurrence. Les supporters s\u00e9n\u00e9galais attendent avec impatience de voir leur \u00e9quipe entrer en action et esp\u00e8rent un succ\u00e8s convaincant. Le match s&rsquo;annonce palpitant, et tous les regards seront tourn\u00e9s vers El Jadida pour voir si le S\u00e9n\u00e9gal parviendra \u00e0 prendre un bon d\u00e9part dans cette CAN U17.<\/p>\n","protected":false},"author":1,"featured_media":37115,"comment_status":"open","ping_status":"open","sticky":false,"template":"","format":"standard","meta":{"_jetpack_memberships_contains_paid_content":false,"footnotes":""},"categories":[375,3412,1,7],"tags":[3862,766],"class_list":["post-37114","post","type-post","status-publish","format-standard","has-post-thumbnail","hentry","category-actualites","category-football","category-non-classe","category-sport","tag-gambie","tag-senegal","entry","has-media","owp-thumbs-layout-horizontal","owp-btn-normal","owp-tabs-layout-horizontal","has-no-thumbnails","has-product-nav"],"yoast_head":"<!-- This site is optimized with the Yoast SEO plugin v25.5 - https:\/\/yoast.com\/wordpress\/plugins\/seo\/ -->\n<title>CAN U17 : Le S\u00e9n\u00e9gal d\u00e9fie la Gambie pour son entr\u00e9e en lice - LE PUBLIC<\/title>\n<meta name=\"description\" content=\"L&#039;\u00e9quipe nationale du S\u00e9n\u00e9gal des moins de 17 ans entame ce mardi sa campagne dans la Coupe d&#039;Afrique des Nations U17 en affrontant la Gambie au stade El Abdi d&#039;El Jadida, au Maroc. Coup d&#039;envoi pr\u00e9vu \u00e0 14h00 GMT pour ce duel ouest-africain qui s&#039;annonce disput\u00e9.\" \/>\n<meta name=\"robots\" content=\"index, follow, max-snippet:-1, max-image-preview:large, max-video-preview:-1\" \/>\n<link rel=\"canonical\" href=\"https:\/\/www.public.sn\/index.php\/2025\/04\/01\/can-u17-le-senegal-defie-la-gambie-pour-son-entree-en-lice\/\" \/>\n<meta property=\"og:locale\" content=\"fr_FR\" \/>\n<meta property=\"og:type\" content=\"article\" \/>\n<meta property=\"og:title\" content=\"CAN U17 : Le S\u00e9n\u00e9gal d\u00e9fie la Gambie pour son entr\u00e9e en lice - LE PUBLIC\" \/>\n<meta property=\"og:description\" content=\"L&#039;\u00e9quipe nationale du S\u00e9n\u00e9gal des moins de 17 ans entame ce mardi sa campagne dans la Coupe d&#039;Afrique des Nations U17 en affrontant la Gambie au stade El Abdi d&#039;El Jadida, au Maroc. Coup d&#039;envoi pr\u00e9vu \u00e0 14h00 GMT pour ce duel ouest-africain qui s&#039;annonce disput\u00e9.\" \/>\n<meta property=\"og:url\" content=\"https:\/\/www.public.sn\/index.php\/2025\/04\/01\/can-u17-le-senegal-defie-la-gambie-pour-son-entree-en-lice\/\" \/>\n<meta property=\"og:site_name\" content=\"LE PUBLIC\" \/>\n<meta property=\"article:published_time\" content=\"2025-04-01T13:52:12+00:00\" \/>\n<meta property=\"article:modified_time\" content=\"2025-04-01T13:52:16+00:00\" \/>\n<meta property=\"og:image\" content=\"https:\/\/www.public.sn\/wp-content\/uploads\/2025\/04\/lionceaux-1200x675-1.webp\" \/>\n\t<meta property=\"og:image:width\" content=\"1200\" \/>\n\t<meta property=\"og:image:height\" content=\"675\" \/>\n\t<meta property=\"og:image:type\" content=\"image\/webp\" \/>\n<meta name=\"author\" content=\"LA REDACTION\" \/>\n<meta name=\"twitter:card\" content=\"summary_large_image\" \/>\n<meta name=\"twitter:label1\" content=\"\u00c9crit par\" \/>\n\t<meta name=\"twitter:data1\" content=\"LA REDACTION\" \/>\n\t<meta name=\"twitter:label2\" content=\"Dur\u00e9e de lecture estim\u00e9e\" \/>\n\t<meta name=\"twitter:data2\" content=\"2 minutes\" \/>\n<script type=\"application\/ld+json\" class=\"yoast-schema-graph\">{\"@context\":\"https:\/\/schema.org\",\"@graph\":[{\"@type\":\"Article\",\"@id\":\"https:\/\/www.public.sn\/index.php\/2025\/04\/01\/can-u17-le-senegal-defie-la-gambie-pour-son-entree-en-lice\/#article\",\"isPartOf\":{\"@id\":\"https:\/\/www.public.sn\/index.php\/2025\/04\/01\/can-u17-le-senegal-defie-la-gambie-pour-son-entree-en-lice\/\"},\"author\":{\"name\":\"LA REDACTION\",\"@id\":\"https:\/\/www.public.sn\/#\/schema\/person\/e3f4a11b037d4203902db148f9bc8d5a\"},\"headline\":\"CAN U17 : Le S\u00e9n\u00e9gal d\u00e9fie la Gambie pour son entr\u00e9e en lice\",\"datePublished\":\"2025-04-01T13:52:12+00:00\",\"dateModified\":\"2025-04-01T13:52:16+00:00\",\"mainEntityOfPage\":{\"@id\":\"https:\/\/www.public.sn\/index.php\/2025\/04\/01\/can-u17-le-senegal-defie-la-gambie-pour-son-entree-en-lice\/\"},\"wordCount\":293,\"commentCount\":0,\"publisher\":{\"@id\":\"https:\/\/www.public.sn\/#organization\"},\"image\":{\"@id\":\"https:\/\/www.public.sn\/index.php\/2025\/04\/01\/can-u17-le-senegal-defie-la-gambie-pour-son-entree-en-lice\/#primaryimage\"},\"thumbnailUrl\":\"https:\/\/www.public.sn\/wp-content\/uploads\/2025\/04\/lionceaux-1200x675-1.webp\",\"keywords\":[\"Gambie\",\"S\u00e9n\u00e9gal\"],\"articleSection\":[\"ACTUALIT\u00c9S\",\"FOOTBALL\",\"S\u00c9N\u00c9GAL\",\"SPORTS\"],\"inLanguage\":\"fr-FR\",\"potentialAction\":[{\"@type\":\"CommentAction\",\"name\":\"Comment\",\"target\":[\"https:\/\/www.public.sn\/index.php\/2025\/04\/01\/can-u17-le-senegal-defie-la-gambie-pour-son-entree-en-lice\/#respond\"]}]},{\"@type\":\"WebPage\",\"@id\":\"https:\/\/www.public.sn\/index.php\/2025\/04\/01\/can-u17-le-senegal-defie-la-gambie-pour-son-entree-en-lice\/\",\"url\":\"https:\/\/www.public.sn\/index.php\/2025\/04\/01\/can-u17-le-senegal-defie-la-gambie-pour-son-entree-en-lice\/\",\"name\":\"CAN U17 : Le S\u00e9n\u00e9gal d\u00e9fie la Gambie pour son entr\u00e9e en lice - LE PUBLIC\",\"isPartOf\":{\"@id\":\"https:\/\/www.public.sn\/#website\"},\"primaryImageOfPage\":{\"@id\":\"https:\/\/www.public.sn\/index.php\/2025\/04\/01\/can-u17-le-senegal-defie-la-gambie-pour-son-entree-en-lice\/#primaryimage\"},\"image\":{\"@id\":\"https:\/\/www.public.sn\/index.php\/2025\/04\/01\/can-u17-le-senegal-defie-la-gambie-pour-son-entree-en-lice\/#primaryimage\"},\"thumbnailUrl\":\"https:\/\/www.public.sn\/wp-content\/uploads\/2025\/04\/lionceaux-1200x675-1.webp\",\"datePublished\":\"2025-04-01T13:52:12+00:00\",\"dateModified\":\"2025-04-01T13:52:16+00:00\",\"description\":\"L'\u00e9quipe nationale du S\u00e9n\u00e9gal des moins de 17 ans entame ce mardi sa campagne dans la Coupe d'Afrique des Nations U17 en affrontant la Gambie au stade El Abdi d'El Jadida, au Maroc. Coup d'envoi pr\u00e9vu \u00e0 14h00 GMT pour ce duel ouest-africain qui s'annonce disput\u00e9.\",\"breadcrumb\":{\"@id\":\"https:\/\/www.public.sn\/index.php\/2025\/04\/01\/can-u17-le-senegal-defie-la-gambie-pour-son-entree-en-lice\/#breadcrumb\"},\"inLanguage\":\"fr-FR\",\"potentialAction\":[{\"@type\":\"ReadAction\",\"target\":[\"https:\/\/www.public.sn\/index.php\/2025\/04\/01\/can-u17-le-senegal-defie-la-gambie-pour-son-entree-en-lice\/\"]}]},{\"@type\":\"ImageObject\",\"inLanguage\":\"fr-FR\",\"@id\":\"https:\/\/www.public.sn\/index.php\/2025\/04\/01\/can-u17-le-senegal-defie-la-gambie-pour-son-entree-en-lice\/#primaryimage\",\"url\":\"https:\/\/www.public.sn\/wp-content\/uploads\/2025\/04\/lionceaux-1200x675-1.webp\",\"contentUrl\":\"https:\/\/www.public.sn\/wp-content\/uploads\/2025\/04\/lionceaux-1200x675-1.webp\",\"width\":1200,\"height\":675},{\"@type\":\"BreadcrumbList\",\"@id\":\"https:\/\/www.public.sn\/index.php\/2025\/04\/01\/can-u17-le-senegal-defie-la-gambie-pour-son-entree-en-lice\/#breadcrumb\",\"itemListElement\":[{\"@type\":\"ListItem\",\"position\":1,\"name\":\"Accueil\",\"item\":\"https:\/\/www.public.sn\/\"},{\"@type\":\"ListItem\",\"position\":2,\"name\":\"CAN U17 : Le S\u00e9n\u00e9gal d\u00e9fie la Gambie pour son entr\u00e9e en lice\"}]},{\"@type\":\"WebSite\",\"@id\":\"https:\/\/www.public.sn\/#website\",\"url\":\"https:\/\/www.public.sn\/\",\"name\":\"LE PUBLIC\",\"description\":\"\",\"publisher\":{\"@id\":\"https:\/\/www.public.sn\/#organization\"},\"potentialAction\":[{\"@type\":\"SearchAction\",\"target\":{\"@type\":\"EntryPoint\",\"urlTemplate\":\"https:\/\/www.public.sn\/?s={search_term_string}\"},\"query-input\":{\"@type\":\"PropertyValueSpecification\",\"valueRequired\":true,\"valueName\":\"search_term_string\"}}],\"inLanguage\":\"fr-FR\"},{\"@type\":\"Organization\",\"@id\":\"https:\/\/www.public.sn\/#organization\",\"name\":\"LE PUBLIC\",\"url\":\"https:\/\/www.public.sn\/\",\"logo\":{\"@type\":\"ImageObject\",\"inLanguage\":\"fr-FR\",\"@id\":\"https:\/\/www.public.sn\/#\/schema\/logo\/image\/\",\"url\":\"https:\/\/www.public.sn\/wp-content\/uploads\/2024\/05\/cropped-LOGO-PUBLIC.SN_.png\",\"contentUrl\":\"https:\/\/www.public.sn\/wp-content\/uploads\/2024\/05\/cropped-LOGO-PUBLIC.SN_.png\",\"width\":682,\"height\":192,\"caption\":\"LE PUBLIC\"},\"image\":{\"@id\":\"https:\/\/www.public.sn\/#\/schema\/logo\/image\/\"}},{\"@type\":\"Person\",\"@id\":\"https:\/\/www.public.sn\/#\/schema\/person\/e3f4a11b037d4203902db148f9bc8d5a\",\"name\":\"LA REDACTION\",\"image\":{\"@type\":\"ImageObject\",\"inLanguage\":\"fr-FR\",\"@id\":\"https:\/\/www.public.sn\/#\/schema\/person\/image\/\",\"url\":\"https:\/\/secure.gravatar.com\/avatar\/d6c030db45db2883c075085c5d6c6258654a801a93766b49af0b82d4f454e2a5?s=96&d=mm&r=g\",\"contentUrl\":\"https:\/\/secure.gravatar.com\/avatar\/d6c030db45db2883c075085c5d6c6258654a801a93766b49af0b82d4f454e2a5?s=96&d=mm&r=g\",\"caption\":\"LA REDACTION\"},\"sameAs\":[\"http:\/\/www.public.sn\"],\"url\":\"https:\/\/www.public.sn\/index.php\/author\/admin7324\/\"}]}<\/script>\n<!-- \/ Yoast SEO plugin. -->","yoast_head_json":{"title":"CAN U17 : Le S\u00e9n\u00e9gal d\u00e9fie la Gambie pour son entr\u00e9e en lice - LE PUBLIC","description":"L'\u00e9quipe nationale du S\u00e9n\u00e9gal des moins de 17 ans entame ce mardi sa campagne dans la Coupe d'Afrique des Nations U17 en affrontant la Gambie au stade El Abdi d'El Jadida, au Maroc. Coup d'envoi pr\u00e9vu \u00e0 14h00 GMT pour ce duel ouest-africain qui s'annonce disput\u00e9.","robots":{"index":"index","follow":"follow","max-snippet":"max-snippet:-1","max-image-preview":"max-image-preview:large","max-video-preview":"max-video-preview:-1"},"canonical":"https:\/\/www.public.sn\/index.php\/2025\/04\/01\/can-u17-le-senegal-defie-la-gambie-pour-son-entree-en-lice\/","og_locale":"fr_FR","og_type":"article","og_title":"CAN U17 : Le S\u00e9n\u00e9gal d\u00e9fie la Gambie pour son entr\u00e9e en lice - LE PUBLIC","og_description":"L'\u00e9quipe nationale du S\u00e9n\u00e9gal des moins de 17 ans entame ce mardi sa campagne dans la Coupe d'Afrique des Nations U17 en affrontant la Gambie au stade El Abdi d'El Jadida, au Maroc. Coup d'envoi pr\u00e9vu \u00e0 14h00 GMT pour ce duel ouest-africain qui s'annonce disput\u00e9.","og_url":"https:\/\/www.public.sn\/index.php\/2025\/04\/01\/can-u17-le-senegal-defie-la-gambie-pour-son-entree-en-lice\/","og_site_name":"LE PUBLIC","article_published_time":"2025-04-01T13:52:12+00:00","article_modified_time":"2025-04-01T13:52:16+00:00","og_image":[{"width":1200,"height":675,"url":"https:\/\/www.public.sn\/wp-content\/uploads\/2025\/04\/lionceaux-1200x675-1.webp","type":"image\/webp"}],"author":"LA REDACTION","twitter_card":"summary_large_image","twitter_misc":{"\u00c9crit par":"LA REDACTION","Dur\u00e9e de lecture estim\u00e9e":"2 minutes"},"schema":{"@context":"https:\/\/schema.org","@graph":[{"@type":"Article","@id":"https:\/\/www.public.sn\/index.php\/2025\/04\/01\/can-u17-le-senegal-defie-la-gambie-pour-son-entree-en-lice\/#article","isPartOf":{"@id":"https:\/\/www.public.sn\/index.php\/2025\/04\/01\/can-u17-le-senegal-defie-la-gambie-pour-son-entree-en-lice\/"},"author":{"name":"LA REDACTION","@id":"https:\/\/www.public.sn\/#\/schema\/person\/e3f4a11b037d4203902db148f9bc8d5a"},"headline":"CAN U17 : Le S\u00e9n\u00e9gal d\u00e9fie la Gambie pour son entr\u00e9e en lice","datePublished":"2025-04-01T13:52:12+00:00","dateModified":"2025-04-01T13:52:16+00:00","mainEntityOfPage":{"@id":"https:\/\/www.public.sn\/index.php\/2025\/04\/01\/can-u17-le-senegal-defie-la-gambie-pour-son-entree-en-lice\/"},"wordCount":293,"commentCount":0,"publisher":{"@id":"https:\/\/www.public.sn\/#organization"},"image":{"@id":"https:\/\/www.public.sn\/index.php\/2025\/04\/01\/can-u17-le-senegal-defie-la-gambie-pour-son-entree-en-lice\/#primaryimage"},"thumbnailUrl":"https:\/\/www.public.sn\/wp-content\/uploads\/2025\/04\/lionceaux-1200x675-1.webp","keywords":["Gambie","S\u00e9n\u00e9gal"],"articleSection":["ACTUALIT\u00c9S","FOOTBALL","S\u00c9N\u00c9GAL","SPORTS"],"inLanguage":"fr-FR","potentialAction":[{"@type":"CommentAction","name":"Comment","target":["https:\/\/www.public.sn\/index.php\/2025\/04\/01\/can-u17-le-senegal-defie-la-gambie-pour-son-entree-en-lice\/#respond"]}]},{"@type":"WebPage","@id":"https:\/\/www.public.sn\/index.php\/2025\/04\/01\/can-u17-le-senegal-defie-la-gambie-pour-son-entree-en-lice\/","url":"https:\/\/www.public.sn\/index.php\/2025\/04\/01\/can-u17-le-senegal-defie-la-gambie-pour-son-entree-en-lice\/","name":"CAN U17 : Le S\u00e9n\u00e9gal d\u00e9fie la Gambie pour son entr\u00e9e en lice - LE PUBLIC","isPartOf":{"@id":"https:\/\/www.public.sn\/#website"},"primaryImageOfPage":{"@id":"https:\/\/www.public.sn\/index.php\/2025\/04\/01\/can-u17-le-senegal-defie-la-gambie-pour-son-entree-en-lice\/#primaryimage"},"image":{"@id":"https:\/\/www.public.sn\/index.php\/2025\/04\/01\/can-u17-le-senegal-defie-la-gambie-pour-son-entree-en-lice\/#primaryimage"},"thumbnailUrl":"https:\/\/www.public.sn\/wp-content\/uploads\/2025\/04\/lionceaux-1200x675-1.webp","datePublished":"2025-04-01T13:52:12+00:00","dateModified":"2025-04-01T13:52:16+00:00","description":"L'\u00e9quipe nationale du S\u00e9n\u00e9gal des moins de 17 ans entame ce mardi sa campagne dans la Coupe d'Afrique des Nations U17 en affrontant la Gambie au stade El Abdi d'El Jadida, au Maroc. Coup d'envoi pr\u00e9vu \u00e0 14h00 GMT pour ce duel ouest-africain qui s'annonce disput\u00e9.","breadcrumb":{"@id":"https:\/\/www.public.sn\/index.php\/2025\/04\/01\/can-u17-le-senegal-defie-la-gambie-pour-son-entree-en-lice\/#breadcrumb"},"inLanguage":"fr-FR","potentialAction":[{"@type":"ReadAction","target":["https:\/\/www.public.sn\/index.php\/2025\/04\/01\/can-u17-le-senegal-defie-la-gambie-pour-son-entree-en-lice\/"]}]},{"@type":"ImageObject","inLanguage":"fr-FR","@id":"https:\/\/www.public.sn\/index.php\/2025\/04\/01\/can-u17-le-senegal-defie-la-gambie-pour-son-entree-en-lice\/#primaryimage","url":"https:\/\/www.public.sn\/wp-content\/uploads\/2025\/04\/lionceaux-1200x675-1.webp","contentUrl":"https:\/\/www.public.sn\/wp-content\/uploads\/2025\/04\/lionceaux-1200x675-1.webp","width":1200,"height":675},{"@type":"BreadcrumbList","@id":"https:\/\/www.public.sn\/index.php\/2025\/04\/01\/can-u17-le-senegal-defie-la-gambie-pour-son-entree-en-lice\/#breadcrumb","itemListElement":[{"@type":"ListItem","position":1,"name":"Accueil","item":"https:\/\/www.public.sn\/"},{"@type":"ListItem","position":2,"name":"CAN U17 : Le S\u00e9n\u00e9gal d\u00e9fie la Gambie pour son entr\u00e9e en lice"}]},{"@type":"WebSite","@id":"https:\/\/www.public.sn\/#website","url":"https:\/\/www.public.sn\/","name":"LE PUBLIC","description":"","publisher":{"@id":"https:\/\/www.public.sn\/#organization"},"potentialAction":[{"@type":"SearchAction","target":{"@type":"EntryPoint","urlTemplate":"https:\/\/www.public.sn\/?s={search_term_string}"},"query-input":{"@type":"PropertyValueSpecification","valueRequired":true,"valueName":"search_term_string"}}],"inLanguage":"fr-FR"},{"@type":"Organization","@id":"https:\/\/www.public.sn\/#organization","name":"LE PUBLIC","url":"https:\/\/www.public.sn\/","logo":{"@type":"ImageObject","inLanguage":"fr-FR","@id":"https:\/\/www.public.sn\/#\/schema\/logo\/image\/","url":"https:\/\/www.public.sn\/wp-content\/uploads\/2024\/05\/cropped-LOGO-PUBLIC.SN_.png","contentUrl":"https:\/\/www.public.sn\/wp-content\/uploads\/2024\/05\/cropped-LOGO-PUBLIC.SN_.png","width":682,"height":192,"caption":"LE PUBLIC"},"image":{"@id":"https:\/\/www.public.sn\/#\/schema\/logo\/image\/"}},{"@type":"Person","@id":"https:\/\/www.public.sn\/#\/schema\/person\/e3f4a11b037d4203902db148f9bc8d5a","name":"LA REDACTION","image":{"@type":"ImageObject","inLanguage":"fr-FR","@id":"https:\/\/www.public.sn\/#\/schema\/person\/image\/","url":"https:\/\/secure.gravatar.com\/avatar\/d6c030db45db2883c075085c5d6c6258654a801a93766b49af0b82d4f454e2a5?s=96&d=mm&r=g","contentUrl":"https:\/\/secure.gravatar.com\/avatar\/d6c030db45db2883c075085c5d6c6258654a801a93766b49af0b82d4f454e2a5?s=96&d=mm&r=g","caption":"LA REDACTION"},"sameAs":["http:\/\/www.public.sn"],"url":"https:\/\/www.public.sn\/index.php\/author\/admin7324\/"}]}},"jetpack_featured_media_url":"https:\/\/www.public.sn\/wp-content\/uploads\/2025\/04\/lionceaux-1200x675-1.webp","jetpack_sharing_enabled":true,"_links":{"self":[{"href":"https:\/\/www.public.sn\/index.php\/wp-json\/wp\/v2\/posts\/37114","targetHints":{"allow":["GET"]}}],"collection":[{"href":"https:\/\/www.public.sn\/index.php\/wp-json\/wp\/v2\/posts"}],"about":[{"href":"https:\/\/www.public.sn\/index.php\/wp-json\/wp\/v2\/types\/post"}],"author":[{"embeddable":true,"href":"https:\/\/www.public.sn\/index.php\/wp-json\/wp\/v2\/users\/1"}],"replies":[{"embeddable":true,"href":"https:\/\/www.public.sn\/index.php\/wp-json\/wp\/v2\/comments?post=37114"}],"version-history":[{"count":1,"href":"https:\/\/www.public.sn\/index.php\/wp-json\/wp\/v2\/posts\/37114\/revisions"}],"predecessor-version":[{"id":37116,"href":"https:\/\/www.public.sn\/index.php\/wp-json\/wp\/v2\/posts\/37114\/revisions\/37116"}],"wp:featuredmedia":[{"embeddable":true,"href":"https:\/\/www.public.sn\/index.php\/wp-json\/wp\/v2\/media\/37115"}],"wp:attachment":[{"href":"https:\/\/www.public.sn\/index.php\/wp-json\/wp\/v2\/media?parent=37114"}],"wp:term":[{"taxonomy":"category","embeddable":true,"href":"https:\/\/www.public.sn\/index.php\/wp-json\/wp\/v2\/categories?post=37114"},{"taxonomy":"post_tag","embeddable":true,"href":"https:\/\/www.public.sn\/index.php\/wp-json\/wp\/v2\/tags?post=37114"}],"curies":[{"name":"wp","href":"https:\/\/api.w.org\/{rel}","templated":true}]}}