{"id":3713,"date":"2022-10-05T21:31:57","date_gmt":"2022-10-05T21:31:57","guid":{"rendered":"https:\/\/www.public.sn\/?p=3713"},"modified":"2022-10-05T21:31:58","modified_gmt":"2022-10-05T21:31:58","slug":"crise-au-ps-pour-amadou-sow-la-jeunesse-est-laissee-en-rade","status":"publish","type":"post","link":"https:\/\/www.public.sn\/index.php\/2022\/10\/05\/crise-au-ps-pour-amadou-sow-la-jeunesse-est-laissee-en-rade\/","title":{"rendered":"Crise au PS : Pour Amadou Sow \u00a0\u00bb La jeunesse est laiss\u00e9e en rade\u00a0\u00bb"},"content":{"rendered":"\n<p>Amadou Sow, Secr\u00e9taire national \u00e0 l\u2019organisation et \u00e0 la mobilisation de la jeunesse socialiste et membre du bureau politique est d\u2019avis que le PS connait des remous comme c\u2019est le cas dans plusieurs grandes formations politiques. Le constat est que les jeunes se sentent laiss\u00e9s dans les prises de d\u00e9cision. Cela n\u2019est aucunement une r\u00e9bellion. Il souligne qu\u2019il n\u2019y a pas de clan au PS malgr\u00e9 les divergences entre responsables notamment entre Aminata Mbengue Ndiaye et Serigne Mbaye Thiam. Amadou Sow souligne que le Ps est toujours actif dans les r\u00e9gions de l\u2019int\u00e9rieur. Le compagnonnage avec Benno sera r\u00e9\u00e9valu\u00e9  et avance qu\u2019il est contre un  troisi\u00e8me mandat pour le pr\u00e9sident Macky Sall.  <\/p><div class=\"publi-paragraphe1\" style=\"margin-top: 10px;margin-bottom: 10px;margin-left: auto;margin-right: auto;text-align: center;\" id=\"publi-3683607455\"><div class=\"publi-adlabel\">Publicit\u00e9<\/div><script async src=\"\/\/pagead2.googlesyndication.com\/pagead\/js\/adsbygoogle.js?client=ca-pub-4089586018074219\" crossorigin=\"anonymous\"><\/script><ins class=\"adsbygoogle\" style=\"display:block;\" data-ad-client=\"ca-pub-4089586018074219\" \ndata-ad-slot=\"2087940154\" \ndata-ad-format=\"auto\"><\/ins>\n<script> \n(adsbygoogle = window.adsbygoogle || []).push({}); \n<\/script>\n<\/div>\n\n\n\n<p>Falil Gadio. <\/p>\n\n\n\n<figure class=\"wp-block-embed is-type-rich is-provider-prise-en-charge-des-contenus-embarques wp-block-embed-prise-en-charge-des-contenus-embarques wp-embed-aspect-16-9 wp-has-aspect-ratio\"><div class=\"wp-block-embed__wrapper\">\n<p class=\"responsive-video-wrap clr\"><iframe title=\"Crise au PS: Amadou Sow &quot; la jeunesse laisser en rade&quot;\" width=\"1200\" height=\"675\" src=\"https:\/\/www.youtube.com\/embed\/tyiuqQodRcM?feature=oembed\" frameborder=\"0\" allow=\"accelerometer; autoplay; clipboard-write; encrypted-media; gyroscope; picture-in-picture\" allowfullscreen><\/iframe><\/p>\n<\/div><\/figure>\n<div class=\"publi-apres-le-contenu\" style=\"margin-top: 10px;margin-bottom: 10px;margin-left: auto;margin-right: auto;text-align: center;\" id=\"publi-1622576761\"><div class=\"publi-adlabel\">Publicit\u00e9<\/div><script async src=\"\/\/pagead2.googlesyndication.com\/pagead\/js\/adsbygoogle.js?client=ca-pub-4089586018074219\" crossorigin=\"anonymous\"><\/script><ins class=\"adsbygoogle\" style=\"display:block;\" data-ad-client=\"ca-pub-4089586018074219\" \ndata-ad-slot=\"2087940154\" \ndata-ad-format=\"auto\"><\/ins>\n<script> \n(adsbygoogle = window.adsbygoogle || []).push({}); \n<\/script>\n<\/div>","protected":false},"excerpt":{"rendered":"<p>Amadou Sow, Secr\u00e9taire national \u00e0 l\u2019organisation et \u00e0 la mobilisation de la jeunesse socialiste et membre du bureau politique est d\u2019avis que le PS connait des remous comme c\u2019est le cas dans plusieurs grandes formations politiques. Le constat est que les jeunes se sentent laiss\u00e9s dans les prises de d\u00e9cision. Cela n\u2019est aucunement une r\u00e9bellion. Il souligne qu\u2019il n\u2019y a pas de clan au PS malgr\u00e9 les divergences entre responsables notamment entre Aminata Mbengue Ndiaye et Serigne Mbaye Thiam. Amadou Sow souligne que le Ps est toujours actif dans les r\u00e9gions de l\u2019int\u00e9rieur. Le compagnonnage avec Benno sera r\u00e9\u00e9valu\u00e9 et avance qu\u2019il est contre un troisi\u00e8me mandat pour le pr\u00e9sident Macky Sall. Falil Gadio.<\/p>\n","protected":false},"author":1,"featured_media":3719,"comment_status":"open","ping_status":"open","sticky":false,"template":"","format":"standard","meta":{"_jetpack_memberships_contains_paid_content":false,"footnotes":""},"categories":[8,1],"tags":[1207,1208,1210],"class_list":["post-3713","post","type-post","status-publish","format-standard","has-post-thumbnail","hentry","category-public-tv","category-non-classe","tag-amadou-sow","tag-crise-ps","tag-jeunes","entry","has-media","owp-thumbs-layout-horizontal","owp-btn-normal","owp-tabs-layout-horizontal","has-no-thumbnails","has-product-nav"],"yoast_head":"<!-- This site is optimized with the Yoast SEO plugin v25.5 - https:\/\/yoast.com\/wordpress\/plugins\/seo\/ -->\n<title>Crise au PS : Pour Amadou Sow &quot; La jeunesse est laiss\u00e9e en rade&quot; - LE PUBLIC<\/title>\n<meta name=\"robots\" content=\"index, follow, max-snippet:-1, max-image-preview:large, max-video-preview:-1\" \/>\n<link rel=\"canonical\" href=\"https:\/\/www.public.sn\/index.php\/2022\/10\/05\/crise-au-ps-pour-amadou-sow-la-jeunesse-est-laissee-en-rade\/\" \/>\n<meta property=\"og:locale\" content=\"fr_FR\" \/>\n<meta property=\"og:type\" content=\"article\" \/>\n<meta property=\"og:title\" content=\"Crise au PS : Pour Amadou Sow &quot; La jeunesse est laiss\u00e9e en rade&quot; - LE PUBLIC\" \/>\n<meta property=\"og:description\" content=\"Amadou Sow, Secr\u00e9taire national \u00e0 l\u2019organisation et \u00e0 la mobilisation de la jeunesse socialiste et membre du bureau politique est d\u2019avis que le PS connait des remous comme c\u2019est le cas dans plusieurs grandes formations politiques. Le constat est que les jeunes se sentent laiss\u00e9s dans les prises de d\u00e9cision. Cela n\u2019est aucunement une r\u00e9bellion. Il souligne qu\u2019il n\u2019y a pas de clan au PS malgr\u00e9 les divergences entre responsables notamment entre Aminata Mbengue Ndiaye et Serigne Mbaye Thiam. Amadou Sow souligne que le Ps est toujours actif dans les r\u00e9gions de l\u2019int\u00e9rieur. Le compagnonnage avec Benno sera r\u00e9\u00e9valu\u00e9 et avance qu\u2019il est contre un troisi\u00e8me mandat pour le pr\u00e9sident Macky Sall. Falil Gadio.\" \/>\n<meta property=\"og:url\" content=\"https:\/\/www.public.sn\/index.php\/2022\/10\/05\/crise-au-ps-pour-amadou-sow-la-jeunesse-est-laissee-en-rade\/\" \/>\n<meta property=\"og:site_name\" content=\"LE PUBLIC\" \/>\n<meta property=\"article:published_time\" content=\"2022-10-05T21:31:57+00:00\" \/>\n<meta property=\"article:modified_time\" content=\"2022-10-05T21:31:58+00:00\" \/>\n<meta property=\"og:image\" content=\"https:\/\/www.public.sn\/wp-content\/uploads\/2022\/10\/amadou-sow-mmmm.jpg\" \/>\n\t<meta property=\"og:image:width\" content=\"1280\" \/>\n\t<meta property=\"og:image:height\" content=\"720\" \/>\n\t<meta property=\"og:image:type\" content=\"image\/jpeg\" \/>\n<meta name=\"author\" content=\"LA REDACTION\" \/>\n<meta name=\"twitter:card\" content=\"summary_large_image\" \/>\n<meta name=\"twitter:label1\" content=\"\u00c9crit par\" \/>\n\t<meta name=\"twitter:data1\" content=\"LA REDACTION\" \/>\n\t<meta name=\"twitter:label2\" content=\"Dur\u00e9e de lecture estim\u00e9e\" \/>\n\t<meta name=\"twitter:data2\" content=\"1 minute\" \/>\n<script type=\"application\/ld+json\" class=\"yoast-schema-graph\">{\"@context\":\"https:\/\/schema.org\",\"@graph\":[{\"@type\":\"Article\",\"@id\":\"https:\/\/www.public.sn\/index.php\/2022\/10\/05\/crise-au-ps-pour-amadou-sow-la-jeunesse-est-laissee-en-rade\/#article\",\"isPartOf\":{\"@id\":\"https:\/\/www.public.sn\/index.php\/2022\/10\/05\/crise-au-ps-pour-amadou-sow-la-jeunesse-est-laissee-en-rade\/\"},\"author\":{\"name\":\"LA REDACTION\",\"@id\":\"https:\/\/www.public.sn\/#\/schema\/person\/e3f4a11b037d4203902db148f9bc8d5a\"},\"headline\":\"Crise au PS : Pour Amadou Sow \u00a0\u00bb La jeunesse est laiss\u00e9e en rade\u00a0\u00bb\",\"datePublished\":\"2022-10-05T21:31:57+00:00\",\"dateModified\":\"2022-10-05T21:31:58+00:00\",\"mainEntityOfPage\":{\"@id\":\"https:\/\/www.public.sn\/index.php\/2022\/10\/05\/crise-au-ps-pour-amadou-sow-la-jeunesse-est-laissee-en-rade\/\"},\"wordCount\":148,\"commentCount\":0,\"publisher\":{\"@id\":\"https:\/\/www.public.sn\/#organization\"},\"image\":{\"@id\":\"https:\/\/www.public.sn\/index.php\/2022\/10\/05\/crise-au-ps-pour-amadou-sow-la-jeunesse-est-laissee-en-rade\/#primaryimage\"},\"thumbnailUrl\":\"https:\/\/www.public.sn\/wp-content\/uploads\/2022\/10\/amadou-sow-mmmm.jpg\",\"keywords\":[\"amadou sow\",\"crise PS\",\"jeunes\"],\"articleSection\":[\"PUBLIC TV\",\"S\u00c9N\u00c9GAL\"],\"inLanguage\":\"fr-FR\",\"potentialAction\":[{\"@type\":\"CommentAction\",\"name\":\"Comment\",\"target\":[\"https:\/\/www.public.sn\/index.php\/2022\/10\/05\/crise-au-ps-pour-amadou-sow-la-jeunesse-est-laissee-en-rade\/#respond\"]}]},{\"@type\":\"WebPage\",\"@id\":\"https:\/\/www.public.sn\/index.php\/2022\/10\/05\/crise-au-ps-pour-amadou-sow-la-jeunesse-est-laissee-en-rade\/\",\"url\":\"https:\/\/www.public.sn\/index.php\/2022\/10\/05\/crise-au-ps-pour-amadou-sow-la-jeunesse-est-laissee-en-rade\/\",\"name\":\"Crise au PS : Pour Amadou Sow \\\" La jeunesse est laiss\u00e9e en rade\\\" - LE PUBLIC\",\"isPartOf\":{\"@id\":\"https:\/\/www.public.sn\/#website\"},\"primaryImageOfPage\":{\"@id\":\"https:\/\/www.public.sn\/index.php\/2022\/10\/05\/crise-au-ps-pour-amadou-sow-la-jeunesse-est-laissee-en-rade\/#primaryimage\"},\"image\":{\"@id\":\"https:\/\/www.public.sn\/index.php\/2022\/10\/05\/crise-au-ps-pour-amadou-sow-la-jeunesse-est-laissee-en-rade\/#primaryimage\"},\"thumbnailUrl\":\"https:\/\/www.public.sn\/wp-content\/uploads\/2022\/10\/amadou-sow-mmmm.jpg\",\"datePublished\":\"2022-10-05T21:31:57+00:00\",\"dateModified\":\"2022-10-05T21:31:58+00:00\",\"breadcrumb\":{\"@id\":\"https:\/\/www.public.sn\/index.php\/2022\/10\/05\/crise-au-ps-pour-amadou-sow-la-jeunesse-est-laissee-en-rade\/#breadcrumb\"},\"inLanguage\":\"fr-FR\",\"potentialAction\":[{\"@type\":\"ReadAction\",\"target\":[\"https:\/\/www.public.sn\/index.php\/2022\/10\/05\/crise-au-ps-pour-amadou-sow-la-jeunesse-est-laissee-en-rade\/\"]}]},{\"@type\":\"ImageObject\",\"inLanguage\":\"fr-FR\",\"@id\":\"https:\/\/www.public.sn\/index.php\/2022\/10\/05\/crise-au-ps-pour-amadou-sow-la-jeunesse-est-laissee-en-rade\/#primaryimage\",\"url\":\"https:\/\/www.public.sn\/wp-content\/uploads\/2022\/10\/amadou-sow-mmmm.jpg\",\"contentUrl\":\"https:\/\/www.public.sn\/wp-content\/uploads\/2022\/10\/amadou-sow-mmmm.jpg\",\"width\":1280,\"height\":720,\"caption\":\"publcsn\"},{\"@type\":\"BreadcrumbList\",\"@id\":\"https:\/\/www.public.sn\/index.php\/2022\/10\/05\/crise-au-ps-pour-amadou-sow-la-jeunesse-est-laissee-en-rade\/#breadcrumb\",\"itemListElement\":[{\"@type\":\"ListItem\",\"position\":1,\"name\":\"Accueil\",\"item\":\"https:\/\/www.public.sn\/\"},{\"@type\":\"ListItem\",\"position\":2,\"name\":\"Crise au PS : Pour Amadou Sow \u00a0\u00bb La jeunesse est laiss\u00e9e en rade\u00a0\u00bb\"}]},{\"@type\":\"WebSite\",\"@id\":\"https:\/\/www.public.sn\/#website\",\"url\":\"https:\/\/www.public.sn\/\",\"name\":\"LE PUBLIC\",\"description\":\"\",\"publisher\":{\"@id\":\"https:\/\/www.public.sn\/#organization\"},\"potentialAction\":[{\"@type\":\"SearchAction\",\"target\":{\"@type\":\"EntryPoint\",\"urlTemplate\":\"https:\/\/www.public.sn\/?s={search_term_string}\"},\"query-input\":{\"@type\":\"PropertyValueSpecification\",\"valueRequired\":true,\"valueName\":\"search_term_string\"}}],\"inLanguage\":\"fr-FR\"},{\"@type\":\"Organization\",\"@id\":\"https:\/\/www.public.sn\/#organization\",\"name\":\"LE PUBLIC\",\"url\":\"https:\/\/www.public.sn\/\",\"logo\":{\"@type\":\"ImageObject\",\"inLanguage\":\"fr-FR\",\"@id\":\"https:\/\/www.public.sn\/#\/schema\/logo\/image\/\",\"url\":\"https:\/\/www.public.sn\/wp-content\/uploads\/2024\/05\/cropped-LOGO-PUBLIC.SN_.png\",\"contentUrl\":\"https:\/\/www.public.sn\/wp-content\/uploads\/2024\/05\/cropped-LOGO-PUBLIC.SN_.png\",\"width\":682,\"height\":192,\"caption\":\"LE PUBLIC\"},\"image\":{\"@id\":\"https:\/\/www.public.sn\/#\/schema\/logo\/image\/\"}},{\"@type\":\"Person\",\"@id\":\"https:\/\/www.public.sn\/#\/schema\/person\/e3f4a11b037d4203902db148f9bc8d5a\",\"name\":\"LA REDACTION\",\"image\":{\"@type\":\"ImageObject\",\"inLanguage\":\"fr-FR\",\"@id\":\"https:\/\/www.public.sn\/#\/schema\/person\/image\/\",\"url\":\"https:\/\/secure.gravatar.com\/avatar\/d6c030db45db2883c075085c5d6c6258654a801a93766b49af0b82d4f454e2a5?s=96&d=mm&r=g\",\"contentUrl\":\"https:\/\/secure.gravatar.com\/avatar\/d6c030db45db2883c075085c5d6c6258654a801a93766b49af0b82d4f454e2a5?s=96&d=mm&r=g\",\"caption\":\"LA REDACTION\"},\"sameAs\":[\"http:\/\/www.public.sn\"],\"url\":\"https:\/\/www.public.sn\/index.php\/author\/admin7324\/\"}]}<\/script>\n<!-- \/ Yoast SEO plugin. -->","yoast_head_json":{"title":"Crise au PS : Pour Amadou Sow \" La jeunesse est laiss\u00e9e en rade\" - LE PUBLIC","robots":{"index":"index","follow":"follow","max-snippet":"max-snippet:-1","max-image-preview":"max-image-preview:large","max-video-preview":"max-video-preview:-1"},"canonical":"https:\/\/www.public.sn\/index.php\/2022\/10\/05\/crise-au-ps-pour-amadou-sow-la-jeunesse-est-laissee-en-rade\/","og_locale":"fr_FR","og_type":"article","og_title":"Crise au PS : Pour Amadou Sow \" La jeunesse est laiss\u00e9e en rade\" - LE PUBLIC","og_description":"Amadou Sow, Secr\u00e9taire national \u00e0 l\u2019organisation et \u00e0 la mobilisation de la jeunesse socialiste et membre du bureau politique est d\u2019avis que le PS connait des remous comme c\u2019est le cas dans plusieurs grandes formations politiques. Le constat est que les jeunes se sentent laiss\u00e9s dans les prises de d\u00e9cision. Cela n\u2019est aucunement une r\u00e9bellion. Il souligne qu\u2019il n\u2019y a pas de clan au PS malgr\u00e9 les divergences entre responsables notamment entre Aminata Mbengue Ndiaye et Serigne Mbaye Thiam. Amadou Sow souligne que le Ps est toujours actif dans les r\u00e9gions de l\u2019int\u00e9rieur. Le compagnonnage avec Benno sera r\u00e9\u00e9valu\u00e9 et avance qu\u2019il est contre un troisi\u00e8me mandat pour le pr\u00e9sident Macky Sall. Falil Gadio.","og_url":"https:\/\/www.public.sn\/index.php\/2022\/10\/05\/crise-au-ps-pour-amadou-sow-la-jeunesse-est-laissee-en-rade\/","og_site_name":"LE PUBLIC","article_published_time":"2022-10-05T21:31:57+00:00","article_modified_time":"2022-10-05T21:31:58+00:00","og_image":[{"width":1280,"height":720,"url":"https:\/\/www.public.sn\/wp-content\/uploads\/2022\/10\/amadou-sow-mmmm.jpg","type":"image\/jpeg"}],"author":"LA REDACTION","twitter_card":"summary_large_image","twitter_misc":{"\u00c9crit par":"LA REDACTION","Dur\u00e9e de lecture estim\u00e9e":"1 minute"},"schema":{"@context":"https:\/\/schema.org","@graph":[{"@type":"Article","@id":"https:\/\/www.public.sn\/index.php\/2022\/10\/05\/crise-au-ps-pour-amadou-sow-la-jeunesse-est-laissee-en-rade\/#article","isPartOf":{"@id":"https:\/\/www.public.sn\/index.php\/2022\/10\/05\/crise-au-ps-pour-amadou-sow-la-jeunesse-est-laissee-en-rade\/"},"author":{"name":"LA REDACTION","@id":"https:\/\/www.public.sn\/#\/schema\/person\/e3f4a11b037d4203902db148f9bc8d5a"},"headline":"Crise au PS : Pour Amadou Sow \u00a0\u00bb La jeunesse est laiss\u00e9e en rade\u00a0\u00bb","datePublished":"2022-10-05T21:31:57+00:00","dateModified":"2022-10-05T21:31:58+00:00","mainEntityOfPage":{"@id":"https:\/\/www.public.sn\/index.php\/2022\/10\/05\/crise-au-ps-pour-amadou-sow-la-jeunesse-est-laissee-en-rade\/"},"wordCount":148,"commentCount":0,"publisher":{"@id":"https:\/\/www.public.sn\/#organization"},"image":{"@id":"https:\/\/www.public.sn\/index.php\/2022\/10\/05\/crise-au-ps-pour-amadou-sow-la-jeunesse-est-laissee-en-rade\/#primaryimage"},"thumbnailUrl":"https:\/\/www.public.sn\/wp-content\/uploads\/2022\/10\/amadou-sow-mmmm.jpg","keywords":["amadou sow","crise PS","jeunes"],"articleSection":["PUBLIC TV","S\u00c9N\u00c9GAL"],"inLanguage":"fr-FR","potentialAction":[{"@type":"CommentAction","name":"Comment","target":["https:\/\/www.public.sn\/index.php\/2022\/10\/05\/crise-au-ps-pour-amadou-sow-la-jeunesse-est-laissee-en-rade\/#respond"]}]},{"@type":"WebPage","@id":"https:\/\/www.public.sn\/index.php\/2022\/10\/05\/crise-au-ps-pour-amadou-sow-la-jeunesse-est-laissee-en-rade\/","url":"https:\/\/www.public.sn\/index.php\/2022\/10\/05\/crise-au-ps-pour-amadou-sow-la-jeunesse-est-laissee-en-rade\/","name":"Crise au PS : Pour Amadou Sow \" La jeunesse est laiss\u00e9e en rade\" - LE PUBLIC","isPartOf":{"@id":"https:\/\/www.public.sn\/#website"},"primaryImageOfPage":{"@id":"https:\/\/www.public.sn\/index.php\/2022\/10\/05\/crise-au-ps-pour-amadou-sow-la-jeunesse-est-laissee-en-rade\/#primaryimage"},"image":{"@id":"https:\/\/www.public.sn\/index.php\/2022\/10\/05\/crise-au-ps-pour-amadou-sow-la-jeunesse-est-laissee-en-rade\/#primaryimage"},"thumbnailUrl":"https:\/\/www.public.sn\/wp-content\/uploads\/2022\/10\/amadou-sow-mmmm.jpg","datePublished":"2022-10-05T21:31:57+00:00","dateModified":"2022-10-05T21:31:58+00:00","breadcrumb":{"@id":"https:\/\/www.public.sn\/index.php\/2022\/10\/05\/crise-au-ps-pour-amadou-sow-la-jeunesse-est-laissee-en-rade\/#breadcrumb"},"inLanguage":"fr-FR","potentialAction":[{"@type":"ReadAction","target":["https:\/\/www.public.sn\/index.php\/2022\/10\/05\/crise-au-ps-pour-amadou-sow-la-jeunesse-est-laissee-en-rade\/"]}]},{"@type":"ImageObject","inLanguage":"fr-FR","@id":"https:\/\/www.public.sn\/index.php\/2022\/10\/05\/crise-au-ps-pour-amadou-sow-la-jeunesse-est-laissee-en-rade\/#primaryimage","url":"https:\/\/www.public.sn\/wp-content\/uploads\/2022\/10\/amadou-sow-mmmm.jpg","contentUrl":"https:\/\/www.public.sn\/wp-content\/uploads\/2022\/10\/amadou-sow-mmmm.jpg","width":1280,"height":720,"caption":"publcsn"},{"@type":"BreadcrumbList","@id":"https:\/\/www.public.sn\/index.php\/2022\/10\/05\/crise-au-ps-pour-amadou-sow-la-jeunesse-est-laissee-en-rade\/#breadcrumb","itemListElement":[{"@type":"ListItem","position":1,"name":"Accueil","item":"https:\/\/www.public.sn\/"},{"@type":"ListItem","position":2,"name":"Crise au PS : Pour Amadou Sow \u00a0\u00bb La jeunesse est laiss\u00e9e en rade\u00a0\u00bb"}]},{"@type":"WebSite","@id":"https:\/\/www.public.sn\/#website","url":"https:\/\/www.public.sn\/","name":"LE PUBLIC","description":"","publisher":{"@id":"https:\/\/www.public.sn\/#organization"},"potentialAction":[{"@type":"SearchAction","target":{"@type":"EntryPoint","urlTemplate":"https:\/\/www.public.sn\/?s={search_term_string}"},"query-input":{"@type":"PropertyValueSpecification","valueRequired":true,"valueName":"search_term_string"}}],"inLanguage":"fr-FR"},{"@type":"Organization","@id":"https:\/\/www.public.sn\/#organization","name":"LE PUBLIC","url":"https:\/\/www.public.sn\/","logo":{"@type":"ImageObject","inLanguage":"fr-FR","@id":"https:\/\/www.public.sn\/#\/schema\/logo\/image\/","url":"https:\/\/www.public.sn\/wp-content\/uploads\/2024\/05\/cropped-LOGO-PUBLIC.SN_.png","contentUrl":"https:\/\/www.public.sn\/wp-content\/uploads\/2024\/05\/cropped-LOGO-PUBLIC.SN_.png","width":682,"height":192,"caption":"LE PUBLIC"},"image":{"@id":"https:\/\/www.public.sn\/#\/schema\/logo\/image\/"}},{"@type":"Person","@id":"https:\/\/www.public.sn\/#\/schema\/person\/e3f4a11b037d4203902db148f9bc8d5a","name":"LA REDACTION","image":{"@type":"ImageObject","inLanguage":"fr-FR","@id":"https:\/\/www.public.sn\/#\/schema\/person\/image\/","url":"https:\/\/secure.gravatar.com\/avatar\/d6c030db45db2883c075085c5d6c6258654a801a93766b49af0b82d4f454e2a5?s=96&d=mm&r=g","contentUrl":"https:\/\/secure.gravatar.com\/avatar\/d6c030db45db2883c075085c5d6c6258654a801a93766b49af0b82d4f454e2a5?s=96&d=mm&r=g","caption":"LA REDACTION"},"sameAs":["http:\/\/www.public.sn"],"url":"https:\/\/www.public.sn\/index.php\/author\/admin7324\/"}]}},"jetpack_featured_media_url":"https:\/\/www.public.sn\/wp-content\/uploads\/2022\/10\/amadou-sow-mmmm.jpg","jetpack_sharing_enabled":true,"_links":{"self":[{"href":"https:\/\/www.public.sn\/index.php\/wp-json\/wp\/v2\/posts\/3713","targetHints":{"allow":["GET"]}}],"collection":[{"href":"https:\/\/www.public.sn\/index.php\/wp-json\/wp\/v2\/posts"}],"about":[{"href":"https:\/\/www.public.sn\/index.php\/wp-json\/wp\/v2\/types\/post"}],"author":[{"embeddable":true,"href":"https:\/\/www.public.sn\/index.php\/wp-json\/wp\/v2\/users\/1"}],"replies":[{"embeddable":true,"href":"https:\/\/www.public.sn\/index.php\/wp-json\/wp\/v2\/comments?post=3713"}],"version-history":[{"count":2,"href":"https:\/\/www.public.sn\/index.php\/wp-json\/wp\/v2\/posts\/3713\/revisions"}],"predecessor-version":[{"id":3721,"href":"https:\/\/www.public.sn\/index.php\/wp-json\/wp\/v2\/posts\/3713\/revisions\/3721"}],"wp:featuredmedia":[{"embeddable":true,"href":"https:\/\/www.public.sn\/index.php\/wp-json\/wp\/v2\/media\/3719"}],"wp:attachment":[{"href":"https:\/\/www.public.sn\/index.php\/wp-json\/wp\/v2\/media?parent=3713"}],"wp:term":[{"taxonomy":"category","embeddable":true,"href":"https:\/\/www.public.sn\/index.php\/wp-json\/wp\/v2\/categories?post=3713"},{"taxonomy":"post_tag","embeddable":true,"href":"https:\/\/www.public.sn\/index.php\/wp-json\/wp\/v2\/tags?post=3713"}],"curies":[{"name":"wp","href":"https:\/\/api.w.org\/{rel}","templated":true}]}}