{"id":37133,"date":"2025-04-02T12:52:44","date_gmt":"2025-04-02T12:52:44","guid":{"rendered":"https:\/\/www.public.sn\/?p=37133"},"modified":"2025-04-02T12:52:47","modified_gmt":"2025-04-02T12:52:47","slug":"aliou-top-face-a-la-justice-verdict-attendu-le-16-avril","status":"publish","type":"post","link":"https:\/\/www.public.sn\/index.php\/2025\/04\/02\/aliou-top-face-a-la-justice-verdict-attendu-le-16-avril\/","title":{"rendered":"Aliou Top face \u00e0 la justice : verdict attendu le 16 avril"},"content":{"rendered":"\n<p>Le journaliste Aliou Top a comparu ce mercredi 2 avril 2025 devant le tribunal des flagrants d\u00e9lits de Dakar. Il est poursuivi pour diffusion de fausses nouvelles et incitation \u00e0 la discrimination, \u00e0 la suite de d\u00e9clarations pol\u00e9miques sur un suppos\u00e9 projet d\u2019\u00e9lection de pr\u00e9sidents peuls et le financement de la radio Fulbe par la France.<\/p><div class=\"publi-paragraphe1\" style=\"margin-top: 10px;margin-bottom: 10px;margin-left: auto;margin-right: auto;text-align: center;\" id=\"publi-3266458910\"><div class=\"publi-adlabel\">Publicit\u00e9<\/div><script async src=\"\/\/pagead2.googlesyndication.com\/pagead\/js\/adsbygoogle.js?client=ca-pub-4089586018074219\" crossorigin=\"anonymous\"><\/script><ins class=\"adsbygoogle\" style=\"display:block;\" data-ad-client=\"ca-pub-4089586018074219\" \ndata-ad-slot=\"2087940154\" \ndata-ad-format=\"auto\"><\/ins>\n<script> \n(adsbygoogle = window.adsbygoogle || []).push({}); \n<\/script>\n<\/div>\n\n\n\n<h3 class=\"wp-block-heading\"><strong>Un mea culpa devant le tribunal<\/strong><\/h3>\n\n\n\n<p>Lors de l\u2019audience, Aliou Top a reconnu avoir \u00e9t\u00e9 induit en erreur par sa source et a pr\u00e9sent\u00e9 des excuses publiques. Il a expliqu\u00e9 qu\u2019il ne cherchait pas \u00e0 attiser les tensions, mais \u00e0 relayer une information qu\u2019il croyait fiable au moment des faits.<\/p>\n\n\n\n<h3 class=\"wp-block-heading\"><strong>Un r\u00e9quisitoire s\u00e9v\u00e8re, une d\u00e9fense en qu\u00eate de cl\u00e9mence<\/strong><\/h3>\n\n\n\n<p>Le parquet a requis une peine de six mois de prison, dont trois mois fermes, estimant que les propos du journaliste avaient un potentiel dangereux pour la coh\u00e9sion sociale. De son c\u00f4t\u00e9, la d\u00e9fense a plaid\u00e9 la cl\u00e9mence, mettant en avant la bonne foi de son client et son repentir.<\/p>\n\n\n\n<h3 class=\"wp-block-heading\"><strong>Un verdict tr\u00e8s attendu<\/strong><\/h3>\n\n\n\n<p>Le tribunal a mis l\u2019affaire en d\u00e9lib\u00e9r\u00e9 et rendra son verdict le 16 avril 2025. Cette affaire suscite un vif int\u00e9r\u00eat dans le paysage m\u00e9diatique et soul\u00e8ve une nouvelle fois la question de la responsabilit\u00e9 des journalistes dans la diffusion de l\u2019information.<\/p>\n<div class=\"publi-apres-le-contenu\" style=\"margin-top: 10px;margin-bottom: 10px;margin-left: auto;margin-right: auto;text-align: center;\" id=\"publi-3513799762\"><div class=\"publi-adlabel\">Publicit\u00e9<\/div><script async src=\"\/\/pagead2.googlesyndication.com\/pagead\/js\/adsbygoogle.js?client=ca-pub-4089586018074219\" crossorigin=\"anonymous\"><\/script><ins class=\"adsbygoogle\" style=\"display:block;\" data-ad-client=\"ca-pub-4089586018074219\" \ndata-ad-slot=\"2087940154\" \ndata-ad-format=\"auto\"><\/ins>\n<script> \n(adsbygoogle = window.adsbygoogle || []).push({}); \n<\/script>\n<\/div>","protected":false},"excerpt":{"rendered":"<p>Le journaliste Aliou Top a comparu ce mercredi 2 avril 2025 devant le tribunal des flagrants d\u00e9lits de Dakar. Il est poursuivi pour diffusion de fausses nouvelles et incitation \u00e0 la discrimination, \u00e0 la suite de d\u00e9clarations pol\u00e9miques sur un suppos\u00e9 projet d\u2019\u00e9lection de pr\u00e9sidents peuls et le financement de la radio Fulbe par la France. Un mea culpa devant le tribunal Lors de l\u2019audience, Aliou Top a reconnu avoir \u00e9t\u00e9 induit en erreur par sa source et a pr\u00e9sent\u00e9 des excuses publiques. Il a expliqu\u00e9 qu\u2019il ne cherchait pas \u00e0 attiser les tensions, mais \u00e0 relayer une information qu\u2019il croyait fiable au moment des faits. Un r\u00e9quisitoire s\u00e9v\u00e8re, une d\u00e9fense en qu\u00eate de cl\u00e9mence Le parquet a requis une peine de six mois de prison, dont trois mois fermes, estimant que les propos du journaliste avaient un potentiel dangereux pour la coh\u00e9sion sociale. De son c\u00f4t\u00e9, la d\u00e9fense a plaid\u00e9 la cl\u00e9mence, mettant en avant la bonne foi de son client et son repentir. Un verdict tr\u00e8s attendu Le tribunal a mis l\u2019affaire en d\u00e9lib\u00e9r\u00e9 et rendra son verdict le 16 avril 2025. Cette affaire suscite un vif int\u00e9r\u00eat dans le paysage m\u00e9diatique et soul\u00e8ve une nouvelle fois la question de la responsabilit\u00e9 des journalistes dans la diffusion de l\u2019information.<\/p>\n","protected":false},"author":1,"featured_media":37134,"comment_status":"open","ping_status":"open","sticky":false,"template":"","format":"standard","meta":{"_jetpack_memberships_contains_paid_content":false,"footnotes":""},"categories":[375,3,376,1,4],"tags":[7433,7434],"class_list":["post-37133","post","type-post","status-publish","format-standard","has-post-thumbnail","hentry","category-actualites","category-politique","category-securite-justice","category-non-classe","category-societe","tag-aliou-top","tag-peulh","entry","has-media","owp-thumbs-layout-horizontal","owp-btn-normal","owp-tabs-layout-horizontal","has-no-thumbnails","has-product-nav"],"yoast_head":"<!-- This site is optimized with the Yoast SEO plugin v25.5 - https:\/\/yoast.com\/wordpress\/plugins\/seo\/ -->\n<title>Aliou Top face \u00e0 la justice : verdict attendu le 16 avril - LE PUBLIC<\/title>\n<meta name=\"description\" content=\"Le journaliste Aliou Top a comparu ce mercredi 2 avril 2025 devant le tribunal des flagrants d\u00e9lits de Dakar. Il est poursuivi pour diffusion de fausses nouvelles et incitation \u00e0 la discrimination, \u00e0 la suite de d\u00e9clarations pol\u00e9miques sur un suppos\u00e9 projet d\u2019\u00e9lection de pr\u00e9sidents peuls et le financement de la radio Fulbe par la France.\" \/>\n<meta name=\"robots\" content=\"index, follow, max-snippet:-1, max-image-preview:large, max-video-preview:-1\" \/>\n<link rel=\"canonical\" href=\"https:\/\/www.public.sn\/index.php\/2025\/04\/02\/aliou-top-face-a-la-justice-verdict-attendu-le-16-avril\/\" \/>\n<meta property=\"og:locale\" content=\"fr_FR\" \/>\n<meta property=\"og:type\" content=\"article\" \/>\n<meta property=\"og:title\" content=\"Aliou Top face \u00e0 la justice : verdict attendu le 16 avril - LE PUBLIC\" \/>\n<meta property=\"og:description\" content=\"Le journaliste Aliou Top a comparu ce mercredi 2 avril 2025 devant le tribunal des flagrants d\u00e9lits de Dakar. Il est poursuivi pour diffusion de fausses nouvelles et incitation \u00e0 la discrimination, \u00e0 la suite de d\u00e9clarations pol\u00e9miques sur un suppos\u00e9 projet d\u2019\u00e9lection de pr\u00e9sidents peuls et le financement de la radio Fulbe par la France.\" \/>\n<meta property=\"og:url\" content=\"https:\/\/www.public.sn\/index.php\/2025\/04\/02\/aliou-top-face-a-la-justice-verdict-attendu-le-16-avril\/\" \/>\n<meta property=\"og:site_name\" content=\"LE PUBLIC\" \/>\n<meta property=\"article:published_time\" content=\"2025-04-02T12:52:44+00:00\" \/>\n<meta property=\"article:modified_time\" content=\"2025-04-02T12:52:47+00:00\" \/>\n<meta property=\"og:image\" content=\"https:\/\/www.public.sn\/wp-content\/uploads\/2025\/04\/Aliou-Top-sne.jpg\" \/>\n\t<meta property=\"og:image:width\" content=\"750\" \/>\n\t<meta property=\"og:image:height\" content=\"430\" \/>\n\t<meta property=\"og:image:type\" content=\"image\/jpeg\" \/>\n<meta name=\"author\" content=\"LA REDACTION\" \/>\n<meta name=\"twitter:card\" content=\"summary_large_image\" \/>\n<meta name=\"twitter:label1\" content=\"\u00c9crit par\" \/>\n\t<meta name=\"twitter:data1\" content=\"LA REDACTION\" \/>\n\t<meta name=\"twitter:label2\" content=\"Dur\u00e9e de lecture estim\u00e9e\" \/>\n\t<meta name=\"twitter:data2\" content=\"2 minutes\" \/>\n<script type=\"application\/ld+json\" class=\"yoast-schema-graph\">{\"@context\":\"https:\/\/schema.org\",\"@graph\":[{\"@type\":\"Article\",\"@id\":\"https:\/\/www.public.sn\/index.php\/2025\/04\/02\/aliou-top-face-a-la-justice-verdict-attendu-le-16-avril\/#article\",\"isPartOf\":{\"@id\":\"https:\/\/www.public.sn\/index.php\/2025\/04\/02\/aliou-top-face-a-la-justice-verdict-attendu-le-16-avril\/\"},\"author\":{\"name\":\"LA REDACTION\",\"@id\":\"https:\/\/www.public.sn\/#\/schema\/person\/e3f4a11b037d4203902db148f9bc8d5a\"},\"headline\":\"Aliou Top face \u00e0 la justice : verdict attendu le 16 avril\",\"datePublished\":\"2025-04-02T12:52:44+00:00\",\"dateModified\":\"2025-04-02T12:52:47+00:00\",\"mainEntityOfPage\":{\"@id\":\"https:\/\/www.public.sn\/index.php\/2025\/04\/02\/aliou-top-face-a-la-justice-verdict-attendu-le-16-avril\/\"},\"wordCount\":240,\"commentCount\":0,\"publisher\":{\"@id\":\"https:\/\/www.public.sn\/#organization\"},\"image\":{\"@id\":\"https:\/\/www.public.sn\/index.php\/2025\/04\/02\/aliou-top-face-a-la-justice-verdict-attendu-le-16-avril\/#primaryimage\"},\"thumbnailUrl\":\"https:\/\/www.public.sn\/wp-content\/uploads\/2025\/04\/Aliou-Top-sne.jpg\",\"keywords\":[\"Aliou Top\",\"Peulh\"],\"articleSection\":[\"ACTUALIT\u00c9S\",\"POLITIQUE\",\"S\u00c9CURIT\u00c9 &amp; JUSTICE\",\"S\u00c9N\u00c9GAL\",\"SOCIETE\"],\"inLanguage\":\"fr-FR\",\"potentialAction\":[{\"@type\":\"CommentAction\",\"name\":\"Comment\",\"target\":[\"https:\/\/www.public.sn\/index.php\/2025\/04\/02\/aliou-top-face-a-la-justice-verdict-attendu-le-16-avril\/#respond\"]}]},{\"@type\":\"WebPage\",\"@id\":\"https:\/\/www.public.sn\/index.php\/2025\/04\/02\/aliou-top-face-a-la-justice-verdict-attendu-le-16-avril\/\",\"url\":\"https:\/\/www.public.sn\/index.php\/2025\/04\/02\/aliou-top-face-a-la-justice-verdict-attendu-le-16-avril\/\",\"name\":\"Aliou Top face \u00e0 la justice : verdict attendu le 16 avril - LE PUBLIC\",\"isPartOf\":{\"@id\":\"https:\/\/www.public.sn\/#website\"},\"primaryImageOfPage\":{\"@id\":\"https:\/\/www.public.sn\/index.php\/2025\/04\/02\/aliou-top-face-a-la-justice-verdict-attendu-le-16-avril\/#primaryimage\"},\"image\":{\"@id\":\"https:\/\/www.public.sn\/index.php\/2025\/04\/02\/aliou-top-face-a-la-justice-verdict-attendu-le-16-avril\/#primaryimage\"},\"thumbnailUrl\":\"https:\/\/www.public.sn\/wp-content\/uploads\/2025\/04\/Aliou-Top-sne.jpg\",\"datePublished\":\"2025-04-02T12:52:44+00:00\",\"dateModified\":\"2025-04-02T12:52:47+00:00\",\"description\":\"Le journaliste Aliou Top a comparu ce mercredi 2 avril 2025 devant le tribunal des flagrants d\u00e9lits de Dakar. Il est poursuivi pour diffusion de fausses nouvelles et incitation \u00e0 la discrimination, \u00e0 la suite de d\u00e9clarations pol\u00e9miques sur un suppos\u00e9 projet d\u2019\u00e9lection de pr\u00e9sidents peuls et le financement de la radio Fulbe par la France.\",\"breadcrumb\":{\"@id\":\"https:\/\/www.public.sn\/index.php\/2025\/04\/02\/aliou-top-face-a-la-justice-verdict-attendu-le-16-avril\/#breadcrumb\"},\"inLanguage\":\"fr-FR\",\"potentialAction\":[{\"@type\":\"ReadAction\",\"target\":[\"https:\/\/www.public.sn\/index.php\/2025\/04\/02\/aliou-top-face-a-la-justice-verdict-attendu-le-16-avril\/\"]}]},{\"@type\":\"ImageObject\",\"inLanguage\":\"fr-FR\",\"@id\":\"https:\/\/www.public.sn\/index.php\/2025\/04\/02\/aliou-top-face-a-la-justice-verdict-attendu-le-16-avril\/#primaryimage\",\"url\":\"https:\/\/www.public.sn\/wp-content\/uploads\/2025\/04\/Aliou-Top-sne.jpg\",\"contentUrl\":\"https:\/\/www.public.sn\/wp-content\/uploads\/2025\/04\/Aliou-Top-sne.jpg\",\"width\":750,\"height\":430},{\"@type\":\"BreadcrumbList\",\"@id\":\"https:\/\/www.public.sn\/index.php\/2025\/04\/02\/aliou-top-face-a-la-justice-verdict-attendu-le-16-avril\/#breadcrumb\",\"itemListElement\":[{\"@type\":\"ListItem\",\"position\":1,\"name\":\"Accueil\",\"item\":\"https:\/\/www.public.sn\/\"},{\"@type\":\"ListItem\",\"position\":2,\"name\":\"Aliou Top face \u00e0 la justice : verdict attendu le 16 avril\"}]},{\"@type\":\"WebSite\",\"@id\":\"https:\/\/www.public.sn\/#website\",\"url\":\"https:\/\/www.public.sn\/\",\"name\":\"LE PUBLIC\",\"description\":\"\",\"publisher\":{\"@id\":\"https:\/\/www.public.sn\/#organization\"},\"potentialAction\":[{\"@type\":\"SearchAction\",\"target\":{\"@type\":\"EntryPoint\",\"urlTemplate\":\"https:\/\/www.public.sn\/?s={search_term_string}\"},\"query-input\":{\"@type\":\"PropertyValueSpecification\",\"valueRequired\":true,\"valueName\":\"search_term_string\"}}],\"inLanguage\":\"fr-FR\"},{\"@type\":\"Organization\",\"@id\":\"https:\/\/www.public.sn\/#organization\",\"name\":\"LE PUBLIC\",\"url\":\"https:\/\/www.public.sn\/\",\"logo\":{\"@type\":\"ImageObject\",\"inLanguage\":\"fr-FR\",\"@id\":\"https:\/\/www.public.sn\/#\/schema\/logo\/image\/\",\"url\":\"https:\/\/www.public.sn\/wp-content\/uploads\/2024\/05\/cropped-LOGO-PUBLIC.SN_.png\",\"contentUrl\":\"https:\/\/www.public.sn\/wp-content\/uploads\/2024\/05\/cropped-LOGO-PUBLIC.SN_.png\",\"width\":682,\"height\":192,\"caption\":\"LE PUBLIC\"},\"image\":{\"@id\":\"https:\/\/www.public.sn\/#\/schema\/logo\/image\/\"}},{\"@type\":\"Person\",\"@id\":\"https:\/\/www.public.sn\/#\/schema\/person\/e3f4a11b037d4203902db148f9bc8d5a\",\"name\":\"LA REDACTION\",\"image\":{\"@type\":\"ImageObject\",\"inLanguage\":\"fr-FR\",\"@id\":\"https:\/\/www.public.sn\/#\/schema\/person\/image\/\",\"url\":\"https:\/\/secure.gravatar.com\/avatar\/d6c030db45db2883c075085c5d6c6258654a801a93766b49af0b82d4f454e2a5?s=96&d=mm&r=g\",\"contentUrl\":\"https:\/\/secure.gravatar.com\/avatar\/d6c030db45db2883c075085c5d6c6258654a801a93766b49af0b82d4f454e2a5?s=96&d=mm&r=g\",\"caption\":\"LA REDACTION\"},\"sameAs\":[\"http:\/\/www.public.sn\"],\"url\":\"https:\/\/www.public.sn\/index.php\/author\/admin7324\/\"}]}<\/script>\n<!-- \/ Yoast SEO plugin. -->","yoast_head_json":{"title":"Aliou Top face \u00e0 la justice : verdict attendu le 16 avril - LE PUBLIC","description":"Le journaliste Aliou Top a comparu ce mercredi 2 avril 2025 devant le tribunal des flagrants d\u00e9lits de Dakar. Il est poursuivi pour diffusion de fausses nouvelles et incitation \u00e0 la discrimination, \u00e0 la suite de d\u00e9clarations pol\u00e9miques sur un suppos\u00e9 projet d\u2019\u00e9lection de pr\u00e9sidents peuls et le financement de la radio Fulbe par la France.","robots":{"index":"index","follow":"follow","max-snippet":"max-snippet:-1","max-image-preview":"max-image-preview:large","max-video-preview":"max-video-preview:-1"},"canonical":"https:\/\/www.public.sn\/index.php\/2025\/04\/02\/aliou-top-face-a-la-justice-verdict-attendu-le-16-avril\/","og_locale":"fr_FR","og_type":"article","og_title":"Aliou Top face \u00e0 la justice : verdict attendu le 16 avril - LE PUBLIC","og_description":"Le journaliste Aliou Top a comparu ce mercredi 2 avril 2025 devant le tribunal des flagrants d\u00e9lits de Dakar. Il est poursuivi pour diffusion de fausses nouvelles et incitation \u00e0 la discrimination, \u00e0 la suite de d\u00e9clarations pol\u00e9miques sur un suppos\u00e9 projet d\u2019\u00e9lection de pr\u00e9sidents peuls et le financement de la radio Fulbe par la France.","og_url":"https:\/\/www.public.sn\/index.php\/2025\/04\/02\/aliou-top-face-a-la-justice-verdict-attendu-le-16-avril\/","og_site_name":"LE PUBLIC","article_published_time":"2025-04-02T12:52:44+00:00","article_modified_time":"2025-04-02T12:52:47+00:00","og_image":[{"width":750,"height":430,"url":"https:\/\/www.public.sn\/wp-content\/uploads\/2025\/04\/Aliou-Top-sne.jpg","type":"image\/jpeg"}],"author":"LA REDACTION","twitter_card":"summary_large_image","twitter_misc":{"\u00c9crit par":"LA REDACTION","Dur\u00e9e de lecture estim\u00e9e":"2 minutes"},"schema":{"@context":"https:\/\/schema.org","@graph":[{"@type":"Article","@id":"https:\/\/www.public.sn\/index.php\/2025\/04\/02\/aliou-top-face-a-la-justice-verdict-attendu-le-16-avril\/#article","isPartOf":{"@id":"https:\/\/www.public.sn\/index.php\/2025\/04\/02\/aliou-top-face-a-la-justice-verdict-attendu-le-16-avril\/"},"author":{"name":"LA REDACTION","@id":"https:\/\/www.public.sn\/#\/schema\/person\/e3f4a11b037d4203902db148f9bc8d5a"},"headline":"Aliou Top face \u00e0 la justice : verdict attendu le 16 avril","datePublished":"2025-04-02T12:52:44+00:00","dateModified":"2025-04-02T12:52:47+00:00","mainEntityOfPage":{"@id":"https:\/\/www.public.sn\/index.php\/2025\/04\/02\/aliou-top-face-a-la-justice-verdict-attendu-le-16-avril\/"},"wordCount":240,"commentCount":0,"publisher":{"@id":"https:\/\/www.public.sn\/#organization"},"image":{"@id":"https:\/\/www.public.sn\/index.php\/2025\/04\/02\/aliou-top-face-a-la-justice-verdict-attendu-le-16-avril\/#primaryimage"},"thumbnailUrl":"https:\/\/www.public.sn\/wp-content\/uploads\/2025\/04\/Aliou-Top-sne.jpg","keywords":["Aliou Top","Peulh"],"articleSection":["ACTUALIT\u00c9S","POLITIQUE","S\u00c9CURIT\u00c9 &amp; JUSTICE","S\u00c9N\u00c9GAL","SOCIETE"],"inLanguage":"fr-FR","potentialAction":[{"@type":"CommentAction","name":"Comment","target":["https:\/\/www.public.sn\/index.php\/2025\/04\/02\/aliou-top-face-a-la-justice-verdict-attendu-le-16-avril\/#respond"]}]},{"@type":"WebPage","@id":"https:\/\/www.public.sn\/index.php\/2025\/04\/02\/aliou-top-face-a-la-justice-verdict-attendu-le-16-avril\/","url":"https:\/\/www.public.sn\/index.php\/2025\/04\/02\/aliou-top-face-a-la-justice-verdict-attendu-le-16-avril\/","name":"Aliou Top face \u00e0 la justice : verdict attendu le 16 avril - LE PUBLIC","isPartOf":{"@id":"https:\/\/www.public.sn\/#website"},"primaryImageOfPage":{"@id":"https:\/\/www.public.sn\/index.php\/2025\/04\/02\/aliou-top-face-a-la-justice-verdict-attendu-le-16-avril\/#primaryimage"},"image":{"@id":"https:\/\/www.public.sn\/index.php\/2025\/04\/02\/aliou-top-face-a-la-justice-verdict-attendu-le-16-avril\/#primaryimage"},"thumbnailUrl":"https:\/\/www.public.sn\/wp-content\/uploads\/2025\/04\/Aliou-Top-sne.jpg","datePublished":"2025-04-02T12:52:44+00:00","dateModified":"2025-04-02T12:52:47+00:00","description":"Le journaliste Aliou Top a comparu ce mercredi 2 avril 2025 devant le tribunal des flagrants d\u00e9lits de Dakar. Il est poursuivi pour diffusion de fausses nouvelles et incitation \u00e0 la discrimination, \u00e0 la suite de d\u00e9clarations pol\u00e9miques sur un suppos\u00e9 projet d\u2019\u00e9lection de pr\u00e9sidents peuls et le financement de la radio Fulbe par la France.","breadcrumb":{"@id":"https:\/\/www.public.sn\/index.php\/2025\/04\/02\/aliou-top-face-a-la-justice-verdict-attendu-le-16-avril\/#breadcrumb"},"inLanguage":"fr-FR","potentialAction":[{"@type":"ReadAction","target":["https:\/\/www.public.sn\/index.php\/2025\/04\/02\/aliou-top-face-a-la-justice-verdict-attendu-le-16-avril\/"]}]},{"@type":"ImageObject","inLanguage":"fr-FR","@id":"https:\/\/www.public.sn\/index.php\/2025\/04\/02\/aliou-top-face-a-la-justice-verdict-attendu-le-16-avril\/#primaryimage","url":"https:\/\/www.public.sn\/wp-content\/uploads\/2025\/04\/Aliou-Top-sne.jpg","contentUrl":"https:\/\/www.public.sn\/wp-content\/uploads\/2025\/04\/Aliou-Top-sne.jpg","width":750,"height":430},{"@type":"BreadcrumbList","@id":"https:\/\/www.public.sn\/index.php\/2025\/04\/02\/aliou-top-face-a-la-justice-verdict-attendu-le-16-avril\/#breadcrumb","itemListElement":[{"@type":"ListItem","position":1,"name":"Accueil","item":"https:\/\/www.public.sn\/"},{"@type":"ListItem","position":2,"name":"Aliou Top face \u00e0 la justice : verdict attendu le 16 avril"}]},{"@type":"WebSite","@id":"https:\/\/www.public.sn\/#website","url":"https:\/\/www.public.sn\/","name":"LE PUBLIC","description":"","publisher":{"@id":"https:\/\/www.public.sn\/#organization"},"potentialAction":[{"@type":"SearchAction","target":{"@type":"EntryPoint","urlTemplate":"https:\/\/www.public.sn\/?s={search_term_string}"},"query-input":{"@type":"PropertyValueSpecification","valueRequired":true,"valueName":"search_term_string"}}],"inLanguage":"fr-FR"},{"@type":"Organization","@id":"https:\/\/www.public.sn\/#organization","name":"LE PUBLIC","url":"https:\/\/www.public.sn\/","logo":{"@type":"ImageObject","inLanguage":"fr-FR","@id":"https:\/\/www.public.sn\/#\/schema\/logo\/image\/","url":"https:\/\/www.public.sn\/wp-content\/uploads\/2024\/05\/cropped-LOGO-PUBLIC.SN_.png","contentUrl":"https:\/\/www.public.sn\/wp-content\/uploads\/2024\/05\/cropped-LOGO-PUBLIC.SN_.png","width":682,"height":192,"caption":"LE PUBLIC"},"image":{"@id":"https:\/\/www.public.sn\/#\/schema\/logo\/image\/"}},{"@type":"Person","@id":"https:\/\/www.public.sn\/#\/schema\/person\/e3f4a11b037d4203902db148f9bc8d5a","name":"LA REDACTION","image":{"@type":"ImageObject","inLanguage":"fr-FR","@id":"https:\/\/www.public.sn\/#\/schema\/person\/image\/","url":"https:\/\/secure.gravatar.com\/avatar\/d6c030db45db2883c075085c5d6c6258654a801a93766b49af0b82d4f454e2a5?s=96&d=mm&r=g","contentUrl":"https:\/\/secure.gravatar.com\/avatar\/d6c030db45db2883c075085c5d6c6258654a801a93766b49af0b82d4f454e2a5?s=96&d=mm&r=g","caption":"LA REDACTION"},"sameAs":["http:\/\/www.public.sn"],"url":"https:\/\/www.public.sn\/index.php\/author\/admin7324\/"}]}},"jetpack_featured_media_url":"https:\/\/www.public.sn\/wp-content\/uploads\/2025\/04\/Aliou-Top-sne.jpg","jetpack_sharing_enabled":true,"_links":{"self":[{"href":"https:\/\/www.public.sn\/index.php\/wp-json\/wp\/v2\/posts\/37133","targetHints":{"allow":["GET"]}}],"collection":[{"href":"https:\/\/www.public.sn\/index.php\/wp-json\/wp\/v2\/posts"}],"about":[{"href":"https:\/\/www.public.sn\/index.php\/wp-json\/wp\/v2\/types\/post"}],"author":[{"embeddable":true,"href":"https:\/\/www.public.sn\/index.php\/wp-json\/wp\/v2\/users\/1"}],"replies":[{"embeddable":true,"href":"https:\/\/www.public.sn\/index.php\/wp-json\/wp\/v2\/comments?post=37133"}],"version-history":[{"count":1,"href":"https:\/\/www.public.sn\/index.php\/wp-json\/wp\/v2\/posts\/37133\/revisions"}],"predecessor-version":[{"id":37135,"href":"https:\/\/www.public.sn\/index.php\/wp-json\/wp\/v2\/posts\/37133\/revisions\/37135"}],"wp:featuredmedia":[{"embeddable":true,"href":"https:\/\/www.public.sn\/index.php\/wp-json\/wp\/v2\/media\/37134"}],"wp:attachment":[{"href":"https:\/\/www.public.sn\/index.php\/wp-json\/wp\/v2\/media?parent=37133"}],"wp:term":[{"taxonomy":"category","embeddable":true,"href":"https:\/\/www.public.sn\/index.php\/wp-json\/wp\/v2\/categories?post=37133"},{"taxonomy":"post_tag","embeddable":true,"href":"https:\/\/www.public.sn\/index.php\/wp-json\/wp\/v2\/tags?post=37133"}],"curies":[{"name":"wp","href":"https:\/\/api.w.org\/{rel}","templated":true}]}}