{"id":37206,"date":"2025-04-07T09:30:16","date_gmt":"2025-04-07T09:30:16","guid":{"rendered":"https:\/\/www.public.sn\/?p=37206"},"modified":"2025-04-07T09:30:27","modified_gmt":"2025-04-07T09:30:27","slug":"reformes-institutionnelles-lapr-exige-un-referendum-et-interpelle-le-pouvoir","status":"publish","type":"post","link":"https:\/\/www.public.sn\/index.php\/2025\/04\/07\/reformes-institutionnelles-lapr-exige-un-referendum-et-interpelle-le-pouvoir\/","title":{"rendered":"R\u00e9formes institutionnelles : l\u2019APR exige un r\u00e9f\u00e9rendum et interpelle le pouvoir"},"content":{"rendered":"\n<p>Dans un communiqu\u00e9 publi\u00e9 ce dimanche, l\u2019Alliance pour la R\u00e9publique (APR) a exprim\u00e9 ses inqui\u00e9tudes face aux r\u00e9formes engag\u00e9es par le r\u00e9gime de Bassirou Diomaye Faye. Le parti de l\u2019ancien pr\u00e9sident Macky Sall exige que toute modification du r\u00e9gime politique soit soumise \u00e0 r\u00e9f\u00e9rendum. L\u2019APR appelle \u00e9galement les autorit\u00e9s \u00e0 se concentrer sur les urgences sociales, tout en adressant un message de paix \u00e0 la communaut\u00e9 catholique en cette p\u00e9riode de Car\u00eame.<\/p><div class=\"publi-paragraphe1\" style=\"margin-top: 10px;margin-bottom: 10px;margin-left: auto;margin-right: auto;text-align: center;\" id=\"publi-2302121091\"><div class=\"publi-adlabel\">Publicit\u00e9<\/div><script async src=\"\/\/pagead2.googlesyndication.com\/pagead\/js\/adsbygoogle.js?client=ca-pub-4089586018074219\" crossorigin=\"anonymous\"><\/script><ins class=\"adsbygoogle\" style=\"display:block;\" data-ad-client=\"ca-pub-4089586018074219\" \ndata-ad-slot=\"2087940154\" \ndata-ad-format=\"auto\"><\/ins>\n<script> \n(adsbygoogle = window.adsbygoogle || []).push({}); \n<\/script>\n<\/div>\n\n\n\n<p>Les proches de l\u2019ancien chef de l\u2019\u00c9tat, Macky Sall, r\u00e9clament des clarifications imm\u00e9diates sur les r\u00e9formes institutionnelles en cours. Selon eux, le v\u00e9ritable agenda devrait porter sur les urgences sociales telles que la flamb\u00e9e du co\u00fbt de la vie, le ch\u00f4mage massif des jeunes, la mont\u00e9e de l\u2019ins\u00e9curit\u00e9 et les arrestations arbitraires visant des acteurs politiques et \u00e9conomiques.<\/p>\n\n\n\n<p>L\u2019APR insiste avec force sur le respect de la souverainet\u00e9 populaire, rappelant que seul le peuple s\u00e9n\u00e9galais, par une approbation directe, peut l\u00e9gitimement valider un changement aussi majeur de l\u2019architecture institutionnelle du pays.<\/p>\n\n\n\n<p>Dans un \u00e9lan d\u2019unit\u00e9 et de respect interreligieux, le SEN a par ailleurs adress\u00e9 un message de paix et de solidarit\u00e9 \u00e0 la communaut\u00e9 catholique \u00e0 l\u2019occasion du Car\u00eame, formulant des v\u0153ux de recueillement et de pri\u00e8res pour le salut du S\u00e9n\u00e9gal.<\/p>\n<div class=\"publi-apres-le-contenu\" style=\"margin-top: 10px;margin-bottom: 10px;margin-left: auto;margin-right: auto;text-align: center;\" id=\"publi-1976924116\"><div class=\"publi-adlabel\">Publicit\u00e9<\/div><script async src=\"\/\/pagead2.googlesyndication.com\/pagead\/js\/adsbygoogle.js?client=ca-pub-4089586018074219\" crossorigin=\"anonymous\"><\/script><ins class=\"adsbygoogle\" style=\"display:block;\" data-ad-client=\"ca-pub-4089586018074219\" \ndata-ad-slot=\"2087940154\" \ndata-ad-format=\"auto\"><\/ins>\n<script> \n(adsbygoogle = window.adsbygoogle || []).push({}); \n<\/script>\n<\/div>","protected":false},"excerpt":{"rendered":"<p>Dans un communiqu\u00e9 publi\u00e9 ce dimanche, l\u2019Alliance pour la R\u00e9publique (APR) a exprim\u00e9 ses inqui\u00e9tudes face aux r\u00e9formes engag\u00e9es par le r\u00e9gime de Bassirou Diomaye Faye. Le parti de l\u2019ancien pr\u00e9sident Macky Sall exige que toute modification du r\u00e9gime politique soit soumise \u00e0 r\u00e9f\u00e9rendum. L\u2019APR appelle \u00e9galement les autorit\u00e9s \u00e0 se concentrer sur les urgences sociales, tout en adressant un message de paix \u00e0 la communaut\u00e9 catholique en cette p\u00e9riode de Car\u00eame. Les proches de l\u2019ancien chef de l\u2019\u00c9tat, Macky Sall, r\u00e9clament des clarifications imm\u00e9diates sur les r\u00e9formes institutionnelles en cours. Selon eux, le v\u00e9ritable agenda devrait porter sur les urgences sociales telles que la flamb\u00e9e du co\u00fbt de la vie, le ch\u00f4mage massif des jeunes, la mont\u00e9e de l\u2019ins\u00e9curit\u00e9 et les arrestations arbitraires visant des acteurs politiques et \u00e9conomiques. L\u2019APR insiste avec force sur le respect de la souverainet\u00e9 populaire, rappelant que seul le peuple s\u00e9n\u00e9galais, par une approbation directe, peut l\u00e9gitimement valider un changement aussi majeur de l\u2019architecture institutionnelle du pays. Dans un \u00e9lan d\u2019unit\u00e9 et de respect interreligieux, le SEN a par ailleurs adress\u00e9 un message de paix et de solidarit\u00e9 \u00e0 la communaut\u00e9 catholique \u00e0 l\u2019occasion du Car\u00eame, formulant des v\u0153ux de recueillement et de pri\u00e8res pour le salut du S\u00e9n\u00e9gal.<\/p>\n","protected":false},"author":1,"featured_media":34306,"comment_status":"open","ping_status":"open","sticky":false,"template":"","format":"standard","meta":{"_jetpack_memberships_contains_paid_content":false,"footnotes":""},"categories":[375,9,3],"tags":[742,7443],"class_list":["post-37206","post","type-post","status-publish","format-standard","has-post-thumbnail","hentry","category-actualites","category-communique","category-politique","tag-apr","tag-reformes-institutionnelles","entry","has-media","owp-thumbs-layout-horizontal","owp-btn-normal","owp-tabs-layout-horizontal","has-no-thumbnails","has-product-nav"],"yoast_head":"<!-- This site is optimized with the Yoast SEO plugin v25.5 - https:\/\/yoast.com\/wordpress\/plugins\/seo\/ -->\n<title>R\u00e9formes institutionnelles : l\u2019APR exige un r\u00e9f\u00e9rendum et interpelle le pouvoir - LE PUBLIC<\/title>\n<meta name=\"description\" content=\"Dans un communiqu\u00e9 publi\u00e9 ce dimanche, l\u2019Alliance pour la R\u00e9publique (APR) a exprim\u00e9 ses inqui\u00e9tudes face aux r\u00e9formes engag\u00e9es par le r\u00e9gime de Bassirou Diomaye Faye. Le parti de l\u2019ancien pr\u00e9sident Macky Sall exige que toute modification du r\u00e9gime politique soit soumise \u00e0 r\u00e9f\u00e9rendum. L\u2019APR appelle \u00e9galement les autorit\u00e9s \u00e0 se concentrer sur les urgences sociales, tout en adressant un message de paix \u00e0 la communaut\u00e9 catholique en cette p\u00e9riode de Car\u00eame.\" \/>\n<meta name=\"robots\" content=\"index, follow, max-snippet:-1, max-image-preview:large, max-video-preview:-1\" \/>\n<link rel=\"canonical\" href=\"https:\/\/www.public.sn\/index.php\/2025\/04\/07\/reformes-institutionnelles-lapr-exige-un-referendum-et-interpelle-le-pouvoir\/\" \/>\n<meta property=\"og:locale\" content=\"fr_FR\" \/>\n<meta property=\"og:type\" content=\"article\" \/>\n<meta property=\"og:title\" content=\"R\u00e9formes institutionnelles : l\u2019APR exige un r\u00e9f\u00e9rendum et interpelle le pouvoir - LE PUBLIC\" \/>\n<meta property=\"og:description\" content=\"Dans un communiqu\u00e9 publi\u00e9 ce dimanche, l\u2019Alliance pour la R\u00e9publique (APR) a exprim\u00e9 ses inqui\u00e9tudes face aux r\u00e9formes engag\u00e9es par le r\u00e9gime de Bassirou Diomaye Faye. Le parti de l\u2019ancien pr\u00e9sident Macky Sall exige que toute modification du r\u00e9gime politique soit soumise \u00e0 r\u00e9f\u00e9rendum. L\u2019APR appelle \u00e9galement les autorit\u00e9s \u00e0 se concentrer sur les urgences sociales, tout en adressant un message de paix \u00e0 la communaut\u00e9 catholique en cette p\u00e9riode de Car\u00eame.\" \/>\n<meta property=\"og:url\" content=\"https:\/\/www.public.sn\/index.php\/2025\/04\/07\/reformes-institutionnelles-lapr-exige-un-referendum-et-interpelle-le-pouvoir\/\" \/>\n<meta property=\"og:site_name\" content=\"LE PUBLIC\" \/>\n<meta property=\"article:published_time\" content=\"2025-04-07T09:30:16+00:00\" \/>\n<meta property=\"article:modified_time\" content=\"2025-04-07T09:30:27+00:00\" \/>\n<meta property=\"og:image\" content=\"https:\/\/www.public.sn\/wp-content\/uploads\/2024\/07\/apr.webp\" \/>\n\t<meta property=\"og:image:width\" content=\"1024\" \/>\n\t<meta property=\"og:image:height\" content=\"540\" \/>\n\t<meta property=\"og:image:type\" content=\"image\/webp\" \/>\n<meta name=\"author\" content=\"LA REDACTION\" \/>\n<meta name=\"twitter:card\" content=\"summary_large_image\" \/>\n<meta name=\"twitter:label1\" content=\"\u00c9crit par\" \/>\n\t<meta name=\"twitter:data1\" content=\"LA REDACTION\" \/>\n\t<meta name=\"twitter:label2\" content=\"Dur\u00e9e de lecture estim\u00e9e\" \/>\n\t<meta name=\"twitter:data2\" content=\"2 minutes\" \/>\n<script type=\"application\/ld+json\" class=\"yoast-schema-graph\">{\"@context\":\"https:\/\/schema.org\",\"@graph\":[{\"@type\":\"Article\",\"@id\":\"https:\/\/www.public.sn\/index.php\/2025\/04\/07\/reformes-institutionnelles-lapr-exige-un-referendum-et-interpelle-le-pouvoir\/#article\",\"isPartOf\":{\"@id\":\"https:\/\/www.public.sn\/index.php\/2025\/04\/07\/reformes-institutionnelles-lapr-exige-un-referendum-et-interpelle-le-pouvoir\/\"},\"author\":{\"name\":\"LA REDACTION\",\"@id\":\"https:\/\/www.public.sn\/#\/schema\/person\/e3f4a11b037d4203902db148f9bc8d5a\"},\"headline\":\"R\u00e9formes institutionnelles : l\u2019APR exige un r\u00e9f\u00e9rendum et interpelle le pouvoir\",\"datePublished\":\"2025-04-07T09:30:16+00:00\",\"dateModified\":\"2025-04-07T09:30:27+00:00\",\"mainEntityOfPage\":{\"@id\":\"https:\/\/www.public.sn\/index.php\/2025\/04\/07\/reformes-institutionnelles-lapr-exige-un-referendum-et-interpelle-le-pouvoir\/\"},\"wordCount\":253,\"commentCount\":0,\"publisher\":{\"@id\":\"https:\/\/www.public.sn\/#organization\"},\"image\":{\"@id\":\"https:\/\/www.public.sn\/index.php\/2025\/04\/07\/reformes-institutionnelles-lapr-exige-un-referendum-et-interpelle-le-pouvoir\/#primaryimage\"},\"thumbnailUrl\":\"https:\/\/www.public.sn\/wp-content\/uploads\/2024\/07\/apr.webp\",\"keywords\":[\"Apr\",\"R\u00e9formes institutionnelles\"],\"articleSection\":[\"ACTUALIT\u00c9S\",\"COMMUNIQU\u00c9\",\"POLITIQUE\"],\"inLanguage\":\"fr-FR\",\"potentialAction\":[{\"@type\":\"CommentAction\",\"name\":\"Comment\",\"target\":[\"https:\/\/www.public.sn\/index.php\/2025\/04\/07\/reformes-institutionnelles-lapr-exige-un-referendum-et-interpelle-le-pouvoir\/#respond\"]}]},{\"@type\":\"WebPage\",\"@id\":\"https:\/\/www.public.sn\/index.php\/2025\/04\/07\/reformes-institutionnelles-lapr-exige-un-referendum-et-interpelle-le-pouvoir\/\",\"url\":\"https:\/\/www.public.sn\/index.php\/2025\/04\/07\/reformes-institutionnelles-lapr-exige-un-referendum-et-interpelle-le-pouvoir\/\",\"name\":\"R\u00e9formes institutionnelles : l\u2019APR exige un r\u00e9f\u00e9rendum et interpelle le pouvoir - LE PUBLIC\",\"isPartOf\":{\"@id\":\"https:\/\/www.public.sn\/#website\"},\"primaryImageOfPage\":{\"@id\":\"https:\/\/www.public.sn\/index.php\/2025\/04\/07\/reformes-institutionnelles-lapr-exige-un-referendum-et-interpelle-le-pouvoir\/#primaryimage\"},\"image\":{\"@id\":\"https:\/\/www.public.sn\/index.php\/2025\/04\/07\/reformes-institutionnelles-lapr-exige-un-referendum-et-interpelle-le-pouvoir\/#primaryimage\"},\"thumbnailUrl\":\"https:\/\/www.public.sn\/wp-content\/uploads\/2024\/07\/apr.webp\",\"datePublished\":\"2025-04-07T09:30:16+00:00\",\"dateModified\":\"2025-04-07T09:30:27+00:00\",\"description\":\"Dans un communiqu\u00e9 publi\u00e9 ce dimanche, l\u2019Alliance pour la R\u00e9publique (APR) a exprim\u00e9 ses inqui\u00e9tudes face aux r\u00e9formes engag\u00e9es par le r\u00e9gime de Bassirou Diomaye Faye. Le parti de l\u2019ancien pr\u00e9sident Macky Sall exige que toute modification du r\u00e9gime politique soit soumise \u00e0 r\u00e9f\u00e9rendum. L\u2019APR appelle \u00e9galement les autorit\u00e9s \u00e0 se concentrer sur les urgences sociales, tout en adressant un message de paix \u00e0 la communaut\u00e9 catholique en cette p\u00e9riode de Car\u00eame.\",\"breadcrumb\":{\"@id\":\"https:\/\/www.public.sn\/index.php\/2025\/04\/07\/reformes-institutionnelles-lapr-exige-un-referendum-et-interpelle-le-pouvoir\/#breadcrumb\"},\"inLanguage\":\"fr-FR\",\"potentialAction\":[{\"@type\":\"ReadAction\",\"target\":[\"https:\/\/www.public.sn\/index.php\/2025\/04\/07\/reformes-institutionnelles-lapr-exige-un-referendum-et-interpelle-le-pouvoir\/\"]}]},{\"@type\":\"ImageObject\",\"inLanguage\":\"fr-FR\",\"@id\":\"https:\/\/www.public.sn\/index.php\/2025\/04\/07\/reformes-institutionnelles-lapr-exige-un-referendum-et-interpelle-le-pouvoir\/#primaryimage\",\"url\":\"https:\/\/www.public.sn\/wp-content\/uploads\/2024\/07\/apr.webp\",\"contentUrl\":\"https:\/\/www.public.sn\/wp-content\/uploads\/2024\/07\/apr.webp\",\"width\":1024,\"height\":540},{\"@type\":\"BreadcrumbList\",\"@id\":\"https:\/\/www.public.sn\/index.php\/2025\/04\/07\/reformes-institutionnelles-lapr-exige-un-referendum-et-interpelle-le-pouvoir\/#breadcrumb\",\"itemListElement\":[{\"@type\":\"ListItem\",\"position\":1,\"name\":\"Accueil\",\"item\":\"https:\/\/www.public.sn\/\"},{\"@type\":\"ListItem\",\"position\":2,\"name\":\"R\u00e9formes institutionnelles : l\u2019APR exige un r\u00e9f\u00e9rendum et interpelle le pouvoir\"}]},{\"@type\":\"WebSite\",\"@id\":\"https:\/\/www.public.sn\/#website\",\"url\":\"https:\/\/www.public.sn\/\",\"name\":\"LE PUBLIC\",\"description\":\"\",\"publisher\":{\"@id\":\"https:\/\/www.public.sn\/#organization\"},\"potentialAction\":[{\"@type\":\"SearchAction\",\"target\":{\"@type\":\"EntryPoint\",\"urlTemplate\":\"https:\/\/www.public.sn\/?s={search_term_string}\"},\"query-input\":{\"@type\":\"PropertyValueSpecification\",\"valueRequired\":true,\"valueName\":\"search_term_string\"}}],\"inLanguage\":\"fr-FR\"},{\"@type\":\"Organization\",\"@id\":\"https:\/\/www.public.sn\/#organization\",\"name\":\"LE PUBLIC\",\"url\":\"https:\/\/www.public.sn\/\",\"logo\":{\"@type\":\"ImageObject\",\"inLanguage\":\"fr-FR\",\"@id\":\"https:\/\/www.public.sn\/#\/schema\/logo\/image\/\",\"url\":\"https:\/\/www.public.sn\/wp-content\/uploads\/2024\/05\/cropped-LOGO-PUBLIC.SN_.png\",\"contentUrl\":\"https:\/\/www.public.sn\/wp-content\/uploads\/2024\/05\/cropped-LOGO-PUBLIC.SN_.png\",\"width\":682,\"height\":192,\"caption\":\"LE PUBLIC\"},\"image\":{\"@id\":\"https:\/\/www.public.sn\/#\/schema\/logo\/image\/\"}},{\"@type\":\"Person\",\"@id\":\"https:\/\/www.public.sn\/#\/schema\/person\/e3f4a11b037d4203902db148f9bc8d5a\",\"name\":\"LA REDACTION\",\"image\":{\"@type\":\"ImageObject\",\"inLanguage\":\"fr-FR\",\"@id\":\"https:\/\/www.public.sn\/#\/schema\/person\/image\/\",\"url\":\"https:\/\/secure.gravatar.com\/avatar\/d6c030db45db2883c075085c5d6c6258654a801a93766b49af0b82d4f454e2a5?s=96&d=mm&r=g\",\"contentUrl\":\"https:\/\/secure.gravatar.com\/avatar\/d6c030db45db2883c075085c5d6c6258654a801a93766b49af0b82d4f454e2a5?s=96&d=mm&r=g\",\"caption\":\"LA REDACTION\"},\"sameAs\":[\"http:\/\/www.public.sn\"],\"url\":\"https:\/\/www.public.sn\/index.php\/author\/admin7324\/\"}]}<\/script>\n<!-- \/ Yoast SEO plugin. -->","yoast_head_json":{"title":"R\u00e9formes institutionnelles : l\u2019APR exige un r\u00e9f\u00e9rendum et interpelle le pouvoir - LE PUBLIC","description":"Dans un communiqu\u00e9 publi\u00e9 ce dimanche, l\u2019Alliance pour la R\u00e9publique (APR) a exprim\u00e9 ses inqui\u00e9tudes face aux r\u00e9formes engag\u00e9es par le r\u00e9gime de Bassirou Diomaye Faye. Le parti de l\u2019ancien pr\u00e9sident Macky Sall exige que toute modification du r\u00e9gime politique soit soumise \u00e0 r\u00e9f\u00e9rendum. L\u2019APR appelle \u00e9galement les autorit\u00e9s \u00e0 se concentrer sur les urgences sociales, tout en adressant un message de paix \u00e0 la communaut\u00e9 catholique en cette p\u00e9riode de Car\u00eame.","robots":{"index":"index","follow":"follow","max-snippet":"max-snippet:-1","max-image-preview":"max-image-preview:large","max-video-preview":"max-video-preview:-1"},"canonical":"https:\/\/www.public.sn\/index.php\/2025\/04\/07\/reformes-institutionnelles-lapr-exige-un-referendum-et-interpelle-le-pouvoir\/","og_locale":"fr_FR","og_type":"article","og_title":"R\u00e9formes institutionnelles : l\u2019APR exige un r\u00e9f\u00e9rendum et interpelle le pouvoir - LE PUBLIC","og_description":"Dans un communiqu\u00e9 publi\u00e9 ce dimanche, l\u2019Alliance pour la R\u00e9publique (APR) a exprim\u00e9 ses inqui\u00e9tudes face aux r\u00e9formes engag\u00e9es par le r\u00e9gime de Bassirou Diomaye Faye. Le parti de l\u2019ancien pr\u00e9sident Macky Sall exige que toute modification du r\u00e9gime politique soit soumise \u00e0 r\u00e9f\u00e9rendum. L\u2019APR appelle \u00e9galement les autorit\u00e9s \u00e0 se concentrer sur les urgences sociales, tout en adressant un message de paix \u00e0 la communaut\u00e9 catholique en cette p\u00e9riode de Car\u00eame.","og_url":"https:\/\/www.public.sn\/index.php\/2025\/04\/07\/reformes-institutionnelles-lapr-exige-un-referendum-et-interpelle-le-pouvoir\/","og_site_name":"LE PUBLIC","article_published_time":"2025-04-07T09:30:16+00:00","article_modified_time":"2025-04-07T09:30:27+00:00","og_image":[{"width":1024,"height":540,"url":"https:\/\/www.public.sn\/wp-content\/uploads\/2024\/07\/apr.webp","type":"image\/webp"}],"author":"LA REDACTION","twitter_card":"summary_large_image","twitter_misc":{"\u00c9crit par":"LA REDACTION","Dur\u00e9e de lecture estim\u00e9e":"2 minutes"},"schema":{"@context":"https:\/\/schema.org","@graph":[{"@type":"Article","@id":"https:\/\/www.public.sn\/index.php\/2025\/04\/07\/reformes-institutionnelles-lapr-exige-un-referendum-et-interpelle-le-pouvoir\/#article","isPartOf":{"@id":"https:\/\/www.public.sn\/index.php\/2025\/04\/07\/reformes-institutionnelles-lapr-exige-un-referendum-et-interpelle-le-pouvoir\/"},"author":{"name":"LA REDACTION","@id":"https:\/\/www.public.sn\/#\/schema\/person\/e3f4a11b037d4203902db148f9bc8d5a"},"headline":"R\u00e9formes institutionnelles : l\u2019APR exige un r\u00e9f\u00e9rendum et interpelle le pouvoir","datePublished":"2025-04-07T09:30:16+00:00","dateModified":"2025-04-07T09:30:27+00:00","mainEntityOfPage":{"@id":"https:\/\/www.public.sn\/index.php\/2025\/04\/07\/reformes-institutionnelles-lapr-exige-un-referendum-et-interpelle-le-pouvoir\/"},"wordCount":253,"commentCount":0,"publisher":{"@id":"https:\/\/www.public.sn\/#organization"},"image":{"@id":"https:\/\/www.public.sn\/index.php\/2025\/04\/07\/reformes-institutionnelles-lapr-exige-un-referendum-et-interpelle-le-pouvoir\/#primaryimage"},"thumbnailUrl":"https:\/\/www.public.sn\/wp-content\/uploads\/2024\/07\/apr.webp","keywords":["Apr","R\u00e9formes institutionnelles"],"articleSection":["ACTUALIT\u00c9S","COMMUNIQU\u00c9","POLITIQUE"],"inLanguage":"fr-FR","potentialAction":[{"@type":"CommentAction","name":"Comment","target":["https:\/\/www.public.sn\/index.php\/2025\/04\/07\/reformes-institutionnelles-lapr-exige-un-referendum-et-interpelle-le-pouvoir\/#respond"]}]},{"@type":"WebPage","@id":"https:\/\/www.public.sn\/index.php\/2025\/04\/07\/reformes-institutionnelles-lapr-exige-un-referendum-et-interpelle-le-pouvoir\/","url":"https:\/\/www.public.sn\/index.php\/2025\/04\/07\/reformes-institutionnelles-lapr-exige-un-referendum-et-interpelle-le-pouvoir\/","name":"R\u00e9formes institutionnelles : l\u2019APR exige un r\u00e9f\u00e9rendum et interpelle le pouvoir - LE PUBLIC","isPartOf":{"@id":"https:\/\/www.public.sn\/#website"},"primaryImageOfPage":{"@id":"https:\/\/www.public.sn\/index.php\/2025\/04\/07\/reformes-institutionnelles-lapr-exige-un-referendum-et-interpelle-le-pouvoir\/#primaryimage"},"image":{"@id":"https:\/\/www.public.sn\/index.php\/2025\/04\/07\/reformes-institutionnelles-lapr-exige-un-referendum-et-interpelle-le-pouvoir\/#primaryimage"},"thumbnailUrl":"https:\/\/www.public.sn\/wp-content\/uploads\/2024\/07\/apr.webp","datePublished":"2025-04-07T09:30:16+00:00","dateModified":"2025-04-07T09:30:27+00:00","description":"Dans un communiqu\u00e9 publi\u00e9 ce dimanche, l\u2019Alliance pour la R\u00e9publique (APR) a exprim\u00e9 ses inqui\u00e9tudes face aux r\u00e9formes engag\u00e9es par le r\u00e9gime de Bassirou Diomaye Faye. Le parti de l\u2019ancien pr\u00e9sident Macky Sall exige que toute modification du r\u00e9gime politique soit soumise \u00e0 r\u00e9f\u00e9rendum. L\u2019APR appelle \u00e9galement les autorit\u00e9s \u00e0 se concentrer sur les urgences sociales, tout en adressant un message de paix \u00e0 la communaut\u00e9 catholique en cette p\u00e9riode de Car\u00eame.","breadcrumb":{"@id":"https:\/\/www.public.sn\/index.php\/2025\/04\/07\/reformes-institutionnelles-lapr-exige-un-referendum-et-interpelle-le-pouvoir\/#breadcrumb"},"inLanguage":"fr-FR","potentialAction":[{"@type":"ReadAction","target":["https:\/\/www.public.sn\/index.php\/2025\/04\/07\/reformes-institutionnelles-lapr-exige-un-referendum-et-interpelle-le-pouvoir\/"]}]},{"@type":"ImageObject","inLanguage":"fr-FR","@id":"https:\/\/www.public.sn\/index.php\/2025\/04\/07\/reformes-institutionnelles-lapr-exige-un-referendum-et-interpelle-le-pouvoir\/#primaryimage","url":"https:\/\/www.public.sn\/wp-content\/uploads\/2024\/07\/apr.webp","contentUrl":"https:\/\/www.public.sn\/wp-content\/uploads\/2024\/07\/apr.webp","width":1024,"height":540},{"@type":"BreadcrumbList","@id":"https:\/\/www.public.sn\/index.php\/2025\/04\/07\/reformes-institutionnelles-lapr-exige-un-referendum-et-interpelle-le-pouvoir\/#breadcrumb","itemListElement":[{"@type":"ListItem","position":1,"name":"Accueil","item":"https:\/\/www.public.sn\/"},{"@type":"ListItem","position":2,"name":"R\u00e9formes institutionnelles : l\u2019APR exige un r\u00e9f\u00e9rendum et interpelle le pouvoir"}]},{"@type":"WebSite","@id":"https:\/\/www.public.sn\/#website","url":"https:\/\/www.public.sn\/","name":"LE PUBLIC","description":"","publisher":{"@id":"https:\/\/www.public.sn\/#organization"},"potentialAction":[{"@type":"SearchAction","target":{"@type":"EntryPoint","urlTemplate":"https:\/\/www.public.sn\/?s={search_term_string}"},"query-input":{"@type":"PropertyValueSpecification","valueRequired":true,"valueName":"search_term_string"}}],"inLanguage":"fr-FR"},{"@type":"Organization","@id":"https:\/\/www.public.sn\/#organization","name":"LE PUBLIC","url":"https:\/\/www.public.sn\/","logo":{"@type":"ImageObject","inLanguage":"fr-FR","@id":"https:\/\/www.public.sn\/#\/schema\/logo\/image\/","url":"https:\/\/www.public.sn\/wp-content\/uploads\/2024\/05\/cropped-LOGO-PUBLIC.SN_.png","contentUrl":"https:\/\/www.public.sn\/wp-content\/uploads\/2024\/05\/cropped-LOGO-PUBLIC.SN_.png","width":682,"height":192,"caption":"LE PUBLIC"},"image":{"@id":"https:\/\/www.public.sn\/#\/schema\/logo\/image\/"}},{"@type":"Person","@id":"https:\/\/www.public.sn\/#\/schema\/person\/e3f4a11b037d4203902db148f9bc8d5a","name":"LA REDACTION","image":{"@type":"ImageObject","inLanguage":"fr-FR","@id":"https:\/\/www.public.sn\/#\/schema\/person\/image\/","url":"https:\/\/secure.gravatar.com\/avatar\/d6c030db45db2883c075085c5d6c6258654a801a93766b49af0b82d4f454e2a5?s=96&d=mm&r=g","contentUrl":"https:\/\/secure.gravatar.com\/avatar\/d6c030db45db2883c075085c5d6c6258654a801a93766b49af0b82d4f454e2a5?s=96&d=mm&r=g","caption":"LA REDACTION"},"sameAs":["http:\/\/www.public.sn"],"url":"https:\/\/www.public.sn\/index.php\/author\/admin7324\/"}]}},"jetpack_featured_media_url":"https:\/\/www.public.sn\/wp-content\/uploads\/2024\/07\/apr.webp","jetpack_sharing_enabled":true,"_links":{"self":[{"href":"https:\/\/www.public.sn\/index.php\/wp-json\/wp\/v2\/posts\/37206","targetHints":{"allow":["GET"]}}],"collection":[{"href":"https:\/\/www.public.sn\/index.php\/wp-json\/wp\/v2\/posts"}],"about":[{"href":"https:\/\/www.public.sn\/index.php\/wp-json\/wp\/v2\/types\/post"}],"author":[{"embeddable":true,"href":"https:\/\/www.public.sn\/index.php\/wp-json\/wp\/v2\/users\/1"}],"replies":[{"embeddable":true,"href":"https:\/\/www.public.sn\/index.php\/wp-json\/wp\/v2\/comments?post=37206"}],"version-history":[{"count":1,"href":"https:\/\/www.public.sn\/index.php\/wp-json\/wp\/v2\/posts\/37206\/revisions"}],"predecessor-version":[{"id":37207,"href":"https:\/\/www.public.sn\/index.php\/wp-json\/wp\/v2\/posts\/37206\/revisions\/37207"}],"wp:featuredmedia":[{"embeddable":true,"href":"https:\/\/www.public.sn\/index.php\/wp-json\/wp\/v2\/media\/34306"}],"wp:attachment":[{"href":"https:\/\/www.public.sn\/index.php\/wp-json\/wp\/v2\/media?parent=37206"}],"wp:term":[{"taxonomy":"category","embeddable":true,"href":"https:\/\/www.public.sn\/index.php\/wp-json\/wp\/v2\/categories?post=37206"},{"taxonomy":"post_tag","embeddable":true,"href":"https:\/\/www.public.sn\/index.php\/wp-json\/wp\/v2\/tags?post=37206"}],"curies":[{"name":"wp","href":"https:\/\/api.w.org\/{rel}","templated":true}]}}