{"id":37217,"date":"2025-04-07T11:29:12","date_gmt":"2025-04-07T11:29:12","guid":{"rendered":"https:\/\/www.public.sn\/?p=37217"},"modified":"2025-04-07T11:33:03","modified_gmt":"2025-04-07T11:33:03","slug":"babacar-gaye-recadre-diomaye-faye-un-president-ne-devrait-pas-dire-ca","status":"publish","type":"post","link":"https:\/\/www.public.sn\/index.php\/2025\/04\/07\/babacar-gaye-recadre-diomaye-faye-un-president-ne-devrait-pas-dire-ca\/","title":{"rendered":"Babacar Gaye recadre Diomaye Faye : \u00ab Un Pr\u00e9sident ne devrait pas dire \u00e7a \u00bb"},"content":{"rendered":"\n<p>L\u2019ancien porte-parole du PDS, Babacar Gaye, critique s\u00e9v\u00e8rement les r\u00e9centes sorties m\u00e9diatiques du Pr\u00e9sident Bassirou Diomaye Faye. En d\u00e9non\u00e7ant des propos qu\u2019il juge inappropri\u00e9s et dangereux pour l\u2019\u00e9quilibre institutionnel, il remet en question la posture pr\u00e9sidentielle face \u00e0 la justice et \u00e0 l\u2019ancien r\u00e9gime.<\/p><div class=\"publi-paragraphe1\" style=\"margin-top: 10px;margin-bottom: 10px;margin-left: auto;margin-right: auto;text-align: center;\" id=\"publi-3234785306\"><div class=\"publi-adlabel\">Publicit\u00e9<\/div><script async src=\"\/\/pagead2.googlesyndication.com\/pagead\/js\/adsbygoogle.js?client=ca-pub-4089586018074219\" crossorigin=\"anonymous\"><\/script><ins class=\"adsbygoogle\" style=\"display:block;\" data-ad-client=\"ca-pub-4089586018074219\" \ndata-ad-slot=\"2087940154\" \ndata-ad-format=\"auto\"><\/ins>\n<script> \n(adsbygoogle = window.adsbygoogle || []).push({}); \n<\/script>\n<\/div>\n\n\n\n<p>Dans une prise de parole empreinte de gravit\u00e9, <strong>Babacar Gaye<\/strong>, figure politique de l\u2019opposition lib\u00e9rale et ancien porte-parole du Parti d\u00e9mocratique s\u00e9n\u00e9galais (PDS), s\u2019est indign\u00e9 des propos tenus par le pr\u00e9sident Bassirou Diomaye Faye lors de son r\u00e9cent grand entretien avec la presse.<\/p>\n\n\n\n<p>Reprenant une phrase du chef de l\u2019\u00c9tat \u2014 <em>\u00ab Il appartiendra aux S\u00e9n\u00e9galais de mettre la pression qu\u2019il faut sur la justice pour qu\u2019elle fasse son travail \u00bb<\/em> \u2014 Babacar Gaye s\u2019exclame : <em>\u00ab Un Pr\u00e9sident ne devrait pas dire \u00e7a \u00bb<\/em>. Pour lui, une telle d\u00e9claration constitue une entorse manifeste \u00e0 la neutralit\u00e9 que doit incarner le chef de l\u2019ex\u00e9cutif, surtout lorsqu\u2019il s\u2019agit de justice.<\/p>\n\n\n\n<p>L\u2019ancien ministre fustige \u00e9galement l\u2019attitude du Pr\u00e9sident Faye, qu\u2019il accuse de prendre \u00e0 revers son propre ministre de la Justice, <strong>Ousmane Diagne<\/strong>, lequel avait appel\u00e9, la veille, \u00e0 respecter le temps judiciaire et \u00e0 ne pas succomber \u00e0 la pression populaire.<\/p>\n\n\n\n<p>Babacar Gaye s\u2019interroge : <em>Le Pr\u00e9sident incarne-t-il ce que Winston Churchill appelait \u201cune forme d\u2019inexactitude terminologique\u201d ?<\/em> Une mani\u00e8re subtile mais percutante de d\u00e9noncer un double langage, voire une incoh\u00e9rence entre la posture institutionnelle du pr\u00e9sident et les d\u00e9clarations politiques.<\/p>\n\n\n\n<p>Enfin, en \u00e9voquant les propos du pr\u00e9sident selon lesquels <em>Macky Sall \u201cm\u00e8ne quelques man\u0153uvres en coulisses\u201d<\/em>, Babacar Gaye estime que ces insinuations, sans preuves publiques, ne font que jeter de l\u2019huile sur le feu et renforcer la tension politique au lieu d\u2019apaiser le climat.<\/p>\n\n\n\n<p>\u00c0 travers cette sortie, Babacar Gaye appelle \u00e0 plus de retenue et \u00e0 un retour \u00e0 une gouvernance respectueuse des principes r\u00e9publicains, o\u00f9 les institutions dialoguent plut\u00f4t que se d\u00e9fient publiquement.<\/p>\n<div class=\"publi-apres-le-contenu\" style=\"margin-top: 10px;margin-bottom: 10px;margin-left: auto;margin-right: auto;text-align: center;\" id=\"publi-511158260\"><div class=\"publi-adlabel\">Publicit\u00e9<\/div><script async src=\"\/\/pagead2.googlesyndication.com\/pagead\/js\/adsbygoogle.js?client=ca-pub-4089586018074219\" crossorigin=\"anonymous\"><\/script><ins class=\"adsbygoogle\" style=\"display:block;\" data-ad-client=\"ca-pub-4089586018074219\" \ndata-ad-slot=\"2087940154\" \ndata-ad-format=\"auto\"><\/ins>\n<script> \n(adsbygoogle = window.adsbygoogle || []).push({}); \n<\/script>\n<\/div>","protected":false},"excerpt":{"rendered":"<p>L\u2019ancien porte-parole du PDS, Babacar Gaye, critique s\u00e9v\u00e8rement les r\u00e9centes sorties m\u00e9diatiques du Pr\u00e9sident Bassirou Diomaye Faye. En d\u00e9non\u00e7ant des propos qu\u2019il juge inappropri\u00e9s et dangereux pour l\u2019\u00e9quilibre institutionnel, il remet en question la posture pr\u00e9sidentielle face \u00e0 la justice et \u00e0 l\u2019ancien r\u00e9gime. Dans une prise de parole empreinte de gravit\u00e9, Babacar Gaye, figure politique de l\u2019opposition lib\u00e9rale et ancien porte-parole du Parti d\u00e9mocratique s\u00e9n\u00e9galais (PDS), s\u2019est indign\u00e9 des propos tenus par le pr\u00e9sident Bassirou Diomaye Faye lors de son r\u00e9cent grand entretien avec la presse. Reprenant une phrase du chef de l\u2019\u00c9tat \u2014 \u00ab Il appartiendra aux S\u00e9n\u00e9galais de mettre la pression qu\u2019il faut sur la justice pour qu\u2019elle fasse son travail \u00bb \u2014 Babacar Gaye s\u2019exclame : \u00ab Un Pr\u00e9sident ne devrait pas dire \u00e7a \u00bb. Pour lui, une telle d\u00e9claration constitue une entorse manifeste \u00e0 la neutralit\u00e9 que doit incarner le chef de l\u2019ex\u00e9cutif, surtout lorsqu\u2019il s\u2019agit de justice. L\u2019ancien ministre fustige \u00e9galement l\u2019attitude du Pr\u00e9sident Faye, qu\u2019il accuse de prendre \u00e0 revers son propre ministre de la Justice, Ousmane Diagne, lequel avait appel\u00e9, la veille, \u00e0 respecter le temps judiciaire et \u00e0 ne pas succomber \u00e0 la pression populaire. Babacar Gaye s\u2019interroge : Le Pr\u00e9sident incarne-t-il ce que Winston Churchill appelait \u201cune forme d\u2019inexactitude terminologique\u201d ? Une mani\u00e8re subtile mais percutante de d\u00e9noncer un double langage, voire une incoh\u00e9rence entre la posture institutionnelle du pr\u00e9sident et les d\u00e9clarations politiques. Enfin, en \u00e9voquant les propos du pr\u00e9sident selon lesquels Macky Sall \u201cm\u00e8ne quelques man\u0153uvres en coulisses\u201d, Babacar Gaye estime que ces insinuations, sans preuves publiques, ne font que jeter de l\u2019huile sur le feu et renforcer la tension politique au lieu d\u2019apaiser le climat. \u00c0 travers cette sortie, Babacar Gaye appelle \u00e0 plus de retenue et \u00e0 un retour \u00e0 une gouvernance respectueuse des principes r\u00e9publicains, o\u00f9 les institutions dialoguent plut\u00f4t que se d\u00e9fient publiquement.<\/p>\n","protected":false},"author":1,"featured_media":3634,"comment_status":"open","ping_status":"open","sticky":false,"template":"","format":"standard","meta":{"_jetpack_memberships_contains_paid_content":false,"footnotes":""},"categories":[375,1575,3,1,372],"tags":[1180,3678,7222],"class_list":["post-37217","post","type-post","status-publish","format-standard","has-post-thumbnail","hentry","category-actualites","category-contributions","category-politique","category-non-classe","category-vedette","tag-babacar-gaye","tag-bassirou-diomaye-faye","tag-ousmane-diagne","entry","has-media","owp-thumbs-layout-horizontal","owp-btn-normal","owp-tabs-layout-horizontal","has-no-thumbnails","has-product-nav"],"yoast_head":"<!-- This site is optimized with the Yoast SEO plugin v25.5 - https:\/\/yoast.com\/wordpress\/plugins\/seo\/ -->\n<title>Babacar Gaye recadre Diomaye Faye : \u00ab Un Pr\u00e9sident ne devrait pas dire \u00e7a \u00bb - LE PUBLIC<\/title>\n<meta name=\"description\" content=\"L\u2019ancien porte-parole du PDS, Babacar Gaye, critique s\u00e9v\u00e8rement les r\u00e9centes sorties m\u00e9diatiques du Pr\u00e9sident Bassirou Diomaye Faye. En d\u00e9non\u00e7ant des propos qu\u2019il juge inappropri\u00e9s et dangereux pour l\u2019\u00e9quilibre institutionnel, il remet en question la posture pr\u00e9sidentielle face \u00e0 la justice et \u00e0 l\u2019ancien r\u00e9gime.\" \/>\n<meta name=\"robots\" content=\"index, follow, max-snippet:-1, max-image-preview:large, max-video-preview:-1\" \/>\n<link rel=\"canonical\" href=\"https:\/\/www.public.sn\/index.php\/2025\/04\/07\/babacar-gaye-recadre-diomaye-faye-un-president-ne-devrait-pas-dire-ca\/\" \/>\n<meta property=\"og:locale\" content=\"fr_FR\" \/>\n<meta property=\"og:type\" content=\"article\" \/>\n<meta property=\"og:title\" content=\"Babacar Gaye recadre Diomaye Faye : \u00ab Un Pr\u00e9sident ne devrait pas dire \u00e7a \u00bb - LE PUBLIC\" \/>\n<meta property=\"og:description\" content=\"L\u2019ancien porte-parole du PDS, Babacar Gaye, critique s\u00e9v\u00e8rement les r\u00e9centes sorties m\u00e9diatiques du Pr\u00e9sident Bassirou Diomaye Faye. En d\u00e9non\u00e7ant des propos qu\u2019il juge inappropri\u00e9s et dangereux pour l\u2019\u00e9quilibre institutionnel, il remet en question la posture pr\u00e9sidentielle face \u00e0 la justice et \u00e0 l\u2019ancien r\u00e9gime.\" \/>\n<meta property=\"og:url\" content=\"https:\/\/www.public.sn\/index.php\/2025\/04\/07\/babacar-gaye-recadre-diomaye-faye-un-president-ne-devrait-pas-dire-ca\/\" \/>\n<meta property=\"og:site_name\" content=\"LE PUBLIC\" \/>\n<meta property=\"article:published_time\" content=\"2025-04-07T11:29:12+00:00\" \/>\n<meta property=\"article:modified_time\" content=\"2025-04-07T11:33:03+00:00\" \/>\n<meta property=\"og:image\" content=\"https:\/\/www.public.sn\/wp-content\/uploads\/2022\/10\/babacar.jpg\" \/>\n\t<meta property=\"og:image:width\" content=\"500\" \/>\n\t<meta property=\"og:image:height\" content=\"350\" \/>\n\t<meta property=\"og:image:type\" content=\"image\/jpeg\" \/>\n<meta name=\"author\" content=\"LA REDACTION\" \/>\n<meta name=\"twitter:card\" content=\"summary_large_image\" \/>\n<meta name=\"twitter:label1\" content=\"\u00c9crit par\" \/>\n\t<meta name=\"twitter:data1\" content=\"LA REDACTION\" \/>\n\t<meta name=\"twitter:label2\" content=\"Dur\u00e9e de lecture estim\u00e9e\" \/>\n\t<meta name=\"twitter:data2\" content=\"2 minutes\" \/>\n<script type=\"application\/ld+json\" class=\"yoast-schema-graph\">{\"@context\":\"https:\/\/schema.org\",\"@graph\":[{\"@type\":\"Article\",\"@id\":\"https:\/\/www.public.sn\/index.php\/2025\/04\/07\/babacar-gaye-recadre-diomaye-faye-un-president-ne-devrait-pas-dire-ca\/#article\",\"isPartOf\":{\"@id\":\"https:\/\/www.public.sn\/index.php\/2025\/04\/07\/babacar-gaye-recadre-diomaye-faye-un-president-ne-devrait-pas-dire-ca\/\"},\"author\":{\"name\":\"LA REDACTION\",\"@id\":\"https:\/\/www.public.sn\/#\/schema\/person\/e3f4a11b037d4203902db148f9bc8d5a\"},\"headline\":\"Babacar Gaye recadre Diomaye Faye : \u00ab Un Pr\u00e9sident ne devrait pas dire \u00e7a \u00bb\",\"datePublished\":\"2025-04-07T11:29:12+00:00\",\"dateModified\":\"2025-04-07T11:33:03+00:00\",\"mainEntityOfPage\":{\"@id\":\"https:\/\/www.public.sn\/index.php\/2025\/04\/07\/babacar-gaye-recadre-diomaye-faye-un-president-ne-devrait-pas-dire-ca\/\"},\"wordCount\":356,\"commentCount\":0,\"publisher\":{\"@id\":\"https:\/\/www.public.sn\/#organization\"},\"image\":{\"@id\":\"https:\/\/www.public.sn\/index.php\/2025\/04\/07\/babacar-gaye-recadre-diomaye-faye-un-president-ne-devrait-pas-dire-ca\/#primaryimage\"},\"thumbnailUrl\":\"https:\/\/www.public.sn\/wp-content\/uploads\/2022\/10\/babacar.jpg\",\"keywords\":[\"babacar gaye\",\"bassirou diomaye faye\",\"Ousmane Diagne\"],\"articleSection\":[\"ACTUALIT\u00c9S\",\"CONTRIBUTIONS\",\"POLITIQUE\",\"S\u00c9N\u00c9GAL\",\"VEDETTE\"],\"inLanguage\":\"fr-FR\",\"potentialAction\":[{\"@type\":\"CommentAction\",\"name\":\"Comment\",\"target\":[\"https:\/\/www.public.sn\/index.php\/2025\/04\/07\/babacar-gaye-recadre-diomaye-faye-un-president-ne-devrait-pas-dire-ca\/#respond\"]}]},{\"@type\":\"WebPage\",\"@id\":\"https:\/\/www.public.sn\/index.php\/2025\/04\/07\/babacar-gaye-recadre-diomaye-faye-un-president-ne-devrait-pas-dire-ca\/\",\"url\":\"https:\/\/www.public.sn\/index.php\/2025\/04\/07\/babacar-gaye-recadre-diomaye-faye-un-president-ne-devrait-pas-dire-ca\/\",\"name\":\"Babacar Gaye recadre Diomaye Faye : \u00ab Un Pr\u00e9sident ne devrait pas dire \u00e7a \u00bb - LE PUBLIC\",\"isPartOf\":{\"@id\":\"https:\/\/www.public.sn\/#website\"},\"primaryImageOfPage\":{\"@id\":\"https:\/\/www.public.sn\/index.php\/2025\/04\/07\/babacar-gaye-recadre-diomaye-faye-un-president-ne-devrait-pas-dire-ca\/#primaryimage\"},\"image\":{\"@id\":\"https:\/\/www.public.sn\/index.php\/2025\/04\/07\/babacar-gaye-recadre-diomaye-faye-un-president-ne-devrait-pas-dire-ca\/#primaryimage\"},\"thumbnailUrl\":\"https:\/\/www.public.sn\/wp-content\/uploads\/2022\/10\/babacar.jpg\",\"datePublished\":\"2025-04-07T11:29:12+00:00\",\"dateModified\":\"2025-04-07T11:33:03+00:00\",\"description\":\"L\u2019ancien porte-parole du PDS, Babacar Gaye, critique s\u00e9v\u00e8rement les r\u00e9centes sorties m\u00e9diatiques du Pr\u00e9sident Bassirou Diomaye Faye. En d\u00e9non\u00e7ant des propos qu\u2019il juge inappropri\u00e9s et dangereux pour l\u2019\u00e9quilibre institutionnel, il remet en question la posture pr\u00e9sidentielle face \u00e0 la justice et \u00e0 l\u2019ancien r\u00e9gime.\",\"breadcrumb\":{\"@id\":\"https:\/\/www.public.sn\/index.php\/2025\/04\/07\/babacar-gaye-recadre-diomaye-faye-un-president-ne-devrait-pas-dire-ca\/#breadcrumb\"},\"inLanguage\":\"fr-FR\",\"potentialAction\":[{\"@type\":\"ReadAction\",\"target\":[\"https:\/\/www.public.sn\/index.php\/2025\/04\/07\/babacar-gaye-recadre-diomaye-faye-un-president-ne-devrait-pas-dire-ca\/\"]}]},{\"@type\":\"ImageObject\",\"inLanguage\":\"fr-FR\",\"@id\":\"https:\/\/www.public.sn\/index.php\/2025\/04\/07\/babacar-gaye-recadre-diomaye-faye-un-president-ne-devrait-pas-dire-ca\/#primaryimage\",\"url\":\"https:\/\/www.public.sn\/wp-content\/uploads\/2022\/10\/babacar.jpg\",\"contentUrl\":\"https:\/\/www.public.sn\/wp-content\/uploads\/2022\/10\/babacar.jpg\",\"width\":500,\"height\":350},{\"@type\":\"BreadcrumbList\",\"@id\":\"https:\/\/www.public.sn\/index.php\/2025\/04\/07\/babacar-gaye-recadre-diomaye-faye-un-president-ne-devrait-pas-dire-ca\/#breadcrumb\",\"itemListElement\":[{\"@type\":\"ListItem\",\"position\":1,\"name\":\"Accueil\",\"item\":\"https:\/\/www.public.sn\/\"},{\"@type\":\"ListItem\",\"position\":2,\"name\":\"Babacar Gaye recadre Diomaye Faye : \u00ab Un Pr\u00e9sident ne devrait pas dire \u00e7a \u00bb\"}]},{\"@type\":\"WebSite\",\"@id\":\"https:\/\/www.public.sn\/#website\",\"url\":\"https:\/\/www.public.sn\/\",\"name\":\"LE PUBLIC\",\"description\":\"\",\"publisher\":{\"@id\":\"https:\/\/www.public.sn\/#organization\"},\"potentialAction\":[{\"@type\":\"SearchAction\",\"target\":{\"@type\":\"EntryPoint\",\"urlTemplate\":\"https:\/\/www.public.sn\/?s={search_term_string}\"},\"query-input\":{\"@type\":\"PropertyValueSpecification\",\"valueRequired\":true,\"valueName\":\"search_term_string\"}}],\"inLanguage\":\"fr-FR\"},{\"@type\":\"Organization\",\"@id\":\"https:\/\/www.public.sn\/#organization\",\"name\":\"LE PUBLIC\",\"url\":\"https:\/\/www.public.sn\/\",\"logo\":{\"@type\":\"ImageObject\",\"inLanguage\":\"fr-FR\",\"@id\":\"https:\/\/www.public.sn\/#\/schema\/logo\/image\/\",\"url\":\"https:\/\/www.public.sn\/wp-content\/uploads\/2024\/05\/cropped-LOGO-PUBLIC.SN_.png\",\"contentUrl\":\"https:\/\/www.public.sn\/wp-content\/uploads\/2024\/05\/cropped-LOGO-PUBLIC.SN_.png\",\"width\":682,\"height\":192,\"caption\":\"LE PUBLIC\"},\"image\":{\"@id\":\"https:\/\/www.public.sn\/#\/schema\/logo\/image\/\"}},{\"@type\":\"Person\",\"@id\":\"https:\/\/www.public.sn\/#\/schema\/person\/e3f4a11b037d4203902db148f9bc8d5a\",\"name\":\"LA REDACTION\",\"image\":{\"@type\":\"ImageObject\",\"inLanguage\":\"fr-FR\",\"@id\":\"https:\/\/www.public.sn\/#\/schema\/person\/image\/\",\"url\":\"https:\/\/secure.gravatar.com\/avatar\/d6c030db45db2883c075085c5d6c6258654a801a93766b49af0b82d4f454e2a5?s=96&d=mm&r=g\",\"contentUrl\":\"https:\/\/secure.gravatar.com\/avatar\/d6c030db45db2883c075085c5d6c6258654a801a93766b49af0b82d4f454e2a5?s=96&d=mm&r=g\",\"caption\":\"LA REDACTION\"},\"sameAs\":[\"http:\/\/www.public.sn\"],\"url\":\"https:\/\/www.public.sn\/index.php\/author\/admin7324\/\"}]}<\/script>\n<!-- \/ Yoast SEO plugin. -->","yoast_head_json":{"title":"Babacar Gaye recadre Diomaye Faye : \u00ab Un Pr\u00e9sident ne devrait pas dire \u00e7a \u00bb - LE PUBLIC","description":"L\u2019ancien porte-parole du PDS, Babacar Gaye, critique s\u00e9v\u00e8rement les r\u00e9centes sorties m\u00e9diatiques du Pr\u00e9sident Bassirou Diomaye Faye. En d\u00e9non\u00e7ant des propos qu\u2019il juge inappropri\u00e9s et dangereux pour l\u2019\u00e9quilibre institutionnel, il remet en question la posture pr\u00e9sidentielle face \u00e0 la justice et \u00e0 l\u2019ancien r\u00e9gime.","robots":{"index":"index","follow":"follow","max-snippet":"max-snippet:-1","max-image-preview":"max-image-preview:large","max-video-preview":"max-video-preview:-1"},"canonical":"https:\/\/www.public.sn\/index.php\/2025\/04\/07\/babacar-gaye-recadre-diomaye-faye-un-president-ne-devrait-pas-dire-ca\/","og_locale":"fr_FR","og_type":"article","og_title":"Babacar Gaye recadre Diomaye Faye : \u00ab Un Pr\u00e9sident ne devrait pas dire \u00e7a \u00bb - LE PUBLIC","og_description":"L\u2019ancien porte-parole du PDS, Babacar Gaye, critique s\u00e9v\u00e8rement les r\u00e9centes sorties m\u00e9diatiques du Pr\u00e9sident Bassirou Diomaye Faye. En d\u00e9non\u00e7ant des propos qu\u2019il juge inappropri\u00e9s et dangereux pour l\u2019\u00e9quilibre institutionnel, il remet en question la posture pr\u00e9sidentielle face \u00e0 la justice et \u00e0 l\u2019ancien r\u00e9gime.","og_url":"https:\/\/www.public.sn\/index.php\/2025\/04\/07\/babacar-gaye-recadre-diomaye-faye-un-president-ne-devrait-pas-dire-ca\/","og_site_name":"LE PUBLIC","article_published_time":"2025-04-07T11:29:12+00:00","article_modified_time":"2025-04-07T11:33:03+00:00","og_image":[{"width":500,"height":350,"url":"https:\/\/www.public.sn\/wp-content\/uploads\/2022\/10\/babacar.jpg","type":"image\/jpeg"}],"author":"LA REDACTION","twitter_card":"summary_large_image","twitter_misc":{"\u00c9crit par":"LA REDACTION","Dur\u00e9e de lecture estim\u00e9e":"2 minutes"},"schema":{"@context":"https:\/\/schema.org","@graph":[{"@type":"Article","@id":"https:\/\/www.public.sn\/index.php\/2025\/04\/07\/babacar-gaye-recadre-diomaye-faye-un-president-ne-devrait-pas-dire-ca\/#article","isPartOf":{"@id":"https:\/\/www.public.sn\/index.php\/2025\/04\/07\/babacar-gaye-recadre-diomaye-faye-un-president-ne-devrait-pas-dire-ca\/"},"author":{"name":"LA REDACTION","@id":"https:\/\/www.public.sn\/#\/schema\/person\/e3f4a11b037d4203902db148f9bc8d5a"},"headline":"Babacar Gaye recadre Diomaye Faye : \u00ab Un Pr\u00e9sident ne devrait pas dire \u00e7a \u00bb","datePublished":"2025-04-07T11:29:12+00:00","dateModified":"2025-04-07T11:33:03+00:00","mainEntityOfPage":{"@id":"https:\/\/www.public.sn\/index.php\/2025\/04\/07\/babacar-gaye-recadre-diomaye-faye-un-president-ne-devrait-pas-dire-ca\/"},"wordCount":356,"commentCount":0,"publisher":{"@id":"https:\/\/www.public.sn\/#organization"},"image":{"@id":"https:\/\/www.public.sn\/index.php\/2025\/04\/07\/babacar-gaye-recadre-diomaye-faye-un-president-ne-devrait-pas-dire-ca\/#primaryimage"},"thumbnailUrl":"https:\/\/www.public.sn\/wp-content\/uploads\/2022\/10\/babacar.jpg","keywords":["babacar gaye","bassirou diomaye faye","Ousmane Diagne"],"articleSection":["ACTUALIT\u00c9S","CONTRIBUTIONS","POLITIQUE","S\u00c9N\u00c9GAL","VEDETTE"],"inLanguage":"fr-FR","potentialAction":[{"@type":"CommentAction","name":"Comment","target":["https:\/\/www.public.sn\/index.php\/2025\/04\/07\/babacar-gaye-recadre-diomaye-faye-un-president-ne-devrait-pas-dire-ca\/#respond"]}]},{"@type":"WebPage","@id":"https:\/\/www.public.sn\/index.php\/2025\/04\/07\/babacar-gaye-recadre-diomaye-faye-un-president-ne-devrait-pas-dire-ca\/","url":"https:\/\/www.public.sn\/index.php\/2025\/04\/07\/babacar-gaye-recadre-diomaye-faye-un-president-ne-devrait-pas-dire-ca\/","name":"Babacar Gaye recadre Diomaye Faye : \u00ab Un Pr\u00e9sident ne devrait pas dire \u00e7a \u00bb - LE PUBLIC","isPartOf":{"@id":"https:\/\/www.public.sn\/#website"},"primaryImageOfPage":{"@id":"https:\/\/www.public.sn\/index.php\/2025\/04\/07\/babacar-gaye-recadre-diomaye-faye-un-president-ne-devrait-pas-dire-ca\/#primaryimage"},"image":{"@id":"https:\/\/www.public.sn\/index.php\/2025\/04\/07\/babacar-gaye-recadre-diomaye-faye-un-president-ne-devrait-pas-dire-ca\/#primaryimage"},"thumbnailUrl":"https:\/\/www.public.sn\/wp-content\/uploads\/2022\/10\/babacar.jpg","datePublished":"2025-04-07T11:29:12+00:00","dateModified":"2025-04-07T11:33:03+00:00","description":"L\u2019ancien porte-parole du PDS, Babacar Gaye, critique s\u00e9v\u00e8rement les r\u00e9centes sorties m\u00e9diatiques du Pr\u00e9sident Bassirou Diomaye Faye. En d\u00e9non\u00e7ant des propos qu\u2019il juge inappropri\u00e9s et dangereux pour l\u2019\u00e9quilibre institutionnel, il remet en question la posture pr\u00e9sidentielle face \u00e0 la justice et \u00e0 l\u2019ancien r\u00e9gime.","breadcrumb":{"@id":"https:\/\/www.public.sn\/index.php\/2025\/04\/07\/babacar-gaye-recadre-diomaye-faye-un-president-ne-devrait-pas-dire-ca\/#breadcrumb"},"inLanguage":"fr-FR","potentialAction":[{"@type":"ReadAction","target":["https:\/\/www.public.sn\/index.php\/2025\/04\/07\/babacar-gaye-recadre-diomaye-faye-un-president-ne-devrait-pas-dire-ca\/"]}]},{"@type":"ImageObject","inLanguage":"fr-FR","@id":"https:\/\/www.public.sn\/index.php\/2025\/04\/07\/babacar-gaye-recadre-diomaye-faye-un-president-ne-devrait-pas-dire-ca\/#primaryimage","url":"https:\/\/www.public.sn\/wp-content\/uploads\/2022\/10\/babacar.jpg","contentUrl":"https:\/\/www.public.sn\/wp-content\/uploads\/2022\/10\/babacar.jpg","width":500,"height":350},{"@type":"BreadcrumbList","@id":"https:\/\/www.public.sn\/index.php\/2025\/04\/07\/babacar-gaye-recadre-diomaye-faye-un-president-ne-devrait-pas-dire-ca\/#breadcrumb","itemListElement":[{"@type":"ListItem","position":1,"name":"Accueil","item":"https:\/\/www.public.sn\/"},{"@type":"ListItem","position":2,"name":"Babacar Gaye recadre Diomaye Faye : \u00ab Un Pr\u00e9sident ne devrait pas dire \u00e7a \u00bb"}]},{"@type":"WebSite","@id":"https:\/\/www.public.sn\/#website","url":"https:\/\/www.public.sn\/","name":"LE PUBLIC","description":"","publisher":{"@id":"https:\/\/www.public.sn\/#organization"},"potentialAction":[{"@type":"SearchAction","target":{"@type":"EntryPoint","urlTemplate":"https:\/\/www.public.sn\/?s={search_term_string}"},"query-input":{"@type":"PropertyValueSpecification","valueRequired":true,"valueName":"search_term_string"}}],"inLanguage":"fr-FR"},{"@type":"Organization","@id":"https:\/\/www.public.sn\/#organization","name":"LE PUBLIC","url":"https:\/\/www.public.sn\/","logo":{"@type":"ImageObject","inLanguage":"fr-FR","@id":"https:\/\/www.public.sn\/#\/schema\/logo\/image\/","url":"https:\/\/www.public.sn\/wp-content\/uploads\/2024\/05\/cropped-LOGO-PUBLIC.SN_.png","contentUrl":"https:\/\/www.public.sn\/wp-content\/uploads\/2024\/05\/cropped-LOGO-PUBLIC.SN_.png","width":682,"height":192,"caption":"LE PUBLIC"},"image":{"@id":"https:\/\/www.public.sn\/#\/schema\/logo\/image\/"}},{"@type":"Person","@id":"https:\/\/www.public.sn\/#\/schema\/person\/e3f4a11b037d4203902db148f9bc8d5a","name":"LA REDACTION","image":{"@type":"ImageObject","inLanguage":"fr-FR","@id":"https:\/\/www.public.sn\/#\/schema\/person\/image\/","url":"https:\/\/secure.gravatar.com\/avatar\/d6c030db45db2883c075085c5d6c6258654a801a93766b49af0b82d4f454e2a5?s=96&d=mm&r=g","contentUrl":"https:\/\/secure.gravatar.com\/avatar\/d6c030db45db2883c075085c5d6c6258654a801a93766b49af0b82d4f454e2a5?s=96&d=mm&r=g","caption":"LA REDACTION"},"sameAs":["http:\/\/www.public.sn"],"url":"https:\/\/www.public.sn\/index.php\/author\/admin7324\/"}]}},"jetpack_featured_media_url":"https:\/\/www.public.sn\/wp-content\/uploads\/2022\/10\/babacar.jpg","jetpack_sharing_enabled":true,"_links":{"self":[{"href":"https:\/\/www.public.sn\/index.php\/wp-json\/wp\/v2\/posts\/37217","targetHints":{"allow":["GET"]}}],"collection":[{"href":"https:\/\/www.public.sn\/index.php\/wp-json\/wp\/v2\/posts"}],"about":[{"href":"https:\/\/www.public.sn\/index.php\/wp-json\/wp\/v2\/types\/post"}],"author":[{"embeddable":true,"href":"https:\/\/www.public.sn\/index.php\/wp-json\/wp\/v2\/users\/1"}],"replies":[{"embeddable":true,"href":"https:\/\/www.public.sn\/index.php\/wp-json\/wp\/v2\/comments?post=37217"}],"version-history":[{"count":1,"href":"https:\/\/www.public.sn\/index.php\/wp-json\/wp\/v2\/posts\/37217\/revisions"}],"predecessor-version":[{"id":37228,"href":"https:\/\/www.public.sn\/index.php\/wp-json\/wp\/v2\/posts\/37217\/revisions\/37228"}],"wp:featuredmedia":[{"embeddable":true,"href":"https:\/\/www.public.sn\/index.php\/wp-json\/wp\/v2\/media\/3634"}],"wp:attachment":[{"href":"https:\/\/www.public.sn\/index.php\/wp-json\/wp\/v2\/media?parent=37217"}],"wp:term":[{"taxonomy":"category","embeddable":true,"href":"https:\/\/www.public.sn\/index.php\/wp-json\/wp\/v2\/categories?post=37217"},{"taxonomy":"post_tag","embeddable":true,"href":"https:\/\/www.public.sn\/index.php\/wp-json\/wp\/v2\/tags?post=37217"}],"curies":[{"name":"wp","href":"https:\/\/api.w.org\/{rel}","templated":true}]}}