{"id":37265,"date":"2025-04-07T20:33:12","date_gmt":"2025-04-07T20:33:12","guid":{"rendered":"https:\/\/www.public.sn\/?p=37265"},"modified":"2025-04-07T20:33:17","modified_gmt":"2025-04-07T20:33:17","slug":"paris-17e-un-incendie-ravage-un-centre-de-tri-200-pompiers-mobilises","status":"publish","type":"post","link":"https:\/\/www.public.sn\/index.php\/2025\/04\/07\/paris-17e-un-incendie-ravage-un-centre-de-tri-200-pompiers-mobilises\/","title":{"rendered":"Paris 17e : Un incendie ravage un centre de tri \u2013 200 pompiers mobilis\u00e9s"},"content":{"rendered":"<p>Un violent incendie s\u2019est d\u00e9clar\u00e9 ce lundi en d\u00e9but de soir\u00e9e dans un centre de tri s\u00e9lectif situ\u00e9 dans le 17e arrondissement de Paris. Un \u00e9pais panache de fum\u00e9e s\u2019\u00e9l\u00e8ve dans le ciel, visible \u00e0 plusieurs kilom\u00e8tres \u00e0 la ronde.<\/p><div class=\"publi-paragraphe1\" style=\"margin-top: 10px;margin-bottom: 10px;margin-left: auto;margin-right: auto;text-align: center;\" id=\"publi-3546251351\"><div class=\"publi-adlabel\">Publicit\u00e9<\/div><script async src=\"\/\/pagead2.googlesyndication.com\/pagead\/js\/adsbygoogle.js?client=ca-pub-4089586018074219\" crossorigin=\"anonymous\"><\/script><ins class=\"adsbygoogle\" style=\"display:block;\" data-ad-client=\"ca-pub-4089586018074219\" \ndata-ad-slot=\"2087940154\" \ndata-ad-format=\"auto\"><\/ins>\n<script> \n(adsbygoogle = window.adsbygoogle || []).push({}); \n<\/script>\n<\/div>\n<p>L\u2019ampleur des flammes a n\u00e9cessit\u00e9 la mobilisation de 200 pompiers, actuellement \u00e0 pied d\u2019\u0153uvre pour circonscrire le sinistre. Par mesure de s\u00e9curit\u00e9, la circulation a \u00e9t\u00e9 coup\u00e9e dans les deux sens sur le boulevard p\u00e9riph\u00e9rique, provoquant d\u2019importants embouteillages dans la capitale.<\/p>\n<p>Pour le moment, aucune victime n\u2019a \u00e9t\u00e9 signal\u00e9e, mais les d\u00e9g\u00e2ts mat\u00e9riels s\u2019annoncent cons\u00e9quents. Une enqu\u00eate sera ouverte pour d\u00e9terminer l\u2019origine de l\u2019incendie.<\/p>\n<p>\u26a0\ufe0f Les autorit\u00e9s recommandent d\u2019\u00e9viter le secteur et de ne pas g\u00eaner l\u2019intervention des secours.<\/p>\n<div class=\"publi-apres-le-contenu\" style=\"margin-top: 10px;margin-bottom: 10px;margin-left: auto;margin-right: auto;text-align: center;\" id=\"publi-2315671993\"><div class=\"publi-adlabel\">Publicit\u00e9<\/div><script async src=\"\/\/pagead2.googlesyndication.com\/pagead\/js\/adsbygoogle.js?client=ca-pub-4089586018074219\" crossorigin=\"anonymous\"><\/script><ins class=\"adsbygoogle\" style=\"display:block;\" data-ad-client=\"ca-pub-4089586018074219\" \ndata-ad-slot=\"2087940154\" \ndata-ad-format=\"auto\"><\/ins>\n<script> \n(adsbygoogle = window.adsbygoogle || []).push({}); \n<\/script>\n<\/div>","protected":false},"excerpt":{"rendered":"<p>Un violent incendie s\u2019est d\u00e9clar\u00e9 ce lundi en d\u00e9but de soir\u00e9e dans un centre de tri s\u00e9lectif situ\u00e9 dans le 17e arrondissement de Paris. Un \u00e9pais panache de fum\u00e9e s\u2019\u00e9l\u00e8ve dans le ciel, visible \u00e0 plusieurs kilom\u00e8tres \u00e0 la ronde. L\u2019ampleur des flammes a n\u00e9cessit\u00e9 la mobilisation de 200 pompiers, actuellement \u00e0 pied d\u2019\u0153uvre pour circonscrire le sinistre. Par mesure de s\u00e9curit\u00e9, la circulation a \u00e9t\u00e9 coup\u00e9e dans les deux sens sur le boulevard p\u00e9riph\u00e9rique, provoquant d\u2019importants embouteillages dans la capitale. Pour le moment, aucune victime n\u2019a \u00e9t\u00e9 signal\u00e9e, mais les d\u00e9g\u00e2ts mat\u00e9riels s\u2019annoncent cons\u00e9quents. Une enqu\u00eate sera ouverte pour d\u00e9terminer l\u2019origine de l\u2019incendie. \u26a0\ufe0f Les autorit\u00e9s recommandent d\u2019\u00e9viter le secteur et de ne pas g\u00eaner l\u2019intervention des secours.<\/p>\n","protected":false},"author":1,"featured_media":37266,"comment_status":"open","ping_status":"open","sticky":false,"template":"","format":"standard","meta":{"_jetpack_memberships_contains_paid_content":false,"footnotes":""},"categories":[375,550,1051],"tags":[7454,1183,194],"class_list":["post-37265","post","type-post","status-publish","format-standard","has-post-thumbnail","hentry","category-actualites","category-afrique-monde","category-drame","tag-17e","tag-incendie","tag-paris","entry","has-media","owp-thumbs-layout-horizontal","owp-btn-normal","owp-tabs-layout-horizontal","has-no-thumbnails","has-product-nav"],"yoast_head":"<!-- This site is optimized with the Yoast SEO plugin v25.5 - https:\/\/yoast.com\/wordpress\/plugins\/seo\/ -->\n<title>Paris 17e : Un incendie ravage un centre de tri \u2013 200 pompiers mobilis\u00e9s - LE PUBLIC<\/title>\n<meta name=\"description\" content=\"Un violent incendie s\u2019est d\u00e9clar\u00e9 ce lundi en d\u00e9but de soir\u00e9e dans un centre de tri s\u00e9lectif situ\u00e9 dans le 17e arrondissement de Paris. Un \u00e9pais panache de fum\u00e9e s\u2019\u00e9l\u00e8ve dans le ciel, visible \u00e0 plusieurs kilom\u00e8tres \u00e0 la ronde.\" \/>\n<meta name=\"robots\" content=\"index, follow, max-snippet:-1, max-image-preview:large, max-video-preview:-1\" \/>\n<link rel=\"canonical\" href=\"https:\/\/www.public.sn\/index.php\/2025\/04\/07\/paris-17e-un-incendie-ravage-un-centre-de-tri-200-pompiers-mobilises\/\" \/>\n<meta property=\"og:locale\" content=\"fr_FR\" \/>\n<meta property=\"og:type\" content=\"article\" \/>\n<meta property=\"og:title\" content=\"Paris 17e : Un incendie ravage un centre de tri \u2013 200 pompiers mobilis\u00e9s - LE PUBLIC\" \/>\n<meta property=\"og:description\" content=\"Un violent incendie s\u2019est d\u00e9clar\u00e9 ce lundi en d\u00e9but de soir\u00e9e dans un centre de tri s\u00e9lectif situ\u00e9 dans le 17e arrondissement de Paris. Un \u00e9pais panache de fum\u00e9e s\u2019\u00e9l\u00e8ve dans le ciel, visible \u00e0 plusieurs kilom\u00e8tres \u00e0 la ronde.\" \/>\n<meta property=\"og:url\" content=\"https:\/\/www.public.sn\/index.php\/2025\/04\/07\/paris-17e-un-incendie-ravage-un-centre-de-tri-200-pompiers-mobilises\/\" \/>\n<meta property=\"og:site_name\" content=\"LE PUBLIC\" \/>\n<meta property=\"article:published_time\" content=\"2025-04-07T20:33:12+00:00\" \/>\n<meta property=\"article:modified_time\" content=\"2025-04-07T20:33:17+00:00\" \/>\n<meta property=\"og:image\" content=\"https:\/\/www.public.sn\/wp-content\/uploads\/2025\/04\/ChatGPT-Image-7-avr.-2025-20_32_00.png\" \/>\n\t<meta property=\"og:image:width\" content=\"1024\" \/>\n\t<meta property=\"og:image:height\" content=\"1024\" \/>\n\t<meta property=\"og:image:type\" content=\"image\/png\" \/>\n<meta name=\"author\" content=\"LA REDACTION\" \/>\n<meta name=\"twitter:card\" content=\"summary_large_image\" \/>\n<meta name=\"twitter:label1\" content=\"\u00c9crit par\" \/>\n\t<meta name=\"twitter:data1\" content=\"LA REDACTION\" \/>\n\t<meta name=\"twitter:label2\" content=\"Dur\u00e9e de lecture estim\u00e9e\" \/>\n\t<meta name=\"twitter:data2\" content=\"1 minute\" \/>\n<script type=\"application\/ld+json\" class=\"yoast-schema-graph\">{\"@context\":\"https:\/\/schema.org\",\"@graph\":[{\"@type\":\"Article\",\"@id\":\"https:\/\/www.public.sn\/index.php\/2025\/04\/07\/paris-17e-un-incendie-ravage-un-centre-de-tri-200-pompiers-mobilises\/#article\",\"isPartOf\":{\"@id\":\"https:\/\/www.public.sn\/index.php\/2025\/04\/07\/paris-17e-un-incendie-ravage-un-centre-de-tri-200-pompiers-mobilises\/\"},\"author\":{\"name\":\"LA REDACTION\",\"@id\":\"https:\/\/www.public.sn\/#\/schema\/person\/e3f4a11b037d4203902db148f9bc8d5a\"},\"headline\":\"Paris 17e : Un incendie ravage un centre de tri \u2013 200 pompiers mobilis\u00e9s\",\"datePublished\":\"2025-04-07T20:33:12+00:00\",\"dateModified\":\"2025-04-07T20:33:17+00:00\",\"mainEntityOfPage\":{\"@id\":\"https:\/\/www.public.sn\/index.php\/2025\/04\/07\/paris-17e-un-incendie-ravage-un-centre-de-tri-200-pompiers-mobilises\/\"},\"wordCount\":158,\"commentCount\":0,\"publisher\":{\"@id\":\"https:\/\/www.public.sn\/#organization\"},\"image\":{\"@id\":\"https:\/\/www.public.sn\/index.php\/2025\/04\/07\/paris-17e-un-incendie-ravage-un-centre-de-tri-200-pompiers-mobilises\/#primaryimage\"},\"thumbnailUrl\":\"https:\/\/www.public.sn\/wp-content\/uploads\/2025\/04\/ChatGPT-Image-7-avr.-2025-20_32_00.png\",\"keywords\":[\"17e\",\"incendie\",\"Paris\"],\"articleSection\":[\"ACTUALIT\u00c9S\",\"AFRIQUE &amp; MONDE\",\"DRAME\"],\"inLanguage\":\"fr-FR\",\"potentialAction\":[{\"@type\":\"CommentAction\",\"name\":\"Comment\",\"target\":[\"https:\/\/www.public.sn\/index.php\/2025\/04\/07\/paris-17e-un-incendie-ravage-un-centre-de-tri-200-pompiers-mobilises\/#respond\"]}]},{\"@type\":\"WebPage\",\"@id\":\"https:\/\/www.public.sn\/index.php\/2025\/04\/07\/paris-17e-un-incendie-ravage-un-centre-de-tri-200-pompiers-mobilises\/\",\"url\":\"https:\/\/www.public.sn\/index.php\/2025\/04\/07\/paris-17e-un-incendie-ravage-un-centre-de-tri-200-pompiers-mobilises\/\",\"name\":\"Paris 17e : Un incendie ravage un centre de tri \u2013 200 pompiers mobilis\u00e9s - LE PUBLIC\",\"isPartOf\":{\"@id\":\"https:\/\/www.public.sn\/#website\"},\"primaryImageOfPage\":{\"@id\":\"https:\/\/www.public.sn\/index.php\/2025\/04\/07\/paris-17e-un-incendie-ravage-un-centre-de-tri-200-pompiers-mobilises\/#primaryimage\"},\"image\":{\"@id\":\"https:\/\/www.public.sn\/index.php\/2025\/04\/07\/paris-17e-un-incendie-ravage-un-centre-de-tri-200-pompiers-mobilises\/#primaryimage\"},\"thumbnailUrl\":\"https:\/\/www.public.sn\/wp-content\/uploads\/2025\/04\/ChatGPT-Image-7-avr.-2025-20_32_00.png\",\"datePublished\":\"2025-04-07T20:33:12+00:00\",\"dateModified\":\"2025-04-07T20:33:17+00:00\",\"description\":\"Un violent incendie s\u2019est d\u00e9clar\u00e9 ce lundi en d\u00e9but de soir\u00e9e dans un centre de tri s\u00e9lectif situ\u00e9 dans le 17e arrondissement de Paris. Un \u00e9pais panache de fum\u00e9e s\u2019\u00e9l\u00e8ve dans le ciel, visible \u00e0 plusieurs kilom\u00e8tres \u00e0 la ronde.\",\"breadcrumb\":{\"@id\":\"https:\/\/www.public.sn\/index.php\/2025\/04\/07\/paris-17e-un-incendie-ravage-un-centre-de-tri-200-pompiers-mobilises\/#breadcrumb\"},\"inLanguage\":\"fr-FR\",\"potentialAction\":[{\"@type\":\"ReadAction\",\"target\":[\"https:\/\/www.public.sn\/index.php\/2025\/04\/07\/paris-17e-un-incendie-ravage-un-centre-de-tri-200-pompiers-mobilises\/\"]}]},{\"@type\":\"ImageObject\",\"inLanguage\":\"fr-FR\",\"@id\":\"https:\/\/www.public.sn\/index.php\/2025\/04\/07\/paris-17e-un-incendie-ravage-un-centre-de-tri-200-pompiers-mobilises\/#primaryimage\",\"url\":\"https:\/\/www.public.sn\/wp-content\/uploads\/2025\/04\/ChatGPT-Image-7-avr.-2025-20_32_00.png\",\"contentUrl\":\"https:\/\/www.public.sn\/wp-content\/uploads\/2025\/04\/ChatGPT-Image-7-avr.-2025-20_32_00.png\",\"width\":1024,\"height\":1024},{\"@type\":\"BreadcrumbList\",\"@id\":\"https:\/\/www.public.sn\/index.php\/2025\/04\/07\/paris-17e-un-incendie-ravage-un-centre-de-tri-200-pompiers-mobilises\/#breadcrumb\",\"itemListElement\":[{\"@type\":\"ListItem\",\"position\":1,\"name\":\"Accueil\",\"item\":\"https:\/\/www.public.sn\/\"},{\"@type\":\"ListItem\",\"position\":2,\"name\":\"Paris 17e : Un incendie ravage un centre de tri \u2013 200 pompiers mobilis\u00e9s\"}]},{\"@type\":\"WebSite\",\"@id\":\"https:\/\/www.public.sn\/#website\",\"url\":\"https:\/\/www.public.sn\/\",\"name\":\"LE PUBLIC\",\"description\":\"\",\"publisher\":{\"@id\":\"https:\/\/www.public.sn\/#organization\"},\"potentialAction\":[{\"@type\":\"SearchAction\",\"target\":{\"@type\":\"EntryPoint\",\"urlTemplate\":\"https:\/\/www.public.sn\/?s={search_term_string}\"},\"query-input\":{\"@type\":\"PropertyValueSpecification\",\"valueRequired\":true,\"valueName\":\"search_term_string\"}}],\"inLanguage\":\"fr-FR\"},{\"@type\":\"Organization\",\"@id\":\"https:\/\/www.public.sn\/#organization\",\"name\":\"LE PUBLIC\",\"url\":\"https:\/\/www.public.sn\/\",\"logo\":{\"@type\":\"ImageObject\",\"inLanguage\":\"fr-FR\",\"@id\":\"https:\/\/www.public.sn\/#\/schema\/logo\/image\/\",\"url\":\"https:\/\/www.public.sn\/wp-content\/uploads\/2024\/05\/cropped-LOGO-PUBLIC.SN_.png\",\"contentUrl\":\"https:\/\/www.public.sn\/wp-content\/uploads\/2024\/05\/cropped-LOGO-PUBLIC.SN_.png\",\"width\":682,\"height\":192,\"caption\":\"LE PUBLIC\"},\"image\":{\"@id\":\"https:\/\/www.public.sn\/#\/schema\/logo\/image\/\"}},{\"@type\":\"Person\",\"@id\":\"https:\/\/www.public.sn\/#\/schema\/person\/e3f4a11b037d4203902db148f9bc8d5a\",\"name\":\"LA REDACTION\",\"image\":{\"@type\":\"ImageObject\",\"inLanguage\":\"fr-FR\",\"@id\":\"https:\/\/www.public.sn\/#\/schema\/person\/image\/\",\"url\":\"https:\/\/secure.gravatar.com\/avatar\/d6c030db45db2883c075085c5d6c6258654a801a93766b49af0b82d4f454e2a5?s=96&d=mm&r=g\",\"contentUrl\":\"https:\/\/secure.gravatar.com\/avatar\/d6c030db45db2883c075085c5d6c6258654a801a93766b49af0b82d4f454e2a5?s=96&d=mm&r=g\",\"caption\":\"LA REDACTION\"},\"sameAs\":[\"http:\/\/www.public.sn\"],\"url\":\"https:\/\/www.public.sn\/index.php\/author\/admin7324\/\"}]}<\/script>\n<!-- \/ Yoast SEO plugin. -->","yoast_head_json":{"title":"Paris 17e : Un incendie ravage un centre de tri \u2013 200 pompiers mobilis\u00e9s - LE PUBLIC","description":"Un violent incendie s\u2019est d\u00e9clar\u00e9 ce lundi en d\u00e9but de soir\u00e9e dans un centre de tri s\u00e9lectif situ\u00e9 dans le 17e arrondissement de Paris. Un \u00e9pais panache de fum\u00e9e s\u2019\u00e9l\u00e8ve dans le ciel, visible \u00e0 plusieurs kilom\u00e8tres \u00e0 la ronde.","robots":{"index":"index","follow":"follow","max-snippet":"max-snippet:-1","max-image-preview":"max-image-preview:large","max-video-preview":"max-video-preview:-1"},"canonical":"https:\/\/www.public.sn\/index.php\/2025\/04\/07\/paris-17e-un-incendie-ravage-un-centre-de-tri-200-pompiers-mobilises\/","og_locale":"fr_FR","og_type":"article","og_title":"Paris 17e : Un incendie ravage un centre de tri \u2013 200 pompiers mobilis\u00e9s - LE PUBLIC","og_description":"Un violent incendie s\u2019est d\u00e9clar\u00e9 ce lundi en d\u00e9but de soir\u00e9e dans un centre de tri s\u00e9lectif situ\u00e9 dans le 17e arrondissement de Paris. Un \u00e9pais panache de fum\u00e9e s\u2019\u00e9l\u00e8ve dans le ciel, visible \u00e0 plusieurs kilom\u00e8tres \u00e0 la ronde.","og_url":"https:\/\/www.public.sn\/index.php\/2025\/04\/07\/paris-17e-un-incendie-ravage-un-centre-de-tri-200-pompiers-mobilises\/","og_site_name":"LE PUBLIC","article_published_time":"2025-04-07T20:33:12+00:00","article_modified_time":"2025-04-07T20:33:17+00:00","og_image":[{"width":1024,"height":1024,"url":"https:\/\/www.public.sn\/wp-content\/uploads\/2025\/04\/ChatGPT-Image-7-avr.-2025-20_32_00.png","type":"image\/png"}],"author":"LA REDACTION","twitter_card":"summary_large_image","twitter_misc":{"\u00c9crit par":"LA REDACTION","Dur\u00e9e de lecture estim\u00e9e":"1 minute"},"schema":{"@context":"https:\/\/schema.org","@graph":[{"@type":"Article","@id":"https:\/\/www.public.sn\/index.php\/2025\/04\/07\/paris-17e-un-incendie-ravage-un-centre-de-tri-200-pompiers-mobilises\/#article","isPartOf":{"@id":"https:\/\/www.public.sn\/index.php\/2025\/04\/07\/paris-17e-un-incendie-ravage-un-centre-de-tri-200-pompiers-mobilises\/"},"author":{"name":"LA REDACTION","@id":"https:\/\/www.public.sn\/#\/schema\/person\/e3f4a11b037d4203902db148f9bc8d5a"},"headline":"Paris 17e : Un incendie ravage un centre de tri \u2013 200 pompiers mobilis\u00e9s","datePublished":"2025-04-07T20:33:12+00:00","dateModified":"2025-04-07T20:33:17+00:00","mainEntityOfPage":{"@id":"https:\/\/www.public.sn\/index.php\/2025\/04\/07\/paris-17e-un-incendie-ravage-un-centre-de-tri-200-pompiers-mobilises\/"},"wordCount":158,"commentCount":0,"publisher":{"@id":"https:\/\/www.public.sn\/#organization"},"image":{"@id":"https:\/\/www.public.sn\/index.php\/2025\/04\/07\/paris-17e-un-incendie-ravage-un-centre-de-tri-200-pompiers-mobilises\/#primaryimage"},"thumbnailUrl":"https:\/\/www.public.sn\/wp-content\/uploads\/2025\/04\/ChatGPT-Image-7-avr.-2025-20_32_00.png","keywords":["17e","incendie","Paris"],"articleSection":["ACTUALIT\u00c9S","AFRIQUE &amp; MONDE","DRAME"],"inLanguage":"fr-FR","potentialAction":[{"@type":"CommentAction","name":"Comment","target":["https:\/\/www.public.sn\/index.php\/2025\/04\/07\/paris-17e-un-incendie-ravage-un-centre-de-tri-200-pompiers-mobilises\/#respond"]}]},{"@type":"WebPage","@id":"https:\/\/www.public.sn\/index.php\/2025\/04\/07\/paris-17e-un-incendie-ravage-un-centre-de-tri-200-pompiers-mobilises\/","url":"https:\/\/www.public.sn\/index.php\/2025\/04\/07\/paris-17e-un-incendie-ravage-un-centre-de-tri-200-pompiers-mobilises\/","name":"Paris 17e : Un incendie ravage un centre de tri \u2013 200 pompiers mobilis\u00e9s - LE PUBLIC","isPartOf":{"@id":"https:\/\/www.public.sn\/#website"},"primaryImageOfPage":{"@id":"https:\/\/www.public.sn\/index.php\/2025\/04\/07\/paris-17e-un-incendie-ravage-un-centre-de-tri-200-pompiers-mobilises\/#primaryimage"},"image":{"@id":"https:\/\/www.public.sn\/index.php\/2025\/04\/07\/paris-17e-un-incendie-ravage-un-centre-de-tri-200-pompiers-mobilises\/#primaryimage"},"thumbnailUrl":"https:\/\/www.public.sn\/wp-content\/uploads\/2025\/04\/ChatGPT-Image-7-avr.-2025-20_32_00.png","datePublished":"2025-04-07T20:33:12+00:00","dateModified":"2025-04-07T20:33:17+00:00","description":"Un violent incendie s\u2019est d\u00e9clar\u00e9 ce lundi en d\u00e9but de soir\u00e9e dans un centre de tri s\u00e9lectif situ\u00e9 dans le 17e arrondissement de Paris. Un \u00e9pais panache de fum\u00e9e s\u2019\u00e9l\u00e8ve dans le ciel, visible \u00e0 plusieurs kilom\u00e8tres \u00e0 la ronde.","breadcrumb":{"@id":"https:\/\/www.public.sn\/index.php\/2025\/04\/07\/paris-17e-un-incendie-ravage-un-centre-de-tri-200-pompiers-mobilises\/#breadcrumb"},"inLanguage":"fr-FR","potentialAction":[{"@type":"ReadAction","target":["https:\/\/www.public.sn\/index.php\/2025\/04\/07\/paris-17e-un-incendie-ravage-un-centre-de-tri-200-pompiers-mobilises\/"]}]},{"@type":"ImageObject","inLanguage":"fr-FR","@id":"https:\/\/www.public.sn\/index.php\/2025\/04\/07\/paris-17e-un-incendie-ravage-un-centre-de-tri-200-pompiers-mobilises\/#primaryimage","url":"https:\/\/www.public.sn\/wp-content\/uploads\/2025\/04\/ChatGPT-Image-7-avr.-2025-20_32_00.png","contentUrl":"https:\/\/www.public.sn\/wp-content\/uploads\/2025\/04\/ChatGPT-Image-7-avr.-2025-20_32_00.png","width":1024,"height":1024},{"@type":"BreadcrumbList","@id":"https:\/\/www.public.sn\/index.php\/2025\/04\/07\/paris-17e-un-incendie-ravage-un-centre-de-tri-200-pompiers-mobilises\/#breadcrumb","itemListElement":[{"@type":"ListItem","position":1,"name":"Accueil","item":"https:\/\/www.public.sn\/"},{"@type":"ListItem","position":2,"name":"Paris 17e : Un incendie ravage un centre de tri \u2013 200 pompiers mobilis\u00e9s"}]},{"@type":"WebSite","@id":"https:\/\/www.public.sn\/#website","url":"https:\/\/www.public.sn\/","name":"LE PUBLIC","description":"","publisher":{"@id":"https:\/\/www.public.sn\/#organization"},"potentialAction":[{"@type":"SearchAction","target":{"@type":"EntryPoint","urlTemplate":"https:\/\/www.public.sn\/?s={search_term_string}"},"query-input":{"@type":"PropertyValueSpecification","valueRequired":true,"valueName":"search_term_string"}}],"inLanguage":"fr-FR"},{"@type":"Organization","@id":"https:\/\/www.public.sn\/#organization","name":"LE PUBLIC","url":"https:\/\/www.public.sn\/","logo":{"@type":"ImageObject","inLanguage":"fr-FR","@id":"https:\/\/www.public.sn\/#\/schema\/logo\/image\/","url":"https:\/\/www.public.sn\/wp-content\/uploads\/2024\/05\/cropped-LOGO-PUBLIC.SN_.png","contentUrl":"https:\/\/www.public.sn\/wp-content\/uploads\/2024\/05\/cropped-LOGO-PUBLIC.SN_.png","width":682,"height":192,"caption":"LE PUBLIC"},"image":{"@id":"https:\/\/www.public.sn\/#\/schema\/logo\/image\/"}},{"@type":"Person","@id":"https:\/\/www.public.sn\/#\/schema\/person\/e3f4a11b037d4203902db148f9bc8d5a","name":"LA REDACTION","image":{"@type":"ImageObject","inLanguage":"fr-FR","@id":"https:\/\/www.public.sn\/#\/schema\/person\/image\/","url":"https:\/\/secure.gravatar.com\/avatar\/d6c030db45db2883c075085c5d6c6258654a801a93766b49af0b82d4f454e2a5?s=96&d=mm&r=g","contentUrl":"https:\/\/secure.gravatar.com\/avatar\/d6c030db45db2883c075085c5d6c6258654a801a93766b49af0b82d4f454e2a5?s=96&d=mm&r=g","caption":"LA REDACTION"},"sameAs":["http:\/\/www.public.sn"],"url":"https:\/\/www.public.sn\/index.php\/author\/admin7324\/"}]}},"jetpack_featured_media_url":"https:\/\/www.public.sn\/wp-content\/uploads\/2025\/04\/ChatGPT-Image-7-avr.-2025-20_32_00.png","jetpack_sharing_enabled":true,"_links":{"self":[{"href":"https:\/\/www.public.sn\/index.php\/wp-json\/wp\/v2\/posts\/37265","targetHints":{"allow":["GET"]}}],"collection":[{"href":"https:\/\/www.public.sn\/index.php\/wp-json\/wp\/v2\/posts"}],"about":[{"href":"https:\/\/www.public.sn\/index.php\/wp-json\/wp\/v2\/types\/post"}],"author":[{"embeddable":true,"href":"https:\/\/www.public.sn\/index.php\/wp-json\/wp\/v2\/users\/1"}],"replies":[{"embeddable":true,"href":"https:\/\/www.public.sn\/index.php\/wp-json\/wp\/v2\/comments?post=37265"}],"version-history":[{"count":1,"href":"https:\/\/www.public.sn\/index.php\/wp-json\/wp\/v2\/posts\/37265\/revisions"}],"predecessor-version":[{"id":37267,"href":"https:\/\/www.public.sn\/index.php\/wp-json\/wp\/v2\/posts\/37265\/revisions\/37267"}],"wp:featuredmedia":[{"embeddable":true,"href":"https:\/\/www.public.sn\/index.php\/wp-json\/wp\/v2\/media\/37266"}],"wp:attachment":[{"href":"https:\/\/www.public.sn\/index.php\/wp-json\/wp\/v2\/media?parent=37265"}],"wp:term":[{"taxonomy":"category","embeddable":true,"href":"https:\/\/www.public.sn\/index.php\/wp-json\/wp\/v2\/categories?post=37265"},{"taxonomy":"post_tag","embeddable":true,"href":"https:\/\/www.public.sn\/index.php\/wp-json\/wp\/v2\/tags?post=37265"}],"curies":[{"name":"wp","href":"https:\/\/api.w.org\/{rel}","templated":true}]}}