{"id":3729,"date":"2022-10-06T09:39:33","date_gmt":"2022-10-06T09:39:33","guid":{"rendered":"https:\/\/www.public.sn\/?p=3729"},"modified":"2022-10-06T09:41:44","modified_gmt":"2022-10-06T09:41:44","slug":"justice-proces-kaliphone-adja-thiare-ne-sera-pas-au-tribunal-ce-que-son-avocat-va-demander-au-juge","status":"publish","type":"post","link":"https:\/\/www.public.sn\/index.php\/2022\/10\/06\/justice-proces-kaliphone-adja-thiare-ne-sera-pas-au-tribunal-ce-que-son-avocat-va-demander-au-juge\/","title":{"rendered":"Justice Proc\u00e8s Kaliphone : Adja Thiar\u00e9 ne sera pas au tribunal, ce que son avocat va demander au juge"},"content":{"rendered":"\n<p>nitialement pr\u00e9vu lundi dernier, le proc\u00e8s de Kaliphone pour coups et blessures volontaires, a \u00e9t\u00e9 renvoy\u00e9 \u00e0 ce jeudi. Mais l\u2019activiste devrait \u00eatre seul \u00e0 la barre. D\u2019apr\u00e8s Les \u00c9chos, son accusatrice, Adja Thiar\u00e9 Diaw, ne va pas compara\u00eetre.<br><br>Un de ses avocats renseigne qu\u2019elle est toujours hospitalis\u00e9e au service psychiatrique de l\u2019H\u00f4pital Principal. \u00ab\u00c7a sera tr\u00e8s compliqu\u00e9 pour qu\u2019elle vienne, confie-t-il au journal. On avait fait la promesse qu\u2019elle allait venir parce que nous avons estim\u00e9 que nous pouvions la faire compara\u00eetre \u00e0 l\u2019audience de ce jeudi. On a \u00e9t\u00e9 \u00e0 l\u2019h\u00f4pital \u00e0 deux reprises pour \u00e7a, mais le m\u00e9decin traitant nous a dit qu\u2019elle ne peut pas bouger.\u00bb<br><br>L\u2019avocat de la plaignante va proposer au juge de faire t\u00e9moigner ce dernier \u00e0 la place de sa cliente. \u00abNous lui avons demand\u00e9 de venir, mais il attend l\u2019autorisation du juge. Il nous a dit qu\u2019il est dispos\u00e9 \u00e0 venir \u00e9clairer la lanterne du tribunal\u00bb, renseigne la robe noire.<\/p><div class=\"publi-paragraphe1\" style=\"margin-top: 10px;margin-bottom: 10px;margin-left: auto;margin-right: auto;text-align: center;\" id=\"publi-1662514850\"><div class=\"publi-adlabel\">Publicit\u00e9<\/div><script async src=\"\/\/pagead2.googlesyndication.com\/pagead\/js\/adsbygoogle.js?client=ca-pub-4089586018074219\" crossorigin=\"anonymous\"><\/script><ins class=\"adsbygoogle\" style=\"display:block;\" data-ad-client=\"ca-pub-4089586018074219\" \ndata-ad-slot=\"2087940154\" \ndata-ad-format=\"auto\"><\/ins>\n<script> \n(adsbygoogle = window.adsbygoogle || []).push({}); \n<\/script>\n<\/div>\n<div class=\"publi-apres-le-contenu\" style=\"margin-top: 10px;margin-bottom: 10px;margin-left: auto;margin-right: auto;text-align: center;\" id=\"publi-3782492303\"><div class=\"publi-adlabel\">Publicit\u00e9<\/div><script async src=\"\/\/pagead2.googlesyndication.com\/pagead\/js\/adsbygoogle.js?client=ca-pub-4089586018074219\" crossorigin=\"anonymous\"><\/script><ins class=\"adsbygoogle\" style=\"display:block;\" data-ad-client=\"ca-pub-4089586018074219\" \ndata-ad-slot=\"2087940154\" \ndata-ad-format=\"auto\"><\/ins>\n<script> \n(adsbygoogle = window.adsbygoogle || []).push({}); \n<\/script>\n<\/div>","protected":false},"excerpt":{"rendered":"<p>nitialement pr\u00e9vu lundi dernier, le proc\u00e8s de Kaliphone pour coups et blessures volontaires, a \u00e9t\u00e9 renvoy\u00e9 \u00e0 ce jeudi. Mais l\u2019activiste devrait \u00eatre seul \u00e0 la barre. D\u2019apr\u00e8s Les \u00c9chos, son accusatrice, Adja Thiar\u00e9 Diaw, ne va pas compara\u00eetre. Un de ses avocats renseigne qu\u2019elle est toujours hospitalis\u00e9e au service psychiatrique de l\u2019H\u00f4pital Principal. \u00ab\u00c7a sera tr\u00e8s compliqu\u00e9 pour qu\u2019elle vienne, confie-t-il au journal. On avait fait la promesse qu\u2019elle allait venir parce que nous avons estim\u00e9 que nous pouvions la faire compara\u00eetre \u00e0 l\u2019audience de ce jeudi. On a \u00e9t\u00e9 \u00e0 l\u2019h\u00f4pital \u00e0 deux reprises pour \u00e7a, mais le m\u00e9decin traitant nous a dit qu\u2019elle ne peut pas bouger.\u00bb L\u2019avocat de la plaignante va proposer au juge de faire t\u00e9moigner ce dernier \u00e0 la place de sa cliente. \u00abNous lui avons demand\u00e9 de venir, mais il attend l\u2019autorisation du juge. Il nous a dit qu\u2019il est dispos\u00e9 \u00e0 venir \u00e9clairer la lanterne du tribunal\u00bb, renseigne la robe noire.<\/p>\n","protected":false},"author":1,"featured_media":3485,"comment_status":"open","ping_status":"open","sticky":false,"template":"","format":"standard","meta":{"_jetpack_memberships_contains_paid_content":false,"footnotes":""},"categories":[375,1,4],"tags":[976,1215,1138],"class_list":["post-3729","post","type-post","status-publish","format-standard","has-post-thumbnail","hentry","category-actualites","category-non-classe","category-societe","tag-adja","tag-affaire-kalifone","tag-proces-2","entry","has-media","owp-thumbs-layout-horizontal","owp-btn-normal","owp-tabs-layout-horizontal","has-no-thumbnails","has-product-nav"],"yoast_head":"<!-- This site is optimized with the Yoast SEO plugin v25.5 - https:\/\/yoast.com\/wordpress\/plugins\/seo\/ -->\n<title>Justice Proc\u00e8s Kaliphone : Adja Thiar\u00e9 ne sera pas au tribunal, ce que son avocat va demander au juge - LE PUBLIC<\/title>\n<meta name=\"robots\" content=\"index, follow, max-snippet:-1, max-image-preview:large, max-video-preview:-1\" \/>\n<link rel=\"canonical\" href=\"https:\/\/www.public.sn\/index.php\/2022\/10\/06\/justice-proces-kaliphone-adja-thiare-ne-sera-pas-au-tribunal-ce-que-son-avocat-va-demander-au-juge\/\" \/>\n<meta property=\"og:locale\" content=\"fr_FR\" \/>\n<meta property=\"og:type\" content=\"article\" \/>\n<meta property=\"og:title\" content=\"Justice Proc\u00e8s Kaliphone : Adja Thiar\u00e9 ne sera pas au tribunal, ce que son avocat va demander au juge - LE PUBLIC\" \/>\n<meta property=\"og:description\" content=\"nitialement pr\u00e9vu lundi dernier, le proc\u00e8s de Kaliphone pour coups et blessures volontaires, a \u00e9t\u00e9 renvoy\u00e9 \u00e0 ce jeudi. Mais l\u2019activiste devrait \u00eatre seul \u00e0 la barre. D\u2019apr\u00e8s Les \u00c9chos, son accusatrice, Adja Thiar\u00e9 Diaw, ne va pas compara\u00eetre. Un de ses avocats renseigne qu\u2019elle est toujours hospitalis\u00e9e au service psychiatrique de l\u2019H\u00f4pital Principal. \u00ab\u00c7a sera tr\u00e8s compliqu\u00e9 pour qu\u2019elle vienne, confie-t-il au journal. On avait fait la promesse qu\u2019elle allait venir parce que nous avons estim\u00e9 que nous pouvions la faire compara\u00eetre \u00e0 l\u2019audience de ce jeudi. On a \u00e9t\u00e9 \u00e0 l\u2019h\u00f4pital \u00e0 deux reprises pour \u00e7a, mais le m\u00e9decin traitant nous a dit qu\u2019elle ne peut pas bouger.\u00bb L\u2019avocat de la plaignante va proposer au juge de faire t\u00e9moigner ce dernier \u00e0 la place de sa cliente. \u00abNous lui avons demand\u00e9 de venir, mais il attend l\u2019autorisation du juge. Il nous a dit qu\u2019il est dispos\u00e9 \u00e0 venir \u00e9clairer la lanterne du tribunal\u00bb, renseigne la robe noire.\" \/>\n<meta property=\"og:url\" content=\"https:\/\/www.public.sn\/index.php\/2022\/10\/06\/justice-proces-kaliphone-adja-thiare-ne-sera-pas-au-tribunal-ce-que-son-avocat-va-demander-au-juge\/\" \/>\n<meta property=\"og:site_name\" content=\"LE PUBLIC\" \/>\n<meta property=\"article:published_time\" content=\"2022-10-06T09:39:33+00:00\" \/>\n<meta property=\"article:modified_time\" content=\"2022-10-06T09:41:44+00:00\" \/>\n<meta property=\"og:image\" content=\"https:\/\/www.public.sn\/wp-content\/uploads\/2022\/10\/4cfc283215ac71b95efee10351f6db6b797c4f51.jpeg\" \/>\n\t<meta property=\"og:image:width\" content=\"612\" \/>\n\t<meta property=\"og:image:height\" content=\"298\" \/>\n\t<meta property=\"og:image:type\" content=\"image\/jpeg\" \/>\n<meta name=\"author\" content=\"LA REDACTION\" \/>\n<meta name=\"twitter:card\" content=\"summary_large_image\" \/>\n<meta name=\"twitter:label1\" content=\"\u00c9crit par\" \/>\n\t<meta name=\"twitter:data1\" content=\"LA REDACTION\" \/>\n\t<meta name=\"twitter:label2\" content=\"Dur\u00e9e de lecture estim\u00e9e\" \/>\n\t<meta name=\"twitter:data2\" content=\"1 minute\" \/>\n<script type=\"application\/ld+json\" class=\"yoast-schema-graph\">{\"@context\":\"https:\/\/schema.org\",\"@graph\":[{\"@type\":\"Article\",\"@id\":\"https:\/\/www.public.sn\/index.php\/2022\/10\/06\/justice-proces-kaliphone-adja-thiare-ne-sera-pas-au-tribunal-ce-que-son-avocat-va-demander-au-juge\/#article\",\"isPartOf\":{\"@id\":\"https:\/\/www.public.sn\/index.php\/2022\/10\/06\/justice-proces-kaliphone-adja-thiare-ne-sera-pas-au-tribunal-ce-que-son-avocat-va-demander-au-juge\/\"},\"author\":{\"name\":\"LA REDACTION\",\"@id\":\"https:\/\/www.public.sn\/#\/schema\/person\/e3f4a11b037d4203902db148f9bc8d5a\"},\"headline\":\"Justice Proc\u00e8s Kaliphone : Adja Thiar\u00e9 ne sera pas au tribunal, ce que son avocat va demander au juge\",\"datePublished\":\"2022-10-06T09:39:33+00:00\",\"dateModified\":\"2022-10-06T09:41:44+00:00\",\"mainEntityOfPage\":{\"@id\":\"https:\/\/www.public.sn\/index.php\/2022\/10\/06\/justice-proces-kaliphone-adja-thiare-ne-sera-pas-au-tribunal-ce-que-son-avocat-va-demander-au-juge\/\"},\"wordCount\":194,\"commentCount\":0,\"publisher\":{\"@id\":\"https:\/\/www.public.sn\/#organization\"},\"image\":{\"@id\":\"https:\/\/www.public.sn\/index.php\/2022\/10\/06\/justice-proces-kaliphone-adja-thiare-ne-sera-pas-au-tribunal-ce-que-son-avocat-va-demander-au-juge\/#primaryimage\"},\"thumbnailUrl\":\"https:\/\/www.public.sn\/wp-content\/uploads\/2022\/10\/4cfc283215ac71b95efee10351f6db6b797c4f51.jpeg\",\"keywords\":[\"Adja\",\"Affaire Kalifone\",\"proces\"],\"articleSection\":[\"ACTUALIT\u00c9S\",\"S\u00c9N\u00c9GAL\",\"SOCIETE\"],\"inLanguage\":\"fr-FR\",\"potentialAction\":[{\"@type\":\"CommentAction\",\"name\":\"Comment\",\"target\":[\"https:\/\/www.public.sn\/index.php\/2022\/10\/06\/justice-proces-kaliphone-adja-thiare-ne-sera-pas-au-tribunal-ce-que-son-avocat-va-demander-au-juge\/#respond\"]}]},{\"@type\":\"WebPage\",\"@id\":\"https:\/\/www.public.sn\/index.php\/2022\/10\/06\/justice-proces-kaliphone-adja-thiare-ne-sera-pas-au-tribunal-ce-que-son-avocat-va-demander-au-juge\/\",\"url\":\"https:\/\/www.public.sn\/index.php\/2022\/10\/06\/justice-proces-kaliphone-adja-thiare-ne-sera-pas-au-tribunal-ce-que-son-avocat-va-demander-au-juge\/\",\"name\":\"Justice Proc\u00e8s Kaliphone : Adja Thiar\u00e9 ne sera pas au tribunal, ce que son avocat va demander au juge - LE PUBLIC\",\"isPartOf\":{\"@id\":\"https:\/\/www.public.sn\/#website\"},\"primaryImageOfPage\":{\"@id\":\"https:\/\/www.public.sn\/index.php\/2022\/10\/06\/justice-proces-kaliphone-adja-thiare-ne-sera-pas-au-tribunal-ce-que-son-avocat-va-demander-au-juge\/#primaryimage\"},\"image\":{\"@id\":\"https:\/\/www.public.sn\/index.php\/2022\/10\/06\/justice-proces-kaliphone-adja-thiare-ne-sera-pas-au-tribunal-ce-que-son-avocat-va-demander-au-juge\/#primaryimage\"},\"thumbnailUrl\":\"https:\/\/www.public.sn\/wp-content\/uploads\/2022\/10\/4cfc283215ac71b95efee10351f6db6b797c4f51.jpeg\",\"datePublished\":\"2022-10-06T09:39:33+00:00\",\"dateModified\":\"2022-10-06T09:41:44+00:00\",\"breadcrumb\":{\"@id\":\"https:\/\/www.public.sn\/index.php\/2022\/10\/06\/justice-proces-kaliphone-adja-thiare-ne-sera-pas-au-tribunal-ce-que-son-avocat-va-demander-au-juge\/#breadcrumb\"},\"inLanguage\":\"fr-FR\",\"potentialAction\":[{\"@type\":\"ReadAction\",\"target\":[\"https:\/\/www.public.sn\/index.php\/2022\/10\/06\/justice-proces-kaliphone-adja-thiare-ne-sera-pas-au-tribunal-ce-que-son-avocat-va-demander-au-juge\/\"]}]},{\"@type\":\"ImageObject\",\"inLanguage\":\"fr-FR\",\"@id\":\"https:\/\/www.public.sn\/index.php\/2022\/10\/06\/justice-proces-kaliphone-adja-thiare-ne-sera-pas-au-tribunal-ce-que-son-avocat-va-demander-au-juge\/#primaryimage\",\"url\":\"https:\/\/www.public.sn\/wp-content\/uploads\/2022\/10\/4cfc283215ac71b95efee10351f6db6b797c4f51.jpeg\",\"contentUrl\":\"https:\/\/www.public.sn\/wp-content\/uploads\/2022\/10\/4cfc283215ac71b95efee10351f6db6b797c4f51.jpeg\",\"width\":612,\"height\":298,\"caption\":\"Public Sn\"},{\"@type\":\"BreadcrumbList\",\"@id\":\"https:\/\/www.public.sn\/index.php\/2022\/10\/06\/justice-proces-kaliphone-adja-thiare-ne-sera-pas-au-tribunal-ce-que-son-avocat-va-demander-au-juge\/#breadcrumb\",\"itemListElement\":[{\"@type\":\"ListItem\",\"position\":1,\"name\":\"Accueil\",\"item\":\"https:\/\/www.public.sn\/\"},{\"@type\":\"ListItem\",\"position\":2,\"name\":\"Justice Proc\u00e8s Kaliphone : Adja Thiar\u00e9 ne sera pas au tribunal, ce que son avocat va demander au juge\"}]},{\"@type\":\"WebSite\",\"@id\":\"https:\/\/www.public.sn\/#website\",\"url\":\"https:\/\/www.public.sn\/\",\"name\":\"LE PUBLIC\",\"description\":\"\",\"publisher\":{\"@id\":\"https:\/\/www.public.sn\/#organization\"},\"potentialAction\":[{\"@type\":\"SearchAction\",\"target\":{\"@type\":\"EntryPoint\",\"urlTemplate\":\"https:\/\/www.public.sn\/?s={search_term_string}\"},\"query-input\":{\"@type\":\"PropertyValueSpecification\",\"valueRequired\":true,\"valueName\":\"search_term_string\"}}],\"inLanguage\":\"fr-FR\"},{\"@type\":\"Organization\",\"@id\":\"https:\/\/www.public.sn\/#organization\",\"name\":\"LE PUBLIC\",\"url\":\"https:\/\/www.public.sn\/\",\"logo\":{\"@type\":\"ImageObject\",\"inLanguage\":\"fr-FR\",\"@id\":\"https:\/\/www.public.sn\/#\/schema\/logo\/image\/\",\"url\":\"https:\/\/www.public.sn\/wp-content\/uploads\/2024\/05\/cropped-LOGO-PUBLIC.SN_.png\",\"contentUrl\":\"https:\/\/www.public.sn\/wp-content\/uploads\/2024\/05\/cropped-LOGO-PUBLIC.SN_.png\",\"width\":682,\"height\":192,\"caption\":\"LE PUBLIC\"},\"image\":{\"@id\":\"https:\/\/www.public.sn\/#\/schema\/logo\/image\/\"}},{\"@type\":\"Person\",\"@id\":\"https:\/\/www.public.sn\/#\/schema\/person\/e3f4a11b037d4203902db148f9bc8d5a\",\"name\":\"LA REDACTION\",\"image\":{\"@type\":\"ImageObject\",\"inLanguage\":\"fr-FR\",\"@id\":\"https:\/\/www.public.sn\/#\/schema\/person\/image\/\",\"url\":\"https:\/\/secure.gravatar.com\/avatar\/d6c030db45db2883c075085c5d6c6258654a801a93766b49af0b82d4f454e2a5?s=96&d=mm&r=g\",\"contentUrl\":\"https:\/\/secure.gravatar.com\/avatar\/d6c030db45db2883c075085c5d6c6258654a801a93766b49af0b82d4f454e2a5?s=96&d=mm&r=g\",\"caption\":\"LA REDACTION\"},\"sameAs\":[\"http:\/\/www.public.sn\"],\"url\":\"https:\/\/www.public.sn\/index.php\/author\/admin7324\/\"}]}<\/script>\n<!-- \/ Yoast SEO plugin. -->","yoast_head_json":{"title":"Justice Proc\u00e8s Kaliphone : Adja Thiar\u00e9 ne sera pas au tribunal, ce que son avocat va demander au juge - LE PUBLIC","robots":{"index":"index","follow":"follow","max-snippet":"max-snippet:-1","max-image-preview":"max-image-preview:large","max-video-preview":"max-video-preview:-1"},"canonical":"https:\/\/www.public.sn\/index.php\/2022\/10\/06\/justice-proces-kaliphone-adja-thiare-ne-sera-pas-au-tribunal-ce-que-son-avocat-va-demander-au-juge\/","og_locale":"fr_FR","og_type":"article","og_title":"Justice Proc\u00e8s Kaliphone : Adja Thiar\u00e9 ne sera pas au tribunal, ce que son avocat va demander au juge - LE PUBLIC","og_description":"nitialement pr\u00e9vu lundi dernier, le proc\u00e8s de Kaliphone pour coups et blessures volontaires, a \u00e9t\u00e9 renvoy\u00e9 \u00e0 ce jeudi. Mais l\u2019activiste devrait \u00eatre seul \u00e0 la barre. D\u2019apr\u00e8s Les \u00c9chos, son accusatrice, Adja Thiar\u00e9 Diaw, ne va pas compara\u00eetre. Un de ses avocats renseigne qu\u2019elle est toujours hospitalis\u00e9e au service psychiatrique de l\u2019H\u00f4pital Principal. \u00ab\u00c7a sera tr\u00e8s compliqu\u00e9 pour qu\u2019elle vienne, confie-t-il au journal. On avait fait la promesse qu\u2019elle allait venir parce que nous avons estim\u00e9 que nous pouvions la faire compara\u00eetre \u00e0 l\u2019audience de ce jeudi. On a \u00e9t\u00e9 \u00e0 l\u2019h\u00f4pital \u00e0 deux reprises pour \u00e7a, mais le m\u00e9decin traitant nous a dit qu\u2019elle ne peut pas bouger.\u00bb L\u2019avocat de la plaignante va proposer au juge de faire t\u00e9moigner ce dernier \u00e0 la place de sa cliente. \u00abNous lui avons demand\u00e9 de venir, mais il attend l\u2019autorisation du juge. Il nous a dit qu\u2019il est dispos\u00e9 \u00e0 venir \u00e9clairer la lanterne du tribunal\u00bb, renseigne la robe noire.","og_url":"https:\/\/www.public.sn\/index.php\/2022\/10\/06\/justice-proces-kaliphone-adja-thiare-ne-sera-pas-au-tribunal-ce-que-son-avocat-va-demander-au-juge\/","og_site_name":"LE PUBLIC","article_published_time":"2022-10-06T09:39:33+00:00","article_modified_time":"2022-10-06T09:41:44+00:00","og_image":[{"width":612,"height":298,"url":"https:\/\/www.public.sn\/wp-content\/uploads\/2022\/10\/4cfc283215ac71b95efee10351f6db6b797c4f51.jpeg","type":"image\/jpeg"}],"author":"LA REDACTION","twitter_card":"summary_large_image","twitter_misc":{"\u00c9crit par":"LA REDACTION","Dur\u00e9e de lecture estim\u00e9e":"1 minute"},"schema":{"@context":"https:\/\/schema.org","@graph":[{"@type":"Article","@id":"https:\/\/www.public.sn\/index.php\/2022\/10\/06\/justice-proces-kaliphone-adja-thiare-ne-sera-pas-au-tribunal-ce-que-son-avocat-va-demander-au-juge\/#article","isPartOf":{"@id":"https:\/\/www.public.sn\/index.php\/2022\/10\/06\/justice-proces-kaliphone-adja-thiare-ne-sera-pas-au-tribunal-ce-que-son-avocat-va-demander-au-juge\/"},"author":{"name":"LA REDACTION","@id":"https:\/\/www.public.sn\/#\/schema\/person\/e3f4a11b037d4203902db148f9bc8d5a"},"headline":"Justice Proc\u00e8s Kaliphone : Adja Thiar\u00e9 ne sera pas au tribunal, ce que son avocat va demander au juge","datePublished":"2022-10-06T09:39:33+00:00","dateModified":"2022-10-06T09:41:44+00:00","mainEntityOfPage":{"@id":"https:\/\/www.public.sn\/index.php\/2022\/10\/06\/justice-proces-kaliphone-adja-thiare-ne-sera-pas-au-tribunal-ce-que-son-avocat-va-demander-au-juge\/"},"wordCount":194,"commentCount":0,"publisher":{"@id":"https:\/\/www.public.sn\/#organization"},"image":{"@id":"https:\/\/www.public.sn\/index.php\/2022\/10\/06\/justice-proces-kaliphone-adja-thiare-ne-sera-pas-au-tribunal-ce-que-son-avocat-va-demander-au-juge\/#primaryimage"},"thumbnailUrl":"https:\/\/www.public.sn\/wp-content\/uploads\/2022\/10\/4cfc283215ac71b95efee10351f6db6b797c4f51.jpeg","keywords":["Adja","Affaire Kalifone","proces"],"articleSection":["ACTUALIT\u00c9S","S\u00c9N\u00c9GAL","SOCIETE"],"inLanguage":"fr-FR","potentialAction":[{"@type":"CommentAction","name":"Comment","target":["https:\/\/www.public.sn\/index.php\/2022\/10\/06\/justice-proces-kaliphone-adja-thiare-ne-sera-pas-au-tribunal-ce-que-son-avocat-va-demander-au-juge\/#respond"]}]},{"@type":"WebPage","@id":"https:\/\/www.public.sn\/index.php\/2022\/10\/06\/justice-proces-kaliphone-adja-thiare-ne-sera-pas-au-tribunal-ce-que-son-avocat-va-demander-au-juge\/","url":"https:\/\/www.public.sn\/index.php\/2022\/10\/06\/justice-proces-kaliphone-adja-thiare-ne-sera-pas-au-tribunal-ce-que-son-avocat-va-demander-au-juge\/","name":"Justice Proc\u00e8s Kaliphone : Adja Thiar\u00e9 ne sera pas au tribunal, ce que son avocat va demander au juge - LE PUBLIC","isPartOf":{"@id":"https:\/\/www.public.sn\/#website"},"primaryImageOfPage":{"@id":"https:\/\/www.public.sn\/index.php\/2022\/10\/06\/justice-proces-kaliphone-adja-thiare-ne-sera-pas-au-tribunal-ce-que-son-avocat-va-demander-au-juge\/#primaryimage"},"image":{"@id":"https:\/\/www.public.sn\/index.php\/2022\/10\/06\/justice-proces-kaliphone-adja-thiare-ne-sera-pas-au-tribunal-ce-que-son-avocat-va-demander-au-juge\/#primaryimage"},"thumbnailUrl":"https:\/\/www.public.sn\/wp-content\/uploads\/2022\/10\/4cfc283215ac71b95efee10351f6db6b797c4f51.jpeg","datePublished":"2022-10-06T09:39:33+00:00","dateModified":"2022-10-06T09:41:44+00:00","breadcrumb":{"@id":"https:\/\/www.public.sn\/index.php\/2022\/10\/06\/justice-proces-kaliphone-adja-thiare-ne-sera-pas-au-tribunal-ce-que-son-avocat-va-demander-au-juge\/#breadcrumb"},"inLanguage":"fr-FR","potentialAction":[{"@type":"ReadAction","target":["https:\/\/www.public.sn\/index.php\/2022\/10\/06\/justice-proces-kaliphone-adja-thiare-ne-sera-pas-au-tribunal-ce-que-son-avocat-va-demander-au-juge\/"]}]},{"@type":"ImageObject","inLanguage":"fr-FR","@id":"https:\/\/www.public.sn\/index.php\/2022\/10\/06\/justice-proces-kaliphone-adja-thiare-ne-sera-pas-au-tribunal-ce-que-son-avocat-va-demander-au-juge\/#primaryimage","url":"https:\/\/www.public.sn\/wp-content\/uploads\/2022\/10\/4cfc283215ac71b95efee10351f6db6b797c4f51.jpeg","contentUrl":"https:\/\/www.public.sn\/wp-content\/uploads\/2022\/10\/4cfc283215ac71b95efee10351f6db6b797c4f51.jpeg","width":612,"height":298,"caption":"Public Sn"},{"@type":"BreadcrumbList","@id":"https:\/\/www.public.sn\/index.php\/2022\/10\/06\/justice-proces-kaliphone-adja-thiare-ne-sera-pas-au-tribunal-ce-que-son-avocat-va-demander-au-juge\/#breadcrumb","itemListElement":[{"@type":"ListItem","position":1,"name":"Accueil","item":"https:\/\/www.public.sn\/"},{"@type":"ListItem","position":2,"name":"Justice Proc\u00e8s Kaliphone : Adja Thiar\u00e9 ne sera pas au tribunal, ce que son avocat va demander au juge"}]},{"@type":"WebSite","@id":"https:\/\/www.public.sn\/#website","url":"https:\/\/www.public.sn\/","name":"LE PUBLIC","description":"","publisher":{"@id":"https:\/\/www.public.sn\/#organization"},"potentialAction":[{"@type":"SearchAction","target":{"@type":"EntryPoint","urlTemplate":"https:\/\/www.public.sn\/?s={search_term_string}"},"query-input":{"@type":"PropertyValueSpecification","valueRequired":true,"valueName":"search_term_string"}}],"inLanguage":"fr-FR"},{"@type":"Organization","@id":"https:\/\/www.public.sn\/#organization","name":"LE PUBLIC","url":"https:\/\/www.public.sn\/","logo":{"@type":"ImageObject","inLanguage":"fr-FR","@id":"https:\/\/www.public.sn\/#\/schema\/logo\/image\/","url":"https:\/\/www.public.sn\/wp-content\/uploads\/2024\/05\/cropped-LOGO-PUBLIC.SN_.png","contentUrl":"https:\/\/www.public.sn\/wp-content\/uploads\/2024\/05\/cropped-LOGO-PUBLIC.SN_.png","width":682,"height":192,"caption":"LE PUBLIC"},"image":{"@id":"https:\/\/www.public.sn\/#\/schema\/logo\/image\/"}},{"@type":"Person","@id":"https:\/\/www.public.sn\/#\/schema\/person\/e3f4a11b037d4203902db148f9bc8d5a","name":"LA REDACTION","image":{"@type":"ImageObject","inLanguage":"fr-FR","@id":"https:\/\/www.public.sn\/#\/schema\/person\/image\/","url":"https:\/\/secure.gravatar.com\/avatar\/d6c030db45db2883c075085c5d6c6258654a801a93766b49af0b82d4f454e2a5?s=96&d=mm&r=g","contentUrl":"https:\/\/secure.gravatar.com\/avatar\/d6c030db45db2883c075085c5d6c6258654a801a93766b49af0b82d4f454e2a5?s=96&d=mm&r=g","caption":"LA REDACTION"},"sameAs":["http:\/\/www.public.sn"],"url":"https:\/\/www.public.sn\/index.php\/author\/admin7324\/"}]}},"jetpack_featured_media_url":"https:\/\/www.public.sn\/wp-content\/uploads\/2022\/10\/4cfc283215ac71b95efee10351f6db6b797c4f51.jpeg","jetpack_sharing_enabled":true,"_links":{"self":[{"href":"https:\/\/www.public.sn\/index.php\/wp-json\/wp\/v2\/posts\/3729","targetHints":{"allow":["GET"]}}],"collection":[{"href":"https:\/\/www.public.sn\/index.php\/wp-json\/wp\/v2\/posts"}],"about":[{"href":"https:\/\/www.public.sn\/index.php\/wp-json\/wp\/v2\/types\/post"}],"author":[{"embeddable":true,"href":"https:\/\/www.public.sn\/index.php\/wp-json\/wp\/v2\/users\/1"}],"replies":[{"embeddable":true,"href":"https:\/\/www.public.sn\/index.php\/wp-json\/wp\/v2\/comments?post=3729"}],"version-history":[{"count":2,"href":"https:\/\/www.public.sn\/index.php\/wp-json\/wp\/v2\/posts\/3729\/revisions"}],"predecessor-version":[{"id":3734,"href":"https:\/\/www.public.sn\/index.php\/wp-json\/wp\/v2\/posts\/3729\/revisions\/3734"}],"wp:featuredmedia":[{"embeddable":true,"href":"https:\/\/www.public.sn\/index.php\/wp-json\/wp\/v2\/media\/3485"}],"wp:attachment":[{"href":"https:\/\/www.public.sn\/index.php\/wp-json\/wp\/v2\/media?parent=3729"}],"wp:term":[{"taxonomy":"category","embeddable":true,"href":"https:\/\/www.public.sn\/index.php\/wp-json\/wp\/v2\/categories?post=3729"},{"taxonomy":"post_tag","embeddable":true,"href":"https:\/\/www.public.sn\/index.php\/wp-json\/wp\/v2\/tags?post=3729"}],"curies":[{"name":"wp","href":"https:\/\/api.w.org\/{rel}","templated":true}]}}