{"id":37292,"date":"2025-04-08T10:03:00","date_gmt":"2025-04-08T10:03:00","guid":{"rendered":"https:\/\/www.public.sn\/?p=37292"},"modified":"2025-04-08T09:38:06","modified_gmt":"2025-04-08T09:38:06","slug":"le-piege-de-la-recuperation-politique-sur-une-probable-baisse-du-prix-du-lait-par-thierno-diop","status":"publish","type":"post","link":"https:\/\/www.public.sn\/index.php\/2025\/04\/08\/le-piege-de-la-recuperation-politique-sur-une-probable-baisse-du-prix-du-lait-par-thierno-diop\/","title":{"rendered":"\u00ab\u00a0Le pi\u00e8ge de la r\u00e9cup\u00e9ration politique sur une probable baisse du prix du lait\u00a0\u00bb | Par Thierno Diop"},"content":{"rendered":"\n<p>Dans les prochains mois, le prix du lait en poudre pourrait conna\u00eetre une baisse sur les march\u00e9s africains. Une bonne nouvelle pour les consommateurs, certes. Mais attention \u00e0 ne pas tomber dans le pi\u00e8ge d\u2019une r\u00e9cup\u00e9ration politique opportuniste.<\/p><div class=\"publi-paragraphe1\" style=\"margin-top: 10px;margin-bottom: 10px;margin-left: auto;margin-right: auto;text-align: center;\" id=\"publi-3665181527\"><div class=\"publi-adlabel\">Publicit\u00e9<\/div><script async src=\"\/\/pagead2.googlesyndication.com\/pagead\/js\/adsbygoogle.js?client=ca-pub-4089586018074219\" crossorigin=\"anonymous\"><\/script><ins class=\"adsbygoogle\" style=\"display:block;\" data-ad-client=\"ca-pub-4089586018074219\" \ndata-ad-slot=\"2087940154\" \ndata-ad-format=\"auto\"><\/ins>\n<script> \n(adsbygoogle = window.adsbygoogle || []).push({}); \n<\/script>\n<\/div>\n\n\n\n<p>Car <a><\/a>cette baisse n\u2019a strictement rien \u00e0 voir avec une politique publique men\u00e9e par le gouvernement s\u00e9n\u00e9galais. Elle s\u2019explique plut\u00f4t par un bouleversement du commerce international. En effet, l\u2019administration Trump avait impos\u00e9 des taxes douani\u00e8res sur le lait en poudre europ\u00e9en, rendant ce produit moins comp\u00e9titif aux \u00c9tats-Unis, pourtant l\u2019un des plus gros importateurs.<\/p>\n\n\n\n<p>R\u00e9sultat : l\u2019Europe se retrouve avec un surplus de production qu\u2019elle doit \u00e9couler ailleurs. Et ce sont les march\u00e9s africains, plus accessibles et moins r\u00e9glement\u00e9s, qui servent de d\u00e9bouch\u00e9s. Cette arriv\u00e9e massive de lait europ\u00e9en cr\u00e9e m\u00e9caniquement une baisse des prix.<\/p>\n\n\n\n<p>Cela n\u2019a donc rien \u00e0 voir avec une quelconque strat\u00e9gie du gouvernement s\u00e9n\u00e9galais. Il ne s\u2019agit ni de subvention, ni de r\u00e9forme douani\u00e8re, ni d\u2019accord commercial initi\u00e9 localement. Le gouvernement, d\u2019ailleurs, n\u2019a pas encore r\u00e9ussi \u00e0 faire baisser le prix du carburant malgr\u00e9 la baisse des cours mondiaux du p\u00e9trole.<\/p>\n\n\n\n<p>Il ne faudrait donc pas que les tenants du pouvoir, comme ils l\u2019ont fait pour le riz indien r\u00e9cemment, s\u2019approprient cette baisse du prix du lait comme un \u00ab succ\u00e8s gouvernemental \u00bb. Car il n\u2019en est rien.<\/p>\n\n\n\n<p>Les S\u00e9n\u00e9galais doivent rester lucides : toutes les bonnes nouvelles ne viennent pas de la gouvernance en place. Certaines tombent du ciel g\u00e9opolitique. Et ce n\u2019est pas une raison pour que des responsables politiques viennent les r\u00e9cup\u00e9rer\u2026 en grande pompe.<\/p>\n\n\n\n<p>Thierno Diop<\/p>\n<div class=\"publi-apres-le-contenu\" style=\"margin-top: 10px;margin-bottom: 10px;margin-left: auto;margin-right: auto;text-align: center;\" id=\"publi-2526745374\"><div class=\"publi-adlabel\">Publicit\u00e9<\/div><script async src=\"\/\/pagead2.googlesyndication.com\/pagead\/js\/adsbygoogle.js?client=ca-pub-4089586018074219\" crossorigin=\"anonymous\"><\/script><ins class=\"adsbygoogle\" style=\"display:block;\" data-ad-client=\"ca-pub-4089586018074219\" \ndata-ad-slot=\"2087940154\" \ndata-ad-format=\"auto\"><\/ins>\n<script> \n(adsbygoogle = window.adsbygoogle || []).push({}); \n<\/script>\n<\/div>","protected":false},"excerpt":{"rendered":"<p>Dans les prochains mois, le prix du lait en poudre pourrait conna\u00eetre une baisse sur les march\u00e9s africains. Une bonne nouvelle pour les consommateurs, certes. Mais attention \u00e0 ne pas tomber dans le pi\u00e8ge d\u2019une r\u00e9cup\u00e9ration politique opportuniste. Car cette baisse n\u2019a strictement rien \u00e0 voir avec une politique publique men\u00e9e par le gouvernement s\u00e9n\u00e9galais. Elle s\u2019explique plut\u00f4t par un bouleversement du commerce international. En effet, l\u2019administration Trump avait impos\u00e9 des taxes douani\u00e8res sur le lait en poudre europ\u00e9en, rendant ce produit moins comp\u00e9titif aux \u00c9tats-Unis, pourtant l\u2019un des plus gros importateurs. R\u00e9sultat : l\u2019Europe se retrouve avec un surplus de production qu\u2019elle doit \u00e9couler ailleurs. Et ce sont les march\u00e9s africains, plus accessibles et moins r\u00e9glement\u00e9s, qui servent de d\u00e9bouch\u00e9s. Cette arriv\u00e9e massive de lait europ\u00e9en cr\u00e9e m\u00e9caniquement une baisse des prix. Cela n\u2019a donc rien \u00e0 voir avec une quelconque strat\u00e9gie du gouvernement s\u00e9n\u00e9galais. Il ne s\u2019agit ni de subvention, ni de r\u00e9forme douani\u00e8re, ni d\u2019accord commercial initi\u00e9 localement. Le gouvernement, d\u2019ailleurs, n\u2019a pas encore r\u00e9ussi \u00e0 faire baisser le prix du carburant malgr\u00e9 la baisse des cours mondiaux du p\u00e9trole. Il ne faudrait donc pas que les tenants du pouvoir, comme ils l\u2019ont fait pour le riz indien r\u00e9cemment, s\u2019approprient cette baisse du prix du lait comme un \u00ab succ\u00e8s gouvernemental \u00bb. Car il n\u2019en est rien. Les S\u00e9n\u00e9galais doivent rester lucides : toutes les bonnes nouvelles ne viennent pas de la gouvernance en place. Certaines tombent du ciel g\u00e9opolitique. Et ce n\u2019est pas une raison pour que des responsables politiques viennent les r\u00e9cup\u00e9rer\u2026 en grande pompe. Thierno Diop<\/p>\n","protected":false},"author":1,"featured_media":37293,"comment_status":"open","ping_status":"open","sticky":false,"template":"","format":"standard","meta":{"_jetpack_memberships_contains_paid_content":false,"footnotes":""},"categories":[375,1575,3,4],"tags":[7463,7462],"class_list":["post-37292","post","type-post","status-publish","format-standard","has-post-thumbnail","hentry","category-actualites","category-contributions","category-politique","category-societe","tag-lait-en-poudre","tag-thierno-diop","entry","has-media","owp-thumbs-layout-horizontal","owp-btn-normal","owp-tabs-layout-horizontal","has-no-thumbnails","has-product-nav"],"yoast_head":"<!-- This site is optimized with the Yoast SEO plugin v25.5 - https:\/\/yoast.com\/wordpress\/plugins\/seo\/ -->\n<title>&quot;Le pi\u00e8ge de la r\u00e9cup\u00e9ration politique sur une probable baisse du prix du lait&quot; | Par Thierno Diop - LE PUBLIC<\/title>\n<meta name=\"robots\" content=\"index, follow, max-snippet:-1, max-image-preview:large, max-video-preview:-1\" \/>\n<link rel=\"canonical\" href=\"https:\/\/www.public.sn\/index.php\/2025\/04\/08\/le-piege-de-la-recuperation-politique-sur-une-probable-baisse-du-prix-du-lait-par-thierno-diop\/\" \/>\n<meta property=\"og:locale\" content=\"fr_FR\" \/>\n<meta property=\"og:type\" content=\"article\" \/>\n<meta property=\"og:title\" content=\"&quot;Le pi\u00e8ge de la r\u00e9cup\u00e9ration politique sur une probable baisse du prix du lait&quot; | Par Thierno Diop - LE PUBLIC\" \/>\n<meta property=\"og:description\" content=\"Dans les prochains mois, le prix du lait en poudre pourrait conna\u00eetre une baisse sur les march\u00e9s africains. Une bonne nouvelle pour les consommateurs, certes. Mais attention \u00e0 ne pas tomber dans le pi\u00e8ge d\u2019une r\u00e9cup\u00e9ration politique opportuniste. Car cette baisse n\u2019a strictement rien \u00e0 voir avec une politique publique men\u00e9e par le gouvernement s\u00e9n\u00e9galais. Elle s\u2019explique plut\u00f4t par un bouleversement du commerce international. En effet, l\u2019administration Trump avait impos\u00e9 des taxes douani\u00e8res sur le lait en poudre europ\u00e9en, rendant ce produit moins comp\u00e9titif aux \u00c9tats-Unis, pourtant l\u2019un des plus gros importateurs. R\u00e9sultat : l\u2019Europe se retrouve avec un surplus de production qu\u2019elle doit \u00e9couler ailleurs. Et ce sont les march\u00e9s africains, plus accessibles et moins r\u00e9glement\u00e9s, qui servent de d\u00e9bouch\u00e9s. Cette arriv\u00e9e massive de lait europ\u00e9en cr\u00e9e m\u00e9caniquement une baisse des prix. Cela n\u2019a donc rien \u00e0 voir avec une quelconque strat\u00e9gie du gouvernement s\u00e9n\u00e9galais. Il ne s\u2019agit ni de subvention, ni de r\u00e9forme douani\u00e8re, ni d\u2019accord commercial initi\u00e9 localement. Le gouvernement, d\u2019ailleurs, n\u2019a pas encore r\u00e9ussi \u00e0 faire baisser le prix du carburant malgr\u00e9 la baisse des cours mondiaux du p\u00e9trole. Il ne faudrait donc pas que les tenants du pouvoir, comme ils l\u2019ont fait pour le riz indien r\u00e9cemment, s\u2019approprient cette baisse du prix du lait comme un \u00ab succ\u00e8s gouvernemental \u00bb. Car il n\u2019en est rien. Les S\u00e9n\u00e9galais doivent rester lucides : toutes les bonnes nouvelles ne viennent pas de la gouvernance en place. Certaines tombent du ciel g\u00e9opolitique. Et ce n\u2019est pas une raison pour que des responsables politiques viennent les r\u00e9cup\u00e9rer\u2026 en grande pompe. Thierno Diop\" \/>\n<meta property=\"og:url\" content=\"https:\/\/www.public.sn\/index.php\/2025\/04\/08\/le-piege-de-la-recuperation-politique-sur-une-probable-baisse-du-prix-du-lait-par-thierno-diop\/\" \/>\n<meta property=\"og:site_name\" content=\"LE PUBLIC\" \/>\n<meta property=\"article:published_time\" content=\"2025-04-08T10:03:00+00:00\" \/>\n<meta property=\"og:image\" content=\"https:\/\/www.public.sn\/wp-content\/uploads\/2025\/04\/thierno-diop.png\" \/>\n\t<meta property=\"og:image:width\" content=\"623\" \/>\n\t<meta property=\"og:image:height\" content=\"464\" \/>\n\t<meta property=\"og:image:type\" content=\"image\/png\" \/>\n<meta name=\"author\" content=\"LA REDACTION\" \/>\n<meta name=\"twitter:card\" content=\"summary_large_image\" \/>\n<meta name=\"twitter:label1\" content=\"\u00c9crit par\" \/>\n\t<meta name=\"twitter:data1\" content=\"LA REDACTION\" \/>\n\t<meta name=\"twitter:label2\" content=\"Dur\u00e9e de lecture estim\u00e9e\" \/>\n\t<meta name=\"twitter:data2\" content=\"2 minutes\" \/>\n<script type=\"application\/ld+json\" class=\"yoast-schema-graph\">{\"@context\":\"https:\/\/schema.org\",\"@graph\":[{\"@type\":\"Article\",\"@id\":\"https:\/\/www.public.sn\/index.php\/2025\/04\/08\/le-piege-de-la-recuperation-politique-sur-une-probable-baisse-du-prix-du-lait-par-thierno-diop\/#article\",\"isPartOf\":{\"@id\":\"https:\/\/www.public.sn\/index.php\/2025\/04\/08\/le-piege-de-la-recuperation-politique-sur-une-probable-baisse-du-prix-du-lait-par-thierno-diop\/\"},\"author\":{\"name\":\"LA REDACTION\",\"@id\":\"https:\/\/www.public.sn\/#\/schema\/person\/e3f4a11b037d4203902db148f9bc8d5a\"},\"headline\":\"\u00ab\u00a0Le pi\u00e8ge de la r\u00e9cup\u00e9ration politique sur une probable baisse du prix du lait\u00a0\u00bb | Par Thierno Diop\",\"datePublished\":\"2025-04-08T10:03:00+00:00\",\"mainEntityOfPage\":{\"@id\":\"https:\/\/www.public.sn\/index.php\/2025\/04\/08\/le-piege-de-la-recuperation-politique-sur-une-probable-baisse-du-prix-du-lait-par-thierno-diop\/\"},\"wordCount\":326,\"commentCount\":0,\"publisher\":{\"@id\":\"https:\/\/www.public.sn\/#organization\"},\"image\":{\"@id\":\"https:\/\/www.public.sn\/index.php\/2025\/04\/08\/le-piege-de-la-recuperation-politique-sur-une-probable-baisse-du-prix-du-lait-par-thierno-diop\/#primaryimage\"},\"thumbnailUrl\":\"https:\/\/www.public.sn\/wp-content\/uploads\/2025\/04\/thierno-diop.png\",\"keywords\":[\"lait en poudre\",\"thierno diop\"],\"articleSection\":[\"ACTUALIT\u00c9S\",\"CONTRIBUTIONS\",\"POLITIQUE\",\"SOCIETE\"],\"inLanguage\":\"fr-FR\",\"potentialAction\":[{\"@type\":\"CommentAction\",\"name\":\"Comment\",\"target\":[\"https:\/\/www.public.sn\/index.php\/2025\/04\/08\/le-piege-de-la-recuperation-politique-sur-une-probable-baisse-du-prix-du-lait-par-thierno-diop\/#respond\"]}]},{\"@type\":\"WebPage\",\"@id\":\"https:\/\/www.public.sn\/index.php\/2025\/04\/08\/le-piege-de-la-recuperation-politique-sur-une-probable-baisse-du-prix-du-lait-par-thierno-diop\/\",\"url\":\"https:\/\/www.public.sn\/index.php\/2025\/04\/08\/le-piege-de-la-recuperation-politique-sur-une-probable-baisse-du-prix-du-lait-par-thierno-diop\/\",\"name\":\"\\\"Le pi\u00e8ge de la r\u00e9cup\u00e9ration politique sur une probable baisse du prix du lait\\\" | Par Thierno Diop - LE PUBLIC\",\"isPartOf\":{\"@id\":\"https:\/\/www.public.sn\/#website\"},\"primaryImageOfPage\":{\"@id\":\"https:\/\/www.public.sn\/index.php\/2025\/04\/08\/le-piege-de-la-recuperation-politique-sur-une-probable-baisse-du-prix-du-lait-par-thierno-diop\/#primaryimage\"},\"image\":{\"@id\":\"https:\/\/www.public.sn\/index.php\/2025\/04\/08\/le-piege-de-la-recuperation-politique-sur-une-probable-baisse-du-prix-du-lait-par-thierno-diop\/#primaryimage\"},\"thumbnailUrl\":\"https:\/\/www.public.sn\/wp-content\/uploads\/2025\/04\/thierno-diop.png\",\"datePublished\":\"2025-04-08T10:03:00+00:00\",\"breadcrumb\":{\"@id\":\"https:\/\/www.public.sn\/index.php\/2025\/04\/08\/le-piege-de-la-recuperation-politique-sur-une-probable-baisse-du-prix-du-lait-par-thierno-diop\/#breadcrumb\"},\"inLanguage\":\"fr-FR\",\"potentialAction\":[{\"@type\":\"ReadAction\",\"target\":[\"https:\/\/www.public.sn\/index.php\/2025\/04\/08\/le-piege-de-la-recuperation-politique-sur-une-probable-baisse-du-prix-du-lait-par-thierno-diop\/\"]}]},{\"@type\":\"ImageObject\",\"inLanguage\":\"fr-FR\",\"@id\":\"https:\/\/www.public.sn\/index.php\/2025\/04\/08\/le-piege-de-la-recuperation-politique-sur-une-probable-baisse-du-prix-du-lait-par-thierno-diop\/#primaryimage\",\"url\":\"https:\/\/www.public.sn\/wp-content\/uploads\/2025\/04\/thierno-diop.png\",\"contentUrl\":\"https:\/\/www.public.sn\/wp-content\/uploads\/2025\/04\/thierno-diop.png\",\"width\":623,\"height\":464},{\"@type\":\"BreadcrumbList\",\"@id\":\"https:\/\/www.public.sn\/index.php\/2025\/04\/08\/le-piege-de-la-recuperation-politique-sur-une-probable-baisse-du-prix-du-lait-par-thierno-diop\/#breadcrumb\",\"itemListElement\":[{\"@type\":\"ListItem\",\"position\":1,\"name\":\"Accueil\",\"item\":\"https:\/\/www.public.sn\/\"},{\"@type\":\"ListItem\",\"position\":2,\"name\":\"\u00ab\u00a0Le pi\u00e8ge de la r\u00e9cup\u00e9ration politique sur une probable baisse du prix du lait\u00a0\u00bb | Par Thierno Diop\"}]},{\"@type\":\"WebSite\",\"@id\":\"https:\/\/www.public.sn\/#website\",\"url\":\"https:\/\/www.public.sn\/\",\"name\":\"LE PUBLIC\",\"description\":\"\",\"publisher\":{\"@id\":\"https:\/\/www.public.sn\/#organization\"},\"potentialAction\":[{\"@type\":\"SearchAction\",\"target\":{\"@type\":\"EntryPoint\",\"urlTemplate\":\"https:\/\/www.public.sn\/?s={search_term_string}\"},\"query-input\":{\"@type\":\"PropertyValueSpecification\",\"valueRequired\":true,\"valueName\":\"search_term_string\"}}],\"inLanguage\":\"fr-FR\"},{\"@type\":\"Organization\",\"@id\":\"https:\/\/www.public.sn\/#organization\",\"name\":\"LE PUBLIC\",\"url\":\"https:\/\/www.public.sn\/\",\"logo\":{\"@type\":\"ImageObject\",\"inLanguage\":\"fr-FR\",\"@id\":\"https:\/\/www.public.sn\/#\/schema\/logo\/image\/\",\"url\":\"https:\/\/www.public.sn\/wp-content\/uploads\/2024\/05\/cropped-LOGO-PUBLIC.SN_.png\",\"contentUrl\":\"https:\/\/www.public.sn\/wp-content\/uploads\/2024\/05\/cropped-LOGO-PUBLIC.SN_.png\",\"width\":682,\"height\":192,\"caption\":\"LE PUBLIC\"},\"image\":{\"@id\":\"https:\/\/www.public.sn\/#\/schema\/logo\/image\/\"}},{\"@type\":\"Person\",\"@id\":\"https:\/\/www.public.sn\/#\/schema\/person\/e3f4a11b037d4203902db148f9bc8d5a\",\"name\":\"LA REDACTION\",\"image\":{\"@type\":\"ImageObject\",\"inLanguage\":\"fr-FR\",\"@id\":\"https:\/\/www.public.sn\/#\/schema\/person\/image\/\",\"url\":\"https:\/\/secure.gravatar.com\/avatar\/d6c030db45db2883c075085c5d6c6258654a801a93766b49af0b82d4f454e2a5?s=96&d=mm&r=g\",\"contentUrl\":\"https:\/\/secure.gravatar.com\/avatar\/d6c030db45db2883c075085c5d6c6258654a801a93766b49af0b82d4f454e2a5?s=96&d=mm&r=g\",\"caption\":\"LA REDACTION\"},\"sameAs\":[\"http:\/\/www.public.sn\"],\"url\":\"https:\/\/www.public.sn\/index.php\/author\/admin7324\/\"}]}<\/script>\n<!-- \/ Yoast SEO plugin. -->","yoast_head_json":{"title":"\"Le pi\u00e8ge de la r\u00e9cup\u00e9ration politique sur une probable baisse du prix du lait\" | Par Thierno Diop - LE PUBLIC","robots":{"index":"index","follow":"follow","max-snippet":"max-snippet:-1","max-image-preview":"max-image-preview:large","max-video-preview":"max-video-preview:-1"},"canonical":"https:\/\/www.public.sn\/index.php\/2025\/04\/08\/le-piege-de-la-recuperation-politique-sur-une-probable-baisse-du-prix-du-lait-par-thierno-diop\/","og_locale":"fr_FR","og_type":"article","og_title":"\"Le pi\u00e8ge de la r\u00e9cup\u00e9ration politique sur une probable baisse du prix du lait\" | Par Thierno Diop - LE PUBLIC","og_description":"Dans les prochains mois, le prix du lait en poudre pourrait conna\u00eetre une baisse sur les march\u00e9s africains. Une bonne nouvelle pour les consommateurs, certes. Mais attention \u00e0 ne pas tomber dans le pi\u00e8ge d\u2019une r\u00e9cup\u00e9ration politique opportuniste. Car cette baisse n\u2019a strictement rien \u00e0 voir avec une politique publique men\u00e9e par le gouvernement s\u00e9n\u00e9galais. Elle s\u2019explique plut\u00f4t par un bouleversement du commerce international. En effet, l\u2019administration Trump avait impos\u00e9 des taxes douani\u00e8res sur le lait en poudre europ\u00e9en, rendant ce produit moins comp\u00e9titif aux \u00c9tats-Unis, pourtant l\u2019un des plus gros importateurs. R\u00e9sultat : l\u2019Europe se retrouve avec un surplus de production qu\u2019elle doit \u00e9couler ailleurs. Et ce sont les march\u00e9s africains, plus accessibles et moins r\u00e9glement\u00e9s, qui servent de d\u00e9bouch\u00e9s. Cette arriv\u00e9e massive de lait europ\u00e9en cr\u00e9e m\u00e9caniquement une baisse des prix. Cela n\u2019a donc rien \u00e0 voir avec une quelconque strat\u00e9gie du gouvernement s\u00e9n\u00e9galais. Il ne s\u2019agit ni de subvention, ni de r\u00e9forme douani\u00e8re, ni d\u2019accord commercial initi\u00e9 localement. Le gouvernement, d\u2019ailleurs, n\u2019a pas encore r\u00e9ussi \u00e0 faire baisser le prix du carburant malgr\u00e9 la baisse des cours mondiaux du p\u00e9trole. Il ne faudrait donc pas que les tenants du pouvoir, comme ils l\u2019ont fait pour le riz indien r\u00e9cemment, s\u2019approprient cette baisse du prix du lait comme un \u00ab succ\u00e8s gouvernemental \u00bb. Car il n\u2019en est rien. Les S\u00e9n\u00e9galais doivent rester lucides : toutes les bonnes nouvelles ne viennent pas de la gouvernance en place. Certaines tombent du ciel g\u00e9opolitique. Et ce n\u2019est pas une raison pour que des responsables politiques viennent les r\u00e9cup\u00e9rer\u2026 en grande pompe. Thierno Diop","og_url":"https:\/\/www.public.sn\/index.php\/2025\/04\/08\/le-piege-de-la-recuperation-politique-sur-une-probable-baisse-du-prix-du-lait-par-thierno-diop\/","og_site_name":"LE PUBLIC","article_published_time":"2025-04-08T10:03:00+00:00","og_image":[{"width":623,"height":464,"url":"https:\/\/www.public.sn\/wp-content\/uploads\/2025\/04\/thierno-diop.png","type":"image\/png"}],"author":"LA REDACTION","twitter_card":"summary_large_image","twitter_misc":{"\u00c9crit par":"LA REDACTION","Dur\u00e9e de lecture estim\u00e9e":"2 minutes"},"schema":{"@context":"https:\/\/schema.org","@graph":[{"@type":"Article","@id":"https:\/\/www.public.sn\/index.php\/2025\/04\/08\/le-piege-de-la-recuperation-politique-sur-une-probable-baisse-du-prix-du-lait-par-thierno-diop\/#article","isPartOf":{"@id":"https:\/\/www.public.sn\/index.php\/2025\/04\/08\/le-piege-de-la-recuperation-politique-sur-une-probable-baisse-du-prix-du-lait-par-thierno-diop\/"},"author":{"name":"LA REDACTION","@id":"https:\/\/www.public.sn\/#\/schema\/person\/e3f4a11b037d4203902db148f9bc8d5a"},"headline":"\u00ab\u00a0Le pi\u00e8ge de la r\u00e9cup\u00e9ration politique sur une probable baisse du prix du lait\u00a0\u00bb | Par Thierno Diop","datePublished":"2025-04-08T10:03:00+00:00","mainEntityOfPage":{"@id":"https:\/\/www.public.sn\/index.php\/2025\/04\/08\/le-piege-de-la-recuperation-politique-sur-une-probable-baisse-du-prix-du-lait-par-thierno-diop\/"},"wordCount":326,"commentCount":0,"publisher":{"@id":"https:\/\/www.public.sn\/#organization"},"image":{"@id":"https:\/\/www.public.sn\/index.php\/2025\/04\/08\/le-piege-de-la-recuperation-politique-sur-une-probable-baisse-du-prix-du-lait-par-thierno-diop\/#primaryimage"},"thumbnailUrl":"https:\/\/www.public.sn\/wp-content\/uploads\/2025\/04\/thierno-diop.png","keywords":["lait en poudre","thierno diop"],"articleSection":["ACTUALIT\u00c9S","CONTRIBUTIONS","POLITIQUE","SOCIETE"],"inLanguage":"fr-FR","potentialAction":[{"@type":"CommentAction","name":"Comment","target":["https:\/\/www.public.sn\/index.php\/2025\/04\/08\/le-piege-de-la-recuperation-politique-sur-une-probable-baisse-du-prix-du-lait-par-thierno-diop\/#respond"]}]},{"@type":"WebPage","@id":"https:\/\/www.public.sn\/index.php\/2025\/04\/08\/le-piege-de-la-recuperation-politique-sur-une-probable-baisse-du-prix-du-lait-par-thierno-diop\/","url":"https:\/\/www.public.sn\/index.php\/2025\/04\/08\/le-piege-de-la-recuperation-politique-sur-une-probable-baisse-du-prix-du-lait-par-thierno-diop\/","name":"\"Le pi\u00e8ge de la r\u00e9cup\u00e9ration politique sur une probable baisse du prix du lait\" | Par Thierno Diop - LE PUBLIC","isPartOf":{"@id":"https:\/\/www.public.sn\/#website"},"primaryImageOfPage":{"@id":"https:\/\/www.public.sn\/index.php\/2025\/04\/08\/le-piege-de-la-recuperation-politique-sur-une-probable-baisse-du-prix-du-lait-par-thierno-diop\/#primaryimage"},"image":{"@id":"https:\/\/www.public.sn\/index.php\/2025\/04\/08\/le-piege-de-la-recuperation-politique-sur-une-probable-baisse-du-prix-du-lait-par-thierno-diop\/#primaryimage"},"thumbnailUrl":"https:\/\/www.public.sn\/wp-content\/uploads\/2025\/04\/thierno-diop.png","datePublished":"2025-04-08T10:03:00+00:00","breadcrumb":{"@id":"https:\/\/www.public.sn\/index.php\/2025\/04\/08\/le-piege-de-la-recuperation-politique-sur-une-probable-baisse-du-prix-du-lait-par-thierno-diop\/#breadcrumb"},"inLanguage":"fr-FR","potentialAction":[{"@type":"ReadAction","target":["https:\/\/www.public.sn\/index.php\/2025\/04\/08\/le-piege-de-la-recuperation-politique-sur-une-probable-baisse-du-prix-du-lait-par-thierno-diop\/"]}]},{"@type":"ImageObject","inLanguage":"fr-FR","@id":"https:\/\/www.public.sn\/index.php\/2025\/04\/08\/le-piege-de-la-recuperation-politique-sur-une-probable-baisse-du-prix-du-lait-par-thierno-diop\/#primaryimage","url":"https:\/\/www.public.sn\/wp-content\/uploads\/2025\/04\/thierno-diop.png","contentUrl":"https:\/\/www.public.sn\/wp-content\/uploads\/2025\/04\/thierno-diop.png","width":623,"height":464},{"@type":"BreadcrumbList","@id":"https:\/\/www.public.sn\/index.php\/2025\/04\/08\/le-piege-de-la-recuperation-politique-sur-une-probable-baisse-du-prix-du-lait-par-thierno-diop\/#breadcrumb","itemListElement":[{"@type":"ListItem","position":1,"name":"Accueil","item":"https:\/\/www.public.sn\/"},{"@type":"ListItem","position":2,"name":"\u00ab\u00a0Le pi\u00e8ge de la r\u00e9cup\u00e9ration politique sur une probable baisse du prix du lait\u00a0\u00bb | Par Thierno Diop"}]},{"@type":"WebSite","@id":"https:\/\/www.public.sn\/#website","url":"https:\/\/www.public.sn\/","name":"LE PUBLIC","description":"","publisher":{"@id":"https:\/\/www.public.sn\/#organization"},"potentialAction":[{"@type":"SearchAction","target":{"@type":"EntryPoint","urlTemplate":"https:\/\/www.public.sn\/?s={search_term_string}"},"query-input":{"@type":"PropertyValueSpecification","valueRequired":true,"valueName":"search_term_string"}}],"inLanguage":"fr-FR"},{"@type":"Organization","@id":"https:\/\/www.public.sn\/#organization","name":"LE PUBLIC","url":"https:\/\/www.public.sn\/","logo":{"@type":"ImageObject","inLanguage":"fr-FR","@id":"https:\/\/www.public.sn\/#\/schema\/logo\/image\/","url":"https:\/\/www.public.sn\/wp-content\/uploads\/2024\/05\/cropped-LOGO-PUBLIC.SN_.png","contentUrl":"https:\/\/www.public.sn\/wp-content\/uploads\/2024\/05\/cropped-LOGO-PUBLIC.SN_.png","width":682,"height":192,"caption":"LE PUBLIC"},"image":{"@id":"https:\/\/www.public.sn\/#\/schema\/logo\/image\/"}},{"@type":"Person","@id":"https:\/\/www.public.sn\/#\/schema\/person\/e3f4a11b037d4203902db148f9bc8d5a","name":"LA REDACTION","image":{"@type":"ImageObject","inLanguage":"fr-FR","@id":"https:\/\/www.public.sn\/#\/schema\/person\/image\/","url":"https:\/\/secure.gravatar.com\/avatar\/d6c030db45db2883c075085c5d6c6258654a801a93766b49af0b82d4f454e2a5?s=96&d=mm&r=g","contentUrl":"https:\/\/secure.gravatar.com\/avatar\/d6c030db45db2883c075085c5d6c6258654a801a93766b49af0b82d4f454e2a5?s=96&d=mm&r=g","caption":"LA REDACTION"},"sameAs":["http:\/\/www.public.sn"],"url":"https:\/\/www.public.sn\/index.php\/author\/admin7324\/"}]}},"jetpack_featured_media_url":"https:\/\/www.public.sn\/wp-content\/uploads\/2025\/04\/thierno-diop.png","jetpack_sharing_enabled":true,"_links":{"self":[{"href":"https:\/\/www.public.sn\/index.php\/wp-json\/wp\/v2\/posts\/37292","targetHints":{"allow":["GET"]}}],"collection":[{"href":"https:\/\/www.public.sn\/index.php\/wp-json\/wp\/v2\/posts"}],"about":[{"href":"https:\/\/www.public.sn\/index.php\/wp-json\/wp\/v2\/types\/post"}],"author":[{"embeddable":true,"href":"https:\/\/www.public.sn\/index.php\/wp-json\/wp\/v2\/users\/1"}],"replies":[{"embeddable":true,"href":"https:\/\/www.public.sn\/index.php\/wp-json\/wp\/v2\/comments?post=37292"}],"version-history":[{"count":1,"href":"https:\/\/www.public.sn\/index.php\/wp-json\/wp\/v2\/posts\/37292\/revisions"}],"predecessor-version":[{"id":37294,"href":"https:\/\/www.public.sn\/index.php\/wp-json\/wp\/v2\/posts\/37292\/revisions\/37294"}],"wp:featuredmedia":[{"embeddable":true,"href":"https:\/\/www.public.sn\/index.php\/wp-json\/wp\/v2\/media\/37293"}],"wp:attachment":[{"href":"https:\/\/www.public.sn\/index.php\/wp-json\/wp\/v2\/media?parent=37292"}],"wp:term":[{"taxonomy":"category","embeddable":true,"href":"https:\/\/www.public.sn\/index.php\/wp-json\/wp\/v2\/categories?post=37292"},{"taxonomy":"post_tag","embeddable":true,"href":"https:\/\/www.public.sn\/index.php\/wp-json\/wp\/v2\/tags?post=37292"}],"curies":[{"name":"wp","href":"https:\/\/api.w.org\/{rel}","templated":true}]}}