{"id":3733,"date":"2022-10-06T09:49:39","date_gmt":"2022-10-06T09:49:39","guid":{"rendered":"https:\/\/www.public.sn\/?p=3733"},"modified":"2022-10-06T10:19:28","modified_gmt":"2022-10-06T10:19:28","slug":"affaire-adji-sarr-sonko","status":"publish","type":"post","link":"https:\/\/www.public.sn\/index.php\/2022\/10\/06\/affaire-adji-sarr-sonko\/","title":{"rendered":"Affaire Adji Sarr : La date de l\u2019audition de Ousmane Sonko d\u00e9voil\u00e9e"},"content":{"rendered":"\n<p><strong>Selon le journal Le T\u00e9moin, dans sa parution du jour,  le leader de Pastef sera entendu dans le fond dans une dizaine de jours, c\u2019est -\u00e0-dire, d\u2019ici le 16 octobre 2022.<\/strong><\/p><div class=\"publi-paragraphe1\" style=\"margin-top: 10px;margin-bottom: 10px;margin-left: auto;margin-right: auto;text-align: center;\" id=\"publi-144332998\"><div class=\"publi-adlabel\">Publicit\u00e9<\/div><script async src=\"\/\/pagead2.googlesyndication.com\/pagead\/js\/adsbygoogle.js?client=ca-pub-4089586018074219\" crossorigin=\"anonymous\"><\/script><ins class=\"adsbygoogle\" style=\"display:block;\" data-ad-client=\"ca-pub-4089586018074219\" \ndata-ad-slot=\"2087940154\" \ndata-ad-format=\"auto\"><\/ins>\n<script> \n(adsbygoogle = window.adsbygoogle || []).push({}); \n<\/script>\n<\/div>\n\n\n\n<p><br>Ousmane Sonko fera face au juge d\u2019instruction du 1er cabinet du tribunal hors classe de Dakar, Oumar Maham Diallo. <br>En pr\u00e9vision d\u2019\u00e9ventuels troubles \u00e0 l\u2019ordre public, les forces de d\u00e9fense et de s\u00e9curit\u00e9 (FDS) sont en alerte maximale.<\/p>\n<div class=\"publi-apres-le-contenu\" style=\"margin-top: 10px;margin-bottom: 10px;margin-left: auto;margin-right: auto;text-align: center;\" id=\"publi-1170584014\"><div class=\"publi-adlabel\">Publicit\u00e9<\/div><script async src=\"\/\/pagead2.googlesyndication.com\/pagead\/js\/adsbygoogle.js?client=ca-pub-4089586018074219\" crossorigin=\"anonymous\"><\/script><ins class=\"adsbygoogle\" style=\"display:block;\" data-ad-client=\"ca-pub-4089586018074219\" \ndata-ad-slot=\"2087940154\" \ndata-ad-format=\"auto\"><\/ins>\n<script> \n(adsbygoogle = window.adsbygoogle || []).push({}); \n<\/script>\n<\/div>","protected":false},"excerpt":{"rendered":"<p>Selon le journal Le T\u00e9moin, dans sa parution du jour, le leader de Pastef sera entendu dans le fond dans une dizaine de jours, c\u2019est -\u00e0-dire, d\u2019ici le 16 octobre 2022. Ousmane Sonko fera face au juge d\u2019instruction du 1er cabinet du tribunal hors classe de Dakar, Oumar Maham Diallo. En pr\u00e9vision d\u2019\u00e9ventuels troubles \u00e0 l\u2019ordre public, les forces de d\u00e9fense et de s\u00e9curit\u00e9 (FDS) sont en alerte maximale.<\/p>\n","protected":false},"author":1,"featured_media":3737,"comment_status":"open","ping_status":"open","sticky":false,"template":"","format":"standard","meta":{"_jetpack_memberships_contains_paid_content":false,"footnotes":""},"categories":[375,1,4],"tags":[99,1216,1217],"class_list":["post-3733","post","type-post","status-publish","format-standard","has-post-thumbnail","hentry","category-actualites","category-non-classe","category-societe","tag-adji-sarr","tag-affaire-sonko","tag-audition","entry","has-media","owp-thumbs-layout-horizontal","owp-btn-normal","owp-tabs-layout-horizontal","has-no-thumbnails","has-product-nav"],"yoast_head":"<!-- This site is optimized with the Yoast SEO plugin v25.5 - https:\/\/yoast.com\/wordpress\/plugins\/seo\/ -->\n<title>Affaire Adji Sarr : La date de l\u2019audition de Ousmane Sonko d\u00e9voil\u00e9e - LE PUBLIC<\/title>\n<meta name=\"robots\" content=\"index, follow, max-snippet:-1, max-image-preview:large, max-video-preview:-1\" \/>\n<link rel=\"canonical\" href=\"https:\/\/www.public.sn\/index.php\/2022\/10\/06\/affaire-adji-sarr-sonko\/\" \/>\n<meta property=\"og:locale\" content=\"fr_FR\" \/>\n<meta property=\"og:type\" content=\"article\" \/>\n<meta property=\"og:title\" content=\"Affaire Adji Sarr : La date de l\u2019audition de Ousmane Sonko d\u00e9voil\u00e9e - LE PUBLIC\" \/>\n<meta property=\"og:description\" content=\"Selon le journal Le T\u00e9moin, dans sa parution du jour, le leader de Pastef sera entendu dans le fond dans une dizaine de jours, c\u2019est -\u00e0-dire, d\u2019ici le 16 octobre 2022. Ousmane Sonko fera face au juge d\u2019instruction du 1er cabinet du tribunal hors classe de Dakar, Oumar Maham Diallo. En pr\u00e9vision d\u2019\u00e9ventuels troubles \u00e0 l\u2019ordre public, les forces de d\u00e9fense et de s\u00e9curit\u00e9 (FDS) sont en alerte maximale.\" \/>\n<meta property=\"og:url\" content=\"https:\/\/www.public.sn\/index.php\/2022\/10\/06\/affaire-adji-sarr-sonko\/\" \/>\n<meta property=\"og:site_name\" content=\"LE PUBLIC\" \/>\n<meta property=\"article:published_time\" content=\"2022-10-06T09:49:39+00:00\" \/>\n<meta property=\"article:modified_time\" content=\"2022-10-06T10:19:28+00:00\" \/>\n<meta property=\"og:image\" content=\"https:\/\/www.public.sn\/wp-content\/uploads\/2022\/10\/ADBF00F9-7175-470D-B718-6CED33B3B926.jpeg\" \/>\n\t<meta property=\"og:image:width\" content=\"600\" \/>\n\t<meta property=\"og:image:height\" content=\"485\" \/>\n\t<meta property=\"og:image:type\" content=\"image\/jpeg\" \/>\n<meta name=\"author\" content=\"LA REDACTION\" \/>\n<meta name=\"twitter:card\" content=\"summary_large_image\" \/>\n<meta name=\"twitter:label1\" content=\"\u00c9crit par\" \/>\n\t<meta name=\"twitter:data1\" content=\"LA REDACTION\" \/>\n\t<meta name=\"twitter:label2\" content=\"Dur\u00e9e de lecture estim\u00e9e\" \/>\n\t<meta name=\"twitter:data2\" content=\"1 minute\" \/>\n<script type=\"application\/ld+json\" class=\"yoast-schema-graph\">{\"@context\":\"https:\/\/schema.org\",\"@graph\":[{\"@type\":\"Article\",\"@id\":\"https:\/\/www.public.sn\/index.php\/2022\/10\/06\/affaire-adji-sarr-sonko\/#article\",\"isPartOf\":{\"@id\":\"https:\/\/www.public.sn\/index.php\/2022\/10\/06\/affaire-adji-sarr-sonko\/\"},\"author\":{\"name\":\"LA REDACTION\",\"@id\":\"https:\/\/www.public.sn\/#\/schema\/person\/e3f4a11b037d4203902db148f9bc8d5a\"},\"headline\":\"Affaire Adji Sarr : La date de l\u2019audition de Ousmane Sonko d\u00e9voil\u00e9e\",\"datePublished\":\"2022-10-06T09:49:39+00:00\",\"dateModified\":\"2022-10-06T10:19:28+00:00\",\"mainEntityOfPage\":{\"@id\":\"https:\/\/www.public.sn\/index.php\/2022\/10\/06\/affaire-adji-sarr-sonko\/\"},\"wordCount\":90,\"commentCount\":0,\"publisher\":{\"@id\":\"https:\/\/www.public.sn\/#organization\"},\"image\":{\"@id\":\"https:\/\/www.public.sn\/index.php\/2022\/10\/06\/affaire-adji-sarr-sonko\/#primaryimage\"},\"thumbnailUrl\":\"https:\/\/www.public.sn\/wp-content\/uploads\/2022\/10\/ADBF00F9-7175-470D-B718-6CED33B3B926.jpeg\",\"keywords\":[\"Adji Sarr\",\"Affaire Sonko\",\"Audition\"],\"articleSection\":[\"ACTUALIT\u00c9S\",\"S\u00c9N\u00c9GAL\",\"SOCIETE\"],\"inLanguage\":\"fr-FR\",\"potentialAction\":[{\"@type\":\"CommentAction\",\"name\":\"Comment\",\"target\":[\"https:\/\/www.public.sn\/index.php\/2022\/10\/06\/affaire-adji-sarr-sonko\/#respond\"]}]},{\"@type\":\"WebPage\",\"@id\":\"https:\/\/www.public.sn\/index.php\/2022\/10\/06\/affaire-adji-sarr-sonko\/\",\"url\":\"https:\/\/www.public.sn\/index.php\/2022\/10\/06\/affaire-adji-sarr-sonko\/\",\"name\":\"Affaire Adji Sarr : La date de l\u2019audition de Ousmane Sonko d\u00e9voil\u00e9e - LE PUBLIC\",\"isPartOf\":{\"@id\":\"https:\/\/www.public.sn\/#website\"},\"primaryImageOfPage\":{\"@id\":\"https:\/\/www.public.sn\/index.php\/2022\/10\/06\/affaire-adji-sarr-sonko\/#primaryimage\"},\"image\":{\"@id\":\"https:\/\/www.public.sn\/index.php\/2022\/10\/06\/affaire-adji-sarr-sonko\/#primaryimage\"},\"thumbnailUrl\":\"https:\/\/www.public.sn\/wp-content\/uploads\/2022\/10\/ADBF00F9-7175-470D-B718-6CED33B3B926.jpeg\",\"datePublished\":\"2022-10-06T09:49:39+00:00\",\"dateModified\":\"2022-10-06T10:19:28+00:00\",\"breadcrumb\":{\"@id\":\"https:\/\/www.public.sn\/index.php\/2022\/10\/06\/affaire-adji-sarr-sonko\/#breadcrumb\"},\"inLanguage\":\"fr-FR\",\"potentialAction\":[{\"@type\":\"ReadAction\",\"target\":[\"https:\/\/www.public.sn\/index.php\/2022\/10\/06\/affaire-adji-sarr-sonko\/\"]}]},{\"@type\":\"ImageObject\",\"inLanguage\":\"fr-FR\",\"@id\":\"https:\/\/www.public.sn\/index.php\/2022\/10\/06\/affaire-adji-sarr-sonko\/#primaryimage\",\"url\":\"https:\/\/www.public.sn\/wp-content\/uploads\/2022\/10\/ADBF00F9-7175-470D-B718-6CED33B3B926.jpeg\",\"contentUrl\":\"https:\/\/www.public.sn\/wp-content\/uploads\/2022\/10\/ADBF00F9-7175-470D-B718-6CED33B3B926.jpeg\",\"width\":600,\"height\":485},{\"@type\":\"BreadcrumbList\",\"@id\":\"https:\/\/www.public.sn\/index.php\/2022\/10\/06\/affaire-adji-sarr-sonko\/#breadcrumb\",\"itemListElement\":[{\"@type\":\"ListItem\",\"position\":1,\"name\":\"Accueil\",\"item\":\"https:\/\/www.public.sn\/\"},{\"@type\":\"ListItem\",\"position\":2,\"name\":\"Affaire Adji Sarr : La date de l\u2019audition de Ousmane Sonko d\u00e9voil\u00e9e\"}]},{\"@type\":\"WebSite\",\"@id\":\"https:\/\/www.public.sn\/#website\",\"url\":\"https:\/\/www.public.sn\/\",\"name\":\"LE PUBLIC\",\"description\":\"\",\"publisher\":{\"@id\":\"https:\/\/www.public.sn\/#organization\"},\"potentialAction\":[{\"@type\":\"SearchAction\",\"target\":{\"@type\":\"EntryPoint\",\"urlTemplate\":\"https:\/\/www.public.sn\/?s={search_term_string}\"},\"query-input\":{\"@type\":\"PropertyValueSpecification\",\"valueRequired\":true,\"valueName\":\"search_term_string\"}}],\"inLanguage\":\"fr-FR\"},{\"@type\":\"Organization\",\"@id\":\"https:\/\/www.public.sn\/#organization\",\"name\":\"LE PUBLIC\",\"url\":\"https:\/\/www.public.sn\/\",\"logo\":{\"@type\":\"ImageObject\",\"inLanguage\":\"fr-FR\",\"@id\":\"https:\/\/www.public.sn\/#\/schema\/logo\/image\/\",\"url\":\"https:\/\/www.public.sn\/wp-content\/uploads\/2024\/05\/cropped-LOGO-PUBLIC.SN_.png\",\"contentUrl\":\"https:\/\/www.public.sn\/wp-content\/uploads\/2024\/05\/cropped-LOGO-PUBLIC.SN_.png\",\"width\":682,\"height\":192,\"caption\":\"LE PUBLIC\"},\"image\":{\"@id\":\"https:\/\/www.public.sn\/#\/schema\/logo\/image\/\"}},{\"@type\":\"Person\",\"@id\":\"https:\/\/www.public.sn\/#\/schema\/person\/e3f4a11b037d4203902db148f9bc8d5a\",\"name\":\"LA REDACTION\",\"image\":{\"@type\":\"ImageObject\",\"inLanguage\":\"fr-FR\",\"@id\":\"https:\/\/www.public.sn\/#\/schema\/person\/image\/\",\"url\":\"https:\/\/secure.gravatar.com\/avatar\/d6c030db45db2883c075085c5d6c6258654a801a93766b49af0b82d4f454e2a5?s=96&d=mm&r=g\",\"contentUrl\":\"https:\/\/secure.gravatar.com\/avatar\/d6c030db45db2883c075085c5d6c6258654a801a93766b49af0b82d4f454e2a5?s=96&d=mm&r=g\",\"caption\":\"LA REDACTION\"},\"sameAs\":[\"http:\/\/www.public.sn\"],\"url\":\"https:\/\/www.public.sn\/index.php\/author\/admin7324\/\"}]}<\/script>\n<!-- \/ Yoast SEO plugin. -->","yoast_head_json":{"title":"Affaire Adji Sarr : La date de l\u2019audition de Ousmane Sonko d\u00e9voil\u00e9e - LE PUBLIC","robots":{"index":"index","follow":"follow","max-snippet":"max-snippet:-1","max-image-preview":"max-image-preview:large","max-video-preview":"max-video-preview:-1"},"canonical":"https:\/\/www.public.sn\/index.php\/2022\/10\/06\/affaire-adji-sarr-sonko\/","og_locale":"fr_FR","og_type":"article","og_title":"Affaire Adji Sarr : La date de l\u2019audition de Ousmane Sonko d\u00e9voil\u00e9e - LE PUBLIC","og_description":"Selon le journal Le T\u00e9moin, dans sa parution du jour, le leader de Pastef sera entendu dans le fond dans une dizaine de jours, c\u2019est -\u00e0-dire, d\u2019ici le 16 octobre 2022. Ousmane Sonko fera face au juge d\u2019instruction du 1er cabinet du tribunal hors classe de Dakar, Oumar Maham Diallo. En pr\u00e9vision d\u2019\u00e9ventuels troubles \u00e0 l\u2019ordre public, les forces de d\u00e9fense et de s\u00e9curit\u00e9 (FDS) sont en alerte maximale.","og_url":"https:\/\/www.public.sn\/index.php\/2022\/10\/06\/affaire-adji-sarr-sonko\/","og_site_name":"LE PUBLIC","article_published_time":"2022-10-06T09:49:39+00:00","article_modified_time":"2022-10-06T10:19:28+00:00","og_image":[{"width":600,"height":485,"url":"https:\/\/www.public.sn\/wp-content\/uploads\/2022\/10\/ADBF00F9-7175-470D-B718-6CED33B3B926.jpeg","type":"image\/jpeg"}],"author":"LA REDACTION","twitter_card":"summary_large_image","twitter_misc":{"\u00c9crit par":"LA REDACTION","Dur\u00e9e de lecture estim\u00e9e":"1 minute"},"schema":{"@context":"https:\/\/schema.org","@graph":[{"@type":"Article","@id":"https:\/\/www.public.sn\/index.php\/2022\/10\/06\/affaire-adji-sarr-sonko\/#article","isPartOf":{"@id":"https:\/\/www.public.sn\/index.php\/2022\/10\/06\/affaire-adji-sarr-sonko\/"},"author":{"name":"LA REDACTION","@id":"https:\/\/www.public.sn\/#\/schema\/person\/e3f4a11b037d4203902db148f9bc8d5a"},"headline":"Affaire Adji Sarr : La date de l\u2019audition de Ousmane Sonko d\u00e9voil\u00e9e","datePublished":"2022-10-06T09:49:39+00:00","dateModified":"2022-10-06T10:19:28+00:00","mainEntityOfPage":{"@id":"https:\/\/www.public.sn\/index.php\/2022\/10\/06\/affaire-adji-sarr-sonko\/"},"wordCount":90,"commentCount":0,"publisher":{"@id":"https:\/\/www.public.sn\/#organization"},"image":{"@id":"https:\/\/www.public.sn\/index.php\/2022\/10\/06\/affaire-adji-sarr-sonko\/#primaryimage"},"thumbnailUrl":"https:\/\/www.public.sn\/wp-content\/uploads\/2022\/10\/ADBF00F9-7175-470D-B718-6CED33B3B926.jpeg","keywords":["Adji Sarr","Affaire Sonko","Audition"],"articleSection":["ACTUALIT\u00c9S","S\u00c9N\u00c9GAL","SOCIETE"],"inLanguage":"fr-FR","potentialAction":[{"@type":"CommentAction","name":"Comment","target":["https:\/\/www.public.sn\/index.php\/2022\/10\/06\/affaire-adji-sarr-sonko\/#respond"]}]},{"@type":"WebPage","@id":"https:\/\/www.public.sn\/index.php\/2022\/10\/06\/affaire-adji-sarr-sonko\/","url":"https:\/\/www.public.sn\/index.php\/2022\/10\/06\/affaire-adji-sarr-sonko\/","name":"Affaire Adji Sarr : La date de l\u2019audition de Ousmane Sonko d\u00e9voil\u00e9e - LE PUBLIC","isPartOf":{"@id":"https:\/\/www.public.sn\/#website"},"primaryImageOfPage":{"@id":"https:\/\/www.public.sn\/index.php\/2022\/10\/06\/affaire-adji-sarr-sonko\/#primaryimage"},"image":{"@id":"https:\/\/www.public.sn\/index.php\/2022\/10\/06\/affaire-adji-sarr-sonko\/#primaryimage"},"thumbnailUrl":"https:\/\/www.public.sn\/wp-content\/uploads\/2022\/10\/ADBF00F9-7175-470D-B718-6CED33B3B926.jpeg","datePublished":"2022-10-06T09:49:39+00:00","dateModified":"2022-10-06T10:19:28+00:00","breadcrumb":{"@id":"https:\/\/www.public.sn\/index.php\/2022\/10\/06\/affaire-adji-sarr-sonko\/#breadcrumb"},"inLanguage":"fr-FR","potentialAction":[{"@type":"ReadAction","target":["https:\/\/www.public.sn\/index.php\/2022\/10\/06\/affaire-adji-sarr-sonko\/"]}]},{"@type":"ImageObject","inLanguage":"fr-FR","@id":"https:\/\/www.public.sn\/index.php\/2022\/10\/06\/affaire-adji-sarr-sonko\/#primaryimage","url":"https:\/\/www.public.sn\/wp-content\/uploads\/2022\/10\/ADBF00F9-7175-470D-B718-6CED33B3B926.jpeg","contentUrl":"https:\/\/www.public.sn\/wp-content\/uploads\/2022\/10\/ADBF00F9-7175-470D-B718-6CED33B3B926.jpeg","width":600,"height":485},{"@type":"BreadcrumbList","@id":"https:\/\/www.public.sn\/index.php\/2022\/10\/06\/affaire-adji-sarr-sonko\/#breadcrumb","itemListElement":[{"@type":"ListItem","position":1,"name":"Accueil","item":"https:\/\/www.public.sn\/"},{"@type":"ListItem","position":2,"name":"Affaire Adji Sarr : La date de l\u2019audition de Ousmane Sonko d\u00e9voil\u00e9e"}]},{"@type":"WebSite","@id":"https:\/\/www.public.sn\/#website","url":"https:\/\/www.public.sn\/","name":"LE PUBLIC","description":"","publisher":{"@id":"https:\/\/www.public.sn\/#organization"},"potentialAction":[{"@type":"SearchAction","target":{"@type":"EntryPoint","urlTemplate":"https:\/\/www.public.sn\/?s={search_term_string}"},"query-input":{"@type":"PropertyValueSpecification","valueRequired":true,"valueName":"search_term_string"}}],"inLanguage":"fr-FR"},{"@type":"Organization","@id":"https:\/\/www.public.sn\/#organization","name":"LE PUBLIC","url":"https:\/\/www.public.sn\/","logo":{"@type":"ImageObject","inLanguage":"fr-FR","@id":"https:\/\/www.public.sn\/#\/schema\/logo\/image\/","url":"https:\/\/www.public.sn\/wp-content\/uploads\/2024\/05\/cropped-LOGO-PUBLIC.SN_.png","contentUrl":"https:\/\/www.public.sn\/wp-content\/uploads\/2024\/05\/cropped-LOGO-PUBLIC.SN_.png","width":682,"height":192,"caption":"LE PUBLIC"},"image":{"@id":"https:\/\/www.public.sn\/#\/schema\/logo\/image\/"}},{"@type":"Person","@id":"https:\/\/www.public.sn\/#\/schema\/person\/e3f4a11b037d4203902db148f9bc8d5a","name":"LA REDACTION","image":{"@type":"ImageObject","inLanguage":"fr-FR","@id":"https:\/\/www.public.sn\/#\/schema\/person\/image\/","url":"https:\/\/secure.gravatar.com\/avatar\/d6c030db45db2883c075085c5d6c6258654a801a93766b49af0b82d4f454e2a5?s=96&d=mm&r=g","contentUrl":"https:\/\/secure.gravatar.com\/avatar\/d6c030db45db2883c075085c5d6c6258654a801a93766b49af0b82d4f454e2a5?s=96&d=mm&r=g","caption":"LA REDACTION"},"sameAs":["http:\/\/www.public.sn"],"url":"https:\/\/www.public.sn\/index.php\/author\/admin7324\/"}]}},"jetpack_featured_media_url":"https:\/\/www.public.sn\/wp-content\/uploads\/2022\/10\/ADBF00F9-7175-470D-B718-6CED33B3B926.jpeg","jetpack_sharing_enabled":true,"_links":{"self":[{"href":"https:\/\/www.public.sn\/index.php\/wp-json\/wp\/v2\/posts\/3733","targetHints":{"allow":["GET"]}}],"collection":[{"href":"https:\/\/www.public.sn\/index.php\/wp-json\/wp\/v2\/posts"}],"about":[{"href":"https:\/\/www.public.sn\/index.php\/wp-json\/wp\/v2\/types\/post"}],"author":[{"embeddable":true,"href":"https:\/\/www.public.sn\/index.php\/wp-json\/wp\/v2\/users\/1"}],"replies":[{"embeddable":true,"href":"https:\/\/www.public.sn\/index.php\/wp-json\/wp\/v2\/comments?post=3733"}],"version-history":[{"count":4,"href":"https:\/\/www.public.sn\/index.php\/wp-json\/wp\/v2\/posts\/3733\/revisions"}],"predecessor-version":[{"id":3741,"href":"https:\/\/www.public.sn\/index.php\/wp-json\/wp\/v2\/posts\/3733\/revisions\/3741"}],"wp:featuredmedia":[{"embeddable":true,"href":"https:\/\/www.public.sn\/index.php\/wp-json\/wp\/v2\/media\/3737"}],"wp:attachment":[{"href":"https:\/\/www.public.sn\/index.php\/wp-json\/wp\/v2\/media?parent=3733"}],"wp:term":[{"taxonomy":"category","embeddable":true,"href":"https:\/\/www.public.sn\/index.php\/wp-json\/wp\/v2\/categories?post=3733"},{"taxonomy":"post_tag","embeddable":true,"href":"https:\/\/www.public.sn\/index.php\/wp-json\/wp\/v2\/tags?post=3733"}],"curies":[{"name":"wp","href":"https:\/\/api.w.org\/{rel}","templated":true}]}}