{"id":37336,"date":"2025-04-09T12:07:25","date_gmt":"2025-04-09T12:07:25","guid":{"rendered":"https:\/\/www.public.sn\/?p=37336"},"modified":"2025-04-09T12:07:41","modified_gmt":"2025-04-09T12:07:41","slug":"wade-sonko-et-la-parole-presidentielle-deux-ecoles-deux-visions-economiques","status":"publish","type":"post","link":"https:\/\/www.public.sn\/index.php\/2025\/04\/09\/wade-sonko-et-la-parole-presidentielle-deux-ecoles-deux-visions-economiques\/","title":{"rendered":"Wade, Sonko et la parole pr\u00e9sidentielle : deux \u00e9coles, deux visions \u00e9conomiques"},"content":{"rendered":"\n<p><strong>C\u2019est un extrait du livre <em>\u201cWade, mille et une vies\u201d<\/em> de Madiambal Diagne, pr\u00e9cis\u00e9ment aux pages 39 et 40, qui a r\u00e9cemment \u00e9t\u00e9 remis au go\u00fbt du jour par Babacar Gaye, ancien ministre et figure politique bien connue. Sur sa page Facebook, ce dernier \u00e9crit :<\/strong><\/p><div class=\"publi-paragraphe1\" style=\"margin-top: 10px;margin-bottom: 10px;margin-left: auto;margin-right: auto;text-align: center;\" id=\"publi-4129378932\"><div class=\"publi-adlabel\">Publicit\u00e9<\/div><script async src=\"\/\/pagead2.googlesyndication.com\/pagead\/js\/adsbygoogle.js?client=ca-pub-4089586018074219\" crossorigin=\"anonymous\"><\/script><ins class=\"adsbygoogle\" style=\"display:block;\" data-ad-client=\"ca-pub-4089586018074219\" \ndata-ad-slot=\"2087940154\" \ndata-ad-format=\"auto\"><\/ins>\n<script> \n(adsbygoogle = window.adsbygoogle || []).push({}); \n<\/script>\n<\/div>\n\n\n\n<blockquote class=\"wp-block-quote is-layout-flow wp-block-quote-is-layout-flow\">\n<p><em>\u00ab Si Sonko e\u00fbt \u00e9t\u00e9 un disciple de Me Wade, la situation financi\u00e8re du S\u00e9n\u00e9gal aurait chang\u00e9. \u00bb<\/em><\/p>\n<\/blockquote>\n\n\n\n<p>Derri\u00e8re cette phrase lourde de sous-entendus se cache un v\u00e9ritable d\u00e9bat sur <strong>la posture pr\u00e9sidentielle<\/strong> et ses <strong>effets sur l\u2019\u00e9conomie d\u2019un pays<\/strong>.<\/p>\n\n\n\n<h4 class=\"wp-block-heading\"><strong>La le\u00e7on de Wade : valoriser pour attirer<\/strong><\/h4>\n\n\n\n<p>Dans le livre, on d\u00e9couvre un Wade strat\u00e8ge, soucieux de l\u2019image du pays. Il confie \u00e0 un de ses disciples, apr\u00e8s avoir pris les r\u00eanes du pouvoir :<\/p>\n\n\n\n<blockquote class=\"wp-block-quote is-layout-flow wp-block-quote-is-layout-flow\">\n<p>\u00ab Quand on a le destin d\u2019un pays pauvre entre ses mains, on ne doit pas dire que son pays est pauvre, sans ressources. [&#8230;] C\u2019est \u00e0 toi, dirigeant, de valoriser ton pays. Cela rassure et donne confiance aux partenaires, aux bailleurs de fonds. \u00bb<\/p>\n<\/blockquote>\n\n\n\n<p>Wade, \u00e9conomiste de formation, avait compris l\u2019importance de la <strong>communication \u00e9conomique<\/strong>. Pour convaincre les investisseurs et partenaires internationaux, il fallait vendre un S\u00e9n\u00e9gal attractif, prometteur, ambitieux. M\u00eame s\u2019il avait trouv\u00e9 une situation financi\u00e8re difficile, il s\u2019est abstenu de le dire publiquement. Objectif : <strong>ne pas effrayer les bailleurs<\/strong>, <strong>ne pas couper les ponts du cr\u00e9dit international<\/strong>.<\/p>\n\n\n\n<h4 class=\"wp-block-heading\"><strong>La m\u00e9thode Sonko : rupture et v\u00e9rit\u00e9 crue<\/strong><\/h4>\n\n\n\n<p>\u00c0 l\u2019oppos\u00e9, Ousmane Sonko, actuel Premier ministre, a fait le choix d\u2019une <strong>rupture radicale<\/strong>, avec une parole souvent sans filtre, critiquant l\u2019h\u00e9ritage \u00e9conomique laiss\u00e9 par ses pr\u00e9d\u00e9cesseurs. Ce discours, s\u2019il s\u00e9duit une partie de la population en qu\u00eate de transparence, <strong>inqui\u00e8te<\/strong> certains acteurs \u00e9conomiques et <strong>refroidit<\/strong> parfois les investisseurs.<\/p>\n\n\n\n<p>C\u2019est cette approche que Babacar Gaye semble remettre en cause. En comparant Sonko \u00e0 Wade, il insinue que <strong>l\u2019exc\u00e8s de v\u00e9rit\u00e9 peut nuire<\/strong> \u00e0 la stabilit\u00e9 \u00e9conomique, surtout dans un pays qui d\u00e9pend encore fortement de la coop\u00e9ration internationale et des financements ext\u00e9rieurs.<\/p>\n\n\n\n<h4 class=\"wp-block-heading\"><strong>Deux \u00e9poques, deux styles, un m\u00eame d\u00e9fi<\/strong><\/h4>\n\n\n\n<p>Il faut n\u00e9anmoins reconna\u00eetre que les contextes sont diff\u00e9rents. Wade arrive en 2000 dans un monde encore domin\u00e9 par des institutions de Bretton Woods ouvertes au lib\u00e9ralisme et \u00e0 la dette publique. Sonko, lui, prend les r\u00eanes dans un monde post-Covid, marqu\u00e9 par la guerre en Ukraine, l\u2019inflation mondiale, une crise de la dette en Afrique, et une jeunesse s\u00e9n\u00e9galaise impatiente.<\/p>\n\n\n\n<p>Mais la question reste enti\u00e8re : <strong>faut-il dire toute la v\u00e9rit\u00e9 sur l\u2019\u00e9tat du pays au risque de d\u00e9courager les partenaires ?<\/strong> Ou faut-il embellir le tableau pour garder la confiance des bailleurs ?<\/p>\n\n\n\n<p>En politique comme en \u00e9conomie, la parole est un levier puissant. Wade s\u2019en servait comme un diplomate. Sonko, comme un procureur. Le peuple, lui, jugera \u00e0 l\u2019aune des r\u00e9sultats.<\/p>\n<div class=\"publi-apres-le-contenu\" style=\"margin-top: 10px;margin-bottom: 10px;margin-left: auto;margin-right: auto;text-align: center;\" id=\"publi-260876472\"><div class=\"publi-adlabel\">Publicit\u00e9<\/div><script async src=\"\/\/pagead2.googlesyndication.com\/pagead\/js\/adsbygoogle.js?client=ca-pub-4089586018074219\" crossorigin=\"anonymous\"><\/script><ins class=\"adsbygoogle\" style=\"display:block;\" data-ad-client=\"ca-pub-4089586018074219\" \ndata-ad-slot=\"2087940154\" \ndata-ad-format=\"auto\"><\/ins>\n<script> \n(adsbygoogle = window.adsbygoogle || []).push({}); \n<\/script>\n<\/div>","protected":false},"excerpt":{"rendered":"<p>C\u2019est un extrait du livre \u201cWade, mille et une vies\u201d de Madiambal Diagne, pr\u00e9cis\u00e9ment aux pages 39 et 40, qui a r\u00e9cemment \u00e9t\u00e9 remis au go\u00fbt du jour par Babacar Gaye, ancien ministre et figure politique bien connue. Sur sa page Facebook, ce dernier \u00e9crit : \u00ab Si Sonko e\u00fbt \u00e9t\u00e9 un disciple de Me Wade, la situation financi\u00e8re du S\u00e9n\u00e9gal aurait chang\u00e9. \u00bb Derri\u00e8re cette phrase lourde de sous-entendus se cache un v\u00e9ritable d\u00e9bat sur la posture pr\u00e9sidentielle et ses effets sur l\u2019\u00e9conomie d\u2019un pays. La le\u00e7on de Wade : valoriser pour attirer Dans le livre, on d\u00e9couvre un Wade strat\u00e8ge, soucieux de l\u2019image du pays. Il confie \u00e0 un de ses disciples, apr\u00e8s avoir pris les r\u00eanes du pouvoir : \u00ab Quand on a le destin d\u2019un pays pauvre entre ses mains, on ne doit pas dire que son pays est pauvre, sans ressources. [&#8230;] C\u2019est \u00e0 toi, dirigeant, de valoriser ton pays. Cela rassure et donne confiance aux partenaires, aux bailleurs de fonds. \u00bb Wade, \u00e9conomiste de formation, avait compris l\u2019importance de la communication \u00e9conomique. Pour convaincre les investisseurs et partenaires internationaux, il fallait vendre un S\u00e9n\u00e9gal attractif, prometteur, ambitieux. M\u00eame s\u2019il avait trouv\u00e9 une situation financi\u00e8re difficile, il s\u2019est abstenu de le dire publiquement. Objectif : ne pas effrayer les bailleurs, ne pas couper les ponts du cr\u00e9dit international. La m\u00e9thode Sonko : rupture et v\u00e9rit\u00e9 crue \u00c0 l\u2019oppos\u00e9, Ousmane Sonko, actuel Premier ministre, a fait le choix d\u2019une rupture radicale, avec une parole souvent sans filtre, critiquant l\u2019h\u00e9ritage \u00e9conomique laiss\u00e9 par ses pr\u00e9d\u00e9cesseurs. Ce discours, s\u2019il s\u00e9duit une partie de la population en qu\u00eate de transparence, inqui\u00e8te certains acteurs \u00e9conomiques et refroidit parfois les investisseurs. C\u2019est cette approche que Babacar Gaye semble remettre en cause. En comparant Sonko \u00e0 Wade, il insinue que l\u2019exc\u00e8s de v\u00e9rit\u00e9 peut nuire \u00e0 la stabilit\u00e9 \u00e9conomique, surtout dans un pays qui d\u00e9pend encore fortement de la coop\u00e9ration internationale et des financements ext\u00e9rieurs. Deux \u00e9poques, deux styles, un m\u00eame d\u00e9fi Il faut n\u00e9anmoins reconna\u00eetre que les contextes sont diff\u00e9rents. Wade arrive en 2000 dans un monde encore domin\u00e9 par des institutions de Bretton Woods ouvertes au lib\u00e9ralisme et \u00e0 la dette publique. Sonko, lui, prend les r\u00eanes dans un monde post-Covid, marqu\u00e9 par la guerre en Ukraine, l\u2019inflation mondiale, une crise de la dette en Afrique, et une jeunesse s\u00e9n\u00e9galaise impatiente. Mais la question reste enti\u00e8re : faut-il dire toute la v\u00e9rit\u00e9 sur l\u2019\u00e9tat du pays au risque de d\u00e9courager les partenaires ? Ou faut-il embellir le tableau pour garder la confiance des bailleurs ? En politique comme en \u00e9conomie, la parole est un levier puissant. Wade s\u2019en servait comme un diplomate. Sonko, comme un procureur. Le peuple, lui, jugera \u00e0 l\u2019aune des r\u00e9sultats.<\/p>\n","protected":false},"author":1,"featured_media":3634,"comment_status":"open","ping_status":"open","sticky":false,"template":"","format":"standard","meta":{"_jetpack_memberships_contains_paid_content":false,"footnotes":""},"categories":[375,3,1],"tags":[7490,1766],"class_list":["post-37336","post","type-post","status-publish","format-standard","has-post-thumbnail","hentry","category-actualites","category-politique","category-non-classe","tag-sponko","tag-wade","entry","has-media","owp-thumbs-layout-horizontal","owp-btn-normal","owp-tabs-layout-horizontal","has-no-thumbnails","has-product-nav"],"yoast_head":"<!-- This site is optimized with the Yoast SEO plugin v25.5 - https:\/\/yoast.com\/wordpress\/plugins\/seo\/ -->\n<title>Wade, Sonko et la parole pr\u00e9sidentielle : deux \u00e9coles, deux visions \u00e9conomiques - LE PUBLIC<\/title>\n<meta name=\"description\" content=\"C\u2019est un extrait du livre \u201cWade, mille et une vies\u201d de Madiambal Diagne, pr\u00e9cis\u00e9ment aux pages 39 et 40, qui a r\u00e9cemment \u00e9t\u00e9 remis au go\u00fbt du jour par Babacar Gaye, ancien ministre et figure politique bien connue. Sur sa page Facebook, ce dernier \u00e9crit :\" \/>\n<meta name=\"robots\" content=\"index, follow, max-snippet:-1, max-image-preview:large, max-video-preview:-1\" \/>\n<link rel=\"canonical\" href=\"https:\/\/www.public.sn\/index.php\/2025\/04\/09\/wade-sonko-et-la-parole-presidentielle-deux-ecoles-deux-visions-economiques\/\" \/>\n<meta property=\"og:locale\" content=\"fr_FR\" \/>\n<meta property=\"og:type\" content=\"article\" \/>\n<meta property=\"og:title\" content=\"Wade, Sonko et la parole pr\u00e9sidentielle : deux \u00e9coles, deux visions \u00e9conomiques - LE PUBLIC\" \/>\n<meta property=\"og:description\" content=\"C\u2019est un extrait du livre \u201cWade, mille et une vies\u201d de Madiambal Diagne, pr\u00e9cis\u00e9ment aux pages 39 et 40, qui a r\u00e9cemment \u00e9t\u00e9 remis au go\u00fbt du jour par Babacar Gaye, ancien ministre et figure politique bien connue. Sur sa page Facebook, ce dernier \u00e9crit :\" \/>\n<meta property=\"og:url\" content=\"https:\/\/www.public.sn\/index.php\/2025\/04\/09\/wade-sonko-et-la-parole-presidentielle-deux-ecoles-deux-visions-economiques\/\" \/>\n<meta property=\"og:site_name\" content=\"LE PUBLIC\" \/>\n<meta property=\"article:published_time\" content=\"2025-04-09T12:07:25+00:00\" \/>\n<meta property=\"article:modified_time\" content=\"2025-04-09T12:07:41+00:00\" \/>\n<meta property=\"og:image\" content=\"https:\/\/www.public.sn\/wp-content\/uploads\/2022\/10\/babacar.jpg\" \/>\n\t<meta property=\"og:image:width\" content=\"500\" \/>\n\t<meta property=\"og:image:height\" content=\"350\" \/>\n\t<meta property=\"og:image:type\" content=\"image\/jpeg\" \/>\n<meta name=\"author\" content=\"LA REDACTION\" \/>\n<meta name=\"twitter:card\" content=\"summary_large_image\" \/>\n<meta name=\"twitter:label1\" content=\"\u00c9crit par\" \/>\n\t<meta name=\"twitter:data1\" content=\"LA REDACTION\" \/>\n\t<meta name=\"twitter:label2\" content=\"Dur\u00e9e de lecture estim\u00e9e\" \/>\n\t<meta name=\"twitter:data2\" content=\"3 minutes\" \/>\n<script type=\"application\/ld+json\" class=\"yoast-schema-graph\">{\"@context\":\"https:\/\/schema.org\",\"@graph\":[{\"@type\":\"Article\",\"@id\":\"https:\/\/www.public.sn\/index.php\/2025\/04\/09\/wade-sonko-et-la-parole-presidentielle-deux-ecoles-deux-visions-economiques\/#article\",\"isPartOf\":{\"@id\":\"https:\/\/www.public.sn\/index.php\/2025\/04\/09\/wade-sonko-et-la-parole-presidentielle-deux-ecoles-deux-visions-economiques\/\"},\"author\":{\"name\":\"LA REDACTION\",\"@id\":\"https:\/\/www.public.sn\/#\/schema\/person\/e3f4a11b037d4203902db148f9bc8d5a\"},\"headline\":\"Wade, Sonko et la parole pr\u00e9sidentielle : deux \u00e9coles, deux visions \u00e9conomiques\",\"datePublished\":\"2025-04-09T12:07:25+00:00\",\"dateModified\":\"2025-04-09T12:07:41+00:00\",\"mainEntityOfPage\":{\"@id\":\"https:\/\/www.public.sn\/index.php\/2025\/04\/09\/wade-sonko-et-la-parole-presidentielle-deux-ecoles-deux-visions-economiques\/\"},\"wordCount\":510,\"commentCount\":0,\"publisher\":{\"@id\":\"https:\/\/www.public.sn\/#organization\"},\"image\":{\"@id\":\"https:\/\/www.public.sn\/index.php\/2025\/04\/09\/wade-sonko-et-la-parole-presidentielle-deux-ecoles-deux-visions-economiques\/#primaryimage\"},\"thumbnailUrl\":\"https:\/\/www.public.sn\/wp-content\/uploads\/2022\/10\/babacar.jpg\",\"keywords\":[\"sponko\",\"wade\"],\"articleSection\":[\"ACTUALIT\u00c9S\",\"POLITIQUE\",\"S\u00c9N\u00c9GAL\"],\"inLanguage\":\"fr-FR\",\"potentialAction\":[{\"@type\":\"CommentAction\",\"name\":\"Comment\",\"target\":[\"https:\/\/www.public.sn\/index.php\/2025\/04\/09\/wade-sonko-et-la-parole-presidentielle-deux-ecoles-deux-visions-economiques\/#respond\"]}]},{\"@type\":\"WebPage\",\"@id\":\"https:\/\/www.public.sn\/index.php\/2025\/04\/09\/wade-sonko-et-la-parole-presidentielle-deux-ecoles-deux-visions-economiques\/\",\"url\":\"https:\/\/www.public.sn\/index.php\/2025\/04\/09\/wade-sonko-et-la-parole-presidentielle-deux-ecoles-deux-visions-economiques\/\",\"name\":\"Wade, Sonko et la parole pr\u00e9sidentielle : deux \u00e9coles, deux visions \u00e9conomiques - LE PUBLIC\",\"isPartOf\":{\"@id\":\"https:\/\/www.public.sn\/#website\"},\"primaryImageOfPage\":{\"@id\":\"https:\/\/www.public.sn\/index.php\/2025\/04\/09\/wade-sonko-et-la-parole-presidentielle-deux-ecoles-deux-visions-economiques\/#primaryimage\"},\"image\":{\"@id\":\"https:\/\/www.public.sn\/index.php\/2025\/04\/09\/wade-sonko-et-la-parole-presidentielle-deux-ecoles-deux-visions-economiques\/#primaryimage\"},\"thumbnailUrl\":\"https:\/\/www.public.sn\/wp-content\/uploads\/2022\/10\/babacar.jpg\",\"datePublished\":\"2025-04-09T12:07:25+00:00\",\"dateModified\":\"2025-04-09T12:07:41+00:00\",\"description\":\"C\u2019est un extrait du livre \u201cWade, mille et une vies\u201d de Madiambal Diagne, pr\u00e9cis\u00e9ment aux pages 39 et 40, qui a r\u00e9cemment \u00e9t\u00e9 remis au go\u00fbt du jour par Babacar Gaye, ancien ministre et figure politique bien connue. Sur sa page Facebook, ce dernier \u00e9crit :\",\"breadcrumb\":{\"@id\":\"https:\/\/www.public.sn\/index.php\/2025\/04\/09\/wade-sonko-et-la-parole-presidentielle-deux-ecoles-deux-visions-economiques\/#breadcrumb\"},\"inLanguage\":\"fr-FR\",\"potentialAction\":[{\"@type\":\"ReadAction\",\"target\":[\"https:\/\/www.public.sn\/index.php\/2025\/04\/09\/wade-sonko-et-la-parole-presidentielle-deux-ecoles-deux-visions-economiques\/\"]}]},{\"@type\":\"ImageObject\",\"inLanguage\":\"fr-FR\",\"@id\":\"https:\/\/www.public.sn\/index.php\/2025\/04\/09\/wade-sonko-et-la-parole-presidentielle-deux-ecoles-deux-visions-economiques\/#primaryimage\",\"url\":\"https:\/\/www.public.sn\/wp-content\/uploads\/2022\/10\/babacar.jpg\",\"contentUrl\":\"https:\/\/www.public.sn\/wp-content\/uploads\/2022\/10\/babacar.jpg\",\"width\":500,\"height\":350},{\"@type\":\"BreadcrumbList\",\"@id\":\"https:\/\/www.public.sn\/index.php\/2025\/04\/09\/wade-sonko-et-la-parole-presidentielle-deux-ecoles-deux-visions-economiques\/#breadcrumb\",\"itemListElement\":[{\"@type\":\"ListItem\",\"position\":1,\"name\":\"Accueil\",\"item\":\"https:\/\/www.public.sn\/\"},{\"@type\":\"ListItem\",\"position\":2,\"name\":\"Wade, Sonko et la parole pr\u00e9sidentielle : deux \u00e9coles, deux visions \u00e9conomiques\"}]},{\"@type\":\"WebSite\",\"@id\":\"https:\/\/www.public.sn\/#website\",\"url\":\"https:\/\/www.public.sn\/\",\"name\":\"LE PUBLIC\",\"description\":\"\",\"publisher\":{\"@id\":\"https:\/\/www.public.sn\/#organization\"},\"potentialAction\":[{\"@type\":\"SearchAction\",\"target\":{\"@type\":\"EntryPoint\",\"urlTemplate\":\"https:\/\/www.public.sn\/?s={search_term_string}\"},\"query-input\":{\"@type\":\"PropertyValueSpecification\",\"valueRequired\":true,\"valueName\":\"search_term_string\"}}],\"inLanguage\":\"fr-FR\"},{\"@type\":\"Organization\",\"@id\":\"https:\/\/www.public.sn\/#organization\",\"name\":\"LE PUBLIC\",\"url\":\"https:\/\/www.public.sn\/\",\"logo\":{\"@type\":\"ImageObject\",\"inLanguage\":\"fr-FR\",\"@id\":\"https:\/\/www.public.sn\/#\/schema\/logo\/image\/\",\"url\":\"https:\/\/www.public.sn\/wp-content\/uploads\/2024\/05\/cropped-LOGO-PUBLIC.SN_.png\",\"contentUrl\":\"https:\/\/www.public.sn\/wp-content\/uploads\/2024\/05\/cropped-LOGO-PUBLIC.SN_.png\",\"width\":682,\"height\":192,\"caption\":\"LE PUBLIC\"},\"image\":{\"@id\":\"https:\/\/www.public.sn\/#\/schema\/logo\/image\/\"}},{\"@type\":\"Person\",\"@id\":\"https:\/\/www.public.sn\/#\/schema\/person\/e3f4a11b037d4203902db148f9bc8d5a\",\"name\":\"LA REDACTION\",\"image\":{\"@type\":\"ImageObject\",\"inLanguage\":\"fr-FR\",\"@id\":\"https:\/\/www.public.sn\/#\/schema\/person\/image\/\",\"url\":\"https:\/\/secure.gravatar.com\/avatar\/d6c030db45db2883c075085c5d6c6258654a801a93766b49af0b82d4f454e2a5?s=96&d=mm&r=g\",\"contentUrl\":\"https:\/\/secure.gravatar.com\/avatar\/d6c030db45db2883c075085c5d6c6258654a801a93766b49af0b82d4f454e2a5?s=96&d=mm&r=g\",\"caption\":\"LA REDACTION\"},\"sameAs\":[\"http:\/\/www.public.sn\"],\"url\":\"https:\/\/www.public.sn\/index.php\/author\/admin7324\/\"}]}<\/script>\n<!-- \/ Yoast SEO plugin. -->","yoast_head_json":{"title":"Wade, Sonko et la parole pr\u00e9sidentielle : deux \u00e9coles, deux visions \u00e9conomiques - LE PUBLIC","description":"C\u2019est un extrait du livre \u201cWade, mille et une vies\u201d de Madiambal Diagne, pr\u00e9cis\u00e9ment aux pages 39 et 40, qui a r\u00e9cemment \u00e9t\u00e9 remis au go\u00fbt du jour par Babacar Gaye, ancien ministre et figure politique bien connue. Sur sa page Facebook, ce dernier \u00e9crit :","robots":{"index":"index","follow":"follow","max-snippet":"max-snippet:-1","max-image-preview":"max-image-preview:large","max-video-preview":"max-video-preview:-1"},"canonical":"https:\/\/www.public.sn\/index.php\/2025\/04\/09\/wade-sonko-et-la-parole-presidentielle-deux-ecoles-deux-visions-economiques\/","og_locale":"fr_FR","og_type":"article","og_title":"Wade, Sonko et la parole pr\u00e9sidentielle : deux \u00e9coles, deux visions \u00e9conomiques - LE PUBLIC","og_description":"C\u2019est un extrait du livre \u201cWade, mille et une vies\u201d de Madiambal Diagne, pr\u00e9cis\u00e9ment aux pages 39 et 40, qui a r\u00e9cemment \u00e9t\u00e9 remis au go\u00fbt du jour par Babacar Gaye, ancien ministre et figure politique bien connue. Sur sa page Facebook, ce dernier \u00e9crit :","og_url":"https:\/\/www.public.sn\/index.php\/2025\/04\/09\/wade-sonko-et-la-parole-presidentielle-deux-ecoles-deux-visions-economiques\/","og_site_name":"LE PUBLIC","article_published_time":"2025-04-09T12:07:25+00:00","article_modified_time":"2025-04-09T12:07:41+00:00","og_image":[{"width":500,"height":350,"url":"https:\/\/www.public.sn\/wp-content\/uploads\/2022\/10\/babacar.jpg","type":"image\/jpeg"}],"author":"LA REDACTION","twitter_card":"summary_large_image","twitter_misc":{"\u00c9crit par":"LA REDACTION","Dur\u00e9e de lecture estim\u00e9e":"3 minutes"},"schema":{"@context":"https:\/\/schema.org","@graph":[{"@type":"Article","@id":"https:\/\/www.public.sn\/index.php\/2025\/04\/09\/wade-sonko-et-la-parole-presidentielle-deux-ecoles-deux-visions-economiques\/#article","isPartOf":{"@id":"https:\/\/www.public.sn\/index.php\/2025\/04\/09\/wade-sonko-et-la-parole-presidentielle-deux-ecoles-deux-visions-economiques\/"},"author":{"name":"LA REDACTION","@id":"https:\/\/www.public.sn\/#\/schema\/person\/e3f4a11b037d4203902db148f9bc8d5a"},"headline":"Wade, Sonko et la parole pr\u00e9sidentielle : deux \u00e9coles, deux visions \u00e9conomiques","datePublished":"2025-04-09T12:07:25+00:00","dateModified":"2025-04-09T12:07:41+00:00","mainEntityOfPage":{"@id":"https:\/\/www.public.sn\/index.php\/2025\/04\/09\/wade-sonko-et-la-parole-presidentielle-deux-ecoles-deux-visions-economiques\/"},"wordCount":510,"commentCount":0,"publisher":{"@id":"https:\/\/www.public.sn\/#organization"},"image":{"@id":"https:\/\/www.public.sn\/index.php\/2025\/04\/09\/wade-sonko-et-la-parole-presidentielle-deux-ecoles-deux-visions-economiques\/#primaryimage"},"thumbnailUrl":"https:\/\/www.public.sn\/wp-content\/uploads\/2022\/10\/babacar.jpg","keywords":["sponko","wade"],"articleSection":["ACTUALIT\u00c9S","POLITIQUE","S\u00c9N\u00c9GAL"],"inLanguage":"fr-FR","potentialAction":[{"@type":"CommentAction","name":"Comment","target":["https:\/\/www.public.sn\/index.php\/2025\/04\/09\/wade-sonko-et-la-parole-presidentielle-deux-ecoles-deux-visions-economiques\/#respond"]}]},{"@type":"WebPage","@id":"https:\/\/www.public.sn\/index.php\/2025\/04\/09\/wade-sonko-et-la-parole-presidentielle-deux-ecoles-deux-visions-economiques\/","url":"https:\/\/www.public.sn\/index.php\/2025\/04\/09\/wade-sonko-et-la-parole-presidentielle-deux-ecoles-deux-visions-economiques\/","name":"Wade, Sonko et la parole pr\u00e9sidentielle : deux \u00e9coles, deux visions \u00e9conomiques - LE PUBLIC","isPartOf":{"@id":"https:\/\/www.public.sn\/#website"},"primaryImageOfPage":{"@id":"https:\/\/www.public.sn\/index.php\/2025\/04\/09\/wade-sonko-et-la-parole-presidentielle-deux-ecoles-deux-visions-economiques\/#primaryimage"},"image":{"@id":"https:\/\/www.public.sn\/index.php\/2025\/04\/09\/wade-sonko-et-la-parole-presidentielle-deux-ecoles-deux-visions-economiques\/#primaryimage"},"thumbnailUrl":"https:\/\/www.public.sn\/wp-content\/uploads\/2022\/10\/babacar.jpg","datePublished":"2025-04-09T12:07:25+00:00","dateModified":"2025-04-09T12:07:41+00:00","description":"C\u2019est un extrait du livre \u201cWade, mille et une vies\u201d de Madiambal Diagne, pr\u00e9cis\u00e9ment aux pages 39 et 40, qui a r\u00e9cemment \u00e9t\u00e9 remis au go\u00fbt du jour par Babacar Gaye, ancien ministre et figure politique bien connue. Sur sa page Facebook, ce dernier \u00e9crit :","breadcrumb":{"@id":"https:\/\/www.public.sn\/index.php\/2025\/04\/09\/wade-sonko-et-la-parole-presidentielle-deux-ecoles-deux-visions-economiques\/#breadcrumb"},"inLanguage":"fr-FR","potentialAction":[{"@type":"ReadAction","target":["https:\/\/www.public.sn\/index.php\/2025\/04\/09\/wade-sonko-et-la-parole-presidentielle-deux-ecoles-deux-visions-economiques\/"]}]},{"@type":"ImageObject","inLanguage":"fr-FR","@id":"https:\/\/www.public.sn\/index.php\/2025\/04\/09\/wade-sonko-et-la-parole-presidentielle-deux-ecoles-deux-visions-economiques\/#primaryimage","url":"https:\/\/www.public.sn\/wp-content\/uploads\/2022\/10\/babacar.jpg","contentUrl":"https:\/\/www.public.sn\/wp-content\/uploads\/2022\/10\/babacar.jpg","width":500,"height":350},{"@type":"BreadcrumbList","@id":"https:\/\/www.public.sn\/index.php\/2025\/04\/09\/wade-sonko-et-la-parole-presidentielle-deux-ecoles-deux-visions-economiques\/#breadcrumb","itemListElement":[{"@type":"ListItem","position":1,"name":"Accueil","item":"https:\/\/www.public.sn\/"},{"@type":"ListItem","position":2,"name":"Wade, Sonko et la parole pr\u00e9sidentielle : deux \u00e9coles, deux visions \u00e9conomiques"}]},{"@type":"WebSite","@id":"https:\/\/www.public.sn\/#website","url":"https:\/\/www.public.sn\/","name":"LE PUBLIC","description":"","publisher":{"@id":"https:\/\/www.public.sn\/#organization"},"potentialAction":[{"@type":"SearchAction","target":{"@type":"EntryPoint","urlTemplate":"https:\/\/www.public.sn\/?s={search_term_string}"},"query-input":{"@type":"PropertyValueSpecification","valueRequired":true,"valueName":"search_term_string"}}],"inLanguage":"fr-FR"},{"@type":"Organization","@id":"https:\/\/www.public.sn\/#organization","name":"LE PUBLIC","url":"https:\/\/www.public.sn\/","logo":{"@type":"ImageObject","inLanguage":"fr-FR","@id":"https:\/\/www.public.sn\/#\/schema\/logo\/image\/","url":"https:\/\/www.public.sn\/wp-content\/uploads\/2024\/05\/cropped-LOGO-PUBLIC.SN_.png","contentUrl":"https:\/\/www.public.sn\/wp-content\/uploads\/2024\/05\/cropped-LOGO-PUBLIC.SN_.png","width":682,"height":192,"caption":"LE PUBLIC"},"image":{"@id":"https:\/\/www.public.sn\/#\/schema\/logo\/image\/"}},{"@type":"Person","@id":"https:\/\/www.public.sn\/#\/schema\/person\/e3f4a11b037d4203902db148f9bc8d5a","name":"LA REDACTION","image":{"@type":"ImageObject","inLanguage":"fr-FR","@id":"https:\/\/www.public.sn\/#\/schema\/person\/image\/","url":"https:\/\/secure.gravatar.com\/avatar\/d6c030db45db2883c075085c5d6c6258654a801a93766b49af0b82d4f454e2a5?s=96&d=mm&r=g","contentUrl":"https:\/\/secure.gravatar.com\/avatar\/d6c030db45db2883c075085c5d6c6258654a801a93766b49af0b82d4f454e2a5?s=96&d=mm&r=g","caption":"LA REDACTION"},"sameAs":["http:\/\/www.public.sn"],"url":"https:\/\/www.public.sn\/index.php\/author\/admin7324\/"}]}},"jetpack_featured_media_url":"https:\/\/www.public.sn\/wp-content\/uploads\/2022\/10\/babacar.jpg","jetpack_sharing_enabled":true,"_links":{"self":[{"href":"https:\/\/www.public.sn\/index.php\/wp-json\/wp\/v2\/posts\/37336","targetHints":{"allow":["GET"]}}],"collection":[{"href":"https:\/\/www.public.sn\/index.php\/wp-json\/wp\/v2\/posts"}],"about":[{"href":"https:\/\/www.public.sn\/index.php\/wp-json\/wp\/v2\/types\/post"}],"author":[{"embeddable":true,"href":"https:\/\/www.public.sn\/index.php\/wp-json\/wp\/v2\/users\/1"}],"replies":[{"embeddable":true,"href":"https:\/\/www.public.sn\/index.php\/wp-json\/wp\/v2\/comments?post=37336"}],"version-history":[{"count":1,"href":"https:\/\/www.public.sn\/index.php\/wp-json\/wp\/v2\/posts\/37336\/revisions"}],"predecessor-version":[{"id":37337,"href":"https:\/\/www.public.sn\/index.php\/wp-json\/wp\/v2\/posts\/37336\/revisions\/37337"}],"wp:featuredmedia":[{"embeddable":true,"href":"https:\/\/www.public.sn\/index.php\/wp-json\/wp\/v2\/media\/3634"}],"wp:attachment":[{"href":"https:\/\/www.public.sn\/index.php\/wp-json\/wp\/v2\/media?parent=37336"}],"wp:term":[{"taxonomy":"category","embeddable":true,"href":"https:\/\/www.public.sn\/index.php\/wp-json\/wp\/v2\/categories?post=37336"},{"taxonomy":"post_tag","embeddable":true,"href":"https:\/\/www.public.sn\/index.php\/wp-json\/wp\/v2\/tags?post=37336"}],"curies":[{"name":"wp","href":"https:\/\/api.w.org\/{rel}","templated":true}]}}