{"id":37338,"date":"2025-04-09T13:11:54","date_gmt":"2025-04-09T13:11:54","guid":{"rendered":"https:\/\/www.public.sn\/?p=37338"},"modified":"2025-04-09T13:12:12","modified_gmt":"2025-04-09T13:12:12","slug":"recours-de-lopposition-parlementaire-contre-la-loi-dinterpretation-de-lamnistie-walu-amadou-ba-anta-babacar-ngom-et-tas-dans-le-meme-camp","status":"publish","type":"post","link":"https:\/\/www.public.sn\/index.php\/2025\/04\/09\/recours-de-lopposition-parlementaire-contre-la-loi-dinterpretation-de-lamnistie-walu-amadou-ba-anta-babacar-ngom-et-tas-dans-le-meme-camp\/","title":{"rendered":"Recours de l\u2019opposition parlementaire contre la loi d\u2019interpr\u00e9tation de l\u2019amnistie : Walu, Amadou Ba, Anta Babacar Ngom et TAS dans le m\u00eame camp"},"content":{"rendered":"\n<p>Un front in\u00e9dit s\u2019est form\u00e9 \u00e0 l\u2019Assembl\u00e9e nationale autour de la loi controvers\u00e9e n\u00b008\/25 du 02 avril 2025, portant interpr\u00e9tation de la loi d\u2019amnistie vot\u00e9e le 13 mars dernier. Vingt-trois d\u00e9put\u00e9s issus de l\u2019opposition parlementaire ont officiellement introduit un <strong>recours en inconstitutionnalit\u00e9<\/strong> aupr\u00e8s du Conseil constitutionnel, d\u00e9non\u00e7ant une tentative d\u2019extension abusive du champ de l\u2019amnistie.<\/p><div class=\"publi-paragraphe1\" style=\"margin-top: 10px;margin-bottom: 10px;margin-left: auto;margin-right: auto;text-align: center;\" id=\"publi-462365203\"><div class=\"publi-adlabel\">Publicit\u00e9<\/div><script async src=\"\/\/pagead2.googlesyndication.com\/pagead\/js\/adsbygoogle.js?client=ca-pub-4089586018074219\" crossorigin=\"anonymous\"><\/script><ins class=\"adsbygoogle\" style=\"display:block;\" data-ad-client=\"ca-pub-4089586018074219\" \ndata-ad-slot=\"2087940154\" \ndata-ad-format=\"auto\"><\/ins>\n<script> \n(adsbygoogle = window.adsbygoogle || []).push({}); \n<\/script>\n<\/div>\n\n\n\n<p>Le recours, enregistr\u00e9 sous le num\u00e9ro <strong>01555\/GCC<\/strong> au greffe du Conseil constitutionnel, marque une alliance politique inattendue entre des figures de l\u2019opposition traditionnelle comme <strong>A\u00efssata Tall Sall<\/strong>, pr\u00e9sidente du groupe parlementaire <strong>Takku Walu S\u00e9n\u00e9gal<\/strong>, et de nouveaux opposants issus de l\u2019ancien pouvoir ou des rangs centristes : <strong>Amadou Ba (n\u00b01)<\/strong>, <strong>Anta Babacar Ngom<\/strong>, et <strong>Thierno Alassane Sall<\/strong>.<\/p>\n\n\n\n<h3 class=\"wp-block-heading\"><strong>Des d\u00e9put\u00e9s d\u00e9termin\u00e9s face \u00e0 une loi jug\u00e9e floue et dangereuse<\/strong><\/h3>\n\n\n\n<p>La liste des signataires refl\u00e8te une large diversit\u00e9 politique, allant de Wallu \u00e0 des ind\u00e9pendants, en passant par d\u2019anciens responsables de l\u2019APR ou du gouvernement pr\u00e9c\u00e9dent. Tous d\u00e9noncent une <strong>interpr\u00e9tation r\u00e9troactive<\/strong> de la loi d\u2019amnistie qui, selon eux, \u00ab viole les principes fondamentaux de la Constitution s\u00e9n\u00e9galaise \u00bb et risque de cr\u00e9er un pr\u00e9c\u00e9dent juridique dangereux.<\/p>\n\n\n\n<p>Parmi les 23 d\u00e9put\u00e9s signataires figurent notamment <strong>Abdou Karim Sall<\/strong>, <strong>Raqui Diallo<\/strong>, <strong>Daouda Dia<\/strong>, <strong>Salimata Diop<\/strong>, ou encore <strong>Fabineta Ndiaye<\/strong>.<\/p>\n\n\n\n<h3 class=\"wp-block-heading\"><strong>Un coll\u00e8ge d\u2019avocats de renom pour porter la requ\u00eate<\/strong><\/h3>\n\n\n\n<p>Pour d\u00e9fendre leur cause, les d\u00e9put\u00e9s ont constitu\u00e9 un pool d\u2019avocats de renom, dont <strong>Me Amadou Sall<\/strong>, <strong>Me Moustapha Diouf<\/strong>, <strong>Me Oumar Youm<\/strong>, <strong>Me Antoine Mbengue<\/strong>, <strong>Me A. Deh<\/strong>, <strong>Me Adama Fall<\/strong>, et <strong>Me Ousmane Thiam<\/strong>. Tous sont inscrits au barreau et ont fait \u00e9lection de domicile \u00e0 l\u2019\u00e9tude de Me Sall \u00e0 Dakar.<\/p>\n\n\n\n<p>Ce recours illustre une volont\u00e9 claire de ne pas laisser passer en silence ce que plusieurs opposants qualifient de \u00ab manipulation l\u00e9gislative \u00bb, cens\u00e9e blanchir certains faits en dehors du cadre initialement pr\u00e9vu par la loi d\u2019amnistie de mars 2024.<\/p>\n<div class=\"publi-apres-le-contenu\" style=\"margin-top: 10px;margin-bottom: 10px;margin-left: auto;margin-right: auto;text-align: center;\" id=\"publi-3356571963\"><div class=\"publi-adlabel\">Publicit\u00e9<\/div><script async src=\"\/\/pagead2.googlesyndication.com\/pagead\/js\/adsbygoogle.js?client=ca-pub-4089586018074219\" crossorigin=\"anonymous\"><\/script><ins class=\"adsbygoogle\" style=\"display:block;\" data-ad-client=\"ca-pub-4089586018074219\" \ndata-ad-slot=\"2087940154\" \ndata-ad-format=\"auto\"><\/ins>\n<script> \n(adsbygoogle = window.adsbygoogle || []).push({}); \n<\/script>\n<\/div>","protected":false},"excerpt":{"rendered":"<p>Un front in\u00e9dit s\u2019est form\u00e9 \u00e0 l\u2019Assembl\u00e9e nationale autour de la loi controvers\u00e9e n\u00b008\/25 du 02 avril 2025, portant interpr\u00e9tation de la loi d\u2019amnistie vot\u00e9e le 13 mars dernier. Vingt-trois d\u00e9put\u00e9s issus de l\u2019opposition parlementaire ont officiellement introduit un recours en inconstitutionnalit\u00e9 aupr\u00e8s du Conseil constitutionnel, d\u00e9non\u00e7ant une tentative d\u2019extension abusive du champ de l\u2019amnistie. Le recours, enregistr\u00e9 sous le num\u00e9ro 01555\/GCC au greffe du Conseil constitutionnel, marque une alliance politique inattendue entre des figures de l\u2019opposition traditionnelle comme A\u00efssata Tall Sall, pr\u00e9sidente du groupe parlementaire Takku Walu S\u00e9n\u00e9gal, et de nouveaux opposants issus de l\u2019ancien pouvoir ou des rangs centristes : Amadou Ba (n\u00b01), Anta Babacar Ngom, et Thierno Alassane Sall. Des d\u00e9put\u00e9s d\u00e9termin\u00e9s face \u00e0 une loi jug\u00e9e floue et dangereuse La liste des signataires refl\u00e8te une large diversit\u00e9 politique, allant de Wallu \u00e0 des ind\u00e9pendants, en passant par d\u2019anciens responsables de l\u2019APR ou du gouvernement pr\u00e9c\u00e9dent. Tous d\u00e9noncent une interpr\u00e9tation r\u00e9troactive de la loi d\u2019amnistie qui, selon eux, \u00ab viole les principes fondamentaux de la Constitution s\u00e9n\u00e9galaise \u00bb et risque de cr\u00e9er un pr\u00e9c\u00e9dent juridique dangereux. Parmi les 23 d\u00e9put\u00e9s signataires figurent notamment Abdou Karim Sall, Raqui Diallo, Daouda Dia, Salimata Diop, ou encore Fabineta Ndiaye. Un coll\u00e8ge d\u2019avocats de renom pour porter la requ\u00eate Pour d\u00e9fendre leur cause, les d\u00e9put\u00e9s ont constitu\u00e9 un pool d\u2019avocats de renom, dont Me Amadou Sall, Me Moustapha Diouf, Me Oumar Youm, Me Antoine Mbengue, Me A. Deh, Me Adama Fall, et Me Ousmane Thiam. Tous sont inscrits au barreau et ont fait \u00e9lection de domicile \u00e0 l\u2019\u00e9tude de Me Sall \u00e0 Dakar. Ce recours illustre une volont\u00e9 claire de ne pas laisser passer en silence ce que plusieurs opposants qualifient de \u00ab manipulation l\u00e9gislative \u00bb, cens\u00e9e blanchir certains faits en dehors du cadre initialement pr\u00e9vu par la loi d\u2019amnistie de mars 2024.<\/p>\n","protected":false},"author":1,"featured_media":25397,"comment_status":"open","ping_status":"open","sticky":false,"template":"","format":"standard","meta":{"_jetpack_memberships_contains_paid_content":false,"footnotes":""},"categories":[375,3,1,372],"tags":[117],"class_list":["post-37338","post","type-post","status-publish","format-standard","has-post-thumbnail","hentry","category-actualites","category-politique","category-non-classe","category-vedette","tag-amnistie","entry","has-media","owp-thumbs-layout-horizontal","owp-btn-normal","owp-tabs-layout-horizontal","has-no-thumbnails","has-product-nav"],"yoast_head":"<!-- This site is optimized with the Yoast SEO plugin v25.5 - https:\/\/yoast.com\/wordpress\/plugins\/seo\/ -->\n<title>Recours de l\u2019opposition parlementaire contre la loi d\u2019interpr\u00e9tation de l\u2019amnistie : Walu, Amadou Ba, Anta Babacar Ngom et TAS dans le m\u00eame camp - LE PUBLIC<\/title>\n<meta name=\"robots\" content=\"index, follow, max-snippet:-1, max-image-preview:large, max-video-preview:-1\" \/>\n<link rel=\"canonical\" href=\"https:\/\/www.public.sn\/index.php\/2025\/04\/09\/recours-de-lopposition-parlementaire-contre-la-loi-dinterpretation-de-lamnistie-walu-amadou-ba-anta-babacar-ngom-et-tas-dans-le-meme-camp\/\" \/>\n<meta property=\"og:locale\" content=\"fr_FR\" \/>\n<meta property=\"og:type\" content=\"article\" \/>\n<meta property=\"og:title\" content=\"Recours de l\u2019opposition parlementaire contre la loi d\u2019interpr\u00e9tation de l\u2019amnistie : Walu, Amadou Ba, Anta Babacar Ngom et TAS dans le m\u00eame camp - LE PUBLIC\" \/>\n<meta property=\"og:description\" content=\"Un front in\u00e9dit s\u2019est form\u00e9 \u00e0 l\u2019Assembl\u00e9e nationale autour de la loi controvers\u00e9e n\u00b008\/25 du 02 avril 2025, portant interpr\u00e9tation de la loi d\u2019amnistie vot\u00e9e le 13 mars dernier. Vingt-trois d\u00e9put\u00e9s issus de l\u2019opposition parlementaire ont officiellement introduit un recours en inconstitutionnalit\u00e9 aupr\u00e8s du Conseil constitutionnel, d\u00e9non\u00e7ant une tentative d\u2019extension abusive du champ de l\u2019amnistie. Le recours, enregistr\u00e9 sous le num\u00e9ro 01555\/GCC au greffe du Conseil constitutionnel, marque une alliance politique inattendue entre des figures de l\u2019opposition traditionnelle comme A\u00efssata Tall Sall, pr\u00e9sidente du groupe parlementaire Takku Walu S\u00e9n\u00e9gal, et de nouveaux opposants issus de l\u2019ancien pouvoir ou des rangs centristes : Amadou Ba (n\u00b01), Anta Babacar Ngom, et Thierno Alassane Sall. Des d\u00e9put\u00e9s d\u00e9termin\u00e9s face \u00e0 une loi jug\u00e9e floue et dangereuse La liste des signataires refl\u00e8te une large diversit\u00e9 politique, allant de Wallu \u00e0 des ind\u00e9pendants, en passant par d\u2019anciens responsables de l\u2019APR ou du gouvernement pr\u00e9c\u00e9dent. Tous d\u00e9noncent une interpr\u00e9tation r\u00e9troactive de la loi d\u2019amnistie qui, selon eux, \u00ab viole les principes fondamentaux de la Constitution s\u00e9n\u00e9galaise \u00bb et risque de cr\u00e9er un pr\u00e9c\u00e9dent juridique dangereux. Parmi les 23 d\u00e9put\u00e9s signataires figurent notamment Abdou Karim Sall, Raqui Diallo, Daouda Dia, Salimata Diop, ou encore Fabineta Ndiaye. Un coll\u00e8ge d\u2019avocats de renom pour porter la requ\u00eate Pour d\u00e9fendre leur cause, les d\u00e9put\u00e9s ont constitu\u00e9 un pool d\u2019avocats de renom, dont Me Amadou Sall, Me Moustapha Diouf, Me Oumar Youm, Me Antoine Mbengue, Me A. Deh, Me Adama Fall, et Me Ousmane Thiam. Tous sont inscrits au barreau et ont fait \u00e9lection de domicile \u00e0 l\u2019\u00e9tude de Me Sall \u00e0 Dakar. Ce recours illustre une volont\u00e9 claire de ne pas laisser passer en silence ce que plusieurs opposants qualifient de \u00ab manipulation l\u00e9gislative \u00bb, cens\u00e9e blanchir certains faits en dehors du cadre initialement pr\u00e9vu par la loi d\u2019amnistie de mars 2024.\" \/>\n<meta property=\"og:url\" content=\"https:\/\/www.public.sn\/index.php\/2025\/04\/09\/recours-de-lopposition-parlementaire-contre-la-loi-dinterpretation-de-lamnistie-walu-amadou-ba-anta-babacar-ngom-et-tas-dans-le-meme-camp\/\" \/>\n<meta property=\"og:site_name\" content=\"LE PUBLIC\" \/>\n<meta property=\"article:published_time\" content=\"2025-04-09T13:11:54+00:00\" \/>\n<meta property=\"article:modified_time\" content=\"2025-04-09T13:12:12+00:00\" \/>\n<meta property=\"og:image\" content=\"https:\/\/www.public.sn\/wp-content\/uploads\/2023\/07\/LAssemblee-nationale-senegalaise.webp\" \/>\n\t<meta property=\"og:image:width\" content=\"750\" \/>\n\t<meta property=\"og:image:height\" content=\"430\" \/>\n\t<meta property=\"og:image:type\" content=\"image\/webp\" \/>\n<meta name=\"author\" content=\"LA REDACTION\" \/>\n<meta name=\"twitter:card\" content=\"summary_large_image\" \/>\n<meta name=\"twitter:label1\" content=\"\u00c9crit par\" \/>\n\t<meta name=\"twitter:data1\" content=\"LA REDACTION\" \/>\n\t<meta name=\"twitter:label2\" content=\"Dur\u00e9e de lecture estim\u00e9e\" \/>\n\t<meta name=\"twitter:data2\" content=\"2 minutes\" \/>\n<script type=\"application\/ld+json\" class=\"yoast-schema-graph\">{\"@context\":\"https:\/\/schema.org\",\"@graph\":[{\"@type\":\"Article\",\"@id\":\"https:\/\/www.public.sn\/index.php\/2025\/04\/09\/recours-de-lopposition-parlementaire-contre-la-loi-dinterpretation-de-lamnistie-walu-amadou-ba-anta-babacar-ngom-et-tas-dans-le-meme-camp\/#article\",\"isPartOf\":{\"@id\":\"https:\/\/www.public.sn\/index.php\/2025\/04\/09\/recours-de-lopposition-parlementaire-contre-la-loi-dinterpretation-de-lamnistie-walu-amadou-ba-anta-babacar-ngom-et-tas-dans-le-meme-camp\/\"},\"author\":{\"name\":\"LA REDACTION\",\"@id\":\"https:\/\/www.public.sn\/#\/schema\/person\/e3f4a11b037d4203902db148f9bc8d5a\"},\"headline\":\"Recours de l\u2019opposition parlementaire contre la loi d\u2019interpr\u00e9tation de l\u2019amnistie : Walu, Amadou Ba, Anta Babacar Ngom et TAS dans le m\u00eame camp\",\"datePublished\":\"2025-04-09T13:11:54+00:00\",\"dateModified\":\"2025-04-09T13:12:12+00:00\",\"mainEntityOfPage\":{\"@id\":\"https:\/\/www.public.sn\/index.php\/2025\/04\/09\/recours-de-lopposition-parlementaire-contre-la-loi-dinterpretation-de-lamnistie-walu-amadou-ba-anta-babacar-ngom-et-tas-dans-le-meme-camp\/\"},\"wordCount\":371,\"commentCount\":0,\"publisher\":{\"@id\":\"https:\/\/www.public.sn\/#organization\"},\"image\":{\"@id\":\"https:\/\/www.public.sn\/index.php\/2025\/04\/09\/recours-de-lopposition-parlementaire-contre-la-loi-dinterpretation-de-lamnistie-walu-amadou-ba-anta-babacar-ngom-et-tas-dans-le-meme-camp\/#primaryimage\"},\"thumbnailUrl\":\"https:\/\/www.public.sn\/wp-content\/uploads\/2023\/07\/LAssemblee-nationale-senegalaise.webp\",\"keywords\":[\"Amnistie\"],\"articleSection\":[\"ACTUALIT\u00c9S\",\"POLITIQUE\",\"S\u00c9N\u00c9GAL\",\"VEDETTE\"],\"inLanguage\":\"fr-FR\",\"potentialAction\":[{\"@type\":\"CommentAction\",\"name\":\"Comment\",\"target\":[\"https:\/\/www.public.sn\/index.php\/2025\/04\/09\/recours-de-lopposition-parlementaire-contre-la-loi-dinterpretation-de-lamnistie-walu-amadou-ba-anta-babacar-ngom-et-tas-dans-le-meme-camp\/#respond\"]}]},{\"@type\":\"WebPage\",\"@id\":\"https:\/\/www.public.sn\/index.php\/2025\/04\/09\/recours-de-lopposition-parlementaire-contre-la-loi-dinterpretation-de-lamnistie-walu-amadou-ba-anta-babacar-ngom-et-tas-dans-le-meme-camp\/\",\"url\":\"https:\/\/www.public.sn\/index.php\/2025\/04\/09\/recours-de-lopposition-parlementaire-contre-la-loi-dinterpretation-de-lamnistie-walu-amadou-ba-anta-babacar-ngom-et-tas-dans-le-meme-camp\/\",\"name\":\"Recours de l\u2019opposition parlementaire contre la loi d\u2019interpr\u00e9tation de l\u2019amnistie : Walu, Amadou Ba, Anta Babacar Ngom et TAS dans le m\u00eame camp - LE PUBLIC\",\"isPartOf\":{\"@id\":\"https:\/\/www.public.sn\/#website\"},\"primaryImageOfPage\":{\"@id\":\"https:\/\/www.public.sn\/index.php\/2025\/04\/09\/recours-de-lopposition-parlementaire-contre-la-loi-dinterpretation-de-lamnistie-walu-amadou-ba-anta-babacar-ngom-et-tas-dans-le-meme-camp\/#primaryimage\"},\"image\":{\"@id\":\"https:\/\/www.public.sn\/index.php\/2025\/04\/09\/recours-de-lopposition-parlementaire-contre-la-loi-dinterpretation-de-lamnistie-walu-amadou-ba-anta-babacar-ngom-et-tas-dans-le-meme-camp\/#primaryimage\"},\"thumbnailUrl\":\"https:\/\/www.public.sn\/wp-content\/uploads\/2023\/07\/LAssemblee-nationale-senegalaise.webp\",\"datePublished\":\"2025-04-09T13:11:54+00:00\",\"dateModified\":\"2025-04-09T13:12:12+00:00\",\"breadcrumb\":{\"@id\":\"https:\/\/www.public.sn\/index.php\/2025\/04\/09\/recours-de-lopposition-parlementaire-contre-la-loi-dinterpretation-de-lamnistie-walu-amadou-ba-anta-babacar-ngom-et-tas-dans-le-meme-camp\/#breadcrumb\"},\"inLanguage\":\"fr-FR\",\"potentialAction\":[{\"@type\":\"ReadAction\",\"target\":[\"https:\/\/www.public.sn\/index.php\/2025\/04\/09\/recours-de-lopposition-parlementaire-contre-la-loi-dinterpretation-de-lamnistie-walu-amadou-ba-anta-babacar-ngom-et-tas-dans-le-meme-camp\/\"]}]},{\"@type\":\"ImageObject\",\"inLanguage\":\"fr-FR\",\"@id\":\"https:\/\/www.public.sn\/index.php\/2025\/04\/09\/recours-de-lopposition-parlementaire-contre-la-loi-dinterpretation-de-lamnistie-walu-amadou-ba-anta-babacar-ngom-et-tas-dans-le-meme-camp\/#primaryimage\",\"url\":\"https:\/\/www.public.sn\/wp-content\/uploads\/2023\/07\/LAssemblee-nationale-senegalaise.webp\",\"contentUrl\":\"https:\/\/www.public.sn\/wp-content\/uploads\/2023\/07\/LAssemblee-nationale-senegalaise.webp\",\"width\":750,\"height\":430},{\"@type\":\"BreadcrumbList\",\"@id\":\"https:\/\/www.public.sn\/index.php\/2025\/04\/09\/recours-de-lopposition-parlementaire-contre-la-loi-dinterpretation-de-lamnistie-walu-amadou-ba-anta-babacar-ngom-et-tas-dans-le-meme-camp\/#breadcrumb\",\"itemListElement\":[{\"@type\":\"ListItem\",\"position\":1,\"name\":\"Accueil\",\"item\":\"https:\/\/www.public.sn\/\"},{\"@type\":\"ListItem\",\"position\":2,\"name\":\"Recours de l\u2019opposition parlementaire contre la loi d\u2019interpr\u00e9tation de l\u2019amnistie : Walu, Amadou Ba, Anta Babacar Ngom et TAS dans le m\u00eame camp\"}]},{\"@type\":\"WebSite\",\"@id\":\"https:\/\/www.public.sn\/#website\",\"url\":\"https:\/\/www.public.sn\/\",\"name\":\"LE PUBLIC\",\"description\":\"\",\"publisher\":{\"@id\":\"https:\/\/www.public.sn\/#organization\"},\"potentialAction\":[{\"@type\":\"SearchAction\",\"target\":{\"@type\":\"EntryPoint\",\"urlTemplate\":\"https:\/\/www.public.sn\/?s={search_term_string}\"},\"query-input\":{\"@type\":\"PropertyValueSpecification\",\"valueRequired\":true,\"valueName\":\"search_term_string\"}}],\"inLanguage\":\"fr-FR\"},{\"@type\":\"Organization\",\"@id\":\"https:\/\/www.public.sn\/#organization\",\"name\":\"LE PUBLIC\",\"url\":\"https:\/\/www.public.sn\/\",\"logo\":{\"@type\":\"ImageObject\",\"inLanguage\":\"fr-FR\",\"@id\":\"https:\/\/www.public.sn\/#\/schema\/logo\/image\/\",\"url\":\"https:\/\/www.public.sn\/wp-content\/uploads\/2024\/05\/cropped-LOGO-PUBLIC.SN_.png\",\"contentUrl\":\"https:\/\/www.public.sn\/wp-content\/uploads\/2024\/05\/cropped-LOGO-PUBLIC.SN_.png\",\"width\":682,\"height\":192,\"caption\":\"LE PUBLIC\"},\"image\":{\"@id\":\"https:\/\/www.public.sn\/#\/schema\/logo\/image\/\"}},{\"@type\":\"Person\",\"@id\":\"https:\/\/www.public.sn\/#\/schema\/person\/e3f4a11b037d4203902db148f9bc8d5a\",\"name\":\"LA REDACTION\",\"image\":{\"@type\":\"ImageObject\",\"inLanguage\":\"fr-FR\",\"@id\":\"https:\/\/www.public.sn\/#\/schema\/person\/image\/\",\"url\":\"https:\/\/secure.gravatar.com\/avatar\/d6c030db45db2883c075085c5d6c6258654a801a93766b49af0b82d4f454e2a5?s=96&d=mm&r=g\",\"contentUrl\":\"https:\/\/secure.gravatar.com\/avatar\/d6c030db45db2883c075085c5d6c6258654a801a93766b49af0b82d4f454e2a5?s=96&d=mm&r=g\",\"caption\":\"LA REDACTION\"},\"sameAs\":[\"http:\/\/www.public.sn\"],\"url\":\"https:\/\/www.public.sn\/index.php\/author\/admin7324\/\"}]}<\/script>\n<!-- \/ Yoast SEO plugin. -->","yoast_head_json":{"title":"Recours de l\u2019opposition parlementaire contre la loi d\u2019interpr\u00e9tation de l\u2019amnistie : Walu, Amadou Ba, Anta Babacar Ngom et TAS dans le m\u00eame camp - LE PUBLIC","robots":{"index":"index","follow":"follow","max-snippet":"max-snippet:-1","max-image-preview":"max-image-preview:large","max-video-preview":"max-video-preview:-1"},"canonical":"https:\/\/www.public.sn\/index.php\/2025\/04\/09\/recours-de-lopposition-parlementaire-contre-la-loi-dinterpretation-de-lamnistie-walu-amadou-ba-anta-babacar-ngom-et-tas-dans-le-meme-camp\/","og_locale":"fr_FR","og_type":"article","og_title":"Recours de l\u2019opposition parlementaire contre la loi d\u2019interpr\u00e9tation de l\u2019amnistie : Walu, Amadou Ba, Anta Babacar Ngom et TAS dans le m\u00eame camp - LE PUBLIC","og_description":"Un front in\u00e9dit s\u2019est form\u00e9 \u00e0 l\u2019Assembl\u00e9e nationale autour de la loi controvers\u00e9e n\u00b008\/25 du 02 avril 2025, portant interpr\u00e9tation de la loi d\u2019amnistie vot\u00e9e le 13 mars dernier. Vingt-trois d\u00e9put\u00e9s issus de l\u2019opposition parlementaire ont officiellement introduit un recours en inconstitutionnalit\u00e9 aupr\u00e8s du Conseil constitutionnel, d\u00e9non\u00e7ant une tentative d\u2019extension abusive du champ de l\u2019amnistie. Le recours, enregistr\u00e9 sous le num\u00e9ro 01555\/GCC au greffe du Conseil constitutionnel, marque une alliance politique inattendue entre des figures de l\u2019opposition traditionnelle comme A\u00efssata Tall Sall, pr\u00e9sidente du groupe parlementaire Takku Walu S\u00e9n\u00e9gal, et de nouveaux opposants issus de l\u2019ancien pouvoir ou des rangs centristes : Amadou Ba (n\u00b01), Anta Babacar Ngom, et Thierno Alassane Sall. Des d\u00e9put\u00e9s d\u00e9termin\u00e9s face \u00e0 une loi jug\u00e9e floue et dangereuse La liste des signataires refl\u00e8te une large diversit\u00e9 politique, allant de Wallu \u00e0 des ind\u00e9pendants, en passant par d\u2019anciens responsables de l\u2019APR ou du gouvernement pr\u00e9c\u00e9dent. Tous d\u00e9noncent une interpr\u00e9tation r\u00e9troactive de la loi d\u2019amnistie qui, selon eux, \u00ab viole les principes fondamentaux de la Constitution s\u00e9n\u00e9galaise \u00bb et risque de cr\u00e9er un pr\u00e9c\u00e9dent juridique dangereux. Parmi les 23 d\u00e9put\u00e9s signataires figurent notamment Abdou Karim Sall, Raqui Diallo, Daouda Dia, Salimata Diop, ou encore Fabineta Ndiaye. Un coll\u00e8ge d\u2019avocats de renom pour porter la requ\u00eate Pour d\u00e9fendre leur cause, les d\u00e9put\u00e9s ont constitu\u00e9 un pool d\u2019avocats de renom, dont Me Amadou Sall, Me Moustapha Diouf, Me Oumar Youm, Me Antoine Mbengue, Me A. Deh, Me Adama Fall, et Me Ousmane Thiam. Tous sont inscrits au barreau et ont fait \u00e9lection de domicile \u00e0 l\u2019\u00e9tude de Me Sall \u00e0 Dakar. Ce recours illustre une volont\u00e9 claire de ne pas laisser passer en silence ce que plusieurs opposants qualifient de \u00ab manipulation l\u00e9gislative \u00bb, cens\u00e9e blanchir certains faits en dehors du cadre initialement pr\u00e9vu par la loi d\u2019amnistie de mars 2024.","og_url":"https:\/\/www.public.sn\/index.php\/2025\/04\/09\/recours-de-lopposition-parlementaire-contre-la-loi-dinterpretation-de-lamnistie-walu-amadou-ba-anta-babacar-ngom-et-tas-dans-le-meme-camp\/","og_site_name":"LE PUBLIC","article_published_time":"2025-04-09T13:11:54+00:00","article_modified_time":"2025-04-09T13:12:12+00:00","og_image":[{"width":750,"height":430,"url":"https:\/\/www.public.sn\/wp-content\/uploads\/2023\/07\/LAssemblee-nationale-senegalaise.webp","type":"image\/webp"}],"author":"LA REDACTION","twitter_card":"summary_large_image","twitter_misc":{"\u00c9crit par":"LA REDACTION","Dur\u00e9e de lecture estim\u00e9e":"2 minutes"},"schema":{"@context":"https:\/\/schema.org","@graph":[{"@type":"Article","@id":"https:\/\/www.public.sn\/index.php\/2025\/04\/09\/recours-de-lopposition-parlementaire-contre-la-loi-dinterpretation-de-lamnistie-walu-amadou-ba-anta-babacar-ngom-et-tas-dans-le-meme-camp\/#article","isPartOf":{"@id":"https:\/\/www.public.sn\/index.php\/2025\/04\/09\/recours-de-lopposition-parlementaire-contre-la-loi-dinterpretation-de-lamnistie-walu-amadou-ba-anta-babacar-ngom-et-tas-dans-le-meme-camp\/"},"author":{"name":"LA REDACTION","@id":"https:\/\/www.public.sn\/#\/schema\/person\/e3f4a11b037d4203902db148f9bc8d5a"},"headline":"Recours de l\u2019opposition parlementaire contre la loi d\u2019interpr\u00e9tation de l\u2019amnistie : Walu, Amadou Ba, Anta Babacar Ngom et TAS dans le m\u00eame camp","datePublished":"2025-04-09T13:11:54+00:00","dateModified":"2025-04-09T13:12:12+00:00","mainEntityOfPage":{"@id":"https:\/\/www.public.sn\/index.php\/2025\/04\/09\/recours-de-lopposition-parlementaire-contre-la-loi-dinterpretation-de-lamnistie-walu-amadou-ba-anta-babacar-ngom-et-tas-dans-le-meme-camp\/"},"wordCount":371,"commentCount":0,"publisher":{"@id":"https:\/\/www.public.sn\/#organization"},"image":{"@id":"https:\/\/www.public.sn\/index.php\/2025\/04\/09\/recours-de-lopposition-parlementaire-contre-la-loi-dinterpretation-de-lamnistie-walu-amadou-ba-anta-babacar-ngom-et-tas-dans-le-meme-camp\/#primaryimage"},"thumbnailUrl":"https:\/\/www.public.sn\/wp-content\/uploads\/2023\/07\/LAssemblee-nationale-senegalaise.webp","keywords":["Amnistie"],"articleSection":["ACTUALIT\u00c9S","POLITIQUE","S\u00c9N\u00c9GAL","VEDETTE"],"inLanguage":"fr-FR","potentialAction":[{"@type":"CommentAction","name":"Comment","target":["https:\/\/www.public.sn\/index.php\/2025\/04\/09\/recours-de-lopposition-parlementaire-contre-la-loi-dinterpretation-de-lamnistie-walu-amadou-ba-anta-babacar-ngom-et-tas-dans-le-meme-camp\/#respond"]}]},{"@type":"WebPage","@id":"https:\/\/www.public.sn\/index.php\/2025\/04\/09\/recours-de-lopposition-parlementaire-contre-la-loi-dinterpretation-de-lamnistie-walu-amadou-ba-anta-babacar-ngom-et-tas-dans-le-meme-camp\/","url":"https:\/\/www.public.sn\/index.php\/2025\/04\/09\/recours-de-lopposition-parlementaire-contre-la-loi-dinterpretation-de-lamnistie-walu-amadou-ba-anta-babacar-ngom-et-tas-dans-le-meme-camp\/","name":"Recours de l\u2019opposition parlementaire contre la loi d\u2019interpr\u00e9tation de l\u2019amnistie : Walu, Amadou Ba, Anta Babacar Ngom et TAS dans le m\u00eame camp - LE PUBLIC","isPartOf":{"@id":"https:\/\/www.public.sn\/#website"},"primaryImageOfPage":{"@id":"https:\/\/www.public.sn\/index.php\/2025\/04\/09\/recours-de-lopposition-parlementaire-contre-la-loi-dinterpretation-de-lamnistie-walu-amadou-ba-anta-babacar-ngom-et-tas-dans-le-meme-camp\/#primaryimage"},"image":{"@id":"https:\/\/www.public.sn\/index.php\/2025\/04\/09\/recours-de-lopposition-parlementaire-contre-la-loi-dinterpretation-de-lamnistie-walu-amadou-ba-anta-babacar-ngom-et-tas-dans-le-meme-camp\/#primaryimage"},"thumbnailUrl":"https:\/\/www.public.sn\/wp-content\/uploads\/2023\/07\/LAssemblee-nationale-senegalaise.webp","datePublished":"2025-04-09T13:11:54+00:00","dateModified":"2025-04-09T13:12:12+00:00","breadcrumb":{"@id":"https:\/\/www.public.sn\/index.php\/2025\/04\/09\/recours-de-lopposition-parlementaire-contre-la-loi-dinterpretation-de-lamnistie-walu-amadou-ba-anta-babacar-ngom-et-tas-dans-le-meme-camp\/#breadcrumb"},"inLanguage":"fr-FR","potentialAction":[{"@type":"ReadAction","target":["https:\/\/www.public.sn\/index.php\/2025\/04\/09\/recours-de-lopposition-parlementaire-contre-la-loi-dinterpretation-de-lamnistie-walu-amadou-ba-anta-babacar-ngom-et-tas-dans-le-meme-camp\/"]}]},{"@type":"ImageObject","inLanguage":"fr-FR","@id":"https:\/\/www.public.sn\/index.php\/2025\/04\/09\/recours-de-lopposition-parlementaire-contre-la-loi-dinterpretation-de-lamnistie-walu-amadou-ba-anta-babacar-ngom-et-tas-dans-le-meme-camp\/#primaryimage","url":"https:\/\/www.public.sn\/wp-content\/uploads\/2023\/07\/LAssemblee-nationale-senegalaise.webp","contentUrl":"https:\/\/www.public.sn\/wp-content\/uploads\/2023\/07\/LAssemblee-nationale-senegalaise.webp","width":750,"height":430},{"@type":"BreadcrumbList","@id":"https:\/\/www.public.sn\/index.php\/2025\/04\/09\/recours-de-lopposition-parlementaire-contre-la-loi-dinterpretation-de-lamnistie-walu-amadou-ba-anta-babacar-ngom-et-tas-dans-le-meme-camp\/#breadcrumb","itemListElement":[{"@type":"ListItem","position":1,"name":"Accueil","item":"https:\/\/www.public.sn\/"},{"@type":"ListItem","position":2,"name":"Recours de l\u2019opposition parlementaire contre la loi d\u2019interpr\u00e9tation de l\u2019amnistie : Walu, Amadou Ba, Anta Babacar Ngom et TAS dans le m\u00eame camp"}]},{"@type":"WebSite","@id":"https:\/\/www.public.sn\/#website","url":"https:\/\/www.public.sn\/","name":"LE PUBLIC","description":"","publisher":{"@id":"https:\/\/www.public.sn\/#organization"},"potentialAction":[{"@type":"SearchAction","target":{"@type":"EntryPoint","urlTemplate":"https:\/\/www.public.sn\/?s={search_term_string}"},"query-input":{"@type":"PropertyValueSpecification","valueRequired":true,"valueName":"search_term_string"}}],"inLanguage":"fr-FR"},{"@type":"Organization","@id":"https:\/\/www.public.sn\/#organization","name":"LE PUBLIC","url":"https:\/\/www.public.sn\/","logo":{"@type":"ImageObject","inLanguage":"fr-FR","@id":"https:\/\/www.public.sn\/#\/schema\/logo\/image\/","url":"https:\/\/www.public.sn\/wp-content\/uploads\/2024\/05\/cropped-LOGO-PUBLIC.SN_.png","contentUrl":"https:\/\/www.public.sn\/wp-content\/uploads\/2024\/05\/cropped-LOGO-PUBLIC.SN_.png","width":682,"height":192,"caption":"LE PUBLIC"},"image":{"@id":"https:\/\/www.public.sn\/#\/schema\/logo\/image\/"}},{"@type":"Person","@id":"https:\/\/www.public.sn\/#\/schema\/person\/e3f4a11b037d4203902db148f9bc8d5a","name":"LA REDACTION","image":{"@type":"ImageObject","inLanguage":"fr-FR","@id":"https:\/\/www.public.sn\/#\/schema\/person\/image\/","url":"https:\/\/secure.gravatar.com\/avatar\/d6c030db45db2883c075085c5d6c6258654a801a93766b49af0b82d4f454e2a5?s=96&d=mm&r=g","contentUrl":"https:\/\/secure.gravatar.com\/avatar\/d6c030db45db2883c075085c5d6c6258654a801a93766b49af0b82d4f454e2a5?s=96&d=mm&r=g","caption":"LA REDACTION"},"sameAs":["http:\/\/www.public.sn"],"url":"https:\/\/www.public.sn\/index.php\/author\/admin7324\/"}]}},"jetpack_featured_media_url":"https:\/\/www.public.sn\/wp-content\/uploads\/2023\/07\/LAssemblee-nationale-senegalaise.webp","jetpack_sharing_enabled":true,"_links":{"self":[{"href":"https:\/\/www.public.sn\/index.php\/wp-json\/wp\/v2\/posts\/37338","targetHints":{"allow":["GET"]}}],"collection":[{"href":"https:\/\/www.public.sn\/index.php\/wp-json\/wp\/v2\/posts"}],"about":[{"href":"https:\/\/www.public.sn\/index.php\/wp-json\/wp\/v2\/types\/post"}],"author":[{"embeddable":true,"href":"https:\/\/www.public.sn\/index.php\/wp-json\/wp\/v2\/users\/1"}],"replies":[{"embeddable":true,"href":"https:\/\/www.public.sn\/index.php\/wp-json\/wp\/v2\/comments?post=37338"}],"version-history":[{"count":1,"href":"https:\/\/www.public.sn\/index.php\/wp-json\/wp\/v2\/posts\/37338\/revisions"}],"predecessor-version":[{"id":37339,"href":"https:\/\/www.public.sn\/index.php\/wp-json\/wp\/v2\/posts\/37338\/revisions\/37339"}],"wp:featuredmedia":[{"embeddable":true,"href":"https:\/\/www.public.sn\/index.php\/wp-json\/wp\/v2\/media\/25397"}],"wp:attachment":[{"href":"https:\/\/www.public.sn\/index.php\/wp-json\/wp\/v2\/media?parent=37338"}],"wp:term":[{"taxonomy":"category","embeddable":true,"href":"https:\/\/www.public.sn\/index.php\/wp-json\/wp\/v2\/categories?post=37338"},{"taxonomy":"post_tag","embeddable":true,"href":"https:\/\/www.public.sn\/index.php\/wp-json\/wp\/v2\/tags?post=37338"}],"curies":[{"name":"wp","href":"https:\/\/api.w.org\/{rel}","templated":true}]}}