{"id":37343,"date":"2025-04-09T15:52:32","date_gmt":"2025-04-09T15:52:32","guid":{"rendered":"https:\/\/www.public.sn\/?p=37343"},"modified":"2025-04-09T15:52:38","modified_gmt":"2025-04-09T15:52:38","slug":"mobilisation-sociale-a-dakar-le-rts-annonce-une-manifestation-le-11-avril","status":"publish","type":"post","link":"https:\/\/www.public.sn\/index.php\/2025\/04\/09\/mobilisation-sociale-a-dakar-le-rts-annonce-une-manifestation-le-11-avril\/","title":{"rendered":"Mobilisation sociale \u00e0 Dakar : le RTS annonce une manifestation le 11 avril"},"content":{"rendered":"\n<p>Le climat social s\u2019\u00e9chauffe \u00e0 Dakar. Le <strong>Rassemblement des travailleurs du S\u00e9n\u00e9gal (RTS)<\/strong> appelle \u00e0 une <strong>mobilisation citoyenne ce vendredi 11 avril 2025<\/strong>, \u00e0 partir de 15h, dans la capitale s\u00e9n\u00e9galaise. Objectif : protester contre les <strong>licenciements abusifs<\/strong> et les <strong>recrutements jug\u00e9s s\u00e9lectifs<\/strong> dans plusieurs structures publiques.<\/p><div class=\"publi-paragraphe1\" style=\"margin-top: 10px;margin-bottom: 10px;margin-left: auto;margin-right: auto;text-align: center;\" id=\"publi-2578712825\"><div class=\"publi-adlabel\">Publicit\u00e9<\/div><script async src=\"\/\/pagead2.googlesyndication.com\/pagead\/js\/adsbygoogle.js?client=ca-pub-4089586018074219\" crossorigin=\"anonymous\"><\/script><ins class=\"adsbygoogle\" style=\"display:block;\" data-ad-client=\"ca-pub-4089586018074219\" \ndata-ad-slot=\"2087940154\" \ndata-ad-format=\"auto\"><\/ins>\n<script> \n(adsbygoogle = window.adsbygoogle || []).push({}); \n<\/script>\n<\/div>\n\n\n\n<p>Cette mobilisation est port\u00e9e par un collectif regroupant des employ\u00e9s issus de diff\u00e9rentes entit\u00e9s strat\u00e9giques, dont le <strong>Port autonome de Dakar<\/strong>, le <strong>FONGIP<\/strong>, <strong>Dakar Dem Dikk<\/strong>, ou encore la <strong>Caisse de d\u00e9p\u00f4t et consignation<\/strong>. Des secteurs n\u00e9vralgiques du service public et de l\u2019\u00e9conomie nationale.<\/p>\n\n\n\n<h3 class=\"wp-block-heading\"><strong>Une contestation contre les pratiques de gestion des ressources humaines de l\u2019\u00c9tat<\/strong><\/h3>\n\n\n\n<p>Selon le collectif, de nombreux agents ont \u00e9t\u00e9 victimes de <strong>licenciements sans fondement<\/strong>, pendant que des <strong>recrutements politis\u00e9s<\/strong> se multiplieraient dans les m\u00eames structures. Une situation jug\u00e9e inacceptable par les travailleurs, qui exigent <strong>plus de transparence, de justice sociale et le respect du droit du travail<\/strong>.<\/p>\n\n\n\n<p>Une <strong>demande d\u2019autorisation de manifestation<\/strong> a \u00e9t\u00e9 introduite aupr\u00e8s des autorit\u00e9s administratives. Mais quelle que soit la r\u00e9ponse attendue pour ce jeudi, les organisateurs maintiennent leur mot d\u2019ordre.<\/p>\n\n\n\n<blockquote class=\"wp-block-quote is-layout-flow wp-block-quote-is-layout-flow\">\n<p>\u00ab Nous manifesterons en rouge, symbole de notre col\u00e8re et de notre d\u00e9termination, peu importe la d\u00e9cision \u00bb, assure le <strong>coordonnateur du collectif<\/strong>.<\/p>\n<\/blockquote>\n<div class=\"publi-apres-le-contenu\" style=\"margin-top: 10px;margin-bottom: 10px;margin-left: auto;margin-right: auto;text-align: center;\" id=\"publi-4037819649\"><div class=\"publi-adlabel\">Publicit\u00e9<\/div><script async src=\"\/\/pagead2.googlesyndication.com\/pagead\/js\/adsbygoogle.js?client=ca-pub-4089586018074219\" crossorigin=\"anonymous\"><\/script><ins class=\"adsbygoogle\" style=\"display:block;\" data-ad-client=\"ca-pub-4089586018074219\" \ndata-ad-slot=\"2087940154\" \ndata-ad-format=\"auto\"><\/ins>\n<script> \n(adsbygoogle = window.adsbygoogle || []).push({}); \n<\/script>\n<\/div>","protected":false},"excerpt":{"rendered":"<p>Le climat social s\u2019\u00e9chauffe \u00e0 Dakar. Le Rassemblement des travailleurs du S\u00e9n\u00e9gal (RTS) appelle \u00e0 une mobilisation citoyenne ce vendredi 11 avril 2025, \u00e0 partir de 15h, dans la capitale s\u00e9n\u00e9galaise. Objectif : protester contre les licenciements abusifs et les recrutements jug\u00e9s s\u00e9lectifs dans plusieurs structures publiques. Cette mobilisation est port\u00e9e par un collectif regroupant des employ\u00e9s issus de diff\u00e9rentes entit\u00e9s strat\u00e9giques, dont le Port autonome de Dakar, le FONGIP, Dakar Dem Dikk, ou encore la Caisse de d\u00e9p\u00f4t et consignation. Des secteurs n\u00e9vralgiques du service public et de l\u2019\u00e9conomie nationale. Une contestation contre les pratiques de gestion des ressources humaines de l\u2019\u00c9tat Selon le collectif, de nombreux agents ont \u00e9t\u00e9 victimes de licenciements sans fondement, pendant que des recrutements politis\u00e9s se multiplieraient dans les m\u00eames structures. Une situation jug\u00e9e inacceptable par les travailleurs, qui exigent plus de transparence, de justice sociale et le respect du droit du travail. Une demande d\u2019autorisation de manifestation a \u00e9t\u00e9 introduite aupr\u00e8s des autorit\u00e9s administratives. Mais quelle que soit la r\u00e9ponse attendue pour ce jeudi, les organisateurs maintiennent leur mot d\u2019ordre. \u00ab Nous manifesterons en rouge, symbole de notre col\u00e8re et de notre d\u00e9termination, peu importe la d\u00e9cision \u00bb, assure le coordonnateur du collectif.<\/p>\n","protected":false},"author":1,"featured_media":37344,"comment_status":"open","ping_status":"open","sticky":false,"template":"","format":"standard","meta":{"_jetpack_memberships_contains_paid_content":false,"footnotes":""},"categories":[375,3,4],"tags":[7492,7493],"class_list":["post-37343","post","type-post","status-publish","format-standard","has-post-thumbnail","hentry","category-actualites","category-politique","category-societe","tag-le-rassemblement-des-travailleurs-du-senegal-rts","tag-mobilisation-citoyenne","entry","has-media","owp-thumbs-layout-horizontal","owp-btn-normal","owp-tabs-layout-horizontal","has-no-thumbnails","has-product-nav"],"yoast_head":"<!-- This site is optimized with the Yoast SEO plugin v25.5 - https:\/\/yoast.com\/wordpress\/plugins\/seo\/ -->\n<title>Mobilisation sociale \u00e0 Dakar : le RTS annonce une manifestation le 11 avril - LE PUBLIC<\/title>\n<meta name=\"description\" content=\"Le climat social s\u2019\u00e9chauffe \u00e0 Dakar. Le Rassemblement des travailleurs du S\u00e9n\u00e9gal (RTS) appelle \u00e0 une mobilisation citoyenne ce vendredi 11 avril 2025, \u00e0 partir de 15h, dans la capitale s\u00e9n\u00e9galaise. Objectif : protester contre les licenciements abusifs et les recrutements jug\u00e9s s\u00e9lectifs dans plusieurs structures publiques.\" \/>\n<meta name=\"robots\" content=\"index, follow, max-snippet:-1, max-image-preview:large, max-video-preview:-1\" \/>\n<link rel=\"canonical\" href=\"https:\/\/www.public.sn\/index.php\/2025\/04\/09\/mobilisation-sociale-a-dakar-le-rts-annonce-une-manifestation-le-11-avril\/\" \/>\n<meta property=\"og:locale\" content=\"fr_FR\" \/>\n<meta property=\"og:type\" content=\"article\" \/>\n<meta property=\"og:title\" content=\"Mobilisation sociale \u00e0 Dakar : le RTS annonce une manifestation le 11 avril - LE PUBLIC\" \/>\n<meta property=\"og:description\" content=\"Le climat social s\u2019\u00e9chauffe \u00e0 Dakar. Le Rassemblement des travailleurs du S\u00e9n\u00e9gal (RTS) appelle \u00e0 une mobilisation citoyenne ce vendredi 11 avril 2025, \u00e0 partir de 15h, dans la capitale s\u00e9n\u00e9galaise. Objectif : protester contre les licenciements abusifs et les recrutements jug\u00e9s s\u00e9lectifs dans plusieurs structures publiques.\" \/>\n<meta property=\"og:url\" content=\"https:\/\/www.public.sn\/index.php\/2025\/04\/09\/mobilisation-sociale-a-dakar-le-rts-annonce-une-manifestation-le-11-avril\/\" \/>\n<meta property=\"og:site_name\" content=\"LE PUBLIC\" \/>\n<meta property=\"article:published_time\" content=\"2025-04-09T15:52:32+00:00\" \/>\n<meta property=\"article:modified_time\" content=\"2025-04-09T15:52:38+00:00\" \/>\n<meta property=\"og:image\" content=\"https:\/\/www.public.sn\/wp-content\/uploads\/2025\/04\/Le-Rassemblement-des-travailleurs-du-Senegal-RTS.png\" \/>\n\t<meta property=\"og:image:width\" content=\"837\" \/>\n\t<meta property=\"og:image:height\" content=\"396\" \/>\n\t<meta property=\"og:image:type\" content=\"image\/png\" \/>\n<meta name=\"author\" content=\"LA REDACTION\" \/>\n<meta name=\"twitter:card\" content=\"summary_large_image\" \/>\n<meta name=\"twitter:label1\" content=\"\u00c9crit par\" \/>\n\t<meta name=\"twitter:data1\" content=\"LA REDACTION\" \/>\n\t<meta name=\"twitter:label2\" content=\"Dur\u00e9e de lecture estim\u00e9e\" \/>\n\t<meta name=\"twitter:data2\" content=\"2 minutes\" \/>\n<script type=\"application\/ld+json\" class=\"yoast-schema-graph\">{\"@context\":\"https:\/\/schema.org\",\"@graph\":[{\"@type\":\"Article\",\"@id\":\"https:\/\/www.public.sn\/index.php\/2025\/04\/09\/mobilisation-sociale-a-dakar-le-rts-annonce-une-manifestation-le-11-avril\/#article\",\"isPartOf\":{\"@id\":\"https:\/\/www.public.sn\/index.php\/2025\/04\/09\/mobilisation-sociale-a-dakar-le-rts-annonce-une-manifestation-le-11-avril\/\"},\"author\":{\"name\":\"LA REDACTION\",\"@id\":\"https:\/\/www.public.sn\/#\/schema\/person\/e3f4a11b037d4203902db148f9bc8d5a\"},\"headline\":\"Mobilisation sociale \u00e0 Dakar : le RTS annonce une manifestation le 11 avril\",\"datePublished\":\"2025-04-09T15:52:32+00:00\",\"dateModified\":\"2025-04-09T15:52:38+00:00\",\"mainEntityOfPage\":{\"@id\":\"https:\/\/www.public.sn\/index.php\/2025\/04\/09\/mobilisation-sociale-a-dakar-le-rts-annonce-une-manifestation-le-11-avril\/\"},\"wordCount\":230,\"commentCount\":0,\"publisher\":{\"@id\":\"https:\/\/www.public.sn\/#organization\"},\"image\":{\"@id\":\"https:\/\/www.public.sn\/index.php\/2025\/04\/09\/mobilisation-sociale-a-dakar-le-rts-annonce-une-manifestation-le-11-avril\/#primaryimage\"},\"thumbnailUrl\":\"https:\/\/www.public.sn\/wp-content\/uploads\/2025\/04\/Le-Rassemblement-des-travailleurs-du-Senegal-RTS.png\",\"keywords\":[\"Le Rassemblement des travailleurs du S\u00e9n\u00e9gal (RTS)\",\"mobilisation citoyenne\"],\"articleSection\":[\"ACTUALIT\u00c9S\",\"POLITIQUE\",\"SOCIETE\"],\"inLanguage\":\"fr-FR\",\"potentialAction\":[{\"@type\":\"CommentAction\",\"name\":\"Comment\",\"target\":[\"https:\/\/www.public.sn\/index.php\/2025\/04\/09\/mobilisation-sociale-a-dakar-le-rts-annonce-une-manifestation-le-11-avril\/#respond\"]}]},{\"@type\":\"WebPage\",\"@id\":\"https:\/\/www.public.sn\/index.php\/2025\/04\/09\/mobilisation-sociale-a-dakar-le-rts-annonce-une-manifestation-le-11-avril\/\",\"url\":\"https:\/\/www.public.sn\/index.php\/2025\/04\/09\/mobilisation-sociale-a-dakar-le-rts-annonce-une-manifestation-le-11-avril\/\",\"name\":\"Mobilisation sociale \u00e0 Dakar : le RTS annonce une manifestation le 11 avril - LE PUBLIC\",\"isPartOf\":{\"@id\":\"https:\/\/www.public.sn\/#website\"},\"primaryImageOfPage\":{\"@id\":\"https:\/\/www.public.sn\/index.php\/2025\/04\/09\/mobilisation-sociale-a-dakar-le-rts-annonce-une-manifestation-le-11-avril\/#primaryimage\"},\"image\":{\"@id\":\"https:\/\/www.public.sn\/index.php\/2025\/04\/09\/mobilisation-sociale-a-dakar-le-rts-annonce-une-manifestation-le-11-avril\/#primaryimage\"},\"thumbnailUrl\":\"https:\/\/www.public.sn\/wp-content\/uploads\/2025\/04\/Le-Rassemblement-des-travailleurs-du-Senegal-RTS.png\",\"datePublished\":\"2025-04-09T15:52:32+00:00\",\"dateModified\":\"2025-04-09T15:52:38+00:00\",\"description\":\"Le climat social s\u2019\u00e9chauffe \u00e0 Dakar. Le Rassemblement des travailleurs du S\u00e9n\u00e9gal (RTS) appelle \u00e0 une mobilisation citoyenne ce vendredi 11 avril 2025, \u00e0 partir de 15h, dans la capitale s\u00e9n\u00e9galaise. Objectif : protester contre les licenciements abusifs et les recrutements jug\u00e9s s\u00e9lectifs dans plusieurs structures publiques.\",\"breadcrumb\":{\"@id\":\"https:\/\/www.public.sn\/index.php\/2025\/04\/09\/mobilisation-sociale-a-dakar-le-rts-annonce-une-manifestation-le-11-avril\/#breadcrumb\"},\"inLanguage\":\"fr-FR\",\"potentialAction\":[{\"@type\":\"ReadAction\",\"target\":[\"https:\/\/www.public.sn\/index.php\/2025\/04\/09\/mobilisation-sociale-a-dakar-le-rts-annonce-une-manifestation-le-11-avril\/\"]}]},{\"@type\":\"ImageObject\",\"inLanguage\":\"fr-FR\",\"@id\":\"https:\/\/www.public.sn\/index.php\/2025\/04\/09\/mobilisation-sociale-a-dakar-le-rts-annonce-une-manifestation-le-11-avril\/#primaryimage\",\"url\":\"https:\/\/www.public.sn\/wp-content\/uploads\/2025\/04\/Le-Rassemblement-des-travailleurs-du-Senegal-RTS.png\",\"contentUrl\":\"https:\/\/www.public.sn\/wp-content\/uploads\/2025\/04\/Le-Rassemblement-des-travailleurs-du-Senegal-RTS.png\",\"width\":837,\"height\":396},{\"@type\":\"BreadcrumbList\",\"@id\":\"https:\/\/www.public.sn\/index.php\/2025\/04\/09\/mobilisation-sociale-a-dakar-le-rts-annonce-une-manifestation-le-11-avril\/#breadcrumb\",\"itemListElement\":[{\"@type\":\"ListItem\",\"position\":1,\"name\":\"Accueil\",\"item\":\"https:\/\/www.public.sn\/\"},{\"@type\":\"ListItem\",\"position\":2,\"name\":\"Mobilisation sociale \u00e0 Dakar : le RTS annonce une manifestation le 11 avril\"}]},{\"@type\":\"WebSite\",\"@id\":\"https:\/\/www.public.sn\/#website\",\"url\":\"https:\/\/www.public.sn\/\",\"name\":\"LE PUBLIC\",\"description\":\"\",\"publisher\":{\"@id\":\"https:\/\/www.public.sn\/#organization\"},\"potentialAction\":[{\"@type\":\"SearchAction\",\"target\":{\"@type\":\"EntryPoint\",\"urlTemplate\":\"https:\/\/www.public.sn\/?s={search_term_string}\"},\"query-input\":{\"@type\":\"PropertyValueSpecification\",\"valueRequired\":true,\"valueName\":\"search_term_string\"}}],\"inLanguage\":\"fr-FR\"},{\"@type\":\"Organization\",\"@id\":\"https:\/\/www.public.sn\/#organization\",\"name\":\"LE PUBLIC\",\"url\":\"https:\/\/www.public.sn\/\",\"logo\":{\"@type\":\"ImageObject\",\"inLanguage\":\"fr-FR\",\"@id\":\"https:\/\/www.public.sn\/#\/schema\/logo\/image\/\",\"url\":\"https:\/\/www.public.sn\/wp-content\/uploads\/2024\/05\/cropped-LOGO-PUBLIC.SN_.png\",\"contentUrl\":\"https:\/\/www.public.sn\/wp-content\/uploads\/2024\/05\/cropped-LOGO-PUBLIC.SN_.png\",\"width\":682,\"height\":192,\"caption\":\"LE PUBLIC\"},\"image\":{\"@id\":\"https:\/\/www.public.sn\/#\/schema\/logo\/image\/\"}},{\"@type\":\"Person\",\"@id\":\"https:\/\/www.public.sn\/#\/schema\/person\/e3f4a11b037d4203902db148f9bc8d5a\",\"name\":\"LA REDACTION\",\"image\":{\"@type\":\"ImageObject\",\"inLanguage\":\"fr-FR\",\"@id\":\"https:\/\/www.public.sn\/#\/schema\/person\/image\/\",\"url\":\"https:\/\/secure.gravatar.com\/avatar\/d6c030db45db2883c075085c5d6c6258654a801a93766b49af0b82d4f454e2a5?s=96&d=mm&r=g\",\"contentUrl\":\"https:\/\/secure.gravatar.com\/avatar\/d6c030db45db2883c075085c5d6c6258654a801a93766b49af0b82d4f454e2a5?s=96&d=mm&r=g\",\"caption\":\"LA REDACTION\"},\"sameAs\":[\"http:\/\/www.public.sn\"],\"url\":\"https:\/\/www.public.sn\/index.php\/author\/admin7324\/\"}]}<\/script>\n<!-- \/ Yoast SEO plugin. -->","yoast_head_json":{"title":"Mobilisation sociale \u00e0 Dakar : le RTS annonce une manifestation le 11 avril - LE PUBLIC","description":"Le climat social s\u2019\u00e9chauffe \u00e0 Dakar. Le Rassemblement des travailleurs du S\u00e9n\u00e9gal (RTS) appelle \u00e0 une mobilisation citoyenne ce vendredi 11 avril 2025, \u00e0 partir de 15h, dans la capitale s\u00e9n\u00e9galaise. Objectif : protester contre les licenciements abusifs et les recrutements jug\u00e9s s\u00e9lectifs dans plusieurs structures publiques.","robots":{"index":"index","follow":"follow","max-snippet":"max-snippet:-1","max-image-preview":"max-image-preview:large","max-video-preview":"max-video-preview:-1"},"canonical":"https:\/\/www.public.sn\/index.php\/2025\/04\/09\/mobilisation-sociale-a-dakar-le-rts-annonce-une-manifestation-le-11-avril\/","og_locale":"fr_FR","og_type":"article","og_title":"Mobilisation sociale \u00e0 Dakar : le RTS annonce une manifestation le 11 avril - LE PUBLIC","og_description":"Le climat social s\u2019\u00e9chauffe \u00e0 Dakar. Le Rassemblement des travailleurs du S\u00e9n\u00e9gal (RTS) appelle \u00e0 une mobilisation citoyenne ce vendredi 11 avril 2025, \u00e0 partir de 15h, dans la capitale s\u00e9n\u00e9galaise. Objectif : protester contre les licenciements abusifs et les recrutements jug\u00e9s s\u00e9lectifs dans plusieurs structures publiques.","og_url":"https:\/\/www.public.sn\/index.php\/2025\/04\/09\/mobilisation-sociale-a-dakar-le-rts-annonce-une-manifestation-le-11-avril\/","og_site_name":"LE PUBLIC","article_published_time":"2025-04-09T15:52:32+00:00","article_modified_time":"2025-04-09T15:52:38+00:00","og_image":[{"width":837,"height":396,"url":"https:\/\/www.public.sn\/wp-content\/uploads\/2025\/04\/Le-Rassemblement-des-travailleurs-du-Senegal-RTS.png","type":"image\/png"}],"author":"LA REDACTION","twitter_card":"summary_large_image","twitter_misc":{"\u00c9crit par":"LA REDACTION","Dur\u00e9e de lecture estim\u00e9e":"2 minutes"},"schema":{"@context":"https:\/\/schema.org","@graph":[{"@type":"Article","@id":"https:\/\/www.public.sn\/index.php\/2025\/04\/09\/mobilisation-sociale-a-dakar-le-rts-annonce-une-manifestation-le-11-avril\/#article","isPartOf":{"@id":"https:\/\/www.public.sn\/index.php\/2025\/04\/09\/mobilisation-sociale-a-dakar-le-rts-annonce-une-manifestation-le-11-avril\/"},"author":{"name":"LA REDACTION","@id":"https:\/\/www.public.sn\/#\/schema\/person\/e3f4a11b037d4203902db148f9bc8d5a"},"headline":"Mobilisation sociale \u00e0 Dakar : le RTS annonce une manifestation le 11 avril","datePublished":"2025-04-09T15:52:32+00:00","dateModified":"2025-04-09T15:52:38+00:00","mainEntityOfPage":{"@id":"https:\/\/www.public.sn\/index.php\/2025\/04\/09\/mobilisation-sociale-a-dakar-le-rts-annonce-une-manifestation-le-11-avril\/"},"wordCount":230,"commentCount":0,"publisher":{"@id":"https:\/\/www.public.sn\/#organization"},"image":{"@id":"https:\/\/www.public.sn\/index.php\/2025\/04\/09\/mobilisation-sociale-a-dakar-le-rts-annonce-une-manifestation-le-11-avril\/#primaryimage"},"thumbnailUrl":"https:\/\/www.public.sn\/wp-content\/uploads\/2025\/04\/Le-Rassemblement-des-travailleurs-du-Senegal-RTS.png","keywords":["Le Rassemblement des travailleurs du S\u00e9n\u00e9gal (RTS)","mobilisation citoyenne"],"articleSection":["ACTUALIT\u00c9S","POLITIQUE","SOCIETE"],"inLanguage":"fr-FR","potentialAction":[{"@type":"CommentAction","name":"Comment","target":["https:\/\/www.public.sn\/index.php\/2025\/04\/09\/mobilisation-sociale-a-dakar-le-rts-annonce-une-manifestation-le-11-avril\/#respond"]}]},{"@type":"WebPage","@id":"https:\/\/www.public.sn\/index.php\/2025\/04\/09\/mobilisation-sociale-a-dakar-le-rts-annonce-une-manifestation-le-11-avril\/","url":"https:\/\/www.public.sn\/index.php\/2025\/04\/09\/mobilisation-sociale-a-dakar-le-rts-annonce-une-manifestation-le-11-avril\/","name":"Mobilisation sociale \u00e0 Dakar : le RTS annonce une manifestation le 11 avril - LE PUBLIC","isPartOf":{"@id":"https:\/\/www.public.sn\/#website"},"primaryImageOfPage":{"@id":"https:\/\/www.public.sn\/index.php\/2025\/04\/09\/mobilisation-sociale-a-dakar-le-rts-annonce-une-manifestation-le-11-avril\/#primaryimage"},"image":{"@id":"https:\/\/www.public.sn\/index.php\/2025\/04\/09\/mobilisation-sociale-a-dakar-le-rts-annonce-une-manifestation-le-11-avril\/#primaryimage"},"thumbnailUrl":"https:\/\/www.public.sn\/wp-content\/uploads\/2025\/04\/Le-Rassemblement-des-travailleurs-du-Senegal-RTS.png","datePublished":"2025-04-09T15:52:32+00:00","dateModified":"2025-04-09T15:52:38+00:00","description":"Le climat social s\u2019\u00e9chauffe \u00e0 Dakar. Le Rassemblement des travailleurs du S\u00e9n\u00e9gal (RTS) appelle \u00e0 une mobilisation citoyenne ce vendredi 11 avril 2025, \u00e0 partir de 15h, dans la capitale s\u00e9n\u00e9galaise. Objectif : protester contre les licenciements abusifs et les recrutements jug\u00e9s s\u00e9lectifs dans plusieurs structures publiques.","breadcrumb":{"@id":"https:\/\/www.public.sn\/index.php\/2025\/04\/09\/mobilisation-sociale-a-dakar-le-rts-annonce-une-manifestation-le-11-avril\/#breadcrumb"},"inLanguage":"fr-FR","potentialAction":[{"@type":"ReadAction","target":["https:\/\/www.public.sn\/index.php\/2025\/04\/09\/mobilisation-sociale-a-dakar-le-rts-annonce-une-manifestation-le-11-avril\/"]}]},{"@type":"ImageObject","inLanguage":"fr-FR","@id":"https:\/\/www.public.sn\/index.php\/2025\/04\/09\/mobilisation-sociale-a-dakar-le-rts-annonce-une-manifestation-le-11-avril\/#primaryimage","url":"https:\/\/www.public.sn\/wp-content\/uploads\/2025\/04\/Le-Rassemblement-des-travailleurs-du-Senegal-RTS.png","contentUrl":"https:\/\/www.public.sn\/wp-content\/uploads\/2025\/04\/Le-Rassemblement-des-travailleurs-du-Senegal-RTS.png","width":837,"height":396},{"@type":"BreadcrumbList","@id":"https:\/\/www.public.sn\/index.php\/2025\/04\/09\/mobilisation-sociale-a-dakar-le-rts-annonce-une-manifestation-le-11-avril\/#breadcrumb","itemListElement":[{"@type":"ListItem","position":1,"name":"Accueil","item":"https:\/\/www.public.sn\/"},{"@type":"ListItem","position":2,"name":"Mobilisation sociale \u00e0 Dakar : le RTS annonce une manifestation le 11 avril"}]},{"@type":"WebSite","@id":"https:\/\/www.public.sn\/#website","url":"https:\/\/www.public.sn\/","name":"LE PUBLIC","description":"","publisher":{"@id":"https:\/\/www.public.sn\/#organization"},"potentialAction":[{"@type":"SearchAction","target":{"@type":"EntryPoint","urlTemplate":"https:\/\/www.public.sn\/?s={search_term_string}"},"query-input":{"@type":"PropertyValueSpecification","valueRequired":true,"valueName":"search_term_string"}}],"inLanguage":"fr-FR"},{"@type":"Organization","@id":"https:\/\/www.public.sn\/#organization","name":"LE PUBLIC","url":"https:\/\/www.public.sn\/","logo":{"@type":"ImageObject","inLanguage":"fr-FR","@id":"https:\/\/www.public.sn\/#\/schema\/logo\/image\/","url":"https:\/\/www.public.sn\/wp-content\/uploads\/2024\/05\/cropped-LOGO-PUBLIC.SN_.png","contentUrl":"https:\/\/www.public.sn\/wp-content\/uploads\/2024\/05\/cropped-LOGO-PUBLIC.SN_.png","width":682,"height":192,"caption":"LE PUBLIC"},"image":{"@id":"https:\/\/www.public.sn\/#\/schema\/logo\/image\/"}},{"@type":"Person","@id":"https:\/\/www.public.sn\/#\/schema\/person\/e3f4a11b037d4203902db148f9bc8d5a","name":"LA REDACTION","image":{"@type":"ImageObject","inLanguage":"fr-FR","@id":"https:\/\/www.public.sn\/#\/schema\/person\/image\/","url":"https:\/\/secure.gravatar.com\/avatar\/d6c030db45db2883c075085c5d6c6258654a801a93766b49af0b82d4f454e2a5?s=96&d=mm&r=g","contentUrl":"https:\/\/secure.gravatar.com\/avatar\/d6c030db45db2883c075085c5d6c6258654a801a93766b49af0b82d4f454e2a5?s=96&d=mm&r=g","caption":"LA REDACTION"},"sameAs":["http:\/\/www.public.sn"],"url":"https:\/\/www.public.sn\/index.php\/author\/admin7324\/"}]}},"jetpack_featured_media_url":"https:\/\/www.public.sn\/wp-content\/uploads\/2025\/04\/Le-Rassemblement-des-travailleurs-du-Senegal-RTS.png","jetpack_sharing_enabled":true,"_links":{"self":[{"href":"https:\/\/www.public.sn\/index.php\/wp-json\/wp\/v2\/posts\/37343","targetHints":{"allow":["GET"]}}],"collection":[{"href":"https:\/\/www.public.sn\/index.php\/wp-json\/wp\/v2\/posts"}],"about":[{"href":"https:\/\/www.public.sn\/index.php\/wp-json\/wp\/v2\/types\/post"}],"author":[{"embeddable":true,"href":"https:\/\/www.public.sn\/index.php\/wp-json\/wp\/v2\/users\/1"}],"replies":[{"embeddable":true,"href":"https:\/\/www.public.sn\/index.php\/wp-json\/wp\/v2\/comments?post=37343"}],"version-history":[{"count":1,"href":"https:\/\/www.public.sn\/index.php\/wp-json\/wp\/v2\/posts\/37343\/revisions"}],"predecessor-version":[{"id":37345,"href":"https:\/\/www.public.sn\/index.php\/wp-json\/wp\/v2\/posts\/37343\/revisions\/37345"}],"wp:featuredmedia":[{"embeddable":true,"href":"https:\/\/www.public.sn\/index.php\/wp-json\/wp\/v2\/media\/37344"}],"wp:attachment":[{"href":"https:\/\/www.public.sn\/index.php\/wp-json\/wp\/v2\/media?parent=37343"}],"wp:term":[{"taxonomy":"category","embeddable":true,"href":"https:\/\/www.public.sn\/index.php\/wp-json\/wp\/v2\/categories?post=37343"},{"taxonomy":"post_tag","embeddable":true,"href":"https:\/\/www.public.sn\/index.php\/wp-json\/wp\/v2\/tags?post=37343"}],"curies":[{"name":"wp","href":"https:\/\/api.w.org\/{rel}","templated":true}]}}