{"id":37379,"date":"2025-04-10T12:49:36","date_gmt":"2025-04-10T12:49:36","guid":{"rendered":"https:\/\/www.public.sn\/?p=37379"},"modified":"2025-04-10T12:49:41","modified_gmt":"2025-04-10T12:49:41","slug":"deces-de-mamadou-badio-camara-le-president-diomaye-faye-rend-hommage-a-un-grand-serviteur-de-letat","status":"publish","type":"post","link":"https:\/\/www.public.sn\/index.php\/2025\/04\/10\/deces-de-mamadou-badio-camara-le-president-diomaye-faye-rend-hommage-a-un-grand-serviteur-de-letat\/","title":{"rendered":"D\u00e9c\u00e8s de Mamadou Badio Camara : Le pr\u00e9sident Diomaye Faye rend hommage \u00e0 un grand serviteur de l\u2019\u00c9tat"},"content":{"rendered":"\n<p>Le S\u00e9n\u00e9gal est en deuil apr\u00e8s l\u2019annonce du d\u00e9c\u00e8s de Mamadou Badio Camara, ancien Premier Pr\u00e9sident de la Cour supr\u00eame et dernier Pr\u00e9sident du Conseil constitutionnel. Une figure \u00e9minente du syst\u00e8me judiciaire s\u00e9n\u00e9galais s\u2019est \u00e9teinte, laissant derri\u00e8re elle un h\u00e9ritage empreint de rigueur, de discr\u00e9tion et de d\u00e9vouement au service de la justice.<\/p><div class=\"publi-paragraphe1\" style=\"margin-top: 10px;margin-bottom: 10px;margin-left: auto;margin-right: auto;text-align: center;\" id=\"publi-3794328305\"><div class=\"publi-adlabel\">Publicit\u00e9<\/div><script async src=\"\/\/pagead2.googlesyndication.com\/pagead\/js\/adsbygoogle.js?client=ca-pub-4089586018074219\" crossorigin=\"anonymous\"><\/script><ins class=\"adsbygoogle\" style=\"display:block;\" data-ad-client=\"ca-pub-4089586018074219\" \ndata-ad-slot=\"2087940154\" \ndata-ad-format=\"auto\"><\/ins>\n<script> \n(adsbygoogle = window.adsbygoogle || []).push({}); \n<\/script>\n<\/div>\n\n\n\n<p>Le pr\u00e9sident de la R\u00e9publique, Bassirou Diomaye Faye, a r\u00e9agi \u00e0 cette disparition avec \u00e9motion. Dans un message publi\u00e9 sur ses canaux officiels, il a exprim\u00e9 sa \u00ab tristesse \u00bb en apprenant la nouvelle et salu\u00e9 la m\u00e9moire d\u2019\u00ab un grand serviteur de l\u2019\u00c9tat \u00bb. Le chef de l\u2019\u00c9tat a adress\u00e9 ses condol\u00e9ances \u00e0 la famille du d\u00e9funt, \u00e0 ses proches ainsi qu\u2019\u00e0 toute la magistrature s\u00e9n\u00e9galaise, soulignant l\u2019apport consid\u00e9rable de Mamadou Badio Camara \u00e0 l\u2019appareil judiciaire du pays.<\/p>\n\n\n\n<p>Mamadou Badio Camara avait marqu\u00e9 l\u2019histoire de la justice s\u00e9n\u00e9galaise par une carri\u00e8re exemplaire, couronn\u00e9e par son passage \u00e0 la t\u00eate de deux institutions cl\u00e9s : la Cour supr\u00eame et le Conseil constitutionnel. Respect\u00e9 pour sa probit\u00e9 et sa connaissance pointue du droit, il a contribu\u00e9 \u00e0 renforcer la cr\u00e9dibilit\u00e9 de la magistrature dans un contexte souvent marqu\u00e9 par de fortes tensions politiques.<\/p>\n\n\n\n<p>Sa disparition constitue une perte pour la R\u00e9publique et pour tous ceux qui d\u00e9fendent l\u2019ind\u00e9pendance de la justice au S\u00e9n\u00e9gal.<\/p>\n<div class=\"publi-apres-le-contenu\" style=\"margin-top: 10px;margin-bottom: 10px;margin-left: auto;margin-right: auto;text-align: center;\" id=\"publi-188694042\"><div class=\"publi-adlabel\">Publicit\u00e9<\/div><script async src=\"\/\/pagead2.googlesyndication.com\/pagead\/js\/adsbygoogle.js?client=ca-pub-4089586018074219\" crossorigin=\"anonymous\"><\/script><ins class=\"adsbygoogle\" style=\"display:block;\" data-ad-client=\"ca-pub-4089586018074219\" \ndata-ad-slot=\"2087940154\" \ndata-ad-format=\"auto\"><\/ins>\n<script> \n(adsbygoogle = window.adsbygoogle || []).push({}); \n<\/script>\n<\/div>","protected":false},"excerpt":{"rendered":"<p>Le S\u00e9n\u00e9gal est en deuil apr\u00e8s l\u2019annonce du d\u00e9c\u00e8s de Mamadou Badio Camara, ancien Premier Pr\u00e9sident de la Cour supr\u00eame et dernier Pr\u00e9sident du Conseil constitutionnel. Une figure \u00e9minente du syst\u00e8me judiciaire s\u00e9n\u00e9galais s\u2019est \u00e9teinte, laissant derri\u00e8re elle un h\u00e9ritage empreint de rigueur, de discr\u00e9tion et de d\u00e9vouement au service de la justice. Le pr\u00e9sident de la R\u00e9publique, Bassirou Diomaye Faye, a r\u00e9agi \u00e0 cette disparition avec \u00e9motion. Dans un message publi\u00e9 sur ses canaux officiels, il a exprim\u00e9 sa \u00ab tristesse \u00bb en apprenant la nouvelle et salu\u00e9 la m\u00e9moire d\u2019\u00ab un grand serviteur de l\u2019\u00c9tat \u00bb. Le chef de l\u2019\u00c9tat a adress\u00e9 ses condol\u00e9ances \u00e0 la famille du d\u00e9funt, \u00e0 ses proches ainsi qu\u2019\u00e0 toute la magistrature s\u00e9n\u00e9galaise, soulignant l\u2019apport consid\u00e9rable de Mamadou Badio Camara \u00e0 l\u2019appareil judiciaire du pays. Mamadou Badio Camara avait marqu\u00e9 l\u2019histoire de la justice s\u00e9n\u00e9galaise par une carri\u00e8re exemplaire, couronn\u00e9e par son passage \u00e0 la t\u00eate de deux institutions cl\u00e9s : la Cour supr\u00eame et le Conseil constitutionnel. Respect\u00e9 pour sa probit\u00e9 et sa connaissance pointue du droit, il a contribu\u00e9 \u00e0 renforcer la cr\u00e9dibilit\u00e9 de la magistrature dans un contexte souvent marqu\u00e9 par de fortes tensions politiques. Sa disparition constitue une perte pour la R\u00e9publique et pour tous ceux qui d\u00e9fendent l\u2019ind\u00e9pendance de la justice au S\u00e9n\u00e9gal.<\/p>\n","protected":false},"author":1,"featured_media":34217,"comment_status":"open","ping_status":"open","sticky":false,"template":"","format":"standard","meta":{"_jetpack_memberships_contains_paid_content":false,"footnotes":""},"categories":[375,371,3,376,4,372],"tags":[5430,2194,576],"class_list":["post-37379","post","type-post","status-publish","format-standard","has-post-thumbnail","hentry","category-actualites","category-necrologie","category-politique","category-securite-justice","category-societe","category-vedette","tag-diomaye","tag-hommage","tag-mamadou-badio-camara","entry","has-media","owp-thumbs-layout-horizontal","owp-btn-normal","owp-tabs-layout-horizontal","has-no-thumbnails","has-product-nav"],"yoast_head":"<!-- This site is optimized with the Yoast SEO plugin v25.5 - https:\/\/yoast.com\/wordpress\/plugins\/seo\/ -->\n<title>D\u00e9c\u00e8s de Mamadou Badio Camara : Le pr\u00e9sident Diomaye Faye rend hommage \u00e0 un grand serviteur de l\u2019\u00c9tat - LE PUBLIC<\/title>\n<meta name=\"description\" content=\"Le S\u00e9n\u00e9gal est en deuil apr\u00e8s l\u2019annonce du d\u00e9c\u00e8s de Mamadou Badio Camara, ancien Premier Pr\u00e9sident de la Cour supr\u00eame et dernier Pr\u00e9sident du Conseil constitutionnel. Une figure \u00e9minente du syst\u00e8me judiciaire s\u00e9n\u00e9galais s\u2019est \u00e9teinte, laissant derri\u00e8re elle un h\u00e9ritage empreint de rigueur, de discr\u00e9tion et de d\u00e9vouement au service de la justice.\" \/>\n<meta name=\"robots\" content=\"index, follow, max-snippet:-1, max-image-preview:large, max-video-preview:-1\" \/>\n<link rel=\"canonical\" href=\"https:\/\/www.public.sn\/index.php\/2025\/04\/10\/deces-de-mamadou-badio-camara-le-president-diomaye-faye-rend-hommage-a-un-grand-serviteur-de-letat\/\" \/>\n<meta property=\"og:locale\" content=\"fr_FR\" \/>\n<meta property=\"og:type\" content=\"article\" \/>\n<meta property=\"og:title\" content=\"D\u00e9c\u00e8s de Mamadou Badio Camara : Le pr\u00e9sident Diomaye Faye rend hommage \u00e0 un grand serviteur de l\u2019\u00c9tat - LE PUBLIC\" \/>\n<meta property=\"og:description\" content=\"Le S\u00e9n\u00e9gal est en deuil apr\u00e8s l\u2019annonce du d\u00e9c\u00e8s de Mamadou Badio Camara, ancien Premier Pr\u00e9sident de la Cour supr\u00eame et dernier Pr\u00e9sident du Conseil constitutionnel. Une figure \u00e9minente du syst\u00e8me judiciaire s\u00e9n\u00e9galais s\u2019est \u00e9teinte, laissant derri\u00e8re elle un h\u00e9ritage empreint de rigueur, de discr\u00e9tion et de d\u00e9vouement au service de la justice.\" \/>\n<meta property=\"og:url\" content=\"https:\/\/www.public.sn\/index.php\/2025\/04\/10\/deces-de-mamadou-badio-camara-le-president-diomaye-faye-rend-hommage-a-un-grand-serviteur-de-letat\/\" \/>\n<meta property=\"og:site_name\" content=\"LE PUBLIC\" \/>\n<meta property=\"article:published_time\" content=\"2025-04-10T12:49:36+00:00\" \/>\n<meta property=\"article:modified_time\" content=\"2025-04-10T12:49:41+00:00\" \/>\n<meta property=\"og:image\" content=\"https:\/\/www.public.sn\/wp-content\/uploads\/2024\/07\/DIOMAYE-FAYE-5.png\" \/>\n\t<meta property=\"og:image:width\" content=\"1200\" \/>\n\t<meta property=\"og:image:height\" content=\"1000\" \/>\n\t<meta property=\"og:image:type\" content=\"image\/png\" \/>\n<meta name=\"author\" content=\"LA REDACTION\" \/>\n<meta name=\"twitter:card\" content=\"summary_large_image\" \/>\n<meta name=\"twitter:label1\" content=\"\u00c9crit par\" \/>\n\t<meta name=\"twitter:data1\" content=\"LA REDACTION\" \/>\n\t<meta name=\"twitter:label2\" content=\"Dur\u00e9e de lecture estim\u00e9e\" \/>\n\t<meta name=\"twitter:data2\" content=\"2 minutes\" \/>\n<script type=\"application\/ld+json\" class=\"yoast-schema-graph\">{\"@context\":\"https:\/\/schema.org\",\"@graph\":[{\"@type\":\"Article\",\"@id\":\"https:\/\/www.public.sn\/index.php\/2025\/04\/10\/deces-de-mamadou-badio-camara-le-president-diomaye-faye-rend-hommage-a-un-grand-serviteur-de-letat\/#article\",\"isPartOf\":{\"@id\":\"https:\/\/www.public.sn\/index.php\/2025\/04\/10\/deces-de-mamadou-badio-camara-le-president-diomaye-faye-rend-hommage-a-un-grand-serviteur-de-letat\/\"},\"author\":{\"name\":\"LA REDACTION\",\"@id\":\"https:\/\/www.public.sn\/#\/schema\/person\/e3f4a11b037d4203902db148f9bc8d5a\"},\"headline\":\"D\u00e9c\u00e8s de Mamadou Badio Camara : Le pr\u00e9sident Diomaye Faye rend hommage \u00e0 un grand serviteur de l\u2019\u00c9tat\",\"datePublished\":\"2025-04-10T12:49:36+00:00\",\"dateModified\":\"2025-04-10T12:49:41+00:00\",\"mainEntityOfPage\":{\"@id\":\"https:\/\/www.public.sn\/index.php\/2025\/04\/10\/deces-de-mamadou-badio-camara-le-president-diomaye-faye-rend-hommage-a-un-grand-serviteur-de-letat\/\"},\"wordCount\":270,\"commentCount\":0,\"publisher\":{\"@id\":\"https:\/\/www.public.sn\/#organization\"},\"image\":{\"@id\":\"https:\/\/www.public.sn\/index.php\/2025\/04\/10\/deces-de-mamadou-badio-camara-le-president-diomaye-faye-rend-hommage-a-un-grand-serviteur-de-letat\/#primaryimage\"},\"thumbnailUrl\":\"https:\/\/www.public.sn\/wp-content\/uploads\/2024\/07\/DIOMAYE-FAYE-5.png\",\"keywords\":[\"Diomaye\",\"hommage\",\"Mamadou Badio Camara\"],\"articleSection\":[\"ACTUALIT\u00c9S\",\"N\u00c9CROLOGIE\",\"POLITIQUE\",\"S\u00c9CURIT\u00c9 &amp; JUSTICE\",\"SOCIETE\",\"VEDETTE\"],\"inLanguage\":\"fr-FR\",\"potentialAction\":[{\"@type\":\"CommentAction\",\"name\":\"Comment\",\"target\":[\"https:\/\/www.public.sn\/index.php\/2025\/04\/10\/deces-de-mamadou-badio-camara-le-president-diomaye-faye-rend-hommage-a-un-grand-serviteur-de-letat\/#respond\"]}]},{\"@type\":\"WebPage\",\"@id\":\"https:\/\/www.public.sn\/index.php\/2025\/04\/10\/deces-de-mamadou-badio-camara-le-president-diomaye-faye-rend-hommage-a-un-grand-serviteur-de-letat\/\",\"url\":\"https:\/\/www.public.sn\/index.php\/2025\/04\/10\/deces-de-mamadou-badio-camara-le-president-diomaye-faye-rend-hommage-a-un-grand-serviteur-de-letat\/\",\"name\":\"D\u00e9c\u00e8s de Mamadou Badio Camara : Le pr\u00e9sident Diomaye Faye rend hommage \u00e0 un grand serviteur de l\u2019\u00c9tat - LE PUBLIC\",\"isPartOf\":{\"@id\":\"https:\/\/www.public.sn\/#website\"},\"primaryImageOfPage\":{\"@id\":\"https:\/\/www.public.sn\/index.php\/2025\/04\/10\/deces-de-mamadou-badio-camara-le-president-diomaye-faye-rend-hommage-a-un-grand-serviteur-de-letat\/#primaryimage\"},\"image\":{\"@id\":\"https:\/\/www.public.sn\/index.php\/2025\/04\/10\/deces-de-mamadou-badio-camara-le-president-diomaye-faye-rend-hommage-a-un-grand-serviteur-de-letat\/#primaryimage\"},\"thumbnailUrl\":\"https:\/\/www.public.sn\/wp-content\/uploads\/2024\/07\/DIOMAYE-FAYE-5.png\",\"datePublished\":\"2025-04-10T12:49:36+00:00\",\"dateModified\":\"2025-04-10T12:49:41+00:00\",\"description\":\"Le S\u00e9n\u00e9gal est en deuil apr\u00e8s l\u2019annonce du d\u00e9c\u00e8s de Mamadou Badio Camara, ancien Premier Pr\u00e9sident de la Cour supr\u00eame et dernier Pr\u00e9sident du Conseil constitutionnel. Une figure \u00e9minente du syst\u00e8me judiciaire s\u00e9n\u00e9galais s\u2019est \u00e9teinte, laissant derri\u00e8re elle un h\u00e9ritage empreint de rigueur, de discr\u00e9tion et de d\u00e9vouement au service de la justice.\",\"breadcrumb\":{\"@id\":\"https:\/\/www.public.sn\/index.php\/2025\/04\/10\/deces-de-mamadou-badio-camara-le-president-diomaye-faye-rend-hommage-a-un-grand-serviteur-de-letat\/#breadcrumb\"},\"inLanguage\":\"fr-FR\",\"potentialAction\":[{\"@type\":\"ReadAction\",\"target\":[\"https:\/\/www.public.sn\/index.php\/2025\/04\/10\/deces-de-mamadou-badio-camara-le-president-diomaye-faye-rend-hommage-a-un-grand-serviteur-de-letat\/\"]}]},{\"@type\":\"ImageObject\",\"inLanguage\":\"fr-FR\",\"@id\":\"https:\/\/www.public.sn\/index.php\/2025\/04\/10\/deces-de-mamadou-badio-camara-le-president-diomaye-faye-rend-hommage-a-un-grand-serviteur-de-letat\/#primaryimage\",\"url\":\"https:\/\/www.public.sn\/wp-content\/uploads\/2024\/07\/DIOMAYE-FAYE-5.png\",\"contentUrl\":\"https:\/\/www.public.sn\/wp-content\/uploads\/2024\/07\/DIOMAYE-FAYE-5.png\",\"width\":1200,\"height\":1000},{\"@type\":\"BreadcrumbList\",\"@id\":\"https:\/\/www.public.sn\/index.php\/2025\/04\/10\/deces-de-mamadou-badio-camara-le-president-diomaye-faye-rend-hommage-a-un-grand-serviteur-de-letat\/#breadcrumb\",\"itemListElement\":[{\"@type\":\"ListItem\",\"position\":1,\"name\":\"Accueil\",\"item\":\"https:\/\/www.public.sn\/\"},{\"@type\":\"ListItem\",\"position\":2,\"name\":\"D\u00e9c\u00e8s de Mamadou Badio Camara : Le pr\u00e9sident Diomaye Faye rend hommage \u00e0 un grand serviteur de l\u2019\u00c9tat\"}]},{\"@type\":\"WebSite\",\"@id\":\"https:\/\/www.public.sn\/#website\",\"url\":\"https:\/\/www.public.sn\/\",\"name\":\"LE PUBLIC\",\"description\":\"\",\"publisher\":{\"@id\":\"https:\/\/www.public.sn\/#organization\"},\"potentialAction\":[{\"@type\":\"SearchAction\",\"target\":{\"@type\":\"EntryPoint\",\"urlTemplate\":\"https:\/\/www.public.sn\/?s={search_term_string}\"},\"query-input\":{\"@type\":\"PropertyValueSpecification\",\"valueRequired\":true,\"valueName\":\"search_term_string\"}}],\"inLanguage\":\"fr-FR\"},{\"@type\":\"Organization\",\"@id\":\"https:\/\/www.public.sn\/#organization\",\"name\":\"LE PUBLIC\",\"url\":\"https:\/\/www.public.sn\/\",\"logo\":{\"@type\":\"ImageObject\",\"inLanguage\":\"fr-FR\",\"@id\":\"https:\/\/www.public.sn\/#\/schema\/logo\/image\/\",\"url\":\"https:\/\/www.public.sn\/wp-content\/uploads\/2024\/05\/cropped-LOGO-PUBLIC.SN_.png\",\"contentUrl\":\"https:\/\/www.public.sn\/wp-content\/uploads\/2024\/05\/cropped-LOGO-PUBLIC.SN_.png\",\"width\":682,\"height\":192,\"caption\":\"LE PUBLIC\"},\"image\":{\"@id\":\"https:\/\/www.public.sn\/#\/schema\/logo\/image\/\"}},{\"@type\":\"Person\",\"@id\":\"https:\/\/www.public.sn\/#\/schema\/person\/e3f4a11b037d4203902db148f9bc8d5a\",\"name\":\"LA REDACTION\",\"image\":{\"@type\":\"ImageObject\",\"inLanguage\":\"fr-FR\",\"@id\":\"https:\/\/www.public.sn\/#\/schema\/person\/image\/\",\"url\":\"https:\/\/secure.gravatar.com\/avatar\/d6c030db45db2883c075085c5d6c6258654a801a93766b49af0b82d4f454e2a5?s=96&d=mm&r=g\",\"contentUrl\":\"https:\/\/secure.gravatar.com\/avatar\/d6c030db45db2883c075085c5d6c6258654a801a93766b49af0b82d4f454e2a5?s=96&d=mm&r=g\",\"caption\":\"LA REDACTION\"},\"sameAs\":[\"http:\/\/www.public.sn\"],\"url\":\"https:\/\/www.public.sn\/index.php\/author\/admin7324\/\"}]}<\/script>\n<!-- \/ Yoast SEO plugin. -->","yoast_head_json":{"title":"D\u00e9c\u00e8s de Mamadou Badio Camara : Le pr\u00e9sident Diomaye Faye rend hommage \u00e0 un grand serviteur de l\u2019\u00c9tat - LE PUBLIC","description":"Le S\u00e9n\u00e9gal est en deuil apr\u00e8s l\u2019annonce du d\u00e9c\u00e8s de Mamadou Badio Camara, ancien Premier Pr\u00e9sident de la Cour supr\u00eame et dernier Pr\u00e9sident du Conseil constitutionnel. Une figure \u00e9minente du syst\u00e8me judiciaire s\u00e9n\u00e9galais s\u2019est \u00e9teinte, laissant derri\u00e8re elle un h\u00e9ritage empreint de rigueur, de discr\u00e9tion et de d\u00e9vouement au service de la justice.","robots":{"index":"index","follow":"follow","max-snippet":"max-snippet:-1","max-image-preview":"max-image-preview:large","max-video-preview":"max-video-preview:-1"},"canonical":"https:\/\/www.public.sn\/index.php\/2025\/04\/10\/deces-de-mamadou-badio-camara-le-president-diomaye-faye-rend-hommage-a-un-grand-serviteur-de-letat\/","og_locale":"fr_FR","og_type":"article","og_title":"D\u00e9c\u00e8s de Mamadou Badio Camara : Le pr\u00e9sident Diomaye Faye rend hommage \u00e0 un grand serviteur de l\u2019\u00c9tat - LE PUBLIC","og_description":"Le S\u00e9n\u00e9gal est en deuil apr\u00e8s l\u2019annonce du d\u00e9c\u00e8s de Mamadou Badio Camara, ancien Premier Pr\u00e9sident de la Cour supr\u00eame et dernier Pr\u00e9sident du Conseil constitutionnel. Une figure \u00e9minente du syst\u00e8me judiciaire s\u00e9n\u00e9galais s\u2019est \u00e9teinte, laissant derri\u00e8re elle un h\u00e9ritage empreint de rigueur, de discr\u00e9tion et de d\u00e9vouement au service de la justice.","og_url":"https:\/\/www.public.sn\/index.php\/2025\/04\/10\/deces-de-mamadou-badio-camara-le-president-diomaye-faye-rend-hommage-a-un-grand-serviteur-de-letat\/","og_site_name":"LE PUBLIC","article_published_time":"2025-04-10T12:49:36+00:00","article_modified_time":"2025-04-10T12:49:41+00:00","og_image":[{"width":1200,"height":1000,"url":"https:\/\/www.public.sn\/wp-content\/uploads\/2024\/07\/DIOMAYE-FAYE-5.png","type":"image\/png"}],"author":"LA REDACTION","twitter_card":"summary_large_image","twitter_misc":{"\u00c9crit par":"LA REDACTION","Dur\u00e9e de lecture estim\u00e9e":"2 minutes"},"schema":{"@context":"https:\/\/schema.org","@graph":[{"@type":"Article","@id":"https:\/\/www.public.sn\/index.php\/2025\/04\/10\/deces-de-mamadou-badio-camara-le-president-diomaye-faye-rend-hommage-a-un-grand-serviteur-de-letat\/#article","isPartOf":{"@id":"https:\/\/www.public.sn\/index.php\/2025\/04\/10\/deces-de-mamadou-badio-camara-le-president-diomaye-faye-rend-hommage-a-un-grand-serviteur-de-letat\/"},"author":{"name":"LA REDACTION","@id":"https:\/\/www.public.sn\/#\/schema\/person\/e3f4a11b037d4203902db148f9bc8d5a"},"headline":"D\u00e9c\u00e8s de Mamadou Badio Camara : Le pr\u00e9sident Diomaye Faye rend hommage \u00e0 un grand serviteur de l\u2019\u00c9tat","datePublished":"2025-04-10T12:49:36+00:00","dateModified":"2025-04-10T12:49:41+00:00","mainEntityOfPage":{"@id":"https:\/\/www.public.sn\/index.php\/2025\/04\/10\/deces-de-mamadou-badio-camara-le-president-diomaye-faye-rend-hommage-a-un-grand-serviteur-de-letat\/"},"wordCount":270,"commentCount":0,"publisher":{"@id":"https:\/\/www.public.sn\/#organization"},"image":{"@id":"https:\/\/www.public.sn\/index.php\/2025\/04\/10\/deces-de-mamadou-badio-camara-le-president-diomaye-faye-rend-hommage-a-un-grand-serviteur-de-letat\/#primaryimage"},"thumbnailUrl":"https:\/\/www.public.sn\/wp-content\/uploads\/2024\/07\/DIOMAYE-FAYE-5.png","keywords":["Diomaye","hommage","Mamadou Badio Camara"],"articleSection":["ACTUALIT\u00c9S","N\u00c9CROLOGIE","POLITIQUE","S\u00c9CURIT\u00c9 &amp; JUSTICE","SOCIETE","VEDETTE"],"inLanguage":"fr-FR","potentialAction":[{"@type":"CommentAction","name":"Comment","target":["https:\/\/www.public.sn\/index.php\/2025\/04\/10\/deces-de-mamadou-badio-camara-le-president-diomaye-faye-rend-hommage-a-un-grand-serviteur-de-letat\/#respond"]}]},{"@type":"WebPage","@id":"https:\/\/www.public.sn\/index.php\/2025\/04\/10\/deces-de-mamadou-badio-camara-le-president-diomaye-faye-rend-hommage-a-un-grand-serviteur-de-letat\/","url":"https:\/\/www.public.sn\/index.php\/2025\/04\/10\/deces-de-mamadou-badio-camara-le-president-diomaye-faye-rend-hommage-a-un-grand-serviteur-de-letat\/","name":"D\u00e9c\u00e8s de Mamadou Badio Camara : Le pr\u00e9sident Diomaye Faye rend hommage \u00e0 un grand serviteur de l\u2019\u00c9tat - LE PUBLIC","isPartOf":{"@id":"https:\/\/www.public.sn\/#website"},"primaryImageOfPage":{"@id":"https:\/\/www.public.sn\/index.php\/2025\/04\/10\/deces-de-mamadou-badio-camara-le-president-diomaye-faye-rend-hommage-a-un-grand-serviteur-de-letat\/#primaryimage"},"image":{"@id":"https:\/\/www.public.sn\/index.php\/2025\/04\/10\/deces-de-mamadou-badio-camara-le-president-diomaye-faye-rend-hommage-a-un-grand-serviteur-de-letat\/#primaryimage"},"thumbnailUrl":"https:\/\/www.public.sn\/wp-content\/uploads\/2024\/07\/DIOMAYE-FAYE-5.png","datePublished":"2025-04-10T12:49:36+00:00","dateModified":"2025-04-10T12:49:41+00:00","description":"Le S\u00e9n\u00e9gal est en deuil apr\u00e8s l\u2019annonce du d\u00e9c\u00e8s de Mamadou Badio Camara, ancien Premier Pr\u00e9sident de la Cour supr\u00eame et dernier Pr\u00e9sident du Conseil constitutionnel. Une figure \u00e9minente du syst\u00e8me judiciaire s\u00e9n\u00e9galais s\u2019est \u00e9teinte, laissant derri\u00e8re elle un h\u00e9ritage empreint de rigueur, de discr\u00e9tion et de d\u00e9vouement au service de la justice.","breadcrumb":{"@id":"https:\/\/www.public.sn\/index.php\/2025\/04\/10\/deces-de-mamadou-badio-camara-le-president-diomaye-faye-rend-hommage-a-un-grand-serviteur-de-letat\/#breadcrumb"},"inLanguage":"fr-FR","potentialAction":[{"@type":"ReadAction","target":["https:\/\/www.public.sn\/index.php\/2025\/04\/10\/deces-de-mamadou-badio-camara-le-president-diomaye-faye-rend-hommage-a-un-grand-serviteur-de-letat\/"]}]},{"@type":"ImageObject","inLanguage":"fr-FR","@id":"https:\/\/www.public.sn\/index.php\/2025\/04\/10\/deces-de-mamadou-badio-camara-le-president-diomaye-faye-rend-hommage-a-un-grand-serviteur-de-letat\/#primaryimage","url":"https:\/\/www.public.sn\/wp-content\/uploads\/2024\/07\/DIOMAYE-FAYE-5.png","contentUrl":"https:\/\/www.public.sn\/wp-content\/uploads\/2024\/07\/DIOMAYE-FAYE-5.png","width":1200,"height":1000},{"@type":"BreadcrumbList","@id":"https:\/\/www.public.sn\/index.php\/2025\/04\/10\/deces-de-mamadou-badio-camara-le-president-diomaye-faye-rend-hommage-a-un-grand-serviteur-de-letat\/#breadcrumb","itemListElement":[{"@type":"ListItem","position":1,"name":"Accueil","item":"https:\/\/www.public.sn\/"},{"@type":"ListItem","position":2,"name":"D\u00e9c\u00e8s de Mamadou Badio Camara : Le pr\u00e9sident Diomaye Faye rend hommage \u00e0 un grand serviteur de l\u2019\u00c9tat"}]},{"@type":"WebSite","@id":"https:\/\/www.public.sn\/#website","url":"https:\/\/www.public.sn\/","name":"LE PUBLIC","description":"","publisher":{"@id":"https:\/\/www.public.sn\/#organization"},"potentialAction":[{"@type":"SearchAction","target":{"@type":"EntryPoint","urlTemplate":"https:\/\/www.public.sn\/?s={search_term_string}"},"query-input":{"@type":"PropertyValueSpecification","valueRequired":true,"valueName":"search_term_string"}}],"inLanguage":"fr-FR"},{"@type":"Organization","@id":"https:\/\/www.public.sn\/#organization","name":"LE PUBLIC","url":"https:\/\/www.public.sn\/","logo":{"@type":"ImageObject","inLanguage":"fr-FR","@id":"https:\/\/www.public.sn\/#\/schema\/logo\/image\/","url":"https:\/\/www.public.sn\/wp-content\/uploads\/2024\/05\/cropped-LOGO-PUBLIC.SN_.png","contentUrl":"https:\/\/www.public.sn\/wp-content\/uploads\/2024\/05\/cropped-LOGO-PUBLIC.SN_.png","width":682,"height":192,"caption":"LE PUBLIC"},"image":{"@id":"https:\/\/www.public.sn\/#\/schema\/logo\/image\/"}},{"@type":"Person","@id":"https:\/\/www.public.sn\/#\/schema\/person\/e3f4a11b037d4203902db148f9bc8d5a","name":"LA REDACTION","image":{"@type":"ImageObject","inLanguage":"fr-FR","@id":"https:\/\/www.public.sn\/#\/schema\/person\/image\/","url":"https:\/\/secure.gravatar.com\/avatar\/d6c030db45db2883c075085c5d6c6258654a801a93766b49af0b82d4f454e2a5?s=96&d=mm&r=g","contentUrl":"https:\/\/secure.gravatar.com\/avatar\/d6c030db45db2883c075085c5d6c6258654a801a93766b49af0b82d4f454e2a5?s=96&d=mm&r=g","caption":"LA REDACTION"},"sameAs":["http:\/\/www.public.sn"],"url":"https:\/\/www.public.sn\/index.php\/author\/admin7324\/"}]}},"jetpack_featured_media_url":"https:\/\/www.public.sn\/wp-content\/uploads\/2024\/07\/DIOMAYE-FAYE-5.png","jetpack_sharing_enabled":true,"_links":{"self":[{"href":"https:\/\/www.public.sn\/index.php\/wp-json\/wp\/v2\/posts\/37379","targetHints":{"allow":["GET"]}}],"collection":[{"href":"https:\/\/www.public.sn\/index.php\/wp-json\/wp\/v2\/posts"}],"about":[{"href":"https:\/\/www.public.sn\/index.php\/wp-json\/wp\/v2\/types\/post"}],"author":[{"embeddable":true,"href":"https:\/\/www.public.sn\/index.php\/wp-json\/wp\/v2\/users\/1"}],"replies":[{"embeddable":true,"href":"https:\/\/www.public.sn\/index.php\/wp-json\/wp\/v2\/comments?post=37379"}],"version-history":[{"count":2,"href":"https:\/\/www.public.sn\/index.php\/wp-json\/wp\/v2\/posts\/37379\/revisions"}],"predecessor-version":[{"id":37382,"href":"https:\/\/www.public.sn\/index.php\/wp-json\/wp\/v2\/posts\/37379\/revisions\/37382"}],"wp:featuredmedia":[{"embeddable":true,"href":"https:\/\/www.public.sn\/index.php\/wp-json\/wp\/v2\/media\/34217"}],"wp:attachment":[{"href":"https:\/\/www.public.sn\/index.php\/wp-json\/wp\/v2\/media?parent=37379"}],"wp:term":[{"taxonomy":"category","embeddable":true,"href":"https:\/\/www.public.sn\/index.php\/wp-json\/wp\/v2\/categories?post=37379"},{"taxonomy":"post_tag","embeddable":true,"href":"https:\/\/www.public.sn\/index.php\/wp-json\/wp\/v2\/tags?post=37379"}],"curies":[{"name":"wp","href":"https:\/\/api.w.org\/{rel}","templated":true}]}}