{"id":37402,"date":"2025-04-11T08:29:00","date_gmt":"2025-04-11T08:29:00","guid":{"rendered":"https:\/\/www.public.sn\/?p=37402"},"modified":"2025-04-11T07:41:51","modified_gmt":"2025-04-11T07:41:51","slug":"sante-declinante-en-detention-samuel-amete-sarr-entre-justice-et-pronostic-vital","status":"publish","type":"post","link":"https:\/\/www.public.sn\/index.php\/2025\/04\/11\/sante-declinante-en-detention-samuel-amete-sarr-entre-justice-et-pronostic-vital\/","title":{"rendered":"Sant\u00e9 d\u00e9clinante en d\u00e9tention : Samuel Am\u00e8te Sarr entre justice et pronostic vital"},"content":{"rendered":"\n<p>L\u2019ancien ministre Samuel Am\u00e8te Sarr, actuellement d\u00e9tenu au pavillon sp\u00e9cial de l\u2019h\u00f4pital Aristide Le Dantec, traverse une situation sanitaire jug\u00e9e critique par ses avocats. Selon eux, cit\u00e9s par L&rsquo;Observateur, son \u00e9tat de sant\u00e9 se serait dangereusement d\u00e9grad\u00e9 derri\u00e8re les barreaux, au point de mettre en jeu son pronostic vital.<\/p><div class=\"publi-paragraphe1\" style=\"margin-top: 10px;margin-bottom: 10px;margin-left: auto;margin-right: auto;text-align: center;\" id=\"publi-3304979930\"><div class=\"publi-adlabel\">Publicit\u00e9<\/div><script async src=\"\/\/pagead2.googlesyndication.com\/pagead\/js\/adsbygoogle.js?client=ca-pub-4089586018074219\" crossorigin=\"anonymous\"><\/script><ins class=\"adsbygoogle\" style=\"display:block;\" data-ad-client=\"ca-pub-4089586018074219\" \ndata-ad-slot=\"2087940154\" \ndata-ad-format=\"auto\"><\/ins>\n<script> \n(adsbygoogle = window.adsbygoogle || []).push({}); \n<\/script>\n<\/div>\n\n\n\n<p>Depuis son incarc\u00e9ration, Samuel Sarr a \u00e9t\u00e9 \u00e9vacu\u00e9 \u00e0 quatre reprises pour des soins m\u00e9dicaux. Son dossier est d\u00e9sormais lourdement \u00e9toff\u00e9 de certificats m\u00e9dicaux attestant de ses graves soucis de sant\u00e9. Face \u00e0 l\u2019urgence, le juge a ordonn\u00e9 une expertise ind\u00e9pendante, d\u00e9signant le professeur Ma\u00efmouna Ndour, sp\u00e9cialiste en endocrinologie et diab\u00e9tologie, pour \u00e9valuer s\u2019il est en mesure de supporter les rigueurs d\u2019une d\u00e9tention prolong\u00e9e.<\/p>\n\n\n\n<p>Un document sign\u00e9 par le cardiologue Adama Gning Diop vient appuyer la d\u00e9fense, qualifiant le cas de l\u2019ancien ministre de zone rouge sur le plan cardiovasculaire, \u00e9voquant un \u00ab haut risque \u00bb susceptible d\u2019entra\u00eener des cons\u00e9quences irr\u00e9versibles.<\/p>\n\n\n\n<p>\u00c0 l\u2019heure o\u00f9 la justice poursuit son cours, le d\u00e9bat sur la compatibilit\u00e9 entre la sant\u00e9 fragile de l&rsquo;ancien ministre et les conditions de sa d\u00e9tention reste pos\u00e9. La question d\u2019un \u00e9ventuel am\u00e9nagement de sa peine ou d\u2019une lib\u00e9ration pour raisons m\u00e9dicales pourrait revenir au c\u0153ur des \u00e9changes judiciaires dans les jours \u00e0 venir.<\/p>\n<div class=\"publi-apres-le-contenu\" style=\"margin-top: 10px;margin-bottom: 10px;margin-left: auto;margin-right: auto;text-align: center;\" id=\"publi-53761679\"><div class=\"publi-adlabel\">Publicit\u00e9<\/div><script async src=\"\/\/pagead2.googlesyndication.com\/pagead\/js\/adsbygoogle.js?client=ca-pub-4089586018074219\" crossorigin=\"anonymous\"><\/script><ins class=\"adsbygoogle\" style=\"display:block;\" data-ad-client=\"ca-pub-4089586018074219\" \ndata-ad-slot=\"2087940154\" \ndata-ad-format=\"auto\"><\/ins>\n<script> \n(adsbygoogle = window.adsbygoogle || []).push({}); \n<\/script>\n<\/div>","protected":false},"excerpt":{"rendered":"<p>L\u2019ancien ministre Samuel Am\u00e8te Sarr, actuellement d\u00e9tenu au pavillon sp\u00e9cial de l\u2019h\u00f4pital Aristide Le Dantec, traverse une situation sanitaire jug\u00e9e critique par ses avocats. Selon eux, cit\u00e9s par L&rsquo;Observateur, son \u00e9tat de sant\u00e9 se serait dangereusement d\u00e9grad\u00e9 derri\u00e8re les barreaux, au point de mettre en jeu son pronostic vital. Depuis son incarc\u00e9ration, Samuel Sarr a \u00e9t\u00e9 \u00e9vacu\u00e9 \u00e0 quatre reprises pour des soins m\u00e9dicaux. Son dossier est d\u00e9sormais lourdement \u00e9toff\u00e9 de certificats m\u00e9dicaux attestant de ses graves soucis de sant\u00e9. Face \u00e0 l\u2019urgence, le juge a ordonn\u00e9 une expertise ind\u00e9pendante, d\u00e9signant le professeur Ma\u00efmouna Ndour, sp\u00e9cialiste en endocrinologie et diab\u00e9tologie, pour \u00e9valuer s\u2019il est en mesure de supporter les rigueurs d\u2019une d\u00e9tention prolong\u00e9e. Un document sign\u00e9 par le cardiologue Adama Gning Diop vient appuyer la d\u00e9fense, qualifiant le cas de l\u2019ancien ministre de zone rouge sur le plan cardiovasculaire, \u00e9voquant un \u00ab haut risque \u00bb susceptible d\u2019entra\u00eener des cons\u00e9quences irr\u00e9versibles. \u00c0 l\u2019heure o\u00f9 la justice poursuit son cours, le d\u00e9bat sur la compatibilit\u00e9 entre la sant\u00e9 fragile de l&rsquo;ancien ministre et les conditions de sa d\u00e9tention reste pos\u00e9. La question d\u2019un \u00e9ventuel am\u00e9nagement de sa peine ou d\u2019une lib\u00e9ration pour raisons m\u00e9dicales pourrait revenir au c\u0153ur des \u00e9changes judiciaires dans les jours \u00e0 venir.<\/p>\n","protected":false},"author":1,"featured_media":11033,"comment_status":"open","ping_status":"open","sticky":false,"template":"","format":"standard","meta":{"_jetpack_memberships_contains_paid_content":false,"footnotes":""},"categories":[375,3,1574,376,372],"tags":[130,7508,195],"class_list":["post-37402","post","type-post","status-publish","format-standard","has-post-thumbnail","hentry","category-actualites","category-politique","category-sante","category-securite-justice","category-vedette","tag-prison","tag-samuel-amete-sarr","tag-sante","entry","has-media","owp-thumbs-layout-horizontal","owp-btn-normal","owp-tabs-layout-horizontal","has-no-thumbnails","has-product-nav"],"yoast_head":"<!-- This site is optimized with the Yoast SEO plugin v25.5 - https:\/\/yoast.com\/wordpress\/plugins\/seo\/ -->\n<title>Sant\u00e9 d\u00e9clinante en d\u00e9tention : Samuel Am\u00e8te Sarr entre justice et pronostic vital - LE PUBLIC<\/title>\n<meta name=\"description\" content=\"L\u2019ancien ministre Samuel Am\u00e8te Sarr, actuellement d\u00e9tenu au pavillon sp\u00e9cial de l\u2019h\u00f4pital Aristide Le Dantec, traverse une situation sanitaire jug\u00e9e critique par ses avocats. Selon eux, son \u00e9tat de sant\u00e9 se serait dangereusement d\u00e9grad\u00e9 derri\u00e8re les barreaux, au point de mettre en jeu son pronostic vital.\" \/>\n<meta name=\"robots\" content=\"index, follow, max-snippet:-1, max-image-preview:large, max-video-preview:-1\" \/>\n<link rel=\"canonical\" href=\"https:\/\/www.public.sn\/index.php\/2025\/04\/11\/sante-declinante-en-detention-samuel-amete-sarr-entre-justice-et-pronostic-vital\/\" \/>\n<meta property=\"og:locale\" content=\"fr_FR\" \/>\n<meta property=\"og:type\" content=\"article\" \/>\n<meta property=\"og:title\" content=\"Sant\u00e9 d\u00e9clinante en d\u00e9tention : Samuel Am\u00e8te Sarr entre justice et pronostic vital - LE PUBLIC\" \/>\n<meta property=\"og:description\" content=\"L\u2019ancien ministre Samuel Am\u00e8te Sarr, actuellement d\u00e9tenu au pavillon sp\u00e9cial de l\u2019h\u00f4pital Aristide Le Dantec, traverse une situation sanitaire jug\u00e9e critique par ses avocats. Selon eux, son \u00e9tat de sant\u00e9 se serait dangereusement d\u00e9grad\u00e9 derri\u00e8re les barreaux, au point de mettre en jeu son pronostic vital.\" \/>\n<meta property=\"og:url\" content=\"https:\/\/www.public.sn\/index.php\/2025\/04\/11\/sante-declinante-en-detention-samuel-amete-sarr-entre-justice-et-pronostic-vital\/\" \/>\n<meta property=\"og:site_name\" content=\"LE PUBLIC\" \/>\n<meta property=\"article:published_time\" content=\"2025-04-11T08:29:00+00:00\" \/>\n<meta property=\"og:image\" content=\"https:\/\/www.public.sn\/wp-content\/uploads\/2022\/12\/samuel-sarr.png\" \/>\n\t<meta property=\"og:image:width\" content=\"1402\" \/>\n\t<meta property=\"og:image:height\" content=\"846\" \/>\n\t<meta property=\"og:image:type\" content=\"image\/png\" \/>\n<meta name=\"author\" content=\"LA REDACTION\" \/>\n<meta name=\"twitter:card\" content=\"summary_large_image\" \/>\n<meta name=\"twitter:label1\" content=\"\u00c9crit par\" \/>\n\t<meta name=\"twitter:data1\" content=\"LA REDACTION\" \/>\n\t<meta name=\"twitter:label2\" content=\"Dur\u00e9e de lecture estim\u00e9e\" \/>\n\t<meta name=\"twitter:data2\" content=\"2 minutes\" \/>\n<script type=\"application\/ld+json\" class=\"yoast-schema-graph\">{\"@context\":\"https:\/\/schema.org\",\"@graph\":[{\"@type\":\"Article\",\"@id\":\"https:\/\/www.public.sn\/index.php\/2025\/04\/11\/sante-declinante-en-detention-samuel-amete-sarr-entre-justice-et-pronostic-vital\/#article\",\"isPartOf\":{\"@id\":\"https:\/\/www.public.sn\/index.php\/2025\/04\/11\/sante-declinante-en-detention-samuel-amete-sarr-entre-justice-et-pronostic-vital\/\"},\"author\":{\"name\":\"LA REDACTION\",\"@id\":\"https:\/\/www.public.sn\/#\/schema\/person\/e3f4a11b037d4203902db148f9bc8d5a\"},\"headline\":\"Sant\u00e9 d\u00e9clinante en d\u00e9tention : Samuel Am\u00e8te Sarr entre justice et pronostic vital\",\"datePublished\":\"2025-04-11T08:29:00+00:00\",\"mainEntityOfPage\":{\"@id\":\"https:\/\/www.public.sn\/index.php\/2025\/04\/11\/sante-declinante-en-detention-samuel-amete-sarr-entre-justice-et-pronostic-vital\/\"},\"wordCount\":252,\"commentCount\":0,\"publisher\":{\"@id\":\"https:\/\/www.public.sn\/#organization\"},\"image\":{\"@id\":\"https:\/\/www.public.sn\/index.php\/2025\/04\/11\/sante-declinante-en-detention-samuel-amete-sarr-entre-justice-et-pronostic-vital\/#primaryimage\"},\"thumbnailUrl\":\"https:\/\/www.public.sn\/wp-content\/uploads\/2022\/12\/samuel-sarr.png\",\"keywords\":[\"Prison\",\"Samuel Am\u00e8te Sarr\",\"Sant\u00e9\"],\"articleSection\":[\"ACTUALIT\u00c9S\",\"POLITIQUE\",\"SANT\u00c9\",\"S\u00c9CURIT\u00c9 &amp; JUSTICE\",\"VEDETTE\"],\"inLanguage\":\"fr-FR\",\"potentialAction\":[{\"@type\":\"CommentAction\",\"name\":\"Comment\",\"target\":[\"https:\/\/www.public.sn\/index.php\/2025\/04\/11\/sante-declinante-en-detention-samuel-amete-sarr-entre-justice-et-pronostic-vital\/#respond\"]}]},{\"@type\":\"WebPage\",\"@id\":\"https:\/\/www.public.sn\/index.php\/2025\/04\/11\/sante-declinante-en-detention-samuel-amete-sarr-entre-justice-et-pronostic-vital\/\",\"url\":\"https:\/\/www.public.sn\/index.php\/2025\/04\/11\/sante-declinante-en-detention-samuel-amete-sarr-entre-justice-et-pronostic-vital\/\",\"name\":\"Sant\u00e9 d\u00e9clinante en d\u00e9tention : Samuel Am\u00e8te Sarr entre justice et pronostic vital - LE PUBLIC\",\"isPartOf\":{\"@id\":\"https:\/\/www.public.sn\/#website\"},\"primaryImageOfPage\":{\"@id\":\"https:\/\/www.public.sn\/index.php\/2025\/04\/11\/sante-declinante-en-detention-samuel-amete-sarr-entre-justice-et-pronostic-vital\/#primaryimage\"},\"image\":{\"@id\":\"https:\/\/www.public.sn\/index.php\/2025\/04\/11\/sante-declinante-en-detention-samuel-amete-sarr-entre-justice-et-pronostic-vital\/#primaryimage\"},\"thumbnailUrl\":\"https:\/\/www.public.sn\/wp-content\/uploads\/2022\/12\/samuel-sarr.png\",\"datePublished\":\"2025-04-11T08:29:00+00:00\",\"description\":\"L\u2019ancien ministre Samuel Am\u00e8te Sarr, actuellement d\u00e9tenu au pavillon sp\u00e9cial de l\u2019h\u00f4pital Aristide Le Dantec, traverse une situation sanitaire jug\u00e9e critique par ses avocats. Selon eux, son \u00e9tat de sant\u00e9 se serait dangereusement d\u00e9grad\u00e9 derri\u00e8re les barreaux, au point de mettre en jeu son pronostic vital.\",\"breadcrumb\":{\"@id\":\"https:\/\/www.public.sn\/index.php\/2025\/04\/11\/sante-declinante-en-detention-samuel-amete-sarr-entre-justice-et-pronostic-vital\/#breadcrumb\"},\"inLanguage\":\"fr-FR\",\"potentialAction\":[{\"@type\":\"ReadAction\",\"target\":[\"https:\/\/www.public.sn\/index.php\/2025\/04\/11\/sante-declinante-en-detention-samuel-amete-sarr-entre-justice-et-pronostic-vital\/\"]}]},{\"@type\":\"ImageObject\",\"inLanguage\":\"fr-FR\",\"@id\":\"https:\/\/www.public.sn\/index.php\/2025\/04\/11\/sante-declinante-en-detention-samuel-amete-sarr-entre-justice-et-pronostic-vital\/#primaryimage\",\"url\":\"https:\/\/www.public.sn\/wp-content\/uploads\/2022\/12\/samuel-sarr.png\",\"contentUrl\":\"https:\/\/www.public.sn\/wp-content\/uploads\/2022\/12\/samuel-sarr.png\",\"width\":1402,\"height\":846},{\"@type\":\"BreadcrumbList\",\"@id\":\"https:\/\/www.public.sn\/index.php\/2025\/04\/11\/sante-declinante-en-detention-samuel-amete-sarr-entre-justice-et-pronostic-vital\/#breadcrumb\",\"itemListElement\":[{\"@type\":\"ListItem\",\"position\":1,\"name\":\"Accueil\",\"item\":\"https:\/\/www.public.sn\/\"},{\"@type\":\"ListItem\",\"position\":2,\"name\":\"Sant\u00e9 d\u00e9clinante en d\u00e9tention : Samuel Am\u00e8te Sarr entre justice et pronostic vital\"}]},{\"@type\":\"WebSite\",\"@id\":\"https:\/\/www.public.sn\/#website\",\"url\":\"https:\/\/www.public.sn\/\",\"name\":\"LE PUBLIC\",\"description\":\"\",\"publisher\":{\"@id\":\"https:\/\/www.public.sn\/#organization\"},\"potentialAction\":[{\"@type\":\"SearchAction\",\"target\":{\"@type\":\"EntryPoint\",\"urlTemplate\":\"https:\/\/www.public.sn\/?s={search_term_string}\"},\"query-input\":{\"@type\":\"PropertyValueSpecification\",\"valueRequired\":true,\"valueName\":\"search_term_string\"}}],\"inLanguage\":\"fr-FR\"},{\"@type\":\"Organization\",\"@id\":\"https:\/\/www.public.sn\/#organization\",\"name\":\"LE PUBLIC\",\"url\":\"https:\/\/www.public.sn\/\",\"logo\":{\"@type\":\"ImageObject\",\"inLanguage\":\"fr-FR\",\"@id\":\"https:\/\/www.public.sn\/#\/schema\/logo\/image\/\",\"url\":\"https:\/\/www.public.sn\/wp-content\/uploads\/2024\/05\/cropped-LOGO-PUBLIC.SN_.png\",\"contentUrl\":\"https:\/\/www.public.sn\/wp-content\/uploads\/2024\/05\/cropped-LOGO-PUBLIC.SN_.png\",\"width\":682,\"height\":192,\"caption\":\"LE PUBLIC\"},\"image\":{\"@id\":\"https:\/\/www.public.sn\/#\/schema\/logo\/image\/\"}},{\"@type\":\"Person\",\"@id\":\"https:\/\/www.public.sn\/#\/schema\/person\/e3f4a11b037d4203902db148f9bc8d5a\",\"name\":\"LA REDACTION\",\"image\":{\"@type\":\"ImageObject\",\"inLanguage\":\"fr-FR\",\"@id\":\"https:\/\/www.public.sn\/#\/schema\/person\/image\/\",\"url\":\"https:\/\/secure.gravatar.com\/avatar\/d6c030db45db2883c075085c5d6c6258654a801a93766b49af0b82d4f454e2a5?s=96&d=mm&r=g\",\"contentUrl\":\"https:\/\/secure.gravatar.com\/avatar\/d6c030db45db2883c075085c5d6c6258654a801a93766b49af0b82d4f454e2a5?s=96&d=mm&r=g\",\"caption\":\"LA REDACTION\"},\"sameAs\":[\"http:\/\/www.public.sn\"],\"url\":\"https:\/\/www.public.sn\/index.php\/author\/admin7324\/\"}]}<\/script>\n<!-- \/ Yoast SEO plugin. -->","yoast_head_json":{"title":"Sant\u00e9 d\u00e9clinante en d\u00e9tention : Samuel Am\u00e8te Sarr entre justice et pronostic vital - LE PUBLIC","description":"L\u2019ancien ministre Samuel Am\u00e8te Sarr, actuellement d\u00e9tenu au pavillon sp\u00e9cial de l\u2019h\u00f4pital Aristide Le Dantec, traverse une situation sanitaire jug\u00e9e critique par ses avocats. Selon eux, son \u00e9tat de sant\u00e9 se serait dangereusement d\u00e9grad\u00e9 derri\u00e8re les barreaux, au point de mettre en jeu son pronostic vital.","robots":{"index":"index","follow":"follow","max-snippet":"max-snippet:-1","max-image-preview":"max-image-preview:large","max-video-preview":"max-video-preview:-1"},"canonical":"https:\/\/www.public.sn\/index.php\/2025\/04\/11\/sante-declinante-en-detention-samuel-amete-sarr-entre-justice-et-pronostic-vital\/","og_locale":"fr_FR","og_type":"article","og_title":"Sant\u00e9 d\u00e9clinante en d\u00e9tention : Samuel Am\u00e8te Sarr entre justice et pronostic vital - LE PUBLIC","og_description":"L\u2019ancien ministre Samuel Am\u00e8te Sarr, actuellement d\u00e9tenu au pavillon sp\u00e9cial de l\u2019h\u00f4pital Aristide Le Dantec, traverse une situation sanitaire jug\u00e9e critique par ses avocats. Selon eux, son \u00e9tat de sant\u00e9 se serait dangereusement d\u00e9grad\u00e9 derri\u00e8re les barreaux, au point de mettre en jeu son pronostic vital.","og_url":"https:\/\/www.public.sn\/index.php\/2025\/04\/11\/sante-declinante-en-detention-samuel-amete-sarr-entre-justice-et-pronostic-vital\/","og_site_name":"LE PUBLIC","article_published_time":"2025-04-11T08:29:00+00:00","og_image":[{"width":1402,"height":846,"url":"https:\/\/www.public.sn\/wp-content\/uploads\/2022\/12\/samuel-sarr.png","type":"image\/png"}],"author":"LA REDACTION","twitter_card":"summary_large_image","twitter_misc":{"\u00c9crit par":"LA REDACTION","Dur\u00e9e de lecture estim\u00e9e":"2 minutes"},"schema":{"@context":"https:\/\/schema.org","@graph":[{"@type":"Article","@id":"https:\/\/www.public.sn\/index.php\/2025\/04\/11\/sante-declinante-en-detention-samuel-amete-sarr-entre-justice-et-pronostic-vital\/#article","isPartOf":{"@id":"https:\/\/www.public.sn\/index.php\/2025\/04\/11\/sante-declinante-en-detention-samuel-amete-sarr-entre-justice-et-pronostic-vital\/"},"author":{"name":"LA REDACTION","@id":"https:\/\/www.public.sn\/#\/schema\/person\/e3f4a11b037d4203902db148f9bc8d5a"},"headline":"Sant\u00e9 d\u00e9clinante en d\u00e9tention : Samuel Am\u00e8te Sarr entre justice et pronostic vital","datePublished":"2025-04-11T08:29:00+00:00","mainEntityOfPage":{"@id":"https:\/\/www.public.sn\/index.php\/2025\/04\/11\/sante-declinante-en-detention-samuel-amete-sarr-entre-justice-et-pronostic-vital\/"},"wordCount":252,"commentCount":0,"publisher":{"@id":"https:\/\/www.public.sn\/#organization"},"image":{"@id":"https:\/\/www.public.sn\/index.php\/2025\/04\/11\/sante-declinante-en-detention-samuel-amete-sarr-entre-justice-et-pronostic-vital\/#primaryimage"},"thumbnailUrl":"https:\/\/www.public.sn\/wp-content\/uploads\/2022\/12\/samuel-sarr.png","keywords":["Prison","Samuel Am\u00e8te Sarr","Sant\u00e9"],"articleSection":["ACTUALIT\u00c9S","POLITIQUE","SANT\u00c9","S\u00c9CURIT\u00c9 &amp; JUSTICE","VEDETTE"],"inLanguage":"fr-FR","potentialAction":[{"@type":"CommentAction","name":"Comment","target":["https:\/\/www.public.sn\/index.php\/2025\/04\/11\/sante-declinante-en-detention-samuel-amete-sarr-entre-justice-et-pronostic-vital\/#respond"]}]},{"@type":"WebPage","@id":"https:\/\/www.public.sn\/index.php\/2025\/04\/11\/sante-declinante-en-detention-samuel-amete-sarr-entre-justice-et-pronostic-vital\/","url":"https:\/\/www.public.sn\/index.php\/2025\/04\/11\/sante-declinante-en-detention-samuel-amete-sarr-entre-justice-et-pronostic-vital\/","name":"Sant\u00e9 d\u00e9clinante en d\u00e9tention : Samuel Am\u00e8te Sarr entre justice et pronostic vital - LE PUBLIC","isPartOf":{"@id":"https:\/\/www.public.sn\/#website"},"primaryImageOfPage":{"@id":"https:\/\/www.public.sn\/index.php\/2025\/04\/11\/sante-declinante-en-detention-samuel-amete-sarr-entre-justice-et-pronostic-vital\/#primaryimage"},"image":{"@id":"https:\/\/www.public.sn\/index.php\/2025\/04\/11\/sante-declinante-en-detention-samuel-amete-sarr-entre-justice-et-pronostic-vital\/#primaryimage"},"thumbnailUrl":"https:\/\/www.public.sn\/wp-content\/uploads\/2022\/12\/samuel-sarr.png","datePublished":"2025-04-11T08:29:00+00:00","description":"L\u2019ancien ministre Samuel Am\u00e8te Sarr, actuellement d\u00e9tenu au pavillon sp\u00e9cial de l\u2019h\u00f4pital Aristide Le Dantec, traverse une situation sanitaire jug\u00e9e critique par ses avocats. Selon eux, son \u00e9tat de sant\u00e9 se serait dangereusement d\u00e9grad\u00e9 derri\u00e8re les barreaux, au point de mettre en jeu son pronostic vital.","breadcrumb":{"@id":"https:\/\/www.public.sn\/index.php\/2025\/04\/11\/sante-declinante-en-detention-samuel-amete-sarr-entre-justice-et-pronostic-vital\/#breadcrumb"},"inLanguage":"fr-FR","potentialAction":[{"@type":"ReadAction","target":["https:\/\/www.public.sn\/index.php\/2025\/04\/11\/sante-declinante-en-detention-samuel-amete-sarr-entre-justice-et-pronostic-vital\/"]}]},{"@type":"ImageObject","inLanguage":"fr-FR","@id":"https:\/\/www.public.sn\/index.php\/2025\/04\/11\/sante-declinante-en-detention-samuel-amete-sarr-entre-justice-et-pronostic-vital\/#primaryimage","url":"https:\/\/www.public.sn\/wp-content\/uploads\/2022\/12\/samuel-sarr.png","contentUrl":"https:\/\/www.public.sn\/wp-content\/uploads\/2022\/12\/samuel-sarr.png","width":1402,"height":846},{"@type":"BreadcrumbList","@id":"https:\/\/www.public.sn\/index.php\/2025\/04\/11\/sante-declinante-en-detention-samuel-amete-sarr-entre-justice-et-pronostic-vital\/#breadcrumb","itemListElement":[{"@type":"ListItem","position":1,"name":"Accueil","item":"https:\/\/www.public.sn\/"},{"@type":"ListItem","position":2,"name":"Sant\u00e9 d\u00e9clinante en d\u00e9tention : Samuel Am\u00e8te Sarr entre justice et pronostic vital"}]},{"@type":"WebSite","@id":"https:\/\/www.public.sn\/#website","url":"https:\/\/www.public.sn\/","name":"LE PUBLIC","description":"","publisher":{"@id":"https:\/\/www.public.sn\/#organization"},"potentialAction":[{"@type":"SearchAction","target":{"@type":"EntryPoint","urlTemplate":"https:\/\/www.public.sn\/?s={search_term_string}"},"query-input":{"@type":"PropertyValueSpecification","valueRequired":true,"valueName":"search_term_string"}}],"inLanguage":"fr-FR"},{"@type":"Organization","@id":"https:\/\/www.public.sn\/#organization","name":"LE PUBLIC","url":"https:\/\/www.public.sn\/","logo":{"@type":"ImageObject","inLanguage":"fr-FR","@id":"https:\/\/www.public.sn\/#\/schema\/logo\/image\/","url":"https:\/\/www.public.sn\/wp-content\/uploads\/2024\/05\/cropped-LOGO-PUBLIC.SN_.png","contentUrl":"https:\/\/www.public.sn\/wp-content\/uploads\/2024\/05\/cropped-LOGO-PUBLIC.SN_.png","width":682,"height":192,"caption":"LE PUBLIC"},"image":{"@id":"https:\/\/www.public.sn\/#\/schema\/logo\/image\/"}},{"@type":"Person","@id":"https:\/\/www.public.sn\/#\/schema\/person\/e3f4a11b037d4203902db148f9bc8d5a","name":"LA REDACTION","image":{"@type":"ImageObject","inLanguage":"fr-FR","@id":"https:\/\/www.public.sn\/#\/schema\/person\/image\/","url":"https:\/\/secure.gravatar.com\/avatar\/d6c030db45db2883c075085c5d6c6258654a801a93766b49af0b82d4f454e2a5?s=96&d=mm&r=g","contentUrl":"https:\/\/secure.gravatar.com\/avatar\/d6c030db45db2883c075085c5d6c6258654a801a93766b49af0b82d4f454e2a5?s=96&d=mm&r=g","caption":"LA REDACTION"},"sameAs":["http:\/\/www.public.sn"],"url":"https:\/\/www.public.sn\/index.php\/author\/admin7324\/"}]}},"jetpack_featured_media_url":"https:\/\/www.public.sn\/wp-content\/uploads\/2022\/12\/samuel-sarr.png","jetpack_sharing_enabled":true,"_links":{"self":[{"href":"https:\/\/www.public.sn\/index.php\/wp-json\/wp\/v2\/posts\/37402","targetHints":{"allow":["GET"]}}],"collection":[{"href":"https:\/\/www.public.sn\/index.php\/wp-json\/wp\/v2\/posts"}],"about":[{"href":"https:\/\/www.public.sn\/index.php\/wp-json\/wp\/v2\/types\/post"}],"author":[{"embeddable":true,"href":"https:\/\/www.public.sn\/index.php\/wp-json\/wp\/v2\/users\/1"}],"replies":[{"embeddable":true,"href":"https:\/\/www.public.sn\/index.php\/wp-json\/wp\/v2\/comments?post=37402"}],"version-history":[{"count":1,"href":"https:\/\/www.public.sn\/index.php\/wp-json\/wp\/v2\/posts\/37402\/revisions"}],"predecessor-version":[{"id":37403,"href":"https:\/\/www.public.sn\/index.php\/wp-json\/wp\/v2\/posts\/37402\/revisions\/37403"}],"wp:featuredmedia":[{"embeddable":true,"href":"https:\/\/www.public.sn\/index.php\/wp-json\/wp\/v2\/media\/11033"}],"wp:attachment":[{"href":"https:\/\/www.public.sn\/index.php\/wp-json\/wp\/v2\/media?parent=37402"}],"wp:term":[{"taxonomy":"category","embeddable":true,"href":"https:\/\/www.public.sn\/index.php\/wp-json\/wp\/v2\/categories?post=37402"},{"taxonomy":"post_tag","embeddable":true,"href":"https:\/\/www.public.sn\/index.php\/wp-json\/wp\/v2\/tags?post=37402"}],"curies":[{"name":"wp","href":"https:\/\/api.w.org\/{rel}","templated":true}]}}