{"id":37406,"date":"2025-04-11T09:35:00","date_gmt":"2025-04-11T09:35:00","guid":{"rendered":"https:\/\/www.public.sn\/?p=37406"},"modified":"2025-04-11T08:54:22","modified_gmt":"2025-04-11T08:54:22","slug":"deuil-lafp-reporte-son-congres","status":"publish","type":"post","link":"https:\/\/www.public.sn\/index.php\/2025\/04\/11\/deuil-lafp-reporte-son-congres\/","title":{"rendered":"Deuil : l\u2019AFP reporte son congr\u00e8s"},"content":{"rendered":"\n<p>En raison de la disparition du Khalife g\u00e9n\u00e9ral des Lay\u00e8nes, Seydina Mouhamadou Makhtar Laye, et du Pr\u00e9sident du Conseil constitutionnel, Mamadou Badio Camara, l\u2019Alliance des Forces de Progr\u00e8s (AFP) a pris la d\u00e9cision de reporter son congr\u00e8s. Initialement pr\u00e9vu pour le samedi 12 avril, l\u2019\u00e9v\u00e9nement est ajourn\u00e9 \u00e0 une date qui sera communiqu\u00e9e ult\u00e9rieurement. C\u2019est ce qu\u2019indique un communiqu\u00e9 de presse diffus\u00e9 par l\u2019AFP le jeudi 10 avril.<\/p><div class=\"publi-paragraphe1\" style=\"margin-top: 10px;margin-bottom: 10px;margin-left: auto;margin-right: auto;text-align: center;\" id=\"publi-941260142\"><div class=\"publi-adlabel\">Publicit\u00e9<\/div><script async src=\"\/\/pagead2.googlesyndication.com\/pagead\/js\/adsbygoogle.js?client=ca-pub-4089586018074219\" crossorigin=\"anonymous\"><\/script><ins class=\"adsbygoogle\" style=\"display:block;\" data-ad-client=\"ca-pub-4089586018074219\" \ndata-ad-slot=\"2087940154\" \ndata-ad-format=\"auto\"><\/ins>\n<script> \n(adsbygoogle = window.adsbygoogle || []).push({}); \n<\/script>\n<\/div>\n\n\n\n<p>Les soutiens du parti politique et les observateurs de la sc\u00e8ne politique nationale devront ainsi patienter avant de conna\u00eetre le successeur de Moustapha Niasse \u00e0 la t\u00eate de l\u2019AFP. Ce report, justifi\u00e9 par un \u00ab&nbsp;double deuil qui a frapp\u00e9 le S\u00e9n\u00e9gal&nbsp;\u00bb, r\u00e9sulte d\u2019une large concertation, pr\u00e9cise le parti dans son communiqu\u00e9. \u00ab&nbsp;Le Secr\u00e9taire g\u00e9n\u00e9ral de l\u2019AFP, Moustapha Niasse, et tous les militants s\u2019inclinent, avec \u00e9motion et recueillement, devant la m\u00e9moire des illustres disparus et prient pour leur accueil en Paradis&nbsp;\u00bb, peut-on lire dans le document.<\/p>\n<div class=\"publi-apres-le-contenu\" style=\"margin-top: 10px;margin-bottom: 10px;margin-left: auto;margin-right: auto;text-align: center;\" id=\"publi-546154705\"><div class=\"publi-adlabel\">Publicit\u00e9<\/div><script async src=\"\/\/pagead2.googlesyndication.com\/pagead\/js\/adsbygoogle.js?client=ca-pub-4089586018074219\" crossorigin=\"anonymous\"><\/script><ins class=\"adsbygoogle\" style=\"display:block;\" data-ad-client=\"ca-pub-4089586018074219\" \ndata-ad-slot=\"2087940154\" \ndata-ad-format=\"auto\"><\/ins>\n<script> \n(adsbygoogle = window.adsbygoogle || []).push({}); \n<\/script>\n<\/div>","protected":false},"excerpt":{"rendered":"<p>En raison de la disparition du Khalife g\u00e9n\u00e9ral des Lay\u00e8nes, Seydina Mouhamadou Makhtar Laye, et du Pr\u00e9sident du Conseil constitutionnel, Mamadou Badio Camara, l\u2019Alliance des Forces de Progr\u00e8s (AFP) a pris la d\u00e9cision de reporter son congr\u00e8s. Initialement pr\u00e9vu pour le samedi 12 avril, l\u2019\u00e9v\u00e9nement est ajourn\u00e9 \u00e0 une date qui sera communiqu\u00e9e ult\u00e9rieurement. C\u2019est ce qu\u2019indique un communiqu\u00e9 de presse diffus\u00e9 par l\u2019AFP le jeudi 10 avril. Les soutiens du parti politique et les observateurs de la sc\u00e8ne politique nationale devront ainsi patienter avant de conna\u00eetre le successeur de Moustapha Niasse \u00e0 la t\u00eate de l\u2019AFP. Ce report, justifi\u00e9 par un \u00ab&nbsp;double deuil qui a frapp\u00e9 le S\u00e9n\u00e9gal&nbsp;\u00bb, r\u00e9sulte d\u2019une large concertation, pr\u00e9cise le parti dans son communiqu\u00e9. \u00ab&nbsp;Le Secr\u00e9taire g\u00e9n\u00e9ral de l\u2019AFP, Moustapha Niasse, et tous les militants s\u2019inclinent, avec \u00e9motion et recueillement, devant la m\u00e9moire des illustres disparus et prient pour leur accueil en Paradis&nbsp;\u00bb, peut-on lire dans le document.<\/p>\n","protected":false},"author":1,"featured_media":37407,"comment_status":"open","ping_status":"open","sticky":false,"template":"","format":"standard","meta":{"_jetpack_memberships_contains_paid_content":false,"footnotes":""},"categories":[1],"tags":[4091,7510,395],"class_list":["post-37406","post","type-post","status-publish","format-standard","has-post-thumbnail","hentry","category-non-classe","tag-afp","tag-congres-2","tag-report","entry","has-media","owp-thumbs-layout-horizontal","owp-btn-normal","owp-tabs-layout-horizontal","has-no-thumbnails","has-product-nav"],"yoast_head":"<!-- This site is optimized with the Yoast SEO plugin v25.5 - https:\/\/yoast.com\/wordpress\/plugins\/seo\/ -->\n<title>Deuil : l\u2019AFP reporte son congr\u00e8s - LE PUBLIC<\/title>\n<meta name=\"description\" content=\"En raison de la disparition du Khalife g\u00e9n\u00e9ral des Lay\u00e8nes, Seydina Mouhamadou Makhtar Laye, et du Pr\u00e9sident du Conseil constitutionnel, Mamadou Badio Camara, l\u2019Alliance des Forces de Progr\u00e8s (AFP) a pris la d\u00e9cision de reporter son congr\u00e8s. Initialement pr\u00e9vu pour le samedi 12 avril, l\u2019\u00e9v\u00e9nement est ajourn\u00e9 \u00e0 une date qui sera communiqu\u00e9e ult\u00e9rieurement. C\u2019est ce qu\u2019indique un communiqu\u00e9 de presse diffus\u00e9 par l\u2019AFP le jeudi 10 avril.\" \/>\n<meta name=\"robots\" content=\"index, follow, max-snippet:-1, max-image-preview:large, max-video-preview:-1\" \/>\n<link rel=\"canonical\" href=\"https:\/\/www.public.sn\/index.php\/2025\/04\/11\/deuil-lafp-reporte-son-congres\/\" \/>\n<meta property=\"og:locale\" content=\"fr_FR\" \/>\n<meta property=\"og:type\" content=\"article\" \/>\n<meta property=\"og:title\" content=\"Deuil : l\u2019AFP reporte son congr\u00e8s - LE PUBLIC\" \/>\n<meta property=\"og:description\" content=\"En raison de la disparition du Khalife g\u00e9n\u00e9ral des Lay\u00e8nes, Seydina Mouhamadou Makhtar Laye, et du Pr\u00e9sident du Conseil constitutionnel, Mamadou Badio Camara, l\u2019Alliance des Forces de Progr\u00e8s (AFP) a pris la d\u00e9cision de reporter son congr\u00e8s. Initialement pr\u00e9vu pour le samedi 12 avril, l\u2019\u00e9v\u00e9nement est ajourn\u00e9 \u00e0 une date qui sera communiqu\u00e9e ult\u00e9rieurement. C\u2019est ce qu\u2019indique un communiqu\u00e9 de presse diffus\u00e9 par l\u2019AFP le jeudi 10 avril.\" \/>\n<meta property=\"og:url\" content=\"https:\/\/www.public.sn\/index.php\/2025\/04\/11\/deuil-lafp-reporte-son-congres\/\" \/>\n<meta property=\"og:site_name\" content=\"LE PUBLIC\" \/>\n<meta property=\"article:published_time\" content=\"2025-04-11T09:35:00+00:00\" \/>\n<meta property=\"og:image\" content=\"https:\/\/www.public.sn\/wp-content\/uploads\/2025\/04\/LAFP-reporte-son-congres-en-raison-du-double-deuil-national-au-Senegal_thumbnail.jpg\" \/>\n\t<meta property=\"og:image:width\" content=\"699\" \/>\n\t<meta property=\"og:image:height\" content=\"464\" \/>\n\t<meta property=\"og:image:type\" content=\"image\/jpeg\" \/>\n<meta name=\"author\" content=\"LA REDACTION\" \/>\n<meta name=\"twitter:card\" content=\"summary_large_image\" \/>\n<meta name=\"twitter:label1\" content=\"\u00c9crit par\" \/>\n\t<meta name=\"twitter:data1\" content=\"LA REDACTION\" \/>\n\t<meta name=\"twitter:label2\" content=\"Dur\u00e9e de lecture estim\u00e9e\" \/>\n\t<meta name=\"twitter:data2\" content=\"1 minute\" \/>\n<script type=\"application\/ld+json\" class=\"yoast-schema-graph\">{\"@context\":\"https:\/\/schema.org\",\"@graph\":[{\"@type\":\"Article\",\"@id\":\"https:\/\/www.public.sn\/index.php\/2025\/04\/11\/deuil-lafp-reporte-son-congres\/#article\",\"isPartOf\":{\"@id\":\"https:\/\/www.public.sn\/index.php\/2025\/04\/11\/deuil-lafp-reporte-son-congres\/\"},\"author\":{\"name\":\"LA REDACTION\",\"@id\":\"https:\/\/www.public.sn\/#\/schema\/person\/e3f4a11b037d4203902db148f9bc8d5a\"},\"headline\":\"Deuil : l\u2019AFP reporte son congr\u00e8s\",\"datePublished\":\"2025-04-11T09:35:00+00:00\",\"mainEntityOfPage\":{\"@id\":\"https:\/\/www.public.sn\/index.php\/2025\/04\/11\/deuil-lafp-reporte-son-congres\/\"},\"wordCount\":191,\"commentCount\":0,\"publisher\":{\"@id\":\"https:\/\/www.public.sn\/#organization\"},\"image\":{\"@id\":\"https:\/\/www.public.sn\/index.php\/2025\/04\/11\/deuil-lafp-reporte-son-congres\/#primaryimage\"},\"thumbnailUrl\":\"https:\/\/www.public.sn\/wp-content\/uploads\/2025\/04\/LAFP-reporte-son-congres-en-raison-du-double-deuil-national-au-Senegal_thumbnail.jpg\",\"keywords\":[\"AFP\",\"Congr\u00e8s\",\"Report\"],\"articleSection\":[\"S\u00c9N\u00c9GAL\"],\"inLanguage\":\"fr-FR\",\"potentialAction\":[{\"@type\":\"CommentAction\",\"name\":\"Comment\",\"target\":[\"https:\/\/www.public.sn\/index.php\/2025\/04\/11\/deuil-lafp-reporte-son-congres\/#respond\"]}]},{\"@type\":\"WebPage\",\"@id\":\"https:\/\/www.public.sn\/index.php\/2025\/04\/11\/deuil-lafp-reporte-son-congres\/\",\"url\":\"https:\/\/www.public.sn\/index.php\/2025\/04\/11\/deuil-lafp-reporte-son-congres\/\",\"name\":\"Deuil : l\u2019AFP reporte son congr\u00e8s - LE PUBLIC\",\"isPartOf\":{\"@id\":\"https:\/\/www.public.sn\/#website\"},\"primaryImageOfPage\":{\"@id\":\"https:\/\/www.public.sn\/index.php\/2025\/04\/11\/deuil-lafp-reporte-son-congres\/#primaryimage\"},\"image\":{\"@id\":\"https:\/\/www.public.sn\/index.php\/2025\/04\/11\/deuil-lafp-reporte-son-congres\/#primaryimage\"},\"thumbnailUrl\":\"https:\/\/www.public.sn\/wp-content\/uploads\/2025\/04\/LAFP-reporte-son-congres-en-raison-du-double-deuil-national-au-Senegal_thumbnail.jpg\",\"datePublished\":\"2025-04-11T09:35:00+00:00\",\"description\":\"En raison de la disparition du Khalife g\u00e9n\u00e9ral des Lay\u00e8nes, Seydina Mouhamadou Makhtar Laye, et du Pr\u00e9sident du Conseil constitutionnel, Mamadou Badio Camara, l\u2019Alliance des Forces de Progr\u00e8s (AFP) a pris la d\u00e9cision de reporter son congr\u00e8s. Initialement pr\u00e9vu pour le samedi 12 avril, l\u2019\u00e9v\u00e9nement est ajourn\u00e9 \u00e0 une date qui sera communiqu\u00e9e ult\u00e9rieurement. C\u2019est ce qu\u2019indique un communiqu\u00e9 de presse diffus\u00e9 par l\u2019AFP le jeudi 10 avril.\",\"breadcrumb\":{\"@id\":\"https:\/\/www.public.sn\/index.php\/2025\/04\/11\/deuil-lafp-reporte-son-congres\/#breadcrumb\"},\"inLanguage\":\"fr-FR\",\"potentialAction\":[{\"@type\":\"ReadAction\",\"target\":[\"https:\/\/www.public.sn\/index.php\/2025\/04\/11\/deuil-lafp-reporte-son-congres\/\"]}]},{\"@type\":\"ImageObject\",\"inLanguage\":\"fr-FR\",\"@id\":\"https:\/\/www.public.sn\/index.php\/2025\/04\/11\/deuil-lafp-reporte-son-congres\/#primaryimage\",\"url\":\"https:\/\/www.public.sn\/wp-content\/uploads\/2025\/04\/LAFP-reporte-son-congres-en-raison-du-double-deuil-national-au-Senegal_thumbnail.jpg\",\"contentUrl\":\"https:\/\/www.public.sn\/wp-content\/uploads\/2025\/04\/LAFP-reporte-son-congres-en-raison-du-double-deuil-national-au-Senegal_thumbnail.jpg\",\"width\":699,\"height\":464},{\"@type\":\"BreadcrumbList\",\"@id\":\"https:\/\/www.public.sn\/index.php\/2025\/04\/11\/deuil-lafp-reporte-son-congres\/#breadcrumb\",\"itemListElement\":[{\"@type\":\"ListItem\",\"position\":1,\"name\":\"Accueil\",\"item\":\"https:\/\/www.public.sn\/\"},{\"@type\":\"ListItem\",\"position\":2,\"name\":\"Deuil : l\u2019AFP reporte son congr\u00e8s\"}]},{\"@type\":\"WebSite\",\"@id\":\"https:\/\/www.public.sn\/#website\",\"url\":\"https:\/\/www.public.sn\/\",\"name\":\"LE PUBLIC\",\"description\":\"\",\"publisher\":{\"@id\":\"https:\/\/www.public.sn\/#organization\"},\"potentialAction\":[{\"@type\":\"SearchAction\",\"target\":{\"@type\":\"EntryPoint\",\"urlTemplate\":\"https:\/\/www.public.sn\/?s={search_term_string}\"},\"query-input\":{\"@type\":\"PropertyValueSpecification\",\"valueRequired\":true,\"valueName\":\"search_term_string\"}}],\"inLanguage\":\"fr-FR\"},{\"@type\":\"Organization\",\"@id\":\"https:\/\/www.public.sn\/#organization\",\"name\":\"LE PUBLIC\",\"url\":\"https:\/\/www.public.sn\/\",\"logo\":{\"@type\":\"ImageObject\",\"inLanguage\":\"fr-FR\",\"@id\":\"https:\/\/www.public.sn\/#\/schema\/logo\/image\/\",\"url\":\"https:\/\/www.public.sn\/wp-content\/uploads\/2024\/05\/cropped-LOGO-PUBLIC.SN_.png\",\"contentUrl\":\"https:\/\/www.public.sn\/wp-content\/uploads\/2024\/05\/cropped-LOGO-PUBLIC.SN_.png\",\"width\":682,\"height\":192,\"caption\":\"LE PUBLIC\"},\"image\":{\"@id\":\"https:\/\/www.public.sn\/#\/schema\/logo\/image\/\"}},{\"@type\":\"Person\",\"@id\":\"https:\/\/www.public.sn\/#\/schema\/person\/e3f4a11b037d4203902db148f9bc8d5a\",\"name\":\"LA REDACTION\",\"image\":{\"@type\":\"ImageObject\",\"inLanguage\":\"fr-FR\",\"@id\":\"https:\/\/www.public.sn\/#\/schema\/person\/image\/\",\"url\":\"https:\/\/secure.gravatar.com\/avatar\/d6c030db45db2883c075085c5d6c6258654a801a93766b49af0b82d4f454e2a5?s=96&d=mm&r=g\",\"contentUrl\":\"https:\/\/secure.gravatar.com\/avatar\/d6c030db45db2883c075085c5d6c6258654a801a93766b49af0b82d4f454e2a5?s=96&d=mm&r=g\",\"caption\":\"LA REDACTION\"},\"sameAs\":[\"http:\/\/www.public.sn\"],\"url\":\"https:\/\/www.public.sn\/index.php\/author\/admin7324\/\"}]}<\/script>\n<!-- \/ Yoast SEO plugin. -->","yoast_head_json":{"title":"Deuil : l\u2019AFP reporte son congr\u00e8s - LE PUBLIC","description":"En raison de la disparition du Khalife g\u00e9n\u00e9ral des Lay\u00e8nes, Seydina Mouhamadou Makhtar Laye, et du Pr\u00e9sident du Conseil constitutionnel, Mamadou Badio Camara, l\u2019Alliance des Forces de Progr\u00e8s (AFP) a pris la d\u00e9cision de reporter son congr\u00e8s. Initialement pr\u00e9vu pour le samedi 12 avril, l\u2019\u00e9v\u00e9nement est ajourn\u00e9 \u00e0 une date qui sera communiqu\u00e9e ult\u00e9rieurement. C\u2019est ce qu\u2019indique un communiqu\u00e9 de presse diffus\u00e9 par l\u2019AFP le jeudi 10 avril.","robots":{"index":"index","follow":"follow","max-snippet":"max-snippet:-1","max-image-preview":"max-image-preview:large","max-video-preview":"max-video-preview:-1"},"canonical":"https:\/\/www.public.sn\/index.php\/2025\/04\/11\/deuil-lafp-reporte-son-congres\/","og_locale":"fr_FR","og_type":"article","og_title":"Deuil : l\u2019AFP reporte son congr\u00e8s - LE PUBLIC","og_description":"En raison de la disparition du Khalife g\u00e9n\u00e9ral des Lay\u00e8nes, Seydina Mouhamadou Makhtar Laye, et du Pr\u00e9sident du Conseil constitutionnel, Mamadou Badio Camara, l\u2019Alliance des Forces de Progr\u00e8s (AFP) a pris la d\u00e9cision de reporter son congr\u00e8s. Initialement pr\u00e9vu pour le samedi 12 avril, l\u2019\u00e9v\u00e9nement est ajourn\u00e9 \u00e0 une date qui sera communiqu\u00e9e ult\u00e9rieurement. C\u2019est ce qu\u2019indique un communiqu\u00e9 de presse diffus\u00e9 par l\u2019AFP le jeudi 10 avril.","og_url":"https:\/\/www.public.sn\/index.php\/2025\/04\/11\/deuil-lafp-reporte-son-congres\/","og_site_name":"LE PUBLIC","article_published_time":"2025-04-11T09:35:00+00:00","og_image":[{"width":699,"height":464,"url":"https:\/\/www.public.sn\/wp-content\/uploads\/2025\/04\/LAFP-reporte-son-congres-en-raison-du-double-deuil-national-au-Senegal_thumbnail.jpg","type":"image\/jpeg"}],"author":"LA REDACTION","twitter_card":"summary_large_image","twitter_misc":{"\u00c9crit par":"LA REDACTION","Dur\u00e9e de lecture estim\u00e9e":"1 minute"},"schema":{"@context":"https:\/\/schema.org","@graph":[{"@type":"Article","@id":"https:\/\/www.public.sn\/index.php\/2025\/04\/11\/deuil-lafp-reporte-son-congres\/#article","isPartOf":{"@id":"https:\/\/www.public.sn\/index.php\/2025\/04\/11\/deuil-lafp-reporte-son-congres\/"},"author":{"name":"LA REDACTION","@id":"https:\/\/www.public.sn\/#\/schema\/person\/e3f4a11b037d4203902db148f9bc8d5a"},"headline":"Deuil : l\u2019AFP reporte son congr\u00e8s","datePublished":"2025-04-11T09:35:00+00:00","mainEntityOfPage":{"@id":"https:\/\/www.public.sn\/index.php\/2025\/04\/11\/deuil-lafp-reporte-son-congres\/"},"wordCount":191,"commentCount":0,"publisher":{"@id":"https:\/\/www.public.sn\/#organization"},"image":{"@id":"https:\/\/www.public.sn\/index.php\/2025\/04\/11\/deuil-lafp-reporte-son-congres\/#primaryimage"},"thumbnailUrl":"https:\/\/www.public.sn\/wp-content\/uploads\/2025\/04\/LAFP-reporte-son-congres-en-raison-du-double-deuil-national-au-Senegal_thumbnail.jpg","keywords":["AFP","Congr\u00e8s","Report"],"articleSection":["S\u00c9N\u00c9GAL"],"inLanguage":"fr-FR","potentialAction":[{"@type":"CommentAction","name":"Comment","target":["https:\/\/www.public.sn\/index.php\/2025\/04\/11\/deuil-lafp-reporte-son-congres\/#respond"]}]},{"@type":"WebPage","@id":"https:\/\/www.public.sn\/index.php\/2025\/04\/11\/deuil-lafp-reporte-son-congres\/","url":"https:\/\/www.public.sn\/index.php\/2025\/04\/11\/deuil-lafp-reporte-son-congres\/","name":"Deuil : l\u2019AFP reporte son congr\u00e8s - LE PUBLIC","isPartOf":{"@id":"https:\/\/www.public.sn\/#website"},"primaryImageOfPage":{"@id":"https:\/\/www.public.sn\/index.php\/2025\/04\/11\/deuil-lafp-reporte-son-congres\/#primaryimage"},"image":{"@id":"https:\/\/www.public.sn\/index.php\/2025\/04\/11\/deuil-lafp-reporte-son-congres\/#primaryimage"},"thumbnailUrl":"https:\/\/www.public.sn\/wp-content\/uploads\/2025\/04\/LAFP-reporte-son-congres-en-raison-du-double-deuil-national-au-Senegal_thumbnail.jpg","datePublished":"2025-04-11T09:35:00+00:00","description":"En raison de la disparition du Khalife g\u00e9n\u00e9ral des Lay\u00e8nes, Seydina Mouhamadou Makhtar Laye, et du Pr\u00e9sident du Conseil constitutionnel, Mamadou Badio Camara, l\u2019Alliance des Forces de Progr\u00e8s (AFP) a pris la d\u00e9cision de reporter son congr\u00e8s. Initialement pr\u00e9vu pour le samedi 12 avril, l\u2019\u00e9v\u00e9nement est ajourn\u00e9 \u00e0 une date qui sera communiqu\u00e9e ult\u00e9rieurement. C\u2019est ce qu\u2019indique un communiqu\u00e9 de presse diffus\u00e9 par l\u2019AFP le jeudi 10 avril.","breadcrumb":{"@id":"https:\/\/www.public.sn\/index.php\/2025\/04\/11\/deuil-lafp-reporte-son-congres\/#breadcrumb"},"inLanguage":"fr-FR","potentialAction":[{"@type":"ReadAction","target":["https:\/\/www.public.sn\/index.php\/2025\/04\/11\/deuil-lafp-reporte-son-congres\/"]}]},{"@type":"ImageObject","inLanguage":"fr-FR","@id":"https:\/\/www.public.sn\/index.php\/2025\/04\/11\/deuil-lafp-reporte-son-congres\/#primaryimage","url":"https:\/\/www.public.sn\/wp-content\/uploads\/2025\/04\/LAFP-reporte-son-congres-en-raison-du-double-deuil-national-au-Senegal_thumbnail.jpg","contentUrl":"https:\/\/www.public.sn\/wp-content\/uploads\/2025\/04\/LAFP-reporte-son-congres-en-raison-du-double-deuil-national-au-Senegal_thumbnail.jpg","width":699,"height":464},{"@type":"BreadcrumbList","@id":"https:\/\/www.public.sn\/index.php\/2025\/04\/11\/deuil-lafp-reporte-son-congres\/#breadcrumb","itemListElement":[{"@type":"ListItem","position":1,"name":"Accueil","item":"https:\/\/www.public.sn\/"},{"@type":"ListItem","position":2,"name":"Deuil : l\u2019AFP reporte son congr\u00e8s"}]},{"@type":"WebSite","@id":"https:\/\/www.public.sn\/#website","url":"https:\/\/www.public.sn\/","name":"LE PUBLIC","description":"","publisher":{"@id":"https:\/\/www.public.sn\/#organization"},"potentialAction":[{"@type":"SearchAction","target":{"@type":"EntryPoint","urlTemplate":"https:\/\/www.public.sn\/?s={search_term_string}"},"query-input":{"@type":"PropertyValueSpecification","valueRequired":true,"valueName":"search_term_string"}}],"inLanguage":"fr-FR"},{"@type":"Organization","@id":"https:\/\/www.public.sn\/#organization","name":"LE PUBLIC","url":"https:\/\/www.public.sn\/","logo":{"@type":"ImageObject","inLanguage":"fr-FR","@id":"https:\/\/www.public.sn\/#\/schema\/logo\/image\/","url":"https:\/\/www.public.sn\/wp-content\/uploads\/2024\/05\/cropped-LOGO-PUBLIC.SN_.png","contentUrl":"https:\/\/www.public.sn\/wp-content\/uploads\/2024\/05\/cropped-LOGO-PUBLIC.SN_.png","width":682,"height":192,"caption":"LE PUBLIC"},"image":{"@id":"https:\/\/www.public.sn\/#\/schema\/logo\/image\/"}},{"@type":"Person","@id":"https:\/\/www.public.sn\/#\/schema\/person\/e3f4a11b037d4203902db148f9bc8d5a","name":"LA REDACTION","image":{"@type":"ImageObject","inLanguage":"fr-FR","@id":"https:\/\/www.public.sn\/#\/schema\/person\/image\/","url":"https:\/\/secure.gravatar.com\/avatar\/d6c030db45db2883c075085c5d6c6258654a801a93766b49af0b82d4f454e2a5?s=96&d=mm&r=g","contentUrl":"https:\/\/secure.gravatar.com\/avatar\/d6c030db45db2883c075085c5d6c6258654a801a93766b49af0b82d4f454e2a5?s=96&d=mm&r=g","caption":"LA REDACTION"},"sameAs":["http:\/\/www.public.sn"],"url":"https:\/\/www.public.sn\/index.php\/author\/admin7324\/"}]}},"jetpack_featured_media_url":"https:\/\/www.public.sn\/wp-content\/uploads\/2025\/04\/LAFP-reporte-son-congres-en-raison-du-double-deuil-national-au-Senegal_thumbnail.jpg","jetpack_sharing_enabled":true,"_links":{"self":[{"href":"https:\/\/www.public.sn\/index.php\/wp-json\/wp\/v2\/posts\/37406","targetHints":{"allow":["GET"]}}],"collection":[{"href":"https:\/\/www.public.sn\/index.php\/wp-json\/wp\/v2\/posts"}],"about":[{"href":"https:\/\/www.public.sn\/index.php\/wp-json\/wp\/v2\/types\/post"}],"author":[{"embeddable":true,"href":"https:\/\/www.public.sn\/index.php\/wp-json\/wp\/v2\/users\/1"}],"replies":[{"embeddable":true,"href":"https:\/\/www.public.sn\/index.php\/wp-json\/wp\/v2\/comments?post=37406"}],"version-history":[{"count":1,"href":"https:\/\/www.public.sn\/index.php\/wp-json\/wp\/v2\/posts\/37406\/revisions"}],"predecessor-version":[{"id":37408,"href":"https:\/\/www.public.sn\/index.php\/wp-json\/wp\/v2\/posts\/37406\/revisions\/37408"}],"wp:featuredmedia":[{"embeddable":true,"href":"https:\/\/www.public.sn\/index.php\/wp-json\/wp\/v2\/media\/37407"}],"wp:attachment":[{"href":"https:\/\/www.public.sn\/index.php\/wp-json\/wp\/v2\/media?parent=37406"}],"wp:term":[{"taxonomy":"category","embeddable":true,"href":"https:\/\/www.public.sn\/index.php\/wp-json\/wp\/v2\/categories?post=37406"},{"taxonomy":"post_tag","embeddable":true,"href":"https:\/\/www.public.sn\/index.php\/wp-json\/wp\/v2\/tags?post=37406"}],"curies":[{"name":"wp","href":"https:\/\/api.w.org\/{rel}","templated":true}]}}