{"id":37423,"date":"2025-04-11T14:47:00","date_gmt":"2025-04-11T14:47:00","guid":{"rendered":"https:\/\/www.public.sn\/?p=37423"},"modified":"2025-04-11T13:57:14","modified_gmt":"2025-04-11T13:57:14","slug":"sommet-de-la-fpu-a-seoul-le-discours-de-macky-sall-video","status":"publish","type":"post","link":"https:\/\/www.public.sn\/index.php\/2025\/04\/11\/sommet-de-la-fpu-a-seoul-le-discours-de-macky-sall-video\/","title":{"rendered":"Sommet de la FPU \u00e0 S\u00e9oul : le discours de Macky Sall (Vid\u00e9o)"},"content":{"rendered":"\n<p><strong>Pr\u00e9sent \u00e0 S\u00e9oul ce 11 avril 2025 \u00e0 l\u2019occasion du Sommet mondial de la F\u00e9d\u00e9ration pour la paix universelle (FPU), l\u2019ancien pr\u00e9sident s\u00e9n\u00e9galais Macky Sall a pris part \u00e0 la c\u00e9r\u00e9monie de remise du prestigieux Prix Sunhak pour la paix. L\u2019\u00e9v\u00e9nement a rassembl\u00e9 d\u2019\u00e9minentes personnalit\u00e9s du monde entier, engag\u00e9es pour la promotion de la paix, du d\u00e9veloppement durable et de la fraternit\u00e9 humaine.<\/strong><\/p><div class=\"publi-paragraphe1\" style=\"margin-top: 10px;margin-bottom: 10px;margin-left: auto;margin-right: auto;text-align: center;\" id=\"publi-792256556\"><div class=\"publi-adlabel\">Publicit\u00e9<\/div><script async src=\"\/\/pagead2.googlesyndication.com\/pagead\/js\/adsbygoogle.js?client=ca-pub-4089586018074219\" crossorigin=\"anonymous\"><\/script><ins class=\"adsbygoogle\" style=\"display:block;\" data-ad-client=\"ca-pub-4089586018074219\" \ndata-ad-slot=\"2087940154\" \ndata-ad-format=\"auto\"><\/ins>\n<script> \n(adsbygoogle = window.adsbygoogle || []).push({}); \n<\/script>\n<\/div>\n\n\n\n<p>Dans une d\u00e9claration empreinte de reconnaissance et d&rsquo;engagement, Macky Sall a salu\u00e9 la vision des fondateurs de la FPU, qu\u2019il a qualifi\u00e9e de \u00ab noble et tourn\u00e9e vers un id\u00e9al de paix mondiale \u00bb. Il a ensuite tenu \u00e0 f\u00e9liciter les laur\u00e9ats 2025 du Prix Sunhak pour leurs contributions remarquables dans divers domaines :<\/p>\n\n\n\n<ul class=\"wp-block-list\">\n<li><strong>Patrick Awuah Jr. (Ghana)<\/strong>, r\u00e9compens\u00e9 pour son travail \u00e0 la t\u00eate de l\u2019universit\u00e9 Ashesi, qui forme une nouvelle g\u00e9n\u00e9ration de leaders \u00e9thiques en Afrique ;<\/li>\n\n\n\n<li><strong>Hugh Evans (Australie)<\/strong>, cofondateur de l\u2019ONG Global Citizen, reconnue pour ses efforts dans la mobilisation de fonds contre la pauvret\u00e9 \u00e0 l\u2019\u00e9chelle mondiale ;<\/li>\n\n\n\n<li><strong>Wanjira Mathai (Kenya)<\/strong>, honor\u00e9e pour son leadership environnemental, notamment \u00e0 travers l\u2019initiative AFR100 et le Green Belt Movement, qui a permis la plantation de plus de 51 millions d\u2019arbres.<\/li>\n<\/ul>\n\n\n\n<p>Macky Sall a \u00e9galement salu\u00e9 les laur\u00e9ats du <strong>Prix sp\u00e9cial du Fondateur<\/strong>, d\u00e9cern\u00e9 \u00e0 <strong>Goodluck Jonathan<\/strong>, ancien pr\u00e9sident du Nigeria, et \u00e0 <strong>Son \u00c9minence Samuel Radebe<\/strong>, pour leur engagement exemplaire au service de la paix et de l\u2019unit\u00e9.<\/p>\n\n\n\n<p>\u00ab Ensemble, continuons d\u2019agir en faveur de la paix et de la fraternit\u00e9 humaine \u00bb, a conclu Macky Sall, avant de prononcer son discours devant les participants venus du monde entier.<\/p>\n\n<iframe src=\"https:\/\/www.facebook.com\/plugins\/video.php?height=314&#038;href=https%3A%2F%2Fweb.facebook.com%2Fprmackysall%2Fvideos%2F645052268159687%2F&#038;show_text=false&#038;width=560&#038;t=0\" width=\"560\" height=\"314\" style=\"border:none;overflow:hidden\" scrolling=\"no\" frameborder=\"0\" allowfullscreen=\"true\" allow=\"autoplay; clipboard-write; encrypted-media; picture-in-picture; web-share\" allowFullScreen=\"true\"><\/iframe><div class=\"publi-apres-le-contenu\" style=\"margin-top: 10px;margin-bottom: 10px;margin-left: auto;margin-right: auto;text-align: center;\" id=\"publi-4157051055\"><div class=\"publi-adlabel\">Publicit\u00e9<\/div><script async src=\"\/\/pagead2.googlesyndication.com\/pagead\/js\/adsbygoogle.js?client=ca-pub-4089586018074219\" crossorigin=\"anonymous\"><\/script><ins class=\"adsbygoogle\" style=\"display:block;\" data-ad-client=\"ca-pub-4089586018074219\" \ndata-ad-slot=\"2087940154\" \ndata-ad-format=\"auto\"><\/ins>\n<script> \n(adsbygoogle = window.adsbygoogle || []).push({}); \n<\/script>\n<\/div>","protected":false},"excerpt":{"rendered":"<p>Pr\u00e9sent \u00e0 S\u00e9oul ce 11 avril 2025 \u00e0 l\u2019occasion du Sommet mondial de la F\u00e9d\u00e9ration pour la paix universelle (FPU), l\u2019ancien pr\u00e9sident s\u00e9n\u00e9galais Macky Sall a pris part \u00e0 la c\u00e9r\u00e9monie de remise du prestigieux Prix Sunhak pour la paix. L\u2019\u00e9v\u00e9nement a rassembl\u00e9 d\u2019\u00e9minentes personnalit\u00e9s du monde entier, engag\u00e9es pour la promotion de la paix, du d\u00e9veloppement durable et de la fraternit\u00e9 humaine. Dans une d\u00e9claration empreinte de reconnaissance et d&rsquo;engagement, Macky Sall a salu\u00e9 la vision des fondateurs de la FPU, qu\u2019il a qualifi\u00e9e de \u00ab noble et tourn\u00e9e vers un id\u00e9al de paix mondiale \u00bb. Il a ensuite tenu \u00e0 f\u00e9liciter les laur\u00e9ats 2025 du Prix Sunhak pour leurs contributions remarquables dans divers domaines : Macky Sall a \u00e9galement salu\u00e9 les laur\u00e9ats du Prix sp\u00e9cial du Fondateur, d\u00e9cern\u00e9 \u00e0 Goodluck Jonathan, ancien pr\u00e9sident du Nigeria, et \u00e0 Son \u00c9minence Samuel Radebe, pour leur engagement exemplaire au service de la paix et de l\u2019unit\u00e9. \u00ab Ensemble, continuons d\u2019agir en faveur de la paix et de la fraternit\u00e9 humaine \u00bb, a conclu Macky Sall, avant de prononcer son discours devant les participants venus du monde entier.<\/p>\n","protected":false},"author":1,"featured_media":37424,"comment_status":"open","ping_status":"open","sticky":false,"template":"","format":"video","meta":{"_jetpack_memberships_contains_paid_content":false,"footnotes":""},"categories":[375,550,3,1,372],"tags":[292,11,7516],"class_list":["post-37423","post","type-post","status-publish","format-video","has-post-thumbnail","hentry","category-actualites","category-afrique-monde","category-politique","category-non-classe","category-vedette","tag-discours","tag-macky-sall","tag-seoul","post_format-post-format-video","entry","has-media","owp-thumbs-layout-horizontal","owp-btn-normal","owp-tabs-layout-horizontal","has-no-thumbnails","has-product-nav"],"yoast_head":"<!-- This site is optimized with the Yoast SEO plugin v25.5 - https:\/\/yoast.com\/wordpress\/plugins\/seo\/ -->\n<title>Sommet de la FPU \u00e0 S\u00e9oul : le discours de Macky Sall (Vid\u00e9o) - LE PUBLIC<\/title>\n<meta name=\"description\" content=\"Pr\u00e9sent \u00e0 S\u00e9oul ce 11 avril 2025 \u00e0 l\u2019occasion du Sommet mondial de la F\u00e9d\u00e9ration pour la paix universelle (FPU), l\u2019ancien pr\u00e9sident s\u00e9n\u00e9galais Macky Sall a pris part \u00e0 la c\u00e9r\u00e9monie de remise du prestigieux Prix Sunhak pour la paix. L\u2019\u00e9v\u00e9nement a rassembl\u00e9 d\u2019\u00e9minentes personnalit\u00e9s du monde entier, engag\u00e9es pour la promotion de la paix, du d\u00e9veloppement durable et de la fraternit\u00e9 humaine.\" \/>\n<meta name=\"robots\" content=\"index, follow, max-snippet:-1, max-image-preview:large, max-video-preview:-1\" \/>\n<link rel=\"canonical\" href=\"https:\/\/www.public.sn\/index.php\/2025\/04\/11\/sommet-de-la-fpu-a-seoul-le-discours-de-macky-sall-video\/\" \/>\n<meta property=\"og:locale\" content=\"fr_FR\" \/>\n<meta property=\"og:type\" content=\"article\" \/>\n<meta property=\"og:title\" content=\"Sommet de la FPU \u00e0 S\u00e9oul : le discours de Macky Sall (Vid\u00e9o) - LE PUBLIC\" \/>\n<meta property=\"og:description\" content=\"Pr\u00e9sent \u00e0 S\u00e9oul ce 11 avril 2025 \u00e0 l\u2019occasion du Sommet mondial de la F\u00e9d\u00e9ration pour la paix universelle (FPU), l\u2019ancien pr\u00e9sident s\u00e9n\u00e9galais Macky Sall a pris part \u00e0 la c\u00e9r\u00e9monie de remise du prestigieux Prix Sunhak pour la paix. L\u2019\u00e9v\u00e9nement a rassembl\u00e9 d\u2019\u00e9minentes personnalit\u00e9s du monde entier, engag\u00e9es pour la promotion de la paix, du d\u00e9veloppement durable et de la fraternit\u00e9 humaine.\" \/>\n<meta property=\"og:url\" content=\"https:\/\/www.public.sn\/index.php\/2025\/04\/11\/sommet-de-la-fpu-a-seoul-le-discours-de-macky-sall-video\/\" \/>\n<meta property=\"og:site_name\" content=\"LE PUBLIC\" \/>\n<meta property=\"article:published_time\" content=\"2025-04-11T14:47:00+00:00\" \/>\n<meta property=\"og:image\" content=\"https:\/\/www.public.sn\/wp-content\/uploads\/2025\/04\/macky-sall-discous-paix.png\" \/>\n\t<meta property=\"og:image:width\" content=\"1117\" \/>\n\t<meta property=\"og:image:height\" content=\"604\" \/>\n\t<meta property=\"og:image:type\" content=\"image\/png\" \/>\n<meta name=\"author\" content=\"LA REDACTION\" \/>\n<meta name=\"twitter:card\" content=\"summary_large_image\" \/>\n<meta name=\"twitter:label1\" content=\"\u00c9crit par\" \/>\n\t<meta name=\"twitter:data1\" content=\"LA REDACTION\" \/>\n\t<meta name=\"twitter:label2\" content=\"Dur\u00e9e de lecture estim\u00e9e\" \/>\n\t<meta name=\"twitter:data2\" content=\"2 minutes\" \/>\n<script type=\"application\/ld+json\" class=\"yoast-schema-graph\">{\"@context\":\"https:\/\/schema.org\",\"@graph\":[{\"@type\":\"Article\",\"@id\":\"https:\/\/www.public.sn\/index.php\/2025\/04\/11\/sommet-de-la-fpu-a-seoul-le-discours-de-macky-sall-video\/#article\",\"isPartOf\":{\"@id\":\"https:\/\/www.public.sn\/index.php\/2025\/04\/11\/sommet-de-la-fpu-a-seoul-le-discours-de-macky-sall-video\/\"},\"author\":{\"name\":\"LA REDACTION\",\"@id\":\"https:\/\/www.public.sn\/#\/schema\/person\/e3f4a11b037d4203902db148f9bc8d5a\"},\"headline\":\"Sommet de la FPU \u00e0 S\u00e9oul : le discours de Macky Sall (Vid\u00e9o)\",\"datePublished\":\"2025-04-11T14:47:00+00:00\",\"mainEntityOfPage\":{\"@id\":\"https:\/\/www.public.sn\/index.php\/2025\/04\/11\/sommet-de-la-fpu-a-seoul-le-discours-de-macky-sall-video\/\"},\"wordCount\":297,\"commentCount\":0,\"publisher\":{\"@id\":\"https:\/\/www.public.sn\/#organization\"},\"image\":{\"@id\":\"https:\/\/www.public.sn\/index.php\/2025\/04\/11\/sommet-de-la-fpu-a-seoul-le-discours-de-macky-sall-video\/#primaryimage\"},\"thumbnailUrl\":\"https:\/\/www.public.sn\/wp-content\/uploads\/2025\/04\/macky-sall-discous-paix.png\",\"keywords\":[\"discours\",\"Macky Sall\",\"S\u00e9oul\"],\"articleSection\":[\"ACTUALIT\u00c9S\",\"AFRIQUE &amp; MONDE\",\"POLITIQUE\",\"S\u00c9N\u00c9GAL\",\"VEDETTE\"],\"inLanguage\":\"fr-FR\",\"potentialAction\":[{\"@type\":\"CommentAction\",\"name\":\"Comment\",\"target\":[\"https:\/\/www.public.sn\/index.php\/2025\/04\/11\/sommet-de-la-fpu-a-seoul-le-discours-de-macky-sall-video\/#respond\"]}]},{\"@type\":\"WebPage\",\"@id\":\"https:\/\/www.public.sn\/index.php\/2025\/04\/11\/sommet-de-la-fpu-a-seoul-le-discours-de-macky-sall-video\/\",\"url\":\"https:\/\/www.public.sn\/index.php\/2025\/04\/11\/sommet-de-la-fpu-a-seoul-le-discours-de-macky-sall-video\/\",\"name\":\"Sommet de la FPU \u00e0 S\u00e9oul : le discours de Macky Sall (Vid\u00e9o) - LE PUBLIC\",\"isPartOf\":{\"@id\":\"https:\/\/www.public.sn\/#website\"},\"primaryImageOfPage\":{\"@id\":\"https:\/\/www.public.sn\/index.php\/2025\/04\/11\/sommet-de-la-fpu-a-seoul-le-discours-de-macky-sall-video\/#primaryimage\"},\"image\":{\"@id\":\"https:\/\/www.public.sn\/index.php\/2025\/04\/11\/sommet-de-la-fpu-a-seoul-le-discours-de-macky-sall-video\/#primaryimage\"},\"thumbnailUrl\":\"https:\/\/www.public.sn\/wp-content\/uploads\/2025\/04\/macky-sall-discous-paix.png\",\"datePublished\":\"2025-04-11T14:47:00+00:00\",\"description\":\"Pr\u00e9sent \u00e0 S\u00e9oul ce 11 avril 2025 \u00e0 l\u2019occasion du Sommet mondial de la F\u00e9d\u00e9ration pour la paix universelle (FPU), l\u2019ancien pr\u00e9sident s\u00e9n\u00e9galais Macky Sall a pris part \u00e0 la c\u00e9r\u00e9monie de remise du prestigieux Prix Sunhak pour la paix. L\u2019\u00e9v\u00e9nement a rassembl\u00e9 d\u2019\u00e9minentes personnalit\u00e9s du monde entier, engag\u00e9es pour la promotion de la paix, du d\u00e9veloppement durable et de la fraternit\u00e9 humaine.\",\"breadcrumb\":{\"@id\":\"https:\/\/www.public.sn\/index.php\/2025\/04\/11\/sommet-de-la-fpu-a-seoul-le-discours-de-macky-sall-video\/#breadcrumb\"},\"inLanguage\":\"fr-FR\",\"potentialAction\":[{\"@type\":\"ReadAction\",\"target\":[\"https:\/\/www.public.sn\/index.php\/2025\/04\/11\/sommet-de-la-fpu-a-seoul-le-discours-de-macky-sall-video\/\"]}]},{\"@type\":\"ImageObject\",\"inLanguage\":\"fr-FR\",\"@id\":\"https:\/\/www.public.sn\/index.php\/2025\/04\/11\/sommet-de-la-fpu-a-seoul-le-discours-de-macky-sall-video\/#primaryimage\",\"url\":\"https:\/\/www.public.sn\/wp-content\/uploads\/2025\/04\/macky-sall-discous-paix.png\",\"contentUrl\":\"https:\/\/www.public.sn\/wp-content\/uploads\/2025\/04\/macky-sall-discous-paix.png\",\"width\":1117,\"height\":604},{\"@type\":\"BreadcrumbList\",\"@id\":\"https:\/\/www.public.sn\/index.php\/2025\/04\/11\/sommet-de-la-fpu-a-seoul-le-discours-de-macky-sall-video\/#breadcrumb\",\"itemListElement\":[{\"@type\":\"ListItem\",\"position\":1,\"name\":\"Accueil\",\"item\":\"https:\/\/www.public.sn\/\"},{\"@type\":\"ListItem\",\"position\":2,\"name\":\"Sommet de la FPU \u00e0 S\u00e9oul : le discours de Macky Sall (Vid\u00e9o)\"}]},{\"@type\":\"WebSite\",\"@id\":\"https:\/\/www.public.sn\/#website\",\"url\":\"https:\/\/www.public.sn\/\",\"name\":\"LE PUBLIC\",\"description\":\"\",\"publisher\":{\"@id\":\"https:\/\/www.public.sn\/#organization\"},\"potentialAction\":[{\"@type\":\"SearchAction\",\"target\":{\"@type\":\"EntryPoint\",\"urlTemplate\":\"https:\/\/www.public.sn\/?s={search_term_string}\"},\"query-input\":{\"@type\":\"PropertyValueSpecification\",\"valueRequired\":true,\"valueName\":\"search_term_string\"}}],\"inLanguage\":\"fr-FR\"},{\"@type\":\"Organization\",\"@id\":\"https:\/\/www.public.sn\/#organization\",\"name\":\"LE PUBLIC\",\"url\":\"https:\/\/www.public.sn\/\",\"logo\":{\"@type\":\"ImageObject\",\"inLanguage\":\"fr-FR\",\"@id\":\"https:\/\/www.public.sn\/#\/schema\/logo\/image\/\",\"url\":\"https:\/\/www.public.sn\/wp-content\/uploads\/2024\/05\/cropped-LOGO-PUBLIC.SN_.png\",\"contentUrl\":\"https:\/\/www.public.sn\/wp-content\/uploads\/2024\/05\/cropped-LOGO-PUBLIC.SN_.png\",\"width\":682,\"height\":192,\"caption\":\"LE PUBLIC\"},\"image\":{\"@id\":\"https:\/\/www.public.sn\/#\/schema\/logo\/image\/\"}},{\"@type\":\"Person\",\"@id\":\"https:\/\/www.public.sn\/#\/schema\/person\/e3f4a11b037d4203902db148f9bc8d5a\",\"name\":\"LA REDACTION\",\"image\":{\"@type\":\"ImageObject\",\"inLanguage\":\"fr-FR\",\"@id\":\"https:\/\/www.public.sn\/#\/schema\/person\/image\/\",\"url\":\"https:\/\/secure.gravatar.com\/avatar\/d6c030db45db2883c075085c5d6c6258654a801a93766b49af0b82d4f454e2a5?s=96&d=mm&r=g\",\"contentUrl\":\"https:\/\/secure.gravatar.com\/avatar\/d6c030db45db2883c075085c5d6c6258654a801a93766b49af0b82d4f454e2a5?s=96&d=mm&r=g\",\"caption\":\"LA REDACTION\"},\"sameAs\":[\"http:\/\/www.public.sn\"],\"url\":\"https:\/\/www.public.sn\/index.php\/author\/admin7324\/\"}]}<\/script>\n<!-- \/ Yoast SEO plugin. -->","yoast_head_json":{"title":"Sommet de la FPU \u00e0 S\u00e9oul : le discours de Macky Sall (Vid\u00e9o) - LE PUBLIC","description":"Pr\u00e9sent \u00e0 S\u00e9oul ce 11 avril 2025 \u00e0 l\u2019occasion du Sommet mondial de la F\u00e9d\u00e9ration pour la paix universelle (FPU), l\u2019ancien pr\u00e9sident s\u00e9n\u00e9galais Macky Sall a pris part \u00e0 la c\u00e9r\u00e9monie de remise du prestigieux Prix Sunhak pour la paix. L\u2019\u00e9v\u00e9nement a rassembl\u00e9 d\u2019\u00e9minentes personnalit\u00e9s du monde entier, engag\u00e9es pour la promotion de la paix, du d\u00e9veloppement durable et de la fraternit\u00e9 humaine.","robots":{"index":"index","follow":"follow","max-snippet":"max-snippet:-1","max-image-preview":"max-image-preview:large","max-video-preview":"max-video-preview:-1"},"canonical":"https:\/\/www.public.sn\/index.php\/2025\/04\/11\/sommet-de-la-fpu-a-seoul-le-discours-de-macky-sall-video\/","og_locale":"fr_FR","og_type":"article","og_title":"Sommet de la FPU \u00e0 S\u00e9oul : le discours de Macky Sall (Vid\u00e9o) - LE PUBLIC","og_description":"Pr\u00e9sent \u00e0 S\u00e9oul ce 11 avril 2025 \u00e0 l\u2019occasion du Sommet mondial de la F\u00e9d\u00e9ration pour la paix universelle (FPU), l\u2019ancien pr\u00e9sident s\u00e9n\u00e9galais Macky Sall a pris part \u00e0 la c\u00e9r\u00e9monie de remise du prestigieux Prix Sunhak pour la paix. L\u2019\u00e9v\u00e9nement a rassembl\u00e9 d\u2019\u00e9minentes personnalit\u00e9s du monde entier, engag\u00e9es pour la promotion de la paix, du d\u00e9veloppement durable et de la fraternit\u00e9 humaine.","og_url":"https:\/\/www.public.sn\/index.php\/2025\/04\/11\/sommet-de-la-fpu-a-seoul-le-discours-de-macky-sall-video\/","og_site_name":"LE PUBLIC","article_published_time":"2025-04-11T14:47:00+00:00","og_image":[{"width":1117,"height":604,"url":"https:\/\/www.public.sn\/wp-content\/uploads\/2025\/04\/macky-sall-discous-paix.png","type":"image\/png"}],"author":"LA REDACTION","twitter_card":"summary_large_image","twitter_misc":{"\u00c9crit par":"LA REDACTION","Dur\u00e9e de lecture estim\u00e9e":"2 minutes"},"schema":{"@context":"https:\/\/schema.org","@graph":[{"@type":"Article","@id":"https:\/\/www.public.sn\/index.php\/2025\/04\/11\/sommet-de-la-fpu-a-seoul-le-discours-de-macky-sall-video\/#article","isPartOf":{"@id":"https:\/\/www.public.sn\/index.php\/2025\/04\/11\/sommet-de-la-fpu-a-seoul-le-discours-de-macky-sall-video\/"},"author":{"name":"LA REDACTION","@id":"https:\/\/www.public.sn\/#\/schema\/person\/e3f4a11b037d4203902db148f9bc8d5a"},"headline":"Sommet de la FPU \u00e0 S\u00e9oul : le discours de Macky Sall (Vid\u00e9o)","datePublished":"2025-04-11T14:47:00+00:00","mainEntityOfPage":{"@id":"https:\/\/www.public.sn\/index.php\/2025\/04\/11\/sommet-de-la-fpu-a-seoul-le-discours-de-macky-sall-video\/"},"wordCount":297,"commentCount":0,"publisher":{"@id":"https:\/\/www.public.sn\/#organization"},"image":{"@id":"https:\/\/www.public.sn\/index.php\/2025\/04\/11\/sommet-de-la-fpu-a-seoul-le-discours-de-macky-sall-video\/#primaryimage"},"thumbnailUrl":"https:\/\/www.public.sn\/wp-content\/uploads\/2025\/04\/macky-sall-discous-paix.png","keywords":["discours","Macky Sall","S\u00e9oul"],"articleSection":["ACTUALIT\u00c9S","AFRIQUE &amp; MONDE","POLITIQUE","S\u00c9N\u00c9GAL","VEDETTE"],"inLanguage":"fr-FR","potentialAction":[{"@type":"CommentAction","name":"Comment","target":["https:\/\/www.public.sn\/index.php\/2025\/04\/11\/sommet-de-la-fpu-a-seoul-le-discours-de-macky-sall-video\/#respond"]}]},{"@type":"WebPage","@id":"https:\/\/www.public.sn\/index.php\/2025\/04\/11\/sommet-de-la-fpu-a-seoul-le-discours-de-macky-sall-video\/","url":"https:\/\/www.public.sn\/index.php\/2025\/04\/11\/sommet-de-la-fpu-a-seoul-le-discours-de-macky-sall-video\/","name":"Sommet de la FPU \u00e0 S\u00e9oul : le discours de Macky Sall (Vid\u00e9o) - LE PUBLIC","isPartOf":{"@id":"https:\/\/www.public.sn\/#website"},"primaryImageOfPage":{"@id":"https:\/\/www.public.sn\/index.php\/2025\/04\/11\/sommet-de-la-fpu-a-seoul-le-discours-de-macky-sall-video\/#primaryimage"},"image":{"@id":"https:\/\/www.public.sn\/index.php\/2025\/04\/11\/sommet-de-la-fpu-a-seoul-le-discours-de-macky-sall-video\/#primaryimage"},"thumbnailUrl":"https:\/\/www.public.sn\/wp-content\/uploads\/2025\/04\/macky-sall-discous-paix.png","datePublished":"2025-04-11T14:47:00+00:00","description":"Pr\u00e9sent \u00e0 S\u00e9oul ce 11 avril 2025 \u00e0 l\u2019occasion du Sommet mondial de la F\u00e9d\u00e9ration pour la paix universelle (FPU), l\u2019ancien pr\u00e9sident s\u00e9n\u00e9galais Macky Sall a pris part \u00e0 la c\u00e9r\u00e9monie de remise du prestigieux Prix Sunhak pour la paix. L\u2019\u00e9v\u00e9nement a rassembl\u00e9 d\u2019\u00e9minentes personnalit\u00e9s du monde entier, engag\u00e9es pour la promotion de la paix, du d\u00e9veloppement durable et de la fraternit\u00e9 humaine.","breadcrumb":{"@id":"https:\/\/www.public.sn\/index.php\/2025\/04\/11\/sommet-de-la-fpu-a-seoul-le-discours-de-macky-sall-video\/#breadcrumb"},"inLanguage":"fr-FR","potentialAction":[{"@type":"ReadAction","target":["https:\/\/www.public.sn\/index.php\/2025\/04\/11\/sommet-de-la-fpu-a-seoul-le-discours-de-macky-sall-video\/"]}]},{"@type":"ImageObject","inLanguage":"fr-FR","@id":"https:\/\/www.public.sn\/index.php\/2025\/04\/11\/sommet-de-la-fpu-a-seoul-le-discours-de-macky-sall-video\/#primaryimage","url":"https:\/\/www.public.sn\/wp-content\/uploads\/2025\/04\/macky-sall-discous-paix.png","contentUrl":"https:\/\/www.public.sn\/wp-content\/uploads\/2025\/04\/macky-sall-discous-paix.png","width":1117,"height":604},{"@type":"BreadcrumbList","@id":"https:\/\/www.public.sn\/index.php\/2025\/04\/11\/sommet-de-la-fpu-a-seoul-le-discours-de-macky-sall-video\/#breadcrumb","itemListElement":[{"@type":"ListItem","position":1,"name":"Accueil","item":"https:\/\/www.public.sn\/"},{"@type":"ListItem","position":2,"name":"Sommet de la FPU \u00e0 S\u00e9oul : le discours de Macky Sall (Vid\u00e9o)"}]},{"@type":"WebSite","@id":"https:\/\/www.public.sn\/#website","url":"https:\/\/www.public.sn\/","name":"LE PUBLIC","description":"","publisher":{"@id":"https:\/\/www.public.sn\/#organization"},"potentialAction":[{"@type":"SearchAction","target":{"@type":"EntryPoint","urlTemplate":"https:\/\/www.public.sn\/?s={search_term_string}"},"query-input":{"@type":"PropertyValueSpecification","valueRequired":true,"valueName":"search_term_string"}}],"inLanguage":"fr-FR"},{"@type":"Organization","@id":"https:\/\/www.public.sn\/#organization","name":"LE PUBLIC","url":"https:\/\/www.public.sn\/","logo":{"@type":"ImageObject","inLanguage":"fr-FR","@id":"https:\/\/www.public.sn\/#\/schema\/logo\/image\/","url":"https:\/\/www.public.sn\/wp-content\/uploads\/2024\/05\/cropped-LOGO-PUBLIC.SN_.png","contentUrl":"https:\/\/www.public.sn\/wp-content\/uploads\/2024\/05\/cropped-LOGO-PUBLIC.SN_.png","width":682,"height":192,"caption":"LE PUBLIC"},"image":{"@id":"https:\/\/www.public.sn\/#\/schema\/logo\/image\/"}},{"@type":"Person","@id":"https:\/\/www.public.sn\/#\/schema\/person\/e3f4a11b037d4203902db148f9bc8d5a","name":"LA REDACTION","image":{"@type":"ImageObject","inLanguage":"fr-FR","@id":"https:\/\/www.public.sn\/#\/schema\/person\/image\/","url":"https:\/\/secure.gravatar.com\/avatar\/d6c030db45db2883c075085c5d6c6258654a801a93766b49af0b82d4f454e2a5?s=96&d=mm&r=g","contentUrl":"https:\/\/secure.gravatar.com\/avatar\/d6c030db45db2883c075085c5d6c6258654a801a93766b49af0b82d4f454e2a5?s=96&d=mm&r=g","caption":"LA REDACTION"},"sameAs":["http:\/\/www.public.sn"],"url":"https:\/\/www.public.sn\/index.php\/author\/admin7324\/"}]}},"jetpack_featured_media_url":"https:\/\/www.public.sn\/wp-content\/uploads\/2025\/04\/macky-sall-discous-paix.png","jetpack_sharing_enabled":true,"_links":{"self":[{"href":"https:\/\/www.public.sn\/index.php\/wp-json\/wp\/v2\/posts\/37423","targetHints":{"allow":["GET"]}}],"collection":[{"href":"https:\/\/www.public.sn\/index.php\/wp-json\/wp\/v2\/posts"}],"about":[{"href":"https:\/\/www.public.sn\/index.php\/wp-json\/wp\/v2\/types\/post"}],"author":[{"embeddable":true,"href":"https:\/\/www.public.sn\/index.php\/wp-json\/wp\/v2\/users\/1"}],"replies":[{"embeddable":true,"href":"https:\/\/www.public.sn\/index.php\/wp-json\/wp\/v2\/comments?post=37423"}],"version-history":[{"count":2,"href":"https:\/\/www.public.sn\/index.php\/wp-json\/wp\/v2\/posts\/37423\/revisions"}],"predecessor-version":[{"id":37426,"href":"https:\/\/www.public.sn\/index.php\/wp-json\/wp\/v2\/posts\/37423\/revisions\/37426"}],"wp:featuredmedia":[{"embeddable":true,"href":"https:\/\/www.public.sn\/index.php\/wp-json\/wp\/v2\/media\/37424"}],"wp:attachment":[{"href":"https:\/\/www.public.sn\/index.php\/wp-json\/wp\/v2\/media?parent=37423"}],"wp:term":[{"taxonomy":"category","embeddable":true,"href":"https:\/\/www.public.sn\/index.php\/wp-json\/wp\/v2\/categories?post=37423"},{"taxonomy":"post_tag","embeddable":true,"href":"https:\/\/www.public.sn\/index.php\/wp-json\/wp\/v2\/tags?post=37423"}],"curies":[{"name":"wp","href":"https:\/\/api.w.org\/{rel}","templated":true}]}}