{"id":3743,"date":"2022-10-06T11:06:17","date_gmt":"2022-10-06T11:06:17","guid":{"rendered":"https:\/\/www.public.sn\/?p=3743"},"modified":"2022-10-06T11:06:18","modified_gmt":"2022-10-06T11:06:18","slug":"dakar-maroc-laxe-du-haschich","status":"publish","type":"post","link":"https:\/\/www.public.sn\/index.php\/2022\/10\/06\/dakar-maroc-laxe-du-haschich\/","title":{"rendered":"Dakar- Maroc : L\u2019axe du haschich."},"content":{"rendered":"\n<p>L\u2019axe Dakar- Maroc serait-t-il en train de devenir un corridor de passage de drogues dures ? Tout laisse \u00e0 le croire au vue des nombreuses arrestations constat\u00e9es ces derniers jours de ressortissants marocains qui s\u2019activent sans cette fili\u00e8re. <br>Selon le quotidien Lib\u00e9ration,  apr\u00e8s les arrestations  De Mohamed Al Alami et Ahmed El Hamed par les \u00e9l\u00e9ments de l\u2019OCRTIS, voil\u00e0 qu\u2019un s\u00e9n\u00e9galais du nom de Mamour Diakhat\u00e9 a \u00e9t\u00e9 appr\u00e9hend\u00e9 avec 114,38 grammes de haschich. Les enqu\u00eateurs ont exploit\u00e9s un renseignement faisant \u00e9tat d\u2019un important trafic intense de haschich entre Dakar et le Maroc. Soumis aux questions des \u00e9l\u00e9ments de la division des investigations criminelles, Mamour Diakhat\u00e9 r\u00e9v\u00e8le qu\u2019il a re\u00e7u la drogue via un GP par un nomm\u00e9 M. Ndiaye \u00e9tabli au Maroc. <br><\/p><div class=\"publi-paragraphe1\" style=\"margin-top: 10px;margin-bottom: 10px;margin-left: auto;margin-right: auto;text-align: center;\" id=\"publi-1651495080\"><div class=\"publi-adlabel\">Publicit\u00e9<\/div><script async src=\"\/\/pagead2.googlesyndication.com\/pagead\/js\/adsbygoogle.js?client=ca-pub-4089586018074219\" crossorigin=\"anonymous\"><\/script><ins class=\"adsbygoogle\" style=\"display:block;\" data-ad-client=\"ca-pub-4089586018074219\" \ndata-ad-slot=\"2087940154\" \ndata-ad-format=\"auto\"><\/ins>\n<script> \n(adsbygoogle = window.adsbygoogle || []).push({}); \n<\/script>\n<\/div>\n<div class=\"publi-apres-le-contenu\" style=\"margin-top: 10px;margin-bottom: 10px;margin-left: auto;margin-right: auto;text-align: center;\" id=\"publi-34327255\"><div class=\"publi-adlabel\">Publicit\u00e9<\/div><script async src=\"\/\/pagead2.googlesyndication.com\/pagead\/js\/adsbygoogle.js?client=ca-pub-4089586018074219\" crossorigin=\"anonymous\"><\/script><ins class=\"adsbygoogle\" style=\"display:block;\" data-ad-client=\"ca-pub-4089586018074219\" \ndata-ad-slot=\"2087940154\" \ndata-ad-format=\"auto\"><\/ins>\n<script> \n(adsbygoogle = window.adsbygoogle || []).push({}); \n<\/script>\n<\/div>","protected":false},"excerpt":{"rendered":"<p>L\u2019axe Dakar- Maroc serait-t-il en train de devenir un corridor de passage de drogues dures ? Tout laisse \u00e0 le croire au vue des nombreuses arrestations constat\u00e9es ces derniers jours de ressortissants marocains qui s\u2019activent sans cette fili\u00e8re. Selon le quotidien Lib\u00e9ration, apr\u00e8s les arrestations De Mohamed Al Alami et Ahmed El Hamed par les \u00e9l\u00e9ments de l\u2019OCRTIS, voil\u00e0 qu\u2019un s\u00e9n\u00e9galais du nom de Mamour Diakhat\u00e9 a \u00e9t\u00e9 appr\u00e9hend\u00e9 avec 114,38 grammes de haschich. Les enqu\u00eateurs ont exploit\u00e9s un renseignement faisant \u00e9tat d\u2019un important trafic intense de haschich entre Dakar et le Maroc. Soumis aux questions des \u00e9l\u00e9ments de la division des investigations criminelles, Mamour Diakhat\u00e9 r\u00e9v\u00e8le qu\u2019il a re\u00e7u la drogue via un GP par un nomm\u00e9 M. Ndiaye \u00e9tabli au Maroc.<\/p>\n","protected":false},"author":1,"featured_media":3751,"comment_status":"open","ping_status":"open","sticky":false,"template":"","format":"standard","meta":{"_jetpack_memberships_contains_paid_content":false,"footnotes":""},"categories":[375,379,1],"tags":[75,1218,521],"class_list":["post-3743","post","type-post","status-publish","format-standard","has-post-thumbnail","hentry","category-actualites","category-faits-divers","category-non-classe","tag-dakar","tag-haschich","tag-maroc","entry","has-media","owp-thumbs-layout-horizontal","owp-btn-normal","owp-tabs-layout-horizontal","has-no-thumbnails","has-product-nav"],"yoast_head":"<!-- This site is optimized with the Yoast SEO plugin v25.5 - https:\/\/yoast.com\/wordpress\/plugins\/seo\/ -->\n<title>Dakar- Maroc : L\u2019axe du haschich. - LE PUBLIC<\/title>\n<meta name=\"robots\" content=\"index, follow, max-snippet:-1, max-image-preview:large, max-video-preview:-1\" \/>\n<link rel=\"canonical\" href=\"https:\/\/www.public.sn\/index.php\/2022\/10\/06\/dakar-maroc-laxe-du-haschich\/\" \/>\n<meta property=\"og:locale\" content=\"fr_FR\" \/>\n<meta property=\"og:type\" content=\"article\" \/>\n<meta property=\"og:title\" content=\"Dakar- Maroc : L\u2019axe du haschich. - LE PUBLIC\" \/>\n<meta property=\"og:description\" content=\"L\u2019axe Dakar- Maroc serait-t-il en train de devenir un corridor de passage de drogues dures ? Tout laisse \u00e0 le croire au vue des nombreuses arrestations constat\u00e9es ces derniers jours de ressortissants marocains qui s\u2019activent sans cette fili\u00e8re. Selon le quotidien Lib\u00e9ration, apr\u00e8s les arrestations De Mohamed Al Alami et Ahmed El Hamed par les \u00e9l\u00e9ments de l\u2019OCRTIS, voil\u00e0 qu\u2019un s\u00e9n\u00e9galais du nom de Mamour Diakhat\u00e9 a \u00e9t\u00e9 appr\u00e9hend\u00e9 avec 114,38 grammes de haschich. Les enqu\u00eateurs ont exploit\u00e9s un renseignement faisant \u00e9tat d\u2019un important trafic intense de haschich entre Dakar et le Maroc. Soumis aux questions des \u00e9l\u00e9ments de la division des investigations criminelles, Mamour Diakhat\u00e9 r\u00e9v\u00e8le qu\u2019il a re\u00e7u la drogue via un GP par un nomm\u00e9 M. Ndiaye \u00e9tabli au Maroc.\" \/>\n<meta property=\"og:url\" content=\"https:\/\/www.public.sn\/index.php\/2022\/10\/06\/dakar-maroc-laxe-du-haschich\/\" \/>\n<meta property=\"og:site_name\" content=\"LE PUBLIC\" \/>\n<meta property=\"article:published_time\" content=\"2022-10-06T11:06:17+00:00\" \/>\n<meta property=\"article:modified_time\" content=\"2022-10-06T11:06:18+00:00\" \/>\n<meta property=\"og:image\" content=\"https:\/\/www.public.sn\/wp-content\/uploads\/2022\/10\/arrestation-maroc-1.jpg\" \/>\n\t<meta property=\"og:image:width\" content=\"797\" \/>\n\t<meta property=\"og:image:height\" content=\"532\" \/>\n\t<meta property=\"og:image:type\" content=\"image\/jpeg\" \/>\n<meta name=\"author\" content=\"LA REDACTION\" \/>\n<meta name=\"twitter:card\" content=\"summary_large_image\" \/>\n<meta name=\"twitter:label1\" content=\"\u00c9crit par\" \/>\n\t<meta name=\"twitter:data1\" content=\"LA REDACTION\" \/>\n\t<meta name=\"twitter:label2\" content=\"Dur\u00e9e de lecture estim\u00e9e\" \/>\n\t<meta name=\"twitter:data2\" content=\"1 minute\" \/>\n<script type=\"application\/ld+json\" class=\"yoast-schema-graph\">{\"@context\":\"https:\/\/schema.org\",\"@graph\":[{\"@type\":\"Article\",\"@id\":\"https:\/\/www.public.sn\/index.php\/2022\/10\/06\/dakar-maroc-laxe-du-haschich\/#article\",\"isPartOf\":{\"@id\":\"https:\/\/www.public.sn\/index.php\/2022\/10\/06\/dakar-maroc-laxe-du-haschich\/\"},\"author\":{\"name\":\"LA REDACTION\",\"@id\":\"https:\/\/www.public.sn\/#\/schema\/person\/e3f4a11b037d4203902db148f9bc8d5a\"},\"headline\":\"Dakar- Maroc : L\u2019axe du haschich.\",\"datePublished\":\"2022-10-06T11:06:17+00:00\",\"dateModified\":\"2022-10-06T11:06:18+00:00\",\"mainEntityOfPage\":{\"@id\":\"https:\/\/www.public.sn\/index.php\/2022\/10\/06\/dakar-maroc-laxe-du-haschich\/\"},\"wordCount\":146,\"commentCount\":0,\"publisher\":{\"@id\":\"https:\/\/www.public.sn\/#organization\"},\"image\":{\"@id\":\"https:\/\/www.public.sn\/index.php\/2022\/10\/06\/dakar-maroc-laxe-du-haschich\/#primaryimage\"},\"thumbnailUrl\":\"https:\/\/www.public.sn\/wp-content\/uploads\/2022\/10\/arrestation-maroc-1.jpg\",\"keywords\":[\"Dakar\",\"haschich\",\"Maroc\"],\"articleSection\":[\"ACTUALIT\u00c9S\",\"FAITS DIVERS\",\"S\u00c9N\u00c9GAL\"],\"inLanguage\":\"fr-FR\",\"potentialAction\":[{\"@type\":\"CommentAction\",\"name\":\"Comment\",\"target\":[\"https:\/\/www.public.sn\/index.php\/2022\/10\/06\/dakar-maroc-laxe-du-haschich\/#respond\"]}]},{\"@type\":\"WebPage\",\"@id\":\"https:\/\/www.public.sn\/index.php\/2022\/10\/06\/dakar-maroc-laxe-du-haschich\/\",\"url\":\"https:\/\/www.public.sn\/index.php\/2022\/10\/06\/dakar-maroc-laxe-du-haschich\/\",\"name\":\"Dakar- Maroc : L\u2019axe du haschich. - LE PUBLIC\",\"isPartOf\":{\"@id\":\"https:\/\/www.public.sn\/#website\"},\"primaryImageOfPage\":{\"@id\":\"https:\/\/www.public.sn\/index.php\/2022\/10\/06\/dakar-maroc-laxe-du-haschich\/#primaryimage\"},\"image\":{\"@id\":\"https:\/\/www.public.sn\/index.php\/2022\/10\/06\/dakar-maroc-laxe-du-haschich\/#primaryimage\"},\"thumbnailUrl\":\"https:\/\/www.public.sn\/wp-content\/uploads\/2022\/10\/arrestation-maroc-1.jpg\",\"datePublished\":\"2022-10-06T11:06:17+00:00\",\"dateModified\":\"2022-10-06T11:06:18+00:00\",\"breadcrumb\":{\"@id\":\"https:\/\/www.public.sn\/index.php\/2022\/10\/06\/dakar-maroc-laxe-du-haschich\/#breadcrumb\"},\"inLanguage\":\"fr-FR\",\"potentialAction\":[{\"@type\":\"ReadAction\",\"target\":[\"https:\/\/www.public.sn\/index.php\/2022\/10\/06\/dakar-maroc-laxe-du-haschich\/\"]}]},{\"@type\":\"ImageObject\",\"inLanguage\":\"fr-FR\",\"@id\":\"https:\/\/www.public.sn\/index.php\/2022\/10\/06\/dakar-maroc-laxe-du-haschich\/#primaryimage\",\"url\":\"https:\/\/www.public.sn\/wp-content\/uploads\/2022\/10\/arrestation-maroc-1.jpg\",\"contentUrl\":\"https:\/\/www.public.sn\/wp-content\/uploads\/2022\/10\/arrestation-maroc-1.jpg\",\"width\":797,\"height\":532,\"caption\":\"arrestion marocains\"},{\"@type\":\"BreadcrumbList\",\"@id\":\"https:\/\/www.public.sn\/index.php\/2022\/10\/06\/dakar-maroc-laxe-du-haschich\/#breadcrumb\",\"itemListElement\":[{\"@type\":\"ListItem\",\"position\":1,\"name\":\"Accueil\",\"item\":\"https:\/\/www.public.sn\/\"},{\"@type\":\"ListItem\",\"position\":2,\"name\":\"Dakar- Maroc : L\u2019axe du haschich.\"}]},{\"@type\":\"WebSite\",\"@id\":\"https:\/\/www.public.sn\/#website\",\"url\":\"https:\/\/www.public.sn\/\",\"name\":\"LE PUBLIC\",\"description\":\"\",\"publisher\":{\"@id\":\"https:\/\/www.public.sn\/#organization\"},\"potentialAction\":[{\"@type\":\"SearchAction\",\"target\":{\"@type\":\"EntryPoint\",\"urlTemplate\":\"https:\/\/www.public.sn\/?s={search_term_string}\"},\"query-input\":{\"@type\":\"PropertyValueSpecification\",\"valueRequired\":true,\"valueName\":\"search_term_string\"}}],\"inLanguage\":\"fr-FR\"},{\"@type\":\"Organization\",\"@id\":\"https:\/\/www.public.sn\/#organization\",\"name\":\"LE PUBLIC\",\"url\":\"https:\/\/www.public.sn\/\",\"logo\":{\"@type\":\"ImageObject\",\"inLanguage\":\"fr-FR\",\"@id\":\"https:\/\/www.public.sn\/#\/schema\/logo\/image\/\",\"url\":\"https:\/\/www.public.sn\/wp-content\/uploads\/2024\/05\/cropped-LOGO-PUBLIC.SN_.png\",\"contentUrl\":\"https:\/\/www.public.sn\/wp-content\/uploads\/2024\/05\/cropped-LOGO-PUBLIC.SN_.png\",\"width\":682,\"height\":192,\"caption\":\"LE PUBLIC\"},\"image\":{\"@id\":\"https:\/\/www.public.sn\/#\/schema\/logo\/image\/\"}},{\"@type\":\"Person\",\"@id\":\"https:\/\/www.public.sn\/#\/schema\/person\/e3f4a11b037d4203902db148f9bc8d5a\",\"name\":\"LA REDACTION\",\"image\":{\"@type\":\"ImageObject\",\"inLanguage\":\"fr-FR\",\"@id\":\"https:\/\/www.public.sn\/#\/schema\/person\/image\/\",\"url\":\"https:\/\/secure.gravatar.com\/avatar\/d6c030db45db2883c075085c5d6c6258654a801a93766b49af0b82d4f454e2a5?s=96&d=mm&r=g\",\"contentUrl\":\"https:\/\/secure.gravatar.com\/avatar\/d6c030db45db2883c075085c5d6c6258654a801a93766b49af0b82d4f454e2a5?s=96&d=mm&r=g\",\"caption\":\"LA REDACTION\"},\"sameAs\":[\"http:\/\/www.public.sn\"],\"url\":\"https:\/\/www.public.sn\/index.php\/author\/admin7324\/\"}]}<\/script>\n<!-- \/ Yoast SEO plugin. -->","yoast_head_json":{"title":"Dakar- Maroc : L\u2019axe du haschich. - LE PUBLIC","robots":{"index":"index","follow":"follow","max-snippet":"max-snippet:-1","max-image-preview":"max-image-preview:large","max-video-preview":"max-video-preview:-1"},"canonical":"https:\/\/www.public.sn\/index.php\/2022\/10\/06\/dakar-maroc-laxe-du-haschich\/","og_locale":"fr_FR","og_type":"article","og_title":"Dakar- Maroc : L\u2019axe du haschich. - LE PUBLIC","og_description":"L\u2019axe Dakar- Maroc serait-t-il en train de devenir un corridor de passage de drogues dures ? Tout laisse \u00e0 le croire au vue des nombreuses arrestations constat\u00e9es ces derniers jours de ressortissants marocains qui s\u2019activent sans cette fili\u00e8re. Selon le quotidien Lib\u00e9ration, apr\u00e8s les arrestations De Mohamed Al Alami et Ahmed El Hamed par les \u00e9l\u00e9ments de l\u2019OCRTIS, voil\u00e0 qu\u2019un s\u00e9n\u00e9galais du nom de Mamour Diakhat\u00e9 a \u00e9t\u00e9 appr\u00e9hend\u00e9 avec 114,38 grammes de haschich. Les enqu\u00eateurs ont exploit\u00e9s un renseignement faisant \u00e9tat d\u2019un important trafic intense de haschich entre Dakar et le Maroc. Soumis aux questions des \u00e9l\u00e9ments de la division des investigations criminelles, Mamour Diakhat\u00e9 r\u00e9v\u00e8le qu\u2019il a re\u00e7u la drogue via un GP par un nomm\u00e9 M. Ndiaye \u00e9tabli au Maroc.","og_url":"https:\/\/www.public.sn\/index.php\/2022\/10\/06\/dakar-maroc-laxe-du-haschich\/","og_site_name":"LE PUBLIC","article_published_time":"2022-10-06T11:06:17+00:00","article_modified_time":"2022-10-06T11:06:18+00:00","og_image":[{"width":797,"height":532,"url":"https:\/\/www.public.sn\/wp-content\/uploads\/2022\/10\/arrestation-maroc-1.jpg","type":"image\/jpeg"}],"author":"LA REDACTION","twitter_card":"summary_large_image","twitter_misc":{"\u00c9crit par":"LA REDACTION","Dur\u00e9e de lecture estim\u00e9e":"1 minute"},"schema":{"@context":"https:\/\/schema.org","@graph":[{"@type":"Article","@id":"https:\/\/www.public.sn\/index.php\/2022\/10\/06\/dakar-maroc-laxe-du-haschich\/#article","isPartOf":{"@id":"https:\/\/www.public.sn\/index.php\/2022\/10\/06\/dakar-maroc-laxe-du-haschich\/"},"author":{"name":"LA REDACTION","@id":"https:\/\/www.public.sn\/#\/schema\/person\/e3f4a11b037d4203902db148f9bc8d5a"},"headline":"Dakar- Maroc : L\u2019axe du haschich.","datePublished":"2022-10-06T11:06:17+00:00","dateModified":"2022-10-06T11:06:18+00:00","mainEntityOfPage":{"@id":"https:\/\/www.public.sn\/index.php\/2022\/10\/06\/dakar-maroc-laxe-du-haschich\/"},"wordCount":146,"commentCount":0,"publisher":{"@id":"https:\/\/www.public.sn\/#organization"},"image":{"@id":"https:\/\/www.public.sn\/index.php\/2022\/10\/06\/dakar-maroc-laxe-du-haschich\/#primaryimage"},"thumbnailUrl":"https:\/\/www.public.sn\/wp-content\/uploads\/2022\/10\/arrestation-maroc-1.jpg","keywords":["Dakar","haschich","Maroc"],"articleSection":["ACTUALIT\u00c9S","FAITS DIVERS","S\u00c9N\u00c9GAL"],"inLanguage":"fr-FR","potentialAction":[{"@type":"CommentAction","name":"Comment","target":["https:\/\/www.public.sn\/index.php\/2022\/10\/06\/dakar-maroc-laxe-du-haschich\/#respond"]}]},{"@type":"WebPage","@id":"https:\/\/www.public.sn\/index.php\/2022\/10\/06\/dakar-maroc-laxe-du-haschich\/","url":"https:\/\/www.public.sn\/index.php\/2022\/10\/06\/dakar-maroc-laxe-du-haschich\/","name":"Dakar- Maroc : L\u2019axe du haschich. - LE PUBLIC","isPartOf":{"@id":"https:\/\/www.public.sn\/#website"},"primaryImageOfPage":{"@id":"https:\/\/www.public.sn\/index.php\/2022\/10\/06\/dakar-maroc-laxe-du-haschich\/#primaryimage"},"image":{"@id":"https:\/\/www.public.sn\/index.php\/2022\/10\/06\/dakar-maroc-laxe-du-haschich\/#primaryimage"},"thumbnailUrl":"https:\/\/www.public.sn\/wp-content\/uploads\/2022\/10\/arrestation-maroc-1.jpg","datePublished":"2022-10-06T11:06:17+00:00","dateModified":"2022-10-06T11:06:18+00:00","breadcrumb":{"@id":"https:\/\/www.public.sn\/index.php\/2022\/10\/06\/dakar-maroc-laxe-du-haschich\/#breadcrumb"},"inLanguage":"fr-FR","potentialAction":[{"@type":"ReadAction","target":["https:\/\/www.public.sn\/index.php\/2022\/10\/06\/dakar-maroc-laxe-du-haschich\/"]}]},{"@type":"ImageObject","inLanguage":"fr-FR","@id":"https:\/\/www.public.sn\/index.php\/2022\/10\/06\/dakar-maroc-laxe-du-haschich\/#primaryimage","url":"https:\/\/www.public.sn\/wp-content\/uploads\/2022\/10\/arrestation-maroc-1.jpg","contentUrl":"https:\/\/www.public.sn\/wp-content\/uploads\/2022\/10\/arrestation-maroc-1.jpg","width":797,"height":532,"caption":"arrestion marocains"},{"@type":"BreadcrumbList","@id":"https:\/\/www.public.sn\/index.php\/2022\/10\/06\/dakar-maroc-laxe-du-haschich\/#breadcrumb","itemListElement":[{"@type":"ListItem","position":1,"name":"Accueil","item":"https:\/\/www.public.sn\/"},{"@type":"ListItem","position":2,"name":"Dakar- Maroc : L\u2019axe du haschich."}]},{"@type":"WebSite","@id":"https:\/\/www.public.sn\/#website","url":"https:\/\/www.public.sn\/","name":"LE PUBLIC","description":"","publisher":{"@id":"https:\/\/www.public.sn\/#organization"},"potentialAction":[{"@type":"SearchAction","target":{"@type":"EntryPoint","urlTemplate":"https:\/\/www.public.sn\/?s={search_term_string}"},"query-input":{"@type":"PropertyValueSpecification","valueRequired":true,"valueName":"search_term_string"}}],"inLanguage":"fr-FR"},{"@type":"Organization","@id":"https:\/\/www.public.sn\/#organization","name":"LE PUBLIC","url":"https:\/\/www.public.sn\/","logo":{"@type":"ImageObject","inLanguage":"fr-FR","@id":"https:\/\/www.public.sn\/#\/schema\/logo\/image\/","url":"https:\/\/www.public.sn\/wp-content\/uploads\/2024\/05\/cropped-LOGO-PUBLIC.SN_.png","contentUrl":"https:\/\/www.public.sn\/wp-content\/uploads\/2024\/05\/cropped-LOGO-PUBLIC.SN_.png","width":682,"height":192,"caption":"LE PUBLIC"},"image":{"@id":"https:\/\/www.public.sn\/#\/schema\/logo\/image\/"}},{"@type":"Person","@id":"https:\/\/www.public.sn\/#\/schema\/person\/e3f4a11b037d4203902db148f9bc8d5a","name":"LA REDACTION","image":{"@type":"ImageObject","inLanguage":"fr-FR","@id":"https:\/\/www.public.sn\/#\/schema\/person\/image\/","url":"https:\/\/secure.gravatar.com\/avatar\/d6c030db45db2883c075085c5d6c6258654a801a93766b49af0b82d4f454e2a5?s=96&d=mm&r=g","contentUrl":"https:\/\/secure.gravatar.com\/avatar\/d6c030db45db2883c075085c5d6c6258654a801a93766b49af0b82d4f454e2a5?s=96&d=mm&r=g","caption":"LA REDACTION"},"sameAs":["http:\/\/www.public.sn"],"url":"https:\/\/www.public.sn\/index.php\/author\/admin7324\/"}]}},"jetpack_featured_media_url":"https:\/\/www.public.sn\/wp-content\/uploads\/2022\/10\/arrestation-maroc-1.jpg","jetpack_sharing_enabled":true,"_links":{"self":[{"href":"https:\/\/www.public.sn\/index.php\/wp-json\/wp\/v2\/posts\/3743","targetHints":{"allow":["GET"]}}],"collection":[{"href":"https:\/\/www.public.sn\/index.php\/wp-json\/wp\/v2\/posts"}],"about":[{"href":"https:\/\/www.public.sn\/index.php\/wp-json\/wp\/v2\/types\/post"}],"author":[{"embeddable":true,"href":"https:\/\/www.public.sn\/index.php\/wp-json\/wp\/v2\/users\/1"}],"replies":[{"embeddable":true,"href":"https:\/\/www.public.sn\/index.php\/wp-json\/wp\/v2\/comments?post=3743"}],"version-history":[{"count":2,"href":"https:\/\/www.public.sn\/index.php\/wp-json\/wp\/v2\/posts\/3743\/revisions"}],"predecessor-version":[{"id":3752,"href":"https:\/\/www.public.sn\/index.php\/wp-json\/wp\/v2\/posts\/3743\/revisions\/3752"}],"wp:featuredmedia":[{"embeddable":true,"href":"https:\/\/www.public.sn\/index.php\/wp-json\/wp\/v2\/media\/3751"}],"wp:attachment":[{"href":"https:\/\/www.public.sn\/index.php\/wp-json\/wp\/v2\/media?parent=3743"}],"wp:term":[{"taxonomy":"category","embeddable":true,"href":"https:\/\/www.public.sn\/index.php\/wp-json\/wp\/v2\/categories?post=3743"},{"taxonomy":"post_tag","embeddable":true,"href":"https:\/\/www.public.sn\/index.php\/wp-json\/wp\/v2\/tags?post=3743"}],"curies":[{"name":"wp","href":"https:\/\/api.w.org\/{rel}","templated":true}]}}