{"id":37460,"date":"2025-04-12T12:01:00","date_gmt":"2025-04-12T12:01:00","guid":{"rendered":"https:\/\/www.public.sn\/?p=37460"},"modified":"2025-04-12T11:18:25","modified_gmt":"2025-04-12T11:18:25","slug":"interdiction-de-sortie-du-territoire-le-fdr-exprime-son-soutien-a-mansour-faye-et-denonce-une-prise-dotage","status":"publish","type":"post","link":"https:\/\/www.public.sn\/index.php\/2025\/04\/12\/interdiction-de-sortie-du-territoire-le-fdr-exprime-son-soutien-a-mansour-faye-et-denonce-une-prise-dotage\/","title":{"rendered":"Interdiction de sortie du territoire : le FDR exprime son soutien \u00e0 Mansour Faye et d\u00e9nonce \u00ab une prise d\u2019otage \u00bb"},"content":{"rendered":"\n<p>Inform\u00e9 de l\u2019interdiction de sortie du territoire visant Mansour Faye, malgr\u00e9 une d\u00e9cision de justice l\u2019autorisant \u00e0 exercer son droit d\u2019aller et venir, le Front pour la D\u00e9fense de la D\u00e9mocratie et de la R\u00e9publique (FDR) qualifie cette mesure d\u2019\u00ab attitude dictatoriale du r\u00e9gime \u00bb.&nbsp;&nbsp;<\/p><div class=\"publi-paragraphe1\" style=\"margin-top: 10px;margin-bottom: 10px;margin-left: auto;margin-right: auto;text-align: center;\" id=\"publi-308688749\"><div class=\"publi-adlabel\">Publicit\u00e9<\/div><script async src=\"\/\/pagead2.googlesyndication.com\/pagead\/js\/adsbygoogle.js?client=ca-pub-4089586018074219\" crossorigin=\"anonymous\"><\/script><ins class=\"adsbygoogle\" style=\"display:block;\" data-ad-client=\"ca-pub-4089586018074219\" \ndata-ad-slot=\"2087940154\" \ndata-ad-format=\"auto\"><\/ins>\n<script> \n(adsbygoogle = window.adsbygoogle || []).push({}); \n<\/script>\n<\/div>\n\n\n\n<p>Dans un communiqu\u00e9 publi\u00e9 ce vendredi, le FDR a r\u00e9affirm\u00e9 son soutien au maire de Saint-Louis et ancien ministre, tout en d\u00e9non\u00e7ant une \u00ab prise d\u2019otage indigne de la d\u00e9mocratie s\u00e9n\u00e9galaise \u00bb.&nbsp;&nbsp;<\/p>\n\n\n\n<p>Le Front estime que la r\u00e9solution de ces abus passera n\u00e9cessairement par des luttes populaires organis\u00e9es \u00e0 tous les niveaux. \u00ab Le temps est \u00e0 l\u2019action pour mettre fin aux d\u00e9rives de ce r\u00e9gime. L\u2019unit\u00e9 et l\u2019organisation permettront de stopper brimades, privations de libert\u00e9 et autres violations, afin de reconstruire un S\u00e9n\u00e9gal juste et apais\u00e9 \u00bb, souligne-t-il.<\/p>\n\n\n\n<p>Dakaractu<\/p>\n\n\n\n<p><\/p>\n<div class=\"publi-apres-le-contenu\" style=\"margin-top: 10px;margin-bottom: 10px;margin-left: auto;margin-right: auto;text-align: center;\" id=\"publi-897464029\"><div class=\"publi-adlabel\">Publicit\u00e9<\/div><script async src=\"\/\/pagead2.googlesyndication.com\/pagead\/js\/adsbygoogle.js?client=ca-pub-4089586018074219\" crossorigin=\"anonymous\"><\/script><ins class=\"adsbygoogle\" style=\"display:block;\" data-ad-client=\"ca-pub-4089586018074219\" \ndata-ad-slot=\"2087940154\" \ndata-ad-format=\"auto\"><\/ins>\n<script> \n(adsbygoogle = window.adsbygoogle || []).push({}); \n<\/script>\n<\/div>","protected":false},"excerpt":{"rendered":"<p>Inform\u00e9 de l\u2019interdiction de sortie du territoire visant Mansour Faye, malgr\u00e9 une d\u00e9cision de justice l\u2019autorisant \u00e0 exercer son droit d\u2019aller et venir, le Front pour la D\u00e9fense de la D\u00e9mocratie et de la R\u00e9publique (FDR) qualifie cette mesure d\u2019\u00ab attitude dictatoriale du r\u00e9gime \u00bb.&nbsp;&nbsp; Dans un communiqu\u00e9 publi\u00e9 ce vendredi, le FDR a r\u00e9affirm\u00e9 son soutien au maire de Saint-Louis et ancien ministre, tout en d\u00e9non\u00e7ant une \u00ab prise d\u2019otage indigne de la d\u00e9mocratie s\u00e9n\u00e9galaise \u00bb.&nbsp;&nbsp; Le Front estime que la r\u00e9solution de ces abus passera n\u00e9cessairement par des luttes populaires organis\u00e9es \u00e0 tous les niveaux. \u00ab Le temps est \u00e0 l\u2019action pour mettre fin aux d\u00e9rives de ce r\u00e9gime. L\u2019unit\u00e9 et l\u2019organisation permettront de stopper brimades, privations de libert\u00e9 et autres violations, afin de reconstruire un S\u00e9n\u00e9gal juste et apais\u00e9 \u00bb, souligne-t-il. Dakaractu<\/p>\n","protected":false},"author":1,"featured_media":32247,"comment_status":"open","ping_status":"open","sticky":false,"template":"","format":"standard","meta":{"_jetpack_memberships_contains_paid_content":false,"footnotes":""},"categories":[375,9,3,1],"tags":[7455],"class_list":["post-37460","post","type-post","status-publish","format-standard","has-post-thumbnail","hentry","category-actualites","category-communique","category-politique","category-non-classe","tag-fdr","entry","has-media","owp-thumbs-layout-horizontal","owp-btn-normal","owp-tabs-layout-horizontal","has-no-thumbnails","has-product-nav"],"yoast_head":"<!-- This site is optimized with the Yoast SEO plugin v25.5 - https:\/\/yoast.com\/wordpress\/plugins\/seo\/ -->\n<title>Interdiction de sortie du territoire : le FDR exprime son soutien \u00e0 Mansour Faye et d\u00e9nonce \u00ab une prise d\u2019otage \u00bb - LE PUBLIC<\/title>\n<meta name=\"description\" content=\"Inform\u00e9 de l\u2019interdiction de sortie du territoire visant Mansour Faye, malgr\u00e9 une d\u00e9cision de justice l\u2019autorisant \u00e0 exercer son droit d\u2019aller et venir, le Front pour la D\u00e9fense de la D\u00e9mocratie et de la R\u00e9publique (FDR) qualifie cette mesure d\u2019\u00ab attitude dictatoriale du r\u00e9gime \u00bb.\u00a0\u00a0\" \/>\n<meta name=\"robots\" content=\"index, follow, max-snippet:-1, max-image-preview:large, max-video-preview:-1\" \/>\n<link rel=\"canonical\" href=\"https:\/\/www.public.sn\/index.php\/2025\/04\/12\/interdiction-de-sortie-du-territoire-le-fdr-exprime-son-soutien-a-mansour-faye-et-denonce-une-prise-dotage\/\" \/>\n<meta property=\"og:locale\" content=\"fr_FR\" \/>\n<meta property=\"og:type\" content=\"article\" \/>\n<meta property=\"og:title\" content=\"Interdiction de sortie du territoire : le FDR exprime son soutien \u00e0 Mansour Faye et d\u00e9nonce \u00ab une prise d\u2019otage \u00bb - LE PUBLIC\" \/>\n<meta property=\"og:description\" content=\"Inform\u00e9 de l\u2019interdiction de sortie du territoire visant Mansour Faye, malgr\u00e9 une d\u00e9cision de justice l\u2019autorisant \u00e0 exercer son droit d\u2019aller et venir, le Front pour la D\u00e9fense de la D\u00e9mocratie et de la R\u00e9publique (FDR) qualifie cette mesure d\u2019\u00ab attitude dictatoriale du r\u00e9gime \u00bb.\u00a0\u00a0\" \/>\n<meta property=\"og:url\" content=\"https:\/\/www.public.sn\/index.php\/2025\/04\/12\/interdiction-de-sortie-du-territoire-le-fdr-exprime-son-soutien-a-mansour-faye-et-denonce-une-prise-dotage\/\" \/>\n<meta property=\"og:site_name\" content=\"LE PUBLIC\" \/>\n<meta property=\"article:published_time\" content=\"2025-04-12T12:01:00+00:00\" \/>\n<meta property=\"og:image\" content=\"https:\/\/www.public.sn\/wp-content\/uploads\/2024\/05\/mansour-faye.jpeg\" \/>\n\t<meta property=\"og:image:width\" content=\"640\" \/>\n\t<meta property=\"og:image:height\" content=\"480\" \/>\n\t<meta property=\"og:image:type\" content=\"image\/jpeg\" \/>\n<meta name=\"author\" content=\"LA REDACTION\" \/>\n<meta name=\"twitter:card\" content=\"summary_large_image\" \/>\n<meta name=\"twitter:label1\" content=\"\u00c9crit par\" \/>\n\t<meta name=\"twitter:data1\" content=\"LA REDACTION\" \/>\n\t<meta name=\"twitter:label2\" content=\"Dur\u00e9e de lecture estim\u00e9e\" \/>\n\t<meta name=\"twitter:data2\" content=\"1 minute\" \/>\n<script type=\"application\/ld+json\" class=\"yoast-schema-graph\">{\"@context\":\"https:\/\/schema.org\",\"@graph\":[{\"@type\":\"Article\",\"@id\":\"https:\/\/www.public.sn\/index.php\/2025\/04\/12\/interdiction-de-sortie-du-territoire-le-fdr-exprime-son-soutien-a-mansour-faye-et-denonce-une-prise-dotage\/#article\",\"isPartOf\":{\"@id\":\"https:\/\/www.public.sn\/index.php\/2025\/04\/12\/interdiction-de-sortie-du-territoire-le-fdr-exprime-son-soutien-a-mansour-faye-et-denonce-une-prise-dotage\/\"},\"author\":{\"name\":\"LA REDACTION\",\"@id\":\"https:\/\/www.public.sn\/#\/schema\/person\/e3f4a11b037d4203902db148f9bc8d5a\"},\"headline\":\"Interdiction de sortie du territoire : le FDR exprime son soutien \u00e0 Mansour Faye et d\u00e9nonce \u00ab une prise d\u2019otage \u00bb\",\"datePublished\":\"2025-04-12T12:01:00+00:00\",\"mainEntityOfPage\":{\"@id\":\"https:\/\/www.public.sn\/index.php\/2025\/04\/12\/interdiction-de-sortie-du-territoire-le-fdr-exprime-son-soutien-a-mansour-faye-et-denonce-une-prise-dotage\/\"},\"wordCount\":175,\"commentCount\":0,\"publisher\":{\"@id\":\"https:\/\/www.public.sn\/#organization\"},\"image\":{\"@id\":\"https:\/\/www.public.sn\/index.php\/2025\/04\/12\/interdiction-de-sortie-du-territoire-le-fdr-exprime-son-soutien-a-mansour-faye-et-denonce-une-prise-dotage\/#primaryimage\"},\"thumbnailUrl\":\"https:\/\/www.public.sn\/wp-content\/uploads\/2024\/05\/mansour-faye.jpeg\",\"keywords\":[\"FDR\"],\"articleSection\":[\"ACTUALIT\u00c9S\",\"COMMUNIQU\u00c9\",\"POLITIQUE\",\"S\u00c9N\u00c9GAL\"],\"inLanguage\":\"fr-FR\",\"potentialAction\":[{\"@type\":\"CommentAction\",\"name\":\"Comment\",\"target\":[\"https:\/\/www.public.sn\/index.php\/2025\/04\/12\/interdiction-de-sortie-du-territoire-le-fdr-exprime-son-soutien-a-mansour-faye-et-denonce-une-prise-dotage\/#respond\"]}]},{\"@type\":\"WebPage\",\"@id\":\"https:\/\/www.public.sn\/index.php\/2025\/04\/12\/interdiction-de-sortie-du-territoire-le-fdr-exprime-son-soutien-a-mansour-faye-et-denonce-une-prise-dotage\/\",\"url\":\"https:\/\/www.public.sn\/index.php\/2025\/04\/12\/interdiction-de-sortie-du-territoire-le-fdr-exprime-son-soutien-a-mansour-faye-et-denonce-une-prise-dotage\/\",\"name\":\"Interdiction de sortie du territoire : le FDR exprime son soutien \u00e0 Mansour Faye et d\u00e9nonce \u00ab une prise d\u2019otage \u00bb - LE PUBLIC\",\"isPartOf\":{\"@id\":\"https:\/\/www.public.sn\/#website\"},\"primaryImageOfPage\":{\"@id\":\"https:\/\/www.public.sn\/index.php\/2025\/04\/12\/interdiction-de-sortie-du-territoire-le-fdr-exprime-son-soutien-a-mansour-faye-et-denonce-une-prise-dotage\/#primaryimage\"},\"image\":{\"@id\":\"https:\/\/www.public.sn\/index.php\/2025\/04\/12\/interdiction-de-sortie-du-territoire-le-fdr-exprime-son-soutien-a-mansour-faye-et-denonce-une-prise-dotage\/#primaryimage\"},\"thumbnailUrl\":\"https:\/\/www.public.sn\/wp-content\/uploads\/2024\/05\/mansour-faye.jpeg\",\"datePublished\":\"2025-04-12T12:01:00+00:00\",\"description\":\"Inform\u00e9 de l\u2019interdiction de sortie du territoire visant Mansour Faye, malgr\u00e9 une d\u00e9cision de justice l\u2019autorisant \u00e0 exercer son droit d\u2019aller et venir, le Front pour la D\u00e9fense de la D\u00e9mocratie et de la R\u00e9publique (FDR) qualifie cette mesure d\u2019\u00ab attitude dictatoriale du r\u00e9gime \u00bb.\u00a0\u00a0\",\"breadcrumb\":{\"@id\":\"https:\/\/www.public.sn\/index.php\/2025\/04\/12\/interdiction-de-sortie-du-territoire-le-fdr-exprime-son-soutien-a-mansour-faye-et-denonce-une-prise-dotage\/#breadcrumb\"},\"inLanguage\":\"fr-FR\",\"potentialAction\":[{\"@type\":\"ReadAction\",\"target\":[\"https:\/\/www.public.sn\/index.php\/2025\/04\/12\/interdiction-de-sortie-du-territoire-le-fdr-exprime-son-soutien-a-mansour-faye-et-denonce-une-prise-dotage\/\"]}]},{\"@type\":\"ImageObject\",\"inLanguage\":\"fr-FR\",\"@id\":\"https:\/\/www.public.sn\/index.php\/2025\/04\/12\/interdiction-de-sortie-du-territoire-le-fdr-exprime-son-soutien-a-mansour-faye-et-denonce-une-prise-dotage\/#primaryimage\",\"url\":\"https:\/\/www.public.sn\/wp-content\/uploads\/2024\/05\/mansour-faye.jpeg\",\"contentUrl\":\"https:\/\/www.public.sn\/wp-content\/uploads\/2024\/05\/mansour-faye.jpeg\",\"width\":640,\"height\":480},{\"@type\":\"BreadcrumbList\",\"@id\":\"https:\/\/www.public.sn\/index.php\/2025\/04\/12\/interdiction-de-sortie-du-territoire-le-fdr-exprime-son-soutien-a-mansour-faye-et-denonce-une-prise-dotage\/#breadcrumb\",\"itemListElement\":[{\"@type\":\"ListItem\",\"position\":1,\"name\":\"Accueil\",\"item\":\"https:\/\/www.public.sn\/\"},{\"@type\":\"ListItem\",\"position\":2,\"name\":\"Interdiction de sortie du territoire : le FDR exprime son soutien \u00e0 Mansour Faye et d\u00e9nonce \u00ab une prise d\u2019otage \u00bb\"}]},{\"@type\":\"WebSite\",\"@id\":\"https:\/\/www.public.sn\/#website\",\"url\":\"https:\/\/www.public.sn\/\",\"name\":\"LE PUBLIC\",\"description\":\"\",\"publisher\":{\"@id\":\"https:\/\/www.public.sn\/#organization\"},\"potentialAction\":[{\"@type\":\"SearchAction\",\"target\":{\"@type\":\"EntryPoint\",\"urlTemplate\":\"https:\/\/www.public.sn\/?s={search_term_string}\"},\"query-input\":{\"@type\":\"PropertyValueSpecification\",\"valueRequired\":true,\"valueName\":\"search_term_string\"}}],\"inLanguage\":\"fr-FR\"},{\"@type\":\"Organization\",\"@id\":\"https:\/\/www.public.sn\/#organization\",\"name\":\"LE PUBLIC\",\"url\":\"https:\/\/www.public.sn\/\",\"logo\":{\"@type\":\"ImageObject\",\"inLanguage\":\"fr-FR\",\"@id\":\"https:\/\/www.public.sn\/#\/schema\/logo\/image\/\",\"url\":\"https:\/\/www.public.sn\/wp-content\/uploads\/2024\/05\/cropped-LOGO-PUBLIC.SN_.png\",\"contentUrl\":\"https:\/\/www.public.sn\/wp-content\/uploads\/2024\/05\/cropped-LOGO-PUBLIC.SN_.png\",\"width\":682,\"height\":192,\"caption\":\"LE PUBLIC\"},\"image\":{\"@id\":\"https:\/\/www.public.sn\/#\/schema\/logo\/image\/\"}},{\"@type\":\"Person\",\"@id\":\"https:\/\/www.public.sn\/#\/schema\/person\/e3f4a11b037d4203902db148f9bc8d5a\",\"name\":\"LA REDACTION\",\"image\":{\"@type\":\"ImageObject\",\"inLanguage\":\"fr-FR\",\"@id\":\"https:\/\/www.public.sn\/#\/schema\/person\/image\/\",\"url\":\"https:\/\/secure.gravatar.com\/avatar\/d6c030db45db2883c075085c5d6c6258654a801a93766b49af0b82d4f454e2a5?s=96&d=mm&r=g\",\"contentUrl\":\"https:\/\/secure.gravatar.com\/avatar\/d6c030db45db2883c075085c5d6c6258654a801a93766b49af0b82d4f454e2a5?s=96&d=mm&r=g\",\"caption\":\"LA REDACTION\"},\"sameAs\":[\"http:\/\/www.public.sn\"],\"url\":\"https:\/\/www.public.sn\/index.php\/author\/admin7324\/\"}]}<\/script>\n<!-- \/ Yoast SEO plugin. -->","yoast_head_json":{"title":"Interdiction de sortie du territoire : le FDR exprime son soutien \u00e0 Mansour Faye et d\u00e9nonce \u00ab une prise d\u2019otage \u00bb - LE PUBLIC","description":"Inform\u00e9 de l\u2019interdiction de sortie du territoire visant Mansour Faye, malgr\u00e9 une d\u00e9cision de justice l\u2019autorisant \u00e0 exercer son droit d\u2019aller et venir, le Front pour la D\u00e9fense de la D\u00e9mocratie et de la R\u00e9publique (FDR) qualifie cette mesure d\u2019\u00ab attitude dictatoriale du r\u00e9gime \u00bb.\u00a0\u00a0","robots":{"index":"index","follow":"follow","max-snippet":"max-snippet:-1","max-image-preview":"max-image-preview:large","max-video-preview":"max-video-preview:-1"},"canonical":"https:\/\/www.public.sn\/index.php\/2025\/04\/12\/interdiction-de-sortie-du-territoire-le-fdr-exprime-son-soutien-a-mansour-faye-et-denonce-une-prise-dotage\/","og_locale":"fr_FR","og_type":"article","og_title":"Interdiction de sortie du territoire : le FDR exprime son soutien \u00e0 Mansour Faye et d\u00e9nonce \u00ab une prise d\u2019otage \u00bb - LE PUBLIC","og_description":"Inform\u00e9 de l\u2019interdiction de sortie du territoire visant Mansour Faye, malgr\u00e9 une d\u00e9cision de justice l\u2019autorisant \u00e0 exercer son droit d\u2019aller et venir, le Front pour la D\u00e9fense de la D\u00e9mocratie et de la R\u00e9publique (FDR) qualifie cette mesure d\u2019\u00ab attitude dictatoriale du r\u00e9gime \u00bb.\u00a0\u00a0","og_url":"https:\/\/www.public.sn\/index.php\/2025\/04\/12\/interdiction-de-sortie-du-territoire-le-fdr-exprime-son-soutien-a-mansour-faye-et-denonce-une-prise-dotage\/","og_site_name":"LE PUBLIC","article_published_time":"2025-04-12T12:01:00+00:00","og_image":[{"width":640,"height":480,"url":"https:\/\/www.public.sn\/wp-content\/uploads\/2024\/05\/mansour-faye.jpeg","type":"image\/jpeg"}],"author":"LA REDACTION","twitter_card":"summary_large_image","twitter_misc":{"\u00c9crit par":"LA REDACTION","Dur\u00e9e de lecture estim\u00e9e":"1 minute"},"schema":{"@context":"https:\/\/schema.org","@graph":[{"@type":"Article","@id":"https:\/\/www.public.sn\/index.php\/2025\/04\/12\/interdiction-de-sortie-du-territoire-le-fdr-exprime-son-soutien-a-mansour-faye-et-denonce-une-prise-dotage\/#article","isPartOf":{"@id":"https:\/\/www.public.sn\/index.php\/2025\/04\/12\/interdiction-de-sortie-du-territoire-le-fdr-exprime-son-soutien-a-mansour-faye-et-denonce-une-prise-dotage\/"},"author":{"name":"LA REDACTION","@id":"https:\/\/www.public.sn\/#\/schema\/person\/e3f4a11b037d4203902db148f9bc8d5a"},"headline":"Interdiction de sortie du territoire : le FDR exprime son soutien \u00e0 Mansour Faye et d\u00e9nonce \u00ab une prise d\u2019otage \u00bb","datePublished":"2025-04-12T12:01:00+00:00","mainEntityOfPage":{"@id":"https:\/\/www.public.sn\/index.php\/2025\/04\/12\/interdiction-de-sortie-du-territoire-le-fdr-exprime-son-soutien-a-mansour-faye-et-denonce-une-prise-dotage\/"},"wordCount":175,"commentCount":0,"publisher":{"@id":"https:\/\/www.public.sn\/#organization"},"image":{"@id":"https:\/\/www.public.sn\/index.php\/2025\/04\/12\/interdiction-de-sortie-du-territoire-le-fdr-exprime-son-soutien-a-mansour-faye-et-denonce-une-prise-dotage\/#primaryimage"},"thumbnailUrl":"https:\/\/www.public.sn\/wp-content\/uploads\/2024\/05\/mansour-faye.jpeg","keywords":["FDR"],"articleSection":["ACTUALIT\u00c9S","COMMUNIQU\u00c9","POLITIQUE","S\u00c9N\u00c9GAL"],"inLanguage":"fr-FR","potentialAction":[{"@type":"CommentAction","name":"Comment","target":["https:\/\/www.public.sn\/index.php\/2025\/04\/12\/interdiction-de-sortie-du-territoire-le-fdr-exprime-son-soutien-a-mansour-faye-et-denonce-une-prise-dotage\/#respond"]}]},{"@type":"WebPage","@id":"https:\/\/www.public.sn\/index.php\/2025\/04\/12\/interdiction-de-sortie-du-territoire-le-fdr-exprime-son-soutien-a-mansour-faye-et-denonce-une-prise-dotage\/","url":"https:\/\/www.public.sn\/index.php\/2025\/04\/12\/interdiction-de-sortie-du-territoire-le-fdr-exprime-son-soutien-a-mansour-faye-et-denonce-une-prise-dotage\/","name":"Interdiction de sortie du territoire : le FDR exprime son soutien \u00e0 Mansour Faye et d\u00e9nonce \u00ab une prise d\u2019otage \u00bb - LE PUBLIC","isPartOf":{"@id":"https:\/\/www.public.sn\/#website"},"primaryImageOfPage":{"@id":"https:\/\/www.public.sn\/index.php\/2025\/04\/12\/interdiction-de-sortie-du-territoire-le-fdr-exprime-son-soutien-a-mansour-faye-et-denonce-une-prise-dotage\/#primaryimage"},"image":{"@id":"https:\/\/www.public.sn\/index.php\/2025\/04\/12\/interdiction-de-sortie-du-territoire-le-fdr-exprime-son-soutien-a-mansour-faye-et-denonce-une-prise-dotage\/#primaryimage"},"thumbnailUrl":"https:\/\/www.public.sn\/wp-content\/uploads\/2024\/05\/mansour-faye.jpeg","datePublished":"2025-04-12T12:01:00+00:00","description":"Inform\u00e9 de l\u2019interdiction de sortie du territoire visant Mansour Faye, malgr\u00e9 une d\u00e9cision de justice l\u2019autorisant \u00e0 exercer son droit d\u2019aller et venir, le Front pour la D\u00e9fense de la D\u00e9mocratie et de la R\u00e9publique (FDR) qualifie cette mesure d\u2019\u00ab attitude dictatoriale du r\u00e9gime \u00bb.\u00a0\u00a0","breadcrumb":{"@id":"https:\/\/www.public.sn\/index.php\/2025\/04\/12\/interdiction-de-sortie-du-territoire-le-fdr-exprime-son-soutien-a-mansour-faye-et-denonce-une-prise-dotage\/#breadcrumb"},"inLanguage":"fr-FR","potentialAction":[{"@type":"ReadAction","target":["https:\/\/www.public.sn\/index.php\/2025\/04\/12\/interdiction-de-sortie-du-territoire-le-fdr-exprime-son-soutien-a-mansour-faye-et-denonce-une-prise-dotage\/"]}]},{"@type":"ImageObject","inLanguage":"fr-FR","@id":"https:\/\/www.public.sn\/index.php\/2025\/04\/12\/interdiction-de-sortie-du-territoire-le-fdr-exprime-son-soutien-a-mansour-faye-et-denonce-une-prise-dotage\/#primaryimage","url":"https:\/\/www.public.sn\/wp-content\/uploads\/2024\/05\/mansour-faye.jpeg","contentUrl":"https:\/\/www.public.sn\/wp-content\/uploads\/2024\/05\/mansour-faye.jpeg","width":640,"height":480},{"@type":"BreadcrumbList","@id":"https:\/\/www.public.sn\/index.php\/2025\/04\/12\/interdiction-de-sortie-du-territoire-le-fdr-exprime-son-soutien-a-mansour-faye-et-denonce-une-prise-dotage\/#breadcrumb","itemListElement":[{"@type":"ListItem","position":1,"name":"Accueil","item":"https:\/\/www.public.sn\/"},{"@type":"ListItem","position":2,"name":"Interdiction de sortie du territoire : le FDR exprime son soutien \u00e0 Mansour Faye et d\u00e9nonce \u00ab une prise d\u2019otage \u00bb"}]},{"@type":"WebSite","@id":"https:\/\/www.public.sn\/#website","url":"https:\/\/www.public.sn\/","name":"LE PUBLIC","description":"","publisher":{"@id":"https:\/\/www.public.sn\/#organization"},"potentialAction":[{"@type":"SearchAction","target":{"@type":"EntryPoint","urlTemplate":"https:\/\/www.public.sn\/?s={search_term_string}"},"query-input":{"@type":"PropertyValueSpecification","valueRequired":true,"valueName":"search_term_string"}}],"inLanguage":"fr-FR"},{"@type":"Organization","@id":"https:\/\/www.public.sn\/#organization","name":"LE PUBLIC","url":"https:\/\/www.public.sn\/","logo":{"@type":"ImageObject","inLanguage":"fr-FR","@id":"https:\/\/www.public.sn\/#\/schema\/logo\/image\/","url":"https:\/\/www.public.sn\/wp-content\/uploads\/2024\/05\/cropped-LOGO-PUBLIC.SN_.png","contentUrl":"https:\/\/www.public.sn\/wp-content\/uploads\/2024\/05\/cropped-LOGO-PUBLIC.SN_.png","width":682,"height":192,"caption":"LE PUBLIC"},"image":{"@id":"https:\/\/www.public.sn\/#\/schema\/logo\/image\/"}},{"@type":"Person","@id":"https:\/\/www.public.sn\/#\/schema\/person\/e3f4a11b037d4203902db148f9bc8d5a","name":"LA REDACTION","image":{"@type":"ImageObject","inLanguage":"fr-FR","@id":"https:\/\/www.public.sn\/#\/schema\/person\/image\/","url":"https:\/\/secure.gravatar.com\/avatar\/d6c030db45db2883c075085c5d6c6258654a801a93766b49af0b82d4f454e2a5?s=96&d=mm&r=g","contentUrl":"https:\/\/secure.gravatar.com\/avatar\/d6c030db45db2883c075085c5d6c6258654a801a93766b49af0b82d4f454e2a5?s=96&d=mm&r=g","caption":"LA REDACTION"},"sameAs":["http:\/\/www.public.sn"],"url":"https:\/\/www.public.sn\/index.php\/author\/admin7324\/"}]}},"jetpack_featured_media_url":"https:\/\/www.public.sn\/wp-content\/uploads\/2024\/05\/mansour-faye.jpeg","jetpack_sharing_enabled":true,"_links":{"self":[{"href":"https:\/\/www.public.sn\/index.php\/wp-json\/wp\/v2\/posts\/37460","targetHints":{"allow":["GET"]}}],"collection":[{"href":"https:\/\/www.public.sn\/index.php\/wp-json\/wp\/v2\/posts"}],"about":[{"href":"https:\/\/www.public.sn\/index.php\/wp-json\/wp\/v2\/types\/post"}],"author":[{"embeddable":true,"href":"https:\/\/www.public.sn\/index.php\/wp-json\/wp\/v2\/users\/1"}],"replies":[{"embeddable":true,"href":"https:\/\/www.public.sn\/index.php\/wp-json\/wp\/v2\/comments?post=37460"}],"version-history":[{"count":1,"href":"https:\/\/www.public.sn\/index.php\/wp-json\/wp\/v2\/posts\/37460\/revisions"}],"predecessor-version":[{"id":37461,"href":"https:\/\/www.public.sn\/index.php\/wp-json\/wp\/v2\/posts\/37460\/revisions\/37461"}],"wp:featuredmedia":[{"embeddable":true,"href":"https:\/\/www.public.sn\/index.php\/wp-json\/wp\/v2\/media\/32247"}],"wp:attachment":[{"href":"https:\/\/www.public.sn\/index.php\/wp-json\/wp\/v2\/media?parent=37460"}],"wp:term":[{"taxonomy":"category","embeddable":true,"href":"https:\/\/www.public.sn\/index.php\/wp-json\/wp\/v2\/categories?post=37460"},{"taxonomy":"post_tag","embeddable":true,"href":"https:\/\/www.public.sn\/index.php\/wp-json\/wp\/v2\/tags?post=37460"}],"curies":[{"name":"wp","href":"https:\/\/api.w.org\/{rel}","templated":true}]}}