{"id":37479,"date":"2025-04-14T13:31:59","date_gmt":"2025-04-14T13:31:59","guid":{"rendered":"https:\/\/www.public.sn\/?p=37479"},"modified":"2025-04-14T13:32:02","modified_gmt":"2025-04-14T13:32:02","slug":"de-la-parole-forte-a-laction-faible-le-piege-de-larrogance-au-pouvoir-par-thierno-bocoum","status":"publish","type":"post","link":"https:\/\/www.public.sn\/index.php\/2025\/04\/14\/de-la-parole-forte-a-laction-faible-le-piege-de-larrogance-au-pouvoir-par-thierno-bocoum\/","title":{"rendered":"De la parole forte \u00e0 l\u2019action faible : le pi\u00e8ge de l\u2019arrogance au pouvoir ( Par Thierno Bocoum )"},"content":{"rendered":"\n<p>Le Premier ministre entretient une confusion constante entre des concepts pourtant fondamentaux : le peuple et les partisans, la justice et la clameur populaire, la responsabilit\u00e9 gouvernementale et le militantisme politique. Ce brouillage d\u00e9lib\u00e9r\u00e9 le pousse \u00e0 substituer le d\u00e9bat par la dispute, \u00e0 pr\u00e9f\u00e9rer l\u2019affrontement \u00e0 la p\u00e9dagogie. Le pugilat devient son langage favori, alors que les membres du gouvernement devraient s\u2019attacher \u00e0 \u00e9clairer les citoyens.<\/p><div class=\"publi-paragraphe1\" style=\"margin-top: 10px;margin-bottom: 10px;margin-left: auto;margin-right: auto;text-align: center;\" id=\"publi-4124445420\"><div class=\"publi-adlabel\">Publicit\u00e9<\/div><script async src=\"\/\/pagead2.googlesyndication.com\/pagead\/js\/adsbygoogle.js?client=ca-pub-4089586018074219\" crossorigin=\"anonymous\"><\/script><ins class=\"adsbygoogle\" style=\"display:block;\" data-ad-client=\"ca-pub-4089586018074219\" \ndata-ad-slot=\"2087940154\" \ndata-ad-format=\"auto\"><\/ins>\n<script> \n(adsbygoogle = window.adsbygoogle || []).push({}); \n<\/script>\n<\/div>\n\n\n\n<p>Il s\u2019agace, m\u00eame face \u00e0 ceux qui ne font que le ramener \u00e0 ses devoirs. M\u00eame le silence semble l\u2019importuner, tant il devient hypersensible \u00e0 toute forme de contradiction.<\/p>\n\n\n\n<p>Priv\u00e9 d\u2019actes tangibles pour accompagner ses discours enflamm\u00e9s, il s\u2019enferme dans la diversion. Il allume des contrefeux pour fuir les vraies responsabilit\u00e9s, au lieu d\u2019assumer les attentes l\u00e9gitimes de la population.<\/p>\n\n\n\n<p>Se glorifier de baisses de prix li\u00e9es aux fluctuations du march\u00e9 mondial, sans jamais en assumer les hausses quand elles surviendront, rel\u00e8ve d\u2019un opportunisme simpliste. Il serait plus responsable d\u2019expliquer les choix \u00e9conomiques \u00e0 travers une lecture structurelle \u2014 en \u00e9voquant les subventions, les m\u00e9canismes d\u2019ajustement, ou des mesures durables \u2014 plut\u00f4t que de se contenter d\u2019un discours conjoncturel et simplifi\u00e9.<\/p>\n\n\n\n<p>Ce qui est inacceptable, c\u2019est de brandir les limites de la libert\u00e9 d\u2019expression pour faire taire les critiques, tout en orchestrant \u2014 par le biais de sa majorit\u00e9 parlementaire \u2014 l\u2019amnistie d\u2019auteurs de violences, d\u2019incendies d\u2019\u00e9difices publics, d\u2019agressions verbales et d\u2019actes de vandalisme. Cette posture incarne un double discours flagrant, entre le \u00ab\u00a0Coumba am nd\u00e9yisme\u00a0\u00bb et le \u00ab\u00a0Coumba amoul nd\u00e9yisme\u00a0\u00bb.<\/p>\n\n\n\n<p>R\u00e9duire toute forme d\u2019opposition \u00e0 de la haine personnelle est non seulement simpliste, mais hypocrite, surtout de la part de quelqu\u2019un qui n\u2019a jamais eu de scrupules \u00e0 adresser des critiques virulentes \u00e0 ses pr\u00e9d\u00e9cesseurs sans jamais \u00eatre tax\u00e9 de haineux.<\/p>\n\n\n\n<p>La multiplication de slogans, d\u2019\u00e9l\u00e9ments de langage et de diversions ne suffira pas \u00e0 masquer les carences manifestes en mati\u00e8re de gouvernance et de ma\u00eetrise des enjeux nationaux.<\/p>\n\n\n\n<p>Thierno Bocoum<br>Ancien parlementaire&nbsp;<br>Pr\u00e9sident AGIR<\/p>\n<div class=\"publi-apres-le-contenu\" style=\"margin-top: 10px;margin-bottom: 10px;margin-left: auto;margin-right: auto;text-align: center;\" id=\"publi-3264149053\"><div class=\"publi-adlabel\">Publicit\u00e9<\/div><script async src=\"\/\/pagead2.googlesyndication.com\/pagead\/js\/adsbygoogle.js?client=ca-pub-4089586018074219\" crossorigin=\"anonymous\"><\/script><ins class=\"adsbygoogle\" style=\"display:block;\" data-ad-client=\"ca-pub-4089586018074219\" \ndata-ad-slot=\"2087940154\" \ndata-ad-format=\"auto\"><\/ins>\n<script> \n(adsbygoogle = window.adsbygoogle || []).push({}); \n<\/script>\n<\/div>","protected":false},"excerpt":{"rendered":"<p>Le Premier ministre entretient une confusion constante entre des concepts pourtant fondamentaux : le peuple et les partisans, la justice et la clameur populaire, la responsabilit\u00e9 gouvernementale et le militantisme politique. Ce brouillage d\u00e9lib\u00e9r\u00e9 le pousse \u00e0 substituer le d\u00e9bat par la dispute, \u00e0 pr\u00e9f\u00e9rer l\u2019affrontement \u00e0 la p\u00e9dagogie. Le pugilat devient son langage favori, alors que les membres du gouvernement devraient s\u2019attacher \u00e0 \u00e9clairer les citoyens. Il s\u2019agace, m\u00eame face \u00e0 ceux qui ne font que le ramener \u00e0 ses devoirs. M\u00eame le silence semble l\u2019importuner, tant il devient hypersensible \u00e0 toute forme de contradiction. Priv\u00e9 d\u2019actes tangibles pour accompagner ses discours enflamm\u00e9s, il s\u2019enferme dans la diversion. Il allume des contrefeux pour fuir les vraies responsabilit\u00e9s, au lieu d\u2019assumer les attentes l\u00e9gitimes de la population. Se glorifier de baisses de prix li\u00e9es aux fluctuations du march\u00e9 mondial, sans jamais en assumer les hausses quand elles surviendront, rel\u00e8ve d\u2019un opportunisme simpliste. Il serait plus responsable d\u2019expliquer les choix \u00e9conomiques \u00e0 travers une lecture structurelle \u2014 en \u00e9voquant les subventions, les m\u00e9canismes d\u2019ajustement, ou des mesures durables \u2014 plut\u00f4t que de se contenter d\u2019un discours conjoncturel et simplifi\u00e9. Ce qui est inacceptable, c\u2019est de brandir les limites de la libert\u00e9 d\u2019expression pour faire taire les critiques, tout en orchestrant \u2014 par le biais de sa majorit\u00e9 parlementaire \u2014 l\u2019amnistie d\u2019auteurs de violences, d\u2019incendies d\u2019\u00e9difices publics, d\u2019agressions verbales et d\u2019actes de vandalisme. Cette posture incarne un double discours flagrant, entre le \u00ab\u00a0Coumba am nd\u00e9yisme\u00a0\u00bb et le \u00ab\u00a0Coumba amoul nd\u00e9yisme\u00a0\u00bb. R\u00e9duire toute forme d\u2019opposition \u00e0 de la haine personnelle est non seulement simpliste, mais hypocrite, surtout de la part de quelqu\u2019un qui n\u2019a jamais eu de scrupules \u00e0 adresser des critiques virulentes \u00e0 ses pr\u00e9d\u00e9cesseurs sans jamais \u00eatre tax\u00e9 de haineux. La multiplication de slogans, d\u2019\u00e9l\u00e9ments de langage et de diversions ne suffira pas \u00e0 masquer les carences manifestes en mati\u00e8re de gouvernance et de ma\u00eetrise des enjeux nationaux. Thierno BocoumAncien parlementaire&nbsp;Pr\u00e9sident AGIR<\/p>\n","protected":false},"author":1,"featured_media":3626,"comment_status":"open","ping_status":"open","sticky":false,"template":"","format":"standard","meta":{"_jetpack_memberships_contains_paid_content":false,"footnotes":""},"categories":[375,1575,3,1],"tags":[106],"class_list":["post-37479","post","type-post","status-publish","format-standard","has-post-thumbnail","hentry","category-actualites","category-contributions","category-politique","category-non-classe","tag-thierno-bocoum","entry","has-media","owp-thumbs-layout-horizontal","owp-btn-normal","owp-tabs-layout-horizontal","has-no-thumbnails","has-product-nav"],"yoast_head":"<!-- This site is optimized with the Yoast SEO plugin v25.5 - https:\/\/yoast.com\/wordpress\/plugins\/seo\/ -->\n<title>De la parole forte \u00e0 l\u2019action faible : le pi\u00e8ge de l\u2019arrogance au pouvoir ( Par Thierno Bocoum ) - LE PUBLIC<\/title>\n<meta name=\"robots\" content=\"index, follow, max-snippet:-1, max-image-preview:large, max-video-preview:-1\" \/>\n<link rel=\"canonical\" href=\"https:\/\/www.public.sn\/index.php\/2025\/04\/14\/de-la-parole-forte-a-laction-faible-le-piege-de-larrogance-au-pouvoir-par-thierno-bocoum\/\" \/>\n<meta property=\"og:locale\" content=\"fr_FR\" \/>\n<meta property=\"og:type\" content=\"article\" \/>\n<meta property=\"og:title\" content=\"De la parole forte \u00e0 l\u2019action faible : le pi\u00e8ge de l\u2019arrogance au pouvoir ( Par Thierno Bocoum ) - LE PUBLIC\" \/>\n<meta property=\"og:description\" content=\"Le Premier ministre entretient une confusion constante entre des concepts pourtant fondamentaux : le peuple et les partisans, la justice et la clameur populaire, la responsabilit\u00e9 gouvernementale et le militantisme politique. Ce brouillage d\u00e9lib\u00e9r\u00e9 le pousse \u00e0 substituer le d\u00e9bat par la dispute, \u00e0 pr\u00e9f\u00e9rer l\u2019affrontement \u00e0 la p\u00e9dagogie. Le pugilat devient son langage favori, alors que les membres du gouvernement devraient s\u2019attacher \u00e0 \u00e9clairer les citoyens. Il s\u2019agace, m\u00eame face \u00e0 ceux qui ne font que le ramener \u00e0 ses devoirs. M\u00eame le silence semble l\u2019importuner, tant il devient hypersensible \u00e0 toute forme de contradiction. Priv\u00e9 d\u2019actes tangibles pour accompagner ses discours enflamm\u00e9s, il s\u2019enferme dans la diversion. Il allume des contrefeux pour fuir les vraies responsabilit\u00e9s, au lieu d\u2019assumer les attentes l\u00e9gitimes de la population. Se glorifier de baisses de prix li\u00e9es aux fluctuations du march\u00e9 mondial, sans jamais en assumer les hausses quand elles surviendront, rel\u00e8ve d\u2019un opportunisme simpliste. Il serait plus responsable d\u2019expliquer les choix \u00e9conomiques \u00e0 travers une lecture structurelle \u2014 en \u00e9voquant les subventions, les m\u00e9canismes d\u2019ajustement, ou des mesures durables \u2014 plut\u00f4t que de se contenter d\u2019un discours conjoncturel et simplifi\u00e9. Ce qui est inacceptable, c\u2019est de brandir les limites de la libert\u00e9 d\u2019expression pour faire taire les critiques, tout en orchestrant \u2014 par le biais de sa majorit\u00e9 parlementaire \u2014 l\u2019amnistie d\u2019auteurs de violences, d\u2019incendies d\u2019\u00e9difices publics, d\u2019agressions verbales et d\u2019actes de vandalisme. Cette posture incarne un double discours flagrant, entre le \u00ab\u00a0Coumba am nd\u00e9yisme\u00a0\u00bb et le \u00ab\u00a0Coumba amoul nd\u00e9yisme\u00a0\u00bb. R\u00e9duire toute forme d\u2019opposition \u00e0 de la haine personnelle est non seulement simpliste, mais hypocrite, surtout de la part de quelqu\u2019un qui n\u2019a jamais eu de scrupules \u00e0 adresser des critiques virulentes \u00e0 ses pr\u00e9d\u00e9cesseurs sans jamais \u00eatre tax\u00e9 de haineux. La multiplication de slogans, d\u2019\u00e9l\u00e9ments de langage et de diversions ne suffira pas \u00e0 masquer les carences manifestes en mati\u00e8re de gouvernance et de ma\u00eetrise des enjeux nationaux. Thierno BocoumAncien parlementaire&nbsp;Pr\u00e9sident AGIR\" \/>\n<meta property=\"og:url\" content=\"https:\/\/www.public.sn\/index.php\/2025\/04\/14\/de-la-parole-forte-a-laction-faible-le-piege-de-larrogance-au-pouvoir-par-thierno-bocoum\/\" \/>\n<meta property=\"og:site_name\" content=\"LE PUBLIC\" \/>\n<meta property=\"article:published_time\" content=\"2025-04-14T13:31:59+00:00\" \/>\n<meta property=\"article:modified_time\" content=\"2025-04-14T13:32:02+00:00\" \/>\n<meta property=\"og:image\" content=\"https:\/\/www.public.sn\/wp-content\/uploads\/2022\/10\/Thierno-Bocoum-5.jpg\" \/>\n\t<meta property=\"og:image:width\" content=\"650\" \/>\n\t<meta property=\"og:image:height\" content=\"391\" \/>\n\t<meta property=\"og:image:type\" content=\"image\/jpeg\" \/>\n<meta name=\"author\" content=\"LA REDACTION\" \/>\n<meta name=\"twitter:card\" content=\"summary_large_image\" \/>\n<meta name=\"twitter:label1\" content=\"\u00c9crit par\" \/>\n\t<meta name=\"twitter:data1\" content=\"LA REDACTION\" \/>\n\t<meta name=\"twitter:label2\" content=\"Dur\u00e9e de lecture estim\u00e9e\" \/>\n\t<meta name=\"twitter:data2\" content=\"2 minutes\" \/>\n<script type=\"application\/ld+json\" class=\"yoast-schema-graph\">{\"@context\":\"https:\/\/schema.org\",\"@graph\":[{\"@type\":\"Article\",\"@id\":\"https:\/\/www.public.sn\/index.php\/2025\/04\/14\/de-la-parole-forte-a-laction-faible-le-piege-de-larrogance-au-pouvoir-par-thierno-bocoum\/#article\",\"isPartOf\":{\"@id\":\"https:\/\/www.public.sn\/index.php\/2025\/04\/14\/de-la-parole-forte-a-laction-faible-le-piege-de-larrogance-au-pouvoir-par-thierno-bocoum\/\"},\"author\":{\"name\":\"LA REDACTION\",\"@id\":\"https:\/\/www.public.sn\/#\/schema\/person\/e3f4a11b037d4203902db148f9bc8d5a\"},\"headline\":\"De la parole forte \u00e0 l\u2019action faible : le pi\u00e8ge de l\u2019arrogance au pouvoir ( Par Thierno Bocoum )\",\"datePublished\":\"2025-04-14T13:31:59+00:00\",\"dateModified\":\"2025-04-14T13:32:02+00:00\",\"mainEntityOfPage\":{\"@id\":\"https:\/\/www.public.sn\/index.php\/2025\/04\/14\/de-la-parole-forte-a-laction-faible-le-piege-de-larrogance-au-pouvoir-par-thierno-bocoum\/\"},\"wordCount\":371,\"commentCount\":0,\"publisher\":{\"@id\":\"https:\/\/www.public.sn\/#organization\"},\"image\":{\"@id\":\"https:\/\/www.public.sn\/index.php\/2025\/04\/14\/de-la-parole-forte-a-laction-faible-le-piege-de-larrogance-au-pouvoir-par-thierno-bocoum\/#primaryimage\"},\"thumbnailUrl\":\"https:\/\/www.public.sn\/wp-content\/uploads\/2022\/10\/Thierno-Bocoum-5.jpg\",\"keywords\":[\"Thierno Bocoum\"],\"articleSection\":[\"ACTUALIT\u00c9S\",\"CONTRIBUTIONS\",\"POLITIQUE\",\"S\u00c9N\u00c9GAL\"],\"inLanguage\":\"fr-FR\",\"potentialAction\":[{\"@type\":\"CommentAction\",\"name\":\"Comment\",\"target\":[\"https:\/\/www.public.sn\/index.php\/2025\/04\/14\/de-la-parole-forte-a-laction-faible-le-piege-de-larrogance-au-pouvoir-par-thierno-bocoum\/#respond\"]}]},{\"@type\":\"WebPage\",\"@id\":\"https:\/\/www.public.sn\/index.php\/2025\/04\/14\/de-la-parole-forte-a-laction-faible-le-piege-de-larrogance-au-pouvoir-par-thierno-bocoum\/\",\"url\":\"https:\/\/www.public.sn\/index.php\/2025\/04\/14\/de-la-parole-forte-a-laction-faible-le-piege-de-larrogance-au-pouvoir-par-thierno-bocoum\/\",\"name\":\"De la parole forte \u00e0 l\u2019action faible : le pi\u00e8ge de l\u2019arrogance au pouvoir ( Par Thierno Bocoum ) - LE PUBLIC\",\"isPartOf\":{\"@id\":\"https:\/\/www.public.sn\/#website\"},\"primaryImageOfPage\":{\"@id\":\"https:\/\/www.public.sn\/index.php\/2025\/04\/14\/de-la-parole-forte-a-laction-faible-le-piege-de-larrogance-au-pouvoir-par-thierno-bocoum\/#primaryimage\"},\"image\":{\"@id\":\"https:\/\/www.public.sn\/index.php\/2025\/04\/14\/de-la-parole-forte-a-laction-faible-le-piege-de-larrogance-au-pouvoir-par-thierno-bocoum\/#primaryimage\"},\"thumbnailUrl\":\"https:\/\/www.public.sn\/wp-content\/uploads\/2022\/10\/Thierno-Bocoum-5.jpg\",\"datePublished\":\"2025-04-14T13:31:59+00:00\",\"dateModified\":\"2025-04-14T13:32:02+00:00\",\"breadcrumb\":{\"@id\":\"https:\/\/www.public.sn\/index.php\/2025\/04\/14\/de-la-parole-forte-a-laction-faible-le-piege-de-larrogance-au-pouvoir-par-thierno-bocoum\/#breadcrumb\"},\"inLanguage\":\"fr-FR\",\"potentialAction\":[{\"@type\":\"ReadAction\",\"target\":[\"https:\/\/www.public.sn\/index.php\/2025\/04\/14\/de-la-parole-forte-a-laction-faible-le-piege-de-larrogance-au-pouvoir-par-thierno-bocoum\/\"]}]},{\"@type\":\"ImageObject\",\"inLanguage\":\"fr-FR\",\"@id\":\"https:\/\/www.public.sn\/index.php\/2025\/04\/14\/de-la-parole-forte-a-laction-faible-le-piege-de-larrogance-au-pouvoir-par-thierno-bocoum\/#primaryimage\",\"url\":\"https:\/\/www.public.sn\/wp-content\/uploads\/2022\/10\/Thierno-Bocoum-5.jpg\",\"contentUrl\":\"https:\/\/www.public.sn\/wp-content\/uploads\/2022\/10\/Thierno-Bocoum-5.jpg\",\"width\":650,\"height\":391},{\"@type\":\"BreadcrumbList\",\"@id\":\"https:\/\/www.public.sn\/index.php\/2025\/04\/14\/de-la-parole-forte-a-laction-faible-le-piege-de-larrogance-au-pouvoir-par-thierno-bocoum\/#breadcrumb\",\"itemListElement\":[{\"@type\":\"ListItem\",\"position\":1,\"name\":\"Accueil\",\"item\":\"https:\/\/www.public.sn\/\"},{\"@type\":\"ListItem\",\"position\":2,\"name\":\"De la parole forte \u00e0 l\u2019action faible : le pi\u00e8ge de l\u2019arrogance au pouvoir ( Par Thierno Bocoum )\"}]},{\"@type\":\"WebSite\",\"@id\":\"https:\/\/www.public.sn\/#website\",\"url\":\"https:\/\/www.public.sn\/\",\"name\":\"LE PUBLIC\",\"description\":\"\",\"publisher\":{\"@id\":\"https:\/\/www.public.sn\/#organization\"},\"potentialAction\":[{\"@type\":\"SearchAction\",\"target\":{\"@type\":\"EntryPoint\",\"urlTemplate\":\"https:\/\/www.public.sn\/?s={search_term_string}\"},\"query-input\":{\"@type\":\"PropertyValueSpecification\",\"valueRequired\":true,\"valueName\":\"search_term_string\"}}],\"inLanguage\":\"fr-FR\"},{\"@type\":\"Organization\",\"@id\":\"https:\/\/www.public.sn\/#organization\",\"name\":\"LE PUBLIC\",\"url\":\"https:\/\/www.public.sn\/\",\"logo\":{\"@type\":\"ImageObject\",\"inLanguage\":\"fr-FR\",\"@id\":\"https:\/\/www.public.sn\/#\/schema\/logo\/image\/\",\"url\":\"https:\/\/www.public.sn\/wp-content\/uploads\/2024\/05\/cropped-LOGO-PUBLIC.SN_.png\",\"contentUrl\":\"https:\/\/www.public.sn\/wp-content\/uploads\/2024\/05\/cropped-LOGO-PUBLIC.SN_.png\",\"width\":682,\"height\":192,\"caption\":\"LE PUBLIC\"},\"image\":{\"@id\":\"https:\/\/www.public.sn\/#\/schema\/logo\/image\/\"}},{\"@type\":\"Person\",\"@id\":\"https:\/\/www.public.sn\/#\/schema\/person\/e3f4a11b037d4203902db148f9bc8d5a\",\"name\":\"LA REDACTION\",\"image\":{\"@type\":\"ImageObject\",\"inLanguage\":\"fr-FR\",\"@id\":\"https:\/\/www.public.sn\/#\/schema\/person\/image\/\",\"url\":\"https:\/\/secure.gravatar.com\/avatar\/d6c030db45db2883c075085c5d6c6258654a801a93766b49af0b82d4f454e2a5?s=96&d=mm&r=g\",\"contentUrl\":\"https:\/\/secure.gravatar.com\/avatar\/d6c030db45db2883c075085c5d6c6258654a801a93766b49af0b82d4f454e2a5?s=96&d=mm&r=g\",\"caption\":\"LA REDACTION\"},\"sameAs\":[\"http:\/\/www.public.sn\"],\"url\":\"https:\/\/www.public.sn\/index.php\/author\/admin7324\/\"}]}<\/script>\n<!-- \/ Yoast SEO plugin. -->","yoast_head_json":{"title":"De la parole forte \u00e0 l\u2019action faible : le pi\u00e8ge de l\u2019arrogance au pouvoir ( Par Thierno Bocoum ) - LE PUBLIC","robots":{"index":"index","follow":"follow","max-snippet":"max-snippet:-1","max-image-preview":"max-image-preview:large","max-video-preview":"max-video-preview:-1"},"canonical":"https:\/\/www.public.sn\/index.php\/2025\/04\/14\/de-la-parole-forte-a-laction-faible-le-piege-de-larrogance-au-pouvoir-par-thierno-bocoum\/","og_locale":"fr_FR","og_type":"article","og_title":"De la parole forte \u00e0 l\u2019action faible : le pi\u00e8ge de l\u2019arrogance au pouvoir ( Par Thierno Bocoum ) - LE PUBLIC","og_description":"Le Premier ministre entretient une confusion constante entre des concepts pourtant fondamentaux : le peuple et les partisans, la justice et la clameur populaire, la responsabilit\u00e9 gouvernementale et le militantisme politique. Ce brouillage d\u00e9lib\u00e9r\u00e9 le pousse \u00e0 substituer le d\u00e9bat par la dispute, \u00e0 pr\u00e9f\u00e9rer l\u2019affrontement \u00e0 la p\u00e9dagogie. Le pugilat devient son langage favori, alors que les membres du gouvernement devraient s\u2019attacher \u00e0 \u00e9clairer les citoyens. Il s\u2019agace, m\u00eame face \u00e0 ceux qui ne font que le ramener \u00e0 ses devoirs. M\u00eame le silence semble l\u2019importuner, tant il devient hypersensible \u00e0 toute forme de contradiction. Priv\u00e9 d\u2019actes tangibles pour accompagner ses discours enflamm\u00e9s, il s\u2019enferme dans la diversion. Il allume des contrefeux pour fuir les vraies responsabilit\u00e9s, au lieu d\u2019assumer les attentes l\u00e9gitimes de la population. Se glorifier de baisses de prix li\u00e9es aux fluctuations du march\u00e9 mondial, sans jamais en assumer les hausses quand elles surviendront, rel\u00e8ve d\u2019un opportunisme simpliste. Il serait plus responsable d\u2019expliquer les choix \u00e9conomiques \u00e0 travers une lecture structurelle \u2014 en \u00e9voquant les subventions, les m\u00e9canismes d\u2019ajustement, ou des mesures durables \u2014 plut\u00f4t que de se contenter d\u2019un discours conjoncturel et simplifi\u00e9. Ce qui est inacceptable, c\u2019est de brandir les limites de la libert\u00e9 d\u2019expression pour faire taire les critiques, tout en orchestrant \u2014 par le biais de sa majorit\u00e9 parlementaire \u2014 l\u2019amnistie d\u2019auteurs de violences, d\u2019incendies d\u2019\u00e9difices publics, d\u2019agressions verbales et d\u2019actes de vandalisme. Cette posture incarne un double discours flagrant, entre le \u00ab\u00a0Coumba am nd\u00e9yisme\u00a0\u00bb et le \u00ab\u00a0Coumba amoul nd\u00e9yisme\u00a0\u00bb. R\u00e9duire toute forme d\u2019opposition \u00e0 de la haine personnelle est non seulement simpliste, mais hypocrite, surtout de la part de quelqu\u2019un qui n\u2019a jamais eu de scrupules \u00e0 adresser des critiques virulentes \u00e0 ses pr\u00e9d\u00e9cesseurs sans jamais \u00eatre tax\u00e9 de haineux. La multiplication de slogans, d\u2019\u00e9l\u00e9ments de langage et de diversions ne suffira pas \u00e0 masquer les carences manifestes en mati\u00e8re de gouvernance et de ma\u00eetrise des enjeux nationaux. Thierno BocoumAncien parlementaire&nbsp;Pr\u00e9sident AGIR","og_url":"https:\/\/www.public.sn\/index.php\/2025\/04\/14\/de-la-parole-forte-a-laction-faible-le-piege-de-larrogance-au-pouvoir-par-thierno-bocoum\/","og_site_name":"LE PUBLIC","article_published_time":"2025-04-14T13:31:59+00:00","article_modified_time":"2025-04-14T13:32:02+00:00","og_image":[{"width":650,"height":391,"url":"https:\/\/www.public.sn\/wp-content\/uploads\/2022\/10\/Thierno-Bocoum-5.jpg","type":"image\/jpeg"}],"author":"LA REDACTION","twitter_card":"summary_large_image","twitter_misc":{"\u00c9crit par":"LA REDACTION","Dur\u00e9e de lecture estim\u00e9e":"2 minutes"},"schema":{"@context":"https:\/\/schema.org","@graph":[{"@type":"Article","@id":"https:\/\/www.public.sn\/index.php\/2025\/04\/14\/de-la-parole-forte-a-laction-faible-le-piege-de-larrogance-au-pouvoir-par-thierno-bocoum\/#article","isPartOf":{"@id":"https:\/\/www.public.sn\/index.php\/2025\/04\/14\/de-la-parole-forte-a-laction-faible-le-piege-de-larrogance-au-pouvoir-par-thierno-bocoum\/"},"author":{"name":"LA REDACTION","@id":"https:\/\/www.public.sn\/#\/schema\/person\/e3f4a11b037d4203902db148f9bc8d5a"},"headline":"De la parole forte \u00e0 l\u2019action faible : le pi\u00e8ge de l\u2019arrogance au pouvoir ( Par Thierno Bocoum )","datePublished":"2025-04-14T13:31:59+00:00","dateModified":"2025-04-14T13:32:02+00:00","mainEntityOfPage":{"@id":"https:\/\/www.public.sn\/index.php\/2025\/04\/14\/de-la-parole-forte-a-laction-faible-le-piege-de-larrogance-au-pouvoir-par-thierno-bocoum\/"},"wordCount":371,"commentCount":0,"publisher":{"@id":"https:\/\/www.public.sn\/#organization"},"image":{"@id":"https:\/\/www.public.sn\/index.php\/2025\/04\/14\/de-la-parole-forte-a-laction-faible-le-piege-de-larrogance-au-pouvoir-par-thierno-bocoum\/#primaryimage"},"thumbnailUrl":"https:\/\/www.public.sn\/wp-content\/uploads\/2022\/10\/Thierno-Bocoum-5.jpg","keywords":["Thierno Bocoum"],"articleSection":["ACTUALIT\u00c9S","CONTRIBUTIONS","POLITIQUE","S\u00c9N\u00c9GAL"],"inLanguage":"fr-FR","potentialAction":[{"@type":"CommentAction","name":"Comment","target":["https:\/\/www.public.sn\/index.php\/2025\/04\/14\/de-la-parole-forte-a-laction-faible-le-piege-de-larrogance-au-pouvoir-par-thierno-bocoum\/#respond"]}]},{"@type":"WebPage","@id":"https:\/\/www.public.sn\/index.php\/2025\/04\/14\/de-la-parole-forte-a-laction-faible-le-piege-de-larrogance-au-pouvoir-par-thierno-bocoum\/","url":"https:\/\/www.public.sn\/index.php\/2025\/04\/14\/de-la-parole-forte-a-laction-faible-le-piege-de-larrogance-au-pouvoir-par-thierno-bocoum\/","name":"De la parole forte \u00e0 l\u2019action faible : le pi\u00e8ge de l\u2019arrogance au pouvoir ( Par Thierno Bocoum ) - LE PUBLIC","isPartOf":{"@id":"https:\/\/www.public.sn\/#website"},"primaryImageOfPage":{"@id":"https:\/\/www.public.sn\/index.php\/2025\/04\/14\/de-la-parole-forte-a-laction-faible-le-piege-de-larrogance-au-pouvoir-par-thierno-bocoum\/#primaryimage"},"image":{"@id":"https:\/\/www.public.sn\/index.php\/2025\/04\/14\/de-la-parole-forte-a-laction-faible-le-piege-de-larrogance-au-pouvoir-par-thierno-bocoum\/#primaryimage"},"thumbnailUrl":"https:\/\/www.public.sn\/wp-content\/uploads\/2022\/10\/Thierno-Bocoum-5.jpg","datePublished":"2025-04-14T13:31:59+00:00","dateModified":"2025-04-14T13:32:02+00:00","breadcrumb":{"@id":"https:\/\/www.public.sn\/index.php\/2025\/04\/14\/de-la-parole-forte-a-laction-faible-le-piege-de-larrogance-au-pouvoir-par-thierno-bocoum\/#breadcrumb"},"inLanguage":"fr-FR","potentialAction":[{"@type":"ReadAction","target":["https:\/\/www.public.sn\/index.php\/2025\/04\/14\/de-la-parole-forte-a-laction-faible-le-piege-de-larrogance-au-pouvoir-par-thierno-bocoum\/"]}]},{"@type":"ImageObject","inLanguage":"fr-FR","@id":"https:\/\/www.public.sn\/index.php\/2025\/04\/14\/de-la-parole-forte-a-laction-faible-le-piege-de-larrogance-au-pouvoir-par-thierno-bocoum\/#primaryimage","url":"https:\/\/www.public.sn\/wp-content\/uploads\/2022\/10\/Thierno-Bocoum-5.jpg","contentUrl":"https:\/\/www.public.sn\/wp-content\/uploads\/2022\/10\/Thierno-Bocoum-5.jpg","width":650,"height":391},{"@type":"BreadcrumbList","@id":"https:\/\/www.public.sn\/index.php\/2025\/04\/14\/de-la-parole-forte-a-laction-faible-le-piege-de-larrogance-au-pouvoir-par-thierno-bocoum\/#breadcrumb","itemListElement":[{"@type":"ListItem","position":1,"name":"Accueil","item":"https:\/\/www.public.sn\/"},{"@type":"ListItem","position":2,"name":"De la parole forte \u00e0 l\u2019action faible : le pi\u00e8ge de l\u2019arrogance au pouvoir ( Par Thierno Bocoum )"}]},{"@type":"WebSite","@id":"https:\/\/www.public.sn\/#website","url":"https:\/\/www.public.sn\/","name":"LE PUBLIC","description":"","publisher":{"@id":"https:\/\/www.public.sn\/#organization"},"potentialAction":[{"@type":"SearchAction","target":{"@type":"EntryPoint","urlTemplate":"https:\/\/www.public.sn\/?s={search_term_string}"},"query-input":{"@type":"PropertyValueSpecification","valueRequired":true,"valueName":"search_term_string"}}],"inLanguage":"fr-FR"},{"@type":"Organization","@id":"https:\/\/www.public.sn\/#organization","name":"LE PUBLIC","url":"https:\/\/www.public.sn\/","logo":{"@type":"ImageObject","inLanguage":"fr-FR","@id":"https:\/\/www.public.sn\/#\/schema\/logo\/image\/","url":"https:\/\/www.public.sn\/wp-content\/uploads\/2024\/05\/cropped-LOGO-PUBLIC.SN_.png","contentUrl":"https:\/\/www.public.sn\/wp-content\/uploads\/2024\/05\/cropped-LOGO-PUBLIC.SN_.png","width":682,"height":192,"caption":"LE PUBLIC"},"image":{"@id":"https:\/\/www.public.sn\/#\/schema\/logo\/image\/"}},{"@type":"Person","@id":"https:\/\/www.public.sn\/#\/schema\/person\/e3f4a11b037d4203902db148f9bc8d5a","name":"LA REDACTION","image":{"@type":"ImageObject","inLanguage":"fr-FR","@id":"https:\/\/www.public.sn\/#\/schema\/person\/image\/","url":"https:\/\/secure.gravatar.com\/avatar\/d6c030db45db2883c075085c5d6c6258654a801a93766b49af0b82d4f454e2a5?s=96&d=mm&r=g","contentUrl":"https:\/\/secure.gravatar.com\/avatar\/d6c030db45db2883c075085c5d6c6258654a801a93766b49af0b82d4f454e2a5?s=96&d=mm&r=g","caption":"LA REDACTION"},"sameAs":["http:\/\/www.public.sn"],"url":"https:\/\/www.public.sn\/index.php\/author\/admin7324\/"}]}},"jetpack_featured_media_url":"https:\/\/www.public.sn\/wp-content\/uploads\/2022\/10\/Thierno-Bocoum-5.jpg","jetpack_sharing_enabled":true,"_links":{"self":[{"href":"https:\/\/www.public.sn\/index.php\/wp-json\/wp\/v2\/posts\/37479","targetHints":{"allow":["GET"]}}],"collection":[{"href":"https:\/\/www.public.sn\/index.php\/wp-json\/wp\/v2\/posts"}],"about":[{"href":"https:\/\/www.public.sn\/index.php\/wp-json\/wp\/v2\/types\/post"}],"author":[{"embeddable":true,"href":"https:\/\/www.public.sn\/index.php\/wp-json\/wp\/v2\/users\/1"}],"replies":[{"embeddable":true,"href":"https:\/\/www.public.sn\/index.php\/wp-json\/wp\/v2\/comments?post=37479"}],"version-history":[{"count":1,"href":"https:\/\/www.public.sn\/index.php\/wp-json\/wp\/v2\/posts\/37479\/revisions"}],"predecessor-version":[{"id":37480,"href":"https:\/\/www.public.sn\/index.php\/wp-json\/wp\/v2\/posts\/37479\/revisions\/37480"}],"wp:featuredmedia":[{"embeddable":true,"href":"https:\/\/www.public.sn\/index.php\/wp-json\/wp\/v2\/media\/3626"}],"wp:attachment":[{"href":"https:\/\/www.public.sn\/index.php\/wp-json\/wp\/v2\/media?parent=37479"}],"wp:term":[{"taxonomy":"category","embeddable":true,"href":"https:\/\/www.public.sn\/index.php\/wp-json\/wp\/v2\/categories?post=37479"},{"taxonomy":"post_tag","embeddable":true,"href":"https:\/\/www.public.sn\/index.php\/wp-json\/wp\/v2\/tags?post=37479"}],"curies":[{"name":"wp","href":"https:\/\/api.w.org\/{rel}","templated":true}]}}