{"id":37483,"date":"2025-04-14T15:52:29","date_gmt":"2025-04-14T15:52:29","guid":{"rendered":"https:\/\/www.public.sn\/?p=37483"},"modified":"2025-04-14T15:52:32","modified_gmt":"2025-04-14T15:52:32","slug":"declassifiez-le-monsieur-le-president-par-mansour-faye","status":"publish","type":"post","link":"https:\/\/www.public.sn\/index.php\/2025\/04\/14\/declassifiez-le-monsieur-le-president-par-mansour-faye\/","title":{"rendered":"\u00ab\u00a0D\u00e9classifiez-le, Monsieur le Pr\u00e9sident !\u00a0\u00bb (Par Mansour Faye)"},"content":{"rendered":"\n<p><strong>Dans une note rendue publique, Mansour Faye interpelle le chef de l&rsquo;\u00c9tat sur le rapport confidentiel de l\u2019IGE concernant la gestion d\u2019Aminata Tour\u00e9 au CESE. Entre d\u00e9nonciation d\u2019opacit\u00e9, rappels constitutionnels et attaques frontales, il exige la transparence au nom de la justice et de la v\u00e9rit\u00e9.<\/strong><\/p><div class=\"publi-paragraphe1\" style=\"margin-top: 10px;margin-bottom: 10px;margin-left: auto;margin-right: auto;text-align: center;\" id=\"publi-4293623596\"><div class=\"publi-adlabel\">Publicit\u00e9<\/div><script async src=\"\/\/pagead2.googlesyndication.com\/pagead\/js\/adsbygoogle.js?client=ca-pub-4089586018074219\" crossorigin=\"anonymous\"><\/script><ins class=\"adsbygoogle\" style=\"display:block;\" data-ad-client=\"ca-pub-4089586018074219\" \ndata-ad-slot=\"2087940154\" \ndata-ad-format=\"auto\"><\/ins>\n<script> \n(adsbygoogle = window.adsbygoogle || []).push({}); \n<\/script>\n<\/div>\n\n\n\n<p>Declassifiez-le Monsieur le Pr\u00e9sident!<br>Afin que nul n\u2019ignore le vrai visage de Tonton,<br>Pardon, Tata Dolores!<br>Monsieur le Pr\u00e9sident de la R\u00e9publique, le D\u00e9cret 2007-809 du 18 juin 2007, fixant les r\u00e8gles d\u2019organisation et de fonctionnement de l\u2019Inspection G\u00e9n\u00e9rale d\u2019Etat, en son article 6, alin\u00e9a 2, vous donne la pr\u00e9rogative exclusive de d\u00e9cider des suites \u00e0 donner aux rapports produits par les Inspecteurs G\u00e9n\u00e9raux d\u2019Etat.<br>Ainsi, au nom de la Reddition des Comptes, la Transparence et l\u2019\u00c9quit\u00e9 (sic!!!) que vous et votre parti, la Secte PASTEF, pr\u00f4nez, sauf si ce n\u2019est faussement, je vous saurais gr\u00e9 de bien vouloir proc\u00e9der \u00e0 la d\u00e9classification du Rapport objet de l\u2019ordre de mission num\u00e9ro 000xx\/CAB.PR.IGE de D\u00e9cembre 2020. Cette mission a consist\u00e9 \u00e0 la v\u00e9rification administrative et financi\u00e8re du Conseil \u00c9conomique, Social et Environnemental (CESE) sous la Pr\u00e9sidence d\u2019Aminata TOUR\u00c9, votre actuelle si \u00ab haute repr\u00e9sentante \u00bb qui vous pr\u00e9cipitera \u00e0 la trappe.<br>Pour plus d\u2019objectivit\u00e9 vous pourriez demander \u00e0 l\u2019Inspection G\u00e9n\u00e9rale d&rsquo;\u00c9tat, elle-m\u00eame, de proc\u00e9der \u00e0 sa pr\u00e9sentation publique!!<br>Si tant est qu\u2019elle n\u2019a rien \u00e0 cacher ou \u00e0 se reprocher, je demande solennellement \u00e0 ma ni\u00e8ce , la m\u00e9g\u00e8re Dolores, menteuse de la R\u00e9publique, de m\u2019appuyer dans cette requ\u00eate de d\u00e9classification de ce rapport concernant, en partie, sa gestion!<br>Par ailleurs, lors de votre face-\u00e0-face avec une partie de la Presse nationale, le lendemain de notre f\u00eate nationale, vous avez jet\u00e9 en p\u00e2ture la Justice s\u00e9n\u00e9galaise dont vous \u00eates cens\u00e9 garantir le bon fonctionnement r\u00e9gulier, en demandant au \u00ab\u00a0peuple de lui mettre la pression.<br>Quelle h\u00e9r\u00e9sie pour ne pas dire bizarrerie, d\u2019autant plus \u00e9tonnante qu\u2019elle \u00e9mane du Pr\u00e9sident qui s\u2019agrippe \u00e0 son poste ( contrairement \u00e0 ce qu\u2019il avait promis ou vendu au peuple) dans le Conseil sup\u00e9rieur de la Magistrature.<br>Je voudrais vous rappeler, une v\u00e9rit\u00e9, somme toute \u00e9l\u00e9mentaire: les Juges ne sont soumis qu\u2019\u00e0 l\u2019autorit\u00e9 de la Loi dans l\u2019exercice de leurs fonctions (article 90, alin\u00e9a 2 de la Constitution)!!!<br>En outre, cette d\u00e9claration nous en dit long sur le pourquoi du non respect de l\u2019arr\u00eat du juge des r\u00e9f\u00e9r\u00e9s qui vous colle le tort de nous priver, en hors la Loi, de notre libert\u00e9 d\u2019aller et de venir!<br>Mais comprenez bien que cette dictature rampante commence \u00e0 agacer la majorit\u00e9 des s\u00e9n\u00e9galais \u00e9pris de justice et fonci\u00e8rement r\u00e9publicaine.<br>Vive le S\u00e9n\u00e9gal !<br>Vive la Transparence !<br>\u00c0 bas la tromperie !<br>\u00c0 bas le mensonge d&rsquo;\u00c9tat !<br>A bas la manipulation !<br>A bas la duperie!!!<\/p>\n<div class=\"publi-apres-le-contenu\" style=\"margin-top: 10px;margin-bottom: 10px;margin-left: auto;margin-right: auto;text-align: center;\" id=\"publi-2231652849\"><div class=\"publi-adlabel\">Publicit\u00e9<\/div><script async src=\"\/\/pagead2.googlesyndication.com\/pagead\/js\/adsbygoogle.js?client=ca-pub-4089586018074219\" crossorigin=\"anonymous\"><\/script><ins class=\"adsbygoogle\" style=\"display:block;\" data-ad-client=\"ca-pub-4089586018074219\" \ndata-ad-slot=\"2087940154\" \ndata-ad-format=\"auto\"><\/ins>\n<script> \n(adsbygoogle = window.adsbygoogle || []).push({}); \n<\/script>\n<\/div>","protected":false},"excerpt":{"rendered":"<p>Dans une note rendue publique, Mansour Faye interpelle le chef de l&rsquo;\u00c9tat sur le rapport confidentiel de l\u2019IGE concernant la gestion d\u2019Aminata Tour\u00e9 au CESE. Entre d\u00e9nonciation d\u2019opacit\u00e9, rappels constitutionnels et attaques frontales, il exige la transparence au nom de la justice et de la v\u00e9rit\u00e9. Declassifiez-le Monsieur le Pr\u00e9sident!Afin que nul n\u2019ignore le vrai visage de Tonton,Pardon, Tata Dolores!Monsieur le Pr\u00e9sident de la R\u00e9publique, le D\u00e9cret 2007-809 du 18 juin 2007, fixant les r\u00e8gles d\u2019organisation et de fonctionnement de l\u2019Inspection G\u00e9n\u00e9rale d\u2019Etat, en son article 6, alin\u00e9a 2, vous donne la pr\u00e9rogative exclusive de d\u00e9cider des suites \u00e0 donner aux rapports produits par les Inspecteurs G\u00e9n\u00e9raux d\u2019Etat.Ainsi, au nom de la Reddition des Comptes, la Transparence et l\u2019\u00c9quit\u00e9 (sic!!!) que vous et votre parti, la Secte PASTEF, pr\u00f4nez, sauf si ce n\u2019est faussement, je vous saurais gr\u00e9 de bien vouloir proc\u00e9der \u00e0 la d\u00e9classification du Rapport objet de l\u2019ordre de mission num\u00e9ro 000xx\/CAB.PR.IGE de D\u00e9cembre 2020. Cette mission a consist\u00e9 \u00e0 la v\u00e9rification administrative et financi\u00e8re du Conseil \u00c9conomique, Social et Environnemental (CESE) sous la Pr\u00e9sidence d\u2019Aminata TOUR\u00c9, votre actuelle si \u00ab haute repr\u00e9sentante \u00bb qui vous pr\u00e9cipitera \u00e0 la trappe.Pour plus d\u2019objectivit\u00e9 vous pourriez demander \u00e0 l\u2019Inspection G\u00e9n\u00e9rale d&rsquo;\u00c9tat, elle-m\u00eame, de proc\u00e9der \u00e0 sa pr\u00e9sentation publique!!Si tant est qu\u2019elle n\u2019a rien \u00e0 cacher ou \u00e0 se reprocher, je demande solennellement \u00e0 ma ni\u00e8ce , la m\u00e9g\u00e8re Dolores, menteuse de la R\u00e9publique, de m\u2019appuyer dans cette requ\u00eate de d\u00e9classification de ce rapport concernant, en partie, sa gestion!Par ailleurs, lors de votre face-\u00e0-face avec une partie de la Presse nationale, le lendemain de notre f\u00eate nationale, vous avez jet\u00e9 en p\u00e2ture la Justice s\u00e9n\u00e9galaise dont vous \u00eates cens\u00e9 garantir le bon fonctionnement r\u00e9gulier, en demandant au \u00ab\u00a0peuple de lui mettre la pression.Quelle h\u00e9r\u00e9sie pour ne pas dire bizarrerie, d\u2019autant plus \u00e9tonnante qu\u2019elle \u00e9mane du Pr\u00e9sident qui s\u2019agrippe \u00e0 son poste ( contrairement \u00e0 ce qu\u2019il avait promis ou vendu au peuple) dans le Conseil sup\u00e9rieur de la Magistrature.Je voudrais vous rappeler, une v\u00e9rit\u00e9, somme toute \u00e9l\u00e9mentaire: les Juges ne sont soumis qu\u2019\u00e0 l\u2019autorit\u00e9 de la Loi dans l\u2019exercice de leurs fonctions (article 90, alin\u00e9a 2 de la Constitution)!!!En outre, cette d\u00e9claration nous en dit long sur le pourquoi du non respect de l\u2019arr\u00eat du juge des r\u00e9f\u00e9r\u00e9s qui vous colle le tort de nous priver, en hors la Loi, de notre libert\u00e9 d\u2019aller et de venir!Mais comprenez bien que cette dictature rampante commence \u00e0 agacer la majorit\u00e9 des s\u00e9n\u00e9galais \u00e9pris de justice et fonci\u00e8rement r\u00e9publicaine.Vive le S\u00e9n\u00e9gal !Vive la Transparence !\u00c0 bas la tromperie !\u00c0 bas le mensonge d&rsquo;\u00c9tat !A bas la manipulation !A bas la duperie!!!<\/p>\n","protected":false},"author":1,"featured_media":35048,"comment_status":"open","ping_status":"open","sticky":false,"template":"","format":"standard","meta":{"_jetpack_memberships_contains_paid_content":false,"footnotes":""},"categories":[375,3,376,1],"tags":[480,791,1174],"class_list":["post-37483","post","type-post","status-publish","format-standard","has-post-thumbnail","hentry","category-actualites","category-politique","category-securite-justice","category-non-classe","tag-aminata-toure","tag-cese","tag-mansour-faye","entry","has-media","owp-thumbs-layout-horizontal","owp-btn-normal","owp-tabs-layout-horizontal","has-no-thumbnails","has-product-nav"],"yoast_head":"<!-- This site is optimized with the Yoast SEO plugin v25.5 - https:\/\/yoast.com\/wordpress\/plugins\/seo\/ -->\n<title>&quot;D\u00e9classifiez-le, Monsieur le Pr\u00e9sident !&quot; (Par Mansour Faye) - LE PUBLIC<\/title>\n<meta name=\"description\" content=\"Dans une note rendue publique, Mansour Faye interpelle le chef de l&#039;\u00c9tat sur le rapport confidentiel de l\u2019IGE concernant la gestion d\u2019Aminata Tour\u00e9 au CESE. Entre d\u00e9nonciation d\u2019opacit\u00e9, rappels constitutionnels et attaques frontales, il exige la transparence au nom de la justice et de la v\u00e9rit\u00e9.\" \/>\n<meta name=\"robots\" content=\"index, follow, max-snippet:-1, max-image-preview:large, max-video-preview:-1\" \/>\n<link rel=\"canonical\" href=\"https:\/\/www.public.sn\/index.php\/2025\/04\/14\/declassifiez-le-monsieur-le-president-par-mansour-faye\/\" \/>\n<meta property=\"og:locale\" content=\"fr_FR\" \/>\n<meta property=\"og:type\" content=\"article\" \/>\n<meta property=\"og:title\" content=\"&quot;D\u00e9classifiez-le, Monsieur le Pr\u00e9sident !&quot; (Par Mansour Faye) - LE PUBLIC\" \/>\n<meta property=\"og:description\" content=\"Dans une note rendue publique, Mansour Faye interpelle le chef de l&#039;\u00c9tat sur le rapport confidentiel de l\u2019IGE concernant la gestion d\u2019Aminata Tour\u00e9 au CESE. Entre d\u00e9nonciation d\u2019opacit\u00e9, rappels constitutionnels et attaques frontales, il exige la transparence au nom de la justice et de la v\u00e9rit\u00e9.\" \/>\n<meta property=\"og:url\" content=\"https:\/\/www.public.sn\/index.php\/2025\/04\/14\/declassifiez-le-monsieur-le-president-par-mansour-faye\/\" \/>\n<meta property=\"og:site_name\" content=\"LE PUBLIC\" \/>\n<meta property=\"article:published_time\" content=\"2025-04-14T15:52:29+00:00\" \/>\n<meta property=\"article:modified_time\" content=\"2025-04-14T15:52:32+00:00\" \/>\n<meta property=\"og:image\" content=\"https:\/\/www.public.sn\/wp-content\/uploads\/2024\/08\/faye-mansour-copie-2_1758.png\" \/>\n\t<meta property=\"og:image:width\" content=\"1600\" \/>\n\t<meta property=\"og:image:height\" content=\"903\" \/>\n\t<meta property=\"og:image:type\" content=\"image\/png\" \/>\n<meta name=\"author\" content=\"LA REDACTION\" \/>\n<meta name=\"twitter:card\" content=\"summary_large_image\" \/>\n<meta name=\"twitter:label1\" content=\"\u00c9crit par\" \/>\n\t<meta name=\"twitter:data1\" content=\"LA REDACTION\" \/>\n\t<meta name=\"twitter:label2\" content=\"Dur\u00e9e de lecture estim\u00e9e\" \/>\n\t<meta name=\"twitter:data2\" content=\"3 minutes\" \/>\n<script type=\"application\/ld+json\" class=\"yoast-schema-graph\">{\"@context\":\"https:\/\/schema.org\",\"@graph\":[{\"@type\":\"Article\",\"@id\":\"https:\/\/www.public.sn\/index.php\/2025\/04\/14\/declassifiez-le-monsieur-le-president-par-mansour-faye\/#article\",\"isPartOf\":{\"@id\":\"https:\/\/www.public.sn\/index.php\/2025\/04\/14\/declassifiez-le-monsieur-le-president-par-mansour-faye\/\"},\"author\":{\"name\":\"LA REDACTION\",\"@id\":\"https:\/\/www.public.sn\/#\/schema\/person\/e3f4a11b037d4203902db148f9bc8d5a\"},\"headline\":\"\u00ab\u00a0D\u00e9classifiez-le, Monsieur le Pr\u00e9sident !\u00a0\u00bb (Par Mansour Faye)\",\"datePublished\":\"2025-04-14T15:52:29+00:00\",\"dateModified\":\"2025-04-14T15:52:32+00:00\",\"mainEntityOfPage\":{\"@id\":\"https:\/\/www.public.sn\/index.php\/2025\/04\/14\/declassifiez-le-monsieur-le-president-par-mansour-faye\/\"},\"wordCount\":523,\"commentCount\":0,\"publisher\":{\"@id\":\"https:\/\/www.public.sn\/#organization\"},\"image\":{\"@id\":\"https:\/\/www.public.sn\/index.php\/2025\/04\/14\/declassifiez-le-monsieur-le-president-par-mansour-faye\/#primaryimage\"},\"thumbnailUrl\":\"https:\/\/www.public.sn\/wp-content\/uploads\/2024\/08\/faye-mansour-copie-2_1758.png\",\"keywords\":[\"Aminata Tour\u00e9\",\"Cese\",\"mansour faye\"],\"articleSection\":[\"ACTUALIT\u00c9S\",\"POLITIQUE\",\"S\u00c9CURIT\u00c9 &amp; JUSTICE\",\"S\u00c9N\u00c9GAL\"],\"inLanguage\":\"fr-FR\",\"potentialAction\":[{\"@type\":\"CommentAction\",\"name\":\"Comment\",\"target\":[\"https:\/\/www.public.sn\/index.php\/2025\/04\/14\/declassifiez-le-monsieur-le-president-par-mansour-faye\/#respond\"]}]},{\"@type\":\"WebPage\",\"@id\":\"https:\/\/www.public.sn\/index.php\/2025\/04\/14\/declassifiez-le-monsieur-le-president-par-mansour-faye\/\",\"url\":\"https:\/\/www.public.sn\/index.php\/2025\/04\/14\/declassifiez-le-monsieur-le-president-par-mansour-faye\/\",\"name\":\"\\\"D\u00e9classifiez-le, Monsieur le Pr\u00e9sident !\\\" (Par Mansour Faye) - LE PUBLIC\",\"isPartOf\":{\"@id\":\"https:\/\/www.public.sn\/#website\"},\"primaryImageOfPage\":{\"@id\":\"https:\/\/www.public.sn\/index.php\/2025\/04\/14\/declassifiez-le-monsieur-le-president-par-mansour-faye\/#primaryimage\"},\"image\":{\"@id\":\"https:\/\/www.public.sn\/index.php\/2025\/04\/14\/declassifiez-le-monsieur-le-president-par-mansour-faye\/#primaryimage\"},\"thumbnailUrl\":\"https:\/\/www.public.sn\/wp-content\/uploads\/2024\/08\/faye-mansour-copie-2_1758.png\",\"datePublished\":\"2025-04-14T15:52:29+00:00\",\"dateModified\":\"2025-04-14T15:52:32+00:00\",\"description\":\"Dans une note rendue publique, Mansour Faye interpelle le chef de l'\u00c9tat sur le rapport confidentiel de l\u2019IGE concernant la gestion d\u2019Aminata Tour\u00e9 au CESE. Entre d\u00e9nonciation d\u2019opacit\u00e9, rappels constitutionnels et attaques frontales, il exige la transparence au nom de la justice et de la v\u00e9rit\u00e9.\",\"breadcrumb\":{\"@id\":\"https:\/\/www.public.sn\/index.php\/2025\/04\/14\/declassifiez-le-monsieur-le-president-par-mansour-faye\/#breadcrumb\"},\"inLanguage\":\"fr-FR\",\"potentialAction\":[{\"@type\":\"ReadAction\",\"target\":[\"https:\/\/www.public.sn\/index.php\/2025\/04\/14\/declassifiez-le-monsieur-le-president-par-mansour-faye\/\"]}]},{\"@type\":\"ImageObject\",\"inLanguage\":\"fr-FR\",\"@id\":\"https:\/\/www.public.sn\/index.php\/2025\/04\/14\/declassifiez-le-monsieur-le-president-par-mansour-faye\/#primaryimage\",\"url\":\"https:\/\/www.public.sn\/wp-content\/uploads\/2024\/08\/faye-mansour-copie-2_1758.png\",\"contentUrl\":\"https:\/\/www.public.sn\/wp-content\/uploads\/2024\/08\/faye-mansour-copie-2_1758.png\",\"width\":1600,\"height\":903},{\"@type\":\"BreadcrumbList\",\"@id\":\"https:\/\/www.public.sn\/index.php\/2025\/04\/14\/declassifiez-le-monsieur-le-president-par-mansour-faye\/#breadcrumb\",\"itemListElement\":[{\"@type\":\"ListItem\",\"position\":1,\"name\":\"Accueil\",\"item\":\"https:\/\/www.public.sn\/\"},{\"@type\":\"ListItem\",\"position\":2,\"name\":\"\u00ab\u00a0D\u00e9classifiez-le, Monsieur le Pr\u00e9sident !\u00a0\u00bb (Par Mansour Faye)\"}]},{\"@type\":\"WebSite\",\"@id\":\"https:\/\/www.public.sn\/#website\",\"url\":\"https:\/\/www.public.sn\/\",\"name\":\"LE PUBLIC\",\"description\":\"\",\"publisher\":{\"@id\":\"https:\/\/www.public.sn\/#organization\"},\"potentialAction\":[{\"@type\":\"SearchAction\",\"target\":{\"@type\":\"EntryPoint\",\"urlTemplate\":\"https:\/\/www.public.sn\/?s={search_term_string}\"},\"query-input\":{\"@type\":\"PropertyValueSpecification\",\"valueRequired\":true,\"valueName\":\"search_term_string\"}}],\"inLanguage\":\"fr-FR\"},{\"@type\":\"Organization\",\"@id\":\"https:\/\/www.public.sn\/#organization\",\"name\":\"LE PUBLIC\",\"url\":\"https:\/\/www.public.sn\/\",\"logo\":{\"@type\":\"ImageObject\",\"inLanguage\":\"fr-FR\",\"@id\":\"https:\/\/www.public.sn\/#\/schema\/logo\/image\/\",\"url\":\"https:\/\/www.public.sn\/wp-content\/uploads\/2024\/05\/cropped-LOGO-PUBLIC.SN_.png\",\"contentUrl\":\"https:\/\/www.public.sn\/wp-content\/uploads\/2024\/05\/cropped-LOGO-PUBLIC.SN_.png\",\"width\":682,\"height\":192,\"caption\":\"LE PUBLIC\"},\"image\":{\"@id\":\"https:\/\/www.public.sn\/#\/schema\/logo\/image\/\"}},{\"@type\":\"Person\",\"@id\":\"https:\/\/www.public.sn\/#\/schema\/person\/e3f4a11b037d4203902db148f9bc8d5a\",\"name\":\"LA REDACTION\",\"image\":{\"@type\":\"ImageObject\",\"inLanguage\":\"fr-FR\",\"@id\":\"https:\/\/www.public.sn\/#\/schema\/person\/image\/\",\"url\":\"https:\/\/secure.gravatar.com\/avatar\/d6c030db45db2883c075085c5d6c6258654a801a93766b49af0b82d4f454e2a5?s=96&d=mm&r=g\",\"contentUrl\":\"https:\/\/secure.gravatar.com\/avatar\/d6c030db45db2883c075085c5d6c6258654a801a93766b49af0b82d4f454e2a5?s=96&d=mm&r=g\",\"caption\":\"LA REDACTION\"},\"sameAs\":[\"http:\/\/www.public.sn\"],\"url\":\"https:\/\/www.public.sn\/index.php\/author\/admin7324\/\"}]}<\/script>\n<!-- \/ Yoast SEO plugin. -->","yoast_head_json":{"title":"\"D\u00e9classifiez-le, Monsieur le Pr\u00e9sident !\" (Par Mansour Faye) - LE PUBLIC","description":"Dans une note rendue publique, Mansour Faye interpelle le chef de l'\u00c9tat sur le rapport confidentiel de l\u2019IGE concernant la gestion d\u2019Aminata Tour\u00e9 au CESE. Entre d\u00e9nonciation d\u2019opacit\u00e9, rappels constitutionnels et attaques frontales, il exige la transparence au nom de la justice et de la v\u00e9rit\u00e9.","robots":{"index":"index","follow":"follow","max-snippet":"max-snippet:-1","max-image-preview":"max-image-preview:large","max-video-preview":"max-video-preview:-1"},"canonical":"https:\/\/www.public.sn\/index.php\/2025\/04\/14\/declassifiez-le-monsieur-le-president-par-mansour-faye\/","og_locale":"fr_FR","og_type":"article","og_title":"\"D\u00e9classifiez-le, Monsieur le Pr\u00e9sident !\" (Par Mansour Faye) - LE PUBLIC","og_description":"Dans une note rendue publique, Mansour Faye interpelle le chef de l'\u00c9tat sur le rapport confidentiel de l\u2019IGE concernant la gestion d\u2019Aminata Tour\u00e9 au CESE. Entre d\u00e9nonciation d\u2019opacit\u00e9, rappels constitutionnels et attaques frontales, il exige la transparence au nom de la justice et de la v\u00e9rit\u00e9.","og_url":"https:\/\/www.public.sn\/index.php\/2025\/04\/14\/declassifiez-le-monsieur-le-president-par-mansour-faye\/","og_site_name":"LE PUBLIC","article_published_time":"2025-04-14T15:52:29+00:00","article_modified_time":"2025-04-14T15:52:32+00:00","og_image":[{"width":1600,"height":903,"url":"https:\/\/www.public.sn\/wp-content\/uploads\/2024\/08\/faye-mansour-copie-2_1758.png","type":"image\/png"}],"author":"LA REDACTION","twitter_card":"summary_large_image","twitter_misc":{"\u00c9crit par":"LA REDACTION","Dur\u00e9e de lecture estim\u00e9e":"3 minutes"},"schema":{"@context":"https:\/\/schema.org","@graph":[{"@type":"Article","@id":"https:\/\/www.public.sn\/index.php\/2025\/04\/14\/declassifiez-le-monsieur-le-president-par-mansour-faye\/#article","isPartOf":{"@id":"https:\/\/www.public.sn\/index.php\/2025\/04\/14\/declassifiez-le-monsieur-le-president-par-mansour-faye\/"},"author":{"name":"LA REDACTION","@id":"https:\/\/www.public.sn\/#\/schema\/person\/e3f4a11b037d4203902db148f9bc8d5a"},"headline":"\u00ab\u00a0D\u00e9classifiez-le, Monsieur le Pr\u00e9sident !\u00a0\u00bb (Par Mansour Faye)","datePublished":"2025-04-14T15:52:29+00:00","dateModified":"2025-04-14T15:52:32+00:00","mainEntityOfPage":{"@id":"https:\/\/www.public.sn\/index.php\/2025\/04\/14\/declassifiez-le-monsieur-le-president-par-mansour-faye\/"},"wordCount":523,"commentCount":0,"publisher":{"@id":"https:\/\/www.public.sn\/#organization"},"image":{"@id":"https:\/\/www.public.sn\/index.php\/2025\/04\/14\/declassifiez-le-monsieur-le-president-par-mansour-faye\/#primaryimage"},"thumbnailUrl":"https:\/\/www.public.sn\/wp-content\/uploads\/2024\/08\/faye-mansour-copie-2_1758.png","keywords":["Aminata Tour\u00e9","Cese","mansour faye"],"articleSection":["ACTUALIT\u00c9S","POLITIQUE","S\u00c9CURIT\u00c9 &amp; JUSTICE","S\u00c9N\u00c9GAL"],"inLanguage":"fr-FR","potentialAction":[{"@type":"CommentAction","name":"Comment","target":["https:\/\/www.public.sn\/index.php\/2025\/04\/14\/declassifiez-le-monsieur-le-president-par-mansour-faye\/#respond"]}]},{"@type":"WebPage","@id":"https:\/\/www.public.sn\/index.php\/2025\/04\/14\/declassifiez-le-monsieur-le-president-par-mansour-faye\/","url":"https:\/\/www.public.sn\/index.php\/2025\/04\/14\/declassifiez-le-monsieur-le-president-par-mansour-faye\/","name":"\"D\u00e9classifiez-le, Monsieur le Pr\u00e9sident !\" (Par Mansour Faye) - LE PUBLIC","isPartOf":{"@id":"https:\/\/www.public.sn\/#website"},"primaryImageOfPage":{"@id":"https:\/\/www.public.sn\/index.php\/2025\/04\/14\/declassifiez-le-monsieur-le-president-par-mansour-faye\/#primaryimage"},"image":{"@id":"https:\/\/www.public.sn\/index.php\/2025\/04\/14\/declassifiez-le-monsieur-le-president-par-mansour-faye\/#primaryimage"},"thumbnailUrl":"https:\/\/www.public.sn\/wp-content\/uploads\/2024\/08\/faye-mansour-copie-2_1758.png","datePublished":"2025-04-14T15:52:29+00:00","dateModified":"2025-04-14T15:52:32+00:00","description":"Dans une note rendue publique, Mansour Faye interpelle le chef de l'\u00c9tat sur le rapport confidentiel de l\u2019IGE concernant la gestion d\u2019Aminata Tour\u00e9 au CESE. Entre d\u00e9nonciation d\u2019opacit\u00e9, rappels constitutionnels et attaques frontales, il exige la transparence au nom de la justice et de la v\u00e9rit\u00e9.","breadcrumb":{"@id":"https:\/\/www.public.sn\/index.php\/2025\/04\/14\/declassifiez-le-monsieur-le-president-par-mansour-faye\/#breadcrumb"},"inLanguage":"fr-FR","potentialAction":[{"@type":"ReadAction","target":["https:\/\/www.public.sn\/index.php\/2025\/04\/14\/declassifiez-le-monsieur-le-president-par-mansour-faye\/"]}]},{"@type":"ImageObject","inLanguage":"fr-FR","@id":"https:\/\/www.public.sn\/index.php\/2025\/04\/14\/declassifiez-le-monsieur-le-president-par-mansour-faye\/#primaryimage","url":"https:\/\/www.public.sn\/wp-content\/uploads\/2024\/08\/faye-mansour-copie-2_1758.png","contentUrl":"https:\/\/www.public.sn\/wp-content\/uploads\/2024\/08\/faye-mansour-copie-2_1758.png","width":1600,"height":903},{"@type":"BreadcrumbList","@id":"https:\/\/www.public.sn\/index.php\/2025\/04\/14\/declassifiez-le-monsieur-le-president-par-mansour-faye\/#breadcrumb","itemListElement":[{"@type":"ListItem","position":1,"name":"Accueil","item":"https:\/\/www.public.sn\/"},{"@type":"ListItem","position":2,"name":"\u00ab\u00a0D\u00e9classifiez-le, Monsieur le Pr\u00e9sident !\u00a0\u00bb (Par Mansour Faye)"}]},{"@type":"WebSite","@id":"https:\/\/www.public.sn\/#website","url":"https:\/\/www.public.sn\/","name":"LE PUBLIC","description":"","publisher":{"@id":"https:\/\/www.public.sn\/#organization"},"potentialAction":[{"@type":"SearchAction","target":{"@type":"EntryPoint","urlTemplate":"https:\/\/www.public.sn\/?s={search_term_string}"},"query-input":{"@type":"PropertyValueSpecification","valueRequired":true,"valueName":"search_term_string"}}],"inLanguage":"fr-FR"},{"@type":"Organization","@id":"https:\/\/www.public.sn\/#organization","name":"LE PUBLIC","url":"https:\/\/www.public.sn\/","logo":{"@type":"ImageObject","inLanguage":"fr-FR","@id":"https:\/\/www.public.sn\/#\/schema\/logo\/image\/","url":"https:\/\/www.public.sn\/wp-content\/uploads\/2024\/05\/cropped-LOGO-PUBLIC.SN_.png","contentUrl":"https:\/\/www.public.sn\/wp-content\/uploads\/2024\/05\/cropped-LOGO-PUBLIC.SN_.png","width":682,"height":192,"caption":"LE PUBLIC"},"image":{"@id":"https:\/\/www.public.sn\/#\/schema\/logo\/image\/"}},{"@type":"Person","@id":"https:\/\/www.public.sn\/#\/schema\/person\/e3f4a11b037d4203902db148f9bc8d5a","name":"LA REDACTION","image":{"@type":"ImageObject","inLanguage":"fr-FR","@id":"https:\/\/www.public.sn\/#\/schema\/person\/image\/","url":"https:\/\/secure.gravatar.com\/avatar\/d6c030db45db2883c075085c5d6c6258654a801a93766b49af0b82d4f454e2a5?s=96&d=mm&r=g","contentUrl":"https:\/\/secure.gravatar.com\/avatar\/d6c030db45db2883c075085c5d6c6258654a801a93766b49af0b82d4f454e2a5?s=96&d=mm&r=g","caption":"LA REDACTION"},"sameAs":["http:\/\/www.public.sn"],"url":"https:\/\/www.public.sn\/index.php\/author\/admin7324\/"}]}},"jetpack_featured_media_url":"https:\/\/www.public.sn\/wp-content\/uploads\/2024\/08\/faye-mansour-copie-2_1758.png","jetpack_sharing_enabled":true,"_links":{"self":[{"href":"https:\/\/www.public.sn\/index.php\/wp-json\/wp\/v2\/posts\/37483","targetHints":{"allow":["GET"]}}],"collection":[{"href":"https:\/\/www.public.sn\/index.php\/wp-json\/wp\/v2\/posts"}],"about":[{"href":"https:\/\/www.public.sn\/index.php\/wp-json\/wp\/v2\/types\/post"}],"author":[{"embeddable":true,"href":"https:\/\/www.public.sn\/index.php\/wp-json\/wp\/v2\/users\/1"}],"replies":[{"embeddable":true,"href":"https:\/\/www.public.sn\/index.php\/wp-json\/wp\/v2\/comments?post=37483"}],"version-history":[{"count":1,"href":"https:\/\/www.public.sn\/index.php\/wp-json\/wp\/v2\/posts\/37483\/revisions"}],"predecessor-version":[{"id":37484,"href":"https:\/\/www.public.sn\/index.php\/wp-json\/wp\/v2\/posts\/37483\/revisions\/37484"}],"wp:featuredmedia":[{"embeddable":true,"href":"https:\/\/www.public.sn\/index.php\/wp-json\/wp\/v2\/media\/35048"}],"wp:attachment":[{"href":"https:\/\/www.public.sn\/index.php\/wp-json\/wp\/v2\/media?parent=37483"}],"wp:term":[{"taxonomy":"category","embeddable":true,"href":"https:\/\/www.public.sn\/index.php\/wp-json\/wp\/v2\/categories?post=37483"},{"taxonomy":"post_tag","embeddable":true,"href":"https:\/\/www.public.sn\/index.php\/wp-json\/wp\/v2\/tags?post=37483"}],"curies":[{"name":"wp","href":"https:\/\/api.w.org\/{rel}","templated":true}]}}