{"id":37485,"date":"2025-04-14T15:57:57","date_gmt":"2025-04-14T15:57:57","guid":{"rendered":"https:\/\/www.public.sn\/?p=37485"},"modified":"2025-04-14T15:59:38","modified_gmt":"2025-04-14T15:59:38","slug":"thierno-alassane-sall-met-sonko-au-defi-dun-debat-public","status":"publish","type":"post","link":"https:\/\/www.public.sn\/index.php\/2025\/04\/14\/thierno-alassane-sall-met-sonko-au-defi-dun-debat-public\/","title":{"rendered":"\u00ab\u00a0Thierno Alassane Sall met Sonko au d\u00e9fi d\u2019un d\u00e9bat public\u00a0\u00bb"},"content":{"rendered":"\n<p>Face aux accusations r\u00e9p\u00e9t\u00e9es d\u2019Ousmane Sonko, Thierno Alassane Sall r\u00e9plique et accepte de d\u00e9battre publiquement, notamment sur les contrats gaziers. Il appelle la presse \u00e0 organiser la rencontre et presse le leader de Pastef \u00e0 \u00ab\u00a0avoir le courage de ses mots\u00a0\u00bb.<\/p><div class=\"publi-paragraphe1\" style=\"margin-top: 10px;margin-bottom: 10px;margin-left: auto;margin-right: auto;text-align: center;\" id=\"publi-81377312\"><div class=\"publi-adlabel\">Publicit\u00e9<\/div><script async src=\"\/\/pagead2.googlesyndication.com\/pagead\/js\/adsbygoogle.js?client=ca-pub-4089586018074219\" crossorigin=\"anonymous\"><\/script><ins class=\"adsbygoogle\" style=\"display:block;\" data-ad-client=\"ca-pub-4089586018074219\" \ndata-ad-slot=\"2087940154\" \ndata-ad-format=\"auto\"><\/ins>\n<script> \n(adsbygoogle = window.adsbygoogle || []).push({}); \n<\/script>\n<\/div>\n\n\n\n<p>\u00ab\u00a0Encore une fois, Ousmane Sonko s\u2019\u00e9gare des vraies pr\u00e9occupations des S\u00e9n\u00e9galais pour s\u2019adonner \u00e0 son sport favori : la calomnie.<\/p>\n\n\n\n<p>Sa m\u00e9thode est connue : insulter, accuser sans preuve, puis d\u00e9fier en public avant de fuir le d\u00e9bat par des pr\u00e9textes honteux.<\/p>\n\n\n\n<p>Depuis l\u2019Assembl\u00e9e nationale, il m\u2019invite \u00e0 d\u00e9battre des contrats gaziers et de tout autre sujet de son choix.<\/p>\n\n\n\n<p>J\u2019accepte.<\/p>\n\n\n\n<p>Je demande \u00e0 la presse d\u2019organiser ce d\u00e9bat. J\u2019ose croire qu\u2019il ne se d\u00e9robera pas. Qu\u2019il ait le courage de ses mots.<\/p>\n\n\n\n<p>Gor ca wax ja.\u00a0\u00bb, Thierno Alassane Sall<\/p>\n<div class=\"publi-apres-le-contenu\" style=\"margin-top: 10px;margin-bottom: 10px;margin-left: auto;margin-right: auto;text-align: center;\" id=\"publi-107709954\"><div class=\"publi-adlabel\">Publicit\u00e9<\/div><script async src=\"\/\/pagead2.googlesyndication.com\/pagead\/js\/adsbygoogle.js?client=ca-pub-4089586018074219\" crossorigin=\"anonymous\"><\/script><ins class=\"adsbygoogle\" style=\"display:block;\" data-ad-client=\"ca-pub-4089586018074219\" \ndata-ad-slot=\"2087940154\" \ndata-ad-format=\"auto\"><\/ins>\n<script> \n(adsbygoogle = window.adsbygoogle || []).push({}); \n<\/script>\n<\/div>","protected":false},"excerpt":{"rendered":"<p>Face aux accusations r\u00e9p\u00e9t\u00e9es d\u2019Ousmane Sonko, Thierno Alassane Sall r\u00e9plique et accepte de d\u00e9battre publiquement, notamment sur les contrats gaziers. Il appelle la presse \u00e0 organiser la rencontre et presse le leader de Pastef \u00e0 \u00ab\u00a0avoir le courage de ses mots\u00a0\u00bb. \u00ab\u00a0Encore une fois, Ousmane Sonko s\u2019\u00e9gare des vraies pr\u00e9occupations des S\u00e9n\u00e9galais pour s\u2019adonner \u00e0 son sport favori : la calomnie. Sa m\u00e9thode est connue : insulter, accuser sans preuve, puis d\u00e9fier en public avant de fuir le d\u00e9bat par des pr\u00e9textes honteux. Depuis l\u2019Assembl\u00e9e nationale, il m\u2019invite \u00e0 d\u00e9battre des contrats gaziers et de tout autre sujet de son choix. J\u2019accepte. Je demande \u00e0 la presse d\u2019organiser ce d\u00e9bat. J\u2019ose croire qu\u2019il ne se d\u00e9robera pas. Qu\u2019il ait le courage de ses mots. Gor ca wax ja.\u00a0\u00bb, Thierno Alassane Sall<\/p>\n","protected":false},"author":1,"featured_media":31241,"comment_status":"open","ping_status":"open","sticky":false,"template":"","format":"standard","meta":{"_jetpack_memberships_contains_paid_content":false,"footnotes":""},"categories":[375,1575,3,1],"tags":[7528,7527,1150],"class_list":["post-37485","post","type-post","status-publish","format-standard","has-post-thumbnail","hentry","category-actualites","category-contributions","category-politique","category-non-classe","tag-debat","tag-snko-2","tag-thierno-alassane-sall","entry","has-media","owp-thumbs-layout-horizontal","owp-btn-normal","owp-tabs-layout-horizontal","has-no-thumbnails","has-product-nav"],"yoast_head":"<!-- This site is optimized with the Yoast SEO plugin v25.5 - https:\/\/yoast.com\/wordpress\/plugins\/seo\/ -->\n<title>&quot;Thierno Alassane Sall met Sonko au d\u00e9fi d\u2019un d\u00e9bat public&quot; - LE PUBLIC<\/title>\n<meta name=\"robots\" content=\"index, follow, max-snippet:-1, max-image-preview:large, max-video-preview:-1\" \/>\n<link rel=\"canonical\" href=\"https:\/\/www.public.sn\/index.php\/2025\/04\/14\/thierno-alassane-sall-met-sonko-au-defi-dun-debat-public\/\" \/>\n<meta property=\"og:locale\" content=\"fr_FR\" \/>\n<meta property=\"og:type\" content=\"article\" \/>\n<meta property=\"og:title\" content=\"&quot;Thierno Alassane Sall met Sonko au d\u00e9fi d\u2019un d\u00e9bat public&quot; - LE PUBLIC\" \/>\n<meta property=\"og:description\" content=\"Face aux accusations r\u00e9p\u00e9t\u00e9es d\u2019Ousmane Sonko, Thierno Alassane Sall r\u00e9plique et accepte de d\u00e9battre publiquement, notamment sur les contrats gaziers. Il appelle la presse \u00e0 organiser la rencontre et presse le leader de Pastef \u00e0 \u00ab\u00a0avoir le courage de ses mots\u00a0\u00bb. \u00ab\u00a0Encore une fois, Ousmane Sonko s\u2019\u00e9gare des vraies pr\u00e9occupations des S\u00e9n\u00e9galais pour s\u2019adonner \u00e0 son sport favori : la calomnie. Sa m\u00e9thode est connue : insulter, accuser sans preuve, puis d\u00e9fier en public avant de fuir le d\u00e9bat par des pr\u00e9textes honteux. Depuis l\u2019Assembl\u00e9e nationale, il m\u2019invite \u00e0 d\u00e9battre des contrats gaziers et de tout autre sujet de son choix. J\u2019accepte. Je demande \u00e0 la presse d\u2019organiser ce d\u00e9bat. J\u2019ose croire qu\u2019il ne se d\u00e9robera pas. Qu\u2019il ait le courage de ses mots. Gor ca wax ja.\u00a0\u00bb, Thierno Alassane Sall\" \/>\n<meta property=\"og:url\" content=\"https:\/\/www.public.sn\/index.php\/2025\/04\/14\/thierno-alassane-sall-met-sonko-au-defi-dun-debat-public\/\" \/>\n<meta property=\"og:site_name\" content=\"LE PUBLIC\" \/>\n<meta property=\"article:published_time\" content=\"2025-04-14T15:57:57+00:00\" \/>\n<meta property=\"article:modified_time\" content=\"2025-04-14T15:59:38+00:00\" \/>\n<meta property=\"og:image\" content=\"https:\/\/www.public.sn\/wp-content\/uploads\/2024\/03\/Thierno-Alassane-Sall.jpeg\" \/>\n\t<meta property=\"og:image:width\" content=\"1280\" \/>\n\t<meta property=\"og:image:height\" content=\"960\" \/>\n\t<meta property=\"og:image:type\" content=\"image\/jpeg\" \/>\n<meta name=\"author\" content=\"LA REDACTION\" \/>\n<meta name=\"twitter:card\" content=\"summary_large_image\" \/>\n<meta name=\"twitter:label1\" content=\"\u00c9crit par\" \/>\n\t<meta name=\"twitter:data1\" content=\"LA REDACTION\" \/>\n\t<meta name=\"twitter:label2\" content=\"Dur\u00e9e de lecture estim\u00e9e\" \/>\n\t<meta name=\"twitter:data2\" content=\"1 minute\" \/>\n<script type=\"application\/ld+json\" class=\"yoast-schema-graph\">{\"@context\":\"https:\/\/schema.org\",\"@graph\":[{\"@type\":\"Article\",\"@id\":\"https:\/\/www.public.sn\/index.php\/2025\/04\/14\/thierno-alassane-sall-met-sonko-au-defi-dun-debat-public\/#article\",\"isPartOf\":{\"@id\":\"https:\/\/www.public.sn\/index.php\/2025\/04\/14\/thierno-alassane-sall-met-sonko-au-defi-dun-debat-public\/\"},\"author\":{\"name\":\"LA REDACTION\",\"@id\":\"https:\/\/www.public.sn\/#\/schema\/person\/e3f4a11b037d4203902db148f9bc8d5a\"},\"headline\":\"\u00ab\u00a0Thierno Alassane Sall met Sonko au d\u00e9fi d\u2019un d\u00e9bat public\u00a0\u00bb\",\"datePublished\":\"2025-04-14T15:57:57+00:00\",\"dateModified\":\"2025-04-14T15:59:38+00:00\",\"mainEntityOfPage\":{\"@id\":\"https:\/\/www.public.sn\/index.php\/2025\/04\/14\/thierno-alassane-sall-met-sonko-au-defi-dun-debat-public\/\"},\"wordCount\":163,\"commentCount\":0,\"publisher\":{\"@id\":\"https:\/\/www.public.sn\/#organization\"},\"image\":{\"@id\":\"https:\/\/www.public.sn\/index.php\/2025\/04\/14\/thierno-alassane-sall-met-sonko-au-defi-dun-debat-public\/#primaryimage\"},\"thumbnailUrl\":\"https:\/\/www.public.sn\/wp-content\/uploads\/2024\/03\/Thierno-Alassane-Sall.jpeg\",\"keywords\":[\"d\u00e9bat\",\"Snko\",\"thierno alassane sall\"],\"articleSection\":[\"ACTUALIT\u00c9S\",\"CONTRIBUTIONS\",\"POLITIQUE\",\"S\u00c9N\u00c9GAL\"],\"inLanguage\":\"fr-FR\",\"potentialAction\":[{\"@type\":\"CommentAction\",\"name\":\"Comment\",\"target\":[\"https:\/\/www.public.sn\/index.php\/2025\/04\/14\/thierno-alassane-sall-met-sonko-au-defi-dun-debat-public\/#respond\"]}]},{\"@type\":\"WebPage\",\"@id\":\"https:\/\/www.public.sn\/index.php\/2025\/04\/14\/thierno-alassane-sall-met-sonko-au-defi-dun-debat-public\/\",\"url\":\"https:\/\/www.public.sn\/index.php\/2025\/04\/14\/thierno-alassane-sall-met-sonko-au-defi-dun-debat-public\/\",\"name\":\"\\\"Thierno Alassane Sall met Sonko au d\u00e9fi d\u2019un d\u00e9bat public\\\" - LE PUBLIC\",\"isPartOf\":{\"@id\":\"https:\/\/www.public.sn\/#website\"},\"primaryImageOfPage\":{\"@id\":\"https:\/\/www.public.sn\/index.php\/2025\/04\/14\/thierno-alassane-sall-met-sonko-au-defi-dun-debat-public\/#primaryimage\"},\"image\":{\"@id\":\"https:\/\/www.public.sn\/index.php\/2025\/04\/14\/thierno-alassane-sall-met-sonko-au-defi-dun-debat-public\/#primaryimage\"},\"thumbnailUrl\":\"https:\/\/www.public.sn\/wp-content\/uploads\/2024\/03\/Thierno-Alassane-Sall.jpeg\",\"datePublished\":\"2025-04-14T15:57:57+00:00\",\"dateModified\":\"2025-04-14T15:59:38+00:00\",\"breadcrumb\":{\"@id\":\"https:\/\/www.public.sn\/index.php\/2025\/04\/14\/thierno-alassane-sall-met-sonko-au-defi-dun-debat-public\/#breadcrumb\"},\"inLanguage\":\"fr-FR\",\"potentialAction\":[{\"@type\":\"ReadAction\",\"target\":[\"https:\/\/www.public.sn\/index.php\/2025\/04\/14\/thierno-alassane-sall-met-sonko-au-defi-dun-debat-public\/\"]}]},{\"@type\":\"ImageObject\",\"inLanguage\":\"fr-FR\",\"@id\":\"https:\/\/www.public.sn\/index.php\/2025\/04\/14\/thierno-alassane-sall-met-sonko-au-defi-dun-debat-public\/#primaryimage\",\"url\":\"https:\/\/www.public.sn\/wp-content\/uploads\/2024\/03\/Thierno-Alassane-Sall.jpeg\",\"contentUrl\":\"https:\/\/www.public.sn\/wp-content\/uploads\/2024\/03\/Thierno-Alassane-Sall.jpeg\",\"width\":1280,\"height\":960},{\"@type\":\"BreadcrumbList\",\"@id\":\"https:\/\/www.public.sn\/index.php\/2025\/04\/14\/thierno-alassane-sall-met-sonko-au-defi-dun-debat-public\/#breadcrumb\",\"itemListElement\":[{\"@type\":\"ListItem\",\"position\":1,\"name\":\"Accueil\",\"item\":\"https:\/\/www.public.sn\/\"},{\"@type\":\"ListItem\",\"position\":2,\"name\":\"\u00ab\u00a0Thierno Alassane Sall met Sonko au d\u00e9fi d\u2019un d\u00e9bat public\u00a0\u00bb\"}]},{\"@type\":\"WebSite\",\"@id\":\"https:\/\/www.public.sn\/#website\",\"url\":\"https:\/\/www.public.sn\/\",\"name\":\"LE PUBLIC\",\"description\":\"\",\"publisher\":{\"@id\":\"https:\/\/www.public.sn\/#organization\"},\"potentialAction\":[{\"@type\":\"SearchAction\",\"target\":{\"@type\":\"EntryPoint\",\"urlTemplate\":\"https:\/\/www.public.sn\/?s={search_term_string}\"},\"query-input\":{\"@type\":\"PropertyValueSpecification\",\"valueRequired\":true,\"valueName\":\"search_term_string\"}}],\"inLanguage\":\"fr-FR\"},{\"@type\":\"Organization\",\"@id\":\"https:\/\/www.public.sn\/#organization\",\"name\":\"LE PUBLIC\",\"url\":\"https:\/\/www.public.sn\/\",\"logo\":{\"@type\":\"ImageObject\",\"inLanguage\":\"fr-FR\",\"@id\":\"https:\/\/www.public.sn\/#\/schema\/logo\/image\/\",\"url\":\"https:\/\/www.public.sn\/wp-content\/uploads\/2024\/05\/cropped-LOGO-PUBLIC.SN_.png\",\"contentUrl\":\"https:\/\/www.public.sn\/wp-content\/uploads\/2024\/05\/cropped-LOGO-PUBLIC.SN_.png\",\"width\":682,\"height\":192,\"caption\":\"LE PUBLIC\"},\"image\":{\"@id\":\"https:\/\/www.public.sn\/#\/schema\/logo\/image\/\"}},{\"@type\":\"Person\",\"@id\":\"https:\/\/www.public.sn\/#\/schema\/person\/e3f4a11b037d4203902db148f9bc8d5a\",\"name\":\"LA REDACTION\",\"image\":{\"@type\":\"ImageObject\",\"inLanguage\":\"fr-FR\",\"@id\":\"https:\/\/www.public.sn\/#\/schema\/person\/image\/\",\"url\":\"https:\/\/secure.gravatar.com\/avatar\/d6c030db45db2883c075085c5d6c6258654a801a93766b49af0b82d4f454e2a5?s=96&d=mm&r=g\",\"contentUrl\":\"https:\/\/secure.gravatar.com\/avatar\/d6c030db45db2883c075085c5d6c6258654a801a93766b49af0b82d4f454e2a5?s=96&d=mm&r=g\",\"caption\":\"LA REDACTION\"},\"sameAs\":[\"http:\/\/www.public.sn\"],\"url\":\"https:\/\/www.public.sn\/index.php\/author\/admin7324\/\"}]}<\/script>\n<!-- \/ Yoast SEO plugin. -->","yoast_head_json":{"title":"\"Thierno Alassane Sall met Sonko au d\u00e9fi d\u2019un d\u00e9bat public\" - LE PUBLIC","robots":{"index":"index","follow":"follow","max-snippet":"max-snippet:-1","max-image-preview":"max-image-preview:large","max-video-preview":"max-video-preview:-1"},"canonical":"https:\/\/www.public.sn\/index.php\/2025\/04\/14\/thierno-alassane-sall-met-sonko-au-defi-dun-debat-public\/","og_locale":"fr_FR","og_type":"article","og_title":"\"Thierno Alassane Sall met Sonko au d\u00e9fi d\u2019un d\u00e9bat public\" - LE PUBLIC","og_description":"Face aux accusations r\u00e9p\u00e9t\u00e9es d\u2019Ousmane Sonko, Thierno Alassane Sall r\u00e9plique et accepte de d\u00e9battre publiquement, notamment sur les contrats gaziers. Il appelle la presse \u00e0 organiser la rencontre et presse le leader de Pastef \u00e0 \u00ab\u00a0avoir le courage de ses mots\u00a0\u00bb. \u00ab\u00a0Encore une fois, Ousmane Sonko s\u2019\u00e9gare des vraies pr\u00e9occupations des S\u00e9n\u00e9galais pour s\u2019adonner \u00e0 son sport favori : la calomnie. Sa m\u00e9thode est connue : insulter, accuser sans preuve, puis d\u00e9fier en public avant de fuir le d\u00e9bat par des pr\u00e9textes honteux. Depuis l\u2019Assembl\u00e9e nationale, il m\u2019invite \u00e0 d\u00e9battre des contrats gaziers et de tout autre sujet de son choix. J\u2019accepte. Je demande \u00e0 la presse d\u2019organiser ce d\u00e9bat. J\u2019ose croire qu\u2019il ne se d\u00e9robera pas. Qu\u2019il ait le courage de ses mots. Gor ca wax ja.\u00a0\u00bb, Thierno Alassane Sall","og_url":"https:\/\/www.public.sn\/index.php\/2025\/04\/14\/thierno-alassane-sall-met-sonko-au-defi-dun-debat-public\/","og_site_name":"LE PUBLIC","article_published_time":"2025-04-14T15:57:57+00:00","article_modified_time":"2025-04-14T15:59:38+00:00","og_image":[{"width":1280,"height":960,"url":"https:\/\/www.public.sn\/wp-content\/uploads\/2024\/03\/Thierno-Alassane-Sall.jpeg","type":"image\/jpeg"}],"author":"LA REDACTION","twitter_card":"summary_large_image","twitter_misc":{"\u00c9crit par":"LA REDACTION","Dur\u00e9e de lecture estim\u00e9e":"1 minute"},"schema":{"@context":"https:\/\/schema.org","@graph":[{"@type":"Article","@id":"https:\/\/www.public.sn\/index.php\/2025\/04\/14\/thierno-alassane-sall-met-sonko-au-defi-dun-debat-public\/#article","isPartOf":{"@id":"https:\/\/www.public.sn\/index.php\/2025\/04\/14\/thierno-alassane-sall-met-sonko-au-defi-dun-debat-public\/"},"author":{"name":"LA REDACTION","@id":"https:\/\/www.public.sn\/#\/schema\/person\/e3f4a11b037d4203902db148f9bc8d5a"},"headline":"\u00ab\u00a0Thierno Alassane Sall met Sonko au d\u00e9fi d\u2019un d\u00e9bat public\u00a0\u00bb","datePublished":"2025-04-14T15:57:57+00:00","dateModified":"2025-04-14T15:59:38+00:00","mainEntityOfPage":{"@id":"https:\/\/www.public.sn\/index.php\/2025\/04\/14\/thierno-alassane-sall-met-sonko-au-defi-dun-debat-public\/"},"wordCount":163,"commentCount":0,"publisher":{"@id":"https:\/\/www.public.sn\/#organization"},"image":{"@id":"https:\/\/www.public.sn\/index.php\/2025\/04\/14\/thierno-alassane-sall-met-sonko-au-defi-dun-debat-public\/#primaryimage"},"thumbnailUrl":"https:\/\/www.public.sn\/wp-content\/uploads\/2024\/03\/Thierno-Alassane-Sall.jpeg","keywords":["d\u00e9bat","Snko","thierno alassane sall"],"articleSection":["ACTUALIT\u00c9S","CONTRIBUTIONS","POLITIQUE","S\u00c9N\u00c9GAL"],"inLanguage":"fr-FR","potentialAction":[{"@type":"CommentAction","name":"Comment","target":["https:\/\/www.public.sn\/index.php\/2025\/04\/14\/thierno-alassane-sall-met-sonko-au-defi-dun-debat-public\/#respond"]}]},{"@type":"WebPage","@id":"https:\/\/www.public.sn\/index.php\/2025\/04\/14\/thierno-alassane-sall-met-sonko-au-defi-dun-debat-public\/","url":"https:\/\/www.public.sn\/index.php\/2025\/04\/14\/thierno-alassane-sall-met-sonko-au-defi-dun-debat-public\/","name":"\"Thierno Alassane Sall met Sonko au d\u00e9fi d\u2019un d\u00e9bat public\" - LE PUBLIC","isPartOf":{"@id":"https:\/\/www.public.sn\/#website"},"primaryImageOfPage":{"@id":"https:\/\/www.public.sn\/index.php\/2025\/04\/14\/thierno-alassane-sall-met-sonko-au-defi-dun-debat-public\/#primaryimage"},"image":{"@id":"https:\/\/www.public.sn\/index.php\/2025\/04\/14\/thierno-alassane-sall-met-sonko-au-defi-dun-debat-public\/#primaryimage"},"thumbnailUrl":"https:\/\/www.public.sn\/wp-content\/uploads\/2024\/03\/Thierno-Alassane-Sall.jpeg","datePublished":"2025-04-14T15:57:57+00:00","dateModified":"2025-04-14T15:59:38+00:00","breadcrumb":{"@id":"https:\/\/www.public.sn\/index.php\/2025\/04\/14\/thierno-alassane-sall-met-sonko-au-defi-dun-debat-public\/#breadcrumb"},"inLanguage":"fr-FR","potentialAction":[{"@type":"ReadAction","target":["https:\/\/www.public.sn\/index.php\/2025\/04\/14\/thierno-alassane-sall-met-sonko-au-defi-dun-debat-public\/"]}]},{"@type":"ImageObject","inLanguage":"fr-FR","@id":"https:\/\/www.public.sn\/index.php\/2025\/04\/14\/thierno-alassane-sall-met-sonko-au-defi-dun-debat-public\/#primaryimage","url":"https:\/\/www.public.sn\/wp-content\/uploads\/2024\/03\/Thierno-Alassane-Sall.jpeg","contentUrl":"https:\/\/www.public.sn\/wp-content\/uploads\/2024\/03\/Thierno-Alassane-Sall.jpeg","width":1280,"height":960},{"@type":"BreadcrumbList","@id":"https:\/\/www.public.sn\/index.php\/2025\/04\/14\/thierno-alassane-sall-met-sonko-au-defi-dun-debat-public\/#breadcrumb","itemListElement":[{"@type":"ListItem","position":1,"name":"Accueil","item":"https:\/\/www.public.sn\/"},{"@type":"ListItem","position":2,"name":"\u00ab\u00a0Thierno Alassane Sall met Sonko au d\u00e9fi d\u2019un d\u00e9bat public\u00a0\u00bb"}]},{"@type":"WebSite","@id":"https:\/\/www.public.sn\/#website","url":"https:\/\/www.public.sn\/","name":"LE PUBLIC","description":"","publisher":{"@id":"https:\/\/www.public.sn\/#organization"},"potentialAction":[{"@type":"SearchAction","target":{"@type":"EntryPoint","urlTemplate":"https:\/\/www.public.sn\/?s={search_term_string}"},"query-input":{"@type":"PropertyValueSpecification","valueRequired":true,"valueName":"search_term_string"}}],"inLanguage":"fr-FR"},{"@type":"Organization","@id":"https:\/\/www.public.sn\/#organization","name":"LE PUBLIC","url":"https:\/\/www.public.sn\/","logo":{"@type":"ImageObject","inLanguage":"fr-FR","@id":"https:\/\/www.public.sn\/#\/schema\/logo\/image\/","url":"https:\/\/www.public.sn\/wp-content\/uploads\/2024\/05\/cropped-LOGO-PUBLIC.SN_.png","contentUrl":"https:\/\/www.public.sn\/wp-content\/uploads\/2024\/05\/cropped-LOGO-PUBLIC.SN_.png","width":682,"height":192,"caption":"LE PUBLIC"},"image":{"@id":"https:\/\/www.public.sn\/#\/schema\/logo\/image\/"}},{"@type":"Person","@id":"https:\/\/www.public.sn\/#\/schema\/person\/e3f4a11b037d4203902db148f9bc8d5a","name":"LA REDACTION","image":{"@type":"ImageObject","inLanguage":"fr-FR","@id":"https:\/\/www.public.sn\/#\/schema\/person\/image\/","url":"https:\/\/secure.gravatar.com\/avatar\/d6c030db45db2883c075085c5d6c6258654a801a93766b49af0b82d4f454e2a5?s=96&d=mm&r=g","contentUrl":"https:\/\/secure.gravatar.com\/avatar\/d6c030db45db2883c075085c5d6c6258654a801a93766b49af0b82d4f454e2a5?s=96&d=mm&r=g","caption":"LA REDACTION"},"sameAs":["http:\/\/www.public.sn"],"url":"https:\/\/www.public.sn\/index.php\/author\/admin7324\/"}]}},"jetpack_featured_media_url":"https:\/\/www.public.sn\/wp-content\/uploads\/2024\/03\/Thierno-Alassane-Sall.jpeg","jetpack_sharing_enabled":true,"_links":{"self":[{"href":"https:\/\/www.public.sn\/index.php\/wp-json\/wp\/v2\/posts\/37485","targetHints":{"allow":["GET"]}}],"collection":[{"href":"https:\/\/www.public.sn\/index.php\/wp-json\/wp\/v2\/posts"}],"about":[{"href":"https:\/\/www.public.sn\/index.php\/wp-json\/wp\/v2\/types\/post"}],"author":[{"embeddable":true,"href":"https:\/\/www.public.sn\/index.php\/wp-json\/wp\/v2\/users\/1"}],"replies":[{"embeddable":true,"href":"https:\/\/www.public.sn\/index.php\/wp-json\/wp\/v2\/comments?post=37485"}],"version-history":[{"count":1,"href":"https:\/\/www.public.sn\/index.php\/wp-json\/wp\/v2\/posts\/37485\/revisions"}],"predecessor-version":[{"id":37486,"href":"https:\/\/www.public.sn\/index.php\/wp-json\/wp\/v2\/posts\/37485\/revisions\/37486"}],"wp:featuredmedia":[{"embeddable":true,"href":"https:\/\/www.public.sn\/index.php\/wp-json\/wp\/v2\/media\/31241"}],"wp:attachment":[{"href":"https:\/\/www.public.sn\/index.php\/wp-json\/wp\/v2\/media?parent=37485"}],"wp:term":[{"taxonomy":"category","embeddable":true,"href":"https:\/\/www.public.sn\/index.php\/wp-json\/wp\/v2\/categories?post=37485"},{"taxonomy":"post_tag","embeddable":true,"href":"https:\/\/www.public.sn\/index.php\/wp-json\/wp\/v2\/tags?post=37485"}],"curies":[{"name":"wp","href":"https:\/\/api.w.org\/{rel}","templated":true}]}}