{"id":37504,"date":"2025-04-15T11:41:39","date_gmt":"2025-04-15T11:41:39","guid":{"rendered":"https:\/\/www.public.sn\/?p=37504"},"modified":"2025-04-15T11:41:44","modified_gmt":"2025-04-15T11:41:44","slug":"drame-a-pikine-un-etudiant-tue-sa-mere-en-pleine-crise-psychique","status":"publish","type":"post","link":"https:\/\/www.public.sn\/index.php\/2025\/04\/15\/drame-a-pikine-un-etudiant-tue-sa-mere-en-pleine-crise-psychique\/","title":{"rendered":"Drame \u00e0 Pikine : un \u00e9tudiant tue sa m\u00e8re en pleine crise psychique"},"content":{"rendered":"\n<p>Un drame familial d\u2019une rare violence a secou\u00e9 le quartier de Guinaw Rails \u00e0 Pikine. Dans la nuit du 10 au 11 avril, <strong>A. Diallo<\/strong>, \u00e9tudiant \u00e0 l\u2019Universit\u00e9 Assane Seck de Ziguinchor, a tu\u00e9 sa m\u00e8re en lui <strong>fracassant la t\u00eate avec une bonbonne de gaz<\/strong>, selon les informations rapport\u00e9es par <em>L\u2019Observateur<\/em>.<\/p><div class=\"publi-paragraphe1\" style=\"margin-top: 10px;margin-bottom: 10px;margin-left: auto;margin-right: auto;text-align: center;\" id=\"publi-2068131783\"><div class=\"publi-adlabel\">Publicit\u00e9<\/div><script async src=\"\/\/pagead2.googlesyndication.com\/pagead\/js\/adsbygoogle.js?client=ca-pub-4089586018074219\" crossorigin=\"anonymous\"><\/script><ins class=\"adsbygoogle\" style=\"display:block;\" data-ad-client=\"ca-pub-4089586018074219\" \ndata-ad-slot=\"2087940154\" \ndata-ad-format=\"auto\"><\/ins>\n<script> \n(adsbygoogle = window.adsbygoogle || []).push({}); \n<\/script>\n<\/div>\n\n\n\n<p>Apr\u00e8s avoir commis l\u2019irr\u00e9parable, le jeune homme a quitt\u00e9 les lieux pour <strong>se rendre \u00e0 Tivaouane<\/strong>, avant de se <strong>pr\u00e9senter lui-m\u00eame \u00e0 la police<\/strong>, o\u00f9 il a <strong>avou\u00e9 son acte<\/strong>.<\/p>\n\n\n\n<h3 class=\"wp-block-heading\">Un pass\u00e9 psychiatrique document\u00e9<\/h3>\n\n\n\n<p>D\u2019apr\u00e8s les premiers \u00e9l\u00e9ments de l\u2019enqu\u00eate, <strong>A. Diallo souffrait de troubles mentaux<\/strong>, li\u00e9s \u00e0 une <strong>d\u00e9pression<\/strong> survenue apr\u00e8s des <strong>difficult\u00e9s scolaires<\/strong>. Il avait \u00e9t\u00e9 <strong>suivi \u00e0 l\u2019h\u00f4pital psychiatrique de Thiaroye<\/strong>, selon des sources proches du dossier.<\/p>\n\n\n\n<p>Arriv\u00e9s r\u00e9cemment \u00e0 Dakar pour un <strong>rendez-vous m\u00e9dical<\/strong>, l\u2019\u00e9tudiant et sa m\u00e8re s\u00e9journaient temporairement dans la capitale. C\u2019est dans ce contexte que le drame est survenu.<\/p>\n\n\n\n<h3 class=\"wp-block-heading\">Le procureur tranchera le 14 avril<\/h3>\n\n\n\n<p>Plac\u00e9 en garde \u00e0 vue, <strong>A. Diallo se trouve dans un \u00e9tat de d\u00e9tresse \u00e9motionnelle profond<\/strong>. Il pleure sans interruption depuis son arrestation, selon des sources polici\u00e8res.<\/p>\n\n\n\n<p>Le <strong>procureur de la R\u00e9publique<\/strong> doit se prononcer sur son sort <strong>le 14 avril<\/strong>, apr\u00e8s avoir pris connaissance <strong>d\u2019une \u00e9valuation psychiatrique<\/strong> en cours. Celle-ci devrait d\u00e9terminer s\u2019il peut \u00eatre tenu p\u00e9nalement responsable de ses actes.<\/p>\n<div class=\"publi-apres-le-contenu\" style=\"margin-top: 10px;margin-bottom: 10px;margin-left: auto;margin-right: auto;text-align: center;\" id=\"publi-642853415\"><div class=\"publi-adlabel\">Publicit\u00e9<\/div><script async src=\"\/\/pagead2.googlesyndication.com\/pagead\/js\/adsbygoogle.js?client=ca-pub-4089586018074219\" crossorigin=\"anonymous\"><\/script><ins class=\"adsbygoogle\" style=\"display:block;\" data-ad-client=\"ca-pub-4089586018074219\" \ndata-ad-slot=\"2087940154\" \ndata-ad-format=\"auto\"><\/ins>\n<script> \n(adsbygoogle = window.adsbygoogle || []).push({}); \n<\/script>\n<\/div>","protected":false},"excerpt":{"rendered":"<p>Un drame familial d\u2019une rare violence a secou\u00e9 le quartier de Guinaw Rails \u00e0 Pikine. Dans la nuit du 10 au 11 avril, A. Diallo, \u00e9tudiant \u00e0 l\u2019Universit\u00e9 Assane Seck de Ziguinchor, a tu\u00e9 sa m\u00e8re en lui fracassant la t\u00eate avec une bonbonne de gaz, selon les informations rapport\u00e9es par L\u2019Observateur. Apr\u00e8s avoir commis l\u2019irr\u00e9parable, le jeune homme a quitt\u00e9 les lieux pour se rendre \u00e0 Tivaouane, avant de se pr\u00e9senter lui-m\u00eame \u00e0 la police, o\u00f9 il a avou\u00e9 son acte. Un pass\u00e9 psychiatrique document\u00e9 D\u2019apr\u00e8s les premiers \u00e9l\u00e9ments de l\u2019enqu\u00eate, A. Diallo souffrait de troubles mentaux, li\u00e9s \u00e0 une d\u00e9pression survenue apr\u00e8s des difficult\u00e9s scolaires. Il avait \u00e9t\u00e9 suivi \u00e0 l\u2019h\u00f4pital psychiatrique de Thiaroye, selon des sources proches du dossier. Arriv\u00e9s r\u00e9cemment \u00e0 Dakar pour un rendez-vous m\u00e9dical, l\u2019\u00e9tudiant et sa m\u00e8re s\u00e9journaient temporairement dans la capitale. C\u2019est dans ce contexte que le drame est survenu. Le procureur tranchera le 14 avril Plac\u00e9 en garde \u00e0 vue, A. Diallo se trouve dans un \u00e9tat de d\u00e9tresse \u00e9motionnelle profond. Il pleure sans interruption depuis son arrestation, selon des sources polici\u00e8res. Le procureur de la R\u00e9publique doit se prononcer sur son sort le 14 avril, apr\u00e8s avoir pris connaissance d\u2019une \u00e9valuation psychiatrique en cours. Celle-ci devrait d\u00e9terminer s\u2019il peut \u00eatre tenu p\u00e9nalement responsable de ses actes.<\/p>\n","protected":false},"author":1,"featured_media":28350,"comment_status":"open","ping_status":"open","sticky":false,"template":"","format":"standard","meta":{"_jetpack_memberships_contains_paid_content":false,"footnotes":""},"categories":[1051,379,1,4],"tags":[7531,7530,205],"class_list":["post-37504","post","type-post","status-publish","format-standard","has-post-thumbnail","hentry","category-drame","category-faits-divers","category-non-classe","category-societe","tag-etudiant-2","tag-mere-2","tag-pikine","entry","has-media","owp-thumbs-layout-horizontal","owp-btn-normal","owp-tabs-layout-horizontal","has-no-thumbnails","has-product-nav"],"yoast_head":"<!-- This site is optimized with the Yoast SEO plugin v25.5 - https:\/\/yoast.com\/wordpress\/plugins\/seo\/ -->\n<title>Drame \u00e0 Pikine : un \u00e9tudiant tue sa m\u00e8re en pleine crise psychique - LE PUBLIC<\/title>\n<meta name=\"description\" content=\"Un drame familial d\u2019une rare violence a secou\u00e9 le quartier de Guinaw Rails \u00e0 Pikine. Dans la nuit du 10 au 11 avril, A. Diallo, \u00e9tudiant \u00e0 l\u2019Universit\u00e9 Assane Seck de Ziguinchor, a tu\u00e9 sa m\u00e8re en lui fracassant la t\u00eate avec une bonbonne de gaz, selon les informations rapport\u00e9es par L\u2019Observateur.\" \/>\n<meta name=\"robots\" content=\"index, follow, max-snippet:-1, max-image-preview:large, max-video-preview:-1\" \/>\n<link rel=\"canonical\" href=\"https:\/\/www.public.sn\/index.php\/2025\/04\/15\/drame-a-pikine-un-etudiant-tue-sa-mere-en-pleine-crise-psychique\/\" \/>\n<meta property=\"og:locale\" content=\"fr_FR\" \/>\n<meta property=\"og:type\" content=\"article\" \/>\n<meta property=\"og:title\" content=\"Drame \u00e0 Pikine : un \u00e9tudiant tue sa m\u00e8re en pleine crise psychique - LE PUBLIC\" \/>\n<meta property=\"og:description\" content=\"Un drame familial d\u2019une rare violence a secou\u00e9 le quartier de Guinaw Rails \u00e0 Pikine. Dans la nuit du 10 au 11 avril, A. Diallo, \u00e9tudiant \u00e0 l\u2019Universit\u00e9 Assane Seck de Ziguinchor, a tu\u00e9 sa m\u00e8re en lui fracassant la t\u00eate avec une bonbonne de gaz, selon les informations rapport\u00e9es par L\u2019Observateur.\" \/>\n<meta property=\"og:url\" content=\"https:\/\/www.public.sn\/index.php\/2025\/04\/15\/drame-a-pikine-un-etudiant-tue-sa-mere-en-pleine-crise-psychique\/\" \/>\n<meta property=\"og:site_name\" content=\"LE PUBLIC\" \/>\n<meta property=\"article:published_time\" content=\"2025-04-15T11:41:39+00:00\" \/>\n<meta property=\"article:modified_time\" content=\"2025-04-15T11:41:44+00:00\" \/>\n<meta property=\"og:image\" content=\"https:\/\/www.public.sn\/wp-content\/uploads\/2023\/11\/Drame-a-Touba.jpg\" \/>\n\t<meta property=\"og:image:width\" content=\"612\" \/>\n\t<meta property=\"og:image:height\" content=\"298\" \/>\n\t<meta property=\"og:image:type\" content=\"image\/jpeg\" \/>\n<meta name=\"author\" content=\"LA REDACTION\" \/>\n<meta name=\"twitter:card\" content=\"summary_large_image\" \/>\n<meta name=\"twitter:label1\" content=\"\u00c9crit par\" \/>\n\t<meta name=\"twitter:data1\" content=\"LA REDACTION\" \/>\n\t<meta name=\"twitter:label2\" content=\"Dur\u00e9e de lecture estim\u00e9e\" \/>\n\t<meta name=\"twitter:data2\" content=\"2 minutes\" \/>\n<script type=\"application\/ld+json\" class=\"yoast-schema-graph\">{\"@context\":\"https:\/\/schema.org\",\"@graph\":[{\"@type\":\"Article\",\"@id\":\"https:\/\/www.public.sn\/index.php\/2025\/04\/15\/drame-a-pikine-un-etudiant-tue-sa-mere-en-pleine-crise-psychique\/#article\",\"isPartOf\":{\"@id\":\"https:\/\/www.public.sn\/index.php\/2025\/04\/15\/drame-a-pikine-un-etudiant-tue-sa-mere-en-pleine-crise-psychique\/\"},\"author\":{\"name\":\"LA REDACTION\",\"@id\":\"https:\/\/www.public.sn\/#\/schema\/person\/e3f4a11b037d4203902db148f9bc8d5a\"},\"headline\":\"Drame \u00e0 Pikine : un \u00e9tudiant tue sa m\u00e8re en pleine crise psychique\",\"datePublished\":\"2025-04-15T11:41:39+00:00\",\"dateModified\":\"2025-04-15T11:41:44+00:00\",\"mainEntityOfPage\":{\"@id\":\"https:\/\/www.public.sn\/index.php\/2025\/04\/15\/drame-a-pikine-un-etudiant-tue-sa-mere-en-pleine-crise-psychique\/\"},\"wordCount\":253,\"commentCount\":0,\"publisher\":{\"@id\":\"https:\/\/www.public.sn\/#organization\"},\"image\":{\"@id\":\"https:\/\/www.public.sn\/index.php\/2025\/04\/15\/drame-a-pikine-un-etudiant-tue-sa-mere-en-pleine-crise-psychique\/#primaryimage\"},\"thumbnailUrl\":\"https:\/\/www.public.sn\/wp-content\/uploads\/2023\/11\/Drame-a-Touba.jpg\",\"keywords\":[\"\u00e9tudiant\",\"m\u00e8re\",\"Pikine\"],\"articleSection\":[\"DRAME\",\"FAITS DIVERS\",\"S\u00c9N\u00c9GAL\",\"SOCIETE\"],\"inLanguage\":\"fr-FR\",\"potentialAction\":[{\"@type\":\"CommentAction\",\"name\":\"Comment\",\"target\":[\"https:\/\/www.public.sn\/index.php\/2025\/04\/15\/drame-a-pikine-un-etudiant-tue-sa-mere-en-pleine-crise-psychique\/#respond\"]}]},{\"@type\":\"WebPage\",\"@id\":\"https:\/\/www.public.sn\/index.php\/2025\/04\/15\/drame-a-pikine-un-etudiant-tue-sa-mere-en-pleine-crise-psychique\/\",\"url\":\"https:\/\/www.public.sn\/index.php\/2025\/04\/15\/drame-a-pikine-un-etudiant-tue-sa-mere-en-pleine-crise-psychique\/\",\"name\":\"Drame \u00e0 Pikine : un \u00e9tudiant tue sa m\u00e8re en pleine crise psychique - LE PUBLIC\",\"isPartOf\":{\"@id\":\"https:\/\/www.public.sn\/#website\"},\"primaryImageOfPage\":{\"@id\":\"https:\/\/www.public.sn\/index.php\/2025\/04\/15\/drame-a-pikine-un-etudiant-tue-sa-mere-en-pleine-crise-psychique\/#primaryimage\"},\"image\":{\"@id\":\"https:\/\/www.public.sn\/index.php\/2025\/04\/15\/drame-a-pikine-un-etudiant-tue-sa-mere-en-pleine-crise-psychique\/#primaryimage\"},\"thumbnailUrl\":\"https:\/\/www.public.sn\/wp-content\/uploads\/2023\/11\/Drame-a-Touba.jpg\",\"datePublished\":\"2025-04-15T11:41:39+00:00\",\"dateModified\":\"2025-04-15T11:41:44+00:00\",\"description\":\"Un drame familial d\u2019une rare violence a secou\u00e9 le quartier de Guinaw Rails \u00e0 Pikine. Dans la nuit du 10 au 11 avril, A. Diallo, \u00e9tudiant \u00e0 l\u2019Universit\u00e9 Assane Seck de Ziguinchor, a tu\u00e9 sa m\u00e8re en lui fracassant la t\u00eate avec une bonbonne de gaz, selon les informations rapport\u00e9es par L\u2019Observateur.\",\"breadcrumb\":{\"@id\":\"https:\/\/www.public.sn\/index.php\/2025\/04\/15\/drame-a-pikine-un-etudiant-tue-sa-mere-en-pleine-crise-psychique\/#breadcrumb\"},\"inLanguage\":\"fr-FR\",\"potentialAction\":[{\"@type\":\"ReadAction\",\"target\":[\"https:\/\/www.public.sn\/index.php\/2025\/04\/15\/drame-a-pikine-un-etudiant-tue-sa-mere-en-pleine-crise-psychique\/\"]}]},{\"@type\":\"ImageObject\",\"inLanguage\":\"fr-FR\",\"@id\":\"https:\/\/www.public.sn\/index.php\/2025\/04\/15\/drame-a-pikine-un-etudiant-tue-sa-mere-en-pleine-crise-psychique\/#primaryimage\",\"url\":\"https:\/\/www.public.sn\/wp-content\/uploads\/2023\/11\/Drame-a-Touba.jpg\",\"contentUrl\":\"https:\/\/www.public.sn\/wp-content\/uploads\/2023\/11\/Drame-a-Touba.jpg\",\"width\":612,\"height\":298},{\"@type\":\"BreadcrumbList\",\"@id\":\"https:\/\/www.public.sn\/index.php\/2025\/04\/15\/drame-a-pikine-un-etudiant-tue-sa-mere-en-pleine-crise-psychique\/#breadcrumb\",\"itemListElement\":[{\"@type\":\"ListItem\",\"position\":1,\"name\":\"Accueil\",\"item\":\"https:\/\/www.public.sn\/\"},{\"@type\":\"ListItem\",\"position\":2,\"name\":\"Drame \u00e0 Pikine : un \u00e9tudiant tue sa m\u00e8re en pleine crise psychique\"}]},{\"@type\":\"WebSite\",\"@id\":\"https:\/\/www.public.sn\/#website\",\"url\":\"https:\/\/www.public.sn\/\",\"name\":\"LE PUBLIC\",\"description\":\"\",\"publisher\":{\"@id\":\"https:\/\/www.public.sn\/#organization\"},\"potentialAction\":[{\"@type\":\"SearchAction\",\"target\":{\"@type\":\"EntryPoint\",\"urlTemplate\":\"https:\/\/www.public.sn\/?s={search_term_string}\"},\"query-input\":{\"@type\":\"PropertyValueSpecification\",\"valueRequired\":true,\"valueName\":\"search_term_string\"}}],\"inLanguage\":\"fr-FR\"},{\"@type\":\"Organization\",\"@id\":\"https:\/\/www.public.sn\/#organization\",\"name\":\"LE PUBLIC\",\"url\":\"https:\/\/www.public.sn\/\",\"logo\":{\"@type\":\"ImageObject\",\"inLanguage\":\"fr-FR\",\"@id\":\"https:\/\/www.public.sn\/#\/schema\/logo\/image\/\",\"url\":\"https:\/\/www.public.sn\/wp-content\/uploads\/2024\/05\/cropped-LOGO-PUBLIC.SN_.png\",\"contentUrl\":\"https:\/\/www.public.sn\/wp-content\/uploads\/2024\/05\/cropped-LOGO-PUBLIC.SN_.png\",\"width\":682,\"height\":192,\"caption\":\"LE PUBLIC\"},\"image\":{\"@id\":\"https:\/\/www.public.sn\/#\/schema\/logo\/image\/\"}},{\"@type\":\"Person\",\"@id\":\"https:\/\/www.public.sn\/#\/schema\/person\/e3f4a11b037d4203902db148f9bc8d5a\",\"name\":\"LA REDACTION\",\"image\":{\"@type\":\"ImageObject\",\"inLanguage\":\"fr-FR\",\"@id\":\"https:\/\/www.public.sn\/#\/schema\/person\/image\/\",\"url\":\"https:\/\/secure.gravatar.com\/avatar\/d6c030db45db2883c075085c5d6c6258654a801a93766b49af0b82d4f454e2a5?s=96&d=mm&r=g\",\"contentUrl\":\"https:\/\/secure.gravatar.com\/avatar\/d6c030db45db2883c075085c5d6c6258654a801a93766b49af0b82d4f454e2a5?s=96&d=mm&r=g\",\"caption\":\"LA REDACTION\"},\"sameAs\":[\"http:\/\/www.public.sn\"],\"url\":\"https:\/\/www.public.sn\/index.php\/author\/admin7324\/\"}]}<\/script>\n<!-- \/ Yoast SEO plugin. -->","yoast_head_json":{"title":"Drame \u00e0 Pikine : un \u00e9tudiant tue sa m\u00e8re en pleine crise psychique - LE PUBLIC","description":"Un drame familial d\u2019une rare violence a secou\u00e9 le quartier de Guinaw Rails \u00e0 Pikine. Dans la nuit du 10 au 11 avril, A. Diallo, \u00e9tudiant \u00e0 l\u2019Universit\u00e9 Assane Seck de Ziguinchor, a tu\u00e9 sa m\u00e8re en lui fracassant la t\u00eate avec une bonbonne de gaz, selon les informations rapport\u00e9es par L\u2019Observateur.","robots":{"index":"index","follow":"follow","max-snippet":"max-snippet:-1","max-image-preview":"max-image-preview:large","max-video-preview":"max-video-preview:-1"},"canonical":"https:\/\/www.public.sn\/index.php\/2025\/04\/15\/drame-a-pikine-un-etudiant-tue-sa-mere-en-pleine-crise-psychique\/","og_locale":"fr_FR","og_type":"article","og_title":"Drame \u00e0 Pikine : un \u00e9tudiant tue sa m\u00e8re en pleine crise psychique - LE PUBLIC","og_description":"Un drame familial d\u2019une rare violence a secou\u00e9 le quartier de Guinaw Rails \u00e0 Pikine. Dans la nuit du 10 au 11 avril, A. Diallo, \u00e9tudiant \u00e0 l\u2019Universit\u00e9 Assane Seck de Ziguinchor, a tu\u00e9 sa m\u00e8re en lui fracassant la t\u00eate avec une bonbonne de gaz, selon les informations rapport\u00e9es par L\u2019Observateur.","og_url":"https:\/\/www.public.sn\/index.php\/2025\/04\/15\/drame-a-pikine-un-etudiant-tue-sa-mere-en-pleine-crise-psychique\/","og_site_name":"LE PUBLIC","article_published_time":"2025-04-15T11:41:39+00:00","article_modified_time":"2025-04-15T11:41:44+00:00","og_image":[{"width":612,"height":298,"url":"https:\/\/www.public.sn\/wp-content\/uploads\/2023\/11\/Drame-a-Touba.jpg","type":"image\/jpeg"}],"author":"LA REDACTION","twitter_card":"summary_large_image","twitter_misc":{"\u00c9crit par":"LA REDACTION","Dur\u00e9e de lecture estim\u00e9e":"2 minutes"},"schema":{"@context":"https:\/\/schema.org","@graph":[{"@type":"Article","@id":"https:\/\/www.public.sn\/index.php\/2025\/04\/15\/drame-a-pikine-un-etudiant-tue-sa-mere-en-pleine-crise-psychique\/#article","isPartOf":{"@id":"https:\/\/www.public.sn\/index.php\/2025\/04\/15\/drame-a-pikine-un-etudiant-tue-sa-mere-en-pleine-crise-psychique\/"},"author":{"name":"LA REDACTION","@id":"https:\/\/www.public.sn\/#\/schema\/person\/e3f4a11b037d4203902db148f9bc8d5a"},"headline":"Drame \u00e0 Pikine : un \u00e9tudiant tue sa m\u00e8re en pleine crise psychique","datePublished":"2025-04-15T11:41:39+00:00","dateModified":"2025-04-15T11:41:44+00:00","mainEntityOfPage":{"@id":"https:\/\/www.public.sn\/index.php\/2025\/04\/15\/drame-a-pikine-un-etudiant-tue-sa-mere-en-pleine-crise-psychique\/"},"wordCount":253,"commentCount":0,"publisher":{"@id":"https:\/\/www.public.sn\/#organization"},"image":{"@id":"https:\/\/www.public.sn\/index.php\/2025\/04\/15\/drame-a-pikine-un-etudiant-tue-sa-mere-en-pleine-crise-psychique\/#primaryimage"},"thumbnailUrl":"https:\/\/www.public.sn\/wp-content\/uploads\/2023\/11\/Drame-a-Touba.jpg","keywords":["\u00e9tudiant","m\u00e8re","Pikine"],"articleSection":["DRAME","FAITS DIVERS","S\u00c9N\u00c9GAL","SOCIETE"],"inLanguage":"fr-FR","potentialAction":[{"@type":"CommentAction","name":"Comment","target":["https:\/\/www.public.sn\/index.php\/2025\/04\/15\/drame-a-pikine-un-etudiant-tue-sa-mere-en-pleine-crise-psychique\/#respond"]}]},{"@type":"WebPage","@id":"https:\/\/www.public.sn\/index.php\/2025\/04\/15\/drame-a-pikine-un-etudiant-tue-sa-mere-en-pleine-crise-psychique\/","url":"https:\/\/www.public.sn\/index.php\/2025\/04\/15\/drame-a-pikine-un-etudiant-tue-sa-mere-en-pleine-crise-psychique\/","name":"Drame \u00e0 Pikine : un \u00e9tudiant tue sa m\u00e8re en pleine crise psychique - LE PUBLIC","isPartOf":{"@id":"https:\/\/www.public.sn\/#website"},"primaryImageOfPage":{"@id":"https:\/\/www.public.sn\/index.php\/2025\/04\/15\/drame-a-pikine-un-etudiant-tue-sa-mere-en-pleine-crise-psychique\/#primaryimage"},"image":{"@id":"https:\/\/www.public.sn\/index.php\/2025\/04\/15\/drame-a-pikine-un-etudiant-tue-sa-mere-en-pleine-crise-psychique\/#primaryimage"},"thumbnailUrl":"https:\/\/www.public.sn\/wp-content\/uploads\/2023\/11\/Drame-a-Touba.jpg","datePublished":"2025-04-15T11:41:39+00:00","dateModified":"2025-04-15T11:41:44+00:00","description":"Un drame familial d\u2019une rare violence a secou\u00e9 le quartier de Guinaw Rails \u00e0 Pikine. Dans la nuit du 10 au 11 avril, A. Diallo, \u00e9tudiant \u00e0 l\u2019Universit\u00e9 Assane Seck de Ziguinchor, a tu\u00e9 sa m\u00e8re en lui fracassant la t\u00eate avec une bonbonne de gaz, selon les informations rapport\u00e9es par L\u2019Observateur.","breadcrumb":{"@id":"https:\/\/www.public.sn\/index.php\/2025\/04\/15\/drame-a-pikine-un-etudiant-tue-sa-mere-en-pleine-crise-psychique\/#breadcrumb"},"inLanguage":"fr-FR","potentialAction":[{"@type":"ReadAction","target":["https:\/\/www.public.sn\/index.php\/2025\/04\/15\/drame-a-pikine-un-etudiant-tue-sa-mere-en-pleine-crise-psychique\/"]}]},{"@type":"ImageObject","inLanguage":"fr-FR","@id":"https:\/\/www.public.sn\/index.php\/2025\/04\/15\/drame-a-pikine-un-etudiant-tue-sa-mere-en-pleine-crise-psychique\/#primaryimage","url":"https:\/\/www.public.sn\/wp-content\/uploads\/2023\/11\/Drame-a-Touba.jpg","contentUrl":"https:\/\/www.public.sn\/wp-content\/uploads\/2023\/11\/Drame-a-Touba.jpg","width":612,"height":298},{"@type":"BreadcrumbList","@id":"https:\/\/www.public.sn\/index.php\/2025\/04\/15\/drame-a-pikine-un-etudiant-tue-sa-mere-en-pleine-crise-psychique\/#breadcrumb","itemListElement":[{"@type":"ListItem","position":1,"name":"Accueil","item":"https:\/\/www.public.sn\/"},{"@type":"ListItem","position":2,"name":"Drame \u00e0 Pikine : un \u00e9tudiant tue sa m\u00e8re en pleine crise psychique"}]},{"@type":"WebSite","@id":"https:\/\/www.public.sn\/#website","url":"https:\/\/www.public.sn\/","name":"LE PUBLIC","description":"","publisher":{"@id":"https:\/\/www.public.sn\/#organization"},"potentialAction":[{"@type":"SearchAction","target":{"@type":"EntryPoint","urlTemplate":"https:\/\/www.public.sn\/?s={search_term_string}"},"query-input":{"@type":"PropertyValueSpecification","valueRequired":true,"valueName":"search_term_string"}}],"inLanguage":"fr-FR"},{"@type":"Organization","@id":"https:\/\/www.public.sn\/#organization","name":"LE PUBLIC","url":"https:\/\/www.public.sn\/","logo":{"@type":"ImageObject","inLanguage":"fr-FR","@id":"https:\/\/www.public.sn\/#\/schema\/logo\/image\/","url":"https:\/\/www.public.sn\/wp-content\/uploads\/2024\/05\/cropped-LOGO-PUBLIC.SN_.png","contentUrl":"https:\/\/www.public.sn\/wp-content\/uploads\/2024\/05\/cropped-LOGO-PUBLIC.SN_.png","width":682,"height":192,"caption":"LE PUBLIC"},"image":{"@id":"https:\/\/www.public.sn\/#\/schema\/logo\/image\/"}},{"@type":"Person","@id":"https:\/\/www.public.sn\/#\/schema\/person\/e3f4a11b037d4203902db148f9bc8d5a","name":"LA REDACTION","image":{"@type":"ImageObject","inLanguage":"fr-FR","@id":"https:\/\/www.public.sn\/#\/schema\/person\/image\/","url":"https:\/\/secure.gravatar.com\/avatar\/d6c030db45db2883c075085c5d6c6258654a801a93766b49af0b82d4f454e2a5?s=96&d=mm&r=g","contentUrl":"https:\/\/secure.gravatar.com\/avatar\/d6c030db45db2883c075085c5d6c6258654a801a93766b49af0b82d4f454e2a5?s=96&d=mm&r=g","caption":"LA REDACTION"},"sameAs":["http:\/\/www.public.sn"],"url":"https:\/\/www.public.sn\/index.php\/author\/admin7324\/"}]}},"jetpack_featured_media_url":"https:\/\/www.public.sn\/wp-content\/uploads\/2023\/11\/Drame-a-Touba.jpg","jetpack_sharing_enabled":true,"_links":{"self":[{"href":"https:\/\/www.public.sn\/index.php\/wp-json\/wp\/v2\/posts\/37504","targetHints":{"allow":["GET"]}}],"collection":[{"href":"https:\/\/www.public.sn\/index.php\/wp-json\/wp\/v2\/posts"}],"about":[{"href":"https:\/\/www.public.sn\/index.php\/wp-json\/wp\/v2\/types\/post"}],"author":[{"embeddable":true,"href":"https:\/\/www.public.sn\/index.php\/wp-json\/wp\/v2\/users\/1"}],"replies":[{"embeddable":true,"href":"https:\/\/www.public.sn\/index.php\/wp-json\/wp\/v2\/comments?post=37504"}],"version-history":[{"count":1,"href":"https:\/\/www.public.sn\/index.php\/wp-json\/wp\/v2\/posts\/37504\/revisions"}],"predecessor-version":[{"id":37505,"href":"https:\/\/www.public.sn\/index.php\/wp-json\/wp\/v2\/posts\/37504\/revisions\/37505"}],"wp:featuredmedia":[{"embeddable":true,"href":"https:\/\/www.public.sn\/index.php\/wp-json\/wp\/v2\/media\/28350"}],"wp:attachment":[{"href":"https:\/\/www.public.sn\/index.php\/wp-json\/wp\/v2\/media?parent=37504"}],"wp:term":[{"taxonomy":"category","embeddable":true,"href":"https:\/\/www.public.sn\/index.php\/wp-json\/wp\/v2\/categories?post=37504"},{"taxonomy":"post_tag","embeddable":true,"href":"https:\/\/www.public.sn\/index.php\/wp-json\/wp\/v2\/tags?post=37504"}],"curies":[{"name":"wp","href":"https:\/\/api.w.org\/{rel}","templated":true}]}}