{"id":37523,"date":"2025-04-16T09:11:51","date_gmt":"2025-04-16T09:11:51","guid":{"rendered":"https:\/\/www.public.sn\/?p=37523"},"modified":"2025-04-16T09:11:54","modified_gmt":"2025-04-16T09:11:54","slug":"fonds-covid-19-25-arrestations-ordonnees-lenquete-entre-dans-une-phase-decisive","status":"publish","type":"post","link":"https:\/\/www.public.sn\/index.php\/2025\/04\/16\/fonds-covid-19-25-arrestations-ordonnees-lenquete-entre-dans-une-phase-decisive\/","title":{"rendered":"Fonds Covid-19 : 25 arrestations ordonn\u00e9es, l\u2019enqu\u00eate entre dans une phase d\u00e9cisive"},"content":{"rendered":"\n<p>L\u2019affaire des <strong>Fonds Force Covid-19<\/strong> franchit un nouveau cap. Le <strong>procureur de la R\u00e9publique<\/strong> a ordonn\u00e9 <strong>l\u2019arrestation de 25 personnes<\/strong> impliqu\u00e9es dans la gestion controvers\u00e9e de ce fonds, selon <em>Lib\u00e9ration<\/em>. Contrairement aux rumeurs circulant ces derniers jours, <strong>il ne s\u2019agit pas de simples auditions<\/strong> : l\u2019enqu\u00eate de la Division des Investigations Criminelles (DIC) a \u00e9t\u00e9 <strong>boucl\u00e9e depuis juillet 2023<\/strong>.<\/p><div class=\"publi-paragraphe1\" style=\"margin-top: 10px;margin-bottom: 10px;margin-left: auto;margin-right: auto;text-align: center;\" id=\"publi-987195287\"><div class=\"publi-adlabel\">Publicit\u00e9<\/div><script async src=\"\/\/pagead2.googlesyndication.com\/pagead\/js\/adsbygoogle.js?client=ca-pub-4089586018074219\" crossorigin=\"anonymous\"><\/script><ins class=\"adsbygoogle\" style=\"display:block;\" data-ad-client=\"ca-pub-4089586018074219\" \ndata-ad-slot=\"2087940154\" \ndata-ad-format=\"auto\"><\/ins>\n<script> \n(adsbygoogle = window.adsbygoogle || []).push({}); \n<\/script>\n<\/div>\n\n\n\n<p>Le <strong>11 avril<\/strong>, le parquet a \u00e9mis des <strong>ordres de conduite<\/strong> visant plusieurs profils : <strong>fournisseurs<\/strong>, <strong>artistes<\/strong> et <strong>responsables minist\u00e9riels<\/strong>. Parmi les personnes interpell\u00e9es figurent notamment <strong>Mamadou S\u00e8ne, Khoudia Ndiaye, Baba Hamdy Diawara<\/strong>, ainsi que d&rsquo;autres acteurs impliqu\u00e9s dans l\u2019utilisation des fonds.<\/p>\n\n\n\n<h3 class=\"wp-block-heading\">Des cadres du minist\u00e8re de la Sant\u00e9 vis\u00e9s<\/h3>\n\n\n\n<p>Le coup de filet concerne aussi le <strong>minist\u00e8re de la Sant\u00e9<\/strong>. Des <strong>directeurs d\u2019h\u00f4pitaux<\/strong> et cadres minist\u00e9riels, dont <strong>Ousseynou Ngom<\/strong>, ont \u00e9t\u00e9 plac\u00e9s <strong>en garde \u00e0 vue<\/strong>. Leur pr\u00e9sentation au parquet est pr\u00e9vue dans les prochaines heures.<\/p>\n\n\n\n<p>Selon les sources judiciaires, <strong>d&rsquo;autres arrestations sont attendues<\/strong> dans les jours \u00e0 venir, laissant pr\u00e9sager une <strong>vague de poursuites sans pr\u00e9c\u00e9dent<\/strong> dans la gestion de fonds publics en temps de crise.<\/p>\n<div class=\"publi-apres-le-contenu\" style=\"margin-top: 10px;margin-bottom: 10px;margin-left: auto;margin-right: auto;text-align: center;\" id=\"publi-3547218956\"><div class=\"publi-adlabel\">Publicit\u00e9<\/div><script async src=\"\/\/pagead2.googlesyndication.com\/pagead\/js\/adsbygoogle.js?client=ca-pub-4089586018074219\" crossorigin=\"anonymous\"><\/script><ins class=\"adsbygoogle\" style=\"display:block;\" data-ad-client=\"ca-pub-4089586018074219\" \ndata-ad-slot=\"2087940154\" \ndata-ad-format=\"auto\"><\/ins>\n<script> \n(adsbygoogle = window.adsbygoogle || []).push({}); \n<\/script>\n<\/div>","protected":false},"excerpt":{"rendered":"<p>L\u2019affaire des Fonds Force Covid-19 franchit un nouveau cap. Le procureur de la R\u00e9publique a ordonn\u00e9 l\u2019arrestation de 25 personnes impliqu\u00e9es dans la gestion controvers\u00e9e de ce fonds, selon Lib\u00e9ration. Contrairement aux rumeurs circulant ces derniers jours, il ne s\u2019agit pas de simples auditions : l\u2019enqu\u00eate de la Division des Investigations Criminelles (DIC) a \u00e9t\u00e9 boucl\u00e9e depuis juillet 2023. Le 11 avril, le parquet a \u00e9mis des ordres de conduite visant plusieurs profils : fournisseurs, artistes et responsables minist\u00e9riels. Parmi les personnes interpell\u00e9es figurent notamment Mamadou S\u00e8ne, Khoudia Ndiaye, Baba Hamdy Diawara, ainsi que d&rsquo;autres acteurs impliqu\u00e9s dans l\u2019utilisation des fonds. Des cadres du minist\u00e8re de la Sant\u00e9 vis\u00e9s Le coup de filet concerne aussi le minist\u00e8re de la Sant\u00e9. Des directeurs d\u2019h\u00f4pitaux et cadres minist\u00e9riels, dont Ousseynou Ngom, ont \u00e9t\u00e9 plac\u00e9s en garde \u00e0 vue. Leur pr\u00e9sentation au parquet est pr\u00e9vue dans les prochaines heures. Selon les sources judiciaires, d&rsquo;autres arrestations sont attendues dans les jours \u00e0 venir, laissant pr\u00e9sager une vague de poursuites sans pr\u00e9c\u00e9dent dans la gestion de fonds publics en temps de crise.<\/p>\n","protected":false},"author":1,"featured_media":37524,"comment_status":"open","ping_status":"open","sticky":false,"template":"","format":"standard","meta":{"_jetpack_memberships_contains_paid_content":false,"footnotes":""},"categories":[375,3,376,4,372],"tags":[7537],"class_list":["post-37523","post","type-post","status-publish","format-standard","has-post-thumbnail","hentry","category-actualites","category-politique","category-securite-justice","category-societe","category-vedette","tag-fonds-forecs-covid19","entry","has-media","owp-thumbs-layout-horizontal","owp-btn-normal","owp-tabs-layout-horizontal","has-no-thumbnails","has-product-nav"],"yoast_head":"<!-- This site is optimized with the Yoast SEO plugin v25.5 - https:\/\/yoast.com\/wordpress\/plugins\/seo\/ -->\n<title>Fonds Covid-19 : 25 arrestations ordonn\u00e9es, l\u2019enqu\u00eate entre dans une phase d\u00e9cisive - LE PUBLIC<\/title>\n<meta name=\"robots\" content=\"index, follow, max-snippet:-1, max-image-preview:large, max-video-preview:-1\" \/>\n<link rel=\"canonical\" href=\"https:\/\/www.public.sn\/index.php\/2025\/04\/16\/fonds-covid-19-25-arrestations-ordonnees-lenquete-entre-dans-une-phase-decisive\/\" \/>\n<meta property=\"og:locale\" content=\"fr_FR\" \/>\n<meta property=\"og:type\" content=\"article\" \/>\n<meta property=\"og:title\" content=\"Fonds Covid-19 : 25 arrestations ordonn\u00e9es, l\u2019enqu\u00eate entre dans une phase d\u00e9cisive - LE PUBLIC\" \/>\n<meta property=\"og:description\" content=\"L\u2019affaire des Fonds Force Covid-19 franchit un nouveau cap. Le procureur de la R\u00e9publique a ordonn\u00e9 l\u2019arrestation de 25 personnes impliqu\u00e9es dans la gestion controvers\u00e9e de ce fonds, selon Lib\u00e9ration. Contrairement aux rumeurs circulant ces derniers jours, il ne s\u2019agit pas de simples auditions : l\u2019enqu\u00eate de la Division des Investigations Criminelles (DIC) a \u00e9t\u00e9 boucl\u00e9e depuis juillet 2023. Le 11 avril, le parquet a \u00e9mis des ordres de conduite visant plusieurs profils : fournisseurs, artistes et responsables minist\u00e9riels. Parmi les personnes interpell\u00e9es figurent notamment Mamadou S\u00e8ne, Khoudia Ndiaye, Baba Hamdy Diawara, ainsi que d&rsquo;autres acteurs impliqu\u00e9s dans l\u2019utilisation des fonds. Des cadres du minist\u00e8re de la Sant\u00e9 vis\u00e9s Le coup de filet concerne aussi le minist\u00e8re de la Sant\u00e9. Des directeurs d\u2019h\u00f4pitaux et cadres minist\u00e9riels, dont Ousseynou Ngom, ont \u00e9t\u00e9 plac\u00e9s en garde \u00e0 vue. Leur pr\u00e9sentation au parquet est pr\u00e9vue dans les prochaines heures. Selon les sources judiciaires, d&rsquo;autres arrestations sont attendues dans les jours \u00e0 venir, laissant pr\u00e9sager une vague de poursuites sans pr\u00e9c\u00e9dent dans la gestion de fonds publics en temps de crise.\" \/>\n<meta property=\"og:url\" content=\"https:\/\/www.public.sn\/index.php\/2025\/04\/16\/fonds-covid-19-25-arrestations-ordonnees-lenquete-entre-dans-une-phase-decisive\/\" \/>\n<meta property=\"og:site_name\" content=\"LE PUBLIC\" \/>\n<meta property=\"article:published_time\" content=\"2025-04-16T09:11:51+00:00\" \/>\n<meta property=\"article:modified_time\" content=\"2025-04-16T09:11:54+00:00\" \/>\n<meta property=\"og:image\" content=\"https:\/\/www.public.sn\/wp-content\/uploads\/2025\/04\/macky-mansur-fonds-force-covid19.jpg\" \/>\n\t<meta property=\"og:image:width\" content=\"1280\" \/>\n\t<meta property=\"og:image:height\" content=\"877\" \/>\n\t<meta property=\"og:image:type\" content=\"image\/jpeg\" \/>\n<meta name=\"author\" content=\"LA REDACTION\" \/>\n<meta name=\"twitter:card\" content=\"summary_large_image\" \/>\n<meta name=\"twitter:label1\" content=\"\u00c9crit par\" \/>\n\t<meta name=\"twitter:data1\" content=\"LA REDACTION\" \/>\n\t<meta name=\"twitter:label2\" content=\"Dur\u00e9e de lecture estim\u00e9e\" \/>\n\t<meta name=\"twitter:data2\" content=\"2 minutes\" \/>\n<script type=\"application\/ld+json\" class=\"yoast-schema-graph\">{\"@context\":\"https:\/\/schema.org\",\"@graph\":[{\"@type\":\"Article\",\"@id\":\"https:\/\/www.public.sn\/index.php\/2025\/04\/16\/fonds-covid-19-25-arrestations-ordonnees-lenquete-entre-dans-une-phase-decisive\/#article\",\"isPartOf\":{\"@id\":\"https:\/\/www.public.sn\/index.php\/2025\/04\/16\/fonds-covid-19-25-arrestations-ordonnees-lenquete-entre-dans-une-phase-decisive\/\"},\"author\":{\"name\":\"LA REDACTION\",\"@id\":\"https:\/\/www.public.sn\/#\/schema\/person\/e3f4a11b037d4203902db148f9bc8d5a\"},\"headline\":\"Fonds Covid-19 : 25 arrestations ordonn\u00e9es, l\u2019enqu\u00eate entre dans une phase d\u00e9cisive\",\"datePublished\":\"2025-04-16T09:11:51+00:00\",\"dateModified\":\"2025-04-16T09:11:54+00:00\",\"mainEntityOfPage\":{\"@id\":\"https:\/\/www.public.sn\/index.php\/2025\/04\/16\/fonds-covid-19-25-arrestations-ordonnees-lenquete-entre-dans-une-phase-decisive\/\"},\"wordCount\":211,\"commentCount\":0,\"publisher\":{\"@id\":\"https:\/\/www.public.sn\/#organization\"},\"image\":{\"@id\":\"https:\/\/www.public.sn\/index.php\/2025\/04\/16\/fonds-covid-19-25-arrestations-ordonnees-lenquete-entre-dans-une-phase-decisive\/#primaryimage\"},\"thumbnailUrl\":\"https:\/\/www.public.sn\/wp-content\/uploads\/2025\/04\/macky-mansur-fonds-force-covid19.jpg\",\"keywords\":[\"Fonds forecs covid19\"],\"articleSection\":[\"ACTUALIT\u00c9S\",\"POLITIQUE\",\"S\u00c9CURIT\u00c9 &amp; JUSTICE\",\"SOCIETE\",\"VEDETTE\"],\"inLanguage\":\"fr-FR\",\"potentialAction\":[{\"@type\":\"CommentAction\",\"name\":\"Comment\",\"target\":[\"https:\/\/www.public.sn\/index.php\/2025\/04\/16\/fonds-covid-19-25-arrestations-ordonnees-lenquete-entre-dans-une-phase-decisive\/#respond\"]}]},{\"@type\":\"WebPage\",\"@id\":\"https:\/\/www.public.sn\/index.php\/2025\/04\/16\/fonds-covid-19-25-arrestations-ordonnees-lenquete-entre-dans-une-phase-decisive\/\",\"url\":\"https:\/\/www.public.sn\/index.php\/2025\/04\/16\/fonds-covid-19-25-arrestations-ordonnees-lenquete-entre-dans-une-phase-decisive\/\",\"name\":\"Fonds Covid-19 : 25 arrestations ordonn\u00e9es, l\u2019enqu\u00eate entre dans une phase d\u00e9cisive - LE PUBLIC\",\"isPartOf\":{\"@id\":\"https:\/\/www.public.sn\/#website\"},\"primaryImageOfPage\":{\"@id\":\"https:\/\/www.public.sn\/index.php\/2025\/04\/16\/fonds-covid-19-25-arrestations-ordonnees-lenquete-entre-dans-une-phase-decisive\/#primaryimage\"},\"image\":{\"@id\":\"https:\/\/www.public.sn\/index.php\/2025\/04\/16\/fonds-covid-19-25-arrestations-ordonnees-lenquete-entre-dans-une-phase-decisive\/#primaryimage\"},\"thumbnailUrl\":\"https:\/\/www.public.sn\/wp-content\/uploads\/2025\/04\/macky-mansur-fonds-force-covid19.jpg\",\"datePublished\":\"2025-04-16T09:11:51+00:00\",\"dateModified\":\"2025-04-16T09:11:54+00:00\",\"breadcrumb\":{\"@id\":\"https:\/\/www.public.sn\/index.php\/2025\/04\/16\/fonds-covid-19-25-arrestations-ordonnees-lenquete-entre-dans-une-phase-decisive\/#breadcrumb\"},\"inLanguage\":\"fr-FR\",\"potentialAction\":[{\"@type\":\"ReadAction\",\"target\":[\"https:\/\/www.public.sn\/index.php\/2025\/04\/16\/fonds-covid-19-25-arrestations-ordonnees-lenquete-entre-dans-une-phase-decisive\/\"]}]},{\"@type\":\"ImageObject\",\"inLanguage\":\"fr-FR\",\"@id\":\"https:\/\/www.public.sn\/index.php\/2025\/04\/16\/fonds-covid-19-25-arrestations-ordonnees-lenquete-entre-dans-une-phase-decisive\/#primaryimage\",\"url\":\"https:\/\/www.public.sn\/wp-content\/uploads\/2025\/04\/macky-mansur-fonds-force-covid19.jpg\",\"contentUrl\":\"https:\/\/www.public.sn\/wp-content\/uploads\/2025\/04\/macky-mansur-fonds-force-covid19.jpg\",\"width\":1280,\"height\":877},{\"@type\":\"BreadcrumbList\",\"@id\":\"https:\/\/www.public.sn\/index.php\/2025\/04\/16\/fonds-covid-19-25-arrestations-ordonnees-lenquete-entre-dans-une-phase-decisive\/#breadcrumb\",\"itemListElement\":[{\"@type\":\"ListItem\",\"position\":1,\"name\":\"Accueil\",\"item\":\"https:\/\/www.public.sn\/\"},{\"@type\":\"ListItem\",\"position\":2,\"name\":\"Fonds Covid-19 : 25 arrestations ordonn\u00e9es, l\u2019enqu\u00eate entre dans une phase d\u00e9cisive\"}]},{\"@type\":\"WebSite\",\"@id\":\"https:\/\/www.public.sn\/#website\",\"url\":\"https:\/\/www.public.sn\/\",\"name\":\"LE PUBLIC\",\"description\":\"\",\"publisher\":{\"@id\":\"https:\/\/www.public.sn\/#organization\"},\"potentialAction\":[{\"@type\":\"SearchAction\",\"target\":{\"@type\":\"EntryPoint\",\"urlTemplate\":\"https:\/\/www.public.sn\/?s={search_term_string}\"},\"query-input\":{\"@type\":\"PropertyValueSpecification\",\"valueRequired\":true,\"valueName\":\"search_term_string\"}}],\"inLanguage\":\"fr-FR\"},{\"@type\":\"Organization\",\"@id\":\"https:\/\/www.public.sn\/#organization\",\"name\":\"LE PUBLIC\",\"url\":\"https:\/\/www.public.sn\/\",\"logo\":{\"@type\":\"ImageObject\",\"inLanguage\":\"fr-FR\",\"@id\":\"https:\/\/www.public.sn\/#\/schema\/logo\/image\/\",\"url\":\"https:\/\/www.public.sn\/wp-content\/uploads\/2024\/05\/cropped-LOGO-PUBLIC.SN_.png\",\"contentUrl\":\"https:\/\/www.public.sn\/wp-content\/uploads\/2024\/05\/cropped-LOGO-PUBLIC.SN_.png\",\"width\":682,\"height\":192,\"caption\":\"LE PUBLIC\"},\"image\":{\"@id\":\"https:\/\/www.public.sn\/#\/schema\/logo\/image\/\"}},{\"@type\":\"Person\",\"@id\":\"https:\/\/www.public.sn\/#\/schema\/person\/e3f4a11b037d4203902db148f9bc8d5a\",\"name\":\"LA REDACTION\",\"image\":{\"@type\":\"ImageObject\",\"inLanguage\":\"fr-FR\",\"@id\":\"https:\/\/www.public.sn\/#\/schema\/person\/image\/\",\"url\":\"https:\/\/secure.gravatar.com\/avatar\/d6c030db45db2883c075085c5d6c6258654a801a93766b49af0b82d4f454e2a5?s=96&d=mm&r=g\",\"contentUrl\":\"https:\/\/secure.gravatar.com\/avatar\/d6c030db45db2883c075085c5d6c6258654a801a93766b49af0b82d4f454e2a5?s=96&d=mm&r=g\",\"caption\":\"LA REDACTION\"},\"sameAs\":[\"http:\/\/www.public.sn\"],\"url\":\"https:\/\/www.public.sn\/index.php\/author\/admin7324\/\"}]}<\/script>\n<!-- \/ Yoast SEO plugin. -->","yoast_head_json":{"title":"Fonds Covid-19 : 25 arrestations ordonn\u00e9es, l\u2019enqu\u00eate entre dans une phase d\u00e9cisive - LE PUBLIC","robots":{"index":"index","follow":"follow","max-snippet":"max-snippet:-1","max-image-preview":"max-image-preview:large","max-video-preview":"max-video-preview:-1"},"canonical":"https:\/\/www.public.sn\/index.php\/2025\/04\/16\/fonds-covid-19-25-arrestations-ordonnees-lenquete-entre-dans-une-phase-decisive\/","og_locale":"fr_FR","og_type":"article","og_title":"Fonds Covid-19 : 25 arrestations ordonn\u00e9es, l\u2019enqu\u00eate entre dans une phase d\u00e9cisive - LE PUBLIC","og_description":"L\u2019affaire des Fonds Force Covid-19 franchit un nouveau cap. Le procureur de la R\u00e9publique a ordonn\u00e9 l\u2019arrestation de 25 personnes impliqu\u00e9es dans la gestion controvers\u00e9e de ce fonds, selon Lib\u00e9ration. Contrairement aux rumeurs circulant ces derniers jours, il ne s\u2019agit pas de simples auditions : l\u2019enqu\u00eate de la Division des Investigations Criminelles (DIC) a \u00e9t\u00e9 boucl\u00e9e depuis juillet 2023. Le 11 avril, le parquet a \u00e9mis des ordres de conduite visant plusieurs profils : fournisseurs, artistes et responsables minist\u00e9riels. Parmi les personnes interpell\u00e9es figurent notamment Mamadou S\u00e8ne, Khoudia Ndiaye, Baba Hamdy Diawara, ainsi que d&rsquo;autres acteurs impliqu\u00e9s dans l\u2019utilisation des fonds. Des cadres du minist\u00e8re de la Sant\u00e9 vis\u00e9s Le coup de filet concerne aussi le minist\u00e8re de la Sant\u00e9. Des directeurs d\u2019h\u00f4pitaux et cadres minist\u00e9riels, dont Ousseynou Ngom, ont \u00e9t\u00e9 plac\u00e9s en garde \u00e0 vue. Leur pr\u00e9sentation au parquet est pr\u00e9vue dans les prochaines heures. Selon les sources judiciaires, d&rsquo;autres arrestations sont attendues dans les jours \u00e0 venir, laissant pr\u00e9sager une vague de poursuites sans pr\u00e9c\u00e9dent dans la gestion de fonds publics en temps de crise.","og_url":"https:\/\/www.public.sn\/index.php\/2025\/04\/16\/fonds-covid-19-25-arrestations-ordonnees-lenquete-entre-dans-une-phase-decisive\/","og_site_name":"LE PUBLIC","article_published_time":"2025-04-16T09:11:51+00:00","article_modified_time":"2025-04-16T09:11:54+00:00","og_image":[{"width":1280,"height":877,"url":"https:\/\/www.public.sn\/wp-content\/uploads\/2025\/04\/macky-mansur-fonds-force-covid19.jpg","type":"image\/jpeg"}],"author":"LA REDACTION","twitter_card":"summary_large_image","twitter_misc":{"\u00c9crit par":"LA REDACTION","Dur\u00e9e de lecture estim\u00e9e":"2 minutes"},"schema":{"@context":"https:\/\/schema.org","@graph":[{"@type":"Article","@id":"https:\/\/www.public.sn\/index.php\/2025\/04\/16\/fonds-covid-19-25-arrestations-ordonnees-lenquete-entre-dans-une-phase-decisive\/#article","isPartOf":{"@id":"https:\/\/www.public.sn\/index.php\/2025\/04\/16\/fonds-covid-19-25-arrestations-ordonnees-lenquete-entre-dans-une-phase-decisive\/"},"author":{"name":"LA REDACTION","@id":"https:\/\/www.public.sn\/#\/schema\/person\/e3f4a11b037d4203902db148f9bc8d5a"},"headline":"Fonds Covid-19 : 25 arrestations ordonn\u00e9es, l\u2019enqu\u00eate entre dans une phase d\u00e9cisive","datePublished":"2025-04-16T09:11:51+00:00","dateModified":"2025-04-16T09:11:54+00:00","mainEntityOfPage":{"@id":"https:\/\/www.public.sn\/index.php\/2025\/04\/16\/fonds-covid-19-25-arrestations-ordonnees-lenquete-entre-dans-une-phase-decisive\/"},"wordCount":211,"commentCount":0,"publisher":{"@id":"https:\/\/www.public.sn\/#organization"},"image":{"@id":"https:\/\/www.public.sn\/index.php\/2025\/04\/16\/fonds-covid-19-25-arrestations-ordonnees-lenquete-entre-dans-une-phase-decisive\/#primaryimage"},"thumbnailUrl":"https:\/\/www.public.sn\/wp-content\/uploads\/2025\/04\/macky-mansur-fonds-force-covid19.jpg","keywords":["Fonds forecs covid19"],"articleSection":["ACTUALIT\u00c9S","POLITIQUE","S\u00c9CURIT\u00c9 &amp; JUSTICE","SOCIETE","VEDETTE"],"inLanguage":"fr-FR","potentialAction":[{"@type":"CommentAction","name":"Comment","target":["https:\/\/www.public.sn\/index.php\/2025\/04\/16\/fonds-covid-19-25-arrestations-ordonnees-lenquete-entre-dans-une-phase-decisive\/#respond"]}]},{"@type":"WebPage","@id":"https:\/\/www.public.sn\/index.php\/2025\/04\/16\/fonds-covid-19-25-arrestations-ordonnees-lenquete-entre-dans-une-phase-decisive\/","url":"https:\/\/www.public.sn\/index.php\/2025\/04\/16\/fonds-covid-19-25-arrestations-ordonnees-lenquete-entre-dans-une-phase-decisive\/","name":"Fonds Covid-19 : 25 arrestations ordonn\u00e9es, l\u2019enqu\u00eate entre dans une phase d\u00e9cisive - LE PUBLIC","isPartOf":{"@id":"https:\/\/www.public.sn\/#website"},"primaryImageOfPage":{"@id":"https:\/\/www.public.sn\/index.php\/2025\/04\/16\/fonds-covid-19-25-arrestations-ordonnees-lenquete-entre-dans-une-phase-decisive\/#primaryimage"},"image":{"@id":"https:\/\/www.public.sn\/index.php\/2025\/04\/16\/fonds-covid-19-25-arrestations-ordonnees-lenquete-entre-dans-une-phase-decisive\/#primaryimage"},"thumbnailUrl":"https:\/\/www.public.sn\/wp-content\/uploads\/2025\/04\/macky-mansur-fonds-force-covid19.jpg","datePublished":"2025-04-16T09:11:51+00:00","dateModified":"2025-04-16T09:11:54+00:00","breadcrumb":{"@id":"https:\/\/www.public.sn\/index.php\/2025\/04\/16\/fonds-covid-19-25-arrestations-ordonnees-lenquete-entre-dans-une-phase-decisive\/#breadcrumb"},"inLanguage":"fr-FR","potentialAction":[{"@type":"ReadAction","target":["https:\/\/www.public.sn\/index.php\/2025\/04\/16\/fonds-covid-19-25-arrestations-ordonnees-lenquete-entre-dans-une-phase-decisive\/"]}]},{"@type":"ImageObject","inLanguage":"fr-FR","@id":"https:\/\/www.public.sn\/index.php\/2025\/04\/16\/fonds-covid-19-25-arrestations-ordonnees-lenquete-entre-dans-une-phase-decisive\/#primaryimage","url":"https:\/\/www.public.sn\/wp-content\/uploads\/2025\/04\/macky-mansur-fonds-force-covid19.jpg","contentUrl":"https:\/\/www.public.sn\/wp-content\/uploads\/2025\/04\/macky-mansur-fonds-force-covid19.jpg","width":1280,"height":877},{"@type":"BreadcrumbList","@id":"https:\/\/www.public.sn\/index.php\/2025\/04\/16\/fonds-covid-19-25-arrestations-ordonnees-lenquete-entre-dans-une-phase-decisive\/#breadcrumb","itemListElement":[{"@type":"ListItem","position":1,"name":"Accueil","item":"https:\/\/www.public.sn\/"},{"@type":"ListItem","position":2,"name":"Fonds Covid-19 : 25 arrestations ordonn\u00e9es, l\u2019enqu\u00eate entre dans une phase d\u00e9cisive"}]},{"@type":"WebSite","@id":"https:\/\/www.public.sn\/#website","url":"https:\/\/www.public.sn\/","name":"LE PUBLIC","description":"","publisher":{"@id":"https:\/\/www.public.sn\/#organization"},"potentialAction":[{"@type":"SearchAction","target":{"@type":"EntryPoint","urlTemplate":"https:\/\/www.public.sn\/?s={search_term_string}"},"query-input":{"@type":"PropertyValueSpecification","valueRequired":true,"valueName":"search_term_string"}}],"inLanguage":"fr-FR"},{"@type":"Organization","@id":"https:\/\/www.public.sn\/#organization","name":"LE PUBLIC","url":"https:\/\/www.public.sn\/","logo":{"@type":"ImageObject","inLanguage":"fr-FR","@id":"https:\/\/www.public.sn\/#\/schema\/logo\/image\/","url":"https:\/\/www.public.sn\/wp-content\/uploads\/2024\/05\/cropped-LOGO-PUBLIC.SN_.png","contentUrl":"https:\/\/www.public.sn\/wp-content\/uploads\/2024\/05\/cropped-LOGO-PUBLIC.SN_.png","width":682,"height":192,"caption":"LE PUBLIC"},"image":{"@id":"https:\/\/www.public.sn\/#\/schema\/logo\/image\/"}},{"@type":"Person","@id":"https:\/\/www.public.sn\/#\/schema\/person\/e3f4a11b037d4203902db148f9bc8d5a","name":"LA REDACTION","image":{"@type":"ImageObject","inLanguage":"fr-FR","@id":"https:\/\/www.public.sn\/#\/schema\/person\/image\/","url":"https:\/\/secure.gravatar.com\/avatar\/d6c030db45db2883c075085c5d6c6258654a801a93766b49af0b82d4f454e2a5?s=96&d=mm&r=g","contentUrl":"https:\/\/secure.gravatar.com\/avatar\/d6c030db45db2883c075085c5d6c6258654a801a93766b49af0b82d4f454e2a5?s=96&d=mm&r=g","caption":"LA REDACTION"},"sameAs":["http:\/\/www.public.sn"],"url":"https:\/\/www.public.sn\/index.php\/author\/admin7324\/"}]}},"jetpack_featured_media_url":"https:\/\/www.public.sn\/wp-content\/uploads\/2025\/04\/macky-mansur-fonds-force-covid19.jpg","jetpack_sharing_enabled":true,"_links":{"self":[{"href":"https:\/\/www.public.sn\/index.php\/wp-json\/wp\/v2\/posts\/37523","targetHints":{"allow":["GET"]}}],"collection":[{"href":"https:\/\/www.public.sn\/index.php\/wp-json\/wp\/v2\/posts"}],"about":[{"href":"https:\/\/www.public.sn\/index.php\/wp-json\/wp\/v2\/types\/post"}],"author":[{"embeddable":true,"href":"https:\/\/www.public.sn\/index.php\/wp-json\/wp\/v2\/users\/1"}],"replies":[{"embeddable":true,"href":"https:\/\/www.public.sn\/index.php\/wp-json\/wp\/v2\/comments?post=37523"}],"version-history":[{"count":1,"href":"https:\/\/www.public.sn\/index.php\/wp-json\/wp\/v2\/posts\/37523\/revisions"}],"predecessor-version":[{"id":37525,"href":"https:\/\/www.public.sn\/index.php\/wp-json\/wp\/v2\/posts\/37523\/revisions\/37525"}],"wp:featuredmedia":[{"embeddable":true,"href":"https:\/\/www.public.sn\/index.php\/wp-json\/wp\/v2\/media\/37524"}],"wp:attachment":[{"href":"https:\/\/www.public.sn\/index.php\/wp-json\/wp\/v2\/media?parent=37523"}],"wp:term":[{"taxonomy":"category","embeddable":true,"href":"https:\/\/www.public.sn\/index.php\/wp-json\/wp\/v2\/categories?post=37523"},{"taxonomy":"post_tag","embeddable":true,"href":"https:\/\/www.public.sn\/index.php\/wp-json\/wp\/v2\/tags?post=37523"}],"curies":[{"name":"wp","href":"https:\/\/api.w.org\/{rel}","templated":true}]}}