{"id":3754,"date":"2022-10-06T11:51:36","date_gmt":"2022-10-06T11:51:36","guid":{"rendered":"https:\/\/www.public.sn\/?p=3754"},"modified":"2022-10-06T13:15:02","modified_gmt":"2022-10-06T13:15:02","slug":"sport-ismaila-sarr-reprend-la-forme","status":"publish","type":"post","link":"https:\/\/www.public.sn\/index.php\/2022\/10\/06\/sport-ismaila-sarr-reprend-la-forme\/","title":{"rendered":"Proc\u00e8s Kaliphone: S\u00e9ance suspendue \u00e0 cause de Cheikh Ciss\u00e9"},"content":{"rendered":"\n<p>Kaliphone de son vrai nom Khalidou Baba Ly Sall, a \u00e9t\u00e9 attrait  devant la barre du tribunal de flagrant  d\u00e9lit pour les griefs \u00ab\u00a0coups et blessures\u00a0\u00bb en l\u2019encontre de Adja Thiar\u00e9. <br>     Devant le juge Ndiaye, il reconna\u00eet les faits pour lesquels il est poursuivi. Le temoin Cheikh Ciss\u00e9 refuse cat\u00e9goriquement  de r\u00e9pondre aux questions de Me Abdy Nar Ndiaye avocat de Adja Thiar\u00e9,  malgr\u00e9  les multiples rappels du juge. Son ami Kaliphone n\u2019a pas aussi appr\u00e9ci\u00e9  le refus du temoin Cheikh Ciss\u00e9<\/p><div class=\"publi-paragraphe1\" style=\"margin-top: 10px;margin-bottom: 10px;margin-left: auto;margin-right: auto;text-align: center;\" id=\"publi-3788435723\"><div class=\"publi-adlabel\">Publicit\u00e9<\/div><script async src=\"\/\/pagead2.googlesyndication.com\/pagead\/js\/adsbygoogle.js?client=ca-pub-4089586018074219\" crossorigin=\"anonymous\"><\/script><ins class=\"adsbygoogle\" style=\"display:block;\" data-ad-client=\"ca-pub-4089586018074219\" \ndata-ad-slot=\"2087940154\" \ndata-ad-format=\"auto\"><\/ins>\n<script> \n(adsbygoogle = window.adsbygoogle || []).push({}); \n<\/script>\n<\/div>\n\n\n\n<p><\/p>\n\n\n\n<p>Falil GADIO<br>    <\/p>\n<div class=\"publi-apres-le-contenu\" style=\"margin-top: 10px;margin-bottom: 10px;margin-left: auto;margin-right: auto;text-align: center;\" id=\"publi-3310375640\"><div class=\"publi-adlabel\">Publicit\u00e9<\/div><script async src=\"\/\/pagead2.googlesyndication.com\/pagead\/js\/adsbygoogle.js?client=ca-pub-4089586018074219\" crossorigin=\"anonymous\"><\/script><ins class=\"adsbygoogle\" style=\"display:block;\" data-ad-client=\"ca-pub-4089586018074219\" \ndata-ad-slot=\"2087940154\" \ndata-ad-format=\"auto\"><\/ins>\n<script> \n(adsbygoogle = window.adsbygoogle || []).push({}); \n<\/script>\n<\/div>","protected":false},"excerpt":{"rendered":"<p>Kaliphone de son vrai nom Khalidou Baba Ly Sall, a \u00e9t\u00e9 attrait devant la barre du tribunal de flagrant d\u00e9lit pour les griefs \u00ab\u00a0coups et blessures\u00a0\u00bb en l\u2019encontre de Adja Thiar\u00e9. Devant le juge Ndiaye, il reconna\u00eet les faits pour lesquels il est poursuivi. Le temoin Cheikh Ciss\u00e9 refuse cat\u00e9goriquement de r\u00e9pondre aux questions de Me Abdy Nar Ndiaye avocat de Adja Thiar\u00e9, malgr\u00e9 les multiples rappels du juge. Son ami Kaliphone n\u2019a pas aussi appr\u00e9ci\u00e9 le refus du temoin Cheikh Ciss\u00e9 Falil GADIO<\/p>\n","protected":false},"author":1,"featured_media":3156,"comment_status":"open","ping_status":"open","sticky":false,"template":"","format":"standard","meta":{"_jetpack_memberships_contains_paid_content":false,"footnotes":""},"categories":[375,1,4,372],"tags":[1024,1025,1138],"class_list":["post-3754","post","type-post","status-publish","format-standard","has-post-thumbnail","hentry","category-actualites","category-non-classe","category-societe","category-vedette","tag-adja-thiare","tag-kaliphone","tag-proces-2","entry","has-media","owp-thumbs-layout-horizontal","owp-btn-normal","owp-tabs-layout-horizontal","has-no-thumbnails","has-product-nav"],"yoast_head":"<!-- This site is optimized with the Yoast SEO plugin v25.5 - https:\/\/yoast.com\/wordpress\/plugins\/seo\/ -->\n<title>Proc\u00e8s Kaliphone: S\u00e9ance suspendue \u00e0 cause de Cheikh Ciss\u00e9 - LE PUBLIC<\/title>\n<meta name=\"robots\" content=\"index, follow, max-snippet:-1, max-image-preview:large, max-video-preview:-1\" \/>\n<link rel=\"canonical\" href=\"https:\/\/www.public.sn\/index.php\/2022\/10\/06\/sport-ismaila-sarr-reprend-la-forme\/\" \/>\n<meta property=\"og:locale\" content=\"fr_FR\" \/>\n<meta property=\"og:type\" content=\"article\" \/>\n<meta property=\"og:title\" content=\"Proc\u00e8s Kaliphone: S\u00e9ance suspendue \u00e0 cause de Cheikh Ciss\u00e9 - LE PUBLIC\" \/>\n<meta property=\"og:description\" content=\"Kaliphone de son vrai nom Khalidou Baba Ly Sall, a \u00e9t\u00e9 attrait devant la barre du tribunal de flagrant d\u00e9lit pour les griefs \u00ab\u00a0coups et blessures\u00a0\u00bb en l\u2019encontre de Adja Thiar\u00e9. Devant le juge Ndiaye, il reconna\u00eet les faits pour lesquels il est poursuivi. Le temoin Cheikh Ciss\u00e9 refuse cat\u00e9goriquement de r\u00e9pondre aux questions de Me Abdy Nar Ndiaye avocat de Adja Thiar\u00e9, malgr\u00e9 les multiples rappels du juge. Son ami Kaliphone n\u2019a pas aussi appr\u00e9ci\u00e9 le refus du temoin Cheikh Ciss\u00e9 Falil GADIO\" \/>\n<meta property=\"og:url\" content=\"https:\/\/www.public.sn\/index.php\/2022\/10\/06\/sport-ismaila-sarr-reprend-la-forme\/\" \/>\n<meta property=\"og:site_name\" content=\"LE PUBLIC\" \/>\n<meta property=\"article:published_time\" content=\"2022-10-06T11:51:36+00:00\" \/>\n<meta property=\"article:modified_time\" content=\"2022-10-06T13:15:02+00:00\" \/>\n<meta property=\"og:image\" content=\"https:\/\/www.public.sn\/wp-content\/uploads\/2022\/09\/te\u0301le\u0301chargement.jpeg\" \/>\n\t<meta property=\"og:image:width\" content=\"225\" \/>\n\t<meta property=\"og:image:height\" content=\"225\" \/>\n\t<meta property=\"og:image:type\" content=\"image\/jpeg\" \/>\n<meta name=\"author\" content=\"LA REDACTION\" \/>\n<meta name=\"twitter:card\" content=\"summary_large_image\" \/>\n<meta name=\"twitter:label1\" content=\"\u00c9crit par\" \/>\n\t<meta name=\"twitter:data1\" content=\"LA REDACTION\" \/>\n\t<meta name=\"twitter:label2\" content=\"Dur\u00e9e de lecture estim\u00e9e\" \/>\n\t<meta name=\"twitter:data2\" content=\"1 minute\" \/>\n<script type=\"application\/ld+json\" class=\"yoast-schema-graph\">{\"@context\":\"https:\/\/schema.org\",\"@graph\":[{\"@type\":\"Article\",\"@id\":\"https:\/\/www.public.sn\/index.php\/2022\/10\/06\/sport-ismaila-sarr-reprend-la-forme\/#article\",\"isPartOf\":{\"@id\":\"https:\/\/www.public.sn\/index.php\/2022\/10\/06\/sport-ismaila-sarr-reprend-la-forme\/\"},\"author\":{\"name\":\"LA REDACTION\",\"@id\":\"https:\/\/www.public.sn\/#\/schema\/person\/e3f4a11b037d4203902db148f9bc8d5a\"},\"headline\":\"Proc\u00e8s Kaliphone: S\u00e9ance suspendue \u00e0 cause de Cheikh Ciss\u00e9\",\"datePublished\":\"2022-10-06T11:51:36+00:00\",\"dateModified\":\"2022-10-06T13:15:02+00:00\",\"mainEntityOfPage\":{\"@id\":\"https:\/\/www.public.sn\/index.php\/2022\/10\/06\/sport-ismaila-sarr-reprend-la-forme\/\"},\"wordCount\":101,\"commentCount\":0,\"publisher\":{\"@id\":\"https:\/\/www.public.sn\/#organization\"},\"image\":{\"@id\":\"https:\/\/www.public.sn\/index.php\/2022\/10\/06\/sport-ismaila-sarr-reprend-la-forme\/#primaryimage\"},\"thumbnailUrl\":\"https:\/\/www.public.sn\/wp-content\/uploads\/2022\/09\/te\u0301le\u0301chargement.jpeg\",\"keywords\":[\"Adja Thiar\u00e9\",\"Kaliphone\",\"proces\"],\"articleSection\":[\"ACTUALIT\u00c9S\",\"S\u00c9N\u00c9GAL\",\"SOCIETE\",\"VEDETTE\"],\"inLanguage\":\"fr-FR\",\"potentialAction\":[{\"@type\":\"CommentAction\",\"name\":\"Comment\",\"target\":[\"https:\/\/www.public.sn\/index.php\/2022\/10\/06\/sport-ismaila-sarr-reprend-la-forme\/#respond\"]}]},{\"@type\":\"WebPage\",\"@id\":\"https:\/\/www.public.sn\/index.php\/2022\/10\/06\/sport-ismaila-sarr-reprend-la-forme\/\",\"url\":\"https:\/\/www.public.sn\/index.php\/2022\/10\/06\/sport-ismaila-sarr-reprend-la-forme\/\",\"name\":\"Proc\u00e8s Kaliphone: S\u00e9ance suspendue \u00e0 cause de Cheikh Ciss\u00e9 - LE PUBLIC\",\"isPartOf\":{\"@id\":\"https:\/\/www.public.sn\/#website\"},\"primaryImageOfPage\":{\"@id\":\"https:\/\/www.public.sn\/index.php\/2022\/10\/06\/sport-ismaila-sarr-reprend-la-forme\/#primaryimage\"},\"image\":{\"@id\":\"https:\/\/www.public.sn\/index.php\/2022\/10\/06\/sport-ismaila-sarr-reprend-la-forme\/#primaryimage\"},\"thumbnailUrl\":\"https:\/\/www.public.sn\/wp-content\/uploads\/2022\/09\/te\u0301le\u0301chargement.jpeg\",\"datePublished\":\"2022-10-06T11:51:36+00:00\",\"dateModified\":\"2022-10-06T13:15:02+00:00\",\"breadcrumb\":{\"@id\":\"https:\/\/www.public.sn\/index.php\/2022\/10\/06\/sport-ismaila-sarr-reprend-la-forme\/#breadcrumb\"},\"inLanguage\":\"fr-FR\",\"potentialAction\":[{\"@type\":\"ReadAction\",\"target\":[\"https:\/\/www.public.sn\/index.php\/2022\/10\/06\/sport-ismaila-sarr-reprend-la-forme\/\"]}]},{\"@type\":\"ImageObject\",\"inLanguage\":\"fr-FR\",\"@id\":\"https:\/\/www.public.sn\/index.php\/2022\/10\/06\/sport-ismaila-sarr-reprend-la-forme\/#primaryimage\",\"url\":\"https:\/\/www.public.sn\/wp-content\/uploads\/2022\/09\/te\u0301le\u0301chargement.jpeg\",\"contentUrl\":\"https:\/\/www.public.sn\/wp-content\/uploads\/2022\/09\/te\u0301le\u0301chargement.jpeg\",\"width\":225,\"height\":225},{\"@type\":\"BreadcrumbList\",\"@id\":\"https:\/\/www.public.sn\/index.php\/2022\/10\/06\/sport-ismaila-sarr-reprend-la-forme\/#breadcrumb\",\"itemListElement\":[{\"@type\":\"ListItem\",\"position\":1,\"name\":\"Accueil\",\"item\":\"https:\/\/www.public.sn\/\"},{\"@type\":\"ListItem\",\"position\":2,\"name\":\"Proc\u00e8s Kaliphone: S\u00e9ance suspendue \u00e0 cause de Cheikh Ciss\u00e9\"}]},{\"@type\":\"WebSite\",\"@id\":\"https:\/\/www.public.sn\/#website\",\"url\":\"https:\/\/www.public.sn\/\",\"name\":\"LE PUBLIC\",\"description\":\"\",\"publisher\":{\"@id\":\"https:\/\/www.public.sn\/#organization\"},\"potentialAction\":[{\"@type\":\"SearchAction\",\"target\":{\"@type\":\"EntryPoint\",\"urlTemplate\":\"https:\/\/www.public.sn\/?s={search_term_string}\"},\"query-input\":{\"@type\":\"PropertyValueSpecification\",\"valueRequired\":true,\"valueName\":\"search_term_string\"}}],\"inLanguage\":\"fr-FR\"},{\"@type\":\"Organization\",\"@id\":\"https:\/\/www.public.sn\/#organization\",\"name\":\"LE PUBLIC\",\"url\":\"https:\/\/www.public.sn\/\",\"logo\":{\"@type\":\"ImageObject\",\"inLanguage\":\"fr-FR\",\"@id\":\"https:\/\/www.public.sn\/#\/schema\/logo\/image\/\",\"url\":\"https:\/\/www.public.sn\/wp-content\/uploads\/2024\/05\/cropped-LOGO-PUBLIC.SN_.png\",\"contentUrl\":\"https:\/\/www.public.sn\/wp-content\/uploads\/2024\/05\/cropped-LOGO-PUBLIC.SN_.png\",\"width\":682,\"height\":192,\"caption\":\"LE PUBLIC\"},\"image\":{\"@id\":\"https:\/\/www.public.sn\/#\/schema\/logo\/image\/\"}},{\"@type\":\"Person\",\"@id\":\"https:\/\/www.public.sn\/#\/schema\/person\/e3f4a11b037d4203902db148f9bc8d5a\",\"name\":\"LA REDACTION\",\"image\":{\"@type\":\"ImageObject\",\"inLanguage\":\"fr-FR\",\"@id\":\"https:\/\/www.public.sn\/#\/schema\/person\/image\/\",\"url\":\"https:\/\/secure.gravatar.com\/avatar\/d6c030db45db2883c075085c5d6c6258654a801a93766b49af0b82d4f454e2a5?s=96&d=mm&r=g\",\"contentUrl\":\"https:\/\/secure.gravatar.com\/avatar\/d6c030db45db2883c075085c5d6c6258654a801a93766b49af0b82d4f454e2a5?s=96&d=mm&r=g\",\"caption\":\"LA REDACTION\"},\"sameAs\":[\"http:\/\/www.public.sn\"],\"url\":\"https:\/\/www.public.sn\/index.php\/author\/admin7324\/\"}]}<\/script>\n<!-- \/ Yoast SEO plugin. -->","yoast_head_json":{"title":"Proc\u00e8s Kaliphone: S\u00e9ance suspendue \u00e0 cause de Cheikh Ciss\u00e9 - LE PUBLIC","robots":{"index":"index","follow":"follow","max-snippet":"max-snippet:-1","max-image-preview":"max-image-preview:large","max-video-preview":"max-video-preview:-1"},"canonical":"https:\/\/www.public.sn\/index.php\/2022\/10\/06\/sport-ismaila-sarr-reprend-la-forme\/","og_locale":"fr_FR","og_type":"article","og_title":"Proc\u00e8s Kaliphone: S\u00e9ance suspendue \u00e0 cause de Cheikh Ciss\u00e9 - LE PUBLIC","og_description":"Kaliphone de son vrai nom Khalidou Baba Ly Sall, a \u00e9t\u00e9 attrait devant la barre du tribunal de flagrant d\u00e9lit pour les griefs \u00ab\u00a0coups et blessures\u00a0\u00bb en l\u2019encontre de Adja Thiar\u00e9. Devant le juge Ndiaye, il reconna\u00eet les faits pour lesquels il est poursuivi. Le temoin Cheikh Ciss\u00e9 refuse cat\u00e9goriquement de r\u00e9pondre aux questions de Me Abdy Nar Ndiaye avocat de Adja Thiar\u00e9, malgr\u00e9 les multiples rappels du juge. Son ami Kaliphone n\u2019a pas aussi appr\u00e9ci\u00e9 le refus du temoin Cheikh Ciss\u00e9 Falil GADIO","og_url":"https:\/\/www.public.sn\/index.php\/2022\/10\/06\/sport-ismaila-sarr-reprend-la-forme\/","og_site_name":"LE PUBLIC","article_published_time":"2022-10-06T11:51:36+00:00","article_modified_time":"2022-10-06T13:15:02+00:00","og_image":[{"width":225,"height":225,"url":"https:\/\/www.public.sn\/wp-content\/uploads\/2022\/09\/te\u0301le\u0301chargement.jpeg","type":"image\/jpeg"}],"author":"LA REDACTION","twitter_card":"summary_large_image","twitter_misc":{"\u00c9crit par":"LA REDACTION","Dur\u00e9e de lecture estim\u00e9e":"1 minute"},"schema":{"@context":"https:\/\/schema.org","@graph":[{"@type":"Article","@id":"https:\/\/www.public.sn\/index.php\/2022\/10\/06\/sport-ismaila-sarr-reprend-la-forme\/#article","isPartOf":{"@id":"https:\/\/www.public.sn\/index.php\/2022\/10\/06\/sport-ismaila-sarr-reprend-la-forme\/"},"author":{"name":"LA REDACTION","@id":"https:\/\/www.public.sn\/#\/schema\/person\/e3f4a11b037d4203902db148f9bc8d5a"},"headline":"Proc\u00e8s Kaliphone: S\u00e9ance suspendue \u00e0 cause de Cheikh Ciss\u00e9","datePublished":"2022-10-06T11:51:36+00:00","dateModified":"2022-10-06T13:15:02+00:00","mainEntityOfPage":{"@id":"https:\/\/www.public.sn\/index.php\/2022\/10\/06\/sport-ismaila-sarr-reprend-la-forme\/"},"wordCount":101,"commentCount":0,"publisher":{"@id":"https:\/\/www.public.sn\/#organization"},"image":{"@id":"https:\/\/www.public.sn\/index.php\/2022\/10\/06\/sport-ismaila-sarr-reprend-la-forme\/#primaryimage"},"thumbnailUrl":"https:\/\/www.public.sn\/wp-content\/uploads\/2022\/09\/te\u0301le\u0301chargement.jpeg","keywords":["Adja Thiar\u00e9","Kaliphone","proces"],"articleSection":["ACTUALIT\u00c9S","S\u00c9N\u00c9GAL","SOCIETE","VEDETTE"],"inLanguage":"fr-FR","potentialAction":[{"@type":"CommentAction","name":"Comment","target":["https:\/\/www.public.sn\/index.php\/2022\/10\/06\/sport-ismaila-sarr-reprend-la-forme\/#respond"]}]},{"@type":"WebPage","@id":"https:\/\/www.public.sn\/index.php\/2022\/10\/06\/sport-ismaila-sarr-reprend-la-forme\/","url":"https:\/\/www.public.sn\/index.php\/2022\/10\/06\/sport-ismaila-sarr-reprend-la-forme\/","name":"Proc\u00e8s Kaliphone: S\u00e9ance suspendue \u00e0 cause de Cheikh Ciss\u00e9 - LE PUBLIC","isPartOf":{"@id":"https:\/\/www.public.sn\/#website"},"primaryImageOfPage":{"@id":"https:\/\/www.public.sn\/index.php\/2022\/10\/06\/sport-ismaila-sarr-reprend-la-forme\/#primaryimage"},"image":{"@id":"https:\/\/www.public.sn\/index.php\/2022\/10\/06\/sport-ismaila-sarr-reprend-la-forme\/#primaryimage"},"thumbnailUrl":"https:\/\/www.public.sn\/wp-content\/uploads\/2022\/09\/te\u0301le\u0301chargement.jpeg","datePublished":"2022-10-06T11:51:36+00:00","dateModified":"2022-10-06T13:15:02+00:00","breadcrumb":{"@id":"https:\/\/www.public.sn\/index.php\/2022\/10\/06\/sport-ismaila-sarr-reprend-la-forme\/#breadcrumb"},"inLanguage":"fr-FR","potentialAction":[{"@type":"ReadAction","target":["https:\/\/www.public.sn\/index.php\/2022\/10\/06\/sport-ismaila-sarr-reprend-la-forme\/"]}]},{"@type":"ImageObject","inLanguage":"fr-FR","@id":"https:\/\/www.public.sn\/index.php\/2022\/10\/06\/sport-ismaila-sarr-reprend-la-forme\/#primaryimage","url":"https:\/\/www.public.sn\/wp-content\/uploads\/2022\/09\/te\u0301le\u0301chargement.jpeg","contentUrl":"https:\/\/www.public.sn\/wp-content\/uploads\/2022\/09\/te\u0301le\u0301chargement.jpeg","width":225,"height":225},{"@type":"BreadcrumbList","@id":"https:\/\/www.public.sn\/index.php\/2022\/10\/06\/sport-ismaila-sarr-reprend-la-forme\/#breadcrumb","itemListElement":[{"@type":"ListItem","position":1,"name":"Accueil","item":"https:\/\/www.public.sn\/"},{"@type":"ListItem","position":2,"name":"Proc\u00e8s Kaliphone: S\u00e9ance suspendue \u00e0 cause de Cheikh Ciss\u00e9"}]},{"@type":"WebSite","@id":"https:\/\/www.public.sn\/#website","url":"https:\/\/www.public.sn\/","name":"LE PUBLIC","description":"","publisher":{"@id":"https:\/\/www.public.sn\/#organization"},"potentialAction":[{"@type":"SearchAction","target":{"@type":"EntryPoint","urlTemplate":"https:\/\/www.public.sn\/?s={search_term_string}"},"query-input":{"@type":"PropertyValueSpecification","valueRequired":true,"valueName":"search_term_string"}}],"inLanguage":"fr-FR"},{"@type":"Organization","@id":"https:\/\/www.public.sn\/#organization","name":"LE PUBLIC","url":"https:\/\/www.public.sn\/","logo":{"@type":"ImageObject","inLanguage":"fr-FR","@id":"https:\/\/www.public.sn\/#\/schema\/logo\/image\/","url":"https:\/\/www.public.sn\/wp-content\/uploads\/2024\/05\/cropped-LOGO-PUBLIC.SN_.png","contentUrl":"https:\/\/www.public.sn\/wp-content\/uploads\/2024\/05\/cropped-LOGO-PUBLIC.SN_.png","width":682,"height":192,"caption":"LE PUBLIC"},"image":{"@id":"https:\/\/www.public.sn\/#\/schema\/logo\/image\/"}},{"@type":"Person","@id":"https:\/\/www.public.sn\/#\/schema\/person\/e3f4a11b037d4203902db148f9bc8d5a","name":"LA REDACTION","image":{"@type":"ImageObject","inLanguage":"fr-FR","@id":"https:\/\/www.public.sn\/#\/schema\/person\/image\/","url":"https:\/\/secure.gravatar.com\/avatar\/d6c030db45db2883c075085c5d6c6258654a801a93766b49af0b82d4f454e2a5?s=96&d=mm&r=g","contentUrl":"https:\/\/secure.gravatar.com\/avatar\/d6c030db45db2883c075085c5d6c6258654a801a93766b49af0b82d4f454e2a5?s=96&d=mm&r=g","caption":"LA REDACTION"},"sameAs":["http:\/\/www.public.sn"],"url":"https:\/\/www.public.sn\/index.php\/author\/admin7324\/"}]}},"jetpack_featured_media_url":"https:\/\/www.public.sn\/wp-content\/uploads\/2022\/09\/te\u0301le\u0301chargement.jpeg","jetpack_sharing_enabled":true,"_links":{"self":[{"href":"https:\/\/www.public.sn\/index.php\/wp-json\/wp\/v2\/posts\/3754","targetHints":{"allow":["GET"]}}],"collection":[{"href":"https:\/\/www.public.sn\/index.php\/wp-json\/wp\/v2\/posts"}],"about":[{"href":"https:\/\/www.public.sn\/index.php\/wp-json\/wp\/v2\/types\/post"}],"author":[{"embeddable":true,"href":"https:\/\/www.public.sn\/index.php\/wp-json\/wp\/v2\/users\/1"}],"replies":[{"embeddable":true,"href":"https:\/\/www.public.sn\/index.php\/wp-json\/wp\/v2\/comments?post=3754"}],"version-history":[{"count":10,"href":"https:\/\/www.public.sn\/index.php\/wp-json\/wp\/v2\/posts\/3754\/revisions"}],"predecessor-version":[{"id":3784,"href":"https:\/\/www.public.sn\/index.php\/wp-json\/wp\/v2\/posts\/3754\/revisions\/3784"}],"wp:featuredmedia":[{"embeddable":true,"href":"https:\/\/www.public.sn\/index.php\/wp-json\/wp\/v2\/media\/3156"}],"wp:attachment":[{"href":"https:\/\/www.public.sn\/index.php\/wp-json\/wp\/v2\/media?parent=3754"}],"wp:term":[{"taxonomy":"category","embeddable":true,"href":"https:\/\/www.public.sn\/index.php\/wp-json\/wp\/v2\/categories?post=3754"},{"taxonomy":"post_tag","embeddable":true,"href":"https:\/\/www.public.sn\/index.php\/wp-json\/wp\/v2\/tags?post=3754"}],"curies":[{"name":"wp","href":"https:\/\/api.w.org\/{rel}","templated":true}]}}