{"id":37542,"date":"2025-04-18T12:51:02","date_gmt":"2025-04-18T12:51:02","guid":{"rendered":"https:\/\/www.public.sn\/?p=37542"},"modified":"2025-04-18T12:51:11","modified_gmt":"2025-04-18T12:51:11","slug":"le-tiktokeur-samba-ka-arrete-pour-insultes-contre-ousmane-sonko","status":"publish","type":"post","link":"https:\/\/www.public.sn\/index.php\/2025\/04\/18\/le-tiktokeur-samba-ka-arrete-pour-insultes-contre-ousmane-sonko\/","title":{"rendered":"Le TikTokeur Samba Ka arr\u00eat\u00e9 pour insultes contre Ousmane Sonko"},"content":{"rendered":"\n<p>\u00c0 peine lib\u00e9r\u00e9, <strong>Samba Ka<\/strong>, alias <strong>\u201cRang mouy gaw\u201d<\/strong>, est de nouveau dans les filets de la justice. Le jeune TikTokeur a \u00e9t\u00e9 <strong>interpell\u00e9 par le commissariat de Lingu\u00e8re<\/strong>, cette fois pour <strong>propos injurieux \u00e0 l\u2019encontre du Premier ministre Ousmane Sonko<\/strong>.<\/p><div class=\"publi-paragraphe1\" style=\"margin-top: 10px;margin-bottom: 10px;margin-left: auto;margin-right: auto;text-align: center;\" id=\"publi-2478946944\"><div class=\"publi-adlabel\">Publicit\u00e9<\/div><script async src=\"\/\/pagead2.googlesyndication.com\/pagead\/js\/adsbygoogle.js?client=ca-pub-4089586018074219\" crossorigin=\"anonymous\"><\/script><ins class=\"adsbygoogle\" style=\"display:block;\" data-ad-client=\"ca-pub-4089586018074219\" \ndata-ad-slot=\"2087940154\" \ndata-ad-format=\"auto\"><\/ins>\n<script> \n(adsbygoogle = window.adsbygoogle || []).push({}); \n<\/script>\n<\/div>\n\n\n\n<p>Dans une <strong>vid\u00e9o diffus\u00e9e sur TikTok<\/strong>, Samba Ka s\u2019en est violemment pris au chef du gouvernement, d\u00e9clenchant une <strong>vague d\u2019indignation sur les r\u00e9seaux sociaux<\/strong>. Ces propos lui valent d\u2019\u00eatre poursuivi pour <strong>outrage \u00e0 une autorit\u00e9 publique<\/strong>, une infraction r\u00e9prim\u00e9e par le code p\u00e9nal.<\/p>\n\n\n\n<h3 class=\"wp-block-heading\">Un r\u00e9cidiviste des pol\u00e9miques<\/h3>\n\n\n\n<p>Connu pour ses vid\u00e9os provocantes, <strong>Samba Ka avait r\u00e9cemment quitt\u00e9 la prison<\/strong>, apr\u00e8s avoir \u00e9t\u00e9 condamn\u00e9 pour d\u2019autres faits similaires. Son retour rapide dans l\u2019actualit\u00e9 judiciaire interroge sur <strong>les limites de la libert\u00e9 d\u2019expression sur les r\u00e9seaux sociaux<\/strong>, mais aussi sur <strong>les d\u00e9rives verbales dans l\u2019espace num\u00e9rique s\u00e9n\u00e9galais<\/strong>.<\/p>\n\n\n\n<p>L\u2019enqu\u00eate suit son cours. Il devrait \u00eatre pr\u00e9sent\u00e9 au parquet dans les prochaines heures.<\/p>\n<div class=\"publi-apres-le-contenu\" style=\"margin-top: 10px;margin-bottom: 10px;margin-left: auto;margin-right: auto;text-align: center;\" id=\"publi-240173625\"><div class=\"publi-adlabel\">Publicit\u00e9<\/div><script async src=\"\/\/pagead2.googlesyndication.com\/pagead\/js\/adsbygoogle.js?client=ca-pub-4089586018074219\" crossorigin=\"anonymous\"><\/script><ins class=\"adsbygoogle\" style=\"display:block;\" data-ad-client=\"ca-pub-4089586018074219\" \ndata-ad-slot=\"2087940154\" \ndata-ad-format=\"auto\"><\/ins>\n<script> \n(adsbygoogle = window.adsbygoogle || []).push({}); \n<\/script>\n<\/div>","protected":false},"excerpt":{"rendered":"<p>\u00c0 peine lib\u00e9r\u00e9, Samba Ka, alias \u201cRang mouy gaw\u201d, est de nouveau dans les filets de la justice. Le jeune TikTokeur a \u00e9t\u00e9 interpell\u00e9 par le commissariat de Lingu\u00e8re, cette fois pour propos injurieux \u00e0 l\u2019encontre du Premier ministre Ousmane Sonko. Dans une vid\u00e9o diffus\u00e9e sur TikTok, Samba Ka s\u2019en est violemment pris au chef du gouvernement, d\u00e9clenchant une vague d\u2019indignation sur les r\u00e9seaux sociaux. Ces propos lui valent d\u2019\u00eatre poursuivi pour outrage \u00e0 une autorit\u00e9 publique, une infraction r\u00e9prim\u00e9e par le code p\u00e9nal. Un r\u00e9cidiviste des pol\u00e9miques Connu pour ses vid\u00e9os provocantes, Samba Ka avait r\u00e9cemment quitt\u00e9 la prison, apr\u00e8s avoir \u00e9t\u00e9 condamn\u00e9 pour d\u2019autres faits similaires. Son retour rapide dans l\u2019actualit\u00e9 judiciaire interroge sur les limites de la libert\u00e9 d\u2019expression sur les r\u00e9seaux sociaux, mais aussi sur les d\u00e9rives verbales dans l\u2019espace num\u00e9rique s\u00e9n\u00e9galais. L\u2019enqu\u00eate suit son cours. Il devrait \u00eatre pr\u00e9sent\u00e9 au parquet dans les prochaines heures.<\/p>\n","protected":false},"author":1,"featured_media":37543,"comment_status":"open","ping_status":"open","sticky":false,"template":"","format":"standard","meta":{"_jetpack_memberships_contains_paid_content":false,"footnotes":""},"categories":[375,379,376,4,372],"tags":[16,4155],"class_list":["post-37542","post","type-post","status-publish","format-standard","has-post-thumbnail","hentry","category-actualites","category-faits-divers","category-securite-justice","category-societe","category-vedette","tag-ousmane-sonko","tag-samba-ka","entry","has-media","owp-thumbs-layout-horizontal","owp-btn-normal","owp-tabs-layout-horizontal","has-no-thumbnails","has-product-nav"],"yoast_head":"<!-- This site is optimized with the Yoast SEO plugin v25.5 - https:\/\/yoast.com\/wordpress\/plugins\/seo\/ -->\n<title>Le TikTokeur Samba Ka arr\u00eat\u00e9 pour insultes contre Ousmane Sonko - LE PUBLIC<\/title>\n<meta name=\"description\" content=\"\u00c0 peine lib\u00e9r\u00e9, Samba Ka, alias \u201cRang mouy gaw\u201d, est de nouveau dans les filets de la justice. Le jeune TikTokeur a \u00e9t\u00e9 interpell\u00e9 par le commissariat de Lingu\u00e8re, cette fois pour propos injurieux \u00e0 l\u2019encontre du Premier ministre Ousmane Sonko.\" \/>\n<meta name=\"robots\" content=\"index, follow, max-snippet:-1, max-image-preview:large, max-video-preview:-1\" \/>\n<link rel=\"canonical\" href=\"https:\/\/www.public.sn\/index.php\/2025\/04\/18\/le-tiktokeur-samba-ka-arrete-pour-insultes-contre-ousmane-sonko\/\" \/>\n<meta property=\"og:locale\" content=\"fr_FR\" \/>\n<meta property=\"og:type\" content=\"article\" \/>\n<meta property=\"og:title\" content=\"Le TikTokeur Samba Ka arr\u00eat\u00e9 pour insultes contre Ousmane Sonko - LE PUBLIC\" \/>\n<meta property=\"og:description\" content=\"\u00c0 peine lib\u00e9r\u00e9, Samba Ka, alias \u201cRang mouy gaw\u201d, est de nouveau dans les filets de la justice. Le jeune TikTokeur a \u00e9t\u00e9 interpell\u00e9 par le commissariat de Lingu\u00e8re, cette fois pour propos injurieux \u00e0 l\u2019encontre du Premier ministre Ousmane Sonko.\" \/>\n<meta property=\"og:url\" content=\"https:\/\/www.public.sn\/index.php\/2025\/04\/18\/le-tiktokeur-samba-ka-arrete-pour-insultes-contre-ousmane-sonko\/\" \/>\n<meta property=\"og:site_name\" content=\"LE PUBLIC\" \/>\n<meta property=\"article:published_time\" content=\"2025-04-18T12:51:02+00:00\" \/>\n<meta property=\"article:modified_time\" content=\"2025-04-18T12:51:11+00:00\" \/>\n<meta property=\"og:image\" content=\"https:\/\/www.public.sn\/wp-content\/uploads\/2025\/04\/Samba-Ka-rang.jpeg\" \/>\n\t<meta property=\"og:image:width\" content=\"606\" \/>\n\t<meta property=\"og:image:height\" content=\"341\" \/>\n\t<meta property=\"og:image:type\" content=\"image\/jpeg\" \/>\n<meta name=\"author\" content=\"LA REDACTION\" \/>\n<meta name=\"twitter:card\" content=\"summary_large_image\" \/>\n<meta name=\"twitter:label1\" content=\"\u00c9crit par\" \/>\n\t<meta name=\"twitter:data1\" content=\"LA REDACTION\" \/>\n\t<meta name=\"twitter:label2\" content=\"Dur\u00e9e de lecture estim\u00e9e\" \/>\n\t<meta name=\"twitter:data2\" content=\"1 minute\" \/>\n<script type=\"application\/ld+json\" class=\"yoast-schema-graph\">{\"@context\":\"https:\/\/schema.org\",\"@graph\":[{\"@type\":\"Article\",\"@id\":\"https:\/\/www.public.sn\/index.php\/2025\/04\/18\/le-tiktokeur-samba-ka-arrete-pour-insultes-contre-ousmane-sonko\/#article\",\"isPartOf\":{\"@id\":\"https:\/\/www.public.sn\/index.php\/2025\/04\/18\/le-tiktokeur-samba-ka-arrete-pour-insultes-contre-ousmane-sonko\/\"},\"author\":{\"name\":\"LA REDACTION\",\"@id\":\"https:\/\/www.public.sn\/#\/schema\/person\/e3f4a11b037d4203902db148f9bc8d5a\"},\"headline\":\"Le TikTokeur Samba Ka arr\u00eat\u00e9 pour insultes contre Ousmane Sonko\",\"datePublished\":\"2025-04-18T12:51:02+00:00\",\"dateModified\":\"2025-04-18T12:51:11+00:00\",\"mainEntityOfPage\":{\"@id\":\"https:\/\/www.public.sn\/index.php\/2025\/04\/18\/le-tiktokeur-samba-ka-arrete-pour-insultes-contre-ousmane-sonko\/\"},\"wordCount\":188,\"commentCount\":0,\"publisher\":{\"@id\":\"https:\/\/www.public.sn\/#organization\"},\"image\":{\"@id\":\"https:\/\/www.public.sn\/index.php\/2025\/04\/18\/le-tiktokeur-samba-ka-arrete-pour-insultes-contre-ousmane-sonko\/#primaryimage\"},\"thumbnailUrl\":\"https:\/\/www.public.sn\/wp-content\/uploads\/2025\/04\/Samba-Ka-rang.jpeg\",\"keywords\":[\"Ousmane Sonko\",\"Samba Ka\"],\"articleSection\":[\"ACTUALIT\u00c9S\",\"FAITS DIVERS\",\"S\u00c9CURIT\u00c9 &amp; JUSTICE\",\"SOCIETE\",\"VEDETTE\"],\"inLanguage\":\"fr-FR\",\"potentialAction\":[{\"@type\":\"CommentAction\",\"name\":\"Comment\",\"target\":[\"https:\/\/www.public.sn\/index.php\/2025\/04\/18\/le-tiktokeur-samba-ka-arrete-pour-insultes-contre-ousmane-sonko\/#respond\"]}]},{\"@type\":\"WebPage\",\"@id\":\"https:\/\/www.public.sn\/index.php\/2025\/04\/18\/le-tiktokeur-samba-ka-arrete-pour-insultes-contre-ousmane-sonko\/\",\"url\":\"https:\/\/www.public.sn\/index.php\/2025\/04\/18\/le-tiktokeur-samba-ka-arrete-pour-insultes-contre-ousmane-sonko\/\",\"name\":\"Le TikTokeur Samba Ka arr\u00eat\u00e9 pour insultes contre Ousmane Sonko - LE PUBLIC\",\"isPartOf\":{\"@id\":\"https:\/\/www.public.sn\/#website\"},\"primaryImageOfPage\":{\"@id\":\"https:\/\/www.public.sn\/index.php\/2025\/04\/18\/le-tiktokeur-samba-ka-arrete-pour-insultes-contre-ousmane-sonko\/#primaryimage\"},\"image\":{\"@id\":\"https:\/\/www.public.sn\/index.php\/2025\/04\/18\/le-tiktokeur-samba-ka-arrete-pour-insultes-contre-ousmane-sonko\/#primaryimage\"},\"thumbnailUrl\":\"https:\/\/www.public.sn\/wp-content\/uploads\/2025\/04\/Samba-Ka-rang.jpeg\",\"datePublished\":\"2025-04-18T12:51:02+00:00\",\"dateModified\":\"2025-04-18T12:51:11+00:00\",\"description\":\"\u00c0 peine lib\u00e9r\u00e9, Samba Ka, alias \u201cRang mouy gaw\u201d, est de nouveau dans les filets de la justice. Le jeune TikTokeur a \u00e9t\u00e9 interpell\u00e9 par le commissariat de Lingu\u00e8re, cette fois pour propos injurieux \u00e0 l\u2019encontre du Premier ministre Ousmane Sonko.\",\"breadcrumb\":{\"@id\":\"https:\/\/www.public.sn\/index.php\/2025\/04\/18\/le-tiktokeur-samba-ka-arrete-pour-insultes-contre-ousmane-sonko\/#breadcrumb\"},\"inLanguage\":\"fr-FR\",\"potentialAction\":[{\"@type\":\"ReadAction\",\"target\":[\"https:\/\/www.public.sn\/index.php\/2025\/04\/18\/le-tiktokeur-samba-ka-arrete-pour-insultes-contre-ousmane-sonko\/\"]}]},{\"@type\":\"ImageObject\",\"inLanguage\":\"fr-FR\",\"@id\":\"https:\/\/www.public.sn\/index.php\/2025\/04\/18\/le-tiktokeur-samba-ka-arrete-pour-insultes-contre-ousmane-sonko\/#primaryimage\",\"url\":\"https:\/\/www.public.sn\/wp-content\/uploads\/2025\/04\/Samba-Ka-rang.jpeg\",\"contentUrl\":\"https:\/\/www.public.sn\/wp-content\/uploads\/2025\/04\/Samba-Ka-rang.jpeg\",\"width\":606,\"height\":341},{\"@type\":\"BreadcrumbList\",\"@id\":\"https:\/\/www.public.sn\/index.php\/2025\/04\/18\/le-tiktokeur-samba-ka-arrete-pour-insultes-contre-ousmane-sonko\/#breadcrumb\",\"itemListElement\":[{\"@type\":\"ListItem\",\"position\":1,\"name\":\"Accueil\",\"item\":\"https:\/\/www.public.sn\/\"},{\"@type\":\"ListItem\",\"position\":2,\"name\":\"Le TikTokeur Samba Ka arr\u00eat\u00e9 pour insultes contre Ousmane Sonko\"}]},{\"@type\":\"WebSite\",\"@id\":\"https:\/\/www.public.sn\/#website\",\"url\":\"https:\/\/www.public.sn\/\",\"name\":\"LE PUBLIC\",\"description\":\"\",\"publisher\":{\"@id\":\"https:\/\/www.public.sn\/#organization\"},\"potentialAction\":[{\"@type\":\"SearchAction\",\"target\":{\"@type\":\"EntryPoint\",\"urlTemplate\":\"https:\/\/www.public.sn\/?s={search_term_string}\"},\"query-input\":{\"@type\":\"PropertyValueSpecification\",\"valueRequired\":true,\"valueName\":\"search_term_string\"}}],\"inLanguage\":\"fr-FR\"},{\"@type\":\"Organization\",\"@id\":\"https:\/\/www.public.sn\/#organization\",\"name\":\"LE PUBLIC\",\"url\":\"https:\/\/www.public.sn\/\",\"logo\":{\"@type\":\"ImageObject\",\"inLanguage\":\"fr-FR\",\"@id\":\"https:\/\/www.public.sn\/#\/schema\/logo\/image\/\",\"url\":\"https:\/\/www.public.sn\/wp-content\/uploads\/2024\/05\/cropped-LOGO-PUBLIC.SN_.png\",\"contentUrl\":\"https:\/\/www.public.sn\/wp-content\/uploads\/2024\/05\/cropped-LOGO-PUBLIC.SN_.png\",\"width\":682,\"height\":192,\"caption\":\"LE PUBLIC\"},\"image\":{\"@id\":\"https:\/\/www.public.sn\/#\/schema\/logo\/image\/\"}},{\"@type\":\"Person\",\"@id\":\"https:\/\/www.public.sn\/#\/schema\/person\/e3f4a11b037d4203902db148f9bc8d5a\",\"name\":\"LA REDACTION\",\"image\":{\"@type\":\"ImageObject\",\"inLanguage\":\"fr-FR\",\"@id\":\"https:\/\/www.public.sn\/#\/schema\/person\/image\/\",\"url\":\"https:\/\/secure.gravatar.com\/avatar\/d6c030db45db2883c075085c5d6c6258654a801a93766b49af0b82d4f454e2a5?s=96&d=mm&r=g\",\"contentUrl\":\"https:\/\/secure.gravatar.com\/avatar\/d6c030db45db2883c075085c5d6c6258654a801a93766b49af0b82d4f454e2a5?s=96&d=mm&r=g\",\"caption\":\"LA REDACTION\"},\"sameAs\":[\"http:\/\/www.public.sn\"],\"url\":\"https:\/\/www.public.sn\/index.php\/author\/admin7324\/\"}]}<\/script>\n<!-- \/ Yoast SEO plugin. -->","yoast_head_json":{"title":"Le TikTokeur Samba Ka arr\u00eat\u00e9 pour insultes contre Ousmane Sonko - LE PUBLIC","description":"\u00c0 peine lib\u00e9r\u00e9, Samba Ka, alias \u201cRang mouy gaw\u201d, est de nouveau dans les filets de la justice. Le jeune TikTokeur a \u00e9t\u00e9 interpell\u00e9 par le commissariat de Lingu\u00e8re, cette fois pour propos injurieux \u00e0 l\u2019encontre du Premier ministre Ousmane Sonko.","robots":{"index":"index","follow":"follow","max-snippet":"max-snippet:-1","max-image-preview":"max-image-preview:large","max-video-preview":"max-video-preview:-1"},"canonical":"https:\/\/www.public.sn\/index.php\/2025\/04\/18\/le-tiktokeur-samba-ka-arrete-pour-insultes-contre-ousmane-sonko\/","og_locale":"fr_FR","og_type":"article","og_title":"Le TikTokeur Samba Ka arr\u00eat\u00e9 pour insultes contre Ousmane Sonko - LE PUBLIC","og_description":"\u00c0 peine lib\u00e9r\u00e9, Samba Ka, alias \u201cRang mouy gaw\u201d, est de nouveau dans les filets de la justice. Le jeune TikTokeur a \u00e9t\u00e9 interpell\u00e9 par le commissariat de Lingu\u00e8re, cette fois pour propos injurieux \u00e0 l\u2019encontre du Premier ministre Ousmane Sonko.","og_url":"https:\/\/www.public.sn\/index.php\/2025\/04\/18\/le-tiktokeur-samba-ka-arrete-pour-insultes-contre-ousmane-sonko\/","og_site_name":"LE PUBLIC","article_published_time":"2025-04-18T12:51:02+00:00","article_modified_time":"2025-04-18T12:51:11+00:00","og_image":[{"width":606,"height":341,"url":"https:\/\/www.public.sn\/wp-content\/uploads\/2025\/04\/Samba-Ka-rang.jpeg","type":"image\/jpeg"}],"author":"LA REDACTION","twitter_card":"summary_large_image","twitter_misc":{"\u00c9crit par":"LA REDACTION","Dur\u00e9e de lecture estim\u00e9e":"1 minute"},"schema":{"@context":"https:\/\/schema.org","@graph":[{"@type":"Article","@id":"https:\/\/www.public.sn\/index.php\/2025\/04\/18\/le-tiktokeur-samba-ka-arrete-pour-insultes-contre-ousmane-sonko\/#article","isPartOf":{"@id":"https:\/\/www.public.sn\/index.php\/2025\/04\/18\/le-tiktokeur-samba-ka-arrete-pour-insultes-contre-ousmane-sonko\/"},"author":{"name":"LA REDACTION","@id":"https:\/\/www.public.sn\/#\/schema\/person\/e3f4a11b037d4203902db148f9bc8d5a"},"headline":"Le TikTokeur Samba Ka arr\u00eat\u00e9 pour insultes contre Ousmane Sonko","datePublished":"2025-04-18T12:51:02+00:00","dateModified":"2025-04-18T12:51:11+00:00","mainEntityOfPage":{"@id":"https:\/\/www.public.sn\/index.php\/2025\/04\/18\/le-tiktokeur-samba-ka-arrete-pour-insultes-contre-ousmane-sonko\/"},"wordCount":188,"commentCount":0,"publisher":{"@id":"https:\/\/www.public.sn\/#organization"},"image":{"@id":"https:\/\/www.public.sn\/index.php\/2025\/04\/18\/le-tiktokeur-samba-ka-arrete-pour-insultes-contre-ousmane-sonko\/#primaryimage"},"thumbnailUrl":"https:\/\/www.public.sn\/wp-content\/uploads\/2025\/04\/Samba-Ka-rang.jpeg","keywords":["Ousmane Sonko","Samba Ka"],"articleSection":["ACTUALIT\u00c9S","FAITS DIVERS","S\u00c9CURIT\u00c9 &amp; JUSTICE","SOCIETE","VEDETTE"],"inLanguage":"fr-FR","potentialAction":[{"@type":"CommentAction","name":"Comment","target":["https:\/\/www.public.sn\/index.php\/2025\/04\/18\/le-tiktokeur-samba-ka-arrete-pour-insultes-contre-ousmane-sonko\/#respond"]}]},{"@type":"WebPage","@id":"https:\/\/www.public.sn\/index.php\/2025\/04\/18\/le-tiktokeur-samba-ka-arrete-pour-insultes-contre-ousmane-sonko\/","url":"https:\/\/www.public.sn\/index.php\/2025\/04\/18\/le-tiktokeur-samba-ka-arrete-pour-insultes-contre-ousmane-sonko\/","name":"Le TikTokeur Samba Ka arr\u00eat\u00e9 pour insultes contre Ousmane Sonko - LE PUBLIC","isPartOf":{"@id":"https:\/\/www.public.sn\/#website"},"primaryImageOfPage":{"@id":"https:\/\/www.public.sn\/index.php\/2025\/04\/18\/le-tiktokeur-samba-ka-arrete-pour-insultes-contre-ousmane-sonko\/#primaryimage"},"image":{"@id":"https:\/\/www.public.sn\/index.php\/2025\/04\/18\/le-tiktokeur-samba-ka-arrete-pour-insultes-contre-ousmane-sonko\/#primaryimage"},"thumbnailUrl":"https:\/\/www.public.sn\/wp-content\/uploads\/2025\/04\/Samba-Ka-rang.jpeg","datePublished":"2025-04-18T12:51:02+00:00","dateModified":"2025-04-18T12:51:11+00:00","description":"\u00c0 peine lib\u00e9r\u00e9, Samba Ka, alias \u201cRang mouy gaw\u201d, est de nouveau dans les filets de la justice. Le jeune TikTokeur a \u00e9t\u00e9 interpell\u00e9 par le commissariat de Lingu\u00e8re, cette fois pour propos injurieux \u00e0 l\u2019encontre du Premier ministre Ousmane Sonko.","breadcrumb":{"@id":"https:\/\/www.public.sn\/index.php\/2025\/04\/18\/le-tiktokeur-samba-ka-arrete-pour-insultes-contre-ousmane-sonko\/#breadcrumb"},"inLanguage":"fr-FR","potentialAction":[{"@type":"ReadAction","target":["https:\/\/www.public.sn\/index.php\/2025\/04\/18\/le-tiktokeur-samba-ka-arrete-pour-insultes-contre-ousmane-sonko\/"]}]},{"@type":"ImageObject","inLanguage":"fr-FR","@id":"https:\/\/www.public.sn\/index.php\/2025\/04\/18\/le-tiktokeur-samba-ka-arrete-pour-insultes-contre-ousmane-sonko\/#primaryimage","url":"https:\/\/www.public.sn\/wp-content\/uploads\/2025\/04\/Samba-Ka-rang.jpeg","contentUrl":"https:\/\/www.public.sn\/wp-content\/uploads\/2025\/04\/Samba-Ka-rang.jpeg","width":606,"height":341},{"@type":"BreadcrumbList","@id":"https:\/\/www.public.sn\/index.php\/2025\/04\/18\/le-tiktokeur-samba-ka-arrete-pour-insultes-contre-ousmane-sonko\/#breadcrumb","itemListElement":[{"@type":"ListItem","position":1,"name":"Accueil","item":"https:\/\/www.public.sn\/"},{"@type":"ListItem","position":2,"name":"Le TikTokeur Samba Ka arr\u00eat\u00e9 pour insultes contre Ousmane Sonko"}]},{"@type":"WebSite","@id":"https:\/\/www.public.sn\/#website","url":"https:\/\/www.public.sn\/","name":"LE PUBLIC","description":"","publisher":{"@id":"https:\/\/www.public.sn\/#organization"},"potentialAction":[{"@type":"SearchAction","target":{"@type":"EntryPoint","urlTemplate":"https:\/\/www.public.sn\/?s={search_term_string}"},"query-input":{"@type":"PropertyValueSpecification","valueRequired":true,"valueName":"search_term_string"}}],"inLanguage":"fr-FR"},{"@type":"Organization","@id":"https:\/\/www.public.sn\/#organization","name":"LE PUBLIC","url":"https:\/\/www.public.sn\/","logo":{"@type":"ImageObject","inLanguage":"fr-FR","@id":"https:\/\/www.public.sn\/#\/schema\/logo\/image\/","url":"https:\/\/www.public.sn\/wp-content\/uploads\/2024\/05\/cropped-LOGO-PUBLIC.SN_.png","contentUrl":"https:\/\/www.public.sn\/wp-content\/uploads\/2024\/05\/cropped-LOGO-PUBLIC.SN_.png","width":682,"height":192,"caption":"LE PUBLIC"},"image":{"@id":"https:\/\/www.public.sn\/#\/schema\/logo\/image\/"}},{"@type":"Person","@id":"https:\/\/www.public.sn\/#\/schema\/person\/e3f4a11b037d4203902db148f9bc8d5a","name":"LA REDACTION","image":{"@type":"ImageObject","inLanguage":"fr-FR","@id":"https:\/\/www.public.sn\/#\/schema\/person\/image\/","url":"https:\/\/secure.gravatar.com\/avatar\/d6c030db45db2883c075085c5d6c6258654a801a93766b49af0b82d4f454e2a5?s=96&d=mm&r=g","contentUrl":"https:\/\/secure.gravatar.com\/avatar\/d6c030db45db2883c075085c5d6c6258654a801a93766b49af0b82d4f454e2a5?s=96&d=mm&r=g","caption":"LA REDACTION"},"sameAs":["http:\/\/www.public.sn"],"url":"https:\/\/www.public.sn\/index.php\/author\/admin7324\/"}]}},"jetpack_featured_media_url":"https:\/\/www.public.sn\/wp-content\/uploads\/2025\/04\/Samba-Ka-rang.jpeg","jetpack_sharing_enabled":true,"_links":{"self":[{"href":"https:\/\/www.public.sn\/index.php\/wp-json\/wp\/v2\/posts\/37542","targetHints":{"allow":["GET"]}}],"collection":[{"href":"https:\/\/www.public.sn\/index.php\/wp-json\/wp\/v2\/posts"}],"about":[{"href":"https:\/\/www.public.sn\/index.php\/wp-json\/wp\/v2\/types\/post"}],"author":[{"embeddable":true,"href":"https:\/\/www.public.sn\/index.php\/wp-json\/wp\/v2\/users\/1"}],"replies":[{"embeddable":true,"href":"https:\/\/www.public.sn\/index.php\/wp-json\/wp\/v2\/comments?post=37542"}],"version-history":[{"count":1,"href":"https:\/\/www.public.sn\/index.php\/wp-json\/wp\/v2\/posts\/37542\/revisions"}],"predecessor-version":[{"id":37544,"href":"https:\/\/www.public.sn\/index.php\/wp-json\/wp\/v2\/posts\/37542\/revisions\/37544"}],"wp:featuredmedia":[{"embeddable":true,"href":"https:\/\/www.public.sn\/index.php\/wp-json\/wp\/v2\/media\/37543"}],"wp:attachment":[{"href":"https:\/\/www.public.sn\/index.php\/wp-json\/wp\/v2\/media?parent=37542"}],"wp:term":[{"taxonomy":"category","embeddable":true,"href":"https:\/\/www.public.sn\/index.php\/wp-json\/wp\/v2\/categories?post=37542"},{"taxonomy":"post_tag","embeddable":true,"href":"https:\/\/www.public.sn\/index.php\/wp-json\/wp\/v2\/tags?post=37542"}],"curies":[{"name":"wp","href":"https:\/\/api.w.org\/{rel}","templated":true}]}}