{"id":37564,"date":"2025-05-13T18:26:12","date_gmt":"2025-05-13T18:26:12","guid":{"rendered":"https:\/\/www.public.sn\/?p=37564"},"modified":"2025-05-13T18:26:21","modified_gmt":"2025-05-13T18:26:21","slug":"dialogue-national-du-28-mai-la-coalition-djone-annonce-son-boycott","status":"publish","type":"post","link":"https:\/\/www.public.sn\/index.php\/2025\/05\/13\/dialogue-national-du-28-mai-la-coalition-djone-annonce-son-boycott\/","title":{"rendered":"Dialogue national du 28 mai : La coalition DJONE annonce son boycott"},"content":{"rendered":"\n<p>La coalition <strong>DJONE<\/strong> a officiellement annonc\u00e9, ce mardi 13 mai 2025, <strong>son refus de participer au dialogue national<\/strong> convoqu\u00e9 par le pr\u00e9sident <strong>Bassirou Diomaye Faye<\/strong>, pr\u00e9vu le <strong>28 mai prochain<\/strong>.<\/p><div class=\"publi-paragraphe1\" style=\"margin-top: 10px;margin-bottom: 10px;margin-left: auto;margin-right: auto;text-align: center;\" id=\"publi-4000128743\"><div class=\"publi-adlabel\">Publicit\u00e9<\/div><script async src=\"\/\/pagead2.googlesyndication.com\/pagead\/js\/adsbygoogle.js?client=ca-pub-4089586018074219\" crossorigin=\"anonymous\"><\/script><ins class=\"adsbygoogle\" style=\"display:block;\" data-ad-client=\"ca-pub-4089586018074219\" \ndata-ad-slot=\"2087940154\" \ndata-ad-format=\"auto\"><\/ins>\n<script> \n(adsbygoogle = window.adsbygoogle || []).push({}); \n<\/script>\n<\/div>\n\n\n\n<p>Dans un communiqu\u00e9 sign\u00e9 par son coordonnateur national, <strong>Mohamed Moustapha Diagne<\/strong>, la coalition justifie cette d\u00e9cision par <strong>plusieurs motifs jug\u00e9s graves et pr\u00e9occupants<\/strong>, qu\u2019elle estime <strong>incompatibles avec l\u2019esprit de d\u00e9mocratie et de l\u2019\u00c9tat de droit<\/strong>.<\/p>\n\n\n\n<p>Parmi les griefs \u00e9voqu\u00e9s, DJONE pointe notamment :<\/p>\n\n\n\n<ul class=\"wp-block-list\">\n<li><strong>Un manque de respect envers l\u2019opposition<\/strong>, qualifi\u00e9e publiquement de <em>\u00ab r\u00e9sidu \u00bb<\/em>, ce qui constitue, selon elle, une violation du principe de pluralisme politique.<\/li>\n\n\n\n<li><strong>Des arrestations jug\u00e9es arbitraires<\/strong> ciblant des opposants politiques, des hommes d\u2019affaires et des chroniqueurs, interpr\u00e9t\u00e9es comme une tentative de musellement des voix dissidentes.<\/li>\n\n\n\n<li><strong>La non-reconnaissance de certains organes de presse<\/strong> par le minist\u00e8re de la Communication, assimil\u00e9e \u00e0 une restriction de la libert\u00e9 d\u2019expression et de la presse.<\/li>\n<\/ul>\n\n\n\n<p>La coalition affirme continuer \u00e0 documenter d\u2019autres d\u00e9rives et appelle \u00e0 un <strong>retour au respect des principes d\u00e9mocratiques<\/strong>, tout en <strong>se retirant de l\u2019appel au dialogue<\/strong> lanc\u00e9 par les autorit\u00e9s.<\/p>\n\n\n\n<p>Cette prise de position intervient dans un contexte politique marqu\u00e9 par <strong>de nombreuses convocations judiciaires et d\u00e9bats sur les libert\u00e9s publiques<\/strong>, dans les premi\u00e8res semaines du nouveau r\u00e9gime.<\/p>\n<div class=\"publi-apres-le-contenu\" style=\"margin-top: 10px;margin-bottom: 10px;margin-left: auto;margin-right: auto;text-align: center;\" id=\"publi-2410234660\"><div class=\"publi-adlabel\">Publicit\u00e9<\/div><script async src=\"\/\/pagead2.googlesyndication.com\/pagead\/js\/adsbygoogle.js?client=ca-pub-4089586018074219\" crossorigin=\"anonymous\"><\/script><ins class=\"adsbygoogle\" style=\"display:block;\" data-ad-client=\"ca-pub-4089586018074219\" \ndata-ad-slot=\"2087940154\" \ndata-ad-format=\"auto\"><\/ins>\n<script> \n(adsbygoogle = window.adsbygoogle || []).push({}); \n<\/script>\n<\/div>","protected":false},"excerpt":{"rendered":"<p>La coalition DJONE a officiellement annonc\u00e9, ce mardi 13 mai 2025, son refus de participer au dialogue national convoqu\u00e9 par le pr\u00e9sident Bassirou Diomaye Faye, pr\u00e9vu le 28 mai prochain. Dans un communiqu\u00e9 sign\u00e9 par son coordonnateur national, Mohamed Moustapha Diagne, la coalition justifie cette d\u00e9cision par plusieurs motifs jug\u00e9s graves et pr\u00e9occupants, qu\u2019elle estime incompatibles avec l\u2019esprit de d\u00e9mocratie et de l\u2019\u00c9tat de droit. Parmi les griefs \u00e9voqu\u00e9s, DJONE pointe notamment : La coalition affirme continuer \u00e0 documenter d\u2019autres d\u00e9rives et appelle \u00e0 un retour au respect des principes d\u00e9mocratiques, tout en se retirant de l\u2019appel au dialogue lanc\u00e9 par les autorit\u00e9s. Cette prise de position intervient dans un contexte politique marqu\u00e9 par de nombreuses convocations judiciaires et d\u00e9bats sur les libert\u00e9s publiques, dans les premi\u00e8res semaines du nouveau r\u00e9gime.<\/p>\n","protected":false},"author":1,"featured_media":37565,"comment_status":"open","ping_status":"open","sticky":false,"template":"","format":"standard","meta":{"_jetpack_memberships_contains_paid_content":false,"footnotes":""},"categories":[375,9,3,1,372],"tags":[7547,538,7548],"class_list":["post-37564","post","type-post","status-publish","format-standard","has-post-thumbnail","hentry","category-actualites","category-communique","category-politique","category-non-classe","category-vedette","tag-coalition-djone","tag-dialogue","tag-mohamed-moustapha-diagne","entry","has-media","owp-thumbs-layout-horizontal","owp-btn-normal","owp-tabs-layout-horizontal","has-no-thumbnails","has-product-nav"],"yoast_head":"<!-- This site is optimized with the Yoast SEO plugin v25.5 - https:\/\/yoast.com\/wordpress\/plugins\/seo\/ -->\n<title>Dialogue national du 28 mai : La coalition DJONE annonce son boycott - LE PUBLIC<\/title>\n<meta name=\"description\" content=\"La coalition DJONE a officiellement annonc\u00e9, ce mardi 13 mai 2025, son refus de participer au dialogue national convoqu\u00e9 par le pr\u00e9sident Bassirou Diomaye Faye, pr\u00e9vu le 28 mai prochain.\" \/>\n<meta name=\"robots\" content=\"index, follow, max-snippet:-1, max-image-preview:large, max-video-preview:-1\" \/>\n<link rel=\"canonical\" href=\"https:\/\/www.public.sn\/index.php\/2025\/05\/13\/dialogue-national-du-28-mai-la-coalition-djone-annonce-son-boycott\/\" \/>\n<meta property=\"og:locale\" content=\"fr_FR\" \/>\n<meta property=\"og:type\" content=\"article\" \/>\n<meta property=\"og:title\" content=\"Dialogue national du 28 mai : La coalition DJONE annonce son boycott - LE PUBLIC\" \/>\n<meta property=\"og:description\" content=\"La coalition DJONE a officiellement annonc\u00e9, ce mardi 13 mai 2025, son refus de participer au dialogue national convoqu\u00e9 par le pr\u00e9sident Bassirou Diomaye Faye, pr\u00e9vu le 28 mai prochain.\" \/>\n<meta property=\"og:url\" content=\"https:\/\/www.public.sn\/index.php\/2025\/05\/13\/dialogue-national-du-28-mai-la-coalition-djone-annonce-son-boycott\/\" \/>\n<meta property=\"og:site_name\" content=\"LE PUBLIC\" \/>\n<meta property=\"article:published_time\" content=\"2025-05-13T18:26:12+00:00\" \/>\n<meta property=\"article:modified_time\" content=\"2025-05-13T18:26:21+00:00\" \/>\n<meta property=\"og:image\" content=\"https:\/\/www.public.sn\/wp-content\/uploads\/2025\/05\/Mohamed-Moustapha-Diagne-SNN.webp\" \/>\n\t<meta property=\"og:image:width\" content=\"1080\" \/>\n\t<meta property=\"og:image:height\" content=\"720\" \/>\n\t<meta property=\"og:image:type\" content=\"image\/webp\" \/>\n<meta name=\"author\" content=\"LA REDACTION\" \/>\n<meta name=\"twitter:card\" content=\"summary_large_image\" \/>\n<meta name=\"twitter:label1\" content=\"\u00c9crit par\" \/>\n\t<meta name=\"twitter:data1\" content=\"LA REDACTION\" \/>\n\t<meta name=\"twitter:label2\" content=\"Dur\u00e9e de lecture estim\u00e9e\" \/>\n\t<meta name=\"twitter:data2\" content=\"2 minutes\" \/>\n<script type=\"application\/ld+json\" class=\"yoast-schema-graph\">{\"@context\":\"https:\/\/schema.org\",\"@graph\":[{\"@type\":\"Article\",\"@id\":\"https:\/\/www.public.sn\/index.php\/2025\/05\/13\/dialogue-national-du-28-mai-la-coalition-djone-annonce-son-boycott\/#article\",\"isPartOf\":{\"@id\":\"https:\/\/www.public.sn\/index.php\/2025\/05\/13\/dialogue-national-du-28-mai-la-coalition-djone-annonce-son-boycott\/\"},\"author\":{\"name\":\"LA REDACTION\",\"@id\":\"https:\/\/www.public.sn\/#\/schema\/person\/e3f4a11b037d4203902db148f9bc8d5a\"},\"headline\":\"Dialogue national du 28 mai : La coalition DJONE annonce son boycott\",\"datePublished\":\"2025-05-13T18:26:12+00:00\",\"dateModified\":\"2025-05-13T18:26:21+00:00\",\"mainEntityOfPage\":{\"@id\":\"https:\/\/www.public.sn\/index.php\/2025\/05\/13\/dialogue-national-du-28-mai-la-coalition-djone-annonce-son-boycott\/\"},\"wordCount\":233,\"commentCount\":0,\"publisher\":{\"@id\":\"https:\/\/www.public.sn\/#organization\"},\"image\":{\"@id\":\"https:\/\/www.public.sn\/index.php\/2025\/05\/13\/dialogue-national-du-28-mai-la-coalition-djone-annonce-son-boycott\/#primaryimage\"},\"thumbnailUrl\":\"https:\/\/www.public.sn\/wp-content\/uploads\/2025\/05\/Mohamed-Moustapha-Diagne-SNN.webp\",\"keywords\":[\"coalition DJONE\",\"Dialogue\",\"Mohamed Moustapha Diagne\"],\"articleSection\":[\"ACTUALIT\u00c9S\",\"COMMUNIQU\u00c9\",\"POLITIQUE\",\"S\u00c9N\u00c9GAL\",\"VEDETTE\"],\"inLanguage\":\"fr-FR\",\"potentialAction\":[{\"@type\":\"CommentAction\",\"name\":\"Comment\",\"target\":[\"https:\/\/www.public.sn\/index.php\/2025\/05\/13\/dialogue-national-du-28-mai-la-coalition-djone-annonce-son-boycott\/#respond\"]}]},{\"@type\":\"WebPage\",\"@id\":\"https:\/\/www.public.sn\/index.php\/2025\/05\/13\/dialogue-national-du-28-mai-la-coalition-djone-annonce-son-boycott\/\",\"url\":\"https:\/\/www.public.sn\/index.php\/2025\/05\/13\/dialogue-national-du-28-mai-la-coalition-djone-annonce-son-boycott\/\",\"name\":\"Dialogue national du 28 mai : La coalition DJONE annonce son boycott - LE PUBLIC\",\"isPartOf\":{\"@id\":\"https:\/\/www.public.sn\/#website\"},\"primaryImageOfPage\":{\"@id\":\"https:\/\/www.public.sn\/index.php\/2025\/05\/13\/dialogue-national-du-28-mai-la-coalition-djone-annonce-son-boycott\/#primaryimage\"},\"image\":{\"@id\":\"https:\/\/www.public.sn\/index.php\/2025\/05\/13\/dialogue-national-du-28-mai-la-coalition-djone-annonce-son-boycott\/#primaryimage\"},\"thumbnailUrl\":\"https:\/\/www.public.sn\/wp-content\/uploads\/2025\/05\/Mohamed-Moustapha-Diagne-SNN.webp\",\"datePublished\":\"2025-05-13T18:26:12+00:00\",\"dateModified\":\"2025-05-13T18:26:21+00:00\",\"description\":\"La coalition DJONE a officiellement annonc\u00e9, ce mardi 13 mai 2025, son refus de participer au dialogue national convoqu\u00e9 par le pr\u00e9sident Bassirou Diomaye Faye, pr\u00e9vu le 28 mai prochain.\",\"breadcrumb\":{\"@id\":\"https:\/\/www.public.sn\/index.php\/2025\/05\/13\/dialogue-national-du-28-mai-la-coalition-djone-annonce-son-boycott\/#breadcrumb\"},\"inLanguage\":\"fr-FR\",\"potentialAction\":[{\"@type\":\"ReadAction\",\"target\":[\"https:\/\/www.public.sn\/index.php\/2025\/05\/13\/dialogue-national-du-28-mai-la-coalition-djone-annonce-son-boycott\/\"]}]},{\"@type\":\"ImageObject\",\"inLanguage\":\"fr-FR\",\"@id\":\"https:\/\/www.public.sn\/index.php\/2025\/05\/13\/dialogue-national-du-28-mai-la-coalition-djone-annonce-son-boycott\/#primaryimage\",\"url\":\"https:\/\/www.public.sn\/wp-content\/uploads\/2025\/05\/Mohamed-Moustapha-Diagne-SNN.webp\",\"contentUrl\":\"https:\/\/www.public.sn\/wp-content\/uploads\/2025\/05\/Mohamed-Moustapha-Diagne-SNN.webp\",\"width\":1080,\"height\":720},{\"@type\":\"BreadcrumbList\",\"@id\":\"https:\/\/www.public.sn\/index.php\/2025\/05\/13\/dialogue-national-du-28-mai-la-coalition-djone-annonce-son-boycott\/#breadcrumb\",\"itemListElement\":[{\"@type\":\"ListItem\",\"position\":1,\"name\":\"Accueil\",\"item\":\"https:\/\/www.public.sn\/\"},{\"@type\":\"ListItem\",\"position\":2,\"name\":\"Dialogue national du 28 mai : La coalition DJONE annonce son boycott\"}]},{\"@type\":\"WebSite\",\"@id\":\"https:\/\/www.public.sn\/#website\",\"url\":\"https:\/\/www.public.sn\/\",\"name\":\"LE PUBLIC\",\"description\":\"\",\"publisher\":{\"@id\":\"https:\/\/www.public.sn\/#organization\"},\"potentialAction\":[{\"@type\":\"SearchAction\",\"target\":{\"@type\":\"EntryPoint\",\"urlTemplate\":\"https:\/\/www.public.sn\/?s={search_term_string}\"},\"query-input\":{\"@type\":\"PropertyValueSpecification\",\"valueRequired\":true,\"valueName\":\"search_term_string\"}}],\"inLanguage\":\"fr-FR\"},{\"@type\":\"Organization\",\"@id\":\"https:\/\/www.public.sn\/#organization\",\"name\":\"LE PUBLIC\",\"url\":\"https:\/\/www.public.sn\/\",\"logo\":{\"@type\":\"ImageObject\",\"inLanguage\":\"fr-FR\",\"@id\":\"https:\/\/www.public.sn\/#\/schema\/logo\/image\/\",\"url\":\"https:\/\/www.public.sn\/wp-content\/uploads\/2024\/05\/cropped-LOGO-PUBLIC.SN_.png\",\"contentUrl\":\"https:\/\/www.public.sn\/wp-content\/uploads\/2024\/05\/cropped-LOGO-PUBLIC.SN_.png\",\"width\":682,\"height\":192,\"caption\":\"LE PUBLIC\"},\"image\":{\"@id\":\"https:\/\/www.public.sn\/#\/schema\/logo\/image\/\"}},{\"@type\":\"Person\",\"@id\":\"https:\/\/www.public.sn\/#\/schema\/person\/e3f4a11b037d4203902db148f9bc8d5a\",\"name\":\"LA REDACTION\",\"image\":{\"@type\":\"ImageObject\",\"inLanguage\":\"fr-FR\",\"@id\":\"https:\/\/www.public.sn\/#\/schema\/person\/image\/\",\"url\":\"https:\/\/secure.gravatar.com\/avatar\/d6c030db45db2883c075085c5d6c6258654a801a93766b49af0b82d4f454e2a5?s=96&d=mm&r=g\",\"contentUrl\":\"https:\/\/secure.gravatar.com\/avatar\/d6c030db45db2883c075085c5d6c6258654a801a93766b49af0b82d4f454e2a5?s=96&d=mm&r=g\",\"caption\":\"LA REDACTION\"},\"sameAs\":[\"http:\/\/www.public.sn\"],\"url\":\"https:\/\/www.public.sn\/index.php\/author\/admin7324\/\"}]}<\/script>\n<!-- \/ Yoast SEO plugin. -->","yoast_head_json":{"title":"Dialogue national du 28 mai : La coalition DJONE annonce son boycott - LE PUBLIC","description":"La coalition DJONE a officiellement annonc\u00e9, ce mardi 13 mai 2025, son refus de participer au dialogue national convoqu\u00e9 par le pr\u00e9sident Bassirou Diomaye Faye, pr\u00e9vu le 28 mai prochain.","robots":{"index":"index","follow":"follow","max-snippet":"max-snippet:-1","max-image-preview":"max-image-preview:large","max-video-preview":"max-video-preview:-1"},"canonical":"https:\/\/www.public.sn\/index.php\/2025\/05\/13\/dialogue-national-du-28-mai-la-coalition-djone-annonce-son-boycott\/","og_locale":"fr_FR","og_type":"article","og_title":"Dialogue national du 28 mai : La coalition DJONE annonce son boycott - LE PUBLIC","og_description":"La coalition DJONE a officiellement annonc\u00e9, ce mardi 13 mai 2025, son refus de participer au dialogue national convoqu\u00e9 par le pr\u00e9sident Bassirou Diomaye Faye, pr\u00e9vu le 28 mai prochain.","og_url":"https:\/\/www.public.sn\/index.php\/2025\/05\/13\/dialogue-national-du-28-mai-la-coalition-djone-annonce-son-boycott\/","og_site_name":"LE PUBLIC","article_published_time":"2025-05-13T18:26:12+00:00","article_modified_time":"2025-05-13T18:26:21+00:00","og_image":[{"width":1080,"height":720,"url":"https:\/\/www.public.sn\/wp-content\/uploads\/2025\/05\/Mohamed-Moustapha-Diagne-SNN.webp","type":"image\/webp"}],"author":"LA REDACTION","twitter_card":"summary_large_image","twitter_misc":{"\u00c9crit par":"LA REDACTION","Dur\u00e9e de lecture estim\u00e9e":"2 minutes"},"schema":{"@context":"https:\/\/schema.org","@graph":[{"@type":"Article","@id":"https:\/\/www.public.sn\/index.php\/2025\/05\/13\/dialogue-national-du-28-mai-la-coalition-djone-annonce-son-boycott\/#article","isPartOf":{"@id":"https:\/\/www.public.sn\/index.php\/2025\/05\/13\/dialogue-national-du-28-mai-la-coalition-djone-annonce-son-boycott\/"},"author":{"name":"LA REDACTION","@id":"https:\/\/www.public.sn\/#\/schema\/person\/e3f4a11b037d4203902db148f9bc8d5a"},"headline":"Dialogue national du 28 mai : La coalition DJONE annonce son boycott","datePublished":"2025-05-13T18:26:12+00:00","dateModified":"2025-05-13T18:26:21+00:00","mainEntityOfPage":{"@id":"https:\/\/www.public.sn\/index.php\/2025\/05\/13\/dialogue-national-du-28-mai-la-coalition-djone-annonce-son-boycott\/"},"wordCount":233,"commentCount":0,"publisher":{"@id":"https:\/\/www.public.sn\/#organization"},"image":{"@id":"https:\/\/www.public.sn\/index.php\/2025\/05\/13\/dialogue-national-du-28-mai-la-coalition-djone-annonce-son-boycott\/#primaryimage"},"thumbnailUrl":"https:\/\/www.public.sn\/wp-content\/uploads\/2025\/05\/Mohamed-Moustapha-Diagne-SNN.webp","keywords":["coalition DJONE","Dialogue","Mohamed Moustapha Diagne"],"articleSection":["ACTUALIT\u00c9S","COMMUNIQU\u00c9","POLITIQUE","S\u00c9N\u00c9GAL","VEDETTE"],"inLanguage":"fr-FR","potentialAction":[{"@type":"CommentAction","name":"Comment","target":["https:\/\/www.public.sn\/index.php\/2025\/05\/13\/dialogue-national-du-28-mai-la-coalition-djone-annonce-son-boycott\/#respond"]}]},{"@type":"WebPage","@id":"https:\/\/www.public.sn\/index.php\/2025\/05\/13\/dialogue-national-du-28-mai-la-coalition-djone-annonce-son-boycott\/","url":"https:\/\/www.public.sn\/index.php\/2025\/05\/13\/dialogue-national-du-28-mai-la-coalition-djone-annonce-son-boycott\/","name":"Dialogue national du 28 mai : La coalition DJONE annonce son boycott - LE PUBLIC","isPartOf":{"@id":"https:\/\/www.public.sn\/#website"},"primaryImageOfPage":{"@id":"https:\/\/www.public.sn\/index.php\/2025\/05\/13\/dialogue-national-du-28-mai-la-coalition-djone-annonce-son-boycott\/#primaryimage"},"image":{"@id":"https:\/\/www.public.sn\/index.php\/2025\/05\/13\/dialogue-national-du-28-mai-la-coalition-djone-annonce-son-boycott\/#primaryimage"},"thumbnailUrl":"https:\/\/www.public.sn\/wp-content\/uploads\/2025\/05\/Mohamed-Moustapha-Diagne-SNN.webp","datePublished":"2025-05-13T18:26:12+00:00","dateModified":"2025-05-13T18:26:21+00:00","description":"La coalition DJONE a officiellement annonc\u00e9, ce mardi 13 mai 2025, son refus de participer au dialogue national convoqu\u00e9 par le pr\u00e9sident Bassirou Diomaye Faye, pr\u00e9vu le 28 mai prochain.","breadcrumb":{"@id":"https:\/\/www.public.sn\/index.php\/2025\/05\/13\/dialogue-national-du-28-mai-la-coalition-djone-annonce-son-boycott\/#breadcrumb"},"inLanguage":"fr-FR","potentialAction":[{"@type":"ReadAction","target":["https:\/\/www.public.sn\/index.php\/2025\/05\/13\/dialogue-national-du-28-mai-la-coalition-djone-annonce-son-boycott\/"]}]},{"@type":"ImageObject","inLanguage":"fr-FR","@id":"https:\/\/www.public.sn\/index.php\/2025\/05\/13\/dialogue-national-du-28-mai-la-coalition-djone-annonce-son-boycott\/#primaryimage","url":"https:\/\/www.public.sn\/wp-content\/uploads\/2025\/05\/Mohamed-Moustapha-Diagne-SNN.webp","contentUrl":"https:\/\/www.public.sn\/wp-content\/uploads\/2025\/05\/Mohamed-Moustapha-Diagne-SNN.webp","width":1080,"height":720},{"@type":"BreadcrumbList","@id":"https:\/\/www.public.sn\/index.php\/2025\/05\/13\/dialogue-national-du-28-mai-la-coalition-djone-annonce-son-boycott\/#breadcrumb","itemListElement":[{"@type":"ListItem","position":1,"name":"Accueil","item":"https:\/\/www.public.sn\/"},{"@type":"ListItem","position":2,"name":"Dialogue national du 28 mai : La coalition DJONE annonce son boycott"}]},{"@type":"WebSite","@id":"https:\/\/www.public.sn\/#website","url":"https:\/\/www.public.sn\/","name":"LE PUBLIC","description":"","publisher":{"@id":"https:\/\/www.public.sn\/#organization"},"potentialAction":[{"@type":"SearchAction","target":{"@type":"EntryPoint","urlTemplate":"https:\/\/www.public.sn\/?s={search_term_string}"},"query-input":{"@type":"PropertyValueSpecification","valueRequired":true,"valueName":"search_term_string"}}],"inLanguage":"fr-FR"},{"@type":"Organization","@id":"https:\/\/www.public.sn\/#organization","name":"LE PUBLIC","url":"https:\/\/www.public.sn\/","logo":{"@type":"ImageObject","inLanguage":"fr-FR","@id":"https:\/\/www.public.sn\/#\/schema\/logo\/image\/","url":"https:\/\/www.public.sn\/wp-content\/uploads\/2024\/05\/cropped-LOGO-PUBLIC.SN_.png","contentUrl":"https:\/\/www.public.sn\/wp-content\/uploads\/2024\/05\/cropped-LOGO-PUBLIC.SN_.png","width":682,"height":192,"caption":"LE PUBLIC"},"image":{"@id":"https:\/\/www.public.sn\/#\/schema\/logo\/image\/"}},{"@type":"Person","@id":"https:\/\/www.public.sn\/#\/schema\/person\/e3f4a11b037d4203902db148f9bc8d5a","name":"LA REDACTION","image":{"@type":"ImageObject","inLanguage":"fr-FR","@id":"https:\/\/www.public.sn\/#\/schema\/person\/image\/","url":"https:\/\/secure.gravatar.com\/avatar\/d6c030db45db2883c075085c5d6c6258654a801a93766b49af0b82d4f454e2a5?s=96&d=mm&r=g","contentUrl":"https:\/\/secure.gravatar.com\/avatar\/d6c030db45db2883c075085c5d6c6258654a801a93766b49af0b82d4f454e2a5?s=96&d=mm&r=g","caption":"LA REDACTION"},"sameAs":["http:\/\/www.public.sn"],"url":"https:\/\/www.public.sn\/index.php\/author\/admin7324\/"}]}},"jetpack_featured_media_url":"https:\/\/www.public.sn\/wp-content\/uploads\/2025\/05\/Mohamed-Moustapha-Diagne-SNN.webp","jetpack_sharing_enabled":true,"_links":{"self":[{"href":"https:\/\/www.public.sn\/index.php\/wp-json\/wp\/v2\/posts\/37564","targetHints":{"allow":["GET"]}}],"collection":[{"href":"https:\/\/www.public.sn\/index.php\/wp-json\/wp\/v2\/posts"}],"about":[{"href":"https:\/\/www.public.sn\/index.php\/wp-json\/wp\/v2\/types\/post"}],"author":[{"embeddable":true,"href":"https:\/\/www.public.sn\/index.php\/wp-json\/wp\/v2\/users\/1"}],"replies":[{"embeddable":true,"href":"https:\/\/www.public.sn\/index.php\/wp-json\/wp\/v2\/comments?post=37564"}],"version-history":[{"count":1,"href":"https:\/\/www.public.sn\/index.php\/wp-json\/wp\/v2\/posts\/37564\/revisions"}],"predecessor-version":[{"id":37566,"href":"https:\/\/www.public.sn\/index.php\/wp-json\/wp\/v2\/posts\/37564\/revisions\/37566"}],"wp:featuredmedia":[{"embeddable":true,"href":"https:\/\/www.public.sn\/index.php\/wp-json\/wp\/v2\/media\/37565"}],"wp:attachment":[{"href":"https:\/\/www.public.sn\/index.php\/wp-json\/wp\/v2\/media?parent=37564"}],"wp:term":[{"taxonomy":"category","embeddable":true,"href":"https:\/\/www.public.sn\/index.php\/wp-json\/wp\/v2\/categories?post=37564"},{"taxonomy":"post_tag","embeddable":true,"href":"https:\/\/www.public.sn\/index.php\/wp-json\/wp\/v2\/tags?post=37564"}],"curies":[{"name":"wp","href":"https:\/\/api.w.org\/{rel}","templated":true}]}}