{"id":37567,"date":"2025-05-19T01:11:23","date_gmt":"2025-05-19T01:11:23","guid":{"rendered":"https:\/\/www.public.sn\/?p=37567"},"modified":"2025-05-19T01:11:26","modified_gmt":"2025-05-19T01:11:26","slug":"diplomatie-lalignement-farfelu-du-senegal-derriere-les-juntes-dakar-guide-et-impulse-par-bougane-gueye","status":"publish","type":"post","link":"https:\/\/www.public.sn\/index.php\/2025\/05\/19\/diplomatie-lalignement-farfelu-du-senegal-derriere-les-juntes-dakar-guide-et-impulse-par-bougane-gueye\/","title":{"rendered":"\u00ab\u00a0Diplomatie : l\u2019alignement farfelu du S\u00e9n\u00e9gal derri\u00e8re les juntes ! Dakar guide et impulse.\u00a0\u00bb |  (Par Bougane Gu\u00e8ye)"},"content":{"rendered":"\n<p><strong>Depuis l\u2019ind\u00e9pendance, le S\u00e9n\u00e9gal s\u2019est forg\u00e9 une tradition diplomatique exemplaire, b\u00e2tie sur la stabilit\u00e9 institutionnelle, le respect de l\u2019ordre d\u00e9mocratique et l\u2019engagement panafricain. \u00c0 travers une diplomatie coh\u00e9rente et respect\u00e9e, le pays s\u2019est impos\u00e9 comme un acteur de premier plan dans les affaires r\u00e9gionales et internationales.<\/strong><\/p><div class=\"publi-paragraphe1\" style=\"margin-top: 10px;margin-bottom: 10px;margin-left: auto;margin-right: auto;text-align: center;\" id=\"publi-531719169\"><div class=\"publi-adlabel\">Publicit\u00e9<\/div><script async src=\"\/\/pagead2.googlesyndication.com\/pagead\/js\/adsbygoogle.js?client=ca-pub-4089586018074219\" crossorigin=\"anonymous\"><\/script><ins class=\"adsbygoogle\" style=\"display:block;\" data-ad-client=\"ca-pub-4089586018074219\" \ndata-ad-slot=\"2087940154\" \ndata-ad-format=\"auto\"><\/ins>\n<script> \n(adsbygoogle = window.adsbygoogle || []).push({}); \n<\/script>\n<\/div>\n\n\n\n<p><strong>I. Une diplomatie d\u2019excellence fa\u00e7onn\u00e9e par des figures embl\u00e9matiques<\/strong><\/p>\n\n\n\n<p>Le S\u00e9n\u00e9gal a b\u00e2ti sa r\u00e9putation diplomatique sur la comp\u00e9tence, la l\u00e9gitimit\u00e9 r\u00e9publicaine et une constance dans le respect des normes internationales. Ce positionnement est l\u2019\u0153uvre d\u2019un h\u00e9ritage port\u00e9 par des personnalit\u00e9s de haut niveau :<br>\u2022 L\u00e9opold S\u00e9dar Senghor, chantre du dialogue des cultures et artisan d\u2019une diplomatie de prestige.<br>\u2022 Abdou Diouf, promoteur de la Francophonie, devenu Secr\u00e9taire g\u00e9n\u00e9ral de l\u2019OIF, figure du multilat\u00e9ralisme pacifique.<br>\u2022 Abdoulaye Wade, pr\u00e9sident visionnaire, co-fondateur du NEPAD, acteur cl\u00e9 de la cr\u00e9ation de l\u2019Union Africaine et grand d\u00e9fenseur de l\u2019int\u00e9gration africaine. Wade a su allier ambition africaine, souverainet\u00e9 politique et diplomatie strat\u00e9gique.<br>\u2022 Macky Sall, pr\u00e9sident de l\u2019Union Africaine en 2022, m\u00e9diateur dans plusieurs crises r\u00e9gionales, fervent d\u00e9fenseur des int\u00e9r\u00eats africains sur la sc\u00e8ne mondiale, notamment sur les enjeux de dette, d\u2019\u00e9nergie et de climat.<\/p>\n\n\n\n<p>Parall\u00e8lement, des diplomates et technocrates s\u00e9n\u00e9galais ont incarn\u00e9 ce leadership au sein des grandes organisations internationales :<br>\u2022 Le Professeur Ibrahima Fall, ancien Sous-secr\u00e9taire g\u00e9n\u00e9ral des Nations unies, a port\u00e9 la voix du S\u00e9n\u00e9gal dans les plus hautes sph\u00e8res de la diplomatie mondiale, notamment sur les questions de droits humains et de maintien de la paix.<br>\u2022 Jacques Diouf, Directeur g\u00e9n\u00e9ral de la FAO de 1994 \u00e0 2011, a incarn\u00e9 le leadership africain dans la lutte contre la faim et la s\u00e9curit\u00e9 alimentaire \u00e0 l\u2019\u00e9chelle plan\u00e9taire.<br>\u2022 Amadou-Mahtar Mbow, Directeur g\u00e9n\u00e9ral de l\u2019UNESCO de 1974 \u00e0 1987, fut le premier Africain \u00e0 diriger cette organisation. Il a profond\u00e9ment marqu\u00e9 la politique culturelle mondiale par son plaidoyer en faveur du \u201cNouvel ordre mondial de l\u2019information et de la communication\u201d.<\/p>\n\n\n\n<p>Ces figures ont consolid\u00e9 l\u2019image d\u2019un S\u00e9n\u00e9gal comp\u00e9tent, fiable et influent dans les ar\u00e8nes diplomatiques.<\/p>\n\n\n\n<p><strong>II. Une rupture de cap : la diplomatie parall\u00e8le du Premier ministre Ousmane Sonko<\/strong><\/p>\n\n\n\n<p>Depuis l\u2019intronisation du Pr\u00e9sident Bassirou Diomaye Faye flanqu\u00e9 de son super puissant et encombrant Premier ministre, un virage inqui\u00e9tant semble s\u2019op\u00e9rer dans l\u2019orientation diplomatique du S\u00e9n\u00e9gal. L\u2019un des \u00e9pisodes les plus r\u00e9v\u00e9lateurs de ce changement est sans doute le r\u00e9cent d\u00e9placement de\u00a0 Ousmane Sonko \u00e0 Ouagadougou, capitale d\u2019un pays aujourd\u2019hui dirig\u00e9 par une junte militaire. Ce geste diplomatique a des implications lourdes et appelle \u00e0 une r\u00e9flexion s\u00e9rieuse sur l\u2019image et la ligne historique de notre diplomatie.<br>Le S\u00e9n\u00e9gal, de par sa trajectoire, est reconnu comme un sanctuaire d\u00e9mocratique en Afrique . Alternance pacifique, \u00c9tat de droit, respect des libert\u00e9s publiques et des engagements internationaux : autant de principes qui font notre fiert\u00e9 collective. Les multiples transitions d\u00e9mocratiques depuis 2000 prouvent que, malgr\u00e9 les vell\u00e9it\u00e9s des diff\u00e9rents r\u00e9gimes, la d\u00e9mocratie s\u00e9n\u00e9galaise est ancr\u00e9e dans la maturit\u00e9 du peuple et de ses institutions.<br>D\u00e8s lors, une question s\u2019impose : pourquoi ce besoin, presque obsessionnel, de se rapprocher de r\u00e9gimes militaires ? Quelle fascination pousse le Premier ministre \u00e0 tourner le dos aux capitales d\u00e9mocratiques pour une alliance d\u00e9moniaque avec des juntes adeptes de la ba\u00efonnette\u00a0 et hostiles \u00e0 la carte d&rsquo;\u00e9lecteur ?<br>Une incoh\u00e9rence strat\u00e9gique<br><\/p>\n\n\n\n<p>Sur le plan diplomatique, cette posture soul\u00e8ve une contradiction majeure. Alors que le Pr\u00e9sident Diomaye Faye effectuait une visite officielle \u00e0 Abidjan, dans un esprit d\u2019apaisement et tradition diplomatique, son Premier ministre faisait le choix, dans la foul\u00e9e, de s\u2019afficher \u00e0 Ouagadougou ! Ousmane Sonko ne saurait ignorer les relations naus\u00e9euses entre la C\u00f4te d\u2019Ivoire et le Burkina Faso marqu\u00e9es par des tensions s\u00e9rieuses et aliment\u00e9es au quotidien par des accusations d\u2019ing\u00e9rence. Quelle image veut-on donner du S\u00e9n\u00e9gal ? Celle d\u2019un pays qui joue sur deux tableaux ? Ou celle d\u2019un \u00c9tat qui brise les ponts de la coh\u00e9rence diplomatique au nom d\u2019un agenda id\u00e9ologique mal con\u00e7u et contre productif ?<br>Le S\u00e9n\u00e9gal, un poids lourd r\u00e9gional<br><\/p>\n\n\n\n<p>Il est bon de rappeler que sur le plan \u00e9conomique et politique, le S\u00e9n\u00e9gal occupe une place strat\u00e9gique dans la sous-r\u00e9gion. Dans l\u2019espace UEMOA, les pays dirig\u00e9s par des juntes (Mali, Burkina, Niger), tous r\u00e9unis, repr\u00e9sentent moins de 10% du poids \u00e9conomique global. Dans la CEDEAO, la Guin\u00e9e, le Mali, le Burkina et le Niger ne p\u00e8sent ensemble que 12% l\u00e0 o\u00f9 le S\u00e9n\u00e9gal repr\u00e9sente \u00e0 lui seul pr\u00e8s de 8% du poids \u00e9conomique et politique de l\u2019organisation sous r\u00e9gionale. Ce d\u00e9s\u00e9quilibre devrait inciter \u00e0 la prudence, \u00e0 la retenue, et non \u00e0 l\u2019alignement pr\u00e9cipit\u00e9.<br><\/p>\n\n\n\n<p>Ce que le monde attend du S\u00e9n\u00e9gal, c\u2019est une diplomatie qui inspire, qui guide et qui incarne l\u2019exemple. Rien que la crise Ivoirienne de 2002 et le dossier Palestinien le prouvent \u00e0 suffisance. L\u2019alternance d\u00e9mocratique pacifique de mars 2024 en est \u00e9galement une parfaite illustration. Notre leadership r\u00e9gional s\u2019est construit sur une vision claire, respectueuse des r\u00e8gles, des partenaires et des peuples. Il ne peut \u00eatre dilapid\u00e9 au profit d\u2019une rh\u00e9torique r\u00e9volutionnaire vide et vile, qui confond souverainet\u00e9 avec repli, et insoumission avec provocation.<br>Un premier ministre incapable de percer les secrets des r\u00e9ussites diplomatiques saillantes de notre pays associ\u00e9 \u00e0 un ministre des affaires \u00e9trang\u00e8res ignorante des ficelles utilis\u00e9es pour faire \u00e9lire des fils du S\u00e9n\u00e9gal \u00e0 la t\u00eate de grandes organisations internationales ne sont jamais \u00e0 l&rsquo;abri des p\u00e9rip\u00e9ties de situations potentielles de \u00ab\u00a0casus belli\u00a0\u00bb diplomatique.<\/p>\n\n\n\n<p>Notre pays est \u00e9cout\u00e9 et respect\u00e9 parce qu\u2019il est stable, d\u00e9mocratique et cr\u00e9dible. Cette diplomatie de prestige s\u2019est construite gr\u00e2ce \u00e0 des hommes d\u2019\u00c9tat visionnaires. Elle ne saurait \u00eatre sacrifi\u00e9e sur l\u2019autel d\u2019une aventure politique sans boussole.<\/p>\n\n\n\n<p><strong>Bougane Gu\u00e9ye<br><\/strong>Pr\u00e9sident du mouvement Gueum Sa Bopp \u00ab\u00a0Les Jaambaars\u00a0\u00bb<\/p>\n<div class=\"publi-apres-le-contenu\" style=\"margin-top: 10px;margin-bottom: 10px;margin-left: auto;margin-right: auto;text-align: center;\" id=\"publi-1249881164\"><div class=\"publi-adlabel\">Publicit\u00e9<\/div><script async src=\"\/\/pagead2.googlesyndication.com\/pagead\/js\/adsbygoogle.js?client=ca-pub-4089586018074219\" crossorigin=\"anonymous\"><\/script><ins class=\"adsbygoogle\" style=\"display:block;\" data-ad-client=\"ca-pub-4089586018074219\" \ndata-ad-slot=\"2087940154\" \ndata-ad-format=\"auto\"><\/ins>\n<script> \n(adsbygoogle = window.adsbygoogle || []).push({}); \n<\/script>\n<\/div>","protected":false},"excerpt":{"rendered":"<p>Depuis l\u2019ind\u00e9pendance, le S\u00e9n\u00e9gal s\u2019est forg\u00e9 une tradition diplomatique exemplaire, b\u00e2tie sur la stabilit\u00e9 institutionnelle, le respect de l\u2019ordre d\u00e9mocratique et l\u2019engagement panafricain. \u00c0 travers une diplomatie coh\u00e9rente et respect\u00e9e, le pays s\u2019est impos\u00e9 comme un acteur de premier plan dans les affaires r\u00e9gionales et internationales. I. Une diplomatie d\u2019excellence fa\u00e7onn\u00e9e par des figures embl\u00e9matiques Le S\u00e9n\u00e9gal a b\u00e2ti sa r\u00e9putation diplomatique sur la comp\u00e9tence, la l\u00e9gitimit\u00e9 r\u00e9publicaine et une constance dans le respect des normes internationales. Ce positionnement est l\u2019\u0153uvre d\u2019un h\u00e9ritage port\u00e9 par des personnalit\u00e9s de haut niveau :\u2022 L\u00e9opold S\u00e9dar Senghor, chantre du dialogue des cultures et artisan d\u2019une diplomatie de prestige.\u2022 Abdou Diouf, promoteur de la Francophonie, devenu Secr\u00e9taire g\u00e9n\u00e9ral de l\u2019OIF, figure du multilat\u00e9ralisme pacifique.\u2022 Abdoulaye Wade, pr\u00e9sident visionnaire, co-fondateur du NEPAD, acteur cl\u00e9 de la cr\u00e9ation de l\u2019Union Africaine et grand d\u00e9fenseur de l\u2019int\u00e9gration africaine. Wade a su allier ambition africaine, souverainet\u00e9 politique et diplomatie strat\u00e9gique.\u2022 Macky Sall, pr\u00e9sident de l\u2019Union Africaine en 2022, m\u00e9diateur dans plusieurs crises r\u00e9gionales, fervent d\u00e9fenseur des int\u00e9r\u00eats africains sur la sc\u00e8ne mondiale, notamment sur les enjeux de dette, d\u2019\u00e9nergie et de climat. Parall\u00e8lement, des diplomates et technocrates s\u00e9n\u00e9galais ont incarn\u00e9 ce leadership au sein des grandes organisations internationales :\u2022 Le Professeur Ibrahima Fall, ancien Sous-secr\u00e9taire g\u00e9n\u00e9ral des Nations unies, a port\u00e9 la voix du S\u00e9n\u00e9gal dans les plus hautes sph\u00e8res de la diplomatie mondiale, notamment sur les questions de droits humains et de maintien de la paix.\u2022 Jacques Diouf, Directeur g\u00e9n\u00e9ral de la FAO de 1994 \u00e0 2011, a incarn\u00e9 le leadership africain dans la lutte contre la faim et la s\u00e9curit\u00e9 alimentaire \u00e0 l\u2019\u00e9chelle plan\u00e9taire.\u2022 Amadou-Mahtar Mbow, Directeur g\u00e9n\u00e9ral de l\u2019UNESCO de 1974 \u00e0 1987, fut le premier Africain \u00e0 diriger cette organisation. Il a profond\u00e9ment marqu\u00e9 la politique culturelle mondiale par son plaidoyer en faveur du \u201cNouvel ordre mondial de l\u2019information et de la communication\u201d. Ces figures ont consolid\u00e9 l\u2019image d\u2019un S\u00e9n\u00e9gal comp\u00e9tent, fiable et influent dans les ar\u00e8nes diplomatiques. II. Une rupture de cap : la diplomatie parall\u00e8le du Premier ministre Ousmane Sonko Depuis l\u2019intronisation du Pr\u00e9sident Bassirou Diomaye Faye flanqu\u00e9 de son super puissant et encombrant Premier ministre, un virage inqui\u00e9tant semble s\u2019op\u00e9rer dans l\u2019orientation diplomatique du S\u00e9n\u00e9gal. L\u2019un des \u00e9pisodes les plus r\u00e9v\u00e9lateurs de ce changement est sans doute le r\u00e9cent d\u00e9placement de\u00a0 Ousmane Sonko \u00e0 Ouagadougou, capitale d\u2019un pays aujourd\u2019hui dirig\u00e9 par une junte militaire. Ce geste diplomatique a des implications lourdes et appelle \u00e0 une r\u00e9flexion s\u00e9rieuse sur l\u2019image et la ligne historique de notre diplomatie.Le S\u00e9n\u00e9gal, de par sa trajectoire, est reconnu comme un sanctuaire d\u00e9mocratique en Afrique . Alternance pacifique, \u00c9tat de droit, respect des libert\u00e9s publiques et des engagements internationaux : autant de principes qui font notre fiert\u00e9 collective. Les multiples transitions d\u00e9mocratiques depuis 2000 prouvent que, malgr\u00e9 les vell\u00e9it\u00e9s des diff\u00e9rents r\u00e9gimes, la d\u00e9mocratie s\u00e9n\u00e9galaise est ancr\u00e9e dans la maturit\u00e9 du peuple et de ses institutions.D\u00e8s lors, une question s\u2019impose : pourquoi ce besoin, presque obsessionnel, de se rapprocher de r\u00e9gimes militaires ? Quelle fascination pousse le Premier ministre \u00e0 tourner le dos aux capitales d\u00e9mocratiques pour une alliance d\u00e9moniaque avec des juntes adeptes de la ba\u00efonnette\u00a0 et hostiles \u00e0 la carte d&rsquo;\u00e9lecteur ?Une incoh\u00e9rence strat\u00e9gique Sur le plan diplomatique, cette posture soul\u00e8ve une contradiction majeure. Alors que le Pr\u00e9sident Diomaye Faye effectuait une visite officielle \u00e0 Abidjan, dans un esprit d\u2019apaisement et tradition diplomatique, son Premier ministre faisait le choix, dans la foul\u00e9e, de s\u2019afficher \u00e0 Ouagadougou ! Ousmane Sonko ne saurait ignorer les relations naus\u00e9euses entre la C\u00f4te d\u2019Ivoire et le Burkina Faso marqu\u00e9es par des tensions s\u00e9rieuses et aliment\u00e9es au quotidien par des accusations d\u2019ing\u00e9rence. Quelle image veut-on donner du S\u00e9n\u00e9gal ? Celle d\u2019un pays qui joue sur deux tableaux ? Ou celle d\u2019un \u00c9tat qui brise les ponts de la coh\u00e9rence diplomatique au nom d\u2019un agenda id\u00e9ologique mal con\u00e7u et contre productif ?Le S\u00e9n\u00e9gal, un poids lourd r\u00e9gional Il est bon de rappeler que sur le plan \u00e9conomique et politique, le S\u00e9n\u00e9gal occupe une place strat\u00e9gique dans la sous-r\u00e9gion. Dans l\u2019espace UEMOA, les pays dirig\u00e9s par des juntes (Mali, Burkina, Niger), tous r\u00e9unis, repr\u00e9sentent moins de 10% du poids \u00e9conomique global. Dans la CEDEAO, la Guin\u00e9e, le Mali, le Burkina et le Niger ne p\u00e8sent ensemble que 12% l\u00e0 o\u00f9 le S\u00e9n\u00e9gal repr\u00e9sente \u00e0 lui seul pr\u00e8s de 8% du poids \u00e9conomique et politique de l\u2019organisation sous r\u00e9gionale. Ce d\u00e9s\u00e9quilibre devrait inciter \u00e0 la prudence, \u00e0 la retenue, et non \u00e0 l\u2019alignement pr\u00e9cipit\u00e9. Ce que le monde attend du S\u00e9n\u00e9gal, c\u2019est une diplomatie qui inspire, qui guide et qui incarne l\u2019exemple. Rien que la crise Ivoirienne de 2002 et le dossier Palestinien le prouvent \u00e0 suffisance. L\u2019alternance d\u00e9mocratique pacifique de mars 2024 en est \u00e9galement une parfaite illustration. Notre leadership r\u00e9gional s\u2019est construit sur une vision claire, respectueuse des r\u00e8gles, des partenaires et des peuples. Il ne peut \u00eatre dilapid\u00e9 au profit d\u2019une rh\u00e9torique r\u00e9volutionnaire vide et vile, qui confond souverainet\u00e9 avec repli, et insoumission avec provocation.Un premier ministre incapable de percer les secrets des r\u00e9ussites diplomatiques saillantes de notre pays associ\u00e9 \u00e0 un ministre des affaires \u00e9trang\u00e8res ignorante des ficelles utilis\u00e9es pour faire \u00e9lire des fils du S\u00e9n\u00e9gal \u00e0 la t\u00eate de grandes organisations internationales ne sont jamais \u00e0 l&rsquo;abri des p\u00e9rip\u00e9ties de situations potentielles de \u00ab\u00a0casus belli\u00a0\u00bb diplomatique. Notre pays est \u00e9cout\u00e9 et respect\u00e9 parce qu\u2019il est stable, d\u00e9mocratique et cr\u00e9dible. Cette diplomatie de prestige s\u2019est construite gr\u00e2ce \u00e0 des hommes d\u2019\u00c9tat visionnaires. Elle ne saurait \u00eatre sacrifi\u00e9e sur l\u2019autel d\u2019une aventure politique sans boussole. Bougane Gu\u00e9yePr\u00e9sident du mouvement Gueum Sa Bopp \u00ab\u00a0Les Jaambaars\u00a0\u00bb<\/p>\n","protected":false},"author":1,"featured_media":37568,"comment_status":"open","ping_status":"open","sticky":false,"template":"","format":"standard","meta":{"_jetpack_memberships_contains_paid_content":false,"footnotes":""},"categories":[375,1575,3,1],"tags":[7549,5205],"class_list":["post-37567","post","type-post","status-publish","format-standard","has-post-thumbnail","hentry","category-actualites","category-contributions","category-politique","category-non-classe","tag-bougane-gueye-2","tag-diplomatie","entry","has-media","owp-thumbs-layout-horizontal","owp-btn-normal","owp-tabs-layout-horizontal","has-no-thumbnails","has-product-nav"],"yoast_head":"<!-- This site is optimized with the Yoast SEO plugin v25.5 - https:\/\/yoast.com\/wordpress\/plugins\/seo\/ -->\n<title>&quot;Diplomatie : l\u2019alignement farfelu du S\u00e9n\u00e9gal derri\u00e8re les juntes ! Dakar guide et impulse.&quot; | (Par Bougane Gu\u00e8ye) - LE PUBLIC<\/title>\n<meta name=\"description\" content=\"Depuis l\u2019ind\u00e9pendance, le S\u00e9n\u00e9gal s\u2019est forg\u00e9 une tradition diplomatique exemplaire, b\u00e2tie sur la stabilit\u00e9 institutionnelle, le respect de l\u2019ordre d\u00e9mocratique et l\u2019engagement panafricain. \u00c0 travers une diplomatie coh\u00e9rente et respect\u00e9e, le pays s\u2019est impos\u00e9 comme un acteur de premier plan dans les affaires r\u00e9gionales et internationales.\" \/>\n<meta name=\"robots\" content=\"index, follow, max-snippet:-1, max-image-preview:large, max-video-preview:-1\" \/>\n<link rel=\"canonical\" href=\"https:\/\/www.public.sn\/index.php\/2025\/05\/19\/diplomatie-lalignement-farfelu-du-senegal-derriere-les-juntes-dakar-guide-et-impulse-par-bougane-gueye\/\" \/>\n<meta property=\"og:locale\" content=\"fr_FR\" \/>\n<meta property=\"og:type\" content=\"article\" \/>\n<meta property=\"og:title\" content=\"&quot;Diplomatie : l\u2019alignement farfelu du S\u00e9n\u00e9gal derri\u00e8re les juntes ! Dakar guide et impulse.&quot; | (Par Bougane Gu\u00e8ye) - LE PUBLIC\" \/>\n<meta property=\"og:description\" content=\"Depuis l\u2019ind\u00e9pendance, le S\u00e9n\u00e9gal s\u2019est forg\u00e9 une tradition diplomatique exemplaire, b\u00e2tie sur la stabilit\u00e9 institutionnelle, le respect de l\u2019ordre d\u00e9mocratique et l\u2019engagement panafricain. \u00c0 travers une diplomatie coh\u00e9rente et respect\u00e9e, le pays s\u2019est impos\u00e9 comme un acteur de premier plan dans les affaires r\u00e9gionales et internationales.\" \/>\n<meta property=\"og:url\" content=\"https:\/\/www.public.sn\/index.php\/2025\/05\/19\/diplomatie-lalignement-farfelu-du-senegal-derriere-les-juntes-dakar-guide-et-impulse-par-bougane-gueye\/\" \/>\n<meta property=\"og:site_name\" content=\"LE PUBLIC\" \/>\n<meta property=\"article:published_time\" content=\"2025-05-19T01:11:23+00:00\" \/>\n<meta property=\"article:modified_time\" content=\"2025-05-19T01:11:26+00:00\" \/>\n<meta property=\"og:image\" content=\"https:\/\/www.public.sn\/wp-content\/uploads\/2025\/05\/WhatsApp-Image-2025-05-18-at-21.34.53.jpeg\" \/>\n\t<meta property=\"og:image:width\" content=\"225\" \/>\n\t<meta property=\"og:image:height\" content=\"225\" \/>\n\t<meta property=\"og:image:type\" content=\"image\/jpeg\" \/>\n<meta name=\"author\" content=\"LA REDACTION\" \/>\n<meta name=\"twitter:card\" content=\"summary_large_image\" \/>\n<meta name=\"twitter:label1\" content=\"\u00c9crit par\" \/>\n\t<meta name=\"twitter:data1\" content=\"LA REDACTION\" \/>\n\t<meta name=\"twitter:label2\" content=\"Dur\u00e9e de lecture estim\u00e9e\" \/>\n\t<meta name=\"twitter:data2\" content=\"5 minutes\" \/>\n<script type=\"application\/ld+json\" class=\"yoast-schema-graph\">{\"@context\":\"https:\/\/schema.org\",\"@graph\":[{\"@type\":\"Article\",\"@id\":\"https:\/\/www.public.sn\/index.php\/2025\/05\/19\/diplomatie-lalignement-farfelu-du-senegal-derriere-les-juntes-dakar-guide-et-impulse-par-bougane-gueye\/#article\",\"isPartOf\":{\"@id\":\"https:\/\/www.public.sn\/index.php\/2025\/05\/19\/diplomatie-lalignement-farfelu-du-senegal-derriere-les-juntes-dakar-guide-et-impulse-par-bougane-gueye\/\"},\"author\":{\"name\":\"LA REDACTION\",\"@id\":\"https:\/\/www.public.sn\/#\/schema\/person\/e3f4a11b037d4203902db148f9bc8d5a\"},\"headline\":\"\u00ab\u00a0Diplomatie : l\u2019alignement farfelu du S\u00e9n\u00e9gal derri\u00e8re les juntes ! Dakar guide et impulse.\u00a0\u00bb | (Par Bougane Gu\u00e8ye)\",\"datePublished\":\"2025-05-19T01:11:23+00:00\",\"dateModified\":\"2025-05-19T01:11:26+00:00\",\"mainEntityOfPage\":{\"@id\":\"https:\/\/www.public.sn\/index.php\/2025\/05\/19\/diplomatie-lalignement-farfelu-du-senegal-derriere-les-juntes-dakar-guide-et-impulse-par-bougane-gueye\/\"},\"wordCount\":1099,\"commentCount\":0,\"publisher\":{\"@id\":\"https:\/\/www.public.sn\/#organization\"},\"image\":{\"@id\":\"https:\/\/www.public.sn\/index.php\/2025\/05\/19\/diplomatie-lalignement-farfelu-du-senegal-derriere-les-juntes-dakar-guide-et-impulse-par-bougane-gueye\/#primaryimage\"},\"thumbnailUrl\":\"https:\/\/www.public.sn\/wp-content\/uploads\/2025\/05\/WhatsApp-Image-2025-05-18-at-21.34.53.jpeg\",\"keywords\":[\"Bougane Gu\u00e8ye\",\"diplomatie\"],\"articleSection\":[\"ACTUALIT\u00c9S\",\"CONTRIBUTIONS\",\"POLITIQUE\",\"S\u00c9N\u00c9GAL\"],\"inLanguage\":\"fr-FR\",\"potentialAction\":[{\"@type\":\"CommentAction\",\"name\":\"Comment\",\"target\":[\"https:\/\/www.public.sn\/index.php\/2025\/05\/19\/diplomatie-lalignement-farfelu-du-senegal-derriere-les-juntes-dakar-guide-et-impulse-par-bougane-gueye\/#respond\"]}]},{\"@type\":\"WebPage\",\"@id\":\"https:\/\/www.public.sn\/index.php\/2025\/05\/19\/diplomatie-lalignement-farfelu-du-senegal-derriere-les-juntes-dakar-guide-et-impulse-par-bougane-gueye\/\",\"url\":\"https:\/\/www.public.sn\/index.php\/2025\/05\/19\/diplomatie-lalignement-farfelu-du-senegal-derriere-les-juntes-dakar-guide-et-impulse-par-bougane-gueye\/\",\"name\":\"\\\"Diplomatie : l\u2019alignement farfelu du S\u00e9n\u00e9gal derri\u00e8re les juntes ! Dakar guide et impulse.\\\" | (Par Bougane Gu\u00e8ye) - LE PUBLIC\",\"isPartOf\":{\"@id\":\"https:\/\/www.public.sn\/#website\"},\"primaryImageOfPage\":{\"@id\":\"https:\/\/www.public.sn\/index.php\/2025\/05\/19\/diplomatie-lalignement-farfelu-du-senegal-derriere-les-juntes-dakar-guide-et-impulse-par-bougane-gueye\/#primaryimage\"},\"image\":{\"@id\":\"https:\/\/www.public.sn\/index.php\/2025\/05\/19\/diplomatie-lalignement-farfelu-du-senegal-derriere-les-juntes-dakar-guide-et-impulse-par-bougane-gueye\/#primaryimage\"},\"thumbnailUrl\":\"https:\/\/www.public.sn\/wp-content\/uploads\/2025\/05\/WhatsApp-Image-2025-05-18-at-21.34.53.jpeg\",\"datePublished\":\"2025-05-19T01:11:23+00:00\",\"dateModified\":\"2025-05-19T01:11:26+00:00\",\"description\":\"Depuis l\u2019ind\u00e9pendance, le S\u00e9n\u00e9gal s\u2019est forg\u00e9 une tradition diplomatique exemplaire, b\u00e2tie sur la stabilit\u00e9 institutionnelle, le respect de l\u2019ordre d\u00e9mocratique et l\u2019engagement panafricain. \u00c0 travers une diplomatie coh\u00e9rente et respect\u00e9e, le pays s\u2019est impos\u00e9 comme un acteur de premier plan dans les affaires r\u00e9gionales et internationales.\",\"breadcrumb\":{\"@id\":\"https:\/\/www.public.sn\/index.php\/2025\/05\/19\/diplomatie-lalignement-farfelu-du-senegal-derriere-les-juntes-dakar-guide-et-impulse-par-bougane-gueye\/#breadcrumb\"},\"inLanguage\":\"fr-FR\",\"potentialAction\":[{\"@type\":\"ReadAction\",\"target\":[\"https:\/\/www.public.sn\/index.php\/2025\/05\/19\/diplomatie-lalignement-farfelu-du-senegal-derriere-les-juntes-dakar-guide-et-impulse-par-bougane-gueye\/\"]}]},{\"@type\":\"ImageObject\",\"inLanguage\":\"fr-FR\",\"@id\":\"https:\/\/www.public.sn\/index.php\/2025\/05\/19\/diplomatie-lalignement-farfelu-du-senegal-derriere-les-juntes-dakar-guide-et-impulse-par-bougane-gueye\/#primaryimage\",\"url\":\"https:\/\/www.public.sn\/wp-content\/uploads\/2025\/05\/WhatsApp-Image-2025-05-18-at-21.34.53.jpeg\",\"contentUrl\":\"https:\/\/www.public.sn\/wp-content\/uploads\/2025\/05\/WhatsApp-Image-2025-05-18-at-21.34.53.jpeg\",\"width\":225,\"height\":225},{\"@type\":\"BreadcrumbList\",\"@id\":\"https:\/\/www.public.sn\/index.php\/2025\/05\/19\/diplomatie-lalignement-farfelu-du-senegal-derriere-les-juntes-dakar-guide-et-impulse-par-bougane-gueye\/#breadcrumb\",\"itemListElement\":[{\"@type\":\"ListItem\",\"position\":1,\"name\":\"Accueil\",\"item\":\"https:\/\/www.public.sn\/\"},{\"@type\":\"ListItem\",\"position\":2,\"name\":\"\u00ab\u00a0Diplomatie : l\u2019alignement farfelu du S\u00e9n\u00e9gal derri\u00e8re les juntes ! Dakar guide et impulse.\u00a0\u00bb | (Par Bougane Gu\u00e8ye)\"}]},{\"@type\":\"WebSite\",\"@id\":\"https:\/\/www.public.sn\/#website\",\"url\":\"https:\/\/www.public.sn\/\",\"name\":\"LE PUBLIC\",\"description\":\"\",\"publisher\":{\"@id\":\"https:\/\/www.public.sn\/#organization\"},\"potentialAction\":[{\"@type\":\"SearchAction\",\"target\":{\"@type\":\"EntryPoint\",\"urlTemplate\":\"https:\/\/www.public.sn\/?s={search_term_string}\"},\"query-input\":{\"@type\":\"PropertyValueSpecification\",\"valueRequired\":true,\"valueName\":\"search_term_string\"}}],\"inLanguage\":\"fr-FR\"},{\"@type\":\"Organization\",\"@id\":\"https:\/\/www.public.sn\/#organization\",\"name\":\"LE PUBLIC\",\"url\":\"https:\/\/www.public.sn\/\",\"logo\":{\"@type\":\"ImageObject\",\"inLanguage\":\"fr-FR\",\"@id\":\"https:\/\/www.public.sn\/#\/schema\/logo\/image\/\",\"url\":\"https:\/\/www.public.sn\/wp-content\/uploads\/2024\/05\/cropped-LOGO-PUBLIC.SN_.png\",\"contentUrl\":\"https:\/\/www.public.sn\/wp-content\/uploads\/2024\/05\/cropped-LOGO-PUBLIC.SN_.png\",\"width\":682,\"height\":192,\"caption\":\"LE PUBLIC\"},\"image\":{\"@id\":\"https:\/\/www.public.sn\/#\/schema\/logo\/image\/\"}},{\"@type\":\"Person\",\"@id\":\"https:\/\/www.public.sn\/#\/schema\/person\/e3f4a11b037d4203902db148f9bc8d5a\",\"name\":\"LA REDACTION\",\"image\":{\"@type\":\"ImageObject\",\"inLanguage\":\"fr-FR\",\"@id\":\"https:\/\/www.public.sn\/#\/schema\/person\/image\/\",\"url\":\"https:\/\/secure.gravatar.com\/avatar\/d6c030db45db2883c075085c5d6c6258654a801a93766b49af0b82d4f454e2a5?s=96&d=mm&r=g\",\"contentUrl\":\"https:\/\/secure.gravatar.com\/avatar\/d6c030db45db2883c075085c5d6c6258654a801a93766b49af0b82d4f454e2a5?s=96&d=mm&r=g\",\"caption\":\"LA REDACTION\"},\"sameAs\":[\"http:\/\/www.public.sn\"],\"url\":\"https:\/\/www.public.sn\/index.php\/author\/admin7324\/\"}]}<\/script>\n<!-- \/ Yoast SEO plugin. -->","yoast_head_json":{"title":"\"Diplomatie : l\u2019alignement farfelu du S\u00e9n\u00e9gal derri\u00e8re les juntes ! Dakar guide et impulse.\" | (Par Bougane Gu\u00e8ye) - LE PUBLIC","description":"Depuis l\u2019ind\u00e9pendance, le S\u00e9n\u00e9gal s\u2019est forg\u00e9 une tradition diplomatique exemplaire, b\u00e2tie sur la stabilit\u00e9 institutionnelle, le respect de l\u2019ordre d\u00e9mocratique et l\u2019engagement panafricain. \u00c0 travers une diplomatie coh\u00e9rente et respect\u00e9e, le pays s\u2019est impos\u00e9 comme un acteur de premier plan dans les affaires r\u00e9gionales et internationales.","robots":{"index":"index","follow":"follow","max-snippet":"max-snippet:-1","max-image-preview":"max-image-preview:large","max-video-preview":"max-video-preview:-1"},"canonical":"https:\/\/www.public.sn\/index.php\/2025\/05\/19\/diplomatie-lalignement-farfelu-du-senegal-derriere-les-juntes-dakar-guide-et-impulse-par-bougane-gueye\/","og_locale":"fr_FR","og_type":"article","og_title":"\"Diplomatie : l\u2019alignement farfelu du S\u00e9n\u00e9gal derri\u00e8re les juntes ! Dakar guide et impulse.\" | (Par Bougane Gu\u00e8ye) - LE PUBLIC","og_description":"Depuis l\u2019ind\u00e9pendance, le S\u00e9n\u00e9gal s\u2019est forg\u00e9 une tradition diplomatique exemplaire, b\u00e2tie sur la stabilit\u00e9 institutionnelle, le respect de l\u2019ordre d\u00e9mocratique et l\u2019engagement panafricain. \u00c0 travers une diplomatie coh\u00e9rente et respect\u00e9e, le pays s\u2019est impos\u00e9 comme un acteur de premier plan dans les affaires r\u00e9gionales et internationales.","og_url":"https:\/\/www.public.sn\/index.php\/2025\/05\/19\/diplomatie-lalignement-farfelu-du-senegal-derriere-les-juntes-dakar-guide-et-impulse-par-bougane-gueye\/","og_site_name":"LE PUBLIC","article_published_time":"2025-05-19T01:11:23+00:00","article_modified_time":"2025-05-19T01:11:26+00:00","og_image":[{"width":225,"height":225,"url":"https:\/\/www.public.sn\/wp-content\/uploads\/2025\/05\/WhatsApp-Image-2025-05-18-at-21.34.53.jpeg","type":"image\/jpeg"}],"author":"LA REDACTION","twitter_card":"summary_large_image","twitter_misc":{"\u00c9crit par":"LA REDACTION","Dur\u00e9e de lecture estim\u00e9e":"5 minutes"},"schema":{"@context":"https:\/\/schema.org","@graph":[{"@type":"Article","@id":"https:\/\/www.public.sn\/index.php\/2025\/05\/19\/diplomatie-lalignement-farfelu-du-senegal-derriere-les-juntes-dakar-guide-et-impulse-par-bougane-gueye\/#article","isPartOf":{"@id":"https:\/\/www.public.sn\/index.php\/2025\/05\/19\/diplomatie-lalignement-farfelu-du-senegal-derriere-les-juntes-dakar-guide-et-impulse-par-bougane-gueye\/"},"author":{"name":"LA REDACTION","@id":"https:\/\/www.public.sn\/#\/schema\/person\/e3f4a11b037d4203902db148f9bc8d5a"},"headline":"\u00ab\u00a0Diplomatie : l\u2019alignement farfelu du S\u00e9n\u00e9gal derri\u00e8re les juntes ! Dakar guide et impulse.\u00a0\u00bb | (Par Bougane Gu\u00e8ye)","datePublished":"2025-05-19T01:11:23+00:00","dateModified":"2025-05-19T01:11:26+00:00","mainEntityOfPage":{"@id":"https:\/\/www.public.sn\/index.php\/2025\/05\/19\/diplomatie-lalignement-farfelu-du-senegal-derriere-les-juntes-dakar-guide-et-impulse-par-bougane-gueye\/"},"wordCount":1099,"commentCount":0,"publisher":{"@id":"https:\/\/www.public.sn\/#organization"},"image":{"@id":"https:\/\/www.public.sn\/index.php\/2025\/05\/19\/diplomatie-lalignement-farfelu-du-senegal-derriere-les-juntes-dakar-guide-et-impulse-par-bougane-gueye\/#primaryimage"},"thumbnailUrl":"https:\/\/www.public.sn\/wp-content\/uploads\/2025\/05\/WhatsApp-Image-2025-05-18-at-21.34.53.jpeg","keywords":["Bougane Gu\u00e8ye","diplomatie"],"articleSection":["ACTUALIT\u00c9S","CONTRIBUTIONS","POLITIQUE","S\u00c9N\u00c9GAL"],"inLanguage":"fr-FR","potentialAction":[{"@type":"CommentAction","name":"Comment","target":["https:\/\/www.public.sn\/index.php\/2025\/05\/19\/diplomatie-lalignement-farfelu-du-senegal-derriere-les-juntes-dakar-guide-et-impulse-par-bougane-gueye\/#respond"]}]},{"@type":"WebPage","@id":"https:\/\/www.public.sn\/index.php\/2025\/05\/19\/diplomatie-lalignement-farfelu-du-senegal-derriere-les-juntes-dakar-guide-et-impulse-par-bougane-gueye\/","url":"https:\/\/www.public.sn\/index.php\/2025\/05\/19\/diplomatie-lalignement-farfelu-du-senegal-derriere-les-juntes-dakar-guide-et-impulse-par-bougane-gueye\/","name":"\"Diplomatie : l\u2019alignement farfelu du S\u00e9n\u00e9gal derri\u00e8re les juntes ! Dakar guide et impulse.\" | (Par Bougane Gu\u00e8ye) - LE PUBLIC","isPartOf":{"@id":"https:\/\/www.public.sn\/#website"},"primaryImageOfPage":{"@id":"https:\/\/www.public.sn\/index.php\/2025\/05\/19\/diplomatie-lalignement-farfelu-du-senegal-derriere-les-juntes-dakar-guide-et-impulse-par-bougane-gueye\/#primaryimage"},"image":{"@id":"https:\/\/www.public.sn\/index.php\/2025\/05\/19\/diplomatie-lalignement-farfelu-du-senegal-derriere-les-juntes-dakar-guide-et-impulse-par-bougane-gueye\/#primaryimage"},"thumbnailUrl":"https:\/\/www.public.sn\/wp-content\/uploads\/2025\/05\/WhatsApp-Image-2025-05-18-at-21.34.53.jpeg","datePublished":"2025-05-19T01:11:23+00:00","dateModified":"2025-05-19T01:11:26+00:00","description":"Depuis l\u2019ind\u00e9pendance, le S\u00e9n\u00e9gal s\u2019est forg\u00e9 une tradition diplomatique exemplaire, b\u00e2tie sur la stabilit\u00e9 institutionnelle, le respect de l\u2019ordre d\u00e9mocratique et l\u2019engagement panafricain. \u00c0 travers une diplomatie coh\u00e9rente et respect\u00e9e, le pays s\u2019est impos\u00e9 comme un acteur de premier plan dans les affaires r\u00e9gionales et internationales.","breadcrumb":{"@id":"https:\/\/www.public.sn\/index.php\/2025\/05\/19\/diplomatie-lalignement-farfelu-du-senegal-derriere-les-juntes-dakar-guide-et-impulse-par-bougane-gueye\/#breadcrumb"},"inLanguage":"fr-FR","potentialAction":[{"@type":"ReadAction","target":["https:\/\/www.public.sn\/index.php\/2025\/05\/19\/diplomatie-lalignement-farfelu-du-senegal-derriere-les-juntes-dakar-guide-et-impulse-par-bougane-gueye\/"]}]},{"@type":"ImageObject","inLanguage":"fr-FR","@id":"https:\/\/www.public.sn\/index.php\/2025\/05\/19\/diplomatie-lalignement-farfelu-du-senegal-derriere-les-juntes-dakar-guide-et-impulse-par-bougane-gueye\/#primaryimage","url":"https:\/\/www.public.sn\/wp-content\/uploads\/2025\/05\/WhatsApp-Image-2025-05-18-at-21.34.53.jpeg","contentUrl":"https:\/\/www.public.sn\/wp-content\/uploads\/2025\/05\/WhatsApp-Image-2025-05-18-at-21.34.53.jpeg","width":225,"height":225},{"@type":"BreadcrumbList","@id":"https:\/\/www.public.sn\/index.php\/2025\/05\/19\/diplomatie-lalignement-farfelu-du-senegal-derriere-les-juntes-dakar-guide-et-impulse-par-bougane-gueye\/#breadcrumb","itemListElement":[{"@type":"ListItem","position":1,"name":"Accueil","item":"https:\/\/www.public.sn\/"},{"@type":"ListItem","position":2,"name":"\u00ab\u00a0Diplomatie : l\u2019alignement farfelu du S\u00e9n\u00e9gal derri\u00e8re les juntes ! Dakar guide et impulse.\u00a0\u00bb | (Par Bougane Gu\u00e8ye)"}]},{"@type":"WebSite","@id":"https:\/\/www.public.sn\/#website","url":"https:\/\/www.public.sn\/","name":"LE PUBLIC","description":"","publisher":{"@id":"https:\/\/www.public.sn\/#organization"},"potentialAction":[{"@type":"SearchAction","target":{"@type":"EntryPoint","urlTemplate":"https:\/\/www.public.sn\/?s={search_term_string}"},"query-input":{"@type":"PropertyValueSpecification","valueRequired":true,"valueName":"search_term_string"}}],"inLanguage":"fr-FR"},{"@type":"Organization","@id":"https:\/\/www.public.sn\/#organization","name":"LE PUBLIC","url":"https:\/\/www.public.sn\/","logo":{"@type":"ImageObject","inLanguage":"fr-FR","@id":"https:\/\/www.public.sn\/#\/schema\/logo\/image\/","url":"https:\/\/www.public.sn\/wp-content\/uploads\/2024\/05\/cropped-LOGO-PUBLIC.SN_.png","contentUrl":"https:\/\/www.public.sn\/wp-content\/uploads\/2024\/05\/cropped-LOGO-PUBLIC.SN_.png","width":682,"height":192,"caption":"LE PUBLIC"},"image":{"@id":"https:\/\/www.public.sn\/#\/schema\/logo\/image\/"}},{"@type":"Person","@id":"https:\/\/www.public.sn\/#\/schema\/person\/e3f4a11b037d4203902db148f9bc8d5a","name":"LA REDACTION","image":{"@type":"ImageObject","inLanguage":"fr-FR","@id":"https:\/\/www.public.sn\/#\/schema\/person\/image\/","url":"https:\/\/secure.gravatar.com\/avatar\/d6c030db45db2883c075085c5d6c6258654a801a93766b49af0b82d4f454e2a5?s=96&d=mm&r=g","contentUrl":"https:\/\/secure.gravatar.com\/avatar\/d6c030db45db2883c075085c5d6c6258654a801a93766b49af0b82d4f454e2a5?s=96&d=mm&r=g","caption":"LA REDACTION"},"sameAs":["http:\/\/www.public.sn"],"url":"https:\/\/www.public.sn\/index.php\/author\/admin7324\/"}]}},"jetpack_featured_media_url":"https:\/\/www.public.sn\/wp-content\/uploads\/2025\/05\/WhatsApp-Image-2025-05-18-at-21.34.53.jpeg","jetpack_sharing_enabled":true,"_links":{"self":[{"href":"https:\/\/www.public.sn\/index.php\/wp-json\/wp\/v2\/posts\/37567","targetHints":{"allow":["GET"]}}],"collection":[{"href":"https:\/\/www.public.sn\/index.php\/wp-json\/wp\/v2\/posts"}],"about":[{"href":"https:\/\/www.public.sn\/index.php\/wp-json\/wp\/v2\/types\/post"}],"author":[{"embeddable":true,"href":"https:\/\/www.public.sn\/index.php\/wp-json\/wp\/v2\/users\/1"}],"replies":[{"embeddable":true,"href":"https:\/\/www.public.sn\/index.php\/wp-json\/wp\/v2\/comments?post=37567"}],"version-history":[{"count":1,"href":"https:\/\/www.public.sn\/index.php\/wp-json\/wp\/v2\/posts\/37567\/revisions"}],"predecessor-version":[{"id":37569,"href":"https:\/\/www.public.sn\/index.php\/wp-json\/wp\/v2\/posts\/37567\/revisions\/37569"}],"wp:featuredmedia":[{"embeddable":true,"href":"https:\/\/www.public.sn\/index.php\/wp-json\/wp\/v2\/media\/37568"}],"wp:attachment":[{"href":"https:\/\/www.public.sn\/index.php\/wp-json\/wp\/v2\/media?parent=37567"}],"wp:term":[{"taxonomy":"category","embeddable":true,"href":"https:\/\/www.public.sn\/index.php\/wp-json\/wp\/v2\/categories?post=37567"},{"taxonomy":"post_tag","embeddable":true,"href":"https:\/\/www.public.sn\/index.php\/wp-json\/wp\/v2\/tags?post=37567"}],"curies":[{"name":"wp","href":"https:\/\/api.w.org\/{rel}","templated":true}]}}