{"id":37612,"date":"2025-10-06T13:53:47","date_gmt":"2025-10-06T13:53:47","guid":{"rendered":"https:\/\/www.public.sn\/?p=37612"},"modified":"2025-10-06T13:53:50","modified_gmt":"2025-10-06T13:53:50","slug":"pas-une-rue-pour-leurs-heroines-les-femmes-de-dakar-plateau-crient-au-scandale","status":"publish","type":"post","link":"https:\/\/www.public.sn\/index.php\/2025\/10\/06\/pas-une-rue-pour-leurs-heroines-les-femmes-de-dakar-plateau-crient-au-scandale\/","title":{"rendered":"Pas une rue pour leurs h\u00e9ro\u00efnes, les femmes de Dakar plateau crient au scandale"},"content":{"rendered":"\n<p>Dans une lettre de protestation adress\u00e9e au maire de Dakar-Plateau, Alioune Ndoye, et au pr\u00e9fet de Dakar, le Collectif des Femmes Leaders de Dakar-Plateau exprime son indignation face \u00e0 la r\u00e9cente d\u00e9cision de renommage des rues de la commune, annonc\u00e9e le 13 septembre 2025. Cette d\u00e9cision, qui honore des figures embl\u00e9matiques s\u00e9n\u00e9galaises, ne mentionne aucune femme, une omission qualifi\u00e9e de \u00ab misogynisme choquant et inacceptable \u00bb par le collectif.<\/p><div class=\"publi-paragraphe1\" style=\"margin-top: 10px;margin-bottom: 10px;margin-left: auto;margin-right: auto;text-align: center;\" id=\"publi-3141541097\"><div class=\"publi-adlabel\">Publicit\u00e9<\/div><script async src=\"\/\/pagead2.googlesyndication.com\/pagead\/js\/adsbygoogle.js?client=ca-pub-4089586018074219\" crossorigin=\"anonymous\"><\/script><ins class=\"adsbygoogle\" style=\"display:block;\" data-ad-client=\"ca-pub-4089586018074219\" \ndata-ad-slot=\"2087940154\" \ndata-ad-format=\"auto\"><\/ins>\n<script> \n(adsbygoogle = window.adsbygoogle || []).push({}); \n<\/script>\n<\/div>\n\n\n\n<p>Le collectif d\u00e9nonce l\u2019absence de noms de femmes dans la nouvelle toponymie, alors que de nombreuses figures f\u00e9minines ont marqu\u00e9 l\u2019histoire du S\u00e9n\u00e9gal. \u00ab Les illustres femmes qui ont contribu\u00e9 au d\u00e9veloppement de notre pays m\u00e9ritent respect et honneur \u00bb, mart\u00e8le la lettre. Parmi les noms propos\u00e9s pour rectifier cette injustice, le collectif cite Caroline Diop, Arame Di\u00e8ne, Mariama B\u00e2, Adja Rose Bass, Mame Diarra Bousso, Mame Fama Well\u00e9, Aline Sito\u00e9 Diatta, Dieumbeut Mbodj et Ndatt\u00e9 Yala, \u00ab pour ne citer qu\u2019une poign\u00e9e de noms \u00bb.<\/p>\n\n\n\n<p><strong>Une demande de rectification imm\u00e9diate<\/strong><\/p>\n\n\n\n<p>Face \u00e0 ce \u00ab machisme sans nom \u00bb, le Collectif des Femmes Leaders de Dakar-Plateau exige une r\u00e9vision imm\u00e9diate de la liste des rues renomm\u00e9es afin d\u2019y inclure des hommages \u00e0 ces femmes illustres. Cette d\u00e9marche, selon le collectif, est essentielle pour rendre justice \u00e0 leur contribution et promouvoir une repr\u00e9sentation \u00e9quitable dans l\u2019espace public.Cette protestation intervient dans un contexte o\u00f9 la d\u00e9cision du conseil municipal visait \u00e0 \u00ab enraciner nos espaces urbains dans la reconnaissance de nos h\u00e9ros et mod\u00e8les \u00bb. Le collectif rappelle que cet objectif ne peut \u00eatre pleinement atteint sans reconna\u00eetre les apports des femmes s\u00e9n\u00e9galaises, piliers de l\u2019histoire et de l\u2019identit\u00e9 nationale.<\/p>\n\n\n<div class=\"wp-block-image\">\n<figure class=\"aligncenter size-large\"><img fetchpriority=\"high\" decoding=\"async\" width=\"687\" height=\"1024\" src=\"https:\/\/www.public.sn\/wp-content\/uploads\/2025\/10\/68e3a5ecd4509_sE3etePR11-687x1024.jpg\" alt=\"\" class=\"wp-image-37613\" srcset=\"https:\/\/www.public.sn\/wp-content\/uploads\/2025\/10\/68e3a5ecd4509_sE3etePR11-687x1024.jpg 687w, https:\/\/www.public.sn\/wp-content\/uploads\/2025\/10\/68e3a5ecd4509_sE3etePR11-201x300.jpg 201w, https:\/\/www.public.sn\/wp-content\/uploads\/2025\/10\/68e3a5ecd4509_sE3etePR11-600x895.jpg 600w, https:\/\/www.public.sn\/wp-content\/uploads\/2025\/10\/68e3a5ecd4509_sE3etePR11.jpg 717w\" sizes=\"(max-width: 687px) 100vw, 687px\" \/><\/figure>\n<\/div><div class=\"publi-apres-le-contenu\" style=\"margin-top: 10px;margin-bottom: 10px;margin-left: auto;margin-right: auto;text-align: center;\" id=\"publi-3856931119\"><div class=\"publi-adlabel\">Publicit\u00e9<\/div><script async src=\"\/\/pagead2.googlesyndication.com\/pagead\/js\/adsbygoogle.js?client=ca-pub-4089586018074219\" crossorigin=\"anonymous\"><\/script><ins class=\"adsbygoogle\" style=\"display:block;\" data-ad-client=\"ca-pub-4089586018074219\" \ndata-ad-slot=\"2087940154\" \ndata-ad-format=\"auto\"><\/ins>\n<script> \n(adsbygoogle = window.adsbygoogle || []).push({}); \n<\/script>\n<\/div>","protected":false},"excerpt":{"rendered":"<p>Dans une lettre de protestation adress\u00e9e au maire de Dakar-Plateau, Alioune Ndoye, et au pr\u00e9fet de Dakar, le Collectif des Femmes Leaders de Dakar-Plateau exprime son indignation face \u00e0 la r\u00e9cente d\u00e9cision de renommage des rues de la commune, annonc\u00e9e le 13 septembre 2025. Cette d\u00e9cision, qui honore des figures embl\u00e9matiques s\u00e9n\u00e9galaises, ne mentionne aucune femme, une omission qualifi\u00e9e de \u00ab misogynisme choquant et inacceptable \u00bb par le collectif. Le collectif d\u00e9nonce l\u2019absence de noms de femmes dans la nouvelle toponymie, alors que de nombreuses figures f\u00e9minines ont marqu\u00e9 l\u2019histoire du S\u00e9n\u00e9gal. \u00ab Les illustres femmes qui ont contribu\u00e9 au d\u00e9veloppement de notre pays m\u00e9ritent respect et honneur \u00bb, mart\u00e8le la lettre. Parmi les noms propos\u00e9s pour rectifier cette injustice, le collectif cite Caroline Diop, Arame Di\u00e8ne, Mariama B\u00e2, Adja Rose Bass, Mame Diarra Bousso, Mame Fama Well\u00e9, Aline Sito\u00e9 Diatta, Dieumbeut Mbodj et Ndatt\u00e9 Yala, \u00ab pour ne citer qu\u2019une poign\u00e9e de noms \u00bb. Une demande de rectification imm\u00e9diate Face \u00e0 ce \u00ab machisme sans nom \u00bb, le Collectif des Femmes Leaders de Dakar-Plateau exige une r\u00e9vision imm\u00e9diate de la liste des rues renomm\u00e9es afin d\u2019y inclure des hommages \u00e0 ces femmes illustres. Cette d\u00e9marche, selon le collectif, est essentielle pour rendre justice \u00e0 leur contribution et promouvoir une repr\u00e9sentation \u00e9quitable dans l\u2019espace public.Cette protestation intervient dans un contexte o\u00f9 la d\u00e9cision du conseil municipal visait \u00e0 \u00ab enraciner nos espaces urbains dans la reconnaissance de nos h\u00e9ros et mod\u00e8les \u00bb. Le collectif rappelle que cet objectif ne peut \u00eatre pleinement atteint sans reconna\u00eetre les apports des femmes s\u00e9n\u00e9galaises, piliers de l\u2019histoire et de l\u2019identit\u00e9 nationale.<\/p>\n","protected":false},"author":7,"featured_media":37614,"comment_status":"open","ping_status":"open","sticky":false,"template":"","format":"standard","meta":{"_jetpack_memberships_contains_paid_content":false,"footnotes":""},"categories":[375,1,4],"tags":[7556,7557],"class_list":["post-37612","post","type-post","status-publish","format-standard","has-post-thumbnail","hentry","category-actualites","category-non-classe","category-societe","tag-dakar-plateau","tag-marche-femme","entry","has-media","owp-thumbs-layout-horizontal","owp-btn-normal","owp-tabs-layout-horizontal","has-no-thumbnails","has-product-nav"],"yoast_head":"<!-- This site is optimized with the Yoast SEO plugin v25.5 - https:\/\/yoast.com\/wordpress\/plugins\/seo\/ -->\n<title>Pas une rue pour leurs h\u00e9ro\u00efnes, les femmes de Dakar plateau crient au scandale - LE PUBLIC<\/title>\n<meta name=\"robots\" content=\"index, follow, max-snippet:-1, max-image-preview:large, max-video-preview:-1\" \/>\n<link rel=\"canonical\" href=\"https:\/\/www.public.sn\/index.php\/2025\/10\/06\/pas-une-rue-pour-leurs-heroines-les-femmes-de-dakar-plateau-crient-au-scandale\/\" \/>\n<meta property=\"og:locale\" content=\"fr_FR\" \/>\n<meta property=\"og:type\" content=\"article\" \/>\n<meta property=\"og:title\" content=\"Pas une rue pour leurs h\u00e9ro\u00efnes, les femmes de Dakar plateau crient au scandale - LE PUBLIC\" \/>\n<meta property=\"og:description\" content=\"Dans une lettre de protestation adress\u00e9e au maire de Dakar-Plateau, Alioune Ndoye, et au pr\u00e9fet de Dakar, le Collectif des Femmes Leaders de Dakar-Plateau exprime son indignation face \u00e0 la r\u00e9cente d\u00e9cision de renommage des rues de la commune, annonc\u00e9e le 13 septembre 2025. Cette d\u00e9cision, qui honore des figures embl\u00e9matiques s\u00e9n\u00e9galaises, ne mentionne aucune femme, une omission qualifi\u00e9e de \u00ab misogynisme choquant et inacceptable \u00bb par le collectif. Le collectif d\u00e9nonce l\u2019absence de noms de femmes dans la nouvelle toponymie, alors que de nombreuses figures f\u00e9minines ont marqu\u00e9 l\u2019histoire du S\u00e9n\u00e9gal. \u00ab Les illustres femmes qui ont contribu\u00e9 au d\u00e9veloppement de notre pays m\u00e9ritent respect et honneur \u00bb, mart\u00e8le la lettre. Parmi les noms propos\u00e9s pour rectifier cette injustice, le collectif cite Caroline Diop, Arame Di\u00e8ne, Mariama B\u00e2, Adja Rose Bass, Mame Diarra Bousso, Mame Fama Well\u00e9, Aline Sito\u00e9 Diatta, Dieumbeut Mbodj et Ndatt\u00e9 Yala, \u00ab pour ne citer qu\u2019une poign\u00e9e de noms \u00bb. Une demande de rectification imm\u00e9diate Face \u00e0 ce \u00ab machisme sans nom \u00bb, le Collectif des Femmes Leaders de Dakar-Plateau exige une r\u00e9vision imm\u00e9diate de la liste des rues renomm\u00e9es afin d\u2019y inclure des hommages \u00e0 ces femmes illustres. Cette d\u00e9marche, selon le collectif, est essentielle pour rendre justice \u00e0 leur contribution et promouvoir une repr\u00e9sentation \u00e9quitable dans l\u2019espace public.Cette protestation intervient dans un contexte o\u00f9 la d\u00e9cision du conseil municipal visait \u00e0 \u00ab enraciner nos espaces urbains dans la reconnaissance de nos h\u00e9ros et mod\u00e8les \u00bb. Le collectif rappelle que cet objectif ne peut \u00eatre pleinement atteint sans reconna\u00eetre les apports des femmes s\u00e9n\u00e9galaises, piliers de l\u2019histoire et de l\u2019identit\u00e9 nationale.\" \/>\n<meta property=\"og:url\" content=\"https:\/\/www.public.sn\/index.php\/2025\/10\/06\/pas-une-rue-pour-leurs-heroines-les-femmes-de-dakar-plateau-crient-au-scandale\/\" \/>\n<meta property=\"og:site_name\" content=\"LE PUBLIC\" \/>\n<meta property=\"article:published_time\" content=\"2025-10-06T13:53:47+00:00\" \/>\n<meta property=\"article:modified_time\" content=\"2025-10-06T13:53:50+00:00\" \/>\n<meta property=\"og:image\" content=\"https:\/\/www.public.sn\/wp-content\/uploads\/2025\/10\/thumb_1260x800_68e3a6f798605_tx8trGCmDT.jpg\" \/>\n\t<meta property=\"og:image:width\" content=\"1260\" \/>\n\t<meta property=\"og:image:height\" content=\"800\" \/>\n\t<meta property=\"og:image:type\" content=\"image\/jpeg\" \/>\n<meta name=\"author\" content=\"LA REDACTION\" \/>\n<meta name=\"twitter:card\" content=\"summary_large_image\" \/>\n<meta name=\"twitter:label1\" content=\"\u00c9crit par\" \/>\n\t<meta name=\"twitter:data1\" content=\"LA REDACTION\" \/>\n\t<meta name=\"twitter:label2\" content=\"Dur\u00e9e de lecture estim\u00e9e\" \/>\n\t<meta name=\"twitter:data2\" content=\"2 minutes\" \/>\n<script type=\"application\/ld+json\" class=\"yoast-schema-graph\">{\"@context\":\"https:\/\/schema.org\",\"@graph\":[{\"@type\":\"Article\",\"@id\":\"https:\/\/www.public.sn\/index.php\/2025\/10\/06\/pas-une-rue-pour-leurs-heroines-les-femmes-de-dakar-plateau-crient-au-scandale\/#article\",\"isPartOf\":{\"@id\":\"https:\/\/www.public.sn\/index.php\/2025\/10\/06\/pas-une-rue-pour-leurs-heroines-les-femmes-de-dakar-plateau-crient-au-scandale\/\"},\"author\":{\"name\":\"LA REDACTION\",\"@id\":\"https:\/\/www.public.sn\/#\/schema\/person\/cb76c8e1b8becc6be61fb5e92d6d0224\"},\"headline\":\"Pas une rue pour leurs h\u00e9ro\u00efnes, les femmes de Dakar plateau crient au scandale\",\"datePublished\":\"2025-10-06T13:53:47+00:00\",\"dateModified\":\"2025-10-06T13:53:50+00:00\",\"mainEntityOfPage\":{\"@id\":\"https:\/\/www.public.sn\/index.php\/2025\/10\/06\/pas-une-rue-pour-leurs-heroines-les-femmes-de-dakar-plateau-crient-au-scandale\/\"},\"wordCount\":306,\"commentCount\":0,\"publisher\":{\"@id\":\"https:\/\/www.public.sn\/#organization\"},\"image\":{\"@id\":\"https:\/\/www.public.sn\/index.php\/2025\/10\/06\/pas-une-rue-pour-leurs-heroines-les-femmes-de-dakar-plateau-crient-au-scandale\/#primaryimage\"},\"thumbnailUrl\":\"https:\/\/www.public.sn\/wp-content\/uploads\/2025\/10\/thumb_1260x800_68e3a6f798605_tx8trGCmDT.jpg\",\"keywords\":[\"Dakar plateau\",\"marche femme\"],\"articleSection\":[\"ACTUALIT\u00c9S\",\"S\u00c9N\u00c9GAL\",\"SOCIETE\"],\"inLanguage\":\"fr-FR\",\"potentialAction\":[{\"@type\":\"CommentAction\",\"name\":\"Comment\",\"target\":[\"https:\/\/www.public.sn\/index.php\/2025\/10\/06\/pas-une-rue-pour-leurs-heroines-les-femmes-de-dakar-plateau-crient-au-scandale\/#respond\"]}]},{\"@type\":\"WebPage\",\"@id\":\"https:\/\/www.public.sn\/index.php\/2025\/10\/06\/pas-une-rue-pour-leurs-heroines-les-femmes-de-dakar-plateau-crient-au-scandale\/\",\"url\":\"https:\/\/www.public.sn\/index.php\/2025\/10\/06\/pas-une-rue-pour-leurs-heroines-les-femmes-de-dakar-plateau-crient-au-scandale\/\",\"name\":\"Pas une rue pour leurs h\u00e9ro\u00efnes, les femmes de Dakar plateau crient au scandale - LE PUBLIC\",\"isPartOf\":{\"@id\":\"https:\/\/www.public.sn\/#website\"},\"primaryImageOfPage\":{\"@id\":\"https:\/\/www.public.sn\/index.php\/2025\/10\/06\/pas-une-rue-pour-leurs-heroines-les-femmes-de-dakar-plateau-crient-au-scandale\/#primaryimage\"},\"image\":{\"@id\":\"https:\/\/www.public.sn\/index.php\/2025\/10\/06\/pas-une-rue-pour-leurs-heroines-les-femmes-de-dakar-plateau-crient-au-scandale\/#primaryimage\"},\"thumbnailUrl\":\"https:\/\/www.public.sn\/wp-content\/uploads\/2025\/10\/thumb_1260x800_68e3a6f798605_tx8trGCmDT.jpg\",\"datePublished\":\"2025-10-06T13:53:47+00:00\",\"dateModified\":\"2025-10-06T13:53:50+00:00\",\"breadcrumb\":{\"@id\":\"https:\/\/www.public.sn\/index.php\/2025\/10\/06\/pas-une-rue-pour-leurs-heroines-les-femmes-de-dakar-plateau-crient-au-scandale\/#breadcrumb\"},\"inLanguage\":\"fr-FR\",\"potentialAction\":[{\"@type\":\"ReadAction\",\"target\":[\"https:\/\/www.public.sn\/index.php\/2025\/10\/06\/pas-une-rue-pour-leurs-heroines-les-femmes-de-dakar-plateau-crient-au-scandale\/\"]}]},{\"@type\":\"ImageObject\",\"inLanguage\":\"fr-FR\",\"@id\":\"https:\/\/www.public.sn\/index.php\/2025\/10\/06\/pas-une-rue-pour-leurs-heroines-les-femmes-de-dakar-plateau-crient-au-scandale\/#primaryimage\",\"url\":\"https:\/\/www.public.sn\/wp-content\/uploads\/2025\/10\/thumb_1260x800_68e3a6f798605_tx8trGCmDT.jpg\",\"contentUrl\":\"https:\/\/www.public.sn\/wp-content\/uploads\/2025\/10\/thumb_1260x800_68e3a6f798605_tx8trGCmDT.jpg\",\"width\":1260,\"height\":800},{\"@type\":\"BreadcrumbList\",\"@id\":\"https:\/\/www.public.sn\/index.php\/2025\/10\/06\/pas-une-rue-pour-leurs-heroines-les-femmes-de-dakar-plateau-crient-au-scandale\/#breadcrumb\",\"itemListElement\":[{\"@type\":\"ListItem\",\"position\":1,\"name\":\"Accueil\",\"item\":\"https:\/\/www.public.sn\/\"},{\"@type\":\"ListItem\",\"position\":2,\"name\":\"Pas une rue pour leurs h\u00e9ro\u00efnes, les femmes de Dakar plateau crient au scandale\"}]},{\"@type\":\"WebSite\",\"@id\":\"https:\/\/www.public.sn\/#website\",\"url\":\"https:\/\/www.public.sn\/\",\"name\":\"LE PUBLIC\",\"description\":\"\",\"publisher\":{\"@id\":\"https:\/\/www.public.sn\/#organization\"},\"potentialAction\":[{\"@type\":\"SearchAction\",\"target\":{\"@type\":\"EntryPoint\",\"urlTemplate\":\"https:\/\/www.public.sn\/?s={search_term_string}\"},\"query-input\":{\"@type\":\"PropertyValueSpecification\",\"valueRequired\":true,\"valueName\":\"search_term_string\"}}],\"inLanguage\":\"fr-FR\"},{\"@type\":\"Organization\",\"@id\":\"https:\/\/www.public.sn\/#organization\",\"name\":\"LE PUBLIC\",\"url\":\"https:\/\/www.public.sn\/\",\"logo\":{\"@type\":\"ImageObject\",\"inLanguage\":\"fr-FR\",\"@id\":\"https:\/\/www.public.sn\/#\/schema\/logo\/image\/\",\"url\":\"https:\/\/www.public.sn\/wp-content\/uploads\/2024\/05\/cropped-LOGO-PUBLIC.SN_.png\",\"contentUrl\":\"https:\/\/www.public.sn\/wp-content\/uploads\/2024\/05\/cropped-LOGO-PUBLIC.SN_.png\",\"width\":682,\"height\":192,\"caption\":\"LE PUBLIC\"},\"image\":{\"@id\":\"https:\/\/www.public.sn\/#\/schema\/logo\/image\/\"}},{\"@type\":\"Person\",\"@id\":\"https:\/\/www.public.sn\/#\/schema\/person\/cb76c8e1b8becc6be61fb5e92d6d0224\",\"name\":\"LA REDACTION\",\"image\":{\"@type\":\"ImageObject\",\"inLanguage\":\"fr-FR\",\"@id\":\"https:\/\/www.public.sn\/#\/schema\/person\/image\/\",\"url\":\"https:\/\/secure.gravatar.com\/avatar\/2dce5ddd34b8fef0180efe03aa2a9bee7d953856048f9a16b298190a3178407c?s=96&d=mm&r=g\",\"contentUrl\":\"https:\/\/secure.gravatar.com\/avatar\/2dce5ddd34b8fef0180efe03aa2a9bee7d953856048f9a16b298190a3178407c?s=96&d=mm&r=g\",\"caption\":\"LA REDACTION\"},\"url\":\"https:\/\/www.public.sn\/index.php\/author\/editeurpsn\/\"}]}<\/script>\n<!-- \/ Yoast SEO plugin. -->","yoast_head_json":{"title":"Pas une rue pour leurs h\u00e9ro\u00efnes, les femmes de Dakar plateau crient au scandale - LE PUBLIC","robots":{"index":"index","follow":"follow","max-snippet":"max-snippet:-1","max-image-preview":"max-image-preview:large","max-video-preview":"max-video-preview:-1"},"canonical":"https:\/\/www.public.sn\/index.php\/2025\/10\/06\/pas-une-rue-pour-leurs-heroines-les-femmes-de-dakar-plateau-crient-au-scandale\/","og_locale":"fr_FR","og_type":"article","og_title":"Pas une rue pour leurs h\u00e9ro\u00efnes, les femmes de Dakar plateau crient au scandale - LE PUBLIC","og_description":"Dans une lettre de protestation adress\u00e9e au maire de Dakar-Plateau, Alioune Ndoye, et au pr\u00e9fet de Dakar, le Collectif des Femmes Leaders de Dakar-Plateau exprime son indignation face \u00e0 la r\u00e9cente d\u00e9cision de renommage des rues de la commune, annonc\u00e9e le 13 septembre 2025. Cette d\u00e9cision, qui honore des figures embl\u00e9matiques s\u00e9n\u00e9galaises, ne mentionne aucune femme, une omission qualifi\u00e9e de \u00ab misogynisme choquant et inacceptable \u00bb par le collectif. Le collectif d\u00e9nonce l\u2019absence de noms de femmes dans la nouvelle toponymie, alors que de nombreuses figures f\u00e9minines ont marqu\u00e9 l\u2019histoire du S\u00e9n\u00e9gal. \u00ab Les illustres femmes qui ont contribu\u00e9 au d\u00e9veloppement de notre pays m\u00e9ritent respect et honneur \u00bb, mart\u00e8le la lettre. Parmi les noms propos\u00e9s pour rectifier cette injustice, le collectif cite Caroline Diop, Arame Di\u00e8ne, Mariama B\u00e2, Adja Rose Bass, Mame Diarra Bousso, Mame Fama Well\u00e9, Aline Sito\u00e9 Diatta, Dieumbeut Mbodj et Ndatt\u00e9 Yala, \u00ab pour ne citer qu\u2019une poign\u00e9e de noms \u00bb. Une demande de rectification imm\u00e9diate Face \u00e0 ce \u00ab machisme sans nom \u00bb, le Collectif des Femmes Leaders de Dakar-Plateau exige une r\u00e9vision imm\u00e9diate de la liste des rues renomm\u00e9es afin d\u2019y inclure des hommages \u00e0 ces femmes illustres. Cette d\u00e9marche, selon le collectif, est essentielle pour rendre justice \u00e0 leur contribution et promouvoir une repr\u00e9sentation \u00e9quitable dans l\u2019espace public.Cette protestation intervient dans un contexte o\u00f9 la d\u00e9cision du conseil municipal visait \u00e0 \u00ab enraciner nos espaces urbains dans la reconnaissance de nos h\u00e9ros et mod\u00e8les \u00bb. Le collectif rappelle que cet objectif ne peut \u00eatre pleinement atteint sans reconna\u00eetre les apports des femmes s\u00e9n\u00e9galaises, piliers de l\u2019histoire et de l\u2019identit\u00e9 nationale.","og_url":"https:\/\/www.public.sn\/index.php\/2025\/10\/06\/pas-une-rue-pour-leurs-heroines-les-femmes-de-dakar-plateau-crient-au-scandale\/","og_site_name":"LE PUBLIC","article_published_time":"2025-10-06T13:53:47+00:00","article_modified_time":"2025-10-06T13:53:50+00:00","og_image":[{"width":1260,"height":800,"url":"https:\/\/www.public.sn\/wp-content\/uploads\/2025\/10\/thumb_1260x800_68e3a6f798605_tx8trGCmDT.jpg","type":"image\/jpeg"}],"author":"LA REDACTION","twitter_card":"summary_large_image","twitter_misc":{"\u00c9crit par":"LA REDACTION","Dur\u00e9e de lecture estim\u00e9e":"2 minutes"},"schema":{"@context":"https:\/\/schema.org","@graph":[{"@type":"Article","@id":"https:\/\/www.public.sn\/index.php\/2025\/10\/06\/pas-une-rue-pour-leurs-heroines-les-femmes-de-dakar-plateau-crient-au-scandale\/#article","isPartOf":{"@id":"https:\/\/www.public.sn\/index.php\/2025\/10\/06\/pas-une-rue-pour-leurs-heroines-les-femmes-de-dakar-plateau-crient-au-scandale\/"},"author":{"name":"LA REDACTION","@id":"https:\/\/www.public.sn\/#\/schema\/person\/cb76c8e1b8becc6be61fb5e92d6d0224"},"headline":"Pas une rue pour leurs h\u00e9ro\u00efnes, les femmes de Dakar plateau crient au scandale","datePublished":"2025-10-06T13:53:47+00:00","dateModified":"2025-10-06T13:53:50+00:00","mainEntityOfPage":{"@id":"https:\/\/www.public.sn\/index.php\/2025\/10\/06\/pas-une-rue-pour-leurs-heroines-les-femmes-de-dakar-plateau-crient-au-scandale\/"},"wordCount":306,"commentCount":0,"publisher":{"@id":"https:\/\/www.public.sn\/#organization"},"image":{"@id":"https:\/\/www.public.sn\/index.php\/2025\/10\/06\/pas-une-rue-pour-leurs-heroines-les-femmes-de-dakar-plateau-crient-au-scandale\/#primaryimage"},"thumbnailUrl":"https:\/\/www.public.sn\/wp-content\/uploads\/2025\/10\/thumb_1260x800_68e3a6f798605_tx8trGCmDT.jpg","keywords":["Dakar plateau","marche femme"],"articleSection":["ACTUALIT\u00c9S","S\u00c9N\u00c9GAL","SOCIETE"],"inLanguage":"fr-FR","potentialAction":[{"@type":"CommentAction","name":"Comment","target":["https:\/\/www.public.sn\/index.php\/2025\/10\/06\/pas-une-rue-pour-leurs-heroines-les-femmes-de-dakar-plateau-crient-au-scandale\/#respond"]}]},{"@type":"WebPage","@id":"https:\/\/www.public.sn\/index.php\/2025\/10\/06\/pas-une-rue-pour-leurs-heroines-les-femmes-de-dakar-plateau-crient-au-scandale\/","url":"https:\/\/www.public.sn\/index.php\/2025\/10\/06\/pas-une-rue-pour-leurs-heroines-les-femmes-de-dakar-plateau-crient-au-scandale\/","name":"Pas une rue pour leurs h\u00e9ro\u00efnes, les femmes de Dakar plateau crient au scandale - LE PUBLIC","isPartOf":{"@id":"https:\/\/www.public.sn\/#website"},"primaryImageOfPage":{"@id":"https:\/\/www.public.sn\/index.php\/2025\/10\/06\/pas-une-rue-pour-leurs-heroines-les-femmes-de-dakar-plateau-crient-au-scandale\/#primaryimage"},"image":{"@id":"https:\/\/www.public.sn\/index.php\/2025\/10\/06\/pas-une-rue-pour-leurs-heroines-les-femmes-de-dakar-plateau-crient-au-scandale\/#primaryimage"},"thumbnailUrl":"https:\/\/www.public.sn\/wp-content\/uploads\/2025\/10\/thumb_1260x800_68e3a6f798605_tx8trGCmDT.jpg","datePublished":"2025-10-06T13:53:47+00:00","dateModified":"2025-10-06T13:53:50+00:00","breadcrumb":{"@id":"https:\/\/www.public.sn\/index.php\/2025\/10\/06\/pas-une-rue-pour-leurs-heroines-les-femmes-de-dakar-plateau-crient-au-scandale\/#breadcrumb"},"inLanguage":"fr-FR","potentialAction":[{"@type":"ReadAction","target":["https:\/\/www.public.sn\/index.php\/2025\/10\/06\/pas-une-rue-pour-leurs-heroines-les-femmes-de-dakar-plateau-crient-au-scandale\/"]}]},{"@type":"ImageObject","inLanguage":"fr-FR","@id":"https:\/\/www.public.sn\/index.php\/2025\/10\/06\/pas-une-rue-pour-leurs-heroines-les-femmes-de-dakar-plateau-crient-au-scandale\/#primaryimage","url":"https:\/\/www.public.sn\/wp-content\/uploads\/2025\/10\/thumb_1260x800_68e3a6f798605_tx8trGCmDT.jpg","contentUrl":"https:\/\/www.public.sn\/wp-content\/uploads\/2025\/10\/thumb_1260x800_68e3a6f798605_tx8trGCmDT.jpg","width":1260,"height":800},{"@type":"BreadcrumbList","@id":"https:\/\/www.public.sn\/index.php\/2025\/10\/06\/pas-une-rue-pour-leurs-heroines-les-femmes-de-dakar-plateau-crient-au-scandale\/#breadcrumb","itemListElement":[{"@type":"ListItem","position":1,"name":"Accueil","item":"https:\/\/www.public.sn\/"},{"@type":"ListItem","position":2,"name":"Pas une rue pour leurs h\u00e9ro\u00efnes, les femmes de Dakar plateau crient au scandale"}]},{"@type":"WebSite","@id":"https:\/\/www.public.sn\/#website","url":"https:\/\/www.public.sn\/","name":"LE PUBLIC","description":"","publisher":{"@id":"https:\/\/www.public.sn\/#organization"},"potentialAction":[{"@type":"SearchAction","target":{"@type":"EntryPoint","urlTemplate":"https:\/\/www.public.sn\/?s={search_term_string}"},"query-input":{"@type":"PropertyValueSpecification","valueRequired":true,"valueName":"search_term_string"}}],"inLanguage":"fr-FR"},{"@type":"Organization","@id":"https:\/\/www.public.sn\/#organization","name":"LE PUBLIC","url":"https:\/\/www.public.sn\/","logo":{"@type":"ImageObject","inLanguage":"fr-FR","@id":"https:\/\/www.public.sn\/#\/schema\/logo\/image\/","url":"https:\/\/www.public.sn\/wp-content\/uploads\/2024\/05\/cropped-LOGO-PUBLIC.SN_.png","contentUrl":"https:\/\/www.public.sn\/wp-content\/uploads\/2024\/05\/cropped-LOGO-PUBLIC.SN_.png","width":682,"height":192,"caption":"LE PUBLIC"},"image":{"@id":"https:\/\/www.public.sn\/#\/schema\/logo\/image\/"}},{"@type":"Person","@id":"https:\/\/www.public.sn\/#\/schema\/person\/cb76c8e1b8becc6be61fb5e92d6d0224","name":"LA REDACTION","image":{"@type":"ImageObject","inLanguage":"fr-FR","@id":"https:\/\/www.public.sn\/#\/schema\/person\/image\/","url":"https:\/\/secure.gravatar.com\/avatar\/2dce5ddd34b8fef0180efe03aa2a9bee7d953856048f9a16b298190a3178407c?s=96&d=mm&r=g","contentUrl":"https:\/\/secure.gravatar.com\/avatar\/2dce5ddd34b8fef0180efe03aa2a9bee7d953856048f9a16b298190a3178407c?s=96&d=mm&r=g","caption":"LA REDACTION"},"url":"https:\/\/www.public.sn\/index.php\/author\/editeurpsn\/"}]}},"jetpack_featured_media_url":"https:\/\/www.public.sn\/wp-content\/uploads\/2025\/10\/thumb_1260x800_68e3a6f798605_tx8trGCmDT.jpg","jetpack_sharing_enabled":true,"_links":{"self":[{"href":"https:\/\/www.public.sn\/index.php\/wp-json\/wp\/v2\/posts\/37612","targetHints":{"allow":["GET"]}}],"collection":[{"href":"https:\/\/www.public.sn\/index.php\/wp-json\/wp\/v2\/posts"}],"about":[{"href":"https:\/\/www.public.sn\/index.php\/wp-json\/wp\/v2\/types\/post"}],"author":[{"embeddable":true,"href":"https:\/\/www.public.sn\/index.php\/wp-json\/wp\/v2\/users\/7"}],"replies":[{"embeddable":true,"href":"https:\/\/www.public.sn\/index.php\/wp-json\/wp\/v2\/comments?post=37612"}],"version-history":[{"count":1,"href":"https:\/\/www.public.sn\/index.php\/wp-json\/wp\/v2\/posts\/37612\/revisions"}],"predecessor-version":[{"id":37615,"href":"https:\/\/www.public.sn\/index.php\/wp-json\/wp\/v2\/posts\/37612\/revisions\/37615"}],"wp:featuredmedia":[{"embeddable":true,"href":"https:\/\/www.public.sn\/index.php\/wp-json\/wp\/v2\/media\/37614"}],"wp:attachment":[{"href":"https:\/\/www.public.sn\/index.php\/wp-json\/wp\/v2\/media?parent=37612"}],"wp:term":[{"taxonomy":"category","embeddable":true,"href":"https:\/\/www.public.sn\/index.php\/wp-json\/wp\/v2\/categories?post=37612"},{"taxonomy":"post_tag","embeddable":true,"href":"https:\/\/www.public.sn\/index.php\/wp-json\/wp\/v2\/tags?post=37612"}],"curies":[{"name":"wp","href":"https:\/\/api.w.org\/{rel}","templated":true}]}}