{"id":37624,"date":"2025-10-07T15:05:38","date_gmt":"2025-10-07T15:05:38","guid":{"rendered":"https:\/\/www.public.sn\/?p=37624"},"modified":"2025-10-07T15:05:42","modified_gmt":"2025-10-07T15:05:42","slug":"mansour-faye-reprend-ses-fonctions-et-demande-a-letat-de-finaliser-des-projets-importants","status":"publish","type":"post","link":"https:\/\/www.public.sn\/index.php\/2025\/10\/07\/mansour-faye-reprend-ses-fonctions-et-demande-a-letat-de-finaliser-des-projets-importants\/","title":{"rendered":"Mansour Faye reprend ses fonctions et demande \u00e0 l&rsquo;Etat de finaliser des projets importants"},"content":{"rendered":"\n<p><strong>Le maire de Saint-Louis, Mansour Faye, a repris le travail apr\u00e8s sa lib\u00e9ration avec une visite de terrain sur plusieurs chantiers de la commune. Accompagn\u00e9 de ses collaborateurs, il a annonc\u00e9 la poursuite des projets en cours et appel\u00e9 \u00e0 la concr\u00e9tisation de ceux initi\u00e9s par l\u2019\u00c9tat.<\/strong><\/p><div class=\"publi-paragraphe1\" style=\"margin-top: 10px;margin-bottom: 10px;margin-left: auto;margin-right: auto;text-align: center;\" id=\"publi-2905275085\"><div class=\"publi-adlabel\">Publicit\u00e9<\/div><script async src=\"\/\/pagead2.googlesyndication.com\/pagead\/js\/adsbygoogle.js?client=ca-pub-4089586018074219\" crossorigin=\"anonymous\"><\/script><ins class=\"adsbygoogle\" style=\"display:block;\" data-ad-client=\"ca-pub-4089586018074219\" \ndata-ad-slot=\"2087940154\" \ndata-ad-format=\"auto\"><\/ins>\n<script> \n(adsbygoogle = window.adsbygoogle || []).push({}); \n<\/script>\n<\/div>\n\n\n\n<p>\u00abC\u2019est une reprise normale apr\u00e8s quatre mois d\u2019absence. La commune a continu\u00e9 de fonctionner et plusieurs projets ont bien avanc\u00e9\u00bb, a-t-il d\u00e9clar\u00e9. Le maire a notamment visit\u00e9 l\u2019\u00e9cole Fandi\u00e9ry Kon\u00e9, r\u00e9cemment reconstruite, ainsi que d\u2019autres \u00e9tablissements scolaires r\u00e9habilit\u00e9s dans le cadre du programme Pacasen.<\/p>\n\n\n\n<p>Mansour Faye s\u2019est \u00e9galement rendu au stade Maradouane, o\u00f9 la commune investit plus de 350 millions de francs CFA pour la r\u00e9fection de la pelouse.<\/p>\n\n\n\n<p>Il a aussi inspect\u00e9 les travaux de la Place Baya Ndar, de l\u2019avenue Jean Mermoz et du village artisanal, financ\u00e9s \u00e0 hauteur de 2,5 milliards de francs CFA dans le cadre du d\u00e9veloppement touristique.<\/p>\n\n\n\n<p>Enfin, l\u2019\u00e9dile a exhort\u00e9 l\u2019Etat \u00e0 finaliser plusieurs projets structurants, dont l\u2019assainissement de Pikine, le programme Promoville et la construction de l\u2019h\u00f4pital Alioune Badara Ciss\u00e9, afin d\u2019am\u00e9liorer les conditions de vie des habitants de la ville tricentenaire.<\/p>\n\n\n\n<p><\/p>\n<div class=\"publi-apres-le-contenu\" style=\"margin-top: 10px;margin-bottom: 10px;margin-left: auto;margin-right: auto;text-align: center;\" id=\"publi-4255426902\"><div class=\"publi-adlabel\">Publicit\u00e9<\/div><script async src=\"\/\/pagead2.googlesyndication.com\/pagead\/js\/adsbygoogle.js?client=ca-pub-4089586018074219\" crossorigin=\"anonymous\"><\/script><ins class=\"adsbygoogle\" style=\"display:block;\" data-ad-client=\"ca-pub-4089586018074219\" \ndata-ad-slot=\"2087940154\" \ndata-ad-format=\"auto\"><\/ins>\n<script> \n(adsbygoogle = window.adsbygoogle || []).push({}); \n<\/script>\n<\/div>","protected":false},"excerpt":{"rendered":"<p>Le maire de Saint-Louis, Mansour Faye, a repris le travail apr\u00e8s sa lib\u00e9ration avec une visite de terrain sur plusieurs chantiers de la commune. Accompagn\u00e9 de ses collaborateurs, il a annonc\u00e9 la poursuite des projets en cours et appel\u00e9 \u00e0 la concr\u00e9tisation de ceux initi\u00e9s par l\u2019\u00c9tat. \u00abC\u2019est une reprise normale apr\u00e8s quatre mois d\u2019absence. La commune a continu\u00e9 de fonctionner et plusieurs projets ont bien avanc\u00e9\u00bb, a-t-il d\u00e9clar\u00e9. Le maire a notamment visit\u00e9 l\u2019\u00e9cole Fandi\u00e9ry Kon\u00e9, r\u00e9cemment reconstruite, ainsi que d\u2019autres \u00e9tablissements scolaires r\u00e9habilit\u00e9s dans le cadre du programme Pacasen. Mansour Faye s\u2019est \u00e9galement rendu au stade Maradouane, o\u00f9 la commune investit plus de 350 millions de francs CFA pour la r\u00e9fection de la pelouse. Il a aussi inspect\u00e9 les travaux de la Place Baya Ndar, de l\u2019avenue Jean Mermoz et du village artisanal, financ\u00e9s \u00e0 hauteur de 2,5 milliards de francs CFA dans le cadre du d\u00e9veloppement touristique. Enfin, l\u2019\u00e9dile a exhort\u00e9 l\u2019Etat \u00e0 finaliser plusieurs projets structurants, dont l\u2019assainissement de Pikine, le programme Promoville et la construction de l\u2019h\u00f4pital Alioune Badara Ciss\u00e9, afin d\u2019am\u00e9liorer les conditions de vie des habitants de la ville tricentenaire.<\/p>\n","protected":false},"author":7,"featured_media":37626,"comment_status":"open","ping_status":"open","sticky":false,"template":"","format":"standard","meta":{"_jetpack_memberships_contains_paid_content":false,"footnotes":""},"categories":[375,3],"tags":[1174,7511],"class_list":["post-37624","post","type-post","status-publish","format-standard","has-post-thumbnail","hentry","category-actualites","category-politique","tag-mansour-faye","tag-saint-louis-2","entry","has-media","owp-thumbs-layout-horizontal","owp-btn-normal","owp-tabs-layout-horizontal","has-no-thumbnails","has-product-nav"],"yoast_head":"<!-- This site is optimized with the Yoast SEO plugin v25.5 - https:\/\/yoast.com\/wordpress\/plugins\/seo\/ -->\n<title>Mansour Faye reprend ses fonctions et demande \u00e0 l&#039;Etat de finaliser des projets importants - LE PUBLIC<\/title>\n<meta name=\"robots\" content=\"index, follow, max-snippet:-1, max-image-preview:large, max-video-preview:-1\" \/>\n<link rel=\"canonical\" href=\"https:\/\/www.public.sn\/index.php\/2025\/10\/07\/mansour-faye-reprend-ses-fonctions-et-demande-a-letat-de-finaliser-des-projets-importants\/\" \/>\n<meta property=\"og:locale\" content=\"fr_FR\" \/>\n<meta property=\"og:type\" content=\"article\" \/>\n<meta property=\"og:title\" content=\"Mansour Faye reprend ses fonctions et demande \u00e0 l&#039;Etat de finaliser des projets importants - LE PUBLIC\" \/>\n<meta property=\"og:description\" content=\"Le maire de Saint-Louis, Mansour Faye, a repris le travail apr\u00e8s sa lib\u00e9ration avec une visite de terrain sur plusieurs chantiers de la commune. Accompagn\u00e9 de ses collaborateurs, il a annonc\u00e9 la poursuite des projets en cours et appel\u00e9 \u00e0 la concr\u00e9tisation de ceux initi\u00e9s par l\u2019\u00c9tat. \u00abC\u2019est une reprise normale apr\u00e8s quatre mois d\u2019absence. La commune a continu\u00e9 de fonctionner et plusieurs projets ont bien avanc\u00e9\u00bb, a-t-il d\u00e9clar\u00e9. Le maire a notamment visit\u00e9 l\u2019\u00e9cole Fandi\u00e9ry Kon\u00e9, r\u00e9cemment reconstruite, ainsi que d\u2019autres \u00e9tablissements scolaires r\u00e9habilit\u00e9s dans le cadre du programme Pacasen. Mansour Faye s\u2019est \u00e9galement rendu au stade Maradouane, o\u00f9 la commune investit plus de 350 millions de francs CFA pour la r\u00e9fection de la pelouse. Il a aussi inspect\u00e9 les travaux de la Place Baya Ndar, de l\u2019avenue Jean Mermoz et du village artisanal, financ\u00e9s \u00e0 hauteur de 2,5 milliards de francs CFA dans le cadre du d\u00e9veloppement touristique. Enfin, l\u2019\u00e9dile a exhort\u00e9 l\u2019Etat \u00e0 finaliser plusieurs projets structurants, dont l\u2019assainissement de Pikine, le programme Promoville et la construction de l\u2019h\u00f4pital Alioune Badara Ciss\u00e9, afin d\u2019am\u00e9liorer les conditions de vie des habitants de la ville tricentenaire.\" \/>\n<meta property=\"og:url\" content=\"https:\/\/www.public.sn\/index.php\/2025\/10\/07\/mansour-faye-reprend-ses-fonctions-et-demande-a-letat-de-finaliser-des-projets-importants\/\" \/>\n<meta property=\"og:site_name\" content=\"LE PUBLIC\" \/>\n<meta property=\"article:published_time\" content=\"2025-10-07T15:05:38+00:00\" \/>\n<meta property=\"article:modified_time\" content=\"2025-10-07T15:05:42+00:00\" \/>\n<meta property=\"og:image\" content=\"https:\/\/www.public.sn\/wp-content\/uploads\/2025\/10\/thumb_1260x800_68e508d344fe9_L6pqToRyoC.jpeg\" \/>\n\t<meta property=\"og:image:width\" content=\"1260\" \/>\n\t<meta property=\"og:image:height\" content=\"800\" \/>\n\t<meta property=\"og:image:type\" content=\"image\/jpeg\" \/>\n<meta name=\"author\" content=\"LA REDACTION\" \/>\n<meta name=\"twitter:card\" content=\"summary_large_image\" \/>\n<meta name=\"twitter:label1\" content=\"\u00c9crit par\" \/>\n\t<meta name=\"twitter:data1\" content=\"LA REDACTION\" \/>\n\t<meta name=\"twitter:label2\" content=\"Dur\u00e9e de lecture estim\u00e9e\" \/>\n\t<meta name=\"twitter:data2\" content=\"2 minutes\" \/>\n<script type=\"application\/ld+json\" class=\"yoast-schema-graph\">{\"@context\":\"https:\/\/schema.org\",\"@graph\":[{\"@type\":\"Article\",\"@id\":\"https:\/\/www.public.sn\/index.php\/2025\/10\/07\/mansour-faye-reprend-ses-fonctions-et-demande-a-letat-de-finaliser-des-projets-importants\/#article\",\"isPartOf\":{\"@id\":\"https:\/\/www.public.sn\/index.php\/2025\/10\/07\/mansour-faye-reprend-ses-fonctions-et-demande-a-letat-de-finaliser-des-projets-importants\/\"},\"author\":{\"name\":\"LA REDACTION\",\"@id\":\"https:\/\/www.public.sn\/#\/schema\/person\/cb76c8e1b8becc6be61fb5e92d6d0224\"},\"headline\":\"Mansour Faye reprend ses fonctions et demande \u00e0 l&rsquo;Etat de finaliser des projets importants\",\"datePublished\":\"2025-10-07T15:05:38+00:00\",\"dateModified\":\"2025-10-07T15:05:42+00:00\",\"mainEntityOfPage\":{\"@id\":\"https:\/\/www.public.sn\/index.php\/2025\/10\/07\/mansour-faye-reprend-ses-fonctions-et-demande-a-letat-de-finaliser-des-projets-importants\/\"},\"wordCount\":222,\"commentCount\":0,\"publisher\":{\"@id\":\"https:\/\/www.public.sn\/#organization\"},\"image\":{\"@id\":\"https:\/\/www.public.sn\/index.php\/2025\/10\/07\/mansour-faye-reprend-ses-fonctions-et-demande-a-letat-de-finaliser-des-projets-importants\/#primaryimage\"},\"thumbnailUrl\":\"https:\/\/www.public.sn\/wp-content\/uploads\/2025\/10\/thumb_1260x800_68e508d344fe9_L6pqToRyoC.jpeg\",\"keywords\":[\"mansour faye\",\"Saint-Louis\"],\"articleSection\":[\"ACTUALIT\u00c9S\",\"POLITIQUE\"],\"inLanguage\":\"fr-FR\",\"potentialAction\":[{\"@type\":\"CommentAction\",\"name\":\"Comment\",\"target\":[\"https:\/\/www.public.sn\/index.php\/2025\/10\/07\/mansour-faye-reprend-ses-fonctions-et-demande-a-letat-de-finaliser-des-projets-importants\/#respond\"]}]},{\"@type\":\"WebPage\",\"@id\":\"https:\/\/www.public.sn\/index.php\/2025\/10\/07\/mansour-faye-reprend-ses-fonctions-et-demande-a-letat-de-finaliser-des-projets-importants\/\",\"url\":\"https:\/\/www.public.sn\/index.php\/2025\/10\/07\/mansour-faye-reprend-ses-fonctions-et-demande-a-letat-de-finaliser-des-projets-importants\/\",\"name\":\"Mansour Faye reprend ses fonctions et demande \u00e0 l'Etat de finaliser des projets importants - LE PUBLIC\",\"isPartOf\":{\"@id\":\"https:\/\/www.public.sn\/#website\"},\"primaryImageOfPage\":{\"@id\":\"https:\/\/www.public.sn\/index.php\/2025\/10\/07\/mansour-faye-reprend-ses-fonctions-et-demande-a-letat-de-finaliser-des-projets-importants\/#primaryimage\"},\"image\":{\"@id\":\"https:\/\/www.public.sn\/index.php\/2025\/10\/07\/mansour-faye-reprend-ses-fonctions-et-demande-a-letat-de-finaliser-des-projets-importants\/#primaryimage\"},\"thumbnailUrl\":\"https:\/\/www.public.sn\/wp-content\/uploads\/2025\/10\/thumb_1260x800_68e508d344fe9_L6pqToRyoC.jpeg\",\"datePublished\":\"2025-10-07T15:05:38+00:00\",\"dateModified\":\"2025-10-07T15:05:42+00:00\",\"breadcrumb\":{\"@id\":\"https:\/\/www.public.sn\/index.php\/2025\/10\/07\/mansour-faye-reprend-ses-fonctions-et-demande-a-letat-de-finaliser-des-projets-importants\/#breadcrumb\"},\"inLanguage\":\"fr-FR\",\"potentialAction\":[{\"@type\":\"ReadAction\",\"target\":[\"https:\/\/www.public.sn\/index.php\/2025\/10\/07\/mansour-faye-reprend-ses-fonctions-et-demande-a-letat-de-finaliser-des-projets-importants\/\"]}]},{\"@type\":\"ImageObject\",\"inLanguage\":\"fr-FR\",\"@id\":\"https:\/\/www.public.sn\/index.php\/2025\/10\/07\/mansour-faye-reprend-ses-fonctions-et-demande-a-letat-de-finaliser-des-projets-importants\/#primaryimage\",\"url\":\"https:\/\/www.public.sn\/wp-content\/uploads\/2025\/10\/thumb_1260x800_68e508d344fe9_L6pqToRyoC.jpeg\",\"contentUrl\":\"https:\/\/www.public.sn\/wp-content\/uploads\/2025\/10\/thumb_1260x800_68e508d344fe9_L6pqToRyoC.jpeg\",\"width\":1260,\"height\":800},{\"@type\":\"BreadcrumbList\",\"@id\":\"https:\/\/www.public.sn\/index.php\/2025\/10\/07\/mansour-faye-reprend-ses-fonctions-et-demande-a-letat-de-finaliser-des-projets-importants\/#breadcrumb\",\"itemListElement\":[{\"@type\":\"ListItem\",\"position\":1,\"name\":\"Accueil\",\"item\":\"https:\/\/www.public.sn\/\"},{\"@type\":\"ListItem\",\"position\":2,\"name\":\"Mansour Faye reprend ses fonctions et demande \u00e0 l&rsquo;Etat de finaliser des projets importants\"}]},{\"@type\":\"WebSite\",\"@id\":\"https:\/\/www.public.sn\/#website\",\"url\":\"https:\/\/www.public.sn\/\",\"name\":\"LE PUBLIC\",\"description\":\"\",\"publisher\":{\"@id\":\"https:\/\/www.public.sn\/#organization\"},\"potentialAction\":[{\"@type\":\"SearchAction\",\"target\":{\"@type\":\"EntryPoint\",\"urlTemplate\":\"https:\/\/www.public.sn\/?s={search_term_string}\"},\"query-input\":{\"@type\":\"PropertyValueSpecification\",\"valueRequired\":true,\"valueName\":\"search_term_string\"}}],\"inLanguage\":\"fr-FR\"},{\"@type\":\"Organization\",\"@id\":\"https:\/\/www.public.sn\/#organization\",\"name\":\"LE PUBLIC\",\"url\":\"https:\/\/www.public.sn\/\",\"logo\":{\"@type\":\"ImageObject\",\"inLanguage\":\"fr-FR\",\"@id\":\"https:\/\/www.public.sn\/#\/schema\/logo\/image\/\",\"url\":\"https:\/\/www.public.sn\/wp-content\/uploads\/2024\/05\/cropped-LOGO-PUBLIC.SN_.png\",\"contentUrl\":\"https:\/\/www.public.sn\/wp-content\/uploads\/2024\/05\/cropped-LOGO-PUBLIC.SN_.png\",\"width\":682,\"height\":192,\"caption\":\"LE PUBLIC\"},\"image\":{\"@id\":\"https:\/\/www.public.sn\/#\/schema\/logo\/image\/\"}},{\"@type\":\"Person\",\"@id\":\"https:\/\/www.public.sn\/#\/schema\/person\/cb76c8e1b8becc6be61fb5e92d6d0224\",\"name\":\"LA REDACTION\",\"image\":{\"@type\":\"ImageObject\",\"inLanguage\":\"fr-FR\",\"@id\":\"https:\/\/www.public.sn\/#\/schema\/person\/image\/\",\"url\":\"https:\/\/secure.gravatar.com\/avatar\/2dce5ddd34b8fef0180efe03aa2a9bee7d953856048f9a16b298190a3178407c?s=96&d=mm&r=g\",\"contentUrl\":\"https:\/\/secure.gravatar.com\/avatar\/2dce5ddd34b8fef0180efe03aa2a9bee7d953856048f9a16b298190a3178407c?s=96&d=mm&r=g\",\"caption\":\"LA REDACTION\"},\"url\":\"https:\/\/www.public.sn\/index.php\/author\/editeurpsn\/\"}]}<\/script>\n<!-- \/ Yoast SEO plugin. -->","yoast_head_json":{"title":"Mansour Faye reprend ses fonctions et demande \u00e0 l'Etat de finaliser des projets importants - LE PUBLIC","robots":{"index":"index","follow":"follow","max-snippet":"max-snippet:-1","max-image-preview":"max-image-preview:large","max-video-preview":"max-video-preview:-1"},"canonical":"https:\/\/www.public.sn\/index.php\/2025\/10\/07\/mansour-faye-reprend-ses-fonctions-et-demande-a-letat-de-finaliser-des-projets-importants\/","og_locale":"fr_FR","og_type":"article","og_title":"Mansour Faye reprend ses fonctions et demande \u00e0 l'Etat de finaliser des projets importants - LE PUBLIC","og_description":"Le maire de Saint-Louis, Mansour Faye, a repris le travail apr\u00e8s sa lib\u00e9ration avec une visite de terrain sur plusieurs chantiers de la commune. Accompagn\u00e9 de ses collaborateurs, il a annonc\u00e9 la poursuite des projets en cours et appel\u00e9 \u00e0 la concr\u00e9tisation de ceux initi\u00e9s par l\u2019\u00c9tat. \u00abC\u2019est une reprise normale apr\u00e8s quatre mois d\u2019absence. La commune a continu\u00e9 de fonctionner et plusieurs projets ont bien avanc\u00e9\u00bb, a-t-il d\u00e9clar\u00e9. Le maire a notamment visit\u00e9 l\u2019\u00e9cole Fandi\u00e9ry Kon\u00e9, r\u00e9cemment reconstruite, ainsi que d\u2019autres \u00e9tablissements scolaires r\u00e9habilit\u00e9s dans le cadre du programme Pacasen. Mansour Faye s\u2019est \u00e9galement rendu au stade Maradouane, o\u00f9 la commune investit plus de 350 millions de francs CFA pour la r\u00e9fection de la pelouse. Il a aussi inspect\u00e9 les travaux de la Place Baya Ndar, de l\u2019avenue Jean Mermoz et du village artisanal, financ\u00e9s \u00e0 hauteur de 2,5 milliards de francs CFA dans le cadre du d\u00e9veloppement touristique. Enfin, l\u2019\u00e9dile a exhort\u00e9 l\u2019Etat \u00e0 finaliser plusieurs projets structurants, dont l\u2019assainissement de Pikine, le programme Promoville et la construction de l\u2019h\u00f4pital Alioune Badara Ciss\u00e9, afin d\u2019am\u00e9liorer les conditions de vie des habitants de la ville tricentenaire.","og_url":"https:\/\/www.public.sn\/index.php\/2025\/10\/07\/mansour-faye-reprend-ses-fonctions-et-demande-a-letat-de-finaliser-des-projets-importants\/","og_site_name":"LE PUBLIC","article_published_time":"2025-10-07T15:05:38+00:00","article_modified_time":"2025-10-07T15:05:42+00:00","og_image":[{"width":1260,"height":800,"url":"https:\/\/www.public.sn\/wp-content\/uploads\/2025\/10\/thumb_1260x800_68e508d344fe9_L6pqToRyoC.jpeg","type":"image\/jpeg"}],"author":"LA REDACTION","twitter_card":"summary_large_image","twitter_misc":{"\u00c9crit par":"LA REDACTION","Dur\u00e9e de lecture estim\u00e9e":"2 minutes"},"schema":{"@context":"https:\/\/schema.org","@graph":[{"@type":"Article","@id":"https:\/\/www.public.sn\/index.php\/2025\/10\/07\/mansour-faye-reprend-ses-fonctions-et-demande-a-letat-de-finaliser-des-projets-importants\/#article","isPartOf":{"@id":"https:\/\/www.public.sn\/index.php\/2025\/10\/07\/mansour-faye-reprend-ses-fonctions-et-demande-a-letat-de-finaliser-des-projets-importants\/"},"author":{"name":"LA REDACTION","@id":"https:\/\/www.public.sn\/#\/schema\/person\/cb76c8e1b8becc6be61fb5e92d6d0224"},"headline":"Mansour Faye reprend ses fonctions et demande \u00e0 l&rsquo;Etat de finaliser des projets importants","datePublished":"2025-10-07T15:05:38+00:00","dateModified":"2025-10-07T15:05:42+00:00","mainEntityOfPage":{"@id":"https:\/\/www.public.sn\/index.php\/2025\/10\/07\/mansour-faye-reprend-ses-fonctions-et-demande-a-letat-de-finaliser-des-projets-importants\/"},"wordCount":222,"commentCount":0,"publisher":{"@id":"https:\/\/www.public.sn\/#organization"},"image":{"@id":"https:\/\/www.public.sn\/index.php\/2025\/10\/07\/mansour-faye-reprend-ses-fonctions-et-demande-a-letat-de-finaliser-des-projets-importants\/#primaryimage"},"thumbnailUrl":"https:\/\/www.public.sn\/wp-content\/uploads\/2025\/10\/thumb_1260x800_68e508d344fe9_L6pqToRyoC.jpeg","keywords":["mansour faye","Saint-Louis"],"articleSection":["ACTUALIT\u00c9S","POLITIQUE"],"inLanguage":"fr-FR","potentialAction":[{"@type":"CommentAction","name":"Comment","target":["https:\/\/www.public.sn\/index.php\/2025\/10\/07\/mansour-faye-reprend-ses-fonctions-et-demande-a-letat-de-finaliser-des-projets-importants\/#respond"]}]},{"@type":"WebPage","@id":"https:\/\/www.public.sn\/index.php\/2025\/10\/07\/mansour-faye-reprend-ses-fonctions-et-demande-a-letat-de-finaliser-des-projets-importants\/","url":"https:\/\/www.public.sn\/index.php\/2025\/10\/07\/mansour-faye-reprend-ses-fonctions-et-demande-a-letat-de-finaliser-des-projets-importants\/","name":"Mansour Faye reprend ses fonctions et demande \u00e0 l'Etat de finaliser des projets importants - LE PUBLIC","isPartOf":{"@id":"https:\/\/www.public.sn\/#website"},"primaryImageOfPage":{"@id":"https:\/\/www.public.sn\/index.php\/2025\/10\/07\/mansour-faye-reprend-ses-fonctions-et-demande-a-letat-de-finaliser-des-projets-importants\/#primaryimage"},"image":{"@id":"https:\/\/www.public.sn\/index.php\/2025\/10\/07\/mansour-faye-reprend-ses-fonctions-et-demande-a-letat-de-finaliser-des-projets-importants\/#primaryimage"},"thumbnailUrl":"https:\/\/www.public.sn\/wp-content\/uploads\/2025\/10\/thumb_1260x800_68e508d344fe9_L6pqToRyoC.jpeg","datePublished":"2025-10-07T15:05:38+00:00","dateModified":"2025-10-07T15:05:42+00:00","breadcrumb":{"@id":"https:\/\/www.public.sn\/index.php\/2025\/10\/07\/mansour-faye-reprend-ses-fonctions-et-demande-a-letat-de-finaliser-des-projets-importants\/#breadcrumb"},"inLanguage":"fr-FR","potentialAction":[{"@type":"ReadAction","target":["https:\/\/www.public.sn\/index.php\/2025\/10\/07\/mansour-faye-reprend-ses-fonctions-et-demande-a-letat-de-finaliser-des-projets-importants\/"]}]},{"@type":"ImageObject","inLanguage":"fr-FR","@id":"https:\/\/www.public.sn\/index.php\/2025\/10\/07\/mansour-faye-reprend-ses-fonctions-et-demande-a-letat-de-finaliser-des-projets-importants\/#primaryimage","url":"https:\/\/www.public.sn\/wp-content\/uploads\/2025\/10\/thumb_1260x800_68e508d344fe9_L6pqToRyoC.jpeg","contentUrl":"https:\/\/www.public.sn\/wp-content\/uploads\/2025\/10\/thumb_1260x800_68e508d344fe9_L6pqToRyoC.jpeg","width":1260,"height":800},{"@type":"BreadcrumbList","@id":"https:\/\/www.public.sn\/index.php\/2025\/10\/07\/mansour-faye-reprend-ses-fonctions-et-demande-a-letat-de-finaliser-des-projets-importants\/#breadcrumb","itemListElement":[{"@type":"ListItem","position":1,"name":"Accueil","item":"https:\/\/www.public.sn\/"},{"@type":"ListItem","position":2,"name":"Mansour Faye reprend ses fonctions et demande \u00e0 l&rsquo;Etat de finaliser des projets importants"}]},{"@type":"WebSite","@id":"https:\/\/www.public.sn\/#website","url":"https:\/\/www.public.sn\/","name":"LE PUBLIC","description":"","publisher":{"@id":"https:\/\/www.public.sn\/#organization"},"potentialAction":[{"@type":"SearchAction","target":{"@type":"EntryPoint","urlTemplate":"https:\/\/www.public.sn\/?s={search_term_string}"},"query-input":{"@type":"PropertyValueSpecification","valueRequired":true,"valueName":"search_term_string"}}],"inLanguage":"fr-FR"},{"@type":"Organization","@id":"https:\/\/www.public.sn\/#organization","name":"LE PUBLIC","url":"https:\/\/www.public.sn\/","logo":{"@type":"ImageObject","inLanguage":"fr-FR","@id":"https:\/\/www.public.sn\/#\/schema\/logo\/image\/","url":"https:\/\/www.public.sn\/wp-content\/uploads\/2024\/05\/cropped-LOGO-PUBLIC.SN_.png","contentUrl":"https:\/\/www.public.sn\/wp-content\/uploads\/2024\/05\/cropped-LOGO-PUBLIC.SN_.png","width":682,"height":192,"caption":"LE PUBLIC"},"image":{"@id":"https:\/\/www.public.sn\/#\/schema\/logo\/image\/"}},{"@type":"Person","@id":"https:\/\/www.public.sn\/#\/schema\/person\/cb76c8e1b8becc6be61fb5e92d6d0224","name":"LA REDACTION","image":{"@type":"ImageObject","inLanguage":"fr-FR","@id":"https:\/\/www.public.sn\/#\/schema\/person\/image\/","url":"https:\/\/secure.gravatar.com\/avatar\/2dce5ddd34b8fef0180efe03aa2a9bee7d953856048f9a16b298190a3178407c?s=96&d=mm&r=g","contentUrl":"https:\/\/secure.gravatar.com\/avatar\/2dce5ddd34b8fef0180efe03aa2a9bee7d953856048f9a16b298190a3178407c?s=96&d=mm&r=g","caption":"LA REDACTION"},"url":"https:\/\/www.public.sn\/index.php\/author\/editeurpsn\/"}]}},"jetpack_featured_media_url":"https:\/\/www.public.sn\/wp-content\/uploads\/2025\/10\/thumb_1260x800_68e508d344fe9_L6pqToRyoC.jpeg","jetpack_sharing_enabled":true,"_links":{"self":[{"href":"https:\/\/www.public.sn\/index.php\/wp-json\/wp\/v2\/posts\/37624","targetHints":{"allow":["GET"]}}],"collection":[{"href":"https:\/\/www.public.sn\/index.php\/wp-json\/wp\/v2\/posts"}],"about":[{"href":"https:\/\/www.public.sn\/index.php\/wp-json\/wp\/v2\/types\/post"}],"author":[{"embeddable":true,"href":"https:\/\/www.public.sn\/index.php\/wp-json\/wp\/v2\/users\/7"}],"replies":[{"embeddable":true,"href":"https:\/\/www.public.sn\/index.php\/wp-json\/wp\/v2\/comments?post=37624"}],"version-history":[{"count":1,"href":"https:\/\/www.public.sn\/index.php\/wp-json\/wp\/v2\/posts\/37624\/revisions"}],"predecessor-version":[{"id":37627,"href":"https:\/\/www.public.sn\/index.php\/wp-json\/wp\/v2\/posts\/37624\/revisions\/37627"}],"wp:featuredmedia":[{"embeddable":true,"href":"https:\/\/www.public.sn\/index.php\/wp-json\/wp\/v2\/media\/37626"}],"wp:attachment":[{"href":"https:\/\/www.public.sn\/index.php\/wp-json\/wp\/v2\/media?parent=37624"}],"wp:term":[{"taxonomy":"category","embeddable":true,"href":"https:\/\/www.public.sn\/index.php\/wp-json\/wp\/v2\/categories?post=37624"},{"taxonomy":"post_tag","embeddable":true,"href":"https:\/\/www.public.sn\/index.php\/wp-json\/wp\/v2\/tags?post=37624"}],"curies":[{"name":"wp","href":"https:\/\/api.w.org\/{rel}","templated":true}]}}