{"id":37630,"date":"2025-10-07T15:31:29","date_gmt":"2025-10-07T15:31:29","guid":{"rendered":"https:\/\/www.public.sn\/?p=37630"},"modified":"2025-10-07T15:31:32","modified_gmt":"2025-10-07T15:31:32","slug":"forum-invest-in-senegal-fii-2025-le-pm-ousmane-sonko-donne-le-tempo-rigueur-souverainete-et-identite-culturelle-guideront-desormais-la-nouvelle-gouvernance-economique-du-senegal","status":"publish","type":"post","link":"https:\/\/www.public.sn\/index.php\/2025\/10\/07\/forum-invest-in-senegal-fii-2025-le-pm-ousmane-sonko-donne-le-tempo-rigueur-souverainete-et-identite-culturelle-guideront-desormais-la-nouvelle-gouvernance-economique-du-senegal\/","title":{"rendered":"Forum\u00a0Invest in S\u00e9n\u00e9gal\u00a0(FII 2025): Le PM, Ousmane Sonko donne le tempo: rigueur, souverainet\u00e9 et identit\u00e9 culturelle guideront d\u00e9sormais la nouvelle gouvernance \u00e9conomique du S\u00e9n\u00e9gal"},"content":{"rendered":"\n<p><strong>Le Forum&nbsp;<em>Invest in S\u00e9n\u00e9gal<\/em>&nbsp;(FII 2025) s\u2019est ouvert ce mardi au CICAD, sous la pr\u00e9sidence de Bassirou Diomaye Faye. Face aux investisseurs, le Premier ministre Ousmane Sonko a donn\u00e9 le ton : rigueur, souverainet\u00e9 et identit\u00e9 culturelle guideront d\u00e9sormais la nouvelle gouvernance \u00e9conomique du S\u00e9n\u00e9gal.<\/strong><\/p><div class=\"publi-paragraphe1\" style=\"margin-top: 10px;margin-bottom: 10px;margin-left: auto;margin-right: auto;text-align: center;\" id=\"publi-4213563987\"><div class=\"publi-adlabel\">Publicit\u00e9<\/div><script async src=\"\/\/pagead2.googlesyndication.com\/pagead\/js\/adsbygoogle.js?client=ca-pub-4089586018074219\" crossorigin=\"anonymous\"><\/script><ins class=\"adsbygoogle\" style=\"display:block;\" data-ad-client=\"ca-pub-4089586018074219\" \ndata-ad-slot=\"2087940154\" \ndata-ad-format=\"auto\"><\/ins>\n<script> \n(adsbygoogle = window.adsbygoogle || []).push({}); \n<\/script>\n<\/div>\n\n\n\n<p>Dans un contexte de red\u00e9finition des priorit\u00e9s \u00e9conomiques du continent, le Premier ministre Ousmane Sonko a appel\u00e9 \u00e0 \u00ab une rigueur sans faille dans la gestion des finances publiques \u00bb et \u00e0 \u00ab un profond assainissement macro\u00e9conomique \u00bb, condition essentielle selon lui pour restaurer la cr\u00e9dibilit\u00e9 et la comp\u00e9titivit\u00e9 du S\u00e9n\u00e9gal.<br>\u00ab L\u2019Afrique doit faire ce que tous les autres continents ont fait : b\u00e2tir sur la discipline, la bonne gouvernance et la valorisation de ses ressources \u00bb, a-t-il insist\u00e9. Le chef du gouvernement a fustig\u00e9 les pratiques de mauvaise gestion h\u00e9rit\u00e9es du pass\u00e9, qu\u2019il consid\u00e8re comme \u00ab un fardeau que nous devons avoir le courage de corriger \u00bb.<\/p>\n\n\n\n<p>Allant au-del\u00e0 des seules consid\u00e9rations \u00e9conomiques, M. Sonko a \u00e9galement plaid\u00e9 pour un r\u00e9\u00e9quilibrage culturel dans les politiques de d\u00e9veloppement. \u00ab Quand nous tenons des panels sur l\u2019avenir du continent, pourquoi continuons-nous \u00e0 le faire exclusivement en fran\u00e7ais ou en anglais ? \u00bb, a-t-il interrog\u00e9, estimant que la langue fait partie int\u00e9grante du mod\u00e8le de d\u00e9veloppement et de la souverainet\u00e9 africaine.<br>Pour lui, l\u2019Afrique doit \u00ab retrouver la confiance en ses propres pratiques et sa cr\u00e9ativit\u00e9 \u00bb, en cessant de \u00ab brader ses ressources naturelles \u00bb au profit d\u2019int\u00e9r\u00eats \u00e9trangers.<\/p>\n\n\n\n<p>Le Premier ministre Ousmane Sonko a \u00e9galement alert\u00e9 sur les d\u00e9rives de la connectivit\u00e9 num\u00e9rique : \u00ab Oui, nous sommes connect\u00e9s, mais sommes-nous qualitativement connect\u00e9s ? \u00bb, a-t-il demand\u00e9. Selon lui, la jeunesse africaine doit apprendre \u00e0 orienter cette connectivit\u00e9 vers \u00ab les priorit\u00e9s essentielles que sont le d\u00e9veloppement, la coh\u00e9sion sociale et la s\u00e9curit\u00e9 \u00bb, plut\u00f4t que vers \u00ab la division ou la radicalisation \u00bb.<\/p>\n\n\n\n<p>Dans son allocution d\u2019ouverture, le pr\u00e9sident Diomaye Faye a, de son c\u00f4t\u00e9, rappel\u00e9 que le S\u00e9n\u00e9gal s\u2019est engag\u00e9 sur une trajectoire de r\u00e9formes visant \u00ab la transparence, l\u2019efficacit\u00e9 de la d\u00e9pense publique et l\u2019investissement productif \u00bb. Il a r\u00e9affirm\u00e9 sa volont\u00e9 de faire du pays \u00ab une terre d\u2019opportunit\u00e9s, de stabilit\u00e9 et de partenariats mutuellement b\u00e9n\u00e9fiques \u00bb.<\/p>\n\n\n\n<p><\/p>\n<div class=\"publi-apres-le-contenu\" style=\"margin-top: 10px;margin-bottom: 10px;margin-left: auto;margin-right: auto;text-align: center;\" id=\"publi-2291324071\"><div class=\"publi-adlabel\">Publicit\u00e9<\/div><script async src=\"\/\/pagead2.googlesyndication.com\/pagead\/js\/adsbygoogle.js?client=ca-pub-4089586018074219\" crossorigin=\"anonymous\"><\/script><ins class=\"adsbygoogle\" style=\"display:block;\" data-ad-client=\"ca-pub-4089586018074219\" \ndata-ad-slot=\"2087940154\" \ndata-ad-format=\"auto\"><\/ins>\n<script> \n(adsbygoogle = window.adsbygoogle || []).push({}); \n<\/script>\n<\/div>","protected":false},"excerpt":{"rendered":"<p>Le Forum&nbsp;Invest in S\u00e9n\u00e9gal&nbsp;(FII 2025) s\u2019est ouvert ce mardi au CICAD, sous la pr\u00e9sidence de Bassirou Diomaye Faye. Face aux investisseurs, le Premier ministre Ousmane Sonko a donn\u00e9 le ton : rigueur, souverainet\u00e9 et identit\u00e9 culturelle guideront d\u00e9sormais la nouvelle gouvernance \u00e9conomique du S\u00e9n\u00e9gal. Dans un contexte de red\u00e9finition des priorit\u00e9s \u00e9conomiques du continent, le Premier ministre Ousmane Sonko a appel\u00e9 \u00e0 \u00ab une rigueur sans faille dans la gestion des finances publiques \u00bb et \u00e0 \u00ab un profond assainissement macro\u00e9conomique \u00bb, condition essentielle selon lui pour restaurer la cr\u00e9dibilit\u00e9 et la comp\u00e9titivit\u00e9 du S\u00e9n\u00e9gal.\u00ab L\u2019Afrique doit faire ce que tous les autres continents ont fait : b\u00e2tir sur la discipline, la bonne gouvernance et la valorisation de ses ressources \u00bb, a-t-il insist\u00e9. Le chef du gouvernement a fustig\u00e9 les pratiques de mauvaise gestion h\u00e9rit\u00e9es du pass\u00e9, qu\u2019il consid\u00e8re comme \u00ab un fardeau que nous devons avoir le courage de corriger \u00bb. Allant au-del\u00e0 des seules consid\u00e9rations \u00e9conomiques, M. Sonko a \u00e9galement plaid\u00e9 pour un r\u00e9\u00e9quilibrage culturel dans les politiques de d\u00e9veloppement. \u00ab Quand nous tenons des panels sur l\u2019avenir du continent, pourquoi continuons-nous \u00e0 le faire exclusivement en fran\u00e7ais ou en anglais ? \u00bb, a-t-il interrog\u00e9, estimant que la langue fait partie int\u00e9grante du mod\u00e8le de d\u00e9veloppement et de la souverainet\u00e9 africaine.Pour lui, l\u2019Afrique doit \u00ab retrouver la confiance en ses propres pratiques et sa cr\u00e9ativit\u00e9 \u00bb, en cessant de \u00ab brader ses ressources naturelles \u00bb au profit d\u2019int\u00e9r\u00eats \u00e9trangers. Le Premier ministre Ousmane Sonko a \u00e9galement alert\u00e9 sur les d\u00e9rives de la connectivit\u00e9 num\u00e9rique : \u00ab Oui, nous sommes connect\u00e9s, mais sommes-nous qualitativement connect\u00e9s ? \u00bb, a-t-il demand\u00e9. Selon lui, la jeunesse africaine doit apprendre \u00e0 orienter cette connectivit\u00e9 vers \u00ab les priorit\u00e9s essentielles que sont le d\u00e9veloppement, la coh\u00e9sion sociale et la s\u00e9curit\u00e9 \u00bb, plut\u00f4t que vers \u00ab la division ou la radicalisation \u00bb. Dans son allocution d\u2019ouverture, le pr\u00e9sident Diomaye Faye a, de son c\u00f4t\u00e9, rappel\u00e9 que le S\u00e9n\u00e9gal s\u2019est engag\u00e9 sur une trajectoire de r\u00e9formes visant \u00ab la transparence, l\u2019efficacit\u00e9 de la d\u00e9pense publique et l\u2019investissement productif \u00bb. Il a r\u00e9affirm\u00e9 sa volont\u00e9 de faire du pays \u00ab une terre d\u2019opportunit\u00e9s, de stabilit\u00e9 et de partenariats mutuellement b\u00e9n\u00e9fiques \u00bb.<\/p>\n","protected":false},"author":7,"featured_media":37632,"comment_status":"open","ping_status":"open","sticky":false,"template":"","format":"standard","meta":{"_jetpack_memberships_contains_paid_content":false,"footnotes":""},"categories":[375,5358,3,1],"tags":[7562,16],"class_list":["post-37630","post","type-post","status-publish","format-standard","has-post-thumbnail","hentry","category-actualites","category-economie-2","category-politique","category-non-classe","tag-le-forum-invest-in-senegal","tag-ousmane-sonko","entry","has-media","owp-thumbs-layout-horizontal","owp-btn-normal","owp-tabs-layout-horizontal","has-no-thumbnails","has-product-nav"],"yoast_head":"<!-- This site is optimized with the Yoast SEO plugin v25.5 - https:\/\/yoast.com\/wordpress\/plugins\/seo\/ -->\n<title>Forum\u00a0Invest in S\u00e9n\u00e9gal\u00a0(FII 2025): Le PM, Ousmane Sonko donne le tempo: rigueur, souverainet\u00e9 et identit\u00e9 culturelle guideront d\u00e9sormais la nouvelle gouvernance \u00e9conomique du S\u00e9n\u00e9gal - LE PUBLIC<\/title>\n<meta name=\"robots\" content=\"index, follow, max-snippet:-1, max-image-preview:large, max-video-preview:-1\" \/>\n<link rel=\"canonical\" href=\"https:\/\/www.public.sn\/index.php\/2025\/10\/07\/forum-invest-in-senegal-fii-2025-le-pm-ousmane-sonko-donne-le-tempo-rigueur-souverainete-et-identite-culturelle-guideront-desormais-la-nouvelle-gouvernance-economique-du-senegal\/\" \/>\n<meta property=\"og:locale\" content=\"fr_FR\" \/>\n<meta property=\"og:type\" content=\"article\" \/>\n<meta property=\"og:title\" content=\"Forum\u00a0Invest in S\u00e9n\u00e9gal\u00a0(FII 2025): Le PM, Ousmane Sonko donne le tempo: rigueur, souverainet\u00e9 et identit\u00e9 culturelle guideront d\u00e9sormais la nouvelle gouvernance \u00e9conomique du S\u00e9n\u00e9gal - LE PUBLIC\" \/>\n<meta property=\"og:description\" content=\"Le Forum&nbsp;Invest in S\u00e9n\u00e9gal&nbsp;(FII 2025) s\u2019est ouvert ce mardi au CICAD, sous la pr\u00e9sidence de Bassirou Diomaye Faye. Face aux investisseurs, le Premier ministre Ousmane Sonko a donn\u00e9 le ton : rigueur, souverainet\u00e9 et identit\u00e9 culturelle guideront d\u00e9sormais la nouvelle gouvernance \u00e9conomique du S\u00e9n\u00e9gal. Dans un contexte de red\u00e9finition des priorit\u00e9s \u00e9conomiques du continent, le Premier ministre Ousmane Sonko a appel\u00e9 \u00e0 \u00ab une rigueur sans faille dans la gestion des finances publiques \u00bb et \u00e0 \u00ab un profond assainissement macro\u00e9conomique \u00bb, condition essentielle selon lui pour restaurer la cr\u00e9dibilit\u00e9 et la comp\u00e9titivit\u00e9 du S\u00e9n\u00e9gal.\u00ab L\u2019Afrique doit faire ce que tous les autres continents ont fait : b\u00e2tir sur la discipline, la bonne gouvernance et la valorisation de ses ressources \u00bb, a-t-il insist\u00e9. Le chef du gouvernement a fustig\u00e9 les pratiques de mauvaise gestion h\u00e9rit\u00e9es du pass\u00e9, qu\u2019il consid\u00e8re comme \u00ab un fardeau que nous devons avoir le courage de corriger \u00bb. Allant au-del\u00e0 des seules consid\u00e9rations \u00e9conomiques, M. Sonko a \u00e9galement plaid\u00e9 pour un r\u00e9\u00e9quilibrage culturel dans les politiques de d\u00e9veloppement. \u00ab Quand nous tenons des panels sur l\u2019avenir du continent, pourquoi continuons-nous \u00e0 le faire exclusivement en fran\u00e7ais ou en anglais ? \u00bb, a-t-il interrog\u00e9, estimant que la langue fait partie int\u00e9grante du mod\u00e8le de d\u00e9veloppement et de la souverainet\u00e9 africaine.Pour lui, l\u2019Afrique doit \u00ab retrouver la confiance en ses propres pratiques et sa cr\u00e9ativit\u00e9 \u00bb, en cessant de \u00ab brader ses ressources naturelles \u00bb au profit d\u2019int\u00e9r\u00eats \u00e9trangers. Le Premier ministre Ousmane Sonko a \u00e9galement alert\u00e9 sur les d\u00e9rives de la connectivit\u00e9 num\u00e9rique : \u00ab Oui, nous sommes connect\u00e9s, mais sommes-nous qualitativement connect\u00e9s ? \u00bb, a-t-il demand\u00e9. Selon lui, la jeunesse africaine doit apprendre \u00e0 orienter cette connectivit\u00e9 vers \u00ab les priorit\u00e9s essentielles que sont le d\u00e9veloppement, la coh\u00e9sion sociale et la s\u00e9curit\u00e9 \u00bb, plut\u00f4t que vers \u00ab la division ou la radicalisation \u00bb. Dans son allocution d\u2019ouverture, le pr\u00e9sident Diomaye Faye a, de son c\u00f4t\u00e9, rappel\u00e9 que le S\u00e9n\u00e9gal s\u2019est engag\u00e9 sur une trajectoire de r\u00e9formes visant \u00ab la transparence, l\u2019efficacit\u00e9 de la d\u00e9pense publique et l\u2019investissement productif \u00bb. Il a r\u00e9affirm\u00e9 sa volont\u00e9 de faire du pays \u00ab une terre d\u2019opportunit\u00e9s, de stabilit\u00e9 et de partenariats mutuellement b\u00e9n\u00e9fiques \u00bb.\" \/>\n<meta property=\"og:url\" content=\"https:\/\/www.public.sn\/index.php\/2025\/10\/07\/forum-invest-in-senegal-fii-2025-le-pm-ousmane-sonko-donne-le-tempo-rigueur-souverainete-et-identite-culturelle-guideront-desormais-la-nouvelle-gouvernance-economique-du-senegal\/\" \/>\n<meta property=\"og:site_name\" content=\"LE PUBLIC\" \/>\n<meta property=\"article:published_time\" content=\"2025-10-07T15:31:29+00:00\" \/>\n<meta property=\"article:modified_time\" content=\"2025-10-07T15:31:32+00:00\" \/>\n<meta property=\"og:image\" content=\"https:\/\/www.public.sn\/wp-content\/uploads\/2025\/10\/ousmane-sonko-1.jpg\" \/>\n\t<meta property=\"og:image:width\" content=\"973\" \/>\n\t<meta property=\"og:image:height\" content=\"544\" \/>\n\t<meta property=\"og:image:type\" content=\"image\/jpeg\" \/>\n<meta name=\"author\" content=\"LA REDACTION\" \/>\n<meta name=\"twitter:card\" content=\"summary_large_image\" \/>\n<meta name=\"twitter:label1\" content=\"\u00c9crit par\" \/>\n\t<meta name=\"twitter:data1\" content=\"LA REDACTION\" \/>\n\t<meta name=\"twitter:label2\" content=\"Dur\u00e9e de lecture estim\u00e9e\" \/>\n\t<meta name=\"twitter:data2\" content=\"2 minutes\" \/>\n<script type=\"application\/ld+json\" class=\"yoast-schema-graph\">{\"@context\":\"https:\/\/schema.org\",\"@graph\":[{\"@type\":\"Article\",\"@id\":\"https:\/\/www.public.sn\/index.php\/2025\/10\/07\/forum-invest-in-senegal-fii-2025-le-pm-ousmane-sonko-donne-le-tempo-rigueur-souverainete-et-identite-culturelle-guideront-desormais-la-nouvelle-gouvernance-economique-du-senegal\/#article\",\"isPartOf\":{\"@id\":\"https:\/\/www.public.sn\/index.php\/2025\/10\/07\/forum-invest-in-senegal-fii-2025-le-pm-ousmane-sonko-donne-le-tempo-rigueur-souverainete-et-identite-culturelle-guideront-desormais-la-nouvelle-gouvernance-economique-du-senegal\/\"},\"author\":{\"name\":\"LA REDACTION\",\"@id\":\"https:\/\/www.public.sn\/#\/schema\/person\/cb76c8e1b8becc6be61fb5e92d6d0224\"},\"headline\":\"Forum\u00a0Invest in S\u00e9n\u00e9gal\u00a0(FII 2025): Le PM, Ousmane Sonko donne le tempo: rigueur, souverainet\u00e9 et identit\u00e9 culturelle guideront d\u00e9sormais la nouvelle gouvernance \u00e9conomique du S\u00e9n\u00e9gal\",\"datePublished\":\"2025-10-07T15:31:29+00:00\",\"dateModified\":\"2025-10-07T15:31:32+00:00\",\"mainEntityOfPage\":{\"@id\":\"https:\/\/www.public.sn\/index.php\/2025\/10\/07\/forum-invest-in-senegal-fii-2025-le-pm-ousmane-sonko-donne-le-tempo-rigueur-souverainete-et-identite-culturelle-guideront-desormais-la-nouvelle-gouvernance-economique-du-senegal\/\"},\"wordCount\":423,\"commentCount\":0,\"publisher\":{\"@id\":\"https:\/\/www.public.sn\/#organization\"},\"image\":{\"@id\":\"https:\/\/www.public.sn\/index.php\/2025\/10\/07\/forum-invest-in-senegal-fii-2025-le-pm-ousmane-sonko-donne-le-tempo-rigueur-souverainete-et-identite-culturelle-guideront-desormais-la-nouvelle-gouvernance-economique-du-senegal\/#primaryimage\"},\"thumbnailUrl\":\"https:\/\/www.public.sn\/wp-content\/uploads\/2025\/10\/ousmane-sonko-1.jpg\",\"keywords\":[\"Le Forum\u00a0Invest in S\u00e9n\u00e9gal\",\"Ousmane Sonko\"],\"articleSection\":[\"ACTUALIT\u00c9S\",\"ECONOMIE\",\"POLITIQUE\",\"S\u00c9N\u00c9GAL\"],\"inLanguage\":\"fr-FR\",\"potentialAction\":[{\"@type\":\"CommentAction\",\"name\":\"Comment\",\"target\":[\"https:\/\/www.public.sn\/index.php\/2025\/10\/07\/forum-invest-in-senegal-fii-2025-le-pm-ousmane-sonko-donne-le-tempo-rigueur-souverainete-et-identite-culturelle-guideront-desormais-la-nouvelle-gouvernance-economique-du-senegal\/#respond\"]}]},{\"@type\":\"WebPage\",\"@id\":\"https:\/\/www.public.sn\/index.php\/2025\/10\/07\/forum-invest-in-senegal-fii-2025-le-pm-ousmane-sonko-donne-le-tempo-rigueur-souverainete-et-identite-culturelle-guideront-desormais-la-nouvelle-gouvernance-economique-du-senegal\/\",\"url\":\"https:\/\/www.public.sn\/index.php\/2025\/10\/07\/forum-invest-in-senegal-fii-2025-le-pm-ousmane-sonko-donne-le-tempo-rigueur-souverainete-et-identite-culturelle-guideront-desormais-la-nouvelle-gouvernance-economique-du-senegal\/\",\"name\":\"Forum\u00a0Invest in S\u00e9n\u00e9gal\u00a0(FII 2025): Le PM, Ousmane Sonko donne le tempo: rigueur, souverainet\u00e9 et identit\u00e9 culturelle guideront d\u00e9sormais la nouvelle gouvernance \u00e9conomique du S\u00e9n\u00e9gal - LE PUBLIC\",\"isPartOf\":{\"@id\":\"https:\/\/www.public.sn\/#website\"},\"primaryImageOfPage\":{\"@id\":\"https:\/\/www.public.sn\/index.php\/2025\/10\/07\/forum-invest-in-senegal-fii-2025-le-pm-ousmane-sonko-donne-le-tempo-rigueur-souverainete-et-identite-culturelle-guideront-desormais-la-nouvelle-gouvernance-economique-du-senegal\/#primaryimage\"},\"image\":{\"@id\":\"https:\/\/www.public.sn\/index.php\/2025\/10\/07\/forum-invest-in-senegal-fii-2025-le-pm-ousmane-sonko-donne-le-tempo-rigueur-souverainete-et-identite-culturelle-guideront-desormais-la-nouvelle-gouvernance-economique-du-senegal\/#primaryimage\"},\"thumbnailUrl\":\"https:\/\/www.public.sn\/wp-content\/uploads\/2025\/10\/ousmane-sonko-1.jpg\",\"datePublished\":\"2025-10-07T15:31:29+00:00\",\"dateModified\":\"2025-10-07T15:31:32+00:00\",\"breadcrumb\":{\"@id\":\"https:\/\/www.public.sn\/index.php\/2025\/10\/07\/forum-invest-in-senegal-fii-2025-le-pm-ousmane-sonko-donne-le-tempo-rigueur-souverainete-et-identite-culturelle-guideront-desormais-la-nouvelle-gouvernance-economique-du-senegal\/#breadcrumb\"},\"inLanguage\":\"fr-FR\",\"potentialAction\":[{\"@type\":\"ReadAction\",\"target\":[\"https:\/\/www.public.sn\/index.php\/2025\/10\/07\/forum-invest-in-senegal-fii-2025-le-pm-ousmane-sonko-donne-le-tempo-rigueur-souverainete-et-identite-culturelle-guideront-desormais-la-nouvelle-gouvernance-economique-du-senegal\/\"]}]},{\"@type\":\"ImageObject\",\"inLanguage\":\"fr-FR\",\"@id\":\"https:\/\/www.public.sn\/index.php\/2025\/10\/07\/forum-invest-in-senegal-fii-2025-le-pm-ousmane-sonko-donne-le-tempo-rigueur-souverainete-et-identite-culturelle-guideront-desormais-la-nouvelle-gouvernance-economique-du-senegal\/#primaryimage\",\"url\":\"https:\/\/www.public.sn\/wp-content\/uploads\/2025\/10\/ousmane-sonko-1.jpg\",\"contentUrl\":\"https:\/\/www.public.sn\/wp-content\/uploads\/2025\/10\/ousmane-sonko-1.jpg\",\"width\":973,\"height\":544},{\"@type\":\"BreadcrumbList\",\"@id\":\"https:\/\/www.public.sn\/index.php\/2025\/10\/07\/forum-invest-in-senegal-fii-2025-le-pm-ousmane-sonko-donne-le-tempo-rigueur-souverainete-et-identite-culturelle-guideront-desormais-la-nouvelle-gouvernance-economique-du-senegal\/#breadcrumb\",\"itemListElement\":[{\"@type\":\"ListItem\",\"position\":1,\"name\":\"Accueil\",\"item\":\"https:\/\/www.public.sn\/\"},{\"@type\":\"ListItem\",\"position\":2,\"name\":\"Forum\u00a0Invest in S\u00e9n\u00e9gal\u00a0(FII 2025): Le PM, Ousmane Sonko donne le tempo: rigueur, souverainet\u00e9 et identit\u00e9 culturelle guideront d\u00e9sormais la nouvelle gouvernance \u00e9conomique du S\u00e9n\u00e9gal\"}]},{\"@type\":\"WebSite\",\"@id\":\"https:\/\/www.public.sn\/#website\",\"url\":\"https:\/\/www.public.sn\/\",\"name\":\"LE PUBLIC\",\"description\":\"\",\"publisher\":{\"@id\":\"https:\/\/www.public.sn\/#organization\"},\"potentialAction\":[{\"@type\":\"SearchAction\",\"target\":{\"@type\":\"EntryPoint\",\"urlTemplate\":\"https:\/\/www.public.sn\/?s={search_term_string}\"},\"query-input\":{\"@type\":\"PropertyValueSpecification\",\"valueRequired\":true,\"valueName\":\"search_term_string\"}}],\"inLanguage\":\"fr-FR\"},{\"@type\":\"Organization\",\"@id\":\"https:\/\/www.public.sn\/#organization\",\"name\":\"LE PUBLIC\",\"url\":\"https:\/\/www.public.sn\/\",\"logo\":{\"@type\":\"ImageObject\",\"inLanguage\":\"fr-FR\",\"@id\":\"https:\/\/www.public.sn\/#\/schema\/logo\/image\/\",\"url\":\"https:\/\/www.public.sn\/wp-content\/uploads\/2024\/05\/cropped-LOGO-PUBLIC.SN_.png\",\"contentUrl\":\"https:\/\/www.public.sn\/wp-content\/uploads\/2024\/05\/cropped-LOGO-PUBLIC.SN_.png\",\"width\":682,\"height\":192,\"caption\":\"LE PUBLIC\"},\"image\":{\"@id\":\"https:\/\/www.public.sn\/#\/schema\/logo\/image\/\"}},{\"@type\":\"Person\",\"@id\":\"https:\/\/www.public.sn\/#\/schema\/person\/cb76c8e1b8becc6be61fb5e92d6d0224\",\"name\":\"LA REDACTION\",\"image\":{\"@type\":\"ImageObject\",\"inLanguage\":\"fr-FR\",\"@id\":\"https:\/\/www.public.sn\/#\/schema\/person\/image\/\",\"url\":\"https:\/\/secure.gravatar.com\/avatar\/2dce5ddd34b8fef0180efe03aa2a9bee7d953856048f9a16b298190a3178407c?s=96&d=mm&r=g\",\"contentUrl\":\"https:\/\/secure.gravatar.com\/avatar\/2dce5ddd34b8fef0180efe03aa2a9bee7d953856048f9a16b298190a3178407c?s=96&d=mm&r=g\",\"caption\":\"LA REDACTION\"},\"url\":\"https:\/\/www.public.sn\/index.php\/author\/editeurpsn\/\"}]}<\/script>\n<!-- \/ Yoast SEO plugin. -->","yoast_head_json":{"title":"Forum\u00a0Invest in S\u00e9n\u00e9gal\u00a0(FII 2025): Le PM, Ousmane Sonko donne le tempo: rigueur, souverainet\u00e9 et identit\u00e9 culturelle guideront d\u00e9sormais la nouvelle gouvernance \u00e9conomique du S\u00e9n\u00e9gal - LE PUBLIC","robots":{"index":"index","follow":"follow","max-snippet":"max-snippet:-1","max-image-preview":"max-image-preview:large","max-video-preview":"max-video-preview:-1"},"canonical":"https:\/\/www.public.sn\/index.php\/2025\/10\/07\/forum-invest-in-senegal-fii-2025-le-pm-ousmane-sonko-donne-le-tempo-rigueur-souverainete-et-identite-culturelle-guideront-desormais-la-nouvelle-gouvernance-economique-du-senegal\/","og_locale":"fr_FR","og_type":"article","og_title":"Forum\u00a0Invest in S\u00e9n\u00e9gal\u00a0(FII 2025): Le PM, Ousmane Sonko donne le tempo: rigueur, souverainet\u00e9 et identit\u00e9 culturelle guideront d\u00e9sormais la nouvelle gouvernance \u00e9conomique du S\u00e9n\u00e9gal - LE PUBLIC","og_description":"Le Forum&nbsp;Invest in S\u00e9n\u00e9gal&nbsp;(FII 2025) s\u2019est ouvert ce mardi au CICAD, sous la pr\u00e9sidence de Bassirou Diomaye Faye. Face aux investisseurs, le Premier ministre Ousmane Sonko a donn\u00e9 le ton : rigueur, souverainet\u00e9 et identit\u00e9 culturelle guideront d\u00e9sormais la nouvelle gouvernance \u00e9conomique du S\u00e9n\u00e9gal. Dans un contexte de red\u00e9finition des priorit\u00e9s \u00e9conomiques du continent, le Premier ministre Ousmane Sonko a appel\u00e9 \u00e0 \u00ab une rigueur sans faille dans la gestion des finances publiques \u00bb et \u00e0 \u00ab un profond assainissement macro\u00e9conomique \u00bb, condition essentielle selon lui pour restaurer la cr\u00e9dibilit\u00e9 et la comp\u00e9titivit\u00e9 du S\u00e9n\u00e9gal.\u00ab L\u2019Afrique doit faire ce que tous les autres continents ont fait : b\u00e2tir sur la discipline, la bonne gouvernance et la valorisation de ses ressources \u00bb, a-t-il insist\u00e9. Le chef du gouvernement a fustig\u00e9 les pratiques de mauvaise gestion h\u00e9rit\u00e9es du pass\u00e9, qu\u2019il consid\u00e8re comme \u00ab un fardeau que nous devons avoir le courage de corriger \u00bb. Allant au-del\u00e0 des seules consid\u00e9rations \u00e9conomiques, M. Sonko a \u00e9galement plaid\u00e9 pour un r\u00e9\u00e9quilibrage culturel dans les politiques de d\u00e9veloppement. \u00ab Quand nous tenons des panels sur l\u2019avenir du continent, pourquoi continuons-nous \u00e0 le faire exclusivement en fran\u00e7ais ou en anglais ? \u00bb, a-t-il interrog\u00e9, estimant que la langue fait partie int\u00e9grante du mod\u00e8le de d\u00e9veloppement et de la souverainet\u00e9 africaine.Pour lui, l\u2019Afrique doit \u00ab retrouver la confiance en ses propres pratiques et sa cr\u00e9ativit\u00e9 \u00bb, en cessant de \u00ab brader ses ressources naturelles \u00bb au profit d\u2019int\u00e9r\u00eats \u00e9trangers. Le Premier ministre Ousmane Sonko a \u00e9galement alert\u00e9 sur les d\u00e9rives de la connectivit\u00e9 num\u00e9rique : \u00ab Oui, nous sommes connect\u00e9s, mais sommes-nous qualitativement connect\u00e9s ? \u00bb, a-t-il demand\u00e9. Selon lui, la jeunesse africaine doit apprendre \u00e0 orienter cette connectivit\u00e9 vers \u00ab les priorit\u00e9s essentielles que sont le d\u00e9veloppement, la coh\u00e9sion sociale et la s\u00e9curit\u00e9 \u00bb, plut\u00f4t que vers \u00ab la division ou la radicalisation \u00bb. Dans son allocution d\u2019ouverture, le pr\u00e9sident Diomaye Faye a, de son c\u00f4t\u00e9, rappel\u00e9 que le S\u00e9n\u00e9gal s\u2019est engag\u00e9 sur une trajectoire de r\u00e9formes visant \u00ab la transparence, l\u2019efficacit\u00e9 de la d\u00e9pense publique et l\u2019investissement productif \u00bb. Il a r\u00e9affirm\u00e9 sa volont\u00e9 de faire du pays \u00ab une terre d\u2019opportunit\u00e9s, de stabilit\u00e9 et de partenariats mutuellement b\u00e9n\u00e9fiques \u00bb.","og_url":"https:\/\/www.public.sn\/index.php\/2025\/10\/07\/forum-invest-in-senegal-fii-2025-le-pm-ousmane-sonko-donne-le-tempo-rigueur-souverainete-et-identite-culturelle-guideront-desormais-la-nouvelle-gouvernance-economique-du-senegal\/","og_site_name":"LE PUBLIC","article_published_time":"2025-10-07T15:31:29+00:00","article_modified_time":"2025-10-07T15:31:32+00:00","og_image":[{"width":973,"height":544,"url":"https:\/\/www.public.sn\/wp-content\/uploads\/2025\/10\/ousmane-sonko-1.jpg","type":"image\/jpeg"}],"author":"LA REDACTION","twitter_card":"summary_large_image","twitter_misc":{"\u00c9crit par":"LA REDACTION","Dur\u00e9e de lecture estim\u00e9e":"2 minutes"},"schema":{"@context":"https:\/\/schema.org","@graph":[{"@type":"Article","@id":"https:\/\/www.public.sn\/index.php\/2025\/10\/07\/forum-invest-in-senegal-fii-2025-le-pm-ousmane-sonko-donne-le-tempo-rigueur-souverainete-et-identite-culturelle-guideront-desormais-la-nouvelle-gouvernance-economique-du-senegal\/#article","isPartOf":{"@id":"https:\/\/www.public.sn\/index.php\/2025\/10\/07\/forum-invest-in-senegal-fii-2025-le-pm-ousmane-sonko-donne-le-tempo-rigueur-souverainete-et-identite-culturelle-guideront-desormais-la-nouvelle-gouvernance-economique-du-senegal\/"},"author":{"name":"LA REDACTION","@id":"https:\/\/www.public.sn\/#\/schema\/person\/cb76c8e1b8becc6be61fb5e92d6d0224"},"headline":"Forum\u00a0Invest in S\u00e9n\u00e9gal\u00a0(FII 2025): Le PM, Ousmane Sonko donne le tempo: rigueur, souverainet\u00e9 et identit\u00e9 culturelle guideront d\u00e9sormais la nouvelle gouvernance \u00e9conomique du S\u00e9n\u00e9gal","datePublished":"2025-10-07T15:31:29+00:00","dateModified":"2025-10-07T15:31:32+00:00","mainEntityOfPage":{"@id":"https:\/\/www.public.sn\/index.php\/2025\/10\/07\/forum-invest-in-senegal-fii-2025-le-pm-ousmane-sonko-donne-le-tempo-rigueur-souverainete-et-identite-culturelle-guideront-desormais-la-nouvelle-gouvernance-economique-du-senegal\/"},"wordCount":423,"commentCount":0,"publisher":{"@id":"https:\/\/www.public.sn\/#organization"},"image":{"@id":"https:\/\/www.public.sn\/index.php\/2025\/10\/07\/forum-invest-in-senegal-fii-2025-le-pm-ousmane-sonko-donne-le-tempo-rigueur-souverainete-et-identite-culturelle-guideront-desormais-la-nouvelle-gouvernance-economique-du-senegal\/#primaryimage"},"thumbnailUrl":"https:\/\/www.public.sn\/wp-content\/uploads\/2025\/10\/ousmane-sonko-1.jpg","keywords":["Le Forum\u00a0Invest in S\u00e9n\u00e9gal","Ousmane Sonko"],"articleSection":["ACTUALIT\u00c9S","ECONOMIE","POLITIQUE","S\u00c9N\u00c9GAL"],"inLanguage":"fr-FR","potentialAction":[{"@type":"CommentAction","name":"Comment","target":["https:\/\/www.public.sn\/index.php\/2025\/10\/07\/forum-invest-in-senegal-fii-2025-le-pm-ousmane-sonko-donne-le-tempo-rigueur-souverainete-et-identite-culturelle-guideront-desormais-la-nouvelle-gouvernance-economique-du-senegal\/#respond"]}]},{"@type":"WebPage","@id":"https:\/\/www.public.sn\/index.php\/2025\/10\/07\/forum-invest-in-senegal-fii-2025-le-pm-ousmane-sonko-donne-le-tempo-rigueur-souverainete-et-identite-culturelle-guideront-desormais-la-nouvelle-gouvernance-economique-du-senegal\/","url":"https:\/\/www.public.sn\/index.php\/2025\/10\/07\/forum-invest-in-senegal-fii-2025-le-pm-ousmane-sonko-donne-le-tempo-rigueur-souverainete-et-identite-culturelle-guideront-desormais-la-nouvelle-gouvernance-economique-du-senegal\/","name":"Forum\u00a0Invest in S\u00e9n\u00e9gal\u00a0(FII 2025): Le PM, Ousmane Sonko donne le tempo: rigueur, souverainet\u00e9 et identit\u00e9 culturelle guideront d\u00e9sormais la nouvelle gouvernance \u00e9conomique du S\u00e9n\u00e9gal - LE PUBLIC","isPartOf":{"@id":"https:\/\/www.public.sn\/#website"},"primaryImageOfPage":{"@id":"https:\/\/www.public.sn\/index.php\/2025\/10\/07\/forum-invest-in-senegal-fii-2025-le-pm-ousmane-sonko-donne-le-tempo-rigueur-souverainete-et-identite-culturelle-guideront-desormais-la-nouvelle-gouvernance-economique-du-senegal\/#primaryimage"},"image":{"@id":"https:\/\/www.public.sn\/index.php\/2025\/10\/07\/forum-invest-in-senegal-fii-2025-le-pm-ousmane-sonko-donne-le-tempo-rigueur-souverainete-et-identite-culturelle-guideront-desormais-la-nouvelle-gouvernance-economique-du-senegal\/#primaryimage"},"thumbnailUrl":"https:\/\/www.public.sn\/wp-content\/uploads\/2025\/10\/ousmane-sonko-1.jpg","datePublished":"2025-10-07T15:31:29+00:00","dateModified":"2025-10-07T15:31:32+00:00","breadcrumb":{"@id":"https:\/\/www.public.sn\/index.php\/2025\/10\/07\/forum-invest-in-senegal-fii-2025-le-pm-ousmane-sonko-donne-le-tempo-rigueur-souverainete-et-identite-culturelle-guideront-desormais-la-nouvelle-gouvernance-economique-du-senegal\/#breadcrumb"},"inLanguage":"fr-FR","potentialAction":[{"@type":"ReadAction","target":["https:\/\/www.public.sn\/index.php\/2025\/10\/07\/forum-invest-in-senegal-fii-2025-le-pm-ousmane-sonko-donne-le-tempo-rigueur-souverainete-et-identite-culturelle-guideront-desormais-la-nouvelle-gouvernance-economique-du-senegal\/"]}]},{"@type":"ImageObject","inLanguage":"fr-FR","@id":"https:\/\/www.public.sn\/index.php\/2025\/10\/07\/forum-invest-in-senegal-fii-2025-le-pm-ousmane-sonko-donne-le-tempo-rigueur-souverainete-et-identite-culturelle-guideront-desormais-la-nouvelle-gouvernance-economique-du-senegal\/#primaryimage","url":"https:\/\/www.public.sn\/wp-content\/uploads\/2025\/10\/ousmane-sonko-1.jpg","contentUrl":"https:\/\/www.public.sn\/wp-content\/uploads\/2025\/10\/ousmane-sonko-1.jpg","width":973,"height":544},{"@type":"BreadcrumbList","@id":"https:\/\/www.public.sn\/index.php\/2025\/10\/07\/forum-invest-in-senegal-fii-2025-le-pm-ousmane-sonko-donne-le-tempo-rigueur-souverainete-et-identite-culturelle-guideront-desormais-la-nouvelle-gouvernance-economique-du-senegal\/#breadcrumb","itemListElement":[{"@type":"ListItem","position":1,"name":"Accueil","item":"https:\/\/www.public.sn\/"},{"@type":"ListItem","position":2,"name":"Forum\u00a0Invest in S\u00e9n\u00e9gal\u00a0(FII 2025): Le PM, Ousmane Sonko donne le tempo: rigueur, souverainet\u00e9 et identit\u00e9 culturelle guideront d\u00e9sormais la nouvelle gouvernance \u00e9conomique du S\u00e9n\u00e9gal"}]},{"@type":"WebSite","@id":"https:\/\/www.public.sn\/#website","url":"https:\/\/www.public.sn\/","name":"LE PUBLIC","description":"","publisher":{"@id":"https:\/\/www.public.sn\/#organization"},"potentialAction":[{"@type":"SearchAction","target":{"@type":"EntryPoint","urlTemplate":"https:\/\/www.public.sn\/?s={search_term_string}"},"query-input":{"@type":"PropertyValueSpecification","valueRequired":true,"valueName":"search_term_string"}}],"inLanguage":"fr-FR"},{"@type":"Organization","@id":"https:\/\/www.public.sn\/#organization","name":"LE PUBLIC","url":"https:\/\/www.public.sn\/","logo":{"@type":"ImageObject","inLanguage":"fr-FR","@id":"https:\/\/www.public.sn\/#\/schema\/logo\/image\/","url":"https:\/\/www.public.sn\/wp-content\/uploads\/2024\/05\/cropped-LOGO-PUBLIC.SN_.png","contentUrl":"https:\/\/www.public.sn\/wp-content\/uploads\/2024\/05\/cropped-LOGO-PUBLIC.SN_.png","width":682,"height":192,"caption":"LE PUBLIC"},"image":{"@id":"https:\/\/www.public.sn\/#\/schema\/logo\/image\/"}},{"@type":"Person","@id":"https:\/\/www.public.sn\/#\/schema\/person\/cb76c8e1b8becc6be61fb5e92d6d0224","name":"LA REDACTION","image":{"@type":"ImageObject","inLanguage":"fr-FR","@id":"https:\/\/www.public.sn\/#\/schema\/person\/image\/","url":"https:\/\/secure.gravatar.com\/avatar\/2dce5ddd34b8fef0180efe03aa2a9bee7d953856048f9a16b298190a3178407c?s=96&d=mm&r=g","contentUrl":"https:\/\/secure.gravatar.com\/avatar\/2dce5ddd34b8fef0180efe03aa2a9bee7d953856048f9a16b298190a3178407c?s=96&d=mm&r=g","caption":"LA REDACTION"},"url":"https:\/\/www.public.sn\/index.php\/author\/editeurpsn\/"}]}},"jetpack_featured_media_url":"https:\/\/www.public.sn\/wp-content\/uploads\/2025\/10\/ousmane-sonko-1.jpg","jetpack_sharing_enabled":true,"_links":{"self":[{"href":"https:\/\/www.public.sn\/index.php\/wp-json\/wp\/v2\/posts\/37630","targetHints":{"allow":["GET"]}}],"collection":[{"href":"https:\/\/www.public.sn\/index.php\/wp-json\/wp\/v2\/posts"}],"about":[{"href":"https:\/\/www.public.sn\/index.php\/wp-json\/wp\/v2\/types\/post"}],"author":[{"embeddable":true,"href":"https:\/\/www.public.sn\/index.php\/wp-json\/wp\/v2\/users\/7"}],"replies":[{"embeddable":true,"href":"https:\/\/www.public.sn\/index.php\/wp-json\/wp\/v2\/comments?post=37630"}],"version-history":[{"count":1,"href":"https:\/\/www.public.sn\/index.php\/wp-json\/wp\/v2\/posts\/37630\/revisions"}],"predecessor-version":[{"id":37633,"href":"https:\/\/www.public.sn\/index.php\/wp-json\/wp\/v2\/posts\/37630\/revisions\/37633"}],"wp:featuredmedia":[{"embeddable":true,"href":"https:\/\/www.public.sn\/index.php\/wp-json\/wp\/v2\/media\/37632"}],"wp:attachment":[{"href":"https:\/\/www.public.sn\/index.php\/wp-json\/wp\/v2\/media?parent=37630"}],"wp:term":[{"taxonomy":"category","embeddable":true,"href":"https:\/\/www.public.sn\/index.php\/wp-json\/wp\/v2\/categories?post=37630"},{"taxonomy":"post_tag","embeddable":true,"href":"https:\/\/www.public.sn\/index.php\/wp-json\/wp\/v2\/tags?post=37630"}],"curies":[{"name":"wp","href":"https:\/\/api.w.org\/{rel}","templated":true}]}}