{"id":37640,"date":"2025-10-07T22:07:55","date_gmt":"2025-10-07T22:07:55","guid":{"rendered":"https:\/\/www.public.sn\/?p=37640"},"modified":"2025-10-07T22:08:07","modified_gmt":"2025-10-07T22:08:07","slug":"un-nouveau-limogeage-a-la-presidence-de-la-republique-apres-un-post-critique","status":"publish","type":"post","link":"https:\/\/www.public.sn\/index.php\/2025\/10\/07\/un-nouveau-limogeage-a-la-presidence-de-la-republique-apres-un-post-critique\/","title":{"rendered":"Un nouveau limogeage \u00e0 la Pr\u00e9sidence de la R\u00e9publique apr\u00e8s un post critique&#8230;."},"content":{"rendered":"\n<p><strong>La Pr\u00e9sidence de la R\u00e9publique du S\u00e9n\u00e9gal s\u2019est s\u00e9par\u00e9e d\u2019une de ses collaboratrices selon Seneweb. En effet, c&rsquo;est suite \u00e0 un post critique sur la place et la gestion des jeunes dans le gouvernement que<strong> la Pr\u00e9sidence de la R\u00e9publique<\/strong> s&rsquo;est s\u00e9par\u00e9e de Salimata Dieng, secr\u00e9taire g\u00e9n\u00e9rale nationale de la Jeunesse Patriotique du S\u00e9n\u00e9gal (JPS). Elle est membre active du parti Pastef et figure bien connue de la Jeunesse Patriotique du S\u00e9n\u00e9gal (JPS), a \u00e9t\u00e9 d\u00e9mise de ses fonctions \u00e0 la Pr\u00e9sidence de la R\u00e9publique. La d\u00e9cision fait suite \u00e0 la publication d\u2019un post jug\u00e9 critique envers la gestion interne du parti et le r\u00f4le r\u00e9serv\u00e9 \u00e0 la jeunesse dans le fonctionnement de l\u2019\u00c9tat. Elle figurait \u00e9galement \u00e0 la 30\u1d49 position sur la liste nationale de Pastef lors des derni\u00e8res \u00e9lections l\u00e9gislatives.<\/strong><\/p><div class=\"publi-paragraphe1\" style=\"margin-top: 10px;margin-bottom: 10px;margin-left: auto;margin-right: auto;text-align: center;\" id=\"publi-1618002064\"><div class=\"publi-adlabel\">Publicit\u00e9<\/div><script async src=\"\/\/pagead2.googlesyndication.com\/pagead\/js\/adsbygoogle.js?client=ca-pub-4089586018074219\" crossorigin=\"anonymous\"><\/script><ins class=\"adsbygoogle\" style=\"display:block;\" data-ad-client=\"ca-pub-4089586018074219\" \ndata-ad-slot=\"2087940154\" \ndata-ad-format=\"auto\"><\/ins>\n<script> \n(adsbygoogle = window.adsbygoogle || []).push({}); \n<\/script>\n<\/div>\n\n\n\n<p>Nomm\u00e9e charg\u00e9e de mission \u00e0 la Pr\u00e9sidence par decret du chef de l\u2019\u00c9tat au m\u00eame titre que plusieurs jeunes issus du parti, Salimata Dieng a r\u00e9cemment publi\u00e9 un texte intitul\u00e9 \u00ab Pastef entre n\u00e9gligence de la jeunesse et oubli de certains militants\u2026 \u00bb. Dans ce post, elle appelait \u00e0 une implication plus forte des jeunes du parti dans la gestion de l\u2019appareil \u00e9tatique.<\/p>\n\n\n\n<p>Ce message, au ton critique, a rapidement suscit\u00e9 des remous au sein de la Pr\u00e9sidence et au sein du parti. Une convocation g\u00e9n\u00e9rale des charg\u00e9s de mission avec effet imm\u00e9diat a m\u00eame \u00e9t\u00e9 organis\u00e9e pour \u00e9voquer le sujet. Les \u00e9chos de cette publication ont fini par atteindre le plus haut sommet de l\u2019\u00c9tat, entra\u00eenant, selon la source <strong>m\u00eame<\/strong> , la signature d\u2019un arr\u00eat\u00e9 pr\u00e9sidentiel mettant fin aux fonctions de la jeune militante, Salimata Dieng.<\/p>\n\n\n\n<p>Un limogeage pass\u00e9 jusque-l\u00e0 sous silence, tenu dans le plus grand secret, mais qui risque sans doute de provoquer des remous au sein de la JPS de Pastef.<\/p>\n\n\n\n<p><\/p>\n<div class=\"publi-apres-le-contenu\" style=\"margin-top: 10px;margin-bottom: 10px;margin-left: auto;margin-right: auto;text-align: center;\" id=\"publi-3152018582\"><div class=\"publi-adlabel\">Publicit\u00e9<\/div><script async src=\"\/\/pagead2.googlesyndication.com\/pagead\/js\/adsbygoogle.js?client=ca-pub-4089586018074219\" crossorigin=\"anonymous\"><\/script><ins class=\"adsbygoogle\" style=\"display:block;\" data-ad-client=\"ca-pub-4089586018074219\" \ndata-ad-slot=\"2087940154\" \ndata-ad-format=\"auto\"><\/ins>\n<script> \n(adsbygoogle = window.adsbygoogle || []).push({}); \n<\/script>\n<\/div>","protected":false},"excerpt":{"rendered":"<p>La Pr\u00e9sidence de la R\u00e9publique du S\u00e9n\u00e9gal s\u2019est s\u00e9par\u00e9e d\u2019une de ses collaboratrices selon Seneweb. En effet, c&rsquo;est suite \u00e0 un post critique sur la place et la gestion des jeunes dans le gouvernement que la Pr\u00e9sidence de la R\u00e9publique s&rsquo;est s\u00e9par\u00e9e de Salimata Dieng, secr\u00e9taire g\u00e9n\u00e9rale nationale de la Jeunesse Patriotique du S\u00e9n\u00e9gal (JPS). Elle est membre active du parti Pastef et figure bien connue de la Jeunesse Patriotique du S\u00e9n\u00e9gal (JPS), a \u00e9t\u00e9 d\u00e9mise de ses fonctions \u00e0 la Pr\u00e9sidence de la R\u00e9publique. La d\u00e9cision fait suite \u00e0 la publication d\u2019un post jug\u00e9 critique envers la gestion interne du parti et le r\u00f4le r\u00e9serv\u00e9 \u00e0 la jeunesse dans le fonctionnement de l\u2019\u00c9tat. Elle figurait \u00e9galement \u00e0 la 30\u1d49 position sur la liste nationale de Pastef lors des derni\u00e8res \u00e9lections l\u00e9gislatives. Nomm\u00e9e charg\u00e9e de mission \u00e0 la Pr\u00e9sidence par decret du chef de l\u2019\u00c9tat au m\u00eame titre que plusieurs jeunes issus du parti, Salimata Dieng a r\u00e9cemment publi\u00e9 un texte intitul\u00e9 \u00ab Pastef entre n\u00e9gligence de la jeunesse et oubli de certains militants\u2026 \u00bb. Dans ce post, elle appelait \u00e0 une implication plus forte des jeunes du parti dans la gestion de l\u2019appareil \u00e9tatique. Ce message, au ton critique, a rapidement suscit\u00e9 des remous au sein de la Pr\u00e9sidence et au sein du parti. Une convocation g\u00e9n\u00e9rale des charg\u00e9s de mission avec effet imm\u00e9diat a m\u00eame \u00e9t\u00e9 organis\u00e9e pour \u00e9voquer le sujet. Les \u00e9chos de cette publication ont fini par atteindre le plus haut sommet de l\u2019\u00c9tat, entra\u00eenant, selon la source m\u00eame , la signature d\u2019un arr\u00eat\u00e9 pr\u00e9sidentiel mettant fin aux fonctions de la jeune militante, Salimata Dieng. Un limogeage pass\u00e9 jusque-l\u00e0 sous silence, tenu dans le plus grand secret, mais qui risque sans doute de provoquer des remous au sein de la JPS de Pastef.<\/p>\n","protected":false},"author":7,"featured_media":37641,"comment_status":"open","ping_status":"open","sticky":false,"template":"","format":"standard","meta":{"_jetpack_memberships_contains_paid_content":false,"footnotes":""},"categories":[375,3,1],"tags":[],"class_list":["post-37640","post","type-post","status-publish","format-standard","has-post-thumbnail","hentry","category-actualites","category-politique","category-non-classe","entry","has-media","owp-thumbs-layout-horizontal","owp-btn-normal","owp-tabs-layout-horizontal","has-no-thumbnails","has-product-nav"],"yoast_head":"<!-- This site is optimized with the Yoast SEO plugin v25.5 - https:\/\/yoast.com\/wordpress\/plugins\/seo\/ -->\n<title>Un nouveau limogeage \u00e0 la Pr\u00e9sidence de la R\u00e9publique apr\u00e8s un post critique.... - LE PUBLIC<\/title>\n<meta name=\"robots\" content=\"index, follow, max-snippet:-1, max-image-preview:large, max-video-preview:-1\" \/>\n<link rel=\"canonical\" href=\"https:\/\/www.public.sn\/index.php\/2025\/10\/07\/un-nouveau-limogeage-a-la-presidence-de-la-republique-apres-un-post-critique\/\" \/>\n<meta property=\"og:locale\" content=\"fr_FR\" \/>\n<meta property=\"og:type\" content=\"article\" \/>\n<meta property=\"og:title\" content=\"Un nouveau limogeage \u00e0 la Pr\u00e9sidence de la R\u00e9publique apr\u00e8s un post critique.... - LE PUBLIC\" \/>\n<meta property=\"og:description\" content=\"La Pr\u00e9sidence de la R\u00e9publique du S\u00e9n\u00e9gal s\u2019est s\u00e9par\u00e9e d\u2019une de ses collaboratrices selon Seneweb. En effet, c&rsquo;est suite \u00e0 un post critique sur la place et la gestion des jeunes dans le gouvernement que la Pr\u00e9sidence de la R\u00e9publique s&rsquo;est s\u00e9par\u00e9e de Salimata Dieng, secr\u00e9taire g\u00e9n\u00e9rale nationale de la Jeunesse Patriotique du S\u00e9n\u00e9gal (JPS). Elle est membre active du parti Pastef et figure bien connue de la Jeunesse Patriotique du S\u00e9n\u00e9gal (JPS), a \u00e9t\u00e9 d\u00e9mise de ses fonctions \u00e0 la Pr\u00e9sidence de la R\u00e9publique. La d\u00e9cision fait suite \u00e0 la publication d\u2019un post jug\u00e9 critique envers la gestion interne du parti et le r\u00f4le r\u00e9serv\u00e9 \u00e0 la jeunesse dans le fonctionnement de l\u2019\u00c9tat. Elle figurait \u00e9galement \u00e0 la 30\u1d49 position sur la liste nationale de Pastef lors des derni\u00e8res \u00e9lections l\u00e9gislatives. Nomm\u00e9e charg\u00e9e de mission \u00e0 la Pr\u00e9sidence par decret du chef de l\u2019\u00c9tat au m\u00eame titre que plusieurs jeunes issus du parti, Salimata Dieng a r\u00e9cemment publi\u00e9 un texte intitul\u00e9 \u00ab Pastef entre n\u00e9gligence de la jeunesse et oubli de certains militants\u2026 \u00bb. Dans ce post, elle appelait \u00e0 une implication plus forte des jeunes du parti dans la gestion de l\u2019appareil \u00e9tatique. Ce message, au ton critique, a rapidement suscit\u00e9 des remous au sein de la Pr\u00e9sidence et au sein du parti. Une convocation g\u00e9n\u00e9rale des charg\u00e9s de mission avec effet imm\u00e9diat a m\u00eame \u00e9t\u00e9 organis\u00e9e pour \u00e9voquer le sujet. Les \u00e9chos de cette publication ont fini par atteindre le plus haut sommet de l\u2019\u00c9tat, entra\u00eenant, selon la source m\u00eame , la signature d\u2019un arr\u00eat\u00e9 pr\u00e9sidentiel mettant fin aux fonctions de la jeune militante, Salimata Dieng. Un limogeage pass\u00e9 jusque-l\u00e0 sous silence, tenu dans le plus grand secret, mais qui risque sans doute de provoquer des remous au sein de la JPS de Pastef.\" \/>\n<meta property=\"og:url\" content=\"https:\/\/www.public.sn\/index.php\/2025\/10\/07\/un-nouveau-limogeage-a-la-presidence-de-la-republique-apres-un-post-critique\/\" \/>\n<meta property=\"og:site_name\" content=\"LE PUBLIC\" \/>\n<meta property=\"article:published_time\" content=\"2025-10-07T22:07:55+00:00\" \/>\n<meta property=\"article:modified_time\" content=\"2025-10-07T22:08:07+00:00\" \/>\n<meta property=\"og:image\" content=\"https:\/\/www.public.sn\/wp-content\/uploads\/2025\/10\/thumb_1260x800_68e55ed649f32_34kxck4uMh.jpg\" \/>\n\t<meta property=\"og:image:width\" content=\"1260\" \/>\n\t<meta property=\"og:image:height\" content=\"800\" \/>\n\t<meta property=\"og:image:type\" content=\"image\/jpeg\" \/>\n<meta name=\"author\" content=\"LA REDACTION\" \/>\n<meta name=\"twitter:card\" content=\"summary_large_image\" \/>\n<meta name=\"twitter:label1\" content=\"\u00c9crit par\" \/>\n\t<meta name=\"twitter:data1\" content=\"LA REDACTION\" \/>\n\t<meta name=\"twitter:label2\" content=\"Dur\u00e9e de lecture estim\u00e9e\" \/>\n\t<meta name=\"twitter:data2\" content=\"2 minutes\" \/>\n<script type=\"application\/ld+json\" class=\"yoast-schema-graph\">{\"@context\":\"https:\/\/schema.org\",\"@graph\":[{\"@type\":\"Article\",\"@id\":\"https:\/\/www.public.sn\/index.php\/2025\/10\/07\/un-nouveau-limogeage-a-la-presidence-de-la-republique-apres-un-post-critique\/#article\",\"isPartOf\":{\"@id\":\"https:\/\/www.public.sn\/index.php\/2025\/10\/07\/un-nouveau-limogeage-a-la-presidence-de-la-republique-apres-un-post-critique\/\"},\"author\":{\"name\":\"LA REDACTION\",\"@id\":\"https:\/\/www.public.sn\/#\/schema\/person\/cb76c8e1b8becc6be61fb5e92d6d0224\"},\"headline\":\"Un nouveau limogeage \u00e0 la Pr\u00e9sidence de la R\u00e9publique apr\u00e8s un post critique&#8230;.\",\"datePublished\":\"2025-10-07T22:07:55+00:00\",\"dateModified\":\"2025-10-07T22:08:07+00:00\",\"mainEntityOfPage\":{\"@id\":\"https:\/\/www.public.sn\/index.php\/2025\/10\/07\/un-nouveau-limogeage-a-la-presidence-de-la-republique-apres-un-post-critique\/\"},\"wordCount\":351,\"commentCount\":0,\"publisher\":{\"@id\":\"https:\/\/www.public.sn\/#organization\"},\"image\":{\"@id\":\"https:\/\/www.public.sn\/index.php\/2025\/10\/07\/un-nouveau-limogeage-a-la-presidence-de-la-republique-apres-un-post-critique\/#primaryimage\"},\"thumbnailUrl\":\"https:\/\/www.public.sn\/wp-content\/uploads\/2025\/10\/thumb_1260x800_68e55ed649f32_34kxck4uMh.jpg\",\"articleSection\":[\"ACTUALIT\u00c9S\",\"POLITIQUE\",\"S\u00c9N\u00c9GAL\"],\"inLanguage\":\"fr-FR\",\"potentialAction\":[{\"@type\":\"CommentAction\",\"name\":\"Comment\",\"target\":[\"https:\/\/www.public.sn\/index.php\/2025\/10\/07\/un-nouveau-limogeage-a-la-presidence-de-la-republique-apres-un-post-critique\/#respond\"]}]},{\"@type\":\"WebPage\",\"@id\":\"https:\/\/www.public.sn\/index.php\/2025\/10\/07\/un-nouveau-limogeage-a-la-presidence-de-la-republique-apres-un-post-critique\/\",\"url\":\"https:\/\/www.public.sn\/index.php\/2025\/10\/07\/un-nouveau-limogeage-a-la-presidence-de-la-republique-apres-un-post-critique\/\",\"name\":\"Un nouveau limogeage \u00e0 la Pr\u00e9sidence de la R\u00e9publique apr\u00e8s un post critique.... - LE PUBLIC\",\"isPartOf\":{\"@id\":\"https:\/\/www.public.sn\/#website\"},\"primaryImageOfPage\":{\"@id\":\"https:\/\/www.public.sn\/index.php\/2025\/10\/07\/un-nouveau-limogeage-a-la-presidence-de-la-republique-apres-un-post-critique\/#primaryimage\"},\"image\":{\"@id\":\"https:\/\/www.public.sn\/index.php\/2025\/10\/07\/un-nouveau-limogeage-a-la-presidence-de-la-republique-apres-un-post-critique\/#primaryimage\"},\"thumbnailUrl\":\"https:\/\/www.public.sn\/wp-content\/uploads\/2025\/10\/thumb_1260x800_68e55ed649f32_34kxck4uMh.jpg\",\"datePublished\":\"2025-10-07T22:07:55+00:00\",\"dateModified\":\"2025-10-07T22:08:07+00:00\",\"breadcrumb\":{\"@id\":\"https:\/\/www.public.sn\/index.php\/2025\/10\/07\/un-nouveau-limogeage-a-la-presidence-de-la-republique-apres-un-post-critique\/#breadcrumb\"},\"inLanguage\":\"fr-FR\",\"potentialAction\":[{\"@type\":\"ReadAction\",\"target\":[\"https:\/\/www.public.sn\/index.php\/2025\/10\/07\/un-nouveau-limogeage-a-la-presidence-de-la-republique-apres-un-post-critique\/\"]}]},{\"@type\":\"ImageObject\",\"inLanguage\":\"fr-FR\",\"@id\":\"https:\/\/www.public.sn\/index.php\/2025\/10\/07\/un-nouveau-limogeage-a-la-presidence-de-la-republique-apres-un-post-critique\/#primaryimage\",\"url\":\"https:\/\/www.public.sn\/wp-content\/uploads\/2025\/10\/thumb_1260x800_68e55ed649f32_34kxck4uMh.jpg\",\"contentUrl\":\"https:\/\/www.public.sn\/wp-content\/uploads\/2025\/10\/thumb_1260x800_68e55ed649f32_34kxck4uMh.jpg\",\"width\":1260,\"height\":800},{\"@type\":\"BreadcrumbList\",\"@id\":\"https:\/\/www.public.sn\/index.php\/2025\/10\/07\/un-nouveau-limogeage-a-la-presidence-de-la-republique-apres-un-post-critique\/#breadcrumb\",\"itemListElement\":[{\"@type\":\"ListItem\",\"position\":1,\"name\":\"Accueil\",\"item\":\"https:\/\/www.public.sn\/\"},{\"@type\":\"ListItem\",\"position\":2,\"name\":\"Un nouveau limogeage \u00e0 la Pr\u00e9sidence de la R\u00e9publique apr\u00e8s un post critique&#8230;.\"}]},{\"@type\":\"WebSite\",\"@id\":\"https:\/\/www.public.sn\/#website\",\"url\":\"https:\/\/www.public.sn\/\",\"name\":\"LE PUBLIC\",\"description\":\"\",\"publisher\":{\"@id\":\"https:\/\/www.public.sn\/#organization\"},\"potentialAction\":[{\"@type\":\"SearchAction\",\"target\":{\"@type\":\"EntryPoint\",\"urlTemplate\":\"https:\/\/www.public.sn\/?s={search_term_string}\"},\"query-input\":{\"@type\":\"PropertyValueSpecification\",\"valueRequired\":true,\"valueName\":\"search_term_string\"}}],\"inLanguage\":\"fr-FR\"},{\"@type\":\"Organization\",\"@id\":\"https:\/\/www.public.sn\/#organization\",\"name\":\"LE PUBLIC\",\"url\":\"https:\/\/www.public.sn\/\",\"logo\":{\"@type\":\"ImageObject\",\"inLanguage\":\"fr-FR\",\"@id\":\"https:\/\/www.public.sn\/#\/schema\/logo\/image\/\",\"url\":\"https:\/\/www.public.sn\/wp-content\/uploads\/2024\/05\/cropped-LOGO-PUBLIC.SN_.png\",\"contentUrl\":\"https:\/\/www.public.sn\/wp-content\/uploads\/2024\/05\/cropped-LOGO-PUBLIC.SN_.png\",\"width\":682,\"height\":192,\"caption\":\"LE PUBLIC\"},\"image\":{\"@id\":\"https:\/\/www.public.sn\/#\/schema\/logo\/image\/\"}},{\"@type\":\"Person\",\"@id\":\"https:\/\/www.public.sn\/#\/schema\/person\/cb76c8e1b8becc6be61fb5e92d6d0224\",\"name\":\"LA REDACTION\",\"image\":{\"@type\":\"ImageObject\",\"inLanguage\":\"fr-FR\",\"@id\":\"https:\/\/www.public.sn\/#\/schema\/person\/image\/\",\"url\":\"https:\/\/secure.gravatar.com\/avatar\/2dce5ddd34b8fef0180efe03aa2a9bee7d953856048f9a16b298190a3178407c?s=96&d=mm&r=g\",\"contentUrl\":\"https:\/\/secure.gravatar.com\/avatar\/2dce5ddd34b8fef0180efe03aa2a9bee7d953856048f9a16b298190a3178407c?s=96&d=mm&r=g\",\"caption\":\"LA REDACTION\"},\"url\":\"https:\/\/www.public.sn\/index.php\/author\/editeurpsn\/\"}]}<\/script>\n<!-- \/ Yoast SEO plugin. -->","yoast_head_json":{"title":"Un nouveau limogeage \u00e0 la Pr\u00e9sidence de la R\u00e9publique apr\u00e8s un post critique.... - LE PUBLIC","robots":{"index":"index","follow":"follow","max-snippet":"max-snippet:-1","max-image-preview":"max-image-preview:large","max-video-preview":"max-video-preview:-1"},"canonical":"https:\/\/www.public.sn\/index.php\/2025\/10\/07\/un-nouveau-limogeage-a-la-presidence-de-la-republique-apres-un-post-critique\/","og_locale":"fr_FR","og_type":"article","og_title":"Un nouveau limogeage \u00e0 la Pr\u00e9sidence de la R\u00e9publique apr\u00e8s un post critique.... - LE PUBLIC","og_description":"La Pr\u00e9sidence de la R\u00e9publique du S\u00e9n\u00e9gal s\u2019est s\u00e9par\u00e9e d\u2019une de ses collaboratrices selon Seneweb. En effet, c&rsquo;est suite \u00e0 un post critique sur la place et la gestion des jeunes dans le gouvernement que la Pr\u00e9sidence de la R\u00e9publique s&rsquo;est s\u00e9par\u00e9e de Salimata Dieng, secr\u00e9taire g\u00e9n\u00e9rale nationale de la Jeunesse Patriotique du S\u00e9n\u00e9gal (JPS). Elle est membre active du parti Pastef et figure bien connue de la Jeunesse Patriotique du S\u00e9n\u00e9gal (JPS), a \u00e9t\u00e9 d\u00e9mise de ses fonctions \u00e0 la Pr\u00e9sidence de la R\u00e9publique. La d\u00e9cision fait suite \u00e0 la publication d\u2019un post jug\u00e9 critique envers la gestion interne du parti et le r\u00f4le r\u00e9serv\u00e9 \u00e0 la jeunesse dans le fonctionnement de l\u2019\u00c9tat. Elle figurait \u00e9galement \u00e0 la 30\u1d49 position sur la liste nationale de Pastef lors des derni\u00e8res \u00e9lections l\u00e9gislatives. Nomm\u00e9e charg\u00e9e de mission \u00e0 la Pr\u00e9sidence par decret du chef de l\u2019\u00c9tat au m\u00eame titre que plusieurs jeunes issus du parti, Salimata Dieng a r\u00e9cemment publi\u00e9 un texte intitul\u00e9 \u00ab Pastef entre n\u00e9gligence de la jeunesse et oubli de certains militants\u2026 \u00bb. Dans ce post, elle appelait \u00e0 une implication plus forte des jeunes du parti dans la gestion de l\u2019appareil \u00e9tatique. Ce message, au ton critique, a rapidement suscit\u00e9 des remous au sein de la Pr\u00e9sidence et au sein du parti. Une convocation g\u00e9n\u00e9rale des charg\u00e9s de mission avec effet imm\u00e9diat a m\u00eame \u00e9t\u00e9 organis\u00e9e pour \u00e9voquer le sujet. Les \u00e9chos de cette publication ont fini par atteindre le plus haut sommet de l\u2019\u00c9tat, entra\u00eenant, selon la source m\u00eame , la signature d\u2019un arr\u00eat\u00e9 pr\u00e9sidentiel mettant fin aux fonctions de la jeune militante, Salimata Dieng. Un limogeage pass\u00e9 jusque-l\u00e0 sous silence, tenu dans le plus grand secret, mais qui risque sans doute de provoquer des remous au sein de la JPS de Pastef.","og_url":"https:\/\/www.public.sn\/index.php\/2025\/10\/07\/un-nouveau-limogeage-a-la-presidence-de-la-republique-apres-un-post-critique\/","og_site_name":"LE PUBLIC","article_published_time":"2025-10-07T22:07:55+00:00","article_modified_time":"2025-10-07T22:08:07+00:00","og_image":[{"width":1260,"height":800,"url":"https:\/\/www.public.sn\/wp-content\/uploads\/2025\/10\/thumb_1260x800_68e55ed649f32_34kxck4uMh.jpg","type":"image\/jpeg"}],"author":"LA REDACTION","twitter_card":"summary_large_image","twitter_misc":{"\u00c9crit par":"LA REDACTION","Dur\u00e9e de lecture estim\u00e9e":"2 minutes"},"schema":{"@context":"https:\/\/schema.org","@graph":[{"@type":"Article","@id":"https:\/\/www.public.sn\/index.php\/2025\/10\/07\/un-nouveau-limogeage-a-la-presidence-de-la-republique-apres-un-post-critique\/#article","isPartOf":{"@id":"https:\/\/www.public.sn\/index.php\/2025\/10\/07\/un-nouveau-limogeage-a-la-presidence-de-la-republique-apres-un-post-critique\/"},"author":{"name":"LA REDACTION","@id":"https:\/\/www.public.sn\/#\/schema\/person\/cb76c8e1b8becc6be61fb5e92d6d0224"},"headline":"Un nouveau limogeage \u00e0 la Pr\u00e9sidence de la R\u00e9publique apr\u00e8s un post critique&#8230;.","datePublished":"2025-10-07T22:07:55+00:00","dateModified":"2025-10-07T22:08:07+00:00","mainEntityOfPage":{"@id":"https:\/\/www.public.sn\/index.php\/2025\/10\/07\/un-nouveau-limogeage-a-la-presidence-de-la-republique-apres-un-post-critique\/"},"wordCount":351,"commentCount":0,"publisher":{"@id":"https:\/\/www.public.sn\/#organization"},"image":{"@id":"https:\/\/www.public.sn\/index.php\/2025\/10\/07\/un-nouveau-limogeage-a-la-presidence-de-la-republique-apres-un-post-critique\/#primaryimage"},"thumbnailUrl":"https:\/\/www.public.sn\/wp-content\/uploads\/2025\/10\/thumb_1260x800_68e55ed649f32_34kxck4uMh.jpg","articleSection":["ACTUALIT\u00c9S","POLITIQUE","S\u00c9N\u00c9GAL"],"inLanguage":"fr-FR","potentialAction":[{"@type":"CommentAction","name":"Comment","target":["https:\/\/www.public.sn\/index.php\/2025\/10\/07\/un-nouveau-limogeage-a-la-presidence-de-la-republique-apres-un-post-critique\/#respond"]}]},{"@type":"WebPage","@id":"https:\/\/www.public.sn\/index.php\/2025\/10\/07\/un-nouveau-limogeage-a-la-presidence-de-la-republique-apres-un-post-critique\/","url":"https:\/\/www.public.sn\/index.php\/2025\/10\/07\/un-nouveau-limogeage-a-la-presidence-de-la-republique-apres-un-post-critique\/","name":"Un nouveau limogeage \u00e0 la Pr\u00e9sidence de la R\u00e9publique apr\u00e8s un post critique.... - LE PUBLIC","isPartOf":{"@id":"https:\/\/www.public.sn\/#website"},"primaryImageOfPage":{"@id":"https:\/\/www.public.sn\/index.php\/2025\/10\/07\/un-nouveau-limogeage-a-la-presidence-de-la-republique-apres-un-post-critique\/#primaryimage"},"image":{"@id":"https:\/\/www.public.sn\/index.php\/2025\/10\/07\/un-nouveau-limogeage-a-la-presidence-de-la-republique-apres-un-post-critique\/#primaryimage"},"thumbnailUrl":"https:\/\/www.public.sn\/wp-content\/uploads\/2025\/10\/thumb_1260x800_68e55ed649f32_34kxck4uMh.jpg","datePublished":"2025-10-07T22:07:55+00:00","dateModified":"2025-10-07T22:08:07+00:00","breadcrumb":{"@id":"https:\/\/www.public.sn\/index.php\/2025\/10\/07\/un-nouveau-limogeage-a-la-presidence-de-la-republique-apres-un-post-critique\/#breadcrumb"},"inLanguage":"fr-FR","potentialAction":[{"@type":"ReadAction","target":["https:\/\/www.public.sn\/index.php\/2025\/10\/07\/un-nouveau-limogeage-a-la-presidence-de-la-republique-apres-un-post-critique\/"]}]},{"@type":"ImageObject","inLanguage":"fr-FR","@id":"https:\/\/www.public.sn\/index.php\/2025\/10\/07\/un-nouveau-limogeage-a-la-presidence-de-la-republique-apres-un-post-critique\/#primaryimage","url":"https:\/\/www.public.sn\/wp-content\/uploads\/2025\/10\/thumb_1260x800_68e55ed649f32_34kxck4uMh.jpg","contentUrl":"https:\/\/www.public.sn\/wp-content\/uploads\/2025\/10\/thumb_1260x800_68e55ed649f32_34kxck4uMh.jpg","width":1260,"height":800},{"@type":"BreadcrumbList","@id":"https:\/\/www.public.sn\/index.php\/2025\/10\/07\/un-nouveau-limogeage-a-la-presidence-de-la-republique-apres-un-post-critique\/#breadcrumb","itemListElement":[{"@type":"ListItem","position":1,"name":"Accueil","item":"https:\/\/www.public.sn\/"},{"@type":"ListItem","position":2,"name":"Un nouveau limogeage \u00e0 la Pr\u00e9sidence de la R\u00e9publique apr\u00e8s un post critique&#8230;."}]},{"@type":"WebSite","@id":"https:\/\/www.public.sn\/#website","url":"https:\/\/www.public.sn\/","name":"LE PUBLIC","description":"","publisher":{"@id":"https:\/\/www.public.sn\/#organization"},"potentialAction":[{"@type":"SearchAction","target":{"@type":"EntryPoint","urlTemplate":"https:\/\/www.public.sn\/?s={search_term_string}"},"query-input":{"@type":"PropertyValueSpecification","valueRequired":true,"valueName":"search_term_string"}}],"inLanguage":"fr-FR"},{"@type":"Organization","@id":"https:\/\/www.public.sn\/#organization","name":"LE PUBLIC","url":"https:\/\/www.public.sn\/","logo":{"@type":"ImageObject","inLanguage":"fr-FR","@id":"https:\/\/www.public.sn\/#\/schema\/logo\/image\/","url":"https:\/\/www.public.sn\/wp-content\/uploads\/2024\/05\/cropped-LOGO-PUBLIC.SN_.png","contentUrl":"https:\/\/www.public.sn\/wp-content\/uploads\/2024\/05\/cropped-LOGO-PUBLIC.SN_.png","width":682,"height":192,"caption":"LE PUBLIC"},"image":{"@id":"https:\/\/www.public.sn\/#\/schema\/logo\/image\/"}},{"@type":"Person","@id":"https:\/\/www.public.sn\/#\/schema\/person\/cb76c8e1b8becc6be61fb5e92d6d0224","name":"LA REDACTION","image":{"@type":"ImageObject","inLanguage":"fr-FR","@id":"https:\/\/www.public.sn\/#\/schema\/person\/image\/","url":"https:\/\/secure.gravatar.com\/avatar\/2dce5ddd34b8fef0180efe03aa2a9bee7d953856048f9a16b298190a3178407c?s=96&d=mm&r=g","contentUrl":"https:\/\/secure.gravatar.com\/avatar\/2dce5ddd34b8fef0180efe03aa2a9bee7d953856048f9a16b298190a3178407c?s=96&d=mm&r=g","caption":"LA REDACTION"},"url":"https:\/\/www.public.sn\/index.php\/author\/editeurpsn\/"}]}},"jetpack_featured_media_url":"https:\/\/www.public.sn\/wp-content\/uploads\/2025\/10\/thumb_1260x800_68e55ed649f32_34kxck4uMh.jpg","jetpack_sharing_enabled":true,"_links":{"self":[{"href":"https:\/\/www.public.sn\/index.php\/wp-json\/wp\/v2\/posts\/37640","targetHints":{"allow":["GET"]}}],"collection":[{"href":"https:\/\/www.public.sn\/index.php\/wp-json\/wp\/v2\/posts"}],"about":[{"href":"https:\/\/www.public.sn\/index.php\/wp-json\/wp\/v2\/types\/post"}],"author":[{"embeddable":true,"href":"https:\/\/www.public.sn\/index.php\/wp-json\/wp\/v2\/users\/7"}],"replies":[{"embeddable":true,"href":"https:\/\/www.public.sn\/index.php\/wp-json\/wp\/v2\/comments?post=37640"}],"version-history":[{"count":2,"href":"https:\/\/www.public.sn\/index.php\/wp-json\/wp\/v2\/posts\/37640\/revisions"}],"predecessor-version":[{"id":37643,"href":"https:\/\/www.public.sn\/index.php\/wp-json\/wp\/v2\/posts\/37640\/revisions\/37643"}],"wp:featuredmedia":[{"embeddable":true,"href":"https:\/\/www.public.sn\/index.php\/wp-json\/wp\/v2\/media\/37641"}],"wp:attachment":[{"href":"https:\/\/www.public.sn\/index.php\/wp-json\/wp\/v2\/media?parent=37640"}],"wp:term":[{"taxonomy":"category","embeddable":true,"href":"https:\/\/www.public.sn\/index.php\/wp-json\/wp\/v2\/categories?post=37640"},{"taxonomy":"post_tag","embeddable":true,"href":"https:\/\/www.public.sn\/index.php\/wp-json\/wp\/v2\/tags?post=37640"}],"curies":[{"name":"wp","href":"https:\/\/api.w.org\/{rel}","templated":true}]}}