{"id":37644,"date":"2025-10-07T22:20:20","date_gmt":"2025-10-07T22:20:20","guid":{"rendered":"https:\/\/www.public.sn\/?p=37644"},"modified":"2025-10-07T22:20:27","modified_gmt":"2025-10-07T22:20:27","slug":"necrologie-serigne-modou-mamoune-amar-nest-plus","status":"publish","type":"post","link":"https:\/\/www.public.sn\/index.php\/2025\/10\/07\/necrologie-serigne-modou-mamoune-amar-nest-plus\/","title":{"rendered":"N\u00c9CROLOGIE: Serigne Modou Mamoune Amar n&rsquo;est plus"},"content":{"rendered":"\n<p><br><\/p>\n\n\n\n<p>La Radiot\u00e9l\u00e9vision s\u00e9n\u00e9galaise (RTS)\u00a0vient de perdre un homme de foi. Le producteur ext\u00e9rieur, Serigne Modou Mamoune Amar, a \u00e9t\u00e9 rappel\u00e9 \u00e0 Dieu ce mardi, plongeant la grande famille de l\u2019audiovisuel public dans la tristesse nous informe Seneweb.<\/p><div class=\"publi-paragraphe1\" style=\"margin-top: 10px;margin-bottom: 10px;margin-left: auto;margin-right: auto;text-align: center;\" id=\"publi-1466576412\"><div class=\"publi-adlabel\">Publicit\u00e9<\/div><script async src=\"\/\/pagead2.googlesyndication.com\/pagead\/js\/adsbygoogle.js?client=ca-pub-4089586018074219\" crossorigin=\"anonymous\"><\/script><ins class=\"adsbygoogle\" style=\"display:block;\" data-ad-client=\"ca-pub-4089586018074219\" \ndata-ad-slot=\"2087940154\" \ndata-ad-format=\"auto\"><\/ins>\n<script> \n(adsbygoogle = window.adsbygoogle || []).push({}); \n<\/script>\n<\/div>\n\n\n\n<p>Homme de foi, d\u2019humilit\u00e9 et de d\u00e9vouement, Serigne Modou Mamoune Amar a marqu\u00e9 de son empreinte le paysage m\u00e9diatique s\u00e9n\u00e9galais. \u00c0 travers ses nombreuses \u00e9missions religieuses, notamment la c\u00e9l\u00e8bre \u00ab\u00a0Veill\u00e9e du jeudi\u00a0\u00bb, il a su \u00e9clairer, enseigner et inspirer des g\u00e9n\u00e9rations de t\u00e9l\u00e9spectateurs. Sa voix pos\u00e9e, sa rigueur et la profondeur de ses propos ont fait de lui une figure respect\u00e9e et aim\u00e9e du public.<\/p>\n\n\n\n<p>Pendant de longues ann\u00e9es, il a consacr\u00e9 son savoir et sa spiritualit\u00e9 \u00e0 la vulgarisation des valeurs islamiques, faisant de la t\u00e9l\u00e9vision nationale un v\u00e9ritable espace d\u2019\u00e9ducation religieuse et de communion spirituelle.<\/p>\n\n\n\n<p>Serigne Modou Mamoune Amar a \u00e9t\u00e9 inhum\u00e9 ce mardi apr\u00e8s-midi \u00e0 Darou Salam.<\/p>\n\n\n\n<p>Public.sn adresse \u00e0 la Direction g\u00e9n\u00e9rale et \u00e0 l\u2019ensemble du personnel de la RTS ses sinc\u00e8res condol\u00e9ances ainsi qu\u2019\u00e0 la famille du d\u00e9funt.\u00a0<\/p>\n\n\n\n<p><\/p>\n<div class=\"publi-apres-le-contenu\" style=\"margin-top: 10px;margin-bottom: 10px;margin-left: auto;margin-right: auto;text-align: center;\" id=\"publi-2335116925\"><div class=\"publi-adlabel\">Publicit\u00e9<\/div><script async src=\"\/\/pagead2.googlesyndication.com\/pagead\/js\/adsbygoogle.js?client=ca-pub-4089586018074219\" crossorigin=\"anonymous\"><\/script><ins class=\"adsbygoogle\" style=\"display:block;\" data-ad-client=\"ca-pub-4089586018074219\" \ndata-ad-slot=\"2087940154\" \ndata-ad-format=\"auto\"><\/ins>\n<script> \n(adsbygoogle = window.adsbygoogle || []).push({}); \n<\/script>\n<\/div>","protected":false},"excerpt":{"rendered":"<p>La Radiot\u00e9l\u00e9vision s\u00e9n\u00e9galaise (RTS)\u00a0vient de perdre un homme de foi. Le producteur ext\u00e9rieur, Serigne Modou Mamoune Amar, a \u00e9t\u00e9 rappel\u00e9 \u00e0 Dieu ce mardi, plongeant la grande famille de l\u2019audiovisuel public dans la tristesse nous informe Seneweb. Homme de foi, d\u2019humilit\u00e9 et de d\u00e9vouement, Serigne Modou Mamoune Amar a marqu\u00e9 de son empreinte le paysage m\u00e9diatique s\u00e9n\u00e9galais. \u00c0 travers ses nombreuses \u00e9missions religieuses, notamment la c\u00e9l\u00e8bre \u00ab\u00a0Veill\u00e9e du jeudi\u00a0\u00bb, il a su \u00e9clairer, enseigner et inspirer des g\u00e9n\u00e9rations de t\u00e9l\u00e9spectateurs. Sa voix pos\u00e9e, sa rigueur et la profondeur de ses propos ont fait de lui une figure respect\u00e9e et aim\u00e9e du public. Pendant de longues ann\u00e9es, il a consacr\u00e9 son savoir et sa spiritualit\u00e9 \u00e0 la vulgarisation des valeurs islamiques, faisant de la t\u00e9l\u00e9vision nationale un v\u00e9ritable espace d\u2019\u00e9ducation religieuse et de communion spirituelle. Serigne Modou Mamoune Amar a \u00e9t\u00e9 inhum\u00e9 ce mardi apr\u00e8s-midi \u00e0 Darou Salam. Public.sn adresse \u00e0 la Direction g\u00e9n\u00e9rale et \u00e0 l\u2019ensemble du personnel de la RTS ses sinc\u00e8res condol\u00e9ances ainsi qu\u2019\u00e0 la famille du d\u00e9funt.\u00a0<\/p>\n","protected":false},"author":7,"featured_media":37645,"comment_status":"open","ping_status":"open","sticky":false,"template":"","format":"standard","meta":{"_jetpack_memberships_contains_paid_content":false,"footnotes":""},"categories":[375,371,878,1],"tags":[168,57,7565],"class_list":["post-37644","post","type-post","status-publish","format-standard","has-post-thumbnail","hentry","category-actualites","category-necrologie","category-religion","category-non-classe","tag-necrologie","tag-rts","tag-serigne-modou-mamoune-amar","entry","has-media","owp-thumbs-layout-horizontal","owp-btn-normal","owp-tabs-layout-horizontal","has-no-thumbnails","has-product-nav"],"yoast_head":"<!-- This site is optimized with the Yoast SEO plugin v25.5 - https:\/\/yoast.com\/wordpress\/plugins\/seo\/ -->\n<title>N\u00c9CROLOGIE: Serigne Modou Mamoune Amar n&#039;est plus - LE PUBLIC<\/title>\n<meta name=\"robots\" content=\"index, follow, max-snippet:-1, max-image-preview:large, max-video-preview:-1\" \/>\n<link rel=\"canonical\" href=\"https:\/\/www.public.sn\/index.php\/2025\/10\/07\/necrologie-serigne-modou-mamoune-amar-nest-plus\/\" \/>\n<meta property=\"og:locale\" content=\"fr_FR\" \/>\n<meta property=\"og:type\" content=\"article\" \/>\n<meta property=\"og:title\" content=\"N\u00c9CROLOGIE: Serigne Modou Mamoune Amar n&#039;est plus - LE PUBLIC\" \/>\n<meta property=\"og:description\" content=\"La Radiot\u00e9l\u00e9vision s\u00e9n\u00e9galaise (RTS)\u00a0vient de perdre un homme de foi. Le producteur ext\u00e9rieur, Serigne Modou Mamoune Amar, a \u00e9t\u00e9 rappel\u00e9 \u00e0 Dieu ce mardi, plongeant la grande famille de l\u2019audiovisuel public dans la tristesse nous informe Seneweb. Homme de foi, d\u2019humilit\u00e9 et de d\u00e9vouement, Serigne Modou Mamoune Amar a marqu\u00e9 de son empreinte le paysage m\u00e9diatique s\u00e9n\u00e9galais. \u00c0 travers ses nombreuses \u00e9missions religieuses, notamment la c\u00e9l\u00e8bre \u00ab\u00a0Veill\u00e9e du jeudi\u00a0\u00bb, il a su \u00e9clairer, enseigner et inspirer des g\u00e9n\u00e9rations de t\u00e9l\u00e9spectateurs. Sa voix pos\u00e9e, sa rigueur et la profondeur de ses propos ont fait de lui une figure respect\u00e9e et aim\u00e9e du public. Pendant de longues ann\u00e9es, il a consacr\u00e9 son savoir et sa spiritualit\u00e9 \u00e0 la vulgarisation des valeurs islamiques, faisant de la t\u00e9l\u00e9vision nationale un v\u00e9ritable espace d\u2019\u00e9ducation religieuse et de communion spirituelle. Serigne Modou Mamoune Amar a \u00e9t\u00e9 inhum\u00e9 ce mardi apr\u00e8s-midi \u00e0 Darou Salam. Public.sn adresse \u00e0 la Direction g\u00e9n\u00e9rale et \u00e0 l\u2019ensemble du personnel de la RTS ses sinc\u00e8res condol\u00e9ances ainsi qu\u2019\u00e0 la famille du d\u00e9funt.\u00a0\" \/>\n<meta property=\"og:url\" content=\"https:\/\/www.public.sn\/index.php\/2025\/10\/07\/necrologie-serigne-modou-mamoune-amar-nest-plus\/\" \/>\n<meta property=\"og:site_name\" content=\"LE PUBLIC\" \/>\n<meta property=\"article:published_time\" content=\"2025-10-07T22:20:20+00:00\" \/>\n<meta property=\"article:modified_time\" content=\"2025-10-07T22:20:27+00:00\" \/>\n<meta property=\"og:image\" content=\"https:\/\/www.public.sn\/wp-content\/uploads\/2025\/10\/thumb_1260x800_68e5878e157c7_21eC5FDkUD.jpg\" \/>\n\t<meta property=\"og:image:width\" content=\"1260\" \/>\n\t<meta property=\"og:image:height\" content=\"800\" \/>\n\t<meta property=\"og:image:type\" content=\"image\/jpeg\" \/>\n<meta name=\"author\" content=\"LA REDACTION\" \/>\n<meta name=\"twitter:card\" content=\"summary_large_image\" \/>\n<meta name=\"twitter:label1\" content=\"\u00c9crit par\" \/>\n\t<meta name=\"twitter:data1\" content=\"LA REDACTION\" \/>\n\t<meta name=\"twitter:label2\" content=\"Dur\u00e9e de lecture estim\u00e9e\" \/>\n\t<meta name=\"twitter:data2\" content=\"2 minutes\" \/>\n<script type=\"application\/ld+json\" class=\"yoast-schema-graph\">{\"@context\":\"https:\/\/schema.org\",\"@graph\":[{\"@type\":\"Article\",\"@id\":\"https:\/\/www.public.sn\/index.php\/2025\/10\/07\/necrologie-serigne-modou-mamoune-amar-nest-plus\/#article\",\"isPartOf\":{\"@id\":\"https:\/\/www.public.sn\/index.php\/2025\/10\/07\/necrologie-serigne-modou-mamoune-amar-nest-plus\/\"},\"author\":{\"name\":\"LA REDACTION\",\"@id\":\"https:\/\/www.public.sn\/#\/schema\/person\/cb76c8e1b8becc6be61fb5e92d6d0224\"},\"headline\":\"N\u00c9CROLOGIE: Serigne Modou Mamoune Amar n&rsquo;est plus\",\"datePublished\":\"2025-10-07T22:20:20+00:00\",\"dateModified\":\"2025-10-07T22:20:27+00:00\",\"mainEntityOfPage\":{\"@id\":\"https:\/\/www.public.sn\/index.php\/2025\/10\/07\/necrologie-serigne-modou-mamoune-amar-nest-plus\/\"},\"wordCount\":207,\"commentCount\":0,\"publisher\":{\"@id\":\"https:\/\/www.public.sn\/#organization\"},\"image\":{\"@id\":\"https:\/\/www.public.sn\/index.php\/2025\/10\/07\/necrologie-serigne-modou-mamoune-amar-nest-plus\/#primaryimage\"},\"thumbnailUrl\":\"https:\/\/www.public.sn\/wp-content\/uploads\/2025\/10\/thumb_1260x800_68e5878e157c7_21eC5FDkUD.jpg\",\"keywords\":[\"N\u00e9crologie\",\"RTS\",\"Serigne Modou Mamoune Amar\"],\"articleSection\":[\"ACTUALIT\u00c9S\",\"N\u00c9CROLOGIE\",\"RELIGION\",\"S\u00c9N\u00c9GAL\"],\"inLanguage\":\"fr-FR\",\"potentialAction\":[{\"@type\":\"CommentAction\",\"name\":\"Comment\",\"target\":[\"https:\/\/www.public.sn\/index.php\/2025\/10\/07\/necrologie-serigne-modou-mamoune-amar-nest-plus\/#respond\"]}]},{\"@type\":\"WebPage\",\"@id\":\"https:\/\/www.public.sn\/index.php\/2025\/10\/07\/necrologie-serigne-modou-mamoune-amar-nest-plus\/\",\"url\":\"https:\/\/www.public.sn\/index.php\/2025\/10\/07\/necrologie-serigne-modou-mamoune-amar-nest-plus\/\",\"name\":\"N\u00c9CROLOGIE: Serigne Modou Mamoune Amar n'est plus - LE PUBLIC\",\"isPartOf\":{\"@id\":\"https:\/\/www.public.sn\/#website\"},\"primaryImageOfPage\":{\"@id\":\"https:\/\/www.public.sn\/index.php\/2025\/10\/07\/necrologie-serigne-modou-mamoune-amar-nest-plus\/#primaryimage\"},\"image\":{\"@id\":\"https:\/\/www.public.sn\/index.php\/2025\/10\/07\/necrologie-serigne-modou-mamoune-amar-nest-plus\/#primaryimage\"},\"thumbnailUrl\":\"https:\/\/www.public.sn\/wp-content\/uploads\/2025\/10\/thumb_1260x800_68e5878e157c7_21eC5FDkUD.jpg\",\"datePublished\":\"2025-10-07T22:20:20+00:00\",\"dateModified\":\"2025-10-07T22:20:27+00:00\",\"breadcrumb\":{\"@id\":\"https:\/\/www.public.sn\/index.php\/2025\/10\/07\/necrologie-serigne-modou-mamoune-amar-nest-plus\/#breadcrumb\"},\"inLanguage\":\"fr-FR\",\"potentialAction\":[{\"@type\":\"ReadAction\",\"target\":[\"https:\/\/www.public.sn\/index.php\/2025\/10\/07\/necrologie-serigne-modou-mamoune-amar-nest-plus\/\"]}]},{\"@type\":\"ImageObject\",\"inLanguage\":\"fr-FR\",\"@id\":\"https:\/\/www.public.sn\/index.php\/2025\/10\/07\/necrologie-serigne-modou-mamoune-amar-nest-plus\/#primaryimage\",\"url\":\"https:\/\/www.public.sn\/wp-content\/uploads\/2025\/10\/thumb_1260x800_68e5878e157c7_21eC5FDkUD.jpg\",\"contentUrl\":\"https:\/\/www.public.sn\/wp-content\/uploads\/2025\/10\/thumb_1260x800_68e5878e157c7_21eC5FDkUD.jpg\",\"width\":1260,\"height\":800},{\"@type\":\"BreadcrumbList\",\"@id\":\"https:\/\/www.public.sn\/index.php\/2025\/10\/07\/necrologie-serigne-modou-mamoune-amar-nest-plus\/#breadcrumb\",\"itemListElement\":[{\"@type\":\"ListItem\",\"position\":1,\"name\":\"Accueil\",\"item\":\"https:\/\/www.public.sn\/\"},{\"@type\":\"ListItem\",\"position\":2,\"name\":\"N\u00c9CROLOGIE: Serigne Modou Mamoune Amar n&rsquo;est plus\"}]},{\"@type\":\"WebSite\",\"@id\":\"https:\/\/www.public.sn\/#website\",\"url\":\"https:\/\/www.public.sn\/\",\"name\":\"LE PUBLIC\",\"description\":\"\",\"publisher\":{\"@id\":\"https:\/\/www.public.sn\/#organization\"},\"potentialAction\":[{\"@type\":\"SearchAction\",\"target\":{\"@type\":\"EntryPoint\",\"urlTemplate\":\"https:\/\/www.public.sn\/?s={search_term_string}\"},\"query-input\":{\"@type\":\"PropertyValueSpecification\",\"valueRequired\":true,\"valueName\":\"search_term_string\"}}],\"inLanguage\":\"fr-FR\"},{\"@type\":\"Organization\",\"@id\":\"https:\/\/www.public.sn\/#organization\",\"name\":\"LE PUBLIC\",\"url\":\"https:\/\/www.public.sn\/\",\"logo\":{\"@type\":\"ImageObject\",\"inLanguage\":\"fr-FR\",\"@id\":\"https:\/\/www.public.sn\/#\/schema\/logo\/image\/\",\"url\":\"https:\/\/www.public.sn\/wp-content\/uploads\/2024\/05\/cropped-LOGO-PUBLIC.SN_.png\",\"contentUrl\":\"https:\/\/www.public.sn\/wp-content\/uploads\/2024\/05\/cropped-LOGO-PUBLIC.SN_.png\",\"width\":682,\"height\":192,\"caption\":\"LE PUBLIC\"},\"image\":{\"@id\":\"https:\/\/www.public.sn\/#\/schema\/logo\/image\/\"}},{\"@type\":\"Person\",\"@id\":\"https:\/\/www.public.sn\/#\/schema\/person\/cb76c8e1b8becc6be61fb5e92d6d0224\",\"name\":\"LA REDACTION\",\"image\":{\"@type\":\"ImageObject\",\"inLanguage\":\"fr-FR\",\"@id\":\"https:\/\/www.public.sn\/#\/schema\/person\/image\/\",\"url\":\"https:\/\/secure.gravatar.com\/avatar\/2dce5ddd34b8fef0180efe03aa2a9bee7d953856048f9a16b298190a3178407c?s=96&d=mm&r=g\",\"contentUrl\":\"https:\/\/secure.gravatar.com\/avatar\/2dce5ddd34b8fef0180efe03aa2a9bee7d953856048f9a16b298190a3178407c?s=96&d=mm&r=g\",\"caption\":\"LA REDACTION\"},\"url\":\"https:\/\/www.public.sn\/index.php\/author\/editeurpsn\/\"}]}<\/script>\n<!-- \/ Yoast SEO plugin. -->","yoast_head_json":{"title":"N\u00c9CROLOGIE: Serigne Modou Mamoune Amar n'est plus - LE PUBLIC","robots":{"index":"index","follow":"follow","max-snippet":"max-snippet:-1","max-image-preview":"max-image-preview:large","max-video-preview":"max-video-preview:-1"},"canonical":"https:\/\/www.public.sn\/index.php\/2025\/10\/07\/necrologie-serigne-modou-mamoune-amar-nest-plus\/","og_locale":"fr_FR","og_type":"article","og_title":"N\u00c9CROLOGIE: Serigne Modou Mamoune Amar n'est plus - LE PUBLIC","og_description":"La Radiot\u00e9l\u00e9vision s\u00e9n\u00e9galaise (RTS)\u00a0vient de perdre un homme de foi. Le producteur ext\u00e9rieur, Serigne Modou Mamoune Amar, a \u00e9t\u00e9 rappel\u00e9 \u00e0 Dieu ce mardi, plongeant la grande famille de l\u2019audiovisuel public dans la tristesse nous informe Seneweb. Homme de foi, d\u2019humilit\u00e9 et de d\u00e9vouement, Serigne Modou Mamoune Amar a marqu\u00e9 de son empreinte le paysage m\u00e9diatique s\u00e9n\u00e9galais. \u00c0 travers ses nombreuses \u00e9missions religieuses, notamment la c\u00e9l\u00e8bre \u00ab\u00a0Veill\u00e9e du jeudi\u00a0\u00bb, il a su \u00e9clairer, enseigner et inspirer des g\u00e9n\u00e9rations de t\u00e9l\u00e9spectateurs. Sa voix pos\u00e9e, sa rigueur et la profondeur de ses propos ont fait de lui une figure respect\u00e9e et aim\u00e9e du public. Pendant de longues ann\u00e9es, il a consacr\u00e9 son savoir et sa spiritualit\u00e9 \u00e0 la vulgarisation des valeurs islamiques, faisant de la t\u00e9l\u00e9vision nationale un v\u00e9ritable espace d\u2019\u00e9ducation religieuse et de communion spirituelle. Serigne Modou Mamoune Amar a \u00e9t\u00e9 inhum\u00e9 ce mardi apr\u00e8s-midi \u00e0 Darou Salam. Public.sn adresse \u00e0 la Direction g\u00e9n\u00e9rale et \u00e0 l\u2019ensemble du personnel de la RTS ses sinc\u00e8res condol\u00e9ances ainsi qu\u2019\u00e0 la famille du d\u00e9funt.\u00a0","og_url":"https:\/\/www.public.sn\/index.php\/2025\/10\/07\/necrologie-serigne-modou-mamoune-amar-nest-plus\/","og_site_name":"LE PUBLIC","article_published_time":"2025-10-07T22:20:20+00:00","article_modified_time":"2025-10-07T22:20:27+00:00","og_image":[{"width":1260,"height":800,"url":"https:\/\/www.public.sn\/wp-content\/uploads\/2025\/10\/thumb_1260x800_68e5878e157c7_21eC5FDkUD.jpg","type":"image\/jpeg"}],"author":"LA REDACTION","twitter_card":"summary_large_image","twitter_misc":{"\u00c9crit par":"LA REDACTION","Dur\u00e9e de lecture estim\u00e9e":"2 minutes"},"schema":{"@context":"https:\/\/schema.org","@graph":[{"@type":"Article","@id":"https:\/\/www.public.sn\/index.php\/2025\/10\/07\/necrologie-serigne-modou-mamoune-amar-nest-plus\/#article","isPartOf":{"@id":"https:\/\/www.public.sn\/index.php\/2025\/10\/07\/necrologie-serigne-modou-mamoune-amar-nest-plus\/"},"author":{"name":"LA REDACTION","@id":"https:\/\/www.public.sn\/#\/schema\/person\/cb76c8e1b8becc6be61fb5e92d6d0224"},"headline":"N\u00c9CROLOGIE: Serigne Modou Mamoune Amar n&rsquo;est plus","datePublished":"2025-10-07T22:20:20+00:00","dateModified":"2025-10-07T22:20:27+00:00","mainEntityOfPage":{"@id":"https:\/\/www.public.sn\/index.php\/2025\/10\/07\/necrologie-serigne-modou-mamoune-amar-nest-plus\/"},"wordCount":207,"commentCount":0,"publisher":{"@id":"https:\/\/www.public.sn\/#organization"},"image":{"@id":"https:\/\/www.public.sn\/index.php\/2025\/10\/07\/necrologie-serigne-modou-mamoune-amar-nest-plus\/#primaryimage"},"thumbnailUrl":"https:\/\/www.public.sn\/wp-content\/uploads\/2025\/10\/thumb_1260x800_68e5878e157c7_21eC5FDkUD.jpg","keywords":["N\u00e9crologie","RTS","Serigne Modou Mamoune Amar"],"articleSection":["ACTUALIT\u00c9S","N\u00c9CROLOGIE","RELIGION","S\u00c9N\u00c9GAL"],"inLanguage":"fr-FR","potentialAction":[{"@type":"CommentAction","name":"Comment","target":["https:\/\/www.public.sn\/index.php\/2025\/10\/07\/necrologie-serigne-modou-mamoune-amar-nest-plus\/#respond"]}]},{"@type":"WebPage","@id":"https:\/\/www.public.sn\/index.php\/2025\/10\/07\/necrologie-serigne-modou-mamoune-amar-nest-plus\/","url":"https:\/\/www.public.sn\/index.php\/2025\/10\/07\/necrologie-serigne-modou-mamoune-amar-nest-plus\/","name":"N\u00c9CROLOGIE: Serigne Modou Mamoune Amar n'est plus - LE PUBLIC","isPartOf":{"@id":"https:\/\/www.public.sn\/#website"},"primaryImageOfPage":{"@id":"https:\/\/www.public.sn\/index.php\/2025\/10\/07\/necrologie-serigne-modou-mamoune-amar-nest-plus\/#primaryimage"},"image":{"@id":"https:\/\/www.public.sn\/index.php\/2025\/10\/07\/necrologie-serigne-modou-mamoune-amar-nest-plus\/#primaryimage"},"thumbnailUrl":"https:\/\/www.public.sn\/wp-content\/uploads\/2025\/10\/thumb_1260x800_68e5878e157c7_21eC5FDkUD.jpg","datePublished":"2025-10-07T22:20:20+00:00","dateModified":"2025-10-07T22:20:27+00:00","breadcrumb":{"@id":"https:\/\/www.public.sn\/index.php\/2025\/10\/07\/necrologie-serigne-modou-mamoune-amar-nest-plus\/#breadcrumb"},"inLanguage":"fr-FR","potentialAction":[{"@type":"ReadAction","target":["https:\/\/www.public.sn\/index.php\/2025\/10\/07\/necrologie-serigne-modou-mamoune-amar-nest-plus\/"]}]},{"@type":"ImageObject","inLanguage":"fr-FR","@id":"https:\/\/www.public.sn\/index.php\/2025\/10\/07\/necrologie-serigne-modou-mamoune-amar-nest-plus\/#primaryimage","url":"https:\/\/www.public.sn\/wp-content\/uploads\/2025\/10\/thumb_1260x800_68e5878e157c7_21eC5FDkUD.jpg","contentUrl":"https:\/\/www.public.sn\/wp-content\/uploads\/2025\/10\/thumb_1260x800_68e5878e157c7_21eC5FDkUD.jpg","width":1260,"height":800},{"@type":"BreadcrumbList","@id":"https:\/\/www.public.sn\/index.php\/2025\/10\/07\/necrologie-serigne-modou-mamoune-amar-nest-plus\/#breadcrumb","itemListElement":[{"@type":"ListItem","position":1,"name":"Accueil","item":"https:\/\/www.public.sn\/"},{"@type":"ListItem","position":2,"name":"N\u00c9CROLOGIE: Serigne Modou Mamoune Amar n&rsquo;est plus"}]},{"@type":"WebSite","@id":"https:\/\/www.public.sn\/#website","url":"https:\/\/www.public.sn\/","name":"LE PUBLIC","description":"","publisher":{"@id":"https:\/\/www.public.sn\/#organization"},"potentialAction":[{"@type":"SearchAction","target":{"@type":"EntryPoint","urlTemplate":"https:\/\/www.public.sn\/?s={search_term_string}"},"query-input":{"@type":"PropertyValueSpecification","valueRequired":true,"valueName":"search_term_string"}}],"inLanguage":"fr-FR"},{"@type":"Organization","@id":"https:\/\/www.public.sn\/#organization","name":"LE PUBLIC","url":"https:\/\/www.public.sn\/","logo":{"@type":"ImageObject","inLanguage":"fr-FR","@id":"https:\/\/www.public.sn\/#\/schema\/logo\/image\/","url":"https:\/\/www.public.sn\/wp-content\/uploads\/2024\/05\/cropped-LOGO-PUBLIC.SN_.png","contentUrl":"https:\/\/www.public.sn\/wp-content\/uploads\/2024\/05\/cropped-LOGO-PUBLIC.SN_.png","width":682,"height":192,"caption":"LE PUBLIC"},"image":{"@id":"https:\/\/www.public.sn\/#\/schema\/logo\/image\/"}},{"@type":"Person","@id":"https:\/\/www.public.sn\/#\/schema\/person\/cb76c8e1b8becc6be61fb5e92d6d0224","name":"LA REDACTION","image":{"@type":"ImageObject","inLanguage":"fr-FR","@id":"https:\/\/www.public.sn\/#\/schema\/person\/image\/","url":"https:\/\/secure.gravatar.com\/avatar\/2dce5ddd34b8fef0180efe03aa2a9bee7d953856048f9a16b298190a3178407c?s=96&d=mm&r=g","contentUrl":"https:\/\/secure.gravatar.com\/avatar\/2dce5ddd34b8fef0180efe03aa2a9bee7d953856048f9a16b298190a3178407c?s=96&d=mm&r=g","caption":"LA REDACTION"},"url":"https:\/\/www.public.sn\/index.php\/author\/editeurpsn\/"}]}},"jetpack_featured_media_url":"https:\/\/www.public.sn\/wp-content\/uploads\/2025\/10\/thumb_1260x800_68e5878e157c7_21eC5FDkUD.jpg","jetpack_sharing_enabled":true,"_links":{"self":[{"href":"https:\/\/www.public.sn\/index.php\/wp-json\/wp\/v2\/posts\/37644","targetHints":{"allow":["GET"]}}],"collection":[{"href":"https:\/\/www.public.sn\/index.php\/wp-json\/wp\/v2\/posts"}],"about":[{"href":"https:\/\/www.public.sn\/index.php\/wp-json\/wp\/v2\/types\/post"}],"author":[{"embeddable":true,"href":"https:\/\/www.public.sn\/index.php\/wp-json\/wp\/v2\/users\/7"}],"replies":[{"embeddable":true,"href":"https:\/\/www.public.sn\/index.php\/wp-json\/wp\/v2\/comments?post=37644"}],"version-history":[{"count":1,"href":"https:\/\/www.public.sn\/index.php\/wp-json\/wp\/v2\/posts\/37644\/revisions"}],"predecessor-version":[{"id":37646,"href":"https:\/\/www.public.sn\/index.php\/wp-json\/wp\/v2\/posts\/37644\/revisions\/37646"}],"wp:featuredmedia":[{"embeddable":true,"href":"https:\/\/www.public.sn\/index.php\/wp-json\/wp\/v2\/media\/37645"}],"wp:attachment":[{"href":"https:\/\/www.public.sn\/index.php\/wp-json\/wp\/v2\/media?parent=37644"}],"wp:term":[{"taxonomy":"category","embeddable":true,"href":"https:\/\/www.public.sn\/index.php\/wp-json\/wp\/v2\/categories?post=37644"},{"taxonomy":"post_tag","embeddable":true,"href":"https:\/\/www.public.sn\/index.php\/wp-json\/wp\/v2\/tags?post=37644"}],"curies":[{"name":"wp","href":"https:\/\/api.w.org\/{rel}","templated":true}]}}