{"id":37647,"date":"2025-10-08T10:20:27","date_gmt":"2025-10-08T10:20:27","guid":{"rendered":"https:\/\/www.public.sn\/?p=37647"},"modified":"2025-10-08T10:20:34","modified_gmt":"2025-10-08T10:20:34","slug":"salimata-dieng-pastef-entre-negligence-de-la-jeunesse-et-oubli-de-certains-militants-le-texte-qui-lui-a-valu-son-poste","status":"publish","type":"post","link":"https:\/\/www.public.sn\/index.php\/2025\/10\/08\/salimata-dieng-pastef-entre-negligence-de-la-jeunesse-et-oubli-de-certains-militants-le-texte-qui-lui-a-valu-son-poste\/","title":{"rendered":"Salimata Dieng: \u00abPastef entre n\u00e9gligence de la jeunesse et oubli de certains militants \u00bb, le texte qui lui a valu son poste"},"content":{"rendered":"\n<p>Salimata Dieng, secr\u00e9taire g\u00e9n\u00e9rale nationale de la Jeunesse patriotique du S\u00e9n\u00e9gal (JPS) et membre active du parti au pouvoir, a \u00e9t\u00e9 d\u00e9mise de ses fonctions de charg\u00e9e de mission \u00e0 la Pr\u00e9sidence de la R\u00e9publique, rapporte Seneweb.<\/p><div class=\"publi-paragraphe1\" style=\"margin-top: 10px;margin-bottom: 10px;margin-left: auto;margin-right: auto;text-align: center;\" id=\"publi-3569557933\"><div class=\"publi-adlabel\">Publicit\u00e9<\/div><script async src=\"\/\/pagead2.googlesyndication.com\/pagead\/js\/adsbygoogle.js?client=ca-pub-4089586018074219\" crossorigin=\"anonymous\"><\/script><ins class=\"adsbygoogle\" style=\"display:block;\" data-ad-client=\"ca-pub-4089586018074219\" \ndata-ad-slot=\"2087940154\" \ndata-ad-format=\"auto\"><\/ins>\n<script> \n(adsbygoogle = window.adsbygoogle || []).push({}); \n<\/script>\n<\/div>\n\n\n\n<p>Contact\u00e9e par Lib\u00e9ration, elle confie avoir \u00e9t\u00e9 convoqu\u00e9e \u00e0 deux reprises, dont une en pr\u00e9sence d\u2019autres charg\u00e9s de mission, \u00e0 la suite d\u2019un post Facebook jug\u00e9 critique. \u00ab Le Pr\u00e9sident a les pr\u00e9rogatives de nommer et de d\u00e9gommer, mais c\u2019est d\u00e9solant qu\u2019une telle mesure d\u00e9coule d\u2019un simple post sur Facebook \u00bb, d\u00e9plore-t-elle, pr\u00e9cisant qu\u2019elle s\u2019exprimait \u00ab en tant que responsable de la JPS \u00bb.<\/p>\n\n\n\n<p>Selon l&rsquo;interlocutrice du journal, Sidy Alpha Ndiaye, ministre charg\u00e9 des Affaires juridiques et directeur de cabinet adjoint du Pr\u00e9sident, lui a reproch\u00e9 un manque de loyaut\u00e9 envers Bassirou Diomaye Faye. R\u00e9plique imm\u00e9diate de l\u2019int\u00e9ress\u00e9e : \u00ab Il n\u2019est pas plus loyal que moi, d\u2019autant que c\u2019est ce jour-l\u00e0 que j\u2019ai appris qu\u2019il \u00e9tait avec nous. \u00bb<\/p>\n\n\n\n<p>Dans son texte intitul\u00e9 \u00ab Pastef entre n\u00e9gligence de la jeunesse et oubli de certains militants \u00bb, publi\u00e9 r\u00e9cemment sur Facebook, Salimata Dieng appelait \u00e0 une implication plus forte des jeunes du parti dans la gestion de l\u2019appareil \u00e9tatique.<\/p>\n\n\n\n<p><\/p>\n<div class=\"publi-apres-le-contenu\" style=\"margin-top: 10px;margin-bottom: 10px;margin-left: auto;margin-right: auto;text-align: center;\" id=\"publi-2327257888\"><div class=\"publi-adlabel\">Publicit\u00e9<\/div><script async src=\"\/\/pagead2.googlesyndication.com\/pagead\/js\/adsbygoogle.js?client=ca-pub-4089586018074219\" crossorigin=\"anonymous\"><\/script><ins class=\"adsbygoogle\" style=\"display:block;\" data-ad-client=\"ca-pub-4089586018074219\" \ndata-ad-slot=\"2087940154\" \ndata-ad-format=\"auto\"><\/ins>\n<script> \n(adsbygoogle = window.adsbygoogle || []).push({}); \n<\/script>\n<\/div>","protected":false},"excerpt":{"rendered":"<p>Salimata Dieng, secr\u00e9taire g\u00e9n\u00e9rale nationale de la Jeunesse patriotique du S\u00e9n\u00e9gal (JPS) et membre active du parti au pouvoir, a \u00e9t\u00e9 d\u00e9mise de ses fonctions de charg\u00e9e de mission \u00e0 la Pr\u00e9sidence de la R\u00e9publique, rapporte Seneweb. Contact\u00e9e par Lib\u00e9ration, elle confie avoir \u00e9t\u00e9 convoqu\u00e9e \u00e0 deux reprises, dont une en pr\u00e9sence d\u2019autres charg\u00e9s de mission, \u00e0 la suite d\u2019un post Facebook jug\u00e9 critique. \u00ab Le Pr\u00e9sident a les pr\u00e9rogatives de nommer et de d\u00e9gommer, mais c\u2019est d\u00e9solant qu\u2019une telle mesure d\u00e9coule d\u2019un simple post sur Facebook \u00bb, d\u00e9plore-t-elle, pr\u00e9cisant qu\u2019elle s\u2019exprimait \u00ab en tant que responsable de la JPS \u00bb. Selon l&rsquo;interlocutrice du journal, Sidy Alpha Ndiaye, ministre charg\u00e9 des Affaires juridiques et directeur de cabinet adjoint du Pr\u00e9sident, lui a reproch\u00e9 un manque de loyaut\u00e9 envers Bassirou Diomaye Faye. R\u00e9plique imm\u00e9diate de l\u2019int\u00e9ress\u00e9e : \u00ab Il n\u2019est pas plus loyal que moi, d\u2019autant que c\u2019est ce jour-l\u00e0 que j\u2019ai appris qu\u2019il \u00e9tait avec nous. \u00bb Dans son texte intitul\u00e9 \u00ab Pastef entre n\u00e9gligence de la jeunesse et oubli de certains militants \u00bb, publi\u00e9 r\u00e9cemment sur Facebook, Salimata Dieng appelait \u00e0 une implication plus forte des jeunes du parti dans la gestion de l\u2019appareil \u00e9tatique.<\/p>\n","protected":false},"author":7,"featured_media":37648,"comment_status":"open","ping_status":"open","sticky":false,"template":"","format":"standard","meta":{"_jetpack_memberships_contains_paid_content":false,"footnotes":""},"categories":[375,3,1],"tags":[7568,7566,7567],"class_list":["post-37647","post","type-post","status-publish","format-standard","has-post-thumbnail","hentry","category-actualites","category-politique","category-non-classe","tag-presidence-de-republique","tag-salimata-dieng","tag-stef","entry","has-media","owp-thumbs-layout-horizontal","owp-btn-normal","owp-tabs-layout-horizontal","has-no-thumbnails","has-product-nav"],"yoast_head":"<!-- This site is optimized with the Yoast SEO plugin v25.5 - https:\/\/yoast.com\/wordpress\/plugins\/seo\/ -->\n<title>Salimata Dieng: \u00abPastef entre n\u00e9gligence de la jeunesse et oubli de certains militants \u00bb, le texte qui lui a valu son poste - LE PUBLIC<\/title>\n<meta name=\"robots\" content=\"index, follow, max-snippet:-1, max-image-preview:large, max-video-preview:-1\" \/>\n<link rel=\"canonical\" href=\"https:\/\/www.public.sn\/index.php\/2025\/10\/08\/salimata-dieng-pastef-entre-negligence-de-la-jeunesse-et-oubli-de-certains-militants-le-texte-qui-lui-a-valu-son-poste\/\" \/>\n<meta property=\"og:locale\" content=\"fr_FR\" \/>\n<meta property=\"og:type\" content=\"article\" \/>\n<meta property=\"og:title\" content=\"Salimata Dieng: \u00abPastef entre n\u00e9gligence de la jeunesse et oubli de certains militants \u00bb, le texte qui lui a valu son poste - LE PUBLIC\" \/>\n<meta property=\"og:description\" content=\"Salimata Dieng, secr\u00e9taire g\u00e9n\u00e9rale nationale de la Jeunesse patriotique du S\u00e9n\u00e9gal (JPS) et membre active du parti au pouvoir, a \u00e9t\u00e9 d\u00e9mise de ses fonctions de charg\u00e9e de mission \u00e0 la Pr\u00e9sidence de la R\u00e9publique, rapporte Seneweb. Contact\u00e9e par Lib\u00e9ration, elle confie avoir \u00e9t\u00e9 convoqu\u00e9e \u00e0 deux reprises, dont une en pr\u00e9sence d\u2019autres charg\u00e9s de mission, \u00e0 la suite d\u2019un post Facebook jug\u00e9 critique. \u00ab Le Pr\u00e9sident a les pr\u00e9rogatives de nommer et de d\u00e9gommer, mais c\u2019est d\u00e9solant qu\u2019une telle mesure d\u00e9coule d\u2019un simple post sur Facebook \u00bb, d\u00e9plore-t-elle, pr\u00e9cisant qu\u2019elle s\u2019exprimait \u00ab en tant que responsable de la JPS \u00bb. Selon l&rsquo;interlocutrice du journal, Sidy Alpha Ndiaye, ministre charg\u00e9 des Affaires juridiques et directeur de cabinet adjoint du Pr\u00e9sident, lui a reproch\u00e9 un manque de loyaut\u00e9 envers Bassirou Diomaye Faye. R\u00e9plique imm\u00e9diate de l\u2019int\u00e9ress\u00e9e : \u00ab Il n\u2019est pas plus loyal que moi, d\u2019autant que c\u2019est ce jour-l\u00e0 que j\u2019ai appris qu\u2019il \u00e9tait avec nous. \u00bb Dans son texte intitul\u00e9 \u00ab Pastef entre n\u00e9gligence de la jeunesse et oubli de certains militants \u00bb, publi\u00e9 r\u00e9cemment sur Facebook, Salimata Dieng appelait \u00e0 une implication plus forte des jeunes du parti dans la gestion de l\u2019appareil \u00e9tatique.\" \/>\n<meta property=\"og:url\" content=\"https:\/\/www.public.sn\/index.php\/2025\/10\/08\/salimata-dieng-pastef-entre-negligence-de-la-jeunesse-et-oubli-de-certains-militants-le-texte-qui-lui-a-valu-son-poste\/\" \/>\n<meta property=\"og:site_name\" content=\"LE PUBLIC\" \/>\n<meta property=\"article:published_time\" content=\"2025-10-08T10:20:27+00:00\" \/>\n<meta property=\"article:modified_time\" content=\"2025-10-08T10:20:34+00:00\" \/>\n<meta property=\"og:image\" content=\"https:\/\/www.public.sn\/wp-content\/uploads\/2025\/10\/thumb_1260x800_68e60b29d0262_SkR6UXay5L.jpg\" \/>\n\t<meta property=\"og:image:width\" content=\"1260\" \/>\n\t<meta property=\"og:image:height\" content=\"800\" \/>\n\t<meta property=\"og:image:type\" content=\"image\/jpeg\" \/>\n<meta name=\"author\" content=\"LA REDACTION\" \/>\n<meta name=\"twitter:card\" content=\"summary_large_image\" \/>\n<meta name=\"twitter:label1\" content=\"\u00c9crit par\" \/>\n\t<meta name=\"twitter:data1\" content=\"LA REDACTION\" \/>\n\t<meta name=\"twitter:label2\" content=\"Dur\u00e9e de lecture estim\u00e9e\" \/>\n\t<meta name=\"twitter:data2\" content=\"2 minutes\" \/>\n<script type=\"application\/ld+json\" class=\"yoast-schema-graph\">{\"@context\":\"https:\/\/schema.org\",\"@graph\":[{\"@type\":\"Article\",\"@id\":\"https:\/\/www.public.sn\/index.php\/2025\/10\/08\/salimata-dieng-pastef-entre-negligence-de-la-jeunesse-et-oubli-de-certains-militants-le-texte-qui-lui-a-valu-son-poste\/#article\",\"isPartOf\":{\"@id\":\"https:\/\/www.public.sn\/index.php\/2025\/10\/08\/salimata-dieng-pastef-entre-negligence-de-la-jeunesse-et-oubli-de-certains-militants-le-texte-qui-lui-a-valu-son-poste\/\"},\"author\":{\"name\":\"LA REDACTION\",\"@id\":\"https:\/\/www.public.sn\/#\/schema\/person\/cb76c8e1b8becc6be61fb5e92d6d0224\"},\"headline\":\"Salimata Dieng: \u00abPastef entre n\u00e9gligence de la jeunesse et oubli de certains militants \u00bb, le texte qui lui a valu son poste\",\"datePublished\":\"2025-10-08T10:20:27+00:00\",\"dateModified\":\"2025-10-08T10:20:34+00:00\",\"mainEntityOfPage\":{\"@id\":\"https:\/\/www.public.sn\/index.php\/2025\/10\/08\/salimata-dieng-pastef-entre-negligence-de-la-jeunesse-et-oubli-de-certains-militants-le-texte-qui-lui-a-valu-son-poste\/\"},\"wordCount\":247,\"commentCount\":0,\"publisher\":{\"@id\":\"https:\/\/www.public.sn\/#organization\"},\"image\":{\"@id\":\"https:\/\/www.public.sn\/index.php\/2025\/10\/08\/salimata-dieng-pastef-entre-negligence-de-la-jeunesse-et-oubli-de-certains-militants-le-texte-qui-lui-a-valu-son-poste\/#primaryimage\"},\"thumbnailUrl\":\"https:\/\/www.public.sn\/wp-content\/uploads\/2025\/10\/thumb_1260x800_68e60b29d0262_SkR6UXay5L.jpg\",\"keywords\":[\"pr\u00e9sidence de republique\",\"Salimata Dieng\",\"stef\"],\"articleSection\":[\"ACTUALIT\u00c9S\",\"POLITIQUE\",\"S\u00c9N\u00c9GAL\"],\"inLanguage\":\"fr-FR\",\"potentialAction\":[{\"@type\":\"CommentAction\",\"name\":\"Comment\",\"target\":[\"https:\/\/www.public.sn\/index.php\/2025\/10\/08\/salimata-dieng-pastef-entre-negligence-de-la-jeunesse-et-oubli-de-certains-militants-le-texte-qui-lui-a-valu-son-poste\/#respond\"]}]},{\"@type\":\"WebPage\",\"@id\":\"https:\/\/www.public.sn\/index.php\/2025\/10\/08\/salimata-dieng-pastef-entre-negligence-de-la-jeunesse-et-oubli-de-certains-militants-le-texte-qui-lui-a-valu-son-poste\/\",\"url\":\"https:\/\/www.public.sn\/index.php\/2025\/10\/08\/salimata-dieng-pastef-entre-negligence-de-la-jeunesse-et-oubli-de-certains-militants-le-texte-qui-lui-a-valu-son-poste\/\",\"name\":\"Salimata Dieng: \u00abPastef entre n\u00e9gligence de la jeunesse et oubli de certains militants \u00bb, le texte qui lui a valu son poste - LE PUBLIC\",\"isPartOf\":{\"@id\":\"https:\/\/www.public.sn\/#website\"},\"primaryImageOfPage\":{\"@id\":\"https:\/\/www.public.sn\/index.php\/2025\/10\/08\/salimata-dieng-pastef-entre-negligence-de-la-jeunesse-et-oubli-de-certains-militants-le-texte-qui-lui-a-valu-son-poste\/#primaryimage\"},\"image\":{\"@id\":\"https:\/\/www.public.sn\/index.php\/2025\/10\/08\/salimata-dieng-pastef-entre-negligence-de-la-jeunesse-et-oubli-de-certains-militants-le-texte-qui-lui-a-valu-son-poste\/#primaryimage\"},\"thumbnailUrl\":\"https:\/\/www.public.sn\/wp-content\/uploads\/2025\/10\/thumb_1260x800_68e60b29d0262_SkR6UXay5L.jpg\",\"datePublished\":\"2025-10-08T10:20:27+00:00\",\"dateModified\":\"2025-10-08T10:20:34+00:00\",\"breadcrumb\":{\"@id\":\"https:\/\/www.public.sn\/index.php\/2025\/10\/08\/salimata-dieng-pastef-entre-negligence-de-la-jeunesse-et-oubli-de-certains-militants-le-texte-qui-lui-a-valu-son-poste\/#breadcrumb\"},\"inLanguage\":\"fr-FR\",\"potentialAction\":[{\"@type\":\"ReadAction\",\"target\":[\"https:\/\/www.public.sn\/index.php\/2025\/10\/08\/salimata-dieng-pastef-entre-negligence-de-la-jeunesse-et-oubli-de-certains-militants-le-texte-qui-lui-a-valu-son-poste\/\"]}]},{\"@type\":\"ImageObject\",\"inLanguage\":\"fr-FR\",\"@id\":\"https:\/\/www.public.sn\/index.php\/2025\/10\/08\/salimata-dieng-pastef-entre-negligence-de-la-jeunesse-et-oubli-de-certains-militants-le-texte-qui-lui-a-valu-son-poste\/#primaryimage\",\"url\":\"https:\/\/www.public.sn\/wp-content\/uploads\/2025\/10\/thumb_1260x800_68e60b29d0262_SkR6UXay5L.jpg\",\"contentUrl\":\"https:\/\/www.public.sn\/wp-content\/uploads\/2025\/10\/thumb_1260x800_68e60b29d0262_SkR6UXay5L.jpg\",\"width\":1260,\"height\":800},{\"@type\":\"BreadcrumbList\",\"@id\":\"https:\/\/www.public.sn\/index.php\/2025\/10\/08\/salimata-dieng-pastef-entre-negligence-de-la-jeunesse-et-oubli-de-certains-militants-le-texte-qui-lui-a-valu-son-poste\/#breadcrumb\",\"itemListElement\":[{\"@type\":\"ListItem\",\"position\":1,\"name\":\"Accueil\",\"item\":\"https:\/\/www.public.sn\/\"},{\"@type\":\"ListItem\",\"position\":2,\"name\":\"Salimata Dieng: \u00abPastef entre n\u00e9gligence de la jeunesse et oubli de certains militants \u00bb, le texte qui lui a valu son poste\"}]},{\"@type\":\"WebSite\",\"@id\":\"https:\/\/www.public.sn\/#website\",\"url\":\"https:\/\/www.public.sn\/\",\"name\":\"LE PUBLIC\",\"description\":\"\",\"publisher\":{\"@id\":\"https:\/\/www.public.sn\/#organization\"},\"potentialAction\":[{\"@type\":\"SearchAction\",\"target\":{\"@type\":\"EntryPoint\",\"urlTemplate\":\"https:\/\/www.public.sn\/?s={search_term_string}\"},\"query-input\":{\"@type\":\"PropertyValueSpecification\",\"valueRequired\":true,\"valueName\":\"search_term_string\"}}],\"inLanguage\":\"fr-FR\"},{\"@type\":\"Organization\",\"@id\":\"https:\/\/www.public.sn\/#organization\",\"name\":\"LE PUBLIC\",\"url\":\"https:\/\/www.public.sn\/\",\"logo\":{\"@type\":\"ImageObject\",\"inLanguage\":\"fr-FR\",\"@id\":\"https:\/\/www.public.sn\/#\/schema\/logo\/image\/\",\"url\":\"https:\/\/www.public.sn\/wp-content\/uploads\/2024\/05\/cropped-LOGO-PUBLIC.SN_.png\",\"contentUrl\":\"https:\/\/www.public.sn\/wp-content\/uploads\/2024\/05\/cropped-LOGO-PUBLIC.SN_.png\",\"width\":682,\"height\":192,\"caption\":\"LE PUBLIC\"},\"image\":{\"@id\":\"https:\/\/www.public.sn\/#\/schema\/logo\/image\/\"}},{\"@type\":\"Person\",\"@id\":\"https:\/\/www.public.sn\/#\/schema\/person\/cb76c8e1b8becc6be61fb5e92d6d0224\",\"name\":\"LA REDACTION\",\"image\":{\"@type\":\"ImageObject\",\"inLanguage\":\"fr-FR\",\"@id\":\"https:\/\/www.public.sn\/#\/schema\/person\/image\/\",\"url\":\"https:\/\/secure.gravatar.com\/avatar\/2dce5ddd34b8fef0180efe03aa2a9bee7d953856048f9a16b298190a3178407c?s=96&d=mm&r=g\",\"contentUrl\":\"https:\/\/secure.gravatar.com\/avatar\/2dce5ddd34b8fef0180efe03aa2a9bee7d953856048f9a16b298190a3178407c?s=96&d=mm&r=g\",\"caption\":\"LA REDACTION\"},\"url\":\"https:\/\/www.public.sn\/index.php\/author\/editeurpsn\/\"}]}<\/script>\n<!-- \/ Yoast SEO plugin. -->","yoast_head_json":{"title":"Salimata Dieng: \u00abPastef entre n\u00e9gligence de la jeunesse et oubli de certains militants \u00bb, le texte qui lui a valu son poste - LE PUBLIC","robots":{"index":"index","follow":"follow","max-snippet":"max-snippet:-1","max-image-preview":"max-image-preview:large","max-video-preview":"max-video-preview:-1"},"canonical":"https:\/\/www.public.sn\/index.php\/2025\/10\/08\/salimata-dieng-pastef-entre-negligence-de-la-jeunesse-et-oubli-de-certains-militants-le-texte-qui-lui-a-valu-son-poste\/","og_locale":"fr_FR","og_type":"article","og_title":"Salimata Dieng: \u00abPastef entre n\u00e9gligence de la jeunesse et oubli de certains militants \u00bb, le texte qui lui a valu son poste - LE PUBLIC","og_description":"Salimata Dieng, secr\u00e9taire g\u00e9n\u00e9rale nationale de la Jeunesse patriotique du S\u00e9n\u00e9gal (JPS) et membre active du parti au pouvoir, a \u00e9t\u00e9 d\u00e9mise de ses fonctions de charg\u00e9e de mission \u00e0 la Pr\u00e9sidence de la R\u00e9publique, rapporte Seneweb. Contact\u00e9e par Lib\u00e9ration, elle confie avoir \u00e9t\u00e9 convoqu\u00e9e \u00e0 deux reprises, dont une en pr\u00e9sence d\u2019autres charg\u00e9s de mission, \u00e0 la suite d\u2019un post Facebook jug\u00e9 critique. \u00ab Le Pr\u00e9sident a les pr\u00e9rogatives de nommer et de d\u00e9gommer, mais c\u2019est d\u00e9solant qu\u2019une telle mesure d\u00e9coule d\u2019un simple post sur Facebook \u00bb, d\u00e9plore-t-elle, pr\u00e9cisant qu\u2019elle s\u2019exprimait \u00ab en tant que responsable de la JPS \u00bb. Selon l&rsquo;interlocutrice du journal, Sidy Alpha Ndiaye, ministre charg\u00e9 des Affaires juridiques et directeur de cabinet adjoint du Pr\u00e9sident, lui a reproch\u00e9 un manque de loyaut\u00e9 envers Bassirou Diomaye Faye. R\u00e9plique imm\u00e9diate de l\u2019int\u00e9ress\u00e9e : \u00ab Il n\u2019est pas plus loyal que moi, d\u2019autant que c\u2019est ce jour-l\u00e0 que j\u2019ai appris qu\u2019il \u00e9tait avec nous. \u00bb Dans son texte intitul\u00e9 \u00ab Pastef entre n\u00e9gligence de la jeunesse et oubli de certains militants \u00bb, publi\u00e9 r\u00e9cemment sur Facebook, Salimata Dieng appelait \u00e0 une implication plus forte des jeunes du parti dans la gestion de l\u2019appareil \u00e9tatique.","og_url":"https:\/\/www.public.sn\/index.php\/2025\/10\/08\/salimata-dieng-pastef-entre-negligence-de-la-jeunesse-et-oubli-de-certains-militants-le-texte-qui-lui-a-valu-son-poste\/","og_site_name":"LE PUBLIC","article_published_time":"2025-10-08T10:20:27+00:00","article_modified_time":"2025-10-08T10:20:34+00:00","og_image":[{"width":1260,"height":800,"url":"https:\/\/www.public.sn\/wp-content\/uploads\/2025\/10\/thumb_1260x800_68e60b29d0262_SkR6UXay5L.jpg","type":"image\/jpeg"}],"author":"LA REDACTION","twitter_card":"summary_large_image","twitter_misc":{"\u00c9crit par":"LA REDACTION","Dur\u00e9e de lecture estim\u00e9e":"2 minutes"},"schema":{"@context":"https:\/\/schema.org","@graph":[{"@type":"Article","@id":"https:\/\/www.public.sn\/index.php\/2025\/10\/08\/salimata-dieng-pastef-entre-negligence-de-la-jeunesse-et-oubli-de-certains-militants-le-texte-qui-lui-a-valu-son-poste\/#article","isPartOf":{"@id":"https:\/\/www.public.sn\/index.php\/2025\/10\/08\/salimata-dieng-pastef-entre-negligence-de-la-jeunesse-et-oubli-de-certains-militants-le-texte-qui-lui-a-valu-son-poste\/"},"author":{"name":"LA REDACTION","@id":"https:\/\/www.public.sn\/#\/schema\/person\/cb76c8e1b8becc6be61fb5e92d6d0224"},"headline":"Salimata Dieng: \u00abPastef entre n\u00e9gligence de la jeunesse et oubli de certains militants \u00bb, le texte qui lui a valu son poste","datePublished":"2025-10-08T10:20:27+00:00","dateModified":"2025-10-08T10:20:34+00:00","mainEntityOfPage":{"@id":"https:\/\/www.public.sn\/index.php\/2025\/10\/08\/salimata-dieng-pastef-entre-negligence-de-la-jeunesse-et-oubli-de-certains-militants-le-texte-qui-lui-a-valu-son-poste\/"},"wordCount":247,"commentCount":0,"publisher":{"@id":"https:\/\/www.public.sn\/#organization"},"image":{"@id":"https:\/\/www.public.sn\/index.php\/2025\/10\/08\/salimata-dieng-pastef-entre-negligence-de-la-jeunesse-et-oubli-de-certains-militants-le-texte-qui-lui-a-valu-son-poste\/#primaryimage"},"thumbnailUrl":"https:\/\/www.public.sn\/wp-content\/uploads\/2025\/10\/thumb_1260x800_68e60b29d0262_SkR6UXay5L.jpg","keywords":["pr\u00e9sidence de republique","Salimata Dieng","stef"],"articleSection":["ACTUALIT\u00c9S","POLITIQUE","S\u00c9N\u00c9GAL"],"inLanguage":"fr-FR","potentialAction":[{"@type":"CommentAction","name":"Comment","target":["https:\/\/www.public.sn\/index.php\/2025\/10\/08\/salimata-dieng-pastef-entre-negligence-de-la-jeunesse-et-oubli-de-certains-militants-le-texte-qui-lui-a-valu-son-poste\/#respond"]}]},{"@type":"WebPage","@id":"https:\/\/www.public.sn\/index.php\/2025\/10\/08\/salimata-dieng-pastef-entre-negligence-de-la-jeunesse-et-oubli-de-certains-militants-le-texte-qui-lui-a-valu-son-poste\/","url":"https:\/\/www.public.sn\/index.php\/2025\/10\/08\/salimata-dieng-pastef-entre-negligence-de-la-jeunesse-et-oubli-de-certains-militants-le-texte-qui-lui-a-valu-son-poste\/","name":"Salimata Dieng: \u00abPastef entre n\u00e9gligence de la jeunesse et oubli de certains militants \u00bb, le texte qui lui a valu son poste - LE PUBLIC","isPartOf":{"@id":"https:\/\/www.public.sn\/#website"},"primaryImageOfPage":{"@id":"https:\/\/www.public.sn\/index.php\/2025\/10\/08\/salimata-dieng-pastef-entre-negligence-de-la-jeunesse-et-oubli-de-certains-militants-le-texte-qui-lui-a-valu-son-poste\/#primaryimage"},"image":{"@id":"https:\/\/www.public.sn\/index.php\/2025\/10\/08\/salimata-dieng-pastef-entre-negligence-de-la-jeunesse-et-oubli-de-certains-militants-le-texte-qui-lui-a-valu-son-poste\/#primaryimage"},"thumbnailUrl":"https:\/\/www.public.sn\/wp-content\/uploads\/2025\/10\/thumb_1260x800_68e60b29d0262_SkR6UXay5L.jpg","datePublished":"2025-10-08T10:20:27+00:00","dateModified":"2025-10-08T10:20:34+00:00","breadcrumb":{"@id":"https:\/\/www.public.sn\/index.php\/2025\/10\/08\/salimata-dieng-pastef-entre-negligence-de-la-jeunesse-et-oubli-de-certains-militants-le-texte-qui-lui-a-valu-son-poste\/#breadcrumb"},"inLanguage":"fr-FR","potentialAction":[{"@type":"ReadAction","target":["https:\/\/www.public.sn\/index.php\/2025\/10\/08\/salimata-dieng-pastef-entre-negligence-de-la-jeunesse-et-oubli-de-certains-militants-le-texte-qui-lui-a-valu-son-poste\/"]}]},{"@type":"ImageObject","inLanguage":"fr-FR","@id":"https:\/\/www.public.sn\/index.php\/2025\/10\/08\/salimata-dieng-pastef-entre-negligence-de-la-jeunesse-et-oubli-de-certains-militants-le-texte-qui-lui-a-valu-son-poste\/#primaryimage","url":"https:\/\/www.public.sn\/wp-content\/uploads\/2025\/10\/thumb_1260x800_68e60b29d0262_SkR6UXay5L.jpg","contentUrl":"https:\/\/www.public.sn\/wp-content\/uploads\/2025\/10\/thumb_1260x800_68e60b29d0262_SkR6UXay5L.jpg","width":1260,"height":800},{"@type":"BreadcrumbList","@id":"https:\/\/www.public.sn\/index.php\/2025\/10\/08\/salimata-dieng-pastef-entre-negligence-de-la-jeunesse-et-oubli-de-certains-militants-le-texte-qui-lui-a-valu-son-poste\/#breadcrumb","itemListElement":[{"@type":"ListItem","position":1,"name":"Accueil","item":"https:\/\/www.public.sn\/"},{"@type":"ListItem","position":2,"name":"Salimata Dieng: \u00abPastef entre n\u00e9gligence de la jeunesse et oubli de certains militants \u00bb, le texte qui lui a valu son poste"}]},{"@type":"WebSite","@id":"https:\/\/www.public.sn\/#website","url":"https:\/\/www.public.sn\/","name":"LE PUBLIC","description":"","publisher":{"@id":"https:\/\/www.public.sn\/#organization"},"potentialAction":[{"@type":"SearchAction","target":{"@type":"EntryPoint","urlTemplate":"https:\/\/www.public.sn\/?s={search_term_string}"},"query-input":{"@type":"PropertyValueSpecification","valueRequired":true,"valueName":"search_term_string"}}],"inLanguage":"fr-FR"},{"@type":"Organization","@id":"https:\/\/www.public.sn\/#organization","name":"LE PUBLIC","url":"https:\/\/www.public.sn\/","logo":{"@type":"ImageObject","inLanguage":"fr-FR","@id":"https:\/\/www.public.sn\/#\/schema\/logo\/image\/","url":"https:\/\/www.public.sn\/wp-content\/uploads\/2024\/05\/cropped-LOGO-PUBLIC.SN_.png","contentUrl":"https:\/\/www.public.sn\/wp-content\/uploads\/2024\/05\/cropped-LOGO-PUBLIC.SN_.png","width":682,"height":192,"caption":"LE PUBLIC"},"image":{"@id":"https:\/\/www.public.sn\/#\/schema\/logo\/image\/"}},{"@type":"Person","@id":"https:\/\/www.public.sn\/#\/schema\/person\/cb76c8e1b8becc6be61fb5e92d6d0224","name":"LA REDACTION","image":{"@type":"ImageObject","inLanguage":"fr-FR","@id":"https:\/\/www.public.sn\/#\/schema\/person\/image\/","url":"https:\/\/secure.gravatar.com\/avatar\/2dce5ddd34b8fef0180efe03aa2a9bee7d953856048f9a16b298190a3178407c?s=96&d=mm&r=g","contentUrl":"https:\/\/secure.gravatar.com\/avatar\/2dce5ddd34b8fef0180efe03aa2a9bee7d953856048f9a16b298190a3178407c?s=96&d=mm&r=g","caption":"LA REDACTION"},"url":"https:\/\/www.public.sn\/index.php\/author\/editeurpsn\/"}]}},"jetpack_featured_media_url":"https:\/\/www.public.sn\/wp-content\/uploads\/2025\/10\/thumb_1260x800_68e60b29d0262_SkR6UXay5L.jpg","jetpack_sharing_enabled":true,"_links":{"self":[{"href":"https:\/\/www.public.sn\/index.php\/wp-json\/wp\/v2\/posts\/37647","targetHints":{"allow":["GET"]}}],"collection":[{"href":"https:\/\/www.public.sn\/index.php\/wp-json\/wp\/v2\/posts"}],"about":[{"href":"https:\/\/www.public.sn\/index.php\/wp-json\/wp\/v2\/types\/post"}],"author":[{"embeddable":true,"href":"https:\/\/www.public.sn\/index.php\/wp-json\/wp\/v2\/users\/7"}],"replies":[{"embeddable":true,"href":"https:\/\/www.public.sn\/index.php\/wp-json\/wp\/v2\/comments?post=37647"}],"version-history":[{"count":1,"href":"https:\/\/www.public.sn\/index.php\/wp-json\/wp\/v2\/posts\/37647\/revisions"}],"predecessor-version":[{"id":37649,"href":"https:\/\/www.public.sn\/index.php\/wp-json\/wp\/v2\/posts\/37647\/revisions\/37649"}],"wp:featuredmedia":[{"embeddable":true,"href":"https:\/\/www.public.sn\/index.php\/wp-json\/wp\/v2\/media\/37648"}],"wp:attachment":[{"href":"https:\/\/www.public.sn\/index.php\/wp-json\/wp\/v2\/media?parent=37647"}],"wp:term":[{"taxonomy":"category","embeddable":true,"href":"https:\/\/www.public.sn\/index.php\/wp-json\/wp\/v2\/categories?post=37647"},{"taxonomy":"post_tag","embeddable":true,"href":"https:\/\/www.public.sn\/index.php\/wp-json\/wp\/v2\/tags?post=37647"}],"curies":[{"name":"wp","href":"https:\/\/api.w.org\/{rel}","templated":true}]}}