{"id":37650,"date":"2025-10-08T10:36:49","date_gmt":"2025-10-08T10:36:49","guid":{"rendered":"https:\/\/www.public.sn\/?p=37650"},"modified":"2025-10-08T10:36:56","modified_gmt":"2025-10-08T10:36:56","slug":"dette-cachee-macky-sall-veut-laver-son-honneur-et-lance-une-offensive-juridique","status":"publish","type":"post","link":"https:\/\/www.public.sn\/index.php\/2025\/10\/08\/dette-cachee-macky-sall-veut-laver-son-honneur-et-lance-une-offensive-juridique\/","title":{"rendered":"\u00ab Dette cach\u00e9e \u00bb: Macky SALL veut laver son honneur et lance une offensive juridique"},"content":{"rendered":"\n<p>L&rsquo;ancien Pr\u00e9sident Macky Sall a lanc\u00e9 une offensive juridique pour contester les accusations de falsification de la dette publique, qu\u2019il juge infond\u00e9es, et d\u00e9fendre son bilan. Selon L&rsquo;Observateur, qui donne l&rsquo;information, il a mandat\u00e9 des cabinets d\u2019avocats internationaux (coordonn\u00e9s par Me Pierre-Olivier Sur) et des experts financiers pour r\u00e9clamer l&rsquo;acc\u00e8s aux documents cl\u00e9s.<\/p><div class=\"publi-paragraphe1\" style=\"margin-top: 10px;margin-bottom: 10px;margin-left: auto;margin-right: auto;text-align: center;\" id=\"publi-2935744457\"><div class=\"publi-adlabel\">Publicit\u00e9<\/div><script async src=\"\/\/pagead2.googlesyndication.com\/pagead\/js\/adsbygoogle.js?client=ca-pub-4089586018074219\" crossorigin=\"anonymous\"><\/script><ins class=\"adsbygoogle\" style=\"display:block;\" data-ad-client=\"ca-pub-4089586018074219\" \ndata-ad-slot=\"2087940154\" \ndata-ad-format=\"auto\"><\/ins>\n<script> \n(adsbygoogle = window.adsbygoogle || []).push({}); \n<\/script>\n<\/div>\n\n\n\n<p>La m\u00eame source pr\u00e9cise que cette d\u00e9marche s&rsquo;est concr\u00e9tis\u00e9e ce mardi 7 octobre par l&rsquo;envoi de deux courriers officiels au ministre des Finances, Cheikh Diba, et au Pr\u00e9sident de la Cour des comptes, Mamadou Faye. Macky Sall y r\u00e9clame express\u00e9ment le rapport de l\u2019Inspection g\u00e9n\u00e9rale des finances (IGF), document qui a servi de base \u00e0 l&rsquo;audit de la Cour des comptes sur les finances publiques (p\u00e9riode 2019-2024).<\/p>\n\n\n\n<p>Repris par le quotidien du Groupe futurs m\u00e9dias, l&rsquo;ancien chef de l&rsquo;\u00c9tat s\u00e9n\u00e9galais motive sa requ\u00eate en soulignant que le rapport de l&rsquo;IGF n&rsquo;a \u00e9t\u00e9 \u00ab ni publi\u00e9 ni communiqu\u00e9 \u00bb aux responsables de l&rsquo;ancien r\u00e9gime, ce qui a emp\u00each\u00e9 tout \u00ab d\u00e9bat contradictoire \u00bb et toute confrontation des points de vue.<\/p>\n\n\n\n<p>Il demande \u00e9galement \u00e0 la Cour des comptes de certifier la r\u00e9gularit\u00e9 de la proc\u00e9dure d\u2019audit et d\u2019assurer la transparence du processus d&rsquo;examen des finances sous son magist\u00e8re.<\/p>\n<div class=\"publi-apres-le-contenu\" style=\"margin-top: 10px;margin-bottom: 10px;margin-left: auto;margin-right: auto;text-align: center;\" id=\"publi-2620239257\"><div class=\"publi-adlabel\">Publicit\u00e9<\/div><script async src=\"\/\/pagead2.googlesyndication.com\/pagead\/js\/adsbygoogle.js?client=ca-pub-4089586018074219\" crossorigin=\"anonymous\"><\/script><ins class=\"adsbygoogle\" style=\"display:block;\" data-ad-client=\"ca-pub-4089586018074219\" \ndata-ad-slot=\"2087940154\" \ndata-ad-format=\"auto\"><\/ins>\n<script> \n(adsbygoogle = window.adsbygoogle || []).push({}); \n<\/script>\n<\/div>","protected":false},"excerpt":{"rendered":"<p>L&rsquo;ancien Pr\u00e9sident Macky Sall a lanc\u00e9 une offensive juridique pour contester les accusations de falsification de la dette publique, qu\u2019il juge infond\u00e9es, et d\u00e9fendre son bilan. Selon L&rsquo;Observateur, qui donne l&rsquo;information, il a mandat\u00e9 des cabinets d\u2019avocats internationaux (coordonn\u00e9s par Me Pierre-Olivier Sur) et des experts financiers pour r\u00e9clamer l&rsquo;acc\u00e8s aux documents cl\u00e9s. La m\u00eame source pr\u00e9cise que cette d\u00e9marche s&rsquo;est concr\u00e9tis\u00e9e ce mardi 7 octobre par l&rsquo;envoi de deux courriers officiels au ministre des Finances, Cheikh Diba, et au Pr\u00e9sident de la Cour des comptes, Mamadou Faye. Macky Sall y r\u00e9clame express\u00e9ment le rapport de l\u2019Inspection g\u00e9n\u00e9rale des finances (IGF), document qui a servi de base \u00e0 l&rsquo;audit de la Cour des comptes sur les finances publiques (p\u00e9riode 2019-2024). Repris par le quotidien du Groupe futurs m\u00e9dias, l&rsquo;ancien chef de l&rsquo;\u00c9tat s\u00e9n\u00e9galais motive sa requ\u00eate en soulignant que le rapport de l&rsquo;IGF n&rsquo;a \u00e9t\u00e9 \u00ab ni publi\u00e9 ni communiqu\u00e9 \u00bb aux responsables de l&rsquo;ancien r\u00e9gime, ce qui a emp\u00each\u00e9 tout \u00ab d\u00e9bat contradictoire \u00bb et toute confrontation des points de vue. Il demande \u00e9galement \u00e0 la Cour des comptes de certifier la r\u00e9gularit\u00e9 de la proc\u00e9dure d\u2019audit et d\u2019assurer la transparence du processus d&rsquo;examen des finances sous son magist\u00e8re.<\/p>\n","protected":false},"author":7,"featured_media":37651,"comment_status":"open","ping_status":"open","sticky":false,"template":"","format":"standard","meta":{"_jetpack_memberships_contains_paid_content":false,"footnotes":""},"categories":[375,549,3,1],"tags":[7569],"class_list":["post-37650","post","type-post","status-publish","format-standard","has-post-thumbnail","hentry","category-actualites","category-economie","category-politique","category-non-classe","tag-dette-cachee","entry","has-media","owp-thumbs-layout-horizontal","owp-btn-normal","owp-tabs-layout-horizontal","has-no-thumbnails","has-product-nav"],"yoast_head":"<!-- This site is optimized with the Yoast SEO plugin v25.5 - https:\/\/yoast.com\/wordpress\/plugins\/seo\/ -->\n<title>\u00ab Dette cach\u00e9e \u00bb: Macky SALL veut laver son honneur et lance une offensive juridique - LE PUBLIC<\/title>\n<meta name=\"robots\" content=\"index, follow, max-snippet:-1, max-image-preview:large, max-video-preview:-1\" \/>\n<link rel=\"canonical\" href=\"https:\/\/www.public.sn\/index.php\/2025\/10\/08\/dette-cachee-macky-sall-veut-laver-son-honneur-et-lance-une-offensive-juridique\/\" \/>\n<meta property=\"og:locale\" content=\"fr_FR\" \/>\n<meta property=\"og:type\" content=\"article\" \/>\n<meta property=\"og:title\" content=\"\u00ab Dette cach\u00e9e \u00bb: Macky SALL veut laver son honneur et lance une offensive juridique - LE PUBLIC\" \/>\n<meta property=\"og:description\" content=\"L&rsquo;ancien Pr\u00e9sident Macky Sall a lanc\u00e9 une offensive juridique pour contester les accusations de falsification de la dette publique, qu\u2019il juge infond\u00e9es, et d\u00e9fendre son bilan. Selon L&rsquo;Observateur, qui donne l&rsquo;information, il a mandat\u00e9 des cabinets d\u2019avocats internationaux (coordonn\u00e9s par Me Pierre-Olivier Sur) et des experts financiers pour r\u00e9clamer l&rsquo;acc\u00e8s aux documents cl\u00e9s. La m\u00eame source pr\u00e9cise que cette d\u00e9marche s&rsquo;est concr\u00e9tis\u00e9e ce mardi 7 octobre par l&rsquo;envoi de deux courriers officiels au ministre des Finances, Cheikh Diba, et au Pr\u00e9sident de la Cour des comptes, Mamadou Faye. Macky Sall y r\u00e9clame express\u00e9ment le rapport de l\u2019Inspection g\u00e9n\u00e9rale des finances (IGF), document qui a servi de base \u00e0 l&rsquo;audit de la Cour des comptes sur les finances publiques (p\u00e9riode 2019-2024). Repris par le quotidien du Groupe futurs m\u00e9dias, l&rsquo;ancien chef de l&rsquo;\u00c9tat s\u00e9n\u00e9galais motive sa requ\u00eate en soulignant que le rapport de l&rsquo;IGF n&rsquo;a \u00e9t\u00e9 \u00ab ni publi\u00e9 ni communiqu\u00e9 \u00bb aux responsables de l&rsquo;ancien r\u00e9gime, ce qui a emp\u00each\u00e9 tout \u00ab d\u00e9bat contradictoire \u00bb et toute confrontation des points de vue. Il demande \u00e9galement \u00e0 la Cour des comptes de certifier la r\u00e9gularit\u00e9 de la proc\u00e9dure d\u2019audit et d\u2019assurer la transparence du processus d&rsquo;examen des finances sous son magist\u00e8re.\" \/>\n<meta property=\"og:url\" content=\"https:\/\/www.public.sn\/index.php\/2025\/10\/08\/dette-cachee-macky-sall-veut-laver-son-honneur-et-lance-une-offensive-juridique\/\" \/>\n<meta property=\"og:site_name\" content=\"LE PUBLIC\" \/>\n<meta property=\"article:published_time\" content=\"2025-10-08T10:36:49+00:00\" \/>\n<meta property=\"article:modified_time\" content=\"2025-10-08T10:36:56+00:00\" \/>\n<meta property=\"og:image\" content=\"https:\/\/www.public.sn\/wp-content\/uploads\/2025\/10\/macky-sall1.webp\" \/>\n\t<meta property=\"og:image:width\" content=\"1400\" \/>\n\t<meta property=\"og:image:height\" content=\"1007\" \/>\n\t<meta property=\"og:image:type\" content=\"image\/webp\" \/>\n<meta name=\"author\" content=\"LA REDACTION\" \/>\n<meta name=\"twitter:card\" content=\"summary_large_image\" \/>\n<meta name=\"twitter:label1\" content=\"\u00c9crit par\" \/>\n\t<meta name=\"twitter:data1\" content=\"LA REDACTION\" \/>\n\t<meta name=\"twitter:label2\" content=\"Dur\u00e9e de lecture estim\u00e9e\" \/>\n\t<meta name=\"twitter:data2\" content=\"2 minutes\" \/>\n<script type=\"application\/ld+json\" class=\"yoast-schema-graph\">{\"@context\":\"https:\/\/schema.org\",\"@graph\":[{\"@type\":\"Article\",\"@id\":\"https:\/\/www.public.sn\/index.php\/2025\/10\/08\/dette-cachee-macky-sall-veut-laver-son-honneur-et-lance-une-offensive-juridique\/#article\",\"isPartOf\":{\"@id\":\"https:\/\/www.public.sn\/index.php\/2025\/10\/08\/dette-cachee-macky-sall-veut-laver-son-honneur-et-lance-une-offensive-juridique\/\"},\"author\":{\"name\":\"LA REDACTION\",\"@id\":\"https:\/\/www.public.sn\/#\/schema\/person\/cb76c8e1b8becc6be61fb5e92d6d0224\"},\"headline\":\"\u00ab Dette cach\u00e9e \u00bb: Macky SALL veut laver son honneur et lance une offensive juridique\",\"datePublished\":\"2025-10-08T10:36:49+00:00\",\"dateModified\":\"2025-10-08T10:36:56+00:00\",\"mainEntityOfPage\":{\"@id\":\"https:\/\/www.public.sn\/index.php\/2025\/10\/08\/dette-cachee-macky-sall-veut-laver-son-honneur-et-lance-une-offensive-juridique\/\"},\"wordCount\":241,\"commentCount\":0,\"publisher\":{\"@id\":\"https:\/\/www.public.sn\/#organization\"},\"image\":{\"@id\":\"https:\/\/www.public.sn\/index.php\/2025\/10\/08\/dette-cachee-macky-sall-veut-laver-son-honneur-et-lance-une-offensive-juridique\/#primaryimage\"},\"thumbnailUrl\":\"https:\/\/www.public.sn\/wp-content\/uploads\/2025\/10\/macky-sall1.webp\",\"keywords\":[\"\u00ab Dette cach\u00e9e \u00bb\"],\"articleSection\":[\"ACTUALIT\u00c9S\",\"\u00c9CONOMIE\",\"POLITIQUE\",\"S\u00c9N\u00c9GAL\"],\"inLanguage\":\"fr-FR\",\"potentialAction\":[{\"@type\":\"CommentAction\",\"name\":\"Comment\",\"target\":[\"https:\/\/www.public.sn\/index.php\/2025\/10\/08\/dette-cachee-macky-sall-veut-laver-son-honneur-et-lance-une-offensive-juridique\/#respond\"]}]},{\"@type\":\"WebPage\",\"@id\":\"https:\/\/www.public.sn\/index.php\/2025\/10\/08\/dette-cachee-macky-sall-veut-laver-son-honneur-et-lance-une-offensive-juridique\/\",\"url\":\"https:\/\/www.public.sn\/index.php\/2025\/10\/08\/dette-cachee-macky-sall-veut-laver-son-honneur-et-lance-une-offensive-juridique\/\",\"name\":\"\u00ab Dette cach\u00e9e \u00bb: Macky SALL veut laver son honneur et lance une offensive juridique - LE PUBLIC\",\"isPartOf\":{\"@id\":\"https:\/\/www.public.sn\/#website\"},\"primaryImageOfPage\":{\"@id\":\"https:\/\/www.public.sn\/index.php\/2025\/10\/08\/dette-cachee-macky-sall-veut-laver-son-honneur-et-lance-une-offensive-juridique\/#primaryimage\"},\"image\":{\"@id\":\"https:\/\/www.public.sn\/index.php\/2025\/10\/08\/dette-cachee-macky-sall-veut-laver-son-honneur-et-lance-une-offensive-juridique\/#primaryimage\"},\"thumbnailUrl\":\"https:\/\/www.public.sn\/wp-content\/uploads\/2025\/10\/macky-sall1.webp\",\"datePublished\":\"2025-10-08T10:36:49+00:00\",\"dateModified\":\"2025-10-08T10:36:56+00:00\",\"breadcrumb\":{\"@id\":\"https:\/\/www.public.sn\/index.php\/2025\/10\/08\/dette-cachee-macky-sall-veut-laver-son-honneur-et-lance-une-offensive-juridique\/#breadcrumb\"},\"inLanguage\":\"fr-FR\",\"potentialAction\":[{\"@type\":\"ReadAction\",\"target\":[\"https:\/\/www.public.sn\/index.php\/2025\/10\/08\/dette-cachee-macky-sall-veut-laver-son-honneur-et-lance-une-offensive-juridique\/\"]}]},{\"@type\":\"ImageObject\",\"inLanguage\":\"fr-FR\",\"@id\":\"https:\/\/www.public.sn\/index.php\/2025\/10\/08\/dette-cachee-macky-sall-veut-laver-son-honneur-et-lance-une-offensive-juridique\/#primaryimage\",\"url\":\"https:\/\/www.public.sn\/wp-content\/uploads\/2025\/10\/macky-sall1.webp\",\"contentUrl\":\"https:\/\/www.public.sn\/wp-content\/uploads\/2025\/10\/macky-sall1.webp\",\"width\":1400,\"height\":1007},{\"@type\":\"BreadcrumbList\",\"@id\":\"https:\/\/www.public.sn\/index.php\/2025\/10\/08\/dette-cachee-macky-sall-veut-laver-son-honneur-et-lance-une-offensive-juridique\/#breadcrumb\",\"itemListElement\":[{\"@type\":\"ListItem\",\"position\":1,\"name\":\"Accueil\",\"item\":\"https:\/\/www.public.sn\/\"},{\"@type\":\"ListItem\",\"position\":2,\"name\":\"\u00ab Dette cach\u00e9e \u00bb: Macky SALL veut laver son honneur et lance une offensive juridique\"}]},{\"@type\":\"WebSite\",\"@id\":\"https:\/\/www.public.sn\/#website\",\"url\":\"https:\/\/www.public.sn\/\",\"name\":\"LE PUBLIC\",\"description\":\"\",\"publisher\":{\"@id\":\"https:\/\/www.public.sn\/#organization\"},\"potentialAction\":[{\"@type\":\"SearchAction\",\"target\":{\"@type\":\"EntryPoint\",\"urlTemplate\":\"https:\/\/www.public.sn\/?s={search_term_string}\"},\"query-input\":{\"@type\":\"PropertyValueSpecification\",\"valueRequired\":true,\"valueName\":\"search_term_string\"}}],\"inLanguage\":\"fr-FR\"},{\"@type\":\"Organization\",\"@id\":\"https:\/\/www.public.sn\/#organization\",\"name\":\"LE PUBLIC\",\"url\":\"https:\/\/www.public.sn\/\",\"logo\":{\"@type\":\"ImageObject\",\"inLanguage\":\"fr-FR\",\"@id\":\"https:\/\/www.public.sn\/#\/schema\/logo\/image\/\",\"url\":\"https:\/\/www.public.sn\/wp-content\/uploads\/2024\/05\/cropped-LOGO-PUBLIC.SN_.png\",\"contentUrl\":\"https:\/\/www.public.sn\/wp-content\/uploads\/2024\/05\/cropped-LOGO-PUBLIC.SN_.png\",\"width\":682,\"height\":192,\"caption\":\"LE PUBLIC\"},\"image\":{\"@id\":\"https:\/\/www.public.sn\/#\/schema\/logo\/image\/\"}},{\"@type\":\"Person\",\"@id\":\"https:\/\/www.public.sn\/#\/schema\/person\/cb76c8e1b8becc6be61fb5e92d6d0224\",\"name\":\"LA REDACTION\",\"image\":{\"@type\":\"ImageObject\",\"inLanguage\":\"fr-FR\",\"@id\":\"https:\/\/www.public.sn\/#\/schema\/person\/image\/\",\"url\":\"https:\/\/secure.gravatar.com\/avatar\/2dce5ddd34b8fef0180efe03aa2a9bee7d953856048f9a16b298190a3178407c?s=96&d=mm&r=g\",\"contentUrl\":\"https:\/\/secure.gravatar.com\/avatar\/2dce5ddd34b8fef0180efe03aa2a9bee7d953856048f9a16b298190a3178407c?s=96&d=mm&r=g\",\"caption\":\"LA REDACTION\"},\"url\":\"https:\/\/www.public.sn\/index.php\/author\/editeurpsn\/\"}]}<\/script>\n<!-- \/ Yoast SEO plugin. -->","yoast_head_json":{"title":"\u00ab Dette cach\u00e9e \u00bb: Macky SALL veut laver son honneur et lance une offensive juridique - LE PUBLIC","robots":{"index":"index","follow":"follow","max-snippet":"max-snippet:-1","max-image-preview":"max-image-preview:large","max-video-preview":"max-video-preview:-1"},"canonical":"https:\/\/www.public.sn\/index.php\/2025\/10\/08\/dette-cachee-macky-sall-veut-laver-son-honneur-et-lance-une-offensive-juridique\/","og_locale":"fr_FR","og_type":"article","og_title":"\u00ab Dette cach\u00e9e \u00bb: Macky SALL veut laver son honneur et lance une offensive juridique - LE PUBLIC","og_description":"L&rsquo;ancien Pr\u00e9sident Macky Sall a lanc\u00e9 une offensive juridique pour contester les accusations de falsification de la dette publique, qu\u2019il juge infond\u00e9es, et d\u00e9fendre son bilan. Selon L&rsquo;Observateur, qui donne l&rsquo;information, il a mandat\u00e9 des cabinets d\u2019avocats internationaux (coordonn\u00e9s par Me Pierre-Olivier Sur) et des experts financiers pour r\u00e9clamer l&rsquo;acc\u00e8s aux documents cl\u00e9s. La m\u00eame source pr\u00e9cise que cette d\u00e9marche s&rsquo;est concr\u00e9tis\u00e9e ce mardi 7 octobre par l&rsquo;envoi de deux courriers officiels au ministre des Finances, Cheikh Diba, et au Pr\u00e9sident de la Cour des comptes, Mamadou Faye. Macky Sall y r\u00e9clame express\u00e9ment le rapport de l\u2019Inspection g\u00e9n\u00e9rale des finances (IGF), document qui a servi de base \u00e0 l&rsquo;audit de la Cour des comptes sur les finances publiques (p\u00e9riode 2019-2024). Repris par le quotidien du Groupe futurs m\u00e9dias, l&rsquo;ancien chef de l&rsquo;\u00c9tat s\u00e9n\u00e9galais motive sa requ\u00eate en soulignant que le rapport de l&rsquo;IGF n&rsquo;a \u00e9t\u00e9 \u00ab ni publi\u00e9 ni communiqu\u00e9 \u00bb aux responsables de l&rsquo;ancien r\u00e9gime, ce qui a emp\u00each\u00e9 tout \u00ab d\u00e9bat contradictoire \u00bb et toute confrontation des points de vue. Il demande \u00e9galement \u00e0 la Cour des comptes de certifier la r\u00e9gularit\u00e9 de la proc\u00e9dure d\u2019audit et d\u2019assurer la transparence du processus d&rsquo;examen des finances sous son magist\u00e8re.","og_url":"https:\/\/www.public.sn\/index.php\/2025\/10\/08\/dette-cachee-macky-sall-veut-laver-son-honneur-et-lance-une-offensive-juridique\/","og_site_name":"LE PUBLIC","article_published_time":"2025-10-08T10:36:49+00:00","article_modified_time":"2025-10-08T10:36:56+00:00","og_image":[{"width":1400,"height":1007,"url":"https:\/\/www.public.sn\/wp-content\/uploads\/2025\/10\/macky-sall1.webp","type":"image\/webp"}],"author":"LA REDACTION","twitter_card":"summary_large_image","twitter_misc":{"\u00c9crit par":"LA REDACTION","Dur\u00e9e de lecture estim\u00e9e":"2 minutes"},"schema":{"@context":"https:\/\/schema.org","@graph":[{"@type":"Article","@id":"https:\/\/www.public.sn\/index.php\/2025\/10\/08\/dette-cachee-macky-sall-veut-laver-son-honneur-et-lance-une-offensive-juridique\/#article","isPartOf":{"@id":"https:\/\/www.public.sn\/index.php\/2025\/10\/08\/dette-cachee-macky-sall-veut-laver-son-honneur-et-lance-une-offensive-juridique\/"},"author":{"name":"LA REDACTION","@id":"https:\/\/www.public.sn\/#\/schema\/person\/cb76c8e1b8becc6be61fb5e92d6d0224"},"headline":"\u00ab Dette cach\u00e9e \u00bb: Macky SALL veut laver son honneur et lance une offensive juridique","datePublished":"2025-10-08T10:36:49+00:00","dateModified":"2025-10-08T10:36:56+00:00","mainEntityOfPage":{"@id":"https:\/\/www.public.sn\/index.php\/2025\/10\/08\/dette-cachee-macky-sall-veut-laver-son-honneur-et-lance-une-offensive-juridique\/"},"wordCount":241,"commentCount":0,"publisher":{"@id":"https:\/\/www.public.sn\/#organization"},"image":{"@id":"https:\/\/www.public.sn\/index.php\/2025\/10\/08\/dette-cachee-macky-sall-veut-laver-son-honneur-et-lance-une-offensive-juridique\/#primaryimage"},"thumbnailUrl":"https:\/\/www.public.sn\/wp-content\/uploads\/2025\/10\/macky-sall1.webp","keywords":["\u00ab Dette cach\u00e9e \u00bb"],"articleSection":["ACTUALIT\u00c9S","\u00c9CONOMIE","POLITIQUE","S\u00c9N\u00c9GAL"],"inLanguage":"fr-FR","potentialAction":[{"@type":"CommentAction","name":"Comment","target":["https:\/\/www.public.sn\/index.php\/2025\/10\/08\/dette-cachee-macky-sall-veut-laver-son-honneur-et-lance-une-offensive-juridique\/#respond"]}]},{"@type":"WebPage","@id":"https:\/\/www.public.sn\/index.php\/2025\/10\/08\/dette-cachee-macky-sall-veut-laver-son-honneur-et-lance-une-offensive-juridique\/","url":"https:\/\/www.public.sn\/index.php\/2025\/10\/08\/dette-cachee-macky-sall-veut-laver-son-honneur-et-lance-une-offensive-juridique\/","name":"\u00ab Dette cach\u00e9e \u00bb: Macky SALL veut laver son honneur et lance une offensive juridique - LE PUBLIC","isPartOf":{"@id":"https:\/\/www.public.sn\/#website"},"primaryImageOfPage":{"@id":"https:\/\/www.public.sn\/index.php\/2025\/10\/08\/dette-cachee-macky-sall-veut-laver-son-honneur-et-lance-une-offensive-juridique\/#primaryimage"},"image":{"@id":"https:\/\/www.public.sn\/index.php\/2025\/10\/08\/dette-cachee-macky-sall-veut-laver-son-honneur-et-lance-une-offensive-juridique\/#primaryimage"},"thumbnailUrl":"https:\/\/www.public.sn\/wp-content\/uploads\/2025\/10\/macky-sall1.webp","datePublished":"2025-10-08T10:36:49+00:00","dateModified":"2025-10-08T10:36:56+00:00","breadcrumb":{"@id":"https:\/\/www.public.sn\/index.php\/2025\/10\/08\/dette-cachee-macky-sall-veut-laver-son-honneur-et-lance-une-offensive-juridique\/#breadcrumb"},"inLanguage":"fr-FR","potentialAction":[{"@type":"ReadAction","target":["https:\/\/www.public.sn\/index.php\/2025\/10\/08\/dette-cachee-macky-sall-veut-laver-son-honneur-et-lance-une-offensive-juridique\/"]}]},{"@type":"ImageObject","inLanguage":"fr-FR","@id":"https:\/\/www.public.sn\/index.php\/2025\/10\/08\/dette-cachee-macky-sall-veut-laver-son-honneur-et-lance-une-offensive-juridique\/#primaryimage","url":"https:\/\/www.public.sn\/wp-content\/uploads\/2025\/10\/macky-sall1.webp","contentUrl":"https:\/\/www.public.sn\/wp-content\/uploads\/2025\/10\/macky-sall1.webp","width":1400,"height":1007},{"@type":"BreadcrumbList","@id":"https:\/\/www.public.sn\/index.php\/2025\/10\/08\/dette-cachee-macky-sall-veut-laver-son-honneur-et-lance-une-offensive-juridique\/#breadcrumb","itemListElement":[{"@type":"ListItem","position":1,"name":"Accueil","item":"https:\/\/www.public.sn\/"},{"@type":"ListItem","position":2,"name":"\u00ab Dette cach\u00e9e \u00bb: Macky SALL veut laver son honneur et lance une offensive juridique"}]},{"@type":"WebSite","@id":"https:\/\/www.public.sn\/#website","url":"https:\/\/www.public.sn\/","name":"LE PUBLIC","description":"","publisher":{"@id":"https:\/\/www.public.sn\/#organization"},"potentialAction":[{"@type":"SearchAction","target":{"@type":"EntryPoint","urlTemplate":"https:\/\/www.public.sn\/?s={search_term_string}"},"query-input":{"@type":"PropertyValueSpecification","valueRequired":true,"valueName":"search_term_string"}}],"inLanguage":"fr-FR"},{"@type":"Organization","@id":"https:\/\/www.public.sn\/#organization","name":"LE PUBLIC","url":"https:\/\/www.public.sn\/","logo":{"@type":"ImageObject","inLanguage":"fr-FR","@id":"https:\/\/www.public.sn\/#\/schema\/logo\/image\/","url":"https:\/\/www.public.sn\/wp-content\/uploads\/2024\/05\/cropped-LOGO-PUBLIC.SN_.png","contentUrl":"https:\/\/www.public.sn\/wp-content\/uploads\/2024\/05\/cropped-LOGO-PUBLIC.SN_.png","width":682,"height":192,"caption":"LE PUBLIC"},"image":{"@id":"https:\/\/www.public.sn\/#\/schema\/logo\/image\/"}},{"@type":"Person","@id":"https:\/\/www.public.sn\/#\/schema\/person\/cb76c8e1b8becc6be61fb5e92d6d0224","name":"LA REDACTION","image":{"@type":"ImageObject","inLanguage":"fr-FR","@id":"https:\/\/www.public.sn\/#\/schema\/person\/image\/","url":"https:\/\/secure.gravatar.com\/avatar\/2dce5ddd34b8fef0180efe03aa2a9bee7d953856048f9a16b298190a3178407c?s=96&d=mm&r=g","contentUrl":"https:\/\/secure.gravatar.com\/avatar\/2dce5ddd34b8fef0180efe03aa2a9bee7d953856048f9a16b298190a3178407c?s=96&d=mm&r=g","caption":"LA REDACTION"},"url":"https:\/\/www.public.sn\/index.php\/author\/editeurpsn\/"}]}},"jetpack_featured_media_url":"https:\/\/www.public.sn\/wp-content\/uploads\/2025\/10\/macky-sall1.webp","jetpack_sharing_enabled":true,"_links":{"self":[{"href":"https:\/\/www.public.sn\/index.php\/wp-json\/wp\/v2\/posts\/37650","targetHints":{"allow":["GET"]}}],"collection":[{"href":"https:\/\/www.public.sn\/index.php\/wp-json\/wp\/v2\/posts"}],"about":[{"href":"https:\/\/www.public.sn\/index.php\/wp-json\/wp\/v2\/types\/post"}],"author":[{"embeddable":true,"href":"https:\/\/www.public.sn\/index.php\/wp-json\/wp\/v2\/users\/7"}],"replies":[{"embeddable":true,"href":"https:\/\/www.public.sn\/index.php\/wp-json\/wp\/v2\/comments?post=37650"}],"version-history":[{"count":2,"href":"https:\/\/www.public.sn\/index.php\/wp-json\/wp\/v2\/posts\/37650\/revisions"}],"predecessor-version":[{"id":37653,"href":"https:\/\/www.public.sn\/index.php\/wp-json\/wp\/v2\/posts\/37650\/revisions\/37653"}],"wp:featuredmedia":[{"embeddable":true,"href":"https:\/\/www.public.sn\/index.php\/wp-json\/wp\/v2\/media\/37651"}],"wp:attachment":[{"href":"https:\/\/www.public.sn\/index.php\/wp-json\/wp\/v2\/media?parent=37650"}],"wp:term":[{"taxonomy":"category","embeddable":true,"href":"https:\/\/www.public.sn\/index.php\/wp-json\/wp\/v2\/categories?post=37650"},{"taxonomy":"post_tag","embeddable":true,"href":"https:\/\/www.public.sn\/index.php\/wp-json\/wp\/v2\/tags?post=37650"}],"curies":[{"name":"wp","href":"https:\/\/api.w.org\/{rel}","templated":true}]}}