{"id":37674,"date":"2025-10-08T16:27:45","date_gmt":"2025-10-08T16:27:45","guid":{"rendered":"https:\/\/www.public.sn\/?p=37674"},"modified":"2025-10-08T16:27:50","modified_gmt":"2025-10-08T16:27:50","slug":"tribunal-de-dakar-le-chroniqueur-abdou-nguer-et-son-co-prevenu-seront-fixes-sur-leur-sort-le-12-novembre-prochain","status":"publish","type":"post","link":"https:\/\/www.public.sn\/index.php\/2025\/10\/08\/tribunal-de-dakar-le-chroniqueur-abdou-nguer-et-son-co-prevenu-seront-fixes-sur-leur-sort-le-12-novembre-prochain\/","title":{"rendered":"Tribunal de Dakar : Le chroniqueur Abdou Nguer et son co-pr\u00e9venu seront fix\u00e9s sur leur sort le 12 novembre prochain"},"content":{"rendered":"\n<p>Jug\u00e9s ce mercredi 08 octobre 2025 au tribunal correctionnel de Dakar pour des faits de diffusion de fausses nouvelles et d\u2019offense au chef de l\u2019\u00c9tat, Abdou Nguer et son co-pr\u00e9venu, Pape Amadou Ndiaye Diaw, seront fix\u00e9s sur leur sort le 12 novembre 2025.<\/p><div class=\"publi-paragraphe1\" style=\"margin-top: 10px;margin-bottom: 10px;margin-left: auto;margin-right: auto;text-align: center;\" id=\"publi-4250685784\"><div class=\"publi-adlabel\">Publicit\u00e9<\/div><script async src=\"\/\/pagead2.googlesyndication.com\/pagead\/js\/adsbygoogle.js?client=ca-pub-4089586018074219\" crossorigin=\"anonymous\"><\/script><ins class=\"adsbygoogle\" style=\"display:block;\" data-ad-client=\"ca-pub-4089586018074219\" \ndata-ad-slot=\"2087940154\" \ndata-ad-format=\"auto\"><\/ins>\n<script> \n(adsbygoogle = window.adsbygoogle || []).push({}); \n<\/script>\n<\/div>\n\n\n\n<p>Le procureur de la R\u00e9publique a requis deux (2) ans dont un (1) an ferme contre Abdou Nguer, et six (6) mois ferme contre Pape Amadou Ndiaye Diaw. La d\u00e9fense, de son c\u00f4t\u00e9, a plaid\u00e9 l\u2019innocence des pr\u00e9venus.<\/p>\n\n\n\n<p>Selon Me Arona Basse, son client Amadou Ndiaye Diaw s\u2019est limit\u00e9 \u00e0 reprendre un commentaire d\u2019un internaute qu\u2019il a plac\u00e9 en bas d\u2019une vid\u00e9o d\u2019Abdou Nguer sur Mamadou Badio Camara. Pour lui, aucune infraction ne peut \u00eatre retenue \u00e0 son encontre.<\/p>\n\n\n\n<p>Quant \u00e0 la d\u00e9fense d\u2019Abdou Nguer, assur\u00e9e par Mes Alpha Diallo, Alioune Badara Fall et El Hadji Diouf, elle a demand\u00e9 la relaxe pure et simple, estimant qu\u2019il n\u2019y avait aucune intention d\u00e9lictuelle.<\/p>\n<div class=\"publi-apres-le-contenu\" style=\"margin-top: 10px;margin-bottom: 10px;margin-left: auto;margin-right: auto;text-align: center;\" id=\"publi-2859366775\"><div class=\"publi-adlabel\">Publicit\u00e9<\/div><script async src=\"\/\/pagead2.googlesyndication.com\/pagead\/js\/adsbygoogle.js?client=ca-pub-4089586018074219\" crossorigin=\"anonymous\"><\/script><ins class=\"adsbygoogle\" style=\"display:block;\" data-ad-client=\"ca-pub-4089586018074219\" \ndata-ad-slot=\"2087940154\" \ndata-ad-format=\"auto\"><\/ins>\n<script> \n(adsbygoogle = window.adsbygoogle || []).push({}); \n<\/script>\n<\/div>","protected":false},"excerpt":{"rendered":"<p>Jug\u00e9s ce mercredi 08 octobre 2025 au tribunal correctionnel de Dakar pour des faits de diffusion de fausses nouvelles et d\u2019offense au chef de l\u2019\u00c9tat, Abdou Nguer et son co-pr\u00e9venu, Pape Amadou Ndiaye Diaw, seront fix\u00e9s sur leur sort le 12 novembre 2025. Le procureur de la R\u00e9publique a requis deux (2) ans dont un (1) an ferme contre Abdou Nguer, et six (6) mois ferme contre Pape Amadou Ndiaye Diaw. La d\u00e9fense, de son c\u00f4t\u00e9, a plaid\u00e9 l\u2019innocence des pr\u00e9venus. Selon Me Arona Basse, son client Amadou Ndiaye Diaw s\u2019est limit\u00e9 \u00e0 reprendre un commentaire d\u2019un internaute qu\u2019il a plac\u00e9 en bas d\u2019une vid\u00e9o d\u2019Abdou Nguer sur Mamadou Badio Camara. Pour lui, aucune infraction ne peut \u00eatre retenue \u00e0 son encontre. Quant \u00e0 la d\u00e9fense d\u2019Abdou Nguer, assur\u00e9e par Mes Alpha Diallo, Alioune Badara Fall et El Hadji Diouf, elle a demand\u00e9 la relaxe pure et simple, estimant qu\u2019il n\u2019y avait aucune intention d\u00e9lictuelle.<\/p>\n","protected":false},"author":7,"featured_media":37675,"comment_status":"open","ping_status":"open","sticky":false,"template":"","format":"standard","meta":{"_jetpack_memberships_contains_paid_content":false,"footnotes":""},"categories":[375,3724,1],"tags":[7412,24,3692],"class_list":["post-37674","post","type-post","status-publish","format-standard","has-post-thumbnail","hentry","category-actualites","category-justice","category-non-classe","tag-abdou-nguer","tag-justice","tag-tribunal-de-dakar","entry","has-media","owp-thumbs-layout-horizontal","owp-btn-normal","owp-tabs-layout-horizontal","has-no-thumbnails","has-product-nav"],"yoast_head":"<!-- This site is optimized with the Yoast SEO plugin v25.5 - https:\/\/yoast.com\/wordpress\/plugins\/seo\/ -->\n<title>Tribunal de Dakar : Le chroniqueur Abdou Nguer et son co-pr\u00e9venu seront fix\u00e9s sur leur sort le 12 novembre prochain - LE PUBLIC<\/title>\n<meta name=\"robots\" content=\"index, follow, max-snippet:-1, max-image-preview:large, max-video-preview:-1\" \/>\n<link rel=\"canonical\" href=\"https:\/\/www.public.sn\/index.php\/2025\/10\/08\/tribunal-de-dakar-le-chroniqueur-abdou-nguer-et-son-co-prevenu-seront-fixes-sur-leur-sort-le-12-novembre-prochain\/\" \/>\n<meta property=\"og:locale\" content=\"fr_FR\" \/>\n<meta property=\"og:type\" content=\"article\" \/>\n<meta property=\"og:title\" content=\"Tribunal de Dakar : Le chroniqueur Abdou Nguer et son co-pr\u00e9venu seront fix\u00e9s sur leur sort le 12 novembre prochain - LE PUBLIC\" \/>\n<meta property=\"og:description\" content=\"Jug\u00e9s ce mercredi 08 octobre 2025 au tribunal correctionnel de Dakar pour des faits de diffusion de fausses nouvelles et d\u2019offense au chef de l\u2019\u00c9tat, Abdou Nguer et son co-pr\u00e9venu, Pape Amadou Ndiaye Diaw, seront fix\u00e9s sur leur sort le 12 novembre 2025. Le procureur de la R\u00e9publique a requis deux (2) ans dont un (1) an ferme contre Abdou Nguer, et six (6) mois ferme contre Pape Amadou Ndiaye Diaw. La d\u00e9fense, de son c\u00f4t\u00e9, a plaid\u00e9 l\u2019innocence des pr\u00e9venus. Selon Me Arona Basse, son client Amadou Ndiaye Diaw s\u2019est limit\u00e9 \u00e0 reprendre un commentaire d\u2019un internaute qu\u2019il a plac\u00e9 en bas d\u2019une vid\u00e9o d\u2019Abdou Nguer sur Mamadou Badio Camara. Pour lui, aucune infraction ne peut \u00eatre retenue \u00e0 son encontre. Quant \u00e0 la d\u00e9fense d\u2019Abdou Nguer, assur\u00e9e par Mes Alpha Diallo, Alioune Badara Fall et El Hadji Diouf, elle a demand\u00e9 la relaxe pure et simple, estimant qu\u2019il n\u2019y avait aucune intention d\u00e9lictuelle.\" \/>\n<meta property=\"og:url\" content=\"https:\/\/www.public.sn\/index.php\/2025\/10\/08\/tribunal-de-dakar-le-chroniqueur-abdou-nguer-et-son-co-prevenu-seront-fixes-sur-leur-sort-le-12-novembre-prochain\/\" \/>\n<meta property=\"og:site_name\" content=\"LE PUBLIC\" \/>\n<meta property=\"article:published_time\" content=\"2025-10-08T16:27:45+00:00\" \/>\n<meta property=\"article:modified_time\" content=\"2025-10-08T16:27:50+00:00\" \/>\n<meta property=\"og:image\" content=\"https:\/\/www.public.sn\/wp-content\/uploads\/2025\/10\/OIP-29.jpeg\" \/>\n\t<meta property=\"og:image:width\" content=\"474\" \/>\n\t<meta property=\"og:image:height\" content=\"289\" \/>\n\t<meta property=\"og:image:type\" content=\"image\/jpeg\" \/>\n<meta name=\"author\" content=\"LA REDACTION\" \/>\n<meta name=\"twitter:card\" content=\"summary_large_image\" \/>\n<meta name=\"twitter:label1\" content=\"\u00c9crit par\" \/>\n\t<meta name=\"twitter:data1\" content=\"LA REDACTION\" \/>\n\t<meta name=\"twitter:label2\" content=\"Dur\u00e9e de lecture estim\u00e9e\" \/>\n\t<meta name=\"twitter:data2\" content=\"1 minute\" \/>\n<script type=\"application\/ld+json\" class=\"yoast-schema-graph\">{\"@context\":\"https:\/\/schema.org\",\"@graph\":[{\"@type\":\"Article\",\"@id\":\"https:\/\/www.public.sn\/index.php\/2025\/10\/08\/tribunal-de-dakar-le-chroniqueur-abdou-nguer-et-son-co-prevenu-seront-fixes-sur-leur-sort-le-12-novembre-prochain\/#article\",\"isPartOf\":{\"@id\":\"https:\/\/www.public.sn\/index.php\/2025\/10\/08\/tribunal-de-dakar-le-chroniqueur-abdou-nguer-et-son-co-prevenu-seront-fixes-sur-leur-sort-le-12-novembre-prochain\/\"},\"author\":{\"name\":\"LA REDACTION\",\"@id\":\"https:\/\/www.public.sn\/#\/schema\/person\/cb76c8e1b8becc6be61fb5e92d6d0224\"},\"headline\":\"Tribunal de Dakar : Le chroniqueur Abdou Nguer et son co-pr\u00e9venu seront fix\u00e9s sur leur sort le 12 novembre prochain\",\"datePublished\":\"2025-10-08T16:27:45+00:00\",\"dateModified\":\"2025-10-08T16:27:50+00:00\",\"mainEntityOfPage\":{\"@id\":\"https:\/\/www.public.sn\/index.php\/2025\/10\/08\/tribunal-de-dakar-le-chroniqueur-abdou-nguer-et-son-co-prevenu-seront-fixes-sur-leur-sort-le-12-novembre-prochain\/\"},\"wordCount\":187,\"commentCount\":0,\"publisher\":{\"@id\":\"https:\/\/www.public.sn\/#organization\"},\"image\":{\"@id\":\"https:\/\/www.public.sn\/index.php\/2025\/10\/08\/tribunal-de-dakar-le-chroniqueur-abdou-nguer-et-son-co-prevenu-seront-fixes-sur-leur-sort-le-12-novembre-prochain\/#primaryimage\"},\"thumbnailUrl\":\"https:\/\/www.public.sn\/wp-content\/uploads\/2025\/10\/OIP-29.jpeg\",\"keywords\":[\"Abdou Nguer\",\"Justice\",\"tribunal de dakar\"],\"articleSection\":[\"ACTUALIT\u00c9S\",\"justice\",\"S\u00c9N\u00c9GAL\"],\"inLanguage\":\"fr-FR\",\"potentialAction\":[{\"@type\":\"CommentAction\",\"name\":\"Comment\",\"target\":[\"https:\/\/www.public.sn\/index.php\/2025\/10\/08\/tribunal-de-dakar-le-chroniqueur-abdou-nguer-et-son-co-prevenu-seront-fixes-sur-leur-sort-le-12-novembre-prochain\/#respond\"]}]},{\"@type\":\"WebPage\",\"@id\":\"https:\/\/www.public.sn\/index.php\/2025\/10\/08\/tribunal-de-dakar-le-chroniqueur-abdou-nguer-et-son-co-prevenu-seront-fixes-sur-leur-sort-le-12-novembre-prochain\/\",\"url\":\"https:\/\/www.public.sn\/index.php\/2025\/10\/08\/tribunal-de-dakar-le-chroniqueur-abdou-nguer-et-son-co-prevenu-seront-fixes-sur-leur-sort-le-12-novembre-prochain\/\",\"name\":\"Tribunal de Dakar : Le chroniqueur Abdou Nguer et son co-pr\u00e9venu seront fix\u00e9s sur leur sort le 12 novembre prochain - LE PUBLIC\",\"isPartOf\":{\"@id\":\"https:\/\/www.public.sn\/#website\"},\"primaryImageOfPage\":{\"@id\":\"https:\/\/www.public.sn\/index.php\/2025\/10\/08\/tribunal-de-dakar-le-chroniqueur-abdou-nguer-et-son-co-prevenu-seront-fixes-sur-leur-sort-le-12-novembre-prochain\/#primaryimage\"},\"image\":{\"@id\":\"https:\/\/www.public.sn\/index.php\/2025\/10\/08\/tribunal-de-dakar-le-chroniqueur-abdou-nguer-et-son-co-prevenu-seront-fixes-sur-leur-sort-le-12-novembre-prochain\/#primaryimage\"},\"thumbnailUrl\":\"https:\/\/www.public.sn\/wp-content\/uploads\/2025\/10\/OIP-29.jpeg\",\"datePublished\":\"2025-10-08T16:27:45+00:00\",\"dateModified\":\"2025-10-08T16:27:50+00:00\",\"breadcrumb\":{\"@id\":\"https:\/\/www.public.sn\/index.php\/2025\/10\/08\/tribunal-de-dakar-le-chroniqueur-abdou-nguer-et-son-co-prevenu-seront-fixes-sur-leur-sort-le-12-novembre-prochain\/#breadcrumb\"},\"inLanguage\":\"fr-FR\",\"potentialAction\":[{\"@type\":\"ReadAction\",\"target\":[\"https:\/\/www.public.sn\/index.php\/2025\/10\/08\/tribunal-de-dakar-le-chroniqueur-abdou-nguer-et-son-co-prevenu-seront-fixes-sur-leur-sort-le-12-novembre-prochain\/\"]}]},{\"@type\":\"ImageObject\",\"inLanguage\":\"fr-FR\",\"@id\":\"https:\/\/www.public.sn\/index.php\/2025\/10\/08\/tribunal-de-dakar-le-chroniqueur-abdou-nguer-et-son-co-prevenu-seront-fixes-sur-leur-sort-le-12-novembre-prochain\/#primaryimage\",\"url\":\"https:\/\/www.public.sn\/wp-content\/uploads\/2025\/10\/OIP-29.jpeg\",\"contentUrl\":\"https:\/\/www.public.sn\/wp-content\/uploads\/2025\/10\/OIP-29.jpeg\",\"width\":474,\"height\":289},{\"@type\":\"BreadcrumbList\",\"@id\":\"https:\/\/www.public.sn\/index.php\/2025\/10\/08\/tribunal-de-dakar-le-chroniqueur-abdou-nguer-et-son-co-prevenu-seront-fixes-sur-leur-sort-le-12-novembre-prochain\/#breadcrumb\",\"itemListElement\":[{\"@type\":\"ListItem\",\"position\":1,\"name\":\"Accueil\",\"item\":\"https:\/\/www.public.sn\/\"},{\"@type\":\"ListItem\",\"position\":2,\"name\":\"Tribunal de Dakar : Le chroniqueur Abdou Nguer et son co-pr\u00e9venu seront fix\u00e9s sur leur sort le 12 novembre prochain\"}]},{\"@type\":\"WebSite\",\"@id\":\"https:\/\/www.public.sn\/#website\",\"url\":\"https:\/\/www.public.sn\/\",\"name\":\"LE PUBLIC\",\"description\":\"\",\"publisher\":{\"@id\":\"https:\/\/www.public.sn\/#organization\"},\"potentialAction\":[{\"@type\":\"SearchAction\",\"target\":{\"@type\":\"EntryPoint\",\"urlTemplate\":\"https:\/\/www.public.sn\/?s={search_term_string}\"},\"query-input\":{\"@type\":\"PropertyValueSpecification\",\"valueRequired\":true,\"valueName\":\"search_term_string\"}}],\"inLanguage\":\"fr-FR\"},{\"@type\":\"Organization\",\"@id\":\"https:\/\/www.public.sn\/#organization\",\"name\":\"LE PUBLIC\",\"url\":\"https:\/\/www.public.sn\/\",\"logo\":{\"@type\":\"ImageObject\",\"inLanguage\":\"fr-FR\",\"@id\":\"https:\/\/www.public.sn\/#\/schema\/logo\/image\/\",\"url\":\"https:\/\/www.public.sn\/wp-content\/uploads\/2024\/05\/cropped-LOGO-PUBLIC.SN_.png\",\"contentUrl\":\"https:\/\/www.public.sn\/wp-content\/uploads\/2024\/05\/cropped-LOGO-PUBLIC.SN_.png\",\"width\":682,\"height\":192,\"caption\":\"LE PUBLIC\"},\"image\":{\"@id\":\"https:\/\/www.public.sn\/#\/schema\/logo\/image\/\"}},{\"@type\":\"Person\",\"@id\":\"https:\/\/www.public.sn\/#\/schema\/person\/cb76c8e1b8becc6be61fb5e92d6d0224\",\"name\":\"LA REDACTION\",\"image\":{\"@type\":\"ImageObject\",\"inLanguage\":\"fr-FR\",\"@id\":\"https:\/\/www.public.sn\/#\/schema\/person\/image\/\",\"url\":\"https:\/\/secure.gravatar.com\/avatar\/2dce5ddd34b8fef0180efe03aa2a9bee7d953856048f9a16b298190a3178407c?s=96&d=mm&r=g\",\"contentUrl\":\"https:\/\/secure.gravatar.com\/avatar\/2dce5ddd34b8fef0180efe03aa2a9bee7d953856048f9a16b298190a3178407c?s=96&d=mm&r=g\",\"caption\":\"LA REDACTION\"},\"url\":\"https:\/\/www.public.sn\/index.php\/author\/editeurpsn\/\"}]}<\/script>\n<!-- \/ Yoast SEO plugin. -->","yoast_head_json":{"title":"Tribunal de Dakar : Le chroniqueur Abdou Nguer et son co-pr\u00e9venu seront fix\u00e9s sur leur sort le 12 novembre prochain - LE PUBLIC","robots":{"index":"index","follow":"follow","max-snippet":"max-snippet:-1","max-image-preview":"max-image-preview:large","max-video-preview":"max-video-preview:-1"},"canonical":"https:\/\/www.public.sn\/index.php\/2025\/10\/08\/tribunal-de-dakar-le-chroniqueur-abdou-nguer-et-son-co-prevenu-seront-fixes-sur-leur-sort-le-12-novembre-prochain\/","og_locale":"fr_FR","og_type":"article","og_title":"Tribunal de Dakar : Le chroniqueur Abdou Nguer et son co-pr\u00e9venu seront fix\u00e9s sur leur sort le 12 novembre prochain - LE PUBLIC","og_description":"Jug\u00e9s ce mercredi 08 octobre 2025 au tribunal correctionnel de Dakar pour des faits de diffusion de fausses nouvelles et d\u2019offense au chef de l\u2019\u00c9tat, Abdou Nguer et son co-pr\u00e9venu, Pape Amadou Ndiaye Diaw, seront fix\u00e9s sur leur sort le 12 novembre 2025. Le procureur de la R\u00e9publique a requis deux (2) ans dont un (1) an ferme contre Abdou Nguer, et six (6) mois ferme contre Pape Amadou Ndiaye Diaw. La d\u00e9fense, de son c\u00f4t\u00e9, a plaid\u00e9 l\u2019innocence des pr\u00e9venus. Selon Me Arona Basse, son client Amadou Ndiaye Diaw s\u2019est limit\u00e9 \u00e0 reprendre un commentaire d\u2019un internaute qu\u2019il a plac\u00e9 en bas d\u2019une vid\u00e9o d\u2019Abdou Nguer sur Mamadou Badio Camara. Pour lui, aucune infraction ne peut \u00eatre retenue \u00e0 son encontre. Quant \u00e0 la d\u00e9fense d\u2019Abdou Nguer, assur\u00e9e par Mes Alpha Diallo, Alioune Badara Fall et El Hadji Diouf, elle a demand\u00e9 la relaxe pure et simple, estimant qu\u2019il n\u2019y avait aucune intention d\u00e9lictuelle.","og_url":"https:\/\/www.public.sn\/index.php\/2025\/10\/08\/tribunal-de-dakar-le-chroniqueur-abdou-nguer-et-son-co-prevenu-seront-fixes-sur-leur-sort-le-12-novembre-prochain\/","og_site_name":"LE PUBLIC","article_published_time":"2025-10-08T16:27:45+00:00","article_modified_time":"2025-10-08T16:27:50+00:00","og_image":[{"width":474,"height":289,"url":"https:\/\/www.public.sn\/wp-content\/uploads\/2025\/10\/OIP-29.jpeg","type":"image\/jpeg"}],"author":"LA REDACTION","twitter_card":"summary_large_image","twitter_misc":{"\u00c9crit par":"LA REDACTION","Dur\u00e9e de lecture estim\u00e9e":"1 minute"},"schema":{"@context":"https:\/\/schema.org","@graph":[{"@type":"Article","@id":"https:\/\/www.public.sn\/index.php\/2025\/10\/08\/tribunal-de-dakar-le-chroniqueur-abdou-nguer-et-son-co-prevenu-seront-fixes-sur-leur-sort-le-12-novembre-prochain\/#article","isPartOf":{"@id":"https:\/\/www.public.sn\/index.php\/2025\/10\/08\/tribunal-de-dakar-le-chroniqueur-abdou-nguer-et-son-co-prevenu-seront-fixes-sur-leur-sort-le-12-novembre-prochain\/"},"author":{"name":"LA REDACTION","@id":"https:\/\/www.public.sn\/#\/schema\/person\/cb76c8e1b8becc6be61fb5e92d6d0224"},"headline":"Tribunal de Dakar : Le chroniqueur Abdou Nguer et son co-pr\u00e9venu seront fix\u00e9s sur leur sort le 12 novembre prochain","datePublished":"2025-10-08T16:27:45+00:00","dateModified":"2025-10-08T16:27:50+00:00","mainEntityOfPage":{"@id":"https:\/\/www.public.sn\/index.php\/2025\/10\/08\/tribunal-de-dakar-le-chroniqueur-abdou-nguer-et-son-co-prevenu-seront-fixes-sur-leur-sort-le-12-novembre-prochain\/"},"wordCount":187,"commentCount":0,"publisher":{"@id":"https:\/\/www.public.sn\/#organization"},"image":{"@id":"https:\/\/www.public.sn\/index.php\/2025\/10\/08\/tribunal-de-dakar-le-chroniqueur-abdou-nguer-et-son-co-prevenu-seront-fixes-sur-leur-sort-le-12-novembre-prochain\/#primaryimage"},"thumbnailUrl":"https:\/\/www.public.sn\/wp-content\/uploads\/2025\/10\/OIP-29.jpeg","keywords":["Abdou Nguer","Justice","tribunal de dakar"],"articleSection":["ACTUALIT\u00c9S","justice","S\u00c9N\u00c9GAL"],"inLanguage":"fr-FR","potentialAction":[{"@type":"CommentAction","name":"Comment","target":["https:\/\/www.public.sn\/index.php\/2025\/10\/08\/tribunal-de-dakar-le-chroniqueur-abdou-nguer-et-son-co-prevenu-seront-fixes-sur-leur-sort-le-12-novembre-prochain\/#respond"]}]},{"@type":"WebPage","@id":"https:\/\/www.public.sn\/index.php\/2025\/10\/08\/tribunal-de-dakar-le-chroniqueur-abdou-nguer-et-son-co-prevenu-seront-fixes-sur-leur-sort-le-12-novembre-prochain\/","url":"https:\/\/www.public.sn\/index.php\/2025\/10\/08\/tribunal-de-dakar-le-chroniqueur-abdou-nguer-et-son-co-prevenu-seront-fixes-sur-leur-sort-le-12-novembre-prochain\/","name":"Tribunal de Dakar : Le chroniqueur Abdou Nguer et son co-pr\u00e9venu seront fix\u00e9s sur leur sort le 12 novembre prochain - LE PUBLIC","isPartOf":{"@id":"https:\/\/www.public.sn\/#website"},"primaryImageOfPage":{"@id":"https:\/\/www.public.sn\/index.php\/2025\/10\/08\/tribunal-de-dakar-le-chroniqueur-abdou-nguer-et-son-co-prevenu-seront-fixes-sur-leur-sort-le-12-novembre-prochain\/#primaryimage"},"image":{"@id":"https:\/\/www.public.sn\/index.php\/2025\/10\/08\/tribunal-de-dakar-le-chroniqueur-abdou-nguer-et-son-co-prevenu-seront-fixes-sur-leur-sort-le-12-novembre-prochain\/#primaryimage"},"thumbnailUrl":"https:\/\/www.public.sn\/wp-content\/uploads\/2025\/10\/OIP-29.jpeg","datePublished":"2025-10-08T16:27:45+00:00","dateModified":"2025-10-08T16:27:50+00:00","breadcrumb":{"@id":"https:\/\/www.public.sn\/index.php\/2025\/10\/08\/tribunal-de-dakar-le-chroniqueur-abdou-nguer-et-son-co-prevenu-seront-fixes-sur-leur-sort-le-12-novembre-prochain\/#breadcrumb"},"inLanguage":"fr-FR","potentialAction":[{"@type":"ReadAction","target":["https:\/\/www.public.sn\/index.php\/2025\/10\/08\/tribunal-de-dakar-le-chroniqueur-abdou-nguer-et-son-co-prevenu-seront-fixes-sur-leur-sort-le-12-novembre-prochain\/"]}]},{"@type":"ImageObject","inLanguage":"fr-FR","@id":"https:\/\/www.public.sn\/index.php\/2025\/10\/08\/tribunal-de-dakar-le-chroniqueur-abdou-nguer-et-son-co-prevenu-seront-fixes-sur-leur-sort-le-12-novembre-prochain\/#primaryimage","url":"https:\/\/www.public.sn\/wp-content\/uploads\/2025\/10\/OIP-29.jpeg","contentUrl":"https:\/\/www.public.sn\/wp-content\/uploads\/2025\/10\/OIP-29.jpeg","width":474,"height":289},{"@type":"BreadcrumbList","@id":"https:\/\/www.public.sn\/index.php\/2025\/10\/08\/tribunal-de-dakar-le-chroniqueur-abdou-nguer-et-son-co-prevenu-seront-fixes-sur-leur-sort-le-12-novembre-prochain\/#breadcrumb","itemListElement":[{"@type":"ListItem","position":1,"name":"Accueil","item":"https:\/\/www.public.sn\/"},{"@type":"ListItem","position":2,"name":"Tribunal de Dakar : Le chroniqueur Abdou Nguer et son co-pr\u00e9venu seront fix\u00e9s sur leur sort le 12 novembre prochain"}]},{"@type":"WebSite","@id":"https:\/\/www.public.sn\/#website","url":"https:\/\/www.public.sn\/","name":"LE PUBLIC","description":"","publisher":{"@id":"https:\/\/www.public.sn\/#organization"},"potentialAction":[{"@type":"SearchAction","target":{"@type":"EntryPoint","urlTemplate":"https:\/\/www.public.sn\/?s={search_term_string}"},"query-input":{"@type":"PropertyValueSpecification","valueRequired":true,"valueName":"search_term_string"}}],"inLanguage":"fr-FR"},{"@type":"Organization","@id":"https:\/\/www.public.sn\/#organization","name":"LE PUBLIC","url":"https:\/\/www.public.sn\/","logo":{"@type":"ImageObject","inLanguage":"fr-FR","@id":"https:\/\/www.public.sn\/#\/schema\/logo\/image\/","url":"https:\/\/www.public.sn\/wp-content\/uploads\/2024\/05\/cropped-LOGO-PUBLIC.SN_.png","contentUrl":"https:\/\/www.public.sn\/wp-content\/uploads\/2024\/05\/cropped-LOGO-PUBLIC.SN_.png","width":682,"height":192,"caption":"LE PUBLIC"},"image":{"@id":"https:\/\/www.public.sn\/#\/schema\/logo\/image\/"}},{"@type":"Person","@id":"https:\/\/www.public.sn\/#\/schema\/person\/cb76c8e1b8becc6be61fb5e92d6d0224","name":"LA REDACTION","image":{"@type":"ImageObject","inLanguage":"fr-FR","@id":"https:\/\/www.public.sn\/#\/schema\/person\/image\/","url":"https:\/\/secure.gravatar.com\/avatar\/2dce5ddd34b8fef0180efe03aa2a9bee7d953856048f9a16b298190a3178407c?s=96&d=mm&r=g","contentUrl":"https:\/\/secure.gravatar.com\/avatar\/2dce5ddd34b8fef0180efe03aa2a9bee7d953856048f9a16b298190a3178407c?s=96&d=mm&r=g","caption":"LA REDACTION"},"url":"https:\/\/www.public.sn\/index.php\/author\/editeurpsn\/"}]}},"jetpack_featured_media_url":"https:\/\/www.public.sn\/wp-content\/uploads\/2025\/10\/OIP-29.jpeg","jetpack_sharing_enabled":true,"_links":{"self":[{"href":"https:\/\/www.public.sn\/index.php\/wp-json\/wp\/v2\/posts\/37674","targetHints":{"allow":["GET"]}}],"collection":[{"href":"https:\/\/www.public.sn\/index.php\/wp-json\/wp\/v2\/posts"}],"about":[{"href":"https:\/\/www.public.sn\/index.php\/wp-json\/wp\/v2\/types\/post"}],"author":[{"embeddable":true,"href":"https:\/\/www.public.sn\/index.php\/wp-json\/wp\/v2\/users\/7"}],"replies":[{"embeddable":true,"href":"https:\/\/www.public.sn\/index.php\/wp-json\/wp\/v2\/comments?post=37674"}],"version-history":[{"count":1,"href":"https:\/\/www.public.sn\/index.php\/wp-json\/wp\/v2\/posts\/37674\/revisions"}],"predecessor-version":[{"id":37676,"href":"https:\/\/www.public.sn\/index.php\/wp-json\/wp\/v2\/posts\/37674\/revisions\/37676"}],"wp:featuredmedia":[{"embeddable":true,"href":"https:\/\/www.public.sn\/index.php\/wp-json\/wp\/v2\/media\/37675"}],"wp:attachment":[{"href":"https:\/\/www.public.sn\/index.php\/wp-json\/wp\/v2\/media?parent=37674"}],"wp:term":[{"taxonomy":"category","embeddable":true,"href":"https:\/\/www.public.sn\/index.php\/wp-json\/wp\/v2\/categories?post=37674"},{"taxonomy":"post_tag","embeddable":true,"href":"https:\/\/www.public.sn\/index.php\/wp-json\/wp\/v2\/tags?post=37674"}],"curies":[{"name":"wp","href":"https:\/\/api.w.org\/{rel}","templated":true}]}}