{"id":37678,"date":"2025-10-08T16:42:57","date_gmt":"2025-10-08T16:42:57","guid":{"rendered":"https:\/\/www.public.sn\/?p=37678"},"modified":"2025-10-08T16:43:17","modified_gmt":"2025-10-08T16:43:17","slug":"incident-au-tribunal-abdoulaye-ndiaye-de-farba-ngom-et-les-militants-de-pastef-retrouvent-la-liberte","status":"publish","type":"post","link":"https:\/\/www.public.sn\/index.php\/2025\/10\/08\/incident-au-tribunal-abdoulaye-ndiaye-de-farba-ngom-et-les-militants-de-pastef-retrouvent-la-liberte\/","title":{"rendered":"Incident au tribunal : Abdoulaye Ndiaye de Farba Ngom et les militants de pastef retrouvent la libert\u00e9"},"content":{"rendered":"\n<p>Un incident survenu devant le Tribunal de Grande Instance hors classe de Dakar a entra\u00een\u00e9 l&rsquo;interpellation temporaire de quatre personnes avant leur lib\u00e9ration.<\/p><div class=\"publi-paragraphe1\" style=\"margin-top: 10px;margin-bottom: 10px;margin-left: auto;margin-right: auto;text-align: center;\" id=\"publi-3702394073\"><div class=\"publi-adlabel\">Publicit\u00e9<\/div><script async src=\"\/\/pagead2.googlesyndication.com\/pagead\/js\/adsbygoogle.js?client=ca-pub-4089586018074219\" crossorigin=\"anonymous\"><\/script><ins class=\"adsbygoogle\" style=\"display:block;\" data-ad-client=\"ca-pub-4089586018074219\" \ndata-ad-slot=\"2087940154\" \ndata-ad-format=\"auto\"><\/ins>\n<script> \n(adsbygoogle = window.adsbygoogle || []).push({}); \n<\/script>\n<\/div>\n\n\n\n<p>Les policiers du commissariat d&rsquo;arrondissement de Rebeuss ont appr\u00e9hend\u00e9 trois militants de Pastef et Abdoulaye Ndiaye, responsable de la communication de Farba Ngom, en marge du proc\u00e8s du chroniqueur Abdou Nguer.<\/p>\n\n\n\n<p>L&rsquo;altercation a \u00e9clat\u00e9 lorsque Abdoulaye Ndiaye, membre de l&rsquo;Alliance pour la R\u00e9publique (APR), tenait une conf\u00e9rence de presse devant le tribunal. Il a \u00e9t\u00e9 interrompu par des militants de Pastef qui l&rsquo;accusent d&rsquo;avoir tenu des propos outrageants \u00e0 l&rsquo;encontre de leur leader Ousmane Sonko.<\/p>\n\n\n\n<p>Pour \u00e9viter des affrontements sur la voie publique, les policiers ont rapidement embarqu\u00e9 les quatre protagonistes, selon des sources de Seneweb. Cette interpellation visait \u00e0 d\u00e9samorcer les tensions et \u00e0 maintenir l&rsquo;ordre public aux abords du palais de justice.<\/p>\n\n\n\n<p>Les quatre personnes mises en cause ont finalement \u00e9t\u00e9 toutes lib\u00e9r\u00e9es, l&rsquo;incident ayant \u00e9t\u00e9 ma\u00eetris\u00e9 sans suite judiciair<\/p>\n\n\n\n<p><\/p>\n<div class=\"publi-apres-le-contenu\" style=\"margin-top: 10px;margin-bottom: 10px;margin-left: auto;margin-right: auto;text-align: center;\" id=\"publi-4075593495\"><div class=\"publi-adlabel\">Publicit\u00e9<\/div><script async src=\"\/\/pagead2.googlesyndication.com\/pagead\/js\/adsbygoogle.js?client=ca-pub-4089586018074219\" crossorigin=\"anonymous\"><\/script><ins class=\"adsbygoogle\" style=\"display:block;\" data-ad-client=\"ca-pub-4089586018074219\" \ndata-ad-slot=\"2087940154\" \ndata-ad-format=\"auto\"><\/ins>\n<script> \n(adsbygoogle = window.adsbygoogle || []).push({}); \n<\/script>\n<\/div>","protected":false},"excerpt":{"rendered":"<p>Un incident survenu devant le Tribunal de Grande Instance hors classe de Dakar a entra\u00een\u00e9 l&rsquo;interpellation temporaire de quatre personnes avant leur lib\u00e9ration. Les policiers du commissariat d&rsquo;arrondissement de Rebeuss ont appr\u00e9hend\u00e9 trois militants de Pastef et Abdoulaye Ndiaye, responsable de la communication de Farba Ngom, en marge du proc\u00e8s du chroniqueur Abdou Nguer. L&rsquo;altercation a \u00e9clat\u00e9 lorsque Abdoulaye Ndiaye, membre de l&rsquo;Alliance pour la R\u00e9publique (APR), tenait une conf\u00e9rence de presse devant le tribunal. Il a \u00e9t\u00e9 interrompu par des militants de Pastef qui l&rsquo;accusent d&rsquo;avoir tenu des propos outrageants \u00e0 l&rsquo;encontre de leur leader Ousmane Sonko. Pour \u00e9viter des affrontements sur la voie publique, les policiers ont rapidement embarqu\u00e9 les quatre protagonistes, selon des sources de Seneweb. Cette interpellation visait \u00e0 d\u00e9samorcer les tensions et \u00e0 maintenir l&rsquo;ordre public aux abords du palais de justice. Les quatre personnes mises en cause ont finalement \u00e9t\u00e9 toutes lib\u00e9r\u00e9es, l&rsquo;incident ayant \u00e9t\u00e9 ma\u00eetris\u00e9 sans suite judiciair<\/p>\n","protected":false},"author":7,"featured_media":37680,"comment_status":"open","ping_status":"open","sticky":false,"template":"","format":"standard","meta":{"_jetpack_memberships_contains_paid_content":false,"footnotes":""},"categories":[375,3724,3,1],"tags":[3692],"class_list":["post-37678","post","type-post","status-publish","format-standard","has-post-thumbnail","hentry","category-actualites","category-justice","category-politique","category-non-classe","tag-tribunal-de-dakar","entry","has-media","owp-thumbs-layout-horizontal","owp-btn-normal","owp-tabs-layout-horizontal","has-no-thumbnails","has-product-nav"],"yoast_head":"<!-- This site is optimized with the Yoast SEO plugin v25.5 - https:\/\/yoast.com\/wordpress\/plugins\/seo\/ -->\n<title>Incident au tribunal : Abdoulaye Ndiaye de Farba Ngom et les militants de pastef retrouvent la libert\u00e9 - LE PUBLIC<\/title>\n<meta name=\"robots\" content=\"index, follow, max-snippet:-1, max-image-preview:large, max-video-preview:-1\" \/>\n<link rel=\"canonical\" href=\"https:\/\/www.public.sn\/index.php\/2025\/10\/08\/incident-au-tribunal-abdoulaye-ndiaye-de-farba-ngom-et-les-militants-de-pastef-retrouvent-la-liberte\/\" \/>\n<meta property=\"og:locale\" content=\"fr_FR\" \/>\n<meta property=\"og:type\" content=\"article\" \/>\n<meta property=\"og:title\" content=\"Incident au tribunal : Abdoulaye Ndiaye de Farba Ngom et les militants de pastef retrouvent la libert\u00e9 - LE PUBLIC\" \/>\n<meta property=\"og:description\" content=\"Un incident survenu devant le Tribunal de Grande Instance hors classe de Dakar a entra\u00een\u00e9 l&rsquo;interpellation temporaire de quatre personnes avant leur lib\u00e9ration. Les policiers du commissariat d&rsquo;arrondissement de Rebeuss ont appr\u00e9hend\u00e9 trois militants de Pastef et Abdoulaye Ndiaye, responsable de la communication de Farba Ngom, en marge du proc\u00e8s du chroniqueur Abdou Nguer. L&rsquo;altercation a \u00e9clat\u00e9 lorsque Abdoulaye Ndiaye, membre de l&rsquo;Alliance pour la R\u00e9publique (APR), tenait une conf\u00e9rence de presse devant le tribunal. Il a \u00e9t\u00e9 interrompu par des militants de Pastef qui l&rsquo;accusent d&rsquo;avoir tenu des propos outrageants \u00e0 l&rsquo;encontre de leur leader Ousmane Sonko. Pour \u00e9viter des affrontements sur la voie publique, les policiers ont rapidement embarqu\u00e9 les quatre protagonistes, selon des sources de Seneweb. Cette interpellation visait \u00e0 d\u00e9samorcer les tensions et \u00e0 maintenir l&rsquo;ordre public aux abords du palais de justice. Les quatre personnes mises en cause ont finalement \u00e9t\u00e9 toutes lib\u00e9r\u00e9es, l&rsquo;incident ayant \u00e9t\u00e9 ma\u00eetris\u00e9 sans suite judiciair\" \/>\n<meta property=\"og:url\" content=\"https:\/\/www.public.sn\/index.php\/2025\/10\/08\/incident-au-tribunal-abdoulaye-ndiaye-de-farba-ngom-et-les-militants-de-pastef-retrouvent-la-liberte\/\" \/>\n<meta property=\"og:site_name\" content=\"LE PUBLIC\" \/>\n<meta property=\"article:published_time\" content=\"2025-10-08T16:42:57+00:00\" \/>\n<meta property=\"article:modified_time\" content=\"2025-10-08T16:43:17+00:00\" \/>\n<meta property=\"og:image\" content=\"https:\/\/www.public.sn\/wp-content\/uploads\/2025\/10\/Capture-decran-2025-10-08-a-16.37.02.png\" \/>\n\t<meta property=\"og:image:width\" content=\"658\" \/>\n\t<meta property=\"og:image:height\" content=\"550\" \/>\n\t<meta property=\"og:image:type\" content=\"image\/png\" \/>\n<meta name=\"author\" content=\"LA REDACTION\" \/>\n<meta name=\"twitter:card\" content=\"summary_large_image\" \/>\n<meta name=\"twitter:label1\" content=\"\u00c9crit par\" \/>\n\t<meta name=\"twitter:data1\" content=\"LA REDACTION\" \/>\n\t<meta name=\"twitter:label2\" content=\"Dur\u00e9e de lecture estim\u00e9e\" \/>\n\t<meta name=\"twitter:data2\" content=\"1 minute\" \/>\n<script type=\"application\/ld+json\" class=\"yoast-schema-graph\">{\"@context\":\"https:\/\/schema.org\",\"@graph\":[{\"@type\":\"Article\",\"@id\":\"https:\/\/www.public.sn\/index.php\/2025\/10\/08\/incident-au-tribunal-abdoulaye-ndiaye-de-farba-ngom-et-les-militants-de-pastef-retrouvent-la-liberte\/#article\",\"isPartOf\":{\"@id\":\"https:\/\/www.public.sn\/index.php\/2025\/10\/08\/incident-au-tribunal-abdoulaye-ndiaye-de-farba-ngom-et-les-militants-de-pastef-retrouvent-la-liberte\/\"},\"author\":{\"name\":\"LA REDACTION\",\"@id\":\"https:\/\/www.public.sn\/#\/schema\/person\/cb76c8e1b8becc6be61fb5e92d6d0224\"},\"headline\":\"Incident au tribunal : Abdoulaye Ndiaye de Farba Ngom et les militants de pastef retrouvent la libert\u00e9\",\"datePublished\":\"2025-10-08T16:42:57+00:00\",\"dateModified\":\"2025-10-08T16:43:17+00:00\",\"mainEntityOfPage\":{\"@id\":\"https:\/\/www.public.sn\/index.php\/2025\/10\/08\/incident-au-tribunal-abdoulaye-ndiaye-de-farba-ngom-et-les-militants-de-pastef-retrouvent-la-liberte\/\"},\"wordCount\":178,\"commentCount\":0,\"publisher\":{\"@id\":\"https:\/\/www.public.sn\/#organization\"},\"image\":{\"@id\":\"https:\/\/www.public.sn\/index.php\/2025\/10\/08\/incident-au-tribunal-abdoulaye-ndiaye-de-farba-ngom-et-les-militants-de-pastef-retrouvent-la-liberte\/#primaryimage\"},\"thumbnailUrl\":\"https:\/\/www.public.sn\/wp-content\/uploads\/2025\/10\/Capture-decran-2025-10-08-a-16.37.02.png\",\"keywords\":[\"tribunal de dakar\"],\"articleSection\":[\"ACTUALIT\u00c9S\",\"justice\",\"POLITIQUE\",\"S\u00c9N\u00c9GAL\"],\"inLanguage\":\"fr-FR\",\"potentialAction\":[{\"@type\":\"CommentAction\",\"name\":\"Comment\",\"target\":[\"https:\/\/www.public.sn\/index.php\/2025\/10\/08\/incident-au-tribunal-abdoulaye-ndiaye-de-farba-ngom-et-les-militants-de-pastef-retrouvent-la-liberte\/#respond\"]}]},{\"@type\":\"WebPage\",\"@id\":\"https:\/\/www.public.sn\/index.php\/2025\/10\/08\/incident-au-tribunal-abdoulaye-ndiaye-de-farba-ngom-et-les-militants-de-pastef-retrouvent-la-liberte\/\",\"url\":\"https:\/\/www.public.sn\/index.php\/2025\/10\/08\/incident-au-tribunal-abdoulaye-ndiaye-de-farba-ngom-et-les-militants-de-pastef-retrouvent-la-liberte\/\",\"name\":\"Incident au tribunal : Abdoulaye Ndiaye de Farba Ngom et les militants de pastef retrouvent la libert\u00e9 - LE PUBLIC\",\"isPartOf\":{\"@id\":\"https:\/\/www.public.sn\/#website\"},\"primaryImageOfPage\":{\"@id\":\"https:\/\/www.public.sn\/index.php\/2025\/10\/08\/incident-au-tribunal-abdoulaye-ndiaye-de-farba-ngom-et-les-militants-de-pastef-retrouvent-la-liberte\/#primaryimage\"},\"image\":{\"@id\":\"https:\/\/www.public.sn\/index.php\/2025\/10\/08\/incident-au-tribunal-abdoulaye-ndiaye-de-farba-ngom-et-les-militants-de-pastef-retrouvent-la-liberte\/#primaryimage\"},\"thumbnailUrl\":\"https:\/\/www.public.sn\/wp-content\/uploads\/2025\/10\/Capture-decran-2025-10-08-a-16.37.02.png\",\"datePublished\":\"2025-10-08T16:42:57+00:00\",\"dateModified\":\"2025-10-08T16:43:17+00:00\",\"breadcrumb\":{\"@id\":\"https:\/\/www.public.sn\/index.php\/2025\/10\/08\/incident-au-tribunal-abdoulaye-ndiaye-de-farba-ngom-et-les-militants-de-pastef-retrouvent-la-liberte\/#breadcrumb\"},\"inLanguage\":\"fr-FR\",\"potentialAction\":[{\"@type\":\"ReadAction\",\"target\":[\"https:\/\/www.public.sn\/index.php\/2025\/10\/08\/incident-au-tribunal-abdoulaye-ndiaye-de-farba-ngom-et-les-militants-de-pastef-retrouvent-la-liberte\/\"]}]},{\"@type\":\"ImageObject\",\"inLanguage\":\"fr-FR\",\"@id\":\"https:\/\/www.public.sn\/index.php\/2025\/10\/08\/incident-au-tribunal-abdoulaye-ndiaye-de-farba-ngom-et-les-militants-de-pastef-retrouvent-la-liberte\/#primaryimage\",\"url\":\"https:\/\/www.public.sn\/wp-content\/uploads\/2025\/10\/Capture-decran-2025-10-08-a-16.37.02.png\",\"contentUrl\":\"https:\/\/www.public.sn\/wp-content\/uploads\/2025\/10\/Capture-decran-2025-10-08-a-16.37.02.png\",\"width\":658,\"height\":550},{\"@type\":\"BreadcrumbList\",\"@id\":\"https:\/\/www.public.sn\/index.php\/2025\/10\/08\/incident-au-tribunal-abdoulaye-ndiaye-de-farba-ngom-et-les-militants-de-pastef-retrouvent-la-liberte\/#breadcrumb\",\"itemListElement\":[{\"@type\":\"ListItem\",\"position\":1,\"name\":\"Accueil\",\"item\":\"https:\/\/www.public.sn\/\"},{\"@type\":\"ListItem\",\"position\":2,\"name\":\"Incident au tribunal : Abdoulaye Ndiaye de Farba Ngom et les militants de pastef retrouvent la libert\u00e9\"}]},{\"@type\":\"WebSite\",\"@id\":\"https:\/\/www.public.sn\/#website\",\"url\":\"https:\/\/www.public.sn\/\",\"name\":\"LE PUBLIC\",\"description\":\"\",\"publisher\":{\"@id\":\"https:\/\/www.public.sn\/#organization\"},\"potentialAction\":[{\"@type\":\"SearchAction\",\"target\":{\"@type\":\"EntryPoint\",\"urlTemplate\":\"https:\/\/www.public.sn\/?s={search_term_string}\"},\"query-input\":{\"@type\":\"PropertyValueSpecification\",\"valueRequired\":true,\"valueName\":\"search_term_string\"}}],\"inLanguage\":\"fr-FR\"},{\"@type\":\"Organization\",\"@id\":\"https:\/\/www.public.sn\/#organization\",\"name\":\"LE PUBLIC\",\"url\":\"https:\/\/www.public.sn\/\",\"logo\":{\"@type\":\"ImageObject\",\"inLanguage\":\"fr-FR\",\"@id\":\"https:\/\/www.public.sn\/#\/schema\/logo\/image\/\",\"url\":\"https:\/\/www.public.sn\/wp-content\/uploads\/2024\/05\/cropped-LOGO-PUBLIC.SN_.png\",\"contentUrl\":\"https:\/\/www.public.sn\/wp-content\/uploads\/2024\/05\/cropped-LOGO-PUBLIC.SN_.png\",\"width\":682,\"height\":192,\"caption\":\"LE PUBLIC\"},\"image\":{\"@id\":\"https:\/\/www.public.sn\/#\/schema\/logo\/image\/\"}},{\"@type\":\"Person\",\"@id\":\"https:\/\/www.public.sn\/#\/schema\/person\/cb76c8e1b8becc6be61fb5e92d6d0224\",\"name\":\"LA REDACTION\",\"image\":{\"@type\":\"ImageObject\",\"inLanguage\":\"fr-FR\",\"@id\":\"https:\/\/www.public.sn\/#\/schema\/person\/image\/\",\"url\":\"https:\/\/secure.gravatar.com\/avatar\/2dce5ddd34b8fef0180efe03aa2a9bee7d953856048f9a16b298190a3178407c?s=96&d=mm&r=g\",\"contentUrl\":\"https:\/\/secure.gravatar.com\/avatar\/2dce5ddd34b8fef0180efe03aa2a9bee7d953856048f9a16b298190a3178407c?s=96&d=mm&r=g\",\"caption\":\"LA REDACTION\"},\"url\":\"https:\/\/www.public.sn\/index.php\/author\/editeurpsn\/\"}]}<\/script>\n<!-- \/ Yoast SEO plugin. -->","yoast_head_json":{"title":"Incident au tribunal : Abdoulaye Ndiaye de Farba Ngom et les militants de pastef retrouvent la libert\u00e9 - LE PUBLIC","robots":{"index":"index","follow":"follow","max-snippet":"max-snippet:-1","max-image-preview":"max-image-preview:large","max-video-preview":"max-video-preview:-1"},"canonical":"https:\/\/www.public.sn\/index.php\/2025\/10\/08\/incident-au-tribunal-abdoulaye-ndiaye-de-farba-ngom-et-les-militants-de-pastef-retrouvent-la-liberte\/","og_locale":"fr_FR","og_type":"article","og_title":"Incident au tribunal : Abdoulaye Ndiaye de Farba Ngom et les militants de pastef retrouvent la libert\u00e9 - LE PUBLIC","og_description":"Un incident survenu devant le Tribunal de Grande Instance hors classe de Dakar a entra\u00een\u00e9 l&rsquo;interpellation temporaire de quatre personnes avant leur lib\u00e9ration. Les policiers du commissariat d&rsquo;arrondissement de Rebeuss ont appr\u00e9hend\u00e9 trois militants de Pastef et Abdoulaye Ndiaye, responsable de la communication de Farba Ngom, en marge du proc\u00e8s du chroniqueur Abdou Nguer. L&rsquo;altercation a \u00e9clat\u00e9 lorsque Abdoulaye Ndiaye, membre de l&rsquo;Alliance pour la R\u00e9publique (APR), tenait une conf\u00e9rence de presse devant le tribunal. Il a \u00e9t\u00e9 interrompu par des militants de Pastef qui l&rsquo;accusent d&rsquo;avoir tenu des propos outrageants \u00e0 l&rsquo;encontre de leur leader Ousmane Sonko. Pour \u00e9viter des affrontements sur la voie publique, les policiers ont rapidement embarqu\u00e9 les quatre protagonistes, selon des sources de Seneweb. Cette interpellation visait \u00e0 d\u00e9samorcer les tensions et \u00e0 maintenir l&rsquo;ordre public aux abords du palais de justice. Les quatre personnes mises en cause ont finalement \u00e9t\u00e9 toutes lib\u00e9r\u00e9es, l&rsquo;incident ayant \u00e9t\u00e9 ma\u00eetris\u00e9 sans suite judiciair","og_url":"https:\/\/www.public.sn\/index.php\/2025\/10\/08\/incident-au-tribunal-abdoulaye-ndiaye-de-farba-ngom-et-les-militants-de-pastef-retrouvent-la-liberte\/","og_site_name":"LE PUBLIC","article_published_time":"2025-10-08T16:42:57+00:00","article_modified_time":"2025-10-08T16:43:17+00:00","og_image":[{"width":658,"height":550,"url":"https:\/\/www.public.sn\/wp-content\/uploads\/2025\/10\/Capture-decran-2025-10-08-a-16.37.02.png","type":"image\/png"}],"author":"LA REDACTION","twitter_card":"summary_large_image","twitter_misc":{"\u00c9crit par":"LA REDACTION","Dur\u00e9e de lecture estim\u00e9e":"1 minute"},"schema":{"@context":"https:\/\/schema.org","@graph":[{"@type":"Article","@id":"https:\/\/www.public.sn\/index.php\/2025\/10\/08\/incident-au-tribunal-abdoulaye-ndiaye-de-farba-ngom-et-les-militants-de-pastef-retrouvent-la-liberte\/#article","isPartOf":{"@id":"https:\/\/www.public.sn\/index.php\/2025\/10\/08\/incident-au-tribunal-abdoulaye-ndiaye-de-farba-ngom-et-les-militants-de-pastef-retrouvent-la-liberte\/"},"author":{"name":"LA REDACTION","@id":"https:\/\/www.public.sn\/#\/schema\/person\/cb76c8e1b8becc6be61fb5e92d6d0224"},"headline":"Incident au tribunal : Abdoulaye Ndiaye de Farba Ngom et les militants de pastef retrouvent la libert\u00e9","datePublished":"2025-10-08T16:42:57+00:00","dateModified":"2025-10-08T16:43:17+00:00","mainEntityOfPage":{"@id":"https:\/\/www.public.sn\/index.php\/2025\/10\/08\/incident-au-tribunal-abdoulaye-ndiaye-de-farba-ngom-et-les-militants-de-pastef-retrouvent-la-liberte\/"},"wordCount":178,"commentCount":0,"publisher":{"@id":"https:\/\/www.public.sn\/#organization"},"image":{"@id":"https:\/\/www.public.sn\/index.php\/2025\/10\/08\/incident-au-tribunal-abdoulaye-ndiaye-de-farba-ngom-et-les-militants-de-pastef-retrouvent-la-liberte\/#primaryimage"},"thumbnailUrl":"https:\/\/www.public.sn\/wp-content\/uploads\/2025\/10\/Capture-decran-2025-10-08-a-16.37.02.png","keywords":["tribunal de dakar"],"articleSection":["ACTUALIT\u00c9S","justice","POLITIQUE","S\u00c9N\u00c9GAL"],"inLanguage":"fr-FR","potentialAction":[{"@type":"CommentAction","name":"Comment","target":["https:\/\/www.public.sn\/index.php\/2025\/10\/08\/incident-au-tribunal-abdoulaye-ndiaye-de-farba-ngom-et-les-militants-de-pastef-retrouvent-la-liberte\/#respond"]}]},{"@type":"WebPage","@id":"https:\/\/www.public.sn\/index.php\/2025\/10\/08\/incident-au-tribunal-abdoulaye-ndiaye-de-farba-ngom-et-les-militants-de-pastef-retrouvent-la-liberte\/","url":"https:\/\/www.public.sn\/index.php\/2025\/10\/08\/incident-au-tribunal-abdoulaye-ndiaye-de-farba-ngom-et-les-militants-de-pastef-retrouvent-la-liberte\/","name":"Incident au tribunal : Abdoulaye Ndiaye de Farba Ngom et les militants de pastef retrouvent la libert\u00e9 - LE PUBLIC","isPartOf":{"@id":"https:\/\/www.public.sn\/#website"},"primaryImageOfPage":{"@id":"https:\/\/www.public.sn\/index.php\/2025\/10\/08\/incident-au-tribunal-abdoulaye-ndiaye-de-farba-ngom-et-les-militants-de-pastef-retrouvent-la-liberte\/#primaryimage"},"image":{"@id":"https:\/\/www.public.sn\/index.php\/2025\/10\/08\/incident-au-tribunal-abdoulaye-ndiaye-de-farba-ngom-et-les-militants-de-pastef-retrouvent-la-liberte\/#primaryimage"},"thumbnailUrl":"https:\/\/www.public.sn\/wp-content\/uploads\/2025\/10\/Capture-decran-2025-10-08-a-16.37.02.png","datePublished":"2025-10-08T16:42:57+00:00","dateModified":"2025-10-08T16:43:17+00:00","breadcrumb":{"@id":"https:\/\/www.public.sn\/index.php\/2025\/10\/08\/incident-au-tribunal-abdoulaye-ndiaye-de-farba-ngom-et-les-militants-de-pastef-retrouvent-la-liberte\/#breadcrumb"},"inLanguage":"fr-FR","potentialAction":[{"@type":"ReadAction","target":["https:\/\/www.public.sn\/index.php\/2025\/10\/08\/incident-au-tribunal-abdoulaye-ndiaye-de-farba-ngom-et-les-militants-de-pastef-retrouvent-la-liberte\/"]}]},{"@type":"ImageObject","inLanguage":"fr-FR","@id":"https:\/\/www.public.sn\/index.php\/2025\/10\/08\/incident-au-tribunal-abdoulaye-ndiaye-de-farba-ngom-et-les-militants-de-pastef-retrouvent-la-liberte\/#primaryimage","url":"https:\/\/www.public.sn\/wp-content\/uploads\/2025\/10\/Capture-decran-2025-10-08-a-16.37.02.png","contentUrl":"https:\/\/www.public.sn\/wp-content\/uploads\/2025\/10\/Capture-decran-2025-10-08-a-16.37.02.png","width":658,"height":550},{"@type":"BreadcrumbList","@id":"https:\/\/www.public.sn\/index.php\/2025\/10\/08\/incident-au-tribunal-abdoulaye-ndiaye-de-farba-ngom-et-les-militants-de-pastef-retrouvent-la-liberte\/#breadcrumb","itemListElement":[{"@type":"ListItem","position":1,"name":"Accueil","item":"https:\/\/www.public.sn\/"},{"@type":"ListItem","position":2,"name":"Incident au tribunal : Abdoulaye Ndiaye de Farba Ngom et les militants de pastef retrouvent la libert\u00e9"}]},{"@type":"WebSite","@id":"https:\/\/www.public.sn\/#website","url":"https:\/\/www.public.sn\/","name":"LE PUBLIC","description":"","publisher":{"@id":"https:\/\/www.public.sn\/#organization"},"potentialAction":[{"@type":"SearchAction","target":{"@type":"EntryPoint","urlTemplate":"https:\/\/www.public.sn\/?s={search_term_string}"},"query-input":{"@type":"PropertyValueSpecification","valueRequired":true,"valueName":"search_term_string"}}],"inLanguage":"fr-FR"},{"@type":"Organization","@id":"https:\/\/www.public.sn\/#organization","name":"LE PUBLIC","url":"https:\/\/www.public.sn\/","logo":{"@type":"ImageObject","inLanguage":"fr-FR","@id":"https:\/\/www.public.sn\/#\/schema\/logo\/image\/","url":"https:\/\/www.public.sn\/wp-content\/uploads\/2024\/05\/cropped-LOGO-PUBLIC.SN_.png","contentUrl":"https:\/\/www.public.sn\/wp-content\/uploads\/2024\/05\/cropped-LOGO-PUBLIC.SN_.png","width":682,"height":192,"caption":"LE PUBLIC"},"image":{"@id":"https:\/\/www.public.sn\/#\/schema\/logo\/image\/"}},{"@type":"Person","@id":"https:\/\/www.public.sn\/#\/schema\/person\/cb76c8e1b8becc6be61fb5e92d6d0224","name":"LA REDACTION","image":{"@type":"ImageObject","inLanguage":"fr-FR","@id":"https:\/\/www.public.sn\/#\/schema\/person\/image\/","url":"https:\/\/secure.gravatar.com\/avatar\/2dce5ddd34b8fef0180efe03aa2a9bee7d953856048f9a16b298190a3178407c?s=96&d=mm&r=g","contentUrl":"https:\/\/secure.gravatar.com\/avatar\/2dce5ddd34b8fef0180efe03aa2a9bee7d953856048f9a16b298190a3178407c?s=96&d=mm&r=g","caption":"LA REDACTION"},"url":"https:\/\/www.public.sn\/index.php\/author\/editeurpsn\/"}]}},"jetpack_featured_media_url":"https:\/\/www.public.sn\/wp-content\/uploads\/2025\/10\/Capture-decran-2025-10-08-a-16.37.02.png","jetpack_sharing_enabled":true,"_links":{"self":[{"href":"https:\/\/www.public.sn\/index.php\/wp-json\/wp\/v2\/posts\/37678","targetHints":{"allow":["GET"]}}],"collection":[{"href":"https:\/\/www.public.sn\/index.php\/wp-json\/wp\/v2\/posts"}],"about":[{"href":"https:\/\/www.public.sn\/index.php\/wp-json\/wp\/v2\/types\/post"}],"author":[{"embeddable":true,"href":"https:\/\/www.public.sn\/index.php\/wp-json\/wp\/v2\/users\/7"}],"replies":[{"embeddable":true,"href":"https:\/\/www.public.sn\/index.php\/wp-json\/wp\/v2\/comments?post=37678"}],"version-history":[{"count":2,"href":"https:\/\/www.public.sn\/index.php\/wp-json\/wp\/v2\/posts\/37678\/revisions"}],"predecessor-version":[{"id":37682,"href":"https:\/\/www.public.sn\/index.php\/wp-json\/wp\/v2\/posts\/37678\/revisions\/37682"}],"wp:featuredmedia":[{"embeddable":true,"href":"https:\/\/www.public.sn\/index.php\/wp-json\/wp\/v2\/media\/37680"}],"wp:attachment":[{"href":"https:\/\/www.public.sn\/index.php\/wp-json\/wp\/v2\/media?parent=37678"}],"wp:term":[{"taxonomy":"category","embeddable":true,"href":"https:\/\/www.public.sn\/index.php\/wp-json\/wp\/v2\/categories?post=37678"},{"taxonomy":"post_tag","embeddable":true,"href":"https:\/\/www.public.sn\/index.php\/wp-json\/wp\/v2\/tags?post=37678"}],"curies":[{"name":"wp","href":"https:\/\/api.w.org\/{rel}","templated":true}]}}