{"id":37726,"date":"2025-10-14T13:53:54","date_gmt":"2025-10-14T13:53:54","guid":{"rendered":"https:\/\/www.public.sn\/?p=37726"},"modified":"2025-10-14T13:54:00","modified_gmt":"2025-10-14T13:54:00","slug":"fievre-de-la-vallee-du-rift-fvr-171-cas-confirmes-dont-20-deces-et-128-guerisons","status":"publish","type":"post","link":"https:\/\/www.public.sn\/index.php\/2025\/10\/14\/fievre-de-la-vallee-du-rift-fvr-171-cas-confirmes-dont-20-deces-et-128-guerisons\/","title":{"rendered":"Fi\u00e8vre de la Vall\u00e9e du Rift (FVR): 171 cas confirm\u00e9s, dont 20 d\u00e9c\u00e8s et 128 gu\u00e9risons"},"content":{"rendered":"\n<p>Le Minist\u00e8re de la Sant\u00e9 et de l&rsquo;Hygi\u00e8ne publique vient de faire le point sur l\u2019\u00e9volution des deux \u00e9pid\u00e9mies actuellement en cours dans le pays selon seneweb.<\/p><div class=\"publi-paragraphe1\" style=\"margin-top: 10px;margin-bottom: 10px;margin-left: auto;margin-right: auto;text-align: center;\" id=\"publi-782485008\"><div class=\"publi-adlabel\">Publicit\u00e9<\/div><script async src=\"\/\/pagead2.googlesyndication.com\/pagead\/js\/adsbygoogle.js?client=ca-pub-4089586018074219\" crossorigin=\"anonymous\"><\/script><ins class=\"adsbygoogle\" style=\"display:block;\" data-ad-client=\"ca-pub-4089586018074219\" \ndata-ad-slot=\"2087940154\" \ndata-ad-format=\"auto\"><\/ins>\n<script> \n(adsbygoogle = window.adsbygoogle || []).push({}); \n<\/script>\n<\/div>\n\n\n\n<p>Pour la fi\u00e8vre de la Vall\u00e9e du Rift (FVR), depuis le d\u00e9but de l&rsquo;\u00e9pid\u00e9mie, le S\u00e9n\u00e9gal a enregistr\u00e9 171 cas confirm\u00e9s, dont 20 d\u00e9c\u00e8s et 128 gu\u00e9risons, selon le d\u00e9partement. La r\u00e9gion de Saint-Louis est la plus touch\u00e9e, avec 159 cas.<\/p>\n\n\n\n<p>Pour le Mpox ou variole du singe, depuis la confirmation du premier cas, le 22 ao\u00fbt 2025, 6 cas confirm\u00e9s et 2 cas probables ont \u00e9t\u00e9 enregistr\u00e9s. Ils sont tous localis\u00e9s dans la r\u00e9gion de Dakar. \u00ab\u00a0Huit (8) personnes sont gu\u00e9ries et aucun d\u00e9c\u00e8s n&rsquo;a \u00e9t\u00e9 signal\u00e9. Au total, 78 personnes contacts ont \u00e9t\u00e9 identifi\u00e9es depuis le d\u00e9but de l&rsquo;\u00e9pid\u00e9mie, dont 27 sont sorties du suivi\u00a0\u00bb, renseigne le communiqu\u00e9.<\/p>\n\n\n\n<p>Le minist\u00e8re de la Sant\u00e9 appelle les populations \u00e0 faire preuve de vigilance, \u00e0 respecter scrupuleusement les mesures de pr\u00e9vention et \u00e0 collaborer activement avec les agents de sant\u00e9 et les relais communautaires pour contenir ces \u00e9pid\u00e9mies.<\/p>\n<div class=\"publi-apres-le-contenu\" style=\"margin-top: 10px;margin-bottom: 10px;margin-left: auto;margin-right: auto;text-align: center;\" id=\"publi-2254845198\"><div class=\"publi-adlabel\">Publicit\u00e9<\/div><script async src=\"\/\/pagead2.googlesyndication.com\/pagead\/js\/adsbygoogle.js?client=ca-pub-4089586018074219\" crossorigin=\"anonymous\"><\/script><ins class=\"adsbygoogle\" style=\"display:block;\" data-ad-client=\"ca-pub-4089586018074219\" \ndata-ad-slot=\"2087940154\" \ndata-ad-format=\"auto\"><\/ins>\n<script> \n(adsbygoogle = window.adsbygoogle || []).push({}); \n<\/script>\n<\/div>","protected":false},"excerpt":{"rendered":"<p>Le Minist\u00e8re de la Sant\u00e9 et de l&rsquo;Hygi\u00e8ne publique vient de faire le point sur l\u2019\u00e9volution des deux \u00e9pid\u00e9mies actuellement en cours dans le pays selon seneweb. Pour la fi\u00e8vre de la Vall\u00e9e du Rift (FVR), depuis le d\u00e9but de l&rsquo;\u00e9pid\u00e9mie, le S\u00e9n\u00e9gal a enregistr\u00e9 171 cas confirm\u00e9s, dont 20 d\u00e9c\u00e8s et 128 gu\u00e9risons, selon le d\u00e9partement. La r\u00e9gion de Saint-Louis est la plus touch\u00e9e, avec 159 cas. Pour le Mpox ou variole du singe, depuis la confirmation du premier cas, le 22 ao\u00fbt 2025, 6 cas confirm\u00e9s et 2 cas probables ont \u00e9t\u00e9 enregistr\u00e9s. Ils sont tous localis\u00e9s dans la r\u00e9gion de Dakar. \u00ab\u00a0Huit (8) personnes sont gu\u00e9ries et aucun d\u00e9c\u00e8s n&rsquo;a \u00e9t\u00e9 signal\u00e9. Au total, 78 personnes contacts ont \u00e9t\u00e9 identifi\u00e9es depuis le d\u00e9but de l&rsquo;\u00e9pid\u00e9mie, dont 27 sont sorties du suivi\u00a0\u00bb, renseigne le communiqu\u00e9. Le minist\u00e8re de la Sant\u00e9 appelle les populations \u00e0 faire preuve de vigilance, \u00e0 respecter scrupuleusement les mesures de pr\u00e9vention et \u00e0 collaborer activement avec les agents de sant\u00e9 et les relais communautaires pour contenir ces \u00e9pid\u00e9mies.<\/p>\n","protected":false},"author":7,"featured_media":37727,"comment_status":"open","ping_status":"open","sticky":false,"template":"","format":"standard","meta":{"_jetpack_memberships_contains_paid_content":false,"footnotes":""},"categories":[375,1574,1],"tags":[7598,195],"class_list":["post-37726","post","type-post","status-publish","format-standard","has-post-thumbnail","hentry","category-actualites","category-sante","category-non-classe","tag-ministere-de-la-sante-2","tag-sante","entry","has-media","owp-thumbs-layout-horizontal","owp-btn-normal","owp-tabs-layout-horizontal","has-no-thumbnails","has-product-nav"],"yoast_head":"<!-- This site is optimized with the Yoast SEO plugin v25.5 - https:\/\/yoast.com\/wordpress\/plugins\/seo\/ -->\n<title>Fi\u00e8vre de la Vall\u00e9e du Rift (FVR): 171 cas confirm\u00e9s, dont 20 d\u00e9c\u00e8s et 128 gu\u00e9risons - LE PUBLIC<\/title>\n<meta name=\"robots\" content=\"index, follow, max-snippet:-1, max-image-preview:large, max-video-preview:-1\" \/>\n<link rel=\"canonical\" href=\"https:\/\/www.public.sn\/index.php\/2025\/10\/14\/fievre-de-la-vallee-du-rift-fvr-171-cas-confirmes-dont-20-deces-et-128-guerisons\/\" \/>\n<meta property=\"og:locale\" content=\"fr_FR\" \/>\n<meta property=\"og:type\" content=\"article\" \/>\n<meta property=\"og:title\" content=\"Fi\u00e8vre de la Vall\u00e9e du Rift (FVR): 171 cas confirm\u00e9s, dont 20 d\u00e9c\u00e8s et 128 gu\u00e9risons - LE PUBLIC\" \/>\n<meta property=\"og:description\" content=\"Le Minist\u00e8re de la Sant\u00e9 et de l&rsquo;Hygi\u00e8ne publique vient de faire le point sur l\u2019\u00e9volution des deux \u00e9pid\u00e9mies actuellement en cours dans le pays selon seneweb. Pour la fi\u00e8vre de la Vall\u00e9e du Rift (FVR), depuis le d\u00e9but de l&rsquo;\u00e9pid\u00e9mie, le S\u00e9n\u00e9gal a enregistr\u00e9 171 cas confirm\u00e9s, dont 20 d\u00e9c\u00e8s et 128 gu\u00e9risons, selon le d\u00e9partement. La r\u00e9gion de Saint-Louis est la plus touch\u00e9e, avec 159 cas. Pour le Mpox ou variole du singe, depuis la confirmation du premier cas, le 22 ao\u00fbt 2025, 6 cas confirm\u00e9s et 2 cas probables ont \u00e9t\u00e9 enregistr\u00e9s. Ils sont tous localis\u00e9s dans la r\u00e9gion de Dakar. \u00ab\u00a0Huit (8) personnes sont gu\u00e9ries et aucun d\u00e9c\u00e8s n&rsquo;a \u00e9t\u00e9 signal\u00e9. Au total, 78 personnes contacts ont \u00e9t\u00e9 identifi\u00e9es depuis le d\u00e9but de l&rsquo;\u00e9pid\u00e9mie, dont 27 sont sorties du suivi\u00a0\u00bb, renseigne le communiqu\u00e9. Le minist\u00e8re de la Sant\u00e9 appelle les populations \u00e0 faire preuve de vigilance, \u00e0 respecter scrupuleusement les mesures de pr\u00e9vention et \u00e0 collaborer activement avec les agents de sant\u00e9 et les relais communautaires pour contenir ces \u00e9pid\u00e9mies.\" \/>\n<meta property=\"og:url\" content=\"https:\/\/www.public.sn\/index.php\/2025\/10\/14\/fievre-de-la-vallee-du-rift-fvr-171-cas-confirmes-dont-20-deces-et-128-guerisons\/\" \/>\n<meta property=\"og:site_name\" content=\"LE PUBLIC\" \/>\n<meta property=\"article:published_time\" content=\"2025-10-14T13:53:54+00:00\" \/>\n<meta property=\"article:modified_time\" content=\"2025-10-14T13:54:00+00:00\" \/>\n<meta property=\"og:image\" content=\"https:\/\/www.public.sn\/wp-content\/uploads\/2025\/10\/ministre-de-la-sante.jpg\" \/>\n\t<meta property=\"og:image:width\" content=\"960\" \/>\n\t<meta property=\"og:image:height\" content=\"640\" \/>\n\t<meta property=\"og:image:type\" content=\"image\/jpeg\" \/>\n<meta name=\"author\" content=\"LA REDACTION\" \/>\n<meta name=\"twitter:card\" content=\"summary_large_image\" \/>\n<meta name=\"twitter:label1\" content=\"\u00c9crit par\" \/>\n\t<meta name=\"twitter:data1\" content=\"LA REDACTION\" \/>\n\t<meta name=\"twitter:label2\" content=\"Dur\u00e9e de lecture estim\u00e9e\" \/>\n\t<meta name=\"twitter:data2\" content=\"2 minutes\" \/>\n<script type=\"application\/ld+json\" class=\"yoast-schema-graph\">{\"@context\":\"https:\/\/schema.org\",\"@graph\":[{\"@type\":\"Article\",\"@id\":\"https:\/\/www.public.sn\/index.php\/2025\/10\/14\/fievre-de-la-vallee-du-rift-fvr-171-cas-confirmes-dont-20-deces-et-128-guerisons\/#article\",\"isPartOf\":{\"@id\":\"https:\/\/www.public.sn\/index.php\/2025\/10\/14\/fievre-de-la-vallee-du-rift-fvr-171-cas-confirmes-dont-20-deces-et-128-guerisons\/\"},\"author\":{\"name\":\"LA REDACTION\",\"@id\":\"https:\/\/www.public.sn\/#\/schema\/person\/cb76c8e1b8becc6be61fb5e92d6d0224\"},\"headline\":\"Fi\u00e8vre de la Vall\u00e9e du Rift (FVR): 171 cas confirm\u00e9s, dont 20 d\u00e9c\u00e8s et 128 gu\u00e9risons\",\"datePublished\":\"2025-10-14T13:53:54+00:00\",\"dateModified\":\"2025-10-14T13:54:00+00:00\",\"mainEntityOfPage\":{\"@id\":\"https:\/\/www.public.sn\/index.php\/2025\/10\/14\/fievre-de-la-vallee-du-rift-fvr-171-cas-confirmes-dont-20-deces-et-128-guerisons\/\"},\"wordCount\":212,\"commentCount\":0,\"publisher\":{\"@id\":\"https:\/\/www.public.sn\/#organization\"},\"image\":{\"@id\":\"https:\/\/www.public.sn\/index.php\/2025\/10\/14\/fievre-de-la-vallee-du-rift-fvr-171-cas-confirmes-dont-20-deces-et-128-guerisons\/#primaryimage\"},\"thumbnailUrl\":\"https:\/\/www.public.sn\/wp-content\/uploads\/2025\/10\/ministre-de-la-sante.jpg\",\"keywords\":[\"ministere de la Sant\u00e9\",\"Sant\u00e9\"],\"articleSection\":[\"ACTUALIT\u00c9S\",\"SANT\u00c9\",\"S\u00c9N\u00c9GAL\"],\"inLanguage\":\"fr-FR\",\"potentialAction\":[{\"@type\":\"CommentAction\",\"name\":\"Comment\",\"target\":[\"https:\/\/www.public.sn\/index.php\/2025\/10\/14\/fievre-de-la-vallee-du-rift-fvr-171-cas-confirmes-dont-20-deces-et-128-guerisons\/#respond\"]}]},{\"@type\":\"WebPage\",\"@id\":\"https:\/\/www.public.sn\/index.php\/2025\/10\/14\/fievre-de-la-vallee-du-rift-fvr-171-cas-confirmes-dont-20-deces-et-128-guerisons\/\",\"url\":\"https:\/\/www.public.sn\/index.php\/2025\/10\/14\/fievre-de-la-vallee-du-rift-fvr-171-cas-confirmes-dont-20-deces-et-128-guerisons\/\",\"name\":\"Fi\u00e8vre de la Vall\u00e9e du Rift (FVR): 171 cas confirm\u00e9s, dont 20 d\u00e9c\u00e8s et 128 gu\u00e9risons - LE PUBLIC\",\"isPartOf\":{\"@id\":\"https:\/\/www.public.sn\/#website\"},\"primaryImageOfPage\":{\"@id\":\"https:\/\/www.public.sn\/index.php\/2025\/10\/14\/fievre-de-la-vallee-du-rift-fvr-171-cas-confirmes-dont-20-deces-et-128-guerisons\/#primaryimage\"},\"image\":{\"@id\":\"https:\/\/www.public.sn\/index.php\/2025\/10\/14\/fievre-de-la-vallee-du-rift-fvr-171-cas-confirmes-dont-20-deces-et-128-guerisons\/#primaryimage\"},\"thumbnailUrl\":\"https:\/\/www.public.sn\/wp-content\/uploads\/2025\/10\/ministre-de-la-sante.jpg\",\"datePublished\":\"2025-10-14T13:53:54+00:00\",\"dateModified\":\"2025-10-14T13:54:00+00:00\",\"breadcrumb\":{\"@id\":\"https:\/\/www.public.sn\/index.php\/2025\/10\/14\/fievre-de-la-vallee-du-rift-fvr-171-cas-confirmes-dont-20-deces-et-128-guerisons\/#breadcrumb\"},\"inLanguage\":\"fr-FR\",\"potentialAction\":[{\"@type\":\"ReadAction\",\"target\":[\"https:\/\/www.public.sn\/index.php\/2025\/10\/14\/fievre-de-la-vallee-du-rift-fvr-171-cas-confirmes-dont-20-deces-et-128-guerisons\/\"]}]},{\"@type\":\"ImageObject\",\"inLanguage\":\"fr-FR\",\"@id\":\"https:\/\/www.public.sn\/index.php\/2025\/10\/14\/fievre-de-la-vallee-du-rift-fvr-171-cas-confirmes-dont-20-deces-et-128-guerisons\/#primaryimage\",\"url\":\"https:\/\/www.public.sn\/wp-content\/uploads\/2025\/10\/ministre-de-la-sante.jpg\",\"contentUrl\":\"https:\/\/www.public.sn\/wp-content\/uploads\/2025\/10\/ministre-de-la-sante.jpg\",\"width\":960,\"height\":640},{\"@type\":\"BreadcrumbList\",\"@id\":\"https:\/\/www.public.sn\/index.php\/2025\/10\/14\/fievre-de-la-vallee-du-rift-fvr-171-cas-confirmes-dont-20-deces-et-128-guerisons\/#breadcrumb\",\"itemListElement\":[{\"@type\":\"ListItem\",\"position\":1,\"name\":\"Accueil\",\"item\":\"https:\/\/www.public.sn\/\"},{\"@type\":\"ListItem\",\"position\":2,\"name\":\"Fi\u00e8vre de la Vall\u00e9e du Rift (FVR): 171 cas confirm\u00e9s, dont 20 d\u00e9c\u00e8s et 128 gu\u00e9risons\"}]},{\"@type\":\"WebSite\",\"@id\":\"https:\/\/www.public.sn\/#website\",\"url\":\"https:\/\/www.public.sn\/\",\"name\":\"LE PUBLIC\",\"description\":\"\",\"publisher\":{\"@id\":\"https:\/\/www.public.sn\/#organization\"},\"potentialAction\":[{\"@type\":\"SearchAction\",\"target\":{\"@type\":\"EntryPoint\",\"urlTemplate\":\"https:\/\/www.public.sn\/?s={search_term_string}\"},\"query-input\":{\"@type\":\"PropertyValueSpecification\",\"valueRequired\":true,\"valueName\":\"search_term_string\"}}],\"inLanguage\":\"fr-FR\"},{\"@type\":\"Organization\",\"@id\":\"https:\/\/www.public.sn\/#organization\",\"name\":\"LE PUBLIC\",\"url\":\"https:\/\/www.public.sn\/\",\"logo\":{\"@type\":\"ImageObject\",\"inLanguage\":\"fr-FR\",\"@id\":\"https:\/\/www.public.sn\/#\/schema\/logo\/image\/\",\"url\":\"https:\/\/www.public.sn\/wp-content\/uploads\/2024\/05\/cropped-LOGO-PUBLIC.SN_.png\",\"contentUrl\":\"https:\/\/www.public.sn\/wp-content\/uploads\/2024\/05\/cropped-LOGO-PUBLIC.SN_.png\",\"width\":682,\"height\":192,\"caption\":\"LE PUBLIC\"},\"image\":{\"@id\":\"https:\/\/www.public.sn\/#\/schema\/logo\/image\/\"}},{\"@type\":\"Person\",\"@id\":\"https:\/\/www.public.sn\/#\/schema\/person\/cb76c8e1b8becc6be61fb5e92d6d0224\",\"name\":\"LA REDACTION\",\"image\":{\"@type\":\"ImageObject\",\"inLanguage\":\"fr-FR\",\"@id\":\"https:\/\/www.public.sn\/#\/schema\/person\/image\/\",\"url\":\"https:\/\/secure.gravatar.com\/avatar\/2dce5ddd34b8fef0180efe03aa2a9bee7d953856048f9a16b298190a3178407c?s=96&d=mm&r=g\",\"contentUrl\":\"https:\/\/secure.gravatar.com\/avatar\/2dce5ddd34b8fef0180efe03aa2a9bee7d953856048f9a16b298190a3178407c?s=96&d=mm&r=g\",\"caption\":\"LA REDACTION\"},\"url\":\"https:\/\/www.public.sn\/index.php\/author\/editeurpsn\/\"}]}<\/script>\n<!-- \/ Yoast SEO plugin. -->","yoast_head_json":{"title":"Fi\u00e8vre de la Vall\u00e9e du Rift (FVR): 171 cas confirm\u00e9s, dont 20 d\u00e9c\u00e8s et 128 gu\u00e9risons - LE PUBLIC","robots":{"index":"index","follow":"follow","max-snippet":"max-snippet:-1","max-image-preview":"max-image-preview:large","max-video-preview":"max-video-preview:-1"},"canonical":"https:\/\/www.public.sn\/index.php\/2025\/10\/14\/fievre-de-la-vallee-du-rift-fvr-171-cas-confirmes-dont-20-deces-et-128-guerisons\/","og_locale":"fr_FR","og_type":"article","og_title":"Fi\u00e8vre de la Vall\u00e9e du Rift (FVR): 171 cas confirm\u00e9s, dont 20 d\u00e9c\u00e8s et 128 gu\u00e9risons - LE PUBLIC","og_description":"Le Minist\u00e8re de la Sant\u00e9 et de l&rsquo;Hygi\u00e8ne publique vient de faire le point sur l\u2019\u00e9volution des deux \u00e9pid\u00e9mies actuellement en cours dans le pays selon seneweb. Pour la fi\u00e8vre de la Vall\u00e9e du Rift (FVR), depuis le d\u00e9but de l&rsquo;\u00e9pid\u00e9mie, le S\u00e9n\u00e9gal a enregistr\u00e9 171 cas confirm\u00e9s, dont 20 d\u00e9c\u00e8s et 128 gu\u00e9risons, selon le d\u00e9partement. La r\u00e9gion de Saint-Louis est la plus touch\u00e9e, avec 159 cas. Pour le Mpox ou variole du singe, depuis la confirmation du premier cas, le 22 ao\u00fbt 2025, 6 cas confirm\u00e9s et 2 cas probables ont \u00e9t\u00e9 enregistr\u00e9s. Ils sont tous localis\u00e9s dans la r\u00e9gion de Dakar. \u00ab\u00a0Huit (8) personnes sont gu\u00e9ries et aucun d\u00e9c\u00e8s n&rsquo;a \u00e9t\u00e9 signal\u00e9. Au total, 78 personnes contacts ont \u00e9t\u00e9 identifi\u00e9es depuis le d\u00e9but de l&rsquo;\u00e9pid\u00e9mie, dont 27 sont sorties du suivi\u00a0\u00bb, renseigne le communiqu\u00e9. Le minist\u00e8re de la Sant\u00e9 appelle les populations \u00e0 faire preuve de vigilance, \u00e0 respecter scrupuleusement les mesures de pr\u00e9vention et \u00e0 collaborer activement avec les agents de sant\u00e9 et les relais communautaires pour contenir ces \u00e9pid\u00e9mies.","og_url":"https:\/\/www.public.sn\/index.php\/2025\/10\/14\/fievre-de-la-vallee-du-rift-fvr-171-cas-confirmes-dont-20-deces-et-128-guerisons\/","og_site_name":"LE PUBLIC","article_published_time":"2025-10-14T13:53:54+00:00","article_modified_time":"2025-10-14T13:54:00+00:00","og_image":[{"width":960,"height":640,"url":"https:\/\/www.public.sn\/wp-content\/uploads\/2025\/10\/ministre-de-la-sante.jpg","type":"image\/jpeg"}],"author":"LA REDACTION","twitter_card":"summary_large_image","twitter_misc":{"\u00c9crit par":"LA REDACTION","Dur\u00e9e de lecture estim\u00e9e":"2 minutes"},"schema":{"@context":"https:\/\/schema.org","@graph":[{"@type":"Article","@id":"https:\/\/www.public.sn\/index.php\/2025\/10\/14\/fievre-de-la-vallee-du-rift-fvr-171-cas-confirmes-dont-20-deces-et-128-guerisons\/#article","isPartOf":{"@id":"https:\/\/www.public.sn\/index.php\/2025\/10\/14\/fievre-de-la-vallee-du-rift-fvr-171-cas-confirmes-dont-20-deces-et-128-guerisons\/"},"author":{"name":"LA REDACTION","@id":"https:\/\/www.public.sn\/#\/schema\/person\/cb76c8e1b8becc6be61fb5e92d6d0224"},"headline":"Fi\u00e8vre de la Vall\u00e9e du Rift (FVR): 171 cas confirm\u00e9s, dont 20 d\u00e9c\u00e8s et 128 gu\u00e9risons","datePublished":"2025-10-14T13:53:54+00:00","dateModified":"2025-10-14T13:54:00+00:00","mainEntityOfPage":{"@id":"https:\/\/www.public.sn\/index.php\/2025\/10\/14\/fievre-de-la-vallee-du-rift-fvr-171-cas-confirmes-dont-20-deces-et-128-guerisons\/"},"wordCount":212,"commentCount":0,"publisher":{"@id":"https:\/\/www.public.sn\/#organization"},"image":{"@id":"https:\/\/www.public.sn\/index.php\/2025\/10\/14\/fievre-de-la-vallee-du-rift-fvr-171-cas-confirmes-dont-20-deces-et-128-guerisons\/#primaryimage"},"thumbnailUrl":"https:\/\/www.public.sn\/wp-content\/uploads\/2025\/10\/ministre-de-la-sante.jpg","keywords":["ministere de la Sant\u00e9","Sant\u00e9"],"articleSection":["ACTUALIT\u00c9S","SANT\u00c9","S\u00c9N\u00c9GAL"],"inLanguage":"fr-FR","potentialAction":[{"@type":"CommentAction","name":"Comment","target":["https:\/\/www.public.sn\/index.php\/2025\/10\/14\/fievre-de-la-vallee-du-rift-fvr-171-cas-confirmes-dont-20-deces-et-128-guerisons\/#respond"]}]},{"@type":"WebPage","@id":"https:\/\/www.public.sn\/index.php\/2025\/10\/14\/fievre-de-la-vallee-du-rift-fvr-171-cas-confirmes-dont-20-deces-et-128-guerisons\/","url":"https:\/\/www.public.sn\/index.php\/2025\/10\/14\/fievre-de-la-vallee-du-rift-fvr-171-cas-confirmes-dont-20-deces-et-128-guerisons\/","name":"Fi\u00e8vre de la Vall\u00e9e du Rift (FVR): 171 cas confirm\u00e9s, dont 20 d\u00e9c\u00e8s et 128 gu\u00e9risons - LE PUBLIC","isPartOf":{"@id":"https:\/\/www.public.sn\/#website"},"primaryImageOfPage":{"@id":"https:\/\/www.public.sn\/index.php\/2025\/10\/14\/fievre-de-la-vallee-du-rift-fvr-171-cas-confirmes-dont-20-deces-et-128-guerisons\/#primaryimage"},"image":{"@id":"https:\/\/www.public.sn\/index.php\/2025\/10\/14\/fievre-de-la-vallee-du-rift-fvr-171-cas-confirmes-dont-20-deces-et-128-guerisons\/#primaryimage"},"thumbnailUrl":"https:\/\/www.public.sn\/wp-content\/uploads\/2025\/10\/ministre-de-la-sante.jpg","datePublished":"2025-10-14T13:53:54+00:00","dateModified":"2025-10-14T13:54:00+00:00","breadcrumb":{"@id":"https:\/\/www.public.sn\/index.php\/2025\/10\/14\/fievre-de-la-vallee-du-rift-fvr-171-cas-confirmes-dont-20-deces-et-128-guerisons\/#breadcrumb"},"inLanguage":"fr-FR","potentialAction":[{"@type":"ReadAction","target":["https:\/\/www.public.sn\/index.php\/2025\/10\/14\/fievre-de-la-vallee-du-rift-fvr-171-cas-confirmes-dont-20-deces-et-128-guerisons\/"]}]},{"@type":"ImageObject","inLanguage":"fr-FR","@id":"https:\/\/www.public.sn\/index.php\/2025\/10\/14\/fievre-de-la-vallee-du-rift-fvr-171-cas-confirmes-dont-20-deces-et-128-guerisons\/#primaryimage","url":"https:\/\/www.public.sn\/wp-content\/uploads\/2025\/10\/ministre-de-la-sante.jpg","contentUrl":"https:\/\/www.public.sn\/wp-content\/uploads\/2025\/10\/ministre-de-la-sante.jpg","width":960,"height":640},{"@type":"BreadcrumbList","@id":"https:\/\/www.public.sn\/index.php\/2025\/10\/14\/fievre-de-la-vallee-du-rift-fvr-171-cas-confirmes-dont-20-deces-et-128-guerisons\/#breadcrumb","itemListElement":[{"@type":"ListItem","position":1,"name":"Accueil","item":"https:\/\/www.public.sn\/"},{"@type":"ListItem","position":2,"name":"Fi\u00e8vre de la Vall\u00e9e du Rift (FVR): 171 cas confirm\u00e9s, dont 20 d\u00e9c\u00e8s et 128 gu\u00e9risons"}]},{"@type":"WebSite","@id":"https:\/\/www.public.sn\/#website","url":"https:\/\/www.public.sn\/","name":"LE PUBLIC","description":"","publisher":{"@id":"https:\/\/www.public.sn\/#organization"},"potentialAction":[{"@type":"SearchAction","target":{"@type":"EntryPoint","urlTemplate":"https:\/\/www.public.sn\/?s={search_term_string}"},"query-input":{"@type":"PropertyValueSpecification","valueRequired":true,"valueName":"search_term_string"}}],"inLanguage":"fr-FR"},{"@type":"Organization","@id":"https:\/\/www.public.sn\/#organization","name":"LE PUBLIC","url":"https:\/\/www.public.sn\/","logo":{"@type":"ImageObject","inLanguage":"fr-FR","@id":"https:\/\/www.public.sn\/#\/schema\/logo\/image\/","url":"https:\/\/www.public.sn\/wp-content\/uploads\/2024\/05\/cropped-LOGO-PUBLIC.SN_.png","contentUrl":"https:\/\/www.public.sn\/wp-content\/uploads\/2024\/05\/cropped-LOGO-PUBLIC.SN_.png","width":682,"height":192,"caption":"LE PUBLIC"},"image":{"@id":"https:\/\/www.public.sn\/#\/schema\/logo\/image\/"}},{"@type":"Person","@id":"https:\/\/www.public.sn\/#\/schema\/person\/cb76c8e1b8becc6be61fb5e92d6d0224","name":"LA REDACTION","image":{"@type":"ImageObject","inLanguage":"fr-FR","@id":"https:\/\/www.public.sn\/#\/schema\/person\/image\/","url":"https:\/\/secure.gravatar.com\/avatar\/2dce5ddd34b8fef0180efe03aa2a9bee7d953856048f9a16b298190a3178407c?s=96&d=mm&r=g","contentUrl":"https:\/\/secure.gravatar.com\/avatar\/2dce5ddd34b8fef0180efe03aa2a9bee7d953856048f9a16b298190a3178407c?s=96&d=mm&r=g","caption":"LA REDACTION"},"url":"https:\/\/www.public.sn\/index.php\/author\/editeurpsn\/"}]}},"jetpack_featured_media_url":"https:\/\/www.public.sn\/wp-content\/uploads\/2025\/10\/ministre-de-la-sante.jpg","jetpack_sharing_enabled":true,"_links":{"self":[{"href":"https:\/\/www.public.sn\/index.php\/wp-json\/wp\/v2\/posts\/37726","targetHints":{"allow":["GET"]}}],"collection":[{"href":"https:\/\/www.public.sn\/index.php\/wp-json\/wp\/v2\/posts"}],"about":[{"href":"https:\/\/www.public.sn\/index.php\/wp-json\/wp\/v2\/types\/post"}],"author":[{"embeddable":true,"href":"https:\/\/www.public.sn\/index.php\/wp-json\/wp\/v2\/users\/7"}],"replies":[{"embeddable":true,"href":"https:\/\/www.public.sn\/index.php\/wp-json\/wp\/v2\/comments?post=37726"}],"version-history":[{"count":1,"href":"https:\/\/www.public.sn\/index.php\/wp-json\/wp\/v2\/posts\/37726\/revisions"}],"predecessor-version":[{"id":37728,"href":"https:\/\/www.public.sn\/index.php\/wp-json\/wp\/v2\/posts\/37726\/revisions\/37728"}],"wp:featuredmedia":[{"embeddable":true,"href":"https:\/\/www.public.sn\/index.php\/wp-json\/wp\/v2\/media\/37727"}],"wp:attachment":[{"href":"https:\/\/www.public.sn\/index.php\/wp-json\/wp\/v2\/media?parent=37726"}],"wp:term":[{"taxonomy":"category","embeddable":true,"href":"https:\/\/www.public.sn\/index.php\/wp-json\/wp\/v2\/categories?post=37726"},{"taxonomy":"post_tag","embeddable":true,"href":"https:\/\/www.public.sn\/index.php\/wp-json\/wp\/v2\/tags?post=37726"}],"curies":[{"name":"wp","href":"https:\/\/api.w.org\/{rel}","templated":true}]}}