{"id":37734,"date":"2025-10-14T14:27:59","date_gmt":"2025-10-14T14:27:59","guid":{"rendered":"https:\/\/www.public.sn\/?p=37734"},"modified":"2025-10-14T14:28:10","modified_gmt":"2025-10-14T14:28:10","slug":"agenda-senegal-2050-des-acteurs-politiques-et-de-la-societe-civile-partages-sur-le-bilan","status":"publish","type":"post","link":"https:\/\/www.public.sn\/index.php\/2025\/10\/14\/agenda-senegal-2050-des-acteurs-politiques-et-de-la-societe-civile-partages-sur-le-bilan\/","title":{"rendered":"Agenda S\u00e9n\u00e9gal 2050 : Des acteurs politiques et de la soci\u00e9t\u00e9 civile partag\u00e9s sur le bilan&#8230;?"},"content":{"rendered":"\n<p>Con\u00e7u comme une boussole de long terme, l&rsquo;agenda S\u00e9n\u00e9gal 2050 trace la trajectoire du pays sur un quart de si\u00e8cle, autour d\u2019un triptyque : prosp\u00e9rit\u00e9, souverainet\u00e9 et justice. Pour Aldiouma Sow, ministre conseiller, l\u2019\u00e9valuation de cette premi\u00e8re ann\u00e9e est \u00ab globalement positive \u00bb. \u00ab Nous sommes encore dans la phase de mise en \u0153uvre, mais les bases sont solides. Les r\u00e9formes structurantes sont en cours, et les premiers r\u00e9sultats commencent \u00e0 se faire sentir\u00bb, souligne le coordonnateur du p\u00f4le politique, de la soci\u00e9t\u00e9 civile et des syndicats dans le cabinet du chef de l\u2019\u00c9tat.<\/p><div class=\"publi-paragraphe1\" style=\"margin-top: 10px;margin-bottom: 10px;margin-left: auto;margin-right: auto;text-align: center;\" id=\"publi-1345439783\"><div class=\"publi-adlabel\">Publicit\u00e9<\/div><script async src=\"\/\/pagead2.googlesyndication.com\/pagead\/js\/adsbygoogle.js?client=ca-pub-4089586018074219\" crossorigin=\"anonymous\"><\/script><ins class=\"adsbygoogle\" style=\"display:block;\" data-ad-client=\"ca-pub-4089586018074219\" \ndata-ad-slot=\"2087940154\" \ndata-ad-format=\"auto\"><\/ins>\n<script> \n(adsbygoogle = window.adsbygoogle || []).push({}); \n<\/script>\n<\/div>\n\n\n\n<p>En revanche, l\u2019opposition se montre beaucoup plus critique. Abdoulaye Wilane, porte-parole du Parti socialiste, juge l\u2019\u00e9valuation gouvernementale \u00abd\u00e9connect\u00e9e des r\u00e9alit\u00e9s du terrain\u00bb. Pour l\u2019ancien parti unique qui a domin\u00e9 la vie politique s\u00e9n\u00e9galaise de 1960 \u00e0 2000, l\u2019Agenda 2050 est un cadre s\u00e9duisant sur le papier. M. Wilane pr\u00e9cise cependant que \u00ables moyens manquent, la gouvernance reste centralis\u00e9e, et les priorit\u00e9s \u00e9conomiques ne sont pas claires \u00bb. Le pr\u00e9sident du Conseil d\u00e9partemental de Kaffrine estime que le pays souffre d\u2019un manque de cap \u00e9conomique et d\u2019une d\u00e9pendance excessive \u00e0 l\u2019endettement ext\u00e9rieur. \u00ab Les bailleurs observent une certaine prudence, le secteur priv\u00e9 local est fragilis\u00e9, et la croissance reste in\u00e9galitaire. Nous n\u2019avons pas encore vu la rupture promise\u00bb, d\u00e9plore l\u2019ancien d\u00e9put\u00e9-maire socialiste de Kaffrine. S\u2019il admet des efforts de transparence, il met en garde contre une instrumentalisation politique de la lutte contre la corruption. \u00abIl faut \u00e9viter que cette bataille se transforme en traque s\u00e9lective. L\u2019\u00c9tat de droit ne peut se construire dans la peur ou la suspicion\u00bb, invite M. Wilane.<\/p>\n\n\n\n<p><strong>Aldiouma Sow : \u00ab\u00a0R\u00e9sultats concrets\u00a0\u00bb<\/strong><\/p>\n\n\n\n<p>A contrario, Aldiouma Sow, coordonnateur communal du Pastef \u00e0 Somone fait remarquer que les quatre axes strat\u00e9giques de l\u2019Agenda 2050 \u00e0 savoir \u00c9conomie comp\u00e9titive et Cr\u00e9ation d\u2019emplois &#8211; Gouvernance et Engagement panafricain &#8211; Capital humain et Justice sociale -Am\u00e9nagement et D\u00e9veloppement durable du territoire, ont tous connu des d\u00e9buts prometteurs. \u00ab Nous avons obtenu des r\u00e9sultats concrets, notamment dans la mobilisation des investissements. Le Forum Invest in S\u00e9n\u00e9gal a permis d\u2019enregistrer plus de 13 000 milliards de francs CFA d\u2019engagements. C\u2019est la preuve que la confiance est revenue \u00bb, souligne-t-il.<\/p>\n\n\n\n<p><strong>Demba Seydi : \u00ab\u00a0Passer des principes aux pratiques\u00a0\u00bb<\/strong><\/p>\n\n\n\n<p>Du c\u00f4t\u00e9 de la soci\u00e9t\u00e9 civile, le ton est plus nuanc\u00e9. Si les r\u00e9formes entreprises sont salu\u00e9es, leur port\u00e9e r\u00e9elle fait d\u00e9bat. Demba Seydi, directeur des programmes du Centre africain pour la justice, la gouvernance et la transformation (CAJUST), estime que le S\u00e9n\u00e9gal 2050 a le m\u00e9rite de fixer une vision claire, mais que le passage \u00e0 l\u2019action reste encore timide. \u00ab Nous notons des avanc\u00e9es sur les textes et les discours, mais la transformation doit s\u2019observer dans la vie quotidienne des citoyens. Le d\u00e9fi, aujourd\u2019hui, est de passer des principes aux pratiques\u00bb, mentionne M. Seydi, par ailleurs expert en gouvernance des ressources naturelles.<\/p>\n\n\n\n<p>En \u00e9cho, Babacar Ba, pr\u00e9sident du Forum du justiciable regrette le manque d\u2019impact visible de l\u2019Agenda 2050 sur l\u2019emploi et le pouvoir d\u2019achat. Alors que Aldiouma Sow constate \u00ab un recul de deux points du taux de ch\u00f4mage qui est \u00e0 20% \u00bb, M. Ba insiste : \u00abLe ch\u00f4mage reste \u00e9lev\u00e9, surtout chez les jeunes. L\u2019Agenda 2050 doit donner des r\u00e9ponses concr\u00e8tes aux attentes sociales, pas seulement \u00e9conomiques\u00bb.<\/p>\n\n\n\n<p>Sur le plan institutionnel, Aldiouma Sow de Pastef insiste sur les r\u00e9formes l\u00e9gislatives et r\u00e9glementaires entreprises pour asseoir la bonne gouvernance : loi sur l\u2019acc\u00e8s \u00e0 l\u2019information, r\u00e9forme du code g\u00e9n\u00e9ral des imp\u00f4ts, encadrement des lanceurs d\u2019alerte, obligation de d\u00e9claration de patrimoine, et r\u00e9vision du code des march\u00e9s publics. \u00ab Pour la premi\u00e8re fois, la gouvernance des ressources publiques devient un pilier central de la politique nationale. Nous voulons un \u00c9tat exemplaire et une administration plus transparente\u00bb, explique M. Sow. Cependant, il reconna\u00eet que la mobilisation des ressources financi\u00e8res reste un d\u00e9fi majeur : \u00ab Nous h\u00e9ritons d\u2019une situation budg\u00e9taire contraignante. L\u2019objectif est d\u2019\u00e9largir la base fiscale sans \u00e9touffer l\u2019\u00e9conomie, et de renforcer les financements endog\u00e8nes \u00bb.<\/p>\n\n\n\n<p>Justement, les lois sur l\u2019acc\u00e8s \u00e0 l\u2019information et la d\u00e9claration de patrimoine sont des pas importants, reconna\u00eet Babacar Ba. Mais, plaide le juriste, il faut aller au-del\u00e0 des textes et assurer leur application effective \u00bb. Il d\u00e9nonce notamment le maintien des \u00abcaisses noires\u00bb et l\u2019exclusion de certaines institutions comme la Caisse des D\u00e9p\u00f4ts et Consignations du code des march\u00e9s publics, qu\u2019il consid\u00e8re comme des freins \u00e0 la bonne gouvernance. \u00ab Tant qu\u2019il y aura des poches d\u2019opacit\u00e9, la corruption restera un risque structurel. La confiance citoyenne d\u00e9pendra de la mani\u00e8re dont l\u2019\u00c9tat g\u00e9rera ces zones grises\u00bb, indique-t-il.<\/p>\n\n\n\n<p><strong>Pastef d\u00e9cline des avanc\u00e9es, les doutes de l\u2019opposition et de la soci\u00e9t\u00e9 civile persistent<\/strong><\/p>\n\n\n\n<p>\u00c0 en croire Demba Seydi, la r\u00e9ussite du r\u00e9f\u00e9rentiel d\u00e9pendra de la coh\u00e9rence entre les politiques sectorielles. \u00abUne r\u00e9forme du code des imp\u00f4ts, par exemple, ne peut pas \u00eatre pens\u00e9e ind\u00e9pendamment du code minier ou du cadre constitutionnel. L\u2019Agenda 2050 doit \u00e9viter le cloisonnement des politiques publiques\u00bb, estime M. Seydi, ancien leader de Convergence socialiste.<\/p>\n\n\n\n<p>Il appelle aussi \u00e0 une meilleure appropriation par la soci\u00e9t\u00e9 civile et les collectivit\u00e9s locales. \u00ab Les acteurs non \u00e9tatiques doivent \u00eatre impliqu\u00e9s dans la gouvernance de la mise en \u0153uvre. Le suivi ne peut pas \u00eatre seulement administratif, il doit \u00eatre participatif\u00bb, souhaite-t-il.<\/p>\n\n\n\n<p><strong>\u00c9conomie r\u00e9elle<\/strong><\/p>\n\n\n\n<p>Sur le plan \u00e9conomique, Demba Seydi plaide \u00e9galement pour un retour \u00e0 l\u2019\u00e9conomie r\u00e9elle. \u00ab Pour atteindre la souverainet\u00e9, il faut investir davantage dans les secteurs productifs : agriculture, p\u00eache, \u00e9levage, artisanat. C\u2019est par la valorisation de nos ressources locales que le S\u00e9n\u00e9gal atteindra ses objectifs de prosp\u00e9rit\u00e9\u00bb, professe-t-il. Justement, le ministre conseiller, d\u00e9voile que les secteurs de l\u2019Agriculture et de l\u2019\u00c9nergie seront compt\u00e9s parmi ceux prioritaires pour acc\u00e9l\u00e9rer l\u2019ex\u00e9cution du \u00ab Projet \u00bb. \u00ab Nous avons choisi d&rsquo;intervenir dans les secteurs \u00e9conomiques qui occupent les S\u00e9n\u00e9galais. Et au premier titre de ces secteurs-l\u00e0, c&rsquo;est l&rsquo;agriculture. Donc, il y a eu beaucoup d&rsquo;investissements et de financements qui ont \u00e9t\u00e9 concentr\u00e9s pour l&rsquo;agriculture et dont nous avons vu les effets positifs. Mais un autre secteur \u00e9galement qui est extr\u00eamement important pour l&rsquo;\u00e9conomie et qui est une priorit\u00e9 pour le gouvernement, c&rsquo;est l&rsquo;\u00e9nergie \u00bb a dit Aldiouma Sow.<\/p>\n\n\n\n<p>Un an apr\u00e8s sa pr\u00e9sentation, le R\u00e9f\u00e9rentiel national de transformation S\u00e9n\u00e9gal 2050 suscite \u00e0 la fois espoirs, doutes et vigilance. Les bases l\u00e9gales et institutionnelles sont pos\u00e9es, les r\u00e9formes amorc\u00e9es, mais leur appropriation sociale et leur traduction concr\u00e8te restent \u00e0 approfondir. Les acteurs interrog\u00e9s s\u2019accordent sur un point : la r\u00e9ussite du S\u00e9n\u00e9gal 2050 d\u00e9pendra de la coh\u00e9rence, de la transparence et de la constance dans l\u2019action publique. \u00abL\u2019avenir de ce projet repose sur la capacit\u00e9 de l\u2019\u00c9tat \u00e0 \u00e9couter, \u00e0 associer et \u00e0 rendre compte. C\u2019est \u00e0 cette condition que le r\u00e9f\u00e9rentiel cessera d\u2019\u00eatre un simple horizon pour devenir un v\u00e9ritable moteur de transformation\u00bb, assure Demba Seydi.<\/p>\n\n\n\n<p>Source seneweb<\/p>\n\n\n\n<p><\/p>\n<div class=\"publi-apres-le-contenu\" style=\"margin-top: 10px;margin-bottom: 10px;margin-left: auto;margin-right: auto;text-align: center;\" id=\"publi-3574426661\"><div class=\"publi-adlabel\">Publicit\u00e9<\/div><script async src=\"\/\/pagead2.googlesyndication.com\/pagead\/js\/adsbygoogle.js?client=ca-pub-4089586018074219\" crossorigin=\"anonymous\"><\/script><ins class=\"adsbygoogle\" style=\"display:block;\" data-ad-client=\"ca-pub-4089586018074219\" \ndata-ad-slot=\"2087940154\" \ndata-ad-format=\"auto\"><\/ins>\n<script> \n(adsbygoogle = window.adsbygoogle || []).push({}); \n<\/script>\n<\/div>","protected":false},"excerpt":{"rendered":"<p>Con\u00e7u comme une boussole de long terme, l&rsquo;agenda S\u00e9n\u00e9gal 2050 trace la trajectoire du pays sur un quart de si\u00e8cle, autour d\u2019un triptyque : prosp\u00e9rit\u00e9, souverainet\u00e9 et justice. Pour Aldiouma Sow, ministre conseiller, l\u2019\u00e9valuation de cette premi\u00e8re ann\u00e9e est \u00ab globalement positive \u00bb. \u00ab Nous sommes encore dans la phase de mise en \u0153uvre, mais les bases sont solides. Les r\u00e9formes structurantes sont en cours, et les premiers r\u00e9sultats commencent \u00e0 se faire sentir\u00bb, souligne le coordonnateur du p\u00f4le politique, de la soci\u00e9t\u00e9 civile et des syndicats dans le cabinet du chef de l\u2019\u00c9tat. En revanche, l\u2019opposition se montre beaucoup plus critique. Abdoulaye Wilane, porte-parole du Parti socialiste, juge l\u2019\u00e9valuation gouvernementale \u00abd\u00e9connect\u00e9e des r\u00e9alit\u00e9s du terrain\u00bb. Pour l\u2019ancien parti unique qui a domin\u00e9 la vie politique s\u00e9n\u00e9galaise de 1960 \u00e0 2000, l\u2019Agenda 2050 est un cadre s\u00e9duisant sur le papier. M. Wilane pr\u00e9cise cependant que \u00ables moyens manquent, la gouvernance reste centralis\u00e9e, et les priorit\u00e9s \u00e9conomiques ne sont pas claires \u00bb. Le pr\u00e9sident du Conseil d\u00e9partemental de Kaffrine estime que le pays souffre d\u2019un manque de cap \u00e9conomique et d\u2019une d\u00e9pendance excessive \u00e0 l\u2019endettement ext\u00e9rieur. \u00ab Les bailleurs observent une certaine prudence, le secteur priv\u00e9 local est fragilis\u00e9, et la croissance reste in\u00e9galitaire. Nous n\u2019avons pas encore vu la rupture promise\u00bb, d\u00e9plore l\u2019ancien d\u00e9put\u00e9-maire socialiste de Kaffrine. S\u2019il admet des efforts de transparence, il met en garde contre une instrumentalisation politique de la lutte contre la corruption. \u00abIl faut \u00e9viter que cette bataille se transforme en traque s\u00e9lective. L\u2019\u00c9tat de droit ne peut se construire dans la peur ou la suspicion\u00bb, invite M. Wilane. Aldiouma Sow : \u00ab\u00a0R\u00e9sultats concrets\u00a0\u00bb A contrario, Aldiouma Sow, coordonnateur communal du Pastef \u00e0 Somone fait remarquer que les quatre axes strat\u00e9giques de l\u2019Agenda 2050 \u00e0 savoir \u00c9conomie comp\u00e9titive et Cr\u00e9ation d\u2019emplois &#8211; Gouvernance et Engagement panafricain &#8211; Capital humain et Justice sociale -Am\u00e9nagement et D\u00e9veloppement durable du territoire, ont tous connu des d\u00e9buts prometteurs. \u00ab Nous avons obtenu des r\u00e9sultats concrets, notamment dans la mobilisation des investissements. Le Forum Invest in S\u00e9n\u00e9gal a permis d\u2019enregistrer plus de 13 000 milliards de francs CFA d\u2019engagements. C\u2019est la preuve que la confiance est revenue \u00bb, souligne-t-il. Demba Seydi : \u00ab\u00a0Passer des principes aux pratiques\u00a0\u00bb Du c\u00f4t\u00e9 de la soci\u00e9t\u00e9 civile, le ton est plus nuanc\u00e9. Si les r\u00e9formes entreprises sont salu\u00e9es, leur port\u00e9e r\u00e9elle fait d\u00e9bat. Demba Seydi, directeur des programmes du Centre africain pour la justice, la gouvernance et la transformation (CAJUST), estime que le S\u00e9n\u00e9gal 2050 a le m\u00e9rite de fixer une vision claire, mais que le passage \u00e0 l\u2019action reste encore timide. \u00ab Nous notons des avanc\u00e9es sur les textes et les discours, mais la transformation doit s\u2019observer dans la vie quotidienne des citoyens. Le d\u00e9fi, aujourd\u2019hui, est de passer des principes aux pratiques\u00bb, mentionne M. Seydi, par ailleurs expert en gouvernance des ressources naturelles. En \u00e9cho, Babacar Ba, pr\u00e9sident du Forum du justiciable regrette le manque d\u2019impact visible de l\u2019Agenda 2050 sur l\u2019emploi et le pouvoir d\u2019achat. Alors que Aldiouma Sow constate \u00ab un recul de deux points du taux de ch\u00f4mage qui est \u00e0 20% \u00bb, M. Ba insiste : \u00abLe ch\u00f4mage reste \u00e9lev\u00e9, surtout chez les jeunes. L\u2019Agenda 2050 doit donner des r\u00e9ponses concr\u00e8tes aux attentes sociales, pas seulement \u00e9conomiques\u00bb. Sur le plan institutionnel, Aldiouma Sow de Pastef insiste sur les r\u00e9formes l\u00e9gislatives et r\u00e9glementaires entreprises pour asseoir la bonne gouvernance : loi sur l\u2019acc\u00e8s \u00e0 l\u2019information, r\u00e9forme du code g\u00e9n\u00e9ral des imp\u00f4ts, encadrement des lanceurs d\u2019alerte, obligation de d\u00e9claration de patrimoine, et r\u00e9vision du code des march\u00e9s publics. \u00ab Pour la premi\u00e8re fois, la gouvernance des ressources publiques devient un pilier central de la politique nationale. Nous voulons un \u00c9tat exemplaire et une administration plus transparente\u00bb, explique M. Sow. Cependant, il reconna\u00eet que la mobilisation des ressources financi\u00e8res reste un d\u00e9fi majeur : \u00ab Nous h\u00e9ritons d\u2019une situation budg\u00e9taire contraignante. L\u2019objectif est d\u2019\u00e9largir la base fiscale sans \u00e9touffer l\u2019\u00e9conomie, et de renforcer les financements endog\u00e8nes \u00bb. Justement, les lois sur l\u2019acc\u00e8s \u00e0 l\u2019information et la d\u00e9claration de patrimoine sont des pas importants, reconna\u00eet Babacar Ba. Mais, plaide le juriste, il faut aller au-del\u00e0 des textes et assurer leur application effective \u00bb. Il d\u00e9nonce notamment le maintien des \u00abcaisses noires\u00bb et l\u2019exclusion de certaines institutions comme la Caisse des D\u00e9p\u00f4ts et Consignations du code des march\u00e9s publics, qu\u2019il consid\u00e8re comme des freins \u00e0 la bonne gouvernance. \u00ab Tant qu\u2019il y aura des poches d\u2019opacit\u00e9, la corruption restera un risque structurel. La confiance citoyenne d\u00e9pendra de la mani\u00e8re dont l\u2019\u00c9tat g\u00e9rera ces zones grises\u00bb, indique-t-il. Pastef d\u00e9cline des avanc\u00e9es, les doutes de l\u2019opposition et de la soci\u00e9t\u00e9 civile persistent \u00c0 en croire Demba Seydi, la r\u00e9ussite du r\u00e9f\u00e9rentiel d\u00e9pendra de la coh\u00e9rence entre les politiques sectorielles. \u00abUne r\u00e9forme du code des imp\u00f4ts, par exemple, ne peut pas \u00eatre pens\u00e9e ind\u00e9pendamment du code minier ou du cadre constitutionnel. L\u2019Agenda 2050 doit \u00e9viter le cloisonnement des politiques publiques\u00bb, estime M. Seydi, ancien leader de Convergence socialiste. Il appelle aussi \u00e0 une meilleure appropriation par la soci\u00e9t\u00e9 civile et les collectivit\u00e9s locales. \u00ab Les acteurs non \u00e9tatiques doivent \u00eatre impliqu\u00e9s dans la gouvernance de la mise en \u0153uvre. Le suivi ne peut pas \u00eatre seulement administratif, il doit \u00eatre participatif\u00bb, souhaite-t-il. \u00c9conomie r\u00e9elle Sur le plan \u00e9conomique, Demba Seydi plaide \u00e9galement pour un retour \u00e0 l\u2019\u00e9conomie r\u00e9elle. \u00ab Pour atteindre la souverainet\u00e9, il faut investir davantage dans les secteurs productifs : agriculture, p\u00eache, \u00e9levage, artisanat. C\u2019est par la valorisation de nos ressources locales que le S\u00e9n\u00e9gal atteindra ses objectifs de prosp\u00e9rit\u00e9\u00bb, professe-t-il. Justement, le ministre conseiller, d\u00e9voile que les secteurs de l\u2019Agriculture et de l\u2019\u00c9nergie seront compt\u00e9s parmi ceux prioritaires pour acc\u00e9l\u00e9rer l\u2019ex\u00e9cution du \u00ab Projet \u00bb. \u00ab Nous avons choisi d&rsquo;intervenir dans les secteurs \u00e9conomiques qui occupent les S\u00e9n\u00e9galais. Et au premier titre de ces secteurs-l\u00e0, c&rsquo;est l&rsquo;agriculture. Donc, il y a eu beaucoup d&rsquo;investissements et de financements qui ont \u00e9t\u00e9 concentr\u00e9s pour l&rsquo;agriculture et dont nous avons vu les effets positifs. Mais un autre secteur \u00e9galement qui est extr\u00eamement important pour l&rsquo;\u00e9conomie<\/p>\n","protected":false},"author":7,"featured_media":37735,"comment_status":"open","ping_status":"open","sticky":false,"template":"","format":"standard","meta":{"_jetpack_memberships_contains_paid_content":false,"footnotes":""},"categories":[375,5358,1],"tags":[16,7600],"class_list":["post-37734","post","type-post","status-publish","format-standard","has-post-thumbnail","hentry","category-actualites","category-economie-2","category-non-classe","tag-ousmane-sonko","tag-senegal-2050","entry","has-media","owp-thumbs-layout-horizontal","owp-btn-normal","owp-tabs-layout-horizontal","has-no-thumbnails","has-product-nav"],"yoast_head":"<!-- This site is optimized with the Yoast SEO plugin v25.5 - https:\/\/yoast.com\/wordpress\/plugins\/seo\/ -->\n<title>Agenda S\u00e9n\u00e9gal 2050 : Des acteurs politiques et de la soci\u00e9t\u00e9 civile partag\u00e9s sur le bilan...? - LE PUBLIC<\/title>\n<meta name=\"robots\" content=\"index, follow, max-snippet:-1, max-image-preview:large, max-video-preview:-1\" \/>\n<link rel=\"canonical\" href=\"https:\/\/www.public.sn\/index.php\/2025\/10\/14\/agenda-senegal-2050-des-acteurs-politiques-et-de-la-societe-civile-partages-sur-le-bilan\/\" \/>\n<meta property=\"og:locale\" content=\"fr_FR\" \/>\n<meta property=\"og:type\" content=\"article\" \/>\n<meta property=\"og:title\" content=\"Agenda S\u00e9n\u00e9gal 2050 : Des acteurs politiques et de la soci\u00e9t\u00e9 civile partag\u00e9s sur le bilan...? - LE PUBLIC\" \/>\n<meta property=\"og:description\" content=\"Con\u00e7u comme une boussole de long terme, l&rsquo;agenda S\u00e9n\u00e9gal 2050 trace la trajectoire du pays sur un quart de si\u00e8cle, autour d\u2019un triptyque : prosp\u00e9rit\u00e9, souverainet\u00e9 et justice. Pour Aldiouma Sow, ministre conseiller, l\u2019\u00e9valuation de cette premi\u00e8re ann\u00e9e est \u00ab globalement positive \u00bb. \u00ab Nous sommes encore dans la phase de mise en \u0153uvre, mais les bases sont solides. Les r\u00e9formes structurantes sont en cours, et les premiers r\u00e9sultats commencent \u00e0 se faire sentir\u00bb, souligne le coordonnateur du p\u00f4le politique, de la soci\u00e9t\u00e9 civile et des syndicats dans le cabinet du chef de l\u2019\u00c9tat. En revanche, l\u2019opposition se montre beaucoup plus critique. Abdoulaye Wilane, porte-parole du Parti socialiste, juge l\u2019\u00e9valuation gouvernementale \u00abd\u00e9connect\u00e9e des r\u00e9alit\u00e9s du terrain\u00bb. Pour l\u2019ancien parti unique qui a domin\u00e9 la vie politique s\u00e9n\u00e9galaise de 1960 \u00e0 2000, l\u2019Agenda 2050 est un cadre s\u00e9duisant sur le papier. M. Wilane pr\u00e9cise cependant que \u00ables moyens manquent, la gouvernance reste centralis\u00e9e, et les priorit\u00e9s \u00e9conomiques ne sont pas claires \u00bb. Le pr\u00e9sident du Conseil d\u00e9partemental de Kaffrine estime que le pays souffre d\u2019un manque de cap \u00e9conomique et d\u2019une d\u00e9pendance excessive \u00e0 l\u2019endettement ext\u00e9rieur. \u00ab Les bailleurs observent une certaine prudence, le secteur priv\u00e9 local est fragilis\u00e9, et la croissance reste in\u00e9galitaire. Nous n\u2019avons pas encore vu la rupture promise\u00bb, d\u00e9plore l\u2019ancien d\u00e9put\u00e9-maire socialiste de Kaffrine. S\u2019il admet des efforts de transparence, il met en garde contre une instrumentalisation politique de la lutte contre la corruption. \u00abIl faut \u00e9viter que cette bataille se transforme en traque s\u00e9lective. L\u2019\u00c9tat de droit ne peut se construire dans la peur ou la suspicion\u00bb, invite M. Wilane. Aldiouma Sow : \u00ab\u00a0R\u00e9sultats concrets\u00a0\u00bb A contrario, Aldiouma Sow, coordonnateur communal du Pastef \u00e0 Somone fait remarquer que les quatre axes strat\u00e9giques de l\u2019Agenda 2050 \u00e0 savoir \u00c9conomie comp\u00e9titive et Cr\u00e9ation d\u2019emplois &#8211; Gouvernance et Engagement panafricain &#8211; Capital humain et Justice sociale -Am\u00e9nagement et D\u00e9veloppement durable du territoire, ont tous connu des d\u00e9buts prometteurs. \u00ab Nous avons obtenu des r\u00e9sultats concrets, notamment dans la mobilisation des investissements. Le Forum Invest in S\u00e9n\u00e9gal a permis d\u2019enregistrer plus de 13 000 milliards de francs CFA d\u2019engagements. C\u2019est la preuve que la confiance est revenue \u00bb, souligne-t-il. Demba Seydi : \u00ab\u00a0Passer des principes aux pratiques\u00a0\u00bb Du c\u00f4t\u00e9 de la soci\u00e9t\u00e9 civile, le ton est plus nuanc\u00e9. Si les r\u00e9formes entreprises sont salu\u00e9es, leur port\u00e9e r\u00e9elle fait d\u00e9bat. Demba Seydi, directeur des programmes du Centre africain pour la justice, la gouvernance et la transformation (CAJUST), estime que le S\u00e9n\u00e9gal 2050 a le m\u00e9rite de fixer une vision claire, mais que le passage \u00e0 l\u2019action reste encore timide. \u00ab Nous notons des avanc\u00e9es sur les textes et les discours, mais la transformation doit s\u2019observer dans la vie quotidienne des citoyens. Le d\u00e9fi, aujourd\u2019hui, est de passer des principes aux pratiques\u00bb, mentionne M. Seydi, par ailleurs expert en gouvernance des ressources naturelles. En \u00e9cho, Babacar Ba, pr\u00e9sident du Forum du justiciable regrette le manque d\u2019impact visible de l\u2019Agenda 2050 sur l\u2019emploi et le pouvoir d\u2019achat. Alors que Aldiouma Sow constate \u00ab un recul de deux points du taux de ch\u00f4mage qui est \u00e0 20% \u00bb, M. Ba insiste : \u00abLe ch\u00f4mage reste \u00e9lev\u00e9, surtout chez les jeunes. L\u2019Agenda 2050 doit donner des r\u00e9ponses concr\u00e8tes aux attentes sociales, pas seulement \u00e9conomiques\u00bb. Sur le plan institutionnel, Aldiouma Sow de Pastef insiste sur les r\u00e9formes l\u00e9gislatives et r\u00e9glementaires entreprises pour asseoir la bonne gouvernance : loi sur l\u2019acc\u00e8s \u00e0 l\u2019information, r\u00e9forme du code g\u00e9n\u00e9ral des imp\u00f4ts, encadrement des lanceurs d\u2019alerte, obligation de d\u00e9claration de patrimoine, et r\u00e9vision du code des march\u00e9s publics. \u00ab Pour la premi\u00e8re fois, la gouvernance des ressources publiques devient un pilier central de la politique nationale. Nous voulons un \u00c9tat exemplaire et une administration plus transparente\u00bb, explique M. Sow. Cependant, il reconna\u00eet que la mobilisation des ressources financi\u00e8res reste un d\u00e9fi majeur : \u00ab Nous h\u00e9ritons d\u2019une situation budg\u00e9taire contraignante. L\u2019objectif est d\u2019\u00e9largir la base fiscale sans \u00e9touffer l\u2019\u00e9conomie, et de renforcer les financements endog\u00e8nes \u00bb. Justement, les lois sur l\u2019acc\u00e8s \u00e0 l\u2019information et la d\u00e9claration de patrimoine sont des pas importants, reconna\u00eet Babacar Ba. Mais, plaide le juriste, il faut aller au-del\u00e0 des textes et assurer leur application effective \u00bb. Il d\u00e9nonce notamment le maintien des \u00abcaisses noires\u00bb et l\u2019exclusion de certaines institutions comme la Caisse des D\u00e9p\u00f4ts et Consignations du code des march\u00e9s publics, qu\u2019il consid\u00e8re comme des freins \u00e0 la bonne gouvernance. \u00ab Tant qu\u2019il y aura des poches d\u2019opacit\u00e9, la corruption restera un risque structurel. La confiance citoyenne d\u00e9pendra de la mani\u00e8re dont l\u2019\u00c9tat g\u00e9rera ces zones grises\u00bb, indique-t-il. Pastef d\u00e9cline des avanc\u00e9es, les doutes de l\u2019opposition et de la soci\u00e9t\u00e9 civile persistent \u00c0 en croire Demba Seydi, la r\u00e9ussite du r\u00e9f\u00e9rentiel d\u00e9pendra de la coh\u00e9rence entre les politiques sectorielles. \u00abUne r\u00e9forme du code des imp\u00f4ts, par exemple, ne peut pas \u00eatre pens\u00e9e ind\u00e9pendamment du code minier ou du cadre constitutionnel. L\u2019Agenda 2050 doit \u00e9viter le cloisonnement des politiques publiques\u00bb, estime M. Seydi, ancien leader de Convergence socialiste. Il appelle aussi \u00e0 une meilleure appropriation par la soci\u00e9t\u00e9 civile et les collectivit\u00e9s locales. \u00ab Les acteurs non \u00e9tatiques doivent \u00eatre impliqu\u00e9s dans la gouvernance de la mise en \u0153uvre. Le suivi ne peut pas \u00eatre seulement administratif, il doit \u00eatre participatif\u00bb, souhaite-t-il. \u00c9conomie r\u00e9elle Sur le plan \u00e9conomique, Demba Seydi plaide \u00e9galement pour un retour \u00e0 l\u2019\u00e9conomie r\u00e9elle. \u00ab Pour atteindre la souverainet\u00e9, il faut investir davantage dans les secteurs productifs : agriculture, p\u00eache, \u00e9levage, artisanat. C\u2019est par la valorisation de nos ressources locales que le S\u00e9n\u00e9gal atteindra ses objectifs de prosp\u00e9rit\u00e9\u00bb, professe-t-il. Justement, le ministre conseiller, d\u00e9voile que les secteurs de l\u2019Agriculture et de l\u2019\u00c9nergie seront compt\u00e9s parmi ceux prioritaires pour acc\u00e9l\u00e9rer l\u2019ex\u00e9cution du \u00ab Projet \u00bb. \u00ab Nous avons choisi d&rsquo;intervenir dans les secteurs \u00e9conomiques qui occupent les S\u00e9n\u00e9galais. Et au premier titre de ces secteurs-l\u00e0, c&rsquo;est l&rsquo;agriculture. Donc, il y a eu beaucoup d&rsquo;investissements et de financements qui ont \u00e9t\u00e9 concentr\u00e9s pour l&rsquo;agriculture et dont nous avons vu les effets positifs. Mais un autre secteur \u00e9galement qui est extr\u00eamement important pour l&rsquo;\u00e9conomie\" \/>\n<meta property=\"og:url\" content=\"https:\/\/www.public.sn\/index.php\/2025\/10\/14\/agenda-senegal-2050-des-acteurs-politiques-et-de-la-societe-civile-partages-sur-le-bilan\/\" \/>\n<meta property=\"og:site_name\" content=\"LE PUBLIC\" \/>\n<meta property=\"article:published_time\" content=\"2025-10-14T14:27:59+00:00\" \/>\n<meta property=\"article:modified_time\" content=\"2025-10-14T14:28:10+00:00\" \/>\n<meta property=\"og:image\" content=\"https:\/\/www.public.sn\/wp-content\/uploads\/2025\/10\/OUSMANE-SONKO.jpeg\" \/>\n\t<meta property=\"og:image:width\" content=\"1080\" \/>\n\t<meta property=\"og:image:height\" content=\"1019\" \/>\n\t<meta property=\"og:image:type\" content=\"image\/jpeg\" \/>\n<meta name=\"author\" content=\"LA REDACTION\" \/>\n<meta name=\"twitter:card\" content=\"summary_large_image\" \/>\n<meta name=\"twitter:label1\" content=\"\u00c9crit par\" \/>\n\t<meta name=\"twitter:data1\" content=\"LA REDACTION\" \/>\n\t<meta name=\"twitter:label2\" content=\"Dur\u00e9e de lecture estim\u00e9e\" \/>\n\t<meta name=\"twitter:data2\" content=\"6 minutes\" \/>\n<script type=\"application\/ld+json\" class=\"yoast-schema-graph\">{\"@context\":\"https:\/\/schema.org\",\"@graph\":[{\"@type\":\"Article\",\"@id\":\"https:\/\/www.public.sn\/index.php\/2025\/10\/14\/agenda-senegal-2050-des-acteurs-politiques-et-de-la-societe-civile-partages-sur-le-bilan\/#article\",\"isPartOf\":{\"@id\":\"https:\/\/www.public.sn\/index.php\/2025\/10\/14\/agenda-senegal-2050-des-acteurs-politiques-et-de-la-societe-civile-partages-sur-le-bilan\/\"},\"author\":{\"name\":\"LA REDACTION\",\"@id\":\"https:\/\/www.public.sn\/#\/schema\/person\/cb76c8e1b8becc6be61fb5e92d6d0224\"},\"headline\":\"Agenda S\u00e9n\u00e9gal 2050 : Des acteurs politiques et de la soci\u00e9t\u00e9 civile partag\u00e9s sur le bilan&#8230;?\",\"datePublished\":\"2025-10-14T14:27:59+00:00\",\"dateModified\":\"2025-10-14T14:28:10+00:00\",\"mainEntityOfPage\":{\"@id\":\"https:\/\/www.public.sn\/index.php\/2025\/10\/14\/agenda-senegal-2050-des-acteurs-politiques-et-de-la-societe-civile-partages-sur-le-bilan\/\"},\"wordCount\":1272,\"commentCount\":0,\"publisher\":{\"@id\":\"https:\/\/www.public.sn\/#organization\"},\"image\":{\"@id\":\"https:\/\/www.public.sn\/index.php\/2025\/10\/14\/agenda-senegal-2050-des-acteurs-politiques-et-de-la-societe-civile-partages-sur-le-bilan\/#primaryimage\"},\"thumbnailUrl\":\"https:\/\/www.public.sn\/wp-content\/uploads\/2025\/10\/OUSMANE-SONKO.jpeg\",\"keywords\":[\"Ousmane Sonko\",\"s\u00e9negal 2050\"],\"articleSection\":[\"ACTUALIT\u00c9S\",\"ECONOMIE\",\"S\u00c9N\u00c9GAL\"],\"inLanguage\":\"fr-FR\",\"potentialAction\":[{\"@type\":\"CommentAction\",\"name\":\"Comment\",\"target\":[\"https:\/\/www.public.sn\/index.php\/2025\/10\/14\/agenda-senegal-2050-des-acteurs-politiques-et-de-la-societe-civile-partages-sur-le-bilan\/#respond\"]}]},{\"@type\":\"WebPage\",\"@id\":\"https:\/\/www.public.sn\/index.php\/2025\/10\/14\/agenda-senegal-2050-des-acteurs-politiques-et-de-la-societe-civile-partages-sur-le-bilan\/\",\"url\":\"https:\/\/www.public.sn\/index.php\/2025\/10\/14\/agenda-senegal-2050-des-acteurs-politiques-et-de-la-societe-civile-partages-sur-le-bilan\/\",\"name\":\"Agenda S\u00e9n\u00e9gal 2050 : Des acteurs politiques et de la soci\u00e9t\u00e9 civile partag\u00e9s sur le bilan...? - LE PUBLIC\",\"isPartOf\":{\"@id\":\"https:\/\/www.public.sn\/#website\"},\"primaryImageOfPage\":{\"@id\":\"https:\/\/www.public.sn\/index.php\/2025\/10\/14\/agenda-senegal-2050-des-acteurs-politiques-et-de-la-societe-civile-partages-sur-le-bilan\/#primaryimage\"},\"image\":{\"@id\":\"https:\/\/www.public.sn\/index.php\/2025\/10\/14\/agenda-senegal-2050-des-acteurs-politiques-et-de-la-societe-civile-partages-sur-le-bilan\/#primaryimage\"},\"thumbnailUrl\":\"https:\/\/www.public.sn\/wp-content\/uploads\/2025\/10\/OUSMANE-SONKO.jpeg\",\"datePublished\":\"2025-10-14T14:27:59+00:00\",\"dateModified\":\"2025-10-14T14:28:10+00:00\",\"breadcrumb\":{\"@id\":\"https:\/\/www.public.sn\/index.php\/2025\/10\/14\/agenda-senegal-2050-des-acteurs-politiques-et-de-la-societe-civile-partages-sur-le-bilan\/#breadcrumb\"},\"inLanguage\":\"fr-FR\",\"potentialAction\":[{\"@type\":\"ReadAction\",\"target\":[\"https:\/\/www.public.sn\/index.php\/2025\/10\/14\/agenda-senegal-2050-des-acteurs-politiques-et-de-la-societe-civile-partages-sur-le-bilan\/\"]}]},{\"@type\":\"ImageObject\",\"inLanguage\":\"fr-FR\",\"@id\":\"https:\/\/www.public.sn\/index.php\/2025\/10\/14\/agenda-senegal-2050-des-acteurs-politiques-et-de-la-societe-civile-partages-sur-le-bilan\/#primaryimage\",\"url\":\"https:\/\/www.public.sn\/wp-content\/uploads\/2025\/10\/OUSMANE-SONKO.jpeg\",\"contentUrl\":\"https:\/\/www.public.sn\/wp-content\/uploads\/2025\/10\/OUSMANE-SONKO.jpeg\",\"width\":1080,\"height\":1019},{\"@type\":\"BreadcrumbList\",\"@id\":\"https:\/\/www.public.sn\/index.php\/2025\/10\/14\/agenda-senegal-2050-des-acteurs-politiques-et-de-la-societe-civile-partages-sur-le-bilan\/#breadcrumb\",\"itemListElement\":[{\"@type\":\"ListItem\",\"position\":1,\"name\":\"Accueil\",\"item\":\"https:\/\/www.public.sn\/\"},{\"@type\":\"ListItem\",\"position\":2,\"name\":\"Agenda S\u00e9n\u00e9gal 2050 : Des acteurs politiques et de la soci\u00e9t\u00e9 civile partag\u00e9s sur le bilan&#8230;?\"}]},{\"@type\":\"WebSite\",\"@id\":\"https:\/\/www.public.sn\/#website\",\"url\":\"https:\/\/www.public.sn\/\",\"name\":\"LE PUBLIC\",\"description\":\"\",\"publisher\":{\"@id\":\"https:\/\/www.public.sn\/#organization\"},\"potentialAction\":[{\"@type\":\"SearchAction\",\"target\":{\"@type\":\"EntryPoint\",\"urlTemplate\":\"https:\/\/www.public.sn\/?s={search_term_string}\"},\"query-input\":{\"@type\":\"PropertyValueSpecification\",\"valueRequired\":true,\"valueName\":\"search_term_string\"}}],\"inLanguage\":\"fr-FR\"},{\"@type\":\"Organization\",\"@id\":\"https:\/\/www.public.sn\/#organization\",\"name\":\"LE PUBLIC\",\"url\":\"https:\/\/www.public.sn\/\",\"logo\":{\"@type\":\"ImageObject\",\"inLanguage\":\"fr-FR\",\"@id\":\"https:\/\/www.public.sn\/#\/schema\/logo\/image\/\",\"url\":\"https:\/\/www.public.sn\/wp-content\/uploads\/2024\/05\/cropped-LOGO-PUBLIC.SN_.png\",\"contentUrl\":\"https:\/\/www.public.sn\/wp-content\/uploads\/2024\/05\/cropped-LOGO-PUBLIC.SN_.png\",\"width\":682,\"height\":192,\"caption\":\"LE PUBLIC\"},\"image\":{\"@id\":\"https:\/\/www.public.sn\/#\/schema\/logo\/image\/\"}},{\"@type\":\"Person\",\"@id\":\"https:\/\/www.public.sn\/#\/schema\/person\/cb76c8e1b8becc6be61fb5e92d6d0224\",\"name\":\"LA REDACTION\",\"image\":{\"@type\":\"ImageObject\",\"inLanguage\":\"fr-FR\",\"@id\":\"https:\/\/www.public.sn\/#\/schema\/person\/image\/\",\"url\":\"https:\/\/secure.gravatar.com\/avatar\/2dce5ddd34b8fef0180efe03aa2a9bee7d953856048f9a16b298190a3178407c?s=96&d=mm&r=g\",\"contentUrl\":\"https:\/\/secure.gravatar.com\/avatar\/2dce5ddd34b8fef0180efe03aa2a9bee7d953856048f9a16b298190a3178407c?s=96&d=mm&r=g\",\"caption\":\"LA REDACTION\"},\"url\":\"https:\/\/www.public.sn\/index.php\/author\/editeurpsn\/\"}]}<\/script>\n<!-- \/ Yoast SEO plugin. -->","yoast_head_json":{"title":"Agenda S\u00e9n\u00e9gal 2050 : Des acteurs politiques et de la soci\u00e9t\u00e9 civile partag\u00e9s sur le bilan...? - LE PUBLIC","robots":{"index":"index","follow":"follow","max-snippet":"max-snippet:-1","max-image-preview":"max-image-preview:large","max-video-preview":"max-video-preview:-1"},"canonical":"https:\/\/www.public.sn\/index.php\/2025\/10\/14\/agenda-senegal-2050-des-acteurs-politiques-et-de-la-societe-civile-partages-sur-le-bilan\/","og_locale":"fr_FR","og_type":"article","og_title":"Agenda S\u00e9n\u00e9gal 2050 : Des acteurs politiques et de la soci\u00e9t\u00e9 civile partag\u00e9s sur le bilan...? - LE PUBLIC","og_description":"Con\u00e7u comme une boussole de long terme, l&rsquo;agenda S\u00e9n\u00e9gal 2050 trace la trajectoire du pays sur un quart de si\u00e8cle, autour d\u2019un triptyque : prosp\u00e9rit\u00e9, souverainet\u00e9 et justice. Pour Aldiouma Sow, ministre conseiller, l\u2019\u00e9valuation de cette premi\u00e8re ann\u00e9e est \u00ab globalement positive \u00bb. \u00ab Nous sommes encore dans la phase de mise en \u0153uvre, mais les bases sont solides. Les r\u00e9formes structurantes sont en cours, et les premiers r\u00e9sultats commencent \u00e0 se faire sentir\u00bb, souligne le coordonnateur du p\u00f4le politique, de la soci\u00e9t\u00e9 civile et des syndicats dans le cabinet du chef de l\u2019\u00c9tat. En revanche, l\u2019opposition se montre beaucoup plus critique. Abdoulaye Wilane, porte-parole du Parti socialiste, juge l\u2019\u00e9valuation gouvernementale \u00abd\u00e9connect\u00e9e des r\u00e9alit\u00e9s du terrain\u00bb. Pour l\u2019ancien parti unique qui a domin\u00e9 la vie politique s\u00e9n\u00e9galaise de 1960 \u00e0 2000, l\u2019Agenda 2050 est un cadre s\u00e9duisant sur le papier. M. Wilane pr\u00e9cise cependant que \u00ables moyens manquent, la gouvernance reste centralis\u00e9e, et les priorit\u00e9s \u00e9conomiques ne sont pas claires \u00bb. Le pr\u00e9sident du Conseil d\u00e9partemental de Kaffrine estime que le pays souffre d\u2019un manque de cap \u00e9conomique et d\u2019une d\u00e9pendance excessive \u00e0 l\u2019endettement ext\u00e9rieur. \u00ab Les bailleurs observent une certaine prudence, le secteur priv\u00e9 local est fragilis\u00e9, et la croissance reste in\u00e9galitaire. Nous n\u2019avons pas encore vu la rupture promise\u00bb, d\u00e9plore l\u2019ancien d\u00e9put\u00e9-maire socialiste de Kaffrine. S\u2019il admet des efforts de transparence, il met en garde contre une instrumentalisation politique de la lutte contre la corruption. \u00abIl faut \u00e9viter que cette bataille se transforme en traque s\u00e9lective. L\u2019\u00c9tat de droit ne peut se construire dans la peur ou la suspicion\u00bb, invite M. Wilane. Aldiouma Sow : \u00ab\u00a0R\u00e9sultats concrets\u00a0\u00bb A contrario, Aldiouma Sow, coordonnateur communal du Pastef \u00e0 Somone fait remarquer que les quatre axes strat\u00e9giques de l\u2019Agenda 2050 \u00e0 savoir \u00c9conomie comp\u00e9titive et Cr\u00e9ation d\u2019emplois &#8211; Gouvernance et Engagement panafricain &#8211; Capital humain et Justice sociale -Am\u00e9nagement et D\u00e9veloppement durable du territoire, ont tous connu des d\u00e9buts prometteurs. \u00ab Nous avons obtenu des r\u00e9sultats concrets, notamment dans la mobilisation des investissements. Le Forum Invest in S\u00e9n\u00e9gal a permis d\u2019enregistrer plus de 13 000 milliards de francs CFA d\u2019engagements. C\u2019est la preuve que la confiance est revenue \u00bb, souligne-t-il. Demba Seydi : \u00ab\u00a0Passer des principes aux pratiques\u00a0\u00bb Du c\u00f4t\u00e9 de la soci\u00e9t\u00e9 civile, le ton est plus nuanc\u00e9. Si les r\u00e9formes entreprises sont salu\u00e9es, leur port\u00e9e r\u00e9elle fait d\u00e9bat. Demba Seydi, directeur des programmes du Centre africain pour la justice, la gouvernance et la transformation (CAJUST), estime que le S\u00e9n\u00e9gal 2050 a le m\u00e9rite de fixer une vision claire, mais que le passage \u00e0 l\u2019action reste encore timide. \u00ab Nous notons des avanc\u00e9es sur les textes et les discours, mais la transformation doit s\u2019observer dans la vie quotidienne des citoyens. Le d\u00e9fi, aujourd\u2019hui, est de passer des principes aux pratiques\u00bb, mentionne M. Seydi, par ailleurs expert en gouvernance des ressources naturelles. En \u00e9cho, Babacar Ba, pr\u00e9sident du Forum du justiciable regrette le manque d\u2019impact visible de l\u2019Agenda 2050 sur l\u2019emploi et le pouvoir d\u2019achat. Alors que Aldiouma Sow constate \u00ab un recul de deux points du taux de ch\u00f4mage qui est \u00e0 20% \u00bb, M. Ba insiste : \u00abLe ch\u00f4mage reste \u00e9lev\u00e9, surtout chez les jeunes. L\u2019Agenda 2050 doit donner des r\u00e9ponses concr\u00e8tes aux attentes sociales, pas seulement \u00e9conomiques\u00bb. Sur le plan institutionnel, Aldiouma Sow de Pastef insiste sur les r\u00e9formes l\u00e9gislatives et r\u00e9glementaires entreprises pour asseoir la bonne gouvernance : loi sur l\u2019acc\u00e8s \u00e0 l\u2019information, r\u00e9forme du code g\u00e9n\u00e9ral des imp\u00f4ts, encadrement des lanceurs d\u2019alerte, obligation de d\u00e9claration de patrimoine, et r\u00e9vision du code des march\u00e9s publics. \u00ab Pour la premi\u00e8re fois, la gouvernance des ressources publiques devient un pilier central de la politique nationale. Nous voulons un \u00c9tat exemplaire et une administration plus transparente\u00bb, explique M. Sow. Cependant, il reconna\u00eet que la mobilisation des ressources financi\u00e8res reste un d\u00e9fi majeur : \u00ab Nous h\u00e9ritons d\u2019une situation budg\u00e9taire contraignante. L\u2019objectif est d\u2019\u00e9largir la base fiscale sans \u00e9touffer l\u2019\u00e9conomie, et de renforcer les financements endog\u00e8nes \u00bb. Justement, les lois sur l\u2019acc\u00e8s \u00e0 l\u2019information et la d\u00e9claration de patrimoine sont des pas importants, reconna\u00eet Babacar Ba. Mais, plaide le juriste, il faut aller au-del\u00e0 des textes et assurer leur application effective \u00bb. Il d\u00e9nonce notamment le maintien des \u00abcaisses noires\u00bb et l\u2019exclusion de certaines institutions comme la Caisse des D\u00e9p\u00f4ts et Consignations du code des march\u00e9s publics, qu\u2019il consid\u00e8re comme des freins \u00e0 la bonne gouvernance. \u00ab Tant qu\u2019il y aura des poches d\u2019opacit\u00e9, la corruption restera un risque structurel. La confiance citoyenne d\u00e9pendra de la mani\u00e8re dont l\u2019\u00c9tat g\u00e9rera ces zones grises\u00bb, indique-t-il. Pastef d\u00e9cline des avanc\u00e9es, les doutes de l\u2019opposition et de la soci\u00e9t\u00e9 civile persistent \u00c0 en croire Demba Seydi, la r\u00e9ussite du r\u00e9f\u00e9rentiel d\u00e9pendra de la coh\u00e9rence entre les politiques sectorielles. \u00abUne r\u00e9forme du code des imp\u00f4ts, par exemple, ne peut pas \u00eatre pens\u00e9e ind\u00e9pendamment du code minier ou du cadre constitutionnel. L\u2019Agenda 2050 doit \u00e9viter le cloisonnement des politiques publiques\u00bb, estime M. Seydi, ancien leader de Convergence socialiste. Il appelle aussi \u00e0 une meilleure appropriation par la soci\u00e9t\u00e9 civile et les collectivit\u00e9s locales. \u00ab Les acteurs non \u00e9tatiques doivent \u00eatre impliqu\u00e9s dans la gouvernance de la mise en \u0153uvre. Le suivi ne peut pas \u00eatre seulement administratif, il doit \u00eatre participatif\u00bb, souhaite-t-il. \u00c9conomie r\u00e9elle Sur le plan \u00e9conomique, Demba Seydi plaide \u00e9galement pour un retour \u00e0 l\u2019\u00e9conomie r\u00e9elle. \u00ab Pour atteindre la souverainet\u00e9, il faut investir davantage dans les secteurs productifs : agriculture, p\u00eache, \u00e9levage, artisanat. C\u2019est par la valorisation de nos ressources locales que le S\u00e9n\u00e9gal atteindra ses objectifs de prosp\u00e9rit\u00e9\u00bb, professe-t-il. Justement, le ministre conseiller, d\u00e9voile que les secteurs de l\u2019Agriculture et de l\u2019\u00c9nergie seront compt\u00e9s parmi ceux prioritaires pour acc\u00e9l\u00e9rer l\u2019ex\u00e9cution du \u00ab Projet \u00bb. \u00ab Nous avons choisi d&rsquo;intervenir dans les secteurs \u00e9conomiques qui occupent les S\u00e9n\u00e9galais. Et au premier titre de ces secteurs-l\u00e0, c&rsquo;est l&rsquo;agriculture. Donc, il y a eu beaucoup d&rsquo;investissements et de financements qui ont \u00e9t\u00e9 concentr\u00e9s pour l&rsquo;agriculture et dont nous avons vu les effets positifs. Mais un autre secteur \u00e9galement qui est extr\u00eamement important pour l&rsquo;\u00e9conomie","og_url":"https:\/\/www.public.sn\/index.php\/2025\/10\/14\/agenda-senegal-2050-des-acteurs-politiques-et-de-la-societe-civile-partages-sur-le-bilan\/","og_site_name":"LE PUBLIC","article_published_time":"2025-10-14T14:27:59+00:00","article_modified_time":"2025-10-14T14:28:10+00:00","og_image":[{"width":1080,"height":1019,"url":"https:\/\/www.public.sn\/wp-content\/uploads\/2025\/10\/OUSMANE-SONKO.jpeg","type":"image\/jpeg"}],"author":"LA REDACTION","twitter_card":"summary_large_image","twitter_misc":{"\u00c9crit par":"LA REDACTION","Dur\u00e9e de lecture estim\u00e9e":"6 minutes"},"schema":{"@context":"https:\/\/schema.org","@graph":[{"@type":"Article","@id":"https:\/\/www.public.sn\/index.php\/2025\/10\/14\/agenda-senegal-2050-des-acteurs-politiques-et-de-la-societe-civile-partages-sur-le-bilan\/#article","isPartOf":{"@id":"https:\/\/www.public.sn\/index.php\/2025\/10\/14\/agenda-senegal-2050-des-acteurs-politiques-et-de-la-societe-civile-partages-sur-le-bilan\/"},"author":{"name":"LA REDACTION","@id":"https:\/\/www.public.sn\/#\/schema\/person\/cb76c8e1b8becc6be61fb5e92d6d0224"},"headline":"Agenda S\u00e9n\u00e9gal 2050 : Des acteurs politiques et de la soci\u00e9t\u00e9 civile partag\u00e9s sur le bilan&#8230;?","datePublished":"2025-10-14T14:27:59+00:00","dateModified":"2025-10-14T14:28:10+00:00","mainEntityOfPage":{"@id":"https:\/\/www.public.sn\/index.php\/2025\/10\/14\/agenda-senegal-2050-des-acteurs-politiques-et-de-la-societe-civile-partages-sur-le-bilan\/"},"wordCount":1272,"commentCount":0,"publisher":{"@id":"https:\/\/www.public.sn\/#organization"},"image":{"@id":"https:\/\/www.public.sn\/index.php\/2025\/10\/14\/agenda-senegal-2050-des-acteurs-politiques-et-de-la-societe-civile-partages-sur-le-bilan\/#primaryimage"},"thumbnailUrl":"https:\/\/www.public.sn\/wp-content\/uploads\/2025\/10\/OUSMANE-SONKO.jpeg","keywords":["Ousmane Sonko","s\u00e9negal 2050"],"articleSection":["ACTUALIT\u00c9S","ECONOMIE","S\u00c9N\u00c9GAL"],"inLanguage":"fr-FR","potentialAction":[{"@type":"CommentAction","name":"Comment","target":["https:\/\/www.public.sn\/index.php\/2025\/10\/14\/agenda-senegal-2050-des-acteurs-politiques-et-de-la-societe-civile-partages-sur-le-bilan\/#respond"]}]},{"@type":"WebPage","@id":"https:\/\/www.public.sn\/index.php\/2025\/10\/14\/agenda-senegal-2050-des-acteurs-politiques-et-de-la-societe-civile-partages-sur-le-bilan\/","url":"https:\/\/www.public.sn\/index.php\/2025\/10\/14\/agenda-senegal-2050-des-acteurs-politiques-et-de-la-societe-civile-partages-sur-le-bilan\/","name":"Agenda S\u00e9n\u00e9gal 2050 : Des acteurs politiques et de la soci\u00e9t\u00e9 civile partag\u00e9s sur le bilan...? - LE PUBLIC","isPartOf":{"@id":"https:\/\/www.public.sn\/#website"},"primaryImageOfPage":{"@id":"https:\/\/www.public.sn\/index.php\/2025\/10\/14\/agenda-senegal-2050-des-acteurs-politiques-et-de-la-societe-civile-partages-sur-le-bilan\/#primaryimage"},"image":{"@id":"https:\/\/www.public.sn\/index.php\/2025\/10\/14\/agenda-senegal-2050-des-acteurs-politiques-et-de-la-societe-civile-partages-sur-le-bilan\/#primaryimage"},"thumbnailUrl":"https:\/\/www.public.sn\/wp-content\/uploads\/2025\/10\/OUSMANE-SONKO.jpeg","datePublished":"2025-10-14T14:27:59+00:00","dateModified":"2025-10-14T14:28:10+00:00","breadcrumb":{"@id":"https:\/\/www.public.sn\/index.php\/2025\/10\/14\/agenda-senegal-2050-des-acteurs-politiques-et-de-la-societe-civile-partages-sur-le-bilan\/#breadcrumb"},"inLanguage":"fr-FR","potentialAction":[{"@type":"ReadAction","target":["https:\/\/www.public.sn\/index.php\/2025\/10\/14\/agenda-senegal-2050-des-acteurs-politiques-et-de-la-societe-civile-partages-sur-le-bilan\/"]}]},{"@type":"ImageObject","inLanguage":"fr-FR","@id":"https:\/\/www.public.sn\/index.php\/2025\/10\/14\/agenda-senegal-2050-des-acteurs-politiques-et-de-la-societe-civile-partages-sur-le-bilan\/#primaryimage","url":"https:\/\/www.public.sn\/wp-content\/uploads\/2025\/10\/OUSMANE-SONKO.jpeg","contentUrl":"https:\/\/www.public.sn\/wp-content\/uploads\/2025\/10\/OUSMANE-SONKO.jpeg","width":1080,"height":1019},{"@type":"BreadcrumbList","@id":"https:\/\/www.public.sn\/index.php\/2025\/10\/14\/agenda-senegal-2050-des-acteurs-politiques-et-de-la-societe-civile-partages-sur-le-bilan\/#breadcrumb","itemListElement":[{"@type":"ListItem","position":1,"name":"Accueil","item":"https:\/\/www.public.sn\/"},{"@type":"ListItem","position":2,"name":"Agenda S\u00e9n\u00e9gal 2050 : Des acteurs politiques et de la soci\u00e9t\u00e9 civile partag\u00e9s sur le bilan&#8230;?"}]},{"@type":"WebSite","@id":"https:\/\/www.public.sn\/#website","url":"https:\/\/www.public.sn\/","name":"LE PUBLIC","description":"","publisher":{"@id":"https:\/\/www.public.sn\/#organization"},"potentialAction":[{"@type":"SearchAction","target":{"@type":"EntryPoint","urlTemplate":"https:\/\/www.public.sn\/?s={search_term_string}"},"query-input":{"@type":"PropertyValueSpecification","valueRequired":true,"valueName":"search_term_string"}}],"inLanguage":"fr-FR"},{"@type":"Organization","@id":"https:\/\/www.public.sn\/#organization","name":"LE PUBLIC","url":"https:\/\/www.public.sn\/","logo":{"@type":"ImageObject","inLanguage":"fr-FR","@id":"https:\/\/www.public.sn\/#\/schema\/logo\/image\/","url":"https:\/\/www.public.sn\/wp-content\/uploads\/2024\/05\/cropped-LOGO-PUBLIC.SN_.png","contentUrl":"https:\/\/www.public.sn\/wp-content\/uploads\/2024\/05\/cropped-LOGO-PUBLIC.SN_.png","width":682,"height":192,"caption":"LE PUBLIC"},"image":{"@id":"https:\/\/www.public.sn\/#\/schema\/logo\/image\/"}},{"@type":"Person","@id":"https:\/\/www.public.sn\/#\/schema\/person\/cb76c8e1b8becc6be61fb5e92d6d0224","name":"LA REDACTION","image":{"@type":"ImageObject","inLanguage":"fr-FR","@id":"https:\/\/www.public.sn\/#\/schema\/person\/image\/","url":"https:\/\/secure.gravatar.com\/avatar\/2dce5ddd34b8fef0180efe03aa2a9bee7d953856048f9a16b298190a3178407c?s=96&d=mm&r=g","contentUrl":"https:\/\/secure.gravatar.com\/avatar\/2dce5ddd34b8fef0180efe03aa2a9bee7d953856048f9a16b298190a3178407c?s=96&d=mm&r=g","caption":"LA REDACTION"},"url":"https:\/\/www.public.sn\/index.php\/author\/editeurpsn\/"}]}},"jetpack_featured_media_url":"https:\/\/www.public.sn\/wp-content\/uploads\/2025\/10\/OUSMANE-SONKO.jpeg","jetpack_sharing_enabled":true,"_links":{"self":[{"href":"https:\/\/www.public.sn\/index.php\/wp-json\/wp\/v2\/posts\/37734","targetHints":{"allow":["GET"]}}],"collection":[{"href":"https:\/\/www.public.sn\/index.php\/wp-json\/wp\/v2\/posts"}],"about":[{"href":"https:\/\/www.public.sn\/index.php\/wp-json\/wp\/v2\/types\/post"}],"author":[{"embeddable":true,"href":"https:\/\/www.public.sn\/index.php\/wp-json\/wp\/v2\/users\/7"}],"replies":[{"embeddable":true,"href":"https:\/\/www.public.sn\/index.php\/wp-json\/wp\/v2\/comments?post=37734"}],"version-history":[{"count":1,"href":"https:\/\/www.public.sn\/index.php\/wp-json\/wp\/v2\/posts\/37734\/revisions"}],"predecessor-version":[{"id":37736,"href":"https:\/\/www.public.sn\/index.php\/wp-json\/wp\/v2\/posts\/37734\/revisions\/37736"}],"wp:featuredmedia":[{"embeddable":true,"href":"https:\/\/www.public.sn\/index.php\/wp-json\/wp\/v2\/media\/37735"}],"wp:attachment":[{"href":"https:\/\/www.public.sn\/index.php\/wp-json\/wp\/v2\/media?parent=37734"}],"wp:term":[{"taxonomy":"category","embeddable":true,"href":"https:\/\/www.public.sn\/index.php\/wp-json\/wp\/v2\/categories?post=37734"},{"taxonomy":"post_tag","embeddable":true,"href":"https:\/\/www.public.sn\/index.php\/wp-json\/wp\/v2\/tags?post=37734"}],"curies":[{"name":"wp","href":"https:\/\/api.w.org\/{rel}","templated":true}]}}