{"id":37751,"date":"2025-10-15T14:54:08","date_gmt":"2025-10-15T14:54:08","guid":{"rendered":"https:\/\/www.public.sn\/?p=37751"},"modified":"2025-10-15T14:59:02","modified_gmt":"2025-10-15T14:59:02","slug":"assemblee-nationale-voici-le-bilan-apres-un-an-de-cette-15e-legislature","status":"publish","type":"post","link":"https:\/\/www.public.sn\/index.php\/2025\/10\/15\/assemblee-nationale-voici-le-bilan-apres-un-an-de-cette-15e-legislature\/","title":{"rendered":"Assembl\u00e9e nationale : Voici le bilan apr\u00e8s un an de la 15e l\u00e9gislature"},"content":{"rendered":"\n<p>L\u2019Assembl\u00e9e nationale a tenu, ce mercredi 15 octobre 2025, sa s\u00e9ance pl\u00e9ni\u00e8re d\u2019ouverture de la session ordinaire 2025-2026. La rencontre s\u2019est d\u00e9roul\u00e9e en pr\u00e9sence de 134 d\u00e9put\u00e9s.<\/p><div class=\"publi-paragraphe1\" style=\"margin-top: 10px;margin-bottom: 10px;margin-left: auto;margin-right: auto;text-align: center;\" id=\"publi-1883537488\"><div class=\"publi-adlabel\">Publicit\u00e9<\/div><script async src=\"\/\/pagead2.googlesyndication.com\/pagead\/js\/adsbygoogle.js?client=ca-pub-4089586018074219\" crossorigin=\"anonymous\"><\/script><ins class=\"adsbygoogle\" style=\"display:block;\" data-ad-client=\"ca-pub-4089586018074219\" \ndata-ad-slot=\"2087940154\" \ndata-ad-format=\"auto\"><\/ins>\n<script> \n(adsbygoogle = window.adsbygoogle || []).push({}); \n<\/script>\n<\/div>\n\n\n\n<p>d&rsquo;apr\u00e8s seneweb, apr\u00e8s l\u2019\u00e9lection et l\u2019installation du nouveau bureau, le pr\u00e9sident El Malick Ndiaye a invit\u00e9 les pr\u00e9sidents des groupes parlementaires \u00e0 soumettre avant la prochaine s\u00e9ance la liste des membres propos\u00e9s pour les diff\u00e9rentes commissions permanentes, en vue de leur ratification.<\/p>\n\n\n\n<p>Conform\u00e9ment \u00e0 l\u2019article 36 alin\u00e9a 2 du r\u00e8glement int\u00e9rieur, chaque commission compte 35 membres, \u00e0 l\u2019exception de celle des Finances et du Contr\u00f4le budg\u00e9taire, qui int\u00e8gre d\u2019office les pr\u00e9sidents des autres commissions.<\/p>\n\n\n\n<p>La reprise des travaux est pr\u00e9vue le vendredi 17 octobre \u00e0 19 h pour la ratification de ces listes. Les d\u00e9put\u00e9s seront ensuite appel\u00e9s \u00e0 examiner plusieurs projets de loi, dont la loi des finances initiale de l\u2019ann\u00e9e 2026, d\u00e9j\u00e0 adopt\u00e9 en Conseil des ministres.<\/p>\n\n\n\n<p>Dans son allocution, El Malick Ndiaye a dress\u00e9 le bilan d\u2019un an d\u2019activit\u00e9s de la 15e l\u00e9gislature, install\u00e9e le 2 d\u00e9cembre 2024, nous informe seneweb.<\/p>\n\n\n\n<p>Selon lui, nous dit la m\u00eame source, l\u2019institution qu\u2019il a trouv\u00e9e souffrait de dysfonctionnements affectant sa cr\u00e9dibilit\u00e9 et son efficacit\u00e9. \u00ab Face \u00e0 cette r\u00e9alit\u00e9, nous avons engag\u00e9 des r\u00e9formes institutionnelles autour de trois priorit\u00e9s : disposer de textes clairs, renforcer le contr\u00f4le parlementaire et am\u00e9liorer l\u2019efficacit\u00e9 du travail l\u00e9gislatif \u00bb, a-t-il d\u00e9clar\u00e9.<\/p>\n\n\n\n<p>Le pr\u00e9sident de l\u2019Assembl\u00e9e a aussi mis en avant la modernisation et la digitalisation de l\u2019institution, ainsi qu\u2019un programme de formation destin\u00e9 aux d\u00e9put\u00e9s et au personnel administratif.<\/p>\n\n\n\n<p>En un an, la 15e l\u00e9gislature a adopt\u00e9 21 lois, enregistr\u00e9 plus de 400 questions \u00e9crites adress\u00e9es au gouvernement, deux questions d\u2019actualit\u00e9 d\u00e9battues et multipli\u00e9 les missions de terrain. Le taux moyen de pr\u00e9sence est estim\u00e9 \u00e0 85 % en commissions et 74 % en s\u00e9ance pl\u00e9ni\u00e8re. Deux sessions extraordinaires ont \u00e9galement \u00e9t\u00e9 convoqu\u00e9es \u00e0 la demande du pr\u00e9sident de la R\u00e9publique.<\/p>\n\n\n\n<p>Sur le plan diplomatique, El Malick Ndiaye s\u2019est f\u00e9licit\u00e9 du regain d\u2019activit\u00e9 de la diplomatie parlementaire, marqu\u00e9e par la visite de plusieurs d\u00e9l\u00e9gations \u00e9trang\u00e8res venues du Canada, du Maroc et du Royaume-Uni, entre autres.<\/p>\n\n\n\n<p>En ce mois d\u2019Octobre rose , le pr\u00e9sident de l\u2019Assembl\u00e9e nationale a r\u00e9affirm\u00e9 l\u2019engagement du Parlement dans la lutte contre le cancer du sein, invitant \u00e0 renforcer la sensibilisation et \u00e0 soutenir les patientes.<\/p>\n\n\n\n<p><\/p>\n<div class=\"publi-apres-le-contenu\" style=\"margin-top: 10px;margin-bottom: 10px;margin-left: auto;margin-right: auto;text-align: center;\" id=\"publi-565566611\"><div class=\"publi-adlabel\">Publicit\u00e9<\/div><script async src=\"\/\/pagead2.googlesyndication.com\/pagead\/js\/adsbygoogle.js?client=ca-pub-4089586018074219\" crossorigin=\"anonymous\"><\/script><ins class=\"adsbygoogle\" style=\"display:block;\" data-ad-client=\"ca-pub-4089586018074219\" \ndata-ad-slot=\"2087940154\" \ndata-ad-format=\"auto\"><\/ins>\n<script> \n(adsbygoogle = window.adsbygoogle || []).push({}); \n<\/script>\n<\/div>","protected":false},"excerpt":{"rendered":"<p>L\u2019Assembl\u00e9e nationale a tenu, ce mercredi 15 octobre 2025, sa s\u00e9ance pl\u00e9ni\u00e8re d\u2019ouverture de la session ordinaire 2025-2026. La rencontre s\u2019est d\u00e9roul\u00e9e en pr\u00e9sence de 134 d\u00e9put\u00e9s. d&rsquo;apr\u00e8s seneweb, apr\u00e8s l\u2019\u00e9lection et l\u2019installation du nouveau bureau, le pr\u00e9sident El Malick Ndiaye a invit\u00e9 les pr\u00e9sidents des groupes parlementaires \u00e0 soumettre avant la prochaine s\u00e9ance la liste des membres propos\u00e9s pour les diff\u00e9rentes commissions permanentes, en vue de leur ratification. Conform\u00e9ment \u00e0 l\u2019article 36 alin\u00e9a 2 du r\u00e8glement int\u00e9rieur, chaque commission compte 35 membres, \u00e0 l\u2019exception de celle des Finances et du Contr\u00f4le budg\u00e9taire, qui int\u00e8gre d\u2019office les pr\u00e9sidents des autres commissions. La reprise des travaux est pr\u00e9vue le vendredi 17 octobre \u00e0 19 h pour la ratification de ces listes. Les d\u00e9put\u00e9s seront ensuite appel\u00e9s \u00e0 examiner plusieurs projets de loi, dont la loi des finances initiale de l\u2019ann\u00e9e 2026, d\u00e9j\u00e0 adopt\u00e9 en Conseil des ministres. Dans son allocution, El Malick Ndiaye a dress\u00e9 le bilan d\u2019un an d\u2019activit\u00e9s de la 15e l\u00e9gislature, install\u00e9e le 2 d\u00e9cembre 2024, nous informe seneweb. Selon lui, nous dit la m\u00eame source, l\u2019institution qu\u2019il a trouv\u00e9e souffrait de dysfonctionnements affectant sa cr\u00e9dibilit\u00e9 et son efficacit\u00e9. \u00ab Face \u00e0 cette r\u00e9alit\u00e9, nous avons engag\u00e9 des r\u00e9formes institutionnelles autour de trois priorit\u00e9s : disposer de textes clairs, renforcer le contr\u00f4le parlementaire et am\u00e9liorer l\u2019efficacit\u00e9 du travail l\u00e9gislatif \u00bb, a-t-il d\u00e9clar\u00e9. Le pr\u00e9sident de l\u2019Assembl\u00e9e a aussi mis en avant la modernisation et la digitalisation de l\u2019institution, ainsi qu\u2019un programme de formation destin\u00e9 aux d\u00e9put\u00e9s et au personnel administratif. En un an, la 15e l\u00e9gislature a adopt\u00e9 21 lois, enregistr\u00e9 plus de 400 questions \u00e9crites adress\u00e9es au gouvernement, deux questions d\u2019actualit\u00e9 d\u00e9battues et multipli\u00e9 les missions de terrain. Le taux moyen de pr\u00e9sence est estim\u00e9 \u00e0 85 % en commissions et 74 % en s\u00e9ance pl\u00e9ni\u00e8re. Deux sessions extraordinaires ont \u00e9galement \u00e9t\u00e9 convoqu\u00e9es \u00e0 la demande du pr\u00e9sident de la R\u00e9publique. Sur le plan diplomatique, El Malick Ndiaye s\u2019est f\u00e9licit\u00e9 du regain d\u2019activit\u00e9 de la diplomatie parlementaire, marqu\u00e9e par la visite de plusieurs d\u00e9l\u00e9gations \u00e9trang\u00e8res venues du Canada, du Maroc et du Royaume-Uni, entre autres. En ce mois d\u2019Octobre rose , le pr\u00e9sident de l\u2019Assembl\u00e9e nationale a r\u00e9affirm\u00e9 l\u2019engagement du Parlement dans la lutte contre le cancer du sein, invitant \u00e0 renforcer la sensibilisation et \u00e0 soutenir les patientes.<\/p>\n","protected":false},"author":7,"featured_media":37752,"comment_status":"open","ping_status":"open","sticky":false,"template":"","format":"standard","meta":{"_jetpack_memberships_contains_paid_content":false,"footnotes":""},"categories":[375,3,1],"tags":[7611,7610,1404],"class_list":["post-37751","post","type-post","status-publish","format-standard","has-post-thumbnail","hentry","category-actualites","category-politique","category-non-classe","tag-el-malick","tag-ndiaye","tag-senegal-2","entry","has-media","owp-thumbs-layout-horizontal","owp-btn-normal","owp-tabs-layout-horizontal","has-no-thumbnails","has-product-nav"],"yoast_head":"<!-- This site is optimized with the Yoast SEO plugin v25.5 - https:\/\/yoast.com\/wordpress\/plugins\/seo\/ -->\n<title>Assembl\u00e9e nationale : Voici le bilan apr\u00e8s un an de la 15e l\u00e9gislature - LE PUBLIC<\/title>\n<meta name=\"robots\" content=\"index, follow, max-snippet:-1, max-image-preview:large, max-video-preview:-1\" \/>\n<link rel=\"canonical\" href=\"https:\/\/www.public.sn\/index.php\/2025\/10\/15\/assemblee-nationale-voici-le-bilan-apres-un-an-de-cette-15e-legislature\/\" \/>\n<meta property=\"og:locale\" content=\"fr_FR\" \/>\n<meta property=\"og:type\" content=\"article\" \/>\n<meta property=\"og:title\" content=\"Assembl\u00e9e nationale : Voici le bilan apr\u00e8s un an de la 15e l\u00e9gislature - LE PUBLIC\" \/>\n<meta property=\"og:description\" content=\"L\u2019Assembl\u00e9e nationale a tenu, ce mercredi 15 octobre 2025, sa s\u00e9ance pl\u00e9ni\u00e8re d\u2019ouverture de la session ordinaire 2025-2026. La rencontre s\u2019est d\u00e9roul\u00e9e en pr\u00e9sence de 134 d\u00e9put\u00e9s. d&rsquo;apr\u00e8s seneweb, apr\u00e8s l\u2019\u00e9lection et l\u2019installation du nouveau bureau, le pr\u00e9sident El Malick Ndiaye a invit\u00e9 les pr\u00e9sidents des groupes parlementaires \u00e0 soumettre avant la prochaine s\u00e9ance la liste des membres propos\u00e9s pour les diff\u00e9rentes commissions permanentes, en vue de leur ratification. Conform\u00e9ment \u00e0 l\u2019article 36 alin\u00e9a 2 du r\u00e8glement int\u00e9rieur, chaque commission compte 35 membres, \u00e0 l\u2019exception de celle des Finances et du Contr\u00f4le budg\u00e9taire, qui int\u00e8gre d\u2019office les pr\u00e9sidents des autres commissions. La reprise des travaux est pr\u00e9vue le vendredi 17 octobre \u00e0 19 h pour la ratification de ces listes. Les d\u00e9put\u00e9s seront ensuite appel\u00e9s \u00e0 examiner plusieurs projets de loi, dont la loi des finances initiale de l\u2019ann\u00e9e 2026, d\u00e9j\u00e0 adopt\u00e9 en Conseil des ministres. Dans son allocution, El Malick Ndiaye a dress\u00e9 le bilan d\u2019un an d\u2019activit\u00e9s de la 15e l\u00e9gislature, install\u00e9e le 2 d\u00e9cembre 2024, nous informe seneweb. Selon lui, nous dit la m\u00eame source, l\u2019institution qu\u2019il a trouv\u00e9e souffrait de dysfonctionnements affectant sa cr\u00e9dibilit\u00e9 et son efficacit\u00e9. \u00ab Face \u00e0 cette r\u00e9alit\u00e9, nous avons engag\u00e9 des r\u00e9formes institutionnelles autour de trois priorit\u00e9s : disposer de textes clairs, renforcer le contr\u00f4le parlementaire et am\u00e9liorer l\u2019efficacit\u00e9 du travail l\u00e9gislatif \u00bb, a-t-il d\u00e9clar\u00e9. Le pr\u00e9sident de l\u2019Assembl\u00e9e a aussi mis en avant la modernisation et la digitalisation de l\u2019institution, ainsi qu\u2019un programme de formation destin\u00e9 aux d\u00e9put\u00e9s et au personnel administratif. En un an, la 15e l\u00e9gislature a adopt\u00e9 21 lois, enregistr\u00e9 plus de 400 questions \u00e9crites adress\u00e9es au gouvernement, deux questions d\u2019actualit\u00e9 d\u00e9battues et multipli\u00e9 les missions de terrain. Le taux moyen de pr\u00e9sence est estim\u00e9 \u00e0 85 % en commissions et 74 % en s\u00e9ance pl\u00e9ni\u00e8re. Deux sessions extraordinaires ont \u00e9galement \u00e9t\u00e9 convoqu\u00e9es \u00e0 la demande du pr\u00e9sident de la R\u00e9publique. Sur le plan diplomatique, El Malick Ndiaye s\u2019est f\u00e9licit\u00e9 du regain d\u2019activit\u00e9 de la diplomatie parlementaire, marqu\u00e9e par la visite de plusieurs d\u00e9l\u00e9gations \u00e9trang\u00e8res venues du Canada, du Maroc et du Royaume-Uni, entre autres. En ce mois d\u2019Octobre rose , le pr\u00e9sident de l\u2019Assembl\u00e9e nationale a r\u00e9affirm\u00e9 l\u2019engagement du Parlement dans la lutte contre le cancer du sein, invitant \u00e0 renforcer la sensibilisation et \u00e0 soutenir les patientes.\" \/>\n<meta property=\"og:url\" content=\"https:\/\/www.public.sn\/index.php\/2025\/10\/15\/assemblee-nationale-voici-le-bilan-apres-un-an-de-cette-15e-legislature\/\" \/>\n<meta property=\"og:site_name\" content=\"LE PUBLIC\" \/>\n<meta property=\"article:published_time\" content=\"2025-10-15T14:54:08+00:00\" \/>\n<meta property=\"article:modified_time\" content=\"2025-10-15T14:59:02+00:00\" \/>\n<meta property=\"og:image\" content=\"https:\/\/www.public.sn\/wp-content\/uploads\/2025\/10\/OIP-33.jpeg\" \/>\n\t<meta property=\"og:image:width\" content=\"474\" \/>\n\t<meta property=\"og:image:height\" content=\"289\" \/>\n\t<meta property=\"og:image:type\" content=\"image\/jpeg\" \/>\n<meta name=\"author\" content=\"LA REDACTION\" \/>\n<meta name=\"twitter:card\" content=\"summary_large_image\" \/>\n<meta name=\"twitter:label1\" content=\"\u00c9crit par\" \/>\n\t<meta name=\"twitter:data1\" content=\"LA REDACTION\" \/>\n\t<meta name=\"twitter:label2\" content=\"Dur\u00e9e de lecture estim\u00e9e\" \/>\n\t<meta name=\"twitter:data2\" content=\"3 minutes\" \/>\n<script type=\"application\/ld+json\" class=\"yoast-schema-graph\">{\"@context\":\"https:\/\/schema.org\",\"@graph\":[{\"@type\":\"Article\",\"@id\":\"https:\/\/www.public.sn\/index.php\/2025\/10\/15\/assemblee-nationale-voici-le-bilan-apres-un-an-de-cette-15e-legislature\/#article\",\"isPartOf\":{\"@id\":\"https:\/\/www.public.sn\/index.php\/2025\/10\/15\/assemblee-nationale-voici-le-bilan-apres-un-an-de-cette-15e-legislature\/\"},\"author\":{\"name\":\"LA REDACTION\",\"@id\":\"https:\/\/www.public.sn\/#\/schema\/person\/cb76c8e1b8becc6be61fb5e92d6d0224\"},\"headline\":\"Assembl\u00e9e nationale : Voici le bilan apr\u00e8s un an de la 15e l\u00e9gislature\",\"datePublished\":\"2025-10-15T14:54:08+00:00\",\"dateModified\":\"2025-10-15T14:59:02+00:00\",\"mainEntityOfPage\":{\"@id\":\"https:\/\/www.public.sn\/index.php\/2025\/10\/15\/assemblee-nationale-voici-le-bilan-apres-un-an-de-cette-15e-legislature\/\"},\"wordCount\":455,\"commentCount\":0,\"publisher\":{\"@id\":\"https:\/\/www.public.sn\/#organization\"},\"image\":{\"@id\":\"https:\/\/www.public.sn\/index.php\/2025\/10\/15\/assemblee-nationale-voici-le-bilan-apres-un-an-de-cette-15e-legislature\/#primaryimage\"},\"thumbnailUrl\":\"https:\/\/www.public.sn\/wp-content\/uploads\/2025\/10\/OIP-33.jpeg\",\"keywords\":[\"El malick\",\"Ndiaye\",\"senegal\"],\"articleSection\":[\"ACTUALIT\u00c9S\",\"POLITIQUE\",\"S\u00c9N\u00c9GAL\"],\"inLanguage\":\"fr-FR\",\"potentialAction\":[{\"@type\":\"CommentAction\",\"name\":\"Comment\",\"target\":[\"https:\/\/www.public.sn\/index.php\/2025\/10\/15\/assemblee-nationale-voici-le-bilan-apres-un-an-de-cette-15e-legislature\/#respond\"]}]},{\"@type\":\"WebPage\",\"@id\":\"https:\/\/www.public.sn\/index.php\/2025\/10\/15\/assemblee-nationale-voici-le-bilan-apres-un-an-de-cette-15e-legislature\/\",\"url\":\"https:\/\/www.public.sn\/index.php\/2025\/10\/15\/assemblee-nationale-voici-le-bilan-apres-un-an-de-cette-15e-legislature\/\",\"name\":\"Assembl\u00e9e nationale : Voici le bilan apr\u00e8s un an de la 15e l\u00e9gislature - LE PUBLIC\",\"isPartOf\":{\"@id\":\"https:\/\/www.public.sn\/#website\"},\"primaryImageOfPage\":{\"@id\":\"https:\/\/www.public.sn\/index.php\/2025\/10\/15\/assemblee-nationale-voici-le-bilan-apres-un-an-de-cette-15e-legislature\/#primaryimage\"},\"image\":{\"@id\":\"https:\/\/www.public.sn\/index.php\/2025\/10\/15\/assemblee-nationale-voici-le-bilan-apres-un-an-de-cette-15e-legislature\/#primaryimage\"},\"thumbnailUrl\":\"https:\/\/www.public.sn\/wp-content\/uploads\/2025\/10\/OIP-33.jpeg\",\"datePublished\":\"2025-10-15T14:54:08+00:00\",\"dateModified\":\"2025-10-15T14:59:02+00:00\",\"breadcrumb\":{\"@id\":\"https:\/\/www.public.sn\/index.php\/2025\/10\/15\/assemblee-nationale-voici-le-bilan-apres-un-an-de-cette-15e-legislature\/#breadcrumb\"},\"inLanguage\":\"fr-FR\",\"potentialAction\":[{\"@type\":\"ReadAction\",\"target\":[\"https:\/\/www.public.sn\/index.php\/2025\/10\/15\/assemblee-nationale-voici-le-bilan-apres-un-an-de-cette-15e-legislature\/\"]}]},{\"@type\":\"ImageObject\",\"inLanguage\":\"fr-FR\",\"@id\":\"https:\/\/www.public.sn\/index.php\/2025\/10\/15\/assemblee-nationale-voici-le-bilan-apres-un-an-de-cette-15e-legislature\/#primaryimage\",\"url\":\"https:\/\/www.public.sn\/wp-content\/uploads\/2025\/10\/OIP-33.jpeg\",\"contentUrl\":\"https:\/\/www.public.sn\/wp-content\/uploads\/2025\/10\/OIP-33.jpeg\",\"width\":474,\"height\":289},{\"@type\":\"BreadcrumbList\",\"@id\":\"https:\/\/www.public.sn\/index.php\/2025\/10\/15\/assemblee-nationale-voici-le-bilan-apres-un-an-de-cette-15e-legislature\/#breadcrumb\",\"itemListElement\":[{\"@type\":\"ListItem\",\"position\":1,\"name\":\"Accueil\",\"item\":\"https:\/\/www.public.sn\/\"},{\"@type\":\"ListItem\",\"position\":2,\"name\":\"Assembl\u00e9e nationale : Voici le bilan apr\u00e8s un an de la 15e l\u00e9gislature\"}]},{\"@type\":\"WebSite\",\"@id\":\"https:\/\/www.public.sn\/#website\",\"url\":\"https:\/\/www.public.sn\/\",\"name\":\"LE PUBLIC\",\"description\":\"\",\"publisher\":{\"@id\":\"https:\/\/www.public.sn\/#organization\"},\"potentialAction\":[{\"@type\":\"SearchAction\",\"target\":{\"@type\":\"EntryPoint\",\"urlTemplate\":\"https:\/\/www.public.sn\/?s={search_term_string}\"},\"query-input\":{\"@type\":\"PropertyValueSpecification\",\"valueRequired\":true,\"valueName\":\"search_term_string\"}}],\"inLanguage\":\"fr-FR\"},{\"@type\":\"Organization\",\"@id\":\"https:\/\/www.public.sn\/#organization\",\"name\":\"LE PUBLIC\",\"url\":\"https:\/\/www.public.sn\/\",\"logo\":{\"@type\":\"ImageObject\",\"inLanguage\":\"fr-FR\",\"@id\":\"https:\/\/www.public.sn\/#\/schema\/logo\/image\/\",\"url\":\"https:\/\/www.public.sn\/wp-content\/uploads\/2024\/05\/cropped-LOGO-PUBLIC.SN_.png\",\"contentUrl\":\"https:\/\/www.public.sn\/wp-content\/uploads\/2024\/05\/cropped-LOGO-PUBLIC.SN_.png\",\"width\":682,\"height\":192,\"caption\":\"LE PUBLIC\"},\"image\":{\"@id\":\"https:\/\/www.public.sn\/#\/schema\/logo\/image\/\"}},{\"@type\":\"Person\",\"@id\":\"https:\/\/www.public.sn\/#\/schema\/person\/cb76c8e1b8becc6be61fb5e92d6d0224\",\"name\":\"LA REDACTION\",\"image\":{\"@type\":\"ImageObject\",\"inLanguage\":\"fr-FR\",\"@id\":\"https:\/\/www.public.sn\/#\/schema\/person\/image\/\",\"url\":\"https:\/\/secure.gravatar.com\/avatar\/2dce5ddd34b8fef0180efe03aa2a9bee7d953856048f9a16b298190a3178407c?s=96&d=mm&r=g\",\"contentUrl\":\"https:\/\/secure.gravatar.com\/avatar\/2dce5ddd34b8fef0180efe03aa2a9bee7d953856048f9a16b298190a3178407c?s=96&d=mm&r=g\",\"caption\":\"LA REDACTION\"},\"url\":\"https:\/\/www.public.sn\/index.php\/author\/editeurpsn\/\"}]}<\/script>\n<!-- \/ Yoast SEO plugin. -->","yoast_head_json":{"title":"Assembl\u00e9e nationale : Voici le bilan apr\u00e8s un an de la 15e l\u00e9gislature - LE PUBLIC","robots":{"index":"index","follow":"follow","max-snippet":"max-snippet:-1","max-image-preview":"max-image-preview:large","max-video-preview":"max-video-preview:-1"},"canonical":"https:\/\/www.public.sn\/index.php\/2025\/10\/15\/assemblee-nationale-voici-le-bilan-apres-un-an-de-cette-15e-legislature\/","og_locale":"fr_FR","og_type":"article","og_title":"Assembl\u00e9e nationale : Voici le bilan apr\u00e8s un an de la 15e l\u00e9gislature - LE PUBLIC","og_description":"L\u2019Assembl\u00e9e nationale a tenu, ce mercredi 15 octobre 2025, sa s\u00e9ance pl\u00e9ni\u00e8re d\u2019ouverture de la session ordinaire 2025-2026. La rencontre s\u2019est d\u00e9roul\u00e9e en pr\u00e9sence de 134 d\u00e9put\u00e9s. d&rsquo;apr\u00e8s seneweb, apr\u00e8s l\u2019\u00e9lection et l\u2019installation du nouveau bureau, le pr\u00e9sident El Malick Ndiaye a invit\u00e9 les pr\u00e9sidents des groupes parlementaires \u00e0 soumettre avant la prochaine s\u00e9ance la liste des membres propos\u00e9s pour les diff\u00e9rentes commissions permanentes, en vue de leur ratification. Conform\u00e9ment \u00e0 l\u2019article 36 alin\u00e9a 2 du r\u00e8glement int\u00e9rieur, chaque commission compte 35 membres, \u00e0 l\u2019exception de celle des Finances et du Contr\u00f4le budg\u00e9taire, qui int\u00e8gre d\u2019office les pr\u00e9sidents des autres commissions. La reprise des travaux est pr\u00e9vue le vendredi 17 octobre \u00e0 19 h pour la ratification de ces listes. Les d\u00e9put\u00e9s seront ensuite appel\u00e9s \u00e0 examiner plusieurs projets de loi, dont la loi des finances initiale de l\u2019ann\u00e9e 2026, d\u00e9j\u00e0 adopt\u00e9 en Conseil des ministres. Dans son allocution, El Malick Ndiaye a dress\u00e9 le bilan d\u2019un an d\u2019activit\u00e9s de la 15e l\u00e9gislature, install\u00e9e le 2 d\u00e9cembre 2024, nous informe seneweb. Selon lui, nous dit la m\u00eame source, l\u2019institution qu\u2019il a trouv\u00e9e souffrait de dysfonctionnements affectant sa cr\u00e9dibilit\u00e9 et son efficacit\u00e9. \u00ab Face \u00e0 cette r\u00e9alit\u00e9, nous avons engag\u00e9 des r\u00e9formes institutionnelles autour de trois priorit\u00e9s : disposer de textes clairs, renforcer le contr\u00f4le parlementaire et am\u00e9liorer l\u2019efficacit\u00e9 du travail l\u00e9gislatif \u00bb, a-t-il d\u00e9clar\u00e9. Le pr\u00e9sident de l\u2019Assembl\u00e9e a aussi mis en avant la modernisation et la digitalisation de l\u2019institution, ainsi qu\u2019un programme de formation destin\u00e9 aux d\u00e9put\u00e9s et au personnel administratif. En un an, la 15e l\u00e9gislature a adopt\u00e9 21 lois, enregistr\u00e9 plus de 400 questions \u00e9crites adress\u00e9es au gouvernement, deux questions d\u2019actualit\u00e9 d\u00e9battues et multipli\u00e9 les missions de terrain. Le taux moyen de pr\u00e9sence est estim\u00e9 \u00e0 85 % en commissions et 74 % en s\u00e9ance pl\u00e9ni\u00e8re. Deux sessions extraordinaires ont \u00e9galement \u00e9t\u00e9 convoqu\u00e9es \u00e0 la demande du pr\u00e9sident de la R\u00e9publique. Sur le plan diplomatique, El Malick Ndiaye s\u2019est f\u00e9licit\u00e9 du regain d\u2019activit\u00e9 de la diplomatie parlementaire, marqu\u00e9e par la visite de plusieurs d\u00e9l\u00e9gations \u00e9trang\u00e8res venues du Canada, du Maroc et du Royaume-Uni, entre autres. En ce mois d\u2019Octobre rose , le pr\u00e9sident de l\u2019Assembl\u00e9e nationale a r\u00e9affirm\u00e9 l\u2019engagement du Parlement dans la lutte contre le cancer du sein, invitant \u00e0 renforcer la sensibilisation et \u00e0 soutenir les patientes.","og_url":"https:\/\/www.public.sn\/index.php\/2025\/10\/15\/assemblee-nationale-voici-le-bilan-apres-un-an-de-cette-15e-legislature\/","og_site_name":"LE PUBLIC","article_published_time":"2025-10-15T14:54:08+00:00","article_modified_time":"2025-10-15T14:59:02+00:00","og_image":[{"width":474,"height":289,"url":"https:\/\/www.public.sn\/wp-content\/uploads\/2025\/10\/OIP-33.jpeg","type":"image\/jpeg"}],"author":"LA REDACTION","twitter_card":"summary_large_image","twitter_misc":{"\u00c9crit par":"LA REDACTION","Dur\u00e9e de lecture estim\u00e9e":"3 minutes"},"schema":{"@context":"https:\/\/schema.org","@graph":[{"@type":"Article","@id":"https:\/\/www.public.sn\/index.php\/2025\/10\/15\/assemblee-nationale-voici-le-bilan-apres-un-an-de-cette-15e-legislature\/#article","isPartOf":{"@id":"https:\/\/www.public.sn\/index.php\/2025\/10\/15\/assemblee-nationale-voici-le-bilan-apres-un-an-de-cette-15e-legislature\/"},"author":{"name":"LA REDACTION","@id":"https:\/\/www.public.sn\/#\/schema\/person\/cb76c8e1b8becc6be61fb5e92d6d0224"},"headline":"Assembl\u00e9e nationale : Voici le bilan apr\u00e8s un an de la 15e l\u00e9gislature","datePublished":"2025-10-15T14:54:08+00:00","dateModified":"2025-10-15T14:59:02+00:00","mainEntityOfPage":{"@id":"https:\/\/www.public.sn\/index.php\/2025\/10\/15\/assemblee-nationale-voici-le-bilan-apres-un-an-de-cette-15e-legislature\/"},"wordCount":455,"commentCount":0,"publisher":{"@id":"https:\/\/www.public.sn\/#organization"},"image":{"@id":"https:\/\/www.public.sn\/index.php\/2025\/10\/15\/assemblee-nationale-voici-le-bilan-apres-un-an-de-cette-15e-legislature\/#primaryimage"},"thumbnailUrl":"https:\/\/www.public.sn\/wp-content\/uploads\/2025\/10\/OIP-33.jpeg","keywords":["El malick","Ndiaye","senegal"],"articleSection":["ACTUALIT\u00c9S","POLITIQUE","S\u00c9N\u00c9GAL"],"inLanguage":"fr-FR","potentialAction":[{"@type":"CommentAction","name":"Comment","target":["https:\/\/www.public.sn\/index.php\/2025\/10\/15\/assemblee-nationale-voici-le-bilan-apres-un-an-de-cette-15e-legislature\/#respond"]}]},{"@type":"WebPage","@id":"https:\/\/www.public.sn\/index.php\/2025\/10\/15\/assemblee-nationale-voici-le-bilan-apres-un-an-de-cette-15e-legislature\/","url":"https:\/\/www.public.sn\/index.php\/2025\/10\/15\/assemblee-nationale-voici-le-bilan-apres-un-an-de-cette-15e-legislature\/","name":"Assembl\u00e9e nationale : Voici le bilan apr\u00e8s un an de la 15e l\u00e9gislature - LE PUBLIC","isPartOf":{"@id":"https:\/\/www.public.sn\/#website"},"primaryImageOfPage":{"@id":"https:\/\/www.public.sn\/index.php\/2025\/10\/15\/assemblee-nationale-voici-le-bilan-apres-un-an-de-cette-15e-legislature\/#primaryimage"},"image":{"@id":"https:\/\/www.public.sn\/index.php\/2025\/10\/15\/assemblee-nationale-voici-le-bilan-apres-un-an-de-cette-15e-legislature\/#primaryimage"},"thumbnailUrl":"https:\/\/www.public.sn\/wp-content\/uploads\/2025\/10\/OIP-33.jpeg","datePublished":"2025-10-15T14:54:08+00:00","dateModified":"2025-10-15T14:59:02+00:00","breadcrumb":{"@id":"https:\/\/www.public.sn\/index.php\/2025\/10\/15\/assemblee-nationale-voici-le-bilan-apres-un-an-de-cette-15e-legislature\/#breadcrumb"},"inLanguage":"fr-FR","potentialAction":[{"@type":"ReadAction","target":["https:\/\/www.public.sn\/index.php\/2025\/10\/15\/assemblee-nationale-voici-le-bilan-apres-un-an-de-cette-15e-legislature\/"]}]},{"@type":"ImageObject","inLanguage":"fr-FR","@id":"https:\/\/www.public.sn\/index.php\/2025\/10\/15\/assemblee-nationale-voici-le-bilan-apres-un-an-de-cette-15e-legislature\/#primaryimage","url":"https:\/\/www.public.sn\/wp-content\/uploads\/2025\/10\/OIP-33.jpeg","contentUrl":"https:\/\/www.public.sn\/wp-content\/uploads\/2025\/10\/OIP-33.jpeg","width":474,"height":289},{"@type":"BreadcrumbList","@id":"https:\/\/www.public.sn\/index.php\/2025\/10\/15\/assemblee-nationale-voici-le-bilan-apres-un-an-de-cette-15e-legislature\/#breadcrumb","itemListElement":[{"@type":"ListItem","position":1,"name":"Accueil","item":"https:\/\/www.public.sn\/"},{"@type":"ListItem","position":2,"name":"Assembl\u00e9e nationale : Voici le bilan apr\u00e8s un an de la 15e l\u00e9gislature"}]},{"@type":"WebSite","@id":"https:\/\/www.public.sn\/#website","url":"https:\/\/www.public.sn\/","name":"LE PUBLIC","description":"","publisher":{"@id":"https:\/\/www.public.sn\/#organization"},"potentialAction":[{"@type":"SearchAction","target":{"@type":"EntryPoint","urlTemplate":"https:\/\/www.public.sn\/?s={search_term_string}"},"query-input":{"@type":"PropertyValueSpecification","valueRequired":true,"valueName":"search_term_string"}}],"inLanguage":"fr-FR"},{"@type":"Organization","@id":"https:\/\/www.public.sn\/#organization","name":"LE PUBLIC","url":"https:\/\/www.public.sn\/","logo":{"@type":"ImageObject","inLanguage":"fr-FR","@id":"https:\/\/www.public.sn\/#\/schema\/logo\/image\/","url":"https:\/\/www.public.sn\/wp-content\/uploads\/2024\/05\/cropped-LOGO-PUBLIC.SN_.png","contentUrl":"https:\/\/www.public.sn\/wp-content\/uploads\/2024\/05\/cropped-LOGO-PUBLIC.SN_.png","width":682,"height":192,"caption":"LE PUBLIC"},"image":{"@id":"https:\/\/www.public.sn\/#\/schema\/logo\/image\/"}},{"@type":"Person","@id":"https:\/\/www.public.sn\/#\/schema\/person\/cb76c8e1b8becc6be61fb5e92d6d0224","name":"LA REDACTION","image":{"@type":"ImageObject","inLanguage":"fr-FR","@id":"https:\/\/www.public.sn\/#\/schema\/person\/image\/","url":"https:\/\/secure.gravatar.com\/avatar\/2dce5ddd34b8fef0180efe03aa2a9bee7d953856048f9a16b298190a3178407c?s=96&d=mm&r=g","contentUrl":"https:\/\/secure.gravatar.com\/avatar\/2dce5ddd34b8fef0180efe03aa2a9bee7d953856048f9a16b298190a3178407c?s=96&d=mm&r=g","caption":"LA REDACTION"},"url":"https:\/\/www.public.sn\/index.php\/author\/editeurpsn\/"}]}},"jetpack_featured_media_url":"https:\/\/www.public.sn\/wp-content\/uploads\/2025\/10\/OIP-33.jpeg","jetpack_sharing_enabled":true,"_links":{"self":[{"href":"https:\/\/www.public.sn\/index.php\/wp-json\/wp\/v2\/posts\/37751","targetHints":{"allow":["GET"]}}],"collection":[{"href":"https:\/\/www.public.sn\/index.php\/wp-json\/wp\/v2\/posts"}],"about":[{"href":"https:\/\/www.public.sn\/index.php\/wp-json\/wp\/v2\/types\/post"}],"author":[{"embeddable":true,"href":"https:\/\/www.public.sn\/index.php\/wp-json\/wp\/v2\/users\/7"}],"replies":[{"embeddable":true,"href":"https:\/\/www.public.sn\/index.php\/wp-json\/wp\/v2\/comments?post=37751"}],"version-history":[{"count":2,"href":"https:\/\/www.public.sn\/index.php\/wp-json\/wp\/v2\/posts\/37751\/revisions"}],"predecessor-version":[{"id":37755,"href":"https:\/\/www.public.sn\/index.php\/wp-json\/wp\/v2\/posts\/37751\/revisions\/37755"}],"wp:featuredmedia":[{"embeddable":true,"href":"https:\/\/www.public.sn\/index.php\/wp-json\/wp\/v2\/media\/37752"}],"wp:attachment":[{"href":"https:\/\/www.public.sn\/index.php\/wp-json\/wp\/v2\/media?parent=37751"}],"wp:term":[{"taxonomy":"category","embeddable":true,"href":"https:\/\/www.public.sn\/index.php\/wp-json\/wp\/v2\/categories?post=37751"},{"taxonomy":"post_tag","embeddable":true,"href":"https:\/\/www.public.sn\/index.php\/wp-json\/wp\/v2\/tags?post=37751"}],"curies":[{"name":"wp","href":"https:\/\/api.w.org\/{rel}","templated":true}]}}