{"id":37779,"date":"2025-10-17T10:32:53","date_gmt":"2025-10-17T10:32:53","guid":{"rendered":"https:\/\/www.public.sn\/?p=37779"},"modified":"2025-10-17T10:32:56","modified_gmt":"2025-10-17T10:32:56","slug":"inattendu-abdoulaye-daouda-diallo-rend-visite-a-farba-ngom-en-prison","status":"publish","type":"post","link":"https:\/\/www.public.sn\/index.php\/2025\/10\/17\/inattendu-abdoulaye-daouda-diallo-rend-visite-a-farba-ngom-en-prison\/","title":{"rendered":"Inattendu : Abdoulaye Daouda Diallo rend visite \u00e0 Farba Ngom en prison"},"content":{"rendered":"\n<p>Un \u00e9v\u00e9nement pour le moins surprenant s\u2019est produit au Pavillon sp\u00e9cial : Abdoulaye Daouda Diallo, accompagn\u00e9 du d\u00e9put\u00e9 Abdou Mbow, s\u2019est rendu aupr\u00e8s de Farba Ngom, d\u00e9tenu depuis pr\u00e8s de huit mois.<\/p><div class=\"publi-paragraphe1\" style=\"margin-top: 10px;margin-bottom: 10px;margin-left: auto;margin-right: auto;text-align: center;\" id=\"publi-1424579403\"><div class=\"publi-adlabel\">Publicit\u00e9<\/div><script async src=\"\/\/pagead2.googlesyndication.com\/pagead\/js\/adsbygoogle.js?client=ca-pub-4089586018074219\" crossorigin=\"anonymous\"><\/script><ins class=\"adsbygoogle\" style=\"display:block;\" data-ad-client=\"ca-pub-4089586018074219\" \ndata-ad-slot=\"2087940154\" \ndata-ad-format=\"auto\"><\/ins>\n<script> \n(adsbygoogle = window.adsbygoogle || []).push({}); \n<\/script>\n<\/div>\n\n\n\n<p>Cette visite suscite d\u2019autant plus d\u2019interrogations que les deux hommes ont longtemps \u00e9t\u00e9 consid\u00e9r\u00e9s comme des adversaires irr\u00e9conciliables durant tout le magist\u00e8re de Macky Sall. Ancien ministre tout-puissant des Finances et du Budget, Abdoulaye Daouda Diallo n\u2019avait jamais affich\u00e9 publiquement de soutien \u00e0 Farba Ngom, ni lors des mobilisations \u00e0 Matam, ni au moment de sa convocation, fortement m\u00e9diatis\u00e9e.<\/p>\n\n\n\n<p>S\u2019agit-il d\u2019un repositionnement strat\u00e9gique ? Le journal <em>Les \u00c9chos<\/em>, qui rapporte l&rsquo;information dans son \u00e9dition du vendredi 17 octobre, s\u2019interroge sur les motivations de ce geste inattendu. Certains y voient une man\u0153uvre visant \u00e0 \u00e9viter l\u2019isolement politique, \u00e0 l\u2019image de celui de l\u2019ex-Premier ministre Amadou B\u00e2.<\/p>\n\n\n\n<p>Quoi qu\u2019il en soit, selon des sources proches du dossier, Farba Ngom aurait \u00ab tr\u00e8s bien appr\u00e9ci\u00e9 \u00bb cette visite inattendue.<\/p>\n\n\n\n<p><br>Source seneweb<\/p>\n\n\n\n<p><\/p>\n<div class=\"publi-apres-le-contenu\" style=\"margin-top: 10px;margin-bottom: 10px;margin-left: auto;margin-right: auto;text-align: center;\" id=\"publi-3048407577\"><div class=\"publi-adlabel\">Publicit\u00e9<\/div><script async src=\"\/\/pagead2.googlesyndication.com\/pagead\/js\/adsbygoogle.js?client=ca-pub-4089586018074219\" crossorigin=\"anonymous\"><\/script><ins class=\"adsbygoogle\" style=\"display:block;\" data-ad-client=\"ca-pub-4089586018074219\" \ndata-ad-slot=\"2087940154\" \ndata-ad-format=\"auto\"><\/ins>\n<script> \n(adsbygoogle = window.adsbygoogle || []).push({}); \n<\/script>\n<\/div>","protected":false},"excerpt":{"rendered":"<p>Un \u00e9v\u00e9nement pour le moins surprenant s\u2019est produit au Pavillon sp\u00e9cial : Abdoulaye Daouda Diallo, accompagn\u00e9 du d\u00e9put\u00e9 Abdou Mbow, s\u2019est rendu aupr\u00e8s de Farba Ngom, d\u00e9tenu depuis pr\u00e8s de huit mois. Cette visite suscite d\u2019autant plus d\u2019interrogations que les deux hommes ont longtemps \u00e9t\u00e9 consid\u00e9r\u00e9s comme des adversaires irr\u00e9conciliables durant tout le magist\u00e8re de Macky Sall. Ancien ministre tout-puissant des Finances et du Budget, Abdoulaye Daouda Diallo n\u2019avait jamais affich\u00e9 publiquement de soutien \u00e0 Farba Ngom, ni lors des mobilisations \u00e0 Matam, ni au moment de sa convocation, fortement m\u00e9diatis\u00e9e. S\u2019agit-il d\u2019un repositionnement strat\u00e9gique ? Le journal Les \u00c9chos, qui rapporte l&rsquo;information dans son \u00e9dition du vendredi 17 octobre, s\u2019interroge sur les motivations de ce geste inattendu. Certains y voient une man\u0153uvre visant \u00e0 \u00e9viter l\u2019isolement politique, \u00e0 l\u2019image de celui de l\u2019ex-Premier ministre Amadou B\u00e2. Quoi qu\u2019il en soit, selon des sources proches du dossier, Farba Ngom aurait \u00ab tr\u00e8s bien appr\u00e9ci\u00e9 \u00bb cette visite inattendue. Source seneweb<\/p>\n","protected":false},"author":7,"featured_media":37780,"comment_status":"open","ping_status":"open","sticky":false,"template":"","format":"standard","meta":{"_jetpack_memberships_contains_paid_content":false,"footnotes":""},"categories":[375,3724,3],"tags":[2081,7621],"class_list":["post-37779","post","type-post","status-publish","format-standard","has-post-thumbnail","hentry","category-actualites","category-justice","category-politique","tag-abdoulaye-daouda-diallo","tag-rend-visite-a-farba-ngom-en-prison","entry","has-media","owp-thumbs-layout-horizontal","owp-btn-normal","owp-tabs-layout-horizontal","has-no-thumbnails","has-product-nav"],"yoast_head":"<!-- This site is optimized with the Yoast SEO plugin v25.5 - https:\/\/yoast.com\/wordpress\/plugins\/seo\/ -->\n<title>Inattendu : Abdoulaye Daouda Diallo rend visite \u00e0 Farba Ngom en prison - LE PUBLIC<\/title>\n<meta name=\"robots\" content=\"index, follow, max-snippet:-1, max-image-preview:large, max-video-preview:-1\" \/>\n<link rel=\"canonical\" href=\"https:\/\/www.public.sn\/index.php\/2025\/10\/17\/inattendu-abdoulaye-daouda-diallo-rend-visite-a-farba-ngom-en-prison\/\" \/>\n<meta property=\"og:locale\" content=\"fr_FR\" \/>\n<meta property=\"og:type\" content=\"article\" \/>\n<meta property=\"og:title\" content=\"Inattendu : Abdoulaye Daouda Diallo rend visite \u00e0 Farba Ngom en prison - LE PUBLIC\" \/>\n<meta property=\"og:description\" content=\"Un \u00e9v\u00e9nement pour le moins surprenant s\u2019est produit au Pavillon sp\u00e9cial : Abdoulaye Daouda Diallo, accompagn\u00e9 du d\u00e9put\u00e9 Abdou Mbow, s\u2019est rendu aupr\u00e8s de Farba Ngom, d\u00e9tenu depuis pr\u00e8s de huit mois. Cette visite suscite d\u2019autant plus d\u2019interrogations que les deux hommes ont longtemps \u00e9t\u00e9 consid\u00e9r\u00e9s comme des adversaires irr\u00e9conciliables durant tout le magist\u00e8re de Macky Sall. Ancien ministre tout-puissant des Finances et du Budget, Abdoulaye Daouda Diallo n\u2019avait jamais affich\u00e9 publiquement de soutien \u00e0 Farba Ngom, ni lors des mobilisations \u00e0 Matam, ni au moment de sa convocation, fortement m\u00e9diatis\u00e9e. S\u2019agit-il d\u2019un repositionnement strat\u00e9gique ? Le journal Les \u00c9chos, qui rapporte l&rsquo;information dans son \u00e9dition du vendredi 17 octobre, s\u2019interroge sur les motivations de ce geste inattendu. Certains y voient une man\u0153uvre visant \u00e0 \u00e9viter l\u2019isolement politique, \u00e0 l\u2019image de celui de l\u2019ex-Premier ministre Amadou B\u00e2. Quoi qu\u2019il en soit, selon des sources proches du dossier, Farba Ngom aurait \u00ab tr\u00e8s bien appr\u00e9ci\u00e9 \u00bb cette visite inattendue. Source seneweb\" \/>\n<meta property=\"og:url\" content=\"https:\/\/www.public.sn\/index.php\/2025\/10\/17\/inattendu-abdoulaye-daouda-diallo-rend-visite-a-farba-ngom-en-prison\/\" \/>\n<meta property=\"og:site_name\" content=\"LE PUBLIC\" \/>\n<meta property=\"article:published_time\" content=\"2025-10-17T10:32:53+00:00\" \/>\n<meta property=\"article:modified_time\" content=\"2025-10-17T10:32:56+00:00\" \/>\n<meta property=\"og:image\" content=\"https:\/\/www.public.sn\/wp-content\/uploads\/2025\/10\/thumb_1260x800_68f1efecd6dea_IErkKXE9CF.jpg\" \/>\n\t<meta property=\"og:image:width\" content=\"1260\" \/>\n\t<meta property=\"og:image:height\" content=\"800\" \/>\n\t<meta property=\"og:image:type\" content=\"image\/jpeg\" \/>\n<meta name=\"author\" content=\"LA REDACTION\" \/>\n<meta name=\"twitter:card\" content=\"summary_large_image\" \/>\n<meta name=\"twitter:label1\" content=\"\u00c9crit par\" \/>\n\t<meta name=\"twitter:data1\" content=\"LA REDACTION\" \/>\n\t<meta name=\"twitter:label2\" content=\"Dur\u00e9e de lecture estim\u00e9e\" \/>\n\t<meta name=\"twitter:data2\" content=\"1 minute\" \/>\n<script type=\"application\/ld+json\" class=\"yoast-schema-graph\">{\"@context\":\"https:\/\/schema.org\",\"@graph\":[{\"@type\":\"Article\",\"@id\":\"https:\/\/www.public.sn\/index.php\/2025\/10\/17\/inattendu-abdoulaye-daouda-diallo-rend-visite-a-farba-ngom-en-prison\/#article\",\"isPartOf\":{\"@id\":\"https:\/\/www.public.sn\/index.php\/2025\/10\/17\/inattendu-abdoulaye-daouda-diallo-rend-visite-a-farba-ngom-en-prison\/\"},\"author\":{\"name\":\"LA REDACTION\",\"@id\":\"https:\/\/www.public.sn\/#\/schema\/person\/cb76c8e1b8becc6be61fb5e92d6d0224\"},\"headline\":\"Inattendu : Abdoulaye Daouda Diallo rend visite \u00e0 Farba Ngom en prison\",\"datePublished\":\"2025-10-17T10:32:53+00:00\",\"dateModified\":\"2025-10-17T10:32:56+00:00\",\"mainEntityOfPage\":{\"@id\":\"https:\/\/www.public.sn\/index.php\/2025\/10\/17\/inattendu-abdoulaye-daouda-diallo-rend-visite-a-farba-ngom-en-prison\/\"},\"wordCount\":189,\"commentCount\":0,\"publisher\":{\"@id\":\"https:\/\/www.public.sn\/#organization\"},\"image\":{\"@id\":\"https:\/\/www.public.sn\/index.php\/2025\/10\/17\/inattendu-abdoulaye-daouda-diallo-rend-visite-a-farba-ngom-en-prison\/#primaryimage\"},\"thumbnailUrl\":\"https:\/\/www.public.sn\/wp-content\/uploads\/2025\/10\/thumb_1260x800_68f1efecd6dea_IErkKXE9CF.jpg\",\"keywords\":[\"abdoulaye daouda diallo\",\"rend visite \u00e0 Farba Ngom en prison\"],\"articleSection\":[\"ACTUALIT\u00c9S\",\"justice\",\"POLITIQUE\"],\"inLanguage\":\"fr-FR\",\"potentialAction\":[{\"@type\":\"CommentAction\",\"name\":\"Comment\",\"target\":[\"https:\/\/www.public.sn\/index.php\/2025\/10\/17\/inattendu-abdoulaye-daouda-diallo-rend-visite-a-farba-ngom-en-prison\/#respond\"]}]},{\"@type\":\"WebPage\",\"@id\":\"https:\/\/www.public.sn\/index.php\/2025\/10\/17\/inattendu-abdoulaye-daouda-diallo-rend-visite-a-farba-ngom-en-prison\/\",\"url\":\"https:\/\/www.public.sn\/index.php\/2025\/10\/17\/inattendu-abdoulaye-daouda-diallo-rend-visite-a-farba-ngom-en-prison\/\",\"name\":\"Inattendu : Abdoulaye Daouda Diallo rend visite \u00e0 Farba Ngom en prison - LE PUBLIC\",\"isPartOf\":{\"@id\":\"https:\/\/www.public.sn\/#website\"},\"primaryImageOfPage\":{\"@id\":\"https:\/\/www.public.sn\/index.php\/2025\/10\/17\/inattendu-abdoulaye-daouda-diallo-rend-visite-a-farba-ngom-en-prison\/#primaryimage\"},\"image\":{\"@id\":\"https:\/\/www.public.sn\/index.php\/2025\/10\/17\/inattendu-abdoulaye-daouda-diallo-rend-visite-a-farba-ngom-en-prison\/#primaryimage\"},\"thumbnailUrl\":\"https:\/\/www.public.sn\/wp-content\/uploads\/2025\/10\/thumb_1260x800_68f1efecd6dea_IErkKXE9CF.jpg\",\"datePublished\":\"2025-10-17T10:32:53+00:00\",\"dateModified\":\"2025-10-17T10:32:56+00:00\",\"breadcrumb\":{\"@id\":\"https:\/\/www.public.sn\/index.php\/2025\/10\/17\/inattendu-abdoulaye-daouda-diallo-rend-visite-a-farba-ngom-en-prison\/#breadcrumb\"},\"inLanguage\":\"fr-FR\",\"potentialAction\":[{\"@type\":\"ReadAction\",\"target\":[\"https:\/\/www.public.sn\/index.php\/2025\/10\/17\/inattendu-abdoulaye-daouda-diallo-rend-visite-a-farba-ngom-en-prison\/\"]}]},{\"@type\":\"ImageObject\",\"inLanguage\":\"fr-FR\",\"@id\":\"https:\/\/www.public.sn\/index.php\/2025\/10\/17\/inattendu-abdoulaye-daouda-diallo-rend-visite-a-farba-ngom-en-prison\/#primaryimage\",\"url\":\"https:\/\/www.public.sn\/wp-content\/uploads\/2025\/10\/thumb_1260x800_68f1efecd6dea_IErkKXE9CF.jpg\",\"contentUrl\":\"https:\/\/www.public.sn\/wp-content\/uploads\/2025\/10\/thumb_1260x800_68f1efecd6dea_IErkKXE9CF.jpg\",\"width\":1260,\"height\":800},{\"@type\":\"BreadcrumbList\",\"@id\":\"https:\/\/www.public.sn\/index.php\/2025\/10\/17\/inattendu-abdoulaye-daouda-diallo-rend-visite-a-farba-ngom-en-prison\/#breadcrumb\",\"itemListElement\":[{\"@type\":\"ListItem\",\"position\":1,\"name\":\"Accueil\",\"item\":\"https:\/\/www.public.sn\/\"},{\"@type\":\"ListItem\",\"position\":2,\"name\":\"Inattendu : Abdoulaye Daouda Diallo rend visite \u00e0 Farba Ngom en prison\"}]},{\"@type\":\"WebSite\",\"@id\":\"https:\/\/www.public.sn\/#website\",\"url\":\"https:\/\/www.public.sn\/\",\"name\":\"LE PUBLIC\",\"description\":\"\",\"publisher\":{\"@id\":\"https:\/\/www.public.sn\/#organization\"},\"potentialAction\":[{\"@type\":\"SearchAction\",\"target\":{\"@type\":\"EntryPoint\",\"urlTemplate\":\"https:\/\/www.public.sn\/?s={search_term_string}\"},\"query-input\":{\"@type\":\"PropertyValueSpecification\",\"valueRequired\":true,\"valueName\":\"search_term_string\"}}],\"inLanguage\":\"fr-FR\"},{\"@type\":\"Organization\",\"@id\":\"https:\/\/www.public.sn\/#organization\",\"name\":\"LE PUBLIC\",\"url\":\"https:\/\/www.public.sn\/\",\"logo\":{\"@type\":\"ImageObject\",\"inLanguage\":\"fr-FR\",\"@id\":\"https:\/\/www.public.sn\/#\/schema\/logo\/image\/\",\"url\":\"https:\/\/www.public.sn\/wp-content\/uploads\/2024\/05\/cropped-LOGO-PUBLIC.SN_.png\",\"contentUrl\":\"https:\/\/www.public.sn\/wp-content\/uploads\/2024\/05\/cropped-LOGO-PUBLIC.SN_.png\",\"width\":682,\"height\":192,\"caption\":\"LE PUBLIC\"},\"image\":{\"@id\":\"https:\/\/www.public.sn\/#\/schema\/logo\/image\/\"}},{\"@type\":\"Person\",\"@id\":\"https:\/\/www.public.sn\/#\/schema\/person\/cb76c8e1b8becc6be61fb5e92d6d0224\",\"name\":\"LA REDACTION\",\"image\":{\"@type\":\"ImageObject\",\"inLanguage\":\"fr-FR\",\"@id\":\"https:\/\/www.public.sn\/#\/schema\/person\/image\/\",\"url\":\"https:\/\/secure.gravatar.com\/avatar\/2dce5ddd34b8fef0180efe03aa2a9bee7d953856048f9a16b298190a3178407c?s=96&d=mm&r=g\",\"contentUrl\":\"https:\/\/secure.gravatar.com\/avatar\/2dce5ddd34b8fef0180efe03aa2a9bee7d953856048f9a16b298190a3178407c?s=96&d=mm&r=g\",\"caption\":\"LA REDACTION\"},\"url\":\"https:\/\/www.public.sn\/index.php\/author\/editeurpsn\/\"}]}<\/script>\n<!-- \/ Yoast SEO plugin. -->","yoast_head_json":{"title":"Inattendu : Abdoulaye Daouda Diallo rend visite \u00e0 Farba Ngom en prison - LE PUBLIC","robots":{"index":"index","follow":"follow","max-snippet":"max-snippet:-1","max-image-preview":"max-image-preview:large","max-video-preview":"max-video-preview:-1"},"canonical":"https:\/\/www.public.sn\/index.php\/2025\/10\/17\/inattendu-abdoulaye-daouda-diallo-rend-visite-a-farba-ngom-en-prison\/","og_locale":"fr_FR","og_type":"article","og_title":"Inattendu : Abdoulaye Daouda Diallo rend visite \u00e0 Farba Ngom en prison - LE PUBLIC","og_description":"Un \u00e9v\u00e9nement pour le moins surprenant s\u2019est produit au Pavillon sp\u00e9cial : Abdoulaye Daouda Diallo, accompagn\u00e9 du d\u00e9put\u00e9 Abdou Mbow, s\u2019est rendu aupr\u00e8s de Farba Ngom, d\u00e9tenu depuis pr\u00e8s de huit mois. Cette visite suscite d\u2019autant plus d\u2019interrogations que les deux hommes ont longtemps \u00e9t\u00e9 consid\u00e9r\u00e9s comme des adversaires irr\u00e9conciliables durant tout le magist\u00e8re de Macky Sall. Ancien ministre tout-puissant des Finances et du Budget, Abdoulaye Daouda Diallo n\u2019avait jamais affich\u00e9 publiquement de soutien \u00e0 Farba Ngom, ni lors des mobilisations \u00e0 Matam, ni au moment de sa convocation, fortement m\u00e9diatis\u00e9e. S\u2019agit-il d\u2019un repositionnement strat\u00e9gique ? Le journal Les \u00c9chos, qui rapporte l&rsquo;information dans son \u00e9dition du vendredi 17 octobre, s\u2019interroge sur les motivations de ce geste inattendu. Certains y voient une man\u0153uvre visant \u00e0 \u00e9viter l\u2019isolement politique, \u00e0 l\u2019image de celui de l\u2019ex-Premier ministre Amadou B\u00e2. Quoi qu\u2019il en soit, selon des sources proches du dossier, Farba Ngom aurait \u00ab tr\u00e8s bien appr\u00e9ci\u00e9 \u00bb cette visite inattendue. Source seneweb","og_url":"https:\/\/www.public.sn\/index.php\/2025\/10\/17\/inattendu-abdoulaye-daouda-diallo-rend-visite-a-farba-ngom-en-prison\/","og_site_name":"LE PUBLIC","article_published_time":"2025-10-17T10:32:53+00:00","article_modified_time":"2025-10-17T10:32:56+00:00","og_image":[{"width":1260,"height":800,"url":"https:\/\/www.public.sn\/wp-content\/uploads\/2025\/10\/thumb_1260x800_68f1efecd6dea_IErkKXE9CF.jpg","type":"image\/jpeg"}],"author":"LA REDACTION","twitter_card":"summary_large_image","twitter_misc":{"\u00c9crit par":"LA REDACTION","Dur\u00e9e de lecture estim\u00e9e":"1 minute"},"schema":{"@context":"https:\/\/schema.org","@graph":[{"@type":"Article","@id":"https:\/\/www.public.sn\/index.php\/2025\/10\/17\/inattendu-abdoulaye-daouda-diallo-rend-visite-a-farba-ngom-en-prison\/#article","isPartOf":{"@id":"https:\/\/www.public.sn\/index.php\/2025\/10\/17\/inattendu-abdoulaye-daouda-diallo-rend-visite-a-farba-ngom-en-prison\/"},"author":{"name":"LA REDACTION","@id":"https:\/\/www.public.sn\/#\/schema\/person\/cb76c8e1b8becc6be61fb5e92d6d0224"},"headline":"Inattendu : Abdoulaye Daouda Diallo rend visite \u00e0 Farba Ngom en prison","datePublished":"2025-10-17T10:32:53+00:00","dateModified":"2025-10-17T10:32:56+00:00","mainEntityOfPage":{"@id":"https:\/\/www.public.sn\/index.php\/2025\/10\/17\/inattendu-abdoulaye-daouda-diallo-rend-visite-a-farba-ngom-en-prison\/"},"wordCount":189,"commentCount":0,"publisher":{"@id":"https:\/\/www.public.sn\/#organization"},"image":{"@id":"https:\/\/www.public.sn\/index.php\/2025\/10\/17\/inattendu-abdoulaye-daouda-diallo-rend-visite-a-farba-ngom-en-prison\/#primaryimage"},"thumbnailUrl":"https:\/\/www.public.sn\/wp-content\/uploads\/2025\/10\/thumb_1260x800_68f1efecd6dea_IErkKXE9CF.jpg","keywords":["abdoulaye daouda diallo","rend visite \u00e0 Farba Ngom en prison"],"articleSection":["ACTUALIT\u00c9S","justice","POLITIQUE"],"inLanguage":"fr-FR","potentialAction":[{"@type":"CommentAction","name":"Comment","target":["https:\/\/www.public.sn\/index.php\/2025\/10\/17\/inattendu-abdoulaye-daouda-diallo-rend-visite-a-farba-ngom-en-prison\/#respond"]}]},{"@type":"WebPage","@id":"https:\/\/www.public.sn\/index.php\/2025\/10\/17\/inattendu-abdoulaye-daouda-diallo-rend-visite-a-farba-ngom-en-prison\/","url":"https:\/\/www.public.sn\/index.php\/2025\/10\/17\/inattendu-abdoulaye-daouda-diallo-rend-visite-a-farba-ngom-en-prison\/","name":"Inattendu : Abdoulaye Daouda Diallo rend visite \u00e0 Farba Ngom en prison - LE PUBLIC","isPartOf":{"@id":"https:\/\/www.public.sn\/#website"},"primaryImageOfPage":{"@id":"https:\/\/www.public.sn\/index.php\/2025\/10\/17\/inattendu-abdoulaye-daouda-diallo-rend-visite-a-farba-ngom-en-prison\/#primaryimage"},"image":{"@id":"https:\/\/www.public.sn\/index.php\/2025\/10\/17\/inattendu-abdoulaye-daouda-diallo-rend-visite-a-farba-ngom-en-prison\/#primaryimage"},"thumbnailUrl":"https:\/\/www.public.sn\/wp-content\/uploads\/2025\/10\/thumb_1260x800_68f1efecd6dea_IErkKXE9CF.jpg","datePublished":"2025-10-17T10:32:53+00:00","dateModified":"2025-10-17T10:32:56+00:00","breadcrumb":{"@id":"https:\/\/www.public.sn\/index.php\/2025\/10\/17\/inattendu-abdoulaye-daouda-diallo-rend-visite-a-farba-ngom-en-prison\/#breadcrumb"},"inLanguage":"fr-FR","potentialAction":[{"@type":"ReadAction","target":["https:\/\/www.public.sn\/index.php\/2025\/10\/17\/inattendu-abdoulaye-daouda-diallo-rend-visite-a-farba-ngom-en-prison\/"]}]},{"@type":"ImageObject","inLanguage":"fr-FR","@id":"https:\/\/www.public.sn\/index.php\/2025\/10\/17\/inattendu-abdoulaye-daouda-diallo-rend-visite-a-farba-ngom-en-prison\/#primaryimage","url":"https:\/\/www.public.sn\/wp-content\/uploads\/2025\/10\/thumb_1260x800_68f1efecd6dea_IErkKXE9CF.jpg","contentUrl":"https:\/\/www.public.sn\/wp-content\/uploads\/2025\/10\/thumb_1260x800_68f1efecd6dea_IErkKXE9CF.jpg","width":1260,"height":800},{"@type":"BreadcrumbList","@id":"https:\/\/www.public.sn\/index.php\/2025\/10\/17\/inattendu-abdoulaye-daouda-diallo-rend-visite-a-farba-ngom-en-prison\/#breadcrumb","itemListElement":[{"@type":"ListItem","position":1,"name":"Accueil","item":"https:\/\/www.public.sn\/"},{"@type":"ListItem","position":2,"name":"Inattendu : Abdoulaye Daouda Diallo rend visite \u00e0 Farba Ngom en prison"}]},{"@type":"WebSite","@id":"https:\/\/www.public.sn\/#website","url":"https:\/\/www.public.sn\/","name":"LE PUBLIC","description":"","publisher":{"@id":"https:\/\/www.public.sn\/#organization"},"potentialAction":[{"@type":"SearchAction","target":{"@type":"EntryPoint","urlTemplate":"https:\/\/www.public.sn\/?s={search_term_string}"},"query-input":{"@type":"PropertyValueSpecification","valueRequired":true,"valueName":"search_term_string"}}],"inLanguage":"fr-FR"},{"@type":"Organization","@id":"https:\/\/www.public.sn\/#organization","name":"LE PUBLIC","url":"https:\/\/www.public.sn\/","logo":{"@type":"ImageObject","inLanguage":"fr-FR","@id":"https:\/\/www.public.sn\/#\/schema\/logo\/image\/","url":"https:\/\/www.public.sn\/wp-content\/uploads\/2024\/05\/cropped-LOGO-PUBLIC.SN_.png","contentUrl":"https:\/\/www.public.sn\/wp-content\/uploads\/2024\/05\/cropped-LOGO-PUBLIC.SN_.png","width":682,"height":192,"caption":"LE PUBLIC"},"image":{"@id":"https:\/\/www.public.sn\/#\/schema\/logo\/image\/"}},{"@type":"Person","@id":"https:\/\/www.public.sn\/#\/schema\/person\/cb76c8e1b8becc6be61fb5e92d6d0224","name":"LA REDACTION","image":{"@type":"ImageObject","inLanguage":"fr-FR","@id":"https:\/\/www.public.sn\/#\/schema\/person\/image\/","url":"https:\/\/secure.gravatar.com\/avatar\/2dce5ddd34b8fef0180efe03aa2a9bee7d953856048f9a16b298190a3178407c?s=96&d=mm&r=g","contentUrl":"https:\/\/secure.gravatar.com\/avatar\/2dce5ddd34b8fef0180efe03aa2a9bee7d953856048f9a16b298190a3178407c?s=96&d=mm&r=g","caption":"LA REDACTION"},"url":"https:\/\/www.public.sn\/index.php\/author\/editeurpsn\/"}]}},"jetpack_featured_media_url":"https:\/\/www.public.sn\/wp-content\/uploads\/2025\/10\/thumb_1260x800_68f1efecd6dea_IErkKXE9CF.jpg","jetpack_sharing_enabled":true,"_links":{"self":[{"href":"https:\/\/www.public.sn\/index.php\/wp-json\/wp\/v2\/posts\/37779","targetHints":{"allow":["GET"]}}],"collection":[{"href":"https:\/\/www.public.sn\/index.php\/wp-json\/wp\/v2\/posts"}],"about":[{"href":"https:\/\/www.public.sn\/index.php\/wp-json\/wp\/v2\/types\/post"}],"author":[{"embeddable":true,"href":"https:\/\/www.public.sn\/index.php\/wp-json\/wp\/v2\/users\/7"}],"replies":[{"embeddable":true,"href":"https:\/\/www.public.sn\/index.php\/wp-json\/wp\/v2\/comments?post=37779"}],"version-history":[{"count":1,"href":"https:\/\/www.public.sn\/index.php\/wp-json\/wp\/v2\/posts\/37779\/revisions"}],"predecessor-version":[{"id":37781,"href":"https:\/\/www.public.sn\/index.php\/wp-json\/wp\/v2\/posts\/37779\/revisions\/37781"}],"wp:featuredmedia":[{"embeddable":true,"href":"https:\/\/www.public.sn\/index.php\/wp-json\/wp\/v2\/media\/37780"}],"wp:attachment":[{"href":"https:\/\/www.public.sn\/index.php\/wp-json\/wp\/v2\/media?parent=37779"}],"wp:term":[{"taxonomy":"category","embeddable":true,"href":"https:\/\/www.public.sn\/index.php\/wp-json\/wp\/v2\/categories?post=37779"},{"taxonomy":"post_tag","embeddable":true,"href":"https:\/\/www.public.sn\/index.php\/wp-json\/wp\/v2\/tags?post=37779"}],"curies":[{"name":"wp","href":"https:\/\/api.w.org\/{rel}","templated":true}]}}