{"id":37782,"date":"2025-10-17T13:16:00","date_gmt":"2025-10-17T13:16:00","guid":{"rendered":"https:\/\/www.public.sn\/?p=37782"},"modified":"2025-10-17T13:16:06","modified_gmt":"2025-10-17T13:16:06","slug":"fils-dun-ancien-procureur-arrete-pour-abus-de-confiance-a-guediawaye","status":"publish","type":"post","link":"https:\/\/www.public.sn\/index.php\/2025\/10\/17\/fils-dun-ancien-procureur-arrete-pour-abus-de-confiance-a-guediawaye\/","title":{"rendered":"Fils d\u2019un ancien procureur arr\u00eat\u00e9 pour abus de confiance \u00e0 Gu\u00e9diawaye"},"content":{"rendered":"\n<p><strong>Ibrahima Diop, fils de l&rsquo;ancien procureur de la R\u00e9publique pr\u00e8s le Tribunal de grande instance hors classe de Dakar, Abdou Karim Diop, a \u00e9t\u00e9 interpell\u00e9 par les \u00e9l\u00e9ments du commissariat central de Gu\u00e9diawaye.<\/strong><\/p><div class=\"publi-paragraphe1\" style=\"margin-top: 10px;margin-bottom: 10px;margin-left: auto;margin-right: auto;text-align: center;\" id=\"publi-3428265191\"><div class=\"publi-adlabel\">Publicit\u00e9<\/div><script async src=\"\/\/pagead2.googlesyndication.com\/pagead\/js\/adsbygoogle.js?client=ca-pub-4089586018074219\" crossorigin=\"anonymous\"><\/script><ins class=\"adsbygoogle\" style=\"display:block;\" data-ad-client=\"ca-pub-4089586018074219\" \ndata-ad-slot=\"2087940154\" \ndata-ad-format=\"auto\"><\/ins>\n<script> \n(adsbygoogle = window.adsbygoogle || []).push({}); \n<\/script>\n<\/div>\n\n\n\n<p>Selon seneweb, son arrestation fait suite \u00e0 des faits pr\u00e9sum\u00e9s d\u2019abus de confiance portant sur plusieurs millions de francs CFA.<\/p>\n\n\n\n<p>Le mis en cause devrait \u00eatre pr\u00e9sent\u00e9 dans les prochaines heures au parquet de Pikine-Gu\u00e9diawaye, o\u00f9 il sera fix\u00e9 sur son sort et devra r\u00e9pondre des accusations port\u00e9es contre lui.<\/p>\n\n\n\n<p><\/p>\n\n\n\n<p><\/p>\n<div class=\"publi-apres-le-contenu\" style=\"margin-top: 10px;margin-bottom: 10px;margin-left: auto;margin-right: auto;text-align: center;\" id=\"publi-1640045738\"><div class=\"publi-adlabel\">Publicit\u00e9<\/div><script async src=\"\/\/pagead2.googlesyndication.com\/pagead\/js\/adsbygoogle.js?client=ca-pub-4089586018074219\" crossorigin=\"anonymous\"><\/script><ins class=\"adsbygoogle\" style=\"display:block;\" data-ad-client=\"ca-pub-4089586018074219\" \ndata-ad-slot=\"2087940154\" \ndata-ad-format=\"auto\"><\/ins>\n<script> \n(adsbygoogle = window.adsbygoogle || []).push({}); \n<\/script>\n<\/div>","protected":false},"excerpt":{"rendered":"<p>Ibrahima Diop, fils de l&rsquo;ancien procureur de la R\u00e9publique pr\u00e8s le Tribunal de grande instance hors classe de Dakar, Abdou Karim Diop, a \u00e9t\u00e9 interpell\u00e9 par les \u00e9l\u00e9ments du commissariat central de Gu\u00e9diawaye. Selon seneweb, son arrestation fait suite \u00e0 des faits pr\u00e9sum\u00e9s d\u2019abus de confiance portant sur plusieurs millions de francs CFA. Le mis en cause devrait \u00eatre pr\u00e9sent\u00e9 dans les prochaines heures au parquet de Pikine-Gu\u00e9diawaye, o\u00f9 il sera fix\u00e9 sur son sort et devra r\u00e9pondre des accusations port\u00e9es contre lui.<\/p>\n","protected":false},"author":7,"featured_media":37783,"comment_status":"open","ping_status":"open","sticky":false,"template":"","format":"standard","meta":{"_jetpack_memberships_contains_paid_content":false,"footnotes":""},"categories":[375,3724,1],"tags":[4489,7622,331],"class_list":["post-37782","post","type-post","status-publish","format-standard","has-post-thumbnail","hentry","category-actualites","category-justice","category-non-classe","tag-abdou-karim-diop","tag-fils-dun-ancien-procureur-arrete","tag-guediawaye","entry","has-media","owp-thumbs-layout-horizontal","owp-btn-normal","owp-tabs-layout-horizontal","has-no-thumbnails","has-product-nav"],"yoast_head":"<!-- This site is optimized with the Yoast SEO plugin v25.5 - https:\/\/yoast.com\/wordpress\/plugins\/seo\/ -->\n<title>Fils d\u2019un ancien procureur arr\u00eat\u00e9 pour abus de confiance \u00e0 Gu\u00e9diawaye - LE PUBLIC<\/title>\n<meta name=\"robots\" content=\"index, follow, max-snippet:-1, max-image-preview:large, max-video-preview:-1\" \/>\n<link rel=\"canonical\" href=\"https:\/\/www.public.sn\/index.php\/2025\/10\/17\/fils-dun-ancien-procureur-arrete-pour-abus-de-confiance-a-guediawaye\/\" \/>\n<meta property=\"og:locale\" content=\"fr_FR\" \/>\n<meta property=\"og:type\" content=\"article\" \/>\n<meta property=\"og:title\" content=\"Fils d\u2019un ancien procureur arr\u00eat\u00e9 pour abus de confiance \u00e0 Gu\u00e9diawaye - LE PUBLIC\" \/>\n<meta property=\"og:description\" content=\"Ibrahima Diop, fils de l&rsquo;ancien procureur de la R\u00e9publique pr\u00e8s le Tribunal de grande instance hors classe de Dakar, Abdou Karim Diop, a \u00e9t\u00e9 interpell\u00e9 par les \u00e9l\u00e9ments du commissariat central de Gu\u00e9diawaye. Selon seneweb, son arrestation fait suite \u00e0 des faits pr\u00e9sum\u00e9s d\u2019abus de confiance portant sur plusieurs millions de francs CFA. Le mis en cause devrait \u00eatre pr\u00e9sent\u00e9 dans les prochaines heures au parquet de Pikine-Gu\u00e9diawaye, o\u00f9 il sera fix\u00e9 sur son sort et devra r\u00e9pondre des accusations port\u00e9es contre lui.\" \/>\n<meta property=\"og:url\" content=\"https:\/\/www.public.sn\/index.php\/2025\/10\/17\/fils-dun-ancien-procureur-arrete-pour-abus-de-confiance-a-guediawaye\/\" \/>\n<meta property=\"og:site_name\" content=\"LE PUBLIC\" \/>\n<meta property=\"article:published_time\" content=\"2025-10-17T13:16:00+00:00\" \/>\n<meta property=\"article:modified_time\" content=\"2025-10-17T13:16:06+00:00\" \/>\n<meta property=\"og:image\" content=\"https:\/\/www.public.sn\/wp-content\/uploads\/2025\/10\/thumb_1260x800_68f23146aa9d9_ArLFSe0EB1.jpg\" \/>\n\t<meta property=\"og:image:width\" content=\"1260\" \/>\n\t<meta property=\"og:image:height\" content=\"800\" \/>\n\t<meta property=\"og:image:type\" content=\"image\/jpeg\" \/>\n<meta name=\"author\" content=\"LA REDACTION\" \/>\n<meta name=\"twitter:card\" content=\"summary_large_image\" \/>\n<meta name=\"twitter:label1\" content=\"\u00c9crit par\" \/>\n\t<meta name=\"twitter:data1\" content=\"LA REDACTION\" \/>\n\t<meta name=\"twitter:label2\" content=\"Dur\u00e9e de lecture estim\u00e9e\" \/>\n\t<meta name=\"twitter:data2\" content=\"1 minute\" \/>\n<script type=\"application\/ld+json\" class=\"yoast-schema-graph\">{\"@context\":\"https:\/\/schema.org\",\"@graph\":[{\"@type\":\"Article\",\"@id\":\"https:\/\/www.public.sn\/index.php\/2025\/10\/17\/fils-dun-ancien-procureur-arrete-pour-abus-de-confiance-a-guediawaye\/#article\",\"isPartOf\":{\"@id\":\"https:\/\/www.public.sn\/index.php\/2025\/10\/17\/fils-dun-ancien-procureur-arrete-pour-abus-de-confiance-a-guediawaye\/\"},\"author\":{\"name\":\"LA REDACTION\",\"@id\":\"https:\/\/www.public.sn\/#\/schema\/person\/cb76c8e1b8becc6be61fb5e92d6d0224\"},\"headline\":\"Fils d\u2019un ancien procureur arr\u00eat\u00e9 pour abus de confiance \u00e0 Gu\u00e9diawaye\",\"datePublished\":\"2025-10-17T13:16:00+00:00\",\"dateModified\":\"2025-10-17T13:16:06+00:00\",\"mainEntityOfPage\":{\"@id\":\"https:\/\/www.public.sn\/index.php\/2025\/10\/17\/fils-dun-ancien-procureur-arrete-pour-abus-de-confiance-a-guediawaye\/\"},\"wordCount\":106,\"commentCount\":0,\"publisher\":{\"@id\":\"https:\/\/www.public.sn\/#organization\"},\"image\":{\"@id\":\"https:\/\/www.public.sn\/index.php\/2025\/10\/17\/fils-dun-ancien-procureur-arrete-pour-abus-de-confiance-a-guediawaye\/#primaryimage\"},\"thumbnailUrl\":\"https:\/\/www.public.sn\/wp-content\/uploads\/2025\/10\/thumb_1260x800_68f23146aa9d9_ArLFSe0EB1.jpg\",\"keywords\":[\"Abdou Karim Diop\",\"Fils d\u2019un ancien procureur arr\u00eat\u00e9\",\"Gu\u00e9diawaye\"],\"articleSection\":[\"ACTUALIT\u00c9S\",\"justice\",\"S\u00c9N\u00c9GAL\"],\"inLanguage\":\"fr-FR\",\"potentialAction\":[{\"@type\":\"CommentAction\",\"name\":\"Comment\",\"target\":[\"https:\/\/www.public.sn\/index.php\/2025\/10\/17\/fils-dun-ancien-procureur-arrete-pour-abus-de-confiance-a-guediawaye\/#respond\"]}]},{\"@type\":\"WebPage\",\"@id\":\"https:\/\/www.public.sn\/index.php\/2025\/10\/17\/fils-dun-ancien-procureur-arrete-pour-abus-de-confiance-a-guediawaye\/\",\"url\":\"https:\/\/www.public.sn\/index.php\/2025\/10\/17\/fils-dun-ancien-procureur-arrete-pour-abus-de-confiance-a-guediawaye\/\",\"name\":\"Fils d\u2019un ancien procureur arr\u00eat\u00e9 pour abus de confiance \u00e0 Gu\u00e9diawaye - LE PUBLIC\",\"isPartOf\":{\"@id\":\"https:\/\/www.public.sn\/#website\"},\"primaryImageOfPage\":{\"@id\":\"https:\/\/www.public.sn\/index.php\/2025\/10\/17\/fils-dun-ancien-procureur-arrete-pour-abus-de-confiance-a-guediawaye\/#primaryimage\"},\"image\":{\"@id\":\"https:\/\/www.public.sn\/index.php\/2025\/10\/17\/fils-dun-ancien-procureur-arrete-pour-abus-de-confiance-a-guediawaye\/#primaryimage\"},\"thumbnailUrl\":\"https:\/\/www.public.sn\/wp-content\/uploads\/2025\/10\/thumb_1260x800_68f23146aa9d9_ArLFSe0EB1.jpg\",\"datePublished\":\"2025-10-17T13:16:00+00:00\",\"dateModified\":\"2025-10-17T13:16:06+00:00\",\"breadcrumb\":{\"@id\":\"https:\/\/www.public.sn\/index.php\/2025\/10\/17\/fils-dun-ancien-procureur-arrete-pour-abus-de-confiance-a-guediawaye\/#breadcrumb\"},\"inLanguage\":\"fr-FR\",\"potentialAction\":[{\"@type\":\"ReadAction\",\"target\":[\"https:\/\/www.public.sn\/index.php\/2025\/10\/17\/fils-dun-ancien-procureur-arrete-pour-abus-de-confiance-a-guediawaye\/\"]}]},{\"@type\":\"ImageObject\",\"inLanguage\":\"fr-FR\",\"@id\":\"https:\/\/www.public.sn\/index.php\/2025\/10\/17\/fils-dun-ancien-procureur-arrete-pour-abus-de-confiance-a-guediawaye\/#primaryimage\",\"url\":\"https:\/\/www.public.sn\/wp-content\/uploads\/2025\/10\/thumb_1260x800_68f23146aa9d9_ArLFSe0EB1.jpg\",\"contentUrl\":\"https:\/\/www.public.sn\/wp-content\/uploads\/2025\/10\/thumb_1260x800_68f23146aa9d9_ArLFSe0EB1.jpg\",\"width\":1260,\"height\":800},{\"@type\":\"BreadcrumbList\",\"@id\":\"https:\/\/www.public.sn\/index.php\/2025\/10\/17\/fils-dun-ancien-procureur-arrete-pour-abus-de-confiance-a-guediawaye\/#breadcrumb\",\"itemListElement\":[{\"@type\":\"ListItem\",\"position\":1,\"name\":\"Accueil\",\"item\":\"https:\/\/www.public.sn\/\"},{\"@type\":\"ListItem\",\"position\":2,\"name\":\"Fils d\u2019un ancien procureur arr\u00eat\u00e9 pour abus de confiance \u00e0 Gu\u00e9diawaye\"}]},{\"@type\":\"WebSite\",\"@id\":\"https:\/\/www.public.sn\/#website\",\"url\":\"https:\/\/www.public.sn\/\",\"name\":\"LE PUBLIC\",\"description\":\"\",\"publisher\":{\"@id\":\"https:\/\/www.public.sn\/#organization\"},\"potentialAction\":[{\"@type\":\"SearchAction\",\"target\":{\"@type\":\"EntryPoint\",\"urlTemplate\":\"https:\/\/www.public.sn\/?s={search_term_string}\"},\"query-input\":{\"@type\":\"PropertyValueSpecification\",\"valueRequired\":true,\"valueName\":\"search_term_string\"}}],\"inLanguage\":\"fr-FR\"},{\"@type\":\"Organization\",\"@id\":\"https:\/\/www.public.sn\/#organization\",\"name\":\"LE PUBLIC\",\"url\":\"https:\/\/www.public.sn\/\",\"logo\":{\"@type\":\"ImageObject\",\"inLanguage\":\"fr-FR\",\"@id\":\"https:\/\/www.public.sn\/#\/schema\/logo\/image\/\",\"url\":\"https:\/\/www.public.sn\/wp-content\/uploads\/2024\/05\/cropped-LOGO-PUBLIC.SN_.png\",\"contentUrl\":\"https:\/\/www.public.sn\/wp-content\/uploads\/2024\/05\/cropped-LOGO-PUBLIC.SN_.png\",\"width\":682,\"height\":192,\"caption\":\"LE PUBLIC\"},\"image\":{\"@id\":\"https:\/\/www.public.sn\/#\/schema\/logo\/image\/\"}},{\"@type\":\"Person\",\"@id\":\"https:\/\/www.public.sn\/#\/schema\/person\/cb76c8e1b8becc6be61fb5e92d6d0224\",\"name\":\"LA REDACTION\",\"image\":{\"@type\":\"ImageObject\",\"inLanguage\":\"fr-FR\",\"@id\":\"https:\/\/www.public.sn\/#\/schema\/person\/image\/\",\"url\":\"https:\/\/secure.gravatar.com\/avatar\/2dce5ddd34b8fef0180efe03aa2a9bee7d953856048f9a16b298190a3178407c?s=96&d=mm&r=g\",\"contentUrl\":\"https:\/\/secure.gravatar.com\/avatar\/2dce5ddd34b8fef0180efe03aa2a9bee7d953856048f9a16b298190a3178407c?s=96&d=mm&r=g\",\"caption\":\"LA REDACTION\"},\"url\":\"https:\/\/www.public.sn\/index.php\/author\/editeurpsn\/\"}]}<\/script>\n<!-- \/ Yoast SEO plugin. -->","yoast_head_json":{"title":"Fils d\u2019un ancien procureur arr\u00eat\u00e9 pour abus de confiance \u00e0 Gu\u00e9diawaye - LE PUBLIC","robots":{"index":"index","follow":"follow","max-snippet":"max-snippet:-1","max-image-preview":"max-image-preview:large","max-video-preview":"max-video-preview:-1"},"canonical":"https:\/\/www.public.sn\/index.php\/2025\/10\/17\/fils-dun-ancien-procureur-arrete-pour-abus-de-confiance-a-guediawaye\/","og_locale":"fr_FR","og_type":"article","og_title":"Fils d\u2019un ancien procureur arr\u00eat\u00e9 pour abus de confiance \u00e0 Gu\u00e9diawaye - LE PUBLIC","og_description":"Ibrahima Diop, fils de l&rsquo;ancien procureur de la R\u00e9publique pr\u00e8s le Tribunal de grande instance hors classe de Dakar, Abdou Karim Diop, a \u00e9t\u00e9 interpell\u00e9 par les \u00e9l\u00e9ments du commissariat central de Gu\u00e9diawaye. Selon seneweb, son arrestation fait suite \u00e0 des faits pr\u00e9sum\u00e9s d\u2019abus de confiance portant sur plusieurs millions de francs CFA. Le mis en cause devrait \u00eatre pr\u00e9sent\u00e9 dans les prochaines heures au parquet de Pikine-Gu\u00e9diawaye, o\u00f9 il sera fix\u00e9 sur son sort et devra r\u00e9pondre des accusations port\u00e9es contre lui.","og_url":"https:\/\/www.public.sn\/index.php\/2025\/10\/17\/fils-dun-ancien-procureur-arrete-pour-abus-de-confiance-a-guediawaye\/","og_site_name":"LE PUBLIC","article_published_time":"2025-10-17T13:16:00+00:00","article_modified_time":"2025-10-17T13:16:06+00:00","og_image":[{"width":1260,"height":800,"url":"https:\/\/www.public.sn\/wp-content\/uploads\/2025\/10\/thumb_1260x800_68f23146aa9d9_ArLFSe0EB1.jpg","type":"image\/jpeg"}],"author":"LA REDACTION","twitter_card":"summary_large_image","twitter_misc":{"\u00c9crit par":"LA REDACTION","Dur\u00e9e de lecture estim\u00e9e":"1 minute"},"schema":{"@context":"https:\/\/schema.org","@graph":[{"@type":"Article","@id":"https:\/\/www.public.sn\/index.php\/2025\/10\/17\/fils-dun-ancien-procureur-arrete-pour-abus-de-confiance-a-guediawaye\/#article","isPartOf":{"@id":"https:\/\/www.public.sn\/index.php\/2025\/10\/17\/fils-dun-ancien-procureur-arrete-pour-abus-de-confiance-a-guediawaye\/"},"author":{"name":"LA REDACTION","@id":"https:\/\/www.public.sn\/#\/schema\/person\/cb76c8e1b8becc6be61fb5e92d6d0224"},"headline":"Fils d\u2019un ancien procureur arr\u00eat\u00e9 pour abus de confiance \u00e0 Gu\u00e9diawaye","datePublished":"2025-10-17T13:16:00+00:00","dateModified":"2025-10-17T13:16:06+00:00","mainEntityOfPage":{"@id":"https:\/\/www.public.sn\/index.php\/2025\/10\/17\/fils-dun-ancien-procureur-arrete-pour-abus-de-confiance-a-guediawaye\/"},"wordCount":106,"commentCount":0,"publisher":{"@id":"https:\/\/www.public.sn\/#organization"},"image":{"@id":"https:\/\/www.public.sn\/index.php\/2025\/10\/17\/fils-dun-ancien-procureur-arrete-pour-abus-de-confiance-a-guediawaye\/#primaryimage"},"thumbnailUrl":"https:\/\/www.public.sn\/wp-content\/uploads\/2025\/10\/thumb_1260x800_68f23146aa9d9_ArLFSe0EB1.jpg","keywords":["Abdou Karim Diop","Fils d\u2019un ancien procureur arr\u00eat\u00e9","Gu\u00e9diawaye"],"articleSection":["ACTUALIT\u00c9S","justice","S\u00c9N\u00c9GAL"],"inLanguage":"fr-FR","potentialAction":[{"@type":"CommentAction","name":"Comment","target":["https:\/\/www.public.sn\/index.php\/2025\/10\/17\/fils-dun-ancien-procureur-arrete-pour-abus-de-confiance-a-guediawaye\/#respond"]}]},{"@type":"WebPage","@id":"https:\/\/www.public.sn\/index.php\/2025\/10\/17\/fils-dun-ancien-procureur-arrete-pour-abus-de-confiance-a-guediawaye\/","url":"https:\/\/www.public.sn\/index.php\/2025\/10\/17\/fils-dun-ancien-procureur-arrete-pour-abus-de-confiance-a-guediawaye\/","name":"Fils d\u2019un ancien procureur arr\u00eat\u00e9 pour abus de confiance \u00e0 Gu\u00e9diawaye - LE PUBLIC","isPartOf":{"@id":"https:\/\/www.public.sn\/#website"},"primaryImageOfPage":{"@id":"https:\/\/www.public.sn\/index.php\/2025\/10\/17\/fils-dun-ancien-procureur-arrete-pour-abus-de-confiance-a-guediawaye\/#primaryimage"},"image":{"@id":"https:\/\/www.public.sn\/index.php\/2025\/10\/17\/fils-dun-ancien-procureur-arrete-pour-abus-de-confiance-a-guediawaye\/#primaryimage"},"thumbnailUrl":"https:\/\/www.public.sn\/wp-content\/uploads\/2025\/10\/thumb_1260x800_68f23146aa9d9_ArLFSe0EB1.jpg","datePublished":"2025-10-17T13:16:00+00:00","dateModified":"2025-10-17T13:16:06+00:00","breadcrumb":{"@id":"https:\/\/www.public.sn\/index.php\/2025\/10\/17\/fils-dun-ancien-procureur-arrete-pour-abus-de-confiance-a-guediawaye\/#breadcrumb"},"inLanguage":"fr-FR","potentialAction":[{"@type":"ReadAction","target":["https:\/\/www.public.sn\/index.php\/2025\/10\/17\/fils-dun-ancien-procureur-arrete-pour-abus-de-confiance-a-guediawaye\/"]}]},{"@type":"ImageObject","inLanguage":"fr-FR","@id":"https:\/\/www.public.sn\/index.php\/2025\/10\/17\/fils-dun-ancien-procureur-arrete-pour-abus-de-confiance-a-guediawaye\/#primaryimage","url":"https:\/\/www.public.sn\/wp-content\/uploads\/2025\/10\/thumb_1260x800_68f23146aa9d9_ArLFSe0EB1.jpg","contentUrl":"https:\/\/www.public.sn\/wp-content\/uploads\/2025\/10\/thumb_1260x800_68f23146aa9d9_ArLFSe0EB1.jpg","width":1260,"height":800},{"@type":"BreadcrumbList","@id":"https:\/\/www.public.sn\/index.php\/2025\/10\/17\/fils-dun-ancien-procureur-arrete-pour-abus-de-confiance-a-guediawaye\/#breadcrumb","itemListElement":[{"@type":"ListItem","position":1,"name":"Accueil","item":"https:\/\/www.public.sn\/"},{"@type":"ListItem","position":2,"name":"Fils d\u2019un ancien procureur arr\u00eat\u00e9 pour abus de confiance \u00e0 Gu\u00e9diawaye"}]},{"@type":"WebSite","@id":"https:\/\/www.public.sn\/#website","url":"https:\/\/www.public.sn\/","name":"LE PUBLIC","description":"","publisher":{"@id":"https:\/\/www.public.sn\/#organization"},"potentialAction":[{"@type":"SearchAction","target":{"@type":"EntryPoint","urlTemplate":"https:\/\/www.public.sn\/?s={search_term_string}"},"query-input":{"@type":"PropertyValueSpecification","valueRequired":true,"valueName":"search_term_string"}}],"inLanguage":"fr-FR"},{"@type":"Organization","@id":"https:\/\/www.public.sn\/#organization","name":"LE PUBLIC","url":"https:\/\/www.public.sn\/","logo":{"@type":"ImageObject","inLanguage":"fr-FR","@id":"https:\/\/www.public.sn\/#\/schema\/logo\/image\/","url":"https:\/\/www.public.sn\/wp-content\/uploads\/2024\/05\/cropped-LOGO-PUBLIC.SN_.png","contentUrl":"https:\/\/www.public.sn\/wp-content\/uploads\/2024\/05\/cropped-LOGO-PUBLIC.SN_.png","width":682,"height":192,"caption":"LE PUBLIC"},"image":{"@id":"https:\/\/www.public.sn\/#\/schema\/logo\/image\/"}},{"@type":"Person","@id":"https:\/\/www.public.sn\/#\/schema\/person\/cb76c8e1b8becc6be61fb5e92d6d0224","name":"LA REDACTION","image":{"@type":"ImageObject","inLanguage":"fr-FR","@id":"https:\/\/www.public.sn\/#\/schema\/person\/image\/","url":"https:\/\/secure.gravatar.com\/avatar\/2dce5ddd34b8fef0180efe03aa2a9bee7d953856048f9a16b298190a3178407c?s=96&d=mm&r=g","contentUrl":"https:\/\/secure.gravatar.com\/avatar\/2dce5ddd34b8fef0180efe03aa2a9bee7d953856048f9a16b298190a3178407c?s=96&d=mm&r=g","caption":"LA REDACTION"},"url":"https:\/\/www.public.sn\/index.php\/author\/editeurpsn\/"}]}},"jetpack_featured_media_url":"https:\/\/www.public.sn\/wp-content\/uploads\/2025\/10\/thumb_1260x800_68f23146aa9d9_ArLFSe0EB1.jpg","jetpack_sharing_enabled":true,"_links":{"self":[{"href":"https:\/\/www.public.sn\/index.php\/wp-json\/wp\/v2\/posts\/37782","targetHints":{"allow":["GET"]}}],"collection":[{"href":"https:\/\/www.public.sn\/index.php\/wp-json\/wp\/v2\/posts"}],"about":[{"href":"https:\/\/www.public.sn\/index.php\/wp-json\/wp\/v2\/types\/post"}],"author":[{"embeddable":true,"href":"https:\/\/www.public.sn\/index.php\/wp-json\/wp\/v2\/users\/7"}],"replies":[{"embeddable":true,"href":"https:\/\/www.public.sn\/index.php\/wp-json\/wp\/v2\/comments?post=37782"}],"version-history":[{"count":1,"href":"https:\/\/www.public.sn\/index.php\/wp-json\/wp\/v2\/posts\/37782\/revisions"}],"predecessor-version":[{"id":37784,"href":"https:\/\/www.public.sn\/index.php\/wp-json\/wp\/v2\/posts\/37782\/revisions\/37784"}],"wp:featuredmedia":[{"embeddable":true,"href":"https:\/\/www.public.sn\/index.php\/wp-json\/wp\/v2\/media\/37783"}],"wp:attachment":[{"href":"https:\/\/www.public.sn\/index.php\/wp-json\/wp\/v2\/media?parent=37782"}],"wp:term":[{"taxonomy":"category","embeddable":true,"href":"https:\/\/www.public.sn\/index.php\/wp-json\/wp\/v2\/categories?post=37782"},{"taxonomy":"post_tag","embeddable":true,"href":"https:\/\/www.public.sn\/index.php\/wp-json\/wp\/v2\/tags?post=37782"}],"curies":[{"name":"wp","href":"https:\/\/api.w.org\/{rel}","templated":true}]}}