{"id":37785,"date":"2025-10-17T13:22:33","date_gmt":"2025-10-17T13:22:33","guid":{"rendered":"https:\/\/www.public.sn\/?p=37785"},"modified":"2025-10-17T13:22:41","modified_gmt":"2025-10-17T13:22:41","slug":"mise-en-accusation-de-macky-sall-un-projet-symbolique-seme-dembuches","status":"publish","type":"post","link":"https:\/\/www.public.sn\/index.php\/2025\/10\/17\/mise-en-accusation-de-macky-sall-un-projet-symbolique-seme-dembuches\/","title":{"rendered":"Mise en accusation de Macky Sall : un projet symbolique sem\u00e9 d&#8217;emb\u00fbches"},"content":{"rendered":"\n<p><strong>Le groupe parlementaire de Pastef a franchi une nouvelle \u00e9tape dans sa volont\u00e9 de rendre des comptes \u00e0 l\u2019ancien pr\u00e9sident Macky Sall. Son pr\u00e9sident, Ayib Daff\u00e9, a annonc\u00e9 le d\u00e9p\u00f4t d\u2019un projet de r\u00e9solution de mise en accusation devant la Haute Cour de justice, ce jeudi, \u00e0 l\u2019Assembl\u00e9e nationale.<\/strong><\/p><div class=\"publi-paragraphe1\" style=\"margin-top: 10px;margin-bottom: 10px;margin-left: auto;margin-right: auto;text-align: center;\" id=\"publi-3869141114\"><div class=\"publi-adlabel\">Publicit\u00e9<\/div><script async src=\"\/\/pagead2.googlesyndication.com\/pagead\/js\/adsbygoogle.js?client=ca-pub-4089586018074219\" crossorigin=\"anonymous\"><\/script><ins class=\"adsbygoogle\" style=\"display:block;\" data-ad-client=\"ca-pub-4089586018074219\" \ndata-ad-slot=\"2087940154\" \ndata-ad-format=\"auto\"><\/ins>\n<script> \n(adsbygoogle = window.adsbygoogle || []).push({}); \n<\/script>\n<\/div>\n\n\n\n<p>M\u00eame si le texte a de grandes chances d\u2019\u00eatre adopt\u00e9 gr\u00e2ce \u00e0 la majorit\u00e9 confortable de Pastef, deux obstacles majeurs risquent de rendre la proc\u00e9dure inop\u00e9rante.<\/p>\n\n\n\n<p>Le premier est d\u2019ordre pratique : Macky Sall, install\u00e9 au Maroc depuis la fin de son mandat, n\u2019a pas remis les pieds au S\u00e9n\u00e9gal. Le faire compara\u00eetre devant une juridiction nationale rel\u00e8ve donc, pour l\u2019heure, de l\u2019impossible.<\/p>\n\n\n\n<p>Le second obstacle est d\u2019ordre juridique : la notion de \u00ab\u00a0haute trahison\u00a0\u00bb, motif central de la mise en accusation, n\u2019est pas d\u00e9finie ni par la Constitution s\u00e9n\u00e9galaise, ni par la loi organique encadrant la Haute Cour de justice. Une lacune l\u00e9gislative d\u00e9j\u00e0 soulign\u00e9e par plusieurs observateurs, dont <em>Jeune Afrique<\/em>.<\/p>\n\n\n\n<p>En l\u2019\u00e9tat, cette d\u00e9marche semble donc surtout symbolique, en attendant d\u2019\u00e9ventuelles r\u00e9formes ou clarifications juridiques.<\/p>\n\n\n\n<p>source seneweb<\/p>\n\n\n\n<p><\/p>\n<div class=\"publi-apres-le-contenu\" style=\"margin-top: 10px;margin-bottom: 10px;margin-left: auto;margin-right: auto;text-align: center;\" id=\"publi-3087936889\"><div class=\"publi-adlabel\">Publicit\u00e9<\/div><script async src=\"\/\/pagead2.googlesyndication.com\/pagead\/js\/adsbygoogle.js?client=ca-pub-4089586018074219\" crossorigin=\"anonymous\"><\/script><ins class=\"adsbygoogle\" style=\"display:block;\" data-ad-client=\"ca-pub-4089586018074219\" \ndata-ad-slot=\"2087940154\" \ndata-ad-format=\"auto\"><\/ins>\n<script> \n(adsbygoogle = window.adsbygoogle || []).push({}); \n<\/script>\n<\/div>","protected":false},"excerpt":{"rendered":"<p>Le groupe parlementaire de Pastef a franchi une nouvelle \u00e9tape dans sa volont\u00e9 de rendre des comptes \u00e0 l\u2019ancien pr\u00e9sident Macky Sall. Son pr\u00e9sident, Ayib Daff\u00e9, a annonc\u00e9 le d\u00e9p\u00f4t d\u2019un projet de r\u00e9solution de mise en accusation devant la Haute Cour de justice, ce jeudi, \u00e0 l\u2019Assembl\u00e9e nationale. M\u00eame si le texte a de grandes chances d\u2019\u00eatre adopt\u00e9 gr\u00e2ce \u00e0 la majorit\u00e9 confortable de Pastef, deux obstacles majeurs risquent de rendre la proc\u00e9dure inop\u00e9rante. Le premier est d\u2019ordre pratique : Macky Sall, install\u00e9 au Maroc depuis la fin de son mandat, n\u2019a pas remis les pieds au S\u00e9n\u00e9gal. Le faire compara\u00eetre devant une juridiction nationale rel\u00e8ve donc, pour l\u2019heure, de l\u2019impossible. Le second obstacle est d\u2019ordre juridique : la notion de \u00ab\u00a0haute trahison\u00a0\u00bb, motif central de la mise en accusation, n\u2019est pas d\u00e9finie ni par la Constitution s\u00e9n\u00e9galaise, ni par la loi organique encadrant la Haute Cour de justice. Une lacune l\u00e9gislative d\u00e9j\u00e0 soulign\u00e9e par plusieurs observateurs, dont Jeune Afrique. En l\u2019\u00e9tat, cette d\u00e9marche semble donc surtout symbolique, en attendant d\u2019\u00e9ventuelles r\u00e9formes ou clarifications juridiques. source seneweb<\/p>\n","protected":false},"author":7,"featured_media":37786,"comment_status":"open","ping_status":"open","sticky":false,"template":"","format":"standard","meta":{"_jetpack_memberships_contains_paid_content":false,"footnotes":""},"categories":[375,3724,3,1],"tags":[7624,7623],"class_list":["post-37785","post","type-post","status-publish","format-standard","has-post-thumbnail","hentry","category-actualites","category-justice","category-politique","category-non-classe","tag-lancien-president-macky-sall","tag-mise-en-accusation-de-macky-sall-un-projet-symbolique-seme-dembuches","entry","has-media","owp-thumbs-layout-horizontal","owp-btn-normal","owp-tabs-layout-horizontal","has-no-thumbnails","has-product-nav"],"yoast_head":"<!-- This site is optimized with the Yoast SEO plugin v25.5 - https:\/\/yoast.com\/wordpress\/plugins\/seo\/ -->\n<title>Mise en accusation de Macky Sall : un projet symbolique sem\u00e9 d&#039;emb\u00fbches - LE PUBLIC<\/title>\n<meta name=\"robots\" content=\"index, follow, max-snippet:-1, max-image-preview:large, max-video-preview:-1\" \/>\n<link rel=\"canonical\" href=\"https:\/\/www.public.sn\/index.php\/2025\/10\/17\/mise-en-accusation-de-macky-sall-un-projet-symbolique-seme-dembuches\/\" \/>\n<meta property=\"og:locale\" content=\"fr_FR\" \/>\n<meta property=\"og:type\" content=\"article\" \/>\n<meta property=\"og:title\" content=\"Mise en accusation de Macky Sall : un projet symbolique sem\u00e9 d&#039;emb\u00fbches - LE PUBLIC\" \/>\n<meta property=\"og:description\" content=\"Le groupe parlementaire de Pastef a franchi une nouvelle \u00e9tape dans sa volont\u00e9 de rendre des comptes \u00e0 l\u2019ancien pr\u00e9sident Macky Sall. Son pr\u00e9sident, Ayib Daff\u00e9, a annonc\u00e9 le d\u00e9p\u00f4t d\u2019un projet de r\u00e9solution de mise en accusation devant la Haute Cour de justice, ce jeudi, \u00e0 l\u2019Assembl\u00e9e nationale. M\u00eame si le texte a de grandes chances d\u2019\u00eatre adopt\u00e9 gr\u00e2ce \u00e0 la majorit\u00e9 confortable de Pastef, deux obstacles majeurs risquent de rendre la proc\u00e9dure inop\u00e9rante. Le premier est d\u2019ordre pratique : Macky Sall, install\u00e9 au Maroc depuis la fin de son mandat, n\u2019a pas remis les pieds au S\u00e9n\u00e9gal. Le faire compara\u00eetre devant une juridiction nationale rel\u00e8ve donc, pour l\u2019heure, de l\u2019impossible. Le second obstacle est d\u2019ordre juridique : la notion de \u00ab\u00a0haute trahison\u00a0\u00bb, motif central de la mise en accusation, n\u2019est pas d\u00e9finie ni par la Constitution s\u00e9n\u00e9galaise, ni par la loi organique encadrant la Haute Cour de justice. Une lacune l\u00e9gislative d\u00e9j\u00e0 soulign\u00e9e par plusieurs observateurs, dont Jeune Afrique. En l\u2019\u00e9tat, cette d\u00e9marche semble donc surtout symbolique, en attendant d\u2019\u00e9ventuelles r\u00e9formes ou clarifications juridiques. source seneweb\" \/>\n<meta property=\"og:url\" content=\"https:\/\/www.public.sn\/index.php\/2025\/10\/17\/mise-en-accusation-de-macky-sall-un-projet-symbolique-seme-dembuches\/\" \/>\n<meta property=\"og:site_name\" content=\"LE PUBLIC\" \/>\n<meta property=\"article:published_time\" content=\"2025-10-17T13:22:33+00:00\" \/>\n<meta property=\"article:modified_time\" content=\"2025-10-17T13:22:41+00:00\" \/>\n<meta property=\"og:image\" content=\"https:\/\/www.public.sn\/wp-content\/uploads\/2025\/10\/12-captivating-facts-about-macky-sall-1698410345-1.jpg\" \/>\n\t<meta property=\"og:image:width\" content=\"1600\" \/>\n\t<meta property=\"og:image:height\" content=\"1200\" \/>\n\t<meta property=\"og:image:type\" content=\"image\/jpeg\" \/>\n<meta name=\"author\" content=\"LA REDACTION\" \/>\n<meta name=\"twitter:card\" content=\"summary_large_image\" \/>\n<meta name=\"twitter:label1\" content=\"\u00c9crit par\" \/>\n\t<meta name=\"twitter:data1\" content=\"LA REDACTION\" \/>\n\t<meta name=\"twitter:label2\" content=\"Dur\u00e9e de lecture estim\u00e9e\" \/>\n\t<meta name=\"twitter:data2\" content=\"2 minutes\" \/>\n<script type=\"application\/ld+json\" class=\"yoast-schema-graph\">{\"@context\":\"https:\/\/schema.org\",\"@graph\":[{\"@type\":\"Article\",\"@id\":\"https:\/\/www.public.sn\/index.php\/2025\/10\/17\/mise-en-accusation-de-macky-sall-un-projet-symbolique-seme-dembuches\/#article\",\"isPartOf\":{\"@id\":\"https:\/\/www.public.sn\/index.php\/2025\/10\/17\/mise-en-accusation-de-macky-sall-un-projet-symbolique-seme-dembuches\/\"},\"author\":{\"name\":\"LA REDACTION\",\"@id\":\"https:\/\/www.public.sn\/#\/schema\/person\/cb76c8e1b8becc6be61fb5e92d6d0224\"},\"headline\":\"Mise en accusation de Macky Sall : un projet symbolique sem\u00e9 d&#8217;emb\u00fbches\",\"datePublished\":\"2025-10-17T13:22:33+00:00\",\"dateModified\":\"2025-10-17T13:22:41+00:00\",\"mainEntityOfPage\":{\"@id\":\"https:\/\/www.public.sn\/index.php\/2025\/10\/17\/mise-en-accusation-de-macky-sall-un-projet-symbolique-seme-dembuches\/\"},\"wordCount\":219,\"commentCount\":0,\"publisher\":{\"@id\":\"https:\/\/www.public.sn\/#organization\"},\"image\":{\"@id\":\"https:\/\/www.public.sn\/index.php\/2025\/10\/17\/mise-en-accusation-de-macky-sall-un-projet-symbolique-seme-dembuches\/#primaryimage\"},\"thumbnailUrl\":\"https:\/\/www.public.sn\/wp-content\/uploads\/2025\/10\/12-captivating-facts-about-macky-sall-1698410345-1.jpg\",\"keywords\":[\"l\u2019ancien pr\u00e9sident Macky Sall.\",\"Mise en accusation de Macky Sall : un projet symbolique sem\u00e9 d'emb\u00fbches\"],\"articleSection\":[\"ACTUALIT\u00c9S\",\"justice\",\"POLITIQUE\",\"S\u00c9N\u00c9GAL\"],\"inLanguage\":\"fr-FR\",\"potentialAction\":[{\"@type\":\"CommentAction\",\"name\":\"Comment\",\"target\":[\"https:\/\/www.public.sn\/index.php\/2025\/10\/17\/mise-en-accusation-de-macky-sall-un-projet-symbolique-seme-dembuches\/#respond\"]}]},{\"@type\":\"WebPage\",\"@id\":\"https:\/\/www.public.sn\/index.php\/2025\/10\/17\/mise-en-accusation-de-macky-sall-un-projet-symbolique-seme-dembuches\/\",\"url\":\"https:\/\/www.public.sn\/index.php\/2025\/10\/17\/mise-en-accusation-de-macky-sall-un-projet-symbolique-seme-dembuches\/\",\"name\":\"Mise en accusation de Macky Sall : un projet symbolique sem\u00e9 d'emb\u00fbches - LE PUBLIC\",\"isPartOf\":{\"@id\":\"https:\/\/www.public.sn\/#website\"},\"primaryImageOfPage\":{\"@id\":\"https:\/\/www.public.sn\/index.php\/2025\/10\/17\/mise-en-accusation-de-macky-sall-un-projet-symbolique-seme-dembuches\/#primaryimage\"},\"image\":{\"@id\":\"https:\/\/www.public.sn\/index.php\/2025\/10\/17\/mise-en-accusation-de-macky-sall-un-projet-symbolique-seme-dembuches\/#primaryimage\"},\"thumbnailUrl\":\"https:\/\/www.public.sn\/wp-content\/uploads\/2025\/10\/12-captivating-facts-about-macky-sall-1698410345-1.jpg\",\"datePublished\":\"2025-10-17T13:22:33+00:00\",\"dateModified\":\"2025-10-17T13:22:41+00:00\",\"breadcrumb\":{\"@id\":\"https:\/\/www.public.sn\/index.php\/2025\/10\/17\/mise-en-accusation-de-macky-sall-un-projet-symbolique-seme-dembuches\/#breadcrumb\"},\"inLanguage\":\"fr-FR\",\"potentialAction\":[{\"@type\":\"ReadAction\",\"target\":[\"https:\/\/www.public.sn\/index.php\/2025\/10\/17\/mise-en-accusation-de-macky-sall-un-projet-symbolique-seme-dembuches\/\"]}]},{\"@type\":\"ImageObject\",\"inLanguage\":\"fr-FR\",\"@id\":\"https:\/\/www.public.sn\/index.php\/2025\/10\/17\/mise-en-accusation-de-macky-sall-un-projet-symbolique-seme-dembuches\/#primaryimage\",\"url\":\"https:\/\/www.public.sn\/wp-content\/uploads\/2025\/10\/12-captivating-facts-about-macky-sall-1698410345-1.jpg\",\"contentUrl\":\"https:\/\/www.public.sn\/wp-content\/uploads\/2025\/10\/12-captivating-facts-about-macky-sall-1698410345-1.jpg\",\"width\":1600,\"height\":1200},{\"@type\":\"BreadcrumbList\",\"@id\":\"https:\/\/www.public.sn\/index.php\/2025\/10\/17\/mise-en-accusation-de-macky-sall-un-projet-symbolique-seme-dembuches\/#breadcrumb\",\"itemListElement\":[{\"@type\":\"ListItem\",\"position\":1,\"name\":\"Accueil\",\"item\":\"https:\/\/www.public.sn\/\"},{\"@type\":\"ListItem\",\"position\":2,\"name\":\"Mise en accusation de Macky Sall : un projet symbolique sem\u00e9 d&#8217;emb\u00fbches\"}]},{\"@type\":\"WebSite\",\"@id\":\"https:\/\/www.public.sn\/#website\",\"url\":\"https:\/\/www.public.sn\/\",\"name\":\"LE PUBLIC\",\"description\":\"\",\"publisher\":{\"@id\":\"https:\/\/www.public.sn\/#organization\"},\"potentialAction\":[{\"@type\":\"SearchAction\",\"target\":{\"@type\":\"EntryPoint\",\"urlTemplate\":\"https:\/\/www.public.sn\/?s={search_term_string}\"},\"query-input\":{\"@type\":\"PropertyValueSpecification\",\"valueRequired\":true,\"valueName\":\"search_term_string\"}}],\"inLanguage\":\"fr-FR\"},{\"@type\":\"Organization\",\"@id\":\"https:\/\/www.public.sn\/#organization\",\"name\":\"LE PUBLIC\",\"url\":\"https:\/\/www.public.sn\/\",\"logo\":{\"@type\":\"ImageObject\",\"inLanguage\":\"fr-FR\",\"@id\":\"https:\/\/www.public.sn\/#\/schema\/logo\/image\/\",\"url\":\"https:\/\/www.public.sn\/wp-content\/uploads\/2024\/05\/cropped-LOGO-PUBLIC.SN_.png\",\"contentUrl\":\"https:\/\/www.public.sn\/wp-content\/uploads\/2024\/05\/cropped-LOGO-PUBLIC.SN_.png\",\"width\":682,\"height\":192,\"caption\":\"LE PUBLIC\"},\"image\":{\"@id\":\"https:\/\/www.public.sn\/#\/schema\/logo\/image\/\"}},{\"@type\":\"Person\",\"@id\":\"https:\/\/www.public.sn\/#\/schema\/person\/cb76c8e1b8becc6be61fb5e92d6d0224\",\"name\":\"LA REDACTION\",\"image\":{\"@type\":\"ImageObject\",\"inLanguage\":\"fr-FR\",\"@id\":\"https:\/\/www.public.sn\/#\/schema\/person\/image\/\",\"url\":\"https:\/\/secure.gravatar.com\/avatar\/2dce5ddd34b8fef0180efe03aa2a9bee7d953856048f9a16b298190a3178407c?s=96&d=mm&r=g\",\"contentUrl\":\"https:\/\/secure.gravatar.com\/avatar\/2dce5ddd34b8fef0180efe03aa2a9bee7d953856048f9a16b298190a3178407c?s=96&d=mm&r=g\",\"caption\":\"LA REDACTION\"},\"url\":\"https:\/\/www.public.sn\/index.php\/author\/editeurpsn\/\"}]}<\/script>\n<!-- \/ Yoast SEO plugin. -->","yoast_head_json":{"title":"Mise en accusation de Macky Sall : un projet symbolique sem\u00e9 d'emb\u00fbches - LE PUBLIC","robots":{"index":"index","follow":"follow","max-snippet":"max-snippet:-1","max-image-preview":"max-image-preview:large","max-video-preview":"max-video-preview:-1"},"canonical":"https:\/\/www.public.sn\/index.php\/2025\/10\/17\/mise-en-accusation-de-macky-sall-un-projet-symbolique-seme-dembuches\/","og_locale":"fr_FR","og_type":"article","og_title":"Mise en accusation de Macky Sall : un projet symbolique sem\u00e9 d'emb\u00fbches - LE PUBLIC","og_description":"Le groupe parlementaire de Pastef a franchi une nouvelle \u00e9tape dans sa volont\u00e9 de rendre des comptes \u00e0 l\u2019ancien pr\u00e9sident Macky Sall. Son pr\u00e9sident, Ayib Daff\u00e9, a annonc\u00e9 le d\u00e9p\u00f4t d\u2019un projet de r\u00e9solution de mise en accusation devant la Haute Cour de justice, ce jeudi, \u00e0 l\u2019Assembl\u00e9e nationale. M\u00eame si le texte a de grandes chances d\u2019\u00eatre adopt\u00e9 gr\u00e2ce \u00e0 la majorit\u00e9 confortable de Pastef, deux obstacles majeurs risquent de rendre la proc\u00e9dure inop\u00e9rante. Le premier est d\u2019ordre pratique : Macky Sall, install\u00e9 au Maroc depuis la fin de son mandat, n\u2019a pas remis les pieds au S\u00e9n\u00e9gal. Le faire compara\u00eetre devant une juridiction nationale rel\u00e8ve donc, pour l\u2019heure, de l\u2019impossible. Le second obstacle est d\u2019ordre juridique : la notion de \u00ab\u00a0haute trahison\u00a0\u00bb, motif central de la mise en accusation, n\u2019est pas d\u00e9finie ni par la Constitution s\u00e9n\u00e9galaise, ni par la loi organique encadrant la Haute Cour de justice. Une lacune l\u00e9gislative d\u00e9j\u00e0 soulign\u00e9e par plusieurs observateurs, dont Jeune Afrique. En l\u2019\u00e9tat, cette d\u00e9marche semble donc surtout symbolique, en attendant d\u2019\u00e9ventuelles r\u00e9formes ou clarifications juridiques. source seneweb","og_url":"https:\/\/www.public.sn\/index.php\/2025\/10\/17\/mise-en-accusation-de-macky-sall-un-projet-symbolique-seme-dembuches\/","og_site_name":"LE PUBLIC","article_published_time":"2025-10-17T13:22:33+00:00","article_modified_time":"2025-10-17T13:22:41+00:00","og_image":[{"width":1600,"height":1200,"url":"https:\/\/www.public.sn\/wp-content\/uploads\/2025\/10\/12-captivating-facts-about-macky-sall-1698410345-1.jpg","type":"image\/jpeg"}],"author":"LA REDACTION","twitter_card":"summary_large_image","twitter_misc":{"\u00c9crit par":"LA REDACTION","Dur\u00e9e de lecture estim\u00e9e":"2 minutes"},"schema":{"@context":"https:\/\/schema.org","@graph":[{"@type":"Article","@id":"https:\/\/www.public.sn\/index.php\/2025\/10\/17\/mise-en-accusation-de-macky-sall-un-projet-symbolique-seme-dembuches\/#article","isPartOf":{"@id":"https:\/\/www.public.sn\/index.php\/2025\/10\/17\/mise-en-accusation-de-macky-sall-un-projet-symbolique-seme-dembuches\/"},"author":{"name":"LA REDACTION","@id":"https:\/\/www.public.sn\/#\/schema\/person\/cb76c8e1b8becc6be61fb5e92d6d0224"},"headline":"Mise en accusation de Macky Sall : un projet symbolique sem\u00e9 d&#8217;emb\u00fbches","datePublished":"2025-10-17T13:22:33+00:00","dateModified":"2025-10-17T13:22:41+00:00","mainEntityOfPage":{"@id":"https:\/\/www.public.sn\/index.php\/2025\/10\/17\/mise-en-accusation-de-macky-sall-un-projet-symbolique-seme-dembuches\/"},"wordCount":219,"commentCount":0,"publisher":{"@id":"https:\/\/www.public.sn\/#organization"},"image":{"@id":"https:\/\/www.public.sn\/index.php\/2025\/10\/17\/mise-en-accusation-de-macky-sall-un-projet-symbolique-seme-dembuches\/#primaryimage"},"thumbnailUrl":"https:\/\/www.public.sn\/wp-content\/uploads\/2025\/10\/12-captivating-facts-about-macky-sall-1698410345-1.jpg","keywords":["l\u2019ancien pr\u00e9sident Macky Sall.","Mise en accusation de Macky Sall : un projet symbolique sem\u00e9 d'emb\u00fbches"],"articleSection":["ACTUALIT\u00c9S","justice","POLITIQUE","S\u00c9N\u00c9GAL"],"inLanguage":"fr-FR","potentialAction":[{"@type":"CommentAction","name":"Comment","target":["https:\/\/www.public.sn\/index.php\/2025\/10\/17\/mise-en-accusation-de-macky-sall-un-projet-symbolique-seme-dembuches\/#respond"]}]},{"@type":"WebPage","@id":"https:\/\/www.public.sn\/index.php\/2025\/10\/17\/mise-en-accusation-de-macky-sall-un-projet-symbolique-seme-dembuches\/","url":"https:\/\/www.public.sn\/index.php\/2025\/10\/17\/mise-en-accusation-de-macky-sall-un-projet-symbolique-seme-dembuches\/","name":"Mise en accusation de Macky Sall : un projet symbolique sem\u00e9 d'emb\u00fbches - LE PUBLIC","isPartOf":{"@id":"https:\/\/www.public.sn\/#website"},"primaryImageOfPage":{"@id":"https:\/\/www.public.sn\/index.php\/2025\/10\/17\/mise-en-accusation-de-macky-sall-un-projet-symbolique-seme-dembuches\/#primaryimage"},"image":{"@id":"https:\/\/www.public.sn\/index.php\/2025\/10\/17\/mise-en-accusation-de-macky-sall-un-projet-symbolique-seme-dembuches\/#primaryimage"},"thumbnailUrl":"https:\/\/www.public.sn\/wp-content\/uploads\/2025\/10\/12-captivating-facts-about-macky-sall-1698410345-1.jpg","datePublished":"2025-10-17T13:22:33+00:00","dateModified":"2025-10-17T13:22:41+00:00","breadcrumb":{"@id":"https:\/\/www.public.sn\/index.php\/2025\/10\/17\/mise-en-accusation-de-macky-sall-un-projet-symbolique-seme-dembuches\/#breadcrumb"},"inLanguage":"fr-FR","potentialAction":[{"@type":"ReadAction","target":["https:\/\/www.public.sn\/index.php\/2025\/10\/17\/mise-en-accusation-de-macky-sall-un-projet-symbolique-seme-dembuches\/"]}]},{"@type":"ImageObject","inLanguage":"fr-FR","@id":"https:\/\/www.public.sn\/index.php\/2025\/10\/17\/mise-en-accusation-de-macky-sall-un-projet-symbolique-seme-dembuches\/#primaryimage","url":"https:\/\/www.public.sn\/wp-content\/uploads\/2025\/10\/12-captivating-facts-about-macky-sall-1698410345-1.jpg","contentUrl":"https:\/\/www.public.sn\/wp-content\/uploads\/2025\/10\/12-captivating-facts-about-macky-sall-1698410345-1.jpg","width":1600,"height":1200},{"@type":"BreadcrumbList","@id":"https:\/\/www.public.sn\/index.php\/2025\/10\/17\/mise-en-accusation-de-macky-sall-un-projet-symbolique-seme-dembuches\/#breadcrumb","itemListElement":[{"@type":"ListItem","position":1,"name":"Accueil","item":"https:\/\/www.public.sn\/"},{"@type":"ListItem","position":2,"name":"Mise en accusation de Macky Sall : un projet symbolique sem\u00e9 d&#8217;emb\u00fbches"}]},{"@type":"WebSite","@id":"https:\/\/www.public.sn\/#website","url":"https:\/\/www.public.sn\/","name":"LE PUBLIC","description":"","publisher":{"@id":"https:\/\/www.public.sn\/#organization"},"potentialAction":[{"@type":"SearchAction","target":{"@type":"EntryPoint","urlTemplate":"https:\/\/www.public.sn\/?s={search_term_string}"},"query-input":{"@type":"PropertyValueSpecification","valueRequired":true,"valueName":"search_term_string"}}],"inLanguage":"fr-FR"},{"@type":"Organization","@id":"https:\/\/www.public.sn\/#organization","name":"LE PUBLIC","url":"https:\/\/www.public.sn\/","logo":{"@type":"ImageObject","inLanguage":"fr-FR","@id":"https:\/\/www.public.sn\/#\/schema\/logo\/image\/","url":"https:\/\/www.public.sn\/wp-content\/uploads\/2024\/05\/cropped-LOGO-PUBLIC.SN_.png","contentUrl":"https:\/\/www.public.sn\/wp-content\/uploads\/2024\/05\/cropped-LOGO-PUBLIC.SN_.png","width":682,"height":192,"caption":"LE PUBLIC"},"image":{"@id":"https:\/\/www.public.sn\/#\/schema\/logo\/image\/"}},{"@type":"Person","@id":"https:\/\/www.public.sn\/#\/schema\/person\/cb76c8e1b8becc6be61fb5e92d6d0224","name":"LA REDACTION","image":{"@type":"ImageObject","inLanguage":"fr-FR","@id":"https:\/\/www.public.sn\/#\/schema\/person\/image\/","url":"https:\/\/secure.gravatar.com\/avatar\/2dce5ddd34b8fef0180efe03aa2a9bee7d953856048f9a16b298190a3178407c?s=96&d=mm&r=g","contentUrl":"https:\/\/secure.gravatar.com\/avatar\/2dce5ddd34b8fef0180efe03aa2a9bee7d953856048f9a16b298190a3178407c?s=96&d=mm&r=g","caption":"LA REDACTION"},"url":"https:\/\/www.public.sn\/index.php\/author\/editeurpsn\/"}]}},"jetpack_featured_media_url":"https:\/\/www.public.sn\/wp-content\/uploads\/2025\/10\/12-captivating-facts-about-macky-sall-1698410345-1.jpg","jetpack_sharing_enabled":true,"_links":{"self":[{"href":"https:\/\/www.public.sn\/index.php\/wp-json\/wp\/v2\/posts\/37785","targetHints":{"allow":["GET"]}}],"collection":[{"href":"https:\/\/www.public.sn\/index.php\/wp-json\/wp\/v2\/posts"}],"about":[{"href":"https:\/\/www.public.sn\/index.php\/wp-json\/wp\/v2\/types\/post"}],"author":[{"embeddable":true,"href":"https:\/\/www.public.sn\/index.php\/wp-json\/wp\/v2\/users\/7"}],"replies":[{"embeddable":true,"href":"https:\/\/www.public.sn\/index.php\/wp-json\/wp\/v2\/comments?post=37785"}],"version-history":[{"count":1,"href":"https:\/\/www.public.sn\/index.php\/wp-json\/wp\/v2\/posts\/37785\/revisions"}],"predecessor-version":[{"id":37787,"href":"https:\/\/www.public.sn\/index.php\/wp-json\/wp\/v2\/posts\/37785\/revisions\/37787"}],"wp:featuredmedia":[{"embeddable":true,"href":"https:\/\/www.public.sn\/index.php\/wp-json\/wp\/v2\/media\/37786"}],"wp:attachment":[{"href":"https:\/\/www.public.sn\/index.php\/wp-json\/wp\/v2\/media?parent=37785"}],"wp:term":[{"taxonomy":"category","embeddable":true,"href":"https:\/\/www.public.sn\/index.php\/wp-json\/wp\/v2\/categories?post=37785"},{"taxonomy":"post_tag","embeddable":true,"href":"https:\/\/www.public.sn\/index.php\/wp-json\/wp\/v2\/tags?post=37785"}],"curies":[{"name":"wp","href":"https:\/\/api.w.org\/{rel}","templated":true}]}}