{"id":37788,"date":"2025-10-17T14:55:23","date_gmt":"2025-10-17T14:55:23","guid":{"rendered":"https:\/\/www.public.sn\/?p=37788"},"modified":"2025-10-17T14:55:32","modified_gmt":"2025-10-17T14:55:32","slug":"madagascar-le-colonel-randrianirina-investi-president-de-la-refondation-apres-la-chute-de-rajoelina","status":"publish","type":"post","link":"https:\/\/www.public.sn\/index.php\/2025\/10\/17\/madagascar-le-colonel-randrianirina-investi-president-de-la-refondation-apres-la-chute-de-rajoelina\/","title":{"rendered":"Madagascar : Le colonel Randrianirina investi pr\u00e9sident de la refondation apr\u00e8s la chute de Rajoelina"},"content":{"rendered":"\n<p>Madagascar traverse une profonde crise politique depuis le d\u00e9but des manifestations sociales du 25 septembre 2025. Celles-ci ont conduit \u00e0 la fuite du pr\u00e9sident Andry Rajoelina le 12 octobre, puis \u00e0 sa destitution par l\u2019Assembl\u00e9e nationale deux jours plus tard.<\/p><div class=\"publi-paragraphe1\" style=\"margin-top: 10px;margin-bottom: 10px;margin-left: auto;margin-right: auto;text-align: center;\" id=\"publi-2603133224\"><div class=\"publi-adlabel\">Publicit\u00e9<\/div><script async src=\"\/\/pagead2.googlesyndication.com\/pagead\/js\/adsbygoogle.js?client=ca-pub-4089586018074219\" crossorigin=\"anonymous\"><\/script><ins class=\"adsbygoogle\" style=\"display:block;\" data-ad-client=\"ca-pub-4089586018074219\" \ndata-ad-slot=\"2087940154\" \ndata-ad-format=\"auto\"><\/ins>\n<script> \n(adsbygoogle = window.adsbygoogle || []).push({}); \n<\/script>\n<\/div>\n\n\n\n<p>Ce vendredi 17 octobre, le colonel Michael Randrianirina a \u00e9t\u00e9 officiellement investi pr\u00e9sident de la Refondation par la Haute Cour constitutionnelle. Connu pour avoir refus\u00e9 la r\u00e9pression des manifestants, il a promis un changement radical, d\u00e9non\u00e7ant un r\u00e9gime autoritaire et corrompu. Il a \u00e9voqu\u00e9 l\u2019\u00e9veil d\u2019une jeunesse en qu\u00eate de justice, notamment la G\u00e9n\u00e9ration Z, au c\u0153ur de la mobilisation.<\/p>\n\n\n\n<p>Dans un discours solennel, il s\u2019est engag\u00e9 \u00e0 garantir les libert\u00e9s fondamentales, r\u00e9parer les injustices et associer toutes les forces vives \u00e0 la reconstruction du pays. Il a aussi appel\u00e9 la communaut\u00e9 internationale \u00e0 accompagner le processus de refondation.<\/p>\n\n\n\n<p>La c\u00e9r\u00e9monie, in\u00e9dite par sa tenue \u00e0 la HCC au lieu d\u2019un stade, a rassembl\u00e9 des hauts grad\u00e9s, des membres du gouvernement, des figures de la soci\u00e9t\u00e9 civile, ainsi que plusieurs diplomates \u00e9trangers (UE, \u00c9tats-Unis, France, Chine, Japon, Russie). Une pr\u00e9sence interpr\u00e9t\u00e9e comme un signe de reconnaissance tacite du nouveau r\u00e9gime.<\/p>\n\n\n\n<p>source RFI<\/p>\n\n\n\n<p><\/p>\n<div class=\"publi-apres-le-contenu\" style=\"margin-top: 10px;margin-bottom: 10px;margin-left: auto;margin-right: auto;text-align: center;\" id=\"publi-274166651\"><div class=\"publi-adlabel\">Publicit\u00e9<\/div><script async src=\"\/\/pagead2.googlesyndication.com\/pagead\/js\/adsbygoogle.js?client=ca-pub-4089586018074219\" crossorigin=\"anonymous\"><\/script><ins class=\"adsbygoogle\" style=\"display:block;\" data-ad-client=\"ca-pub-4089586018074219\" \ndata-ad-slot=\"2087940154\" \ndata-ad-format=\"auto\"><\/ins>\n<script> \n(adsbygoogle = window.adsbygoogle || []).push({}); \n<\/script>\n<\/div>","protected":false},"excerpt":{"rendered":"<p>Madagascar traverse une profonde crise politique depuis le d\u00e9but des manifestations sociales du 25 septembre 2025. Celles-ci ont conduit \u00e0 la fuite du pr\u00e9sident Andry Rajoelina le 12 octobre, puis \u00e0 sa destitution par l\u2019Assembl\u00e9e nationale deux jours plus tard. Ce vendredi 17 octobre, le colonel Michael Randrianirina a \u00e9t\u00e9 officiellement investi pr\u00e9sident de la Refondation par la Haute Cour constitutionnelle. Connu pour avoir refus\u00e9 la r\u00e9pression des manifestants, il a promis un changement radical, d\u00e9non\u00e7ant un r\u00e9gime autoritaire et corrompu. Il a \u00e9voqu\u00e9 l\u2019\u00e9veil d\u2019une jeunesse en qu\u00eate de justice, notamment la G\u00e9n\u00e9ration Z, au c\u0153ur de la mobilisation. Dans un discours solennel, il s\u2019est engag\u00e9 \u00e0 garantir les libert\u00e9s fondamentales, r\u00e9parer les injustices et associer toutes les forces vives \u00e0 la reconstruction du pays. Il a aussi appel\u00e9 la communaut\u00e9 internationale \u00e0 accompagner le processus de refondation. La c\u00e9r\u00e9monie, in\u00e9dite par sa tenue \u00e0 la HCC au lieu d\u2019un stade, a rassembl\u00e9 des hauts grad\u00e9s, des membres du gouvernement, des figures de la soci\u00e9t\u00e9 civile, ainsi que plusieurs diplomates \u00e9trangers (UE, \u00c9tats-Unis, France, Chine, Japon, Russie). Une pr\u00e9sence interpr\u00e9t\u00e9e comme un signe de reconnaissance tacite du nouveau r\u00e9gime. source RFI<\/p>\n","protected":false},"author":7,"featured_media":37790,"comment_status":"open","ping_status":"open","sticky":false,"template":"","format":"standard","meta":{"_jetpack_memberships_contains_paid_content":false,"footnotes":""},"categories":[375,3728,3],"tags":[7625],"class_list":["post-37788","post","type-post","status-publish","format-standard","has-post-thumbnail","hentry","category-actualites","category-internationale","category-politique","tag-nternationale","entry","has-media","owp-thumbs-layout-horizontal","owp-btn-normal","owp-tabs-layout-horizontal","has-no-thumbnails","has-product-nav"],"yoast_head":"<!-- This site is optimized with the Yoast SEO plugin v25.5 - https:\/\/yoast.com\/wordpress\/plugins\/seo\/ -->\n<title>Madagascar : Le colonel Randrianirina investi pr\u00e9sident de la refondation apr\u00e8s la chute de Rajoelina - LE PUBLIC<\/title>\n<meta name=\"robots\" content=\"index, follow, max-snippet:-1, max-image-preview:large, max-video-preview:-1\" \/>\n<link rel=\"canonical\" href=\"https:\/\/www.public.sn\/index.php\/2025\/10\/17\/madagascar-le-colonel-randrianirina-investi-president-de-la-refondation-apres-la-chute-de-rajoelina\/\" \/>\n<meta property=\"og:locale\" content=\"fr_FR\" \/>\n<meta property=\"og:type\" content=\"article\" \/>\n<meta property=\"og:title\" content=\"Madagascar : Le colonel Randrianirina investi pr\u00e9sident de la refondation apr\u00e8s la chute de Rajoelina - LE PUBLIC\" \/>\n<meta property=\"og:description\" content=\"Madagascar traverse une profonde crise politique depuis le d\u00e9but des manifestations sociales du 25 septembre 2025. Celles-ci ont conduit \u00e0 la fuite du pr\u00e9sident Andry Rajoelina le 12 octobre, puis \u00e0 sa destitution par l\u2019Assembl\u00e9e nationale deux jours plus tard. Ce vendredi 17 octobre, le colonel Michael Randrianirina a \u00e9t\u00e9 officiellement investi pr\u00e9sident de la Refondation par la Haute Cour constitutionnelle. Connu pour avoir refus\u00e9 la r\u00e9pression des manifestants, il a promis un changement radical, d\u00e9non\u00e7ant un r\u00e9gime autoritaire et corrompu. Il a \u00e9voqu\u00e9 l\u2019\u00e9veil d\u2019une jeunesse en qu\u00eate de justice, notamment la G\u00e9n\u00e9ration Z, au c\u0153ur de la mobilisation. Dans un discours solennel, il s\u2019est engag\u00e9 \u00e0 garantir les libert\u00e9s fondamentales, r\u00e9parer les injustices et associer toutes les forces vives \u00e0 la reconstruction du pays. Il a aussi appel\u00e9 la communaut\u00e9 internationale \u00e0 accompagner le processus de refondation. La c\u00e9r\u00e9monie, in\u00e9dite par sa tenue \u00e0 la HCC au lieu d\u2019un stade, a rassembl\u00e9 des hauts grad\u00e9s, des membres du gouvernement, des figures de la soci\u00e9t\u00e9 civile, ainsi que plusieurs diplomates \u00e9trangers (UE, \u00c9tats-Unis, France, Chine, Japon, Russie). Une pr\u00e9sence interpr\u00e9t\u00e9e comme un signe de reconnaissance tacite du nouveau r\u00e9gime. source RFI\" \/>\n<meta property=\"og:url\" content=\"https:\/\/www.public.sn\/index.php\/2025\/10\/17\/madagascar-le-colonel-randrianirina-investi-president-de-la-refondation-apres-la-chute-de-rajoelina\/\" \/>\n<meta property=\"og:site_name\" content=\"LE PUBLIC\" \/>\n<meta property=\"article:published_time\" content=\"2025-10-17T14:55:23+00:00\" \/>\n<meta property=\"article:modified_time\" content=\"2025-10-17T14:55:32+00:00\" \/>\n<meta property=\"og:image\" content=\"https:\/\/www.public.sn\/wp-content\/uploads\/2025\/10\/1760632676884.jpg\" \/>\n\t<meta property=\"og:image:width\" content=\"637\" \/>\n\t<meta property=\"og:image:height\" content=\"481\" \/>\n\t<meta property=\"og:image:type\" content=\"image\/jpeg\" \/>\n<meta name=\"author\" content=\"LA REDACTION\" \/>\n<meta name=\"twitter:card\" content=\"summary_large_image\" \/>\n<meta name=\"twitter:label1\" content=\"\u00c9crit par\" \/>\n\t<meta name=\"twitter:data1\" content=\"LA REDACTION\" \/>\n\t<meta name=\"twitter:label2\" content=\"Dur\u00e9e de lecture estim\u00e9e\" \/>\n\t<meta name=\"twitter:data2\" content=\"2 minutes\" \/>\n<script type=\"application\/ld+json\" class=\"yoast-schema-graph\">{\"@context\":\"https:\/\/schema.org\",\"@graph\":[{\"@type\":\"Article\",\"@id\":\"https:\/\/www.public.sn\/index.php\/2025\/10\/17\/madagascar-le-colonel-randrianirina-investi-president-de-la-refondation-apres-la-chute-de-rajoelina\/#article\",\"isPartOf\":{\"@id\":\"https:\/\/www.public.sn\/index.php\/2025\/10\/17\/madagascar-le-colonel-randrianirina-investi-president-de-la-refondation-apres-la-chute-de-rajoelina\/\"},\"author\":{\"name\":\"LA REDACTION\",\"@id\":\"https:\/\/www.public.sn\/#\/schema\/person\/cb76c8e1b8becc6be61fb5e92d6d0224\"},\"headline\":\"Madagascar : Le colonel Randrianirina investi pr\u00e9sident de la refondation apr\u00e8s la chute de Rajoelina\",\"datePublished\":\"2025-10-17T14:55:23+00:00\",\"dateModified\":\"2025-10-17T14:55:32+00:00\",\"mainEntityOfPage\":{\"@id\":\"https:\/\/www.public.sn\/index.php\/2025\/10\/17\/madagascar-le-colonel-randrianirina-investi-president-de-la-refondation-apres-la-chute-de-rajoelina\/\"},\"wordCount\":226,\"commentCount\":0,\"publisher\":{\"@id\":\"https:\/\/www.public.sn\/#organization\"},\"image\":{\"@id\":\"https:\/\/www.public.sn\/index.php\/2025\/10\/17\/madagascar-le-colonel-randrianirina-investi-president-de-la-refondation-apres-la-chute-de-rajoelina\/#primaryimage\"},\"thumbnailUrl\":\"https:\/\/www.public.sn\/wp-content\/uploads\/2025\/10\/1760632676884.jpg\",\"keywords\":[\"NTERNATIONALE\"],\"articleSection\":[\"ACTUALIT\u00c9S\",\"internationale\",\"POLITIQUE\"],\"inLanguage\":\"fr-FR\",\"potentialAction\":[{\"@type\":\"CommentAction\",\"name\":\"Comment\",\"target\":[\"https:\/\/www.public.sn\/index.php\/2025\/10\/17\/madagascar-le-colonel-randrianirina-investi-president-de-la-refondation-apres-la-chute-de-rajoelina\/#respond\"]}]},{\"@type\":\"WebPage\",\"@id\":\"https:\/\/www.public.sn\/index.php\/2025\/10\/17\/madagascar-le-colonel-randrianirina-investi-president-de-la-refondation-apres-la-chute-de-rajoelina\/\",\"url\":\"https:\/\/www.public.sn\/index.php\/2025\/10\/17\/madagascar-le-colonel-randrianirina-investi-president-de-la-refondation-apres-la-chute-de-rajoelina\/\",\"name\":\"Madagascar : Le colonel Randrianirina investi pr\u00e9sident de la refondation apr\u00e8s la chute de Rajoelina - LE PUBLIC\",\"isPartOf\":{\"@id\":\"https:\/\/www.public.sn\/#website\"},\"primaryImageOfPage\":{\"@id\":\"https:\/\/www.public.sn\/index.php\/2025\/10\/17\/madagascar-le-colonel-randrianirina-investi-president-de-la-refondation-apres-la-chute-de-rajoelina\/#primaryimage\"},\"image\":{\"@id\":\"https:\/\/www.public.sn\/index.php\/2025\/10\/17\/madagascar-le-colonel-randrianirina-investi-president-de-la-refondation-apres-la-chute-de-rajoelina\/#primaryimage\"},\"thumbnailUrl\":\"https:\/\/www.public.sn\/wp-content\/uploads\/2025\/10\/1760632676884.jpg\",\"datePublished\":\"2025-10-17T14:55:23+00:00\",\"dateModified\":\"2025-10-17T14:55:32+00:00\",\"breadcrumb\":{\"@id\":\"https:\/\/www.public.sn\/index.php\/2025\/10\/17\/madagascar-le-colonel-randrianirina-investi-president-de-la-refondation-apres-la-chute-de-rajoelina\/#breadcrumb\"},\"inLanguage\":\"fr-FR\",\"potentialAction\":[{\"@type\":\"ReadAction\",\"target\":[\"https:\/\/www.public.sn\/index.php\/2025\/10\/17\/madagascar-le-colonel-randrianirina-investi-president-de-la-refondation-apres-la-chute-de-rajoelina\/\"]}]},{\"@type\":\"ImageObject\",\"inLanguage\":\"fr-FR\",\"@id\":\"https:\/\/www.public.sn\/index.php\/2025\/10\/17\/madagascar-le-colonel-randrianirina-investi-president-de-la-refondation-apres-la-chute-de-rajoelina\/#primaryimage\",\"url\":\"https:\/\/www.public.sn\/wp-content\/uploads\/2025\/10\/1760632676884.jpg\",\"contentUrl\":\"https:\/\/www.public.sn\/wp-content\/uploads\/2025\/10\/1760632676884.jpg\",\"width\":637,\"height\":481},{\"@type\":\"BreadcrumbList\",\"@id\":\"https:\/\/www.public.sn\/index.php\/2025\/10\/17\/madagascar-le-colonel-randrianirina-investi-president-de-la-refondation-apres-la-chute-de-rajoelina\/#breadcrumb\",\"itemListElement\":[{\"@type\":\"ListItem\",\"position\":1,\"name\":\"Accueil\",\"item\":\"https:\/\/www.public.sn\/\"},{\"@type\":\"ListItem\",\"position\":2,\"name\":\"Madagascar : Le colonel Randrianirina investi pr\u00e9sident de la refondation apr\u00e8s la chute de Rajoelina\"}]},{\"@type\":\"WebSite\",\"@id\":\"https:\/\/www.public.sn\/#website\",\"url\":\"https:\/\/www.public.sn\/\",\"name\":\"LE PUBLIC\",\"description\":\"\",\"publisher\":{\"@id\":\"https:\/\/www.public.sn\/#organization\"},\"potentialAction\":[{\"@type\":\"SearchAction\",\"target\":{\"@type\":\"EntryPoint\",\"urlTemplate\":\"https:\/\/www.public.sn\/?s={search_term_string}\"},\"query-input\":{\"@type\":\"PropertyValueSpecification\",\"valueRequired\":true,\"valueName\":\"search_term_string\"}}],\"inLanguage\":\"fr-FR\"},{\"@type\":\"Organization\",\"@id\":\"https:\/\/www.public.sn\/#organization\",\"name\":\"LE PUBLIC\",\"url\":\"https:\/\/www.public.sn\/\",\"logo\":{\"@type\":\"ImageObject\",\"inLanguage\":\"fr-FR\",\"@id\":\"https:\/\/www.public.sn\/#\/schema\/logo\/image\/\",\"url\":\"https:\/\/www.public.sn\/wp-content\/uploads\/2024\/05\/cropped-LOGO-PUBLIC.SN_.png\",\"contentUrl\":\"https:\/\/www.public.sn\/wp-content\/uploads\/2024\/05\/cropped-LOGO-PUBLIC.SN_.png\",\"width\":682,\"height\":192,\"caption\":\"LE PUBLIC\"},\"image\":{\"@id\":\"https:\/\/www.public.sn\/#\/schema\/logo\/image\/\"}},{\"@type\":\"Person\",\"@id\":\"https:\/\/www.public.sn\/#\/schema\/person\/cb76c8e1b8becc6be61fb5e92d6d0224\",\"name\":\"LA REDACTION\",\"image\":{\"@type\":\"ImageObject\",\"inLanguage\":\"fr-FR\",\"@id\":\"https:\/\/www.public.sn\/#\/schema\/person\/image\/\",\"url\":\"https:\/\/secure.gravatar.com\/avatar\/2dce5ddd34b8fef0180efe03aa2a9bee7d953856048f9a16b298190a3178407c?s=96&d=mm&r=g\",\"contentUrl\":\"https:\/\/secure.gravatar.com\/avatar\/2dce5ddd34b8fef0180efe03aa2a9bee7d953856048f9a16b298190a3178407c?s=96&d=mm&r=g\",\"caption\":\"LA REDACTION\"},\"url\":\"https:\/\/www.public.sn\/index.php\/author\/editeurpsn\/\"}]}<\/script>\n<!-- \/ Yoast SEO plugin. -->","yoast_head_json":{"title":"Madagascar : Le colonel Randrianirina investi pr\u00e9sident de la refondation apr\u00e8s la chute de Rajoelina - LE PUBLIC","robots":{"index":"index","follow":"follow","max-snippet":"max-snippet:-1","max-image-preview":"max-image-preview:large","max-video-preview":"max-video-preview:-1"},"canonical":"https:\/\/www.public.sn\/index.php\/2025\/10\/17\/madagascar-le-colonel-randrianirina-investi-president-de-la-refondation-apres-la-chute-de-rajoelina\/","og_locale":"fr_FR","og_type":"article","og_title":"Madagascar : Le colonel Randrianirina investi pr\u00e9sident de la refondation apr\u00e8s la chute de Rajoelina - LE PUBLIC","og_description":"Madagascar traverse une profonde crise politique depuis le d\u00e9but des manifestations sociales du 25 septembre 2025. Celles-ci ont conduit \u00e0 la fuite du pr\u00e9sident Andry Rajoelina le 12 octobre, puis \u00e0 sa destitution par l\u2019Assembl\u00e9e nationale deux jours plus tard. Ce vendredi 17 octobre, le colonel Michael Randrianirina a \u00e9t\u00e9 officiellement investi pr\u00e9sident de la Refondation par la Haute Cour constitutionnelle. Connu pour avoir refus\u00e9 la r\u00e9pression des manifestants, il a promis un changement radical, d\u00e9non\u00e7ant un r\u00e9gime autoritaire et corrompu. Il a \u00e9voqu\u00e9 l\u2019\u00e9veil d\u2019une jeunesse en qu\u00eate de justice, notamment la G\u00e9n\u00e9ration Z, au c\u0153ur de la mobilisation. Dans un discours solennel, il s\u2019est engag\u00e9 \u00e0 garantir les libert\u00e9s fondamentales, r\u00e9parer les injustices et associer toutes les forces vives \u00e0 la reconstruction du pays. Il a aussi appel\u00e9 la communaut\u00e9 internationale \u00e0 accompagner le processus de refondation. La c\u00e9r\u00e9monie, in\u00e9dite par sa tenue \u00e0 la HCC au lieu d\u2019un stade, a rassembl\u00e9 des hauts grad\u00e9s, des membres du gouvernement, des figures de la soci\u00e9t\u00e9 civile, ainsi que plusieurs diplomates \u00e9trangers (UE, \u00c9tats-Unis, France, Chine, Japon, Russie). Une pr\u00e9sence interpr\u00e9t\u00e9e comme un signe de reconnaissance tacite du nouveau r\u00e9gime. source RFI","og_url":"https:\/\/www.public.sn\/index.php\/2025\/10\/17\/madagascar-le-colonel-randrianirina-investi-president-de-la-refondation-apres-la-chute-de-rajoelina\/","og_site_name":"LE PUBLIC","article_published_time":"2025-10-17T14:55:23+00:00","article_modified_time":"2025-10-17T14:55:32+00:00","og_image":[{"width":637,"height":481,"url":"https:\/\/www.public.sn\/wp-content\/uploads\/2025\/10\/1760632676884.jpg","type":"image\/jpeg"}],"author":"LA REDACTION","twitter_card":"summary_large_image","twitter_misc":{"\u00c9crit par":"LA REDACTION","Dur\u00e9e de lecture estim\u00e9e":"2 minutes"},"schema":{"@context":"https:\/\/schema.org","@graph":[{"@type":"Article","@id":"https:\/\/www.public.sn\/index.php\/2025\/10\/17\/madagascar-le-colonel-randrianirina-investi-president-de-la-refondation-apres-la-chute-de-rajoelina\/#article","isPartOf":{"@id":"https:\/\/www.public.sn\/index.php\/2025\/10\/17\/madagascar-le-colonel-randrianirina-investi-president-de-la-refondation-apres-la-chute-de-rajoelina\/"},"author":{"name":"LA REDACTION","@id":"https:\/\/www.public.sn\/#\/schema\/person\/cb76c8e1b8becc6be61fb5e92d6d0224"},"headline":"Madagascar : Le colonel Randrianirina investi pr\u00e9sident de la refondation apr\u00e8s la chute de Rajoelina","datePublished":"2025-10-17T14:55:23+00:00","dateModified":"2025-10-17T14:55:32+00:00","mainEntityOfPage":{"@id":"https:\/\/www.public.sn\/index.php\/2025\/10\/17\/madagascar-le-colonel-randrianirina-investi-president-de-la-refondation-apres-la-chute-de-rajoelina\/"},"wordCount":226,"commentCount":0,"publisher":{"@id":"https:\/\/www.public.sn\/#organization"},"image":{"@id":"https:\/\/www.public.sn\/index.php\/2025\/10\/17\/madagascar-le-colonel-randrianirina-investi-president-de-la-refondation-apres-la-chute-de-rajoelina\/#primaryimage"},"thumbnailUrl":"https:\/\/www.public.sn\/wp-content\/uploads\/2025\/10\/1760632676884.jpg","keywords":["NTERNATIONALE"],"articleSection":["ACTUALIT\u00c9S","internationale","POLITIQUE"],"inLanguage":"fr-FR","potentialAction":[{"@type":"CommentAction","name":"Comment","target":["https:\/\/www.public.sn\/index.php\/2025\/10\/17\/madagascar-le-colonel-randrianirina-investi-president-de-la-refondation-apres-la-chute-de-rajoelina\/#respond"]}]},{"@type":"WebPage","@id":"https:\/\/www.public.sn\/index.php\/2025\/10\/17\/madagascar-le-colonel-randrianirina-investi-president-de-la-refondation-apres-la-chute-de-rajoelina\/","url":"https:\/\/www.public.sn\/index.php\/2025\/10\/17\/madagascar-le-colonel-randrianirina-investi-president-de-la-refondation-apres-la-chute-de-rajoelina\/","name":"Madagascar : Le colonel Randrianirina investi pr\u00e9sident de la refondation apr\u00e8s la chute de Rajoelina - LE PUBLIC","isPartOf":{"@id":"https:\/\/www.public.sn\/#website"},"primaryImageOfPage":{"@id":"https:\/\/www.public.sn\/index.php\/2025\/10\/17\/madagascar-le-colonel-randrianirina-investi-president-de-la-refondation-apres-la-chute-de-rajoelina\/#primaryimage"},"image":{"@id":"https:\/\/www.public.sn\/index.php\/2025\/10\/17\/madagascar-le-colonel-randrianirina-investi-president-de-la-refondation-apres-la-chute-de-rajoelina\/#primaryimage"},"thumbnailUrl":"https:\/\/www.public.sn\/wp-content\/uploads\/2025\/10\/1760632676884.jpg","datePublished":"2025-10-17T14:55:23+00:00","dateModified":"2025-10-17T14:55:32+00:00","breadcrumb":{"@id":"https:\/\/www.public.sn\/index.php\/2025\/10\/17\/madagascar-le-colonel-randrianirina-investi-president-de-la-refondation-apres-la-chute-de-rajoelina\/#breadcrumb"},"inLanguage":"fr-FR","potentialAction":[{"@type":"ReadAction","target":["https:\/\/www.public.sn\/index.php\/2025\/10\/17\/madagascar-le-colonel-randrianirina-investi-president-de-la-refondation-apres-la-chute-de-rajoelina\/"]}]},{"@type":"ImageObject","inLanguage":"fr-FR","@id":"https:\/\/www.public.sn\/index.php\/2025\/10\/17\/madagascar-le-colonel-randrianirina-investi-president-de-la-refondation-apres-la-chute-de-rajoelina\/#primaryimage","url":"https:\/\/www.public.sn\/wp-content\/uploads\/2025\/10\/1760632676884.jpg","contentUrl":"https:\/\/www.public.sn\/wp-content\/uploads\/2025\/10\/1760632676884.jpg","width":637,"height":481},{"@type":"BreadcrumbList","@id":"https:\/\/www.public.sn\/index.php\/2025\/10\/17\/madagascar-le-colonel-randrianirina-investi-president-de-la-refondation-apres-la-chute-de-rajoelina\/#breadcrumb","itemListElement":[{"@type":"ListItem","position":1,"name":"Accueil","item":"https:\/\/www.public.sn\/"},{"@type":"ListItem","position":2,"name":"Madagascar : Le colonel Randrianirina investi pr\u00e9sident de la refondation apr\u00e8s la chute de Rajoelina"}]},{"@type":"WebSite","@id":"https:\/\/www.public.sn\/#website","url":"https:\/\/www.public.sn\/","name":"LE PUBLIC","description":"","publisher":{"@id":"https:\/\/www.public.sn\/#organization"},"potentialAction":[{"@type":"SearchAction","target":{"@type":"EntryPoint","urlTemplate":"https:\/\/www.public.sn\/?s={search_term_string}"},"query-input":{"@type":"PropertyValueSpecification","valueRequired":true,"valueName":"search_term_string"}}],"inLanguage":"fr-FR"},{"@type":"Organization","@id":"https:\/\/www.public.sn\/#organization","name":"LE PUBLIC","url":"https:\/\/www.public.sn\/","logo":{"@type":"ImageObject","inLanguage":"fr-FR","@id":"https:\/\/www.public.sn\/#\/schema\/logo\/image\/","url":"https:\/\/www.public.sn\/wp-content\/uploads\/2024\/05\/cropped-LOGO-PUBLIC.SN_.png","contentUrl":"https:\/\/www.public.sn\/wp-content\/uploads\/2024\/05\/cropped-LOGO-PUBLIC.SN_.png","width":682,"height":192,"caption":"LE PUBLIC"},"image":{"@id":"https:\/\/www.public.sn\/#\/schema\/logo\/image\/"}},{"@type":"Person","@id":"https:\/\/www.public.sn\/#\/schema\/person\/cb76c8e1b8becc6be61fb5e92d6d0224","name":"LA REDACTION","image":{"@type":"ImageObject","inLanguage":"fr-FR","@id":"https:\/\/www.public.sn\/#\/schema\/person\/image\/","url":"https:\/\/secure.gravatar.com\/avatar\/2dce5ddd34b8fef0180efe03aa2a9bee7d953856048f9a16b298190a3178407c?s=96&d=mm&r=g","contentUrl":"https:\/\/secure.gravatar.com\/avatar\/2dce5ddd34b8fef0180efe03aa2a9bee7d953856048f9a16b298190a3178407c?s=96&d=mm&r=g","caption":"LA REDACTION"},"url":"https:\/\/www.public.sn\/index.php\/author\/editeurpsn\/"}]}},"jetpack_featured_media_url":"https:\/\/www.public.sn\/wp-content\/uploads\/2025\/10\/1760632676884.jpg","jetpack_sharing_enabled":true,"_links":{"self":[{"href":"https:\/\/www.public.sn\/index.php\/wp-json\/wp\/v2\/posts\/37788","targetHints":{"allow":["GET"]}}],"collection":[{"href":"https:\/\/www.public.sn\/index.php\/wp-json\/wp\/v2\/posts"}],"about":[{"href":"https:\/\/www.public.sn\/index.php\/wp-json\/wp\/v2\/types\/post"}],"author":[{"embeddable":true,"href":"https:\/\/www.public.sn\/index.php\/wp-json\/wp\/v2\/users\/7"}],"replies":[{"embeddable":true,"href":"https:\/\/www.public.sn\/index.php\/wp-json\/wp\/v2\/comments?post=37788"}],"version-history":[{"count":2,"href":"https:\/\/www.public.sn\/index.php\/wp-json\/wp\/v2\/posts\/37788\/revisions"}],"predecessor-version":[{"id":37792,"href":"https:\/\/www.public.sn\/index.php\/wp-json\/wp\/v2\/posts\/37788\/revisions\/37792"}],"wp:featuredmedia":[{"embeddable":true,"href":"https:\/\/www.public.sn\/index.php\/wp-json\/wp\/v2\/media\/37790"}],"wp:attachment":[{"href":"https:\/\/www.public.sn\/index.php\/wp-json\/wp\/v2\/media?parent=37788"}],"wp:term":[{"taxonomy":"category","embeddable":true,"href":"https:\/\/www.public.sn\/index.php\/wp-json\/wp\/v2\/categories?post=37788"},{"taxonomy":"post_tag","embeddable":true,"href":"https:\/\/www.public.sn\/index.php\/wp-json\/wp\/v2\/tags?post=37788"}],"curies":[{"name":"wp","href":"https:\/\/api.w.org\/{rel}","templated":true}]}}