{"id":37800,"date":"2025-10-20T13:10:06","date_gmt":"2025-10-20T13:10:06","guid":{"rendered":"https:\/\/www.public.sn\/?p=37800"},"modified":"2025-10-20T13:10:13","modified_gmt":"2025-10-20T13:10:13","slug":"affaire-de-la-dette-cachee-macky-sall-exige-lacces-aux-documents-administratifs","status":"publish","type":"post","link":"https:\/\/www.public.sn\/index.php\/2025\/10\/20\/affaire-de-la-dette-cachee-macky-sall-exige-lacces-aux-documents-administratifs\/","title":{"rendered":"Affaire de la dette cach\u00e9e : Macky Sall exige l\u2019acc\u00e8s aux documents administratifs"},"content":{"rendered":"\n<p><strong>L\u2019ancien pr\u00e9sident Macky Sall a officiellement saisi le minist\u00e8re des Finances et du Budget ainsi que la Cour des comptes dans le cadre de l\u2019affaire dite de la dette cach\u00e9e. Son objectif : obtenir l\u2019ensemble des documents et donn\u00e9es brutes li\u00e9s \u00e0 cette affaire.<\/strong><\/p><div class=\"publi-paragraphe1\" style=\"margin-top: 10px;margin-bottom: 10px;margin-left: auto;margin-right: auto;text-align: center;\" id=\"publi-4041128229\"><div class=\"publi-adlabel\">Publicit\u00e9<\/div><script async src=\"\/\/pagead2.googlesyndication.com\/pagead\/js\/adsbygoogle.js?client=ca-pub-4089586018074219\" crossorigin=\"anonymous\"><\/script><ins class=\"adsbygoogle\" style=\"display:block;\" data-ad-client=\"ca-pub-4089586018074219\" \ndata-ad-slot=\"2087940154\" \ndata-ad-format=\"auto\"><\/ins>\n<script> \n(adsbygoogle = window.adsbygoogle || []).push({}); \n<\/script>\n<\/div>\n\n\n\n<p>\u00ab Notre demande vise \u00e0 obtenir des documents et des donn\u00e9es brutes \u00bb, a d\u00e9clar\u00e9 Me Pierre-Olivier Sur, avocat de Macky Sall, dans un entretien publi\u00e9 ce lundi par <em>L\u2019Observateur<\/em>. \u00ab C\u2019est sur cette base que nous travaillerons avec des experts internationaux en finances publiques. Nous pourrons alors discuter de mani\u00e8re tr\u00e8s technique de ce qui est juridiquement une dette, et de ce qui ne l\u2019est pas. \u00bb<\/p>\n\n\n\n<p>Pour l\u2019heure, les correspondances adress\u00e9es par l\u2019ancien chef de l\u2019\u00c9tat sont rest\u00e9es sans r\u00e9ponse, malgr\u00e9 une relance effectu\u00e9e \u00ab dans une forme absolument transparente et r\u00e9publicaine \u00bb, pr\u00e9cise l\u2019avocat, sans en dire davantage.<\/p>\n\n\n\n<p>Face \u00e0 ce silence, Me Sur annonce une nouvelle \u00e9tape : \u00ab En l\u2019absence de r\u00e9ponse, nous pr\u00e9voyons une mise en demeure formelle de communication des pi\u00e8ces sollicit\u00e9es. Si cette voie amiable demeure infructueuse, nous n\u2019excluons pas d\u2019introduire un recours en r\u00e9f\u00e9r\u00e9 pour obtenir ces documents, ou de saisir toute autorit\u00e9 judiciaire comp\u00e9tente. \u00bb<\/p>\n\n\n\n<p>Selon lui, la d\u00e9marche de Macky Sall r\u00e9pond \u00e0 un double objectif : \u00ab Sur le plan juridique, elle vise \u00e0 faire respecter le principe du contradictoire et le droit d\u2019acc\u00e8s aux documents administratifs. Sur le plan politique, elle permet de d\u00e9samorcer les manipulations et de recentrer le d\u00e9bat sur son v\u00e9ritable terrain : celui des faits v\u00e9rifiables, du droit et de l\u2019analyse \u00e9conomique. \u00bb<\/p>\n\n\n\n<p><strong>Source<\/strong>:seneweb<\/p>\n\n\n\n<p><\/p>\n<div class=\"publi-apres-le-contenu\" style=\"margin-top: 10px;margin-bottom: 10px;margin-left: auto;margin-right: auto;text-align: center;\" id=\"publi-1226299943\"><div class=\"publi-adlabel\">Publicit\u00e9<\/div><script async src=\"\/\/pagead2.googlesyndication.com\/pagead\/js\/adsbygoogle.js?client=ca-pub-4089586018074219\" crossorigin=\"anonymous\"><\/script><ins class=\"adsbygoogle\" style=\"display:block;\" data-ad-client=\"ca-pub-4089586018074219\" \ndata-ad-slot=\"2087940154\" \ndata-ad-format=\"auto\"><\/ins>\n<script> \n(adsbygoogle = window.adsbygoogle || []).push({}); \n<\/script>\n<\/div>","protected":false},"excerpt":{"rendered":"<p>L\u2019ancien pr\u00e9sident Macky Sall a officiellement saisi le minist\u00e8re des Finances et du Budget ainsi que la Cour des comptes dans le cadre de l\u2019affaire dite de la dette cach\u00e9e. Son objectif : obtenir l\u2019ensemble des documents et donn\u00e9es brutes li\u00e9s \u00e0 cette affaire. \u00ab Notre demande vise \u00e0 obtenir des documents et des donn\u00e9es brutes \u00bb, a d\u00e9clar\u00e9 Me Pierre-Olivier Sur, avocat de Macky Sall, dans un entretien publi\u00e9 ce lundi par L\u2019Observateur. \u00ab C\u2019est sur cette base que nous travaillerons avec des experts internationaux en finances publiques. Nous pourrons alors discuter de mani\u00e8re tr\u00e8s technique de ce qui est juridiquement une dette, et de ce qui ne l\u2019est pas. \u00bb Pour l\u2019heure, les correspondances adress\u00e9es par l\u2019ancien chef de l\u2019\u00c9tat sont rest\u00e9es sans r\u00e9ponse, malgr\u00e9 une relance effectu\u00e9e \u00ab dans une forme absolument transparente et r\u00e9publicaine \u00bb, pr\u00e9cise l\u2019avocat, sans en dire davantage. Face \u00e0 ce silence, Me Sur annonce une nouvelle \u00e9tape : \u00ab En l\u2019absence de r\u00e9ponse, nous pr\u00e9voyons une mise en demeure formelle de communication des pi\u00e8ces sollicit\u00e9es. Si cette voie amiable demeure infructueuse, nous n\u2019excluons pas d\u2019introduire un recours en r\u00e9f\u00e9r\u00e9 pour obtenir ces documents, ou de saisir toute autorit\u00e9 judiciaire comp\u00e9tente. \u00bb Selon lui, la d\u00e9marche de Macky Sall r\u00e9pond \u00e0 un double objectif : \u00ab Sur le plan juridique, elle vise \u00e0 faire respecter le principe du contradictoire et le droit d\u2019acc\u00e8s aux documents administratifs. Sur le plan politique, elle permet de d\u00e9samorcer les manipulations et de recentrer le d\u00e9bat sur son v\u00e9ritable terrain : celui des faits v\u00e9rifiables, du droit et de l\u2019analyse \u00e9conomique. \u00bb Source:seneweb<\/p>\n","protected":false},"author":7,"featured_media":37801,"comment_status":"open","ping_status":"open","sticky":false,"template":"","format":"standard","meta":{"_jetpack_memberships_contains_paid_content":false,"footnotes":""},"categories":[375,549,3,1],"tags":[7630,7631],"class_list":["post-37800","post","type-post","status-publish","format-standard","has-post-thumbnail","hentry","category-actualites","category-economie","category-politique","category-non-classe","tag-affaire-de-la-dette-cachee-macky-sall-exige-lacces-aux-documents-administratifs","tag-macky-sall-exige","entry","has-media","owp-thumbs-layout-horizontal","owp-btn-normal","owp-tabs-layout-horizontal","has-no-thumbnails","has-product-nav"],"yoast_head":"<!-- This site is optimized with the Yoast SEO plugin v25.5 - https:\/\/yoast.com\/wordpress\/plugins\/seo\/ -->\n<title>Affaire de la dette cach\u00e9e : Macky Sall exige l\u2019acc\u00e8s aux documents administratifs - LE PUBLIC<\/title>\n<meta name=\"robots\" content=\"index, follow, max-snippet:-1, max-image-preview:large, max-video-preview:-1\" \/>\n<link rel=\"canonical\" href=\"https:\/\/www.public.sn\/index.php\/2025\/10\/20\/affaire-de-la-dette-cachee-macky-sall-exige-lacces-aux-documents-administratifs\/\" \/>\n<meta property=\"og:locale\" content=\"fr_FR\" \/>\n<meta property=\"og:type\" content=\"article\" \/>\n<meta property=\"og:title\" content=\"Affaire de la dette cach\u00e9e : Macky Sall exige l\u2019acc\u00e8s aux documents administratifs - LE PUBLIC\" \/>\n<meta property=\"og:description\" content=\"L\u2019ancien pr\u00e9sident Macky Sall a officiellement saisi le minist\u00e8re des Finances et du Budget ainsi que la Cour des comptes dans le cadre de l\u2019affaire dite de la dette cach\u00e9e. Son objectif : obtenir l\u2019ensemble des documents et donn\u00e9es brutes li\u00e9s \u00e0 cette affaire. \u00ab Notre demande vise \u00e0 obtenir des documents et des donn\u00e9es brutes \u00bb, a d\u00e9clar\u00e9 Me Pierre-Olivier Sur, avocat de Macky Sall, dans un entretien publi\u00e9 ce lundi par L\u2019Observateur. \u00ab C\u2019est sur cette base que nous travaillerons avec des experts internationaux en finances publiques. Nous pourrons alors discuter de mani\u00e8re tr\u00e8s technique de ce qui est juridiquement une dette, et de ce qui ne l\u2019est pas. \u00bb Pour l\u2019heure, les correspondances adress\u00e9es par l\u2019ancien chef de l\u2019\u00c9tat sont rest\u00e9es sans r\u00e9ponse, malgr\u00e9 une relance effectu\u00e9e \u00ab dans une forme absolument transparente et r\u00e9publicaine \u00bb, pr\u00e9cise l\u2019avocat, sans en dire davantage. Face \u00e0 ce silence, Me Sur annonce une nouvelle \u00e9tape : \u00ab En l\u2019absence de r\u00e9ponse, nous pr\u00e9voyons une mise en demeure formelle de communication des pi\u00e8ces sollicit\u00e9es. Si cette voie amiable demeure infructueuse, nous n\u2019excluons pas d\u2019introduire un recours en r\u00e9f\u00e9r\u00e9 pour obtenir ces documents, ou de saisir toute autorit\u00e9 judiciaire comp\u00e9tente. \u00bb Selon lui, la d\u00e9marche de Macky Sall r\u00e9pond \u00e0 un double objectif : \u00ab Sur le plan juridique, elle vise \u00e0 faire respecter le principe du contradictoire et le droit d\u2019acc\u00e8s aux documents administratifs. Sur le plan politique, elle permet de d\u00e9samorcer les manipulations et de recentrer le d\u00e9bat sur son v\u00e9ritable terrain : celui des faits v\u00e9rifiables, du droit et de l\u2019analyse \u00e9conomique. \u00bb Source:seneweb\" \/>\n<meta property=\"og:url\" content=\"https:\/\/www.public.sn\/index.php\/2025\/10\/20\/affaire-de-la-dette-cachee-macky-sall-exige-lacces-aux-documents-administratifs\/\" \/>\n<meta property=\"og:site_name\" content=\"LE PUBLIC\" \/>\n<meta property=\"article:published_time\" content=\"2025-10-20T13:10:06+00:00\" \/>\n<meta property=\"article:modified_time\" content=\"2025-10-20T13:10:13+00:00\" \/>\n<meta property=\"og:image\" content=\"https:\/\/www.public.sn\/wp-content\/uploads\/2025\/10\/Macky-Sall-1.jpg\" \/>\n\t<meta property=\"og:image:width\" content=\"1440\" \/>\n\t<meta property=\"og:image:height\" content=\"960\" \/>\n\t<meta property=\"og:image:type\" content=\"image\/jpeg\" \/>\n<meta name=\"author\" content=\"LA REDACTION\" \/>\n<meta name=\"twitter:card\" content=\"summary_large_image\" \/>\n<meta name=\"twitter:label1\" content=\"\u00c9crit par\" \/>\n\t<meta name=\"twitter:data1\" content=\"LA REDACTION\" \/>\n\t<meta name=\"twitter:label2\" content=\"Dur\u00e9e de lecture estim\u00e9e\" \/>\n\t<meta name=\"twitter:data2\" content=\"2 minutes\" \/>\n<script type=\"application\/ld+json\" class=\"yoast-schema-graph\">{\"@context\":\"https:\/\/schema.org\",\"@graph\":[{\"@type\":\"Article\",\"@id\":\"https:\/\/www.public.sn\/index.php\/2025\/10\/20\/affaire-de-la-dette-cachee-macky-sall-exige-lacces-aux-documents-administratifs\/#article\",\"isPartOf\":{\"@id\":\"https:\/\/www.public.sn\/index.php\/2025\/10\/20\/affaire-de-la-dette-cachee-macky-sall-exige-lacces-aux-documents-administratifs\/\"},\"author\":{\"name\":\"LA REDACTION\",\"@id\":\"https:\/\/www.public.sn\/#\/schema\/person\/cb76c8e1b8becc6be61fb5e92d6d0224\"},\"headline\":\"Affaire de la dette cach\u00e9e : Macky Sall exige l\u2019acc\u00e8s aux documents administratifs\",\"datePublished\":\"2025-10-20T13:10:06+00:00\",\"dateModified\":\"2025-10-20T13:10:13+00:00\",\"mainEntityOfPage\":{\"@id\":\"https:\/\/www.public.sn\/index.php\/2025\/10\/20\/affaire-de-la-dette-cachee-macky-sall-exige-lacces-aux-documents-administratifs\/\"},\"wordCount\":306,\"commentCount\":0,\"publisher\":{\"@id\":\"https:\/\/www.public.sn\/#organization\"},\"image\":{\"@id\":\"https:\/\/www.public.sn\/index.php\/2025\/10\/20\/affaire-de-la-dette-cachee-macky-sall-exige-lacces-aux-documents-administratifs\/#primaryimage\"},\"thumbnailUrl\":\"https:\/\/www.public.sn\/wp-content\/uploads\/2025\/10\/Macky-Sall-1.jpg\",\"keywords\":[\"Affaire de la dette cach\u00e9e : Macky Sall exige l\u2019acc\u00e8s aux documents administratifs\",\"Macky Sall exige\"],\"articleSection\":[\"ACTUALIT\u00c9S\",\"\u00c9CONOMIE\",\"POLITIQUE\",\"S\u00c9N\u00c9GAL\"],\"inLanguage\":\"fr-FR\",\"potentialAction\":[{\"@type\":\"CommentAction\",\"name\":\"Comment\",\"target\":[\"https:\/\/www.public.sn\/index.php\/2025\/10\/20\/affaire-de-la-dette-cachee-macky-sall-exige-lacces-aux-documents-administratifs\/#respond\"]}]},{\"@type\":\"WebPage\",\"@id\":\"https:\/\/www.public.sn\/index.php\/2025\/10\/20\/affaire-de-la-dette-cachee-macky-sall-exige-lacces-aux-documents-administratifs\/\",\"url\":\"https:\/\/www.public.sn\/index.php\/2025\/10\/20\/affaire-de-la-dette-cachee-macky-sall-exige-lacces-aux-documents-administratifs\/\",\"name\":\"Affaire de la dette cach\u00e9e : Macky Sall exige l\u2019acc\u00e8s aux documents administratifs - LE PUBLIC\",\"isPartOf\":{\"@id\":\"https:\/\/www.public.sn\/#website\"},\"primaryImageOfPage\":{\"@id\":\"https:\/\/www.public.sn\/index.php\/2025\/10\/20\/affaire-de-la-dette-cachee-macky-sall-exige-lacces-aux-documents-administratifs\/#primaryimage\"},\"image\":{\"@id\":\"https:\/\/www.public.sn\/index.php\/2025\/10\/20\/affaire-de-la-dette-cachee-macky-sall-exige-lacces-aux-documents-administratifs\/#primaryimage\"},\"thumbnailUrl\":\"https:\/\/www.public.sn\/wp-content\/uploads\/2025\/10\/Macky-Sall-1.jpg\",\"datePublished\":\"2025-10-20T13:10:06+00:00\",\"dateModified\":\"2025-10-20T13:10:13+00:00\",\"breadcrumb\":{\"@id\":\"https:\/\/www.public.sn\/index.php\/2025\/10\/20\/affaire-de-la-dette-cachee-macky-sall-exige-lacces-aux-documents-administratifs\/#breadcrumb\"},\"inLanguage\":\"fr-FR\",\"potentialAction\":[{\"@type\":\"ReadAction\",\"target\":[\"https:\/\/www.public.sn\/index.php\/2025\/10\/20\/affaire-de-la-dette-cachee-macky-sall-exige-lacces-aux-documents-administratifs\/\"]}]},{\"@type\":\"ImageObject\",\"inLanguage\":\"fr-FR\",\"@id\":\"https:\/\/www.public.sn\/index.php\/2025\/10\/20\/affaire-de-la-dette-cachee-macky-sall-exige-lacces-aux-documents-administratifs\/#primaryimage\",\"url\":\"https:\/\/www.public.sn\/wp-content\/uploads\/2025\/10\/Macky-Sall-1.jpg\",\"contentUrl\":\"https:\/\/www.public.sn\/wp-content\/uploads\/2025\/10\/Macky-Sall-1.jpg\",\"width\":1440,\"height\":960,\"caption\":\"(FILES) Senegal's President Macky Sall speaks during a joint press conference with German Chancellor on January 27, 2020 at the Chancellery in Berlin. Senegal's President Macky Sall said Monday that he would not seek re-election for a third term, ending months of uncertainty over whether he would seek to remain power in the West African nation. (Photo by Tobias SCHWARZ \/ AFP)\"},{\"@type\":\"BreadcrumbList\",\"@id\":\"https:\/\/www.public.sn\/index.php\/2025\/10\/20\/affaire-de-la-dette-cachee-macky-sall-exige-lacces-aux-documents-administratifs\/#breadcrumb\",\"itemListElement\":[{\"@type\":\"ListItem\",\"position\":1,\"name\":\"Accueil\",\"item\":\"https:\/\/www.public.sn\/\"},{\"@type\":\"ListItem\",\"position\":2,\"name\":\"Affaire de la dette cach\u00e9e : Macky Sall exige l\u2019acc\u00e8s aux documents administratifs\"}]},{\"@type\":\"WebSite\",\"@id\":\"https:\/\/www.public.sn\/#website\",\"url\":\"https:\/\/www.public.sn\/\",\"name\":\"LE PUBLIC\",\"description\":\"\",\"publisher\":{\"@id\":\"https:\/\/www.public.sn\/#organization\"},\"potentialAction\":[{\"@type\":\"SearchAction\",\"target\":{\"@type\":\"EntryPoint\",\"urlTemplate\":\"https:\/\/www.public.sn\/?s={search_term_string}\"},\"query-input\":{\"@type\":\"PropertyValueSpecification\",\"valueRequired\":true,\"valueName\":\"search_term_string\"}}],\"inLanguage\":\"fr-FR\"},{\"@type\":\"Organization\",\"@id\":\"https:\/\/www.public.sn\/#organization\",\"name\":\"LE PUBLIC\",\"url\":\"https:\/\/www.public.sn\/\",\"logo\":{\"@type\":\"ImageObject\",\"inLanguage\":\"fr-FR\",\"@id\":\"https:\/\/www.public.sn\/#\/schema\/logo\/image\/\",\"url\":\"https:\/\/www.public.sn\/wp-content\/uploads\/2024\/05\/cropped-LOGO-PUBLIC.SN_.png\",\"contentUrl\":\"https:\/\/www.public.sn\/wp-content\/uploads\/2024\/05\/cropped-LOGO-PUBLIC.SN_.png\",\"width\":682,\"height\":192,\"caption\":\"LE PUBLIC\"},\"image\":{\"@id\":\"https:\/\/www.public.sn\/#\/schema\/logo\/image\/\"}},{\"@type\":\"Person\",\"@id\":\"https:\/\/www.public.sn\/#\/schema\/person\/cb76c8e1b8becc6be61fb5e92d6d0224\",\"name\":\"LA REDACTION\",\"image\":{\"@type\":\"ImageObject\",\"inLanguage\":\"fr-FR\",\"@id\":\"https:\/\/www.public.sn\/#\/schema\/person\/image\/\",\"url\":\"https:\/\/secure.gravatar.com\/avatar\/2dce5ddd34b8fef0180efe03aa2a9bee7d953856048f9a16b298190a3178407c?s=96&d=mm&r=g\",\"contentUrl\":\"https:\/\/secure.gravatar.com\/avatar\/2dce5ddd34b8fef0180efe03aa2a9bee7d953856048f9a16b298190a3178407c?s=96&d=mm&r=g\",\"caption\":\"LA REDACTION\"},\"url\":\"https:\/\/www.public.sn\/index.php\/author\/editeurpsn\/\"}]}<\/script>\n<!-- \/ Yoast SEO plugin. -->","yoast_head_json":{"title":"Affaire de la dette cach\u00e9e : Macky Sall exige l\u2019acc\u00e8s aux documents administratifs - LE PUBLIC","robots":{"index":"index","follow":"follow","max-snippet":"max-snippet:-1","max-image-preview":"max-image-preview:large","max-video-preview":"max-video-preview:-1"},"canonical":"https:\/\/www.public.sn\/index.php\/2025\/10\/20\/affaire-de-la-dette-cachee-macky-sall-exige-lacces-aux-documents-administratifs\/","og_locale":"fr_FR","og_type":"article","og_title":"Affaire de la dette cach\u00e9e : Macky Sall exige l\u2019acc\u00e8s aux documents administratifs - LE PUBLIC","og_description":"L\u2019ancien pr\u00e9sident Macky Sall a officiellement saisi le minist\u00e8re des Finances et du Budget ainsi que la Cour des comptes dans le cadre de l\u2019affaire dite de la dette cach\u00e9e. Son objectif : obtenir l\u2019ensemble des documents et donn\u00e9es brutes li\u00e9s \u00e0 cette affaire. \u00ab Notre demande vise \u00e0 obtenir des documents et des donn\u00e9es brutes \u00bb, a d\u00e9clar\u00e9 Me Pierre-Olivier Sur, avocat de Macky Sall, dans un entretien publi\u00e9 ce lundi par L\u2019Observateur. \u00ab C\u2019est sur cette base que nous travaillerons avec des experts internationaux en finances publiques. Nous pourrons alors discuter de mani\u00e8re tr\u00e8s technique de ce qui est juridiquement une dette, et de ce qui ne l\u2019est pas. \u00bb Pour l\u2019heure, les correspondances adress\u00e9es par l\u2019ancien chef de l\u2019\u00c9tat sont rest\u00e9es sans r\u00e9ponse, malgr\u00e9 une relance effectu\u00e9e \u00ab dans une forme absolument transparente et r\u00e9publicaine \u00bb, pr\u00e9cise l\u2019avocat, sans en dire davantage. Face \u00e0 ce silence, Me Sur annonce une nouvelle \u00e9tape : \u00ab En l\u2019absence de r\u00e9ponse, nous pr\u00e9voyons une mise en demeure formelle de communication des pi\u00e8ces sollicit\u00e9es. Si cette voie amiable demeure infructueuse, nous n\u2019excluons pas d\u2019introduire un recours en r\u00e9f\u00e9r\u00e9 pour obtenir ces documents, ou de saisir toute autorit\u00e9 judiciaire comp\u00e9tente. \u00bb Selon lui, la d\u00e9marche de Macky Sall r\u00e9pond \u00e0 un double objectif : \u00ab Sur le plan juridique, elle vise \u00e0 faire respecter le principe du contradictoire et le droit d\u2019acc\u00e8s aux documents administratifs. Sur le plan politique, elle permet de d\u00e9samorcer les manipulations et de recentrer le d\u00e9bat sur son v\u00e9ritable terrain : celui des faits v\u00e9rifiables, du droit et de l\u2019analyse \u00e9conomique. \u00bb Source:seneweb","og_url":"https:\/\/www.public.sn\/index.php\/2025\/10\/20\/affaire-de-la-dette-cachee-macky-sall-exige-lacces-aux-documents-administratifs\/","og_site_name":"LE PUBLIC","article_published_time":"2025-10-20T13:10:06+00:00","article_modified_time":"2025-10-20T13:10:13+00:00","og_image":[{"width":1440,"height":960,"url":"https:\/\/www.public.sn\/wp-content\/uploads\/2025\/10\/Macky-Sall-1.jpg","type":"image\/jpeg"}],"author":"LA REDACTION","twitter_card":"summary_large_image","twitter_misc":{"\u00c9crit par":"LA REDACTION","Dur\u00e9e de lecture estim\u00e9e":"2 minutes"},"schema":{"@context":"https:\/\/schema.org","@graph":[{"@type":"Article","@id":"https:\/\/www.public.sn\/index.php\/2025\/10\/20\/affaire-de-la-dette-cachee-macky-sall-exige-lacces-aux-documents-administratifs\/#article","isPartOf":{"@id":"https:\/\/www.public.sn\/index.php\/2025\/10\/20\/affaire-de-la-dette-cachee-macky-sall-exige-lacces-aux-documents-administratifs\/"},"author":{"name":"LA REDACTION","@id":"https:\/\/www.public.sn\/#\/schema\/person\/cb76c8e1b8becc6be61fb5e92d6d0224"},"headline":"Affaire de la dette cach\u00e9e : Macky Sall exige l\u2019acc\u00e8s aux documents administratifs","datePublished":"2025-10-20T13:10:06+00:00","dateModified":"2025-10-20T13:10:13+00:00","mainEntityOfPage":{"@id":"https:\/\/www.public.sn\/index.php\/2025\/10\/20\/affaire-de-la-dette-cachee-macky-sall-exige-lacces-aux-documents-administratifs\/"},"wordCount":306,"commentCount":0,"publisher":{"@id":"https:\/\/www.public.sn\/#organization"},"image":{"@id":"https:\/\/www.public.sn\/index.php\/2025\/10\/20\/affaire-de-la-dette-cachee-macky-sall-exige-lacces-aux-documents-administratifs\/#primaryimage"},"thumbnailUrl":"https:\/\/www.public.sn\/wp-content\/uploads\/2025\/10\/Macky-Sall-1.jpg","keywords":["Affaire de la dette cach\u00e9e : Macky Sall exige l\u2019acc\u00e8s aux documents administratifs","Macky Sall exige"],"articleSection":["ACTUALIT\u00c9S","\u00c9CONOMIE","POLITIQUE","S\u00c9N\u00c9GAL"],"inLanguage":"fr-FR","potentialAction":[{"@type":"CommentAction","name":"Comment","target":["https:\/\/www.public.sn\/index.php\/2025\/10\/20\/affaire-de-la-dette-cachee-macky-sall-exige-lacces-aux-documents-administratifs\/#respond"]}]},{"@type":"WebPage","@id":"https:\/\/www.public.sn\/index.php\/2025\/10\/20\/affaire-de-la-dette-cachee-macky-sall-exige-lacces-aux-documents-administratifs\/","url":"https:\/\/www.public.sn\/index.php\/2025\/10\/20\/affaire-de-la-dette-cachee-macky-sall-exige-lacces-aux-documents-administratifs\/","name":"Affaire de la dette cach\u00e9e : Macky Sall exige l\u2019acc\u00e8s aux documents administratifs - LE PUBLIC","isPartOf":{"@id":"https:\/\/www.public.sn\/#website"},"primaryImageOfPage":{"@id":"https:\/\/www.public.sn\/index.php\/2025\/10\/20\/affaire-de-la-dette-cachee-macky-sall-exige-lacces-aux-documents-administratifs\/#primaryimage"},"image":{"@id":"https:\/\/www.public.sn\/index.php\/2025\/10\/20\/affaire-de-la-dette-cachee-macky-sall-exige-lacces-aux-documents-administratifs\/#primaryimage"},"thumbnailUrl":"https:\/\/www.public.sn\/wp-content\/uploads\/2025\/10\/Macky-Sall-1.jpg","datePublished":"2025-10-20T13:10:06+00:00","dateModified":"2025-10-20T13:10:13+00:00","breadcrumb":{"@id":"https:\/\/www.public.sn\/index.php\/2025\/10\/20\/affaire-de-la-dette-cachee-macky-sall-exige-lacces-aux-documents-administratifs\/#breadcrumb"},"inLanguage":"fr-FR","potentialAction":[{"@type":"ReadAction","target":["https:\/\/www.public.sn\/index.php\/2025\/10\/20\/affaire-de-la-dette-cachee-macky-sall-exige-lacces-aux-documents-administratifs\/"]}]},{"@type":"ImageObject","inLanguage":"fr-FR","@id":"https:\/\/www.public.sn\/index.php\/2025\/10\/20\/affaire-de-la-dette-cachee-macky-sall-exige-lacces-aux-documents-administratifs\/#primaryimage","url":"https:\/\/www.public.sn\/wp-content\/uploads\/2025\/10\/Macky-Sall-1.jpg","contentUrl":"https:\/\/www.public.sn\/wp-content\/uploads\/2025\/10\/Macky-Sall-1.jpg","width":1440,"height":960,"caption":"(FILES) Senegal's President Macky Sall speaks during a joint press conference with German Chancellor on January 27, 2020 at the Chancellery in Berlin. Senegal's President Macky Sall said Monday that he would not seek re-election for a third term, ending months of uncertainty over whether he would seek to remain power in the West African nation. (Photo by Tobias SCHWARZ \/ AFP)"},{"@type":"BreadcrumbList","@id":"https:\/\/www.public.sn\/index.php\/2025\/10\/20\/affaire-de-la-dette-cachee-macky-sall-exige-lacces-aux-documents-administratifs\/#breadcrumb","itemListElement":[{"@type":"ListItem","position":1,"name":"Accueil","item":"https:\/\/www.public.sn\/"},{"@type":"ListItem","position":2,"name":"Affaire de la dette cach\u00e9e : Macky Sall exige l\u2019acc\u00e8s aux documents administratifs"}]},{"@type":"WebSite","@id":"https:\/\/www.public.sn\/#website","url":"https:\/\/www.public.sn\/","name":"LE PUBLIC","description":"","publisher":{"@id":"https:\/\/www.public.sn\/#organization"},"potentialAction":[{"@type":"SearchAction","target":{"@type":"EntryPoint","urlTemplate":"https:\/\/www.public.sn\/?s={search_term_string}"},"query-input":{"@type":"PropertyValueSpecification","valueRequired":true,"valueName":"search_term_string"}}],"inLanguage":"fr-FR"},{"@type":"Organization","@id":"https:\/\/www.public.sn\/#organization","name":"LE PUBLIC","url":"https:\/\/www.public.sn\/","logo":{"@type":"ImageObject","inLanguage":"fr-FR","@id":"https:\/\/www.public.sn\/#\/schema\/logo\/image\/","url":"https:\/\/www.public.sn\/wp-content\/uploads\/2024\/05\/cropped-LOGO-PUBLIC.SN_.png","contentUrl":"https:\/\/www.public.sn\/wp-content\/uploads\/2024\/05\/cropped-LOGO-PUBLIC.SN_.png","width":682,"height":192,"caption":"LE PUBLIC"},"image":{"@id":"https:\/\/www.public.sn\/#\/schema\/logo\/image\/"}},{"@type":"Person","@id":"https:\/\/www.public.sn\/#\/schema\/person\/cb76c8e1b8becc6be61fb5e92d6d0224","name":"LA REDACTION","image":{"@type":"ImageObject","inLanguage":"fr-FR","@id":"https:\/\/www.public.sn\/#\/schema\/person\/image\/","url":"https:\/\/secure.gravatar.com\/avatar\/2dce5ddd34b8fef0180efe03aa2a9bee7d953856048f9a16b298190a3178407c?s=96&d=mm&r=g","contentUrl":"https:\/\/secure.gravatar.com\/avatar\/2dce5ddd34b8fef0180efe03aa2a9bee7d953856048f9a16b298190a3178407c?s=96&d=mm&r=g","caption":"LA REDACTION"},"url":"https:\/\/www.public.sn\/index.php\/author\/editeurpsn\/"}]}},"jetpack_featured_media_url":"https:\/\/www.public.sn\/wp-content\/uploads\/2025\/10\/Macky-Sall-1.jpg","jetpack_sharing_enabled":true,"_links":{"self":[{"href":"https:\/\/www.public.sn\/index.php\/wp-json\/wp\/v2\/posts\/37800","targetHints":{"allow":["GET"]}}],"collection":[{"href":"https:\/\/www.public.sn\/index.php\/wp-json\/wp\/v2\/posts"}],"about":[{"href":"https:\/\/www.public.sn\/index.php\/wp-json\/wp\/v2\/types\/post"}],"author":[{"embeddable":true,"href":"https:\/\/www.public.sn\/index.php\/wp-json\/wp\/v2\/users\/7"}],"replies":[{"embeddable":true,"href":"https:\/\/www.public.sn\/index.php\/wp-json\/wp\/v2\/comments?post=37800"}],"version-history":[{"count":1,"href":"https:\/\/www.public.sn\/index.php\/wp-json\/wp\/v2\/posts\/37800\/revisions"}],"predecessor-version":[{"id":37802,"href":"https:\/\/www.public.sn\/index.php\/wp-json\/wp\/v2\/posts\/37800\/revisions\/37802"}],"wp:featuredmedia":[{"embeddable":true,"href":"https:\/\/www.public.sn\/index.php\/wp-json\/wp\/v2\/media\/37801"}],"wp:attachment":[{"href":"https:\/\/www.public.sn\/index.php\/wp-json\/wp\/v2\/media?parent=37800"}],"wp:term":[{"taxonomy":"category","embeddable":true,"href":"https:\/\/www.public.sn\/index.php\/wp-json\/wp\/v2\/categories?post=37800"},{"taxonomy":"post_tag","embeddable":true,"href":"https:\/\/www.public.sn\/index.php\/wp-json\/wp\/v2\/tags?post=37800"}],"curies":[{"name":"wp","href":"https:\/\/api.w.org\/{rel}","templated":true}]}}