{"id":37817,"date":"2025-10-20T14:49:34","date_gmt":"2025-10-20T14:49:34","guid":{"rendered":"https:\/\/www.public.sn\/?p=37817"},"modified":"2025-10-20T14:49:37","modified_gmt":"2025-10-20T14:49:37","slug":"poursuites-demandees-contre-pape-malick-ndour-maitre-tanor-diame-saisit-la-ministre-de-la-justice","status":"publish","type":"post","link":"https:\/\/www.public.sn\/index.php\/2025\/10\/20\/poursuites-demandees-contre-pape-malick-ndour-maitre-tanor-diame-saisit-la-ministre-de-la-justice\/","title":{"rendered":"Poursuites demand\u00e9es contre Pape Malick Ndour : Ma\u00eetre Tanor Diam\u00e9 saisit la ministre de la Justice"},"content":{"rendered":"\n<p><strong>Dans une lettre ouverte, Ma\u00eetre Tanor Diam\u00e9 a officiellement interpell\u00e9 la garde des Sceaux, Yacine Fall, au sujet de faits graves mettant en cause l&rsquo;ancien ministre de la Jeunesse, Pape Malick Ndour. Il \u00e9voque des accusations d\u2019appels \u00e0 l\u2019insurrection, de man\u0153uvres compromettant la s\u00e9curit\u00e9 publique et de faits relevant de la torture.<\/strong><\/p><div class=\"publi-paragraphe1\" style=\"margin-top: 10px;margin-bottom: 10px;margin-left: auto;margin-right: auto;text-align: center;\" id=\"publi-1424894286\"><div class=\"publi-adlabel\">Publicit\u00e9<\/div><script async src=\"\/\/pagead2.googlesyndication.com\/pagead\/js\/adsbygoogle.js?client=ca-pub-4089586018074219\" crossorigin=\"anonymous\"><\/script><ins class=\"adsbygoogle\" style=\"display:block;\" data-ad-client=\"ca-pub-4089586018074219\" \ndata-ad-slot=\"2087940154\" \ndata-ad-format=\"auto\"><\/ins>\n<script> \n(adsbygoogle = window.adsbygoogle || []).push({}); \n<\/script>\n<\/div>\n\n\n\n<p>S&rsquo;appuyant sur l&rsquo;article 28 du Code de proc\u00e9dure p\u00e9nale, qui autorise la ministre de la Justice \u00e0 instruire le procureur g\u00e9n\u00e9ral d\u2019engager des poursuites pour toute infraction \u00e0 la loi p\u00e9nale, Ma\u00eetre Diam\u00e9 demande l\u2019ouverture d&rsquo;une proc\u00e9dure judiciaire contre l\u2019ancien ministre. Cette d\u00e9marche, selon lui, vise \u00e0 garantir le respect de l\u2019\u00c9tat de droit et \u00e0 pr\u00e9venir toute impunit\u00e9.<\/p>\n\n\n\n<p><strong>source seneweb<\/strong><\/p>\n\n\n\n<p><\/p>\n<div class=\"publi-apres-le-contenu\" style=\"margin-top: 10px;margin-bottom: 10px;margin-left: auto;margin-right: auto;text-align: center;\" id=\"publi-3783739759\"><div class=\"publi-adlabel\">Publicit\u00e9<\/div><script async src=\"\/\/pagead2.googlesyndication.com\/pagead\/js\/adsbygoogle.js?client=ca-pub-4089586018074219\" crossorigin=\"anonymous\"><\/script><ins class=\"adsbygoogle\" style=\"display:block;\" data-ad-client=\"ca-pub-4089586018074219\" \ndata-ad-slot=\"2087940154\" \ndata-ad-format=\"auto\"><\/ins>\n<script> \n(adsbygoogle = window.adsbygoogle || []).push({}); \n<\/script>\n<\/div>","protected":false},"excerpt":{"rendered":"<p>Dans une lettre ouverte, Ma\u00eetre Tanor Diam\u00e9 a officiellement interpell\u00e9 la garde des Sceaux, Yacine Fall, au sujet de faits graves mettant en cause l&rsquo;ancien ministre de la Jeunesse, Pape Malick Ndour. Il \u00e9voque des accusations d\u2019appels \u00e0 l\u2019insurrection, de man\u0153uvres compromettant la s\u00e9curit\u00e9 publique et de faits relevant de la torture. S&rsquo;appuyant sur l&rsquo;article 28 du Code de proc\u00e9dure p\u00e9nale, qui autorise la ministre de la Justice \u00e0 instruire le procureur g\u00e9n\u00e9ral d\u2019engager des poursuites pour toute infraction \u00e0 la loi p\u00e9nale, Ma\u00eetre Diam\u00e9 demande l\u2019ouverture d&rsquo;une proc\u00e9dure judiciaire contre l\u2019ancien ministre. Cette d\u00e9marche, selon lui, vise \u00e0 garantir le respect de l\u2019\u00c9tat de droit et \u00e0 pr\u00e9venir toute impunit\u00e9. source seneweb<\/p>\n","protected":false},"author":7,"featured_media":37819,"comment_status":"open","ping_status":"open","sticky":false,"template":"","format":"standard","meta":{"_jetpack_memberships_contains_paid_content":false,"footnotes":""},"categories":[375,3724,3,1],"tags":[7637],"class_list":["post-37817","post","type-post","status-publish","format-standard","has-post-thumbnail","hentry","category-actualites","category-justice","category-politique","category-non-classe","tag-poursuites-demandees-contre-pape-malick-ndour-maitre-tanor-diame-saisit-la-ministre-de-la-justice","entry","has-media","owp-thumbs-layout-horizontal","owp-btn-normal","owp-tabs-layout-horizontal","has-no-thumbnails","has-product-nav"],"yoast_head":"<!-- This site is optimized with the Yoast SEO plugin v25.5 - https:\/\/yoast.com\/wordpress\/plugins\/seo\/ -->\n<title>Poursuites demand\u00e9es contre Pape Malick Ndour : Ma\u00eetre Tanor Diam\u00e9 saisit la ministre de la Justice - LE PUBLIC<\/title>\n<meta name=\"robots\" content=\"index, follow, max-snippet:-1, max-image-preview:large, max-video-preview:-1\" \/>\n<link rel=\"canonical\" href=\"https:\/\/www.public.sn\/index.php\/2025\/10\/20\/poursuites-demandees-contre-pape-malick-ndour-maitre-tanor-diame-saisit-la-ministre-de-la-justice\/\" \/>\n<meta property=\"og:locale\" content=\"fr_FR\" \/>\n<meta property=\"og:type\" content=\"article\" \/>\n<meta property=\"og:title\" content=\"Poursuites demand\u00e9es contre Pape Malick Ndour : Ma\u00eetre Tanor Diam\u00e9 saisit la ministre de la Justice - LE PUBLIC\" \/>\n<meta property=\"og:description\" content=\"Dans une lettre ouverte, Ma\u00eetre Tanor Diam\u00e9 a officiellement interpell\u00e9 la garde des Sceaux, Yacine Fall, au sujet de faits graves mettant en cause l&rsquo;ancien ministre de la Jeunesse, Pape Malick Ndour. Il \u00e9voque des accusations d\u2019appels \u00e0 l\u2019insurrection, de man\u0153uvres compromettant la s\u00e9curit\u00e9 publique et de faits relevant de la torture. S&rsquo;appuyant sur l&rsquo;article 28 du Code de proc\u00e9dure p\u00e9nale, qui autorise la ministre de la Justice \u00e0 instruire le procureur g\u00e9n\u00e9ral d\u2019engager des poursuites pour toute infraction \u00e0 la loi p\u00e9nale, Ma\u00eetre Diam\u00e9 demande l\u2019ouverture d&rsquo;une proc\u00e9dure judiciaire contre l\u2019ancien ministre. Cette d\u00e9marche, selon lui, vise \u00e0 garantir le respect de l\u2019\u00c9tat de droit et \u00e0 pr\u00e9venir toute impunit\u00e9. source seneweb\" \/>\n<meta property=\"og:url\" content=\"https:\/\/www.public.sn\/index.php\/2025\/10\/20\/poursuites-demandees-contre-pape-malick-ndour-maitre-tanor-diame-saisit-la-ministre-de-la-justice\/\" \/>\n<meta property=\"og:site_name\" content=\"LE PUBLIC\" \/>\n<meta property=\"article:published_time\" content=\"2025-10-20T14:49:34+00:00\" \/>\n<meta property=\"article:modified_time\" content=\"2025-10-20T14:49:37+00:00\" \/>\n<meta property=\"og:image\" content=\"https:\/\/www.public.sn\/wp-content\/uploads\/2025\/10\/pape-malick-ndour.jpg\" \/>\n\t<meta property=\"og:image:width\" content=\"800\" \/>\n\t<meta property=\"og:image:height\" content=\"533\" \/>\n\t<meta property=\"og:image:type\" content=\"image\/jpeg\" \/>\n<meta name=\"author\" content=\"LA REDACTION\" \/>\n<meta name=\"twitter:card\" content=\"summary_large_image\" \/>\n<meta name=\"twitter:label1\" content=\"\u00c9crit par\" \/>\n\t<meta name=\"twitter:data1\" content=\"LA REDACTION\" \/>\n\t<meta name=\"twitter:label2\" content=\"Dur\u00e9e de lecture estim\u00e9e\" \/>\n\t<meta name=\"twitter:data2\" content=\"1 minute\" \/>\n<script type=\"application\/ld+json\" class=\"yoast-schema-graph\">{\"@context\":\"https:\/\/schema.org\",\"@graph\":[{\"@type\":\"Article\",\"@id\":\"https:\/\/www.public.sn\/index.php\/2025\/10\/20\/poursuites-demandees-contre-pape-malick-ndour-maitre-tanor-diame-saisit-la-ministre-de-la-justice\/#article\",\"isPartOf\":{\"@id\":\"https:\/\/www.public.sn\/index.php\/2025\/10\/20\/poursuites-demandees-contre-pape-malick-ndour-maitre-tanor-diame-saisit-la-ministre-de-la-justice\/\"},\"author\":{\"name\":\"LA REDACTION\",\"@id\":\"https:\/\/www.public.sn\/#\/schema\/person\/cb76c8e1b8becc6be61fb5e92d6d0224\"},\"headline\":\"Poursuites demand\u00e9es contre Pape Malick Ndour : Ma\u00eetre Tanor Diam\u00e9 saisit la ministre de la Justice\",\"datePublished\":\"2025-10-20T14:49:34+00:00\",\"dateModified\":\"2025-10-20T14:49:37+00:00\",\"mainEntityOfPage\":{\"@id\":\"https:\/\/www.public.sn\/index.php\/2025\/10\/20\/poursuites-demandees-contre-pape-malick-ndour-maitre-tanor-diame-saisit-la-ministre-de-la-justice\/\"},\"wordCount\":142,\"commentCount\":0,\"publisher\":{\"@id\":\"https:\/\/www.public.sn\/#organization\"},\"image\":{\"@id\":\"https:\/\/www.public.sn\/index.php\/2025\/10\/20\/poursuites-demandees-contre-pape-malick-ndour-maitre-tanor-diame-saisit-la-ministre-de-la-justice\/#primaryimage\"},\"thumbnailUrl\":\"https:\/\/www.public.sn\/wp-content\/uploads\/2025\/10\/pape-malick-ndour.jpg\",\"keywords\":[\"Poursuites demand\u00e9es contre Pape Malick Ndour : Ma\u00eetre Tanor Diam\u00e9 saisit la ministre de la Justice\"],\"articleSection\":[\"ACTUALIT\u00c9S\",\"justice\",\"POLITIQUE\",\"S\u00c9N\u00c9GAL\"],\"inLanguage\":\"fr-FR\",\"potentialAction\":[{\"@type\":\"CommentAction\",\"name\":\"Comment\",\"target\":[\"https:\/\/www.public.sn\/index.php\/2025\/10\/20\/poursuites-demandees-contre-pape-malick-ndour-maitre-tanor-diame-saisit-la-ministre-de-la-justice\/#respond\"]}]},{\"@type\":\"WebPage\",\"@id\":\"https:\/\/www.public.sn\/index.php\/2025\/10\/20\/poursuites-demandees-contre-pape-malick-ndour-maitre-tanor-diame-saisit-la-ministre-de-la-justice\/\",\"url\":\"https:\/\/www.public.sn\/index.php\/2025\/10\/20\/poursuites-demandees-contre-pape-malick-ndour-maitre-tanor-diame-saisit-la-ministre-de-la-justice\/\",\"name\":\"Poursuites demand\u00e9es contre Pape Malick Ndour : Ma\u00eetre Tanor Diam\u00e9 saisit la ministre de la Justice - LE PUBLIC\",\"isPartOf\":{\"@id\":\"https:\/\/www.public.sn\/#website\"},\"primaryImageOfPage\":{\"@id\":\"https:\/\/www.public.sn\/index.php\/2025\/10\/20\/poursuites-demandees-contre-pape-malick-ndour-maitre-tanor-diame-saisit-la-ministre-de-la-justice\/#primaryimage\"},\"image\":{\"@id\":\"https:\/\/www.public.sn\/index.php\/2025\/10\/20\/poursuites-demandees-contre-pape-malick-ndour-maitre-tanor-diame-saisit-la-ministre-de-la-justice\/#primaryimage\"},\"thumbnailUrl\":\"https:\/\/www.public.sn\/wp-content\/uploads\/2025\/10\/pape-malick-ndour.jpg\",\"datePublished\":\"2025-10-20T14:49:34+00:00\",\"dateModified\":\"2025-10-20T14:49:37+00:00\",\"breadcrumb\":{\"@id\":\"https:\/\/www.public.sn\/index.php\/2025\/10\/20\/poursuites-demandees-contre-pape-malick-ndour-maitre-tanor-diame-saisit-la-ministre-de-la-justice\/#breadcrumb\"},\"inLanguage\":\"fr-FR\",\"potentialAction\":[{\"@type\":\"ReadAction\",\"target\":[\"https:\/\/www.public.sn\/index.php\/2025\/10\/20\/poursuites-demandees-contre-pape-malick-ndour-maitre-tanor-diame-saisit-la-ministre-de-la-justice\/\"]}]},{\"@type\":\"ImageObject\",\"inLanguage\":\"fr-FR\",\"@id\":\"https:\/\/www.public.sn\/index.php\/2025\/10\/20\/poursuites-demandees-contre-pape-malick-ndour-maitre-tanor-diame-saisit-la-ministre-de-la-justice\/#primaryimage\",\"url\":\"https:\/\/www.public.sn\/wp-content\/uploads\/2025\/10\/pape-malick-ndour.jpg\",\"contentUrl\":\"https:\/\/www.public.sn\/wp-content\/uploads\/2025\/10\/pape-malick-ndour.jpg\",\"width\":800,\"height\":533},{\"@type\":\"BreadcrumbList\",\"@id\":\"https:\/\/www.public.sn\/index.php\/2025\/10\/20\/poursuites-demandees-contre-pape-malick-ndour-maitre-tanor-diame-saisit-la-ministre-de-la-justice\/#breadcrumb\",\"itemListElement\":[{\"@type\":\"ListItem\",\"position\":1,\"name\":\"Accueil\",\"item\":\"https:\/\/www.public.sn\/\"},{\"@type\":\"ListItem\",\"position\":2,\"name\":\"Poursuites demand\u00e9es contre Pape Malick Ndour : Ma\u00eetre Tanor Diam\u00e9 saisit la ministre de la Justice\"}]},{\"@type\":\"WebSite\",\"@id\":\"https:\/\/www.public.sn\/#website\",\"url\":\"https:\/\/www.public.sn\/\",\"name\":\"LE PUBLIC\",\"description\":\"\",\"publisher\":{\"@id\":\"https:\/\/www.public.sn\/#organization\"},\"potentialAction\":[{\"@type\":\"SearchAction\",\"target\":{\"@type\":\"EntryPoint\",\"urlTemplate\":\"https:\/\/www.public.sn\/?s={search_term_string}\"},\"query-input\":{\"@type\":\"PropertyValueSpecification\",\"valueRequired\":true,\"valueName\":\"search_term_string\"}}],\"inLanguage\":\"fr-FR\"},{\"@type\":\"Organization\",\"@id\":\"https:\/\/www.public.sn\/#organization\",\"name\":\"LE PUBLIC\",\"url\":\"https:\/\/www.public.sn\/\",\"logo\":{\"@type\":\"ImageObject\",\"inLanguage\":\"fr-FR\",\"@id\":\"https:\/\/www.public.sn\/#\/schema\/logo\/image\/\",\"url\":\"https:\/\/www.public.sn\/wp-content\/uploads\/2024\/05\/cropped-LOGO-PUBLIC.SN_.png\",\"contentUrl\":\"https:\/\/www.public.sn\/wp-content\/uploads\/2024\/05\/cropped-LOGO-PUBLIC.SN_.png\",\"width\":682,\"height\":192,\"caption\":\"LE PUBLIC\"},\"image\":{\"@id\":\"https:\/\/www.public.sn\/#\/schema\/logo\/image\/\"}},{\"@type\":\"Person\",\"@id\":\"https:\/\/www.public.sn\/#\/schema\/person\/cb76c8e1b8becc6be61fb5e92d6d0224\",\"name\":\"LA REDACTION\",\"image\":{\"@type\":\"ImageObject\",\"inLanguage\":\"fr-FR\",\"@id\":\"https:\/\/www.public.sn\/#\/schema\/person\/image\/\",\"url\":\"https:\/\/secure.gravatar.com\/avatar\/2dce5ddd34b8fef0180efe03aa2a9bee7d953856048f9a16b298190a3178407c?s=96&d=mm&r=g\",\"contentUrl\":\"https:\/\/secure.gravatar.com\/avatar\/2dce5ddd34b8fef0180efe03aa2a9bee7d953856048f9a16b298190a3178407c?s=96&d=mm&r=g\",\"caption\":\"LA REDACTION\"},\"url\":\"https:\/\/www.public.sn\/index.php\/author\/editeurpsn\/\"}]}<\/script>\n<!-- \/ Yoast SEO plugin. -->","yoast_head_json":{"title":"Poursuites demand\u00e9es contre Pape Malick Ndour : Ma\u00eetre Tanor Diam\u00e9 saisit la ministre de la Justice - LE PUBLIC","robots":{"index":"index","follow":"follow","max-snippet":"max-snippet:-1","max-image-preview":"max-image-preview:large","max-video-preview":"max-video-preview:-1"},"canonical":"https:\/\/www.public.sn\/index.php\/2025\/10\/20\/poursuites-demandees-contre-pape-malick-ndour-maitre-tanor-diame-saisit-la-ministre-de-la-justice\/","og_locale":"fr_FR","og_type":"article","og_title":"Poursuites demand\u00e9es contre Pape Malick Ndour : Ma\u00eetre Tanor Diam\u00e9 saisit la ministre de la Justice - LE PUBLIC","og_description":"Dans une lettre ouverte, Ma\u00eetre Tanor Diam\u00e9 a officiellement interpell\u00e9 la garde des Sceaux, Yacine Fall, au sujet de faits graves mettant en cause l&rsquo;ancien ministre de la Jeunesse, Pape Malick Ndour. Il \u00e9voque des accusations d\u2019appels \u00e0 l\u2019insurrection, de man\u0153uvres compromettant la s\u00e9curit\u00e9 publique et de faits relevant de la torture. S&rsquo;appuyant sur l&rsquo;article 28 du Code de proc\u00e9dure p\u00e9nale, qui autorise la ministre de la Justice \u00e0 instruire le procureur g\u00e9n\u00e9ral d\u2019engager des poursuites pour toute infraction \u00e0 la loi p\u00e9nale, Ma\u00eetre Diam\u00e9 demande l\u2019ouverture d&rsquo;une proc\u00e9dure judiciaire contre l\u2019ancien ministre. Cette d\u00e9marche, selon lui, vise \u00e0 garantir le respect de l\u2019\u00c9tat de droit et \u00e0 pr\u00e9venir toute impunit\u00e9. source seneweb","og_url":"https:\/\/www.public.sn\/index.php\/2025\/10\/20\/poursuites-demandees-contre-pape-malick-ndour-maitre-tanor-diame-saisit-la-ministre-de-la-justice\/","og_site_name":"LE PUBLIC","article_published_time":"2025-10-20T14:49:34+00:00","article_modified_time":"2025-10-20T14:49:37+00:00","og_image":[{"width":800,"height":533,"url":"https:\/\/www.public.sn\/wp-content\/uploads\/2025\/10\/pape-malick-ndour.jpg","type":"image\/jpeg"}],"author":"LA REDACTION","twitter_card":"summary_large_image","twitter_misc":{"\u00c9crit par":"LA REDACTION","Dur\u00e9e de lecture estim\u00e9e":"1 minute"},"schema":{"@context":"https:\/\/schema.org","@graph":[{"@type":"Article","@id":"https:\/\/www.public.sn\/index.php\/2025\/10\/20\/poursuites-demandees-contre-pape-malick-ndour-maitre-tanor-diame-saisit-la-ministre-de-la-justice\/#article","isPartOf":{"@id":"https:\/\/www.public.sn\/index.php\/2025\/10\/20\/poursuites-demandees-contre-pape-malick-ndour-maitre-tanor-diame-saisit-la-ministre-de-la-justice\/"},"author":{"name":"LA REDACTION","@id":"https:\/\/www.public.sn\/#\/schema\/person\/cb76c8e1b8becc6be61fb5e92d6d0224"},"headline":"Poursuites demand\u00e9es contre Pape Malick Ndour : Ma\u00eetre Tanor Diam\u00e9 saisit la ministre de la Justice","datePublished":"2025-10-20T14:49:34+00:00","dateModified":"2025-10-20T14:49:37+00:00","mainEntityOfPage":{"@id":"https:\/\/www.public.sn\/index.php\/2025\/10\/20\/poursuites-demandees-contre-pape-malick-ndour-maitre-tanor-diame-saisit-la-ministre-de-la-justice\/"},"wordCount":142,"commentCount":0,"publisher":{"@id":"https:\/\/www.public.sn\/#organization"},"image":{"@id":"https:\/\/www.public.sn\/index.php\/2025\/10\/20\/poursuites-demandees-contre-pape-malick-ndour-maitre-tanor-diame-saisit-la-ministre-de-la-justice\/#primaryimage"},"thumbnailUrl":"https:\/\/www.public.sn\/wp-content\/uploads\/2025\/10\/pape-malick-ndour.jpg","keywords":["Poursuites demand\u00e9es contre Pape Malick Ndour : Ma\u00eetre Tanor Diam\u00e9 saisit la ministre de la Justice"],"articleSection":["ACTUALIT\u00c9S","justice","POLITIQUE","S\u00c9N\u00c9GAL"],"inLanguage":"fr-FR","potentialAction":[{"@type":"CommentAction","name":"Comment","target":["https:\/\/www.public.sn\/index.php\/2025\/10\/20\/poursuites-demandees-contre-pape-malick-ndour-maitre-tanor-diame-saisit-la-ministre-de-la-justice\/#respond"]}]},{"@type":"WebPage","@id":"https:\/\/www.public.sn\/index.php\/2025\/10\/20\/poursuites-demandees-contre-pape-malick-ndour-maitre-tanor-diame-saisit-la-ministre-de-la-justice\/","url":"https:\/\/www.public.sn\/index.php\/2025\/10\/20\/poursuites-demandees-contre-pape-malick-ndour-maitre-tanor-diame-saisit-la-ministre-de-la-justice\/","name":"Poursuites demand\u00e9es contre Pape Malick Ndour : Ma\u00eetre Tanor Diam\u00e9 saisit la ministre de la Justice - LE PUBLIC","isPartOf":{"@id":"https:\/\/www.public.sn\/#website"},"primaryImageOfPage":{"@id":"https:\/\/www.public.sn\/index.php\/2025\/10\/20\/poursuites-demandees-contre-pape-malick-ndour-maitre-tanor-diame-saisit-la-ministre-de-la-justice\/#primaryimage"},"image":{"@id":"https:\/\/www.public.sn\/index.php\/2025\/10\/20\/poursuites-demandees-contre-pape-malick-ndour-maitre-tanor-diame-saisit-la-ministre-de-la-justice\/#primaryimage"},"thumbnailUrl":"https:\/\/www.public.sn\/wp-content\/uploads\/2025\/10\/pape-malick-ndour.jpg","datePublished":"2025-10-20T14:49:34+00:00","dateModified":"2025-10-20T14:49:37+00:00","breadcrumb":{"@id":"https:\/\/www.public.sn\/index.php\/2025\/10\/20\/poursuites-demandees-contre-pape-malick-ndour-maitre-tanor-diame-saisit-la-ministre-de-la-justice\/#breadcrumb"},"inLanguage":"fr-FR","potentialAction":[{"@type":"ReadAction","target":["https:\/\/www.public.sn\/index.php\/2025\/10\/20\/poursuites-demandees-contre-pape-malick-ndour-maitre-tanor-diame-saisit-la-ministre-de-la-justice\/"]}]},{"@type":"ImageObject","inLanguage":"fr-FR","@id":"https:\/\/www.public.sn\/index.php\/2025\/10\/20\/poursuites-demandees-contre-pape-malick-ndour-maitre-tanor-diame-saisit-la-ministre-de-la-justice\/#primaryimage","url":"https:\/\/www.public.sn\/wp-content\/uploads\/2025\/10\/pape-malick-ndour.jpg","contentUrl":"https:\/\/www.public.sn\/wp-content\/uploads\/2025\/10\/pape-malick-ndour.jpg","width":800,"height":533},{"@type":"BreadcrumbList","@id":"https:\/\/www.public.sn\/index.php\/2025\/10\/20\/poursuites-demandees-contre-pape-malick-ndour-maitre-tanor-diame-saisit-la-ministre-de-la-justice\/#breadcrumb","itemListElement":[{"@type":"ListItem","position":1,"name":"Accueil","item":"https:\/\/www.public.sn\/"},{"@type":"ListItem","position":2,"name":"Poursuites demand\u00e9es contre Pape Malick Ndour : Ma\u00eetre Tanor Diam\u00e9 saisit la ministre de la Justice"}]},{"@type":"WebSite","@id":"https:\/\/www.public.sn\/#website","url":"https:\/\/www.public.sn\/","name":"LE PUBLIC","description":"","publisher":{"@id":"https:\/\/www.public.sn\/#organization"},"potentialAction":[{"@type":"SearchAction","target":{"@type":"EntryPoint","urlTemplate":"https:\/\/www.public.sn\/?s={search_term_string}"},"query-input":{"@type":"PropertyValueSpecification","valueRequired":true,"valueName":"search_term_string"}}],"inLanguage":"fr-FR"},{"@type":"Organization","@id":"https:\/\/www.public.sn\/#organization","name":"LE PUBLIC","url":"https:\/\/www.public.sn\/","logo":{"@type":"ImageObject","inLanguage":"fr-FR","@id":"https:\/\/www.public.sn\/#\/schema\/logo\/image\/","url":"https:\/\/www.public.sn\/wp-content\/uploads\/2024\/05\/cropped-LOGO-PUBLIC.SN_.png","contentUrl":"https:\/\/www.public.sn\/wp-content\/uploads\/2024\/05\/cropped-LOGO-PUBLIC.SN_.png","width":682,"height":192,"caption":"LE PUBLIC"},"image":{"@id":"https:\/\/www.public.sn\/#\/schema\/logo\/image\/"}},{"@type":"Person","@id":"https:\/\/www.public.sn\/#\/schema\/person\/cb76c8e1b8becc6be61fb5e92d6d0224","name":"LA REDACTION","image":{"@type":"ImageObject","inLanguage":"fr-FR","@id":"https:\/\/www.public.sn\/#\/schema\/person\/image\/","url":"https:\/\/secure.gravatar.com\/avatar\/2dce5ddd34b8fef0180efe03aa2a9bee7d953856048f9a16b298190a3178407c?s=96&d=mm&r=g","contentUrl":"https:\/\/secure.gravatar.com\/avatar\/2dce5ddd34b8fef0180efe03aa2a9bee7d953856048f9a16b298190a3178407c?s=96&d=mm&r=g","caption":"LA REDACTION"},"url":"https:\/\/www.public.sn\/index.php\/author\/editeurpsn\/"}]}},"jetpack_featured_media_url":"https:\/\/www.public.sn\/wp-content\/uploads\/2025\/10\/pape-malick-ndour.jpg","jetpack_sharing_enabled":true,"_links":{"self":[{"href":"https:\/\/www.public.sn\/index.php\/wp-json\/wp\/v2\/posts\/37817","targetHints":{"allow":["GET"]}}],"collection":[{"href":"https:\/\/www.public.sn\/index.php\/wp-json\/wp\/v2\/posts"}],"about":[{"href":"https:\/\/www.public.sn\/index.php\/wp-json\/wp\/v2\/types\/post"}],"author":[{"embeddable":true,"href":"https:\/\/www.public.sn\/index.php\/wp-json\/wp\/v2\/users\/7"}],"replies":[{"embeddable":true,"href":"https:\/\/www.public.sn\/index.php\/wp-json\/wp\/v2\/comments?post=37817"}],"version-history":[{"count":1,"href":"https:\/\/www.public.sn\/index.php\/wp-json\/wp\/v2\/posts\/37817\/revisions"}],"predecessor-version":[{"id":37820,"href":"https:\/\/www.public.sn\/index.php\/wp-json\/wp\/v2\/posts\/37817\/revisions\/37820"}],"wp:featuredmedia":[{"embeddable":true,"href":"https:\/\/www.public.sn\/index.php\/wp-json\/wp\/v2\/media\/37819"}],"wp:attachment":[{"href":"https:\/\/www.public.sn\/index.php\/wp-json\/wp\/v2\/media?parent=37817"}],"wp:term":[{"taxonomy":"category","embeddable":true,"href":"https:\/\/www.public.sn\/index.php\/wp-json\/wp\/v2\/categories?post=37817"},{"taxonomy":"post_tag","embeddable":true,"href":"https:\/\/www.public.sn\/index.php\/wp-json\/wp\/v2\/tags?post=37817"}],"curies":[{"name":"wp","href":"https:\/\/api.w.org\/{rel}","templated":true}]}}