{"id":37849,"date":"2025-10-24T13:11:26","date_gmt":"2025-10-24T13:11:26","guid":{"rendered":"https:\/\/www.public.sn\/?p=37849"},"modified":"2025-10-24T13:11:30","modified_gmt":"2025-10-24T13:11:30","slug":"pressafrik-reconnait-une-erreur-et-reaffirme-son-engagement-pour-une-information-rigoureuse","status":"publish","type":"post","link":"https:\/\/www.public.sn\/index.php\/2025\/10\/24\/pressafrik-reconnait-une-erreur-et-reaffirme-son-engagement-pour-une-information-rigoureuse\/","title":{"rendered":"PressAfrik reconna\u00eet une erreur et r\u00e9affirme son engagement pour une information rigoureuse"},"content":{"rendered":"\n<p>Dans un communiqu\u00e9 intitul\u00e9 <strong>\u00ab MISE AU POINT \u00bb<\/strong>, le m\u00e9dia en ligne <strong>PressAfrik<\/strong> a pr\u00e9sent\u00e9 ses <strong>excuses publiques<\/strong> au Premier ministre <strong>Ousmane Sonko<\/strong>, apr\u00e8s la diffusion d\u2019une information erron\u00e9e relative \u00e0 son absence au <strong>Conseil des ministres du 22 octobre 2025<\/strong>.<\/p><div class=\"publi-paragraphe1\" style=\"margin-top: 10px;margin-bottom: 10px;margin-left: auto;margin-right: auto;text-align: center;\" id=\"publi-3586819938\"><div class=\"publi-adlabel\">Publicit\u00e9<\/div><script async src=\"\/\/pagead2.googlesyndication.com\/pagead\/js\/adsbygoogle.js?client=ca-pub-4089586018074219\" crossorigin=\"anonymous\"><\/script><ins class=\"adsbygoogle\" style=\"display:block;\" data-ad-client=\"ca-pub-4089586018074219\" \ndata-ad-slot=\"2087940154\" \ndata-ad-format=\"auto\"><\/ins>\n<script> \n(adsbygoogle = window.adsbygoogle || []).push({}); \n<\/script>\n<\/div>\n\n\n\n<p>L\u2019article initial, publi\u00e9 sous le titre <em>\u00ab Absence du Premier ministre au Conseil des ministres : Encore une brouille Diomaye\u2013Sonko ? \u00bb<\/em>, avait pr\u00eat\u00e9 \u00e0 cette absence des <strong>interpr\u00e9tations sp\u00e9culatives<\/strong>, \u00e9voquant un \u00e9ventuel <strong>malaise politique<\/strong> entre le Chef du Gouvernement et le Pr\u00e9sident <strong>Bassirou Diomaye Faye<\/strong>.<\/p>\n\n\n\n<p>Dans sa mise au point, PressAfrik reconna\u00eet avoir publi\u00e9 ce texte sur la base d\u2019<strong>informations incompl\u00e8tes<\/strong> et de <strong>sources non confirm\u00e9es<\/strong>, en l\u2019absence de communication officielle. Le m\u00e9dia corrige d\u00e9sormais les faits : <strong>Ousmane Sonko n\u2019a pas assist\u00e9 au Conseil des ministres parce qu\u2019il \u00e9tait souffrant<\/strong>, comme l\u2019a pr\u00e9cis\u00e9 <strong>Dr. A\u00efda Mbodj<\/strong>, Administratrice G\u00e9n\u00e9rale de la DER, sur le plateau de la <strong>RTS<\/strong>, information \u00e9galement <strong>confirm\u00e9e par des proches<\/strong> du Premier ministre.<\/p>\n\n\n\n<p>Soulignant la n\u00e9cessit\u00e9 d\u2019une <strong>presse responsable et v\u00e9rifi\u00e9e<\/strong>, PressAfrik admet que cette publication a pu entra\u00eener des <strong>interpr\u00e9tations erron\u00e9es<\/strong> et des <strong>d\u00e9sagr\u00e9ments<\/strong>. Le site d\u2019information assure tirer les le\u00e7ons de cet \u00e9pisode et r\u00e9affirme sa volont\u00e9 de \u00ab <strong>servir la v\u00e9rit\u00e9, en toute transparence<\/strong> \u00bb.<\/p>\n\n\n<div class=\"wp-block-image\">\n<figure class=\"aligncenter size-full\"><img fetchpriority=\"high\" decoding=\"async\" width=\"715\" height=\"960\" src=\"https:\/\/www.public.sn\/wp-content\/uploads\/2025\/10\/68fb6072b3ea6_IFertg77Dk.jpg\" alt=\"\" class=\"wp-image-37850\" srcset=\"https:\/\/www.public.sn\/wp-content\/uploads\/2025\/10\/68fb6072b3ea6_IFertg77Dk.jpg 715w, https:\/\/www.public.sn\/wp-content\/uploads\/2025\/10\/68fb6072b3ea6_IFertg77Dk-223x300.jpg 223w, https:\/\/www.public.sn\/wp-content\/uploads\/2025\/10\/68fb6072b3ea6_IFertg77Dk-600x806.jpg 600w\" sizes=\"(max-width: 715px) 100vw, 715px\" \/><\/figure>\n<\/div><div class=\"publi-apres-le-contenu\" style=\"margin-top: 10px;margin-bottom: 10px;margin-left: auto;margin-right: auto;text-align: center;\" id=\"publi-85227678\"><div class=\"publi-adlabel\">Publicit\u00e9<\/div><script async src=\"\/\/pagead2.googlesyndication.com\/pagead\/js\/adsbygoogle.js?client=ca-pub-4089586018074219\" crossorigin=\"anonymous\"><\/script><ins class=\"adsbygoogle\" style=\"display:block;\" data-ad-client=\"ca-pub-4089586018074219\" \ndata-ad-slot=\"2087940154\" \ndata-ad-format=\"auto\"><\/ins>\n<script> \n(adsbygoogle = window.adsbygoogle || []).push({}); \n<\/script>\n<\/div>","protected":false},"excerpt":{"rendered":"<p>Dans un communiqu\u00e9 intitul\u00e9 \u00ab MISE AU POINT \u00bb, le m\u00e9dia en ligne PressAfrik a pr\u00e9sent\u00e9 ses excuses publiques au Premier ministre Ousmane Sonko, apr\u00e8s la diffusion d\u2019une information erron\u00e9e relative \u00e0 son absence au Conseil des ministres du 22 octobre 2025. L\u2019article initial, publi\u00e9 sous le titre \u00ab Absence du Premier ministre au Conseil des ministres : Encore une brouille Diomaye\u2013Sonko ? \u00bb, avait pr\u00eat\u00e9 \u00e0 cette absence des interpr\u00e9tations sp\u00e9culatives, \u00e9voquant un \u00e9ventuel malaise politique entre le Chef du Gouvernement et le Pr\u00e9sident Bassirou Diomaye Faye. Dans sa mise au point, PressAfrik reconna\u00eet avoir publi\u00e9 ce texte sur la base d\u2019informations incompl\u00e8tes et de sources non confirm\u00e9es, en l\u2019absence de communication officielle. Le m\u00e9dia corrige d\u00e9sormais les faits : Ousmane Sonko n\u2019a pas assist\u00e9 au Conseil des ministres parce qu\u2019il \u00e9tait souffrant, comme l\u2019a pr\u00e9cis\u00e9 Dr. A\u00efda Mbodj, Administratrice G\u00e9n\u00e9rale de la DER, sur le plateau de la RTS, information \u00e9galement confirm\u00e9e par des proches du Premier ministre. Soulignant la n\u00e9cessit\u00e9 d\u2019une presse responsable et v\u00e9rifi\u00e9e, PressAfrik admet que cette publication a pu entra\u00eener des interpr\u00e9tations erron\u00e9es et des d\u00e9sagr\u00e9ments. Le site d\u2019information assure tirer les le\u00e7ons de cet \u00e9pisode et r\u00e9affirme sa volont\u00e9 de \u00ab servir la v\u00e9rit\u00e9, en toute transparence \u00bb.<\/p>\n","protected":false},"author":7,"featured_media":37851,"comment_status":"open","ping_status":"open","sticky":false,"template":"","format":"standard","meta":{"_jetpack_memberships_contains_paid_content":false,"footnotes":""},"categories":[375,9,1],"tags":[16,7653],"class_list":["post-37849","post","type-post","status-publish","format-standard","has-post-thumbnail","hentry","category-actualites","category-communique","category-non-classe","tag-ousmane-sonko","tag-pressafrik-reconnait-une-erreur-et-reaffirme-son-engagement-pour-une-information-rigoureuse","entry","has-media","owp-thumbs-layout-horizontal","owp-btn-normal","owp-tabs-layout-horizontal","has-no-thumbnails","has-product-nav"],"yoast_head":"<!-- This site is optimized with the Yoast SEO plugin v25.5 - https:\/\/yoast.com\/wordpress\/plugins\/seo\/ -->\n<title>PressAfrik reconna\u00eet une erreur et r\u00e9affirme son engagement pour une information rigoureuse - LE PUBLIC<\/title>\n<meta name=\"robots\" content=\"index, follow, max-snippet:-1, max-image-preview:large, max-video-preview:-1\" \/>\n<link rel=\"canonical\" href=\"https:\/\/www.public.sn\/index.php\/2025\/10\/24\/pressafrik-reconnait-une-erreur-et-reaffirme-son-engagement-pour-une-information-rigoureuse\/\" \/>\n<meta property=\"og:locale\" content=\"fr_FR\" \/>\n<meta property=\"og:type\" content=\"article\" \/>\n<meta property=\"og:title\" content=\"PressAfrik reconna\u00eet une erreur et r\u00e9affirme son engagement pour une information rigoureuse - LE PUBLIC\" \/>\n<meta property=\"og:description\" content=\"Dans un communiqu\u00e9 intitul\u00e9 \u00ab MISE AU POINT \u00bb, le m\u00e9dia en ligne PressAfrik a pr\u00e9sent\u00e9 ses excuses publiques au Premier ministre Ousmane Sonko, apr\u00e8s la diffusion d\u2019une information erron\u00e9e relative \u00e0 son absence au Conseil des ministres du 22 octobre 2025. L\u2019article initial, publi\u00e9 sous le titre \u00ab Absence du Premier ministre au Conseil des ministres : Encore une brouille Diomaye\u2013Sonko ? \u00bb, avait pr\u00eat\u00e9 \u00e0 cette absence des interpr\u00e9tations sp\u00e9culatives, \u00e9voquant un \u00e9ventuel malaise politique entre le Chef du Gouvernement et le Pr\u00e9sident Bassirou Diomaye Faye. Dans sa mise au point, PressAfrik reconna\u00eet avoir publi\u00e9 ce texte sur la base d\u2019informations incompl\u00e8tes et de sources non confirm\u00e9es, en l\u2019absence de communication officielle. Le m\u00e9dia corrige d\u00e9sormais les faits : Ousmane Sonko n\u2019a pas assist\u00e9 au Conseil des ministres parce qu\u2019il \u00e9tait souffrant, comme l\u2019a pr\u00e9cis\u00e9 Dr. A\u00efda Mbodj, Administratrice G\u00e9n\u00e9rale de la DER, sur le plateau de la RTS, information \u00e9galement confirm\u00e9e par des proches du Premier ministre. Soulignant la n\u00e9cessit\u00e9 d\u2019une presse responsable et v\u00e9rifi\u00e9e, PressAfrik admet que cette publication a pu entra\u00eener des interpr\u00e9tations erron\u00e9es et des d\u00e9sagr\u00e9ments. Le site d\u2019information assure tirer les le\u00e7ons de cet \u00e9pisode et r\u00e9affirme sa volont\u00e9 de \u00ab servir la v\u00e9rit\u00e9, en toute transparence \u00bb.\" \/>\n<meta property=\"og:url\" content=\"https:\/\/www.public.sn\/index.php\/2025\/10\/24\/pressafrik-reconnait-une-erreur-et-reaffirme-son-engagement-pour-une-information-rigoureuse\/\" \/>\n<meta property=\"og:site_name\" content=\"LE PUBLIC\" \/>\n<meta property=\"article:published_time\" content=\"2025-10-24T13:11:26+00:00\" \/>\n<meta property=\"article:modified_time\" content=\"2025-10-24T13:11:30+00:00\" \/>\n<meta property=\"og:image\" content=\"https:\/\/www.public.sn\/wp-content\/uploads\/2025\/10\/OUSMANE-SONKO-1.jpeg\" \/>\n\t<meta property=\"og:image:width\" content=\"1080\" \/>\n\t<meta property=\"og:image:height\" content=\"1019\" \/>\n\t<meta property=\"og:image:type\" content=\"image\/jpeg\" \/>\n<meta name=\"author\" content=\"LA REDACTION\" \/>\n<meta name=\"twitter:card\" content=\"summary_large_image\" \/>\n<meta name=\"twitter:label1\" content=\"\u00c9crit par\" \/>\n\t<meta name=\"twitter:data1\" content=\"LA REDACTION\" \/>\n\t<meta name=\"twitter:label2\" content=\"Dur\u00e9e de lecture estim\u00e9e\" \/>\n\t<meta name=\"twitter:data2\" content=\"2 minutes\" \/>\n<script type=\"application\/ld+json\" class=\"yoast-schema-graph\">{\"@context\":\"https:\/\/schema.org\",\"@graph\":[{\"@type\":\"Article\",\"@id\":\"https:\/\/www.public.sn\/index.php\/2025\/10\/24\/pressafrik-reconnait-une-erreur-et-reaffirme-son-engagement-pour-une-information-rigoureuse\/#article\",\"isPartOf\":{\"@id\":\"https:\/\/www.public.sn\/index.php\/2025\/10\/24\/pressafrik-reconnait-une-erreur-et-reaffirme-son-engagement-pour-une-information-rigoureuse\/\"},\"author\":{\"name\":\"LA REDACTION\",\"@id\":\"https:\/\/www.public.sn\/#\/schema\/person\/cb76c8e1b8becc6be61fb5e92d6d0224\"},\"headline\":\"PressAfrik reconna\u00eet une erreur et r\u00e9affirme son engagement pour une information rigoureuse\",\"datePublished\":\"2025-10-24T13:11:26+00:00\",\"dateModified\":\"2025-10-24T13:11:30+00:00\",\"mainEntityOfPage\":{\"@id\":\"https:\/\/www.public.sn\/index.php\/2025\/10\/24\/pressafrik-reconnait-une-erreur-et-reaffirme-son-engagement-pour-une-information-rigoureuse\/\"},\"wordCount\":245,\"commentCount\":0,\"publisher\":{\"@id\":\"https:\/\/www.public.sn\/#organization\"},\"image\":{\"@id\":\"https:\/\/www.public.sn\/index.php\/2025\/10\/24\/pressafrik-reconnait-une-erreur-et-reaffirme-son-engagement-pour-une-information-rigoureuse\/#primaryimage\"},\"thumbnailUrl\":\"https:\/\/www.public.sn\/wp-content\/uploads\/2025\/10\/OUSMANE-SONKO-1.jpeg\",\"keywords\":[\"Ousmane Sonko\",\"PressAfrik reconna\u00eet une erreur et r\u00e9affirme son engagement pour une information rigoureuse\"],\"articleSection\":[\"ACTUALIT\u00c9S\",\"COMMUNIQU\u00c9\",\"S\u00c9N\u00c9GAL\"],\"inLanguage\":\"fr-FR\",\"potentialAction\":[{\"@type\":\"CommentAction\",\"name\":\"Comment\",\"target\":[\"https:\/\/www.public.sn\/index.php\/2025\/10\/24\/pressafrik-reconnait-une-erreur-et-reaffirme-son-engagement-pour-une-information-rigoureuse\/#respond\"]}]},{\"@type\":\"WebPage\",\"@id\":\"https:\/\/www.public.sn\/index.php\/2025\/10\/24\/pressafrik-reconnait-une-erreur-et-reaffirme-son-engagement-pour-une-information-rigoureuse\/\",\"url\":\"https:\/\/www.public.sn\/index.php\/2025\/10\/24\/pressafrik-reconnait-une-erreur-et-reaffirme-son-engagement-pour-une-information-rigoureuse\/\",\"name\":\"PressAfrik reconna\u00eet une erreur et r\u00e9affirme son engagement pour une information rigoureuse - LE PUBLIC\",\"isPartOf\":{\"@id\":\"https:\/\/www.public.sn\/#website\"},\"primaryImageOfPage\":{\"@id\":\"https:\/\/www.public.sn\/index.php\/2025\/10\/24\/pressafrik-reconnait-une-erreur-et-reaffirme-son-engagement-pour-une-information-rigoureuse\/#primaryimage\"},\"image\":{\"@id\":\"https:\/\/www.public.sn\/index.php\/2025\/10\/24\/pressafrik-reconnait-une-erreur-et-reaffirme-son-engagement-pour-une-information-rigoureuse\/#primaryimage\"},\"thumbnailUrl\":\"https:\/\/www.public.sn\/wp-content\/uploads\/2025\/10\/OUSMANE-SONKO-1.jpeg\",\"datePublished\":\"2025-10-24T13:11:26+00:00\",\"dateModified\":\"2025-10-24T13:11:30+00:00\",\"breadcrumb\":{\"@id\":\"https:\/\/www.public.sn\/index.php\/2025\/10\/24\/pressafrik-reconnait-une-erreur-et-reaffirme-son-engagement-pour-une-information-rigoureuse\/#breadcrumb\"},\"inLanguage\":\"fr-FR\",\"potentialAction\":[{\"@type\":\"ReadAction\",\"target\":[\"https:\/\/www.public.sn\/index.php\/2025\/10\/24\/pressafrik-reconnait-une-erreur-et-reaffirme-son-engagement-pour-une-information-rigoureuse\/\"]}]},{\"@type\":\"ImageObject\",\"inLanguage\":\"fr-FR\",\"@id\":\"https:\/\/www.public.sn\/index.php\/2025\/10\/24\/pressafrik-reconnait-une-erreur-et-reaffirme-son-engagement-pour-une-information-rigoureuse\/#primaryimage\",\"url\":\"https:\/\/www.public.sn\/wp-content\/uploads\/2025\/10\/OUSMANE-SONKO-1.jpeg\",\"contentUrl\":\"https:\/\/www.public.sn\/wp-content\/uploads\/2025\/10\/OUSMANE-SONKO-1.jpeg\",\"width\":1080,\"height\":1019},{\"@type\":\"BreadcrumbList\",\"@id\":\"https:\/\/www.public.sn\/index.php\/2025\/10\/24\/pressafrik-reconnait-une-erreur-et-reaffirme-son-engagement-pour-une-information-rigoureuse\/#breadcrumb\",\"itemListElement\":[{\"@type\":\"ListItem\",\"position\":1,\"name\":\"Accueil\",\"item\":\"https:\/\/www.public.sn\/\"},{\"@type\":\"ListItem\",\"position\":2,\"name\":\"PressAfrik reconna\u00eet une erreur et r\u00e9affirme son engagement pour une information rigoureuse\"}]},{\"@type\":\"WebSite\",\"@id\":\"https:\/\/www.public.sn\/#website\",\"url\":\"https:\/\/www.public.sn\/\",\"name\":\"LE PUBLIC\",\"description\":\"\",\"publisher\":{\"@id\":\"https:\/\/www.public.sn\/#organization\"},\"potentialAction\":[{\"@type\":\"SearchAction\",\"target\":{\"@type\":\"EntryPoint\",\"urlTemplate\":\"https:\/\/www.public.sn\/?s={search_term_string}\"},\"query-input\":{\"@type\":\"PropertyValueSpecification\",\"valueRequired\":true,\"valueName\":\"search_term_string\"}}],\"inLanguage\":\"fr-FR\"},{\"@type\":\"Organization\",\"@id\":\"https:\/\/www.public.sn\/#organization\",\"name\":\"LE PUBLIC\",\"url\":\"https:\/\/www.public.sn\/\",\"logo\":{\"@type\":\"ImageObject\",\"inLanguage\":\"fr-FR\",\"@id\":\"https:\/\/www.public.sn\/#\/schema\/logo\/image\/\",\"url\":\"https:\/\/www.public.sn\/wp-content\/uploads\/2024\/05\/cropped-LOGO-PUBLIC.SN_.png\",\"contentUrl\":\"https:\/\/www.public.sn\/wp-content\/uploads\/2024\/05\/cropped-LOGO-PUBLIC.SN_.png\",\"width\":682,\"height\":192,\"caption\":\"LE PUBLIC\"},\"image\":{\"@id\":\"https:\/\/www.public.sn\/#\/schema\/logo\/image\/\"}},{\"@type\":\"Person\",\"@id\":\"https:\/\/www.public.sn\/#\/schema\/person\/cb76c8e1b8becc6be61fb5e92d6d0224\",\"name\":\"LA REDACTION\",\"image\":{\"@type\":\"ImageObject\",\"inLanguage\":\"fr-FR\",\"@id\":\"https:\/\/www.public.sn\/#\/schema\/person\/image\/\",\"url\":\"https:\/\/secure.gravatar.com\/avatar\/2dce5ddd34b8fef0180efe03aa2a9bee7d953856048f9a16b298190a3178407c?s=96&d=mm&r=g\",\"contentUrl\":\"https:\/\/secure.gravatar.com\/avatar\/2dce5ddd34b8fef0180efe03aa2a9bee7d953856048f9a16b298190a3178407c?s=96&d=mm&r=g\",\"caption\":\"LA REDACTION\"},\"url\":\"https:\/\/www.public.sn\/index.php\/author\/editeurpsn\/\"}]}<\/script>\n<!-- \/ Yoast SEO plugin. -->","yoast_head_json":{"title":"PressAfrik reconna\u00eet une erreur et r\u00e9affirme son engagement pour une information rigoureuse - LE PUBLIC","robots":{"index":"index","follow":"follow","max-snippet":"max-snippet:-1","max-image-preview":"max-image-preview:large","max-video-preview":"max-video-preview:-1"},"canonical":"https:\/\/www.public.sn\/index.php\/2025\/10\/24\/pressafrik-reconnait-une-erreur-et-reaffirme-son-engagement-pour-une-information-rigoureuse\/","og_locale":"fr_FR","og_type":"article","og_title":"PressAfrik reconna\u00eet une erreur et r\u00e9affirme son engagement pour une information rigoureuse - LE PUBLIC","og_description":"Dans un communiqu\u00e9 intitul\u00e9 \u00ab MISE AU POINT \u00bb, le m\u00e9dia en ligne PressAfrik a pr\u00e9sent\u00e9 ses excuses publiques au Premier ministre Ousmane Sonko, apr\u00e8s la diffusion d\u2019une information erron\u00e9e relative \u00e0 son absence au Conseil des ministres du 22 octobre 2025. L\u2019article initial, publi\u00e9 sous le titre \u00ab Absence du Premier ministre au Conseil des ministres : Encore une brouille Diomaye\u2013Sonko ? \u00bb, avait pr\u00eat\u00e9 \u00e0 cette absence des interpr\u00e9tations sp\u00e9culatives, \u00e9voquant un \u00e9ventuel malaise politique entre le Chef du Gouvernement et le Pr\u00e9sident Bassirou Diomaye Faye. Dans sa mise au point, PressAfrik reconna\u00eet avoir publi\u00e9 ce texte sur la base d\u2019informations incompl\u00e8tes et de sources non confirm\u00e9es, en l\u2019absence de communication officielle. Le m\u00e9dia corrige d\u00e9sormais les faits : Ousmane Sonko n\u2019a pas assist\u00e9 au Conseil des ministres parce qu\u2019il \u00e9tait souffrant, comme l\u2019a pr\u00e9cis\u00e9 Dr. A\u00efda Mbodj, Administratrice G\u00e9n\u00e9rale de la DER, sur le plateau de la RTS, information \u00e9galement confirm\u00e9e par des proches du Premier ministre. Soulignant la n\u00e9cessit\u00e9 d\u2019une presse responsable et v\u00e9rifi\u00e9e, PressAfrik admet que cette publication a pu entra\u00eener des interpr\u00e9tations erron\u00e9es et des d\u00e9sagr\u00e9ments. Le site d\u2019information assure tirer les le\u00e7ons de cet \u00e9pisode et r\u00e9affirme sa volont\u00e9 de \u00ab servir la v\u00e9rit\u00e9, en toute transparence \u00bb.","og_url":"https:\/\/www.public.sn\/index.php\/2025\/10\/24\/pressafrik-reconnait-une-erreur-et-reaffirme-son-engagement-pour-une-information-rigoureuse\/","og_site_name":"LE PUBLIC","article_published_time":"2025-10-24T13:11:26+00:00","article_modified_time":"2025-10-24T13:11:30+00:00","og_image":[{"width":1080,"height":1019,"url":"https:\/\/www.public.sn\/wp-content\/uploads\/2025\/10\/OUSMANE-SONKO-1.jpeg","type":"image\/jpeg"}],"author":"LA REDACTION","twitter_card":"summary_large_image","twitter_misc":{"\u00c9crit par":"LA REDACTION","Dur\u00e9e de lecture estim\u00e9e":"2 minutes"},"schema":{"@context":"https:\/\/schema.org","@graph":[{"@type":"Article","@id":"https:\/\/www.public.sn\/index.php\/2025\/10\/24\/pressafrik-reconnait-une-erreur-et-reaffirme-son-engagement-pour-une-information-rigoureuse\/#article","isPartOf":{"@id":"https:\/\/www.public.sn\/index.php\/2025\/10\/24\/pressafrik-reconnait-une-erreur-et-reaffirme-son-engagement-pour-une-information-rigoureuse\/"},"author":{"name":"LA REDACTION","@id":"https:\/\/www.public.sn\/#\/schema\/person\/cb76c8e1b8becc6be61fb5e92d6d0224"},"headline":"PressAfrik reconna\u00eet une erreur et r\u00e9affirme son engagement pour une information rigoureuse","datePublished":"2025-10-24T13:11:26+00:00","dateModified":"2025-10-24T13:11:30+00:00","mainEntityOfPage":{"@id":"https:\/\/www.public.sn\/index.php\/2025\/10\/24\/pressafrik-reconnait-une-erreur-et-reaffirme-son-engagement-pour-une-information-rigoureuse\/"},"wordCount":245,"commentCount":0,"publisher":{"@id":"https:\/\/www.public.sn\/#organization"},"image":{"@id":"https:\/\/www.public.sn\/index.php\/2025\/10\/24\/pressafrik-reconnait-une-erreur-et-reaffirme-son-engagement-pour-une-information-rigoureuse\/#primaryimage"},"thumbnailUrl":"https:\/\/www.public.sn\/wp-content\/uploads\/2025\/10\/OUSMANE-SONKO-1.jpeg","keywords":["Ousmane Sonko","PressAfrik reconna\u00eet une erreur et r\u00e9affirme son engagement pour une information rigoureuse"],"articleSection":["ACTUALIT\u00c9S","COMMUNIQU\u00c9","S\u00c9N\u00c9GAL"],"inLanguage":"fr-FR","potentialAction":[{"@type":"CommentAction","name":"Comment","target":["https:\/\/www.public.sn\/index.php\/2025\/10\/24\/pressafrik-reconnait-une-erreur-et-reaffirme-son-engagement-pour-une-information-rigoureuse\/#respond"]}]},{"@type":"WebPage","@id":"https:\/\/www.public.sn\/index.php\/2025\/10\/24\/pressafrik-reconnait-une-erreur-et-reaffirme-son-engagement-pour-une-information-rigoureuse\/","url":"https:\/\/www.public.sn\/index.php\/2025\/10\/24\/pressafrik-reconnait-une-erreur-et-reaffirme-son-engagement-pour-une-information-rigoureuse\/","name":"PressAfrik reconna\u00eet une erreur et r\u00e9affirme son engagement pour une information rigoureuse - LE PUBLIC","isPartOf":{"@id":"https:\/\/www.public.sn\/#website"},"primaryImageOfPage":{"@id":"https:\/\/www.public.sn\/index.php\/2025\/10\/24\/pressafrik-reconnait-une-erreur-et-reaffirme-son-engagement-pour-une-information-rigoureuse\/#primaryimage"},"image":{"@id":"https:\/\/www.public.sn\/index.php\/2025\/10\/24\/pressafrik-reconnait-une-erreur-et-reaffirme-son-engagement-pour-une-information-rigoureuse\/#primaryimage"},"thumbnailUrl":"https:\/\/www.public.sn\/wp-content\/uploads\/2025\/10\/OUSMANE-SONKO-1.jpeg","datePublished":"2025-10-24T13:11:26+00:00","dateModified":"2025-10-24T13:11:30+00:00","breadcrumb":{"@id":"https:\/\/www.public.sn\/index.php\/2025\/10\/24\/pressafrik-reconnait-une-erreur-et-reaffirme-son-engagement-pour-une-information-rigoureuse\/#breadcrumb"},"inLanguage":"fr-FR","potentialAction":[{"@type":"ReadAction","target":["https:\/\/www.public.sn\/index.php\/2025\/10\/24\/pressafrik-reconnait-une-erreur-et-reaffirme-son-engagement-pour-une-information-rigoureuse\/"]}]},{"@type":"ImageObject","inLanguage":"fr-FR","@id":"https:\/\/www.public.sn\/index.php\/2025\/10\/24\/pressafrik-reconnait-une-erreur-et-reaffirme-son-engagement-pour-une-information-rigoureuse\/#primaryimage","url":"https:\/\/www.public.sn\/wp-content\/uploads\/2025\/10\/OUSMANE-SONKO-1.jpeg","contentUrl":"https:\/\/www.public.sn\/wp-content\/uploads\/2025\/10\/OUSMANE-SONKO-1.jpeg","width":1080,"height":1019},{"@type":"BreadcrumbList","@id":"https:\/\/www.public.sn\/index.php\/2025\/10\/24\/pressafrik-reconnait-une-erreur-et-reaffirme-son-engagement-pour-une-information-rigoureuse\/#breadcrumb","itemListElement":[{"@type":"ListItem","position":1,"name":"Accueil","item":"https:\/\/www.public.sn\/"},{"@type":"ListItem","position":2,"name":"PressAfrik reconna\u00eet une erreur et r\u00e9affirme son engagement pour une information rigoureuse"}]},{"@type":"WebSite","@id":"https:\/\/www.public.sn\/#website","url":"https:\/\/www.public.sn\/","name":"LE PUBLIC","description":"","publisher":{"@id":"https:\/\/www.public.sn\/#organization"},"potentialAction":[{"@type":"SearchAction","target":{"@type":"EntryPoint","urlTemplate":"https:\/\/www.public.sn\/?s={search_term_string}"},"query-input":{"@type":"PropertyValueSpecification","valueRequired":true,"valueName":"search_term_string"}}],"inLanguage":"fr-FR"},{"@type":"Organization","@id":"https:\/\/www.public.sn\/#organization","name":"LE PUBLIC","url":"https:\/\/www.public.sn\/","logo":{"@type":"ImageObject","inLanguage":"fr-FR","@id":"https:\/\/www.public.sn\/#\/schema\/logo\/image\/","url":"https:\/\/www.public.sn\/wp-content\/uploads\/2024\/05\/cropped-LOGO-PUBLIC.SN_.png","contentUrl":"https:\/\/www.public.sn\/wp-content\/uploads\/2024\/05\/cropped-LOGO-PUBLIC.SN_.png","width":682,"height":192,"caption":"LE PUBLIC"},"image":{"@id":"https:\/\/www.public.sn\/#\/schema\/logo\/image\/"}},{"@type":"Person","@id":"https:\/\/www.public.sn\/#\/schema\/person\/cb76c8e1b8becc6be61fb5e92d6d0224","name":"LA REDACTION","image":{"@type":"ImageObject","inLanguage":"fr-FR","@id":"https:\/\/www.public.sn\/#\/schema\/person\/image\/","url":"https:\/\/secure.gravatar.com\/avatar\/2dce5ddd34b8fef0180efe03aa2a9bee7d953856048f9a16b298190a3178407c?s=96&d=mm&r=g","contentUrl":"https:\/\/secure.gravatar.com\/avatar\/2dce5ddd34b8fef0180efe03aa2a9bee7d953856048f9a16b298190a3178407c?s=96&d=mm&r=g","caption":"LA REDACTION"},"url":"https:\/\/www.public.sn\/index.php\/author\/editeurpsn\/"}]}},"jetpack_featured_media_url":"https:\/\/www.public.sn\/wp-content\/uploads\/2025\/10\/OUSMANE-SONKO-1.jpeg","jetpack_sharing_enabled":true,"_links":{"self":[{"href":"https:\/\/www.public.sn\/index.php\/wp-json\/wp\/v2\/posts\/37849","targetHints":{"allow":["GET"]}}],"collection":[{"href":"https:\/\/www.public.sn\/index.php\/wp-json\/wp\/v2\/posts"}],"about":[{"href":"https:\/\/www.public.sn\/index.php\/wp-json\/wp\/v2\/types\/post"}],"author":[{"embeddable":true,"href":"https:\/\/www.public.sn\/index.php\/wp-json\/wp\/v2\/users\/7"}],"replies":[{"embeddable":true,"href":"https:\/\/www.public.sn\/index.php\/wp-json\/wp\/v2\/comments?post=37849"}],"version-history":[{"count":1,"href":"https:\/\/www.public.sn\/index.php\/wp-json\/wp\/v2\/posts\/37849\/revisions"}],"predecessor-version":[{"id":37852,"href":"https:\/\/www.public.sn\/index.php\/wp-json\/wp\/v2\/posts\/37849\/revisions\/37852"}],"wp:featuredmedia":[{"embeddable":true,"href":"https:\/\/www.public.sn\/index.php\/wp-json\/wp\/v2\/media\/37851"}],"wp:attachment":[{"href":"https:\/\/www.public.sn\/index.php\/wp-json\/wp\/v2\/media?parent=37849"}],"wp:term":[{"taxonomy":"category","embeddable":true,"href":"https:\/\/www.public.sn\/index.php\/wp-json\/wp\/v2\/categories?post=37849"},{"taxonomy":"post_tag","embeddable":true,"href":"https:\/\/www.public.sn\/index.php\/wp-json\/wp\/v2\/tags?post=37849"}],"curies":[{"name":"wp","href":"https:\/\/api.w.org\/{rel}","templated":true}]}}