{"id":37895,"date":"2025-10-30T14:59:48","date_gmt":"2025-10-30T14:59:48","guid":{"rendered":"https:\/\/www.public.sn\/?p=37895"},"modified":"2025-10-30T14:59:57","modified_gmt":"2025-10-30T14:59:57","slug":"le-chroniqueur-de-sentv-ameth-ndoye-place-en-garde-a-vue-pour-offense-et-diffusion-de-fausses-nouvelles","status":"publish","type":"post","link":"https:\/\/www.public.sn\/index.php\/2025\/10\/30\/le-chroniqueur-de-sentv-ameth-ndoye-place-en-garde-a-vue-pour-offense-et-diffusion-de-fausses-nouvelles\/","title":{"rendered":"Le chroniqueur de SenTV, Ameth Ndoye, plac\u00e9 en garde \u00e0 vue pour offense et diffusion de fausses nouvelles"},"content":{"rendered":"\n<p>Ameth Ndoye est en \u00e9tat d\u2019arrestation. Le chroniqueur de SenTV a \u00e9t\u00e9 plac\u00e9 en garde \u00e0 vue dans les locaux de la Brigade de recherches (BR) de Faidherbe, relevant de la compagnie de gendarmerie de Dakar. Il est poursuivi pour <strong>offense \u00e0 une personne exer\u00e7ant tout ou partie des pr\u00e9rogatives du chef de l\u2019\u00c9tat<\/strong> et <strong>diffusion de fausses nouvelles<\/strong>, selon des sources de <em>Seneweb<\/em>.<\/p><div class=\"publi-paragraphe1\" style=\"margin-top: 10px;margin-bottom: 10px;margin-left: auto;margin-right: auto;text-align: center;\" id=\"publi-4095116\"><div class=\"publi-adlabel\">Publicit\u00e9<\/div><script async src=\"\/\/pagead2.googlesyndication.com\/pagead\/js\/adsbygoogle.js?client=ca-pub-4089586018074219\" crossorigin=\"anonymous\"><\/script><ins class=\"adsbygoogle\" style=\"display:block;\" data-ad-client=\"ca-pub-4089586018074219\" \ndata-ad-slot=\"2087940154\" \ndata-ad-format=\"auto\"><\/ins>\n<script> \n(adsbygoogle = window.adsbygoogle || []).push({}); \n<\/script>\n<\/div>\n\n\n\n<p>Selon les premiers \u00e9l\u00e9ments de l\u2019enqu\u00eate, le chroniqueur aurait tenu, sur la cha\u00eene web <em>Sen T\u00e9ranga<\/em>, des propos jug\u00e9s offensants \u00e0 l\u2019\u00e9gard du Premier ministre Ousmane Sonko. \u00c0 la suite de ces d\u00e9clarations, le chef du parquet a instruit la BR de Faidherbe d\u2019ouvrir une enqu\u00eate.<\/p>\n\n\n\n<p>Ameth Ndoye a r\u00e9pondu, ce jeudi, \u00e0 la convocation des enqu\u00eateurs et pourrait \u00eatre <strong>d\u00e9f\u00e9r\u00e9 au parquet ce vendredi<\/strong>.<\/p>\n\n\n\n<p><\/p>\n<div class=\"publi-apres-le-contenu\" style=\"margin-top: 10px;margin-bottom: 10px;margin-left: auto;margin-right: auto;text-align: center;\" id=\"publi-2227837574\"><div class=\"publi-adlabel\">Publicit\u00e9<\/div><script async src=\"\/\/pagead2.googlesyndication.com\/pagead\/js\/adsbygoogle.js?client=ca-pub-4089586018074219\" crossorigin=\"anonymous\"><\/script><ins class=\"adsbygoogle\" style=\"display:block;\" data-ad-client=\"ca-pub-4089586018074219\" \ndata-ad-slot=\"2087940154\" \ndata-ad-format=\"auto\"><\/ins>\n<script> \n(adsbygoogle = window.adsbygoogle || []).push({}); \n<\/script>\n<\/div>","protected":false},"excerpt":{"rendered":"<p>Ameth Ndoye est en \u00e9tat d\u2019arrestation. Le chroniqueur de SenTV a \u00e9t\u00e9 plac\u00e9 en garde \u00e0 vue dans les locaux de la Brigade de recherches (BR) de Faidherbe, relevant de la compagnie de gendarmerie de Dakar. Il est poursuivi pour offense \u00e0 une personne exer\u00e7ant tout ou partie des pr\u00e9rogatives du chef de l\u2019\u00c9tat et diffusion de fausses nouvelles, selon des sources de Seneweb. Selon les premiers \u00e9l\u00e9ments de l\u2019enqu\u00eate, le chroniqueur aurait tenu, sur la cha\u00eene web Sen T\u00e9ranga, des propos jug\u00e9s offensants \u00e0 l\u2019\u00e9gard du Premier ministre Ousmane Sonko. \u00c0 la suite de ces d\u00e9clarations, le chef du parquet a instruit la BR de Faidherbe d\u2019ouvrir une enqu\u00eate. Ameth Ndoye a r\u00e9pondu, ce jeudi, \u00e0 la convocation des enqu\u00eateurs et pourrait \u00eatre d\u00e9f\u00e9r\u00e9 au parquet ce vendredi.<\/p>\n","protected":false},"author":7,"featured_media":37897,"comment_status":"open","ping_status":"open","sticky":false,"template":"","format":"standard","meta":{"_jetpack_memberships_contains_paid_content":false,"footnotes":""},"categories":[1],"tags":[7677,7676,7678],"class_list":["post-37895","post","type-post","status-publish","format-standard","has-post-thumbnail","hentry","category-non-classe","tag-ameth-ndoye","tag-le-chroniqueur-de-sentv","tag-place-en-garde-a-vue-pour-offense-et-diffusion-de-fausses-nouvelles","entry","has-media","owp-thumbs-layout-horizontal","owp-btn-normal","owp-tabs-layout-horizontal","has-no-thumbnails","has-product-nav"],"yoast_head":"<!-- This site is optimized with the Yoast SEO plugin v25.5 - https:\/\/yoast.com\/wordpress\/plugins\/seo\/ -->\n<title>Le chroniqueur de SenTV, Ameth Ndoye, plac\u00e9 en garde \u00e0 vue pour offense et diffusion de fausses nouvelles - LE PUBLIC<\/title>\n<meta name=\"robots\" content=\"index, follow, max-snippet:-1, max-image-preview:large, max-video-preview:-1\" \/>\n<link rel=\"canonical\" href=\"https:\/\/www.public.sn\/index.php\/2025\/10\/30\/le-chroniqueur-de-sentv-ameth-ndoye-place-en-garde-a-vue-pour-offense-et-diffusion-de-fausses-nouvelles\/\" \/>\n<meta property=\"og:locale\" content=\"fr_FR\" \/>\n<meta property=\"og:type\" content=\"article\" \/>\n<meta property=\"og:title\" content=\"Le chroniqueur de SenTV, Ameth Ndoye, plac\u00e9 en garde \u00e0 vue pour offense et diffusion de fausses nouvelles - LE PUBLIC\" \/>\n<meta property=\"og:description\" content=\"Ameth Ndoye est en \u00e9tat d\u2019arrestation. Le chroniqueur de SenTV a \u00e9t\u00e9 plac\u00e9 en garde \u00e0 vue dans les locaux de la Brigade de recherches (BR) de Faidherbe, relevant de la compagnie de gendarmerie de Dakar. Il est poursuivi pour offense \u00e0 une personne exer\u00e7ant tout ou partie des pr\u00e9rogatives du chef de l\u2019\u00c9tat et diffusion de fausses nouvelles, selon des sources de Seneweb. Selon les premiers \u00e9l\u00e9ments de l\u2019enqu\u00eate, le chroniqueur aurait tenu, sur la cha\u00eene web Sen T\u00e9ranga, des propos jug\u00e9s offensants \u00e0 l\u2019\u00e9gard du Premier ministre Ousmane Sonko. \u00c0 la suite de ces d\u00e9clarations, le chef du parquet a instruit la BR de Faidherbe d\u2019ouvrir une enqu\u00eate. Ameth Ndoye a r\u00e9pondu, ce jeudi, \u00e0 la convocation des enqu\u00eateurs et pourrait \u00eatre d\u00e9f\u00e9r\u00e9 au parquet ce vendredi.\" \/>\n<meta property=\"og:url\" content=\"https:\/\/www.public.sn\/index.php\/2025\/10\/30\/le-chroniqueur-de-sentv-ameth-ndoye-place-en-garde-a-vue-pour-offense-et-diffusion-de-fausses-nouvelles\/\" \/>\n<meta property=\"og:site_name\" content=\"LE PUBLIC\" \/>\n<meta property=\"article:published_time\" content=\"2025-10-30T14:59:48+00:00\" \/>\n<meta property=\"article:modified_time\" content=\"2025-10-30T14:59:57+00:00\" \/>\n<meta property=\"og:image\" content=\"https:\/\/www.public.sn\/wp-content\/uploads\/2025\/10\/Capture-decran-2025-10-30-a-14.25.44-1.png\" \/>\n\t<meta property=\"og:image:width\" content=\"636\" \/>\n\t<meta property=\"og:image:height\" content=\"380\" \/>\n\t<meta property=\"og:image:type\" content=\"image\/png\" \/>\n<meta name=\"author\" content=\"LA REDACTION\" \/>\n<meta name=\"twitter:card\" content=\"summary_large_image\" \/>\n<meta name=\"twitter:label1\" content=\"\u00c9crit par\" \/>\n\t<meta name=\"twitter:data1\" content=\"LA REDACTION\" \/>\n\t<meta name=\"twitter:label2\" content=\"Dur\u00e9e de lecture estim\u00e9e\" \/>\n\t<meta name=\"twitter:data2\" content=\"1 minute\" \/>\n<script type=\"application\/ld+json\" class=\"yoast-schema-graph\">{\"@context\":\"https:\/\/schema.org\",\"@graph\":[{\"@type\":\"Article\",\"@id\":\"https:\/\/www.public.sn\/index.php\/2025\/10\/30\/le-chroniqueur-de-sentv-ameth-ndoye-place-en-garde-a-vue-pour-offense-et-diffusion-de-fausses-nouvelles\/#article\",\"isPartOf\":{\"@id\":\"https:\/\/www.public.sn\/index.php\/2025\/10\/30\/le-chroniqueur-de-sentv-ameth-ndoye-place-en-garde-a-vue-pour-offense-et-diffusion-de-fausses-nouvelles\/\"},\"author\":{\"name\":\"LA REDACTION\",\"@id\":\"https:\/\/www.public.sn\/#\/schema\/person\/cb76c8e1b8becc6be61fb5e92d6d0224\"},\"headline\":\"Le chroniqueur de SenTV, Ameth Ndoye, plac\u00e9 en garde \u00e0 vue pour offense et diffusion de fausses nouvelles\",\"datePublished\":\"2025-10-30T14:59:48+00:00\",\"dateModified\":\"2025-10-30T14:59:57+00:00\",\"mainEntityOfPage\":{\"@id\":\"https:\/\/www.public.sn\/index.php\/2025\/10\/30\/le-chroniqueur-de-sentv-ameth-ndoye-place-en-garde-a-vue-pour-offense-et-diffusion-de-fausses-nouvelles\/\"},\"wordCount\":159,\"commentCount\":0,\"publisher\":{\"@id\":\"https:\/\/www.public.sn\/#organization\"},\"image\":{\"@id\":\"https:\/\/www.public.sn\/index.php\/2025\/10\/30\/le-chroniqueur-de-sentv-ameth-ndoye-place-en-garde-a-vue-pour-offense-et-diffusion-de-fausses-nouvelles\/#primaryimage\"},\"thumbnailUrl\":\"https:\/\/www.public.sn\/wp-content\/uploads\/2025\/10\/Capture-decran-2025-10-30-a-14.25.44-1.png\",\"keywords\":[\"Ameth Ndoye\",\"Le chroniqueur de SenTV\",\"plac\u00e9 en garde \u00e0 vue pour offense et diffusion de fausses nouvelles\"],\"articleSection\":[\"S\u00c9N\u00c9GAL\"],\"inLanguage\":\"fr-FR\",\"potentialAction\":[{\"@type\":\"CommentAction\",\"name\":\"Comment\",\"target\":[\"https:\/\/www.public.sn\/index.php\/2025\/10\/30\/le-chroniqueur-de-sentv-ameth-ndoye-place-en-garde-a-vue-pour-offense-et-diffusion-de-fausses-nouvelles\/#respond\"]}]},{\"@type\":\"WebPage\",\"@id\":\"https:\/\/www.public.sn\/index.php\/2025\/10\/30\/le-chroniqueur-de-sentv-ameth-ndoye-place-en-garde-a-vue-pour-offense-et-diffusion-de-fausses-nouvelles\/\",\"url\":\"https:\/\/www.public.sn\/index.php\/2025\/10\/30\/le-chroniqueur-de-sentv-ameth-ndoye-place-en-garde-a-vue-pour-offense-et-diffusion-de-fausses-nouvelles\/\",\"name\":\"Le chroniqueur de SenTV, Ameth Ndoye, plac\u00e9 en garde \u00e0 vue pour offense et diffusion de fausses nouvelles - LE PUBLIC\",\"isPartOf\":{\"@id\":\"https:\/\/www.public.sn\/#website\"},\"primaryImageOfPage\":{\"@id\":\"https:\/\/www.public.sn\/index.php\/2025\/10\/30\/le-chroniqueur-de-sentv-ameth-ndoye-place-en-garde-a-vue-pour-offense-et-diffusion-de-fausses-nouvelles\/#primaryimage\"},\"image\":{\"@id\":\"https:\/\/www.public.sn\/index.php\/2025\/10\/30\/le-chroniqueur-de-sentv-ameth-ndoye-place-en-garde-a-vue-pour-offense-et-diffusion-de-fausses-nouvelles\/#primaryimage\"},\"thumbnailUrl\":\"https:\/\/www.public.sn\/wp-content\/uploads\/2025\/10\/Capture-decran-2025-10-30-a-14.25.44-1.png\",\"datePublished\":\"2025-10-30T14:59:48+00:00\",\"dateModified\":\"2025-10-30T14:59:57+00:00\",\"breadcrumb\":{\"@id\":\"https:\/\/www.public.sn\/index.php\/2025\/10\/30\/le-chroniqueur-de-sentv-ameth-ndoye-place-en-garde-a-vue-pour-offense-et-diffusion-de-fausses-nouvelles\/#breadcrumb\"},\"inLanguage\":\"fr-FR\",\"potentialAction\":[{\"@type\":\"ReadAction\",\"target\":[\"https:\/\/www.public.sn\/index.php\/2025\/10\/30\/le-chroniqueur-de-sentv-ameth-ndoye-place-en-garde-a-vue-pour-offense-et-diffusion-de-fausses-nouvelles\/\"]}]},{\"@type\":\"ImageObject\",\"inLanguage\":\"fr-FR\",\"@id\":\"https:\/\/www.public.sn\/index.php\/2025\/10\/30\/le-chroniqueur-de-sentv-ameth-ndoye-place-en-garde-a-vue-pour-offense-et-diffusion-de-fausses-nouvelles\/#primaryimage\",\"url\":\"https:\/\/www.public.sn\/wp-content\/uploads\/2025\/10\/Capture-decran-2025-10-30-a-14.25.44-1.png\",\"contentUrl\":\"https:\/\/www.public.sn\/wp-content\/uploads\/2025\/10\/Capture-decran-2025-10-30-a-14.25.44-1.png\",\"width\":636,\"height\":380},{\"@type\":\"BreadcrumbList\",\"@id\":\"https:\/\/www.public.sn\/index.php\/2025\/10\/30\/le-chroniqueur-de-sentv-ameth-ndoye-place-en-garde-a-vue-pour-offense-et-diffusion-de-fausses-nouvelles\/#breadcrumb\",\"itemListElement\":[{\"@type\":\"ListItem\",\"position\":1,\"name\":\"Accueil\",\"item\":\"https:\/\/www.public.sn\/\"},{\"@type\":\"ListItem\",\"position\":2,\"name\":\"Le chroniqueur de SenTV, Ameth Ndoye, plac\u00e9 en garde \u00e0 vue pour offense et diffusion de fausses nouvelles\"}]},{\"@type\":\"WebSite\",\"@id\":\"https:\/\/www.public.sn\/#website\",\"url\":\"https:\/\/www.public.sn\/\",\"name\":\"LE PUBLIC\",\"description\":\"\",\"publisher\":{\"@id\":\"https:\/\/www.public.sn\/#organization\"},\"potentialAction\":[{\"@type\":\"SearchAction\",\"target\":{\"@type\":\"EntryPoint\",\"urlTemplate\":\"https:\/\/www.public.sn\/?s={search_term_string}\"},\"query-input\":{\"@type\":\"PropertyValueSpecification\",\"valueRequired\":true,\"valueName\":\"search_term_string\"}}],\"inLanguage\":\"fr-FR\"},{\"@type\":\"Organization\",\"@id\":\"https:\/\/www.public.sn\/#organization\",\"name\":\"LE PUBLIC\",\"url\":\"https:\/\/www.public.sn\/\",\"logo\":{\"@type\":\"ImageObject\",\"inLanguage\":\"fr-FR\",\"@id\":\"https:\/\/www.public.sn\/#\/schema\/logo\/image\/\",\"url\":\"https:\/\/www.public.sn\/wp-content\/uploads\/2024\/05\/cropped-LOGO-PUBLIC.SN_.png\",\"contentUrl\":\"https:\/\/www.public.sn\/wp-content\/uploads\/2024\/05\/cropped-LOGO-PUBLIC.SN_.png\",\"width\":682,\"height\":192,\"caption\":\"LE PUBLIC\"},\"image\":{\"@id\":\"https:\/\/www.public.sn\/#\/schema\/logo\/image\/\"}},{\"@type\":\"Person\",\"@id\":\"https:\/\/www.public.sn\/#\/schema\/person\/cb76c8e1b8becc6be61fb5e92d6d0224\",\"name\":\"LA REDACTION\",\"image\":{\"@type\":\"ImageObject\",\"inLanguage\":\"fr-FR\",\"@id\":\"https:\/\/www.public.sn\/#\/schema\/person\/image\/\",\"url\":\"https:\/\/secure.gravatar.com\/avatar\/2dce5ddd34b8fef0180efe03aa2a9bee7d953856048f9a16b298190a3178407c?s=96&d=mm&r=g\",\"contentUrl\":\"https:\/\/secure.gravatar.com\/avatar\/2dce5ddd34b8fef0180efe03aa2a9bee7d953856048f9a16b298190a3178407c?s=96&d=mm&r=g\",\"caption\":\"LA REDACTION\"},\"url\":\"https:\/\/www.public.sn\/index.php\/author\/editeurpsn\/\"}]}<\/script>\n<!-- \/ Yoast SEO plugin. -->","yoast_head_json":{"title":"Le chroniqueur de SenTV, Ameth Ndoye, plac\u00e9 en garde \u00e0 vue pour offense et diffusion de fausses nouvelles - LE PUBLIC","robots":{"index":"index","follow":"follow","max-snippet":"max-snippet:-1","max-image-preview":"max-image-preview:large","max-video-preview":"max-video-preview:-1"},"canonical":"https:\/\/www.public.sn\/index.php\/2025\/10\/30\/le-chroniqueur-de-sentv-ameth-ndoye-place-en-garde-a-vue-pour-offense-et-diffusion-de-fausses-nouvelles\/","og_locale":"fr_FR","og_type":"article","og_title":"Le chroniqueur de SenTV, Ameth Ndoye, plac\u00e9 en garde \u00e0 vue pour offense et diffusion de fausses nouvelles - LE PUBLIC","og_description":"Ameth Ndoye est en \u00e9tat d\u2019arrestation. Le chroniqueur de SenTV a \u00e9t\u00e9 plac\u00e9 en garde \u00e0 vue dans les locaux de la Brigade de recherches (BR) de Faidherbe, relevant de la compagnie de gendarmerie de Dakar. Il est poursuivi pour offense \u00e0 une personne exer\u00e7ant tout ou partie des pr\u00e9rogatives du chef de l\u2019\u00c9tat et diffusion de fausses nouvelles, selon des sources de Seneweb. Selon les premiers \u00e9l\u00e9ments de l\u2019enqu\u00eate, le chroniqueur aurait tenu, sur la cha\u00eene web Sen T\u00e9ranga, des propos jug\u00e9s offensants \u00e0 l\u2019\u00e9gard du Premier ministre Ousmane Sonko. \u00c0 la suite de ces d\u00e9clarations, le chef du parquet a instruit la BR de Faidherbe d\u2019ouvrir une enqu\u00eate. Ameth Ndoye a r\u00e9pondu, ce jeudi, \u00e0 la convocation des enqu\u00eateurs et pourrait \u00eatre d\u00e9f\u00e9r\u00e9 au parquet ce vendredi.","og_url":"https:\/\/www.public.sn\/index.php\/2025\/10\/30\/le-chroniqueur-de-sentv-ameth-ndoye-place-en-garde-a-vue-pour-offense-et-diffusion-de-fausses-nouvelles\/","og_site_name":"LE PUBLIC","article_published_time":"2025-10-30T14:59:48+00:00","article_modified_time":"2025-10-30T14:59:57+00:00","og_image":[{"width":636,"height":380,"url":"https:\/\/www.public.sn\/wp-content\/uploads\/2025\/10\/Capture-decran-2025-10-30-a-14.25.44-1.png","type":"image\/png"}],"author":"LA REDACTION","twitter_card":"summary_large_image","twitter_misc":{"\u00c9crit par":"LA REDACTION","Dur\u00e9e de lecture estim\u00e9e":"1 minute"},"schema":{"@context":"https:\/\/schema.org","@graph":[{"@type":"Article","@id":"https:\/\/www.public.sn\/index.php\/2025\/10\/30\/le-chroniqueur-de-sentv-ameth-ndoye-place-en-garde-a-vue-pour-offense-et-diffusion-de-fausses-nouvelles\/#article","isPartOf":{"@id":"https:\/\/www.public.sn\/index.php\/2025\/10\/30\/le-chroniqueur-de-sentv-ameth-ndoye-place-en-garde-a-vue-pour-offense-et-diffusion-de-fausses-nouvelles\/"},"author":{"name":"LA REDACTION","@id":"https:\/\/www.public.sn\/#\/schema\/person\/cb76c8e1b8becc6be61fb5e92d6d0224"},"headline":"Le chroniqueur de SenTV, Ameth Ndoye, plac\u00e9 en garde \u00e0 vue pour offense et diffusion de fausses nouvelles","datePublished":"2025-10-30T14:59:48+00:00","dateModified":"2025-10-30T14:59:57+00:00","mainEntityOfPage":{"@id":"https:\/\/www.public.sn\/index.php\/2025\/10\/30\/le-chroniqueur-de-sentv-ameth-ndoye-place-en-garde-a-vue-pour-offense-et-diffusion-de-fausses-nouvelles\/"},"wordCount":159,"commentCount":0,"publisher":{"@id":"https:\/\/www.public.sn\/#organization"},"image":{"@id":"https:\/\/www.public.sn\/index.php\/2025\/10\/30\/le-chroniqueur-de-sentv-ameth-ndoye-place-en-garde-a-vue-pour-offense-et-diffusion-de-fausses-nouvelles\/#primaryimage"},"thumbnailUrl":"https:\/\/www.public.sn\/wp-content\/uploads\/2025\/10\/Capture-decran-2025-10-30-a-14.25.44-1.png","keywords":["Ameth Ndoye","Le chroniqueur de SenTV","plac\u00e9 en garde \u00e0 vue pour offense et diffusion de fausses nouvelles"],"articleSection":["S\u00c9N\u00c9GAL"],"inLanguage":"fr-FR","potentialAction":[{"@type":"CommentAction","name":"Comment","target":["https:\/\/www.public.sn\/index.php\/2025\/10\/30\/le-chroniqueur-de-sentv-ameth-ndoye-place-en-garde-a-vue-pour-offense-et-diffusion-de-fausses-nouvelles\/#respond"]}]},{"@type":"WebPage","@id":"https:\/\/www.public.sn\/index.php\/2025\/10\/30\/le-chroniqueur-de-sentv-ameth-ndoye-place-en-garde-a-vue-pour-offense-et-diffusion-de-fausses-nouvelles\/","url":"https:\/\/www.public.sn\/index.php\/2025\/10\/30\/le-chroniqueur-de-sentv-ameth-ndoye-place-en-garde-a-vue-pour-offense-et-diffusion-de-fausses-nouvelles\/","name":"Le chroniqueur de SenTV, Ameth Ndoye, plac\u00e9 en garde \u00e0 vue pour offense et diffusion de fausses nouvelles - LE PUBLIC","isPartOf":{"@id":"https:\/\/www.public.sn\/#website"},"primaryImageOfPage":{"@id":"https:\/\/www.public.sn\/index.php\/2025\/10\/30\/le-chroniqueur-de-sentv-ameth-ndoye-place-en-garde-a-vue-pour-offense-et-diffusion-de-fausses-nouvelles\/#primaryimage"},"image":{"@id":"https:\/\/www.public.sn\/index.php\/2025\/10\/30\/le-chroniqueur-de-sentv-ameth-ndoye-place-en-garde-a-vue-pour-offense-et-diffusion-de-fausses-nouvelles\/#primaryimage"},"thumbnailUrl":"https:\/\/www.public.sn\/wp-content\/uploads\/2025\/10\/Capture-decran-2025-10-30-a-14.25.44-1.png","datePublished":"2025-10-30T14:59:48+00:00","dateModified":"2025-10-30T14:59:57+00:00","breadcrumb":{"@id":"https:\/\/www.public.sn\/index.php\/2025\/10\/30\/le-chroniqueur-de-sentv-ameth-ndoye-place-en-garde-a-vue-pour-offense-et-diffusion-de-fausses-nouvelles\/#breadcrumb"},"inLanguage":"fr-FR","potentialAction":[{"@type":"ReadAction","target":["https:\/\/www.public.sn\/index.php\/2025\/10\/30\/le-chroniqueur-de-sentv-ameth-ndoye-place-en-garde-a-vue-pour-offense-et-diffusion-de-fausses-nouvelles\/"]}]},{"@type":"ImageObject","inLanguage":"fr-FR","@id":"https:\/\/www.public.sn\/index.php\/2025\/10\/30\/le-chroniqueur-de-sentv-ameth-ndoye-place-en-garde-a-vue-pour-offense-et-diffusion-de-fausses-nouvelles\/#primaryimage","url":"https:\/\/www.public.sn\/wp-content\/uploads\/2025\/10\/Capture-decran-2025-10-30-a-14.25.44-1.png","contentUrl":"https:\/\/www.public.sn\/wp-content\/uploads\/2025\/10\/Capture-decran-2025-10-30-a-14.25.44-1.png","width":636,"height":380},{"@type":"BreadcrumbList","@id":"https:\/\/www.public.sn\/index.php\/2025\/10\/30\/le-chroniqueur-de-sentv-ameth-ndoye-place-en-garde-a-vue-pour-offense-et-diffusion-de-fausses-nouvelles\/#breadcrumb","itemListElement":[{"@type":"ListItem","position":1,"name":"Accueil","item":"https:\/\/www.public.sn\/"},{"@type":"ListItem","position":2,"name":"Le chroniqueur de SenTV, Ameth Ndoye, plac\u00e9 en garde \u00e0 vue pour offense et diffusion de fausses nouvelles"}]},{"@type":"WebSite","@id":"https:\/\/www.public.sn\/#website","url":"https:\/\/www.public.sn\/","name":"LE PUBLIC","description":"","publisher":{"@id":"https:\/\/www.public.sn\/#organization"},"potentialAction":[{"@type":"SearchAction","target":{"@type":"EntryPoint","urlTemplate":"https:\/\/www.public.sn\/?s={search_term_string}"},"query-input":{"@type":"PropertyValueSpecification","valueRequired":true,"valueName":"search_term_string"}}],"inLanguage":"fr-FR"},{"@type":"Organization","@id":"https:\/\/www.public.sn\/#organization","name":"LE PUBLIC","url":"https:\/\/www.public.sn\/","logo":{"@type":"ImageObject","inLanguage":"fr-FR","@id":"https:\/\/www.public.sn\/#\/schema\/logo\/image\/","url":"https:\/\/www.public.sn\/wp-content\/uploads\/2024\/05\/cropped-LOGO-PUBLIC.SN_.png","contentUrl":"https:\/\/www.public.sn\/wp-content\/uploads\/2024\/05\/cropped-LOGO-PUBLIC.SN_.png","width":682,"height":192,"caption":"LE PUBLIC"},"image":{"@id":"https:\/\/www.public.sn\/#\/schema\/logo\/image\/"}},{"@type":"Person","@id":"https:\/\/www.public.sn\/#\/schema\/person\/cb76c8e1b8becc6be61fb5e92d6d0224","name":"LA REDACTION","image":{"@type":"ImageObject","inLanguage":"fr-FR","@id":"https:\/\/www.public.sn\/#\/schema\/person\/image\/","url":"https:\/\/secure.gravatar.com\/avatar\/2dce5ddd34b8fef0180efe03aa2a9bee7d953856048f9a16b298190a3178407c?s=96&d=mm&r=g","contentUrl":"https:\/\/secure.gravatar.com\/avatar\/2dce5ddd34b8fef0180efe03aa2a9bee7d953856048f9a16b298190a3178407c?s=96&d=mm&r=g","caption":"LA REDACTION"},"url":"https:\/\/www.public.sn\/index.php\/author\/editeurpsn\/"}]}},"jetpack_featured_media_url":"https:\/\/www.public.sn\/wp-content\/uploads\/2025\/10\/Capture-decran-2025-10-30-a-14.25.44-1.png","jetpack_sharing_enabled":true,"_links":{"self":[{"href":"https:\/\/www.public.sn\/index.php\/wp-json\/wp\/v2\/posts\/37895","targetHints":{"allow":["GET"]}}],"collection":[{"href":"https:\/\/www.public.sn\/index.php\/wp-json\/wp\/v2\/posts"}],"about":[{"href":"https:\/\/www.public.sn\/index.php\/wp-json\/wp\/v2\/types\/post"}],"author":[{"embeddable":true,"href":"https:\/\/www.public.sn\/index.php\/wp-json\/wp\/v2\/users\/7"}],"replies":[{"embeddable":true,"href":"https:\/\/www.public.sn\/index.php\/wp-json\/wp\/v2\/comments?post=37895"}],"version-history":[{"count":1,"href":"https:\/\/www.public.sn\/index.php\/wp-json\/wp\/v2\/posts\/37895\/revisions"}],"predecessor-version":[{"id":37898,"href":"https:\/\/www.public.sn\/index.php\/wp-json\/wp\/v2\/posts\/37895\/revisions\/37898"}],"wp:featuredmedia":[{"embeddable":true,"href":"https:\/\/www.public.sn\/index.php\/wp-json\/wp\/v2\/media\/37897"}],"wp:attachment":[{"href":"https:\/\/www.public.sn\/index.php\/wp-json\/wp\/v2\/media?parent=37895"}],"wp:term":[{"taxonomy":"category","embeddable":true,"href":"https:\/\/www.public.sn\/index.php\/wp-json\/wp\/v2\/categories?post=37895"},{"taxonomy":"post_tag","embeddable":true,"href":"https:\/\/www.public.sn\/index.php\/wp-json\/wp\/v2\/tags?post=37895"}],"curies":[{"name":"wp","href":"https:\/\/api.w.org\/{rel}","templated":true}]}}