{"id":37907,"date":"2025-10-30T16:15:51","date_gmt":"2025-10-30T16:15:51","guid":{"rendered":"https:\/\/www.public.sn\/?p=37907"},"modified":"2025-10-30T16:16:00","modified_gmt":"2025-10-30T16:16:00","slug":"guy-marius-sagna-charge-son-propre-camp-le-groupe-parlementaire-de-pastef-manque-dinitiative-malgre-10-millions-par-mois","status":"publish","type":"post","link":"https:\/\/www.public.sn\/index.php\/2025\/10\/30\/guy-marius-sagna-charge-son-propre-camp-le-groupe-parlementaire-de-pastef-manque-dinitiative-malgre-10-millions-par-mois\/","title":{"rendered":"Guy Marius Sagna charge son propre camp : \u00ab Le groupe parlementaire de Pastef manque d\u2019initiative malgr\u00e9 10 millions par mois \u00bb"},"content":{"rendered":"\n<p>Le d\u00e9put\u00e9 Guy <strong>Marius Sagna<\/strong>, membre du parti <strong>Pastef<\/strong>, a surpris plus d\u2019un lors de son passage sur le plateau de <strong>Walf TV<\/strong> en adressant de vives critiques \u00e0 son propre groupe parlementaire. Selon lui, malgr\u00e9 les moyens financiers consid\u00e9rables dont il dispose, le groupe se distingue par une <strong>absence totale d\u2019initiative l\u00e9gislative<\/strong>.<\/p><div class=\"publi-paragraphe1\" style=\"margin-top: 10px;margin-bottom: 10px;margin-left: auto;margin-right: auto;text-align: center;\" id=\"publi-1428186566\"><div class=\"publi-adlabel\">Publicit\u00e9<\/div><script async src=\"\/\/pagead2.googlesyndication.com\/pagead\/js\/adsbygoogle.js?client=ca-pub-4089586018074219\" crossorigin=\"anonymous\"><\/script><ins class=\"adsbygoogle\" style=\"display:block;\" data-ad-client=\"ca-pub-4089586018074219\" \ndata-ad-slot=\"2087940154\" \ndata-ad-format=\"auto\"><\/ins>\n<script> \n(adsbygoogle = window.adsbygoogle || []).push({}); \n<\/script>\n<\/div>\n\n\n\n<p>\u00ab Nous avons 10 millions par mois. En un an, le groupe parlementaire de Pastef n\u2019a m\u00eame pas pu d\u00e9poser une seule initiative parlementaire \u00bb, a-t-il regrett\u00e9.<\/p>\n\n\n\n<p>Guy Marius Sagna a point\u00e9 du doigt un <strong>manque de comp\u00e9tence et d\u2019organisation<\/strong> au sein du groupe, estimant que le travail parlementaire exige rigueur et expertise.<\/p>\n\n\n\n<p>\u00ab La mati\u00e8re l\u00e9gislative, si tu ne l\u2019apprends pas, tu ne peux pas la faire. Il faut payer des gens qui ont la connaissance \u00bb, a-t-il expliqu\u00e9, soulignant la n\u00e9cessit\u00e9 de s\u2019entourer de techniciens capables d\u2019\u00e9laborer des propositions de loi solides.<\/p>\n\n\n\n<p>Le d\u00e9put\u00e9 de Pastef n\u2019a pas m\u00e2ch\u00e9 ses mots, estimant que rien ne justifie cette <strong>inertie politique<\/strong>, d\u2019autant plus que le groupe parlementaire dispose de tous les leviers pour agir.<\/p>\n\n\n\n<p>\u00ab Notre groupe parlementaire a la majorit\u00e9, il a de l\u2019argent, donc il peut d\u00e9poser n\u2019importe quel projet de loi. Mais encore faut-il savoir s\u2019entourer des bonnes comp\u00e9tences \u00bb, a-t-il martel\u00e9.<\/p>\n\n\n\n<p>Par ces d\u00e9clarations, <strong>Guy<\/strong> <strong>Marius Sagna expose au grand jour les failles internes du groupe parlementaire de Pastef<\/strong>, appelant ses coll\u00e8gues \u00e0 plus de professionnalisme et d\u2019efficacit\u00e9 dans l\u2019action l\u00e9gislative.<\/p>\n\n\n\n<p><\/p>\n<div class=\"publi-apres-le-contenu\" style=\"margin-top: 10px;margin-bottom: 10px;margin-left: auto;margin-right: auto;text-align: center;\" id=\"publi-4187338029\"><div class=\"publi-adlabel\">Publicit\u00e9<\/div><script async src=\"\/\/pagead2.googlesyndication.com\/pagead\/js\/adsbygoogle.js?client=ca-pub-4089586018074219\" crossorigin=\"anonymous\"><\/script><ins class=\"adsbygoogle\" style=\"display:block;\" data-ad-client=\"ca-pub-4089586018074219\" \ndata-ad-slot=\"2087940154\" \ndata-ad-format=\"auto\"><\/ins>\n<script> \n(adsbygoogle = window.adsbygoogle || []).push({}); \n<\/script>\n<\/div>","protected":false},"excerpt":{"rendered":"<p>Le d\u00e9put\u00e9 Guy Marius Sagna, membre du parti Pastef, a surpris plus d\u2019un lors de son passage sur le plateau de Walf TV en adressant de vives critiques \u00e0 son propre groupe parlementaire. Selon lui, malgr\u00e9 les moyens financiers consid\u00e9rables dont il dispose, le groupe se distingue par une absence totale d\u2019initiative l\u00e9gislative. \u00ab Nous avons 10 millions par mois. En un an, le groupe parlementaire de Pastef n\u2019a m\u00eame pas pu d\u00e9poser une seule initiative parlementaire \u00bb, a-t-il regrett\u00e9. Guy Marius Sagna a point\u00e9 du doigt un manque de comp\u00e9tence et d\u2019organisation au sein du groupe, estimant que le travail parlementaire exige rigueur et expertise. \u00ab La mati\u00e8re l\u00e9gislative, si tu ne l\u2019apprends pas, tu ne peux pas la faire. Il faut payer des gens qui ont la connaissance \u00bb, a-t-il expliqu\u00e9, soulignant la n\u00e9cessit\u00e9 de s\u2019entourer de techniciens capables d\u2019\u00e9laborer des propositions de loi solides. Le d\u00e9put\u00e9 de Pastef n\u2019a pas m\u00e2ch\u00e9 ses mots, estimant que rien ne justifie cette inertie politique, d\u2019autant plus que le groupe parlementaire dispose de tous les leviers pour agir. \u00ab Notre groupe parlementaire a la majorit\u00e9, il a de l\u2019argent, donc il peut d\u00e9poser n\u2019importe quel projet de loi. Mais encore faut-il savoir s\u2019entourer des bonnes comp\u00e9tences \u00bb, a-t-il martel\u00e9. Par ces d\u00e9clarations, Guy Marius Sagna expose au grand jour les failles internes du groupe parlementaire de Pastef, appelant ses coll\u00e8gues \u00e0 plus de professionnalisme et d\u2019efficacit\u00e9 dans l\u2019action l\u00e9gislative.<\/p>\n","protected":false},"author":7,"featured_media":37908,"comment_status":"open","ping_status":"open","sticky":false,"template":"","format":"standard","meta":{"_jetpack_memberships_contains_paid_content":false,"footnotes":""},"categories":[375,3,1],"tags":[7685,7686],"class_list":["post-37907","post","type-post","status-publish","format-standard","has-post-thumbnail","hentry","category-actualites","category-politique","category-non-classe","tag-guy-marius-sagna-charge-son-propre-camp","tag-guy-marius-sagna-charge-son-propre-camp-le-groupe-parlementaire-de-pastef-manque-dinitiative-malgre-10-millions-par-mois","entry","has-media","owp-thumbs-layout-horizontal","owp-btn-normal","owp-tabs-layout-horizontal","has-no-thumbnails","has-product-nav"],"yoast_head":"<!-- This site is optimized with the Yoast SEO plugin v25.5 - https:\/\/yoast.com\/wordpress\/plugins\/seo\/ -->\n<title>Guy Marius Sagna charge son propre camp : \u00ab Le groupe parlementaire de Pastef manque d\u2019initiative malgr\u00e9 10 millions par mois \u00bb - LE PUBLIC<\/title>\n<meta name=\"robots\" content=\"index, follow, max-snippet:-1, max-image-preview:large, max-video-preview:-1\" \/>\n<link rel=\"canonical\" href=\"https:\/\/www.public.sn\/index.php\/2025\/10\/30\/guy-marius-sagna-charge-son-propre-camp-le-groupe-parlementaire-de-pastef-manque-dinitiative-malgre-10-millions-par-mois\/\" \/>\n<meta property=\"og:locale\" content=\"fr_FR\" \/>\n<meta property=\"og:type\" content=\"article\" \/>\n<meta property=\"og:title\" content=\"Guy Marius Sagna charge son propre camp : \u00ab Le groupe parlementaire de Pastef manque d\u2019initiative malgr\u00e9 10 millions par mois \u00bb - LE PUBLIC\" \/>\n<meta property=\"og:description\" content=\"Le d\u00e9put\u00e9 Guy Marius Sagna, membre du parti Pastef, a surpris plus d\u2019un lors de son passage sur le plateau de Walf TV en adressant de vives critiques \u00e0 son propre groupe parlementaire. Selon lui, malgr\u00e9 les moyens financiers consid\u00e9rables dont il dispose, le groupe se distingue par une absence totale d\u2019initiative l\u00e9gislative. \u00ab Nous avons 10 millions par mois. En un an, le groupe parlementaire de Pastef n\u2019a m\u00eame pas pu d\u00e9poser une seule initiative parlementaire \u00bb, a-t-il regrett\u00e9. Guy Marius Sagna a point\u00e9 du doigt un manque de comp\u00e9tence et d\u2019organisation au sein du groupe, estimant que le travail parlementaire exige rigueur et expertise. \u00ab La mati\u00e8re l\u00e9gislative, si tu ne l\u2019apprends pas, tu ne peux pas la faire. Il faut payer des gens qui ont la connaissance \u00bb, a-t-il expliqu\u00e9, soulignant la n\u00e9cessit\u00e9 de s\u2019entourer de techniciens capables d\u2019\u00e9laborer des propositions de loi solides. Le d\u00e9put\u00e9 de Pastef n\u2019a pas m\u00e2ch\u00e9 ses mots, estimant que rien ne justifie cette inertie politique, d\u2019autant plus que le groupe parlementaire dispose de tous les leviers pour agir. \u00ab Notre groupe parlementaire a la majorit\u00e9, il a de l\u2019argent, donc il peut d\u00e9poser n\u2019importe quel projet de loi. Mais encore faut-il savoir s\u2019entourer des bonnes comp\u00e9tences \u00bb, a-t-il martel\u00e9. Par ces d\u00e9clarations, Guy Marius Sagna expose au grand jour les failles internes du groupe parlementaire de Pastef, appelant ses coll\u00e8gues \u00e0 plus de professionnalisme et d\u2019efficacit\u00e9 dans l\u2019action l\u00e9gislative.\" \/>\n<meta property=\"og:url\" content=\"https:\/\/www.public.sn\/index.php\/2025\/10\/30\/guy-marius-sagna-charge-son-propre-camp-le-groupe-parlementaire-de-pastef-manque-dinitiative-malgre-10-millions-par-mois\/\" \/>\n<meta property=\"og:site_name\" content=\"LE PUBLIC\" \/>\n<meta property=\"article:published_time\" content=\"2025-10-30T16:15:51+00:00\" \/>\n<meta property=\"article:modified_time\" content=\"2025-10-30T16:16:00+00:00\" \/>\n<meta property=\"og:image\" content=\"https:\/\/www.public.sn\/wp-content\/uploads\/2025\/10\/thumb_1260x800_68ff83dc3fbac_lds0wHPYbm.jpg\" \/>\n\t<meta property=\"og:image:width\" content=\"1260\" \/>\n\t<meta property=\"og:image:height\" content=\"800\" \/>\n\t<meta property=\"og:image:type\" content=\"image\/jpeg\" \/>\n<meta name=\"author\" content=\"LA REDACTION\" \/>\n<meta name=\"twitter:card\" content=\"summary_large_image\" \/>\n<meta name=\"twitter:label1\" content=\"\u00c9crit par\" \/>\n\t<meta name=\"twitter:data1\" content=\"LA REDACTION\" \/>\n\t<meta name=\"twitter:label2\" content=\"Dur\u00e9e de lecture estim\u00e9e\" \/>\n\t<meta name=\"twitter:data2\" content=\"2 minutes\" \/>\n<script type=\"application\/ld+json\" class=\"yoast-schema-graph\">{\"@context\":\"https:\/\/schema.org\",\"@graph\":[{\"@type\":\"Article\",\"@id\":\"https:\/\/www.public.sn\/index.php\/2025\/10\/30\/guy-marius-sagna-charge-son-propre-camp-le-groupe-parlementaire-de-pastef-manque-dinitiative-malgre-10-millions-par-mois\/#article\",\"isPartOf\":{\"@id\":\"https:\/\/www.public.sn\/index.php\/2025\/10\/30\/guy-marius-sagna-charge-son-propre-camp-le-groupe-parlementaire-de-pastef-manque-dinitiative-malgre-10-millions-par-mois\/\"},\"author\":{\"name\":\"LA REDACTION\",\"@id\":\"https:\/\/www.public.sn\/#\/schema\/person\/cb76c8e1b8becc6be61fb5e92d6d0224\"},\"headline\":\"Guy Marius Sagna charge son propre camp : \u00ab Le groupe parlementaire de Pastef manque d\u2019initiative malgr\u00e9 10 millions par mois \u00bb\",\"datePublished\":\"2025-10-30T16:15:51+00:00\",\"dateModified\":\"2025-10-30T16:16:00+00:00\",\"mainEntityOfPage\":{\"@id\":\"https:\/\/www.public.sn\/index.php\/2025\/10\/30\/guy-marius-sagna-charge-son-propre-camp-le-groupe-parlementaire-de-pastef-manque-dinitiative-malgre-10-millions-par-mois\/\"},\"wordCount\":278,\"commentCount\":0,\"publisher\":{\"@id\":\"https:\/\/www.public.sn\/#organization\"},\"image\":{\"@id\":\"https:\/\/www.public.sn\/index.php\/2025\/10\/30\/guy-marius-sagna-charge-son-propre-camp-le-groupe-parlementaire-de-pastef-manque-dinitiative-malgre-10-millions-par-mois\/#primaryimage\"},\"thumbnailUrl\":\"https:\/\/www.public.sn\/wp-content\/uploads\/2025\/10\/thumb_1260x800_68ff83dc3fbac_lds0wHPYbm.jpg\",\"keywords\":[\"Guy Marius Sagna charge son propre camp\",\"Guy Marius Sagna charge son propre camp : \u00ab Le groupe parlementaire de Pastef manque d\u2019initiative malgr\u00e9 10 millions par mois \u00bb\"],\"articleSection\":[\"ACTUALIT\u00c9S\",\"POLITIQUE\",\"S\u00c9N\u00c9GAL\"],\"inLanguage\":\"fr-FR\",\"potentialAction\":[{\"@type\":\"CommentAction\",\"name\":\"Comment\",\"target\":[\"https:\/\/www.public.sn\/index.php\/2025\/10\/30\/guy-marius-sagna-charge-son-propre-camp-le-groupe-parlementaire-de-pastef-manque-dinitiative-malgre-10-millions-par-mois\/#respond\"]}]},{\"@type\":\"WebPage\",\"@id\":\"https:\/\/www.public.sn\/index.php\/2025\/10\/30\/guy-marius-sagna-charge-son-propre-camp-le-groupe-parlementaire-de-pastef-manque-dinitiative-malgre-10-millions-par-mois\/\",\"url\":\"https:\/\/www.public.sn\/index.php\/2025\/10\/30\/guy-marius-sagna-charge-son-propre-camp-le-groupe-parlementaire-de-pastef-manque-dinitiative-malgre-10-millions-par-mois\/\",\"name\":\"Guy Marius Sagna charge son propre camp : \u00ab Le groupe parlementaire de Pastef manque d\u2019initiative malgr\u00e9 10 millions par mois \u00bb - LE PUBLIC\",\"isPartOf\":{\"@id\":\"https:\/\/www.public.sn\/#website\"},\"primaryImageOfPage\":{\"@id\":\"https:\/\/www.public.sn\/index.php\/2025\/10\/30\/guy-marius-sagna-charge-son-propre-camp-le-groupe-parlementaire-de-pastef-manque-dinitiative-malgre-10-millions-par-mois\/#primaryimage\"},\"image\":{\"@id\":\"https:\/\/www.public.sn\/index.php\/2025\/10\/30\/guy-marius-sagna-charge-son-propre-camp-le-groupe-parlementaire-de-pastef-manque-dinitiative-malgre-10-millions-par-mois\/#primaryimage\"},\"thumbnailUrl\":\"https:\/\/www.public.sn\/wp-content\/uploads\/2025\/10\/thumb_1260x800_68ff83dc3fbac_lds0wHPYbm.jpg\",\"datePublished\":\"2025-10-30T16:15:51+00:00\",\"dateModified\":\"2025-10-30T16:16:00+00:00\",\"breadcrumb\":{\"@id\":\"https:\/\/www.public.sn\/index.php\/2025\/10\/30\/guy-marius-sagna-charge-son-propre-camp-le-groupe-parlementaire-de-pastef-manque-dinitiative-malgre-10-millions-par-mois\/#breadcrumb\"},\"inLanguage\":\"fr-FR\",\"potentialAction\":[{\"@type\":\"ReadAction\",\"target\":[\"https:\/\/www.public.sn\/index.php\/2025\/10\/30\/guy-marius-sagna-charge-son-propre-camp-le-groupe-parlementaire-de-pastef-manque-dinitiative-malgre-10-millions-par-mois\/\"]}]},{\"@type\":\"ImageObject\",\"inLanguage\":\"fr-FR\",\"@id\":\"https:\/\/www.public.sn\/index.php\/2025\/10\/30\/guy-marius-sagna-charge-son-propre-camp-le-groupe-parlementaire-de-pastef-manque-dinitiative-malgre-10-millions-par-mois\/#primaryimage\",\"url\":\"https:\/\/www.public.sn\/wp-content\/uploads\/2025\/10\/thumb_1260x800_68ff83dc3fbac_lds0wHPYbm.jpg\",\"contentUrl\":\"https:\/\/www.public.sn\/wp-content\/uploads\/2025\/10\/thumb_1260x800_68ff83dc3fbac_lds0wHPYbm.jpg\",\"width\":1260,\"height\":800},{\"@type\":\"BreadcrumbList\",\"@id\":\"https:\/\/www.public.sn\/index.php\/2025\/10\/30\/guy-marius-sagna-charge-son-propre-camp-le-groupe-parlementaire-de-pastef-manque-dinitiative-malgre-10-millions-par-mois\/#breadcrumb\",\"itemListElement\":[{\"@type\":\"ListItem\",\"position\":1,\"name\":\"Accueil\",\"item\":\"https:\/\/www.public.sn\/\"},{\"@type\":\"ListItem\",\"position\":2,\"name\":\"Guy Marius Sagna charge son propre camp : \u00ab Le groupe parlementaire de Pastef manque d\u2019initiative malgr\u00e9 10 millions par mois \u00bb\"}]},{\"@type\":\"WebSite\",\"@id\":\"https:\/\/www.public.sn\/#website\",\"url\":\"https:\/\/www.public.sn\/\",\"name\":\"LE PUBLIC\",\"description\":\"\",\"publisher\":{\"@id\":\"https:\/\/www.public.sn\/#organization\"},\"potentialAction\":[{\"@type\":\"SearchAction\",\"target\":{\"@type\":\"EntryPoint\",\"urlTemplate\":\"https:\/\/www.public.sn\/?s={search_term_string}\"},\"query-input\":{\"@type\":\"PropertyValueSpecification\",\"valueRequired\":true,\"valueName\":\"search_term_string\"}}],\"inLanguage\":\"fr-FR\"},{\"@type\":\"Organization\",\"@id\":\"https:\/\/www.public.sn\/#organization\",\"name\":\"LE PUBLIC\",\"url\":\"https:\/\/www.public.sn\/\",\"logo\":{\"@type\":\"ImageObject\",\"inLanguage\":\"fr-FR\",\"@id\":\"https:\/\/www.public.sn\/#\/schema\/logo\/image\/\",\"url\":\"https:\/\/www.public.sn\/wp-content\/uploads\/2024\/05\/cropped-LOGO-PUBLIC.SN_.png\",\"contentUrl\":\"https:\/\/www.public.sn\/wp-content\/uploads\/2024\/05\/cropped-LOGO-PUBLIC.SN_.png\",\"width\":682,\"height\":192,\"caption\":\"LE PUBLIC\"},\"image\":{\"@id\":\"https:\/\/www.public.sn\/#\/schema\/logo\/image\/\"}},{\"@type\":\"Person\",\"@id\":\"https:\/\/www.public.sn\/#\/schema\/person\/cb76c8e1b8becc6be61fb5e92d6d0224\",\"name\":\"LA REDACTION\",\"image\":{\"@type\":\"ImageObject\",\"inLanguage\":\"fr-FR\",\"@id\":\"https:\/\/www.public.sn\/#\/schema\/person\/image\/\",\"url\":\"https:\/\/secure.gravatar.com\/avatar\/2dce5ddd34b8fef0180efe03aa2a9bee7d953856048f9a16b298190a3178407c?s=96&d=mm&r=g\",\"contentUrl\":\"https:\/\/secure.gravatar.com\/avatar\/2dce5ddd34b8fef0180efe03aa2a9bee7d953856048f9a16b298190a3178407c?s=96&d=mm&r=g\",\"caption\":\"LA REDACTION\"},\"url\":\"https:\/\/www.public.sn\/index.php\/author\/editeurpsn\/\"}]}<\/script>\n<!-- \/ Yoast SEO plugin. -->","yoast_head_json":{"title":"Guy Marius Sagna charge son propre camp : \u00ab Le groupe parlementaire de Pastef manque d\u2019initiative malgr\u00e9 10 millions par mois \u00bb - LE PUBLIC","robots":{"index":"index","follow":"follow","max-snippet":"max-snippet:-1","max-image-preview":"max-image-preview:large","max-video-preview":"max-video-preview:-1"},"canonical":"https:\/\/www.public.sn\/index.php\/2025\/10\/30\/guy-marius-sagna-charge-son-propre-camp-le-groupe-parlementaire-de-pastef-manque-dinitiative-malgre-10-millions-par-mois\/","og_locale":"fr_FR","og_type":"article","og_title":"Guy Marius Sagna charge son propre camp : \u00ab Le groupe parlementaire de Pastef manque d\u2019initiative malgr\u00e9 10 millions par mois \u00bb - LE PUBLIC","og_description":"Le d\u00e9put\u00e9 Guy Marius Sagna, membre du parti Pastef, a surpris plus d\u2019un lors de son passage sur le plateau de Walf TV en adressant de vives critiques \u00e0 son propre groupe parlementaire. Selon lui, malgr\u00e9 les moyens financiers consid\u00e9rables dont il dispose, le groupe se distingue par une absence totale d\u2019initiative l\u00e9gislative. \u00ab Nous avons 10 millions par mois. En un an, le groupe parlementaire de Pastef n\u2019a m\u00eame pas pu d\u00e9poser une seule initiative parlementaire \u00bb, a-t-il regrett\u00e9. Guy Marius Sagna a point\u00e9 du doigt un manque de comp\u00e9tence et d\u2019organisation au sein du groupe, estimant que le travail parlementaire exige rigueur et expertise. \u00ab La mati\u00e8re l\u00e9gislative, si tu ne l\u2019apprends pas, tu ne peux pas la faire. Il faut payer des gens qui ont la connaissance \u00bb, a-t-il expliqu\u00e9, soulignant la n\u00e9cessit\u00e9 de s\u2019entourer de techniciens capables d\u2019\u00e9laborer des propositions de loi solides. Le d\u00e9put\u00e9 de Pastef n\u2019a pas m\u00e2ch\u00e9 ses mots, estimant que rien ne justifie cette inertie politique, d\u2019autant plus que le groupe parlementaire dispose de tous les leviers pour agir. \u00ab Notre groupe parlementaire a la majorit\u00e9, il a de l\u2019argent, donc il peut d\u00e9poser n\u2019importe quel projet de loi. Mais encore faut-il savoir s\u2019entourer des bonnes comp\u00e9tences \u00bb, a-t-il martel\u00e9. Par ces d\u00e9clarations, Guy Marius Sagna expose au grand jour les failles internes du groupe parlementaire de Pastef, appelant ses coll\u00e8gues \u00e0 plus de professionnalisme et d\u2019efficacit\u00e9 dans l\u2019action l\u00e9gislative.","og_url":"https:\/\/www.public.sn\/index.php\/2025\/10\/30\/guy-marius-sagna-charge-son-propre-camp-le-groupe-parlementaire-de-pastef-manque-dinitiative-malgre-10-millions-par-mois\/","og_site_name":"LE PUBLIC","article_published_time":"2025-10-30T16:15:51+00:00","article_modified_time":"2025-10-30T16:16:00+00:00","og_image":[{"width":1260,"height":800,"url":"https:\/\/www.public.sn\/wp-content\/uploads\/2025\/10\/thumb_1260x800_68ff83dc3fbac_lds0wHPYbm.jpg","type":"image\/jpeg"}],"author":"LA REDACTION","twitter_card":"summary_large_image","twitter_misc":{"\u00c9crit par":"LA REDACTION","Dur\u00e9e de lecture estim\u00e9e":"2 minutes"},"schema":{"@context":"https:\/\/schema.org","@graph":[{"@type":"Article","@id":"https:\/\/www.public.sn\/index.php\/2025\/10\/30\/guy-marius-sagna-charge-son-propre-camp-le-groupe-parlementaire-de-pastef-manque-dinitiative-malgre-10-millions-par-mois\/#article","isPartOf":{"@id":"https:\/\/www.public.sn\/index.php\/2025\/10\/30\/guy-marius-sagna-charge-son-propre-camp-le-groupe-parlementaire-de-pastef-manque-dinitiative-malgre-10-millions-par-mois\/"},"author":{"name":"LA REDACTION","@id":"https:\/\/www.public.sn\/#\/schema\/person\/cb76c8e1b8becc6be61fb5e92d6d0224"},"headline":"Guy Marius Sagna charge son propre camp : \u00ab Le groupe parlementaire de Pastef manque d\u2019initiative malgr\u00e9 10 millions par mois \u00bb","datePublished":"2025-10-30T16:15:51+00:00","dateModified":"2025-10-30T16:16:00+00:00","mainEntityOfPage":{"@id":"https:\/\/www.public.sn\/index.php\/2025\/10\/30\/guy-marius-sagna-charge-son-propre-camp-le-groupe-parlementaire-de-pastef-manque-dinitiative-malgre-10-millions-par-mois\/"},"wordCount":278,"commentCount":0,"publisher":{"@id":"https:\/\/www.public.sn\/#organization"},"image":{"@id":"https:\/\/www.public.sn\/index.php\/2025\/10\/30\/guy-marius-sagna-charge-son-propre-camp-le-groupe-parlementaire-de-pastef-manque-dinitiative-malgre-10-millions-par-mois\/#primaryimage"},"thumbnailUrl":"https:\/\/www.public.sn\/wp-content\/uploads\/2025\/10\/thumb_1260x800_68ff83dc3fbac_lds0wHPYbm.jpg","keywords":["Guy Marius Sagna charge son propre camp","Guy Marius Sagna charge son propre camp : \u00ab Le groupe parlementaire de Pastef manque d\u2019initiative malgr\u00e9 10 millions par mois \u00bb"],"articleSection":["ACTUALIT\u00c9S","POLITIQUE","S\u00c9N\u00c9GAL"],"inLanguage":"fr-FR","potentialAction":[{"@type":"CommentAction","name":"Comment","target":["https:\/\/www.public.sn\/index.php\/2025\/10\/30\/guy-marius-sagna-charge-son-propre-camp-le-groupe-parlementaire-de-pastef-manque-dinitiative-malgre-10-millions-par-mois\/#respond"]}]},{"@type":"WebPage","@id":"https:\/\/www.public.sn\/index.php\/2025\/10\/30\/guy-marius-sagna-charge-son-propre-camp-le-groupe-parlementaire-de-pastef-manque-dinitiative-malgre-10-millions-par-mois\/","url":"https:\/\/www.public.sn\/index.php\/2025\/10\/30\/guy-marius-sagna-charge-son-propre-camp-le-groupe-parlementaire-de-pastef-manque-dinitiative-malgre-10-millions-par-mois\/","name":"Guy Marius Sagna charge son propre camp : \u00ab Le groupe parlementaire de Pastef manque d\u2019initiative malgr\u00e9 10 millions par mois \u00bb - LE PUBLIC","isPartOf":{"@id":"https:\/\/www.public.sn\/#website"},"primaryImageOfPage":{"@id":"https:\/\/www.public.sn\/index.php\/2025\/10\/30\/guy-marius-sagna-charge-son-propre-camp-le-groupe-parlementaire-de-pastef-manque-dinitiative-malgre-10-millions-par-mois\/#primaryimage"},"image":{"@id":"https:\/\/www.public.sn\/index.php\/2025\/10\/30\/guy-marius-sagna-charge-son-propre-camp-le-groupe-parlementaire-de-pastef-manque-dinitiative-malgre-10-millions-par-mois\/#primaryimage"},"thumbnailUrl":"https:\/\/www.public.sn\/wp-content\/uploads\/2025\/10\/thumb_1260x800_68ff83dc3fbac_lds0wHPYbm.jpg","datePublished":"2025-10-30T16:15:51+00:00","dateModified":"2025-10-30T16:16:00+00:00","breadcrumb":{"@id":"https:\/\/www.public.sn\/index.php\/2025\/10\/30\/guy-marius-sagna-charge-son-propre-camp-le-groupe-parlementaire-de-pastef-manque-dinitiative-malgre-10-millions-par-mois\/#breadcrumb"},"inLanguage":"fr-FR","potentialAction":[{"@type":"ReadAction","target":["https:\/\/www.public.sn\/index.php\/2025\/10\/30\/guy-marius-sagna-charge-son-propre-camp-le-groupe-parlementaire-de-pastef-manque-dinitiative-malgre-10-millions-par-mois\/"]}]},{"@type":"ImageObject","inLanguage":"fr-FR","@id":"https:\/\/www.public.sn\/index.php\/2025\/10\/30\/guy-marius-sagna-charge-son-propre-camp-le-groupe-parlementaire-de-pastef-manque-dinitiative-malgre-10-millions-par-mois\/#primaryimage","url":"https:\/\/www.public.sn\/wp-content\/uploads\/2025\/10\/thumb_1260x800_68ff83dc3fbac_lds0wHPYbm.jpg","contentUrl":"https:\/\/www.public.sn\/wp-content\/uploads\/2025\/10\/thumb_1260x800_68ff83dc3fbac_lds0wHPYbm.jpg","width":1260,"height":800},{"@type":"BreadcrumbList","@id":"https:\/\/www.public.sn\/index.php\/2025\/10\/30\/guy-marius-sagna-charge-son-propre-camp-le-groupe-parlementaire-de-pastef-manque-dinitiative-malgre-10-millions-par-mois\/#breadcrumb","itemListElement":[{"@type":"ListItem","position":1,"name":"Accueil","item":"https:\/\/www.public.sn\/"},{"@type":"ListItem","position":2,"name":"Guy Marius Sagna charge son propre camp : \u00ab Le groupe parlementaire de Pastef manque d\u2019initiative malgr\u00e9 10 millions par mois \u00bb"}]},{"@type":"WebSite","@id":"https:\/\/www.public.sn\/#website","url":"https:\/\/www.public.sn\/","name":"LE PUBLIC","description":"","publisher":{"@id":"https:\/\/www.public.sn\/#organization"},"potentialAction":[{"@type":"SearchAction","target":{"@type":"EntryPoint","urlTemplate":"https:\/\/www.public.sn\/?s={search_term_string}"},"query-input":{"@type":"PropertyValueSpecification","valueRequired":true,"valueName":"search_term_string"}}],"inLanguage":"fr-FR"},{"@type":"Organization","@id":"https:\/\/www.public.sn\/#organization","name":"LE PUBLIC","url":"https:\/\/www.public.sn\/","logo":{"@type":"ImageObject","inLanguage":"fr-FR","@id":"https:\/\/www.public.sn\/#\/schema\/logo\/image\/","url":"https:\/\/www.public.sn\/wp-content\/uploads\/2024\/05\/cropped-LOGO-PUBLIC.SN_.png","contentUrl":"https:\/\/www.public.sn\/wp-content\/uploads\/2024\/05\/cropped-LOGO-PUBLIC.SN_.png","width":682,"height":192,"caption":"LE PUBLIC"},"image":{"@id":"https:\/\/www.public.sn\/#\/schema\/logo\/image\/"}},{"@type":"Person","@id":"https:\/\/www.public.sn\/#\/schema\/person\/cb76c8e1b8becc6be61fb5e92d6d0224","name":"LA REDACTION","image":{"@type":"ImageObject","inLanguage":"fr-FR","@id":"https:\/\/www.public.sn\/#\/schema\/person\/image\/","url":"https:\/\/secure.gravatar.com\/avatar\/2dce5ddd34b8fef0180efe03aa2a9bee7d953856048f9a16b298190a3178407c?s=96&d=mm&r=g","contentUrl":"https:\/\/secure.gravatar.com\/avatar\/2dce5ddd34b8fef0180efe03aa2a9bee7d953856048f9a16b298190a3178407c?s=96&d=mm&r=g","caption":"LA REDACTION"},"url":"https:\/\/www.public.sn\/index.php\/author\/editeurpsn\/"}]}},"jetpack_featured_media_url":"https:\/\/www.public.sn\/wp-content\/uploads\/2025\/10\/thumb_1260x800_68ff83dc3fbac_lds0wHPYbm.jpg","jetpack_sharing_enabled":true,"_links":{"self":[{"href":"https:\/\/www.public.sn\/index.php\/wp-json\/wp\/v2\/posts\/37907","targetHints":{"allow":["GET"]}}],"collection":[{"href":"https:\/\/www.public.sn\/index.php\/wp-json\/wp\/v2\/posts"}],"about":[{"href":"https:\/\/www.public.sn\/index.php\/wp-json\/wp\/v2\/types\/post"}],"author":[{"embeddable":true,"href":"https:\/\/www.public.sn\/index.php\/wp-json\/wp\/v2\/users\/7"}],"replies":[{"embeddable":true,"href":"https:\/\/www.public.sn\/index.php\/wp-json\/wp\/v2\/comments?post=37907"}],"version-history":[{"count":1,"href":"https:\/\/www.public.sn\/index.php\/wp-json\/wp\/v2\/posts\/37907\/revisions"}],"predecessor-version":[{"id":37909,"href":"https:\/\/www.public.sn\/index.php\/wp-json\/wp\/v2\/posts\/37907\/revisions\/37909"}],"wp:featuredmedia":[{"embeddable":true,"href":"https:\/\/www.public.sn\/index.php\/wp-json\/wp\/v2\/media\/37908"}],"wp:attachment":[{"href":"https:\/\/www.public.sn\/index.php\/wp-json\/wp\/v2\/media?parent=37907"}],"wp:term":[{"taxonomy":"category","embeddable":true,"href":"https:\/\/www.public.sn\/index.php\/wp-json\/wp\/v2\/categories?post=37907"},{"taxonomy":"post_tag","embeddable":true,"href":"https:\/\/www.public.sn\/index.php\/wp-json\/wp\/v2\/tags?post=37907"}],"curies":[{"name":"wp","href":"https:\/\/api.w.org\/{rel}","templated":true}]}}