{"id":37956,"date":"2025-11-04T15:38:02","date_gmt":"2025-11-04T15:38:02","guid":{"rendered":"https:\/\/www.public.sn\/?p=37956"},"modified":"2025-11-04T15:38:29","modified_gmt":"2025-11-04T15:38:29","slug":"le-president-bassirou-diomaye-faye-annonce-des-reformes-profondes-pour-dynamiser-lenseignement-superieur-au-senegal","status":"publish","type":"post","link":"https:\/\/www.public.sn\/index.php\/2025\/11\/04\/le-president-bassirou-diomaye-faye-annonce-des-reformes-profondes-pour-dynamiser-lenseignement-superieur-au-senegal\/","title":{"rendered":"Le pr\u00e9sident Bassirou Diomaye Faye annonce des r\u00e9formes profondes pour dynamiser l\u2019enseignement sup\u00e9rieur au S\u00e9n\u00e9gal"},"content":{"rendered":"\n<p>Lors de la c\u00e9r\u00e9monie d\u2019ouverture de l\u2019Assembl\u00e9e g\u00e9n\u00e9rale de l\u2019Agence universitaire de la Francophonie, tenue hier, le pr\u00e9sident de la R\u00e9publique, Bassirou Diomaye Faye, a d\u00e9voil\u00e9 d\u2019importantes r\u00e9formes destin\u00e9es \u00e0 transformer en profondeur le syst\u00e8me d\u2019enseignement sup\u00e9rieur.<\/p><div class=\"publi-paragraphe1\" style=\"margin-top: 10px;margin-bottom: 10px;margin-left: auto;margin-right: auto;text-align: center;\" id=\"publi-4272872206\"><div class=\"publi-adlabel\">Publicit\u00e9<\/div><script async src=\"\/\/pagead2.googlesyndication.com\/pagead\/js\/adsbygoogle.js?client=ca-pub-4089586018074219\" crossorigin=\"anonymous\"><\/script><ins class=\"adsbygoogle\" style=\"display:block;\" data-ad-client=\"ca-pub-4089586018074219\" \ndata-ad-slot=\"2087940154\" \ndata-ad-format=\"auto\"><\/ins>\n<script> \n(adsbygoogle = window.adsbygoogle || []).push({}); \n<\/script>\n<\/div>\n\n\n\n<p>\u00ab Des ruptures radicales sont envisag\u00e9es, notamment dans les options de formation, avec une attention particuli\u00e8re port\u00e9e \u00e0 la r\u00e9forme des contenus et \u00e0 la valorisation de l\u2019enseignement des sciences, des techniques et des savoirs endog\u00e8nes \u00bb, a-t-il affirm\u00e9.<\/p>\n\n\n\n<p>Ces r\u00e9formes, issues de l\u2019Agenda national de transformation de l\u2019enseignement sup\u00e9rieur, de la recherche et de l\u2019innovation (ANTESRI), visent \u00e0 mieux aligner l\u2019enseignement et la recherche sur les priorit\u00e9s de d\u00e9veloppement \u00e9conomique du pays.<\/p>\n\n\n<div class=\"wp-block-image\">\n<figure class=\"aligncenter size-large\"><img fetchpriority=\"high\" decoding=\"async\" width=\"1024\" height=\"683\" src=\"https:\/\/www.public.sn\/wp-content\/uploads\/2025\/11\/690a0d87a0148_znQyhKageO-1024x683.jpg\" alt=\"\" class=\"wp-image-37958\" srcset=\"https:\/\/www.public.sn\/wp-content\/uploads\/2025\/11\/690a0d87a0148_znQyhKageO-1024x683.jpg 1024w, https:\/\/www.public.sn\/wp-content\/uploads\/2025\/11\/690a0d87a0148_znQyhKageO-300x200.jpg 300w, https:\/\/www.public.sn\/wp-content\/uploads\/2025\/11\/690a0d87a0148_znQyhKageO-768x512.jpg 768w, https:\/\/www.public.sn\/wp-content\/uploads\/2025\/11\/690a0d87a0148_znQyhKageO-1536x1024.jpg 1536w, https:\/\/www.public.sn\/wp-content\/uploads\/2025\/11\/690a0d87a0148_znQyhKageO-600x400.jpg 600w, https:\/\/www.public.sn\/wp-content\/uploads\/2025\/11\/690a0d87a0148_znQyhKageO.jpg 1600w\" sizes=\"(max-width: 1024px) 100vw, 1024px\" \/><\/figure>\n<\/div>\n\n\n<p>Le pr\u00e9sident Faye a soulign\u00e9 le r\u00f4le d\u00e9terminant de l\u2019enseignement sup\u00e9rieur dans la relance des vocations scientifiques, rappelant que la d\u00e9saffection des jeunes Africains pour les fili\u00e8res scientifiques \u00ab n\u2019est pas une fatalit\u00e9 \u00bb. Il a ainsi exhort\u00e9 les acteurs du secteur, autorit\u00e9s, enseignants-chercheurs et chercheurs \u00e0 unir leurs efforts dans un esprit de patriotisme, d\u2019innovation et de cr\u00e9ativit\u00e9, afin de redonner \u00e0 la jeunesse le go\u00fbt des math\u00e9matiques, des sciences et des technologies.<\/p>\n\n\n\n<p>Enfin, le chef de l\u2019\u00c9tat a r\u00e9affirm\u00e9 que <strong>la Vision S\u00e9n\u00e9gal 2050<\/strong> accorde une place centrale \u00e0 l\u2019enseignement sup\u00e9rieur, \u00e0 la recherche, \u00e0 la science, \u00e0 la technologie et \u00e0 l\u2019innovation, piliers essentiels du d\u00e9veloppement national.<\/p>\n\n\n\n<p><\/p>\n<div class=\"publi-apres-le-contenu\" style=\"margin-top: 10px;margin-bottom: 10px;margin-left: auto;margin-right: auto;text-align: center;\" id=\"publi-350815373\"><div class=\"publi-adlabel\">Publicit\u00e9<\/div><script async src=\"\/\/pagead2.googlesyndication.com\/pagead\/js\/adsbygoogle.js?client=ca-pub-4089586018074219\" crossorigin=\"anonymous\"><\/script><ins class=\"adsbygoogle\" style=\"display:block;\" data-ad-client=\"ca-pub-4089586018074219\" \ndata-ad-slot=\"2087940154\" \ndata-ad-format=\"auto\"><\/ins>\n<script> \n(adsbygoogle = window.adsbygoogle || []).push({}); \n<\/script>\n<\/div>","protected":false},"excerpt":{"rendered":"<p>Lors de la c\u00e9r\u00e9monie d\u2019ouverture de l\u2019Assembl\u00e9e g\u00e9n\u00e9rale de l\u2019Agence universitaire de la Francophonie, tenue hier, le pr\u00e9sident de la R\u00e9publique, Bassirou Diomaye Faye, a d\u00e9voil\u00e9 d\u2019importantes r\u00e9formes destin\u00e9es \u00e0 transformer en profondeur le syst\u00e8me d\u2019enseignement sup\u00e9rieur. \u00ab Des ruptures radicales sont envisag\u00e9es, notamment dans les options de formation, avec une attention particuli\u00e8re port\u00e9e \u00e0 la r\u00e9forme des contenus et \u00e0 la valorisation de l\u2019enseignement des sciences, des techniques et des savoirs endog\u00e8nes \u00bb, a-t-il affirm\u00e9. Ces r\u00e9formes, issues de l\u2019Agenda national de transformation de l\u2019enseignement sup\u00e9rieur, de la recherche et de l\u2019innovation (ANTESRI), visent \u00e0 mieux aligner l\u2019enseignement et la recherche sur les priorit\u00e9s de d\u00e9veloppement \u00e9conomique du pays. Le pr\u00e9sident Faye a soulign\u00e9 le r\u00f4le d\u00e9terminant de l\u2019enseignement sup\u00e9rieur dans la relance des vocations scientifiques, rappelant que la d\u00e9saffection des jeunes Africains pour les fili\u00e8res scientifiques \u00ab n\u2019est pas une fatalit\u00e9 \u00bb. Il a ainsi exhort\u00e9 les acteurs du secteur, autorit\u00e9s, enseignants-chercheurs et chercheurs \u00e0 unir leurs efforts dans un esprit de patriotisme, d\u2019innovation et de cr\u00e9ativit\u00e9, afin de redonner \u00e0 la jeunesse le go\u00fbt des math\u00e9matiques, des sciences et des technologies. Enfin, le chef de l\u2019\u00c9tat a r\u00e9affirm\u00e9 que la Vision S\u00e9n\u00e9gal 2050 accorde une place centrale \u00e0 l\u2019enseignement sup\u00e9rieur, \u00e0 la recherche, \u00e0 la science, \u00e0 la technologie et \u00e0 l\u2019innovation, piliers essentiels du d\u00e9veloppement national.<\/p>\n","protected":false},"author":7,"featured_media":37957,"comment_status":"open","ping_status":"open","sticky":false,"template":"","format":"standard","meta":{"_jetpack_memberships_contains_paid_content":false,"footnotes":""},"categories":[375,854,1],"tags":[7709],"class_list":["post-37956","post","type-post","status-publish","format-standard","has-post-thumbnail","hentry","category-actualites","category-education","category-non-classe","tag-le-president-bassirou-diomaye-faye-annonce-des-reformes-profondes-pour-dynamiser-lenseignement-superieur-au-senegal","entry","has-media","owp-thumbs-layout-horizontal","owp-btn-normal","owp-tabs-layout-horizontal","has-no-thumbnails","has-product-nav"],"yoast_head":"<!-- This site is optimized with the Yoast SEO plugin v25.5 - https:\/\/yoast.com\/wordpress\/plugins\/seo\/ -->\n<title>Le pr\u00e9sident Bassirou Diomaye Faye annonce des r\u00e9formes profondes pour dynamiser l\u2019enseignement sup\u00e9rieur au S\u00e9n\u00e9gal - LE PUBLIC<\/title>\n<meta name=\"robots\" content=\"index, follow, max-snippet:-1, max-image-preview:large, max-video-preview:-1\" \/>\n<link rel=\"canonical\" href=\"https:\/\/www.public.sn\/index.php\/2025\/11\/04\/le-president-bassirou-diomaye-faye-annonce-des-reformes-profondes-pour-dynamiser-lenseignement-superieur-au-senegal\/\" \/>\n<meta property=\"og:locale\" content=\"fr_FR\" \/>\n<meta property=\"og:type\" content=\"article\" \/>\n<meta property=\"og:title\" content=\"Le pr\u00e9sident Bassirou Diomaye Faye annonce des r\u00e9formes profondes pour dynamiser l\u2019enseignement sup\u00e9rieur au S\u00e9n\u00e9gal - LE PUBLIC\" \/>\n<meta property=\"og:description\" content=\"Lors de la c\u00e9r\u00e9monie d\u2019ouverture de l\u2019Assembl\u00e9e g\u00e9n\u00e9rale de l\u2019Agence universitaire de la Francophonie, tenue hier, le pr\u00e9sident de la R\u00e9publique, Bassirou Diomaye Faye, a d\u00e9voil\u00e9 d\u2019importantes r\u00e9formes destin\u00e9es \u00e0 transformer en profondeur le syst\u00e8me d\u2019enseignement sup\u00e9rieur. \u00ab Des ruptures radicales sont envisag\u00e9es, notamment dans les options de formation, avec une attention particuli\u00e8re port\u00e9e \u00e0 la r\u00e9forme des contenus et \u00e0 la valorisation de l\u2019enseignement des sciences, des techniques et des savoirs endog\u00e8nes \u00bb, a-t-il affirm\u00e9. Ces r\u00e9formes, issues de l\u2019Agenda national de transformation de l\u2019enseignement sup\u00e9rieur, de la recherche et de l\u2019innovation (ANTESRI), visent \u00e0 mieux aligner l\u2019enseignement et la recherche sur les priorit\u00e9s de d\u00e9veloppement \u00e9conomique du pays. Le pr\u00e9sident Faye a soulign\u00e9 le r\u00f4le d\u00e9terminant de l\u2019enseignement sup\u00e9rieur dans la relance des vocations scientifiques, rappelant que la d\u00e9saffection des jeunes Africains pour les fili\u00e8res scientifiques \u00ab n\u2019est pas une fatalit\u00e9 \u00bb. Il a ainsi exhort\u00e9 les acteurs du secteur, autorit\u00e9s, enseignants-chercheurs et chercheurs \u00e0 unir leurs efforts dans un esprit de patriotisme, d\u2019innovation et de cr\u00e9ativit\u00e9, afin de redonner \u00e0 la jeunesse le go\u00fbt des math\u00e9matiques, des sciences et des technologies. Enfin, le chef de l\u2019\u00c9tat a r\u00e9affirm\u00e9 que la Vision S\u00e9n\u00e9gal 2050 accorde une place centrale \u00e0 l\u2019enseignement sup\u00e9rieur, \u00e0 la recherche, \u00e0 la science, \u00e0 la technologie et \u00e0 l\u2019innovation, piliers essentiels du d\u00e9veloppement national.\" \/>\n<meta property=\"og:url\" content=\"https:\/\/www.public.sn\/index.php\/2025\/11\/04\/le-president-bassirou-diomaye-faye-annonce-des-reformes-profondes-pour-dynamiser-lenseignement-superieur-au-senegal\/\" \/>\n<meta property=\"og:site_name\" content=\"LE PUBLIC\" \/>\n<meta property=\"article:published_time\" content=\"2025-11-04T15:38:02+00:00\" \/>\n<meta property=\"article:modified_time\" content=\"2025-11-04T15:38:29+00:00\" \/>\n<meta property=\"og:image\" content=\"https:\/\/www.public.sn\/wp-content\/uploads\/2025\/11\/thumb_1260x800_690a0d8ee9680_REbmoUyvLk.jpg\" \/>\n\t<meta property=\"og:image:width\" content=\"1260\" \/>\n\t<meta property=\"og:image:height\" content=\"800\" \/>\n\t<meta property=\"og:image:type\" content=\"image\/jpeg\" \/>\n<meta name=\"author\" content=\"LA REDACTION\" \/>\n<meta name=\"twitter:card\" content=\"summary_large_image\" \/>\n<meta name=\"twitter:label1\" content=\"\u00c9crit par\" \/>\n\t<meta name=\"twitter:data1\" content=\"LA REDACTION\" \/>\n\t<meta name=\"twitter:label2\" content=\"Dur\u00e9e de lecture estim\u00e9e\" \/>\n\t<meta name=\"twitter:data2\" content=\"2 minutes\" \/>\n<script type=\"application\/ld+json\" class=\"yoast-schema-graph\">{\"@context\":\"https:\/\/schema.org\",\"@graph\":[{\"@type\":\"Article\",\"@id\":\"https:\/\/www.public.sn\/index.php\/2025\/11\/04\/le-president-bassirou-diomaye-faye-annonce-des-reformes-profondes-pour-dynamiser-lenseignement-superieur-au-senegal\/#article\",\"isPartOf\":{\"@id\":\"https:\/\/www.public.sn\/index.php\/2025\/11\/04\/le-president-bassirou-diomaye-faye-annonce-des-reformes-profondes-pour-dynamiser-lenseignement-superieur-au-senegal\/\"},\"author\":{\"name\":\"LA REDACTION\",\"@id\":\"https:\/\/www.public.sn\/#\/schema\/person\/cb76c8e1b8becc6be61fb5e92d6d0224\"},\"headline\":\"Le pr\u00e9sident Bassirou Diomaye Faye annonce des r\u00e9formes profondes pour dynamiser l\u2019enseignement sup\u00e9rieur au S\u00e9n\u00e9gal\",\"datePublished\":\"2025-11-04T15:38:02+00:00\",\"dateModified\":\"2025-11-04T15:38:29+00:00\",\"mainEntityOfPage\":{\"@id\":\"https:\/\/www.public.sn\/index.php\/2025\/11\/04\/le-president-bassirou-diomaye-faye-annonce-des-reformes-profondes-pour-dynamiser-lenseignement-superieur-au-senegal\/\"},\"wordCount\":277,\"commentCount\":0,\"publisher\":{\"@id\":\"https:\/\/www.public.sn\/#organization\"},\"image\":{\"@id\":\"https:\/\/www.public.sn\/index.php\/2025\/11\/04\/le-president-bassirou-diomaye-faye-annonce-des-reformes-profondes-pour-dynamiser-lenseignement-superieur-au-senegal\/#primaryimage\"},\"thumbnailUrl\":\"https:\/\/www.public.sn\/wp-content\/uploads\/2025\/11\/thumb_1260x800_690a0d8ee9680_REbmoUyvLk.jpg\",\"keywords\":[\"Le pr\u00e9sident Bassirou Diomaye Faye annonce des r\u00e9formes profondes pour dynamiser l\u2019enseignement sup\u00e9rieur au S\u00e9n\u00e9gal\"],\"articleSection\":[\"ACTUALIT\u00c9S\",\"\u00c9DUCATION\",\"S\u00c9N\u00c9GAL\"],\"inLanguage\":\"fr-FR\",\"potentialAction\":[{\"@type\":\"CommentAction\",\"name\":\"Comment\",\"target\":[\"https:\/\/www.public.sn\/index.php\/2025\/11\/04\/le-president-bassirou-diomaye-faye-annonce-des-reformes-profondes-pour-dynamiser-lenseignement-superieur-au-senegal\/#respond\"]}]},{\"@type\":\"WebPage\",\"@id\":\"https:\/\/www.public.sn\/index.php\/2025\/11\/04\/le-president-bassirou-diomaye-faye-annonce-des-reformes-profondes-pour-dynamiser-lenseignement-superieur-au-senegal\/\",\"url\":\"https:\/\/www.public.sn\/index.php\/2025\/11\/04\/le-president-bassirou-diomaye-faye-annonce-des-reformes-profondes-pour-dynamiser-lenseignement-superieur-au-senegal\/\",\"name\":\"Le pr\u00e9sident Bassirou Diomaye Faye annonce des r\u00e9formes profondes pour dynamiser l\u2019enseignement sup\u00e9rieur au S\u00e9n\u00e9gal - LE PUBLIC\",\"isPartOf\":{\"@id\":\"https:\/\/www.public.sn\/#website\"},\"primaryImageOfPage\":{\"@id\":\"https:\/\/www.public.sn\/index.php\/2025\/11\/04\/le-president-bassirou-diomaye-faye-annonce-des-reformes-profondes-pour-dynamiser-lenseignement-superieur-au-senegal\/#primaryimage\"},\"image\":{\"@id\":\"https:\/\/www.public.sn\/index.php\/2025\/11\/04\/le-president-bassirou-diomaye-faye-annonce-des-reformes-profondes-pour-dynamiser-lenseignement-superieur-au-senegal\/#primaryimage\"},\"thumbnailUrl\":\"https:\/\/www.public.sn\/wp-content\/uploads\/2025\/11\/thumb_1260x800_690a0d8ee9680_REbmoUyvLk.jpg\",\"datePublished\":\"2025-11-04T15:38:02+00:00\",\"dateModified\":\"2025-11-04T15:38:29+00:00\",\"breadcrumb\":{\"@id\":\"https:\/\/www.public.sn\/index.php\/2025\/11\/04\/le-president-bassirou-diomaye-faye-annonce-des-reformes-profondes-pour-dynamiser-lenseignement-superieur-au-senegal\/#breadcrumb\"},\"inLanguage\":\"fr-FR\",\"potentialAction\":[{\"@type\":\"ReadAction\",\"target\":[\"https:\/\/www.public.sn\/index.php\/2025\/11\/04\/le-president-bassirou-diomaye-faye-annonce-des-reformes-profondes-pour-dynamiser-lenseignement-superieur-au-senegal\/\"]}]},{\"@type\":\"ImageObject\",\"inLanguage\":\"fr-FR\",\"@id\":\"https:\/\/www.public.sn\/index.php\/2025\/11\/04\/le-president-bassirou-diomaye-faye-annonce-des-reformes-profondes-pour-dynamiser-lenseignement-superieur-au-senegal\/#primaryimage\",\"url\":\"https:\/\/www.public.sn\/wp-content\/uploads\/2025\/11\/thumb_1260x800_690a0d8ee9680_REbmoUyvLk.jpg\",\"contentUrl\":\"https:\/\/www.public.sn\/wp-content\/uploads\/2025\/11\/thumb_1260x800_690a0d8ee9680_REbmoUyvLk.jpg\",\"width\":1260,\"height\":800},{\"@type\":\"BreadcrumbList\",\"@id\":\"https:\/\/www.public.sn\/index.php\/2025\/11\/04\/le-president-bassirou-diomaye-faye-annonce-des-reformes-profondes-pour-dynamiser-lenseignement-superieur-au-senegal\/#breadcrumb\",\"itemListElement\":[{\"@type\":\"ListItem\",\"position\":1,\"name\":\"Accueil\",\"item\":\"https:\/\/www.public.sn\/\"},{\"@type\":\"ListItem\",\"position\":2,\"name\":\"Le pr\u00e9sident Bassirou Diomaye Faye annonce des r\u00e9formes profondes pour dynamiser l\u2019enseignement sup\u00e9rieur au S\u00e9n\u00e9gal\"}]},{\"@type\":\"WebSite\",\"@id\":\"https:\/\/www.public.sn\/#website\",\"url\":\"https:\/\/www.public.sn\/\",\"name\":\"LE PUBLIC\",\"description\":\"\",\"publisher\":{\"@id\":\"https:\/\/www.public.sn\/#organization\"},\"potentialAction\":[{\"@type\":\"SearchAction\",\"target\":{\"@type\":\"EntryPoint\",\"urlTemplate\":\"https:\/\/www.public.sn\/?s={search_term_string}\"},\"query-input\":{\"@type\":\"PropertyValueSpecification\",\"valueRequired\":true,\"valueName\":\"search_term_string\"}}],\"inLanguage\":\"fr-FR\"},{\"@type\":\"Organization\",\"@id\":\"https:\/\/www.public.sn\/#organization\",\"name\":\"LE PUBLIC\",\"url\":\"https:\/\/www.public.sn\/\",\"logo\":{\"@type\":\"ImageObject\",\"inLanguage\":\"fr-FR\",\"@id\":\"https:\/\/www.public.sn\/#\/schema\/logo\/image\/\",\"url\":\"https:\/\/www.public.sn\/wp-content\/uploads\/2024\/05\/cropped-LOGO-PUBLIC.SN_.png\",\"contentUrl\":\"https:\/\/www.public.sn\/wp-content\/uploads\/2024\/05\/cropped-LOGO-PUBLIC.SN_.png\",\"width\":682,\"height\":192,\"caption\":\"LE PUBLIC\"},\"image\":{\"@id\":\"https:\/\/www.public.sn\/#\/schema\/logo\/image\/\"}},{\"@type\":\"Person\",\"@id\":\"https:\/\/www.public.sn\/#\/schema\/person\/cb76c8e1b8becc6be61fb5e92d6d0224\",\"name\":\"LA REDACTION\",\"image\":{\"@type\":\"ImageObject\",\"inLanguage\":\"fr-FR\",\"@id\":\"https:\/\/www.public.sn\/#\/schema\/person\/image\/\",\"url\":\"https:\/\/secure.gravatar.com\/avatar\/2dce5ddd34b8fef0180efe03aa2a9bee7d953856048f9a16b298190a3178407c?s=96&d=mm&r=g\",\"contentUrl\":\"https:\/\/secure.gravatar.com\/avatar\/2dce5ddd34b8fef0180efe03aa2a9bee7d953856048f9a16b298190a3178407c?s=96&d=mm&r=g\",\"caption\":\"LA REDACTION\"},\"url\":\"https:\/\/www.public.sn\/index.php\/author\/editeurpsn\/\"}]}<\/script>\n<!-- \/ Yoast SEO plugin. -->","yoast_head_json":{"title":"Le pr\u00e9sident Bassirou Diomaye Faye annonce des r\u00e9formes profondes pour dynamiser l\u2019enseignement sup\u00e9rieur au S\u00e9n\u00e9gal - LE PUBLIC","robots":{"index":"index","follow":"follow","max-snippet":"max-snippet:-1","max-image-preview":"max-image-preview:large","max-video-preview":"max-video-preview:-1"},"canonical":"https:\/\/www.public.sn\/index.php\/2025\/11\/04\/le-president-bassirou-diomaye-faye-annonce-des-reformes-profondes-pour-dynamiser-lenseignement-superieur-au-senegal\/","og_locale":"fr_FR","og_type":"article","og_title":"Le pr\u00e9sident Bassirou Diomaye Faye annonce des r\u00e9formes profondes pour dynamiser l\u2019enseignement sup\u00e9rieur au S\u00e9n\u00e9gal - LE PUBLIC","og_description":"Lors de la c\u00e9r\u00e9monie d\u2019ouverture de l\u2019Assembl\u00e9e g\u00e9n\u00e9rale de l\u2019Agence universitaire de la Francophonie, tenue hier, le pr\u00e9sident de la R\u00e9publique, Bassirou Diomaye Faye, a d\u00e9voil\u00e9 d\u2019importantes r\u00e9formes destin\u00e9es \u00e0 transformer en profondeur le syst\u00e8me d\u2019enseignement sup\u00e9rieur. \u00ab Des ruptures radicales sont envisag\u00e9es, notamment dans les options de formation, avec une attention particuli\u00e8re port\u00e9e \u00e0 la r\u00e9forme des contenus et \u00e0 la valorisation de l\u2019enseignement des sciences, des techniques et des savoirs endog\u00e8nes \u00bb, a-t-il affirm\u00e9. Ces r\u00e9formes, issues de l\u2019Agenda national de transformation de l\u2019enseignement sup\u00e9rieur, de la recherche et de l\u2019innovation (ANTESRI), visent \u00e0 mieux aligner l\u2019enseignement et la recherche sur les priorit\u00e9s de d\u00e9veloppement \u00e9conomique du pays. Le pr\u00e9sident Faye a soulign\u00e9 le r\u00f4le d\u00e9terminant de l\u2019enseignement sup\u00e9rieur dans la relance des vocations scientifiques, rappelant que la d\u00e9saffection des jeunes Africains pour les fili\u00e8res scientifiques \u00ab n\u2019est pas une fatalit\u00e9 \u00bb. Il a ainsi exhort\u00e9 les acteurs du secteur, autorit\u00e9s, enseignants-chercheurs et chercheurs \u00e0 unir leurs efforts dans un esprit de patriotisme, d\u2019innovation et de cr\u00e9ativit\u00e9, afin de redonner \u00e0 la jeunesse le go\u00fbt des math\u00e9matiques, des sciences et des technologies. Enfin, le chef de l\u2019\u00c9tat a r\u00e9affirm\u00e9 que la Vision S\u00e9n\u00e9gal 2050 accorde une place centrale \u00e0 l\u2019enseignement sup\u00e9rieur, \u00e0 la recherche, \u00e0 la science, \u00e0 la technologie et \u00e0 l\u2019innovation, piliers essentiels du d\u00e9veloppement national.","og_url":"https:\/\/www.public.sn\/index.php\/2025\/11\/04\/le-president-bassirou-diomaye-faye-annonce-des-reformes-profondes-pour-dynamiser-lenseignement-superieur-au-senegal\/","og_site_name":"LE PUBLIC","article_published_time":"2025-11-04T15:38:02+00:00","article_modified_time":"2025-11-04T15:38:29+00:00","og_image":[{"width":1260,"height":800,"url":"https:\/\/www.public.sn\/wp-content\/uploads\/2025\/11\/thumb_1260x800_690a0d8ee9680_REbmoUyvLk.jpg","type":"image\/jpeg"}],"author":"LA REDACTION","twitter_card":"summary_large_image","twitter_misc":{"\u00c9crit par":"LA REDACTION","Dur\u00e9e de lecture estim\u00e9e":"2 minutes"},"schema":{"@context":"https:\/\/schema.org","@graph":[{"@type":"Article","@id":"https:\/\/www.public.sn\/index.php\/2025\/11\/04\/le-president-bassirou-diomaye-faye-annonce-des-reformes-profondes-pour-dynamiser-lenseignement-superieur-au-senegal\/#article","isPartOf":{"@id":"https:\/\/www.public.sn\/index.php\/2025\/11\/04\/le-president-bassirou-diomaye-faye-annonce-des-reformes-profondes-pour-dynamiser-lenseignement-superieur-au-senegal\/"},"author":{"name":"LA REDACTION","@id":"https:\/\/www.public.sn\/#\/schema\/person\/cb76c8e1b8becc6be61fb5e92d6d0224"},"headline":"Le pr\u00e9sident Bassirou Diomaye Faye annonce des r\u00e9formes profondes pour dynamiser l\u2019enseignement sup\u00e9rieur au S\u00e9n\u00e9gal","datePublished":"2025-11-04T15:38:02+00:00","dateModified":"2025-11-04T15:38:29+00:00","mainEntityOfPage":{"@id":"https:\/\/www.public.sn\/index.php\/2025\/11\/04\/le-president-bassirou-diomaye-faye-annonce-des-reformes-profondes-pour-dynamiser-lenseignement-superieur-au-senegal\/"},"wordCount":277,"commentCount":0,"publisher":{"@id":"https:\/\/www.public.sn\/#organization"},"image":{"@id":"https:\/\/www.public.sn\/index.php\/2025\/11\/04\/le-president-bassirou-diomaye-faye-annonce-des-reformes-profondes-pour-dynamiser-lenseignement-superieur-au-senegal\/#primaryimage"},"thumbnailUrl":"https:\/\/www.public.sn\/wp-content\/uploads\/2025\/11\/thumb_1260x800_690a0d8ee9680_REbmoUyvLk.jpg","keywords":["Le pr\u00e9sident Bassirou Diomaye Faye annonce des r\u00e9formes profondes pour dynamiser l\u2019enseignement sup\u00e9rieur au S\u00e9n\u00e9gal"],"articleSection":["ACTUALIT\u00c9S","\u00c9DUCATION","S\u00c9N\u00c9GAL"],"inLanguage":"fr-FR","potentialAction":[{"@type":"CommentAction","name":"Comment","target":["https:\/\/www.public.sn\/index.php\/2025\/11\/04\/le-president-bassirou-diomaye-faye-annonce-des-reformes-profondes-pour-dynamiser-lenseignement-superieur-au-senegal\/#respond"]}]},{"@type":"WebPage","@id":"https:\/\/www.public.sn\/index.php\/2025\/11\/04\/le-president-bassirou-diomaye-faye-annonce-des-reformes-profondes-pour-dynamiser-lenseignement-superieur-au-senegal\/","url":"https:\/\/www.public.sn\/index.php\/2025\/11\/04\/le-president-bassirou-diomaye-faye-annonce-des-reformes-profondes-pour-dynamiser-lenseignement-superieur-au-senegal\/","name":"Le pr\u00e9sident Bassirou Diomaye Faye annonce des r\u00e9formes profondes pour dynamiser l\u2019enseignement sup\u00e9rieur au S\u00e9n\u00e9gal - LE PUBLIC","isPartOf":{"@id":"https:\/\/www.public.sn\/#website"},"primaryImageOfPage":{"@id":"https:\/\/www.public.sn\/index.php\/2025\/11\/04\/le-president-bassirou-diomaye-faye-annonce-des-reformes-profondes-pour-dynamiser-lenseignement-superieur-au-senegal\/#primaryimage"},"image":{"@id":"https:\/\/www.public.sn\/index.php\/2025\/11\/04\/le-president-bassirou-diomaye-faye-annonce-des-reformes-profondes-pour-dynamiser-lenseignement-superieur-au-senegal\/#primaryimage"},"thumbnailUrl":"https:\/\/www.public.sn\/wp-content\/uploads\/2025\/11\/thumb_1260x800_690a0d8ee9680_REbmoUyvLk.jpg","datePublished":"2025-11-04T15:38:02+00:00","dateModified":"2025-11-04T15:38:29+00:00","breadcrumb":{"@id":"https:\/\/www.public.sn\/index.php\/2025\/11\/04\/le-president-bassirou-diomaye-faye-annonce-des-reformes-profondes-pour-dynamiser-lenseignement-superieur-au-senegal\/#breadcrumb"},"inLanguage":"fr-FR","potentialAction":[{"@type":"ReadAction","target":["https:\/\/www.public.sn\/index.php\/2025\/11\/04\/le-president-bassirou-diomaye-faye-annonce-des-reformes-profondes-pour-dynamiser-lenseignement-superieur-au-senegal\/"]}]},{"@type":"ImageObject","inLanguage":"fr-FR","@id":"https:\/\/www.public.sn\/index.php\/2025\/11\/04\/le-president-bassirou-diomaye-faye-annonce-des-reformes-profondes-pour-dynamiser-lenseignement-superieur-au-senegal\/#primaryimage","url":"https:\/\/www.public.sn\/wp-content\/uploads\/2025\/11\/thumb_1260x800_690a0d8ee9680_REbmoUyvLk.jpg","contentUrl":"https:\/\/www.public.sn\/wp-content\/uploads\/2025\/11\/thumb_1260x800_690a0d8ee9680_REbmoUyvLk.jpg","width":1260,"height":800},{"@type":"BreadcrumbList","@id":"https:\/\/www.public.sn\/index.php\/2025\/11\/04\/le-president-bassirou-diomaye-faye-annonce-des-reformes-profondes-pour-dynamiser-lenseignement-superieur-au-senegal\/#breadcrumb","itemListElement":[{"@type":"ListItem","position":1,"name":"Accueil","item":"https:\/\/www.public.sn\/"},{"@type":"ListItem","position":2,"name":"Le pr\u00e9sident Bassirou Diomaye Faye annonce des r\u00e9formes profondes pour dynamiser l\u2019enseignement sup\u00e9rieur au S\u00e9n\u00e9gal"}]},{"@type":"WebSite","@id":"https:\/\/www.public.sn\/#website","url":"https:\/\/www.public.sn\/","name":"LE PUBLIC","description":"","publisher":{"@id":"https:\/\/www.public.sn\/#organization"},"potentialAction":[{"@type":"SearchAction","target":{"@type":"EntryPoint","urlTemplate":"https:\/\/www.public.sn\/?s={search_term_string}"},"query-input":{"@type":"PropertyValueSpecification","valueRequired":true,"valueName":"search_term_string"}}],"inLanguage":"fr-FR"},{"@type":"Organization","@id":"https:\/\/www.public.sn\/#organization","name":"LE PUBLIC","url":"https:\/\/www.public.sn\/","logo":{"@type":"ImageObject","inLanguage":"fr-FR","@id":"https:\/\/www.public.sn\/#\/schema\/logo\/image\/","url":"https:\/\/www.public.sn\/wp-content\/uploads\/2024\/05\/cropped-LOGO-PUBLIC.SN_.png","contentUrl":"https:\/\/www.public.sn\/wp-content\/uploads\/2024\/05\/cropped-LOGO-PUBLIC.SN_.png","width":682,"height":192,"caption":"LE PUBLIC"},"image":{"@id":"https:\/\/www.public.sn\/#\/schema\/logo\/image\/"}},{"@type":"Person","@id":"https:\/\/www.public.sn\/#\/schema\/person\/cb76c8e1b8becc6be61fb5e92d6d0224","name":"LA REDACTION","image":{"@type":"ImageObject","inLanguage":"fr-FR","@id":"https:\/\/www.public.sn\/#\/schema\/person\/image\/","url":"https:\/\/secure.gravatar.com\/avatar\/2dce5ddd34b8fef0180efe03aa2a9bee7d953856048f9a16b298190a3178407c?s=96&d=mm&r=g","contentUrl":"https:\/\/secure.gravatar.com\/avatar\/2dce5ddd34b8fef0180efe03aa2a9bee7d953856048f9a16b298190a3178407c?s=96&d=mm&r=g","caption":"LA REDACTION"},"url":"https:\/\/www.public.sn\/index.php\/author\/editeurpsn\/"}]}},"jetpack_featured_media_url":"https:\/\/www.public.sn\/wp-content\/uploads\/2025\/11\/thumb_1260x800_690a0d8ee9680_REbmoUyvLk.jpg","jetpack_sharing_enabled":true,"_links":{"self":[{"href":"https:\/\/www.public.sn\/index.php\/wp-json\/wp\/v2\/posts\/37956","targetHints":{"allow":["GET"]}}],"collection":[{"href":"https:\/\/www.public.sn\/index.php\/wp-json\/wp\/v2\/posts"}],"about":[{"href":"https:\/\/www.public.sn\/index.php\/wp-json\/wp\/v2\/types\/post"}],"author":[{"embeddable":true,"href":"https:\/\/www.public.sn\/index.php\/wp-json\/wp\/v2\/users\/7"}],"replies":[{"embeddable":true,"href":"https:\/\/www.public.sn\/index.php\/wp-json\/wp\/v2\/comments?post=37956"}],"version-history":[{"count":2,"href":"https:\/\/www.public.sn\/index.php\/wp-json\/wp\/v2\/posts\/37956\/revisions"}],"predecessor-version":[{"id":37960,"href":"https:\/\/www.public.sn\/index.php\/wp-json\/wp\/v2\/posts\/37956\/revisions\/37960"}],"wp:featuredmedia":[{"embeddable":true,"href":"https:\/\/www.public.sn\/index.php\/wp-json\/wp\/v2\/media\/37957"}],"wp:attachment":[{"href":"https:\/\/www.public.sn\/index.php\/wp-json\/wp\/v2\/media?parent=37956"}],"wp:term":[{"taxonomy":"category","embeddable":true,"href":"https:\/\/www.public.sn\/index.php\/wp-json\/wp\/v2\/categories?post=37956"},{"taxonomy":"post_tag","embeddable":true,"href":"https:\/\/www.public.sn\/index.php\/wp-json\/wp\/v2\/tags?post=37956"}],"curies":[{"name":"wp","href":"https:\/\/api.w.org\/{rel}","templated":true}]}}