{"id":37969,"date":"2025-11-05T13:48:11","date_gmt":"2025-11-05T13:48:11","guid":{"rendered":"https:\/\/www.public.sn\/?p=37969"},"modified":"2025-11-05T13:48:40","modified_gmt":"2025-11-05T13:48:40","slug":"le-senegal-releve-la-limite-dage-des-vehicules-doccasion-importes","status":"publish","type":"post","link":"https:\/\/www.public.sn\/index.php\/2025\/11\/05\/le-senegal-releve-la-limite-dage-des-vehicules-doccasion-importes\/","title":{"rendered":"Le S\u00e9n\u00e9gal rel\u00e8ve la limite d\u2019\u00e2ge des v\u00e9hicules d\u2019occasion import\u00e9s"},"content":{"rendered":"\n<p>Le <strong>vendredi 1er ao\u00fbt 2025<\/strong>, lors de la pr\u00e9sentation du <strong>Plan de redressement \u00e9conomique et social (PRES)<\/strong>, le Premier ministre <strong>Ousmane Sonko<\/strong> avait annonc\u00e9 le <strong>rel\u00e8vement de la limite d\u2019\u00e2ge des v\u00e9hicules d\u2019occasion import\u00e9s<\/strong> au S\u00e9n\u00e9gal : d\u00e9sormais, elle passe de <strong>8 \u00e0 10 ans pour les v\u00e9hicules particuliers<\/strong> et de <strong>10 \u00e0 15 ans pour les camions<\/strong>. Cette d\u00e9cision r\u00e9pond \u00e0 une <strong>forte demande de la diaspora s\u00e9n\u00e9galaise<\/strong>, soucieuse de faciliter l\u2019exp\u00e9dition de v\u00e9hicules vers le pays.<\/p><div class=\"publi-paragraphe1\" style=\"margin-top: 10px;margin-bottom: 10px;margin-left: auto;margin-right: auto;text-align: center;\" id=\"publi-2794296615\"><div class=\"publi-adlabel\">Publicit\u00e9<\/div><script async src=\"\/\/pagead2.googlesyndication.com\/pagead\/js\/adsbygoogle.js?client=ca-pub-4089586018074219\" crossorigin=\"anonymous\"><\/script><ins class=\"adsbygoogle\" style=\"display:block;\" data-ad-client=\"ca-pub-4089586018074219\" \ndata-ad-slot=\"2087940154\" \ndata-ad-format=\"auto\"><\/ins>\n<script> \n(adsbygoogle = window.adsbygoogle || []).push({}); \n<\/script>\n<\/div>\n\n\n\n<p>Bonne nouvelle pour les int\u00e9ress\u00e9s : le <strong>d\u00e9cret officialisant cette mesure<\/strong> a \u00e9t\u00e9 <strong>sign\u00e9 le 24 octobre 2025<\/strong> par le <strong>Pr\u00e9sident de la R\u00e9publique<\/strong>.<\/p>\n\n\n<div class=\"wp-block-image\">\n<figure class=\"aligncenter size-large\"><img fetchpriority=\"high\" decoding=\"async\" width=\"478\" height=\"1024\" src=\"https:\/\/www.public.sn\/wp-content\/uploads\/2025\/11\/690b44363a5fa_qgxpzNNX3M-1-478x1024.jpg\" alt=\"\" class=\"wp-image-37971\" srcset=\"https:\/\/www.public.sn\/wp-content\/uploads\/2025\/11\/690b44363a5fa_qgxpzNNX3M-1-478x1024.jpg 478w, https:\/\/www.public.sn\/wp-content\/uploads\/2025\/11\/690b44363a5fa_qgxpzNNX3M-1-140x300.jpg 140w, https:\/\/www.public.sn\/wp-content\/uploads\/2025\/11\/690b44363a5fa_qgxpzNNX3M-1-600x1285.jpg 600w, https:\/\/www.public.sn\/wp-content\/uploads\/2025\/11\/690b44363a5fa_qgxpzNNX3M-1.jpg 714w\" sizes=\"(max-width: 478px) 100vw, 478px\" \/><\/figure>\n<\/div>\n\n\n<p>Ce texte modifie l\u2019article 3 du d\u00e9cret n\u00b0 2001-72 du 26 janvier 2001 relatif \u00e0 l\u2019importation des v\u00e9hicules, cycles et cyclomoteurs usag\u00e9s. Il pr\u00e9cise que <strong>l\u2019importation des v\u00e9hicules de tourisme de plus de dix (10) ans<\/strong> et <strong>des v\u00e9hicules utilitaires de moins de 3,5 tonnes PTAC de plus de dix (10) ans<\/strong> demeure interdite, tandis que <strong>les camions de transport de marchandises peuvent d\u00e9sormais \u00eatre import\u00e9s jusqu\u2019\u00e0 quinze (15) ans d\u2019\u00e2ge<\/strong>.<\/p>\n\n\n\n<p>Selon le gouvernement, cette r\u00e9forme vise \u00e0 <strong>trouver un \u00e9quilibre entre le renouvellement du parc automobile national, la protection de l\u2019environnement et les besoins \u00e9conomiques des S\u00e9n\u00e9galais de l\u2019ext\u00e9rieur<\/strong>. Le d\u00e9cret sera publi\u00e9 prochainement au <em>Journal officiel<\/em>.<\/p>\n\n\n\n<hr class=\"wp-block-separator has-alpha-channel-opacity\"\/>\n<div class=\"publi-apres-le-contenu\" style=\"margin-top: 10px;margin-bottom: 10px;margin-left: auto;margin-right: auto;text-align: center;\" id=\"publi-1035665940\"><div class=\"publi-adlabel\">Publicit\u00e9<\/div><script async src=\"\/\/pagead2.googlesyndication.com\/pagead\/js\/adsbygoogle.js?client=ca-pub-4089586018074219\" crossorigin=\"anonymous\"><\/script><ins class=\"adsbygoogle\" style=\"display:block;\" data-ad-client=\"ca-pub-4089586018074219\" \ndata-ad-slot=\"2087940154\" \ndata-ad-format=\"auto\"><\/ins>\n<script> \n(adsbygoogle = window.adsbygoogle || []).push({}); \n<\/script>\n<\/div>","protected":false},"excerpt":{"rendered":"<p>Le vendredi 1er ao\u00fbt 2025, lors de la pr\u00e9sentation du Plan de redressement \u00e9conomique et social (PRES), le Premier ministre Ousmane Sonko avait annonc\u00e9 le rel\u00e8vement de la limite d\u2019\u00e2ge des v\u00e9hicules d\u2019occasion import\u00e9s au S\u00e9n\u00e9gal : d\u00e9sormais, elle passe de 8 \u00e0 10 ans pour les v\u00e9hicules particuliers et de 10 \u00e0 15 ans pour les camions. Cette d\u00e9cision r\u00e9pond \u00e0 une forte demande de la diaspora s\u00e9n\u00e9galaise, soucieuse de faciliter l\u2019exp\u00e9dition de v\u00e9hicules vers le pays. Bonne nouvelle pour les int\u00e9ress\u00e9s : le d\u00e9cret officialisant cette mesure a \u00e9t\u00e9 sign\u00e9 le 24 octobre 2025 par le Pr\u00e9sident de la R\u00e9publique. Ce texte modifie l\u2019article 3 du d\u00e9cret n\u00b0 2001-72 du 26 janvier 2001 relatif \u00e0 l\u2019importation des v\u00e9hicules, cycles et cyclomoteurs usag\u00e9s. Il pr\u00e9cise que l\u2019importation des v\u00e9hicules de tourisme de plus de dix (10) ans et des v\u00e9hicules utilitaires de moins de 3,5 tonnes PTAC de plus de dix (10) ans demeure interdite, tandis que les camions de transport de marchandises peuvent d\u00e9sormais \u00eatre import\u00e9s jusqu\u2019\u00e0 quinze (15) ans d\u2019\u00e2ge. Selon le gouvernement, cette r\u00e9forme vise \u00e0 trouver un \u00e9quilibre entre le renouvellement du parc automobile national, la protection de l\u2019environnement et les besoins \u00e9conomiques des S\u00e9n\u00e9galais de l\u2019ext\u00e9rieur. Le d\u00e9cret sera publi\u00e9 prochainement au Journal officiel.<\/p>\n","protected":false},"author":7,"featured_media":37972,"comment_status":"open","ping_status":"open","sticky":false,"template":"","format":"standard","meta":{"_jetpack_memberships_contains_paid_content":false,"footnotes":""},"categories":[375,3],"tags":[],"class_list":["post-37969","post","type-post","status-publish","format-standard","has-post-thumbnail","hentry","category-actualites","category-politique","entry","has-media","owp-thumbs-layout-horizontal","owp-btn-normal","owp-tabs-layout-horizontal","has-no-thumbnails","has-product-nav"],"yoast_head":"<!-- This site is optimized with the Yoast SEO plugin v25.5 - https:\/\/yoast.com\/wordpress\/plugins\/seo\/ -->\n<title>Le S\u00e9n\u00e9gal rel\u00e8ve la limite d\u2019\u00e2ge des v\u00e9hicules d\u2019occasion import\u00e9s - LE PUBLIC<\/title>\n<meta name=\"robots\" content=\"index, follow, max-snippet:-1, max-image-preview:large, max-video-preview:-1\" \/>\n<link rel=\"canonical\" href=\"https:\/\/www.public.sn\/index.php\/2025\/11\/05\/le-senegal-releve-la-limite-dage-des-vehicules-doccasion-importes\/\" \/>\n<meta property=\"og:locale\" content=\"fr_FR\" \/>\n<meta property=\"og:type\" content=\"article\" \/>\n<meta property=\"og:title\" content=\"Le S\u00e9n\u00e9gal rel\u00e8ve la limite d\u2019\u00e2ge des v\u00e9hicules d\u2019occasion import\u00e9s - LE PUBLIC\" \/>\n<meta property=\"og:description\" content=\"Le vendredi 1er ao\u00fbt 2025, lors de la pr\u00e9sentation du Plan de redressement \u00e9conomique et social (PRES), le Premier ministre Ousmane Sonko avait annonc\u00e9 le rel\u00e8vement de la limite d\u2019\u00e2ge des v\u00e9hicules d\u2019occasion import\u00e9s au S\u00e9n\u00e9gal : d\u00e9sormais, elle passe de 8 \u00e0 10 ans pour les v\u00e9hicules particuliers et de 10 \u00e0 15 ans pour les camions. Cette d\u00e9cision r\u00e9pond \u00e0 une forte demande de la diaspora s\u00e9n\u00e9galaise, soucieuse de faciliter l\u2019exp\u00e9dition de v\u00e9hicules vers le pays. Bonne nouvelle pour les int\u00e9ress\u00e9s : le d\u00e9cret officialisant cette mesure a \u00e9t\u00e9 sign\u00e9 le 24 octobre 2025 par le Pr\u00e9sident de la R\u00e9publique. Ce texte modifie l\u2019article 3 du d\u00e9cret n\u00b0 2001-72 du 26 janvier 2001 relatif \u00e0 l\u2019importation des v\u00e9hicules, cycles et cyclomoteurs usag\u00e9s. Il pr\u00e9cise que l\u2019importation des v\u00e9hicules de tourisme de plus de dix (10) ans et des v\u00e9hicules utilitaires de moins de 3,5 tonnes PTAC de plus de dix (10) ans demeure interdite, tandis que les camions de transport de marchandises peuvent d\u00e9sormais \u00eatre import\u00e9s jusqu\u2019\u00e0 quinze (15) ans d\u2019\u00e2ge. Selon le gouvernement, cette r\u00e9forme vise \u00e0 trouver un \u00e9quilibre entre le renouvellement du parc automobile national, la protection de l\u2019environnement et les besoins \u00e9conomiques des S\u00e9n\u00e9galais de l\u2019ext\u00e9rieur. Le d\u00e9cret sera publi\u00e9 prochainement au Journal officiel.\" \/>\n<meta property=\"og:url\" content=\"https:\/\/www.public.sn\/index.php\/2025\/11\/05\/le-senegal-releve-la-limite-dage-des-vehicules-doccasion-importes\/\" \/>\n<meta property=\"og:site_name\" content=\"LE PUBLIC\" \/>\n<meta property=\"article:published_time\" content=\"2025-11-05T13:48:11+00:00\" \/>\n<meta property=\"article:modified_time\" content=\"2025-11-05T13:48:40+00:00\" \/>\n<meta property=\"og:image\" content=\"https:\/\/www.public.sn\/wp-content\/uploads\/2025\/11\/Capture-decran-2025-11-05-a-13.45.52.png\" \/>\n\t<meta property=\"og:image:width\" content=\"390\" \/>\n\t<meta property=\"og:image:height\" content=\"242\" \/>\n\t<meta property=\"og:image:type\" content=\"image\/png\" \/>\n<meta name=\"author\" content=\"LA REDACTION\" \/>\n<meta name=\"twitter:card\" content=\"summary_large_image\" \/>\n<meta name=\"twitter:label1\" content=\"\u00c9crit par\" \/>\n\t<meta name=\"twitter:data1\" content=\"LA REDACTION\" \/>\n\t<meta name=\"twitter:label2\" content=\"Dur\u00e9e de lecture estim\u00e9e\" \/>\n\t<meta name=\"twitter:data2\" content=\"2 minutes\" \/>\n<script type=\"application\/ld+json\" class=\"yoast-schema-graph\">{\"@context\":\"https:\/\/schema.org\",\"@graph\":[{\"@type\":\"Article\",\"@id\":\"https:\/\/www.public.sn\/index.php\/2025\/11\/05\/le-senegal-releve-la-limite-dage-des-vehicules-doccasion-importes\/#article\",\"isPartOf\":{\"@id\":\"https:\/\/www.public.sn\/index.php\/2025\/11\/05\/le-senegal-releve-la-limite-dage-des-vehicules-doccasion-importes\/\"},\"author\":{\"name\":\"LA REDACTION\",\"@id\":\"https:\/\/www.public.sn\/#\/schema\/person\/cb76c8e1b8becc6be61fb5e92d6d0224\"},\"headline\":\"Le S\u00e9n\u00e9gal rel\u00e8ve la limite d\u2019\u00e2ge des v\u00e9hicules d\u2019occasion import\u00e9s\",\"datePublished\":\"2025-11-05T13:48:11+00:00\",\"dateModified\":\"2025-11-05T13:48:40+00:00\",\"mainEntityOfPage\":{\"@id\":\"https:\/\/www.public.sn\/index.php\/2025\/11\/05\/le-senegal-releve-la-limite-dage-des-vehicules-doccasion-importes\/\"},\"wordCount\":248,\"commentCount\":0,\"publisher\":{\"@id\":\"https:\/\/www.public.sn\/#organization\"},\"image\":{\"@id\":\"https:\/\/www.public.sn\/index.php\/2025\/11\/05\/le-senegal-releve-la-limite-dage-des-vehicules-doccasion-importes\/#primaryimage\"},\"thumbnailUrl\":\"https:\/\/www.public.sn\/wp-content\/uploads\/2025\/11\/Capture-decran-2025-11-05-a-13.45.52.png\",\"articleSection\":[\"ACTUALIT\u00c9S\",\"POLITIQUE\"],\"inLanguage\":\"fr-FR\",\"potentialAction\":[{\"@type\":\"CommentAction\",\"name\":\"Comment\",\"target\":[\"https:\/\/www.public.sn\/index.php\/2025\/11\/05\/le-senegal-releve-la-limite-dage-des-vehicules-doccasion-importes\/#respond\"]}]},{\"@type\":\"WebPage\",\"@id\":\"https:\/\/www.public.sn\/index.php\/2025\/11\/05\/le-senegal-releve-la-limite-dage-des-vehicules-doccasion-importes\/\",\"url\":\"https:\/\/www.public.sn\/index.php\/2025\/11\/05\/le-senegal-releve-la-limite-dage-des-vehicules-doccasion-importes\/\",\"name\":\"Le S\u00e9n\u00e9gal rel\u00e8ve la limite d\u2019\u00e2ge des v\u00e9hicules d\u2019occasion import\u00e9s - LE PUBLIC\",\"isPartOf\":{\"@id\":\"https:\/\/www.public.sn\/#website\"},\"primaryImageOfPage\":{\"@id\":\"https:\/\/www.public.sn\/index.php\/2025\/11\/05\/le-senegal-releve-la-limite-dage-des-vehicules-doccasion-importes\/#primaryimage\"},\"image\":{\"@id\":\"https:\/\/www.public.sn\/index.php\/2025\/11\/05\/le-senegal-releve-la-limite-dage-des-vehicules-doccasion-importes\/#primaryimage\"},\"thumbnailUrl\":\"https:\/\/www.public.sn\/wp-content\/uploads\/2025\/11\/Capture-decran-2025-11-05-a-13.45.52.png\",\"datePublished\":\"2025-11-05T13:48:11+00:00\",\"dateModified\":\"2025-11-05T13:48:40+00:00\",\"breadcrumb\":{\"@id\":\"https:\/\/www.public.sn\/index.php\/2025\/11\/05\/le-senegal-releve-la-limite-dage-des-vehicules-doccasion-importes\/#breadcrumb\"},\"inLanguage\":\"fr-FR\",\"potentialAction\":[{\"@type\":\"ReadAction\",\"target\":[\"https:\/\/www.public.sn\/index.php\/2025\/11\/05\/le-senegal-releve-la-limite-dage-des-vehicules-doccasion-importes\/\"]}]},{\"@type\":\"ImageObject\",\"inLanguage\":\"fr-FR\",\"@id\":\"https:\/\/www.public.sn\/index.php\/2025\/11\/05\/le-senegal-releve-la-limite-dage-des-vehicules-doccasion-importes\/#primaryimage\",\"url\":\"https:\/\/www.public.sn\/wp-content\/uploads\/2025\/11\/Capture-decran-2025-11-05-a-13.45.52.png\",\"contentUrl\":\"https:\/\/www.public.sn\/wp-content\/uploads\/2025\/11\/Capture-decran-2025-11-05-a-13.45.52.png\",\"width\":390,\"height\":242},{\"@type\":\"BreadcrumbList\",\"@id\":\"https:\/\/www.public.sn\/index.php\/2025\/11\/05\/le-senegal-releve-la-limite-dage-des-vehicules-doccasion-importes\/#breadcrumb\",\"itemListElement\":[{\"@type\":\"ListItem\",\"position\":1,\"name\":\"Accueil\",\"item\":\"https:\/\/www.public.sn\/\"},{\"@type\":\"ListItem\",\"position\":2,\"name\":\"Le S\u00e9n\u00e9gal rel\u00e8ve la limite d\u2019\u00e2ge des v\u00e9hicules d\u2019occasion import\u00e9s\"}]},{\"@type\":\"WebSite\",\"@id\":\"https:\/\/www.public.sn\/#website\",\"url\":\"https:\/\/www.public.sn\/\",\"name\":\"LE PUBLIC\",\"description\":\"\",\"publisher\":{\"@id\":\"https:\/\/www.public.sn\/#organization\"},\"potentialAction\":[{\"@type\":\"SearchAction\",\"target\":{\"@type\":\"EntryPoint\",\"urlTemplate\":\"https:\/\/www.public.sn\/?s={search_term_string}\"},\"query-input\":{\"@type\":\"PropertyValueSpecification\",\"valueRequired\":true,\"valueName\":\"search_term_string\"}}],\"inLanguage\":\"fr-FR\"},{\"@type\":\"Organization\",\"@id\":\"https:\/\/www.public.sn\/#organization\",\"name\":\"LE PUBLIC\",\"url\":\"https:\/\/www.public.sn\/\",\"logo\":{\"@type\":\"ImageObject\",\"inLanguage\":\"fr-FR\",\"@id\":\"https:\/\/www.public.sn\/#\/schema\/logo\/image\/\",\"url\":\"https:\/\/www.public.sn\/wp-content\/uploads\/2024\/05\/cropped-LOGO-PUBLIC.SN_.png\",\"contentUrl\":\"https:\/\/www.public.sn\/wp-content\/uploads\/2024\/05\/cropped-LOGO-PUBLIC.SN_.png\",\"width\":682,\"height\":192,\"caption\":\"LE PUBLIC\"},\"image\":{\"@id\":\"https:\/\/www.public.sn\/#\/schema\/logo\/image\/\"}},{\"@type\":\"Person\",\"@id\":\"https:\/\/www.public.sn\/#\/schema\/person\/cb76c8e1b8becc6be61fb5e92d6d0224\",\"name\":\"LA REDACTION\",\"image\":{\"@type\":\"ImageObject\",\"inLanguage\":\"fr-FR\",\"@id\":\"https:\/\/www.public.sn\/#\/schema\/person\/image\/\",\"url\":\"https:\/\/secure.gravatar.com\/avatar\/2dce5ddd34b8fef0180efe03aa2a9bee7d953856048f9a16b298190a3178407c?s=96&d=mm&r=g\",\"contentUrl\":\"https:\/\/secure.gravatar.com\/avatar\/2dce5ddd34b8fef0180efe03aa2a9bee7d953856048f9a16b298190a3178407c?s=96&d=mm&r=g\",\"caption\":\"LA REDACTION\"},\"url\":\"https:\/\/www.public.sn\/index.php\/author\/editeurpsn\/\"}]}<\/script>\n<!-- \/ Yoast SEO plugin. -->","yoast_head_json":{"title":"Le S\u00e9n\u00e9gal rel\u00e8ve la limite d\u2019\u00e2ge des v\u00e9hicules d\u2019occasion import\u00e9s - LE PUBLIC","robots":{"index":"index","follow":"follow","max-snippet":"max-snippet:-1","max-image-preview":"max-image-preview:large","max-video-preview":"max-video-preview:-1"},"canonical":"https:\/\/www.public.sn\/index.php\/2025\/11\/05\/le-senegal-releve-la-limite-dage-des-vehicules-doccasion-importes\/","og_locale":"fr_FR","og_type":"article","og_title":"Le S\u00e9n\u00e9gal rel\u00e8ve la limite d\u2019\u00e2ge des v\u00e9hicules d\u2019occasion import\u00e9s - LE PUBLIC","og_description":"Le vendredi 1er ao\u00fbt 2025, lors de la pr\u00e9sentation du Plan de redressement \u00e9conomique et social (PRES), le Premier ministre Ousmane Sonko avait annonc\u00e9 le rel\u00e8vement de la limite d\u2019\u00e2ge des v\u00e9hicules d\u2019occasion import\u00e9s au S\u00e9n\u00e9gal : d\u00e9sormais, elle passe de 8 \u00e0 10 ans pour les v\u00e9hicules particuliers et de 10 \u00e0 15 ans pour les camions. Cette d\u00e9cision r\u00e9pond \u00e0 une forte demande de la diaspora s\u00e9n\u00e9galaise, soucieuse de faciliter l\u2019exp\u00e9dition de v\u00e9hicules vers le pays. Bonne nouvelle pour les int\u00e9ress\u00e9s : le d\u00e9cret officialisant cette mesure a \u00e9t\u00e9 sign\u00e9 le 24 octobre 2025 par le Pr\u00e9sident de la R\u00e9publique. Ce texte modifie l\u2019article 3 du d\u00e9cret n\u00b0 2001-72 du 26 janvier 2001 relatif \u00e0 l\u2019importation des v\u00e9hicules, cycles et cyclomoteurs usag\u00e9s. Il pr\u00e9cise que l\u2019importation des v\u00e9hicules de tourisme de plus de dix (10) ans et des v\u00e9hicules utilitaires de moins de 3,5 tonnes PTAC de plus de dix (10) ans demeure interdite, tandis que les camions de transport de marchandises peuvent d\u00e9sormais \u00eatre import\u00e9s jusqu\u2019\u00e0 quinze (15) ans d\u2019\u00e2ge. Selon le gouvernement, cette r\u00e9forme vise \u00e0 trouver un \u00e9quilibre entre le renouvellement du parc automobile national, la protection de l\u2019environnement et les besoins \u00e9conomiques des S\u00e9n\u00e9galais de l\u2019ext\u00e9rieur. Le d\u00e9cret sera publi\u00e9 prochainement au Journal officiel.","og_url":"https:\/\/www.public.sn\/index.php\/2025\/11\/05\/le-senegal-releve-la-limite-dage-des-vehicules-doccasion-importes\/","og_site_name":"LE PUBLIC","article_published_time":"2025-11-05T13:48:11+00:00","article_modified_time":"2025-11-05T13:48:40+00:00","og_image":[{"width":390,"height":242,"url":"https:\/\/www.public.sn\/wp-content\/uploads\/2025\/11\/Capture-decran-2025-11-05-a-13.45.52.png","type":"image\/png"}],"author":"LA REDACTION","twitter_card":"summary_large_image","twitter_misc":{"\u00c9crit par":"LA REDACTION","Dur\u00e9e de lecture estim\u00e9e":"2 minutes"},"schema":{"@context":"https:\/\/schema.org","@graph":[{"@type":"Article","@id":"https:\/\/www.public.sn\/index.php\/2025\/11\/05\/le-senegal-releve-la-limite-dage-des-vehicules-doccasion-importes\/#article","isPartOf":{"@id":"https:\/\/www.public.sn\/index.php\/2025\/11\/05\/le-senegal-releve-la-limite-dage-des-vehicules-doccasion-importes\/"},"author":{"name":"LA REDACTION","@id":"https:\/\/www.public.sn\/#\/schema\/person\/cb76c8e1b8becc6be61fb5e92d6d0224"},"headline":"Le S\u00e9n\u00e9gal rel\u00e8ve la limite d\u2019\u00e2ge des v\u00e9hicules d\u2019occasion import\u00e9s","datePublished":"2025-11-05T13:48:11+00:00","dateModified":"2025-11-05T13:48:40+00:00","mainEntityOfPage":{"@id":"https:\/\/www.public.sn\/index.php\/2025\/11\/05\/le-senegal-releve-la-limite-dage-des-vehicules-doccasion-importes\/"},"wordCount":248,"commentCount":0,"publisher":{"@id":"https:\/\/www.public.sn\/#organization"},"image":{"@id":"https:\/\/www.public.sn\/index.php\/2025\/11\/05\/le-senegal-releve-la-limite-dage-des-vehicules-doccasion-importes\/#primaryimage"},"thumbnailUrl":"https:\/\/www.public.sn\/wp-content\/uploads\/2025\/11\/Capture-decran-2025-11-05-a-13.45.52.png","articleSection":["ACTUALIT\u00c9S","POLITIQUE"],"inLanguage":"fr-FR","potentialAction":[{"@type":"CommentAction","name":"Comment","target":["https:\/\/www.public.sn\/index.php\/2025\/11\/05\/le-senegal-releve-la-limite-dage-des-vehicules-doccasion-importes\/#respond"]}]},{"@type":"WebPage","@id":"https:\/\/www.public.sn\/index.php\/2025\/11\/05\/le-senegal-releve-la-limite-dage-des-vehicules-doccasion-importes\/","url":"https:\/\/www.public.sn\/index.php\/2025\/11\/05\/le-senegal-releve-la-limite-dage-des-vehicules-doccasion-importes\/","name":"Le S\u00e9n\u00e9gal rel\u00e8ve la limite d\u2019\u00e2ge des v\u00e9hicules d\u2019occasion import\u00e9s - LE PUBLIC","isPartOf":{"@id":"https:\/\/www.public.sn\/#website"},"primaryImageOfPage":{"@id":"https:\/\/www.public.sn\/index.php\/2025\/11\/05\/le-senegal-releve-la-limite-dage-des-vehicules-doccasion-importes\/#primaryimage"},"image":{"@id":"https:\/\/www.public.sn\/index.php\/2025\/11\/05\/le-senegal-releve-la-limite-dage-des-vehicules-doccasion-importes\/#primaryimage"},"thumbnailUrl":"https:\/\/www.public.sn\/wp-content\/uploads\/2025\/11\/Capture-decran-2025-11-05-a-13.45.52.png","datePublished":"2025-11-05T13:48:11+00:00","dateModified":"2025-11-05T13:48:40+00:00","breadcrumb":{"@id":"https:\/\/www.public.sn\/index.php\/2025\/11\/05\/le-senegal-releve-la-limite-dage-des-vehicules-doccasion-importes\/#breadcrumb"},"inLanguage":"fr-FR","potentialAction":[{"@type":"ReadAction","target":["https:\/\/www.public.sn\/index.php\/2025\/11\/05\/le-senegal-releve-la-limite-dage-des-vehicules-doccasion-importes\/"]}]},{"@type":"ImageObject","inLanguage":"fr-FR","@id":"https:\/\/www.public.sn\/index.php\/2025\/11\/05\/le-senegal-releve-la-limite-dage-des-vehicules-doccasion-importes\/#primaryimage","url":"https:\/\/www.public.sn\/wp-content\/uploads\/2025\/11\/Capture-decran-2025-11-05-a-13.45.52.png","contentUrl":"https:\/\/www.public.sn\/wp-content\/uploads\/2025\/11\/Capture-decran-2025-11-05-a-13.45.52.png","width":390,"height":242},{"@type":"BreadcrumbList","@id":"https:\/\/www.public.sn\/index.php\/2025\/11\/05\/le-senegal-releve-la-limite-dage-des-vehicules-doccasion-importes\/#breadcrumb","itemListElement":[{"@type":"ListItem","position":1,"name":"Accueil","item":"https:\/\/www.public.sn\/"},{"@type":"ListItem","position":2,"name":"Le S\u00e9n\u00e9gal rel\u00e8ve la limite d\u2019\u00e2ge des v\u00e9hicules d\u2019occasion import\u00e9s"}]},{"@type":"WebSite","@id":"https:\/\/www.public.sn\/#website","url":"https:\/\/www.public.sn\/","name":"LE PUBLIC","description":"","publisher":{"@id":"https:\/\/www.public.sn\/#organization"},"potentialAction":[{"@type":"SearchAction","target":{"@type":"EntryPoint","urlTemplate":"https:\/\/www.public.sn\/?s={search_term_string}"},"query-input":{"@type":"PropertyValueSpecification","valueRequired":true,"valueName":"search_term_string"}}],"inLanguage":"fr-FR"},{"@type":"Organization","@id":"https:\/\/www.public.sn\/#organization","name":"LE PUBLIC","url":"https:\/\/www.public.sn\/","logo":{"@type":"ImageObject","inLanguage":"fr-FR","@id":"https:\/\/www.public.sn\/#\/schema\/logo\/image\/","url":"https:\/\/www.public.sn\/wp-content\/uploads\/2024\/05\/cropped-LOGO-PUBLIC.SN_.png","contentUrl":"https:\/\/www.public.sn\/wp-content\/uploads\/2024\/05\/cropped-LOGO-PUBLIC.SN_.png","width":682,"height":192,"caption":"LE PUBLIC"},"image":{"@id":"https:\/\/www.public.sn\/#\/schema\/logo\/image\/"}},{"@type":"Person","@id":"https:\/\/www.public.sn\/#\/schema\/person\/cb76c8e1b8becc6be61fb5e92d6d0224","name":"LA REDACTION","image":{"@type":"ImageObject","inLanguage":"fr-FR","@id":"https:\/\/www.public.sn\/#\/schema\/person\/image\/","url":"https:\/\/secure.gravatar.com\/avatar\/2dce5ddd34b8fef0180efe03aa2a9bee7d953856048f9a16b298190a3178407c?s=96&d=mm&r=g","contentUrl":"https:\/\/secure.gravatar.com\/avatar\/2dce5ddd34b8fef0180efe03aa2a9bee7d953856048f9a16b298190a3178407c?s=96&d=mm&r=g","caption":"LA REDACTION"},"url":"https:\/\/www.public.sn\/index.php\/author\/editeurpsn\/"}]}},"jetpack_featured_media_url":"https:\/\/www.public.sn\/wp-content\/uploads\/2025\/11\/Capture-decran-2025-11-05-a-13.45.52.png","jetpack_sharing_enabled":true,"_links":{"self":[{"href":"https:\/\/www.public.sn\/index.php\/wp-json\/wp\/v2\/posts\/37969","targetHints":{"allow":["GET"]}}],"collection":[{"href":"https:\/\/www.public.sn\/index.php\/wp-json\/wp\/v2\/posts"}],"about":[{"href":"https:\/\/www.public.sn\/index.php\/wp-json\/wp\/v2\/types\/post"}],"author":[{"embeddable":true,"href":"https:\/\/www.public.sn\/index.php\/wp-json\/wp\/v2\/users\/7"}],"replies":[{"embeddable":true,"href":"https:\/\/www.public.sn\/index.php\/wp-json\/wp\/v2\/comments?post=37969"}],"version-history":[{"count":2,"href":"https:\/\/www.public.sn\/index.php\/wp-json\/wp\/v2\/posts\/37969\/revisions"}],"predecessor-version":[{"id":37974,"href":"https:\/\/www.public.sn\/index.php\/wp-json\/wp\/v2\/posts\/37969\/revisions\/37974"}],"wp:featuredmedia":[{"embeddable":true,"href":"https:\/\/www.public.sn\/index.php\/wp-json\/wp\/v2\/media\/37972"}],"wp:attachment":[{"href":"https:\/\/www.public.sn\/index.php\/wp-json\/wp\/v2\/media?parent=37969"}],"wp:term":[{"taxonomy":"category","embeddable":true,"href":"https:\/\/www.public.sn\/index.php\/wp-json\/wp\/v2\/categories?post=37969"},{"taxonomy":"post_tag","embeddable":true,"href":"https:\/\/www.public.sn\/index.php\/wp-json\/wp\/v2\/tags?post=37969"}],"curies":[{"name":"wp","href":"https:\/\/api.w.org\/{rel}","templated":true}]}}